{"id":3977,"date":"2017-09-27T15:43:58","date_gmt":"2017-09-27T13:43:58","guid":{"rendered":"https:\/\/www.raum-blick.de\/magazin\/?p=3977"},"modified":"2022-05-24T19:15:26","modified_gmt":"2022-05-24T17:15:26","slug":"wintergartenmoebel-aus-holz","status":"publish","type":"post","link":"https:\/\/raum-blick.de\/magazin\/wintergartenmoebel-aus-holz\/","title":{"rendered":"Wintergartenm\u00f6bel aus Holz"},"content":{"rendered":"<h2><span class=\"ez-toc-section\" id=\"%C2%AB_Schoene_Einrichtungsideen_fuer_den_Wintergarten_%C2%BB\"><\/span>\u00ab Sch\u00f6ne Einrichtungsideen f\u00fcr den Wintergarten \u00bb<span class=\"ez-toc-section-end\"><\/span><\/h2>\n<p style=\"text-align: justify;\"><strong>Das ganze Jahr hindurch inmitten florierendem Gr\u00fcn verweilen und eine sch\u00f6ne Aussicht auf die eigene Gartenpracht genie\u00dfen \u2013 mit einem Wintergarten ist das kein Problem. Dabei ist nicht nur die stimmige Auswahl passender Pflanzen wichtig, auch geeigneten Wintergartenm\u00f6beln kommt eine gro\u00dfe Bedeutung zu. Entscheiden Sie sich beim Einrichten f\u00fcr M\u00f6bel aus Holz, setzen Sie zudem auf ein nat\u00fcrliches Ambiente, das \u2013 erg\u00e4nzt um dekorative Details \u2013 mit viel Charme zu begeistern wei\u00df.<\/strong><\/p>\n<h2><span class=\"ez-toc-section\" id=\"Wintergartenmoebel_aus_Holz_verspruehen_besonderes_Flair\"><\/span>Wintergartenm\u00f6bel aus Holz verspr\u00fchen besonderes Flair<span class=\"ez-toc-section-end\"><\/span><\/h2>\n<p style=\"text-align: justify;\">Ein Wintergarten erweitert die Wohnwelt auf vielf\u00e4ltige Weise. Er ist eine lichtdurchflutete R\u00e4umlichkeit, die Abwechslung ins Zuhause bringt und es erm\u00f6glicht, sich im nat\u00fcrlichen Umfeld aufzuhalten und doch wohlige W\u00e4rme zu genie\u00dfen, auch wenn es drau\u00dfen regnet oder schneit. Bei der allt\u00e4glichen Kaffeepause ist das legere und naturnahe Ambiente ebenso inspirierend wie beim ungezwungenen Dinner mit Freunden, bei kreativen Hobbys oder beim Brainstorming f\u00fcr ein berufliches Projekt. Damit all diese Bed\u00fcrfnisse trotz des begrenzten Platzangebots ber\u00fccksichtigt werden, ben\u00f6tigen Sie zum Einrichten ein durchdachtes Konzept.<\/p><div id=\"ez-toc-container\" class=\"ez-toc-v2_0_82_2 counter-hierarchy ez-toc-counter ez-toc-grey ez-toc-container-direction\">\n<div class=\"ez-toc-title-container\">\n<p class=\"ez-toc-title\" style=\"cursor:inherit\">Was hier auf Sie wartet<\/p>\n<span class=\"ez-toc-title-toggle\"><a href=\"#\" class=\"ez-toc-pull-right ez-toc-btn ez-toc-btn-xs ez-toc-btn-default ez-toc-toggle\" aria-label=\"Toggle Table of Content\"><span class=\"ez-toc-js-icon-con\"><span class=\"\"><span class=\"eztoc-hide\" style=\"display:none;\">Toggle<\/span><span class=\"ez-toc-icon-toggle-span\"><svg style=\"fill: #999;color:#999\" xmlns=\"http:\/\/www.w3.org\/2000\/svg\" class=\"list-377408\" width=\"20px\" height=\"20px\" viewBox=\"0 0 24 24\" fill=\"none\"><path d=\"M6 6H4v2h2V6zm14 0H8v2h12V6zM4 11h2v2H4v-2zm16 0H8v2h12v-2zM4 16h2v2H4v-2zm16 0H8v2h12v-2z\" fill=\"currentColor\"><\/path><\/svg><svg style=\"fill: #999;color:#999\" class=\"arrow-unsorted-368013\" xmlns=\"http:\/\/www.w3.org\/2000\/svg\" width=\"10px\" height=\"10px\" viewBox=\"0 0 24 24\" version=\"1.2\" baseProfile=\"tiny\"><path d=\"M18.2 9.3l-6.2-6.3-6.2 6.3c-.2.2-.3.4-.3.7s.1.5.3.7c.2.2.4.3.7.3h11c.3 0 .5-.1.7-.3.2-.2.3-.5.3-.7s-.1-.5-.3-.7zM5.8 14.7l6.2 6.3 6.2-6.3c.2-.2.3-.5.3-.7s-.1-.5-.3-.7c-.2-.2-.4-.3-.7-.3h-11c-.3 0-.5.1-.7.3-.2.2-.3.5-.3.7s.1.5.3.7z\"\/><\/svg><\/span><\/span><\/span><\/a><\/span><\/div>\n<nav><ul class='ez-toc-list ez-toc-list-level-1 ' ><li class='ez-toc-page-1 ez-toc-heading-level-2'><a class=\"ez-toc-link ez-toc-heading-1\" href=\"https:\/\/raum-blick.de\/magazin\/wintergartenmoebel-aus-holz\/#%C2%AB_Schoene_Einrichtungsideen_fuer_den_Wintergarten_%C2%BB\" >\u00ab Sch\u00f6ne Einrichtungsideen f\u00fcr den Wintergarten \u00bb<\/a><\/li><li class='ez-toc-page-1 ez-toc-heading-level-2'><a class=\"ez-toc-link ez-toc-heading-2\" href=\"https:\/\/raum-blick.de\/magazin\/wintergartenmoebel-aus-holz\/#Wintergartenmoebel_aus_Holz_verspruehen_besonderes_Flair\" >Wintergartenm\u00f6bel aus Holz verspr\u00fchen besonderes Flair<\/a><\/li><li class='ez-toc-page-1 ez-toc-heading-level-2'><a class=\"ez-toc-link ez-toc-heading-3\" href=\"https:\/\/raum-blick.de\/magazin\/wintergartenmoebel-aus-holz\/#Wintergartenmoebel_fuer_die_Ruhezone_mit_Ausblick\" >Wintergartenm\u00f6bel f\u00fcr die Ruhezone mit Ausblick<\/a><\/li><li class='ez-toc-page-1 ez-toc-heading-level-2'><a class=\"ez-toc-link ez-toc-heading-4\" href=\"https:\/\/raum-blick.de\/magazin\/wintergartenmoebel-aus-holz\/#Erstellen_Sie_eine_gemuetliche_Sitzgruppe_aus_Holz\" >Erstellen Sie eine gem\u00fctliche Sitzgruppe aus Holz<\/a><\/li><li class='ez-toc-page-1 ez-toc-heading-level-2'><a class=\"ez-toc-link ez-toc-heading-5\" href=\"https:\/\/raum-blick.de\/magazin\/wintergartenmoebel-aus-holz\/#Wintergartenmoebel_aus_Holz_fuer_die_Urlaubsstimmung_daheim\" >Wintergartenm\u00f6bel aus Holz f\u00fcr die Urlaubsstimmung daheim<\/a><\/li><li class='ez-toc-page-1 ez-toc-heading-level-2'><a class=\"ez-toc-link ez-toc-heading-6\" href=\"https:\/\/raum-blick.de\/magazin\/wintergartenmoebel-aus-holz\/#Dekorative_Akzente_runden_das_Ambiente_ab\" >Dekorative Akzente runden das Ambiente ab<\/a><\/li><\/ul><\/nav><\/div>\n\n<p><a href=\"https:\/\/www.raum-blick.de\/skagerak-cutter-hocker\"><img loading=\"lazy\" decoding=\"async\" class=\"aligncenter wp-image-4003 size-full\" title=\"Hocker &quot;Cutter&quot; von Skagerak\" src=\"https:\/\/www.raum-blick.de\/magazin\/wp-content\/uploads\/2017\/09\/Hocker-Cutter-von-Skagerak.jpg\" alt=\"Hocker Cutter von Skagerak\" width=\"600\" height=\"600\" srcset=\"https:\/\/raum-blick.de\/magazin\/wp-content\/uploads\/2017\/09\/Hocker-Cutter-von-Skagerak.jpg 600w, https:\/\/raum-blick.de\/magazin\/wp-content\/uploads\/2017\/09\/Hocker-Cutter-von-Skagerak-150x150.jpg 150w, https:\/\/raum-blick.de\/magazin\/wp-content\/uploads\/2017\/09\/Hocker-Cutter-von-Skagerak-300x300.jpg 300w\" sizes=\"(max-width: 600px) 100vw, 600px\" \/><\/a><\/p>\n<p style=\"text-align: justify;\">Interessant sind praktisch designte Wintergartenm\u00f6bel, die zu einer Gr\u00fcnanlage im Freien ebenso passen wie zur stilvollen Raumgestaltung im Innenbereich. Kollektionen aus Holz erinnern an weite W\u00e4lder und begeistern mit einem urigen Charme, der zugleich hochwertig anmutet. Deshalb wirken Holzm\u00f6bel auf der Terrasse besonders ansprechend und tragen im Wintergarten zu der nat\u00fcrlichen Brise bei, die Sie sich w\u00fcnschen.<\/p>\n<h2><span class=\"ez-toc-section\" id=\"Wintergartenmoebel_fuer_die_Ruhezone_mit_Ausblick\"><\/span>Wintergartenm\u00f6bel f\u00fcr die Ruhezone mit Ausblick<span class=\"ez-toc-section-end\"><\/span><\/h2>\n<p style=\"text-align: justify;\">Gitter aus Holz mit Ranken und gro\u00dfe Pflanzen tragen nicht nur dazu bei, dass sattes Gr\u00fcn die Innenausstattung pr\u00e4gt. Sie eignen sich auch hervorragend daf\u00fcr, den Raum mit Blick auf die unterschiedlichen Bed\u00fcrfnisse zu unterteilen. Richten Sie fern vom Eingang und umgeben von den \u00fcppigen Resultaten Ihres gr\u00fcnen Daumens mit passenden Wintergartenm\u00f6beln einem Ruhebereich ein, der sich f\u00fcr einen Mittagsschlaf ebenso empfiehlt wie f\u00fcr die Lesestunde. Wer sich in diesen regenerierenden Momenten f\u00fchlen m\u00f6chte wie auf dem Sonnendeck eines Kreuzfahrtschiffs, entscheidet sich gegen einen herk\u00f6mmlichen Sessel. Weitaus begehrenswerter scheint ein eleganter Liegestuhl aus Teakholz, der mit seiner Bequemlichkeit rundum \u00fcberzeugt.<\/p>\n<p><a href=\"https:\/\/www.raum-blick.de\/steamer-liegestuhl-skagerak\"><img loading=\"lazy\" decoding=\"async\" class=\"aligncenter wp-image-4000 size-full\" title=\"Liegestuhl &quot;Steamer&quot; von Skagerak\" src=\"https:\/\/www.raum-blick.de\/magazin\/wp-content\/uploads\/2017\/09\/Liegestuhl-Steamer-von-Skagerak.jpg\" alt=\"Liegestuhl Steamer von Skagerak\" width=\"600\" height=\"450\" srcset=\"https:\/\/raum-blick.de\/magazin\/wp-content\/uploads\/2017\/09\/Liegestuhl-Steamer-von-Skagerak.jpg 600w, https:\/\/raum-blick.de\/magazin\/wp-content\/uploads\/2017\/09\/Liegestuhl-Steamer-von-Skagerak-300x225.jpg 300w\" sizes=\"(max-width: 600px) 100vw, 600px\" \/><\/a><\/p>\n<p style=\"text-align: justify;\">Eine gelungene Erg\u00e4nzung f\u00fcr die Ruheoase sind die Skagerak Cutter B\u00e4nke und <a href=\"https:\/\/www.raum-blick.de\/skagerak-cutter-hocker\">Skagerak Cutter Hocker<\/a>, die mit ihren Lamellen am Design der klassischen Holzm\u00f6bel f\u00fcr den Au\u00dfenbereich ankn\u00fcpfen. Die formsch\u00f6nen Multitalente aus Teak eignen sich als Beistelltisch f\u00fcr Getr\u00e4nke, als Ablage f\u00fcr B\u00fccher und als Sitzgelegenheit. So ber\u00fccksichtigen Sie mit wenigen Objekten viele Bed\u00fcrfnisse, wenn Sie Ihren Wintergarten einrichten.<\/p>\n<p><img loading=\"lazy\" decoding=\"async\" class=\"aligncenter wp-image-4005 size-full\" title=\"Bank &quot;Cutter&quot; von Skagerak\" src=\"https:\/\/www.raum-blick.de\/magazin\/wp-content\/uploads\/2017\/09\/Bank-Cutter-von-Skagerak.jpg\" alt=\"Bank Cutter von Skagerak\" width=\"600\" height=\"600\" srcset=\"https:\/\/raum-blick.de\/magazin\/wp-content\/uploads\/2017\/09\/Bank-Cutter-von-Skagerak.jpg 600w, https:\/\/raum-blick.de\/magazin\/wp-content\/uploads\/2017\/09\/Bank-Cutter-von-Skagerak-150x150.jpg 150w, https:\/\/raum-blick.de\/magazin\/wp-content\/uploads\/2017\/09\/Bank-Cutter-von-Skagerak-300x300.jpg 300w\" sizes=\"(max-width: 600px) 100vw, 600px\" \/><\/p>\n<p style=\"text-align: justify;\">Am besten platzieren Sie den Deckchair und die flexibel einsetzbaren Wintergartenm\u00f6bel so, dass Sie beim Relaxen durch die Fensterfronten Ihre Au\u00dfenanlage bewundern k\u00f6nnen. Mit diesem Panorama beansprucht es gewiss nur wenige Minuten, um den Stress des Alltags hinter sich zu lassen und die Pause gen\u00fcsslich auszukosten.<\/p>\n<h2><span class=\"ez-toc-section\" id=\"Erstellen_Sie_eine_gemuetliche_Sitzgruppe_aus_Holz\"><\/span>Erstellen Sie eine gem\u00fctliche Sitzgruppe aus Holz<span class=\"ez-toc-section-end\"><\/span><\/h2>\n<p style=\"text-align: justify;\">Der luftig-legere Wohnbereich ist wie geschaffen f\u00fcr kulinarische Momente oder die aktive Freizeitgestaltung. Deshalb ist in einem anderen Bereich des Raumes eine Sitzecke begr\u00fc\u00dfenswert. Es kommt dem stimmigen Gesamteindruck zugute, wenn auch diese Wintergartenm\u00f6bel aus Holz gefertigt sind.<\/p>\n<p><a href=\"https:\/\/www.raum-blick.de\/skagerak-vendia-tisch\"><img loading=\"lazy\" decoding=\"async\" class=\"aligncenter wp-image-3992 size-full\" title=\"Tisch &quot;Vendia&quot; von Skagerak\" src=\"https:\/\/www.raum-blick.de\/magazin\/wp-content\/uploads\/2017\/09\/Tisch-Vendia-von-Skagerak.jpg\" alt=\"Tisch Vendia von Skagerak\" width=\"600\" height=\"600\" srcset=\"https:\/\/raum-blick.de\/magazin\/wp-content\/uploads\/2017\/09\/Tisch-Vendia-von-Skagerak.jpg 600w, https:\/\/raum-blick.de\/magazin\/wp-content\/uploads\/2017\/09\/Tisch-Vendia-von-Skagerak-150x150.jpg 150w, https:\/\/raum-blick.de\/magazin\/wp-content\/uploads\/2017\/09\/Tisch-Vendia-von-Skagerak-300x300.jpg 300w\" sizes=\"(max-width: 600px) 100vw, 600px\" \/><\/a><\/p>\n<p style=\"text-align: justify;\">F\u00fcr die kleine Kaffeetafel oder das romantische Dinner zu zweit gen\u00fcgt der runde Tisch Vendia mit passenden St\u00fchlen vollkommen. Durch einen leichten Schwung bei den Tischbeinen und Stuhlbeinen gelingt es, dass die rustikalen Klassiker f\u00fcr den Garten weniger derb als \u00fcblich wirken und mit einer legeren Eleganz erfreuen.<\/p>\n<p><img loading=\"lazy\" decoding=\"async\" class=\"aligncenter wp-image-3995 size-full\" title=\"Stuhl BALCONY von Weish\u00e4upl\" src=\"https:\/\/www.raum-blick.de\/magazin\/wp-content\/uploads\/2017\/09\/Stuhl-BALCONY-von-Weishaeupl.jpg\" alt=\"Stuhl BALCONY von Weishaeupl\" width=\"600\" height=\"600\" srcset=\"https:\/\/raum-blick.de\/magazin\/wp-content\/uploads\/2017\/09\/Stuhl-BALCONY-von-Weishaeupl.jpg 600w, https:\/\/raum-blick.de\/magazin\/wp-content\/uploads\/2017\/09\/Stuhl-BALCONY-von-Weishaeupl-150x150.jpg 150w, https:\/\/raum-blick.de\/magazin\/wp-content\/uploads\/2017\/09\/Stuhl-BALCONY-von-Weishaeupl-300x300.jpg 300w\" sizes=\"(max-width: 600px) 100vw, 600px\" \/><\/p>\n<p style=\"text-align: justify;\">Das nat\u00fcrliche Charisma von Massivholz trifft bei der Kollektion Balcony von Weish\u00e4upl auf die k\u00fchle Nuance von Edelstahl, wodurch die Holzm\u00f6bel etwas moderner und leichter anmuten. Der eckige Tisch und die stapelbaren St\u00fchle der Serie sind ideal, wenn Sie eine flexible Sitzecke im Wintergarten einrichten m\u00f6chten.<\/p>\n<p><img loading=\"lazy\" decoding=\"async\" class=\"aligncenter wp-image-3996 size-full\" title=\"Tisch BALCONY von Weish\u00e4upl\" src=\"https:\/\/www.raum-blick.de\/magazin\/wp-content\/uploads\/2017\/09\/Tisch-BALCONY-von-Weishaeupl.jpg\" alt=\"Tisch BALCONY von Weishaeupl\" width=\"600\" height=\"600\" srcset=\"https:\/\/raum-blick.de\/magazin\/wp-content\/uploads\/2017\/09\/Tisch-BALCONY-von-Weishaeupl.jpg 600w, https:\/\/raum-blick.de\/magazin\/wp-content\/uploads\/2017\/09\/Tisch-BALCONY-von-Weishaeupl-150x150.jpg 150w, https:\/\/raum-blick.de\/magazin\/wp-content\/uploads\/2017\/09\/Tisch-BALCONY-von-Weishaeupl-300x300.jpg 300w\" sizes=\"(max-width: 600px) 100vw, 600px\" \/><\/p>\n<p style=\"text-align: justify;\">Im Alltag gen\u00fcgt vielleicht die halbe Tischplatte, wodurch sich mehr Freifl\u00e4che ergibt. Steht eine Bastelstunde, eine B\u00fcroarbeit oder ein Dinner mit Freunden an, l\u00e4sst sich die Tafel spontan vergr\u00f6\u00dfern. So kommt das Interieur verschiedensten Nutzungsmustern entgegen, ohne dass Sie viele Wintergartenm\u00f6bel integrieren m\u00fcssen, die eine beengte Atmosph\u00e4re entstehen lassen k\u00f6nnten.<\/p>\n<h2><span class=\"ez-toc-section\" id=\"Wintergartenmoebel_aus_Holz_fuer_die_Urlaubsstimmung_daheim\"><\/span>Wintergartenm\u00f6bel aus Holz f\u00fcr die Urlaubsstimmung daheim<span class=\"ez-toc-section-end\"><\/span><\/h2>\n<p style=\"text-align: justify;\">Wer nicht gerade zu den erfahrenen Hobbyg\u00e4rtnern geh\u00f6rt, sollte sich bei der Begr\u00fcnung im Wintergarten von einem Experten beraten lassen. Denn f\u00fcr die optimale Auswahl und Platzierung der Pflanzen kommt es beispielsweise darauf an, zu welchen Tageszeiten der Raum von der Sonne erfasst oder ob dieser Bereich im Winter beheizt wird. Beim Arrangement ist generell wichtig, dass m\u00f6glichst alle Ebenen durch die H\u00f6he der Gew\u00e4chse, die Nutzung von Blumenampeln oder die Integration von Regalen erschlossen werden. Au\u00dferdem k\u00f6nnen Sie bei der Bepflanzung steuern, ob Wintergartenm\u00f6bel aus Holz beispielsweise von der tropischen Pracht der Karibik oder einer mediterranen Brise umgeben sind.<\/p>\n<p><img loading=\"lazy\" decoding=\"async\" class=\"aligncenter wp-image-3989 size-full\" title=\"Blument\u00f6pfe &quot;stonegrey&quot; von Eva Solo\" src=\"https:\/\/www.raum-blick.de\/magazin\/wp-content\/uploads\/2017\/09\/Blumentoepfe-stonegrey-von-Eva-Solo.jpg\" alt=\"Blumentoepfe stonegrey von Eva Solo\" width=\"600\" height=\"600\" srcset=\"https:\/\/raum-blick.de\/magazin\/wp-content\/uploads\/2017\/09\/Blumentoepfe-stonegrey-von-Eva-Solo.jpg 600w, https:\/\/raum-blick.de\/magazin\/wp-content\/uploads\/2017\/09\/Blumentoepfe-stonegrey-von-Eva-Solo-150x150.jpg 150w, https:\/\/raum-blick.de\/magazin\/wp-content\/uploads\/2017\/09\/Blumentoepfe-stonegrey-von-Eva-Solo-300x300.jpg 300w\" sizes=\"(max-width: 600px) 100vw, 600px\" \/><\/p>\n<p style=\"text-align: justify;\">Gesellen sich zur Kokospalme einige Kaffeestr\u00e4ucher, eine rankende Bougainvillee und ein traumhaft bl\u00fchender Hibiskus, scheint die S\u00fcdsee zum Greifen nahe. Tr\u00e4umen Sie eher von einem sonnigen Tag in der Toskana, d\u00fcrfen die silbrig gl\u00e4nzende Olive, die zarten Bl\u00fcten der Zistrose, duftender Jasmin und aromatische Kr\u00e4uter wie Rosmarin nicht fehlen. Platz finden die botanischen Dekorationen im Eva Solo Blumentopf.<\/p>\n<h2><span class=\"ez-toc-section\" id=\"Dekorative_Akzente_runden_das_Ambiente_ab\"><\/span>Dekorative Akzente runden das Ambiente ab<span class=\"ez-toc-section-end\"><\/span><\/h2>\n<p style=\"text-align: justify;\">Wenngleich die Wintergartenm\u00f6bel mit den charismatischen Holzoberfl\u00e4chen bereits zum angenehmen Ambiente beitragen, sollten Sie auf eine dekorative Signatur nicht verzichten. Zum Interieur aus massivem Holz und einem mediterranen Stil passen Accessoires aus Naturmaterialien wunderbar.<\/p>\n<p><a href=\"https:\/\/www.raum-blick.de\/dania-box-skagerak\"><img loading=\"lazy\" decoding=\"async\" class=\"aligncenter wp-image-3984 size-full\" title=\"Box &quot;Dania&quot; von Skagerak\" src=\"https:\/\/www.raum-blick.de\/magazin\/wp-content\/uploads\/2017\/09\/Box-Dania-von-Skagerak.jpg\" alt=\"Box Dania von Skagerak\" width=\"600\" height=\"600\" srcset=\"https:\/\/raum-blick.de\/magazin\/wp-content\/uploads\/2017\/09\/Box-Dania-von-Skagerak.jpg 600w, https:\/\/raum-blick.de\/magazin\/wp-content\/uploads\/2017\/09\/Box-Dania-von-Skagerak-150x150.jpg 150w, https:\/\/raum-blick.de\/magazin\/wp-content\/uploads\/2017\/09\/Box-Dania-von-Skagerak-300x300.jpg 300w\" sizes=\"(max-width: 600px) 100vw, 600px\" \/><\/a><\/p>\n<p style=\"text-align: justify;\">Die Box Dania erinnert an Holzkisten, in denen die Bauern frisch geerntetes Gem\u00fcse und Obst transportieren. Es spricht aber auch nichts dagegen, in den rustikalen Beh\u00e4ltern Weinflaschen, Zeitschriften, B\u00fccher oder saisonale Gestecke zu arrangieren.<\/p>\n<p><a href=\"https:\/\/www.raum-blick.de\/weinlicht-side-by-side\"><img loading=\"lazy\" decoding=\"async\" class=\"aligncenter wp-image-3985 size-full\" title=\"Weinlicht von side-by-side\" src=\"https:\/\/www.raum-blick.de\/magazin\/wp-content\/uploads\/2017\/09\/Weinlicht-von-side-by-side.jpg\" alt=\"Weinlicht von side-by-side\" width=\"600\" height=\"600\" srcset=\"https:\/\/raum-blick.de\/magazin\/wp-content\/uploads\/2017\/09\/Weinlicht-von-side-by-side.jpg 600w, https:\/\/raum-blick.de\/magazin\/wp-content\/uploads\/2017\/09\/Weinlicht-von-side-by-side-150x150.jpg 150w, https:\/\/raum-blick.de\/magazin\/wp-content\/uploads\/2017\/09\/Weinlicht-von-side-by-side-300x300.jpg 300w\" sizes=\"(max-width: 600px) 100vw, 600px\" \/><\/a><\/p>\n<p style=\"text-align: justify;\">An die vorz\u00fcglichen Tropfen der s\u00fcdeurop\u00e4ischen Winzer erinnert das Weinlicht, mit dem Sie an gem\u00fctlichen Abenden den Esstisch im Wintergarten aufwerten k\u00f6nnen. So erzielen Sie beim Einrichten eine individuelle Signatur, ohne dass die Dekoration der sch\u00f6nen Begr\u00fcnung die Hauptrolle streitig macht.<\/p>\n","protected":false},"excerpt":{"rendered":"<p>\u00ab Sch\u00f6ne Einrichtungsideen f\u00fcr den Wintergarten \u00bb Das ganze Jahr hindurch inmitten florierendem Gr\u00fcn verweilen und eine sch\u00f6ne Aussicht auf die eigene Gartenpracht genie\u00dfen \u2013 mit einem Wintergarten ist das kein Problem. Dabei ist nicht nur die stimmige Auswahl passender Pflanzen wichtig, auch geeigneten Wintergartenm\u00f6beln kommt eine gro\u00dfe Bedeutung zu. Entscheiden Sie sich beim Einrichten [&hellip;]<\/p>\n","protected":false},"author":4,"featured_media":4007,"comment_status":"closed","ping_status":"open","sticky":false,"template":"","format":"standard","meta":{"_et_pb_use_builder":"","_et_pb_old_content":"","_et_gb_content_width":"","inline_featured_image":false,"footnotes":""},"categories":[1],"tags":[157,51,153,449,18,158,381,95,133,19,154,64,55,343,63,448,447],"class_list":["post-3977","post","type-post","status-publish","format-standard","has-post-thumbnail","hentry","category-drinnen","tag-baenke","tag-blumentoepfe","tag-boxen","tag-einrichtungsideen","tag-eva-solo","tag-hocker","tag-holzmoebel","tag-liegestuehle","tag-side-by-side","tag-skagerak","tag-skagerak-cutter","tag-stuehle","tag-tische","tag-weinlicht","tag-weishaeupl","tag-wintergarten","tag-wintergartenmoebel"],"_links":{"self":[{"href":"https:\/\/raum-blick.de\/magazin\/wp-json\/wp\/v2\/posts\/3977","targetHints":{"allow":["GET"]}}],"collection":[{"href":"https:\/\/raum-blick.de\/magazin\/wp-json\/wp\/v2\/posts"}],"about":[{"href":"https:\/\/raum-blick.de\/magazin\/wp-json\/wp\/v2\/types\/post"}],"author":[{"embeddable":true,"href":"https:\/\/raum-blick.de\/magazin\/wp-json\/wp\/v2\/users\/4"}],"replies":[{"embeddable":true,"href":"https:\/\/raum-blick.de\/magazin\/wp-json\/wp\/v2\/comments?post=3977"}],"version-history":[{"count":25,"href":"https:\/\/raum-blick.de\/magazin\/wp-json\/wp\/v2\/posts\/3977\/revisions"}],"predecessor-version":[{"id":16300,"href":"https:\/\/raum-blick.de\/magazin\/wp-json\/wp\/v2\/posts\/3977\/revisions\/16300"}],"wp:featuredmedia":[{"embeddable":true,"href":"https:\/\/raum-blick.de\/magazin\/wp-json\/wp\/v2\/media\/4007"}],"wp:attachment":[{"href":"https:\/\/raum-blick.de\/magazin\/wp-json\/wp\/v2\/media?parent=3977"}],"wp:term":[{"taxonomy":"category","embeddable":true,"href":"https:\/\/raum-blick.de\/magazin\/wp-json\/wp\/v2\/categories?post=3977"},{"taxonomy":"post_tag","embeddable":true,"href":"https:\/\/raum-blick.de\/magazin\/wp-json\/wp\/v2\/tags?post=3977"}],"curies":[{"name":"wp","href":"https:\/\/api.w.org\/{rel}","templated":true}]}}