{"id":397,"date":"2016-06-08T16:15:09","date_gmt":"2016-06-08T14:15:09","guid":{"rendered":"https:\/\/www.raum-blick.de\/magazin\/?p=397"},"modified":"2022-02-23T11:48:08","modified_gmt":"2022-02-23T10:48:08","slug":"flos","status":"publish","type":"post","link":"https:\/\/raum-blick.de\/magazin\/flos\/","title":{"rendered":"Flos"},"content":{"rendered":"<h2><span class=\"ez-toc-section\" id=\"%C2%AB_Mit_Designer_Marcel_Wanders_im_Skygarden_%C2%BB\"><\/span>\u00ab Mit Designer Marcel Wanders im Skygarden \u00bb<span class=\"ez-toc-section-end\"><\/span><\/h2>\n<p style=\"text-align: justify;\"><strong>Der Niederl\u00e4nder Marcel Wanders gilt als Ausnahmetalent was Interieur-Designs angeht. Lesen Sie was den Designer zu seiner Flos-Leuchte Skygarden inspirierte, welche Philosophie er verfolgt und was das Multitalent so vielseitig und einzigartig macht.<\/strong><\/p>\n<div id=\"attachment_426\" style=\"width: 610px\" class=\"wp-caption alignnone\"><img loading=\"lazy\" decoding=\"async\" aria-describedby=\"caption-attachment-426\" class=\"wp-image-426 size-full\" title=\"Marcel Wanders - niederl\u00e4ndischer Designer\" src=\"https:\/\/www.raum-blick.de\/magazin\/wp-content\/uploads\/2016\/07\/Marcel-Wanders-e1465397359362.jpg\" alt=\"@wikipedia \u2013 Marcel Wanders\" width=\"600\" height=\"675\" srcset=\"https:\/\/raum-blick.de\/magazin\/wp-content\/uploads\/2016\/07\/Marcel-Wanders-e1465397359362.jpg 600w, https:\/\/raum-blick.de\/magazin\/wp-content\/uploads\/2016\/07\/Marcel-Wanders-e1465397359362-267x300.jpg 267w\" sizes=\"(max-width: 600px) 100vw, 600px\" \/><p id=\"caption-attachment-426\" class=\"wp-caption-text\">@wikipedia \u2013 Marcel Wanders<\/p><div id=\"ez-toc-container\" class=\"ez-toc-v2_0_82_2 counter-hierarchy ez-toc-counter ez-toc-grey ez-toc-container-direction\">\n<div class=\"ez-toc-title-container\">\n<p class=\"ez-toc-title\" style=\"cursor:inherit\">Was hier auf Sie wartet<\/p>\n<span class=\"ez-toc-title-toggle\"><a href=\"#\" class=\"ez-toc-pull-right ez-toc-btn ez-toc-btn-xs ez-toc-btn-default ez-toc-toggle\" aria-label=\"Toggle Table of Content\"><span class=\"ez-toc-js-icon-con\"><span class=\"\"><span class=\"eztoc-hide\" style=\"display:none;\">Toggle<\/span><span class=\"ez-toc-icon-toggle-span\"><svg style=\"fill: #999;color:#999\" xmlns=\"http:\/\/www.w3.org\/2000\/svg\" class=\"list-377408\" width=\"20px\" height=\"20px\" viewBox=\"0 0 24 24\" fill=\"none\"><path d=\"M6 6H4v2h2V6zm14 0H8v2h12V6zM4 11h2v2H4v-2zm16 0H8v2h12v-2zM4 16h2v2H4v-2zm16 0H8v2h12v-2z\" fill=\"currentColor\"><\/path><\/svg><svg style=\"fill: #999;color:#999\" class=\"arrow-unsorted-368013\" xmlns=\"http:\/\/www.w3.org\/2000\/svg\" width=\"10px\" height=\"10px\" viewBox=\"0 0 24 24\" version=\"1.2\" baseProfile=\"tiny\"><path d=\"M18.2 9.3l-6.2-6.3-6.2 6.3c-.2.2-.3.4-.3.7s.1.5.3.7c.2.2.4.3.7.3h11c.3 0 .5-.1.7-.3.2-.2.3-.5.3-.7s-.1-.5-.3-.7zM5.8 14.7l6.2 6.3 6.2-6.3c.2-.2.3-.5.3-.7s-.1-.5-.3-.7c-.2-.2-.4-.3-.7-.3h-11c-.3 0-.5.1-.7.3-.2.2-.3.5-.3.7s.1.5.3.7z\"\/><\/svg><\/span><\/span><\/span><\/a><\/span><\/div>\n<nav><ul class='ez-toc-list ez-toc-list-level-1 ' ><li class='ez-toc-page-1 ez-toc-heading-level-2'><a class=\"ez-toc-link ez-toc-heading-1\" href=\"https:\/\/raum-blick.de\/magazin\/flos\/#%C2%AB_Mit_Designer_Marcel_Wanders_im_Skygarden_%C2%BB\" >\u00ab Mit Designer Marcel Wanders im Skygarden \u00bb<\/a><\/li><li class='ez-toc-page-1 ez-toc-heading-level-2'><a class=\"ez-toc-link ez-toc-heading-2\" href=\"https:\/\/raum-blick.de\/magazin\/flos\/#Kreativitaet_und_Menschlichkeit_als_Eckpfeiler_der_Produktdesigns\" >Kreativit\u00e4t und Menschlichkeit als Eckpfeiler der Produktdesigns<\/a><\/li><li class='ez-toc-page-1 ez-toc-heading-level-2'><a class=\"ez-toc-link ez-toc-heading-3\" href=\"https:\/\/raum-blick.de\/magazin\/flos\/#Ein_Designer_der_schon_immer_nach_Traeumen_greifen_wollte\" >Ein Designer, der schon immer nach Tr\u00e4umen greifen wollte<\/a><\/li><li class='ez-toc-page-1 ez-toc-heading-level-2'><a class=\"ez-toc-link ez-toc-heading-4\" href=\"https:\/\/raum-blick.de\/magazin\/flos\/#Schaffenskraft_die_ueber_das_Leistungspensum_einer_Einzelperson_hinausgeht\" >Schaffenskraft, die \u00fcber das Leistungspensum einer Einzelperson hinausgeht<\/a><\/li><li class='ez-toc-page-1 ez-toc-heading-level-2'><a class=\"ez-toc-link ez-toc-heading-5\" href=\"https:\/\/raum-blick.de\/magazin\/flos\/#Der_Skygarden_von_Flos_%E2%80%93_eine_Referenz_an_die_Handwerkskunst_der_Stuckateure\" >Der Skygarden von Flos \u2013 eine Referenz an die Handwerkskunst der Stuckateure<\/a><\/li><li class='ez-toc-page-1 ez-toc-heading-level-2'><a class=\"ez-toc-link ez-toc-heading-6\" href=\"https:\/\/raum-blick.de\/magazin\/flos\/#Ein_nimmermueder_Geist_ist_immer_fuer_Ueberraschungen_gut\" >Ein nimmerm\u00fcder Geist ist immer f\u00fcr \u00dcberraschungen gut<\/a><\/li><\/ul><\/nav><\/div>\n<\/div>\n<p style=\"text-align: justify;\">Der niederl\u00e4ndische Designer Marcel Wanders ist ein wahrer Tausendsassa auf seinem Gebiet: Wie kaum ein anderer aus seiner Branche hat er es in den vergangenen zwanzig Jahren vermocht, Fachwelt und Liebhaber mit innovativen Produkten zu verbl\u00fcffen, die doch gleichzeitig stets eine Referenz an die traditionelle Handwerkskunst und ein Experimentieren mit neuen Werkstoffen waren. Der langj\u00e4hrige Flos-Designer hat sich nicht nur beim Design der Skygarden-Leuchte von Sehns\u00fcchten und einer freiheitsliebenden Kreativit\u00e4t f\u00fchren lassen. Seine Werke sind stets ein Appell an die Menschen, ihr Umfeld auf menschliche Art wahrzunehmen und Gedanken und Tr\u00e4umen m\u00f6glichst freien Lauf zu lassen.<\/p>\n<h2><span class=\"ez-toc-section\" id=\"Kreativitaet_und_Menschlichkeit_als_Eckpfeiler_der_Produktdesigns\"><\/span>Kreativit\u00e4t und Menschlichkeit als Eckpfeiler der Produktdesigns<span class=\"ez-toc-section-end\"><\/span><\/h2>\n<p style=\"text-align: justify;\">Der Niederl\u00e4nder Marcel Wanders wurde im Jahr 1963 in Boxtel geboren und schloss sein Studium in Arnheim 1988 mit Auszeichnung ab, nachdem man ihn aus der Eindhoven Design Academy geworfen hatte. Wenn in Fachpublikationen \u00fcber die Arbeit des rastlosen Gestalters referiert wird, dann oft mit S\u00e4tzen, die von seinem verspielten Umgang mit traditioneller Formensprache handeln oder von innovativen Materialien und Fertigungsmethoden. Diese Feststellungen kommen nicht von ungef\u00e4hr, immerhin sind im \u00e4u\u00dferst breiten Schaffen von Wanders durchaus charakteristische Wesensz\u00fcge und Grundprinzipien des Gestaltens festzustellen. Nach eigener Aussage sieht es der Designer als seine Aufgabe, mit einem neuen Zeitalter des Designs wieder mehr Menschlichkeit in die vormals von der Industrialisierung entmenschlichte Welt zu bringen. Dies versucht er in seinen Produktkonzepten zu tun, indem er die von ihm entworfenen Werke \u00fcber das Formdesign und die verwendeten Materialien wieder n\u00e4her an das bei der Herstellung beteiligte Handwerk heranf\u00fchrt. Und damit auch die sp\u00e4teren Besitzer seiner Lampen, M\u00f6bel und Accessoires. Trotzdem soll mit einer spielerischen Facette auch die Neugier der Menschen geweckt werden. Dies ist auch einer der Erfolgsfaktoren des sogenannten &#8222;Knotted Chair&#8220;, den Marcel Wanders im Jahr 1996 entwarf: Der Stuhl wirkt in seiner geknoteten Form einerseits \u00e4u\u00dferst filigran, andererseits weisen die mit Epoxidharz verst\u00e4rkten Kohlenstoff- und Aramiesfaserkordeln eine Festigkeit, die eine ganz regul\u00e4re Nutzung als Sitzm\u00f6bel m\u00f6glich macht. Die Verbindung eines revolution\u00e4ren Konzepts mit traditioneller Handarbeit brachte dem Multitalent alleine f\u00fcr den Knotted Chair zahlreiche Auszeichnungen ein.<\/p>\n<div id=\"attachment_431\" style=\"width: 610px\" class=\"wp-caption aligncenter\"><img loading=\"lazy\" decoding=\"async\" aria-describedby=\"caption-attachment-431\" class=\"wp-image-431 size-full\" title=\"Knotted Chair\" src=\"https:\/\/www.raum-blick.de\/magazin\/wp-content\/uploads\/2016\/07\/Knotted-Chair.jpg\" alt=\"@wikipedia \u2013 Marcel Wanders\" width=\"600\" height=\"567\" srcset=\"https:\/\/raum-blick.de\/magazin\/wp-content\/uploads\/2016\/07\/Knotted-Chair.jpg 600w, https:\/\/raum-blick.de\/magazin\/wp-content\/uploads\/2016\/07\/Knotted-Chair-300x284.jpg 300w\" sizes=\"(max-width: 600px) 100vw, 600px\" \/><p id=\"caption-attachment-431\" class=\"wp-caption-text\">@wikipedia \u2013 Marcel Wanders<\/p><\/div>\n<h2><span class=\"ez-toc-section\" id=\"Ein_Designer_der_schon_immer_nach_Traeumen_greifen_wollte\"><\/span>Ein Designer, der schon immer nach Tr\u00e4umen greifen wollte<span class=\"ez-toc-section-end\"><\/span><\/h2>\n<p style=\"text-align: justify;\">In den Arbeiten von Marcel Wanders wird schnell klar, dass es sich hier um einen kreativen Denker handelt, der mit Hingabe und Erfindergeist daran arbeiten will, Grenzen zu \u00fcberschreiten und Tr\u00e4ume wahr werden zu lassen. Nach einer vierj\u00e4hrigen Schaffensphase als freier Designer von 1988 bis 1992 arbeitete der Niederl\u00e4nder ab 1992 f\u00fcr Waac&#8217;s Design &amp; Consults in Rotterdam. Bereits im Jahr 1995 machte er sich dann mit seinem eigenen Designb\u00fcro &#8222;Wanders Wonders&#8220; unabh\u00e4ngig, um fortan noch freier seinen Eingebungen folgen zu k\u00f6nnen. Arbeiten f\u00fcr Marken wie KLM, Magis, Bisazza, Alessi, <a href=\"https:\/\/www.raum-blick.de\/flos\/\">Flos<\/a>, Swarovski und Puma erweiterten stetig den Horizont des K\u00fcnstlers, der nun schon zu Lebzeiten als eine Legende im Bereich des Interieur-Designs gilt. Aus diesem Grund sind diverse Exemplare besonders bekannter Werke von ihm mittlerweile auch in Museen wie dem MoMa New York oder im San Francisco Museum of Modern Art ausgestellt. Viele von dem K\u00fcnstler entworfene &#8222;Alltagsprodukte&#8220; sind von einer klaren Formensprache und einer entwaffnenden Naivit\u00e4t gepr\u00e4gt, wie beispielsweise auch die Tischleuchte B.L.O., die durch Pusten vom Nutzer ein- und ausgeschaltet werden kann.<\/p>\n<p><center><a href=\"https:\/\/www.raum-blick.de\/miss-k-t-tischleuchte-flos\"><img loading=\"lazy\" decoding=\"async\" class=\"alignnone wp-image-437 size-full\" title=\"Flos Miss K T Tischleuchte - silber \/ transparent\" src=\"https:\/\/www.raum-blick.de\/magazin\/wp-content\/uploads\/2016\/07\/Flos-Miss-K-T-Tischleuchte.jpg\" alt=\"Flos Miss K T Tischleuchte\" width=\"200\" height=\"200\" srcset=\"https:\/\/raum-blick.de\/magazin\/wp-content\/uploads\/2016\/07\/Flos-Miss-K-T-Tischleuchte.jpg 200w, https:\/\/raum-blick.de\/magazin\/wp-content\/uploads\/2016\/07\/Flos-Miss-K-T-Tischleuchte-150x150.jpg 150w\" sizes=\"(max-width: 200px) 100vw, 200px\" \/><\/a> <a href=\"https:\/\/www.raum-blick.de\/flos-glo-ball-basic-tischleuchte\"><img loading=\"lazy\" decoding=\"async\" class=\"alignnone wp-image-438 size-full\" title=\"Flos Glo-Ball Basic 1 Tischleuchte aus satiniertem Opalglas\" src=\"https:\/\/www.raum-blick.de\/magazin\/wp-content\/uploads\/2016\/07\/Flos-Glo-Ball-Basic-1-Tischleuchte.jpg\" alt=\"Flos Glo-Ball Basic 1 Tischleuchte\" width=\"200\" height=\"200\" srcset=\"https:\/\/raum-blick.de\/magazin\/wp-content\/uploads\/2016\/07\/Flos-Glo-Ball-Basic-1-Tischleuchte.jpg 200w, https:\/\/raum-blick.de\/magazin\/wp-content\/uploads\/2016\/07\/Flos-Glo-Ball-Basic-1-Tischleuchte-150x150.jpg 150w\" sizes=\"(max-width: 200px) 100vw, 200px\" \/><\/a> <a href=\"https:\/\/www.raum-blick.de\/flos-glo-ball-t-tischleuchte\"><img loading=\"lazy\" decoding=\"async\" class=\"alignnone wp-image-439 size-full\" title=\"Flos Glo-Ball T1 &amp; T2 Tischleuchte aus satiniertem Opalglas, Aluminium &amp; Stahl\" src=\"https:\/\/www.raum-blick.de\/magazin\/wp-content\/uploads\/2016\/07\/Flos-Glo-Ball-T1-T2-Tischleuchte.jpg\" alt=\"Flos Glo-Ball T1 &amp; T2 Tischleuchte\" width=\"200\" height=\"200\" srcset=\"https:\/\/raum-blick.de\/magazin\/wp-content\/uploads\/2016\/07\/Flos-Glo-Ball-T1-T2-Tischleuchte.jpg 200w, https:\/\/raum-blick.de\/magazin\/wp-content\/uploads\/2016\/07\/Flos-Glo-Ball-T1-T2-Tischleuchte-150x150.jpg 150w\" sizes=\"(max-width: 200px) 100vw, 200px\" \/><\/a><\/center><\/p>\n<h2><span class=\"ez-toc-section\" id=\"Schaffenskraft_die_ueber_das_Leistungspensum_einer_Einzelperson_hinausgeht\"><\/span>Schaffenskraft, die \u00fcber das Leistungspensum einer Einzelperson hinausgeht<span class=\"ez-toc-section-end\"><\/span><\/h2>\n<p style=\"text-align: justify;\">Marcel Wanders hat bislang an mehr als 1.700 Einzelprojekten im Designbereich mitgewirkt, was ihn nicht daran hindert, seinen Output an kreativen Ideen noch stetig weiter zu steigern. Das mag einer der Gr\u00fcnde sein, warum der kreative Kopf im Jahr 2001 Mitbegr\u00fcnder der Marke Moooi war, bei der er bis heute als Art Director fungiert. F\u00fcr Moooi entwarf er St\u00fchle, Polsterm\u00f6bel, Leuchten und Dekorationsgegenst\u00e4nde, sodass auch heutzutage das Markensortiment noch stark von der Designhandschrift seines Mitbegr\u00fcnders gepr\u00e4gt ist. F\u00fcr seine unerm\u00fcdliche und innovative Arbeit, aber auch f\u00fcr die Wirkung als einer der ma\u00dfgeblichen Motoren der Designbranche, wurden Wanders im Laufe seiner Karriere bereits zahlreiche Ehrungen zuteil. So wurde er von der New York Times f\u00fcr seine immer wieder \u00fcberraschende Art als &#8222;Lady Gaga des Designs&#8220; bezeichnet. Das Magazin Elle Decor ehrte ihn im Jahr 2006 als Designer des Jahres.<\/p>\n<p><center><a href=\"https:\/\/www.raum-blick.de\/flos-glo-ball-c1-\/-c2-deckenleuchte\"><img loading=\"lazy\" decoding=\"async\" class=\"alignnone wp-image-443 size-full\" title=\"Flos Glo-Ball C1 &amp; C2 Deckenleuchte aus satiniertem Opalglas\" src=\"https:\/\/www.raum-blick.de\/magazin\/wp-content\/uploads\/2016\/07\/Flos-Glo-Ball-C1-C2-Deckenleuchte.jpg\" alt=\"Flos Glo-Ball C1 &amp; C2 Deckenleuchte\" width=\"200\" height=\"200\" srcset=\"https:\/\/raum-blick.de\/magazin\/wp-content\/uploads\/2016\/07\/Flos-Glo-Ball-C1-C2-Deckenleuchte.jpg 200w, https:\/\/raum-blick.de\/magazin\/wp-content\/uploads\/2016\/07\/Flos-Glo-Ball-C1-C2-Deckenleuchte-150x150.jpg 150w\" sizes=\"(max-width: 200px) 100vw, 200px\" \/><\/a> <a href=\"https:\/\/www.raum-blick.de\/stylos-stehleuchte-flos\"><img loading=\"lazy\" decoding=\"async\" class=\"alignnone wp-image-444 size-full\" title=\"Flos Stylos Bodenanbauleuchte mit Fu\u00dfbedienung\" src=\"https:\/\/www.raum-blick.de\/magazin\/wp-content\/uploads\/2016\/07\/Flos-Stylos-Bodenanbauleuchte.jpg\" alt=\"Flos Stylos Bodenanbauleuchte\" width=\"200\" height=\"200\" srcset=\"https:\/\/raum-blick.de\/magazin\/wp-content\/uploads\/2016\/07\/Flos-Stylos-Bodenanbauleuchte.jpg 200w, https:\/\/raum-blick.de\/magazin\/wp-content\/uploads\/2016\/07\/Flos-Stylos-Bodenanbauleuchte-150x150.jpg 150w\" sizes=\"(max-width: 200px) 100vw, 200px\" \/><\/a> <a href=\"https:\/\/www.raum-blick.de\/ktribe-s-pendelleuchte-flos\"><img loading=\"lazy\" decoding=\"async\" class=\"alignnone wp-image-445 size-full\" title=\"Flos Ktribe Pendelleuchte - silber \/ transparent\" src=\"https:\/\/www.raum-blick.de\/magazin\/wp-content\/uploads\/2016\/07\/Flos-Ktribe-Pendelleuchte.jpg\" alt=\"Flos Ktribe Pendelleuchte\" width=\"200\" height=\"200\" srcset=\"https:\/\/raum-blick.de\/magazin\/wp-content\/uploads\/2016\/07\/Flos-Ktribe-Pendelleuchte.jpg 200w, https:\/\/raum-blick.de\/magazin\/wp-content\/uploads\/2016\/07\/Flos-Ktribe-Pendelleuchte-150x150.jpg 150w\" sizes=\"(max-width: 200px) 100vw, 200px\" \/><\/a><\/center><\/p>\n<h2><span class=\"ez-toc-section\" id=\"Der_Skygarden_von_Flos_%E2%80%93_eine_Referenz_an_die_Handwerkskunst_der_Stuckateure\"><\/span>Der Skygarden von Flos \u2013 eine Referenz an die Handwerkskunst der Stuckateure<span class=\"ez-toc-section-end\"><\/span><\/h2>\n<p style=\"text-align: justify;\">F\u00fcr die Marke Flos designte der ideenreiche Gestalter Wanders im Bereich der Innenleuchten. Dies tat er mit dem Entwurf einer revolution\u00e4ren Leuchte, die gem\u00e4\u00df der Philosophie des Designers historisches Erbe mit einem neuen Konzept zu verbinden mochte. Im Jahr 2007 entstand der sogenannte Skygarden f\u00fcr Flos infolge eines Umzugs. Dieser konnte sich von der Stuckdecke in seinem alten Zuhause nicht l\u00f6sen, die ihm \u00fcber Jahre hinweg wie ein pflegeleichter &#8222;Himmelsgarten&#8220; ans Herz gewachsen war. Wanders erkannte, dass dieser &#8222;Skygarden&#8220; Lebendigkeit in den Raum ausstrahlte, wenn seine Konturen von unterschiedlichen Lichtquellen zum Leben erweckt wurden. Auch in modernen Innenr\u00e4umen ohne Stuckdecke kann dieser Zauber mit dem Skygarden von Flos erlebt werden. Durch die kompakte Unterbringung des floralen Stuckdekors und die Verwendung eines modernen Schirmmaterials ergibt sich bei Flos Skygarden eine besonders spannende Kombination aus Tradition und Moderne.<\/p>\n<p style=\"text-align: justify;\"><a href=\"https:\/\/www.raum-blick.de\/skygarden-pendelleuchte-flos\"><img loading=\"lazy\" decoding=\"async\" class=\"aligncenter wp-image-417 size-full\" title=\"Flos Skygarden Pendelleuchte aus Gips und lackiertem Stahl\" src=\"https:\/\/www.raum-blick.de\/magazin\/wp-content\/uploads\/2016\/07\/Flos-Skygarden-Pendelleuchte.jpg\" alt=\"Flos Skygarden Pendelleuchte\" width=\"600\" height=\"582\" srcset=\"https:\/\/raum-blick.de\/magazin\/wp-content\/uploads\/2016\/07\/Flos-Skygarden-Pendelleuchte.jpg 600w, https:\/\/raum-blick.de\/magazin\/wp-content\/uploads\/2016\/07\/Flos-Skygarden-Pendelleuchte-300x291.jpg 300w\" sizes=\"(max-width: 600px) 100vw, 600px\" \/><\/a><\/p>\n<h2><span class=\"ez-toc-section\" id=\"Ein_nimmermueder_Geist_ist_immer_fuer_Ueberraschungen_gut\"><\/span>Ein nimmerm\u00fcder Geist ist immer f\u00fcr \u00dcberraschungen gut<span class=\"ez-toc-section-end\"><\/span><\/h2>\n<p style=\"text-align: justify;\">In den letzten Jahren hat sich der umtriebige Designer nun vermehrt auf die komplette Ausstattung von Wohnkonzepten in privaten Luxusresidenzen und in \u00f6ffentlichen Geb\u00e4uden konzentriert. So entwarf er im Jahr 2008 f\u00fcr das Kameha Grand Bonn Hotel die gesamte Innenausstattung. Hierf\u00fcr erhielt er im Jahr 2010 den MIPIM Award, nachdem er das Hotel mit sogenannten Themen-Suiten f\u00fcr ganz spezielle G\u00e4stebed\u00fcrfnisse ausgestattet hatte. Man darf gespannt sein, was Marcel Wanders in den n\u00e4chsten Jahren noch f\u00fcr die Designwelt bereith\u00e4lt. Vielleicht sind auch weitere Leuchten f\u00fcr Flos in Planung. Die Inspirationen scheinen dem Niederl\u00e4nder nicht auszugehen. Es ist zu erwarten, dass er sich treu bleiben und an authentische Elemente traditioneller M\u00f6belkultur ankn\u00fcpfen wird.<\/p>\n","protected":false},"excerpt":{"rendered":"<p>\u00ab Mit Designer Marcel Wanders im Skygarden \u00bb Der Niederl\u00e4nder Marcel Wanders gilt als Ausnahmetalent was Interieur-Designs angeht. Lesen Sie was den Designer zu seiner Flos-Leuchte Skygarden inspirierte, welche Philosophie er verfolgt und was das Multitalent so vielseitig und einzigartig macht. Der niederl\u00e4ndische Designer Marcel Wanders ist ein wahrer Tausendsassa auf seinem Gebiet: Wie kaum [&hellip;]<\/p>\n","protected":false},"author":4,"featured_media":401,"comment_status":"closed","ping_status":"open","sticky":false,"template":"","format":"standard","meta":{"_et_pb_use_builder":"","_et_pb_old_content":"","_et_gb_content_width":"","inline_featured_image":false,"footnotes":""},"categories":[8],"tags":[14,45,43,47,46],"class_list":["post-397","post","type-post","status-publish","format-standard","has-post-thumbnail","hentry","category-features","tag-ausstattung","tag-flos","tag-leuchten","tag-pendelleuchten","tag-tischleuchten"],"_links":{"self":[{"href":"https:\/\/raum-blick.de\/magazin\/wp-json\/wp\/v2\/posts\/397","targetHints":{"allow":["GET"]}}],"collection":[{"href":"https:\/\/raum-blick.de\/magazin\/wp-json\/wp\/v2\/posts"}],"about":[{"href":"https:\/\/raum-blick.de\/magazin\/wp-json\/wp\/v2\/types\/post"}],"author":[{"embeddable":true,"href":"https:\/\/raum-blick.de\/magazin\/wp-json\/wp\/v2\/users\/4"}],"replies":[{"embeddable":true,"href":"https:\/\/raum-blick.de\/magazin\/wp-json\/wp\/v2\/comments?post=397"}],"version-history":[{"count":38,"href":"https:\/\/raum-blick.de\/magazin\/wp-json\/wp\/v2\/posts\/397\/revisions"}],"predecessor-version":[{"id":20612,"href":"https:\/\/raum-blick.de\/magazin\/wp-json\/wp\/v2\/posts\/397\/revisions\/20612"}],"wp:featuredmedia":[{"embeddable":true,"href":"https:\/\/raum-blick.de\/magazin\/wp-json\/wp\/v2\/media\/401"}],"wp:attachment":[{"href":"https:\/\/raum-blick.de\/magazin\/wp-json\/wp\/v2\/media?parent=397"}],"wp:term":[{"taxonomy":"category","embeddable":true,"href":"https:\/\/raum-blick.de\/magazin\/wp-json\/wp\/v2\/categories?post=397"},{"taxonomy":"post_tag","embeddable":true,"href":"https:\/\/raum-blick.de\/magazin\/wp-json\/wp\/v2\/tags?post=397"}],"curies":[{"name":"wp","href":"https:\/\/api.w.org\/{rel}","templated":true}]}}