{"id":3948,"date":"2017-09-26T09:01:15","date_gmt":"2017-09-26T07:01:15","guid":{"rendered":"https:\/\/www.raum-blick.de\/magazin\/?p=3948"},"modified":"2022-03-16T17:56:09","modified_gmt":"2022-03-16T16:56:09","slug":"skandinavisches-geschirr","status":"publish","type":"post","link":"https:\/\/raum-blick.de\/magazin\/skandinavisches-geschirr\/","title":{"rendered":"Skandinavisches Geschirr"},"content":{"rendered":"<h2><span class=\"ez-toc-section\" id=\"%C2%AB_Teller_Tassen_und_Glaeser_aus_dem_Norden_%C2%BB\"><\/span>\u00ab Teller, Tassen und Gl\u00e4ser aus dem Norden \u00bb<span class=\"ez-toc-section-end\"><\/span><\/h2>\n<p style=\"text-align: justify;\"><strong>Skandinavisches Design beweist, dass sich der Wunsch nach einer ansprechenden \u00c4sthetik mit einer hohen Funktionalit\u00e4t vereinbaren l\u00e4sst. Mit dieser Melange begeistert auch das Geschirr aus dem hohen Norden. Deshalb lohnt sich ein Blick auf die Tassen, Teller oder Trinkgl\u00e4ser von Marken wie Eva Solo oder Stelton. So k\u00f6nnen Sie den Tisch stilvoll decken und den Alltag trotzdem unkompliziert angehen.<\/strong><\/p>\n<h2><span class=\"ez-toc-section\" id=\"Skandinavisches_Design_%E2%80%93_einfach_schoen_und_entgegenkommend\"><\/span>Skandinavisches Design \u2013 einfach sch\u00f6n und entgegenkommend<span class=\"ez-toc-section-end\"><\/span><\/h2>\n<p style=\"text-align: justify;\">Sie stehen morgens auf, servieren flink einen Tee, w\u00e4rmen kurz die Milch auf und gie\u00dfen sich einen Kaffee ein. Damit sich die allt\u00e4glichen fr\u00fchen Handgriffe ganz unproblematisch gestalten, sollte der Tisch reichlich mit hochwertigem Geschirr und entsprechenden K\u00fcchenhelfern gedeckt sein. Pr\u00e4sentieren sich diese zudem noch im skandinavischen Design, setzen Sie am Tisch zahlreiche optische Glanzpunkte \u2013 und das nicht nur zum Fr\u00fchst\u00fcck.<\/p><div id=\"ez-toc-container\" class=\"ez-toc-v2_0_82_2 counter-hierarchy ez-toc-counter ez-toc-grey ez-toc-container-direction\">\n<div class=\"ez-toc-title-container\">\n<p class=\"ez-toc-title\" style=\"cursor:inherit\">Was hier auf Sie wartet<\/p>\n<span class=\"ez-toc-title-toggle\"><a href=\"#\" class=\"ez-toc-pull-right ez-toc-btn ez-toc-btn-xs ez-toc-btn-default ez-toc-toggle\" aria-label=\"Toggle Table of Content\"><span class=\"ez-toc-js-icon-con\"><span class=\"\"><span class=\"eztoc-hide\" style=\"display:none;\">Toggle<\/span><span class=\"ez-toc-icon-toggle-span\"><svg style=\"fill: #999;color:#999\" xmlns=\"http:\/\/www.w3.org\/2000\/svg\" class=\"list-377408\" width=\"20px\" height=\"20px\" viewBox=\"0 0 24 24\" fill=\"none\"><path d=\"M6 6H4v2h2V6zm14 0H8v2h12V6zM4 11h2v2H4v-2zm16 0H8v2h12v-2zM4 16h2v2H4v-2zm16 0H8v2h12v-2z\" fill=\"currentColor\"><\/path><\/svg><svg style=\"fill: #999;color:#999\" class=\"arrow-unsorted-368013\" xmlns=\"http:\/\/www.w3.org\/2000\/svg\" width=\"10px\" height=\"10px\" viewBox=\"0 0 24 24\" version=\"1.2\" baseProfile=\"tiny\"><path d=\"M18.2 9.3l-6.2-6.3-6.2 6.3c-.2.2-.3.4-.3.7s.1.5.3.7c.2.2.4.3.7.3h11c.3 0 .5-.1.7-.3.2-.2.3-.5.3-.7s-.1-.5-.3-.7zM5.8 14.7l6.2 6.3 6.2-6.3c.2-.2.3-.5.3-.7s-.1-.5-.3-.7c-.2-.2-.4-.3-.7-.3h-11c-.3 0-.5.1-.7.3-.2.2-.3.5-.3.7s.1.5.3.7z\"\/><\/svg><\/span><\/span><\/span><\/a><\/span><\/div>\n<nav><ul class='ez-toc-list ez-toc-list-level-1 ' ><li class='ez-toc-page-1 ez-toc-heading-level-2'><a class=\"ez-toc-link ez-toc-heading-1\" href=\"https:\/\/raum-blick.de\/magazin\/skandinavisches-geschirr\/#%C2%AB_Teller_Tassen_und_Glaeser_aus_dem_Norden_%C2%BB\" >\u00ab Teller, Tassen und Gl\u00e4ser aus dem Norden \u00bb<\/a><\/li><li class='ez-toc-page-1 ez-toc-heading-level-2'><a class=\"ez-toc-link ez-toc-heading-2\" href=\"https:\/\/raum-blick.de\/magazin\/skandinavisches-geschirr\/#Skandinavisches_Design_%E2%80%93_einfach_schoen_und_entgegenkommend\" >Skandinavisches Design \u2013 einfach sch\u00f6n und entgegenkommend<\/a><\/li><li class='ez-toc-page-1 ez-toc-heading-level-2'><a class=\"ez-toc-link ez-toc-heading-3\" href=\"https:\/\/raum-blick.de\/magazin\/skandinavisches-geschirr\/#Geschirr-Designideen_fuer_den_stilvollen_Genuss_in_allen_Situationen_des_Lebens\" >Geschirr-Designideen f\u00fcr den stilvollen Genuss in allen Situationen des Lebens<\/a><\/li><li class='ez-toc-page-1 ez-toc-heading-level-2'><a class=\"ez-toc-link ez-toc-heading-4\" href=\"https:\/\/raum-blick.de\/magazin\/skandinavisches-geschirr\/#Multitalente_fuer_viele_Gelegenheiten\" >Multitalente f\u00fcr viele Gelegenheiten<\/a><ul class='ez-toc-list-level-3' ><li class='ez-toc-heading-level-3'><a class=\"ez-toc-link ez-toc-heading-5\" href=\"https:\/\/raum-blick.de\/magazin\/skandinavisches-geschirr\/#Die_optimalen_Iittala_Glaeser_fuer_Ihre_Drinks\" >Die optimalen Iittala Gl\u00e4ser f\u00fcr Ihre Drinks<\/a><\/li><\/ul><\/li><li class='ez-toc-page-1 ez-toc-heading-level-2'><a class=\"ez-toc-link ez-toc-heading-6\" href=\"https:\/\/raum-blick.de\/magazin\/skandinavisches-geschirr\/#Skandinavisches_Geschirr_mit_liebenswuerdigem_Design\" >Skandinavisches Geschirr mit liebensw\u00fcrdigem Design<\/a><\/li><li class='ez-toc-page-1 ez-toc-heading-level-2'><a class=\"ez-toc-link ez-toc-heading-7\" href=\"https:\/\/raum-blick.de\/magazin\/skandinavisches-geschirr\/#Kuechentools_aus_Skandinavien_%E2%80%93_hilfreich_und_salonfaehig\" >K\u00fcchentools aus Skandinavien \u2013 hilfreich und salonf\u00e4hig<\/a><\/li><\/ul><\/nav><\/div>\n\n<p><img loading=\"lazy\" decoding=\"async\" class=\"aligncenter wp-image-3960 size-full\" title=\"Tasse &quot;Globe&quot; von eva solo | 40 cl\" src=\"https:\/\/www.raum-blick.de\/magazin\/wp-content\/uploads\/2017\/09\/eva-solo-Globe-Tasse-40-cl.jpg\" alt=\"eva solo Globe Tasse 40 cl\" width=\"600\" height=\"400\" srcset=\"https:\/\/raum-blick.de\/magazin\/wp-content\/uploads\/2017\/09\/eva-solo-Globe-Tasse-40-cl.jpg 600w, https:\/\/raum-blick.de\/magazin\/wp-content\/uploads\/2017\/09\/eva-solo-Globe-Tasse-40-cl-300x200.jpg 300w\" sizes=\"(max-width: 600px) 100vw, 600px\" \/><\/p>\n<p style=\"text-align: justify;\">Wie w\u00e4re es zum Beispiel mit einer Eva Solo Globe Tasse, die sich f\u00fcr alle Hei\u00dfgetr\u00e4nke, die Mikrowelle und die Reinigung in der Sp\u00fclmaschine eignet. Obwohl das Steinzeug sehr robust ist, \u00fcberzeugt es mit seinen weichen Rundungen auch bei besonderen Anl\u00e4ssen. Damit die gedeckte Tafel rundum stimmig wirkt, reicht das Portfolio der Serie Eva Solo Globe weiterhin von der Teekanne bis zur Servierschale.<\/p>\n<p><img loading=\"lazy\" decoding=\"async\" class=\"aligncenter wp-image-3958 size-full\" title=\"Tasse &quot;Emma&quot; von stelton | 2er-Set\" src=\"https:\/\/www.raum-blick.de\/magazin\/wp-content\/uploads\/2017\/09\/stelton-Emma-Tasse-2er-Set.jpg\" alt=\"stelton Emma Tasse 2er-Set\" width=\"600\" height=\"300\" srcset=\"https:\/\/raum-blick.de\/magazin\/wp-content\/uploads\/2017\/09\/stelton-Emma-Tasse-2er-Set.jpg 600w, https:\/\/raum-blick.de\/magazin\/wp-content\/uploads\/2017\/09\/stelton-Emma-Tasse-2er-Set-300x150.jpg 300w\" sizes=\"(max-width: 600px) 100vw, 600px\" \/><\/p>\n<p style=\"text-align: justify;\">Gleicherma\u00dfen praktisch durchdacht ist das Geschirr der Linie <a href=\"https:\/\/www.raum-blick.de\/stelton-emma\/\">Stelton Emma<\/a>, die mit ihrem Retro-Look ungemein stilvoll anmutet. Die eleganten Tassen in grazilem Grau oder Blau sind Teil der umfangreichen Designfamilie Danish Modern 2.0.<\/p>\n<h2><span class=\"ez-toc-section\" id=\"Geschirr-Designideen_fuer_den_stilvollen_Genuss_in_allen_Situationen_des_Lebens\"><\/span>Geschirr-Designideen f\u00fcr den stilvollen Genuss in allen Situationen des Lebens<span class=\"ez-toc-section-end\"><\/span><\/h2>\n<p style=\"text-align: justify;\">Sind Tassen zumeist den Hei\u00dfgetr\u00e4nken vorbehalten, schenken Sie sich fruchtige S\u00e4fte und andere kalte Drinks in filigran beschaffenen Gl\u00e4sern ein. Die traditionsreiche Manufaktur Holmegaard wirft eine \u00fcber 190-j\u00e4hrige Geschichte mit dem entsprechenden Erfahrungsschatz in die Waagschale. Im Jahr 2009 entwarf Peter Svarrer f\u00fcr den k\u00f6niglichen Hoflieferanten Trinkgl\u00e4ser mit einem grazilen Schwung.<\/p>\n<p><a href=\"https:\/\/www.raum-blick.de\/holmegaard-future-glas\"><img loading=\"lazy\" decoding=\"async\" class=\"aligncenter wp-image-3963 size-full\" title=\"Glas &quot;Future&quot; von Holmegaard\" src=\"https:\/\/www.raum-blick.de\/magazin\/wp-content\/uploads\/2017\/09\/Holmegaard-Future-Glas.jpg\" alt=\"Holmegaard Future Glas\" width=\"600\" height=\"600\" srcset=\"https:\/\/raum-blick.de\/magazin\/wp-content\/uploads\/2017\/09\/Holmegaard-Future-Glas.jpg 600w, https:\/\/raum-blick.de\/magazin\/wp-content\/uploads\/2017\/09\/Holmegaard-Future-Glas-150x150.jpg 150w, https:\/\/raum-blick.de\/magazin\/wp-content\/uploads\/2017\/09\/Holmegaard-Future-Glas-300x300.jpg 300w\" sizes=\"(max-width: 600px) 100vw, 600px\" \/><\/a><\/p>\n<p style=\"text-align: justify;\">Dieses Detail der <a href=\"https:\/\/www.raum-blick.de\/holmegaard\/\">Holmegaard Gl\u00e4ser<\/a>, die als Future Gl\u00e4ser bekannt sind, beg\u00fcnstigt nicht nur die moderne Eleganz, die vielen Getr\u00e4nken gut steht und mit jedem Ambiente fabelhaft harmoniert. Dank des clever durchdachten Designkonzepts liegt das Gef\u00e4\u00df auch besonders sicher in der Hand.<\/p>\n<h2><span class=\"ez-toc-section\" id=\"Multitalente_fuer_viele_Gelegenheiten\"><\/span>Multitalente f\u00fcr viele Gelegenheiten<span class=\"ez-toc-section-end\"><\/span><\/h2>\n<p style=\"text-align: justify;\">Eva Solo pr\u00e4sentiert in seinem Geschirr-Sortiment nicht nur skandinavische Tassen. F\u00fcr die renommierte Marke konzipierte das Designer-Duo Claus Jensen und Henrik Holb\u00e6k Trinkgl\u00e4ser, die f\u00fcr die flexible Lebensart des 21. Jahrhunderts wie geschaffen sind. Die Gr\u00f6\u00dfe und die schr\u00e4ge Form wurden derart optimiert, dass der servierte Wein ebenso mundet wie das k\u00fchle Bier oder das erfrischende Wasser. Obendrein ist das geh\u00e4rtete Borosilikat-Glas hitzebest\u00e4ndig, wodurch sich die schlicht schicken Allrounder auch f\u00fcr Kaffee, Tee oder andere Hei\u00dfgetr\u00e4nke empfehlen.<\/p>\n<p><a href=\"https:\/\/www.raum-blick.de\/trinkglaeser-eva-solo\"><img loading=\"lazy\" decoding=\"async\" class=\"aligncenter wp-image-3952 size-full\" title=\"Gl\u00e4ser von eva solo | 12er Set | sp\u00fclmaschinengeeignet\" src=\"https:\/\/www.raum-blick.de\/magazin\/wp-content\/uploads\/2017\/09\/eva-solo-Glaeser-12er-Set.jpg\" alt=\"eva solo Glaeser 12er Set\" width=\"600\" height=\"450\" srcset=\"https:\/\/raum-blick.de\/magazin\/wp-content\/uploads\/2017\/09\/eva-solo-Glaeser-12er-Set.jpg 600w, https:\/\/raum-blick.de\/magazin\/wp-content\/uploads\/2017\/09\/eva-solo-Glaeser-12er-Set-300x225.jpg 300w\" sizes=\"(max-width: 600px) 100vw, 600px\" \/><\/a><\/p>\n<p style=\"text-align: justify;\">Sp\u00e4testens bei der ersten Feier offenbaren die innovativen Gl\u00e4ser ihre funktionale Brillanz: Es erledigen sich beim Eindecken der Tafel jegliche \u00dcberlegungen, welche Getr\u00e4nke die G\u00e4ste bevorzugen. Denn der Tisch ist mit der Glaskollektion von Eva Solo immer perfekt vorbereitet und f\u00fcr alle spontanen Vorlieben der Freunde gewappnet.<\/p>\n<h3><span class=\"ez-toc-section\" id=\"Die_optimalen_Iittala_Glaeser_fuer_Ihre_Drinks\"><\/span>Die optimalen Iittala Gl\u00e4ser f\u00fcr Ihre Drinks<span class=\"ez-toc-section-end\"><\/span><\/h3>\n<p style=\"text-align: justify;\">Iittala hat sich auf die Fertigung hochwertiger skandinavischer Wohnaccessoires spezialisiert und f\u00fchrt ebenso elegantes Geschirr in seinem Sortiment. Dazu geh\u00f6ren die kunstfertig verarbeiteten Iittala Gl\u00e4ser, die es in gro\u00dfer Auswahl gibt. Ob Bierglas, Weinglas f\u00fcr Rot- und Wei\u00dfwein oder spezielle Gl\u00e4ser, in denen auf der n\u00e4chsten Party k\u00f6stliche Cocktails serviert werden \u2013 nicht jedes Getr\u00e4nk kann einfach so in das n\u00e4chstbeste Glas eingeschenkt werden.<\/p>\n<p><img loading=\"lazy\" decoding=\"async\" class=\"aligncenter wp-image-3966 size-full\" title=\"Bierglas &quot;Essence&quot; von iittala | 2er-Set\" src=\"https:\/\/www.raum-blick.de\/magazin\/wp-content\/uploads\/2017\/09\/iittala-Essence-Bierglas-2er-Set.jpg\" alt=\"iittala Essence Bierglas 2er-Set\" width=\"600\" height=\"450\" srcset=\"https:\/\/raum-blick.de\/magazin\/wp-content\/uploads\/2017\/09\/iittala-Essence-Bierglas-2er-Set.jpg 600w, https:\/\/raum-blick.de\/magazin\/wp-content\/uploads\/2017\/09\/iittala-Essence-Bierglas-2er-Set-300x225.jpg 300w\" sizes=\"(max-width: 600px) 100vw, 600px\" \/><\/p>\n<p style=\"text-align: justify;\">Das Servieren ist eine Kunst f\u00fcr sich und gerade hinter den Glasformen stecken einige Gedanken, weshalb die Trinkgl\u00e4ser genau so beschaffen sind wie sie eben sind. Iittala f\u00fchrt diese Kunst auf hohem Level aus.<\/p>\n<h2><span class=\"ez-toc-section\" id=\"Skandinavisches_Geschirr_mit_liebenswuerdigem_Design\"><\/span>Skandinavisches Geschirr mit liebensw\u00fcrdigem Design<span class=\"ez-toc-section-end\"><\/span><\/h2>\n<p style=\"text-align: justify;\">Die exzellente Symbiose einer \u00e4sthetischen Form und optimierten Funktion ist ein typisches Indiz daf\u00fcr, dass das Geschirr in der Fertigungstradition Skandinaviens steht. Damit die Ausstattung m\u00f6glichst lange fasziniert und vielf\u00e4ltig einsetzbar ist, wird auf expressive Dekors in der Regel verzichtet. Wenn nordisches Design dennoch Verzierungen oder \u00e4hnliche optische Details ins Spiel bringt, steckt meist ein pfiffiger Gedanke dahinter. Auf ein schlichtes Wei\u00df mit schwarzen Kontrasten scheint sich das Kinder-Set von <a href=\"https:\/\/www.raum-blick.de\/kay-bojesen\/\">Kay Bojesen<\/a> zu beschr\u00e4nken.<\/p>\n<p><img loading=\"lazy\" decoding=\"async\" class=\"aligncenter wp-image-3955 size-full\" title=\"Kinder-Set von Kay Bojesen | 3-teilig\" src=\"https:\/\/www.raum-blick.de\/magazin\/wp-content\/uploads\/2017\/09\/Kay-Bojesen-Kinder-Set-3-teilig.jpg\" alt=\"Kay Bojesen Kinder-Set 3-teilig\" width=\"600\" height=\"600\" srcset=\"https:\/\/raum-blick.de\/magazin\/wp-content\/uploads\/2017\/09\/Kay-Bojesen-Kinder-Set-3-teilig.jpg 600w, https:\/\/raum-blick.de\/magazin\/wp-content\/uploads\/2017\/09\/Kay-Bojesen-Kinder-Set-3-teilig-150x150.jpg 150w, https:\/\/raum-blick.de\/magazin\/wp-content\/uploads\/2017\/09\/Kay-Bojesen-Kinder-Set-3-teilig-300x300.jpg 300w\" sizes=\"(max-width: 600px) 100vw, 600px\" \/><\/p>\n<p style=\"text-align: justify;\">Bei der n\u00e4heren Begutachtung entdecken Sie jedoch, dass die Tasse und die beiden Teller jeweils mit Buchstaben oder Zahlen versehen sind. So f\u00fchlen sich die j\u00fcngsten M\u00e4dchen und Jungen bei jeder Mahlzeit dazu eingeladen, die abgebildeten Zeichen zu verstehen und zu lernen. Der Speiseteller eignet sich au\u00dferdem daf\u00fcr, spielerisch das Lesen der Uhr zu \u00fcben. Durch diese Kombination aus \u00e4sthetischem und funktionalem Mehrwert gleicht der Entwurf von Kay Bojesen einem Paradebeispiel f\u00fcr die Charakteristiken, die skandinavisches Geschirr so interessant machen.<\/p>\n<h2><span class=\"ez-toc-section\" id=\"Kuechentools_aus_Skandinavien_%E2%80%93_hilfreich_und_salonfaehig\"><\/span>K\u00fcchentools aus Skandinavien \u2013 hilfreich und salonf\u00e4hig<span class=\"ez-toc-section-end\"><\/span><\/h2>\n<p style=\"text-align: justify;\">Nicht nur skandinavisches Geschirr \u00fcberzeugt mit seiner Vielseitigkeit und Sch\u00f6nheit zugleich. Bei den Collective Tools hebt Iittala beispielsweise die Trennung zwischen K\u00fcche und Dinnertafel auf. Das Salatbesteck der Kollektion eignet sich f\u00fcr diverse Handgriffe bei der Zubereitung, macht aber mit seiner aparten Formsprache und dem geb\u00fcrsteten Edelstahl auch am Esstisch eine gute Figur.<\/p>\n<p><img loading=\"lazy\" decoding=\"async\" class=\"aligncenter wp-image-3969 size-full\" title=\"Schneidebrett &quot;Twin&quot; von stelton\" src=\"https:\/\/www.raum-blick.de\/magazin\/wp-content\/uploads\/2017\/09\/stelton-Twin-Schneidebrett.jpg\" alt=\"stelton Twin Schneidebrett\" width=\"600\" height=\"600\" srcset=\"https:\/\/raum-blick.de\/magazin\/wp-content\/uploads\/2017\/09\/stelton-Twin-Schneidebrett.jpg 600w, https:\/\/raum-blick.de\/magazin\/wp-content\/uploads\/2017\/09\/stelton-Twin-Schneidebrett-150x150.jpg 150w, https:\/\/raum-blick.de\/magazin\/wp-content\/uploads\/2017\/09\/stelton-Twin-Schneidebrett-300x300.jpg 300w\" sizes=\"(max-width: 600px) 100vw, 600px\" \/><\/p>\n<p style=\"text-align: justify;\">Das Schneidebrett Twin von Stelton vereint bewusst hochwertigen Bambus mit einer Schieferfl\u00e4che. Dadurch empfiehlt sich das K\u00fcchenzubeh\u00f6r auch f\u00fcrs elegante Servieren. In diesem Sinne erleichtern viele Designideen aus Skandinavien nicht nur den kulinarischen Alltag oder die Vorbereitungen bei Festivit\u00e4ten. Durch die multifunktionale Gestaltung bleibt das Portfolio in den Schr\u00e4nken \u00fcbersichtlich.<\/p>\n","protected":false},"excerpt":{"rendered":"<p>\u00ab Teller, Tassen und Gl\u00e4ser aus dem Norden \u00bb Skandinavisches Design beweist, dass sich der Wunsch nach einer ansprechenden \u00c4sthetik mit einer hohen Funktionalit\u00e4t vereinbaren l\u00e4sst. Mit dieser Melange begeistert auch das Geschirr aus dem hohen Norden. Deshalb lohnt sich ein Blick auf die Tassen, Teller oder Trinkgl\u00e4ser von Marken wie Eva Solo oder Stelton. [&hellip;]<\/p>\n","protected":false},"author":4,"featured_media":3971,"comment_status":"closed","ping_status":"open","sticky":false,"template":"","format":"standard","meta":{"_et_pb_use_builder":"","_et_pb_old_content":"","_et_gb_content_width":"","inline_featured_image":false,"footnotes":""},"categories":[7],"tags":[18,119,147,221,23,322,445,446,41,118,444],"class_list":["post-3948","post","type-post","status-publish","format-standard","has-post-thumbnail","hentry","category-accessoires-lifestyle","tag-eva-solo","tag-geschirr","tag-glaeser","tag-holmegaard","tag-iittala","tag-kay-bojesen","tag-kuechentools","tag-schneidebretter","tag-stelton","tag-tassen","tag-teller"],"_links":{"self":[{"href":"https:\/\/raum-blick.de\/magazin\/wp-json\/wp\/v2\/posts\/3948","targetHints":{"allow":["GET"]}}],"collection":[{"href":"https:\/\/raum-blick.de\/magazin\/wp-json\/wp\/v2\/posts"}],"about":[{"href":"https:\/\/raum-blick.de\/magazin\/wp-json\/wp\/v2\/types\/post"}],"author":[{"embeddable":true,"href":"https:\/\/raum-blick.de\/magazin\/wp-json\/wp\/v2\/users\/4"}],"replies":[{"embeddable":true,"href":"https:\/\/raum-blick.de\/magazin\/wp-json\/wp\/v2\/comments?post=3948"}],"version-history":[{"count":21,"href":"https:\/\/raum-blick.de\/magazin\/wp-json\/wp\/v2\/posts\/3948\/revisions"}],"predecessor-version":[{"id":15413,"href":"https:\/\/raum-blick.de\/magazin\/wp-json\/wp\/v2\/posts\/3948\/revisions\/15413"}],"wp:featuredmedia":[{"embeddable":true,"href":"https:\/\/raum-blick.de\/magazin\/wp-json\/wp\/v2\/media\/3971"}],"wp:attachment":[{"href":"https:\/\/raum-blick.de\/magazin\/wp-json\/wp\/v2\/media?parent=3948"}],"wp:term":[{"taxonomy":"category","embeddable":true,"href":"https:\/\/raum-blick.de\/magazin\/wp-json\/wp\/v2\/categories?post=3948"},{"taxonomy":"post_tag","embeddable":true,"href":"https:\/\/raum-blick.de\/magazin\/wp-json\/wp\/v2\/tags?post=3948"}],"curies":[{"name":"wp","href":"https:\/\/api.w.org\/{rel}","templated":true}]}}