{"id":3754,"date":"2017-08-25T12:03:15","date_gmt":"2017-08-25T10:03:15","guid":{"rendered":"https:\/\/www.raum-blick.de\/magazin\/?p=3754"},"modified":"2022-03-16T17:56:08","modified_gmt":"2022-03-16T16:56:08","slug":"skandinavische-heimtextilien","status":"publish","type":"post","link":"https:\/\/raum-blick.de\/magazin\/skandinavische-heimtextilien\/","title":{"rendered":"Skandinavische Heimtextilien"},"content":{"rendered":"<h2><span class=\"ez-toc-section\" id=\"%C2%AB_Gemuetlichkeit_aus_dem_Norden_%C2%BB\"><\/span>\u00ab Gem\u00fctlichkeit aus dem Norden \u00bb<span class=\"ez-toc-section-end\"><\/span><\/h2>\n<p style=\"text-align: justify;\"><strong>Funktional brillant durchdachte M\u00f6bel mit klaren Linien und Akzenten \u2013 das ist es, was die nordische Raumgestaltung ausmacht. Abgerundet wird der zeitlos faszinierende Stil des Interieurs durch praktische Accessoires mit markantem Design. So eignen sich skandinavische Heimtextilien von ferm Living, Pappelina oder anderen Marken fabelhaft f\u00fcr die individuelle Signatur in allen Wohnbereichen und bereichern die komfortable Ausstattung Ihres Zuhauses.<\/strong><\/p>\n<h2><span class=\"ez-toc-section\" id=\"Kuechentextilien_fuer_eine_Prise_Extravaganz_rund_um_den_Herd\"><\/span>K\u00fcchentextilien f\u00fcr eine Prise Extravaganz rund um den Herd<span class=\"ez-toc-section-end\"><\/span><\/h2>\n<p style=\"text-align: justify;\">Moderne technische Ger\u00e4te, Kocht\u00f6pfe und Utensilien f\u00fcr die Zubereitung von Speisen werden nicht nur den praktischen Anspr\u00fcchen im Alltag gerecht. L\u00e4ngst \u00fcberzeugt das Equipment mit einem hochwertigen Design, das langfristig dem Auge schmeichelt. Passend dazu d\u00fcrfen Sie bei den Heimtextilien f\u00fcr die K\u00fcche die \u00e4sthetische Messlatte ebenfalls etwas h\u00f6her legen.<\/p><div id=\"ez-toc-container\" class=\"ez-toc-v2_0_82_2 counter-hierarchy ez-toc-counter ez-toc-grey ez-toc-container-direction\">\n<div class=\"ez-toc-title-container\">\n<p class=\"ez-toc-title\" style=\"cursor:inherit\">Was hier auf Sie wartet<\/p>\n<span class=\"ez-toc-title-toggle\"><a href=\"#\" class=\"ez-toc-pull-right ez-toc-btn ez-toc-btn-xs ez-toc-btn-default ez-toc-toggle\" aria-label=\"Toggle Table of Content\"><span class=\"ez-toc-js-icon-con\"><span class=\"\"><span class=\"eztoc-hide\" style=\"display:none;\">Toggle<\/span><span class=\"ez-toc-icon-toggle-span\"><svg style=\"fill: #999;color:#999\" xmlns=\"http:\/\/www.w3.org\/2000\/svg\" class=\"list-377408\" width=\"20px\" height=\"20px\" viewBox=\"0 0 24 24\" fill=\"none\"><path d=\"M6 6H4v2h2V6zm14 0H8v2h12V6zM4 11h2v2H4v-2zm16 0H8v2h12v-2zM4 16h2v2H4v-2zm16 0H8v2h12v-2z\" fill=\"currentColor\"><\/path><\/svg><svg style=\"fill: #999;color:#999\" class=\"arrow-unsorted-368013\" xmlns=\"http:\/\/www.w3.org\/2000\/svg\" width=\"10px\" height=\"10px\" viewBox=\"0 0 24 24\" version=\"1.2\" baseProfile=\"tiny\"><path d=\"M18.2 9.3l-6.2-6.3-6.2 6.3c-.2.2-.3.4-.3.7s.1.5.3.7c.2.2.4.3.7.3h11c.3 0 .5-.1.7-.3.2-.2.3-.5.3-.7s-.1-.5-.3-.7zM5.8 14.7l6.2 6.3 6.2-6.3c.2-.2.3-.5.3-.7s-.1-.5-.3-.7c-.2-.2-.4-.3-.7-.3h-11c-.3 0-.5.1-.7.3-.2.2-.3.5-.3.7s.1.5.3.7z\"\/><\/svg><\/span><\/span><\/span><\/a><\/span><\/div>\n<nav><ul class='ez-toc-list ez-toc-list-level-1 ' ><li class='ez-toc-page-1 ez-toc-heading-level-2'><a class=\"ez-toc-link ez-toc-heading-1\" href=\"https:\/\/raum-blick.de\/magazin\/skandinavische-heimtextilien\/#%C2%AB_Gemuetlichkeit_aus_dem_Norden_%C2%BB\" >\u00ab Gem\u00fctlichkeit aus dem Norden \u00bb<\/a><\/li><li class='ez-toc-page-1 ez-toc-heading-level-2'><a class=\"ez-toc-link ez-toc-heading-2\" href=\"https:\/\/raum-blick.de\/magazin\/skandinavische-heimtextilien\/#Kuechentextilien_fuer_eine_Prise_Extravaganz_rund_um_den_Herd\" >K\u00fcchentextilien f\u00fcr eine Prise Extravaganz rund um den Herd<\/a><\/li><li class='ez-toc-page-1 ez-toc-heading-level-2'><a class=\"ez-toc-link ez-toc-heading-3\" href=\"https:\/\/raum-blick.de\/magazin\/skandinavische-heimtextilien\/#Heimtextilien_im_skandinavischen_Design_fuers_Wohlbefinden_im_Bad\" >Heimtextilien im skandinavischen Design f\u00fcrs Wohlbefinden im Bad<\/a><\/li><li class='ez-toc-page-1 ez-toc-heading-level-2'><a class=\"ez-toc-link ez-toc-heading-4\" href=\"https:\/\/raum-blick.de\/magazin\/skandinavische-heimtextilien\/#Wohntextilien_fuer_ein_zeitloses_Flair\" >Wohntextilien f\u00fcr ein zeitloses Flair<\/a><\/li><li class='ez-toc-page-1 ez-toc-heading-level-2'><a class=\"ez-toc-link ez-toc-heading-5\" href=\"https:\/\/raum-blick.de\/magazin\/skandinavische-heimtextilien\/#Textile_Eyecatcher_fuer_Kinder\" >Textile Eyecatcher f\u00fcr Kinder<\/a><\/li><li class='ez-toc-page-1 ez-toc-heading-level-2'><a class=\"ez-toc-link ez-toc-heading-6\" href=\"https:\/\/raum-blick.de\/magazin\/skandinavische-heimtextilien\/#Mit_Heimtextilien_im_Handumdrehen_die_Atmosphaere_neu_akzentuieren\" >Mit Heimtextilien im Handumdrehen die Atmosph\u00e4re neu akzentuieren<\/a><\/li><\/ul><\/nav><\/div>\n\n<p><img loading=\"lazy\" decoding=\"async\" class=\"aligncenter wp-image-3796 size-full\" title=\"Geschirrt\u00fccher von Pappelina: Fia\" src=\"https:\/\/www.raum-blick.de\/magazin\/wp-content\/uploads\/2017\/08\/Geschirrtuecher-von-Pappelina-Fia.jpg\" alt=\"Geschirrtuecher von Pappelina Fia\" width=\"600\" height=\"600\" srcset=\"https:\/\/raum-blick.de\/magazin\/wp-content\/uploads\/2017\/08\/Geschirrtuecher-von-Pappelina-Fia.jpg 600w, https:\/\/raum-blick.de\/magazin\/wp-content\/uploads\/2017\/08\/Geschirrtuecher-von-Pappelina-Fia-150x150.jpg 150w, https:\/\/raum-blick.de\/magazin\/wp-content\/uploads\/2017\/08\/Geschirrtuecher-von-Pappelina-Fia-300x300.jpg 300w\" sizes=\"(max-width: 600px) 100vw, 600px\" \/><\/p>\n<p style=\"text-align: justify;\">Wenn skandinavisches Design das Flair dezent aufpeppen soll, sind die gepunkteten Geschirrt\u00fccher der Linie Fia von <a href=\"https:\/\/www.raum-blick.de\/pappelina\/\">Pappelina<\/a> interessant. Die Designerin Lina Rickardsson ber\u00fccksichtigte bei dem Entwurf der K\u00fcchentextilien aus Leinen und Baumwolle auch n\u00fctzliche Eigenschaften wie die Saugkraft und die Strapazierf\u00e4higkeit. So bereiten die Trockent\u00fccher in jeder Hinsicht Freude.<\/p>\n<p><a href=\"https:\/\/www.raum-blick.de\/pappelina-fia-tablett\"><img loading=\"lazy\" decoding=\"async\" class=\"aligncenter wp-image-3799 size-full\" title=\"Tablett von Pappelina: Fia\" src=\"https:\/\/www.raum-blick.de\/magazin\/wp-content\/uploads\/2017\/08\/Tablett-von-Pappelina-Fia.jpg\" alt=\"Tablett von Pappelina Fia\" width=\"600\" height=\"600\" srcset=\"https:\/\/raum-blick.de\/magazin\/wp-content\/uploads\/2017\/08\/Tablett-von-Pappelina-Fia.jpg 600w, https:\/\/raum-blick.de\/magazin\/wp-content\/uploads\/2017\/08\/Tablett-von-Pappelina-Fia-150x150.jpg 150w, https:\/\/raum-blick.de\/magazin\/wp-content\/uploads\/2017\/08\/Tablett-von-Pappelina-Fia-300x300.jpg 300w\" sizes=\"(max-width: 600px) 100vw, 600px\" \/><\/a><\/p>\n<p style=\"text-align: justify;\">Galant k\u00f6nnen Sie das Dessin andernorts in der K\u00fcche mit passendem K\u00fcchenzubeh\u00f6r wie dem Tablett der Kollektion aufgreifen. Dass grundlegende Haushaltst\u00e4tigkeiten von einem inspirierenden Design begleitet werden k\u00f6nnen, beweisen die Geschirrt\u00fccher Brush aus \u00f6kologischer Baumwolle von <a href=\"https:\/\/www.raum-blick.de\/ferm-living\/\">ferm Living<\/a> mit den locker arrangierten Pinselstrichen. Zu diesen Heimtextilien greifen Sie beim Abtrocknen ebenso gerne wie zu den au\u00dfergew\u00f6hnlichen Topflappen der Marke.<\/p>\n<p><center><img loading=\"lazy\" decoding=\"async\" class=\"alignnone wp-image-3802 size-full\" title=\"Geschirrtuch von ferm Living: Brush\" src=\"https:\/\/www.raum-blick.de\/magazin\/wp-content\/uploads\/2017\/08\/Geschirrtuch-von-ferm-Living-Brush.jpg\" alt=\"Geschirrtuch von ferm Living Brush\" width=\"300\" height=\"300\" srcset=\"https:\/\/raum-blick.de\/magazin\/wp-content\/uploads\/2017\/08\/Geschirrtuch-von-ferm-Living-Brush.jpg 300w, https:\/\/raum-blick.de\/magazin\/wp-content\/uploads\/2017\/08\/Geschirrtuch-von-ferm-Living-Brush-150x150.jpg 150w\" sizes=\"(max-width: 300px) 100vw, 300px\" \/> <img loading=\"lazy\" decoding=\"async\" class=\"alignnone wp-image-3803 size-full\" title=\"Topflappen von ferm Living: Triangle\" src=\"https:\/\/www.raum-blick.de\/magazin\/wp-content\/uploads\/2017\/08\/Topflappen-von-ferm-Living-Triangle.jpg\" alt=\"Topflappen von ferm Living Triangle\" width=\"300\" height=\"300\" srcset=\"https:\/\/raum-blick.de\/magazin\/wp-content\/uploads\/2017\/08\/Topflappen-von-ferm-Living-Triangle.jpg 300w, https:\/\/raum-blick.de\/magazin\/wp-content\/uploads\/2017\/08\/Topflappen-von-ferm-Living-Triangle-150x150.jpg 150w\" sizes=\"(max-width: 300px) 100vw, 300px\" \/><\/center><\/p>\n<p style=\"text-align: justify;\">Gerade in der K\u00fcche ist es angesichts des umfangreichen Equipments nicht leicht, eine aufger\u00e4umte Atmosph\u00e4re zu realisieren. Dementsprechend begr\u00fc\u00dfenswert ist es, dass skandinavische Heimtextilien dem Zweckm\u00e4\u00dfigen einen schicken Look g\u00f6nnen und damit neben ihrer eigentlichen Funktion zu sch\u00f6nen Dekorartikeln werden.<\/p>\n<h2><span class=\"ez-toc-section\" id=\"Heimtextilien_im_skandinavischen_Design_fuers_Wohlbefinden_im_Bad\"><\/span>Heimtextilien im skandinavischen Design f\u00fcrs Wohlbefinden im Bad<span class=\"ez-toc-section-end\"><\/span><\/h2>\n<p style=\"text-align: justify;\">Die privaten Verpflichtungen und beruflichen Herausforderungen sorgen f\u00fcr einen engmaschig gestrickten Terminkalender. Deshalb ergibt es einen Sinn, die freien Minuten bei der K\u00f6rperpflege gen\u00fcsslich auskosten. Das angenehme Ambiente im Badezimmer ist also weniger eine Frage des guten Geschmacks, sondern ein wesentliches Element des harmonisierenden Lifestyles.<\/p>\n<p><center><img loading=\"lazy\" decoding=\"async\" class=\"alignnone wp-image-3788 size-full\" title=\"Duschvorhang von ferm Living: Spear\" src=\"https:\/\/www.raum-blick.de\/magazin\/wp-content\/uploads\/2017\/08\/Duschvorhang-von-ferm-Living-Spear.jpg\" alt=\"Duschvorhang von ferm Living Spear\" width=\"300\" height=\"300\" srcset=\"https:\/\/raum-blick.de\/magazin\/wp-content\/uploads\/2017\/08\/Duschvorhang-von-ferm-Living-Spear.jpg 300w, https:\/\/raum-blick.de\/magazin\/wp-content\/uploads\/2017\/08\/Duschvorhang-von-ferm-Living-Spear-150x150.jpg 150w\" sizes=\"(max-width: 300px) 100vw, 300px\" \/> <img loading=\"lazy\" decoding=\"async\" class=\"alignnone wp-image-3789 size-full\" title=\"W\u00e4schekorb von ferm Living: Spear\" src=\"https:\/\/www.raum-blick.de\/magazin\/wp-content\/uploads\/2017\/08\/Waeschekorb-von-ferm-Living-Spear.jpg\" alt=\"Waeschekorb von ferm Living Spear\" width=\"300\" height=\"300\" srcset=\"https:\/\/raum-blick.de\/magazin\/wp-content\/uploads\/2017\/08\/Waeschekorb-von-ferm-Living-Spear.jpg 300w, https:\/\/raum-blick.de\/magazin\/wp-content\/uploads\/2017\/08\/Waeschekorb-von-ferm-Living-Spear-150x150.jpg 150w\" sizes=\"(max-width: 300px) 100vw, 300px\" \/><\/center><\/p>\n<p style=\"text-align: justify;\">Die T\u00fcr f\u00e4llt ins Schloss und beim Ablegen der Kleidung erfreuen Sie sich an dem grafischen Muster des W\u00e4schekorbs Spear aus Bio-Baumwolle. Beim \u00d6ffnen des Duschvorhangs haben Sie ein D\u00e9j\u00e0-vu, denn der wasserdichte Spritzschutz schlie\u00dft sich der gekonnten Melange aus belebendem Dekor und zarten Pastellt\u00f6nen an.<\/p>\n<p><img loading=\"lazy\" decoding=\"async\" class=\"aligncenter wp-image-3793 size-full\" title=\"Handtuch von ferm Living: Organic\" src=\"https:\/\/www.raum-blick.de\/magazin\/wp-content\/uploads\/2017\/08\/Handtuch-von-ferm-Living-Organic.jpg\" alt=\"Handtuch von ferm Living Organic\" width=\"600\" height=\"600\" srcset=\"https:\/\/raum-blick.de\/magazin\/wp-content\/uploads\/2017\/08\/Handtuch-von-ferm-Living-Organic.jpg 600w, https:\/\/raum-blick.de\/magazin\/wp-content\/uploads\/2017\/08\/Handtuch-von-ferm-Living-Organic-150x150.jpg 150w, https:\/\/raum-blick.de\/magazin\/wp-content\/uploads\/2017\/08\/Handtuch-von-ferm-Living-Organic-300x300.jpg 300w\" sizes=\"(max-width: 600px) 100vw, 600px\" \/><\/p>\n<p style=\"text-align: justify;\">Vollendet wird das sinnliche Verw\u00f6hn-Programm der textilen Art durch das angenehme Hautgef\u00fchl kuscheliger Handt\u00fccher, beispielsweise aus der Kollektion Organic von ferm Living.<\/p>\n<h2><span class=\"ez-toc-section\" id=\"Wohntextilien_fuer_ein_zeitloses_Flair\"><\/span>Wohntextilien f\u00fcr ein zeitloses Flair<span class=\"ez-toc-section-end\"><\/span><\/h2>\n<p style=\"text-align: justify;\">Seit Generationen werden liebevoll ausgew\u00e4hlte Heimtextilien eingesetzt, um die Gem\u00fctlichkeit in den heimischen Gefilden erlebbar zu machen. Vielleicht reicht auch bei Ihnen f\u00fcr die innerliche Entspannung der Gedanke an die famili\u00e4ren Momente in Omas Wohnstube mit schottisch karierten Wolldecken und Kissen aus geh\u00e4kelten Granny-Squares. An diesem traditionellen Sinn f\u00fcr Lebensqualit\u00e4t sollten Sie unbedingt ankn\u00fcpfen. Denn skandinavische Wohntextilien erm\u00f6glichen die Symbiose aus trautem Heim und zeitgem\u00e4\u00dfer Dekoration.<\/p>\n<p><center><img loading=\"lazy\" decoding=\"async\" class=\"alignnone wp-image-3778 size-full\" title=\"Wolldecke von ferm Living: Remix\" src=\"https:\/\/www.raum-blick.de\/magazin\/wp-content\/uploads\/2017\/08\/Wolldecke-von-ferm-Living-Remix.jpg\" alt=\"Wolldecke von ferm Living Remix\" width=\"300\" height=\"300\" srcset=\"https:\/\/raum-blick.de\/magazin\/wp-content\/uploads\/2017\/08\/Wolldecke-von-ferm-Living-Remix.jpg 300w, https:\/\/raum-blick.de\/magazin\/wp-content\/uploads\/2017\/08\/Wolldecke-von-ferm-Living-Remix-150x150.jpg 150w\" sizes=\"(max-width: 300px) 100vw, 300px\" \/> <img loading=\"lazy\" decoding=\"async\" class=\"alignnone wp-image-3779 size-full\" title=\"Wolldecke von ferm Living: Squares\" src=\"https:\/\/www.raum-blick.de\/magazin\/wp-content\/uploads\/2017\/08\/Wolldecke-von-ferm-Living-Squares.jpg\" alt=\"Wolldecke von ferm Living Squares\" width=\"300\" height=\"300\" srcset=\"https:\/\/raum-blick.de\/magazin\/wp-content\/uploads\/2017\/08\/Wolldecke-von-ferm-Living-Squares.jpg 300w, https:\/\/raum-blick.de\/magazin\/wp-content\/uploads\/2017\/08\/Wolldecke-von-ferm-Living-Squares-150x150.jpg 150w\" sizes=\"(max-width: 300px) 100vw, 300px\" \/><\/center><\/p>\n<p style=\"text-align: justify;\">Das geometrische Design der klassischen, skandinavischen Wohntextilien greift ferm Living bei den Wolldecken Remix und Squares auf, interpretiert es jedoch mit dreidimensionalen Quadern oder Dreiecken sehr innovativ. Gleichzeitig f\u00e4llt das kontrastive Jacquard-Gewebe aus reiner Baumwolle weniger volumin\u00f6s aus, punktet aber dennoch mit seinen anschmiegsamen und weichen Facetten.<\/p>\n<p><img loading=\"lazy\" decoding=\"async\" class=\"aligncenter wp-image-3784 size-full\" title=\"Kissen von ferm Living: Geometry\" src=\"https:\/\/www.raum-blick.de\/magazin\/wp-content\/uploads\/2017\/08\/Kissen-von-ferm-Living-Geometry.jpg\" alt=\"Kissen von ferm Living Geometry\" width=\"600\" height=\"300\" srcset=\"https:\/\/raum-blick.de\/magazin\/wp-content\/uploads\/2017\/08\/Kissen-von-ferm-Living-Geometry.jpg 600w, https:\/\/raum-blick.de\/magazin\/wp-content\/uploads\/2017\/08\/Kissen-von-ferm-Living-Geometry-300x150.jpg 300w\" sizes=\"(max-width: 600px) 100vw, 600px\" \/><\/p>\n<p style=\"text-align: justify;\">Nun fehlen noch einige Kissen aus der Kollektion Geometry des d\u00e4nischen Labels. Schon steht dem relaxten Lifestyle nicht mehr im Wege.<\/p>\n<h2><span class=\"ez-toc-section\" id=\"Textile_Eyecatcher_fuer_Kinder\"><\/span>Textile Eyecatcher f\u00fcr Kinder<span class=\"ez-toc-section-end\"><\/span><\/h2>\n<p style=\"text-align: justify;\">Zum Baby passen niedliche Motive, Kita-Kids m\u00f6gen es cool und viele Schulkinder bevorzugen schrille Designideen. Das macht nat\u00fcrlich auch vor den Wohntextilien nicht halt. Damit die Raumgestaltung zum dynamischen Charakter passt und alles andere als langweilig wirkt, ist eine effektvolle Dekoration gefragt. Heimtextilien sind f\u00fcr diese Mission ein hervorragendes Stilmittel.<\/p>\n<p><center><img loading=\"lazy\" decoding=\"async\" class=\"alignnone wp-image-3759 size-full\" title=\"Kissen von ferm Living: Little Mr. Teddy\" src=\"https:\/\/www.raum-blick.de\/magazin\/wp-content\/uploads\/2017\/08\/Kissen-von-ferm-Living-Little-Mr-Teddy.jpg\" alt=\"Kissen von ferm Living Little Mr Teddy\" width=\"300\" height=\"300\" srcset=\"https:\/\/raum-blick.de\/magazin\/wp-content\/uploads\/2017\/08\/Kissen-von-ferm-Living-Little-Mr-Teddy.jpg 300w, https:\/\/raum-blick.de\/magazin\/wp-content\/uploads\/2017\/08\/Kissen-von-ferm-Living-Little-Mr-Teddy-150x150.jpg 150w\" sizes=\"(max-width: 300px) 100vw, 300px\" \/> <img loading=\"lazy\" decoding=\"async\" class=\"alignnone wp-image-3760 size-full\" title=\"Kissen von ferm Living: Little Ms. Rabbit\" src=\"https:\/\/www.raum-blick.de\/magazin\/wp-content\/uploads\/2017\/08\/Kissen-von-ferm-Living-Little-Ms-Rabbit.jpg\" alt=\"Kissen von ferm Living Little Ms Rabbit\" width=\"300\" height=\"300\" srcset=\"https:\/\/raum-blick.de\/magazin\/wp-content\/uploads\/2017\/08\/Kissen-von-ferm-Living-Little-Ms-Rabbit.jpg 300w, https:\/\/raum-blick.de\/magazin\/wp-content\/uploads\/2017\/08\/Kissen-von-ferm-Living-Little-Ms-Rabbit-150x150.jpg 150w\" sizes=\"(max-width: 300px) 100vw, 300px\" \/><\/center><\/p>\n<p style=\"text-align: justify;\">Auf dem Bett der kleinen Entdecker machen die Kinderkissen Little Mr. Teddy und Little Ms. Rabbit eine gute Figur. Mr. Snake erg\u00e4nzt das Doppel vielseitig und bew\u00e4hrt sich beim Kuscheln ebenso wie beim Bremsen der Zugluft an der T\u00fcr.<\/p>\n<p><img loading=\"lazy\" decoding=\"async\" class=\"aligncenter wp-image-3765 size-full\" title=\"Kissenschlange von ferm Living: Mr. Snake\" src=\"https:\/\/www.raum-blick.de\/magazin\/wp-content\/uploads\/2017\/08\/Kissenschlange-von-ferm-Living-Mr-Snake.jpg\" alt=\"Kissenschlange von ferm Living Mr Snake\" width=\"600\" height=\"300\" srcset=\"https:\/\/raum-blick.de\/magazin\/wp-content\/uploads\/2017\/08\/Kissenschlange-von-ferm-Living-Mr-Snake.jpg 600w, https:\/\/raum-blick.de\/magazin\/wp-content\/uploads\/2017\/08\/Kissenschlange-von-ferm-Living-Mr-Snake-300x150.jpg 300w\" sizes=\"(max-width: 600px) 100vw, 600px\" \/><\/p>\n<p style=\"text-align: justify;\">\u00c4hnlich modern geht auch die Kinderdecke aus Lammwolle von <a href=\"https:\/\/www.raum-blick.de\/kay-bojesen\/\">Kay Bojesen<\/a> das naive Design an, die Skizzen von den Figuren des K\u00fcnstlers zeigt.<\/p>\n<p><img loading=\"lazy\" decoding=\"async\" class=\"aligncenter wp-image-3808 size-full\" title=\"Decke von Kay Bojesen\" src=\"https:\/\/www.raum-blick.de\/magazin\/wp-content\/uploads\/2017\/08\/Decke-von-Kay-Bojesen.jpg\" alt=\"Decke von Kay Bojesen\" width=\"600\" height=\"600\" srcset=\"https:\/\/raum-blick.de\/magazin\/wp-content\/uploads\/2017\/08\/Decke-von-Kay-Bojesen.jpg 600w, https:\/\/raum-blick.de\/magazin\/wp-content\/uploads\/2017\/08\/Decke-von-Kay-Bojesen-150x150.jpg 150w, https:\/\/raum-blick.de\/magazin\/wp-content\/uploads\/2017\/08\/Decke-von-Kay-Bojesen-300x300.jpg 300w\" sizes=\"(max-width: 600px) 100vw, 600px\" \/><\/p>\n<p style=\"text-align: justify;\">Taucht obendrein der gelenkige Holz-Affe im Raum auf, ist die liebenswerte und stilvolle Signatur der Kinderstube vollbracht.<\/p>\n<p><center><img loading=\"lazy\" decoding=\"async\" class=\"alignnone wp-image-3769 size-full\" title=\"Kissen von Pappelina: Aki\" src=\"https:\/\/www.raum-blick.de\/magazin\/wp-content\/uploads\/2017\/08\/Kissen-von-Pappelina-Aki.jpg\" alt=\"Kissen von Pappelina Aki\" width=\"300\" height=\"275\" \/> <img loading=\"lazy\" decoding=\"async\" class=\"alignnone wp-image-3770 size-full\" title=\"Kissen von Pappelina: Honey\" src=\"https:\/\/www.raum-blick.de\/magazin\/wp-content\/uploads\/2017\/08\/Kissen-von-Pappelina-Honey.jpg\" alt=\"Kissen von Pappelina Honey\" width=\"300\" height=\"275\" \/><\/center><\/p>\n<p style=\"text-align: justify;\">F\u00fcr frischen Wind im Jugendzimmer der M\u00e4dchen lohnt sich ein Blick auf kindgerechten Wohntextilien von Pappelina. Zum Beispiel k\u00f6nnen Sie mit bunt gemischten Exemplaren der Kinderkissen Aki, der Serie Honey und einem farblich passenden Laken das Bett tags\u00fcber in ein Sofa verwandeln.<\/p>\n<p><a href=\"https:\/\/www.raum-blick.de\/pappelina-asta-outdoor-teppich\"><img loading=\"lazy\" decoding=\"async\" class=\"aligncenter wp-image-3775 size-full\" title=\"Teppich von Pappelina: Asta\" src=\"https:\/\/www.raum-blick.de\/magazin\/wp-content\/uploads\/2017\/08\/Teppich-von-Pappelina-Asta.jpg\" alt=\"Teppich von Pappelina Asta\" width=\"600\" height=\"600\" srcset=\"https:\/\/raum-blick.de\/magazin\/wp-content\/uploads\/2017\/08\/Teppich-von-Pappelina-Asta.jpg 600w, https:\/\/raum-blick.de\/magazin\/wp-content\/uploads\/2017\/08\/Teppich-von-Pappelina-Asta-150x150.jpg 150w, https:\/\/raum-blick.de\/magazin\/wp-content\/uploads\/2017\/08\/Teppich-von-Pappelina-Asta-300x300.jpg 300w\" sizes=\"(max-width: 600px) 100vw, 600px\" \/><\/a><\/p>\n<p style=\"text-align: justify;\">Mit dem \u00fcppigen Kissen-Arrangement harmoniert der strapazierf\u00e4hige Teppich Asta fabelhaft. Dieses Portfolio an Heimtextilien gen\u00fcgt vollkommen, damit die Dekoration im Kinderzimmer die gute Laune ankurbelt.<\/p>\n<h2><span class=\"ez-toc-section\" id=\"Mit_Heimtextilien_im_Handumdrehen_die_Atmosphaere_neu_akzentuieren\"><\/span>Mit Heimtextilien im Handumdrehen die Atmosph\u00e4re neu akzentuieren<span class=\"ez-toc-section-end\"><\/span><\/h2>\n<p style=\"text-align: justify;\">Wohntextilien im skandinavischen Design \u00fcberzeugen durchweg mit ihrem modernen Dekor, k\u00f6nnen jedoch elegant, apart, schrill oder verspielt akzentuiert sein. Spielen Sie mit der stilistischen Bandbreite, um die R\u00e4ume passend zur Jahreszeit oder zur momentanen Stimmung zu ver\u00e4ndern.<\/p>\n<p><img loading=\"lazy\" decoding=\"async\" class=\"aligncenter wp-image-3810 size-full\" title=\"Kissen von Pappelina: Lisa\" src=\"https:\/\/www.raum-blick.de\/magazin\/wp-content\/uploads\/2017\/08\/Kissen-von-Pappelina-Lisa.jpg\" alt=\"Kissen von Pappelina Lisa\" width=\"600\" height=\"600\" srcset=\"https:\/\/raum-blick.de\/magazin\/wp-content\/uploads\/2017\/08\/Kissen-von-Pappelina-Lisa.jpg 600w, https:\/\/raum-blick.de\/magazin\/wp-content\/uploads\/2017\/08\/Kissen-von-Pappelina-Lisa-150x150.jpg 150w, https:\/\/raum-blick.de\/magazin\/wp-content\/uploads\/2017\/08\/Kissen-von-Pappelina-Lisa-300x300.jpg 300w\" sizes=\"(max-width: 600px) 100vw, 600px\" \/><\/p>\n<p style=\"text-align: justify;\">Setzen Sie beispielsweise im Fr\u00fchling auf fr\u00f6hliche Farben und florale Motive, w\u00e4hrend im Herbst Kuschelkissen und Wolldecken mit warmen Braunt\u00f6nen das Ambiente bereichern. So sorgen Sie stets f\u00fcr das ersehnte Flair in Ihren eigenen vier W\u00e4nden.<\/p>\n","protected":false},"excerpt":{"rendered":"<p>\u00ab Gem\u00fctlichkeit aus dem Norden \u00bb Funktional brillant durchdachte M\u00f6bel mit klaren Linien und Akzenten \u2013 das ist es, was die nordische Raumgestaltung ausmacht. Abgerundet wird der zeitlos faszinierende Stil des Interieurs durch praktische Accessoires mit markantem Design. So eignen sich skandinavische Heimtextilien von ferm Living, Pappelina oder anderen Marken fabelhaft f\u00fcr die individuelle Signatur [&hellip;]<\/p>\n","protected":false},"author":4,"featured_media":3807,"comment_status":"closed","ping_status":"open","sticky":false,"template":"","format":"standard","meta":{"_et_pb_use_builder":"","_et_pb_old_content":"","_et_gb_content_width":"","inline_featured_image":false,"footnotes":""},"categories":[7],"tags":[427,206,426,428,423,322,207,296,424,32,19,224,432,425,271,431,429,430],"class_list":["post-3754","post","type-post","status-publish","format-standard","has-post-thumbnail","hentry","category-accessoires-lifestyle","tag-duschvorhaenge","tag-ferm-living","tag-geschirrtuecher","tag-handtuecher","tag-heimtextilien","tag-kay-bojesen","tag-kinderkissen","tag-kissen","tag-kuechentextilien","tag-pappelina","tag-skagerak","tag-tabletts","tag-teppiche","tag-topflappen","tag-waeschekoerbe","tag-wohndecken","tag-wohntextilien","tag-wolldecken"],"_links":{"self":[{"href":"https:\/\/raum-blick.de\/magazin\/wp-json\/wp\/v2\/posts\/3754","targetHints":{"allow":["GET"]}}],"collection":[{"href":"https:\/\/raum-blick.de\/magazin\/wp-json\/wp\/v2\/posts"}],"about":[{"href":"https:\/\/raum-blick.de\/magazin\/wp-json\/wp\/v2\/types\/post"}],"author":[{"embeddable":true,"href":"https:\/\/raum-blick.de\/magazin\/wp-json\/wp\/v2\/users\/4"}],"replies":[{"embeddable":true,"href":"https:\/\/raum-blick.de\/magazin\/wp-json\/wp\/v2\/comments?post=3754"}],"version-history":[{"count":53,"href":"https:\/\/raum-blick.de\/magazin\/wp-json\/wp\/v2\/posts\/3754\/revisions"}],"predecessor-version":[{"id":15412,"href":"https:\/\/raum-blick.de\/magazin\/wp-json\/wp\/v2\/posts\/3754\/revisions\/15412"}],"wp:featuredmedia":[{"embeddable":true,"href":"https:\/\/raum-blick.de\/magazin\/wp-json\/wp\/v2\/media\/3807"}],"wp:attachment":[{"href":"https:\/\/raum-blick.de\/magazin\/wp-json\/wp\/v2\/media?parent=3754"}],"wp:term":[{"taxonomy":"category","embeddable":true,"href":"https:\/\/raum-blick.de\/magazin\/wp-json\/wp\/v2\/categories?post=3754"},{"taxonomy":"post_tag","embeddable":true,"href":"https:\/\/raum-blick.de\/magazin\/wp-json\/wp\/v2\/tags?post=3754"}],"curies":[{"name":"wp","href":"https:\/\/api.w.org\/{rel}","templated":true}]}}