{"id":3706,"date":"2017-08-22T11:16:55","date_gmt":"2017-08-22T09:16:55","guid":{"rendered":"https:\/\/www.raum-blick.de\/magazin\/?p=3706"},"modified":"2019-09-27T09:49:45","modified_gmt":"2019-09-27T07:49:45","slug":"arbeitszimmer-einrichten","status":"publish","type":"post","link":"https:\/\/raum-blick.de\/magazin\/arbeitszimmer-einrichten\/","title":{"rendered":"Arbeitszimmer einrichten"},"content":{"rendered":"<h2><span class=\"ez-toc-section\" id=\"%C2%AB_Buero_stilvoll_und_funktional_gestalten_%C2%BB\"><\/span>\u00ab B\u00fcro stilvoll und funktional gestalten \u00bb<span class=\"ez-toc-section-end\"><\/span><\/h2>\n<p style=\"text-align: justify;\"><strong>Im B\u00fcro m\u00f6chten Sie verschiedene Aufgaben konzentriert angehen und erfolgreich umsetzen. Dieses rationale Bed\u00fcrfnis verf\u00fchrt dazu, die Raumgestaltung sehr n\u00fcchtern und pragmatisch anzugehen. Allerdings setzt motiviertes Schaffen voraus, dass Sie sich wohlf\u00fchlen. Deshalb legen Innenarchitekten auf die geeignete \u00c4sthetik der B\u00fcrom\u00f6bel ebenso viel wert wie auf die zeitgem\u00e4\u00dfe Funktionalit\u00e4t. An diesen professionellen Ma\u00dfst\u00e4ben k\u00f6nnen Sie sich orientieren, wenn Sie ein Arbeitszimmer gestalten.<\/strong><\/p>\n<h2><span class=\"ez-toc-section\" id=\"Trend_zur_aesthetischen_Klarheit_%E2%80%93_Boden_und_Waende_im_Buero_gestalten\"><\/span>Trend zur \u00e4sthetischen Klarheit \u2013 Boden und W\u00e4nde im B\u00fcro gestalten<span class=\"ez-toc-section-end\"><\/span><\/h2>\n<p style=\"text-align: justify;\">Sowohl privat als auch beruflich werden Sie im Digitalzeitalter mit einer Flut an Eindr\u00fccken konfrontiert. Zugleich hat sich das Spektrum der Aufgaben deutlich erweitert, das bew\u00e4ltigt werden m\u00f6chte. Spezialisten des Finanzwesens gestalten beispielsweise Brosch\u00fcren mit dem virtuellen Konfigurator selbst, w\u00e4hrend Grafikdesigner \u00fcber das Online-Portal ihre Geldangelegenheiten eigenst\u00e4ndig regeln.<\/p><div id=\"ez-toc-container\" class=\"ez-toc-v2_0_82_2 counter-hierarchy ez-toc-counter ez-toc-grey ez-toc-container-direction\">\n<div class=\"ez-toc-title-container\">\n<p class=\"ez-toc-title\" style=\"cursor:inherit\">Was hier auf Sie wartet<\/p>\n<span class=\"ez-toc-title-toggle\"><a href=\"#\" class=\"ez-toc-pull-right ez-toc-btn ez-toc-btn-xs ez-toc-btn-default ez-toc-toggle\" aria-label=\"Toggle Table of Content\"><span class=\"ez-toc-js-icon-con\"><span class=\"\"><span class=\"eztoc-hide\" style=\"display:none;\">Toggle<\/span><span class=\"ez-toc-icon-toggle-span\"><svg style=\"fill: #999;color:#999\" xmlns=\"http:\/\/www.w3.org\/2000\/svg\" class=\"list-377408\" width=\"20px\" height=\"20px\" viewBox=\"0 0 24 24\" fill=\"none\"><path d=\"M6 6H4v2h2V6zm14 0H8v2h12V6zM4 11h2v2H4v-2zm16 0H8v2h12v-2zM4 16h2v2H4v-2zm16 0H8v2h12v-2z\" fill=\"currentColor\"><\/path><\/svg><svg style=\"fill: #999;color:#999\" class=\"arrow-unsorted-368013\" xmlns=\"http:\/\/www.w3.org\/2000\/svg\" width=\"10px\" height=\"10px\" viewBox=\"0 0 24 24\" version=\"1.2\" baseProfile=\"tiny\"><path d=\"M18.2 9.3l-6.2-6.3-6.2 6.3c-.2.2-.3.4-.3.7s.1.5.3.7c.2.2.4.3.7.3h11c.3 0 .5-.1.7-.3.2-.2.3-.5.3-.7s-.1-.5-.3-.7zM5.8 14.7l6.2 6.3 6.2-6.3c.2-.2.3-.5.3-.7s-.1-.5-.3-.7c-.2-.2-.4-.3-.7-.3h-11c-.3 0-.5.1-.7.3-.2.2-.3.5-.3.7s.1.5.3.7z\"\/><\/svg><\/span><\/span><\/span><\/a><\/span><\/div>\n<nav><ul class='ez-toc-list ez-toc-list-level-1 ' ><li class='ez-toc-page-1 ez-toc-heading-level-2'><a class=\"ez-toc-link ez-toc-heading-1\" href=\"https:\/\/raum-blick.de\/magazin\/arbeitszimmer-einrichten\/#%C2%AB_Buero_stilvoll_und_funktional_gestalten_%C2%BB\" >\u00ab B\u00fcro stilvoll und funktional gestalten \u00bb<\/a><\/li><li class='ez-toc-page-1 ez-toc-heading-level-2'><a class=\"ez-toc-link ez-toc-heading-2\" href=\"https:\/\/raum-blick.de\/magazin\/arbeitszimmer-einrichten\/#Trend_zur_aesthetischen_Klarheit_%E2%80%93_Boden_und_Waende_im_Buero_gestalten\" >Trend zur \u00e4sthetischen Klarheit \u2013 Boden und W\u00e4nde im B\u00fcro gestalten<\/a><\/li><li class='ez-toc-page-1 ez-toc-heading-level-2'><a class=\"ez-toc-link ez-toc-heading-3\" href=\"https:\/\/raum-blick.de\/magazin\/arbeitszimmer-einrichten\/#Weniger_Moebel_mehr_Freiraum\" >Weniger M\u00f6bel, mehr Freiraum<\/a><ul class='ez-toc-list-level-3' ><li class='ez-toc-heading-level-3'><a class=\"ez-toc-link ez-toc-heading-4\" href=\"https:\/\/raum-blick.de\/magazin\/arbeitszimmer-einrichten\/#String\" >String<\/a><\/li><\/ul><\/li><li class='ez-toc-page-1 ez-toc-heading-level-2'><a class=\"ez-toc-link ez-toc-heading-5\" href=\"https:\/\/raum-blick.de\/magazin\/arbeitszimmer-einrichten\/#Zwei_Schreibtische_im_Arbeitszimmer_einrichten_%E2%80%93_sinnvolle_Dopplung_fuer_den_Workflow\" >Zwei Schreibtische im Arbeitszimmer einrichten \u2013 sinnvolle Dopplung f\u00fcr den Workflow<\/a><\/li><li class='ez-toc-page-1 ez-toc-heading-level-2'><a class=\"ez-toc-link ez-toc-heading-6\" href=\"https:\/\/raum-blick.de\/magazin\/arbeitszimmer-einrichten\/#Mit_innovativer_Lichttechnik_das_Arbeitszimmer_gestalten\" >Mit innovativer Lichttechnik das Arbeitszimmer gestalten<\/a><\/li><li class='ez-toc-page-1 ez-toc-heading-level-2'><a class=\"ez-toc-link ez-toc-heading-7\" href=\"https:\/\/raum-blick.de\/magazin\/arbeitszimmer-einrichten\/#Dekoratives_Finish_mit_praktischen_Accessoires\" >Dekoratives Finish mit praktischen Accessoires<\/a><\/li><\/ul><\/nav><\/div>\n\n<p><a href=\"https:\/\/www.raum-blick.de\/string-schrank-mit-schiebetueren\"><img loading=\"lazy\" decoding=\"async\" class=\"aligncenter wp-image-3744 size-full\" title=\"Schrank mit Schiebet\u00fcren Regalsystem von String\" src=\"https:\/\/www.raum-blick.de\/magazin\/wp-content\/uploads\/2017\/08\/Schrank-mit-Schiebetueren-Regalsystem-von-String.jpg\" alt=\"Schrank mit Schiebetueren Regalsystem von String\" width=\"600\" height=\"475\" srcset=\"https:\/\/raum-blick.de\/magazin\/wp-content\/uploads\/2017\/08\/Schrank-mit-Schiebetueren-Regalsystem-von-String.jpg 600w, https:\/\/raum-blick.de\/magazin\/wp-content\/uploads\/2017\/08\/Schrank-mit-Schiebetueren-Regalsystem-von-String-300x238.jpg 300w\" sizes=\"(max-width: 600px) 100vw, 600px\" \/><\/a><\/p>\n<p style=\"text-align: justify;\">Dementsprechend facettenreich und dynamisch ist der moderne Lifestyle charakterisiert. Deshalb empfehlen Experten einen klaren und reizarmen Einrichtungsstil f\u00fcr das B\u00fcro. Bevorzugt werden monochrome Farbspektren f\u00fcr die M\u00f6bel im Arbeitszimmer, die punktuell durch nat\u00fcrliche Werkstoffe kontrastiert werden. F\u00fcr warme Akzente greifen Innenausstatter derzeit gerne auf Korkb\u00f6den zur\u00fcck, die den Ger\u00e4uschpegel und die Staubkonzentration minimieren.<\/p>\n<p><a href=\"https:\/\/www.raum-blick.de\/string-regalboden\"><img loading=\"lazy\" decoding=\"async\" class=\"aligncenter wp-image-3749 size-full\" title=\"Regalb\u00f6den Regalsystem von String\" src=\"https:\/\/www.raum-blick.de\/magazin\/wp-content\/uploads\/2017\/08\/Regalboeden-Regalsystem-von-String.jpg\" alt=\"Regalboeden Regalsystem von String\" width=\"600\" height=\"720\" srcset=\"https:\/\/raum-blick.de\/magazin\/wp-content\/uploads\/2017\/08\/Regalboeden-Regalsystem-von-String.jpg 600w, https:\/\/raum-blick.de\/magazin\/wp-content\/uploads\/2017\/08\/Regalboeden-Regalsystem-von-String-250x300.jpg 250w\" sizes=\"(max-width: 600px) 100vw, 600px\" \/><\/a><\/p>\n<p style=\"text-align: justify;\">F\u00fcr die grundlegende Gestaltung der W\u00e4nde empfiehlt sich neutrales Wei\u00df, um die Stimmung nicht durch eine Farbwirkung vorzugeben. Schlie\u00dflich h\u00e4ngt es von der Situation ab, ob anregendes Orange, harmonisierendes Blau oder zartes Rosa vorteilhaft sind.<\/p>\n<h2><span class=\"ez-toc-section\" id=\"Weniger_Moebel_mehr_Freiraum\"><\/span>Weniger M\u00f6bel, mehr Freiraum<span class=\"ez-toc-section-end\"><\/span><\/h2>\n<p style=\"text-align: justify;\">Wer sein Arbeitszimmer zeitgem\u00e4\u00df einrichten m\u00f6chte, fokussiert sich auf unentbehrliche B\u00fcrom\u00f6bel, damit sich eine ebenso luftige wie unbeschwerte Atmosph\u00e4re ergibt. Diesem minimalistischen Kurs kommt entgegen, dass in der Gegenwart deutlich weniger Stauraum f\u00fcr Akten und Verbrauchsmaterialien ben\u00f6tigt wird als fr\u00fcher. Viele Dokumente werden nach der Erstellung am Computer sogleich digital archiviert und nicht mehr gedruckt. Auch die amtliche Post wird zunehmend auf papierlose Kommunikationsformen umgestellt. Deshalb gen\u00fcgt meist ein Regal, dass Sie bestenfalls selbst gestalten und pr\u00e4zise auf Ihre Bed\u00fcrfnisse abstimmen.<\/p>\n<p><a href=\"https:\/\/www.raum-blick.de\/string-zeitschriftenablage\"><img loading=\"lazy\" decoding=\"async\" class=\"aligncenter wp-image-3746 size-full\" title=\"Zeitschriftenablage Regalsystem von String\" src=\"https:\/\/www.raum-blick.de\/magazin\/wp-content\/uploads\/2017\/08\/Zeitschriftenablage-Regalsystem-von-String.jpg\" alt=\"Zeitschriftenablage Regalsystem von String\" width=\"600\" height=\"740\" srcset=\"https:\/\/raum-blick.de\/magazin\/wp-content\/uploads\/2017\/08\/Zeitschriftenablage-Regalsystem-von-String.jpg 600w, https:\/\/raum-blick.de\/magazin\/wp-content\/uploads\/2017\/08\/Zeitschriftenablage-Regalsystem-von-String-243x300.jpg 243w\" sizes=\"(max-width: 600px) 100vw, 600px\" \/><\/a><\/p>\n<h3><span class=\"ez-toc-section\" id=\"String\"><\/span>String<span class=\"ez-toc-section-end\"><\/span><\/h3>\n<p style=\"text-align: justify;\">Hierf\u00fcr eignet sich das umfangreiche <a href=\"https:\/\/www.raum-blick.de\/string\/\">Regalsystem String<\/a>, das Nisse Strinning im Jahr 1949 entwarf und bis heute in jeder Hinsicht \u00fcberzeugt. Integrieren Sie einen Schiebet\u00fcrenschrank und zwei bis vier Schubladen, damit Ordner und B\u00fcromaterialien aus dem Blickfeld verschwinden. Empfehlenswert sind offene Regale f\u00fcr die wenigen Nachschlagewerke, die bei der Arbeit noch in gedruckter Form genutzt werden.<\/p>\n<p><a href=\"https:\/\/www.raum-blick.de\/string-pocket-regal\"><img loading=\"lazy\" decoding=\"async\" class=\"aligncenter wp-image-3751 size-full\" title=\"Wandregal Pocket von String\" src=\"https:\/\/www.raum-blick.de\/magazin\/wp-content\/uploads\/2017\/08\/Wandregal-Pocket-von-String.jpg\" alt=\"Wandregal Pocket von String\" width=\"600\" height=\"600\" srcset=\"https:\/\/raum-blick.de\/magazin\/wp-content\/uploads\/2017\/08\/Wandregal-Pocket-von-String.jpg 600w, https:\/\/raum-blick.de\/magazin\/wp-content\/uploads\/2017\/08\/Wandregal-Pocket-von-String-150x150.jpg 150w, https:\/\/raum-blick.de\/magazin\/wp-content\/uploads\/2017\/08\/Wandregal-Pocket-von-String-300x300.jpg 300w\" sizes=\"(max-width: 600px) 100vw, 600px\" \/><\/a><\/p>\n<p style=\"text-align: justify;\">Eine clevere Erg\u00e4nzung sind mehrere Haken f\u00fcr die verstrebten Seitenteile, die sich f\u00fcr die Garderobe ebenso anbieten wie f\u00fcr das griffbereite Positionieren h\u00e4ufig verwendeter Utensilien. Wenn Sie den Entwurf in Ruhe angehen, beanspruchen die ma\u00dfgeschneiderten M\u00f6bel im Arbeitszimmer erstaunlich wenig Platz.<\/p>\n<h2><span class=\"ez-toc-section\" id=\"Zwei_Schreibtische_im_Arbeitszimmer_einrichten_%E2%80%93_sinnvolle_Dopplung_fuer_den_Workflow\"><\/span>Zwei Schreibtische im Arbeitszimmer einrichten \u2013 sinnvolle Dopplung f\u00fcr den Workflow<span class=\"ez-toc-section-end\"><\/span><\/h2>\n<p style=\"text-align: justify;\">Die gewonnenen Quadratmeter zahlen sich umgehend aus, wenn Sie die weiteren Bereiche im B\u00fcro gestalten. Im Rampenlicht steht der Arbeitsplatz, der frei im Raum arrangiert und im rechten Winkel zum naheliegenden Fenster ausgerichtet wird. Diese zu allen Seiten offene Platzierung ist angenehm, weil sich die Perspektive erweitert und die Arbeitsfl\u00e4che tags\u00fcber vom nat\u00fcrlichen Licht erfasst wird.<\/p>\n<p><a href=\"https:\/\/www.raum-blick.de\/riva-office-tisch-conmoto\"><img loading=\"lazy\" decoding=\"async\" class=\"aligncenter wp-image-3738 size-full\" title=\"Schreibtisch Riva von conmoto\" src=\"https:\/\/www.raum-blick.de\/magazin\/wp-content\/uploads\/2017\/08\/Schreibtisch-Riva-von-conmoto.jpg\" alt=\"Schreibtisch Riva von conmoto\" width=\"600\" height=\"600\" srcset=\"https:\/\/raum-blick.de\/magazin\/wp-content\/uploads\/2017\/08\/Schreibtisch-Riva-von-conmoto.jpg 600w, https:\/\/raum-blick.de\/magazin\/wp-content\/uploads\/2017\/08\/Schreibtisch-Riva-von-conmoto-150x150.jpg 150w, https:\/\/raum-blick.de\/magazin\/wp-content\/uploads\/2017\/08\/Schreibtisch-Riva-von-conmoto-300x300.jpg 300w\" sizes=\"(max-width: 600px) 100vw, 600px\" \/><\/a><\/p>\n<p style=\"text-align: justify;\">Da die meisten Dinge am PC ohne weiteres Zubeh\u00f6r erledigt und erg\u00e4nzende Ger\u00e4te wie der Drucker kabellos verbunden werden, bekennt sich auch ein moderner Office-Tisch zum reduzierten M\u00f6bel-Design. Hierf\u00fcr ist der <a href=\"https:\/\/www.raum-blick.de\/riva-office-tisch-conmoto\">Riva Schreibtisch von Conmoto<\/a> ein gelungenes Beispiel, das aus strapazierf\u00e4higen Hochdrucklaminat gefertigt wird und mit reichlich Beinfreiheit erfreut. In einem r\u00e4umlich entfernten Winkel gesellt sich ein zweiter Tisch hinzu, wenn Sie im gegenw\u00e4rtigen Stil ein B\u00fcro einrichten. Diese Distanz ist wichtig, um bei den empfohlenen Bildschirmpausen tats\u00e4chlich den Blick vom Monitor abzuwenden. Au\u00dferdem gen\u00fcgt bei einer Gedankenblockade h\u00e4ufig ein minimaler Ortswechsel, damit sich die ersehnten Geistesblitze einstellen.<\/p>\n<p><a href=\"https:\/\/www.raum-blick.de\/skagerak-georg-konsole-tisch\"><img loading=\"lazy\" decoding=\"async\" class=\"aligncenter wp-image-3740 size-full\" title=\"Schreibtisch Georg von Skagerak\" src=\"https:\/\/www.raum-blick.de\/magazin\/wp-content\/uploads\/2017\/08\/Schreibtisch-Georg-von-Skagerak.jpg\" alt=\"Schreibtisch Georg von Skagerak\" width=\"600\" height=\"600\" srcset=\"https:\/\/raum-blick.de\/magazin\/wp-content\/uploads\/2017\/08\/Schreibtisch-Georg-von-Skagerak.jpg 600w, https:\/\/raum-blick.de\/magazin\/wp-content\/uploads\/2017\/08\/Schreibtisch-Georg-von-Skagerak-150x150.jpg 150w, https:\/\/raum-blick.de\/magazin\/wp-content\/uploads\/2017\/08\/Schreibtisch-Georg-von-Skagerak-300x300.jpg 300w\" sizes=\"(max-width: 600px) 100vw, 600px\" \/><\/a><\/p>\n<p style=\"text-align: justify;\">F\u00fcr diesen Effekt sind B\u00fcrom\u00f6bel vorteilhaft, die sich vom origin\u00e4ren Arbeitsplatz unterscheiden. Zum Beispiel bildet der grazile <a href=\"https:\/\/www.raum-blick.de\/skagerak-georg-konsole-tisch\">Skagerak Konsolentisch Georg<\/a> aus Eiche einen deutlichen Kontrast zu dem gro\u00dfz\u00fcgigen Schreibtisch in strahlendem Wei\u00df.<\/p>\n<p><center><a href=\"https:\/\/www.raum-blick.de\/vluv-sitzball-stov-stoff\"><img loading=\"lazy\" decoding=\"async\" class=\"alignnone wp-image-3731 size-full\" title=\"Sitzball STOV von VLUV\" src=\"https:\/\/www.raum-blick.de\/magazin\/wp-content\/uploads\/2017\/08\/Sitzball-STOV-von-VLUV.jpg\" alt=\"Sitzball STOV von VLUV\" width=\"300\" height=\"300\" srcset=\"https:\/\/raum-blick.de\/magazin\/wp-content\/uploads\/2017\/08\/Sitzball-STOV-von-VLUV.jpg 300w, https:\/\/raum-blick.de\/magazin\/wp-content\/uploads\/2017\/08\/Sitzball-STOV-von-VLUV-150x150.jpg 150w\" sizes=\"(max-width: 300px) 100vw, 300px\" \/><\/a> <img loading=\"lazy\" decoding=\"async\" class=\"alignnone wp-image-3732 size-full\" title=\"Stuhl Visu Wood Base von Muuto\" src=\"https:\/\/www.raum-blick.de\/magazin\/wp-content\/uploads\/2017\/08\/Stuhl-Visu-Wood-Base-von-Muuto.jpg\" alt=\"Stuhl Visu Wood Base von Muuto\" width=\"300\" height=\"300\" srcset=\"https:\/\/raum-blick.de\/magazin\/wp-content\/uploads\/2017\/08\/Stuhl-Visu-Wood-Base-von-Muuto.jpg 300w, https:\/\/raum-blick.de\/magazin\/wp-content\/uploads\/2017\/08\/Stuhl-Visu-Wood-Base-von-Muuto-150x150.jpg 150w\" sizes=\"(max-width: 300px) 100vw, 300px\" \/><\/center><\/p>\n<p style=\"text-align: justify;\">Falls Sie bei der kreativen Pause oder dem handschriftlichen Brainstorming auch die K\u00f6rperhaltung variieren m\u00f6chten, bietet sich eine Kombination aus dem grauen Muuto Stuhl Visu Wood Base und dem exklusiven <a href=\"https:\/\/www.raum-blick.de\/vluv\/\">VLUV Sitzball<\/a>.<\/p>\n<h2><span class=\"ez-toc-section\" id=\"Mit_innovativer_Lichttechnik_das_Arbeitszimmer_gestalten\"><\/span>Mit innovativer Lichttechnik das Arbeitszimmer gestalten<span class=\"ez-toc-section-end\"><\/span><\/h2>\n<p style=\"text-align: justify;\">F\u00fcr ein rundum \u00fcberzeugendes Raumkonzept sind nat\u00fcrlich nicht nur B\u00fcrom\u00f6bel gefragt. Zu den wesentlichen Elementen beim fachkundigen Einrichten geh\u00f6rt eine Beleuchtung, die den funktionalen Anspr\u00fcchen gerecht wird und zum gew\u00fcnschten Flair passt. Den Bereich f\u00fcr die inspirierende Verschnaufpause rundet ein Ensemble der E27 Pendelleuchte treffend ab, die sich als Hommage an Thomas Edisons geniale Idee f\u00fcr eine Gl\u00fchlampe versteht.<\/p>\n<p><img loading=\"lazy\" decoding=\"async\" class=\"aligncenter wp-image-3728 size-full\" title=\"Pendelleuchte E27 von Muuto\" src=\"https:\/\/www.raum-blick.de\/magazin\/wp-content\/uploads\/2017\/08\/Pendelleuchte-E27-von-Muuto.jpg\" alt=\"Pendelleuchte E27 von Muuto\" width=\"600\" height=\"600\" srcset=\"https:\/\/raum-blick.de\/magazin\/wp-content\/uploads\/2017\/08\/Pendelleuchte-E27-von-Muuto.jpg 600w, https:\/\/raum-blick.de\/magazin\/wp-content\/uploads\/2017\/08\/Pendelleuchte-E27-von-Muuto-150x150.jpg 150w, https:\/\/raum-blick.de\/magazin\/wp-content\/uploads\/2017\/08\/Pendelleuchte-E27-von-Muuto-300x300.jpg 300w\" sizes=\"(max-width: 600px) 100vw, 600px\" \/><\/p>\n<p style=\"text-align: justify;\">Au\u00dferdem ist die Kollektion ein Gl\u00fccksgriff, wenn Sie das Arbeitszimmer so einrichten m\u00f6chten, dass sich eine individuelle Handschrift erkennen l\u00e4sst. Denn durch die Kombination von verschiedenen Farben und das Drapieren der langen Kabel ergeben sich einzigartige Lichtinstallationen. Da bei dem Design auf einen Lampenschirm verzichtet wird, hebt das mehrflammige Ensemble die Kreativ-Ecke hervor und \u00fcbernimmt zugleich den Part der Allgemeinbeleuchtung im Arbeitszimmer. Weitere Lichtquellen direkt am Arbeitsplatz bieten sich ebenfalls f\u00fcr einen \u00e4sthetischen Blickfang an, wenn Sie ein distinktives B\u00fcro einrichten m\u00f6chten. Auf diese Weise vereinen sich optische Highlights mit funktionaler Ausstattung.<\/p>\n<p><img loading=\"lazy\" decoding=\"async\" class=\"aligncenter wp-image-3724 size-full\" title=\"Tischleuchte Leaf von Muuto\" src=\"https:\/\/www.raum-blick.de\/magazin\/wp-content\/uploads\/2017\/08\/Tischleuchte-Leaf-von-Muuto.jpg\" alt=\"Tischleuchte Leaf von Muuto\" width=\"600\" height=\"600\" srcset=\"https:\/\/raum-blick.de\/magazin\/wp-content\/uploads\/2017\/08\/Tischleuchte-Leaf-von-Muuto.jpg 600w, https:\/\/raum-blick.de\/magazin\/wp-content\/uploads\/2017\/08\/Tischleuchte-Leaf-von-Muuto-150x150.jpg 150w, https:\/\/raum-blick.de\/magazin\/wp-content\/uploads\/2017\/08\/Tischleuchte-Leaf-von-Muuto-300x300.jpg 300w\" sizes=\"(max-width: 600px) 100vw, 600px\" \/><\/p>\n<p style=\"text-align: justify;\">W\u00e4hrend B\u00fcrom\u00f6bel weitgehend von einer kantigen Geometrie gepr\u00e4gt sind, zeichnet sich die Muuto Tischleuchte Leaf durch eine organische Formsprache aus. So ergeben sich beim Einrichten einerseits effektvolle Kontraste zu den klaren Linien im Arbeitszimmer. Andererseits wird eine galante Br\u00fccke zum Inventar aus naturbelassenem Holz geschlagen. Da eine Schreibtischlampe h\u00e4ufig zum Einsatz kommt, sind die energiesparenden Eigenschaften der integrierten LED-Module begr\u00fc\u00dfenswert. Gleiches gilt f\u00fcr den justierbaren Leuchtenkopf und die Dimmfunktion, wodurch sich die Lichtwirkung spontan an die Bed\u00fcrfnisse anpassen l\u00e4sst.<\/p>\n<h2><span class=\"ez-toc-section\" id=\"Dekoratives_Finish_mit_praktischen_Accessoires\"><\/span>Dekoratives Finish mit praktischen Accessoires<span class=\"ez-toc-section-end\"><\/span><\/h2>\n<p style=\"text-align: justify;\">Wer sich ein aufger\u00e4umtes und geistig erhellendes Ambiente im Arbeitszimmer w\u00fcnscht, sollte auf funktionslose Dekoration verzichten. Stattdessen haben hochwertige Designideen f\u00fcr die Organisation der Unterlagen und Utensilien die Nase vorn, wenn Sie das B\u00fcro einrichten. Brosch\u00fcren k\u00f6nnen in dem Zeitschriftenst\u00e4nder von Ferm Living geb\u00fcndelt werden, der sowohl wohnlich als auch schick wirkt.<\/p>\n<p><center><a href=\"https:\/\/www.raum-blick.de\/dania-ablage-skagerak\"><img loading=\"lazy\" decoding=\"async\" class=\"alignnone wp-image-3718 size-full\" title=\"Ablage Dania von Skagerak\" src=\"https:\/\/www.raum-blick.de\/magazin\/wp-content\/uploads\/2017\/08\/Ablage-Dania-von-Skagerak.jpg\" alt=\"Ablage Dania von Skagerak\" width=\"300\" height=\"300\" srcset=\"https:\/\/raum-blick.de\/magazin\/wp-content\/uploads\/2017\/08\/Ablage-Dania-von-Skagerak.jpg 300w, https:\/\/raum-blick.de\/magazin\/wp-content\/uploads\/2017\/08\/Ablage-Dania-von-Skagerak-150x150.jpg 150w\" sizes=\"(max-width: 300px) 100vw, 300px\" \/><\/a> <a href=\"https:\/\/www.raum-blick.de\/skagerak-nomad-letter-tray\"><img loading=\"lazy\" decoding=\"async\" class=\"alignnone wp-image-3719 size-full\" title=\"Ablage Nomad von Skagerak\" src=\"https:\/\/www.raum-blick.de\/magazin\/wp-content\/uploads\/2017\/08\/Ablage-Nomad-von-Skagerak.jpg\" alt=\"Ablage Nomad von Skagerak\" width=\"300\" height=\"300\" srcset=\"https:\/\/raum-blick.de\/magazin\/wp-content\/uploads\/2017\/08\/Ablage-Nomad-von-Skagerak.jpg 300w, https:\/\/raum-blick.de\/magazin\/wp-content\/uploads\/2017\/08\/Ablage-Nomad-von-Skagerak-150x150.jpg 150w\" sizes=\"(max-width: 300px) 100vw, 300px\" \/><\/a><\/center><\/p>\n<p style=\"text-align: justify;\">Da die Skagerak Ablagen Dania und Nomad aus massiven Holz gefertigt sind, tragen sie zum angenehmen Ambiente bei. An die \u00e4sthetische Klarheit des Schreibtischs kn\u00fcpfen hingegen die Xero Utensilienboxen aus Edelstahl von Zack an, die sich f\u00fcr Stifte und \u00e4hnliches B\u00fcrozubeh\u00f6r eignen.<\/p>\n<p><center><img loading=\"lazy\" decoding=\"async\" class=\"alignnone wp-image-3712 size-full\" title=\"Utensilienbox XERO von Zack\" src=\"https:\/\/www.raum-blick.de\/magazin\/wp-content\/uploads\/2017\/08\/Utensilienbox-XERO-von-Zack.jpg\" alt=\"Utensilienbox XERO von Zack\" width=\"300\" height=\"300\" srcset=\"https:\/\/raum-blick.de\/magazin\/wp-content\/uploads\/2017\/08\/Utensilienbox-XERO-von-Zack.jpg 300w, https:\/\/raum-blick.de\/magazin\/wp-content\/uploads\/2017\/08\/Utensilienbox-XERO-von-Zack-150x150.jpg 150w\" sizes=\"(max-width: 300px) 100vw, 300px\" \/> <img loading=\"lazy\" decoding=\"async\" class=\"alignnone wp-image-3713 size-full\" title=\"Zeitschriftenst\u00e4nder von ferm Living\" src=\"https:\/\/www.raum-blick.de\/magazin\/wp-content\/uploads\/2017\/08\/Zeitschriftenstaender-von-ferm-Living.jpg\" alt=\"Zeitschriftenstaender von ferm Living\" width=\"300\" height=\"300\" srcset=\"https:\/\/raum-blick.de\/magazin\/wp-content\/uploads\/2017\/08\/Zeitschriftenstaender-von-ferm-Living.jpg 300w, https:\/\/raum-blick.de\/magazin\/wp-content\/uploads\/2017\/08\/Zeitschriftenstaender-von-ferm-Living-150x150.jpg 150w\" sizes=\"(max-width: 300px) 100vw, 300px\" \/><\/center><\/p>\n<p style=\"text-align: justify;\">Wenn Sie angesichts des puristischen Konzepts die stimulierende Wirkung von farbigen Wandanstrichen vermissen, sind \u00fcbrigens Leucht-M\u00f6bel mit gezielter Farbwahl eine interessante Alternative. So k\u00f6nnen Sie sich passend zu der aktuellen Stimmung oder den anstehenden Aufgaben f\u00fcr eine Nuance entscheiden, die belebt, beruhigt oder die Konzentration f\u00f6rdert.<\/p>\n","protected":false},"excerpt":{"rendered":"<p>\u00ab B\u00fcro stilvoll und funktional gestalten \u00bb Im B\u00fcro m\u00f6chten Sie verschiedene Aufgaben konzentriert angehen und erfolgreich umsetzen. Dieses rationale Bed\u00fcrfnis verf\u00fchrt dazu, die Raumgestaltung sehr n\u00fcchtern und pragmatisch anzugehen. Allerdings setzt motiviertes Schaffen voraus, dass Sie sich wohlf\u00fchlen. Deshalb legen Innenarchitekten auf die geeignete \u00c4sthetik der B\u00fcrom\u00f6bel ebenso viel wert wie auf die zeitgem\u00e4\u00dfe [&hellip;]<\/p>\n","protected":false},"author":4,"featured_media":3753,"comment_status":"closed","ping_status":"open","sticky":false,"template":"","format":"standard","meta":{"_et_pb_use_builder":"","_et_pb_old_content":"","_et_gb_content_width":"","inline_featured_image":false,"footnotes":""},"categories":[1],"tags":[420,418,419,65,206,239,47,299,16,300,77,347,19,15,24,64,46,421,348,25,44,298,422],"class_list":["post-3706","post","type-post","status-publish","format-standard","has-post-thumbnail","hentry","category-drinnen","tag-ablagen","tag-arbeitszimmer","tag-buero","tag-conmoto","tag-ferm-living","tag-muuto","tag-pendelleuchten","tag-regalboeden","tag-regalsysteme","tag-schraenke","tag-schreibtische","tag-sitzbaelle","tag-skagerak","tag-string","tag-string-pocket","tag-stuehle","tag-tischleuchten","tag-utensilienboxen","tag-vluv","tag-wandregale","tag-zack","tag-zeitschriftenablagen","tag-zeitschriftenstaender"],"_links":{"self":[{"href":"https:\/\/raum-blick.de\/magazin\/wp-json\/wp\/v2\/posts\/3706","targetHints":{"allow":["GET"]}}],"collection":[{"href":"https:\/\/raum-blick.de\/magazin\/wp-json\/wp\/v2\/posts"}],"about":[{"href":"https:\/\/raum-blick.de\/magazin\/wp-json\/wp\/v2\/types\/post"}],"author":[{"embeddable":true,"href":"https:\/\/raum-blick.de\/magazin\/wp-json\/wp\/v2\/users\/4"}],"replies":[{"embeddable":true,"href":"https:\/\/raum-blick.de\/magazin\/wp-json\/wp\/v2\/comments?post=3706"}],"version-history":[{"count":37,"href":"https:\/\/raum-blick.de\/magazin\/wp-json\/wp\/v2\/posts\/3706\/revisions"}],"predecessor-version":[{"id":9244,"href":"https:\/\/raum-blick.de\/magazin\/wp-json\/wp\/v2\/posts\/3706\/revisions\/9244"}],"wp:featuredmedia":[{"embeddable":true,"href":"https:\/\/raum-blick.de\/magazin\/wp-json\/wp\/v2\/media\/3753"}],"wp:attachment":[{"href":"https:\/\/raum-blick.de\/magazin\/wp-json\/wp\/v2\/media?parent=3706"}],"wp:term":[{"taxonomy":"category","embeddable":true,"href":"https:\/\/raum-blick.de\/magazin\/wp-json\/wp\/v2\/categories?post=3706"},{"taxonomy":"post_tag","embeddable":true,"href":"https:\/\/raum-blick.de\/magazin\/wp-json\/wp\/v2\/tags?post=3706"}],"curies":[{"name":"wp","href":"https:\/\/api.w.org\/{rel}","templated":true}]}}