{"id":3319,"date":"2017-07-05T15:50:38","date_gmt":"2017-07-05T13:50:38","guid":{"rendered":"https:\/\/www.raum-blick.de\/magazin\/?p=3319"},"modified":"2022-02-28T09:15:22","modified_gmt":"2022-02-28T08:15:22","slug":"skagerak-garderoben","status":"publish","type":"post","link":"https:\/\/raum-blick.de\/magazin\/skagerak-garderoben\/","title":{"rendered":"Skagerak Garderoben"},"content":{"rendered":"<h2><span class=\"ez-toc-section\" id=\"%C2%AB_Leidenschaft_fuer_Holz_%C2%BB\"><\/span>\u00ab Leidenschaft f\u00fcr Holz \u00bb<span class=\"ez-toc-section-end\"><\/span><\/h2>\n<p style=\"text-align: justify;\"><strong>Nat\u00fcrliche Werkstoffe begeistern mit ihrem unverg\u00e4nglichen Charisma. Funktional brillante Designideen faszinieren zeitlos. Die Skagerak Garderobe Cutter und die Kollektion Georg vereinen beide Aspekte auf ihre ganz besonders kompakte Weise. Deshalb bereichern die Holzm\u00f6bel nicht nur langfristig das Interieur, sondern wachsen den Bewohnern regelrecht ans Herz. Wir stellen Ihnen diese formsch\u00f6nen und praktischen Objekte f\u00fcr den Eingangsbereich vor.<\/strong><\/p>\n<h2><span class=\"ez-toc-section\" id=\"Zeitlos_schicke_und_praktische_Holzmoebel_fuer_den_Flur\"><\/span>Zeitlos schicke und praktische Holzm\u00f6bel f\u00fcr den Flur<span class=\"ez-toc-section-end\"><\/span><\/h2>\n<p style=\"text-align: justify;\">Seit mehr als vierzig Jahren pr\u00e4sentiert <a href=\"https:\/\/www.raum-blick.de\/skagerak\/\">Skagerak<\/a> Kollektionen f\u00fcr die Wohnwelt, die allen Generationen gefallen. Dieser Erfolg ist dem Respekt vor der skandinavischen Designtradition ebenso zu verdanken wie der Vorliebe zu hochwertigem Holz. Der solide Werkstoff soll jedoch nicht nur \u00e4sthetisch in Szene gesetzt werden, sondern auch im zeitlosen Design die Jahre \u00fcberdauern. Es geht um nachhaltige Objekte, die f\u00fcrs wahrhaftige Leben geschaffen wurden. Deshalb arbeitet das renommierte Familienunternehmen mit hochtalentierten Designern zusammen, die sich bei ihrer kreativen T\u00e4tigkeit an einer \u00e4hnlichen Philosophie orientieren.<\/p><div id=\"ez-toc-container\" class=\"ez-toc-v2_0_82_2 counter-hierarchy ez-toc-counter ez-toc-grey ez-toc-container-direction\">\n<div class=\"ez-toc-title-container\">\n<p class=\"ez-toc-title\" style=\"cursor:inherit\">Was hier auf Sie wartet<\/p>\n<span class=\"ez-toc-title-toggle\"><a href=\"#\" class=\"ez-toc-pull-right ez-toc-btn ez-toc-btn-xs ez-toc-btn-default ez-toc-toggle\" aria-label=\"Toggle Table of Content\"><span class=\"ez-toc-js-icon-con\"><span class=\"\"><span class=\"eztoc-hide\" style=\"display:none;\">Toggle<\/span><span class=\"ez-toc-icon-toggle-span\"><svg style=\"fill: #999;color:#999\" xmlns=\"http:\/\/www.w3.org\/2000\/svg\" class=\"list-377408\" width=\"20px\" height=\"20px\" viewBox=\"0 0 24 24\" fill=\"none\"><path d=\"M6 6H4v2h2V6zm14 0H8v2h12V6zM4 11h2v2H4v-2zm16 0H8v2h12v-2zM4 16h2v2H4v-2zm16 0H8v2h12v-2z\" fill=\"currentColor\"><\/path><\/svg><svg style=\"fill: #999;color:#999\" class=\"arrow-unsorted-368013\" xmlns=\"http:\/\/www.w3.org\/2000\/svg\" width=\"10px\" height=\"10px\" viewBox=\"0 0 24 24\" version=\"1.2\" baseProfile=\"tiny\"><path d=\"M18.2 9.3l-6.2-6.3-6.2 6.3c-.2.2-.3.4-.3.7s.1.5.3.7c.2.2.4.3.7.3h11c.3 0 .5-.1.7-.3.2-.2.3-.5.3-.7s-.1-.5-.3-.7zM5.8 14.7l6.2 6.3 6.2-6.3c.2-.2.3-.5.3-.7s-.1-.5-.3-.7c-.2-.2-.4-.3-.7-.3h-11c-.3 0-.5.1-.7.3-.2.2-.3.5-.3.7s.1.5.3.7z\"\/><\/svg><\/span><\/span><\/span><\/a><\/span><\/div>\n<nav><ul class='ez-toc-list ez-toc-list-level-1 ' ><li class='ez-toc-page-1 ez-toc-heading-level-2'><a class=\"ez-toc-link ez-toc-heading-1\" href=\"https:\/\/raum-blick.de\/magazin\/skagerak-garderoben\/#%C2%AB_Leidenschaft_fuer_Holz_%C2%BB\" >\u00ab Leidenschaft f\u00fcr Holz \u00bb<\/a><\/li><li class='ez-toc-page-1 ez-toc-heading-level-2'><a class=\"ez-toc-link ez-toc-heading-2\" href=\"https:\/\/raum-blick.de\/magazin\/skagerak-garderoben\/#Zeitlos_schicke_und_praktische_Holzmoebel_fuer_den_Flur\" >Zeitlos schicke und praktische Holzm\u00f6bel f\u00fcr den Flur<\/a><\/li><li class='ez-toc-page-1 ez-toc-heading-level-2'><a class=\"ez-toc-link ez-toc-heading-3\" href=\"https:\/\/raum-blick.de\/magazin\/skagerak-garderoben\/#Formschoene_Lieblingsmoebel_fuer_die_unkomplizierte_Lebensart\" >Formsch\u00f6ne Lieblingsm\u00f6bel f\u00fcr die unkomplizierte Lebensart<\/a><\/li><li class='ez-toc-page-1 ez-toc-heading-level-2'><a class=\"ez-toc-link ez-toc-heading-4\" href=\"https:\/\/raum-blick.de\/magazin\/skagerak-garderoben\/#Daenisch-japanische_Melange_fuer_die_harmonische_Raumgestaltung\" >D\u00e4nisch-japanische Melange f\u00fcr die harmonische Raumgestaltung<\/a><\/li><li class='ez-toc-page-1 ez-toc-heading-level-2'><a class=\"ez-toc-link ez-toc-heading-5\" href=\"https:\/\/raum-blick.de\/magazin\/skagerak-garderoben\/#Viel_Spielraum_fuer_individuelle_Akzente\" >Viel Spielraum f\u00fcr individuelle Akzente<\/a><\/li><\/ul><\/nav><\/div>\n\n<p><a href=\"https:\/\/www.raum-blick.de\/skagerak-cutter-garderobe\"><img loading=\"lazy\" decoding=\"async\" class=\"aligncenter wp-image-3344 size-full\" title=\"Skagerak Garderobe Cutter\" src=\"https:\/\/www.raum-blick.de\/magazin\/wp-content\/uploads\/2017\/07\/Skagerak-Garderobe-Cutter.jpg\" alt=\"Skagerak Garderobe Cutter\" width=\"600\" height=\"600\" srcset=\"https:\/\/raum-blick.de\/magazin\/wp-content\/uploads\/2017\/07\/Skagerak-Garderobe-Cutter.jpg 600w, https:\/\/raum-blick.de\/magazin\/wp-content\/uploads\/2017\/07\/Skagerak-Garderobe-Cutter-150x150.jpg 150w, https:\/\/raum-blick.de\/magazin\/wp-content\/uploads\/2017\/07\/Skagerak-Garderobe-Cutter-300x300.jpg 300w\" sizes=\"(max-width: 600px) 100vw, 600px\" \/><\/a><\/p>\n<p style=\"text-align: justify;\">Wie ansprechend diese Markenidentit\u00e4t in die Praxis umgesetzt wird, verdeutlicht ein Blick auf die Serie Skagerak Cutter. Zu den zentralen Elementen der Kollektion geh\u00f6rt eine rechteckige Garderobe aus Holz, die von einer formalen Klarheit gekennzeichnet ist und der massiven Eiche oder dem robusten Teak das Rampenlicht einr\u00e4umt.<\/p>\n<p><img loading=\"lazy\" decoding=\"async\" class=\"aligncenter wp-image-3366 size-full\" title=\"Skagerak Kleiderb\u00fcgel: Passt perfekt zu allen Skagerak Garderoben\" src=\"https:\/\/www.raum-blick.de\/magazin\/wp-content\/uploads\/2017\/07\/Skagerak-Kleiderbuegel.jpg\" alt=\"Skagerak Kleiderbuegel\" width=\"600\" height=\"600\" srcset=\"https:\/\/raum-blick.de\/magazin\/wp-content\/uploads\/2017\/07\/Skagerak-Kleiderbuegel.jpg 600w, https:\/\/raum-blick.de\/magazin\/wp-content\/uploads\/2017\/07\/Skagerak-Kleiderbuegel-150x150.jpg 150w, https:\/\/raum-blick.de\/magazin\/wp-content\/uploads\/2017\/07\/Skagerak-Kleiderbuegel-300x300.jpg 300w\" sizes=\"(max-width: 600px) 100vw, 600px\" \/><\/p>\n<p style=\"text-align: justify;\">Trotz des puristischen Entwurfs weckt die Skagerak Garderobe angenehme Emotionen beim Betrachter. Die warme Aura des nat\u00fcrlichen Materials tr\u00e4gt dazu ebenso bei wie die lamellenartige Konzeption. Denn diese weckt bewusst Assoziationen mit klassischen Gartenm\u00f6beln. Dadurch profitiert der Raum von einer Prise Nostalgie, w\u00e4hrend Sie an legere Urlaubsszenarien denken m\u00fcssen.<\/p>\n<p><a href=\"https:\/\/www.raum-blick.de\/skagerak-pilot-kleiderbuegel\"><img loading=\"lazy\" decoding=\"async\" class=\"aligncenter wp-image-3327 size-full\" title=\"Skagerak Garderobe Cutter: Kleiderb\u00fcgel k\u00f6nnen eingeh\u00e4ngt werden\" src=\"https:\/\/www.raum-blick.de\/magazin\/wp-content\/uploads\/2017\/07\/Skagerak-Garderobe-Cutter-Kleiderbuegel-koennen-eingehaengt-werden.jpg\" alt=\"Skagerak Garderobe Cutter Kleiderbuegel koennen eingehaengt werden\" width=\"600\" height=\"600\" srcset=\"https:\/\/raum-blick.de\/magazin\/wp-content\/uploads\/2017\/07\/Skagerak-Garderobe-Cutter-Kleiderbuegel-koennen-eingehaengt-werden.jpg 600w, https:\/\/raum-blick.de\/magazin\/wp-content\/uploads\/2017\/07\/Skagerak-Garderobe-Cutter-Kleiderbuegel-koennen-eingehaengt-werden-150x150.jpg 150w, https:\/\/raum-blick.de\/magazin\/wp-content\/uploads\/2017\/07\/Skagerak-Garderobe-Cutter-Kleiderbuegel-koennen-eingehaengt-werden-300x300.jpg 300w\" sizes=\"(max-width: 600px) 100vw, 600px\" \/><\/a><\/p>\n<p style=\"text-align: justify;\">Obendrein bew\u00e4hrt sich die Unterteilung in Lamellen auch praktisch, da bei Bedarf Kleiderb\u00fcgel eingeh\u00e4ngt werden k\u00f6nnen. So bietet die Wandgarderobe weit mehr Platz f\u00fcr die Ablage von Jacken und Accessoires, als Sie zun\u00e4chst vermuten.<\/p>\n<h2><span class=\"ez-toc-section\" id=\"Formschoene_Lieblingsmoebel_fuer_die_unkomplizierte_Lebensart\"><\/span>Formsch\u00f6ne Lieblingsm\u00f6bel f\u00fcr die unkomplizierte Lebensart<span class=\"ez-toc-section-end\"><\/span><\/h2>\n<p style=\"text-align: justify;\">Hinter der sowohl stilvollen als auch praktisch durchdachten Skagerak Garderobe steht ein d\u00e4nischer Designer, der bereits viele Auszeichnungen erhielt und zu den bedeutenden Akteuren in der skandinavischen Kunstszene z\u00e4hlt.<\/p>\n<p><img loading=\"lazy\" decoding=\"async\" class=\"aligncenter wp-image-3330 size-full\" title=\"Skagerak Bank Cutter\" src=\"https:\/\/www.raum-blick.de\/magazin\/wp-content\/uploads\/2017\/07\/Skagerak-Bank-Cutter.jpg\" alt=\"Skagerak Bank Cutter\" width=\"600\" height=\"600\" srcset=\"https:\/\/raum-blick.de\/magazin\/wp-content\/uploads\/2017\/07\/Skagerak-Bank-Cutter.jpg 600w, https:\/\/raum-blick.de\/magazin\/wp-content\/uploads\/2017\/07\/Skagerak-Bank-Cutter-150x150.jpg 150w, https:\/\/raum-blick.de\/magazin\/wp-content\/uploads\/2017\/07\/Skagerak-Bank-Cutter-300x300.jpg 300w\" sizes=\"(max-width: 600px) 100vw, 600px\" \/><\/p>\n<p style=\"text-align: justify;\">Niels Hvass konzipierte im Jahr 1999 die Cutter Bank, aus der sich die beliebte Garderobenserie entwickelte. Er bevorzugt einfache Ideen, die ausgesprochen ehrlich erscheinen und sich aus dem neugierigen Respekt f\u00fcr das Material ergeben. So entstehen Designobjekte, die sich an den allt\u00e4glichen Bed\u00fcrfnissen orientieren und zu denen der Nutzer zunehmend eine emotionale Bindung aufbaut.<\/p>\n<p><a href=\"https:\/\/www.raum-blick.de\/skagerak-cutter-mini-garderobe\"><img loading=\"lazy\" decoding=\"async\" class=\"aligncenter wp-image-3333 size-full\" title=\"Skagerak Mini-Garderobe Cutter\" src=\"https:\/\/www.raum-blick.de\/magazin\/wp-content\/uploads\/2017\/07\/Skagerak-Mini-Garderobe-Cutter.jpg\" alt=\"Skagerak Mini Garderobe Cutter\" width=\"600\" height=\"600\" srcset=\"https:\/\/raum-blick.de\/magazin\/wp-content\/uploads\/2017\/07\/Skagerak-Mini-Garderobe-Cutter.jpg 600w, https:\/\/raum-blick.de\/magazin\/wp-content\/uploads\/2017\/07\/Skagerak-Mini-Garderobe-Cutter-150x150.jpg 150w, https:\/\/raum-blick.de\/magazin\/wp-content\/uploads\/2017\/07\/Skagerak-Mini-Garderobe-Cutter-300x300.jpg 300w\" sizes=\"(max-width: 600px) 100vw, 600px\" \/><\/a><\/p>\n<p style=\"text-align: justify;\">Rund drei\u00dfig Zentimeter beansprucht die Mini-Garderobe aus Holz, die sich auch in einem sehr kleinen Flur problemlos integrieren l\u00e4sst.<\/p>\n<p style=\"text-align: justify;\"><a href=\"https:\/\/www.raum-blick.de\/skagerak-cutter-kleiderleiste\"><img loading=\"lazy\" decoding=\"async\" class=\"alignleft wp-image-3342 size-full\" title=\"Skagerak Kleiderleiste Cutter\" src=\"https:\/\/www.raum-blick.de\/magazin\/wp-content\/uploads\/2017\/07\/Skagerak-Kleiderleiste-Cutter.jpg\" alt=\"Skagerak Kleiderleiste Cutter\" width=\"371\" height=\"500\" srcset=\"https:\/\/raum-blick.de\/magazin\/wp-content\/uploads\/2017\/07\/Skagerak-Kleiderleiste-Cutter.jpg 371w, https:\/\/raum-blick.de\/magazin\/wp-content\/uploads\/2017\/07\/Skagerak-Kleiderleiste-Cutter-223x300.jpg 223w\" sizes=\"(max-width: 371px) 100vw, 371px\" \/><\/a>Trotz des kompakten Auftritts treffen Sie auf Kleiderhaken, eine Kleiderstange und eine Ablage, wodurch das Raumwunder alle gew\u00fcnschten Eigenschaften einer gew\u00f6hnlichen Garderobe abdeckt.<\/p>\n<p style=\"text-align: justify;\">Auch die rundum praktische Kleiderleiste der Serie schmiegt sich eng an die Wand und wirkt mit ihrem Duett aus naturbelassenem Geh\u00f6lz und k\u00fchlem Metall schlicht schick.<\/p>\n<p style=\"text-align: justify;\">Dass das \u00e4sthetische Design den individuellen Bed\u00fcrfnissen entgegenkommt und mit vielen Einrichtungsideen harmoniert, ist der Clou bei den Lieblingsst\u00fccken aus der Feder von Niels Hvass.<\/p>\n<h2><span class=\"ez-toc-section\" id=\"Daenisch-japanische_Melange_fuer_die_harmonische_Raumgestaltung\"><\/span>D\u00e4nisch-japanische Melange f\u00fcr die harmonische Raumgestaltung<span class=\"ez-toc-section-end\"><\/span><\/h2>\n<p style=\"text-align: justify;\">\u00c4hnlich minimalistisch wie die Garderobe Cutter pr\u00e4sentiert sich die Kollektion Skagerak Georg, die 2013 ins Sortiment der d\u00e4nischen Marke aufgenommen wurde.<\/p>\n<p><img loading=\"lazy\" decoding=\"async\" class=\"aligncenter wp-image-3364 size-full\" title=\"Skagerak Garderobe mit Spiegel Push\" src=\"https:\/\/www.raum-blick.de\/magazin\/wp-content\/uploads\/2017\/07\/Skagerak-Garderobe-mit-Spiegel-Push.jpg\" alt=\"Skagerak Garderobe mit Spiegel Push\" width=\"600\" height=\"653\" srcset=\"https:\/\/raum-blick.de\/magazin\/wp-content\/uploads\/2017\/07\/Skagerak-Garderobe-mit-Spiegel-Push.jpg 600w, https:\/\/raum-blick.de\/magazin\/wp-content\/uploads\/2017\/07\/Skagerak-Garderobe-mit-Spiegel-Push-276x300.jpg 276w\" sizes=\"(max-width: 600px) 100vw, 600px\" \/><\/p>\n<p style=\"text-align: justify;\">Wenngleich sich auch diese Kollektion auf den funktionalen Nutzen und die nat\u00fcrlich sch\u00f6ne \u00c4sthetik von Holzm\u00f6beln fokussiert, entfaltet das Design eine v\u00f6llig andere Aura. Die weltoffene Christina Liljenberg Halstr\u00f8m liebt ihr Zuhause in Kopenhagen und h\u00e4lt an typischen Merkmalen des skandinavischen Wohnens fest. Gleichzeitig bringt sie Zitate aus der japanischen Designkultur der Gegenwart ein. Diese zeichnet sich durch eine traditionelle Strenge mit dem konsequenten Verzicht auf Dekor ebenso aus wie durch Elemente aus dem Bauhausstil, die der Designer Masaru Katsumie in Japan popul\u00e4r machte. So g\u00f6nnt Halstr\u00f8m dem Naturmaterial ein uneingeschr\u00e4nktes Solo.<\/p>\n<p><img loading=\"lazy\" decoding=\"async\" class=\"aligncenter wp-image-3348 size-full\" title=\"Skagerak Stand-Garderobe Georg\" src=\"https:\/\/www.raum-blick.de\/magazin\/wp-content\/uploads\/2017\/07\/Skagerak-Stand-Garderobe-Georg.jpg\" alt=\"Skagerak Stand Garderobe Georg\" width=\"600\" height=\"729\" srcset=\"https:\/\/raum-blick.de\/magazin\/wp-content\/uploads\/2017\/07\/Skagerak-Stand-Garderobe-Georg.jpg 600w, https:\/\/raum-blick.de\/magazin\/wp-content\/uploads\/2017\/07\/Skagerak-Stand-Garderobe-Georg-247x300.jpg 247w\" sizes=\"(max-width: 600px) 100vw, 600px\" \/><\/p>\n<p style=\"text-align: justify;\">Dass f\u00fcr die Konstruktion der diskret extravaganten Kollektion Skagerak Georg mehr oder minder einige runde Holzstangen gen\u00fcgen, unterstreicht das bemerkenswerte Talent der Designerin. Dank der reduzierten \u00c4sthetik scheint die Standgarderobe ebenso im Raum zu schweben wie die Kleiderstange.<\/p>\n<p><a href=\"https:\/\/www.raum-blick.de\/skagerak-georg-bank\"><img loading=\"lazy\" decoding=\"async\" class=\"aligncenter wp-image-3353 size-full\" title=\"Skagerak Bank Georg\" src=\"https:\/\/www.raum-blick.de\/magazin\/wp-content\/uploads\/2017\/07\/Skagerak-Bank-Georg.jpg\" alt=\"Skagerak Bank Georg\" width=\"600\" height=\"600\" srcset=\"https:\/\/raum-blick.de\/magazin\/wp-content\/uploads\/2017\/07\/Skagerak-Bank-Georg.jpg 600w, https:\/\/raum-blick.de\/magazin\/wp-content\/uploads\/2017\/07\/Skagerak-Bank-Georg-150x150.jpg 150w, https:\/\/raum-blick.de\/magazin\/wp-content\/uploads\/2017\/07\/Skagerak-Bank-Georg-300x300.jpg 300w\" sizes=\"(max-width: 600px) 100vw, 600px\" \/><\/a><\/p>\n<p style=\"text-align: justify;\">Eine sch\u00f6ne <a href=\"https:\/\/www.raum-blick.de\/skagerak-georg-bank\">Skagerak Georg Bank<\/a> oder ein passender Hocker aus der Kollektion k\u00f6nnen das dezente Flair noch gut unterstreichen. Wenn Sie nach einem Mobiliar suchen, dass die Atmosph\u00e4re in keiner Weise beschwert, ist die asiatisch angehauchte Garderobenkollektion ein Traum.<\/p>\n<h2><span class=\"ez-toc-section\" id=\"Viel_Spielraum_fuer_individuelle_Akzente\"><\/span>Viel Spielraum f\u00fcr individuelle Akzente<span class=\"ez-toc-section-end\"><\/span><\/h2>\n<p style=\"text-align: justify;\">Neben der pointierten Funktionalit\u00e4t haben die Linien Skagerak Cutter und Georg noch eine Gemeinsamkeit: Das renommierte Unternehmen mit Sitz in Aalborg gibt Ihnen ein vielseitiges Portfolio an die Hand, mit dem Sie eine einzigartige Garderobe entwerfen k\u00f6nnen. Alle Kleiderleisten, Ablagen, B\u00e4nke und weiteren M\u00f6bel sind einzeln sowie in verschiedenen Ausf\u00fchrungen erh\u00e4ltlich. Zum Beispiel variiert die Gr\u00f6\u00dfe, die Holzart oder die Farbe der Oberfl\u00e4che.<\/p>\n<p><a href=\"https:\/\/www.raum-blick.de\/skagerak-georg-garderobe\"><img loading=\"lazy\" decoding=\"async\" class=\"aligncenter wp-image-3351 size-full\" title=\"Skagerak Garderobenleiste Georg\" src=\"https:\/\/www.raum-blick.de\/magazin\/wp-content\/uploads\/2017\/07\/Skagerak-Garderobenleiste-Georg.jpg\" alt=\"Skagerak Garderobenleiste Georg\" width=\"600\" height=\"600\" srcset=\"https:\/\/raum-blick.de\/magazin\/wp-content\/uploads\/2017\/07\/Skagerak-Garderobenleiste-Georg.jpg 600w, https:\/\/raum-blick.de\/magazin\/wp-content\/uploads\/2017\/07\/Skagerak-Garderobenleiste-Georg-150x150.jpg 150w, https:\/\/raum-blick.de\/magazin\/wp-content\/uploads\/2017\/07\/Skagerak-Garderobenleiste-Georg-300x300.jpg 300w\" sizes=\"(max-width: 600px) 100vw, 600px\" \/><\/a><\/p>\n<p style=\"text-align: justify;\">Es bleibt dem Nutzer \u00fcberlassen, wie viele Komponenten in welcher Art und Weise kombiniert werden. So ergibt sich bei einer auffallend symmetrischen Montage ein vollkommen anderer Eindruck als bei einem lockeren Arrangement oder der Integration von farblichen Kontrasten.<\/p>\n<p><img loading=\"lazy\" decoding=\"async\" class=\"aligncenter wp-image-3360 size-full\" title=\"Skagerak Wandgarderobe Poly\" src=\"https:\/\/www.raum-blick.de\/magazin\/wp-content\/uploads\/2017\/07\/Skagerak-Wandgarderobe-Poly.jpg\" alt=\"Skagerak Wandgarderobe Poly\" width=\"600\" height=\"600\" srcset=\"https:\/\/raum-blick.de\/magazin\/wp-content\/uploads\/2017\/07\/Skagerak-Wandgarderobe-Poly.jpg 600w, https:\/\/raum-blick.de\/magazin\/wp-content\/uploads\/2017\/07\/Skagerak-Wandgarderobe-Poly-150x150.jpg 150w, https:\/\/raum-blick.de\/magazin\/wp-content\/uploads\/2017\/07\/Skagerak-Wandgarderobe-Poly-300x300.jpg 300w\" sizes=\"(max-width: 600px) 100vw, 600px\" \/><\/p>\n<p style=\"text-align: justify;\">Au\u00dferdem versteht sich die Verwendung f\u00fcr die Flurgestaltung nur als Anregung. Beide Kollektionen eignen sich f\u00fcr enorm viele Zwecke in allen R\u00e4umen und teilweise sogar f\u00fcr die Ausstattung des Balkons oder der Terrasse. Demnach spricht nichts dagegen, dass aus Ihrer heutigen Holzgarderobe in den kommenden Jahren eine Handtuchablage im Bad oder ein luftig leichtes Regal im Schlafzimmer wird.<\/p>\n<p><a href=\"https:\/\/www.raum-blick.de\/skagerak-georg-konsole-tisch\"><img loading=\"lazy\" decoding=\"async\" class=\"aligncenter wp-image-3356 size-full\" title=\"Skagerak Konsole Tisch Georg\" src=\"https:\/\/www.raum-blick.de\/magazin\/wp-content\/uploads\/2017\/07\/Skagerak-Konsole-Tisch-Georg.jpg\" alt=\"Skagerak Konsole Tisch Georg\" width=\"600\" height=\"600\" srcset=\"https:\/\/raum-blick.de\/magazin\/wp-content\/uploads\/2017\/07\/Skagerak-Konsole-Tisch-Georg.jpg 600w, https:\/\/raum-blick.de\/magazin\/wp-content\/uploads\/2017\/07\/Skagerak-Konsole-Tisch-Georg-150x150.jpg 150w, https:\/\/raum-blick.de\/magazin\/wp-content\/uploads\/2017\/07\/Skagerak-Konsole-Tisch-Georg-300x300.jpg 300w\" sizes=\"(max-width: 600px) 100vw, 600px\" \/><\/a><\/p>\n<p style=\"text-align: justify;\">Eben diese Offenheit f\u00fcr Ihre wechselnden Bed\u00fcrfnisse begr\u00fcndet die lebenslange Faszination, die der Marke Skagerak und ihrem kreativen Team bei jedem Produkt vorschwebt.<\/p>\n","protected":false},"excerpt":{"rendered":"<p>\u00ab Leidenschaft f\u00fcr Holz \u00bb Nat\u00fcrliche Werkstoffe begeistern mit ihrem unverg\u00e4nglichen Charisma. Funktional brillante Designideen faszinieren zeitlos. Die Skagerak Garderobe Cutter und die Kollektion Georg vereinen beide Aspekte auf ihre ganz besonders kompakte Weise. Deshalb bereichern die Holzm\u00f6bel nicht nur langfristig das Interieur, sondern wachsen den Bewohnern regelrecht ans Herz. Wir stellen Ihnen diese formsch\u00f6nen [&hellip;]<\/p>\n","protected":false},"author":4,"featured_media":3359,"comment_status":"closed","ping_status":"open","sticky":false,"template":"","format":"standard","meta":{"_et_pb_use_builder":"","_et_pb_old_content":"","_et_gb_content_width":"","inline_featured_image":false,"footnotes":""},"categories":[8],"tags":[332,157,331,149,385,381,383,384,19,154,382,151,386],"class_list":["post-3319","post","type-post","status-publish","format-standard","has-post-thumbnail","hentry","category-features","tag-bank","tag-baenke","tag-garderobe","tag-garderoben","tag-garderobenleisten","tag-holzmoebel","tag-kleiderbuegel","tag-kleiderleisten","tag-skagerak","tag-skagerak-cutter","tag-skagerak-georg","tag-spiegel","tag-wandgarderoben"],"_links":{"self":[{"href":"https:\/\/raum-blick.de\/magazin\/wp-json\/wp\/v2\/posts\/3319","targetHints":{"allow":["GET"]}}],"collection":[{"href":"https:\/\/raum-blick.de\/magazin\/wp-json\/wp\/v2\/posts"}],"about":[{"href":"https:\/\/raum-blick.de\/magazin\/wp-json\/wp\/v2\/types\/post"}],"author":[{"embeddable":true,"href":"https:\/\/raum-blick.de\/magazin\/wp-json\/wp\/v2\/users\/4"}],"replies":[{"embeddable":true,"href":"https:\/\/raum-blick.de\/magazin\/wp-json\/wp\/v2\/comments?post=3319"}],"version-history":[{"count":41,"href":"https:\/\/raum-blick.de\/magazin\/wp-json\/wp\/v2\/posts\/3319\/revisions"}],"predecessor-version":[{"id":15195,"href":"https:\/\/raum-blick.de\/magazin\/wp-json\/wp\/v2\/posts\/3319\/revisions\/15195"}],"wp:featuredmedia":[{"embeddable":true,"href":"https:\/\/raum-blick.de\/magazin\/wp-json\/wp\/v2\/media\/3359"}],"wp:attachment":[{"href":"https:\/\/raum-blick.de\/magazin\/wp-json\/wp\/v2\/media?parent=3319"}],"wp:term":[{"taxonomy":"category","embeddable":true,"href":"https:\/\/raum-blick.de\/magazin\/wp-json\/wp\/v2\/categories?post=3319"},{"taxonomy":"post_tag","embeddable":true,"href":"https:\/\/raum-blick.de\/magazin\/wp-json\/wp\/v2\/tags?post=3319"}],"curies":[{"name":"wp","href":"https:\/\/api.w.org\/{rel}","templated":true}]}}