{"id":3229,"date":"2017-06-22T09:33:36","date_gmt":"2017-06-22T07:33:36","guid":{"rendered":"https:\/\/www.raum-blick.de\/magazin\/?p=3229"},"modified":"2022-02-28T09:15:21","modified_gmt":"2022-02-28T08:15:21","slug":"muuto-e27-pendelleuchte","status":"publish","type":"post","link":"https:\/\/raum-blick.de\/magazin\/muuto-e27-pendelleuchte\/","title":{"rendered":"Muuto E27 Pendelleuchte"},"content":{"rendered":"<h2><span class=\"ez-toc-section\" id=\"%C2%AB_Mattias_Stahlboms_Hommage_an_die_einfachen_Dinge_%C2%BB\"><\/span>\u00ab Mattias St\u00e5hlboms Hommage an die einfachen Dinge \u00bb<span class=\"ez-toc-section-end\"><\/span><\/h2>\n<p style=\"text-align: justify;\"><strong>Dass sich der Sch\u00f6pfer beim Namen der Design-Leuchte f\u00fcr eine technische Abk\u00fcrzung entscheidet, spricht f\u00fcr sich: Die <\/strong><strong>Muuto E27 Pendelleuchte<\/strong><strong> r\u00fcckt eine Erfindung ins Rampenlicht, die der modernen Lebensart den Weg ebnete. Zugleich ist die Pendelleuchte von Mattias St\u00e5hlbom ein Paradebeispiel f\u00fcr einen skandinavischen Trend der Gegenwart, der erfrischend unkomplizierte Designideen hervorbringt.<\/strong><\/p>\n<h2><span class=\"ez-toc-section\" id=\"Skandinavische_Designtradition_visionaer_interpretiert\"><\/span>Skandinavische Designtradition vision\u00e4r interpretiert<span class=\"ez-toc-section-end\"><\/span><\/h2>\n<p style=\"text-align: justify;\">Kristian Byrge und Peter Bonn\u00e9n sorgen mit ihrem Unternehmen Muuto f\u00fcr frischen Wind beim Interieur. Ohne die typischen Charakteristiken des d\u00e4nischen Designs zu verneinen, werden bei allen <a href=\"https:\/\/www.raum-blick.de\/muuto\/\">Muuto Design-M\u00f6beln und Leuchten<\/a> etablierte Standards und Denkweisen hinterfragt. Dabei setzt das junge Label aus gutem Grund auf talentierte Designer, die sehr unterschiedlich an ihre kreative Arbeit herangehen. So ergeben sich sowohl dezent innovative als auch au\u00dferordentlich progressive M\u00f6bel, Leuchten und Wohnaccessoires, die eine Gemeinsamkeit haben: Sie er\u00f6ffnen neue Blickwinkel und stehen f\u00fcr Ver\u00e4nderungen und Umbr\u00fcche. Eben dies beschreibt der finnische Begriff &#8222;Muutos&#8220;, von dem sich der Markenname ableitet.<\/p><div id=\"ez-toc-container\" class=\"ez-toc-v2_0_82_2 counter-hierarchy ez-toc-counter ez-toc-grey ez-toc-container-direction\">\n<div class=\"ez-toc-title-container\">\n<p class=\"ez-toc-title\" style=\"cursor:inherit\">Was hier auf Sie wartet<\/p>\n<span class=\"ez-toc-title-toggle\"><a href=\"#\" class=\"ez-toc-pull-right ez-toc-btn ez-toc-btn-xs ez-toc-btn-default ez-toc-toggle\" aria-label=\"Toggle Table of Content\"><span class=\"ez-toc-js-icon-con\"><span class=\"\"><span class=\"eztoc-hide\" style=\"display:none;\">Toggle<\/span><span class=\"ez-toc-icon-toggle-span\"><svg style=\"fill: #999;color:#999\" xmlns=\"http:\/\/www.w3.org\/2000\/svg\" class=\"list-377408\" width=\"20px\" height=\"20px\" viewBox=\"0 0 24 24\" fill=\"none\"><path d=\"M6 6H4v2h2V6zm14 0H8v2h12V6zM4 11h2v2H4v-2zm16 0H8v2h12v-2zM4 16h2v2H4v-2zm16 0H8v2h12v-2z\" fill=\"currentColor\"><\/path><\/svg><svg style=\"fill: #999;color:#999\" class=\"arrow-unsorted-368013\" xmlns=\"http:\/\/www.w3.org\/2000\/svg\" width=\"10px\" height=\"10px\" viewBox=\"0 0 24 24\" version=\"1.2\" baseProfile=\"tiny\"><path d=\"M18.2 9.3l-6.2-6.3-6.2 6.3c-.2.2-.3.4-.3.7s.1.5.3.7c.2.2.4.3.7.3h11c.3 0 .5-.1.7-.3.2-.2.3-.5.3-.7s-.1-.5-.3-.7zM5.8 14.7l6.2 6.3 6.2-6.3c.2-.2.3-.5.3-.7s-.1-.5-.3-.7c-.2-.2-.4-.3-.7-.3h-11c-.3 0-.5.1-.7.3-.2.2-.3.5-.3.7s.1.5.3.7z\"\/><\/svg><\/span><\/span><\/span><\/a><\/span><\/div>\n<nav><ul class='ez-toc-list ez-toc-list-level-1 ' ><li class='ez-toc-page-1 ez-toc-heading-level-2'><a class=\"ez-toc-link ez-toc-heading-1\" href=\"https:\/\/raum-blick.de\/magazin\/muuto-e27-pendelleuchte\/#%C2%AB_Mattias_Stahlboms_Hommage_an_die_einfachen_Dinge_%C2%BB\" >\u00ab Mattias St\u00e5hlboms Hommage an die einfachen Dinge \u00bb<\/a><\/li><li class='ez-toc-page-1 ez-toc-heading-level-2'><a class=\"ez-toc-link ez-toc-heading-2\" href=\"https:\/\/raum-blick.de\/magazin\/muuto-e27-pendelleuchte\/#Skandinavische_Designtradition_visionaer_interpretiert\" >Skandinavische Designtradition vision\u00e4r interpretiert<\/a><\/li><li class='ez-toc-page-1 ez-toc-heading-level-2'><a class=\"ez-toc-link ez-toc-heading-3\" href=\"https:\/\/raum-blick.de\/magazin\/muuto-e27-pendelleuchte\/#Aussergewoehnliche_Einfachheit_avanciert_zum_bahnbrechenden_Design\" >Au\u00dfergew\u00f6hnliche Einfachheit avanciert zum bahnbrechenden Design<\/a><\/li><li class='ez-toc-page-1 ez-toc-heading-level-2'><a class=\"ez-toc-link ez-toc-heading-4\" href=\"https:\/\/raum-blick.de\/magazin\/muuto-e27-pendelleuchte\/#Forscher_Purismus_als_optischer_Coup\" >Forscher Purismus als optischer Coup<\/a><\/li><li class='ez-toc-page-1 ez-toc-heading-level-2'><a class=\"ez-toc-link ez-toc-heading-5\" href=\"https:\/\/raum-blick.de\/magazin\/muuto-e27-pendelleuchte\/#Design-Pendelleuchte_fuer_die_bemerkenswerte_Raumgestaltung\" >Design-Pendelleuchte f\u00fcr die bemerkenswerte Raumgestaltung<\/a><\/li><\/ul><\/nav><\/div>\n\n<p><img loading=\"lazy\" decoding=\"async\" class=\"aligncenter wp-image-3251 size-full\" title=\"Muuto E27 auf einem Stuhl\" src=\"https:\/\/www.raum-blick.de\/magazin\/wp-content\/uploads\/2017\/06\/Muuto-E27-auf-einem-Stuhl.jpg\" alt=\"Muuto E27 auf einem Stuhl\" width=\"600\" height=\"600\" srcset=\"https:\/\/raum-blick.de\/magazin\/wp-content\/uploads\/2017\/06\/Muuto-E27-auf-einem-Stuhl.jpg 600w, https:\/\/raum-blick.de\/magazin\/wp-content\/uploads\/2017\/06\/Muuto-E27-auf-einem-Stuhl-150x150.jpg 150w, https:\/\/raum-blick.de\/magazin\/wp-content\/uploads\/2017\/06\/Muuto-E27-auf-einem-Stuhl-300x300.jpg 300w\" sizes=\"(max-width: 600px) 100vw, 600px\" \/><\/p>\n<p style=\"text-align: justify;\">Das Aush\u00e4ngeschild f\u00fcr diesen markanten Stil ist die Muuto E27 Pendelleuchte. Couragiert wurden bei dieser au\u00dfergew\u00f6hnlichen Leuchte die \u00fcblichen Gestaltungselemente ersatzlos gestrichen. So ist der Entwurf ausschlie\u00dflich auf die unverzichtbaren Bauteile begrenzt. Die fulminante Quintessenz ist eine Lampe, deren minimalistische \u00c4sthetik den Betrachter in vieler Hinsicht fasziniert.<\/p>\n<h2><span class=\"ez-toc-section\" id=\"Aussergewoehnliche_Einfachheit_avanciert_zum_bahnbrechenden_Design\"><\/span>Au\u00dfergew\u00f6hnliche Einfachheit avanciert zum bahnbrechenden Design<span class=\"ez-toc-section-end\"><\/span><\/h2>\n<p style=\"text-align: justify;\">Sch\u00f6pfer der Muuto E27 Pendelleuchte ist Mattias St\u00e5hlbom. Der kreative Geist lie\u00df die beschauliche Provinz \u00d6sterg\u00f6tland f\u00fcr sein Studium an der Stockholmer Kunsthochschule hinter sich. Eine weise Entscheidung, denn seine kreativen Entw\u00fcrfe \u00fcberzeugen renommierte Unternehmen und Design-Liebhaber auf der ganzen Welt. Mehrmals wurde der Designer mit hochrangigen Auszeichnungen geehrt \u2013 etwa mit dem \u201eYoung Design Award\u201c. Einige seiner Kreationen sind sogar im New Yorker Museum of Modern Art zu bewundern. Gemeinsam mit Gabriella Gustafson gr\u00fcndete der talentierte Schwede das international erfolgreiche Studio TAF, aus dem der Entwurf f\u00fcr die Muuto E27 Pendelleuchte hervorging.<\/p>\n<p><img loading=\"lazy\" decoding=\"async\" class=\"aligncenter wp-image-3253 size-full\" title=\"\u00c4sthetische Pendelleuchte E27 von Muuto\" src=\"https:\/\/www.raum-blick.de\/magazin\/wp-content\/uploads\/2017\/06\/Aesthetische-Pendelleuchte-E27-von-Muuto.jpg\" alt=\"Aesthetische Pendelleuchte E27 von Muuto\" width=\"600\" height=\"600\" srcset=\"https:\/\/raum-blick.de\/magazin\/wp-content\/uploads\/2017\/06\/Aesthetische-Pendelleuchte-E27-von-Muuto.jpg 600w, https:\/\/raum-blick.de\/magazin\/wp-content\/uploads\/2017\/06\/Aesthetische-Pendelleuchte-E27-von-Muuto-150x150.jpg 150w, https:\/\/raum-blick.de\/magazin\/wp-content\/uploads\/2017\/06\/Aesthetische-Pendelleuchte-E27-von-Muuto-300x300.jpg 300w\" sizes=\"(max-width: 600px) 100vw, 600px\" \/><\/p>\n<p style=\"text-align: justify;\">Die Design-Leuchte pr\u00e4sentiert sich derart einfach und ehrlich, dass die \u00c4sthetik ebenso viel Freude bereitet wie positive Emotionen weckt. Zugleich ist es dem pointierten Minimalismus zu verdanken, dass aus einem gew\u00f6hnlichen Einrichtungsobjekt ein inspirierendes Highlight wird. Mattias St\u00e5hlbom wird der sogenannten \u201eNew Nordic\u201c-Bewegung zugez\u00e4hlt, die f\u00fcr ihn selbst f\u00fcr Spa\u00df, soziale Werte und Unkompliziertheit steht. Einfache Ideen und Gew\u00f6hnliches au\u00dfergew\u00f6hnlich machen \u2013 dieser Maxime folgt das sch\u00f6pferische Talent bis heute und das sieht man der E27 Leuchte und etlichen weiteren Kreationen an. Damit steckt in der puristischen Muuto Lampe all das, was f\u00fcr St\u00e5hlbom bedeutend und f\u00fcr die junge skandinavische Design-Bewegung &#8222;New Nordic&#8220; kennzeichnend ist.<\/p>\n<p><img loading=\"lazy\" decoding=\"async\" class=\"aligncenter wp-image-3255 size-full\" title=\"Pendelleuchte Muuto E27\" src=\"https:\/\/www.raum-blick.de\/magazin\/wp-content\/uploads\/2017\/06\/Pendelleuchte-Muuto-E27.jpg\" alt=\"Pendelleuchte Muuto E27\" width=\"600\" height=\"600\" srcset=\"https:\/\/raum-blick.de\/magazin\/wp-content\/uploads\/2017\/06\/Pendelleuchte-Muuto-E27.jpg 600w, https:\/\/raum-blick.de\/magazin\/wp-content\/uploads\/2017\/06\/Pendelleuchte-Muuto-E27-150x150.jpg 150w, https:\/\/raum-blick.de\/magazin\/wp-content\/uploads\/2017\/06\/Pendelleuchte-Muuto-E27-300x300.jpg 300w\" sizes=\"(max-width: 600px) 100vw, 600px\" \/><\/p>\n<p style=\"text-align: justify;\">Trotz des distinktiven Charakters f\u00e4llt die Pendelleuchte E27 keinesfalls exzentrisch aus. Sie integriert sich harmonisch in verschiedene Wohnwelten und punktet mit ihrer ausgereiften Funktionalit\u00e4t. So wird das Accessoire dem Anspruch des Stockholmer Studios gerecht, dass die Entwicklungen das Leben vieler Zielgruppen bereichern.<\/p>\n<h2><span class=\"ez-toc-section\" id=\"Forscher_Purismus_als_optischer_Coup\"><\/span>Forscher Purismus als optischer Coup<span class=\"ez-toc-section-end\"><\/span><\/h2>\n<p style=\"text-align: justify;\">Das Leuchtmittel wird in die Halterung eingeschraubt, \u00fcber ein Kabel an der Decke verankert und dar\u00fcber gleichzeitig mit Elektrizit\u00e4t versorgt. Im Jahr 1880 \u00fcberraschte Thomas Edison mit diesem vordergr\u00fcndig einfachen Konzept das staunende Publikum und erm\u00f6glichte, dass die elektrische Leuchte marktreif und alltagstauglich wurde.<\/p>\n<p><img loading=\"lazy\" decoding=\"async\" class=\"aligncenter wp-image-3232 size-full\" title=\"Muuto Baldachin f\u00fcr Leuchte E27\" src=\"https:\/\/www.raum-blick.de\/magazin\/wp-content\/uploads\/2017\/06\/Muuto-Baldachin-fuer-Leuchte-E27.jpg\" alt=\"Muuto Baldachin fuer Leuchte E27\" width=\"600\" height=\"348\" srcset=\"https:\/\/raum-blick.de\/magazin\/wp-content\/uploads\/2017\/06\/Muuto-Baldachin-fuer-Leuchte-E27.jpg 600w, https:\/\/raum-blick.de\/magazin\/wp-content\/uploads\/2017\/06\/Muuto-Baldachin-fuer-Leuchte-E27-300x174.jpg 300w\" sizes=\"(max-width: 600px) 100vw, 600px\" \/><\/p>\n<p style=\"text-align: justify;\">Zu den Schl\u00fcsselelementen f\u00fcr diesen Fortschritt, der den heimischen Lifestyle ver\u00e4nderte, geh\u00f6rt nicht nur die birnenf\u00f6rmige Lampe mit ihrem Gl\u00fchfaden. Ebenso bedeutend f\u00fcr den Durchbruch der erhellenden Erfindung war das Edisongewinde, das in der Standardausf\u00fchrung 27 Millimeter misst.<\/p>\n<p><img loading=\"lazy\" decoding=\"async\" class=\"aligncenter wp-image-3238 size-full\" title=\"Muuto Gl\u00fchbirne f\u00fcr Leuchte E27\" src=\"https:\/\/www.raum-blick.de\/magazin\/wp-content\/uploads\/2017\/06\/Muuto-Gluehbirne-fuer-Leuchte-E27.jpg\" alt=\"Muuto Gluehbirne fuer Leuchte E27\" width=\"600\" height=\"600\" srcset=\"https:\/\/raum-blick.de\/magazin\/wp-content\/uploads\/2017\/06\/Muuto-Gluehbirne-fuer-Leuchte-E27.jpg 600w, https:\/\/raum-blick.de\/magazin\/wp-content\/uploads\/2017\/06\/Muuto-Gluehbirne-fuer-Leuchte-E27-150x150.jpg 150w, https:\/\/raum-blick.de\/magazin\/wp-content\/uploads\/2017\/06\/Muuto-Gluehbirne-fuer-Leuchte-E27-300x300.jpg 300w\" sizes=\"(max-width: 600px) 100vw, 600px\" \/><\/p>\n<p style=\"text-align: justify;\">Wenngleich feine Korrekturen vorgenommen wurden und sich einige abweichende Beleuchtungskonzepte etabliert haben, so hat Edisons dreiteiliges Grundprinzip inklusive der Schraubfassung bis heute einen hohen Stellenwert. Dementsprechend konsequent ist es, dass die Lampe den kurzen Namen E27 tr\u00e4gt. Denn diese allseits bekannte Kennzahl f\u00fcr das Gewinde und den Lampentyp verweist direkt auf die Technikgeschichte, ohne die die Design-Leuchte nicht existieren w\u00fcrde.<\/p>\n<blockquote>\n<p style=\"text-align: justify;\">Diese nostalgische Nuance versteht sich als Hommage an die Gl\u00fchbirne, die seit vielen Jahrzehnten den Alltag begleitet und ist der stilistische Aspekt, der bei der Muuto E27 Pendelleuchte ber\u00fchrt.<\/p>\n<\/blockquote>\n<p style=\"text-align: justify;\">Gleichzeitig huldigt die Lampe der Einfachheit, die durch skandinavischen Chic zur Eleganz gef\u00fchrt wird. Deshalb scheint es mehr als plausibel, die essentiellen Bauelemente zu enth\u00fcllen und ins wohlverdiente Rampenlicht zu r\u00fccken.<\/p>\n<h2><span class=\"ez-toc-section\" id=\"Design-Pendelleuchte_fuer_die_bemerkenswerte_Raumgestaltung\"><\/span>Design-Pendelleuchte f\u00fcr die bemerkenswerte Raumgestaltung<span class=\"ez-toc-section-end\"><\/span><\/h2>\n<p style=\"text-align: justify;\">W\u00e4hrend St\u00e5hlbom bei der Muuto E27 Pendelleuchte allen rein dekorativen Finessen eine radikale Absage erteilt, ver\u00e4ndert er die verbleibenden funktionalen Elemente nur leicht. Das Leuchtmittel pr\u00e4sentiert sich runder und gr\u00f6\u00dfer, wodurch es formal harmonischer erscheint und deutlicher im Vordergrund steht. Zu einer Einheit verschmelzen die Fassung und das Kabel, die durch den Silikonmantel in starken Farben zu einem Statement bei der Raumgestaltung avancieren.<\/p>\n<p><img loading=\"lazy\" decoding=\"async\" class=\"aligncenter wp-image-3249 size-full\" title=\"Muuto E27 vor einem Spiegel\" src=\"https:\/\/www.raum-blick.de\/magazin\/wp-content\/uploads\/2017\/06\/Muuto-E27-vor-einem-Spiegel.jpg\" alt=\"Muuto E27 vor einem Spiegel\" width=\"600\" height=\"600\" srcset=\"https:\/\/raum-blick.de\/magazin\/wp-content\/uploads\/2017\/06\/Muuto-E27-vor-einem-Spiegel.jpg 600w, https:\/\/raum-blick.de\/magazin\/wp-content\/uploads\/2017\/06\/Muuto-E27-vor-einem-Spiegel-150x150.jpg 150w, https:\/\/raum-blick.de\/magazin\/wp-content\/uploads\/2017\/06\/Muuto-E27-vor-einem-Spiegel-300x300.jpg 300w\" sizes=\"(max-width: 600px) 100vw, 600px\" \/><\/p>\n<p style=\"text-align: justify;\">Obwohl sich die E27 nah am Industrial Design orientiert, bleibt sie stilistisch offen und harmoniert mit allen Wohnwelten und Einrichtungsideen. So gew\u00e4hrt Ihnen die minimalistische Lampe ein enormes Ma\u00df an kreativer Freiheit bei der Umsetzung von Einrichtungskonzepten. Es spricht nichts dagegen, das puristische Designkonzept zu unterstreichen und die H\u00e4ngelampe als Solistin \u00fcber dem Tisch oder im Flur zu platzieren. Dank der Bandbreite der erh\u00e4ltlichen Farben, die vom eleganten Schwarz bis zum schrillen Gelb oder Gr\u00fcn reichen, ergeben sich unz\u00e4hlige Kombinationsm\u00f6glichkeiten f\u00fcrs Ensemble.<\/p>\n<p><a href=\"https:\/\/www.raum-blick.de\/muuto-e27-led-pendelleuchte\"><img loading=\"lazy\" decoding=\"async\" class=\"aligncenter wp-image-3244 size-full\" title=\"Muuto E27 LED\" src=\"https:\/\/www.raum-blick.de\/magazin\/wp-content\/uploads\/2017\/06\/Muuto-E27-LED.jpg\" alt=\"Muuto E27 LED\" width=\"600\" height=\"600\" srcset=\"https:\/\/raum-blick.de\/magazin\/wp-content\/uploads\/2017\/06\/Muuto-E27-LED.jpg 600w, https:\/\/raum-blick.de\/magazin\/wp-content\/uploads\/2017\/06\/Muuto-E27-LED-150x150.jpg 150w, https:\/\/raum-blick.de\/magazin\/wp-content\/uploads\/2017\/06\/Muuto-E27-LED-300x300.jpg 300w\" sizes=\"(max-width: 600px) 100vw, 600px\" \/><\/a><\/p>\n<p style=\"text-align: justify;\">Bewusst wurde die Kabell\u00e4nge mit vier Metern sehr gro\u00dfz\u00fcgig angedacht. So k\u00f6nnen Sie nicht nur nach Lust und Laune die Montageh\u00f6he variieren. Herabh\u00e4ngende B\u00f6gen, kunstvolle Schlaufen oder legere Knoten bieten sich f\u00fcr den individuellen Feinschliff an. Ein auffallend klar strukturiertes Arrangement ist ebenso denkbar wie eine kunstvolle Installation, die pr\u00e4chtige Kronleuchter in den Schatten stellt. Dass eine derart markante Lichtgestaltung erst durch das Bekenntnis zur \u00e4sthetischen Einfachheit m\u00f6glich wird, ist der Clou der Muuto E27 Pendelleuchte.<\/p>\n","protected":false},"excerpt":{"rendered":"<p>\u00ab Mattias St\u00e5hlboms Hommage an die einfachen Dinge \u00bb Dass sich der Sch\u00f6pfer beim Namen der Design-Leuchte f\u00fcr eine technische Abk\u00fcrzung entscheidet, spricht f\u00fcr sich: Die Muuto E27 Pendelleuchte r\u00fcckt eine Erfindung ins Rampenlicht, die der modernen Lebensart den Weg ebnete. Zugleich ist die Pendelleuchte von Mattias St\u00e5hlbom ein Paradebeispiel f\u00fcr einen skandinavischen Trend der [&hellip;]<\/p>\n","protected":false},"author":4,"featured_media":3241,"comment_status":"closed","ping_status":"open","sticky":false,"template":"","format":"standard","meta":{"_et_pb_use_builder":"","_et_pb_old_content":"","_et_gb_content_width":"","inline_featured_image":false,"footnotes":""},"categories":[8],"tags":[375,334,374,376,280,277,43,239,47],"class_list":["post-3229","post","type-post","status-publish","format-standard","has-post-thumbnail","hentry","category-features","tag-baldachin","tag-design","tag-e27","tag-gluehbirne","tag-lampen","tag-led","tag-leuchten","tag-muuto","tag-pendelleuchten"],"_links":{"self":[{"href":"https:\/\/raum-blick.de\/magazin\/wp-json\/wp\/v2\/posts\/3229","targetHints":{"allow":["GET"]}}],"collection":[{"href":"https:\/\/raum-blick.de\/magazin\/wp-json\/wp\/v2\/posts"}],"about":[{"href":"https:\/\/raum-blick.de\/magazin\/wp-json\/wp\/v2\/types\/post"}],"author":[{"embeddable":true,"href":"https:\/\/raum-blick.de\/magazin\/wp-json\/wp\/v2\/users\/4"}],"replies":[{"embeddable":true,"href":"https:\/\/raum-blick.de\/magazin\/wp-json\/wp\/v2\/comments?post=3229"}],"version-history":[{"count":22,"href":"https:\/\/raum-blick.de\/magazin\/wp-json\/wp\/v2\/posts\/3229\/revisions"}],"predecessor-version":[{"id":15190,"href":"https:\/\/raum-blick.de\/magazin\/wp-json\/wp\/v2\/posts\/3229\/revisions\/15190"}],"wp:featuredmedia":[{"embeddable":true,"href":"https:\/\/raum-blick.de\/magazin\/wp-json\/wp\/v2\/media\/3241"}],"wp:attachment":[{"href":"https:\/\/raum-blick.de\/magazin\/wp-json\/wp\/v2\/media?parent=3229"}],"wp:term":[{"taxonomy":"category","embeddable":true,"href":"https:\/\/raum-blick.de\/magazin\/wp-json\/wp\/v2\/categories?post=3229"},{"taxonomy":"post_tag","embeddable":true,"href":"https:\/\/raum-blick.de\/magazin\/wp-json\/wp\/v2\/tags?post=3229"}],"curies":[{"name":"wp","href":"https:\/\/api.w.org\/{rel}","templated":true}]}}