{"id":3180,"date":"2017-06-06T09:08:33","date_gmt":"2017-06-06T07:08:33","guid":{"rendered":"https:\/\/www.raum-blick.de\/magazin\/?p=3180"},"modified":"2022-03-16T17:56:08","modified_gmt":"2022-03-16T16:56:08","slug":"kosmetikspiegel-von-decor-walther","status":"publish","type":"post","link":"https:\/\/raum-blick.de\/magazin\/kosmetikspiegel-von-decor-walther\/","title":{"rendered":"Kosmetikspiegel mit Beleuchtung von Decor Walther"},"content":{"rendered":"<h2><span class=\"ez-toc-section\" id=\"%C2%AB_Praktische_Helfer_fuer_das_Make-up_%C2%BB\"><\/span>\u00ab Praktische Helfer f\u00fcr das Make-up \u00bb<span class=\"ez-toc-section-end\"><\/span><\/h2>\n<p style=\"text-align: justify;\"><strong>Die Sonne hat den Tag noch nicht eingel\u00e4utet, da regt Sie der Wecker schon zum Durchstarten an. Beim morgendlichen Alltag muss das Styling flott von der Hand gehen, um p\u00fcnktlich das Haus verlassen zu k\u00f6nnen. Deshalb ist es doppelt ung\u00fcnstig, dass es noch dunkel ist und Sie sich auf das k\u00fcnstliche Licht verlassen m\u00fcssen. Denn gepaart mit der Hektik kann es schnell zu Fehleinsch\u00e4tzungen bei der dekorativen Kosmetik kommen. Diesen Fauxpas k\u00f6nnen Sie umgehen, wenn der LED Schminkspiegel beleuchtet und hochwertig konzipiert ist. <\/strong><\/p>\n<h2><span class=\"ez-toc-section\" id=\"Schminkzubehoer_mit_Wurzeln_in_der_Jungsteinzeit\"><\/span>Schminkzubeh\u00f6r mit Wurzeln in der Jungsteinzeit<span class=\"ez-toc-section-end\"><\/span><\/h2>\n<p style=\"text-align: justify;\">Erst betrachteten sich die Menschen in der dunklen Wasseroberfl\u00e4che, im Bronzezeitalter schliffen sie sich Accessoires aus Metall und rund 300 nach Christus kamen die ersten Glasspiegel auf. Es hat also nichts mit Eitelkeit zu tun, sich selbst in die Augen blicken zu wollen. Vielmehr ist es seit Jahrtausenden ein menschliches Bed\u00fcrfnis, sich zu betrachten und die Ausstrahlung durch Bart oder Schminke zu optimieren. Deshalb geh\u00f6ren Badspiegel inzwischen zur Grundausstattung im Sanit\u00e4rbereich, die f\u00fcr den Gebrauch rund um die Uhr mit einer direkten Beleuchtung versehen sind.<\/p><div id=\"ez-toc-container\" class=\"ez-toc-v2_0_82_2 counter-hierarchy ez-toc-counter ez-toc-grey ez-toc-container-direction\">\n<div class=\"ez-toc-title-container\">\n<p class=\"ez-toc-title\" style=\"cursor:inherit\">Was hier auf Sie wartet<\/p>\n<span class=\"ez-toc-title-toggle\"><a href=\"#\" class=\"ez-toc-pull-right ez-toc-btn ez-toc-btn-xs ez-toc-btn-default ez-toc-toggle\" aria-label=\"Toggle Table of Content\"><span class=\"ez-toc-js-icon-con\"><span class=\"\"><span class=\"eztoc-hide\" style=\"display:none;\">Toggle<\/span><span class=\"ez-toc-icon-toggle-span\"><svg style=\"fill: #999;color:#999\" xmlns=\"http:\/\/www.w3.org\/2000\/svg\" class=\"list-377408\" width=\"20px\" height=\"20px\" viewBox=\"0 0 24 24\" fill=\"none\"><path d=\"M6 6H4v2h2V6zm14 0H8v2h12V6zM4 11h2v2H4v-2zm16 0H8v2h12v-2zM4 16h2v2H4v-2zm16 0H8v2h12v-2z\" fill=\"currentColor\"><\/path><\/svg><svg style=\"fill: #999;color:#999\" class=\"arrow-unsorted-368013\" xmlns=\"http:\/\/www.w3.org\/2000\/svg\" width=\"10px\" height=\"10px\" viewBox=\"0 0 24 24\" version=\"1.2\" baseProfile=\"tiny\"><path d=\"M18.2 9.3l-6.2-6.3-6.2 6.3c-.2.2-.3.4-.3.7s.1.5.3.7c.2.2.4.3.7.3h11c.3 0 .5-.1.7-.3.2-.2.3-.5.3-.7s-.1-.5-.3-.7zM5.8 14.7l6.2 6.3 6.2-6.3c.2-.2.3-.5.3-.7s-.1-.5-.3-.7c-.2-.2-.4-.3-.7-.3h-11c-.3 0-.5.1-.7.3-.2.2-.3.5-.3.7s.1.5.3.7z\"\/><\/svg><\/span><\/span><\/span><\/a><\/span><\/div>\n<nav><ul class='ez-toc-list ez-toc-list-level-1 ' ><li class='ez-toc-page-1 ez-toc-heading-level-2'><a class=\"ez-toc-link ez-toc-heading-1\" href=\"https:\/\/raum-blick.de\/magazin\/kosmetikspiegel-von-decor-walther\/#%C2%AB_Praktische_Helfer_fuer_das_Make-up_%C2%BB\" >\u00ab Praktische Helfer f\u00fcr das Make-up \u00bb<\/a><\/li><li class='ez-toc-page-1 ez-toc-heading-level-2'><a class=\"ez-toc-link ez-toc-heading-2\" href=\"https:\/\/raum-blick.de\/magazin\/kosmetikspiegel-von-decor-walther\/#Schminkzubehoer_mit_Wurzeln_in_der_Jungsteinzeit\" >Schminkzubeh\u00f6r mit Wurzeln in der Jungsteinzeit<\/a><\/li><li class='ez-toc-page-1 ez-toc-heading-level-2'><a class=\"ez-toc-link ez-toc-heading-3\" href=\"https:\/\/raum-blick.de\/magazin\/kosmetikspiegel-von-decor-walther\/#Funktional_und_schick_%E2%80%93_Extras_fuers_Badezimmer_von_Decor_Walther\" >Funktional und schick \u2013 Extras f\u00fcrs Badezimmer von Decor Walther<\/a><\/li><li class='ez-toc-page-1 ez-toc-heading-level-2'><a class=\"ez-toc-link ez-toc-heading-4\" href=\"https:\/\/raum-blick.de\/magazin\/kosmetikspiegel-von-decor-walther\/#LED-Technologie_fuer_den_optimalen_Durchblick\" >LED-Technologie f\u00fcr den optimalen Durchblick<\/a><\/li><li class='ez-toc-page-1 ez-toc-heading-level-2'><a class=\"ez-toc-link ez-toc-heading-5\" href=\"https:\/\/raum-blick.de\/magazin\/kosmetikspiegel-von-decor-walther\/#Beleuchteter_Kosmetikspiegel_mit_funktionalen_Extras\" >Beleuchteter Kosmetikspiegel mit funktionalen Extras<\/a><\/li><li class='ez-toc-page-1 ez-toc-heading-level-2'><a class=\"ez-toc-link ez-toc-heading-6\" href=\"https:\/\/raum-blick.de\/magazin\/kosmetikspiegel-von-decor-walther\/#Spiegel_passend_zu_den_raeumlichen_Rahmenbedingungen_und_den_Nutzungsmustern\" >Spiegel passend zu den r\u00e4umlichen Rahmenbedingungen und den Nutzungsmustern<\/a><\/li><\/ul><\/nav><\/div>\n\n<p style=\"text-align: justify;\"><img loading=\"lazy\" decoding=\"async\" class=\"aligncenter wp-image-3183 size-full\" title=\"Decor Walther Wandkosmetikspiegel &quot;SPT 16&quot;\" src=\"https:\/\/www.raum-blick.de\/magazin\/wp-content\/uploads\/2017\/06\/Decor-Walther-Wandkosmetikspiegel.jpg\" alt=\"Decor Walther Wandkosmetikspiegel\" width=\"600\" height=\"323\" srcset=\"https:\/\/raum-blick.de\/magazin\/wp-content\/uploads\/2017\/06\/Decor-Walther-Wandkosmetikspiegel.jpg 600w, https:\/\/raum-blick.de\/magazin\/wp-content\/uploads\/2017\/06\/Decor-Walther-Wandkosmetikspiegel-300x162.jpg 300w\" sizes=\"(max-width: 600px) 100vw, 600px\" \/><\/p>\n<p style=\"text-align: justify;\">Allerdings scheint es manchmal so, dass das funktionale Design des Equipments in der Steinzeit stecken geblieben ist. Einige Gesichtsfelder liegen im Schatten, die k\u00fcnstliche Lichtwirkung verzerrt die Wahrnehmung und die Wiedergabe gleicht eher einem skizzenhaften Panorama als einem aussagekr\u00e4ftigen Selbstportr\u00e4t. Dieser Eindruck ist vielerorts korrekt und ergibt sich aus der Funktion vom Badspiegel, der eher f\u00fcr den flinken \u00dcberblick gedacht ist. F\u00fcr die pr\u00e4zisen Handgriffe sind Kosmetikspiegel gefragt, die in einem modernen Badezimmer nicht fehlen sollten.<\/p>\n<h2><span class=\"ez-toc-section\" id=\"Funktional_und_schick_%E2%80%93_Extras_fuers_Badezimmer_von_Decor_Walther\"><\/span>Funktional und schick \u2013 Extras f\u00fcrs Badezimmer von Decor Walther<span class=\"ez-toc-section-end\"><\/span><\/h2>\n<p style=\"text-align: justify;\">Kaum ein Hotel mit gehobenem Komfort verzichtet auf einen Kosmetikspiegel mit Beleuchtung. Dabei geht es nicht nur darum, die G\u00e4ste mit einer praktisch durchdachten Raumausstattung zu \u00fcberzeugen. Hochwertige Accessoires werten das Interieur im Bad generell auf und unterstreichen den ausgesuchten Stil der Unterk\u00fcnfte. Selbstverst\u00e4ndlich setzt dieser Effekt ein \u00e4sthetisches Design ebenso voraus wie die Fertigung aus erstklassigen Materialien.<\/p>\n<p style=\"text-align: justify;\"><a href=\"https:\/\/www.raum-blick.de\/decor-walther-spt-70-standkosmetikspiegel\"><img loading=\"lazy\" decoding=\"async\" class=\"alignright wp-image-3187 size-full\" title=\"Decor Walther Standkosmetikspiegel &quot;SPT 70&quot;\" src=\"https:\/\/www.raum-blick.de\/magazin\/wp-content\/uploads\/2017\/06\/Decor-Walther-Standkosmetikspiegel-SPT-70-2.jpg\" alt=\"Decor Walther Standkosmetikspiegel SPT 70\" width=\"300\" height=\"300\" srcset=\"https:\/\/raum-blick.de\/magazin\/wp-content\/uploads\/2017\/06\/Decor-Walther-Standkosmetikspiegel-SPT-70-2.jpg 300w, https:\/\/raum-blick.de\/magazin\/wp-content\/uploads\/2017\/06\/Decor-Walther-Standkosmetikspiegel-SPT-70-2-150x150.jpg 150w\" sizes=\"(max-width: 300px) 100vw, 300px\" \/><\/a> zeichnen sich durch diese Vorz\u00fcge aus. Die deutsche Marke wurde 1973 in Frankfurt am Main gegr\u00fcndet und geh\u00f6rt zu den Experten f\u00fcr exklusive Badaccessoires. Bei den vorgestellten Kollektionen geht es dem erfahrenen Unternehmen weniger um effektvolle Eyecatcher. Die Markenphilosophie zielt auf eine diskret luxuri\u00f6se Signatur f\u00fcr die geschmackvolle Badeinrichtung ab. So verdankt der runde Decor Walther Kosmetikspiegel BS 16 f\u00fcr die Wandmontage seine Eleganz der sorgf\u00e4ltigen Verarbeitung, den ausgewogenen Proportionen und dem brillanten Glanz von Chrom.<\/p>\n<blockquote>\n<p style=\"text-align: justify;\">Eine Spur schicker pr\u00e4sentiert sich der rechteckige und leicht gebogene LED Badspiegel BS83 aus dem Portfolio des renommierten Labels.<\/p>\n<\/blockquote>\n<h2><span class=\"ez-toc-section\" id=\"LED-Technologie_fuer_den_optimalen_Durchblick\"><\/span>LED-Technologie f\u00fcr den optimalen Durchblick<span class=\"ez-toc-section-end\"><\/span><\/h2>\n<p style=\"text-align: justify;\">Die \u00c4sthetik des Zubeh\u00f6rs ist nicht unwesentlich. Im Vordergrund steht jedoch ein funktionales Design, das den Damen das Schminken und den Herren die Rasur erleichtert. <a href=\"https:\/\/www.raum-blick.de\/decor-walther\/\">Decor Walther<\/a> stattet bei den j\u00fcngeren Kollektionen die Kosmetikspiegel mit LED-Beleuchtung aus. Interessant ist nicht nur, dass die modernen Leuchtmittel energiesparend sind und sich gut f\u00fcr einen Batteriebetrieb eignen. Es f\u00e4llt dank der innovativen Technik leichter, die ben\u00f6tigte Lichttemperatur zu gew\u00e4hrleisten.<\/p>\n<p style=\"text-align: justify;\"><img loading=\"lazy\" decoding=\"async\" class=\"alignleft wp-image-3191\" title=\"Decor Walther Wandkosmetikspiegel &quot;BS 13&quot;\" src=\"https:\/\/www.raum-blick.de\/magazin\/wp-content\/uploads\/2017\/06\/Decor-Walther-Wandkosmetikspiegel-BS-13.jpg\" alt=\"Decor Walther Wandkosmetikspiegel BS 13,\" width=\"300\" height=\"300\" srcset=\"https:\/\/raum-blick.de\/magazin\/wp-content\/uploads\/2017\/06\/Decor-Walther-Wandkosmetikspiegel-BS-13.jpg 300w, https:\/\/raum-blick.de\/magazin\/wp-content\/uploads\/2017\/06\/Decor-Walther-Wandkosmetikspiegel-BS-13-150x150.jpg 150w\" sizes=\"(max-width: 300px) 100vw, 300px\" \/>Es ist Ihnen gewiss schon aufgefallen, dass einige Lampen ihren Teint angenehm weich zeichnen und andere Ihr Gesicht blass erscheinen lassen oder \u00fcberzeichnen. Diese Wahrnehmung ist korrekt, entspricht aber in beiden F\u00e4llen nicht den nat\u00fcrlichen Tatsachen. Wenn Sie ein stimmiges Make-up auftragen m\u00f6chten, sind derartige Verf\u00e4lschungen unpraktisch. Deshalb sollten Sie bei der Anschaffung von einem Schminkspiegel darauf achten, dass das verbaute LED-Modul dem nat\u00fcrlichen Tageslicht nahekommt und eine origin\u00e4re Farbwiedergabe erm\u00f6glicht.<\/p>\n<p style=\"text-align: justify;\">Dieses Kriterium ber\u00fccksichtigen alle Modelle von Decor Walther, auch der praktische BS 12\/V Stand-Kosmetikspiegel mit Beleuchtung. Noch optimaler ist es, wenn sich die Lichtintensit\u00e4t justieren l\u00e4sst und das LED eine warme, neutrale oder kalte Atmosph\u00e4re erzeugen kann. So k\u00f6nnen Sie beispielsweise beim Schminken \u00fcberpr\u00fcfen, wie das Ergebnis in einem B\u00fcro mit greller Beleuchtung oder einer Bar mit ged\u00e4mpftem Licht wirkt.<\/p>\n<h2><span class=\"ez-toc-section\" id=\"Beleuchteter_Kosmetikspiegel_mit_funktionalen_Extras\"><\/span>Beleuchteter Kosmetikspiegel mit funktionalen Extras<span class=\"ez-toc-section-end\"><\/span><\/h2>\n<p style=\"text-align: justify;\">Eine integrierte Beleuchtung tr\u00e4gt bereits dazu bei, dass das Styling deutlich leichter f\u00e4llt. Ein Schminkspiegel mit Licht sollte jedoch noch ein paar Features mehr mitbringen, um rundum zu \u00fcberzeugen. Zu den unverzichtbaren Ausstattungsmerkmalen geh\u00f6rt ein mehrfacher Vergr\u00f6\u00dferungseffekt. Beim Lidstrich, Wimpern zupfen und vielen anderen Gelegenheit ist es hilfreich, wenn der verwendete Spiegel die detaillierte Betrachtung erm\u00f6glicht. Sogar der klassische Handspiegel von Decor Walther wird diesem Wunsch gerecht, der sich nach dem Gebrauch in der Schublade verstauen l\u00e4sst.<\/p>\n<p style=\"text-align: justify;\"><a href=\"https:\/\/www.raum-blick.de\/standkosmetikspiegel-bs12\/v-decor-walther\"><img loading=\"lazy\" decoding=\"async\" class=\"aligncenter wp-image-3197 size-full\" title=\"Beleuchteter Standkosmetikspiegel BS 12\/V von Decor Walther\" src=\"https:\/\/www.raum-blick.de\/magazin\/wp-content\/uploads\/2017\/06\/Decor-Walther-Standkosmetikspiegel-BS-12V.jpg\" alt=\"Decor Walther Standkosmetikspiegel BS 12\/V\" width=\"600\" height=\"486\" srcset=\"https:\/\/raum-blick.de\/magazin\/wp-content\/uploads\/2017\/06\/Decor-Walther-Standkosmetikspiegel-BS-12V.jpg 600w, https:\/\/raum-blick.de\/magazin\/wp-content\/uploads\/2017\/06\/Decor-Walther-Standkosmetikspiegel-BS-12V-300x243.jpg 300w\" sizes=\"(max-width: 600px) 100vw, 600px\" \/><\/a><\/p>\n<p style=\"text-align: justify;\">Sinnvoll ist auch eine Gegenseite, die ein Spiegelbild mit normalen Dimensionen erzeugt. Wenn es morgens schnell gehen muss, wird bei einem Kosmetikspiegel mit Beleuchtung h\u00e4ufig das Ausschalten vergessen. Dementsprechend praktisch sind Schminkspiegel, die diesen Part nach einigen Minuten selbst \u00fcbernehmen. Vor allem bei einem Modell f\u00fcr die Wandmontage oder einem Standspiegel ist es wichtig, dass sich die Position durch eine Teleskop-Halterung oder durch schwenkbare Bauelemente variieren l\u00e4sst. So passt sich der LED-Spiegel Ihren Bed\u00fcrfnissen an und nicht umgekehrt.<\/p>\n<h2><span class=\"ez-toc-section\" id=\"Spiegel_passend_zu_den_raeumlichen_Rahmenbedingungen_und_den_Nutzungsmustern\"><\/span>Spiegel passend zu den r\u00e4umlichen Rahmenbedingungen und den Nutzungsmustern<span class=\"ez-toc-section-end\"><\/span><\/h2>\n<p style=\"text-align: justify;\">Nicht ohne Grund bieten erfahrene Hersteller diverse Varianten an, die sich hinsichtlich der Montage unterscheiden. Wandspiegel f\u00fcgen sich schick in das Interieur ein und werden bestenfalls im Umfeld des Waschbeckens installiert. Standmodelle sind beispielsweise ideal, wenn Sie in einer Mietwohnung keine Bohrungen in den Fliesen vornehmen m\u00f6chten. Handspiegel punkten nicht zuletzt mit ihrer Flexibilit\u00e4t, da sie in verschiedenen R\u00e4umen genutzt werden k\u00f6nnen. Vergessen Sie bei der Kaufentscheidung nicht die Energieversorgung f\u00fcr die Leuchtelemente. Erh\u00e4ltlich sind Produkte f\u00fcr den direkten Wandanschluss, f\u00fcr die Verbindung mit der Steckdose oder den dezentralen Betrieb mit Batterien. Nat\u00fcrlich passen die Spiegel wunderbar zu den Badaccessoire-Serien <a href=\"https:\/\/www.raum-blick.de\/decor-walther-brick\/\">Decor Walther Brick<\/a> oder <a href=\"https:\/\/www.raum-blick.de\/decor-walther-stone\/\">Stone<\/a>.<\/p>\n<p style=\"text-align: justify;\"><img loading=\"lazy\" decoding=\"async\" class=\"aligncenter wp-image-3200 size-full\" title=\"Decor Walther Wandkosmetikspiegel SPT 24\" src=\"https:\/\/www.raum-blick.de\/magazin\/wp-content\/uploads\/2017\/06\/Decor-Walther-Wandkosmetikspiegel-SPT-24.jpg\" alt=\"Decor Walther Wandkosmetikspiegel SPT 24\" width=\"800\" height=\"542\" srcset=\"https:\/\/raum-blick.de\/magazin\/wp-content\/uploads\/2017\/06\/Decor-Walther-Wandkosmetikspiegel-SPT-24.jpg 800w, https:\/\/raum-blick.de\/magazin\/wp-content\/uploads\/2017\/06\/Decor-Walther-Wandkosmetikspiegel-SPT-24-300x203.jpg 300w, https:\/\/raum-blick.de\/magazin\/wp-content\/uploads\/2017\/06\/Decor-Walther-Wandkosmetikspiegel-SPT-24-768x520.jpg 768w, https:\/\/raum-blick.de\/magazin\/wp-content\/uploads\/2017\/06\/Decor-Walther-Wandkosmetikspiegel-SPT-24-110x75.jpg 110w\" sizes=\"(max-width: 800px) 100vw, 800px\" \/><\/p>\n<p style=\"text-align: justify;\">Sobald Sie sich an den Komfort eines beleuchteten Schminkzubeh\u00f6rs gew\u00f6hnt haben, m\u00f6chten Sie nicht mehr darauf verzichten. Deshalb lohnt sich ein Blick auf den Decor Walther Kosmetikspiegel TS1 f\u00fcr die Handtasche, der eine Normalansicht ebenso erm\u00f6glicht wie die Vergr\u00f6\u00dferung und zudem eine LED-Lampe an Bord hat.<\/p>\n","protected":false},"excerpt":{"rendered":"<p>\u00ab Praktische Helfer f\u00fcr das Make-up \u00bb Die Sonne hat den Tag noch nicht eingel\u00e4utet, da regt Sie der Wecker schon zum Durchstarten an. Beim morgendlichen Alltag muss das Styling flott von der Hand gehen, um p\u00fcnktlich das Haus verlassen zu k\u00f6nnen. Deshalb ist es doppelt ung\u00fcnstig, dass es noch dunkel ist und Sie sich [&hellip;]<\/p>\n","protected":false},"author":4,"featured_media":3202,"comment_status":"closed","ping_status":"open","sticky":false,"template":"","format":"standard","meta":{"_et_pb_use_builder":"","_et_pb_old_content":"","_et_gb_content_width":"","inline_featured_image":false,"footnotes":""},"categories":[8],"tags":[259,256,371,370,258,257],"class_list":["post-3180","post","type-post","status-publish","format-standard","has-post-thumbnail","hentry","category-features","tag-handkosmetikspiegel","tag-kosmetikspiegel","tag-kosmetikspiegel-mit-beleuchtung","tag-schminkspiegel","tag-standkosmetikspiegel","tag-wandkosmetikspiegel"],"_links":{"self":[{"href":"https:\/\/raum-blick.de\/magazin\/wp-json\/wp\/v2\/posts\/3180","targetHints":{"allow":["GET"]}}],"collection":[{"href":"https:\/\/raum-blick.de\/magazin\/wp-json\/wp\/v2\/posts"}],"about":[{"href":"https:\/\/raum-blick.de\/magazin\/wp-json\/wp\/v2\/types\/post"}],"author":[{"embeddable":true,"href":"https:\/\/raum-blick.de\/magazin\/wp-json\/wp\/v2\/users\/4"}],"replies":[{"embeddable":true,"href":"https:\/\/raum-blick.de\/magazin\/wp-json\/wp\/v2\/comments?post=3180"}],"version-history":[{"count":17,"href":"https:\/\/raum-blick.de\/magazin\/wp-json\/wp\/v2\/posts\/3180\/revisions"}],"predecessor-version":[{"id":15410,"href":"https:\/\/raum-blick.de\/magazin\/wp-json\/wp\/v2\/posts\/3180\/revisions\/15410"}],"wp:featuredmedia":[{"embeddable":true,"href":"https:\/\/raum-blick.de\/magazin\/wp-json\/wp\/v2\/media\/3202"}],"wp:attachment":[{"href":"https:\/\/raum-blick.de\/magazin\/wp-json\/wp\/v2\/media?parent=3180"}],"wp:term":[{"taxonomy":"category","embeddable":true,"href":"https:\/\/raum-blick.de\/magazin\/wp-json\/wp\/v2\/categories?post=3180"},{"taxonomy":"post_tag","embeddable":true,"href":"https:\/\/raum-blick.de\/magazin\/wp-json\/wp\/v2\/tags?post=3180"}],"curies":[{"name":"wp","href":"https:\/\/api.w.org\/{rel}","templated":true}]}}