{"id":3088,"date":"2017-05-17T10:02:52","date_gmt":"2017-05-17T08:02:52","guid":{"rendered":"https:\/\/www.raum-blick.de\/magazin\/?p=3088"},"modified":"2022-02-28T09:15:20","modified_gmt":"2022-02-28T08:15:20","slug":"vita-lampen-designs","status":"publish","type":"post","link":"https:\/\/raum-blick.de\/magazin\/vita-lampen-designs\/","title":{"rendered":"Vita Lampen-Designs"},"content":{"rendered":"<h2><span class=\"ez-toc-section\" id=\"%C2%AB_Lustvoll_verspielte_Kreationen_aus_Daenemark_%C2%BB\"><\/span>\u00ab Lustvoll verspielte Kreationen aus D\u00e4nemark \u00bb<span class=\"ez-toc-section-end\"><\/span><\/h2>\n<p style=\"text-align: justify;\"><strong>Die Marke Vita ist l\u00e4ngst ein gro\u00dfer Name, wenn es um skandinavische Lampen geht und nimmt schon jetzt einen wichtigen Platz in der d\u00e4nischen Design-Geschichte ein. Betrachtet man die Kreationen des Herstellers, dann ist sofort zu erkennen warum. Kaum einem andern Unternehmen gelingt es so genial, Verspieltheit und Funktionalit\u00e4t zu kombinieren.<\/strong><\/p>\n<p style=\"text-align: justify;\">Obwohl das Kopenhagener Unternehmen Vita erst vor wenigen Jahren gegr\u00fcndet wurde, konnte es sich mit seinen besonderen Design-Lampen bereits international einen gro\u00dfen Namen machen und z\u00e4hlt einige Stilikonen zum Sortiment. Vorz\u00fcglich gelingt es Soren Ravn Christensen und seinem kreativen Team bei allen <a href=\"https:\/\/www.raum-blick.de\/vita\/\">Vita Lampen<\/a>, innovatives Lichtdesign und nachhaltige Produktionsans\u00e4tze mit der unkomplizierten Art des skandinavischen Lifestyles zu verbinden. Die Quintessenz dieser Markenphilosophie sind beispielsweise die Leuchten Eos, Silvia und Shade, die sich in jeder Hinsicht vom Mainstream abheben.<\/p><div id=\"ez-toc-container\" class=\"ez-toc-v2_0_82_2 counter-hierarchy ez-toc-counter ez-toc-grey ez-toc-container-direction\">\n<div class=\"ez-toc-title-container\">\n<p class=\"ez-toc-title\" style=\"cursor:inherit\">Was hier auf Sie wartet<\/p>\n<span class=\"ez-toc-title-toggle\"><a href=\"#\" class=\"ez-toc-pull-right ez-toc-btn ez-toc-btn-xs ez-toc-btn-default ez-toc-toggle\" aria-label=\"Toggle Table of Content\"><span class=\"ez-toc-js-icon-con\"><span class=\"\"><span class=\"eztoc-hide\" style=\"display:none;\">Toggle<\/span><span class=\"ez-toc-icon-toggle-span\"><svg style=\"fill: #999;color:#999\" xmlns=\"http:\/\/www.w3.org\/2000\/svg\" class=\"list-377408\" width=\"20px\" height=\"20px\" viewBox=\"0 0 24 24\" fill=\"none\"><path d=\"M6 6H4v2h2V6zm14 0H8v2h12V6zM4 11h2v2H4v-2zm16 0H8v2h12v-2zM4 16h2v2H4v-2zm16 0H8v2h12v-2z\" fill=\"currentColor\"><\/path><\/svg><svg style=\"fill: #999;color:#999\" class=\"arrow-unsorted-368013\" xmlns=\"http:\/\/www.w3.org\/2000\/svg\" width=\"10px\" height=\"10px\" viewBox=\"0 0 24 24\" version=\"1.2\" baseProfile=\"tiny\"><path d=\"M18.2 9.3l-6.2-6.3-6.2 6.3c-.2.2-.3.4-.3.7s.1.5.3.7c.2.2.4.3.7.3h11c.3 0 .5-.1.7-.3.2-.2.3-.5.3-.7s-.1-.5-.3-.7zM5.8 14.7l6.2 6.3 6.2-6.3c.2-.2.3-.5.3-.7s-.1-.5-.3-.7c-.2-.2-.4-.3-.7-.3h-11c-.3 0-.5.1-.7.3-.2.2-.3.5-.3.7s.1.5.3.7z\"\/><\/svg><\/span><\/span><\/span><\/a><\/span><\/div>\n<nav><ul class='ez-toc-list ez-toc-list-level-1 ' ><li class='ez-toc-page-1 ez-toc-heading-level-2'><a class=\"ez-toc-link ez-toc-heading-1\" href=\"https:\/\/raum-blick.de\/magazin\/vita-lampen-designs\/#%C2%AB_Lustvoll_verspielte_Kreationen_aus_Daenemark_%C2%BB\" >\u00ab Lustvoll verspielte Kreationen aus D\u00e4nemark \u00bb<\/a><\/li><li class='ez-toc-page-1 ez-toc-heading-level-2'><a class=\"ez-toc-link ez-toc-heading-2\" href=\"https:\/\/raum-blick.de\/magazin\/vita-lampen-designs\/#Nachhaltige_Designideen_mit_extravaganter_Signatur\" >Nachhaltige Designideen mit extravaganter Signatur<\/a><\/li><li class='ez-toc-page-1 ez-toc-heading-level-2'><a class=\"ez-toc-link ez-toc-heading-3\" href=\"https:\/\/raum-blick.de\/magazin\/vita-lampen-designs\/#Natuerlichkeit_als_essentielles_Element\" >Nat\u00fcrlichkeit als essentielles Element<\/a><\/li><li class='ez-toc-page-1 ez-toc-heading-level-2'><a class=\"ez-toc-link ez-toc-heading-4\" href=\"https:\/\/raum-blick.de\/magazin\/vita-lampen-designs\/#Vita_Silvia_%E2%80%93_die_ideale_Melange_aus_Kunst_und_Natur\" >Vita Silvia \u2013 die ideale Melange aus Kunst und Natur<\/a><\/li><li class='ez-toc-page-1 ez-toc-heading-level-2'><a class=\"ez-toc-link ez-toc-heading-5\" href=\"https:\/\/raum-blick.de\/magazin\/vita-lampen-designs\/#Vita_Eos_%E2%80%93_Lichttechnik_flauschig_verpackt\" >Vita Eos \u2013 Lichttechnik flauschig verpackt<\/a><\/li><li class='ez-toc-page-1 ez-toc-heading-level-2'><a class=\"ez-toc-link ez-toc-heading-6\" href=\"https:\/\/raum-blick.de\/magazin\/vita-lampen-designs\/#Vita_Shade_%E2%80%93_anspruchsvolle_Aesthetik_auf_das_Minimum_reduziert\" >Vita Shade \u2013 anspruchsvolle \u00c4sthetik auf das Minimum reduziert<\/a><\/li><li class='ez-toc-page-1 ez-toc-heading-level-2'><a class=\"ez-toc-link ez-toc-heading-7\" href=\"https:\/\/raum-blick.de\/magazin\/vita-lampen-designs\/#Kreative_Arrangements_erwuenscht_Vita_Lampen_machen_es_moeglich\" >Kreative Arrangements erw\u00fcnscht? Vita Lampen machen es m\u00f6glich<\/a><\/li><\/ul><\/nav><\/div>\n\n<p style=\"text-align: justify;\"><a href=\"https:\/\/www.raum-blick.de\/vita-cuna-leuchte\"><img loading=\"lazy\" decoding=\"async\" class=\"aligncenter wp-image-3093 size-full\" title=\"Vita Cuna Lampe\" src=\"https:\/\/www.raum-blick.de\/magazin\/wp-content\/uploads\/2017\/05\/Vita-Cuna1.jpg\" alt=\"Vita Cuna\" width=\"600\" height=\"510\" srcset=\"https:\/\/raum-blick.de\/magazin\/wp-content\/uploads\/2017\/05\/Vita-Cuna1.jpg 600w, https:\/\/raum-blick.de\/magazin\/wp-content\/uploads\/2017\/05\/Vita-Cuna1-300x255.jpg 300w\" sizes=\"(max-width: 600px) 100vw, 600px\" \/><\/a><\/p>\n<h2><span class=\"ez-toc-section\" id=\"Nachhaltige_Designideen_mit_extravaganter_Signatur\"><\/span>Nachhaltige Designideen mit extravaganter Signatur<span class=\"ez-toc-section-end\"><\/span><\/h2>\n<p style=\"text-align: justify;\">Seit Vita im Jahr 2008 gegr\u00fcndet wurde, widmet sich die Marke dem Anliegen, unkonventionelle Design-Leuchten zu entwickeln und die Erfolgsgeschichte des skandinavischen Designs weiterzuf\u00fchren. Alle Kreationen greifen klassische nordische Elemente auf und interpretieren diese auf nie da gewesene Weise. Bei der Umsetzung dieser Vision wird demzufolge an formaler Klarheit und alltagsnaher Funktionalit\u00e4t festgehalten und doch verspr\u00fcht jedes Produkt einen verspielten Charme. Diese gelungene Kombination hat dazu gef\u00fchrt, dass die au\u00dfergew\u00f6hnlichen Lampen l\u00e4ngst in \u00fcber 40 L\u00e4ndern vertrieben werden.<\/p>\n<p style=\"text-align: justify;\"><a href=\"https:\/\/www.raum-blick.de\/vita-alva-leuchte\"><img loading=\"lazy\" decoding=\"async\" class=\"aligncenter wp-image-3111 size-full\" title=\"Vita Alva\" src=\"https:\/\/www.raum-blick.de\/magazin\/wp-content\/uploads\/2017\/05\/Vita-Alva.jpg\" alt=\"Vita Alva\" width=\"600\" height=\"524\" srcset=\"https:\/\/raum-blick.de\/magazin\/wp-content\/uploads\/2017\/05\/Vita-Alva.jpg 600w, https:\/\/raum-blick.de\/magazin\/wp-content\/uploads\/2017\/05\/Vita-Alva-300x262.jpg 300w\" sizes=\"(max-width: 600px) 100vw, 600px\" \/><\/a><\/p>\n<h2><span class=\"ez-toc-section\" id=\"Natuerlichkeit_als_essentielles_Element\"><\/span>Nat\u00fcrlichkeit als essentielles Element<span class=\"ez-toc-section-end\"><\/span><\/h2>\n<p style=\"text-align: justify;\">Bewusst wurde sich f\u00fcr die d\u00e4nische Hauptstadt als Unternehmenssitz entschieden. Das urbane Setting sorgt f\u00fcr gegenw\u00e4rtige Impulse, w\u00e4hrend sich die landschaftliche Sch\u00f6nheit des hohen Nordens direkt an das st\u00e4dtische Milieu angliedert.<\/p>\n<p style=\"text-align: justify;\"><img loading=\"lazy\" decoding=\"async\" class=\"alignright wp-image-3095 size-full\" title=\"Vita Silvia Lampe in Form eines Tannenzapfens\" src=\"https:\/\/www.raum-blick.de\/magazin\/wp-content\/uploads\/2017\/05\/Vita-Silvia.jpg\" alt=\"Vita Silvia\" width=\"300\" height=\"300\" srcset=\"https:\/\/raum-blick.de\/magazin\/wp-content\/uploads\/2017\/05\/Vita-Silvia.jpg 300w, https:\/\/raum-blick.de\/magazin\/wp-content\/uploads\/2017\/05\/Vita-Silvia-150x150.jpg 150w\" sizes=\"(max-width: 300px) 100vw, 300px\" \/>Gerade der Aspekt der Nat\u00fcrlichkeit, der im skandinavischen Design generell ein wichtiges Thema ist, kommt bei den durchdachten Sch\u00f6pfungen hervorragend zur Geltung.<\/p>\n<p style=\"text-align: justify;\">Ausgedehnte W\u00e4lder, die sommerliche Idylle am Strand oder das tosende Meer im Herbst: Aus der eindrucksvollen und kontrastreichen Natur rekrutiert Soren Ravn Christensen mit seinem Team neuartige Ideen f\u00fcr aufregende Texturen, organische Formen und zeitlos sch\u00f6ne Farben.<\/p>\n<p style=\"text-align: justify;\">Man betrachte nur die Vita Silvia Lampe, die die Form eines Tannenzapfens annimmt oder die <a href=\"https:\/\/www.raum-blick.de\/vita-eos\">Vita EOS Lampe<\/a>, die aus \u2013 im wahrsten Sinne des Wortes \u2013 federleichten Naturmaterialien geschaffen ist.<\/p>\n<p style=\"text-align: justify;\"><a href=\"https:\/\/www.raum-blick.de\/vita-eos\"><img loading=\"lazy\" decoding=\"async\" class=\"alignleft wp-image-3099 size-full\" title=\"Vita EOS Lampe aus G\u00e4nsefedern\" src=\"https:\/\/www.raum-blick.de\/magazin\/wp-content\/uploads\/2017\/05\/Vita-EOS-aus-G\u00e4nsefedern1.jpg\" alt=\"Vita EOS aus G\u00e4nsefedern\" width=\"300\" height=\"300\" srcset=\"https:\/\/raum-blick.de\/magazin\/wp-content\/uploads\/2017\/05\/Vita-EOS-aus-G\u00e4nsefedern1.jpg 300w, https:\/\/raum-blick.de\/magazin\/wp-content\/uploads\/2017\/05\/Vita-EOS-aus-G\u00e4nsefedern1-150x150.jpg 150w\" sizes=\"(max-width: 300px) 100vw, 300px\" \/><\/a>Effiziente Herstellungsverfahren, eine \u00f6kologisch vertretbare Logistik und die langfristige Nutzung spielen ebenso eine wesentliche Rolle bei allen Herstellungsverfahren und Design-Ideen.<\/p>\n<p style=\"text-align: justify;\">Dabei geht es dem umweltbewussten Unternehmen darum, sorgsam mit den verf\u00fcgbaren Ressourcen umzugehen. Au\u00dferdem m\u00f6chte der Hersteller den \u00f6kologischen Fu\u00dfabdruck m\u00f6glichst klein halten, der sich aus den Transportwegen bei der Materialbeschaffung und der Auslieferung ergibt.<\/p>\n<blockquote>\n<p style=\"text-align: justify;\">Jede Leuchte l\u00e4sst sich in viele Einzelteile zerlegen und in auffallend kompakten Schachteln unterbringen.<\/p>\n<\/blockquote>\n<h2><span class=\"ez-toc-section\" id=\"Vita_Silvia_%E2%80%93_die_ideale_Melange_aus_Kunst_und_Natur\"><\/span>Vita Silvia \u2013 die ideale Melange aus Kunst und Natur<span class=\"ez-toc-section-end\"><\/span><\/h2>\n<p style=\"text-align: justify;\">Im Jahr 2010 wurde Silvia vorgestellt, die ma\u00dfgeblich zum fulminanten Erfolg der Marke beigetragen hat. Unter anderem erntete die Lampe bei der Frankfurter Ambiente reichlich Applaus. Dass insbesondere diese Kreation von der nordischen Umgebung inspiriert wurde, ist kaum zu \u00fcbersehen. Zugleich ist der Entwurf so abstrakt gehalten, dass die \u00c4hnlichkeit mit einem Tannenzapfen angenehm subtil bleibt. Gleichzeitig wird aus dem Ensemble an Lamellen eigenh\u00e4ndig ein ausgefallenes Einrichtungsobjekt erschaffen. Der Lampenschirm eignet sich f\u00fcr die Installation als H\u00e4ngelampe ebenso wie f\u00fcr die Best\u00fcckung einer Stehlampe. F\u00fcr letzteres sind passgenaue Silvia Tripod Gestelle verf\u00fcgbar.<\/p>\n<p style=\"text-align: justify;\"><a href=\"https:\/\/www.raum-blick.de\/silvia-leuchte-vita-inkl.-tripod\"><img loading=\"lazy\" decoding=\"async\" class=\"aligncenter wp-image-3105 size-full\" title=\"Vita Silvia Leuchte\" src=\"https:\/\/www.raum-blick.de\/magazin\/wp-content\/uploads\/2017\/05\/Vita-Silvia-Leuchte.jpg\" alt=\"Vita Silvia Leuchte\" width=\"600\" height=\"600\" srcset=\"https:\/\/raum-blick.de\/magazin\/wp-content\/uploads\/2017\/05\/Vita-Silvia-Leuchte.jpg 600w, https:\/\/raum-blick.de\/magazin\/wp-content\/uploads\/2017\/05\/Vita-Silvia-Leuchte-150x150.jpg 150w, https:\/\/raum-blick.de\/magazin\/wp-content\/uploads\/2017\/05\/Vita-Silvia-Leuchte-300x300.jpg 300w\" sizes=\"(max-width: 600px) 100vw, 600px\" \/><\/a><\/p>\n<p style=\"text-align: justify;\">Aufgrund der organischen Form wirkt die Leuchte nicht nur au\u00dferordentlich \u00e4sthetisch. Dank der lamellenartigen Konzeption ergibt sich ein spannendes Wechselspiel aus Licht und Schatten. Au\u00dferdem werden die Vita Lampen in verschiedenen Gr\u00f6\u00dfen, in Wei\u00df und mit der Optik von geb\u00fcrstetem Kupfer oder Messing angeboten. So haben Sie viele M\u00f6glichkeiten f\u00fcr individuelle Arrangements bei der Raumgestaltung.<\/p>\n<h2><span class=\"ez-toc-section\" id=\"Vita_Eos_%E2%80%93_Lichttechnik_flauschig_verpackt\"><\/span>Vita Eos \u2013 Lichttechnik flauschig verpackt<span class=\"ez-toc-section-end\"><\/span><\/h2>\n<p style=\"text-align: justify;\">Mit Leib und Seele widmen sich die kreativen K\u00fcnstler des d\u00e4nischen Herstellers dem Lichtdesign und verfolgen auch sehr unkonventionelle Ideen. Querdenken und mit \u00c4sthetik experimentieren \u2013 das ist die Maxime, wirft man einen Blick auf die Vita EOS Lampe. Diese Leuchten greifen hinsichtlich der Materialien ebenso das Motiv der Nat\u00fcrlichkeit auf und sind vollst\u00e4ndig in Vogelfedern gekleidet, die den Modellen ein ungew\u00f6hnliches und faszinierendes Antlitz verleihen.<\/p>\n<p style=\"text-align: justify;\"><a href=\"https:\/\/www.raum-blick.de\/eos-leuchte-vita-inkl.-tripod\"><img loading=\"lazy\" decoding=\"async\" class=\"aligncenter wp-image-3107 size-full\" title=\"Vita EOS Leuchte\" src=\"https:\/\/www.raum-blick.de\/magazin\/wp-content\/uploads\/2017\/05\/Vita-EOS-Leuchte.jpg\" alt=\"Vita EOS Leuchte\" width=\"600\" height=\"430\" srcset=\"https:\/\/raum-blick.de\/magazin\/wp-content\/uploads\/2017\/05\/Vita-EOS-Leuchte.jpg 600w, https:\/\/raum-blick.de\/magazin\/wp-content\/uploads\/2017\/05\/Vita-EOS-Leuchte-300x215.jpg 300w\" sizes=\"(max-width: 600px) 100vw, 600px\" \/><\/a><\/p>\n<p style=\"text-align: justify;\">Die Lampe Vita EOS wirkt leicht und unbeschwert. Das ausgefallene Wohnaccessoire ist daher f\u00fcr jedes Raumkonzept zu empfehlen, das einen warmen Akzent vertragen kann. Die Leuchte pr\u00e4sentiert das federleichte Design in einem Cremewei\u00df, einem zarten Braunton sowie in Hellgrau und greift damit typische Naturt\u00f6ne des Nordens auf. Au\u00dferdem stehen diese Kreationen in verschiedenen Durchmessern zur Verf\u00fcgung und k\u00f6nnen ebenso wie das Modell Silvia als H\u00e4ngelampe oder Stehlampe arrangiert werden. EOS beweist, wie ungek\u00fcnstelt stilistische Extravaganz sein kann und erfreut mit angenehm sanften Licht.<\/p>\n<h2><span class=\"ez-toc-section\" id=\"Vita_Shade_%E2%80%93_anspruchsvolle_Aesthetik_auf_das_Minimum_reduziert\"><\/span>Vita Shade \u2013 anspruchsvolle \u00c4sthetik auf das Minimum reduziert<span class=\"ez-toc-section-end\"><\/span><\/h2>\n<p style=\"text-align: justify;\">In der unternehmerischen Selbstdarstellungen gesteht sich das Label nicht nur ein, dass es offen f\u00fcr markante Design-Ideen f\u00fcr seine Lampen ist, die sich allen Konventionen entsagen. Bei aller Experimentierfreude steht der Wille, Design-Leuchten zu erschaffen, die allen funktionalen Anspr\u00fcchen gen\u00fcgen, stets ebenso im Fokus aller \u00dcberlegungen \u2013 und das bei einer Umsetzung mit minimalen Materialverbrauch.<\/p>\n<p style=\"text-align: justify;\"><img loading=\"lazy\" decoding=\"async\" class=\"aligncenter wp-image-3109 size-full\" title=\"Vita Shade\" src=\"https:\/\/www.raum-blick.de\/magazin\/wp-content\/uploads\/2017\/05\/Vita-Shade.jpg\" alt=\"Vita Shade\" width=\"600\" height=\"533\" srcset=\"https:\/\/raum-blick.de\/magazin\/wp-content\/uploads\/2017\/05\/Vita-Shade.jpg 600w, https:\/\/raum-blick.de\/magazin\/wp-content\/uploads\/2017\/05\/Vita-Shade-300x267.jpg 300w\" sizes=\"(max-width: 600px) 100vw, 600px\" \/><\/p>\n<p style=\"text-align: justify;\">Dass der materielle Minimalismus in ebenso skurrilen wie genialen Design-Ideen m\u00fcnden kann, erschlie\u00dft sich beim Blick auf die Tischlampe Vita Shade: Dem Leuchtmittel mit der dreif\u00fc\u00dfigen Fassung wird schlicht und ergreifend ein Filzhut aufgesetzt. Schon ist der Purismus in Reinkultur perfekt und erfreut zugleich mit seiner ausgekl\u00fcgelten Funktionalit\u00e4t. Denn Sie k\u00f6nnen den Winkel des Lampenschirms frei w\u00e4hlen und mit einem Fingertipp korrigieren, wodurch sich zugleich die direkte und indirekte Lichtwirkung ver\u00e4ndert. Alternativ gibt die Shade eine hervorragende H\u00e4ngelampe in vielerlei R\u00e4umlichkeiten ab.<\/p>\n<h2><span class=\"ez-toc-section\" id=\"Kreative_Arrangements_erwuenscht_Vita_Lampen_machen_es_moeglich\"><\/span>Kreative Arrangements erw\u00fcnscht? Vita Lampen machen es m\u00f6glich<span class=\"ez-toc-section-end\"><\/span><\/h2>\n<p style=\"text-align: justify;\">Wenn ein Lampenhersteller das Pr\u00e4dikat \u201eInnovator\u201c verdient, dann ist es Vita. Designs, die verspielt auftreten und sich g\u00e4nzlich abseits gewohnter Pfade bewegen, sind das unbestrittene Markenzeichen des Unternehmens. Ob Silvia, EOS oder Shade und etliche weitere Leuchten \u2013 der Kreativit\u00e4t scheint der Manufaktur nie auszugehen und man darf gespannt sein, was sie sich in Zukunft noch einfallen l\u00e4sst.<\/p>\n","protected":false},"excerpt":{"rendered":"<p>\u00ab Lustvoll verspielte Kreationen aus D\u00e4nemark \u00bb Die Marke Vita ist l\u00e4ngst ein gro\u00dfer Name, wenn es um skandinavische Lampen geht und nimmt schon jetzt einen wichtigen Platz in der d\u00e4nischen Design-Geschichte ein. Betrachtet man die Kreationen des Herstellers, dann ist sofort zu erkennen warum. Kaum einem andern Unternehmen gelingt es so genial, Verspieltheit und [&hellip;]<\/p>\n","protected":false},"author":4,"featured_media":3090,"comment_status":"closed","ping_status":"open","sticky":false,"template":"","format":"standard","meta":{"_et_pb_use_builder":"","_et_pb_old_content":"","_et_gb_content_width":"","inline_featured_image":false,"footnotes":""},"categories":[8],"tags":[243,280,43,99,366,365,364,361,362,363,367],"class_list":["post-3088","post","type-post","status-publish","format-standard","has-post-thumbnail","hentry","category-features","tag-design-leuchten","tag-lampen","tag-leuchten","tag-vita","tag-vita-alva","tag-vita-cuna","tag-vita-eos","tag-vita-lampen","tag-vita-leuchten","tag-vita-shade","tag-vita-silvia"],"_links":{"self":[{"href":"https:\/\/raum-blick.de\/magazin\/wp-json\/wp\/v2\/posts\/3088","targetHints":{"allow":["GET"]}}],"collection":[{"href":"https:\/\/raum-blick.de\/magazin\/wp-json\/wp\/v2\/posts"}],"about":[{"href":"https:\/\/raum-blick.de\/magazin\/wp-json\/wp\/v2\/types\/post"}],"author":[{"embeddable":true,"href":"https:\/\/raum-blick.de\/magazin\/wp-json\/wp\/v2\/users\/4"}],"replies":[{"embeddable":true,"href":"https:\/\/raum-blick.de\/magazin\/wp-json\/wp\/v2\/comments?post=3088"}],"version-history":[{"count":17,"href":"https:\/\/raum-blick.de\/magazin\/wp-json\/wp\/v2\/posts\/3088\/revisions"}],"predecessor-version":[{"id":15183,"href":"https:\/\/raum-blick.de\/magazin\/wp-json\/wp\/v2\/posts\/3088\/revisions\/15183"}],"wp:featuredmedia":[{"embeddable":true,"href":"https:\/\/raum-blick.de\/magazin\/wp-json\/wp\/v2\/media\/3090"}],"wp:attachment":[{"href":"https:\/\/raum-blick.de\/magazin\/wp-json\/wp\/v2\/media?parent=3088"}],"wp:term":[{"taxonomy":"category","embeddable":true,"href":"https:\/\/raum-blick.de\/magazin\/wp-json\/wp\/v2\/categories?post=3088"},{"taxonomy":"post_tag","embeddable":true,"href":"https:\/\/raum-blick.de\/magazin\/wp-json\/wp\/v2\/tags?post=3088"}],"curies":[{"name":"wp","href":"https:\/\/api.w.org\/{rel}","templated":true}]}}