{"id":3055,"date":"2017-05-16T15:17:06","date_gmt":"2017-05-16T13:17:06","guid":{"rendered":"https:\/\/www.raum-blick.de\/magazin\/?p=3055"},"modified":"2024-08-30T11:48:14","modified_gmt":"2024-08-30T09:48:14","slug":"flexible-regalsysteme","status":"publish","type":"post","link":"https:\/\/raum-blick.de\/magazin\/flexible-regalsysteme\/","title":{"rendered":"Flexible Regalsysteme"},"content":{"rendered":"<h2><span class=\"ez-toc-section\" id=\"%C2%AB_Diese_Regale_setzen_keine_Grenzen_%C2%BB\"><\/span>\u00ab Diese Regale setzen keine Grenzen \u00bb<span class=\"ez-toc-section-end\"><\/span><\/h2>\n<p style=\"text-align: justify;\"><strong>Sicher kennen Sie auch die Situation: Sie erwerben neue Accessoires, B\u00fccher, Dekorationselemente und mehr. Das Regal f\u00fcllt sich immer weiter, bis irgendwann kein Platz mehr vorhanden ist. Jetzt haben Sie die M\u00f6glichkeit, einige Kleinteile zu entsorgen, ein neues Regal einzurichten oder das alte ganz einfach zu vergr\u00f6\u00dfern und anders zu arrangieren. Flexible Regalsysteme k\u00f6nnen spontan erweitert werden und lassen sich je nach Bedarf umstellen.<\/strong><\/p>\n<h2><span class=\"ez-toc-section\" id=\"Wohnwelten_flexibel_und_dynamisch_einrichten\"><\/span>Wohnwelten flexibel und dynamisch einrichten<span class=\"ez-toc-section-end\"><\/span><\/h2>\n<p style=\"text-align: justify;\">Dynamik und Flexibilit\u00e4t bilden zwei Aspekte, die im modernen Alltag unerl\u00e4sslich sind \u2013 das gilt nicht nur f\u00fcr das Berufsleben oder bei der Planung von Freizeitaktivit\u00e4ten. Auch eine geschmackvolle Einrichtung verlangt ab und an, zu experimentieren, Dinge neu zu gestalten und Arrangements zu \u00e4ndern. Flexible Regalsystem erf\u00fcllen diese Anforderungen und lassen sich beliebig erweitern oder bei Bedarf ebenso verk\u00fcrzen.<\/p><div id=\"ez-toc-container\" class=\"ez-toc-v2_0_82_2 counter-hierarchy ez-toc-counter ez-toc-grey ez-toc-container-direction\">\n<div class=\"ez-toc-title-container\">\n<p class=\"ez-toc-title\" style=\"cursor:inherit\">Was hier auf Sie wartet<\/p>\n<span class=\"ez-toc-title-toggle\"><a href=\"#\" class=\"ez-toc-pull-right ez-toc-btn ez-toc-btn-xs ez-toc-btn-default ez-toc-toggle\" aria-label=\"Toggle Table of Content\"><span class=\"ez-toc-js-icon-con\"><span class=\"\"><span class=\"eztoc-hide\" style=\"display:none;\">Toggle<\/span><span class=\"ez-toc-icon-toggle-span\"><svg style=\"fill: #999;color:#999\" xmlns=\"http:\/\/www.w3.org\/2000\/svg\" class=\"list-377408\" width=\"20px\" height=\"20px\" viewBox=\"0 0 24 24\" fill=\"none\"><path d=\"M6 6H4v2h2V6zm14 0H8v2h12V6zM4 11h2v2H4v-2zm16 0H8v2h12v-2zM4 16h2v2H4v-2zm16 0H8v2h12v-2z\" fill=\"currentColor\"><\/path><\/svg><svg style=\"fill: #999;color:#999\" class=\"arrow-unsorted-368013\" xmlns=\"http:\/\/www.w3.org\/2000\/svg\" width=\"10px\" height=\"10px\" viewBox=\"0 0 24 24\" version=\"1.2\" baseProfile=\"tiny\"><path d=\"M18.2 9.3l-6.2-6.3-6.2 6.3c-.2.2-.3.4-.3.7s.1.5.3.7c.2.2.4.3.7.3h11c.3 0 .5-.1.7-.3.2-.2.3-.5.3-.7s-.1-.5-.3-.7zM5.8 14.7l6.2 6.3 6.2-6.3c.2-.2.3-.5.3-.7s-.1-.5-.3-.7c-.2-.2-.4-.3-.7-.3h-11c-.3 0-.5.1-.7.3-.2.2-.3.5-.3.7s.1.5.3.7z\"\/><\/svg><\/span><\/span><\/span><\/a><\/span><\/div>\n<nav><ul class='ez-toc-list ez-toc-list-level-1 ' ><li class='ez-toc-page-1 ez-toc-heading-level-2'><a class=\"ez-toc-link ez-toc-heading-1\" href=\"https:\/\/raum-blick.de\/magazin\/flexible-regalsysteme\/#%C2%AB_Diese_Regale_setzen_keine_Grenzen_%C2%BB\" >\u00ab Diese Regale setzen keine Grenzen \u00bb<\/a><\/li><li class='ez-toc-page-1 ez-toc-heading-level-2'><a class=\"ez-toc-link ez-toc-heading-2\" href=\"https:\/\/raum-blick.de\/magazin\/flexible-regalsysteme\/#Wohnwelten_flexibel_und_dynamisch_einrichten\" >Wohnwelten flexibel und dynamisch einrichten<\/a><\/li><li class='ez-toc-page-1 ez-toc-heading-level-2'><a class=\"ez-toc-link ez-toc-heading-3\" href=\"https:\/\/raum-blick.de\/magazin\/flexible-regalsysteme\/#Flexible_Regalsysteme_von_Design-Marken\" >Flexible Regalsysteme von Design-Marken<\/a><ul class='ez-toc-list-level-3' ><li class='ez-toc-heading-level-3'><a class=\"ez-toc-link ez-toc-heading-4\" href=\"https:\/\/raum-blick.de\/magazin\/flexible-regalsysteme\/#Muuto_Stacked\" >Muuto Stacked<\/a><\/li><li class='ez-toc-page-1 ez-toc-heading-level-3'><a class=\"ez-toc-link ez-toc-heading-5\" href=\"https:\/\/raum-blick.de\/magazin\/flexible-regalsysteme\/#Tojo_Stell\" >Tojo Stell<\/a><\/li><li class='ez-toc-page-1 ez-toc-heading-level-3'><a class=\"ez-toc-link ez-toc-heading-6\" href=\"https:\/\/raum-blick.de\/magazin\/flexible-regalsysteme\/#Konstantin_Slawinski_Regalsystem_YU_3\" >Konstantin Slawinski Regalsystem YU 3<\/a><\/li><li class='ez-toc-page-1 ez-toc-heading-level-3'><a class=\"ez-toc-link ez-toc-heading-7\" href=\"https:\/\/raum-blick.de\/magazin\/flexible-regalsysteme\/#Konnex_Regal_von_Mueller_Moebelwerkstaetten\" >Konnex Regal von M\u00fcller M\u00f6belwerkst\u00e4tten<\/a><\/li><\/ul><\/li><li class='ez-toc-page-1 ez-toc-heading-level-2'><a class=\"ez-toc-link ez-toc-heading-8\" href=\"https:\/\/raum-blick.de\/magazin\/flexible-regalsysteme\/#Flexible_Regalsysteme_fuer_Ihr_individuelles_Ensemble\" >Flexible Regalsysteme f\u00fcr Ihr individuelles Ensemble<\/a><\/li><\/ul><\/nav><\/div>\n\n<p style=\"text-align: justify;\"><img loading=\"lazy\" decoding=\"async\" class=\"aligncenter wp-image-3073 size-full\" title=\"Flexibles Regalsystem: Muuto Stacked | Esche\" src=\"https:\/\/www.raum-blick.de\/magazin\/wp-content\/uploads\/2017\/05\/Flexibles-Regalsystem-Muuto-Stacked-Esche.jpg\" alt=\"Flexibles Regalsystem Muuto Stacked Esche\" width=\"600\" height=\"600\" srcset=\"https:\/\/raum-blick.de\/magazin\/wp-content\/uploads\/2017\/05\/Flexibles-Regalsystem-Muuto-Stacked-Esche.jpg 600w, https:\/\/raum-blick.de\/magazin\/wp-content\/uploads\/2017\/05\/Flexibles-Regalsystem-Muuto-Stacked-Esche-150x150.jpg 150w, https:\/\/raum-blick.de\/magazin\/wp-content\/uploads\/2017\/05\/Flexibles-Regalsystem-Muuto-Stacked-Esche-300x300.jpg 300w\" sizes=\"(max-width: 600px) 100vw, 600px\" \/><\/p>\n<p style=\"text-align: justify;\">Die Kleinm\u00f6bel lassen sich spontan in den Raum positionieren, um das Interieur zu erg\u00e4nzen. Die griffbereite Unterbringung der Utensilien ist in vielen Situationen praktisch. Au\u00dferdem lockert das gekonnte Spiel zwischen offenen und geschlossenen Stellfl\u00e4chen das Ambiente auf und es findet sich f\u00fcr jede Raumgr\u00f6\u00dfe eine Ausf\u00fchrung, die passgenau integriert werden kann. Als beliebte Form haben sich stets die Regalw\u00fcrfel erwiesen. Die W\u00fcrfelform bzw. Quaderform ist pr\u00e4destiniert, Elemente einfach aufeinander zu stapeln, um so zu erweitern.<\/p>\n<h2><span class=\"ez-toc-section\" id=\"Flexible_Regalsysteme_von_Design-Marken\"><\/span>Flexible Regalsysteme von Design-Marken<span class=\"ez-toc-section-end\"><\/span><\/h2>\n<p style=\"text-align: justify;\">Das grundlegende Problem bei herk\u00f6mmlichen Regalen ergibt sich in der optimalen Nutzung des Platzes. H\u00e4ufig muss man sich vorher \u00fcberlegen, was auf den Stellplatz soll, um ein passendes Modell auszuw\u00e4hlen.<\/p>\n<p style=\"text-align: justify;\"><img loading=\"lazy\" decoding=\"async\" class=\"aligncenter wp-image-3076 size-full\" title=\"Flexibles Regalsystem: Muuto Stacked | Hellgrau\" src=\"https:\/\/www.raum-blick.de\/magazin\/wp-content\/uploads\/2017\/05\/Flexibles-Regalsystem-Muuto-Stacked-Hellgrau.jpg\" alt=\"Flexibles Regalsystem Muuto Stacked Hellgrau\" width=\"600\" height=\"600\" srcset=\"https:\/\/raum-blick.de\/magazin\/wp-content\/uploads\/2017\/05\/Flexibles-Regalsystem-Muuto-Stacked-Hellgrau.jpg 600w, https:\/\/raum-blick.de\/magazin\/wp-content\/uploads\/2017\/05\/Flexibles-Regalsystem-Muuto-Stacked-Hellgrau-150x150.jpg 150w, https:\/\/raum-blick.de\/magazin\/wp-content\/uploads\/2017\/05\/Flexibles-Regalsystem-Muuto-Stacked-Hellgrau-300x300.jpg 300w\" sizes=\"(max-width: 600px) 100vw, 600px\" \/><\/p>\n<p style=\"text-align: justify;\">Allerdings kann es sein, dass sich das Regal hinterher als zu klein herausstellt oder Raum \u00fcbrig l\u00e4sst, der nicht optimal genutzt werden kann. Renommierte Design-Marken wissen um diese Problematik und schaffen mit eleganten L\u00f6sungen Abhilfe.<\/p>\n<h3><span class=\"ez-toc-section\" id=\"Muuto_Stacked\"><\/span>Muuto Stacked<span class=\"ez-toc-section-end\"><\/span><\/h3>\n<p style=\"text-align: justify;\">Muuto pr\u00e4sentiert ein flexibles Regalsystem, dass genau dem beschriebenen Manko entgegenwirkt und Ihnen ein hohes Ma\u00df an Gestaltungsfreiheit erlaubt. <a href=\"https:\/\/www.raum-blick.de\/search?sSearch=muuto+stacked\">Muuto Stacked<\/a> besteht aus unterschiedlich gro\u00dfen geometrischen Modulen in Form von Regalw\u00fcrfeln- und Quadern. Sie kaufen ein Modul und wenn Sie merken, dass Sie mehr Platz ben\u00f6tigen, erg\u00e4nzen Sie es einfach um ein weiteres. Auf diese Weise lassen sich immer wieder neue Elemente aufstapeln oder entfernen und umplatzieren.<\/p>\n<p style=\"text-align: justify;\"><img loading=\"lazy\" decoding=\"async\" class=\"aligncenter wp-image-3069 size-full\" title=\"Flexibles Regalsystem: Muuto Stacked | Wei\u00df\" src=\"https:\/\/www.raum-blick.de\/magazin\/wp-content\/uploads\/2017\/05\/Flexibles-Regalsystem-Muuto-Stacked-Weiss.jpg\" alt=\"Flexibles Regalsystem Muuto Stacked Weiss\" width=\"600\" height=\"600\" srcset=\"https:\/\/raum-blick.de\/magazin\/wp-content\/uploads\/2017\/05\/Flexibles-Regalsystem-Muuto-Stacked-Weiss.jpg 600w, https:\/\/raum-blick.de\/magazin\/wp-content\/uploads\/2017\/05\/Flexibles-Regalsystem-Muuto-Stacked-Weiss-150x150.jpg 150w, https:\/\/raum-blick.de\/magazin\/wp-content\/uploads\/2017\/05\/Flexibles-Regalsystem-Muuto-Stacked-Weiss-300x300.jpg 300w\" sizes=\"(max-width: 600px) 100vw, 600px\" \/><\/p>\n<p style=\"text-align: justify;\">Zusammengehalten werden die einzelnen Bestandteile mit der passenden Klammer, die f\u00fcr gew\u00f6hnlich im 5er-Set erh\u00e4ltlich ist. Varianten ohne R\u00fcckwand stellen optisch ansprechende Raumteiler dar, die beispielsweise B\u00fcchern, auf die Sie von zwei Seiten zugreifen k\u00f6nnen, stilvollen Platz gew\u00e4hren.<\/p>\n<h3><span class=\"ez-toc-section\" id=\"Tojo_Stell\"><\/span>Tojo Stell<span class=\"ez-toc-section-end\"><\/span><\/h3>\n<p style=\"text-align: justify;\">Klassische M\u00f6bel aus den gegenw\u00e4rtigen Einrichtungslinien bevorzugen Standardma\u00dfe bei der Breite und der H\u00f6he. Einerseits ergeben sich dadurch trotz des differierenden Oberfl\u00e4chendesigns gewisse Parallelen bei der Raumgestaltung. Andererseits ist es nicht leicht, mit dem g\u00e4ngigen Interieur Wohnwelten mit ungew\u00f6hnlichen Grundrissen auszustatten. Wer sich mit seinen Einrichtungsideen vom Standard abheben m\u00f6chte, ohne einen Tischler einzubeziehen, sollte einen Blick auf das Regal Stell von Tojo werfen.<\/p>\n<p style=\"text-align: justify;\"><img loading=\"lazy\" decoding=\"async\" class=\"aligncenter wp-image-3082 size-full\" title=\"Tojo stell | Wei\u00df\" src=\"https:\/\/www.raum-blick.de\/magazin\/wp-content\/uploads\/2017\/05\/Tojo-stell-Weiss.jpg\" alt=\"Tojo stell Weiss\" width=\"600\" height=\"600\" srcset=\"https:\/\/raum-blick.de\/magazin\/wp-content\/uploads\/2017\/05\/Tojo-stell-Weiss.jpg 600w, https:\/\/raum-blick.de\/magazin\/wp-content\/uploads\/2017\/05\/Tojo-stell-Weiss-150x150.jpg 150w, https:\/\/raum-blick.de\/magazin\/wp-content\/uploads\/2017\/05\/Tojo-stell-Weiss-300x300.jpg 300w\" sizes=\"(max-width: 600px) 100vw, 600px\" \/><\/p>\n<p style=\"text-align: justify;\">Tojo Stell bezeichnet ein flexibles Regalsystem, das sich horizontal und vertikal beinahe unbegrenzt mit Regalw\u00fcrfeln erweitern l\u00e4sst. Die Grundmodule und Anbaumodule k\u00f6nnen beispielsweise so drapiert werden, dass sich ein niedriges Sideboard ohne Unterbrechung \u00fcber mehrere Meter erstreckt. So ergibt sich ein extravaganter Eindruck, obwohl sich das wei\u00dfe Regalsystem durch eine dezente \u00c4sthetik auszeichnet.<\/p>\n<p style=\"text-align: justify;\"><img loading=\"lazy\" decoding=\"async\" class=\"aligncenter wp-image-3062 size-full\" title=\"Flexibles Regalsystem: Tojo Stell\" src=\"https:\/\/www.raum-blick.de\/magazin\/wp-content\/uploads\/2017\/05\/Flexibles-Regalsystem-Tojo-Stell.jpg\" alt=\"Flexibles Regalsystem Tojo Stell\" width=\"600\" height=\"456\" srcset=\"https:\/\/raum-blick.de\/magazin\/wp-content\/uploads\/2017\/05\/Flexibles-Regalsystem-Tojo-Stell.jpg 600w, https:\/\/raum-blick.de\/magazin\/wp-content\/uploads\/2017\/05\/Flexibles-Regalsystem-Tojo-Stell-300x228.jpg 300w\" sizes=\"(max-width: 600px) 100vw, 600px\" \/><\/p>\n<p style=\"text-align: justify;\">Alternativ k\u00f6nnen Sie mit den Modulen ein auffallend hohes Wandregal oder einen gro\u00dfz\u00fcgigen Raumteiler entwerfen, der Ihnen traumhaft viel Stauraum bietet. Dank der klaren Formsprache und der wohldosierten Asymmetrien beschweren aber auch stattliche Regalw\u00e4nde die Atmosph\u00e4re nicht.<\/p>\n<h3><span class=\"ez-toc-section\" id=\"Konstantin_Slawinski_Regalsystem_YU_3\"><\/span>Konstantin Slawinski Regalsystem YU 3<span class=\"ez-toc-section-end\"><\/span><\/h3>\n<p style=\"text-align: justify;\">Ein flexibles Regal ist nicht nur multifunktionell und erleichtert die Umsetzung unkonventioneller Raumkonzepte. Es ist au\u00dferdem eine fabelhafte Option, wenn Sie beim \u00e4sthetischen Design mitwirken m\u00f6chten. F\u00fcr Regalw\u00fcrfel entscheidet sich auch Knut V\u00f6lzke bei den Entw\u00fcrfen f\u00fcr das Regalsystem YU 3. Der Designer bleibt aber konsequent den quadratischen Ma\u00dfen und einer symmetrischen Anordnung bei den F\u00e4chern treu. So ergibt sich mehr Spielraum f\u00fcr optische Effekte, ohne dass der harmonische Eindruck des M\u00f6belst\u00fccks beeintr\u00e4chtigt wird.<\/p>\n<p style=\"text-align: justify;\"><img loading=\"lazy\" decoding=\"async\" class=\"aligncenter wp-image-3064 size-full\" title=\"Flexibles Regalsystem: Konstantin Slawinski SL52 YU\" src=\"https:\/\/www.raum-blick.de\/magazin\/wp-content\/uploads\/2017\/05\/Flexibles-Regalsystem-Konstantin-Slawinski-SL52-YU.jpg\" alt=\"Flexibles Regalsystem Konstantin Slawinski SL52 YU\" width=\"600\" height=\"600\" srcset=\"https:\/\/raum-blick.de\/magazin\/wp-content\/uploads\/2017\/05\/Flexibles-Regalsystem-Konstantin-Slawinski-SL52-YU.jpg 600w, https:\/\/raum-blick.de\/magazin\/wp-content\/uploads\/2017\/05\/Flexibles-Regalsystem-Konstantin-Slawinski-SL52-YU-150x150.jpg 150w, https:\/\/raum-blick.de\/magazin\/wp-content\/uploads\/2017\/05\/Flexibles-Regalsystem-Konstantin-Slawinski-SL52-YU-300x300.jpg 300w\" sizes=\"(max-width: 600px) 100vw, 600px\" \/><\/p>\n<p style=\"text-align: justify;\">Au\u00dfergew\u00f6hnlich wirkt das Stellregal durch die Kombination von Metall und Holz. Weitere Kontraste gesellen sich durch den Einsatz farbiger Elemente hinzu. Die doppelst\u00f6ckigen Module k\u00f6nnen sowohl nebeneinander als auch \u00fcbereinander positioniert werden. Es bleibt Ihnen \u00fcberlassen, wie viele Farben Sie dabei ins Spiel bringen. Au\u00dferdem wirkt ein mehrstufig drapiertes Regalsystem anders als ein geradliniges Arrangement. So entfaltet die Kollektion in jedem Zuhause dank der eigenen kreativen Ideen einen anderen Charakter. Aus dem multifunktionellen Regalsystem Yu 3wird mit wenigen Handgriffen zudem ein schicker Beistelltisch.<\/p>\n<h3><span class=\"ez-toc-section\" id=\"Konnex_Regal_von_Mueller_Moebelwerkstaetten\"><\/span>Konnex Regal von M\u00fcller M\u00f6belwerkst\u00e4tten<span class=\"ez-toc-section-end\"><\/span><\/h3>\n<p style=\"text-align: justify;\">Die M\u00fcller M\u00f6belwerkst\u00e4tten pr\u00e4sentieren mit dem Konnex Regal ein flexibles Regalsystem mit minimalistischer \u00c4sthetik, deren gestalterische Offenheit kaum zu \u00fcbertreffen ist. Jeder Regalw\u00fcrfel der dreiteiligen Sets ist an allen Seiten mit Fr\u00e4sungen versehen, die an einen Kamm erinnern. Daraus resultieren unz\u00e4hlige M\u00f6glichkeiten, wie Sie die Regalw\u00fcrfel miteinander verbinden.<\/p>\n<p style=\"text-align: justify;\"><img loading=\"lazy\" decoding=\"async\" class=\"aligncenter wp-image-3066 size-full\" title=\"Flexibles Regalsystem: Konnex\" src=\"https:\/\/www.raum-blick.de\/magazin\/wp-content\/uploads\/2017\/05\/Flexibles-Regalsystem-Konnex.jpg\" alt=\"Flexibles Regalsystem Konnex\" width=\"600\" height=\"600\" srcset=\"https:\/\/raum-blick.de\/magazin\/wp-content\/uploads\/2017\/05\/Flexibles-Regalsystem-Konnex.jpg 600w, https:\/\/raum-blick.de\/magazin\/wp-content\/uploads\/2017\/05\/Flexibles-Regalsystem-Konnex-150x150.jpg 150w, https:\/\/raum-blick.de\/magazin\/wp-content\/uploads\/2017\/05\/Flexibles-Regalsystem-Konnex-300x300.jpg 300w\" sizes=\"(max-width: 600px) 100vw, 600px\" \/><\/p>\n<p style=\"text-align: justify;\">So lassen sich Einrichtungsobjekte mit einer innovativen Formsprache ebenso konzipieren wie ein geradliniges Wandregal. Abh\u00e4ngig von der gew\u00e4hlten Steckweise entstehen niedrige, hohe und kleine F\u00e4cher. Selbstverst\u00e4ndlich ist es m\u00f6glich, das Regal durch weitere Sets aufzustocken. Falls Ihnen der erste Entwurf nicht mehr zusagt, k\u00f6nnen Sie das Design mit wenigen Handgriffen ver\u00e4ndern.<\/p>\n<h2><span class=\"ez-toc-section\" id=\"Flexible_Regalsysteme_fuer_Ihr_individuelles_Ensemble\"><\/span>Flexible Regalsysteme f\u00fcr Ihr individuelles Ensemble<span class=\"ez-toc-section-end\"><\/span><\/h2>\n<p style=\"text-align: justify;\">Regalw\u00fcrfel bilden eine hervorragende M\u00f6glichkeit, pers\u00f6nliche W\u00fcnsche f\u00fcr ein Regal umzusetzen, welches mehr ist als eine einfache Ablage. Namhafte Design-Marken kommen dem Streben nach Pers\u00f6nlichkeit und Charakter im Zuhause nach und bieten etliche Optionen, mit denen ganz eigene Konzepte umgesetzt werden k\u00f6nnen.<\/p>\n<blockquote>\n<p style=\"text-align: justify;\">Ob Muuto Stacked, Tojo Stell, das Konstantin Slawinski Regalsystem YU 3 oder das Konnex Regal der M\u00fcller M\u00f6belwerkst\u00e4tten \u2013 alle flexiblen Modelle eint die gestalterische Grenzenlosigkeit, die Sie Ihnen bieten.<\/p>\n<\/blockquote>\n<\/p>","protected":false},"excerpt":{"rendered":"<p>\u00ab Diese Regale setzen keine Grenzen \u00bb Sicher kennen Sie auch die Situation: Sie erwerben neue Accessoires, B\u00fccher, Dekorationselemente und mehr. Das Regal f\u00fcllt sich immer weiter, bis irgendwann kein Platz mehr vorhanden ist. Jetzt haben Sie die M\u00f6glichkeit, einige Kleinteile zu entsorgen, ein neues Regal einzurichten oder das alte ganz einfach zu vergr\u00f6\u00dfern und [&hellip;]<\/p>\n","protected":false},"author":4,"featured_media":3061,"comment_status":"closed","ping_status":"open","sticky":false,"template":"","format":"standard","meta":{"_et_pb_use_builder":"","_et_pb_old_content":"","_et_gb_content_width":"","inline_featured_image":false,"footnotes":""},"categories":[1],"tags":[56,113,80,239,168,16,69],"class_list":["post-3055","post","type-post","status-publish","format-standard","has-post-thumbnail","hentry","category-drinnen","tag-indoor","tag-konstantin-slawinski","tag-mueller-moebelwerkstaetten","tag-muuto","tag-regale","tag-regalsysteme","tag-tojo"],"_links":{"self":[{"href":"https:\/\/raum-blick.de\/magazin\/wp-json\/wp\/v2\/posts\/3055","targetHints":{"allow":["GET"]}}],"collection":[{"href":"https:\/\/raum-blick.de\/magazin\/wp-json\/wp\/v2\/posts"}],"about":[{"href":"https:\/\/raum-blick.de\/magazin\/wp-json\/wp\/v2\/types\/post"}],"author":[{"embeddable":true,"href":"https:\/\/raum-blick.de\/magazin\/wp-json\/wp\/v2\/users\/4"}],"replies":[{"embeddable":true,"href":"https:\/\/raum-blick.de\/magazin\/wp-json\/wp\/v2\/comments?post=3055"}],"version-history":[{"count":27,"href":"https:\/\/raum-blick.de\/magazin\/wp-json\/wp\/v2\/posts\/3055\/revisions"}],"predecessor-version":[{"id":20804,"href":"https:\/\/raum-blick.de\/magazin\/wp-json\/wp\/v2\/posts\/3055\/revisions\/20804"}],"wp:featuredmedia":[{"embeddable":true,"href":"https:\/\/raum-blick.de\/magazin\/wp-json\/wp\/v2\/media\/3061"}],"wp:attachment":[{"href":"https:\/\/raum-blick.de\/magazin\/wp-json\/wp\/v2\/media?parent=3055"}],"wp:term":[{"taxonomy":"category","embeddable":true,"href":"https:\/\/raum-blick.de\/magazin\/wp-json\/wp\/v2\/categories?post=3055"},{"taxonomy":"post_tag","embeddable":true,"href":"https:\/\/raum-blick.de\/magazin\/wp-json\/wp\/v2\/tags?post=3055"}],"curies":[{"name":"wp","href":"https:\/\/api.w.org\/{rel}","templated":true}]}}