{"id":3011,"date":"2017-05-08T12:16:42","date_gmt":"2017-05-08T10:16:42","guid":{"rendered":"https:\/\/www.raum-blick.de\/magazin\/?p=3011"},"modified":"2024-09-02T14:27:55","modified_gmt":"2024-09-02T12:27:55","slug":"kaehler-vasen","status":"publish","type":"post","link":"https:\/\/raum-blick.de\/magazin\/kaehler-vasen\/","title":{"rendered":"K\u00e4hler Vasen"},"content":{"rendered":"<h2><span class=\"ez-toc-section\" id=\"%C2%AB_Daenische_Keramikkunst_in_Perfektion_%C2%BB\"><\/span>\u00ab D\u00e4nische Keramikkunst in Perfektion \u00bb<span class=\"ez-toc-section-end\"><\/span><\/h2>\n<p style=\"text-align: justify;\"><strong>Die Keramikvasen aus N\u00e6stved geh\u00f6ren nicht nur zu den wichtigsten Repr\u00e4sentanten der d\u00e4nischen Designgeschichte, sie haben auch international die kunstvolle Gestaltung von Keramik gepr\u00e4gt. Deshalb ist es nicht verwunderlich, dass Designliebhaber bis heute von der legend\u00e4ren Kollektion Hammersh\u00f8i und moderneren Linien wie Omaggio begeistert sind.<\/strong><\/p>\n<p style=\"text-align: justify;\">Das Unternehmen <a href=\"https:\/\/www.raum-blick.de\/kaehler-design\/\">K\u00e4hler Design<\/a> ist aus der d\u00e4nischen Design-Geschichte nicht mehr weg zu denken. Vasen wie die der Serien Omaggio und Hammersh\u00f8i stehen eindrucksvoll f\u00fcr die Kunstfertigkeit, mit denen die stilvollen Kreationen geschaffen werden. Hinter den Design-St\u00fccken steht eine bewegte Geschichte voller Leidenschaft zum Handwerk.<\/p><div id=\"ez-toc-container\" class=\"ez-toc-v2_0_82_2 counter-hierarchy ez-toc-counter ez-toc-grey ez-toc-container-direction\">\n<div class=\"ez-toc-title-container\">\n<p class=\"ez-toc-title\" style=\"cursor:inherit\">Was hier auf Sie wartet<\/p>\n<span class=\"ez-toc-title-toggle\"><a href=\"#\" class=\"ez-toc-pull-right ez-toc-btn ez-toc-btn-xs ez-toc-btn-default ez-toc-toggle\" aria-label=\"Toggle Table of Content\"><span class=\"ez-toc-js-icon-con\"><span class=\"\"><span class=\"eztoc-hide\" style=\"display:none;\">Toggle<\/span><span class=\"ez-toc-icon-toggle-span\"><svg style=\"fill: #999;color:#999\" xmlns=\"http:\/\/www.w3.org\/2000\/svg\" class=\"list-377408\" width=\"20px\" height=\"20px\" viewBox=\"0 0 24 24\" fill=\"none\"><path d=\"M6 6H4v2h2V6zm14 0H8v2h12V6zM4 11h2v2H4v-2zm16 0H8v2h12v-2zM4 16h2v2H4v-2zm16 0H8v2h12v-2z\" fill=\"currentColor\"><\/path><\/svg><svg style=\"fill: #999;color:#999\" class=\"arrow-unsorted-368013\" xmlns=\"http:\/\/www.w3.org\/2000\/svg\" width=\"10px\" height=\"10px\" viewBox=\"0 0 24 24\" version=\"1.2\" baseProfile=\"tiny\"><path d=\"M18.2 9.3l-6.2-6.3-6.2 6.3c-.2.2-.3.4-.3.7s.1.5.3.7c.2.2.4.3.7.3h11c.3 0 .5-.1.7-.3.2-.2.3-.5.3-.7s-.1-.5-.3-.7zM5.8 14.7l6.2 6.3 6.2-6.3c.2-.2.3-.5.3-.7s-.1-.5-.3-.7c-.2-.2-.4-.3-.7-.3h-11c-.3 0-.5.1-.7.3-.2.2-.3.5-.3.7s.1.5.3.7z\"\/><\/svg><\/span><\/span><\/span><\/a><\/span><\/div>\n<nav><ul class='ez-toc-list ez-toc-list-level-1 ' ><li class='ez-toc-page-1 ez-toc-heading-level-2'><a class=\"ez-toc-link ez-toc-heading-1\" href=\"https:\/\/raum-blick.de\/magazin\/kaehler-vasen\/#%C2%AB_Daenische_Keramikkunst_in_Perfektion_%C2%BB\" >\u00ab D\u00e4nische Keramikkunst in Perfektion \u00bb<\/a><\/li><li class='ez-toc-page-1 ez-toc-heading-level-2'><a class=\"ez-toc-link ez-toc-heading-2\" href=\"https:\/\/raum-blick.de\/magazin\/kaehler-vasen\/#Von_der_klassischen_Toepferei_zur_international_renommierten_Manufaktur\" >Von der klassischen T\u00f6pferei zur international renommierten Manufaktur<\/a><\/li><li class='ez-toc-page-1 ez-toc-heading-level-2'><a class=\"ez-toc-link ez-toc-heading-3\" href=\"https:\/\/raum-blick.de\/magazin\/kaehler-vasen\/#Vasen_mit_markanten_Rillen_statt_expressiver_Bemalung\" >Vasen mit markanten Rillen statt expressiver Bemalung<\/a><\/li><li class='ez-toc-page-1 ez-toc-heading-level-2'><a class=\"ez-toc-link ez-toc-heading-4\" href=\"https:\/\/raum-blick.de\/magazin\/kaehler-vasen\/#Moderne_Kollektionen_mit_direkten_Link_zur_Markengeschichte\" >Moderne Kollektionen mit direkten Link zur Markengeschichte<\/a><\/li><li class='ez-toc-page-1 ez-toc-heading-level-2'><a class=\"ez-toc-link ez-toc-heading-5\" href=\"https:\/\/raum-blick.de\/magazin\/kaehler-vasen\/#Erfolgreiches_Comeback_eines_Keramik-Klassikers\" >Erfolgreiches Comeback eines Keramik-Klassikers<\/a><\/li><\/ul><\/nav><\/div>\n\n<p style=\"text-align: justify;\"><a href=\"https:\/\/www.raum-blick.de\/kaehler-omaggio-vase\"><img loading=\"lazy\" decoding=\"async\" class=\"aligncenter wp-image-3042 size-full\" title=\"Medium-Vase &quot;Omaggio&quot; von K\u00e4hler\" src=\"https:\/\/www.raum-blick.de\/magazin\/wp-content\/uploads\/2017\/05\/Omaggio-Vase-medium-von-Kaehler.jpg\" alt=\"Omaggio Vase medium von Kaehler\" width=\"600\" height=\"600\" srcset=\"https:\/\/raum-blick.de\/magazin\/wp-content\/uploads\/2017\/05\/Omaggio-Vase-medium-von-Kaehler.jpg 600w, https:\/\/raum-blick.de\/magazin\/wp-content\/uploads\/2017\/05\/Omaggio-Vase-medium-von-Kaehler-150x150.jpg 150w, https:\/\/raum-blick.de\/magazin\/wp-content\/uploads\/2017\/05\/Omaggio-Vase-medium-von-Kaehler-300x300.jpg 300w\" sizes=\"(max-width: 600px) 100vw, 600px\" \/><\/a><\/p>\n<h2><span class=\"ez-toc-section\" id=\"Von_der_klassischen_Toepferei_zur_international_renommierten_Manufaktur\"><\/span>Von der klassischen T\u00f6pferei zur international renommierten Manufaktur<span class=\"ez-toc-section-end\"><\/span><\/h2>\n<p style=\"text-align: justify;\">In der ersten H\u00e4lfte des 19. Jahrhunderts lie\u00df Herman Joachim K\u00e4hler das holsteinische Heiligenhafen hinter sich, um in N\u00e6stved eine T\u00f6pferei zu er\u00f6ffnen. Dort fokussierte er sich auf allt\u00e4gliche Gebrauchswaren wie Milchschalen und Gurkent\u00f6pfe. Sein Sohn Herman August K\u00e4hler lernte das Handwerk von der Pike auf in den Werkst\u00e4tten seines Vaters, bevor er zun\u00e4chst im Holmegaard Glaswerk arbeitete, bevor es ihn in die Welt hinauszog. In verschiedenen St\u00e4dten wie Berlin und Paris arbeitete er in Keramikbetrieben und lie\u00df sich inspirieren. Dementsprechend viel Erfahrung brachte er nach seiner R\u00fcckkehr im Jahr 1867 mit.<\/p>\n<blockquote>\n<p style=\"text-align: justify;\">1872 \u00fcbernahm Hermann August die Manufaktur seines Vaters und baute sie nach einem verheerenden Brand wieder auf.<\/p>\n<\/blockquote>\n<p style=\"text-align: justify;\">Der versierte Handwerker experimentierte nicht nur mit Glasuren, da er w\u00e4hrend seiner Reise eine Begeisterung f\u00fcr farbig dekorierte Majolika-Vasen entwickelte. Zu seinen Zielen geh\u00f6rte auch, das d\u00e4nische Unternehmen auf dem internationalen Markt zu etablieren. Diese Mission gelang ihm dank der Entwicklung der metallisch-roten L\u00fcsterfarbe, mit der er eine Vase f\u00fcr die Pariser Weltausstellung im Jahr 1889 veredelte. Daraufhin genoss das K\u00e4hler-Design einen exzellenten Ruf und die Keramik aus D\u00e4nemark avancierte zu begehrten St\u00fccken unter Design-Liebhabern.<\/p>\n<p style=\"text-align: justify;\"><a href=\"https:\/\/www.raum-blick.de\/kaehler-omaggio-glasvase-klein\"><img loading=\"lazy\" decoding=\"async\" class=\"aligncenter wp-image-3019 size-full\" title=\"Kleine Glasvase &quot;Omaggio&quot; von K\u00e4hler | Farbe: Pflaume\" src=\"https:\/\/www.raum-blick.de\/magazin\/wp-content\/uploads\/2017\/05\/Omaggio-Glasvase-klein-pflaume-von-Kaehler.jpg\" alt=\"Omaggio Glasvase klein pflaume von Kaehler\" width=\"600\" height=\"600\" srcset=\"https:\/\/raum-blick.de\/magazin\/wp-content\/uploads\/2017\/05\/Omaggio-Glasvase-klein-pflaume-von-Kaehler.jpg 600w, https:\/\/raum-blick.de\/magazin\/wp-content\/uploads\/2017\/05\/Omaggio-Glasvase-klein-pflaume-von-Kaehler-150x150.jpg 150w, https:\/\/raum-blick.de\/magazin\/wp-content\/uploads\/2017\/05\/Omaggio-Glasvase-klein-pflaume-von-Kaehler-300x300.jpg 300w\" sizes=\"(max-width: 600px) 100vw, 600px\" \/><\/a><\/p>\n<p style=\"text-align: justify;\">Wenngleich sich Herman August K\u00e4hler vorwiegend der Keramikkunst widmete, interessierte er sich auch f\u00fcr das Handwerk der Glaserei, weshalb er eben seine fr\u00fchere T\u00e4tigkeit bei Holmegaard antrat.<\/p>\n<p style=\"text-align: justify;\"><img loading=\"lazy\" decoding=\"async\" class=\"aligncenter wp-image-3021 size-full\" title=\"Gro\u00dfe Glasvase &quot;Omaggio&quot; von K\u00e4hler | Farbe: Blau\" src=\"https:\/\/www.raum-blick.de\/magazin\/wp-content\/uploads\/2017\/05\/Omaggio-Glasvase-gross-blau-von-Kaehler.jpg\" alt=\"Omaggio Glasvase gross blau von Kaehler\" width=\"600\" height=\"600\" srcset=\"https:\/\/raum-blick.de\/magazin\/wp-content\/uploads\/2017\/05\/Omaggio-Glasvase-gross-blau-von-Kaehler.jpg 600w, https:\/\/raum-blick.de\/magazin\/wp-content\/uploads\/2017\/05\/Omaggio-Glasvase-gross-blau-von-Kaehler-150x150.jpg 150w, https:\/\/raum-blick.de\/magazin\/wp-content\/uploads\/2017\/05\/Omaggio-Glasvase-gross-blau-von-Kaehler-300x300.jpg 300w\" sizes=\"(max-width: 600px) 100vw, 600px\" \/><\/p>\n<p style=\"text-align: justify;\">Dieses Detail spiegelt sich zum Beispiel in der <a href=\"https:\/\/www.raum-blick.de\/kaehler-omaggio-vase\">Omaggio Vase<\/a> wider. Die mundgeblasenen Wohnaccessoires mit Zierstreifen \u00fcberzeugen mit ihrer dezenten Eleganz und ansprechenden Farben wie Pflaume oder Blau.<\/p>\n<h2><span class=\"ez-toc-section\" id=\"Vasen_mit_markanten_Rillen_statt_expressiver_Bemalung\"><\/span>Vasen mit markanten Rillen statt expressiver Bemalung<span class=\"ez-toc-section-end\"><\/span><\/h2>\n<p style=\"text-align: justify;\">Der zunehmende Erfolg der d\u00e4nischen Manufaktur sprach sich ebenso herum wie ihre Ambitionen, T\u00f6pferwaren mit kunstvollen Formen, au\u00dfergew\u00f6hnlichen Glasuren und ausdrucksvollen Malereien herzustellen. Deshalb f\u00fchlten sich viele Kunstschaffende aus D\u00e4nemark von dem Keramik-Betrieb angezogen.<\/p>\n<blockquote>\n<p style=\"text-align: justify;\">Hierzu z\u00e4hlten beispielsweise bekannte Maler wie L.A. Ring oder H.A. Brendekilde und einflussreiche Designer wie Vilhelm Klein.<\/p>\n<\/blockquote>\n<p style=\"text-align: justify;\">So avancierte der kleine Ort auf Seeland dank der K\u00e4hler-Vasen zu einer K\u00fcnstlerkolonie, die f\u00fcr die Kulturgeschichte D\u00e4nemarks gro\u00dfe Bedeutung erlangte.<\/p>\n<p style=\"text-align: justify;\"><a href=\"https:\/\/www.raum-blick.de\/kaehler-hammershoi-vase-h125\"><img loading=\"lazy\" decoding=\"async\" class=\"aligncenter wp-image-3033 size-full\" title=\"Kleine Vase &quot;Hammershoi&quot; von K\u00e4hler\" src=\"https:\/\/www.raum-blick.de\/magazin\/wp-content\/uploads\/2017\/05\/Hammershoi-Vase-klein-von-Kaehler.jpg\" alt=\"Hammershoi Vase klein von Kaehler\" width=\"600\" height=\"600\" srcset=\"https:\/\/raum-blick.de\/magazin\/wp-content\/uploads\/2017\/05\/Hammershoi-Vase-klein-von-Kaehler.jpg 600w, https:\/\/raum-blick.de\/magazin\/wp-content\/uploads\/2017\/05\/Hammershoi-Vase-klein-von-Kaehler-150x150.jpg 150w, https:\/\/raum-blick.de\/magazin\/wp-content\/uploads\/2017\/05\/Hammershoi-Vase-klein-von-Kaehler-300x300.jpg 300w\" sizes=\"(max-width: 600px) 100vw, 600px\" \/><\/a><\/p>\n<p style=\"text-align: justify;\">In der weiteren Historie interessierte sich auch Svend Hammersh\u00f8i f\u00fcr das Familienunternehmen und bereicherte ab 1904 das Geschehen dort. \u00dcber mehrere Jahrzehnte blieb der bedeutende d\u00e4nische Maler und Keramiker der Werkstatt treu. Er etablierte den graphischen Stil, der bis heute die K\u00e4hler-Vasen und andere Keramik-Produkte der Marke pr\u00e4gt.<\/p>\n<p style=\"text-align: justify;\"><a href=\"https:\/\/www.raum-blick.de\/kaehler-hammershoi-vase-mini-3-stk.\"><img loading=\"lazy\" decoding=\"async\" class=\"aligncenter wp-image-3039 size-full\" title=\"Mini-Vase &quot;Hammershoi&quot; von K\u00e4hler | 3 St\u00fcck\" src=\"https:\/\/www.raum-blick.de\/magazin\/wp-content\/uploads\/2017\/05\/Hammershoi-Vase-Mini-von-Kaehler-3-Stueck.jpg\" alt=\"Hammershoi Vase Mini von Kaehler 3 Stueck\" width=\"600\" height=\"600\" srcset=\"https:\/\/raum-blick.de\/magazin\/wp-content\/uploads\/2017\/05\/Hammershoi-Vase-Mini-von-Kaehler-3-Stueck.jpg 600w, https:\/\/raum-blick.de\/magazin\/wp-content\/uploads\/2017\/05\/Hammershoi-Vase-Mini-von-Kaehler-3-Stueck-150x150.jpg 150w, https:\/\/raum-blick.de\/magazin\/wp-content\/uploads\/2017\/05\/Hammershoi-Vase-Mini-von-Kaehler-3-Stueck-300x300.jpg 300w\" sizes=\"(max-width: 600px) 100vw, 600px\" \/><\/a><\/p>\n<p style=\"text-align: justify;\">Sein Interesse galt dem origin\u00e4ren Steinzeug aus rotem Ton. Deshalb entwarf er einerseits Keramiken, bei denen er bewusst auf eine farbige Veredelung verzichtete. Andererseits bevorzugte er dezente Glasuren, beispielsweise im strahlenden Wei\u00df. Sein k\u00fcnstlerischer Stil harmonierte wunderbar mit dem Zeitgeist, da bunte Designideen mit expressiven Malereien nicht mehr dem Geschmack der Kunden entsprachen.<\/p>\n<p style=\"text-align: justify;\"><a href=\"https:\/\/www.raum-blick.de\/kaehler-hammershoi-vase-h200\"><img loading=\"lazy\" decoding=\"async\" class=\"aligncenter wp-image-3035 size-full\" title=\"Medium Vase &quot;Hammershoi&quot; von K\u00e4hler | Farbe: Wei\u00df\" src=\"https:\/\/www.raum-blick.de\/magazin\/wp-content\/uploads\/2017\/05\/Hammershoi-Vase-medium-weiss-Kaehler.jpg\" alt=\"Hammershoi Vase medium weiss Kaehler\" width=\"600\" height=\"600\" srcset=\"https:\/\/raum-blick.de\/magazin\/wp-content\/uploads\/2017\/05\/Hammershoi-Vase-medium-weiss-Kaehler.jpg 600w, https:\/\/raum-blick.de\/magazin\/wp-content\/uploads\/2017\/05\/Hammershoi-Vase-medium-weiss-Kaehler-150x150.jpg 150w, https:\/\/raum-blick.de\/magazin\/wp-content\/uploads\/2017\/05\/Hammershoi-Vase-medium-weiss-Kaehler-300x300.jpg 300w\" sizes=\"(max-width: 600px) 100vw, 600px\" \/><\/a><\/p>\n<p style=\"text-align: justify;\">Zu den wichtigsten Entw\u00fcrfen des Designers geh\u00f6rt eine fein ausgearbeitete Keramikvase mit senkrechten Rillen. Bis heute gleicht die <a href=\"https:\/\/www.raum-blick.de\/kaehler-hammershoi-vase-h200\">Hammersh\u00f8i Vase<\/a> einer stilistischen Ikone, die von Kunstkennern direkt mit dem K\u00e4hler-Design in Verbindung gebracht wird. Ansprechend ist neben der formsch\u00f6nen Statur das sowohl diskrete als auch markante Rillenmuster. Inzwischen widmet K\u00e4hler Hammersh\u00f8i eine komplette Kollektion, zu der neben der legend\u00e4ren Keramikvase beispielsweise die Hammersh<a href=\"https:\/\/www.raum-blick.de\/kaehler-hammershoi-vase-h200\">\u00f8<\/a>i Gew\u00fcrzm\u00fchlen und Teekannen sowie Bonbonnieren geh\u00f6ren.<\/p>\n<h2><span class=\"ez-toc-section\" id=\"Moderne_Kollektionen_mit_direkten_Link_zur_Markengeschichte\"><\/span>Moderne Kollektionen mit direkten Link zur Markengeschichte<span class=\"ez-toc-section-end\"><\/span><\/h2>\n<p style=\"text-align: justify;\">In der fr\u00fchen Firmengeschichte zeichnete sich das K\u00e4hler-Design durch den eindrucksvollen Umgang mit Glasuren und die Entwicklung neuer Techniken f\u00fcr die Veredelung aus. Von diesen ambitionierten Entw\u00fcrfen im 19. Jahrhundert profitierte die Keramikkunst insgesamt, da sich auch andere T\u00f6pfereien von den wegweisenden Vasen und Dekorationsobjekten inspirieren lie\u00dfen.<\/p>\n<p style=\"text-align: justify;\"><a href=\"https:\/\/www.raum-blick.de\/kaehler-hammershoi-vase-h250\"><img loading=\"lazy\" decoding=\"async\" class=\"aligncenter wp-image-3037 size-full\" title=\"Gro\u00dfe Vase &quot;Hammershoi&quot; von K\u00e4hler | Farbe: Wei\u00df\" src=\"https:\/\/www.raum-blick.de\/magazin\/wp-content\/uploads\/2017\/05\/Hammershoi-Vase-gross-weiss-von-Kaehler.jpg\" alt=\"Hammershoi Vase gross weiss von Kaehler\" width=\"600\" height=\"600\" srcset=\"https:\/\/raum-blick.de\/magazin\/wp-content\/uploads\/2017\/05\/Hammershoi-Vase-gross-weiss-von-Kaehler.jpg 600w, https:\/\/raum-blick.de\/magazin\/wp-content\/uploads\/2017\/05\/Hammershoi-Vase-gross-weiss-von-Kaehler-150x150.jpg 150w, https:\/\/raum-blick.de\/magazin\/wp-content\/uploads\/2017\/05\/Hammershoi-Vase-gross-weiss-von-Kaehler-300x300.jpg 300w\" sizes=\"(max-width: 600px) 100vw, 600px\" \/><\/a><\/p>\n<p style=\"text-align: justify;\">Ebenso bedeutend f\u00fcr die internationale Beachtung der skandinavischen Manufaktur war das kreative Schaffen von Svend Hammersh\u00f8i, der nicht nur das geriffelte Dessin entwickelte. Bereits zu Beginn des 20. Jahrhunderts stellte K\u00e4hler Keramikarbeiten vor, die mit einer schwarzwei\u00dfen Doppelglasur versehen wurden.<\/p>\n<p style=\"text-align: justify;\"><img loading=\"lazy\" decoding=\"async\" class=\"aligncenter wp-image-3028 size-full\" title=\"Mini-Vase &quot;Omaggio&quot; von K\u00e4hler | 3 St\u00fcck | Farbe: Schwarz\/Wei\u00df\" src=\"https:\/\/www.raum-blick.de\/magazin\/wp-content\/uploads\/2017\/05\/Omaggio-Vase-Mini-schwarz-weiss-von-Kaehler-3-Stueck.jpg\" alt=\"Omaggio Vase Mini schwarz weiss von Kaehler 3 Stueck\" width=\"600\" height=\"600\" srcset=\"https:\/\/raum-blick.de\/magazin\/wp-content\/uploads\/2017\/05\/Omaggio-Vase-Mini-schwarz-weiss-von-Kaehler-3-Stueck.jpg 600w, https:\/\/raum-blick.de\/magazin\/wp-content\/uploads\/2017\/05\/Omaggio-Vase-Mini-schwarz-weiss-von-Kaehler-3-Stueck-150x150.jpg 150w, https:\/\/raum-blick.de\/magazin\/wp-content\/uploads\/2017\/05\/Omaggio-Vase-Mini-schwarz-weiss-von-Kaehler-3-Stueck-300x300.jpg 300w\" sizes=\"(max-width: 600px) 100vw, 600px\" \/><\/p>\n<p style=\"text-align: justify;\">Sowohl die Glasur-Techniken als auch die Entw\u00fcrfe von Hammersh\u00f8i greift die Kollektion K\u00e4hler Omaggio auf. Auch diese j\u00fcngere Linie der Marke kennt viele Fans und fokussiert sich auf Keramikvasen der besonderen Art. Verantwortlich f\u00fcr die beliebte Serie ist das Designstudio Stilleben von Ditte Reckeweg und Jelena Schou. Beide K\u00fcnstlerinnen haben sich w\u00e4hrend ihrer Ausbildung an der d\u00e4nischen Designschule auf Keramik spezialisiert. Charakteristisch f\u00fcr Reckeweg und Schou ist die Vorliebe f\u00fcr pr\u00e4zise Formen und authentisch verarbeitete Werkstoffe.<\/p>\n<p style=\"text-align: justify;\"><a href=\"https:\/\/www.raum-blick.de\/kaehler-omaggio-vase-gross\"><img loading=\"lazy\" decoding=\"async\" class=\"aligncenter wp-image-3030 size-full\" title=\"Gro\u00dfe Vase &quot;Omaggio&quot; von K\u00e4hler\" src=\"https:\/\/www.raum-blick.de\/magazin\/wp-content\/uploads\/2017\/05\/Omaggio-Vase-gross-von-Kaehler.jpg\" alt=\"Omaggio Vase gross von Kaehler\" width=\"600\" height=\"600\" srcset=\"https:\/\/raum-blick.de\/magazin\/wp-content\/uploads\/2017\/05\/Omaggio-Vase-gross-von-Kaehler.jpg 600w, https:\/\/raum-blick.de\/magazin\/wp-content\/uploads\/2017\/05\/Omaggio-Vase-gross-von-Kaehler-150x150.jpg 150w, https:\/\/raum-blick.de\/magazin\/wp-content\/uploads\/2017\/05\/Omaggio-Vase-gross-von-Kaehler-300x300.jpg 300w\" sizes=\"(max-width: 600px) 100vw, 600px\" \/><\/a><\/p>\n<p style=\"text-align: justify;\">So \u00fcberzeugt die Kollektion Omaggio mit ihrer harmonischen Formsprache und einem graphischen Streifen-Look. Die Serie kn\u00fcpft mit den schwarz-wei\u00dfen Kontrasten an die Firmengeschichte an. Erh\u00e4ltlich ist die Omaggio-Vase aber auch in fr\u00f6hlichen Farben wie Rosa oder eleganten Nuancen wie Silber.<\/p>\n<h2><span class=\"ez-toc-section\" id=\"Erfolgreiches_Comeback_eines_Keramik-Klassikers\"><\/span>Erfolgreiches Comeback eines Keramik-Klassikers<span class=\"ez-toc-section-end\"><\/span><\/h2>\n<p style=\"text-align: justify;\">Bis zum Ende der 1970er Jahre hielten mehrere Generationen die Familientradition aufrecht und f\u00fchrten die T\u00f6pferei in N\u00e6stved weiter. Anschlie\u00dfend stand dem Betrieb eine bewegte Zeit mit wechselnden Eigent\u00fcmern bevor. Im Jahr 2008 \u00fcbernahm der Architekt Frantz Longhi das Unternehmen und setzte sich zum Ziel, die renommierte Marke wieder aufleben zu lassen. So bleiben die einzigartigen Designideen wie die Vase Hammersh\u00f8i erhalten. Nach dem virtuosen Designer benannt erfreut dieses besondere St\u00fcck mit den wunderbaren Rillen, die auch andere Kreationen wie Salzstreuer und Kannen so markant machen. Alle Keramik-Produkte werden durch zeitgem\u00e4\u00dfe Interpretationen des typischen K\u00e4hler-Designs erg\u00e4nzt.<\/p>\n<p style=\"text-align: justify;\"><a href=\"https:\/\/www.raum-blick.de\/kaehler-omaggio-vase-klein\"><img loading=\"lazy\" decoding=\"async\" class=\"aligncenter wp-image-3044 size-full\" title=\"Kleine Vase &quot;Omaggio&quot; von K\u00e4hler | Farbe: Perlmutt\" src=\"https:\/\/www.raum-blick.de\/magazin\/wp-content\/uploads\/2017\/05\/Omaggio-Vase-klein-perlmutt-von-Kaehler.jpg\" alt=\"Omaggio Vase klein perlmutt von Kaehler\" width=\"600\" height=\"600\" srcset=\"https:\/\/raum-blick.de\/magazin\/wp-content\/uploads\/2017\/05\/Omaggio-Vase-klein-perlmutt-von-Kaehler.jpg 600w, https:\/\/raum-blick.de\/magazin\/wp-content\/uploads\/2017\/05\/Omaggio-Vase-klein-perlmutt-von-Kaehler-150x150.jpg 150w, https:\/\/raum-blick.de\/magazin\/wp-content\/uploads\/2017\/05\/Omaggio-Vase-klein-perlmutt-von-Kaehler-300x300.jpg 300w\" sizes=\"(max-width: 600px) 100vw, 600px\" \/><\/a><\/p>\n<p style=\"text-align: justify;\">Dass es sich um eine Fortsetzungsgeschichte handelt, die der langen Tradition der Keramikwerkstatt mit Respekt begegnet, erschlie\u00dft sich bei einem Blick auf den Boden der Vasen: Noch immer wird jedes Produkt der Marke \u2013 ob aus der Linie Omaggio oder Hammersh\u00f8i und weiteren Kollektionen \u2013 mit der Signatur &#8222;HAK&#8220; versehen, die Herman August K\u00e4hler bereits zu Lebzeiten verwendete.<\/p>\n","protected":false},"excerpt":{"rendered":"<p>\u00ab D\u00e4nische Keramikkunst in Perfektion \u00bb Die Keramikvasen aus N\u00e6stved geh\u00f6ren nicht nur zu den wichtigsten Repr\u00e4sentanten der d\u00e4nischen Designgeschichte, sie haben auch international die kunstvolle Gestaltung von Keramik gepr\u00e4gt. Deshalb ist es nicht verwunderlich, dass Designliebhaber bis heute von der legend\u00e4ren Kollektion Hammersh\u00f8i und moderneren Linien wie Omaggio begeistert sind. Das Unternehmen K\u00e4hler Design [&hellip;]<\/p>\n","protected":false},"author":4,"featured_media":3051,"comment_status":"closed","ping_status":"open","sticky":false,"template":"","format":"standard","meta":{"_et_pb_use_builder":"","_et_pb_old_content":"","_et_gb_content_width":"","inline_featured_image":false,"footnotes":""},"categories":[7],"tags":[359,360,56,357,358,146,27],"class_list":["post-3011","post","type-post","status-publish","format-standard","has-post-thumbnail","hentry","category-accessoires-lifestyle","tag-glasvasen","tag-hammershoi","tag-indoor","tag-kaehler","tag-omaggio","tag-vasen","tag-wohnaccessoires"],"_links":{"self":[{"href":"https:\/\/raum-blick.de\/magazin\/wp-json\/wp\/v2\/posts\/3011","targetHints":{"allow":["GET"]}}],"collection":[{"href":"https:\/\/raum-blick.de\/magazin\/wp-json\/wp\/v2\/posts"}],"about":[{"href":"https:\/\/raum-blick.de\/magazin\/wp-json\/wp\/v2\/types\/post"}],"author":[{"embeddable":true,"href":"https:\/\/raum-blick.de\/magazin\/wp-json\/wp\/v2\/users\/4"}],"replies":[{"embeddable":true,"href":"https:\/\/raum-blick.de\/magazin\/wp-json\/wp\/v2\/comments?post=3011"}],"version-history":[{"count":30,"href":"https:\/\/raum-blick.de\/magazin\/wp-json\/wp\/v2\/posts\/3011\/revisions"}],"predecessor-version":[{"id":20917,"href":"https:\/\/raum-blick.de\/magazin\/wp-json\/wp\/v2\/posts\/3011\/revisions\/20917"}],"wp:featuredmedia":[{"embeddable":true,"href":"https:\/\/raum-blick.de\/magazin\/wp-json\/wp\/v2\/media\/3051"}],"wp:attachment":[{"href":"https:\/\/raum-blick.de\/magazin\/wp-json\/wp\/v2\/media?parent=3011"}],"wp:term":[{"taxonomy":"category","embeddable":true,"href":"https:\/\/raum-blick.de\/magazin\/wp-json\/wp\/v2\/categories?post=3011"},{"taxonomy":"post_tag","embeddable":true,"href":"https:\/\/raum-blick.de\/magazin\/wp-json\/wp\/v2\/tags?post=3011"}],"curies":[{"name":"wp","href":"https:\/\/api.w.org\/{rel}","templated":true}]}}