{"id":2977,"date":"2017-05-04T17:12:16","date_gmt":"2017-05-04T15:12:16","guid":{"rendered":"https:\/\/www.raum-blick.de\/magazin\/?p=2977"},"modified":"2022-02-28T09:15:21","modified_gmt":"2022-02-28T08:15:21","slug":"by-lassen-kubus-kerzenstaender","status":"publish","type":"post","link":"https:\/\/raum-blick.de\/magazin\/by-lassen-kubus-kerzenstaender\/","title":{"rendered":"By Lassen Kubus Kerzenst\u00e4nder"},"content":{"rendered":"<h2><span class=\"ez-toc-section\" id=\"%C2%AB_Geometrische_Aesthetik_von_Mogens_Lassen_%C2%BB\"><\/span>\u00ab Geometrische \u00c4sthetik von Mogens Lassen \u00bb<span class=\"ez-toc-section-end\"><\/span><\/h2>\n<p style=\"text-align: justify;\"><strong>Hinter der minimalistischen Aura der Kollektion Kubus verbergen sich die komplexen Entw\u00fcrfe eines international geachteten Architekten. Die Accessoires zeichnen sich durch eine pointierte \u00c4sthetik aus, die seit Generationen Liebhaber des gehobenen Stils fasziniert. Deshalb zieht mit den geometrischen Kerzenst\u00e4ndern zugleich ein bedeutendes Kapitel der d\u00e4nischen Designgeschichte in die Wohnwelt ein.<\/strong><\/p>\n<h2><span class=\"ez-toc-section\" id=\"Legendaeres_daenisches_Design\"><\/span>Legend\u00e4res d\u00e4nisches Design<span class=\"ez-toc-section-end\"><\/span><\/h2>\n<p style=\"text-align: justify;\">Die Entw\u00fcrfe von Mogens Lassen geh\u00f6ren zu den Paradebeispielen f\u00fcr die internationale Moderne. Bevor es dazu kam, absolvierte der talentierte D\u00e4ne eine Lehre als Maurer und studierte an der Technischen Hochschule in Kopenhagen. Seine anschlie\u00dfende Berufst\u00e4tigkeit f\u00fcr diverse Architektenb\u00fcros f\u00fchrte ihn in den 1920er Jahren nach Paris. Dort traf er auf bedeutende K\u00fcnstler der Epoche, die ihn zu seinem experimentellen Stil inspirierten. Diesen k\u00fcnstlerischen Ausdruck feilte der Architekt in den darauffolgenden Jahrzehnten aus, der 1935 sein eigenes B\u00fcro er\u00f6ffnete.<\/p><div id=\"ez-toc-container\" class=\"ez-toc-v2_0_82_2 counter-hierarchy ez-toc-counter ez-toc-grey ez-toc-container-direction\">\n<div class=\"ez-toc-title-container\">\n<p class=\"ez-toc-title\" style=\"cursor:inherit\">Was hier auf Sie wartet<\/p>\n<span class=\"ez-toc-title-toggle\"><a href=\"#\" class=\"ez-toc-pull-right ez-toc-btn ez-toc-btn-xs ez-toc-btn-default ez-toc-toggle\" aria-label=\"Toggle Table of Content\"><span class=\"ez-toc-js-icon-con\"><span class=\"\"><span class=\"eztoc-hide\" style=\"display:none;\">Toggle<\/span><span class=\"ez-toc-icon-toggle-span\"><svg style=\"fill: #999;color:#999\" xmlns=\"http:\/\/www.w3.org\/2000\/svg\" class=\"list-377408\" width=\"20px\" height=\"20px\" viewBox=\"0 0 24 24\" fill=\"none\"><path d=\"M6 6H4v2h2V6zm14 0H8v2h12V6zM4 11h2v2H4v-2zm16 0H8v2h12v-2zM4 16h2v2H4v-2zm16 0H8v2h12v-2z\" fill=\"currentColor\"><\/path><\/svg><svg style=\"fill: #999;color:#999\" class=\"arrow-unsorted-368013\" xmlns=\"http:\/\/www.w3.org\/2000\/svg\" width=\"10px\" height=\"10px\" viewBox=\"0 0 24 24\" version=\"1.2\" baseProfile=\"tiny\"><path d=\"M18.2 9.3l-6.2-6.3-6.2 6.3c-.2.2-.3.4-.3.7s.1.5.3.7c.2.2.4.3.7.3h11c.3 0 .5-.1.7-.3.2-.2.3-.5.3-.7s-.1-.5-.3-.7zM5.8 14.7l6.2 6.3 6.2-6.3c.2-.2.3-.5.3-.7s-.1-.5-.3-.7c-.2-.2-.4-.3-.7-.3h-11c-.3 0-.5.1-.7.3-.2.2-.3.5-.3.7s.1.5.3.7z\"\/><\/svg><\/span><\/span><\/span><\/a><\/span><\/div>\n<nav><ul class='ez-toc-list ez-toc-list-level-1 ' ><li class='ez-toc-page-1 ez-toc-heading-level-2'><a class=\"ez-toc-link ez-toc-heading-1\" href=\"https:\/\/raum-blick.de\/magazin\/by-lassen-kubus-kerzenstaender\/#%C2%AB_Geometrische_Aesthetik_von_Mogens_Lassen_%C2%BB\" >\u00ab Geometrische \u00c4sthetik von Mogens Lassen \u00bb<\/a><\/li><li class='ez-toc-page-1 ez-toc-heading-level-2'><a class=\"ez-toc-link ez-toc-heading-2\" href=\"https:\/\/raum-blick.de\/magazin\/by-lassen-kubus-kerzenstaender\/#Legendaeres_daenisches_Design\" >Legend\u00e4res d\u00e4nisches Design<\/a><\/li><li class='ez-toc-page-1 ez-toc-heading-level-2'><a class=\"ez-toc-link ez-toc-heading-3\" href=\"https:\/\/raum-blick.de\/magazin\/by-lassen-kubus-kerzenstaender\/#Ikonographisch_fuer_den_Funktionalismus\" >Ikonographisch f\u00fcr den Funktionalismus<\/a><\/li><li class='ez-toc-page-1 ez-toc-heading-level-2'><a class=\"ez-toc-link ez-toc-heading-4\" href=\"https:\/\/raum-blick.de\/magazin\/by-lassen-kubus-kerzenstaender\/#Kubus_8_Kultobjekt_der_skandinavischen_Designszene\" >Kubus 8: Kultobjekt der skandinavischen Designszene<\/a><\/li><li class='ez-toc-page-1 ez-toc-heading-level-2'><a class=\"ez-toc-link ez-toc-heading-5\" href=\"https:\/\/raum-blick.de\/magazin\/by-lassen-kubus-kerzenstaender\/#Hommage_fuer_ein_kreatives_Erbe_der_Extraklasse\" >Hommage f\u00fcr ein kreatives Erbe der Extraklasse<\/a><\/li><\/ul><\/nav><\/div>\n\n<p style=\"text-align: justify;\"><img loading=\"lazy\" decoding=\"async\" class=\"aligncenter wp-image-3002 size-full\" title=\"by Lassen &quot;Kubus&quot; Kerzenhalter\" src=\"https:\/\/www.raum-blick.de\/magazin\/wp-content\/uploads\/2017\/05\/by-Lassen-Kubus-Kerzenhalter.jpg\" alt=\"by Lassen Kubus Kerzenhalter\" width=\"600\" height=\"600\" srcset=\"https:\/\/raum-blick.de\/magazin\/wp-content\/uploads\/2017\/05\/by-Lassen-Kubus-Kerzenhalter.jpg 600w, https:\/\/raum-blick.de\/magazin\/wp-content\/uploads\/2017\/05\/by-Lassen-Kubus-Kerzenhalter-150x150.jpg 150w, https:\/\/raum-blick.de\/magazin\/wp-content\/uploads\/2017\/05\/by-Lassen-Kubus-Kerzenhalter-300x300.jpg 300w\" sizes=\"(max-width: 600px) 100vw, 600px\" \/><\/p>\n<p style=\"text-align: justify;\">An den markanten Villen, Hochh\u00e4usern oder Sportanlagen, die er in seiner Laufbahn entwarf, l\u00e4sst sich seine Begeisterung f\u00fcr klare Formen ebenso ablesen wie f\u00fcr die Verwendung von Stahl. Diese Vorlieben flossen nicht nur in seine Bauprojekte ein, sondern auch in die Konzeption von M\u00f6beln und Wohnaccessoires.<\/p>\n<p style=\"text-align: justify;\"><img loading=\"lazy\" decoding=\"async\" class=\"aligncenter wp-image-2997 size-full\" title=\"by Lassen Kerzenhalter &quot;Kubus 1&quot;\" src=\"https:\/\/www.raum-blick.de\/magazin\/wp-content\/uploads\/2017\/05\/by-Lassen-Kerzenhalter-Kubus-1.jpg\" alt=\"by Lassen Kerzenhalter Kubus 1\" width=\"600\" height=\"600\" srcset=\"https:\/\/raum-blick.de\/magazin\/wp-content\/uploads\/2017\/05\/by-Lassen-Kerzenhalter-Kubus-1.jpg 600w, https:\/\/raum-blick.de\/magazin\/wp-content\/uploads\/2017\/05\/by-Lassen-Kerzenhalter-Kubus-1-150x150.jpg 150w, https:\/\/raum-blick.de\/magazin\/wp-content\/uploads\/2017\/05\/by-Lassen-Kerzenhalter-Kubus-1-300x300.jpg 300w\" sizes=\"(max-width: 600px) 100vw, 600px\" \/><\/p>\n<p style=\"text-align: justify;\">So fokussiert sich beispielsweise der <a href=\"https:\/\/www.raum-blick.de\/by-lassen-kubus-1\">Kerzenst\u00e4nder Kubus 1<\/a> ausschlie\u00dflich auf das robuste Material und erh\u00e4lt dadurch nicht nur einen modernen Charakter. Der k\u00fchle und industrielle Touch des Metalls steht im Kontrast zu der wohnlichen W\u00e4rme, die von dem Kerzenschein ausgeht. Forciert wird diese ansprechende Gegens\u00e4tzlichkeit durch die minimalistische Silhouette des Kerzenhalters Kubus 1, f\u00fcr die der legend\u00e4re Mogens Lassen bekannt war.<\/p>\n<h2><span class=\"ez-toc-section\" id=\"Ikonographisch_fuer_den_Funktionalismus\"><\/span>Ikonographisch f\u00fcr den Funktionalismus<span class=\"ez-toc-section-end\"><\/span><\/h2>\n<p style=\"text-align: justify;\">Dass der skandinavische Designer Zeit seines kreativen Schaffens von der deutschen Bauhaus-\u00c4ra angetan war, ist kaum zu \u00fcbersehen. Stets ordnet sich die Form der Funktion unter, w\u00e4hrend geometrische K\u00f6rper ein zentrales Element bei den Entw\u00fcrfen sind. Da er damit seinerzeit einen unkonventionellen Ansatz verfolgte und den kreativen Geist anderer K\u00fcnstler befl\u00fcgelte, gilt er als wegweisend f\u00fcr die d\u00e4nische, sogar skandinavische Designgeschichte.<\/p>\n<p style=\"text-align: justify;\"><img loading=\"lazy\" decoding=\"async\" class=\"aligncenter wp-image-2995 size-full\" title=\"by Lassen Kerzenhalter &quot;Kubus 4&quot;\" src=\"https:\/\/www.raum-blick.de\/magazin\/wp-content\/uploads\/2017\/05\/by-Lassen-Kerzenhalter-Kubus-4.jpg\" alt=\"by Lassen Kerzenhalter Kubus 4\" width=\"600\" height=\"600\" srcset=\"https:\/\/raum-blick.de\/magazin\/wp-content\/uploads\/2017\/05\/by-Lassen-Kerzenhalter-Kubus-4.jpg 600w, https:\/\/raum-blick.de\/magazin\/wp-content\/uploads\/2017\/05\/by-Lassen-Kerzenhalter-Kubus-4-150x150.jpg 150w, https:\/\/raum-blick.de\/magazin\/wp-content\/uploads\/2017\/05\/by-Lassen-Kerzenhalter-Kubus-4-300x300.jpg 300w\" sizes=\"(max-width: 600px) 100vw, 600px\" \/><\/p>\n<p style=\"text-align: justify;\">So verwundert es nicht, dass Mogens und sein Bruder Flemming, der sich ebenso der Architektur widmete, mehrere Auszeichnungen erhielten. Von Bedeutung war f\u00fcr beide K\u00fcnstler, dass sich die entworfenen Objekte \u00e4sthetisch auf das Minimum beschr\u00e4nken und zugleich die praktischen Bed\u00fcrfnisse bestm\u00f6glich res\u00fcmieren. Diese Philosophie spiegelt sich in allen Wohnaccessoires der Kollektion wider. Gewiss ist es kein Zufall, dass sich der renommierte D\u00e4ne bei dem Kerzenhalter Kubus 4 von by Lassen an einem W\u00fcrfel orientierte.<\/p>\n<div class=\"brlbs-cmpnt-container brlbs-cmpnt-content-blocker brlbs-cmpnt-with-individual-styles\" data-borlabs-cookie-content-blocker-id=\"default\" data-borlabs-cookie-content=\"PGlmcmFtZSBzcmM9Imh0dHBzOi8vd3d3LnlvdXR1YmUuY29tL2VtYmVkL1NQU1Z1U2NVRDVFP3JlbD0wIiB3aWR0aD0iNjQwIiBoZWlnaHQ9IjM2MCIgZnJhbWVib3JkZXI9IjAiIGFsbG93ZnVsbHNjcmVlbj0iYWxsb3dmdWxsc2NyZWVuIj48L2lmcmFtZT4=\">\n<div class=\"brlbs-cmpnt-cb-preset-a\">\n<p class=\"brlbs-cmpnt-cb-description\">Sie sehen gerade einen Platzhalterinhalt von <strong>Standard<\/strong>. Um auf den eigentlichen Inhalt zuzugreifen, klicken Sie auf den Button unten. Bitte beachten Sie, dass dabei Daten an Drittanbieter weitergegeben werden.<\/p>\n<div class=\"brlbs-cmpnt-cb-buttons\"> <a class=\"brlbs-cmpnt-cb-btn\" href=\"#\" data-borlabs-cookie-unblock role=\"button\">Inhalt entsperren<\/a> <a class=\"brlbs-cmpnt-cb-btn\" href=\"#\" data-borlabs-cookie-accept-service role=\"button\" style=\"display: none\">Erforderlichen Service akzeptieren und Inhalte entsperren<\/a> <\/div>\n<p> <a class=\"brlbs-cmpnt-cb-provider-toggle\" href=\"#\" data-borlabs-cookie-show-provider-information role=\"button\">Weitere Informationen<\/a> <\/div>\n<\/div>\n<p style=\"text-align: justify;\">Das geometrische Objekt geh\u00f6rt zu den sogenannten f\u00fcnf platonischen K\u00f6rpern und spielt in der Mathematik ebenso eine bedeutende Rolle wie in der modernen Architekturgeschichte. Kennzeichnend ist die hohe Symmetrie, die sich unter anderem aus den sechs identischen Quadraten und den zw\u00f6lf gleich langen Kanten ergeben. Dadurch wirkt der Kerzenst\u00e4nder Kubus 4 nicht nur auffallend reduziert und bis heute eine Spur extravagant. Das Designobjekt strahlt eine Harmonie aus, die f\u00fcr einen pointiert geometrischen Entwurf bemerkenswert ist.<\/p>\n<p style=\"text-align: justify;\"><a href=\"https:\/\/www.raum-blick.de\/by-lassen-base-kubus-4\"><img loading=\"lazy\" decoding=\"async\" class=\"aligncenter wp-image-2990 size-full\" title=\"by Lassen Base f\u00fcr Kerzenhalter &quot;Kubus 4&quot; | Untersetzer aus Metall\" src=\"https:\/\/www.raum-blick.de\/magazin\/wp-content\/uploads\/2017\/05\/by-Lassen-Base-fuer-Kerzenhalter-Kubus-4.jpg\" alt=\"by Lassen Base fuer Kerzenhalter Kubus 4\" width=\"600\" height=\"600\" srcset=\"https:\/\/raum-blick.de\/magazin\/wp-content\/uploads\/2017\/05\/by-Lassen-Base-fuer-Kerzenhalter-Kubus-4.jpg 600w, https:\/\/raum-blick.de\/magazin\/wp-content\/uploads\/2017\/05\/by-Lassen-Base-fuer-Kerzenhalter-Kubus-4-150x150.jpg 150w, https:\/\/raum-blick.de\/magazin\/wp-content\/uploads\/2017\/05\/by-Lassen-Base-fuer-Kerzenhalter-Kubus-4-300x300.jpg 300w\" sizes=\"(max-width: 600px) 100vw, 600px\" \/><\/a><\/p>\n<p style=\"text-align: justify;\">Wenn Sie den Kerzenst\u00e4nder mit seinen 4 Flammen aus dem Sortiment von by Lassen in Ruhe betrachten, f\u00e4llt Ihnen ein weiteres Detail auf. Abh\u00e4ngig von der Perspektive scheinen die aufgesetzten Kerzen ein r\u00e4umlich versetztes Quadrat zu bilden oder scheinen in einer Reihe zu stehen. Derartige Finessen sind bei der Serie alles andere als zuf\u00e4llig. Daran l\u00e4sst sich die Brillanz des Designkonzepts ebenso ablesen wie der k\u00fcnstlerische Ehrgeiz des Sch\u00f6pfers. Dieser Effekt kommt nat\u00fcrlich idealerweise mit den <a href=\"https:\/\/www.raum-blick.de\/by-lassen-kerzen-set\">by Lassen Kubus Kerzen<\/a> speziell f\u00fcr die Kerzenst\u00e4nder besonders zur Geltung.<\/p>\n<h2><span class=\"ez-toc-section\" id=\"Kubus_8_Kultobjekt_der_skandinavischen_Designszene\"><\/span>Kubus 8: Kultobjekt der skandinavischen Designszene<span class=\"ez-toc-section-end\"><\/span><\/h2>\n<p style=\"text-align: justify;\">Beim n\u00e4heren Hinsehen offenbart bereits der vierfache Kerzenhalter, dass hinter dem \u00e4sthetischen Minimalismus ein komplexes Konzept steht. Umso mehr l\u00e4sst sich nachvollziehen, dass in die Entwicklung des Wohnaccessoires Kubus 8 mehrere Jahre investiert wurden. Immer wieder wurde die Grundidee f\u00fcr den Kerzenst\u00e4nder verfeinert, bis das Ergebnis im Jahr 1962 rundum \u00fcberzeugte.<\/p>\n<p style=\"text-align: justify;\"><img loading=\"lazy\" decoding=\"async\" class=\"aligncenter wp-image-2986 size-full\" title=\"by Lassen Kerzenhalter &quot;Kubus 8&quot; | Farbe: Schwarz\" src=\"https:\/\/www.raum-blick.de\/magazin\/wp-content\/uploads\/2017\/05\/by-Lassen-Kerzenhalter-Kubus-8-schwarz.jpg\" alt=\"by Lassen Kerzenhalter Kubus 8 schwarz\" width=\"600\" height=\"600\" srcset=\"https:\/\/raum-blick.de\/magazin\/wp-content\/uploads\/2017\/05\/by-Lassen-Kerzenhalter-Kubus-8-schwarz.jpg 600w, https:\/\/raum-blick.de\/magazin\/wp-content\/uploads\/2017\/05\/by-Lassen-Kerzenhalter-Kubus-8-schwarz-150x150.jpg 150w, https:\/\/raum-blick.de\/magazin\/wp-content\/uploads\/2017\/05\/by-Lassen-Kerzenhalter-Kubus-8-schwarz-300x300.jpg 300w\" sizes=\"(max-width: 600px) 100vw, 600px\" \/><\/p>\n<p style=\"text-align: justify;\">Zun\u00e4chst handelte es sich dabei keineswegs um den Prototyp f\u00fcr eine gro\u00dfe Produktserie. Anhand des Entwurfs wurden von einem Handwerksbetrieb in Ordrup einige Exemplare gefertigt, die als Geschenk f\u00fcr Familienangeh\u00f6rige gedacht waren. Erst sp\u00e4ter stellte sich heraus, dass es sich bei dem Kerzenst\u00e4nder um ein wahrhaftiges Kunstwerk handelt.<\/p>\n<p style=\"text-align: justify;\"><img loading=\"lazy\" decoding=\"async\" class=\"aligncenter wp-image-2987 size-full\" title=\"by Lassen Kerzenhalter &quot;Kubus 8&quot; | Farbe: Kupfer\" src=\"https:\/\/www.raum-blick.de\/magazin\/wp-content\/uploads\/2017\/05\/by-Lassen-Kerzenhalter-Kubus-8-kupfer.jpg\" alt=\"by Lassen Kerzenhalter Kubus 8 kupfer\" width=\"600\" height=\"600\" srcset=\"https:\/\/raum-blick.de\/magazin\/wp-content\/uploads\/2017\/05\/by-Lassen-Kerzenhalter-Kubus-8-kupfer.jpg 600w, https:\/\/raum-blick.de\/magazin\/wp-content\/uploads\/2017\/05\/by-Lassen-Kerzenhalter-Kubus-8-kupfer-150x150.jpg 150w, https:\/\/raum-blick.de\/magazin\/wp-content\/uploads\/2017\/05\/by-Lassen-Kerzenhalter-Kubus-8-kupfer-300x300.jpg 300w\" sizes=\"(max-width: 600px) 100vw, 600px\" \/><\/p>\n<p style=\"text-align: justify;\">Jedes mathematische Detail wurde bei der Konzeption \u00e4u\u00dferst pr\u00e4zise durchdacht. Noch deutlicher als beim Kubus by Lassen mit vier Flammen \u00e4ndert sich der Eindruck abh\u00e4ngig vom Blickwinkel. Mal bilden die acht Kerzen einen Kreis, dann heben sie sich als Paare hervor und gleich darauf wirkt die Anordnung zuf\u00e4llig bis leger. Dadurch avancieren gerade <a href=\"https:\/\/www.raum-blick.de\/by-lassen-kubus-8\">Kubus 8 Kerzenst\u00e4nder<\/a> zu Wohnaccessoires, die Sie bei jedem Betrachten anders wahrnehmen und aufs Neue entdecken.<\/p>\n<h2><span class=\"ez-toc-section\" id=\"Hommage_fuer_ein_kreatives_Erbe_der_Extraklasse\"><\/span>Hommage f\u00fcr ein kreatives Erbe der Extraklasse<span class=\"ez-toc-section-end\"><\/span><\/h2>\n<p style=\"text-align: justify;\">Im Jahr 2008 gr\u00fcndeten S\u00f8ren und Nadia Lassen als direkte Nachfahren des ber\u00fchmten Architekten-Duos ein Familienunternehmen, das in Kopenhagen beheimatet ist. Hierf\u00fcr war es eher zweitrangig, dass die Rechte an den bemerkenswerten Entw\u00fcrfen von Mogens und Flemming auf die Urenkel und Enkel \u00fcbergingen. Viel wichtiger schien die Mission, das k\u00fcnstlerische Erbe am Leben zu erhalten und weitere Generationen damit zu begeistern.<\/p>\n<p style=\"text-align: justify;\"><a href=\"https:\/\/www.raum-blick.de\/by-lassen-kubus-bowl\"><img loading=\"lazy\" decoding=\"async\" class=\"aligncenter wp-image-3006 size-full\" title=\"by Lassen &quot;Kubus Bowl&quot; | Schale aus lackiertem Edelstahl\" src=\"https:\/\/www.raum-blick.de\/magazin\/wp-content\/uploads\/2017\/05\/by-Lassen-Kubus-Bowl-Schale-aus-lackiertem-Edelstahl.jpg\" alt=\"by Lassen Kubus Bowl Schale aus lackiertem Edelstahl\" width=\"600\" height=\"250\" srcset=\"https:\/\/raum-blick.de\/magazin\/wp-content\/uploads\/2017\/05\/by-Lassen-Kubus-Bowl-Schale-aus-lackiertem-Edelstahl.jpg 600w, https:\/\/raum-blick.de\/magazin\/wp-content\/uploads\/2017\/05\/by-Lassen-Kubus-Bowl-Schale-aus-lackiertem-Edelstahl-300x125.jpg 300w\" sizes=\"(max-width: 600px) 100vw, 600px\" \/><\/a><\/p>\n<p style=\"text-align: justify;\">Dabei orientiert sich die Marke an den hohen Qualit\u00e4tsma\u00dfst\u00e4ben ihrer Vorfahren und l\u00e4sst die legend\u00e4ren <a href=\"https:\/\/www.raum-blick.de\/by-lassen\/\">Designs by Lassen<\/a> beispielsweise von d\u00e4nischen Betrieben in Handarbeit anfertigen. Auch an der Faszination f\u00fcr innovative und experimentelle Designideen mit reduzierter Formsprache h\u00e4lt das Label fest. Dennoch werden die Klassiker durch kleine Ver\u00e4nderungen stets neu akzentuiert oder als Inspirationsquelle f\u00fcr zeitgen\u00f6ssische Wohnaccessoires genutzt.<\/p>\n<p style=\"text-align: justify;\"><a href=\"https:\/\/www.raum-blick.de\/by-lassen-frame-box\"><img loading=\"lazy\" decoding=\"async\" class=\"aligncenter wp-image-3000 size-full\" title=\"by Lassen &quot;Frame Box&quot; | Aufbewahrungsboxen\" src=\"https:\/\/www.raum-blick.de\/magazin\/wp-content\/uploads\/2017\/05\/by-Lassen-Frame-Box-Aufbewahrungsboxen.jpg\" alt=\"by Lassen Frame Box Aufbewahrungsboxen\" width=\"600\" height=\"600\" srcset=\"https:\/\/raum-blick.de\/magazin\/wp-content\/uploads\/2017\/05\/by-Lassen-Frame-Box-Aufbewahrungsboxen.jpg 600w, https:\/\/raum-blick.de\/magazin\/wp-content\/uploads\/2017\/05\/by-Lassen-Frame-Box-Aufbewahrungsboxen-150x150.jpg 150w, https:\/\/raum-blick.de\/magazin\/wp-content\/uploads\/2017\/05\/by-Lassen-Frame-Box-Aufbewahrungsboxen-300x300.jpg 300w\" sizes=\"(max-width: 600px) 100vw, 600px\" \/><\/a><\/p>\n<p style=\"text-align: justify;\">So h\u00e4lt die Linie Frame Box an dem kubischen Rahmen fest, der bereits den Stil der Kerzenst\u00e4nder pr\u00e4gte. Allerdings widmen sich die Aufbewahrungsboxen einem anderen Thema bei der Wohnungseinrichtung. Zu den ikonographischen Stilzitaten gesellt sich ein gegenw\u00e4rtiger Trend: Das Design ist au\u00dferordentlich offen f\u00fcr die individuelle Raumgestaltung. So bleibt es dem Nutzer \u00fcberlassen, wie er die unterschiedlichen Modelle arrangiert und f\u00fcr seine pers\u00f6nlichen Bed\u00fcrfnisse einsetzt.<\/p>\n","protected":false},"excerpt":{"rendered":"<p>\u00ab Geometrische \u00c4sthetik von Mogens Lassen \u00bb Hinter der minimalistischen Aura der Kollektion Kubus verbergen sich die komplexen Entw\u00fcrfe eines international geachteten Architekten. Die Accessoires zeichnen sich durch eine pointierte \u00c4sthetik aus, die seit Generationen Liebhaber des gehobenen Stils fasziniert. Deshalb zieht mit den geometrischen Kerzenst\u00e4ndern zugleich ein bedeutendes Kapitel der d\u00e4nischen Designgeschichte in die [&hellip;]<\/p>\n","protected":false},"author":4,"featured_media":2982,"comment_status":"closed","ping_status":"open","sticky":false,"template":"","format":"standard","meta":{"_et_pb_use_builder":"","_et_pb_old_content":"","_et_gb_content_width":"","inline_featured_image":false,"footnotes":""},"categories":[8],"tags":[287,334,56,288,122,354,355,356,27],"class_list":["post-2977","post","type-post","status-publish","format-standard","has-post-thumbnail","hentry","category-features","tag-by-lassen","tag-design","tag-indoor","tag-kerzenhalter","tag-kerzenstaender","tag-kubus-1","tag-kubus-4","tag-kubus-8","tag-wohnaccessoires"],"_links":{"self":[{"href":"https:\/\/raum-blick.de\/magazin\/wp-json\/wp\/v2\/posts\/2977","targetHints":{"allow":["GET"]}}],"collection":[{"href":"https:\/\/raum-blick.de\/magazin\/wp-json\/wp\/v2\/posts"}],"about":[{"href":"https:\/\/raum-blick.de\/magazin\/wp-json\/wp\/v2\/types\/post"}],"author":[{"embeddable":true,"href":"https:\/\/raum-blick.de\/magazin\/wp-json\/wp\/v2\/users\/4"}],"replies":[{"embeddable":true,"href":"https:\/\/raum-blick.de\/magazin\/wp-json\/wp\/v2\/comments?post=2977"}],"version-history":[{"count":25,"href":"https:\/\/raum-blick.de\/magazin\/wp-json\/wp\/v2\/posts\/2977\/revisions"}],"predecessor-version":[{"id":15189,"href":"https:\/\/raum-blick.de\/magazin\/wp-json\/wp\/v2\/posts\/2977\/revisions\/15189"}],"wp:featuredmedia":[{"embeddable":true,"href":"https:\/\/raum-blick.de\/magazin\/wp-json\/wp\/v2\/media\/2982"}],"wp:attachment":[{"href":"https:\/\/raum-blick.de\/magazin\/wp-json\/wp\/v2\/media?parent=2977"}],"wp:term":[{"taxonomy":"category","embeddable":true,"href":"https:\/\/raum-blick.de\/magazin\/wp-json\/wp\/v2\/categories?post=2977"},{"taxonomy":"post_tag","embeddable":true,"href":"https:\/\/raum-blick.de\/magazin\/wp-json\/wp\/v2\/tags?post=2977"}],"curies":[{"name":"wp","href":"https:\/\/api.w.org\/{rel}","templated":true}]}}