{"id":2949,"date":"2017-04-27T13:14:10","date_gmt":"2017-04-27T11:14:10","guid":{"rendered":"https:\/\/www.raum-blick.de\/magazin\/?p=2949"},"modified":"2024-09-17T15:20:33","modified_gmt":"2024-09-17T13:20:33","slug":"daenisches-design-von-georg-jensen","status":"publish","type":"post","link":"https:\/\/raum-blick.de\/magazin\/daenisches-design-von-georg-jensen\/","title":{"rendered":"D\u00e4nisches Design von Georg Jensen"},"content":{"rendered":"<h2><span class=\"ez-toc-section\" id=\"%C2%AB_Der_Schwung_des_Jugendstils_modern_interpretiert_%C2%BB\"><\/span>\u00ab Der Schwung des Jugendstils, modern interpretiert \u00bb<span class=\"ez-toc-section-end\"><\/span><\/h2>\n<p style=\"text-align: justify;\"><strong>Die stilvollen Wohnaccessoires der Marke Georg Jensen, deren Erfolgsgeschichte bereits vor \u00fcber 100 Jahren begann, haben zahlreiche Anh\u00e4nger auf der ganzen Welt. Bis heute ist sp\u00fcrbar, dass die Wurzeln des Designs im Jugendstil liegen. Zahlreiche bekannte K\u00fcnstler erweiterten das Gestaltungsspektrum im Laufe der Zeit um zeitgen\u00f6ssische und au\u00dfergew\u00f6hnliche Elemente. Typisch f\u00fcr die Edelstahl Accessoires ist vor allem die geschwungene Linienf\u00fchrung, die den Objekten Lebendigkeit und Eleganz verleiht.<\/strong><\/p>\n<h2><span class=\"ez-toc-section\" id=\"Die_Anfaenge_einer_skandinavischen_Erfolgsgeschichte\"><\/span>Die Anf\u00e4nge einer skandinavischen Erfolgsgeschichte<span class=\"ez-toc-section-end\"><\/span><\/h2>\n<p style=\"text-align: justify;\">Die Marke Georg Jensen blickt auf eine lange Geschichte zur\u00fcck. Bereits 1904 erfolgte die Gr\u00fcndung des Unternehmens durch den d\u00e4nischen Silberschmied Georg Arthur Jensen in der Bredgade in Kopenhagen. Nur einen kleinen Raum hatte er damals zur Verf\u00fcgung, um seine kunstvollen Silberschmiedearbeiten herzustellen. Da seine Arbeiten allerdings schnell einen steigenden Absatz fanden, zog er 1912 in andere R\u00e4umlichkeiten in die Knippelsbrogade.<\/p><div id=\"ez-toc-container\" class=\"ez-toc-v2_0_82_2 counter-hierarchy ez-toc-counter ez-toc-grey ez-toc-container-direction\">\n<div class=\"ez-toc-title-container\">\n<p class=\"ez-toc-title\" style=\"cursor:inherit\">Was hier auf Sie wartet<\/p>\n<span class=\"ez-toc-title-toggle\"><a href=\"#\" class=\"ez-toc-pull-right ez-toc-btn ez-toc-btn-xs ez-toc-btn-default ez-toc-toggle\" aria-label=\"Toggle Table of Content\"><span class=\"ez-toc-js-icon-con\"><span class=\"\"><span class=\"eztoc-hide\" style=\"display:none;\">Toggle<\/span><span class=\"ez-toc-icon-toggle-span\"><svg style=\"fill: #999;color:#999\" xmlns=\"http:\/\/www.w3.org\/2000\/svg\" class=\"list-377408\" width=\"20px\" height=\"20px\" viewBox=\"0 0 24 24\" fill=\"none\"><path d=\"M6 6H4v2h2V6zm14 0H8v2h12V6zM4 11h2v2H4v-2zm16 0H8v2h12v-2zM4 16h2v2H4v-2zm16 0H8v2h12v-2z\" fill=\"currentColor\"><\/path><\/svg><svg style=\"fill: #999;color:#999\" class=\"arrow-unsorted-368013\" xmlns=\"http:\/\/www.w3.org\/2000\/svg\" width=\"10px\" height=\"10px\" viewBox=\"0 0 24 24\" version=\"1.2\" baseProfile=\"tiny\"><path d=\"M18.2 9.3l-6.2-6.3-6.2 6.3c-.2.2-.3.4-.3.7s.1.5.3.7c.2.2.4.3.7.3h11c.3 0 .5-.1.7-.3.2-.2.3-.5.3-.7s-.1-.5-.3-.7zM5.8 14.7l6.2 6.3 6.2-6.3c.2-.2.3-.5.3-.7s-.1-.5-.3-.7c-.2-.2-.4-.3-.7-.3h-11c-.3 0-.5.1-.7.3-.2.2-.3.5-.3.7s.1.5.3.7z\"\/><\/svg><\/span><\/span><\/span><\/a><\/span><\/div>\n<nav><ul class='ez-toc-list ez-toc-list-level-1 ' ><li class='ez-toc-page-1 ez-toc-heading-level-2'><a class=\"ez-toc-link ez-toc-heading-1\" href=\"https:\/\/raum-blick.de\/magazin\/daenisches-design-von-georg-jensen\/#%C2%AB_Der_Schwung_des_Jugendstils_modern_interpretiert_%C2%BB\" >\u00ab Der Schwung des Jugendstils, modern interpretiert \u00bb<\/a><\/li><li class='ez-toc-page-1 ez-toc-heading-level-2'><a class=\"ez-toc-link ez-toc-heading-2\" href=\"https:\/\/raum-blick.de\/magazin\/daenisches-design-von-georg-jensen\/#Die_Anfaenge_einer_skandinavischen_Erfolgsgeschichte\" >Die Anf\u00e4nge einer skandinavischen Erfolgsgeschichte<\/a><\/li><li class='ez-toc-page-1 ez-toc-heading-level-2'><a class=\"ez-toc-link ez-toc-heading-3\" href=\"https:\/\/raum-blick.de\/magazin\/daenisches-design-von-georg-jensen\/#Zusammenarbeit_mit_Kuenstlern\" >Zusammenarbeit mit K\u00fcnstlern<\/a><\/li><li class='ez-toc-page-1 ez-toc-heading-level-2'><a class=\"ez-toc-link ez-toc-heading-4\" href=\"https:\/\/raum-blick.de\/magazin\/daenisches-design-von-georg-jensen\/#Elefantenfiguren_als_Designaccessoires\" >Elefantenfiguren als Designaccessoires<\/a><\/li><li class='ez-toc-page-1 ez-toc-heading-level-2'><a class=\"ez-toc-link ez-toc-heading-5\" href=\"https:\/\/raum-blick.de\/magazin\/daenisches-design-von-georg-jensen\/#Dynamische_Linienfuehrung_schafft_Eleganz\" >Dynamische Linienf\u00fchrung schafft Eleganz<\/a><\/li><li class='ez-toc-page-1 ez-toc-heading-level-2'><a class=\"ez-toc-link ez-toc-heading-6\" href=\"https:\/\/raum-blick.de\/magazin\/daenisches-design-von-georg-jensen\/#GJ_Kerzenhalter_%E2%80%93_fliessende_Eleganz_in_Edelstahl\" >GJ Kerzenhalter \u2013 flie\u00dfende Eleganz in Edelstahl.<\/a><\/li><\/ul><\/nav><\/div>\n\n<p style=\"text-align: justify;\"><img loading=\"lazy\" decoding=\"async\" class=\"aligncenter wp-image-2973 size-full\" title=\"Georg Jensen Cafu Vase aus Glas\" src=\"https:\/\/www.raum-blick.de\/magazin\/wp-content\/uploads\/2017\/04\/Georg-Jensen-Cafu-Vase-Glas.jpg\" alt=\"Georg Jensen Cafu Vase Glas\" width=\"600\" height=\"600\" srcset=\"https:\/\/raum-blick.de\/magazin\/wp-content\/uploads\/2017\/04\/Georg-Jensen-Cafu-Vase-Glas.jpg 600w, https:\/\/raum-blick.de\/magazin\/wp-content\/uploads\/2017\/04\/Georg-Jensen-Cafu-Vase-Glas-150x150.jpg 150w, https:\/\/raum-blick.de\/magazin\/wp-content\/uploads\/2017\/04\/Georg-Jensen-Cafu-Vase-Glas-300x300.jpg 300w\" sizes=\"(max-width: 600px) 100vw, 600px\" \/><\/p>\n<p style=\"text-align: justify;\">Auch hier wurde es aufgrund der weiterhin steigenden Nachfrage nach seinen Produkten, die vom Jugendstil gepr\u00e4gt waren, bald zu eng. Ein weiterer Umzug in ein neues Fabrikgeb\u00e4ude folgte 1917, nachdem aus dem Betrieb durch den Zusammenschluss mit der Familie Wedel die Georg Jensen &amp; Wendel GmbH geworden war. Er blieb k\u00fcnstlerischer Leiter des Unternehmens, bis er im Jahr 1935 starb. Bereits in der Anfangszeit wurde das Design des Unternehmens auch im Ausland vertrieben.<\/p>\n<h2><span class=\"ez-toc-section\" id=\"Zusammenarbeit_mit_Kuenstlern\"><\/span>Zusammenarbeit mit K\u00fcnstlern<span class=\"ez-toc-section-end\"><\/span><\/h2>\n<p style=\"text-align: justify;\"><a href=\"https:\/\/www.raum-blick.de\/georg-jensen\/\">Georg Jensen Wohnaccessoires<\/a> bestechen durch ihren kunsthandwerklichen Charakter. Der d\u00e4nische Maler Johan Rohde, der in den 1920er Jahren eine neuzeitliche, funktionale Dimension ins Unternehmen einbrachte, oder der Avantgarde-Designer Harald Nielsen sind nur zwei K\u00fcnstler, die das Design schon fr\u00fch bereicherten. Die Orientierung an einer modernen, organischen Formensprache setzte sich mit \u00dcbernahme des Unternehmens durch J\u00f8rgen Jensen, den Sohn des Firmengr\u00fcnders, fort. Einfl\u00fcsse des finnischen Architekten Alvar Aalto waren ebenfalls sp\u00fcrbar.<\/p>\n<p style=\"text-align: justify;\"><a href=\"https:\/\/www.raum-blick.de\/georg-jensen-vase-cafu-edelstahl\"><img loading=\"lazy\" decoding=\"async\" class=\"aligncenter wp-image-2970 size-full\" title=\"Georg Jensen Cafu Vase aus hochglanzpoliertem Edelstahl\" src=\"https:\/\/www.raum-blick.de\/magazin\/wp-content\/uploads\/2017\/04\/Georg-Jensen-Cafu-Vase-Edelstahl-hochglanzpoliert.jpg\" alt=\"Georg Jensen Cafu Vase Edelstahl hochglanzpoliert\" width=\"600\" height=\"600\" srcset=\"https:\/\/raum-blick.de\/magazin\/wp-content\/uploads\/2017\/04\/Georg-Jensen-Cafu-Vase-Edelstahl-hochglanzpoliert.jpg 600w, https:\/\/raum-blick.de\/magazin\/wp-content\/uploads\/2017\/04\/Georg-Jensen-Cafu-Vase-Edelstahl-hochglanzpoliert-150x150.jpg 150w, https:\/\/raum-blick.de\/magazin\/wp-content\/uploads\/2017\/04\/Georg-Jensen-Cafu-Vase-Edelstahl-hochglanzpoliert-300x300.jpg 300w\" sizes=\"(max-width: 600px) 100vw, 600px\" \/><\/a><\/p>\n<p style=\"text-align: justify;\">Sp\u00e4ter, ab 1945, trug der Silberschmied Henning Koppel mit einer eleganten und minimalistischen Linienf\u00fchrung zum anhaltenden Erfolg der Edelstahl Accessoires der Marke bei. In den folgenden Jahrzehnten arbeiteten zahlreiche, weitere renommierte Designer mit dem Unternehmen zusammen und brachten ihm viel Ruhm und Ehre ein.<\/p>\n<blockquote>\n<p style=\"text-align: justify;\">Bis heute ist beispielsweise das Elephant-Design ein wesentlicher Bestandteil des Sortiments.<\/p>\n<\/blockquote>\n<h2><span class=\"ez-toc-section\" id=\"Elefantenfiguren_als_Designaccessoires\"><\/span>Elefantenfiguren als Designaccessoires<span class=\"ez-toc-section-end\"><\/span><\/h2>\n<p style=\"text-align: justify;\">Das erste St\u00fcck der Elephant-Kollektion erblickte bereits 1987 das Licht der Welt. Sch\u00f6pfer was der Architekt und Industriedesigner J\u00f8rgen M\u00f8ller, an dessen Werk das st\u00e4ndige Streben nach der Verschmelzung von Funktionen und einfachen Formen ablesbar ist. Gemeinsam mit seinen Enkelkindern entwarf er der Georg Jensen Flaschen\u00f6ffner Elephant. Das Ende des Elefantenr\u00fcssels wird unter den Rand des Flaschendeckels geschoben, sodass er weggehebelt werden kann. Durch seinen abgerundeten R\u00fccken liegt der Elefant beim \u00d6ffnen zudem gut in der Hand.<\/p>\n<p style=\"text-align: justify;\"><a href=\"https:\/\/www.raum-blick.de\/georg-jensen-moneyphant\"><img loading=\"lazy\" decoding=\"async\" class=\"aligncenter wp-image-2958 size-full\" title=\"Georg Jensen Mini- und Moneyphanten als Spardose\" src=\"https:\/\/www.raum-blick.de\/magazin\/wp-content\/uploads\/2017\/04\/Georg-Jensen-Mini-und-Moneyphanten.jpg\" alt=\"Georg Jensen Mini- und Moneyphanten\" width=\"600\" height=\"600\" srcset=\"https:\/\/raum-blick.de\/magazin\/wp-content\/uploads\/2017\/04\/Georg-Jensen-Mini-und-Moneyphanten.jpg 600w, https:\/\/raum-blick.de\/magazin\/wp-content\/uploads\/2017\/04\/Georg-Jensen-Mini-und-Moneyphanten-150x150.jpg 150w, https:\/\/raum-blick.de\/magazin\/wp-content\/uploads\/2017\/04\/Georg-Jensen-Mini-und-Moneyphanten-300x300.jpg 300w\" sizes=\"(max-width: 600px) 100vw, 600px\" \/><\/a><\/p>\n<p style=\"text-align: justify;\">Das ikonische Elefanten-Design findet sich heute in vielen Gegenst\u00e4nden und Wohnaccessoires der Marke. Einen dekorativen Artikel mit einer zweckm\u00e4\u00dfigen Funktion stellt auch die <a href=\"https:\/\/www.raum-blick.de\/georg-jensen-moneyphant\">Georg Jensen Moneyphant Spardose<\/a> dar. Besonders Kinder erfreuen sich au\u00dferdem an der Zahndose in Elefantenform, dem Elefantenpuzzle oder der Elefantenfamilie aus Holz.<\/p>\n<h2><span class=\"ez-toc-section\" id=\"Dynamische_Linienfuehrung_schafft_Eleganz\"><\/span>Dynamische Linienf\u00fchrung schafft Eleganz<span class=\"ez-toc-section-end\"><\/span><\/h2>\n<p style=\"text-align: justify;\">Die typisch skandinavischen Designs von Georg Jensen verbinden traditionelles Kunsthandwerk mit Einfl\u00fcssen aus zeitgen\u00f6ssischen Stilrichtungen. In jeder neuen Kollektion ist das Bestreben des Unternehmens zu erkennen, die Prinzipien des Firmengr\u00fcnders weiterzuf\u00fchren und in die heutige Zeit zu \u00fcbertragen. Bis heute sind die Urspr\u00fcnge des Unternehmens sp\u00fcrbar, gleichzeitig geben moderne und funktionale Elemente im Design den Wohnaccessoires ein zeitloses und elegantes Aussehen. Eine geschwungene Linienf\u00fchrung trifft auf eine asymmetrische Formensprache, die auch immer der Funktion und Zweck des Objektes Rechnung tr\u00e4gt.<\/p>\n<p style=\"text-align: justify;\"><img loading=\"lazy\" decoding=\"async\" class=\"aligncenter wp-image-2955 size-full\" title=\"Georg Jensen Krug f\u00fcr Wein, Wasser oder als Vase\" src=\"https:\/\/www.raum-blick.de\/magazin\/wp-content\/uploads\/2017\/04\/Georg-Jensen-Krug.jpg\" alt=\"Georg Jensen Krug\" width=\"600\" height=\"600\" srcset=\"https:\/\/raum-blick.de\/magazin\/wp-content\/uploads\/2017\/04\/Georg-Jensen-Krug.jpg 600w, https:\/\/raum-blick.de\/magazin\/wp-content\/uploads\/2017\/04\/Georg-Jensen-Krug-150x150.jpg 150w, https:\/\/raum-blick.de\/magazin\/wp-content\/uploads\/2017\/04\/Georg-Jensen-Krug-300x300.jpg 300w\" sizes=\"(max-width: 600px) 100vw, 600px\" \/><\/p>\n<p style=\"text-align: justify;\">Zum stilvollen Servieren von Getr\u00e4nken bietet der Hersteller unter anderem die Glaskaraffe Cobra und einen Krug aus Edelstahl. Beide bestechen durch ihre flie\u00dfende Form und die Reduzierung auf ein einziges Material. Ein Hingucker auf der Kaffeetafel sind auch die Thermoskanne Beak mit ihrer aerodynamischen Silhouette oder die Georg Jensen Bonbonniere von Henning Koppel.<\/p>\n<h2><span class=\"ez-toc-section\" id=\"GJ_Kerzenhalter_%E2%80%93_fliessende_Eleganz_in_Edelstahl\"><\/span>GJ Kerzenhalter \u2013 flie\u00dfende Eleganz in Edelstahl.<span class=\"ez-toc-section-end\"><\/span><\/h2>\n<p style=\"text-align: justify;\">Ob auf der Fensterbank, dem Kaminsims oder einer eingedeckten Tafel, die Kerzenhalter von Georg Jensen Design sind \u00fcberall ein eleganter Blickfang. Die Leuchter aus der Serie Cobra sind gepr\u00e4gt durch organische und asymmetrische Schw\u00fcnge und B\u00f6gen, verlieren aber dank des ausgekl\u00fcgelten Designs nie ihren festen Stand. Dem Namen Cobra werden die Kerzenhalter durch ihre dynamische Form, die an eine aufb\u00e4umende Schlange erinnert, gerecht.<\/p>\n<p style=\"text-align: justify;\"><img loading=\"lazy\" decoding=\"async\" class=\"aligncenter wp-image-2963 size-full\" title=\"Georg Jensen Cobra Kerzenhalter in drei verschiedenen Gr\u00f6\u00dfen\" src=\"https:\/\/www.raum-blick.de\/magazin\/wp-content\/uploads\/2017\/04\/Georg-Jensen-Cobra-Kerzenhalter.jpg\" alt=\"Georg Jensen Cobra Kerzenhalter\" width=\"600\" height=\"600\" srcset=\"https:\/\/raum-blick.de\/magazin\/wp-content\/uploads\/2017\/04\/Georg-Jensen-Cobra-Kerzenhalter.jpg 600w, https:\/\/raum-blick.de\/magazin\/wp-content\/uploads\/2017\/04\/Georg-Jensen-Cobra-Kerzenhalter-150x150.jpg 150w, https:\/\/raum-blick.de\/magazin\/wp-content\/uploads\/2017\/04\/Georg-Jensen-Cobra-Kerzenhalter-300x300.jpg 300w\" sizes=\"(max-width: 600px) 100vw, 600px\" \/><\/p>\n<p style=\"text-align: justify;\">Auch Assoziation aus der Pflanzenwelt sind naheliegend. Der hochglanzpolierte Edelstahl unterst\u00fctzt die flie\u00dfende Formensprache und den dynamischen Charakter der Accessoires. Auch ein klassischer dreiarmiger Leuchter wird durch diese Gestaltung zum absoluten Hingucker. Trotz der Asymmetrie steht der dreiarmige Kandelaber der Serie Cobra dank des breiten Fu\u00dfes fest an seinem Platz.<\/p>\n<p style=\"text-align: justify;\"><img loading=\"lazy\" decoding=\"async\" class=\"aligncenter wp-image-2966 size-full\" title=\"Georg Jensen Season Kerzenhalter aus hochglanzpoliertem Edelstahl\" src=\"https:\/\/www.raum-blick.de\/magazin\/wp-content\/uploads\/2017\/04\/Georg-Jensen-Season-Kerzenhalter.jpg\" alt=\"Georg Jensen Season Kerzenhalter\" width=\"600\" height=\"517\" srcset=\"https:\/\/raum-blick.de\/magazin\/wp-content\/uploads\/2017\/04\/Georg-Jensen-Season-Kerzenhalter.jpg 600w, https:\/\/raum-blick.de\/magazin\/wp-content\/uploads\/2017\/04\/Georg-Jensen-Season-Kerzenhalter-300x259.jpg 300w\" sizes=\"(max-width: 600px) 100vw, 600px\" \/><\/p>\n<p style=\"text-align: justify;\">Ebenfalls f\u00fcr ein stimmungsvolles Ambiente gepaart mit stilvoller Eleganz im eigenen Zuhause sorgt der GJ Kerzenhalter Season. Auf einem Kranz aus ineinander verschlungenen Edelstahlb\u00e4ndern finden vier Kerzen Platz. Nach Belieben kann der Kranz mit B\u00e4ndern und Blumen dekoriert werden.<\/p>\n<p style=\"text-align: justify;\"><img loading=\"lazy\" decoding=\"async\" class=\"aligncenter wp-image-2961 size-full\" title=\"Georg Jensen Cobra Bodenkerzenleuchter in drei verschiedenen Gr\u00f6\u00dfen\" src=\"https:\/\/www.raum-blick.de\/magazin\/wp-content\/uploads\/2017\/04\/Georg-Jensen-Cobra-Bodenkerzenleuchter.jpg\" alt=\"Georg Jensen Cobra Bodenkerzenleuchter\" width=\"600\" height=\"600\" srcset=\"https:\/\/raum-blick.de\/magazin\/wp-content\/uploads\/2017\/04\/Georg-Jensen-Cobra-Bodenkerzenleuchter.jpg 600w, https:\/\/raum-blick.de\/magazin\/wp-content\/uploads\/2017\/04\/Georg-Jensen-Cobra-Bodenkerzenleuchter-150x150.jpg 150w, https:\/\/raum-blick.de\/magazin\/wp-content\/uploads\/2017\/04\/Georg-Jensen-Cobra-Bodenkerzenleuchter-300x300.jpg 300w\" sizes=\"(max-width: 600px) 100vw, 600px\" \/><\/p>\n<p style=\"text-align: justify;\">Die Serie Cobra komplettieren die au\u00dfergew\u00f6hnlichen Bodenleuchter, die ebenso in gl\u00e4nzendem Edelstahl ausgef\u00fchrt sind. Die Leuchter sind in verschiedenen Gr\u00f6\u00dfen erh\u00e4ltlich und lassen sich zu einer dekorativen Gruppe arrangieren. Passgenaue Kerzen f\u00fcr den Bodenleuchter bietet der Hersteller als Erg\u00e4nzung in seinem Sortiment.<\/p>\n","protected":false},"excerpt":{"rendered":"<p>\u00ab Der Schwung des Jugendstils, modern interpretiert \u00bb Die stilvollen Wohnaccessoires der Marke Georg Jensen, deren Erfolgsgeschichte bereits vor \u00fcber 100 Jahren begann, haben zahlreiche Anh\u00e4nger auf der ganzen Welt. Bis heute ist sp\u00fcrbar, dass die Wurzeln des Designs im Jugendstil liegen. Zahlreiche bekannte K\u00fcnstler erweiterten das Gestaltungsspektrum im Laufe der Zeit um zeitgen\u00f6ssische und [&hellip;]<\/p>\n","protected":false},"author":4,"featured_media":2954,"comment_status":"closed","ping_status":"open","sticky":false,"template":"","format":"standard","meta":{"_et_pb_use_builder":"","_et_pb_old_content":"","_et_gb_content_width":"","inline_featured_image":false,"footnotes":""},"categories":[8],"tags":[353,352,341,60,288,350,349,351,146,27],"class_list":["post-2949","post","type-post","status-publish","format-standard","has-post-thumbnail","hentry","category-features","tag-bodenkerzenleuchter","tag-bonbonniere","tag-georg-jensen","tag-karaffen","tag-kerzenhalter","tag-kruege","tag-spardosen","tag-thermoskannen","tag-vasen","tag-wohnaccessoires"],"_links":{"self":[{"href":"https:\/\/raum-blick.de\/magazin\/wp-json\/wp\/v2\/posts\/2949","targetHints":{"allow":["GET"]}}],"collection":[{"href":"https:\/\/raum-blick.de\/magazin\/wp-json\/wp\/v2\/posts"}],"about":[{"href":"https:\/\/raum-blick.de\/magazin\/wp-json\/wp\/v2\/types\/post"}],"author":[{"embeddable":true,"href":"https:\/\/raum-blick.de\/magazin\/wp-json\/wp\/v2\/users\/4"}],"replies":[{"embeddable":true,"href":"https:\/\/raum-blick.de\/magazin\/wp-json\/wp\/v2\/comments?post=2949"}],"version-history":[{"count":25,"href":"https:\/\/raum-blick.de\/magazin\/wp-json\/wp\/v2\/posts\/2949\/revisions"}],"predecessor-version":[{"id":21032,"href":"https:\/\/raum-blick.de\/magazin\/wp-json\/wp\/v2\/posts\/2949\/revisions\/21032"}],"wp:featuredmedia":[{"embeddable":true,"href":"https:\/\/raum-blick.de\/magazin\/wp-json\/wp\/v2\/media\/2954"}],"wp:attachment":[{"href":"https:\/\/raum-blick.de\/magazin\/wp-json\/wp\/v2\/media?parent=2949"}],"wp:term":[{"taxonomy":"category","embeddable":true,"href":"https:\/\/raum-blick.de\/magazin\/wp-json\/wp\/v2\/categories?post=2949"},{"taxonomy":"post_tag","embeddable":true,"href":"https:\/\/raum-blick.de\/magazin\/wp-json\/wp\/v2\/tags?post=2949"}],"curies":[{"name":"wp","href":"https:\/\/api.w.org\/{rel}","templated":true}]}}