{"id":2813,"date":"2017-04-05T17:17:09","date_gmt":"2017-04-05T15:17:09","guid":{"rendered":"https:\/\/www.raum-blick.de\/magazin\/?p=2813"},"modified":"2020-03-23T11:48:50","modified_gmt":"2020-03-23T10:48:50","slug":"fruehlingsdeko-fuer-das-wohnzimmer","status":"publish","type":"post","link":"https:\/\/raum-blick.de\/magazin\/fruehlingsdeko-fuer-das-wohnzimmer\/","title":{"rendered":"Fr\u00fchlingsdeko f\u00fcr das Wohnzimmer"},"content":{"rendered":"<h2><span class=\"ez-toc-section\" id=\"%C2%AB_Wecken_Sie_Fruehlingsgefuehle_zu_Hause_%C2%BB\"><\/span>\u00ab Wecken Sie Fr\u00fchlingsgef\u00fchle zu Hause \u00bb<span class=\"ez-toc-section-end\"><\/span><\/h2>\n<p style=\"text-align: justify;\"><strong>Bei einem Spaziergang schmeichelt die aufbl\u00fchende Landschaft dem Auge, die V\u00f6gel untermalen die Szenerie mit ihrem Zwitschern und beste Laune erfasst das Gem\u00fct. Von dieser positiven Energie profitieren Sie auch, wenn stilvolle Fr\u00fchlingsdeko das Wohnzimmer aufwertet. Die saisonalen Trends im Jahr 2017 sind facettenreich. Deshalb liegt es ganz bei Ihnen, wie Sie den Beginn der warmen Jahresh\u00e4lfte interpretieren und zu Hause fr\u00fchlingshaft dekorieren.<\/strong><\/p>\n<h2><span class=\"ez-toc-section\" id=\"Trendfarben_und_ein_Hauch_von_Vintage\"><\/span>Trendfarben und ein Hauch von Vintage<span class=\"ez-toc-section-end\"><\/span><\/h2>\n<p style=\"text-align: justify;\">Nicht nur bei der Fr\u00fchlingsdekoration 2017 nehmen frische Blumen die Hauptrolle ein. Die bl\u00fchende Signatur wird das gesamte Jahr begleiten. Deshalb legen Sie mit formsch\u00f6nen Vasen das ideale Fundament f\u00fcrs zeitgem\u00e4\u00dfe Dekorieren. Distinktiv und trendbewusst pr\u00e4sentieren sich das Muuto Vasen Trio Balance, das Hallgeir Homstvedt f\u00fcr die d\u00e4nische Marke entworfen hat. Insbesondere die Variante in drei verschiedenen Graut\u00f6nen greift Nuancen auf, die derzeit bei Wohnaccessoires angesagt sind.<\/p><div id=\"ez-toc-container\" class=\"ez-toc-v2_0_82_2 counter-hierarchy ez-toc-counter ez-toc-grey ez-toc-container-direction\">\n<div class=\"ez-toc-title-container\">\n<p class=\"ez-toc-title\" style=\"cursor:inherit\">Was hier auf Sie wartet<\/p>\n<span class=\"ez-toc-title-toggle\"><a href=\"#\" class=\"ez-toc-pull-right ez-toc-btn ez-toc-btn-xs ez-toc-btn-default ez-toc-toggle\" aria-label=\"Toggle Table of Content\"><span class=\"ez-toc-js-icon-con\"><span class=\"\"><span class=\"eztoc-hide\" style=\"display:none;\">Toggle<\/span><span class=\"ez-toc-icon-toggle-span\"><svg style=\"fill: #999;color:#999\" xmlns=\"http:\/\/www.w3.org\/2000\/svg\" class=\"list-377408\" width=\"20px\" height=\"20px\" viewBox=\"0 0 24 24\" fill=\"none\"><path d=\"M6 6H4v2h2V6zm14 0H8v2h12V6zM4 11h2v2H4v-2zm16 0H8v2h12v-2zM4 16h2v2H4v-2zm16 0H8v2h12v-2z\" fill=\"currentColor\"><\/path><\/svg><svg style=\"fill: #999;color:#999\" class=\"arrow-unsorted-368013\" xmlns=\"http:\/\/www.w3.org\/2000\/svg\" width=\"10px\" height=\"10px\" viewBox=\"0 0 24 24\" version=\"1.2\" baseProfile=\"tiny\"><path d=\"M18.2 9.3l-6.2-6.3-6.2 6.3c-.2.2-.3.4-.3.7s.1.5.3.7c.2.2.4.3.7.3h11c.3 0 .5-.1.7-.3.2-.2.3-.5.3-.7s-.1-.5-.3-.7zM5.8 14.7l6.2 6.3 6.2-6.3c.2-.2.3-.5.3-.7s-.1-.5-.3-.7c-.2-.2-.4-.3-.7-.3h-11c-.3 0-.5.1-.7.3-.2.2-.3.5-.3.7s.1.5.3.7z\"\/><\/svg><\/span><\/span><\/span><\/a><\/span><\/div>\n<nav><ul class='ez-toc-list ez-toc-list-level-1 ' ><li class='ez-toc-page-1 ez-toc-heading-level-2'><a class=\"ez-toc-link ez-toc-heading-1\" href=\"https:\/\/raum-blick.de\/magazin\/fruehlingsdeko-fuer-das-wohnzimmer\/#%C2%AB_Wecken_Sie_Fruehlingsgefuehle_zu_Hause_%C2%BB\" >\u00ab Wecken Sie Fr\u00fchlingsgef\u00fchle zu Hause \u00bb<\/a><\/li><li class='ez-toc-page-1 ez-toc-heading-level-2'><a class=\"ez-toc-link ez-toc-heading-2\" href=\"https:\/\/raum-blick.de\/magazin\/fruehlingsdeko-fuer-das-wohnzimmer\/#Trendfarben_und_ein_Hauch_von_Vintage\" >Trendfarben und ein Hauch von Vintage<\/a><\/li><li class='ez-toc-page-1 ez-toc-heading-level-2'><a class=\"ez-toc-link ez-toc-heading-3\" href=\"https:\/\/raum-blick.de\/magazin\/fruehlingsdeko-fuer-das-wohnzimmer\/#Natur_pur_trifft_auf_kuehle_Eleganz\" >Natur pur trifft auf k\u00fchle Eleganz<\/a><\/li><li class='ez-toc-page-1 ez-toc-heading-level-2'><a class=\"ez-toc-link ez-toc-heading-4\" href=\"https:\/\/raum-blick.de\/magazin\/fruehlingsdeko-fuer-das-wohnzimmer\/#Wohnwelt_im_modernen_Landhausstil_fruehlingshaft_dekorieren\" >Wohnwelt im modernen Landhausstil fr\u00fchlingshaft dekorieren<\/a><\/li><li class='ez-toc-page-1 ez-toc-heading-level-2'><a class=\"ez-toc-link ez-toc-heading-5\" href=\"https:\/\/raum-blick.de\/magazin\/fruehlingsdeko-fuer-das-wohnzimmer\/#Puristische_Extravaganz_fuer_die_Fruehlingsdekoration\" >Puristische Extravaganz f\u00fcr die Fr\u00fchlingsdekoration<\/a><\/li><li class='ez-toc-page-1 ez-toc-heading-level-2'><a class=\"ez-toc-link ez-toc-heading-6\" href=\"https:\/\/raum-blick.de\/magazin\/fruehlingsdeko-fuer-das-wohnzimmer\/#Fruehlingshafte_Gruesse_aus_dem_Kraeutergarten\" >Fr\u00fchlingshafte Gr\u00fc\u00dfe aus dem Kr\u00e4utergarten<\/a><\/li><li class='ez-toc-page-1 ez-toc-heading-level-2'><a class=\"ez-toc-link ez-toc-heading-7\" href=\"https:\/\/raum-blick.de\/magazin\/fruehlingsdeko-fuer-das-wohnzimmer\/#Klassische_Fruehlingsdeko_im_Wohnzimmer\" >Klassische Fr\u00fchlingsdeko im Wohnzimmer<\/a><\/li><\/ul><\/nav><\/div>\n\n<p style=\"text-align: justify;\"><img loading=\"lazy\" decoding=\"async\" class=\"aligncenter wp-image-2821 size-full\" title=\"Vasen-Set &quot;Balance&quot; von Muuto | Fr\u00fchlingsdeko\" src=\"https:\/\/www.raum-blick.de\/magazin\/wp-content\/uploads\/2017\/04\/Vasen-Set-Muuto-Balance-Fruehlingsdeko.jpg\" alt=\"Vasen-Set Muuto Balance Fruehlingsdeko\" width=\"600\" height=\"600\" srcset=\"https:\/\/raum-blick.de\/magazin\/wp-content\/uploads\/2017\/04\/Vasen-Set-Muuto-Balance-Fruehlingsdeko.jpg 600w, https:\/\/raum-blick.de\/magazin\/wp-content\/uploads\/2017\/04\/Vasen-Set-Muuto-Balance-Fruehlingsdeko-150x150.jpg 150w, https:\/\/raum-blick.de\/magazin\/wp-content\/uploads\/2017\/04\/Vasen-Set-Muuto-Balance-Fruehlingsdeko-300x300.jpg 300w\" sizes=\"(max-width: 600px) 100vw, 600px\" \/><\/p>\n<p style=\"text-align: justify;\">Ebenso pr\u00e4sent sind bei der aktuellen Fr\u00fchlingsdeko pures Wei\u00df und Pastellrosa. Diese Farben k\u00f6nnen Sie aufgreifen, indem Sie das dreiteilige Set mit entsprechenden Narzissen best\u00fccken. Durch das weitgehend monochrome Spektrum entfaltet sich ein Hauch von Vintage. Dieser l\u00e4sst sich fabelhaft mit antiquarischen Schwarz-Wei\u00df-Portr\u00e4ts junger Damen unterstreichen, die wie zuf\u00e4llig auf einer Anrichte abgelegt und durch eine Fr\u00fchlingsbl\u00fcte am Rande dezent belebt werden.<\/p>\n<blockquote>\n<p style=\"text-align: justify;\">Diese wohldosierten Details gen\u00fcgen vollkommen, damit das moderne Wohnzimmer passend zur Saison akzentuiert wird.<\/p>\n<\/blockquote>\n<h2><span class=\"ez-toc-section\" id=\"Natur_pur_trifft_auf_kuehle_Eleganz\"><\/span>Natur pur trifft auf k\u00fchle Eleganz<span class=\"ez-toc-section-end\"><\/span><\/h2>\n<p style=\"text-align: justify;\">Ausgesprochen modern ist Fr\u00fchlingsdekoration, bei der sich der industrielle Touch von Metall mit dem nat\u00fcrlichen Esprit von Pflanzen vereint. Mit diesem Wohntrend harmonieren die Designideen aus hochglanzpoliertem Edelstahl von <a href=\"https:\/\/www.raum-blick.de\/georg-jensen\/\">Georg Jensen<\/a> exzellent. Der Kontrast zwischen dem k\u00fchlen Material und der frischen Natur kommt besonders gut zur Geltung, wenn Sie die bauchige <a href=\"https:\/\/www.raum-blick.de\/georg-jensen-vase-cafu-edelstahl\">Georg Jensen Vase Cafu<\/a> mit bunten Wiesenblumen best\u00fccken.<\/p>\n<p style=\"text-align: justify;\"><a href=\"https:\/\/www.raum-blick.de\/georg-jensen-vase-cafu-edelstahl\"><img loading=\"lazy\" decoding=\"async\" class=\"aligncenter wp-image-2839 size-full\" title=\"Georg Jensen Vase &quot;Cafu&quot;\" src=\"https:\/\/www.raum-blick.de\/magazin\/wp-content\/uploads\/2017\/04\/Georg-Jensen-Vase-Cafu.jpg\" alt=\"Georg Jensen Vase Cafu\" width=\"600\" height=\"600\" srcset=\"https:\/\/raum-blick.de\/magazin\/wp-content\/uploads\/2017\/04\/Georg-Jensen-Vase-Cafu.jpg 600w, https:\/\/raum-blick.de\/magazin\/wp-content\/uploads\/2017\/04\/Georg-Jensen-Vase-Cafu-150x150.jpg 150w, https:\/\/raum-blick.de\/magazin\/wp-content\/uploads\/2017\/04\/Georg-Jensen-Vase-Cafu-300x300.jpg 300w\" sizes=\"(max-width: 600px) 100vw, 600px\" \/><\/a><\/p>\n<p style=\"text-align: justify;\">Dazu passend w\u00e4hlen Sie f\u00fcr den 4-flammigen Kerzenhalter Season Kerzen in Pastellt\u00f6nen aus, der mit zarten Bl\u00fcten im Umfeld f\u00fcr die Fr\u00fchlingsdeko im Wohnzimmer drapiert wird.<\/p>\n<p style=\"text-align: justify;\"><img loading=\"lazy\" decoding=\"async\" class=\"aligncenter wp-image-2824 size-full\" title=\"Kerzenhalter &quot;Season&quot; von Georg Jensen\" src=\"https:\/\/www.raum-blick.de\/magazin\/wp-content\/uploads\/2017\/04\/Georg-Jensen-Kerzenhalter-Season.jpg\" alt=\"Georg Jensen Kerzenhalter Season\" width=\"600\" height=\"520\" srcset=\"https:\/\/raum-blick.de\/magazin\/wp-content\/uploads\/2017\/04\/Georg-Jensen-Kerzenhalter-Season.jpg 600w, https:\/\/raum-blick.de\/magazin\/wp-content\/uploads\/2017\/04\/Georg-Jensen-Kerzenhalter-Season-300x260.jpg 300w\" sizes=\"(max-width: 600px) 100vw, 600px\" \/><\/p>\n<h2><span class=\"ez-toc-section\" id=\"Wohnwelt_im_modernen_Landhausstil_fruehlingshaft_dekorieren\"><\/span>Wohnwelt im modernen Landhausstil fr\u00fchlingshaft dekorieren<span class=\"ez-toc-section-end\"><\/span><\/h2>\n<p style=\"text-align: justify;\">Idyllische Landschaften werden besonders intensiv vom Lenz erfasst. Deshalb liegt es nahe, der Fr\u00fchlingsdekoration ein paar urige Akkorde zu g\u00f6nnen. Mit einem sehr urspr\u00fcnglichen Charme, der an kultivierte Agrarfl\u00e4chen und naturbelassene Wiesen erinnert, erfreut der Klatschmohn.<\/p>\n<blockquote>\n<p style=\"text-align: justify;\">Der rote Fr\u00fchbl\u00fcher ist die Blume des Jahres 2017 und ist im Handel dementsprechend h\u00e4ufig anzutreffen.<\/p>\n<\/blockquote>\n<p style=\"text-align: justify;\">Organisieren Sie sich eine betagte Holzkiste oder eine antiquarische Terrine aus Porzellan, um diese mit Mohnblumen zu bepflanzen. Accessoires aus herk\u00f6mmlichen Werkstoffen runden die l\u00e4ndlich anmutende Fr\u00fchlingsdeko treffend ab.<\/p>\n<p style=\"text-align: justify;\"><a href=\"https:\/\/www.raum-blick.de\/kay-bojesen\/\"><img loading=\"lazy\" decoding=\"async\" class=\"aligncenter wp-image-2828 size-full\" title=\"Holz-Figuren von Kay Bojesen\" src=\"https:\/\/www.raum-blick.de\/magazin\/wp-content\/uploads\/2017\/04\/Holz-Figuren-von-Kay-Bojesen.jpg\" alt=\"Holz-Figuren von Kay Bojesen\" width=\"600\" height=\"233\" srcset=\"https:\/\/raum-blick.de\/magazin\/wp-content\/uploads\/2017\/04\/Holz-Figuren-von-Kay-Bojesen.jpg 600w, https:\/\/raum-blick.de\/magazin\/wp-content\/uploads\/2017\/04\/Holz-Figuren-von-Kay-Bojesen-300x117.jpg 300w\" sizes=\"(max-width: 600px) 100vw, 600px\" \/><\/a><\/p>\n<p style=\"text-align: justify;\">Entscheiden Sie sich beispielsweise f\u00fcr das Vogelpaar <a href=\"https:\/\/www.raum-blick.de\/kay-bojesen-unzertrennliche\">Kay Bojesen \u201eUnzertrennliche\u201c aus Eichenholz<\/a>, um verspielte Aspekte zu erg\u00e4nzen. Wenn sich au\u00dferdem der bewegliche Hase der d\u00e4nischen Marke hinzugesellt, wird die Dekoration auch dem Osterfest gerecht.<\/p>\n<h2><span class=\"ez-toc-section\" id=\"Puristische_Extravaganz_fuer_die_Fruehlingsdekoration\"><\/span>Puristische Extravaganz f\u00fcr die Fr\u00fchlingsdekoration<span class=\"ez-toc-section-end\"><\/span><\/h2>\n<p style=\"text-align: justify;\">Es spricht nichts gegen sehr individuelle Ideen jenseits der aktuellen Trends, wenn Sie die eigenen vier W\u00e4nde fr\u00fchlingshaft dekorieren. Zeitlos faszinieren Stelton Stockholm Vasen mit ihrer organischen Form und dem abstrakten Dekor. Leisten Sie sich zwei Exemplare in verschiedenen Gr\u00f6\u00dfen und dekorieren die Designobjekte von Bernadotte &amp; Kylberg jeweils ausschlie\u00dflich mit reinwei\u00dfen und tiefblauen Tulpen. Diese Fr\u00fchlingsdeko lenkt auf der Kommode die Aufmerksamkeit auf sich und wird von einem \u00e4sthetischen Highlight in der Sofaecke aufgegriffen.<\/p>\n<p style=\"text-align: justify;\"><img loading=\"lazy\" decoding=\"async\" class=\"alignleft wp-image-2835 size-full\" title=\"stelton &quot;Stockholm&quot; Vase aus Aluminium und Emaille\" src=\"https:\/\/www.raum-blick.de\/magazin\/wp-content\/uploads\/2017\/04\/stelton-Stockholm-aus-Aluminium-und-Emaille.jpg\" alt=\"stelton Stockholm aus Aluminium und Emaille\" width=\"251\" height=\"300\" \/>Hierf\u00fcr empfiehlt sich die passende Schale aus der Kollektion Stockholm. Diese l\u00e4sst sich im Handumdrehen mit ein paar wei\u00dfen Schwimmkerzen in Bl\u00fctenform aufwerten. Alternativ bieten Sie in dem Gef\u00e4\u00df rund um Ostern einige blaugef\u00e4rbte Eier an.<\/p>\n<p style=\"text-align: justify;\">Eine derartige Fr\u00fchlingsdeko im Wohnzimmer hat den Vorteil, dass sie unabh\u00e4ngig von modischen Tendenzen ihren spannenden Charakter bewahrt und langfristig beibehalten werden kann. So entwickelt sich eine wiederkehrende Tradition, mit der Sie den Fr\u00fchling begr\u00fc\u00dfen.<\/p>\n<h2><span class=\"ez-toc-section\" id=\"Fruehlingshafte_Gruesse_aus_dem_Kraeutergarten\"><\/span>Fr\u00fchlingshafte Gr\u00fc\u00dfe aus dem Kr\u00e4utergarten<span class=\"ez-toc-section-end\"><\/span><\/h2>\n<p style=\"text-align: justify;\">Einige Dekorationsideen stehen bereits seit Jahren hoch im Kurs. Hierzu geh\u00f6rt der Gedanke, mit frischen Kr\u00e4utern nicht nur die kulinarischen Kreationen abzurunden. Die aromatischen Pflanzen machen sich auch schick auf der Dinner-Tafel. Die selbst bew\u00e4ssernden Eva Solo Blument\u00f6pfe sind praktisch und mit ihrem zweifarbigen Look sehr \u00e4sthetisch. Entscheiden Sie sich bewusst f\u00fcr heimische Gattungen wie Schnittlauch, Kresse oder Zitronenmelisse als Stellvertreter f\u00fcr das satte Gr\u00fcn im Fr\u00fchjahr. Eventuell erg\u00e4nzen Sie ein bl\u00fchendes Highlight und best\u00fccken einen Blumentopf mit Hyazinthen.<\/p>\n<p style=\"text-align: justify;\"><img loading=\"lazy\" decoding=\"async\" class=\"aligncenter wp-image-2842 size-full\" title=\"eva solo Blument\u00f6pfe stonegrey | Fr\u00fchlingsdeko\" src=\"https:\/\/www.raum-blick.de\/magazin\/wp-content\/uploads\/2017\/04\/eva-solo-Blumentoepfe-stonegrey-Fruehlingsdeko.jpg\" alt=\"eva solo Blumentoepfe stonegrey Fruehlingsdeko\" width=\"600\" height=\"555\" srcset=\"https:\/\/raum-blick.de\/magazin\/wp-content\/uploads\/2017\/04\/eva-solo-Blumentoepfe-stonegrey-Fruehlingsdeko.jpg 600w, https:\/\/raum-blick.de\/magazin\/wp-content\/uploads\/2017\/04\/eva-solo-Blumentoepfe-stonegrey-Fruehlingsdeko-300x278.jpg 300w\" sizes=\"(max-width: 600px) 100vw, 600px\" \/><\/p>\n<p style=\"text-align: justify;\">Die n\u00fctzlichen Gew\u00e4chse werden nicht auf der Fensterbank in der K\u00fcche, sondern direkt auf dem Esstisch arrangiert. Schneiden Sie aus Tonpapier einige typische Motive f\u00fcr die Saison aus, die an Schaschlikspie\u00dfen befestigt und in die Gartenkr\u00e4uter gesteckt werden. Sympathischer und unkomplizierter k\u00f6nnte eine Fr\u00fchlingsdekoration kaum ausfallen. \u00c4hnlich einfach und genial konzipierte Jette Scheib das <a href=\"https:\/\/www.raum-blick.de\/weinlicht-side-by-side\">side-by-side Weinlicht<\/a> f\u00fcr. Dieser Kerzenhalter erg\u00e4nzt das Kr\u00e4uter-Ensemble perfekt, wenn Sie den Esstisch nat\u00fcrlich sch\u00f6n dekorieren m\u00f6chten.<\/p>\n<h2><span class=\"ez-toc-section\" id=\"Klassische_Fruehlingsdeko_im_Wohnzimmer\"><\/span><a href=\"https:\/\/www.raum-blick.de\/weinlicht-side-by-side\"><img loading=\"lazy\" decoding=\"async\" class=\"alignleft wp-image-2855 size-full\" title=\"Weinlicht von side-by-side | Fr\u00fchlingsdeko\" src=\"https:\/\/www.raum-blick.de\/magazin\/wp-content\/uploads\/2017\/04\/Weinlicht-von-side-by-side-Fruehlingsdeko.jpg\" alt=\"Weinlicht von side-by-side Fruehlingsdeko\" width=\"276\" height=\"360\" srcset=\"https:\/\/raum-blick.de\/magazin\/wp-content\/uploads\/2017\/04\/Weinlicht-von-side-by-side-Fruehlingsdeko.jpg 276w, https:\/\/raum-blick.de\/magazin\/wp-content\/uploads\/2017\/04\/Weinlicht-von-side-by-side-Fruehlingsdeko-230x300.jpg 230w\" sizes=\"(max-width: 276px) 100vw, 276px\" \/><\/a>Klassische Fr\u00fchlingsdeko im Wohnzimmer<span class=\"ez-toc-section-end\"><\/span><\/h2>\n<p style=\"text-align: justify;\">Der stetige Wandel und unz\u00e4hlige Innovationen pr\u00e4gen die Gegenwart. Dementsprechend attraktiv ist es, bei einigen Aspekten im Leben an Klassikern festzuhalten.<\/p>\n<p style=\"text-align: justify;\">Seit Generationen sind Grasgr\u00fcn und Sonnengelb typische Farben f\u00fcr die Fr\u00fchlingsdeko.<\/p>\n<p style=\"text-align: justify;\">Gleicherma\u00dfen vertraut sind Osterglocken und Weidek\u00e4tzchen f\u00fcr die saisonale Signatur im Wohnzimmer. Es spricht nichts dagegen, wenn Sie dabei bleiben.<\/p>\n<p style=\"text-align: justify;\">Dekorationsideen der M\u00fcnchner Designschreinerei side-by-side oder aus der Feder skandinavischer Designer nehmen h\u00e4ufig traditionelle Elemente in Ihre Designs auf und kombinieren diese mit verbl\u00fcffender Funktionalit\u00e4t. Typische Elemente der Fr\u00fchjahrsdekoration verbinden sich also mit den vorgestellten Dekorationsobjekten und Heimaccessoires musterg\u00fcltig und geben ein ansprechendes Ensemble ab.<\/p>\n","protected":false},"excerpt":{"rendered":"<p>\u00ab Wecken Sie Fr\u00fchlingsgef\u00fchle zu Hause \u00bb Bei einem Spaziergang schmeichelt die aufbl\u00fchende Landschaft dem Auge, die V\u00f6gel untermalen die Szenerie mit ihrem Zwitschern und beste Laune erfasst das Gem\u00fct. Von dieser positiven Energie profitieren Sie auch, wenn stilvolle Fr\u00fchlingsdeko das Wohnzimmer aufwertet. Die saisonalen Trends im Jahr 2017 sind facettenreich. Deshalb liegt es ganz [&hellip;]<\/p>\n","protected":false},"author":4,"featured_media":2838,"comment_status":"closed","ping_status":"open","sticky":false,"template":"","format":"standard","meta":{"_et_pb_use_builder":"","_et_pb_old_content":"","_et_gb_content_width":"","inline_featured_image":false,"footnotes":""},"categories":[7],"tags":[51,342,18,340,341,323,322,288,239,133,41,146,343,285],"class_list":["post-2813","post","type-post","status-publish","format-standard","has-post-thumbnail","hentry","category-accessoires-lifestyle","tag-blumentoepfe","tag-dekoration","tag-eva-solo","tag-fruehlingsdeko","tag-georg-jensen","tag-holzfiguren","tag-kay-bojesen","tag-kerzenhalter","tag-muuto","tag-side-by-side","tag-stelton","tag-vasen","tag-weinlicht","tag-wohnzimmer"],"_links":{"self":[{"href":"https:\/\/raum-blick.de\/magazin\/wp-json\/wp\/v2\/posts\/2813","targetHints":{"allow":["GET"]}}],"collection":[{"href":"https:\/\/raum-blick.de\/magazin\/wp-json\/wp\/v2\/posts"}],"about":[{"href":"https:\/\/raum-blick.de\/magazin\/wp-json\/wp\/v2\/types\/post"}],"author":[{"embeddable":true,"href":"https:\/\/raum-blick.de\/magazin\/wp-json\/wp\/v2\/users\/4"}],"replies":[{"embeddable":true,"href":"https:\/\/raum-blick.de\/magazin\/wp-json\/wp\/v2\/comments?post=2813"}],"version-history":[{"count":37,"href":"https:\/\/raum-blick.de\/magazin\/wp-json\/wp\/v2\/posts\/2813\/revisions"}],"predecessor-version":[{"id":10291,"href":"https:\/\/raum-blick.de\/magazin\/wp-json\/wp\/v2\/posts\/2813\/revisions\/10291"}],"wp:featuredmedia":[{"embeddable":true,"href":"https:\/\/raum-blick.de\/magazin\/wp-json\/wp\/v2\/media\/2838"}],"wp:attachment":[{"href":"https:\/\/raum-blick.de\/magazin\/wp-json\/wp\/v2\/media?parent=2813"}],"wp:term":[{"taxonomy":"category","embeddable":true,"href":"https:\/\/raum-blick.de\/magazin\/wp-json\/wp\/v2\/categories?post=2813"},{"taxonomy":"post_tag","embeddable":true,"href":"https:\/\/raum-blick.de\/magazin\/wp-json\/wp\/v2\/tags?post=2813"}],"curies":[{"name":"wp","href":"https:\/\/api.w.org\/{rel}","templated":true}]}}