{"id":250,"date":"2016-05-25T14:08:46","date_gmt":"2016-05-25T12:08:46","guid":{"rendered":"https:\/\/www.raum-blick.de\/magazin\/?p=250"},"modified":"2024-08-30T12:35:09","modified_gmt":"2024-08-30T10:35:09","slug":"wetterfeste-deko","status":"publish","type":"post","link":"https:\/\/raum-blick.de\/magazin\/wetterfeste-deko\/","title":{"rendered":"Wetterfeste Deko"},"content":{"rendered":"<h2><span class=\"ez-toc-section\" id=\"%C2%AB_So_wirds_Draussen_noch_gemuetlicher_%C2%BB\"><\/span>\u00ab So wird&#8217;s Drau\u00dfen noch gem\u00fctlicher \u00bb<span class=\"ez-toc-section-end\"><\/span><\/h2>\n<p style=\"text-align: justify;\">Der eigene Garten ist f\u00fcr viele Menschen der wichtigste R\u00fcckzugsort zum Erholen, zum Ausleben kreativer Gestaltungsideen und zur Herstellung einer Verbindung mit der Natur und ihren vielf\u00e4ltigen Wundern. Ein gem\u00fctlich gestalteter Garten kann fast das ganze Jahr \u00fcber zu einer Art verl\u00e4ngertem Wohnzimmer werden, wenn mit praktischen Outdoor-M\u00f6beln und einer ansprechenden Gartendeko etwas nachgeholfen wird. Dabei ist es aber essentiell, dass die ausgew\u00e4hlte Gartendekoration nicht nur UV-stabil und wetterfest ist, sondern auch bei aufziehenden Wetterextremen schnell sicher verstaut werden kann.<\/p>\n<h2><span class=\"ez-toc-section\" id=\"Mit_wetterfester_Deko_den_Aussenbereich_als_gemuetliche_Oase_der_Entspannung_gestalten\"><\/span>Mit wetterfester Deko den Au\u00dfenbereich als gem\u00fctliche Oase der Entspannung gestalten<span class=\"ez-toc-section-end\"><\/span><\/h2>\n<p style=\"text-align: justify;\">Bei winterlichen Temperaturen und schlechtem Wetter sind die eigenen vier W\u00e4nde oftmals ein Ort, den man zun\u00e4chst um keinen Preis mehr verlassen m\u00f6chte. Wenn allerdings im Fr\u00fchjahr l\u00e4ngere Sonnenphasen die Natur mit all ihren \u00dcberraschungen und Sch\u00f6nheiten so richtig auf Touren bringen, dann zieht es uns in der Regel mit einer fast magischen Kraft an die frische Luft und nach drau\u00dfen. Der eigene Garten ist genau der richtige Ort, um eine aktive Bet\u00e4tigung im Freien mit Entspannung zu verbinden. Schlie\u00dflich hat jede Gartenarbeit etwas sehr Befreiendes fast schon meditatives, da sie das bei den meisten Berufen nicht mehr vorhandene handwerkliche Arbeitsergebnis direkt sichtbar macht und dadurch enorme Befriedigung verschafft. Zus\u00e4tzlich ist der eigene Garten mit einer entsprechenden Umz\u00e4unung und einem Sichtschutz meist \u00e4hnlich privat wie die eigene Wohnung. Das steigert nicht nur den Erholungswert und die gem\u00fctliche Atmosph\u00e4re im Garten, sondern schafft auch Freiraum zur ungenierten Entfaltung der eigenen Pers\u00f6nlichkeit. Mit einer optisch attraktiven Gartendekoration k\u00f6nnen Sie Ihrem Garten eine Ihrem individuellen Stil entsprechende Note verleihen. Dabei sind die unterschiedlichsten Stilauspr\u00e4gungen und Mischformen denkbar, ob Sie nun witzige Gartendeko aus Haushaltsmaterialien selbst herstellen oder edle Gartendekoration von renommierten Designern zur Gestaltung Ihres Freiraums im Gr\u00fcnen einsetzen wollen.<\/p><div id=\"ez-toc-container\" class=\"ez-toc-v2_0_82_2 counter-hierarchy ez-toc-counter ez-toc-grey ez-toc-container-direction\">\n<div class=\"ez-toc-title-container\">\n<p class=\"ez-toc-title\" style=\"cursor:inherit\">Was hier auf Sie wartet<\/p>\n<span class=\"ez-toc-title-toggle\"><a href=\"#\" class=\"ez-toc-pull-right ez-toc-btn ez-toc-btn-xs ez-toc-btn-default ez-toc-toggle\" aria-label=\"Toggle Table of Content\"><span class=\"ez-toc-js-icon-con\"><span class=\"\"><span class=\"eztoc-hide\" style=\"display:none;\">Toggle<\/span><span class=\"ez-toc-icon-toggle-span\"><svg style=\"fill: #999;color:#999\" xmlns=\"http:\/\/www.w3.org\/2000\/svg\" class=\"list-377408\" width=\"20px\" height=\"20px\" viewBox=\"0 0 24 24\" fill=\"none\"><path d=\"M6 6H4v2h2V6zm14 0H8v2h12V6zM4 11h2v2H4v-2zm16 0H8v2h12v-2zM4 16h2v2H4v-2zm16 0H8v2h12v-2z\" fill=\"currentColor\"><\/path><\/svg><svg style=\"fill: #999;color:#999\" class=\"arrow-unsorted-368013\" xmlns=\"http:\/\/www.w3.org\/2000\/svg\" width=\"10px\" height=\"10px\" viewBox=\"0 0 24 24\" version=\"1.2\" baseProfile=\"tiny\"><path d=\"M18.2 9.3l-6.2-6.3-6.2 6.3c-.2.2-.3.4-.3.7s.1.5.3.7c.2.2.4.3.7.3h11c.3 0 .5-.1.7-.3.2-.2.3-.5.3-.7s-.1-.5-.3-.7zM5.8 14.7l6.2 6.3 6.2-6.3c.2-.2.3-.5.3-.7s-.1-.5-.3-.7c-.2-.2-.4-.3-.7-.3h-11c-.3 0-.5.1-.7.3-.2.2-.3.5-.3.7s.1.5.3.7z\"\/><\/svg><\/span><\/span><\/span><\/a><\/span><\/div>\n<nav><ul class='ez-toc-list ez-toc-list-level-1 ' ><li class='ez-toc-page-1 ez-toc-heading-level-2'><a class=\"ez-toc-link ez-toc-heading-1\" href=\"https:\/\/raum-blick.de\/magazin\/wetterfeste-deko\/#%C2%AB_So_wirds_Draussen_noch_gemuetlicher_%C2%BB\" >\u00ab So wird&#8217;s Drau\u00dfen noch gem\u00fctlicher \u00bb<\/a><\/li><li class='ez-toc-page-1 ez-toc-heading-level-2'><a class=\"ez-toc-link ez-toc-heading-2\" href=\"https:\/\/raum-blick.de\/magazin\/wetterfeste-deko\/#Mit_wetterfester_Deko_den_Aussenbereich_als_gemuetliche_Oase_der_Entspannung_gestalten\" >Mit wetterfester Deko den Au\u00dfenbereich als gem\u00fctliche Oase der Entspannung gestalten<\/a><\/li><li class='ez-toc-page-1 ez-toc-heading-level-2'><a class=\"ez-toc-link ez-toc-heading-3\" href=\"https:\/\/raum-blick.de\/magazin\/wetterfeste-deko\/#Das_Leben_im_Garten_in_vollen_Zuegen_geniessen\" >Das Leben im Garten in vollen Z\u00fcgen genie\u00dfen<\/a><\/li><li class='ez-toc-page-1 ez-toc-heading-level-2'><a class=\"ez-toc-link ez-toc-heading-4\" href=\"https:\/\/raum-blick.de\/magazin\/wetterfeste-deko\/#Unsere_Tipps_fuer_einen_dekorativen_Aussenbereich\" >Unsere Tipps f\u00fcr einen dekorativen Au\u00dfenbereich<\/a><\/li><li class='ez-toc-page-1 ez-toc-heading-level-2'><a class=\"ez-toc-link ez-toc-heading-5\" href=\"https:\/\/raum-blick.de\/magazin\/wetterfeste-deko\/#Bei_der_Gartendekoration_auch_an_ungestueme_Zeiten_denken\" >Bei der Gartendekoration auch an ungest\u00fcme Zeiten denken<\/a><\/li><\/ul><\/nav><\/div>\n\n<p style=\"text-align: justify;\"><img loading=\"lazy\" decoding=\"async\" class=\"aligncenter wp-image-295 size-full\" title=\"moree Lounge Tisch outdoor - Leuchttisch f\u00fcr den Au\u00dfenbereich\" src=\"https:\/\/www.raum-blick.de\/magazin\/wp-content\/uploads\/2016\/06\/moree-Lounge-Tisch-outdoor-Leuchttisch.jpg\" alt=\"moree Lounge Tisch outdoor Leuchttisch\" width=\"660\" height=\"495\" srcset=\"https:\/\/raum-blick.de\/magazin\/wp-content\/uploads\/2016\/06\/moree-Lounge-Tisch-outdoor-Leuchttisch.jpg 660w, https:\/\/raum-blick.de\/magazin\/wp-content\/uploads\/2016\/06\/moree-Lounge-Tisch-outdoor-Leuchttisch-300x225.jpg 300w\" sizes=\"(max-width: 660px) 100vw, 660px\" \/><\/p>\n<h2><span class=\"ez-toc-section\" id=\"Das_Leben_im_Garten_in_vollen_Zuegen_geniessen\"><\/span>Das Leben im Garten in vollen Z\u00fcgen genie\u00dfen<span class=\"ez-toc-section-end\"><\/span><\/h2>\n<p style=\"text-align: justify;\">Was gibt es Sch\u00f6neres, als bei strahlend blauem Himmel und angenehmen Au\u00dfentemperaturen verschiedene Mahlzeiten am Balkon oder auf der Terrasse zu genie\u00dfen? Jede Form von Au\u00dfenbereich ist beim Wohnraum ein wertvolles Accessoire, dessen Auswirkungen auf die k\u00f6rperliche und seelische Befindlichkeit nicht untersch\u00e4tzt werden sollten. Eine kurz gem\u00e4hte Wiese gibt vom Fr\u00fchjahr bis zum Herbst den idealen Spielplatz f\u00fcr Kinder oder Enkelkinder ab, die in der umz\u00e4unten Sicherheit des Gartens leichter zu beaufsichtigen sind und sich unbeschwert austoben k\u00f6nnen. Geburtstage und verl\u00e4ngerte Wochenenden k\u00f6nnen im eigenen Garten mit rauschenden Grillfesten gefeiert werden, bei denen speziell im Hochsommer die k\u00fchle Frische der Nacht f\u00fcr angeregte Gespr\u00e4che mit Familienmitgliedern und Freunden genutzt werden kann. Das Leben mit und in einem Garten bedeutet auch ein tiefsch\u00fcrfenderes Erleben des Lebens und der Natur an sich, da Sonnenauf- und -untergang wie auch jegliches Wetter sehr viel bewusster wahrgenommen werden als in der immerw\u00e4hrenden Gleichf\u00f6rmigkeit von geschlossenen Innenr\u00e4umen.<\/p>\n<p style=\"text-align: justify;\"><img loading=\"lazy\" decoding=\"async\" class=\"aligncenter wp-image-252 size-full\" title=\"Skagerak Ignis Feuerschale aus wetterfestem Corten-Stahl\" src=\"https:\/\/www.raum-blick.de\/magazin\/wp-content\/uploads\/2016\/06\/Skagerak-Ignis-Feuerschale-Corten-Stahl-wetterfest.jpg\" alt=\"Skagerak Ignis Feuerschale Corten-Stahl wetterfest\" width=\"660\" height=\"660\" srcset=\"https:\/\/raum-blick.de\/magazin\/wp-content\/uploads\/2016\/06\/Skagerak-Ignis-Feuerschale-Corten-Stahl-wetterfest.jpg 660w, https:\/\/raum-blick.de\/magazin\/wp-content\/uploads\/2016\/06\/Skagerak-Ignis-Feuerschale-Corten-Stahl-wetterfest-150x150.jpg 150w, https:\/\/raum-blick.de\/magazin\/wp-content\/uploads\/2016\/06\/Skagerak-Ignis-Feuerschale-Corten-Stahl-wetterfest-300x300.jpg 300w, https:\/\/raum-blick.de\/magazin\/wp-content\/uploads\/2016\/06\/Skagerak-Ignis-Feuerschale-Corten-Stahl-wetterfest-200x200.jpg 200w\" sizes=\"(max-width: 660px) 100vw, 660px\" \/><\/p>\n<h2><span class=\"ez-toc-section\" id=\"Unsere_Tipps_fuer_einen_dekorativen_Aussenbereich\"><\/span>Unsere Tipps f\u00fcr einen dekorativen Au\u00dfenbereich<span class=\"ez-toc-section-end\"><\/span><\/h2>\n<p style=\"text-align: justify;\"><a href=\"https:\/\/www.raum-blick.de\/vogelhaus-piep-show-radius-design\"><img loading=\"lazy\" decoding=\"async\" class=\"alignleft wp-image-266 size-full\" title=\"radius design Piep Show Vogelhaus aus hochwertigem Kunststoff &amp; Aluminium\" src=\"https:\/\/www.raum-blick.de\/magazin\/wp-content\/uploads\/2016\/06\/radius-design-Piep-Show-Vogelhaus-Kunststoff-Aluminium.jpg\" alt=\"radius design Piep Show Vogelhaus Kunststoff Aluminium\" width=\"249\" height=\"185\" \/><\/a>Nutzen Sie im eigenen Garten auch kurze zeitliche Freir\u00e4ume im Alltag, um den Kopf beim Beobachten der V\u00f6gel am Vogelhaus Piep Show von <a href=\"\/radius-design\/\">radius design<\/a> schnell wieder frei zu bekommen. Mit ansprechender Gartendeko wie dekorativen Figuren k\u00f6nnen Sie Ihrem Garten zus\u00e4tzlich Leben einhauchen und diesen f\u00fcr Kinder in ein Reich der Tr\u00e4ume und der Fantasie verwandeln. W\u00e4hlen Sie die Figuren aber m\u00f6glichst wetterfest aus, damit Sie sich auch viele Jahre ohne Einschr\u00e4nkungen daran erfreuen k\u00f6nnen.<\/p>\n<p style=\"text-align: justify;\">Verbringen Sie w\u00e4hrend der Sommermonate gerne viel Zeit beim Lesen oder Arbeiten auf der eigenen Terrasse? Wie w\u00e4re es dann mit einem modernen Umstyling der Terrasse durch die Aufstellung eleganter Loungem\u00f6bel, die wetterfest und modern einen Platz zum Arbeiten, Feiern und Abschalten bieten? Noch mehr Wohnlichkeit und Gem\u00fctlichkeit erh\u00e4lt das Au\u00dfen-Wohnzimmer im Gr\u00fcnen, wenn Sie neuesten Trends entsprechend mit einem Outdoor-Teppich von Pappelina f\u00fcr Atmosph\u00e4re sorgen. Diese eigens f\u00fcr den Garten entwickelten Teppiche sind nicht nur wetterfest, sondern machen auch Fliesenb\u00f6den weniger rutschig und reinigungsintensiv.<\/p>\n<p><center><a href=\"https:\/\/www.raum-blick.de\/pappelina-asta-outdoor-teppich\"><img loading=\"lazy\" decoding=\"async\" class=\"alignnone wp-image-271\" title=\"Pappelina Asta Outdoor Teppich aus hochwertigem Kunststoff\" src=\"https:\/\/www.raum-blick.de\/magazin\/wp-content\/uploads\/2016\/06\/Pappelina-Asta-Outdoor-Teppich-Kunststoff.jpg\" alt=\"Pappelina Asta Outdoor Teppich Kunststoff\" width=\"300\" height=\"300\" srcset=\"https:\/\/raum-blick.de\/magazin\/wp-content\/uploads\/2016\/06\/Pappelina-Asta-Outdoor-Teppich-Kunststoff.jpg 660w, https:\/\/raum-blick.de\/magazin\/wp-content\/uploads\/2016\/06\/Pappelina-Asta-Outdoor-Teppich-Kunststoff-150x150.jpg 150w, https:\/\/raum-blick.de\/magazin\/wp-content\/uploads\/2016\/06\/Pappelina-Asta-Outdoor-Teppich-Kunststoff-300x300.jpg 300w, https:\/\/raum-blick.de\/magazin\/wp-content\/uploads\/2016\/06\/Pappelina-Asta-Outdoor-Teppich-Kunststoff-200x200.jpg 200w\" sizes=\"(max-width: 300px) 100vw, 300px\" \/><\/a> <a href=\"https:\/\/www.raum-blick.de\/fatboy-doggielounge-hundekissen\"><img loading=\"lazy\" decoding=\"async\" class=\"alignnone wp-image-275 size-full\" title=\"Fatboy Doggielounge Hundekissen in verschiedenen Gr\u00f6\u00dfen\" src=\"https:\/\/www.raum-blick.de\/magazin\/wp-content\/uploads\/2016\/06\/Fatboy-Doggielounge-Hundekissen.jpg\" alt=\"Fatboy Doggielounge Hundekissen\" width=\"300\" height=\"300\" srcset=\"https:\/\/raum-blick.de\/magazin\/wp-content\/uploads\/2016\/06\/Fatboy-Doggielounge-Hundekissen.jpg 300w, https:\/\/raum-blick.de\/magazin\/wp-content\/uploads\/2016\/06\/Fatboy-Doggielounge-Hundekissen-150x150.jpg 150w, https:\/\/raum-blick.de\/magazin\/wp-content\/uploads\/2016\/06\/Fatboy-Doggielounge-Hundekissen-200x200.jpg 200w\" sizes=\"(max-width: 300px) 100vw, 300px\" \/><\/a><\/center><\/p>\n<p style=\"text-align: justify;\">In einem Garten sind gepflegte B\u00e4ume, Hecken und Blumenbeete das Eine, auf der anderen Seite sollte aber auch eine geschmackvoll abgestimmte Gartendekoration f\u00fcr die gew\u00fcnschte Behaglichkeit sorgen. Begleitet Sie Ihr Hund gerne nach drau\u00dfen, um auch im Garten stets als treuer Begleiter an Ihrer Seite zu sein? Erm\u00f6glichen Sie mit einem Fatboy Doggielounge Hundekissen auch Ihrem Vierbeiner maximalen Komfort, w\u00e4hrend Sie sich selbst auf einem <a href=\"https:\/\/www.raum-blick.de\/fatboy\/\">Fatboy<\/a> Lamzac The Original entspannen. Da beim Genie\u00dfen des Gartens mit all seinen M\u00f6glichkeiten und Freir\u00e4umen die Zeit besonders schnell dahinzuflie\u00dfen scheint, sollte auch f\u00fcr die fr\u00fchen Abendstunden entsprechend vorgesorgt sein. W\u00e4hrend Outdoor-Leuchten wie das Modell SHARK Outdoor von moree rund um Pool und Gartenteich f\u00fcr Sicherheit und eine gem\u00fctliche Helligkeit sorgen, machen moderne Feuerschalen wie der FireGlobe der renommierten <a href=\"https:\/\/www.raum-blick.de\/eva-solo\/\">Designmarke Eva Solo<\/a> Licht und W\u00e4rme nat\u00fcrlichen Feuers auf besonders prickelnde Weise erlebbar. Werden wetterfest verarbeitete Au\u00dfenleuchten gut durchdacht im Au\u00dfenbereich positioniert, dann verl\u00e4ngern diese nicht nur die Nutzbarkeit des Gartens in zeitlicher Hinsicht, sondern erschlie\u00dfen auch noch einmal v\u00f6llig neue Wirkm\u00f6glichkeiten bei der fantasievollen Inszenierung der eigenen Gartendekoration.<\/p>\n<p style=\"text-align: justify;\"><img loading=\"lazy\" decoding=\"async\" class=\"aligncenter wp-image-273 size-full\" title=\"Fatboy Lamzac the Original Hangout Luftkissen in verschiedenen Farben\" src=\"https:\/\/www.raum-blick.de\/magazin\/wp-content\/uploads\/2016\/06\/Fatboy-Lamzac-the-Original-Hangout-Luftkissen.jpg\" alt=\"Fatboy Lamzac the Original Hangout Luftkissen\" width=\"660\" height=\"660\" srcset=\"https:\/\/raum-blick.de\/magazin\/wp-content\/uploads\/2016\/06\/Fatboy-Lamzac-the-Original-Hangout-Luftkissen.jpg 660w, https:\/\/raum-blick.de\/magazin\/wp-content\/uploads\/2016\/06\/Fatboy-Lamzac-the-Original-Hangout-Luftkissen-150x150.jpg 150w, https:\/\/raum-blick.de\/magazin\/wp-content\/uploads\/2016\/06\/Fatboy-Lamzac-the-Original-Hangout-Luftkissen-300x300.jpg 300w, https:\/\/raum-blick.de\/magazin\/wp-content\/uploads\/2016\/06\/Fatboy-Lamzac-the-Original-Hangout-Luftkissen-200x200.jpg 200w\" sizes=\"(max-width: 660px) 100vw, 660px\" \/><\/p>\n<h2><span class=\"ez-toc-section\" id=\"Bei_der_Gartendekoration_auch_an_ungestueme_Zeiten_denken\"><\/span>Bei der Gartendekoration auch an ungest\u00fcme Zeiten denken<span class=\"ez-toc-section-end\"><\/span><\/h2>\n<p style=\"text-align: justify;\"><img loading=\"lazy\" decoding=\"async\" class=\"alignright wp-image-292 size-full\" title=\"stelton Schiffslampe aus Satin-poliertem Edelstahl\" src=\"https:\/\/www.raum-blick.de\/magazin\/wp-content\/uploads\/2016\/06\/stelton-Schiffslampe-Edelstahl-e1464181665121.jpg\" alt=\"stelton Schiffslampe Edelstahl\" width=\"185\" height=\"250\" \/>Trotz der gem\u00fctlichen Atmosph\u00e4re, die sich mit einer selbst ausgesuchten Gartendeko in einem Garten jedweder Gr\u00f6\u00dfe kreativ schaffen l\u00e4sst, sollten Sie immer auch an m\u00f6gliche Extremf\u00e4lle denken. Dazu geh\u00f6rt nicht nur, dass die im Rahmen der Gartendekoration ausgew\u00e4hlten Outdoor-Leuchten f\u00fcr regennasses Wetter geeignet und zugelassen sein m\u00fcssen. Immer wieder steht jede Art der Gartendekoration auch auf dem Pr\u00fcfstand, wenn Sonne, Winterk\u00e4lte und Sturmb\u00f6en an den Dekorationsgegenst\u00e4nden zerren und diese mit der unerbittlichen Gewalt der Natur stark beanspruchen. Das ist einer der Gr\u00fcnde, warum Gartendeko f\u00fcr drau\u00dfen wie beispielsweise die hochwertigen <a href=\"https:\/\/www.raum-blick.de\/pappelina\/\">Pappelina Teppiche<\/a> aus eigens entwickelten Materialien mit einer gr\u00f6\u00dferen UV-Stabilit\u00e4t hergestellt wird. Insbesondere starker Wind ist aber ein Faktor, der im Garten nicht untersch\u00e4tzt werden sollte. Daher muss h\u00e4ngende Gartendekoration wie ein Windspiel oder die elegante Schiffslampe von Stelton entweder absolut sicher befestigt oder aber bei Sturmwarnungen sicher im Haus oder in einem Gartenschuppen verstaut werden. Gartendekoration sollte schon bei der Aufstellung bestm\u00f6glich gesichert werden. Zerbrechliche Gartenfiguren werden m\u00f6glichst nicht auf schmale Sockel an exponierten Stellen gestellt, sondern neben sch\u00fctzenden Naturmauern oder neben Solitairpflanzen positioniert. Oftmals k\u00f6nnen Gartendekoration und Au\u00dfenleuchten auch mit Erdankern so am Boden befestigt werden.<\/p>\n<p style=\"text-align: justify;\"><a href=\"https:\/\/www.raum-blick.de\/sunlight-pendelleuchte-eva-solo\"><img loading=\"lazy\" decoding=\"async\" class=\"aligncenter wp-image-297 size-full\" title=\"eva solo SunLight Pendelleuchte mit verdeckten Solarzellen\" src=\"https:\/\/www.raum-blick.de\/magazin\/wp-content\/uploads\/2016\/06\/eva-solo-SunLight-Pendelleuchte.jpg\" alt=\"eva solo SunLight Pendelleuchte\" width=\"660\" height=\"660\" srcset=\"https:\/\/raum-blick.de\/magazin\/wp-content\/uploads\/2016\/06\/eva-solo-SunLight-Pendelleuchte.jpg 660w, https:\/\/raum-blick.de\/magazin\/wp-content\/uploads\/2016\/06\/eva-solo-SunLight-Pendelleuchte-150x150.jpg 150w, https:\/\/raum-blick.de\/magazin\/wp-content\/uploads\/2016\/06\/eva-solo-SunLight-Pendelleuchte-300x300.jpg 300w, https:\/\/raum-blick.de\/magazin\/wp-content\/uploads\/2016\/06\/eva-solo-SunLight-Pendelleuchte-200x200.jpg 200w\" sizes=\"(max-width: 660px) 100vw, 660px\" \/><\/a><\/p>\n<p style=\"text-align: justify;\">So sollte auch der Gestaltung Ihres Au\u00dfenbereichs nichts mehr im Wege stehen. Das raum-blick Magazin w\u00fcnscht viel Spa\u00df bei der Gartenarbeit, dem Dekorieren und nat\u00fcrlich beim Genie\u00dfen.<\/p>\n","protected":false},"excerpt":{"rendered":"<p>\u00ab So wird&#8217;s Drau\u00dfen noch gem\u00fctlicher \u00bb Der eigene Garten ist f\u00fcr viele Menschen der wichtigste R\u00fcckzugsort zum Erholen, zum Ausleben kreativer Gestaltungsideen und zur Herstellung einer Verbindung mit der Natur und ihren vielf\u00e4ltigen Wundern. Ein gem\u00fctlich gestalteter Garten kann fast das ganze Jahr \u00fcber zu einer Art verl\u00e4ngertem Wohnzimmer werden, wenn mit praktischen Outdoor-M\u00f6beln [&hellip;]<\/p>\n","protected":false},"author":4,"featured_media":303,"comment_status":"closed","ping_status":"open","sticky":false,"template":"","format":"standard","meta":{"_et_pb_use_builder":"","_et_pb_old_content":"","_et_gb_content_width":"","inline_featured_image":false,"footnotes":""},"categories":[6],"tags":[14,18,40,36,33,43,35,37,31,32,38,42,19,41,39,34],"class_list":["post-250","post","type-post","status-publish","format-standard","has-post-thumbnail","hentry","category-draussen","tag-ausstattung","tag-eva-solo","tag-fatboy","tag-feuerschalen","tag-garten","tag-leuchten","tag-moree","tag-outdoor-tische","tag-outdoor-teppiche","tag-pappelina","tag-radius-design","tag-schiffslampen","tag-skagerak","tag-stelton","tag-vogelhaeuser","tag-wetterfeste-deko"],"_links":{"self":[{"href":"https:\/\/raum-blick.de\/magazin\/wp-json\/wp\/v2\/posts\/250","targetHints":{"allow":["GET"]}}],"collection":[{"href":"https:\/\/raum-blick.de\/magazin\/wp-json\/wp\/v2\/posts"}],"about":[{"href":"https:\/\/raum-blick.de\/magazin\/wp-json\/wp\/v2\/types\/post"}],"author":[{"embeddable":true,"href":"https:\/\/raum-blick.de\/magazin\/wp-json\/wp\/v2\/users\/4"}],"replies":[{"embeddable":true,"href":"https:\/\/raum-blick.de\/magazin\/wp-json\/wp\/v2\/comments?post=250"}],"version-history":[{"count":41,"href":"https:\/\/raum-blick.de\/magazin\/wp-json\/wp\/v2\/posts\/250\/revisions"}],"predecessor-version":[{"id":20828,"href":"https:\/\/raum-blick.de\/magazin\/wp-json\/wp\/v2\/posts\/250\/revisions\/20828"}],"wp:featuredmedia":[{"embeddable":true,"href":"https:\/\/raum-blick.de\/magazin\/wp-json\/wp\/v2\/media\/303"}],"wp:attachment":[{"href":"https:\/\/raum-blick.de\/magazin\/wp-json\/wp\/v2\/media?parent=250"}],"wp:term":[{"taxonomy":"category","embeddable":true,"href":"https:\/\/raum-blick.de\/magazin\/wp-json\/wp\/v2\/categories?post=250"},{"taxonomy":"post_tag","embeddable":true,"href":"https:\/\/raum-blick.de\/magazin\/wp-json\/wp\/v2\/tags?post=250"}],"curies":[{"name":"wp","href":"https:\/\/api.w.org\/{rel}","templated":true}]}}