{"id":24442,"date":"2026-03-03T08:18:00","date_gmt":"2026-03-03T07:18:00","guid":{"rendered":"https:\/\/raum-blick.de\/magazin\/?p=23166"},"modified":"2026-02-22T18:47:40","modified_gmt":"2026-02-22T17:47:40","slug":"homeoffice-einrichten-inspiration-fuer-mehr-klarheit-und-ruhe","status":"publish","type":"post","link":"https:\/\/raum-blick.de\/magazin\/homeoffice-einrichten-inspiration-fuer-mehr-klarheit-und-ruhe\/","title":{"rendered":"Homeoffice einrichten"},"content":{"rendered":"<h2><span class=\"ez-toc-section\" id=\"%C2%AB_Refresh_fuer_Ihren_Arbeitsalltag_%C2%BB\"><\/span>\u00ab Refresh f\u00fcr Ihren Arbeitsalltag \u00bb<span class=\"ez-toc-section-end\"><\/span><\/h2>\n<p><strong>Fr\u00fcher Morgen, Sie knipsen die Schreibtischleuchte an, setzen sich und machen sich bereit zum Arbeiten. Es ist derselbe Platz wie gestern, wie letzte Woche, wie seit Monaten. Die Kaffeetasse steht an ihrem gewohnten Ort, der Bildschirm wartet auf den Start, der Stuhl knarrt leise. Alles funktioniert. Und doch schwingt etwas mit, das schwer zu greifen ist: eine M\u00fcdigkeit, die nicht vom Arbeiten kommt, sondern vom Raum selbst. Homeoffice einrichten bedeutet in diesem Kontext aber nicht, neu anzufangen, sondern vielmehr wieder hinzuschauen.<\/strong><\/p>\n<p><strong>Denn das Homeoffice ist l\u00e4ngst kein Provisorium mehr. Es ist ein fester Bestandteil des Alltags geworden, oft sogar der Raum, in dem wir die meisten Stunden des Tages verbringen. Und gerade weil er so zuverl\u00e4ssig seinen Dienst tut, bleibt kaum Zeit, ihn zu hinterfragen. Wir arbeiten darin, nicht mit ihm. Doch genau das sollten wir, permanent.<\/strong><\/p><div id=\"ez-toc-container\" class=\"ez-toc-v2_0_82_2 counter-hierarchy ez-toc-counter ez-toc-grey ez-toc-container-direction\">\n<div class=\"ez-toc-title-container\">\n<p class=\"ez-toc-title\" style=\"cursor:inherit\">Was hier auf Sie wartet<\/p>\n<span class=\"ez-toc-title-toggle\"><a href=\"#\" class=\"ez-toc-pull-right ez-toc-btn ez-toc-btn-xs ez-toc-btn-default ez-toc-toggle\" aria-label=\"Toggle Table of Content\"><span class=\"ez-toc-js-icon-con\"><span class=\"\"><span class=\"eztoc-hide\" style=\"display:none;\">Toggle<\/span><span class=\"ez-toc-icon-toggle-span\"><svg style=\"fill: #999;color:#999\" xmlns=\"http:\/\/www.w3.org\/2000\/svg\" class=\"list-377408\" width=\"20px\" height=\"20px\" viewBox=\"0 0 24 24\" fill=\"none\"><path d=\"M6 6H4v2h2V6zm14 0H8v2h12V6zM4 11h2v2H4v-2zm16 0H8v2h12v-2zM4 16h2v2H4v-2zm16 0H8v2h12v-2z\" fill=\"currentColor\"><\/path><\/svg><svg style=\"fill: #999;color:#999\" class=\"arrow-unsorted-368013\" xmlns=\"http:\/\/www.w3.org\/2000\/svg\" width=\"10px\" height=\"10px\" viewBox=\"0 0 24 24\" version=\"1.2\" baseProfile=\"tiny\"><path d=\"M18.2 9.3l-6.2-6.3-6.2 6.3c-.2.2-.3.4-.3.7s.1.5.3.7c.2.2.4.3.7.3h11c.3 0 .5-.1.7-.3.2-.2.3-.5.3-.7s-.1-.5-.3-.7zM5.8 14.7l6.2 6.3 6.2-6.3c.2-.2.3-.5.3-.7s-.1-.5-.3-.7c-.2-.2-.4-.3-.7-.3h-11c-.3 0-.5.1-.7.3-.2.2-.3.5-.3.7s.1.5.3.7z\"\/><\/svg><\/span><\/span><\/span><\/a><\/span><\/div>\n<nav><ul class='ez-toc-list ez-toc-list-level-1 ' ><li class='ez-toc-page-1 ez-toc-heading-level-2'><a class=\"ez-toc-link ez-toc-heading-1\" href=\"https:\/\/raum-blick.de\/magazin\/homeoffice-einrichten-inspiration-fuer-mehr-klarheit-und-ruhe\/#%C2%AB_Refresh_fuer_Ihren_Arbeitsalltag_%C2%BB\" >\u00ab Refresh f\u00fcr Ihren Arbeitsalltag \u00bb<\/a><\/li><li class='ez-toc-page-1 ez-toc-heading-level-2'><a class=\"ez-toc-link ez-toc-heading-2\" href=\"https:\/\/raum-blick.de\/magazin\/homeoffice-einrichten-inspiration-fuer-mehr-klarheit-und-ruhe\/#Auslaufmodell_Funktionalitaet\" >Auslaufmodell Funktionalit\u00e4t<\/a><\/li><li class='ez-toc-page-1 ez-toc-heading-level-2'><a class=\"ez-toc-link ez-toc-heading-3\" href=\"https:\/\/raum-blick.de\/magazin\/homeoffice-einrichten-inspiration-fuer-mehr-klarheit-und-ruhe\/#Warum_wir_unser_Homeoffice_heute_neu_einrichten_muessen\" >Warum wir unser Homeoffice heute neu einrichten m\u00fcssen<\/a><\/li><li class='ez-toc-page-1 ez-toc-heading-level-2'><a class=\"ez-toc-link ez-toc-heading-4\" href=\"https:\/\/raum-blick.de\/magazin\/homeoffice-einrichten-inspiration-fuer-mehr-klarheit-und-ruhe\/#Homeoffice_einrichten_mit_kleinen_Veraenderungen\" >Homeoffice einrichten mit kleinen Ver\u00e4nderungen<\/a><\/li><li class='ez-toc-page-1 ez-toc-heading-level-2'><a class=\"ez-toc-link ez-toc-heading-5\" href=\"https:\/\/raum-blick.de\/magazin\/homeoffice-einrichten-inspiration-fuer-mehr-klarheit-und-ruhe\/#Koerper_Haltung_und_Rhythmus_im_Homeoffice\" >K\u00f6rper, Haltung und Rhythmus im Homeoffice<\/a><\/li><li class='ez-toc-page-1 ez-toc-heading-level-2'><a class=\"ez-toc-link ez-toc-heading-6\" href=\"https:\/\/raum-blick.de\/magazin\/homeoffice-einrichten-inspiration-fuer-mehr-klarheit-und-ruhe\/#Kuratiertes_Eingreifen_Wenn_Details_entscheiden\" >Kuratiertes Eingreifen: Wenn Details entscheiden<\/a><\/li><li class='ez-toc-page-1 ez-toc-heading-level-2'><a class=\"ez-toc-link ez-toc-heading-7\" href=\"https:\/\/raum-blick.de\/magazin\/homeoffice-einrichten-inspiration-fuer-mehr-klarheit-und-ruhe\/#Ordnung_die_den_Kopf_entlastet\" >Ordnung, die den Kopf entlastet<\/a><\/li><li class='ez-toc-page-1 ez-toc-heading-level-2'><a class=\"ez-toc-link ez-toc-heading-8\" href=\"https:\/\/raum-blick.de\/magazin\/homeoffice-einrichten-inspiration-fuer-mehr-klarheit-und-ruhe\/#Fokus_entsteht_auf_der_Arbeitsflaeche\" >Fokus entsteht auf der Arbeitsfl\u00e4che<\/a><\/li><li class='ez-toc-page-1 ez-toc-heading-level-2'><a class=\"ez-toc-link ez-toc-heading-9\" href=\"https:\/\/raum-blick.de\/magazin\/homeoffice-einrichten-inspiration-fuer-mehr-klarheit-und-ruhe\/#Akustik_als_unterschaetzter_Faktor\" >Akustik als untersch\u00e4tzter Faktor<\/a><\/li><li class='ez-toc-page-1 ez-toc-heading-level-2'><a class=\"ez-toc-link ez-toc-heading-10\" href=\"https:\/\/raum-blick.de\/magazin\/homeoffice-einrichten-inspiration-fuer-mehr-klarheit-und-ruhe\/#Wenn_Raum_Arbeit_und_Wohlgefuehl_beim_Homeoffice_einrichten_zusammenspielen\" >Wenn Raum, Arbeit und Wohlgef\u00fchl beim Homeoffice einrichten zusammenspielen<\/a><\/li><li class='ez-toc-page-1 ez-toc-heading-level-2'><a class=\"ez-toc-link ez-toc-heading-11\" href=\"https:\/\/raum-blick.de\/magazin\/homeoffice-einrichten-inspiration-fuer-mehr-klarheit-und-ruhe\/#Fuer_wen_ein_Homeoffice-Refresh_besonders_sinnvoll_ist\" >F\u00fcr wen ein Homeoffice-Refresh besonders sinnvoll ist<\/a><\/li><li class='ez-toc-page-1 ez-toc-heading-level-2'><a class=\"ez-toc-link ez-toc-heading-12\" href=\"https:\/\/raum-blick.de\/magazin\/homeoffice-einrichten-inspiration-fuer-mehr-klarheit-und-ruhe\/#Homeoffice_einrichten_Eine_Einladung_statt_eines_Ideals\" >Homeoffice einrichten: Eine Einladung statt eines Ideals<\/a><\/li><li class='ez-toc-page-1 ez-toc-heading-level-2'><a class=\"ez-toc-link ez-toc-heading-13\" href=\"https:\/\/raum-blick.de\/magazin\/homeoffice-einrichten-inspiration-fuer-mehr-klarheit-und-ruhe\/#Haeufig_gestellte_Fragen_FAQs_zum_Homeoffice_einrichten\" >H\u00e4ufig gestellte Fragen (FAQs) zum Homeoffice einrichten<\/a><ul class='ez-toc-list-level-3' ><li class='ez-toc-heading-level-3'><a class=\"ez-toc-link ez-toc-heading-14\" href=\"https:\/\/raum-blick.de\/magazin\/homeoffice-einrichten-inspiration-fuer-mehr-klarheit-und-ruhe\/#Wie_kann_ich_mein_Homeoffice_einrichten_ohne_alles_neu_zu_machen\" >Wie kann ich mein Homeoffice einrichten, ohne alles neu zu machen?<\/a><\/li><li class='ez-toc-page-1 ez-toc-heading-level-3'><a class=\"ez-toc-link ez-toc-heading-15\" href=\"https:\/\/raum-blick.de\/magazin\/homeoffice-einrichten-inspiration-fuer-mehr-klarheit-und-ruhe\/#Welche_Rolle_spielt_Bewegung_beim_Arbeiten_im_Homeoffice\" >Welche Rolle spielt Bewegung beim Arbeiten im Homeoffice?<\/a><\/li><li class='ez-toc-page-1 ez-toc-heading-level-3'><a class=\"ez-toc-link ez-toc-heading-16\" href=\"https:\/\/raum-blick.de\/magazin\/homeoffice-einrichten-inspiration-fuer-mehr-klarheit-und-ruhe\/#Wie_schaffe_ich_Ordnung_im_Homeoffice_ohne_dass_es_streng_wirkt\" >Wie schaffe ich Ordnung im Homeoffice, ohne dass es streng wirkt?<\/a><\/li><li class='ez-toc-page-1 ez-toc-heading-level-3'><a class=\"ez-toc-link ez-toc-heading-17\" href=\"https:\/\/raum-blick.de\/magazin\/homeoffice-einrichten-inspiration-fuer-mehr-klarheit-und-ruhe\/#Was_hilft_bei_fehlender_Konzentration_im_Homeoffice\" >Was hilft bei fehlender Konzentration im Homeoffice?<\/a><\/li><li class='ez-toc-page-1 ez-toc-heading-level-3'><a class=\"ez-toc-link ez-toc-heading-18\" href=\"https:\/\/raum-blick.de\/magazin\/homeoffice-einrichten-inspiration-fuer-mehr-klarheit-und-ruhe\/#Ist_ein_Homeoffice-Refresh_auch_in_kleinen_Raeumen_moeglich\" >Ist ein Homeoffice-Refresh auch in kleinen R\u00e4umen m\u00f6glich?<\/a><\/li><\/ul><\/li><\/ul><\/nav><\/div>\n\n<h2><span class=\"ez-toc-section\" id=\"Auslaufmodell_Funktionalitaet\"><\/span>Auslaufmodell Funktionalit\u00e4t<span class=\"ez-toc-section-end\"><\/span><\/h2>\n<p>Viele Arbeitsbereiche zu Hause sind pragmatisch gewachsen. Ein Tisch, ein Stuhl, ein Regal \u2013 alles sinnvoll, alles richtig. Doch Funktionalit\u00e4t allein tr\u00e4gt auf Dauer nicht. Sie organisiert, aber sie inspiriert nicht.<\/p>\n<p>Mit der Zeit entsteht dieses leise Unbehagen: Der K\u00f6rper wird unruhig, obwohl wir sitzen. Der Blick schweift ab, obwohl die Aufgabe klar ist. Ordnung ist vorhanden, aber keine Klarheit. Es ist kein gro\u00dfes Problem, eher ein schleichendes Gef\u00fchl, dass der Raum nicht mehr mitdenkt, sondern nur noch verwaltet.<\/p>\n<p>Gerade beim Arbeiten im Homeoffice zeigt sich, wie sehr R\u00e4ume Einfluss auf Konzentration, Energie und Wohlgef\u00fchl haben. Auch dann, wenn alles \u201eeigentlich passt\u201c.<\/p>\n<h2><span class=\"ez-toc-section\" id=\"Warum_wir_unser_Homeoffice_heute_neu_einrichten_muessen\"><\/span>Warum wir unser Homeoffice heute neu einrichten m\u00fcssen<span class=\"ez-toc-section-end\"><\/span><\/h2>\n<p>Homeoffice bedeutet heute etwas anderes als noch vor wenigen Jahren. Es ist kein Ausweichort mehr, kein tempor\u00e4rer Arbeitsplatz, sondern ein Raum, der Arbeit, Alltag und pers\u00f6nliche Bed\u00fcrfnisse miteinander verbindet.<\/p>\n<p>Wer ein Homeoffice einrichten m\u00f6chte, steht deshalb vor einer neuen Aufgabe:<br \/>\nDer Raum soll funktionieren, aber auch tragen. Er soll uns fokussieren, ohne zu erm\u00fcden. Er soll Struktur geben, ohne starr zu wirken.<\/p>\n<p>Diese Balance entsteht nicht durch mehr M\u00f6bel oder Technik, sondern durch bewusste Entscheidungen. Durch das Weglassen ebenso wie durch gezielte Erg\u00e4nzungen. Ein Homeoffice-Refresh beginnt nicht mit einer Einkaufsliste, sondern mit der Frage: <i>Was fehlt diesem Raum wirklich?<\/i><\/p>\n<p><a href=\"https:\/\/raum-blick.de\/aeris-swopper-schwarz\"><img loading=\"lazy\" decoding=\"async\" class=\"alignnone wp-image-13047 size-full\" src=\"https:\/\/raum-blick.de\/magazin\/wp-content\/uploads\/2021\/06\/aeris-swopper-schwarz.jpg\" alt=\"Schwarzer Aeris Swopper B\u00fcrostuhl in Aktion. Ergonomische L\u00f6sung f\u00fcrs Homeoffice einrichten. \" width=\"700\" height=\"700\" title=\"\" srcset=\"https:\/\/raum-blick.de\/magazin\/wp-content\/uploads\/2021\/06\/aeris-swopper-schwarz.jpg 700w, https:\/\/raum-blick.de\/magazin\/wp-content\/uploads\/2021\/06\/aeris-swopper-schwarz-300x300.jpg 300w, https:\/\/raum-blick.de\/magazin\/wp-content\/uploads\/2021\/06\/aeris-swopper-schwarz-150x150.jpg 150w\" sizes=\"(max-width: 700px) 100vw, 700px\" \/><\/a><\/p>\n<p><em>Der Aeris Swopper ist ein wahrer Meister der Balance und ein guter Partner im Homeoffice. Mit ihm sind sie k\u00f6rperlich immer in Bewegung und das h\u00e4lt auch den Geist wach.<\/em><\/p>\n<h2><span class=\"ez-toc-section\" id=\"Homeoffice_einrichten_mit_kleinen_Veraenderungen\"><\/span>Homeoffice einrichten mit kleinen Ver\u00e4nderungen<span class=\"ez-toc-section-end\"><\/span><\/h2>\n<p>Der Wunsch nach Ver\u00e4nderung kommt nicht von heute auf morgen, er schleicht sich ganz langsam ein, peu \u00e0 peu: als Bed\u00fcrfnis nach Frische, nach Struktur, nach einem Arbeitsplatz, der wieder Resonanz erzeugt.<\/p>\n<p>Ein Homeoffice einzurichten bedeutet nicht, alles neu zu kaufen oder umzubauen. Oft reicht es, den Fokus zu verschieben. Weg vom reinen Funktionieren, hin zu einer bewussteren Beziehung zwischen K\u00f6rper, Raum und Arbeitsrhythmus.<\/p>\n<p>Und daf\u00fcr braucht es gar nicht viel. Ein anderes Gef\u00fchl unter den F\u00fc\u00dfen. Mehr Bewegung im Sitzen. Eine Ordnung, die sichtbar Ruhe schafft. Akustische Momente, die \u00dcberg\u00e4nge markieren. Es sind diese Nuancen, die das Homeoffice neu lesbar machen und uns wieder das Gef\u00fchl geben, hier wieder richtig gut arbeiten zu k\u00f6nnen.<\/p>\n<h2><span class=\"ez-toc-section\" id=\"Koerper_Haltung_und_Rhythmus_im_Homeoffice\"><\/span>K\u00f6rper, Haltung und Rhythmus im Homeoffice<span class=\"ez-toc-section-end\"><\/span><\/h2>\n<p>Wer das Homeoffice einrichten m\u00f6chte, denkt h\u00e4ufig zuerst an M\u00f6bel. Doch der wichtigste Faktor bleibt der eigene K\u00f6rper. Stundenlanges Sitzen, wenig Bewegung und monotone Abl\u00e4ufe wirken sich nicht nur k\u00f6rperlich, sondern auch mental aus.<\/p>\n<p>Ein guter Arbeitsraum unterst\u00fctzt Bewegung, ohne sie einzufordern. Er erlaubt kleine Positionswechsel, f\u00f6rdert Dynamik und l\u00e4sst Pausen zu. Das Ziel ist kein aktives Training, sondern ein nat\u00fcrlicher Rhythmus, der Arbeiten und Wohlgef\u00fchl verbindet.<\/p>\n<p>Hier zeigt sich, wie stark das Homeoffice auf den Alltag wirkt. Und wie sehr kleine Anpassungen langfristig entlasten k\u00f6nnen.<\/p>\n<h2><span class=\"ez-toc-section\" id=\"Kuratiertes_Eingreifen_Wenn_Details_entscheiden\"><\/span>Kuratiertes Eingreifen: Wenn Details entscheiden<span class=\"ez-toc-section-end\"><\/span><\/h2>\n<p>Ver\u00e4ndern Sie den Raum und Ihr Arbeitsgef\u00fchl mit einzelnen, gezielt ausgew\u00e4hlten Objekten, die Ihren nat\u00fcrlichen Rhythmus unterst\u00fctzen und zu unverzichtbaren Alltagsbegleitern werden.<\/p>\n<p>Unter dem Schreibtisch l\u00e4dt die <a href=\"https:\/\/raum-blick.de\/aeris-muvmat\"><strong>strapazierf\u00e4hige Aeris Muvmat Stehmatte<\/strong><\/a> zu minimaler Bewegung ein. Sie entlastet den K\u00f6rper und bringt Pr\u00e4senz in Momente, die sonst statisch bleiben w\u00fcrden. Wer sein Homeoffice einrichten m\u00f6chte, denkt hier weniger an Ergonomie, sondern viel eher an K\u00f6rperbewusstsein.<\/p>\n<p>Auch das Sitzen selbst sollten Sie neu denken. Der <a href=\"https:\/\/raum-blick.de\/aeris-swopper-schwarz\"><strong>ergonomische Aeris Swopper<\/strong><\/a> bringt Dynamik ins sonst so starre Arbeiten. Das aktive Sitzen bringt Kreislauf und Stoffwechsel in Schwung, entlastet die Bandscheiben und st\u00e4rkt den R\u00fccken. Ihr K\u00f6rper bleibt dank dem Swopper wach, weil er immer in Bewegung ist, und ihr Kopf ist auch gleich viel fitter, Sie werden sehen. Damit erleben Sie nicht nur ein ganz neues K\u00f6rper-, sondern auch ein neues Raumgef\u00fchl.<\/p>\n<p><a href=\"http:\/\/https:\/\/raum-blick.de\/aeris-muvmat\"><img loading=\"lazy\" decoding=\"async\" class=\"alignnone wp-image-23167 size-medium\" src=\"https:\/\/raum-blick.de\/magazin\/wp-content\/uploads\/2026\/02\/aeris-muvmat-schichtgrafik_103712_1920x1920-300x300.jpg\" alt=\"Schwarze Aeris Muvmat Stehmatte mit topografischer 3D-Struktur und abgeschr\u00e4gten Kanten. Einfach unter den Schreibtisch legen und Entspannung genie\u00dfen.\" width=\"300\" height=\"300\" title=\"\"><\/a>\u00a0 \u00a0 <a href=\"http:\/\/https:\/\/raum-blick.de\/aeris-swopper-schwarz\"><img loading=\"lazy\" decoding=\"async\" class=\"alignnone wp-image-23178 size-medium\" src=\"https:\/\/raum-blick.de\/magazin\/wp-content\/uploads\/2026\/02\/aeris-swooper-101-STBK-BK-UR01_69102_1920x1920-300x300.jpg\" alt=\"Schwarzer Aeris Swopper B\u00fcrostuhl. Eine ergonomische L\u00f6sung f\u00fcrs Homeoffice einrichten, sie Bewegung ins Arbeiten bring.\" width=\"300\" height=\"300\" title=\"\"><\/a><\/p>\n<p><em>Bringen Sie Bewegung in Ihren Arbeitsalltag. Die Aeris Muvmat Stehmatte und der Aeris Swopper Aktiv-Stuhl sind daf\u00fcr wie gemacht. Ob Sie lieber den Waldboden unter den F\u00fc\u00dfen sp\u00fcren wollen oder dynamisch sitzen, das entscheiden Sie.<\/em><\/p>\n<h2><span class=\"ez-toc-section\" id=\"Ordnung_die_den_Kopf_entlastet\"><\/span>Ordnung, die den Kopf entlastet<span class=\"ez-toc-section-end\"><\/span><\/h2>\n<p>Ordnung im Homeoffice ist mehr als Aufr\u00e4umen. Sie ist visuell, emotional und mental wirksam. Wer sein Homeoffice einrichten will, merkt schnell: Zu viele Dinge auf der Arbeitsfl\u00e4che kosten Energie. Selbst dann, wenn sie ordentlich wirken.<\/p>\n<p>Visuelle Ordnung entsteht dort, wo Dinge einen klaren Platz haben und zugleich aus dem Blickfeld verschwinden d\u00fcrfen. An der Wand \u00fcbernimmt das <a href=\"https:\/\/raum-blick.de\/vitra-uten.silo\"><strong>funktionale Vitra Uten.Silo<\/strong><\/a> diese Aufgabe mit Selbstverst\u00e4ndlichkeit. Struktur wird sichtbar, ohne streng zu wirken. Der Blick findet Ruhe, denn alles ist an einem Ort konzentriert.<\/p>\n<p>Vor allem in kleineren Arbeitszonen sollten Sie auf Leichtigkeit setzen und den minimalen Platz maximal nutzen. Das <a href=\"https:\/\/raum-blick.de\/string-furniture-pocket-regal\"><strong>ikonische String Furniture Pocket Regal<\/strong><\/a> ist hier eine wunderbare L\u00f6sung, die in der Vertikalen Stauraum schafft und den Raum dadurch offener erscheinen l\u00e4sst. Es ist pr\u00e4sent, ohne zu dominieren. Ideal, um ein Homeoffice einzurichten, das flexibel bleibt.<\/p>\n<p><a href=\"https:\/\/raum-blick.de\/vitra-uten.silo\"><img loading=\"lazy\" decoding=\"async\" class=\"alignnone wp-image-23173 size-medium\" src=\"https:\/\/raum-blick.de\/magazin\/wp-content\/uploads\/2026\/02\/vitra-uten-silo-I-weiss-2_1920x1920-300x300.jpg\" alt=\"Vitra Uten.Silo Wandorganizer in Wei\u00df. Hier hat alles seinen Platz, perfekt f\u00fcrs Homeoffice einrichten.\" width=\"300\" height=\"300\" title=\"\"><\/a>\u00a0 \u00a0<a href=\"https:\/\/raum-blick.de\/string-furniture-pocket-regal\"><img loading=\"lazy\" decoding=\"async\" class=\"alignnone wp-image-23180 size-medium\" src=\"https:\/\/raum-blick.de\/magazin\/wp-content\/uploads\/2026\/02\/String-pocket-oak-white_29835_1920x1920-300x300.jpg\" alt=\"String Furniture Pocket Regal mit Holz-Regalb\u00f6den und wei\u00dfen Seitenteilen.\" width=\"300\" height=\"300\" title=\"\"><\/a><\/p>\n<p><em>An der Wand findet sich f\u00fcr diese beiden Ordnungs-Klassiker ganz sicher ein Pl\u00e4tzchen. Sie sind praktisch, anpassungsf\u00e4hig und in diversen Farben erh\u00e4ltlich. Und wenn Sie sich jetzt schockverliebt haben, nehmen Sie am besten das Vitra Uten.Silo und das String Pocket Regal.\u00a0<\/em><\/p>\n<h2><span class=\"ez-toc-section\" id=\"Fokus_entsteht_auf_der_Arbeitsflaeche\"><\/span>Fokus entsteht auf der Arbeitsfl\u00e4che<span class=\"ez-toc-section-end\"><\/span><\/h2>\n<p>Auf dem Schreibtisch entscheidet sich, wie klar Ihr Arbeitstag beginnt. Zu viele Einzelteile und zu viele visuelle Reize verhindern Konzentration, noch bevor Sie mit der ersten Aufgabe starten.<\/p>\n<p>Die <a href=\"https:\/\/raum-blick.de\/muuto-arrange-desktop-serie-deckel-aluminium\"><strong>stapelbare Muuto Arrange Desktop Serie<\/strong><\/a> b\u00fcndelt Allt\u00e4gliches zu ruhigen Einheiten. Die Tabletts aus 100 Prozent recyceltem Kunststoff lassen mit ihrer klaren Form Ordnung selbstverst\u00e4ndlich erscheinen. Der Tisch wirkt freier, der Kopf auch.<\/p>\n<p>Wer sein Homeoffice einrichten m\u00f6chte, untersch\u00e4tzt oft, wie stark diese Reduktion wirkt. Denn weniger auf dem Tisch bedeutet mehr Raum im Denken.<a href=\"https:\/\/raum-blick.de\/muuto-arrange-desktop-serie-deckel-aluminium\"><img loading=\"lazy\" decoding=\"async\" class=\"aligncenter wp-image-23025 size-medium\" src=\"https:\/\/raum-blick.de\/magazin\/wp-content\/uploads\/2026\/01\/muuto-arrange-desktop-serie-config-2-alu_61948_1920x1920-300x300.jpg\" alt=\"Muuto Arrange Desktop Boxen in drei Gr\u00f6\u00dfen \u00fcbereinander. Ordnungshelfer f\u00fcrs Homeoffice einrichten.\" width=\"300\" height=\"300\" title=\"\"><\/a><em>Organisierter Schreibtisch? Mit den modularen Muuto Arrange Tabletts bekommen Sie das locker hin. Und formsch\u00f6n noch dazu.<\/em><\/p>\n<h2><span class=\"ez-toc-section\" id=\"Akustik_als_unterschaetzter_Faktor\"><\/span>Akustik als untersch\u00e4tzter Faktor<span class=\"ez-toc-section-end\"><\/span><\/h2>\n<p>Neben Licht, Bewegung und Ordnung spielt auch Klang eine Rolle. Denn Ger\u00e4usche strukturieren den Tag. \u00a0Auch wenn uns das oft gar nicht bewusst ist. Deshalb lebt ein ruhiges Homeoffice auch nicht von Stille, sondern von klaren \u00dcberg\u00e4ngen.<\/p>\n<p>Die <a href=\"https:\/\/raum-blick.de\/relaxound-zwitscherbox-classic\"><strong>entspannende Relaxound Zwitscherbox Classic<\/strong><\/a> markiert solche \u00dcberg\u00e4nge akustisch. Ein kurzes Vogelgezwitscher, ein Innehalten und schon sind wir wieder ganz sanft zur\u00fcck im Alltag. Gerade beim Arbeiten im Homeoffice helfen diese Momente, Konzentration und Pause sauber zu trennen.<\/p>\n<p><a href=\"https:\/\/raum-blick.de\/relaxound-zwitscherbox-classic\"><img loading=\"lazy\" decoding=\"async\" class=\"aligncenter wp-image-23182 size-medium\" src=\"https:\/\/raum-blick.de\/magazin\/wp-content\/uploads\/2026\/02\/relaxound-zwitscherbox-klassik-weiss_67835_1920x1920-300x300.jpg\" alt=\"Die Relaxound Zwitscherbox Classic ist eine Kiste voller Wald. Sanftes Vogelgezwitscher bringt uns zur Ruhe.\" width=\"300\" height=\"300\" title=\"\"><\/a><em>Die Zwitscherbox reagiert auf Bewegung. Einfach mal kurz aufstehen oder mit der Hand aktivieren und schon f\u00fchlen Sie sich als w\u00e4ren Sie auf einer Waldlichtung. Die Vogelstimmen beruhigen sofort. Und das in nur zwei Minuten. Das ist doch mal eine kreative Homeoffice-Pause!<\/em><\/p>\n<h2><span class=\"ez-toc-section\" id=\"Wenn_Raum_Arbeit_und_Wohlgefuehl_beim_Homeoffice_einrichten_zusammenspielen\"><\/span>Wenn Raum, Arbeit und Wohlgef\u00fchl beim Homeoffice einrichten zusammenspielen<span class=\"ez-toc-section-end\"><\/span><\/h2>\n<p>Was sich ver\u00e4ndert, ist nicht nur die Einrichtung, sondern das Zusammenspiel. Bewegung wird Teil des Arbeitens. Ordnung wird visuell sp\u00fcrbar. Pausen bekommen einen eigenen Rhythmus.<\/p>\n<p>Das Homeoffice beginnt, sich wieder gut anzuf\u00fchlen. Es unterst\u00fctzt Konzentration, ohne Druck aufzubauen. Es erlaubt Dynamik, ohne Unruhe zu erzeugen. Der Raum wird nicht perfekter, sondern pers\u00f6nlicher.<\/p>\n<p>Es sind die kleinen, unaufdringlichen Dinge, die beim Homeoffice eine immense St\u00e4rke entfalten. Eben weil sie im Hintergrund wirken.<\/p>\n<h2><span class=\"ez-toc-section\" id=\"Fuer_wen_ein_Homeoffice-Refresh_besonders_sinnvoll_ist\"><\/span>F\u00fcr wen ein Homeoffice-Refresh besonders sinnvoll ist<span class=\"ez-toc-section-end\"><\/span><\/h2>\n<p>Ein Homeoffice-Refresh richtet sich nicht nur an Menschen, die neu starten. Er ist besonders hilfreich f\u00fcr alle, die:<\/p>\n<ul>\n<li>schon lange von zu Hause arbeiten<\/li>\n<li>sich schneller ersch\u00f6pft f\u00fchlen als fr\u00fcher<\/li>\n<li>trotz Ordnung Unruhe versp\u00fcren<\/li>\n<li>ihren Arbeitsplatz funktional, aber leblos erleben<\/li>\n<\/ul>\n<p>Wer sein Homeoffice einrichten m\u00f6chte, um langfristig konzentriert und gesund zu arbeiten, findet in kleinen Anpassungen oft die gr\u00f6\u00dfte Wirkung.<\/p>\n<h2><span class=\"ez-toc-section\" id=\"Homeoffice_einrichten_Eine_Einladung_statt_eines_Ideals\"><\/span>Homeoffice einrichten: Eine Einladung statt eines Ideals<span class=\"ez-toc-section-end\"><\/span><\/h2>\n<p>Am Ende steht kein fertiges Bild. Kein abgeschlossenes Konzept. Sondern eine Einladung an Sie, den eigenen Arbeitsraum immer wieder neu zu lesen. Zu sp\u00fcren, was fehlt, und bewusst kleine Impulse zu setzen.<\/p>\n<p>Ihr Homeoffice darf sich ver\u00e4ndern. Mit den Aufgaben, mit dem eigenen Rhythmus, mit den Jahreszeiten. Ein Refresh bedeutet: aufmerksam sein, reduziert ver\u00e4ndern, offen bleiben.<\/p>\n<p>Und vielleicht liegt genau darin die gr\u00f6\u00dfte Qualit\u00e4t eines guten Arbeitsraums: Er ist permanent im Wandel und bleibt so lebendig.<\/p>\n<h2><span class=\"ez-toc-section\" id=\"Haeufig_gestellte_Fragen_FAQs_zum_Homeoffice_einrichten\"><\/span>H\u00e4ufig gestellte Fragen (FAQs) zum Homeoffice einrichten<span class=\"ez-toc-section-end\"><\/span><\/h2>\n<h3><span class=\"ez-toc-section\" id=\"Wie_kann_ich_mein_Homeoffice_einrichten_ohne_alles_neu_zu_machen\"><\/span>Wie kann ich mein Homeoffice einrichten, ohne alles neu zu machen?<span class=\"ez-toc-section-end\"><\/span><\/h3>\n<p>Kleine Anpassungen wie mehr Bewegung, bessere Ordnung und gezielte Akzente reichen oft aus, um den Raum sp\u00fcrbar zu ver\u00e4ndern.<\/p>\n<h3><span class=\"ez-toc-section\" id=\"Welche_Rolle_spielt_Bewegung_beim_Arbeiten_im_Homeoffice\"><\/span>Welche Rolle spielt Bewegung beim Arbeiten im Homeoffice?<span class=\"ez-toc-section-end\"><\/span><\/h3>\n<p>Bewegung unterst\u00fctzt Konzentration und Wohlbefinden. Sie kann beil\u00e4ufig stattfinden und muss nicht aktiv geplant werden.<\/p>\n<h3><span class=\"ez-toc-section\" id=\"Wie_schaffe_ich_Ordnung_im_Homeoffice_ohne_dass_es_streng_wirkt\"><\/span>Wie schaffe ich Ordnung im Homeoffice, ohne dass es streng wirkt?<span class=\"ez-toc-section-end\"><\/span><\/h3>\n<p>Mit klaren Strukturen und festen Pl\u00e4tzen f\u00fcr die Dinge des Arbeitsalltags. So sorgen Sie f\u00fcr visuelle Ruhe \u2013 idealerweise au\u00dferhalb der Arbeitsfl\u00e4che.<\/p>\n<h3><span class=\"ez-toc-section\" id=\"Was_hilft_bei_fehlender_Konzentration_im_Homeoffice\"><\/span>Was hilft bei fehlender Konzentration im Homeoffice?<span class=\"ez-toc-section-end\"><\/span><\/h3>\n<p>Eine reduzierte Umgebung, klare Zonen und bewusste Pausen helfen, den Fokus zur\u00fcckzugewinnen.<\/p>\n<h3><span class=\"ez-toc-section\" id=\"Ist_ein_Homeoffice-Refresh_auch_in_kleinen_Raeumen_moeglich\"><\/span>Ist ein Homeoffice-Refresh auch in kleinen R\u00e4umen m\u00f6glich?<span class=\"ez-toc-section-end\"><\/span><\/h3>\n<p>Gerade kleine R\u00e4ume profitieren von leichten, flexiblen L\u00f6sungen und einer bewussten Nutzung der Wandfl\u00e4chen.<\/p>\n<p style=\"text-align: center;\"><a class=\"wp-block-button__link has-white-color has-black-background-color has-text-color has-background wp-element-button\" style=\"background-color: #b8a490 !important;\" href=\"https:\/\/www.raum-blick.de\/buero\/\">Jetzt Ihren Homeoffice-Refresh starten!<\/a><\/p>\n","protected":false},"excerpt":{"rendered":"<p>\u00ab Refresh f\u00fcr Ihren Arbeitsalltag \u00bb Fr\u00fcher Morgen, Sie knipsen die Schreibtischleuchte an, setzen sich und machen sich bereit zum Arbeiten. Es ist derselbe Platz wie gestern, wie letzte Woche, wie seit Monaten. Die Kaffeetasse steht an ihrem gewohnten Ort, der Bildschirm wartet auf den Start, der Stuhl knarrt leise. Alles funktioniert. Und doch schwingt [&hellip;]<\/p>\n","protected":false},"author":10,"featured_media":9405,"comment_status":"closed","ping_status":"open","sticky":false,"template":"","format":"standard","meta":{"_et_pb_use_builder":"","_et_pb_old_content":"","_et_gb_content_width":"","inline_featured_image":false,"footnotes":""},"categories":[1],"tags":[98,334,449,43,239,520,27],"class_list":["post-24442","post","type-post","status-publish","format-standard","has-post-thumbnail","hentry","category-drinnen","tag-beleuchtung","tag-design","tag-einrichtungsideen","tag-leuchten","tag-muuto","tag-vitra","tag-wohnaccessoires"],"_links":{"self":[{"href":"https:\/\/raum-blick.de\/magazin\/wp-json\/wp\/v2\/posts\/24442","targetHints":{"allow":["GET"]}}],"collection":[{"href":"https:\/\/raum-blick.de\/magazin\/wp-json\/wp\/v2\/posts"}],"about":[{"href":"https:\/\/raum-blick.de\/magazin\/wp-json\/wp\/v2\/types\/post"}],"author":[{"embeddable":true,"href":"https:\/\/raum-blick.de\/magazin\/wp-json\/wp\/v2\/users\/10"}],"replies":[{"embeddable":true,"href":"https:\/\/raum-blick.de\/magazin\/wp-json\/wp\/v2\/comments?post=24442"}],"version-history":[{"count":3,"href":"https:\/\/raum-blick.de\/magazin\/wp-json\/wp\/v2\/posts\/24442\/revisions"}],"predecessor-version":[{"id":24811,"href":"https:\/\/raum-blick.de\/magazin\/wp-json\/wp\/v2\/posts\/24442\/revisions\/24811"}],"wp:featuredmedia":[{"embeddable":true,"href":"https:\/\/raum-blick.de\/magazin\/wp-json\/wp\/v2\/media\/9405"}],"wp:attachment":[{"href":"https:\/\/raum-blick.de\/magazin\/wp-json\/wp\/v2\/media?parent=24442"}],"wp:term":[{"taxonomy":"category","embeddable":true,"href":"https:\/\/raum-blick.de\/magazin\/wp-json\/wp\/v2\/categories?post=24442"},{"taxonomy":"post_tag","embeddable":true,"href":"https:\/\/raum-blick.de\/magazin\/wp-json\/wp\/v2\/tags?post=24442"}],"curies":[{"name":"wp","href":"https:\/\/api.w.org\/{rel}","templated":true}]}}