{"id":24441,"date":"2026-01-29T09:16:58","date_gmt":"2026-01-29T08:16:58","guid":{"rendered":"https:\/\/raum-blick.de\/magazin\/?p=23016"},"modified":"2026-01-29T09:16:58","modified_gmt":"2026-01-29T08:16:58","slug":"minimalismus-im-winter-entspannt","status":"publish","type":"post","link":"https:\/\/raum-blick.de\/magazin\/minimalismus-im-winter-entspannt\/","title":{"rendered":"Minimalismus im Winter: Herrlich entschleunigend!"},"content":{"rendered":"<h2><span class=\"ez-toc-section\" id=\"%C2%AB_Zeit_fuer_mehr_Leichtigkeit_%C2%BB\"><\/span>\u00ab Zeit f\u00fcr mehr Leichtigkeit \u00bb<span class=\"ez-toc-section-end\"><\/span><\/h2>\n<p><strong>Die Tage sind k\u00fcrzer, das Licht weicher, der Blick richtet sich nach innen \u2013 im w\u00f6rtlichen wie im \u00fcbertragenen Sinn. Genau hier setzt Minimalismus im Winter an. Nicht als radikale Askese, sondern als bewusste Entscheidung f\u00fcr Ruhe, \u00dcbersicht und funktionale Sch\u00f6nheit. Denn ein aufger\u00e4umtes Zuhause entlastet. Punkt. Weniger Gegenst\u00e4nde bedeuten weniger Reize, weniger Entscheidungen, weniger Unruhe. Wer im Winter Ordnung schafft, gewinnt Raum. Nicht nur in den Schr\u00e4nken, sondern vor allem auch im Kopf. Und genau darum geht es.<\/strong><\/p>\n<p><strong>In diesem Beitrag zeigen wir Ihnen, wie Sie Schritt f\u00fcr Schritt reduzieren, sinnvoll aufr\u00e4umen und mit einer klaren Einrichtung ein Zuhause schaffen, das den Winter in all seinen Facetten zelebriert.<\/strong><\/p><div id=\"ez-toc-container\" class=\"ez-toc-v2_0_82_2 counter-hierarchy ez-toc-counter ez-toc-grey ez-toc-container-direction\">\n<div class=\"ez-toc-title-container\">\n<p class=\"ez-toc-title\" style=\"cursor:inherit\">Was hier auf Sie wartet<\/p>\n<span class=\"ez-toc-title-toggle\"><a href=\"#\" class=\"ez-toc-pull-right ez-toc-btn ez-toc-btn-xs ez-toc-btn-default ez-toc-toggle\" aria-label=\"Toggle Table of Content\"><span class=\"ez-toc-js-icon-con\"><span class=\"\"><span class=\"eztoc-hide\" style=\"display:none;\">Toggle<\/span><span class=\"ez-toc-icon-toggle-span\"><svg style=\"fill: #999;color:#999\" xmlns=\"http:\/\/www.w3.org\/2000\/svg\" class=\"list-377408\" width=\"20px\" height=\"20px\" viewBox=\"0 0 24 24\" fill=\"none\"><path d=\"M6 6H4v2h2V6zm14 0H8v2h12V6zM4 11h2v2H4v-2zm16 0H8v2h12v-2zM4 16h2v2H4v-2zm16 0H8v2h12v-2z\" fill=\"currentColor\"><\/path><\/svg><svg style=\"fill: #999;color:#999\" class=\"arrow-unsorted-368013\" xmlns=\"http:\/\/www.w3.org\/2000\/svg\" width=\"10px\" height=\"10px\" viewBox=\"0 0 24 24\" version=\"1.2\" baseProfile=\"tiny\"><path d=\"M18.2 9.3l-6.2-6.3-6.2 6.3c-.2.2-.3.4-.3.7s.1.5.3.7c.2.2.4.3.7.3h11c.3 0 .5-.1.7-.3.2-.2.3-.5.3-.7s-.1-.5-.3-.7zM5.8 14.7l6.2 6.3 6.2-6.3c.2-.2.3-.5.3-.7s-.1-.5-.3-.7c-.2-.2-.4-.3-.7-.3h-11c-.3 0-.5.1-.7.3-.2.2-.3.5-.3.7s.1.5.3.7z\"\/><\/svg><\/span><\/span><\/span><\/a><\/span><\/div>\n<nav><ul class='ez-toc-list ez-toc-list-level-1 ' ><li class='ez-toc-page-1 ez-toc-heading-level-2'><a class=\"ez-toc-link ez-toc-heading-1\" href=\"https:\/\/raum-blick.de\/magazin\/minimalismus-im-winter-entspannt\/#%C2%AB_Zeit_fuer_mehr_Leichtigkeit_%C2%BB\" >\u00ab Zeit f\u00fcr mehr Leichtigkeit \u00bb<\/a><\/li><li class='ez-toc-page-1 ez-toc-heading-level-2'><a class=\"ez-toc-link ez-toc-heading-2\" href=\"https:\/\/raum-blick.de\/magazin\/minimalismus-im-winter-entspannt\/#Winterruhe_statt_Winterstress_Warum_Minimalismus_im_Winter_so_guttut\" >Winterruhe statt Winterstress: Warum Minimalismus im Winter so guttut<\/a><ul class='ez-toc-list-level-3' ><li class='ez-toc-heading-level-3'><a class=\"ez-toc-link ez-toc-heading-3\" href=\"https:\/\/raum-blick.de\/magazin\/minimalismus-im-winter-entspannt\/#Der_erste_Schritt_Aufraeumen_ohne_Aktionismus\" >Der erste Schritt: Aufr\u00e4umen ohne Aktionismus<\/a><\/li><\/ul><\/li><li class='ez-toc-page-1 ez-toc-heading-level-2'><a class=\"ez-toc-link ez-toc-heading-4\" href=\"https:\/\/raum-blick.de\/magazin\/minimalismus-im-winter-entspannt\/#Reduzieren_heisst_nicht_verzichten_sondern_mit_Bedacht_auswaehlen\" >Reduzieren hei\u00dft nicht verzichten, sondern mit Bedacht ausw\u00e4hlen<\/a><\/li><li class='ez-toc-page-1 ez-toc-heading-level-2'><a class=\"ez-toc-link ez-toc-heading-5\" href=\"https:\/\/raum-blick.de\/magazin\/minimalismus-im-winter-entspannt\/#Cleane_Einrichtung_Moebel_die_mitdenken\" >Cleane Einrichtung: M\u00f6bel, die mitdenken<\/a><\/li><li class='ez-toc-page-1 ez-toc-heading-level-2'><a class=\"ez-toc-link ez-toc-heading-6\" href=\"https:\/\/raum-blick.de\/magazin\/minimalismus-im-winter-entspannt\/#Beweglichkeit_im_Arbeitsalltag\" >Beweglichkeit im Arbeitsalltag<\/a><\/li><li class='ez-toc-page-1 ez-toc-heading-level-2'><a class=\"ez-toc-link ez-toc-heading-7\" href=\"https:\/\/raum-blick.de\/magazin\/minimalismus-im-winter-entspannt\/#Vertikale_Ordnung_Wenn_Waende_wieder_atmen_duerfen\" >Vertikale Ordnung: Wenn W\u00e4nde wieder atmen d\u00fcrfen<\/a><\/li><li class='ez-toc-page-1 ez-toc-heading-level-2'><a class=\"ez-toc-link ez-toc-heading-8\" href=\"https:\/\/raum-blick.de\/magazin\/minimalismus-im-winter-entspannt\/#Kleine_Dinge_klar_sortiert_Ordnung_auf_Tischhoehe\" >Kleine Dinge, klar sortiert: Ordnung auf Tischh\u00f6he<\/a><\/li><li class='ez-toc-page-1 ez-toc-heading-level-2'><a class=\"ez-toc-link ez-toc-heading-9\" href=\"https:\/\/raum-blick.de\/magazin\/minimalismus-im-winter-entspannt\/#Licht_im_Winter_reduziert_warm_stimmungsvoll\" >Licht im Winter: reduziert, warm, stimmungsvoll<\/a><\/li><li class='ez-toc-page-1 ez-toc-heading-level-2'><a class=\"ez-toc-link ez-toc-heading-10\" href=\"https:\/\/raum-blick.de\/magazin\/minimalismus-im-winter-entspannt\/#Geschlossener_Stauraum_Ruhe_fuer_die_Augen\" >Geschlossener Stauraum: Ruhe f\u00fcr die Augen<\/a><\/li><li class='ez-toc-page-1 ez-toc-heading-level-2'><a class=\"ez-toc-link ez-toc-heading-11\" href=\"https:\/\/raum-blick.de\/magazin\/minimalismus-im-winter-entspannt\/#Modulare_Ordnungssysteme_die_mitwachsen\" >Modulare Ordnungssysteme, die mitwachsen<\/a><\/li><li class='ez-toc-page-1 ez-toc-heading-level-2'><a class=\"ez-toc-link ez-toc-heading-12\" href=\"https:\/\/raum-blick.de\/magazin\/minimalismus-im-winter-entspannt\/#Winter-Minimalismus_in_der_Praxis_5_konkrete_Tipps\" >Winter-Minimalismus in der Praxis: 5 konkrete Tipps<\/a><\/li><li class='ez-toc-page-1 ez-toc-heading-level-2'><a class=\"ez-toc-link ez-toc-heading-13\" href=\"https:\/\/raum-blick.de\/magazin\/minimalismus-im-winter-entspannt\/#Haeufige_gestellte_Fragen_FAQs_%E2%80%93_Minimalismus_im_Winter_weniger_ist_mehr\" >H\u00e4ufige gestellte Fragen (FAQs) \u2013 Minimalismus im Winter, weniger ist mehr:<\/a><ul class='ez-toc-list-level-3' ><li class='ez-toc-heading-level-3'><a class=\"ez-toc-link ez-toc-heading-14\" href=\"https:\/\/raum-blick.de\/magazin\/minimalismus-im-winter-entspannt\/#Ist_Minimalismus_im_Winter_nicht_ungemuetlich\" >Ist Minimalismus im Winter nicht ungem\u00fctlich?<\/a><\/li><li class='ez-toc-page-1 ez-toc-heading-level-3'><a class=\"ez-toc-link ez-toc-heading-15\" href=\"https:\/\/raum-blick.de\/magazin\/minimalismus-im-winter-entspannt\/#Muss_ich_komplett_neu_einrichten\" >Muss ich komplett neu einrichten?<\/a><\/li><li class='ez-toc-page-1 ez-toc-heading-level-3'><a class=\"ez-toc-link ez-toc-heading-16\" href=\"https:\/\/raum-blick.de\/magazin\/minimalismus-im-winter-entspannt\/#Funktioniert_Minimalismus_mit_Familie\" >Funktioniert Minimalismus mit Familie?<\/a><\/li><\/ul><\/li><\/ul><\/nav><\/div>\n\n<h2><span class=\"ez-toc-section\" id=\"Winterruhe_statt_Winterstress_Warum_Minimalismus_im_Winter_so_guttut\"><\/span>Winterruhe statt Winterstress: Warum Minimalismus im Winter so guttut<span class=\"ez-toc-section-end\"><\/span><\/h2>\n<p>Im Sommer \u201everteilt\u201c sich das Leben. Im Winter dagegen b\u00fcndelt es sich. Wir verbringen mehr Zeit zu Hause, arbeiten h\u00e4ufiger im Homeoffice, nutzen Wohn- und Arbeitsbereiche intensiver. Jeder Raum muss mehr leisten. Da wiegt nat\u00fcrlich auch jede Unordnung schwerer.<\/p>\n<p>Ein reduziertes Wohnumfeld sorgt in dieser Jahreszeit f\u00fcr:<\/p>\n<ul>\n<li>klarere Blickachsen bei wenig Tageslicht<\/li>\n<li>weniger Ablenkung im Alltag<\/li>\n<li>ruhigere Abl\u00e4ufe und bessere Orientierung<\/li>\n<li>R\u00e4ume, die entlasten<\/li>\n<\/ul>\n<p>Minimalismus im Winter wird damit zu einem echten Komfortfaktor. Er schafft \u00dcbersicht dort, wo sonst schnell \u00dcberforderung entsteht.<\/p>\n<h3><span class=\"ez-toc-section\" id=\"Der_erste_Schritt_Aufraeumen_ohne_Aktionismus\"><\/span>Der erste Schritt: Aufr\u00e4umen ohne Aktionismus<span class=\"ez-toc-section-end\"><\/span><\/h3>\n<p>Bevor neue M\u00f6bel einziehen oder Sie Ordnungssysteme anschaffen, sollten Sie eine ehrliche Bestandsaufnahme machen. Nicht radikal, nicht an einem einzigen Wochenende, sondern Schritt f\u00fcr Schritt. Das ist der Anfang des Minimalismus im Winter.<\/p>\n<p><strong>Drei Fragen, die zuverl\u00e4ssig Klarheit schaffen:<\/strong><\/p>\n<ul>\n<li>Nutze ich das regelm\u00e4\u00dfig \u2013 oder bewahre ich es nur auf?<\/li>\n<li>Erleichtert es meinen Alltag oder macht es ihn komplizierter?<\/li>\n<li>Passt es zu meinem aktuellen Lebensstil?<\/li>\n<\/ul>\n<p>Gerade im Winter trennt sich schnell das Praktische vom \u00dcberfl\u00fcssigen. Alles, was keinen klaren Zweck erf\u00fcllt, erzeugt visuelle Unruhe. Und kostet Energie.<\/p>\n<p><strong>Typische Winter-Ballasttr\u00e4ger:<\/strong><\/p>\n<ul>\n<li>Garderoben, in denen Sommer- und Winterkleidung gleichzeitig h\u00e4ngen<\/li>\n<li>Arbeitsfl\u00e4chen, die zu dauerhaften Ablagen geworden sind<\/li>\n<li>Beistelltische ohne klar definierte Funktion<\/li>\n<li>Dekoration ohne Bezug zur Jahreszeit<\/li>\n<\/ul>\n<p>Minimalismus im Winter beginnt nicht mit Design, sondern mit Entscheidungen.<\/p>\n<h2><span class=\"ez-toc-section\" id=\"Reduzieren_heisst_nicht_verzichten_sondern_mit_Bedacht_auswaehlen\"><\/span>Reduzieren hei\u00dft nicht verzichten, sondern mit Bedacht ausw\u00e4hlen<span class=\"ez-toc-section-end\"><\/span><\/h2>\n<p>Ein reduzierter Raum ist kein leerer Raum. Er ist ein Raum mit klarer Aussage. Wenn \u00dcberfl\u00fcssiges verschwindet, bekommen Materialien, Formen und Lieblingsst\u00fccke mehr Pr\u00e4senz.<\/p>\n<p>Minimalismus im Winter wirkt stimmig, wenn:<\/p>\n<ul>\n<li>nat\u00fcrliche Materialien wie Holz, Textilien oder Metall dominieren<\/li>\n<li>Farben bewusst und sparsam eingesetzt werden<\/li>\n<li>M\u00f6bel klar positioniert sind<\/li>\n<li>Fl\u00e4chen frei bleiben und Luft zum Atmen lassen<\/li>\n<\/ul>\n<p>Weniger Dinge schaffen mehr Wirkung. Das Ergebnis ist kein k\u00fchles Ambiente, sondern ein Zuhause, das entschleunigt und Ihnen Ruhe schenkt.<\/p>\n<h2><span class=\"ez-toc-section\" id=\"Cleane_Einrichtung_Moebel_die_mitdenken\"><\/span>Cleane Einrichtung: M\u00f6bel, die mitdenken<span class=\"ez-toc-section-end\"><\/span><\/h2>\n<p>Minimalistische Einrichtung lebt von M\u00f6beln, die mehr k\u00f6nnen, als gut aussehen. Sie strukturieren den Alltag, entlasten Abl\u00e4ufe und helfen dabei, dauerhaft Ordnung zu halten.<\/p>\n<h2><span class=\"ez-toc-section\" id=\"Beweglichkeit_im_Arbeitsalltag\"><\/span>Beweglichkeit im Arbeitsalltag<span class=\"ez-toc-section-end\"><\/span><\/h2>\n<p>Der <a href=\"https:\/\/raum-blick.de\/aeris-swopper-schwarz\"><strong><u>dynamische Aeris Swopper<\/u><\/strong><\/a> bringt sp\u00fcrbare Leichtigkeit ins Homeoffice \u2013 optisch wie funktional. Statt einer starren Sitzposition f\u00f6rdert er Bewegung, reagiert auf jede Gewichtsverlagerung und aktiviert ganz nebenbei die Muskulatur. Der Swopper bringt Kreislauf und Stoffwechsel in Schwung und das gelegentliche Wippen entlastet und macht einfach Freude.<\/p>\n<p>Im Winter, wenn wir mehr Zeit sitzend verbringen, merken Sie den Unterschied zu einem herk\u00f6mmlichen B\u00fcrostuhl besonders deutlich: Der K\u00f6rper bleibt wacher, Verspannungen entstehen langsamer, der Arbeitsplatz f\u00fchlt sich weniger belastend an. Gleichzeitig wirkt der Swopper durch seine reduzierte Form leicht und zur\u00fcckhaltend. Also ideal f\u00fcr ein cleanes Arbeitsumfeld.<\/p>\n<p><a href=\"https:\/\/raum-blick.de\/aeris-swopper-schwarz\"><img loading=\"lazy\" decoding=\"async\" class=\"alignnone wp-image-23038 size-medium\" src=\"https:\/\/raum-blick.de\/magazin\/wp-content\/uploads\/2026\/01\/aeris-swooper-101-STBK-BK-UR01_69102_1920x1920-300x300.jpg\" alt=\"Schwarzer Aeris Swopper als minimalistischer, ergonomischer B\u00fcrostuhl im Homeoffice.\" width=\"300\" height=\"300\" title=\"\"><\/a>\u00a0 \u00a0 <a href=\"https:\/\/raum-blick.de\/aeris-swopper-schwarz\"><img loading=\"lazy\" decoding=\"async\" class=\"alignnone wp-image-23037 size-medium\" src=\"https:\/\/raum-blick.de\/magazin\/wp-content\/uploads\/2026\/01\/swooper-schwarz-aeris_69097_1920x1920-300x300.jpg\" alt=\"Minimalismus im Winter: Mit dem beweglichen schwarzen Aeris Swopper ein Leichtes. \" width=\"300\" height=\"300\" title=\"\"><\/a><\/p>\n<p><em>Der dynamische Aeris Swopper bringt Bewegung und Leichtigkeit in reduzierte Arbeitsbereiche. Wippen unbedingt erw\u00fcnscht!<\/em><\/p>\n<h2><span class=\"ez-toc-section\" id=\"Vertikale_Ordnung_Wenn_Waende_wieder_atmen_duerfen\"><\/span>Vertikale Ordnung: Wenn W\u00e4nde wieder atmen d\u00fcrfen<span class=\"ez-toc-section-end\"><\/span><\/h2>\n<p>Minimalismus im Winter denkt nach oben und deshalb gerne auch in Wandl\u00f6sungen, die Stauraum schaffen, ohne den Raum optisch zu beschweren.<\/p>\n<p><strong>Luftig, flexibel, zeitlos<\/strong><\/p>\n<p>Das <a href=\"https:\/\/raum-blick.de\/string-furniture-pocket-regal\"><strong><u>filigrane String Furniture Pocket Regal<\/u><\/strong><\/a> ist ein Klassiker f\u00fcr genau diesen Ansatz. Es bietet Platz f\u00fcr B\u00fccher, Keramik oder ausgew\u00e4hlte Alltagsobjekte und bleibt dabei bewusst zur\u00fcckhaltend. Die offene Konstruktion sorgt daf\u00fcr, dass der Raum leicht wirkt und das Regal einen nicht erdr\u00fcckt.<\/p>\n<p>Eine Offenheit, die in der Winterzeit wohltuend wirkt. Alles hat seinen Platz, ohne sich aufzudr\u00e4ngen. Die Ordnung ist sichtbar, aber nicht dominant. Das nehmen wir jetzt viel deutlicher wahr, denn im Winter sind wir einfach mehr zu Hause.<\/p>\n<p><a href=\"https:\/\/raum-blick.de\/string-furniture-pocket-regal\"><img loading=\"lazy\" decoding=\"async\" class=\"alignnone wp-image-23032 size-medium\" src=\"https:\/\/raum-blick.de\/magazin\/wp-content\/uploads\/2026\/01\/string-ambiente-2_17998_1920x1920-300x300.jpg\" alt=\"Das dunkle String Furniture Pocket Regal an einer hellen Wand mit B\u00fcchern und ausgew\u00e4hlten Objekten.\" width=\"300\" height=\"300\" title=\"\"><\/a>\u00a0 \u00a0 <a href=\"https:\/\/raum-blick.de\/string-furniture-pocket-regal\"><img loading=\"lazy\" decoding=\"async\" class=\"alignnone wp-image-18393 size-medium\" src=\"https:\/\/raum-blick.de\/magazin\/wp-content\/uploads\/2023\/09\/String_2014_Pocket_gron-20t921klLRrzaQ_200x200@2x-300x300.jpg\" alt=\"String Pocket Regal in Salbeigr\u00fcn, best\u00fcckt mit diversen Vasen und Ton-in-Ton mit der Wand. Ein farbenfroher Minimalismus im Winter.\" width=\"300\" height=\"300\" title=\"\" srcset=\"https:\/\/raum-blick.de\/magazin\/wp-content\/uploads\/2023\/09\/String_2014_Pocket_gron-20t921klLRrzaQ_200x200@2x-300x300.jpg 300w, https:\/\/raum-blick.de\/magazin\/wp-content\/uploads\/2023\/09\/String_2014_Pocket_gron-20t921klLRrzaQ_200x200@2x-150x150.jpg 150w, https:\/\/raum-blick.de\/magazin\/wp-content\/uploads\/2023\/09\/String_2014_Pocket_gron-20t921klLRrzaQ_200x200@2x.jpg 400w\" sizes=\"(max-width: 300px) 100vw, 300px\" \/><\/a><\/p>\n<p><em>Formsch\u00f6n und durchdacht: Das String Pocket Regal schafft Stauraum, ohne den Raum optisch zu beschweren. F\u00fcr uns ein absoluter Ordnungs-Klassiker!<\/em><\/p>\n<h2><span class=\"ez-toc-section\" id=\"Kleine_Dinge_klar_sortiert_Ordnung_auf_Tischhoehe\"><\/span>Kleine Dinge, klar sortiert: Ordnung auf Tischh\u00f6he<span class=\"ez-toc-section-end\"><\/span><\/h2>\n<p>Minimalismus im Winter entscheidet sich oft im Detail. Besonders Arbeits- und Ablagefl\u00e4chen profitieren von klaren Strukturen. Und ein gut strukturierter Tisch ver\u00e4ndert sofort die Wirkung eines ganzen Raumes. Sie werden sehen.<\/p>\n<p><strong>Alles griffbereit, nichts im Weg<\/strong><\/p>\n<p>Die <a href=\"https:\/\/raum-blick.de\/vitra-toolbox\"><strong><u>praktische Vitra Toolbox<\/u><\/strong><\/a> sammelt Stifte, Notizen, Kabel oder Werkzeuge an einem Ort. Sie schafft Ordnung, ohne Dinge zu verstecken, und l\u00e4sst sich flexibel dort einsetzen, wo sie gerade gebraucht wird. Und sie findet nat\u00fcrlich auch selbst \u00fcberall ein Pl\u00e4tzchen. Im Regal, im Schrank oder im Trolley.<\/p>\n<p>Diese Klarheit brauchen wir im Winter. Homeoffice, Planung und kreative Phasen fordern uns tagt\u00e4glich, aber Struktur und Ruhe halten uns den Kopf frei. Das ist winterlicher Minimalismus wie wir ihn lieben!<\/p>\n<p><a href=\"https:\/\/raum-blick.de\/vitra-toolbox\"><img loading=\"lazy\" decoding=\"async\" class=\"alignnone wp-image-23030 size-medium\" src=\"https:\/\/raum-blick.de\/magazin\/wp-content\/uploads\/2026\/01\/Vitra-Toolbox-senf_1920x1920-300x300.jpg\" alt=\"Stifte, Zettel, B\u00fccher, Objekte - in der Vitra Toolbox findet alles seinen Platz. \" width=\"300\" height=\"300\" title=\"\"><\/a>\u00a0 \u00a0 <a href=\"https:\/\/raum-blick.de\/vitra-toolbox\"><img loading=\"lazy\" decoding=\"async\" class=\"alignnone wp-image-23029 size-medium\" src=\"https:\/\/raum-blick.de\/magazin\/wp-content\/uploads\/2026\/01\/vitra-Toolbox-brick-60342-2_1920x1920-300x300.jpg\" alt=\"Da sehen wir gerne Rot: Die praktische Vitra Toolbox hat Platz f\u00fcr Schere, Spitzer; Stifte und was sonst noch so unentbehrlich f\u00fcr Sie ist.\" width=\"300\" height=\"300\" title=\"\"><\/a><\/p>\n<p><em>Egal in welcher Farbe, die Vitra Toolbox sorgt f\u00fcr \u00a0Struktur und \u00dcbersicht. Praktisch zum Mitnehmen!<\/em><\/p>\n<h2><span class=\"ez-toc-section\" id=\"Licht_im_Winter_reduziert_warm_stimmungsvoll\"><\/span>Licht im Winter: reduziert, warm, stimmungsvoll<span class=\"ez-toc-section-end\"><\/span><\/h2>\n<p>Im Winter ist Licht kein Nebendarsteller. Es entscheidet \u00fcber Atmosph\u00e4re, Tiefe und Ruhe im Raum. Entscheidend ist dabei nicht die Masse an Lichtquellen, sondern vielmehr der gezielte akzentuierte Einsatz. Denn hier spielt die minimalistische Beleuchtung ihre St\u00e4rken aus.<\/p>\n<p><strong>Ein Akzent reicht<\/strong><\/p>\n<p>Die <a href=\"https:\/\/raum-blick.de\/fatboy-transloetje-tischleuchte\"><strong><u>sanft leuchtende Fatboy Transloetje Tischleuchte<\/u><\/strong><\/a> erinnert so ein bisschen an Omas Stehleuchte. Ist aber nat\u00fcrlich wesentlich moderner. Das f\u00e4ngt damit an, dass die transparente Retro-Akku-Leuchte kobellos und aufladbar ist. hr warmes, diffuses Licht schafft Ruhezonen. Auf Sideboards, Fensterb\u00e4nken oder Nachttischen. Und sie setzt Licht punktuell, ohne dabei dominant zu wirken.<\/p>\n<p>Statt den Raum gleichm\u00e4\u00dfig auszuleuchten, arbeitet die Transloetje mit Stimmung. Genau das macht sie so perfekt f\u00fcr minimalistische Winterr\u00e4ume.<\/p>\n<p><a href=\"https:\/\/raum-blick.de\/fatboy-transloetje-tischleuchte\"><img loading=\"lazy\" decoding=\"async\" class=\"alignnone wp-image-23026 size-medium\" src=\"https:\/\/raum-blick.de\/magazin\/wp-content\/uploads\/2026\/01\/fatboy-transloetje-rotterdam_21761VILvlT9uFgKOo_67283_1920x1920-300x300.jpg\" alt=\"Kabellos, reduziert und \u00fcberall DER Hingucker: die Fatboy Transloetje Tischleuchte. Farbenfroher Minimalismus im Winter. \" width=\"300\" height=\"300\" title=\"\"><\/a>\u00a0 \u00a0 <a href=\"https:\/\/raum-blick.de\/fatboy-transloetje-tischleuchte\"><img loading=\"lazy\" decoding=\"async\" class=\"alignnone wp-image-9024 size-medium\" src=\"https:\/\/raum-blick.de\/magazin\/wp-content\/uploads\/2019\/09\/fatboy-transloetje-300x300.jpg\" alt=\"Objekt oder Leuchte? Die Fatboy Transloetje ist beides und \u00fcberzeugt mit warmen Farben und sanftem Licht. \" width=\"300\" height=\"300\" title=\"\" srcset=\"https:\/\/raum-blick.de\/magazin\/wp-content\/uploads\/2019\/09\/fatboy-transloetje-300x300.jpg 300w, https:\/\/raum-blick.de\/magazin\/wp-content\/uploads\/2019\/09\/fatboy-transloetje-150x150.jpg 150w, https:\/\/raum-blick.de\/magazin\/wp-content\/uploads\/2019\/09\/fatboy-transloetje-768x768.jpg 768w, https:\/\/raum-blick.de\/magazin\/wp-content\/uploads\/2019\/09\/fatboy-transloetje-1024x1024.jpg 1024w, https:\/\/raum-blick.de\/magazin\/wp-content\/uploads\/2019\/09\/fatboy-transloetje.jpg 1500w\" sizes=\"(max-width: 300px) 100vw, 300px\" \/><\/a><\/p>\n<p><em>Einfach zum Verlieben, diese Tischleuchte: Die Transloetje setzt warme Lichtakzente in reduzierten Wohnr\u00e4umen und macht aus jedem Raum ein Ereignis.<\/em><\/p>\n<h2><span class=\"ez-toc-section\" id=\"Geschlossener_Stauraum_Ruhe_fuer_die_Augen\"><\/span>Geschlossener Stauraum: Ruhe f\u00fcr die Augen<span class=\"ez-toc-section-end\"><\/span><\/h2>\n<p>Offene Regale sind praktisch, aber nicht unbedingt immer entspannend. Denn hier wandern unsere Blicke und die Reize sind vielf\u00e4ltig. Setzen Sie jetzt im Winter lieber auf geschlossenen Stauraum. Das ist deutlich wohltuender f\u00fcr den Raum und den Kopf. Denn was wir nicht sehen, besch\u00e4ftigt uns auch nicht. Also lassen Sie ruhig das ein oder andere \u201everschwinden\u201c und erleben Sie, wie gut das tut.<\/p>\n<p><strong>Spind mit Charakter<\/strong><\/p>\n<p>Der <a href=\"https:\/\/raum-blick.de\/mustard-made-the-shorty\"><strong><u>kompakte Mustard Made Shorty<\/u><\/strong><\/a> bietet Platz f\u00fcr Dinge, die nicht st\u00e4ndig pr\u00e4sent sein m\u00fcssen: Unterlagen, Technik, Textilien oder einfach Alltagskram. Mit klaren Linien und Farbe wird er selbst zum Statement, ohne dabei aufdringlich zu sein. Der farbenfrohe Spind bringt Struktur in R\u00e4ume, die sonst schnell unruhig wirken w\u00fcrden. Und setzt dabei bewusst einen gestalterischen Akzent.<\/p>\n<p><a href=\"https:\/\/raum-blick.de\/mustard-made-the-shorty\"><img loading=\"lazy\" decoding=\"async\" class=\"alignnone wp-image-20401 size-medium\" src=\"https:\/\/raum-blick.de\/magazin\/wp-content\/uploads\/2024\/07\/mustard-made-the-shorty-ocean-bett_96490_200x200@2x-300x300.jpg\" alt=\"Der himmelblaue Mustard Made Shorty macht sich vor der dunkelblauen Wand wunderbar als Nachttisch.\" width=\"300\" height=\"300\" title=\"\" srcset=\"https:\/\/raum-blick.de\/magazin\/wp-content\/uploads\/2024\/07\/mustard-made-the-shorty-ocean-bett_96490_200x200@2x-300x300.jpg 300w, https:\/\/raum-blick.de\/magazin\/wp-content\/uploads\/2024\/07\/mustard-made-the-shorty-ocean-bett_96490_200x200@2x-150x150.jpg 150w, https:\/\/raum-blick.de\/magazin\/wp-content\/uploads\/2024\/07\/mustard-made-the-shorty-ocean-bett_96490_200x200@2x.jpg 400w\" sizes=\"(max-width: 300px) 100vw, 300px\" \/><\/a>\u00a0 \u00a0 <a href=\"https:\/\/raum-blick.de\/mustard-made-the-shorty\"><img loading=\"lazy\" decoding=\"async\" class=\"alignnone wp-image-20400 size-medium\" src=\"https:\/\/raum-blick.de\/magazin\/wp-content\/uploads\/2024\/07\/mustard-made-the-shorty-blush-to-the-left-offen_96499_200x200@2x-300x300.jpg\" alt=\"Der kompakter Mustard Made Shorty macht auch in zartem Rosa eine gute Figur und bietet reichlich Stauraum. Mit Kabelloch und zum Abschlie\u00dfen.\" width=\"300\" height=\"300\" title=\"\" srcset=\"https:\/\/raum-blick.de\/magazin\/wp-content\/uploads\/2024\/07\/mustard-made-the-shorty-blush-to-the-left-offen_96499_200x200@2x-300x300.jpg 300w, https:\/\/raum-blick.de\/magazin\/wp-content\/uploads\/2024\/07\/mustard-made-the-shorty-blush-to-the-left-offen_96499_200x200@2x-150x150.jpg 150w, https:\/\/raum-blick.de\/magazin\/wp-content\/uploads\/2024\/07\/mustard-made-the-shorty-blush-to-the-left-offen_96499_200x200@2x.jpg 400w\" sizes=\"(max-width: 300px) 100vw, 300px\" \/><\/a><\/p>\n<p><em>Klare Formensprache, zig verschiedene Farben und robustes pulverbeschichtetes Stahlblech. Die perfekte Kombi f\u00fcr eines der flexibelsten, abschlie\u00dfbaren Stauraum-M\u00f6bel.\u00a0<\/em><\/p>\n<h2><span class=\"ez-toc-section\" id=\"Modulare_Ordnungssysteme_die_mitwachsen\"><\/span>Modulare Ordnungssysteme, die mitwachsen<span class=\"ez-toc-section-end\"><\/span><\/h2>\n<p>Minimalismus ist kein starres Konzept. Schlie\u00dflich hat ja jeder von uns andere Bed\u00fcrfnisse. Die Kunst ist, es passend zu machen. Und die beherrschen gute Ordnungssysteme. Denn sie passen sich unserem Alltag an \u2013 nicht umgekehrt. So k\u00f6nnen Sie sich immer wieder neu sortieren.<\/p>\n<p><strong>Flexibel, durchdacht, langlebig<\/strong><\/p>\n<p>Die <a href=\"https:\/\/raum-blick.de\/muuto-arrange-desktop-serie-selbstkonfiguration\"><strong><u>clevere Muuto Arrange Desktop Serie<\/u><\/strong><\/a> ist hier ein sch\u00f6nes Beispiel. Sie l\u00e4sst sich individuell konfigurieren und jederzeit anpassen. Die einzelnen Module k\u00f6nnen Sie ganz nach Ihren Anforderungen kombinieren, stapeln oder neu anordnen.<\/p>\n<p>Damit ist diese Serie pr\u00e4destiniert f\u00fcr Arbeitspl\u00e4tze, die sich im Winter zwischen Job, Planung und Kreativ-Zeit bewegen. Sie er\u00f6ffnet Ihnen nicht nur unz\u00e4hlige M\u00f6glichkeiten, sondern ist dazu auch noch nachhaltig. Mehr Flexibilit\u00e4t geht kaum!<\/p>\n<p><a href=\"https:\/\/raum-blick.de\/muuto-arrange-desktop-serie-selbstkonfiguration\"><img loading=\"lazy\" decoding=\"async\" class=\"alignnone wp-image-23025 size-medium\" src=\"https:\/\/raum-blick.de\/magazin\/wp-content\/uploads\/2026\/01\/muuto-arrange-desktop-serie-config-2-alu_61948_1920x1920-300x300.jpg\" alt=\"Rot, Wei\u00df, Gr\u00fcn - Muuto Arrange Desktop Module in drei unterschiedlichen Gr\u00f6\u00dfen und Farben gestapelt. \" width=\"300\" height=\"300\" title=\"\"><\/a>\u00a0 <a href=\"https:\/\/raum-blick.de\/muuto-arrange-desktop-serie-selbstkonfiguration\"><img loading=\"lazy\" decoding=\"async\" class=\"alignnone wp-image-23024 size-medium\" src=\"https:\/\/raum-blick.de\/magazin\/wp-content\/uploads\/2026\/01\/muuto-arrange-desktop-serie-grau-config-1_61949_1920x1920-300x300.jpg\" alt=\"Ganz in Wei\u00df: Muuto Arrange Desktop Module in drei unterschiedlichen Gr\u00f6\u00dfen. Das ist Minimalismus im Winter, wie wir ihn lieben.\" width=\"300\" height=\"300\" title=\"\"><\/a><\/p>\n<p><em>Muuto Arrange bringt modulare Ordnung auf den Punkt. In diversen Gr\u00f6\u00dfen und Farbkombinationen. F\u00fcr Ihr ganz eigenes Ablagesystem.<\/em><\/p>\n<h2><span class=\"ez-toc-section\" id=\"Winter-Minimalismus_in_der_Praxis_5_konkrete_Tipps\"><\/span>Winter-Minimalismus in der Praxis: 5 konkrete Tipps<span class=\"ez-toc-section-end\"><\/span><\/h2>\n<ol>\n<li>Jede Fl\u00e4che bekommt eine klare Aufgabe<\/li>\n<li>Dekoration bewusst reduzieren<\/li>\n<li>Farben b\u00fcndeln, Materialien wirken lassen<\/li>\n<li>Geschlossenen Stauraum gezielt nutzen<\/li>\n<li>Lieblingsst\u00fccke sichtbar platzieren<\/li>\n<\/ol>\n<h2><span class=\"ez-toc-section\" id=\"Haeufige_gestellte_Fragen_FAQs_%E2%80%93_Minimalismus_im_Winter_weniger_ist_mehr\"><\/span>H\u00e4ufige gestellte Fragen (FAQs) \u2013 Minimalismus im Winter, weniger ist mehr:<span class=\"ez-toc-section-end\"><\/span><\/h2>\n<h3><span class=\"ez-toc-section\" id=\"Ist_Minimalismus_im_Winter_nicht_ungemuetlich\"><\/span>Ist Minimalismus im Winter nicht ungem\u00fctlich?<span class=\"ez-toc-section-end\"><\/span><\/h3>\n<p>Nein, ganz im Gegenteil. Gerade im Winter geht es nicht um Masse, sondern vielmehr um Reduktion. Materialien, Licht und Ruhe sind jetzt essenziell. Denn sie sorgen f\u00fcr W\u00e4rme in ihrem Zuhause.<\/p>\n<h3><span class=\"ez-toc-section\" id=\"Muss_ich_komplett_neu_einrichten\"><\/span>Muss ich komplett neu einrichten?<span class=\"ez-toc-section-end\"><\/span><\/h3>\n<p>Auf keinen Fall. Fangen Sie einfach an, zu reduzieren, umzustellen und gezielt zu erg\u00e4nzen. Das hat schon eine unglaubliche Wirkung. Probieren Sie&#8217;s einfach mal aus!<\/p>\n<h3><span class=\"ez-toc-section\" id=\"Funktioniert_Minimalismus_mit_Familie\"><\/span>Funktioniert Minimalismus mit Familie?<span class=\"ez-toc-section-end\"><\/span><\/h3>\n<p>Aber nat\u00fcrlich. Gerade dann sogar besonders gut. Denn klare Strukturen erleichtern jedem Familienmitglied den Alltag. Und das deutlich.<\/p>\n<p>&nbsp;<\/p>\n<p style=\"text-align: center;\"><a class=\"wp-block-button__link has-white-color has-black-background-color has-text-color has-background wp-element-button\" style=\"background-color: #b8a490 !important;\" href=\"https:\/\/www.raum-blick.de\/\">Hier gibt&#8217;s alles f\u00fcr klar strukturierte R\u00e4ume!<\/a><\/p>\n<p>&nbsp;<\/p>\n","protected":false},"excerpt":{"rendered":"<p>\u00ab Zeit f\u00fcr mehr Leichtigkeit \u00bb Die Tage sind k\u00fcrzer, das Licht weicher, der Blick richtet sich nach innen \u2013 im w\u00f6rtlichen wie im \u00fcbertragenen Sinn. Genau hier setzt Minimalismus im Winter an. Nicht als radikale Askese, sondern als bewusste Entscheidung f\u00fcr Ruhe, \u00dcbersicht und funktionale Sch\u00f6nheit. Denn ein aufger\u00e4umtes Zuhause entlastet. Punkt. Weniger Gegenst\u00e4nde [&hellip;]<\/p>\n","protected":false},"author":10,"featured_media":24476,"comment_status":"closed","ping_status":"open","sticky":false,"template":"","format":"standard","meta":{"_et_pb_use_builder":"","_et_pb_old_content":"","_et_gb_content_width":"","inline_featured_image":false,"footnotes":""},"categories":[1],"tags":[1427,1426,98,342,334,40,158,43,2240,239,1301,15,24,910,1748,909,520,27],"class_list":["post-24441","post","type-post","status-publish","format-standard","has-post-thumbnail","hentry","category-drinnen","tag-aeris","tag-aeris-swopper","tag-beleuchtung","tag-dekoration","tag-design","tag-fatboy","tag-hocker","tag-leuchten","tag-mustard-made","tag-muuto","tag-ordnungshelfer","tag-string","tag-string-pocket","tag-tischleuchte","tag-toolbox","tag-transloetje","tag-vitra","tag-wohnaccessoires"],"_links":{"self":[{"href":"https:\/\/raum-blick.de\/magazin\/wp-json\/wp\/v2\/posts\/24441","targetHints":{"allow":["GET"]}}],"collection":[{"href":"https:\/\/raum-blick.de\/magazin\/wp-json\/wp\/v2\/posts"}],"about":[{"href":"https:\/\/raum-blick.de\/magazin\/wp-json\/wp\/v2\/types\/post"}],"author":[{"embeddable":true,"href":"https:\/\/raum-blick.de\/magazin\/wp-json\/wp\/v2\/users\/10"}],"replies":[{"embeddable":true,"href":"https:\/\/raum-blick.de\/magazin\/wp-json\/wp\/v2\/comments?post=24441"}],"version-history":[{"count":0,"href":"https:\/\/raum-blick.de\/magazin\/wp-json\/wp\/v2\/posts\/24441\/revisions"}],"wp:featuredmedia":[{"embeddable":true,"href":"https:\/\/raum-blick.de\/magazin\/wp-json\/wp\/v2\/media\/24476"}],"wp:attachment":[{"href":"https:\/\/raum-blick.de\/magazin\/wp-json\/wp\/v2\/media?parent=24441"}],"wp:term":[{"taxonomy":"category","embeddable":true,"href":"https:\/\/raum-blick.de\/magazin\/wp-json\/wp\/v2\/categories?post=24441"},{"taxonomy":"post_tag","embeddable":true,"href":"https:\/\/raum-blick.de\/magazin\/wp-json\/wp\/v2\/tags?post=24441"}],"curies":[{"name":"wp","href":"https:\/\/api.w.org\/{rel}","templated":true}]}}