{"id":2368,"date":"2017-02-14T12:36:23","date_gmt":"2017-02-14T11:36:23","guid":{"rendered":"https:\/\/www.raum-blick.de\/magazin\/?p=2368"},"modified":"2024-08-30T11:45:39","modified_gmt":"2024-08-30T09:45:39","slug":"multifunktionsmoebel-platzsparend","status":"publish","type":"post","link":"https:\/\/raum-blick.de\/magazin\/multifunktionsmoebel-platzsparend\/","title":{"rendered":"Multifunktionale, platzsparende M\u00f6bel"},"content":{"rendered":"<h2><span class=\"ez-toc-section\" id=\"%C2%AB_Ein_Einrichtungsstueck_verschiedene_Verwendungsmoeglichkeiten_%C2%BB\"><\/span>\u00ab Ein Einrichtungsst\u00fcck, verschiedene Verwendungsm\u00f6glichkeiten \u00bb<span class=\"ez-toc-section-end\"><\/span><\/h2>\n<p style=\"text-align: justify;\"><strong>Um sich platzsparend einzurichten, sollten Sie sich stets gute Gedanken dar\u00fcber machen, wie Sie Ihr Konzept gestalten \u2013 insbesondere bei kleinen Wohnungen kann dies eine Herausforderung sein. Multifunktionale, platzsparende M\u00f6bel sind hierbei zu empfehlen. Sie bieten verschiedene M\u00f6glichkeiten, wie Sie praktische Funktionen nutzen und dabei Freir\u00e4ume schaffen. Zudem erfreuen moderne Design-St\u00fccke auch aus optischer Sicht. Erfahren Sie bei uns mehr \u00fcber Ihre M\u00f6glichkeiten.<\/strong><\/p>\n<p style=\"text-align: justify;\">Bei der Inneneinrichtung kommt es besonders auf zwei Komponenten an. Zum einen sollen die eigenen vier W\u00e4nde mit einer geschmackvollen M\u00f6belausstattung aufwarten, zum anderen muss noch genug Raum bleiben, um sich frei zu bewegen. Wird ein Zimmer zu sehr \u00fcberladen, k\u00f6nnen Design-M\u00f6bel leicht ins Gegenteil verkehren und eher beengend wirken.<\/p><div id=\"ez-toc-container\" class=\"ez-toc-v2_0_82_2 counter-hierarchy ez-toc-counter ez-toc-grey ez-toc-container-direction\">\n<div class=\"ez-toc-title-container\">\n<p class=\"ez-toc-title\" style=\"cursor:inherit\">Was hier auf Sie wartet<\/p>\n<span class=\"ez-toc-title-toggle\"><a href=\"#\" class=\"ez-toc-pull-right ez-toc-btn ez-toc-btn-xs ez-toc-btn-default ez-toc-toggle\" aria-label=\"Toggle Table of Content\"><span class=\"ez-toc-js-icon-con\"><span class=\"\"><span class=\"eztoc-hide\" style=\"display:none;\">Toggle<\/span><span class=\"ez-toc-icon-toggle-span\"><svg style=\"fill: #999;color:#999\" xmlns=\"http:\/\/www.w3.org\/2000\/svg\" class=\"list-377408\" width=\"20px\" height=\"20px\" viewBox=\"0 0 24 24\" fill=\"none\"><path d=\"M6 6H4v2h2V6zm14 0H8v2h12V6zM4 11h2v2H4v-2zm16 0H8v2h12v-2zM4 16h2v2H4v-2zm16 0H8v2h12v-2z\" fill=\"currentColor\"><\/path><\/svg><svg style=\"fill: #999;color:#999\" class=\"arrow-unsorted-368013\" xmlns=\"http:\/\/www.w3.org\/2000\/svg\" width=\"10px\" height=\"10px\" viewBox=\"0 0 24 24\" version=\"1.2\" baseProfile=\"tiny\"><path d=\"M18.2 9.3l-6.2-6.3-6.2 6.3c-.2.2-.3.4-.3.7s.1.5.3.7c.2.2.4.3.7.3h11c.3 0 .5-.1.7-.3.2-.2.3-.5.3-.7s-.1-.5-.3-.7zM5.8 14.7l6.2 6.3 6.2-6.3c.2-.2.3-.5.3-.7s-.1-.5-.3-.7c-.2-.2-.4-.3-.7-.3h-11c-.3 0-.5.1-.7.3-.2.2-.3.5-.3.7s.1.5.3.7z\"\/><\/svg><\/span><\/span><\/span><\/a><\/span><\/div>\n<nav><ul class='ez-toc-list ez-toc-list-level-1 ' ><li class='ez-toc-page-1 ez-toc-heading-level-2'><a class=\"ez-toc-link ez-toc-heading-1\" href=\"https:\/\/raum-blick.de\/magazin\/multifunktionsmoebel-platzsparend\/#%C2%AB_Ein_Einrichtungsstueck_verschiedene_Verwendungsmoeglichkeiten_%C2%BB\" >\u00ab Ein Einrichtungsst\u00fcck, verschiedene Verwendungsm\u00f6glichkeiten \u00bb<\/a><\/li><li class='ez-toc-page-1 ez-toc-heading-level-2'><a class=\"ez-toc-link ez-toc-heading-2\" href=\"https:\/\/raum-blick.de\/magazin\/multifunktionsmoebel-platzsparend\/#Stauraum_gegen_Raumgefuehl_%E2%80%93_wieviel_Verstautes_oder_wie_viel_Freiraum_wollen_Sie\" >Stauraum gegen Raumgef\u00fchl \u2013 wieviel Verstautes oder wie viel Freiraum wollen Sie?<\/a><\/li><li class='ez-toc-page-1 ez-toc-heading-level-2'><a class=\"ez-toc-link ez-toc-heading-3\" href=\"https:\/\/raum-blick.de\/magazin\/multifunktionsmoebel-platzsparend\/#Multifunktionsmoebel_in_vielfaeltigen_Ausfuehrungen\" >Multifunktionsm\u00f6bel in vielf\u00e4ltigen Ausf\u00fchrungen<\/a><ul class='ez-toc-list-level-3' ><li class='ez-toc-heading-level-3'><a class=\"ez-toc-link ez-toc-heading-4\" href=\"https:\/\/raum-blick.de\/magazin\/multifunktionsmoebel-platzsparend\/#Wire_Baskets_von_ferm_Living_%E2%80%93_Korb_und_Tisch_in_einem_Moebelstueck\" >Wire Baskets von ferm Living \u2013 Korb und Tisch in einem M\u00f6belst\u00fcck<\/a><\/li><li class='ez-toc-page-1 ez-toc-heading-level-3'><a class=\"ez-toc-link ez-toc-heading-5\" href=\"https:\/\/raum-blick.de\/magazin\/multifunktionsmoebel-platzsparend\/#In_diesem_Sitzhocker_steckt_mehr_drin_als_man_vermutet\" >In diesem Sitzhocker steckt mehr drin, als man vermutet<\/a><\/li><li class='ez-toc-page-1 ez-toc-heading-level-3'><a class=\"ez-toc-link ez-toc-heading-6\" href=\"https:\/\/raum-blick.de\/magazin\/multifunktionsmoebel-platzsparend\/#String_Regale_%E2%80%93_an_diesem_Regal_koennen_Sie_auch_arbeiten\" >String Regale \u2013 an diesem Regal k\u00f6nnen Sie auch arbeiten<\/a><\/li><li class='ez-toc-page-1 ez-toc-heading-level-3'><a class=\"ez-toc-link ez-toc-heading-7\" href=\"https:\/\/raum-blick.de\/magazin\/multifunktionsmoebel-platzsparend\/#Sekretaere_sind_ausladend_und_platzverschwenderisch_%E2%80%93_von_wegen\" >Sekret\u00e4re sind ausladend und platzverschwenderisch? \u2013 von wegen!<\/a><\/li><li class='ez-toc-page-1 ez-toc-heading-level-3'><a class=\"ez-toc-link ez-toc-heading-8\" href=\"https:\/\/raum-blick.de\/magazin\/multifunktionsmoebel-platzsparend\/#Mehr_als_ein_Kaminwagen_%E2%80%93_radius_design_bietet_eine_multifunktionale_Loesung\" >Mehr als ein Kaminwagen \u2013 radius design bietet eine multifunktionale L\u00f6sung<\/a><\/li><\/ul><\/li><li class='ez-toc-page-1 ez-toc-heading-level-2'><a class=\"ez-toc-link ez-toc-heading-9\" href=\"https:\/\/raum-blick.de\/magazin\/multifunktionsmoebel-platzsparend\/#Platzsparende_Moebel_bieten_Raumfuelle_in_kleinen_Verhaeltnissen\" >Platzsparende M\u00f6bel bieten Raumf\u00fclle in kleinen Verh\u00e4ltnissen<\/a><\/li><\/ul><\/nav><\/div>\n\n<p style=\"text-align: justify;\"><a href=\"https:\/\/www.raum-blick.de\/string-zeitschriftenablage\"><img loading=\"lazy\" decoding=\"async\" class=\"aligncenter wp-image-2411 size-full\" title=\"String Regalsystem | Zeitschriftenablage\" src=\"https:\/\/www.raum-blick.de\/magazin\/wp-content\/uploads\/2017\/02\/String-Regalsystem-Zeitschriftenablage.jpg\" alt=\"String Regalsystem Zeitschriftenablage\" width=\"600\" height=\"744\" srcset=\"https:\/\/raum-blick.de\/magazin\/wp-content\/uploads\/2017\/02\/String-Regalsystem-Zeitschriftenablage.jpg 600w, https:\/\/raum-blick.de\/magazin\/wp-content\/uploads\/2017\/02\/String-Regalsystem-Zeitschriftenablage-242x300.jpg 242w\" sizes=\"(max-width: 600px) 100vw, 600px\" \/><\/a><\/p>\n<p style=\"text-align: justify;\">Die farbliche, gestalterische und stilistische Harmonie der M\u00f6bel und die Schaffung von raumbildenden Fl\u00e4chen ist eine Komposition, die viele Vor\u00fcberlegungen erfordert \u2013 dann k\u00f6nnen Sie sich auch rundum wohl f\u00fchlen.<\/p>\n<p style=\"text-align: justify;\"><a href=\"https:\/\/www.raum-blick.de\/string-regalboden\"><img loading=\"lazy\" decoding=\"async\" class=\"aligncenter wp-image-2409 size-full\" title=\"String Regalsystem | Regalb\u00f6den\" src=\"https:\/\/www.raum-blick.de\/magazin\/wp-content\/uploads\/2017\/02\/String-Regalsystem-Regalb\u00f6den.jpg\" alt=\"String Regalsystem Regalb\u00f6den\" width=\"600\" height=\"729\" srcset=\"https:\/\/raum-blick.de\/magazin\/wp-content\/uploads\/2017\/02\/String-Regalsystem-Regalb\u00f6den.jpg 600w, https:\/\/raum-blick.de\/magazin\/wp-content\/uploads\/2017\/02\/String-Regalsystem-Regalb\u00f6den-247x300.jpg 247w\" sizes=\"(max-width: 600px) 100vw, 600px\" \/><\/a><\/p>\n<p style=\"text-align: justify;\">Insbesondere in kleinen Wohnungen ist es jedoch h\u00e4ufig nicht so einfach, dies zu bewerkstelligen. Unm\u00f6glich ist es aber auch nicht, wenn Sie wissen wie. Platzsparende M\u00f6bel, die mehrere Funktionen in sich vereinigen, erf\u00fcllen die Anforderungen an Freiraum. Sie sind dabei nicht nur praktische Multifunktionsm\u00f6bel, sondern erweisen sich als echte Design-St\u00fccke.<\/p>\n<h2><span class=\"ez-toc-section\" id=\"Stauraum_gegen_Raumgefuehl_%E2%80%93_wieviel_Verstautes_oder_wie_viel_Freiraum_wollen_Sie\"><\/span>Stauraum gegen Raumgef\u00fchl \u2013 wieviel Verstautes oder wie viel Freiraum wollen Sie?<span class=\"ez-toc-section-end\"><\/span><\/h2>\n<p style=\"text-align: justify;\">Bei den Vor\u00fcberlegungen eines jeden Gestaltungskonzeptes m\u00fcssen Sie sich gerade hinsichtlich des Stauraumes stets ein paar Fragen stellen:<\/p>\n<ul>\n<li style=\"text-align: justify;\">Welche Dinge m\u00f6chten Sie im Wohnzimmer oder im Schlafzimmer um sich haben?<\/li>\n<li style=\"text-align: justify;\">Wo k\u00f6nnen Sie bestimmte Accessoires oder wenig genutzte Utensilien verstauen?<\/li>\n<li style=\"text-align: justify;\">Was m\u00f6chte Sie offen pr\u00e4sentieren?<\/li>\n<\/ul>\n<p><a href=\"https:\/\/www.raum-blick.de\/string-schrank-mit-schiebetueren\"><img loading=\"lazy\" decoding=\"async\" class=\"aligncenter wp-image-2407 size-full\" title=\"String Regalsystem | Schrank mit Schiebet\u00fcren\" src=\"https:\/\/www.raum-blick.de\/magazin\/wp-content\/uploads\/2017\/02\/String-Regalsystem-Schrank-mit-Schiebet\u00fcren.jpg\" alt=\"String Regalsystem Schrank mit Schiebet\u00fcren\" width=\"600\" height=\"476\" srcset=\"https:\/\/raum-blick.de\/magazin\/wp-content\/uploads\/2017\/02\/String-Regalsystem-Schrank-mit-Schiebet\u00fcren.jpg 600w, https:\/\/raum-blick.de\/magazin\/wp-content\/uploads\/2017\/02\/String-Regalsystem-Schrank-mit-Schiebet\u00fcren-300x238.jpg 300w\" sizes=\"(max-width: 600px) 100vw, 600px\" \/><\/a><\/p>\n<p style=\"text-align: justify;\">Darauf aufbaubauend k\u00f6nnen Sie Ihre M\u00f6glichkeiten w\u00e4hlen. Klassische Schr\u00e4nke und Regale zum Aufbewahren sind selten platzsparende M\u00f6bel \u2013 im Gegenteil: Wandschr\u00e4nke mit viel Stauraum sind Raumfresser. Sie belegen nicht nur die Standfl\u00e4che, sondern sind h\u00e4ufig ziemlich ausladend, wenn Sie die T\u00fcren \u00f6ffnen. Entsprechend sind die meisten Modelle f\u00fcr schmalere Raumbegebenheiten nicht geeignet. Nat\u00fcrlich m\u00fcssen Sie sich immer \u00fcberlegen, ob zu verstauende Gegenst\u00e4nde einen dekorativen Charakter aufweisen oder ob diese ganz aus dem Sichtfeld verschwinden k\u00f6nnen. Bei ersterem sollten Sie selbstverst\u00e4ndlich M\u00f6belst\u00fccke integrieren, auf denen sich Dekoelemente in all ihrer Pracht pr\u00e4sentieren.<\/p>\n<p style=\"text-align: justify;\"><a href=\"https:\/\/www.raum-blick.de\/string-pocket-wandregal\"><img loading=\"lazy\" decoding=\"async\" class=\"aligncenter wp-image-2405 size-full\" title=\"String Pocket | Wandregal\" src=\"https:\/\/www.raum-blick.de\/magazin\/wp-content\/uploads\/2017\/02\/String-Pocket-Wandregal.jpg\" alt=\"String Pocket Wandregal\" width=\"600\" height=\"546\" srcset=\"https:\/\/raum-blick.de\/magazin\/wp-content\/uploads\/2017\/02\/String-Pocket-Wandregal.jpg 600w, https:\/\/raum-blick.de\/magazin\/wp-content\/uploads\/2017\/02\/String-Pocket-Wandregal-300x273.jpg 300w\" sizes=\"(max-width: 600px) 100vw, 600px\" \/><\/a><\/p>\n<p style=\"text-align: justify;\">Ein Wandregal ist hierf\u00fcr eine ideale L\u00f6sung. Sollen Dinge gelagert werden, die keinen \u00e4sthetischen Mehrwert aufweisen, gilt es nach einer platzsparenden Verstaum\u00f6glichkeit zu suchen.<\/p>\n<h2><span class=\"ez-toc-section\" id=\"Multifunktionsmoebel_in_vielfaeltigen_Ausfuehrungen\"><\/span>Multifunktionsm\u00f6bel in vielf\u00e4ltigen Ausf\u00fchrungen<span class=\"ez-toc-section-end\"><\/span><\/h2>\n<p style=\"text-align: justify;\">Das Erfolgsrezept f\u00fcr platzsparende M\u00f6bel ist vor allem die Flexibilit\u00e4t. Sie k\u00f6nnen oft mehrere Aufgaben erf\u00fcllen, manchmal sogar gleichzeitig.<\/p>\n<p style=\"text-align: justify;\"><a href=\"https:\/\/www.raum-blick.de\/string-arbeitsplatte\"><img loading=\"lazy\" decoding=\"async\" class=\"aligncenter wp-image-2403 size-full\" title=\"String Regalsystem | Arbeitsplatte\/Schreibtisch\" src=\"https:\/\/www.raum-blick.de\/magazin\/wp-content\/uploads\/2017\/02\/String-Regalsystem-Arbeitsplatte-Schreibtisch.jpg\" alt=\"String Regalsystem Arbeitsplatte Schreibtisch\" width=\"600\" height=\"600\" srcset=\"https:\/\/raum-blick.de\/magazin\/wp-content\/uploads\/2017\/02\/String-Regalsystem-Arbeitsplatte-Schreibtisch.jpg 600w, https:\/\/raum-blick.de\/magazin\/wp-content\/uploads\/2017\/02\/String-Regalsystem-Arbeitsplatte-Schreibtisch-150x150.jpg 150w, https:\/\/raum-blick.de\/magazin\/wp-content\/uploads\/2017\/02\/String-Regalsystem-Arbeitsplatte-Schreibtisch-300x300.jpg 300w\" sizes=\"(max-width: 600px) 100vw, 600px\" \/><\/a><\/p>\n<p style=\"text-align: justify;\">Hier wird ein Korb mit einem Handgriff zum Tisch oder ein Regal bietet auch einen ger\u00e4umigen Arbeitsplatz. Die M\u00f6glichkeiten sind vielf\u00e4ltig.<\/p>\n<h3><span class=\"ez-toc-section\" id=\"Wire_Baskets_von_ferm_Living_%E2%80%93_Korb_und_Tisch_in_einem_Moebelstueck\"><\/span>Wire Baskets von ferm Living \u2013 Korb und Tisch in einem M\u00f6belst\u00fcck<span class=\"ez-toc-section-end\"><\/span><\/h3>\n<p style=\"text-align: justify;\">Die platzsparenden Drahtk\u00f6rbe von ferm Living sind \u00fcberaus praktisch. In verschiedenen Gr\u00f6\u00dfen und in unterschiedlichen Farben sind sie optimal, um Kuscheltiere und Baukl\u00f6tze aus dem Spielzimmer, das Brennholz f\u00fcr den Kamin und die bunten Wollkn\u00e4uel zum Stricken aufzubewahren.<\/p>\n<p><center><a href=\"https:\/\/www.raum-blick.de\/ferm-living-wire-basket\"><img loading=\"lazy\" decoding=\"async\" class=\"alignnone wp-image-2374 size-full\" title=\"ferm Living Wire Basket | Drahtkorb\" src=\"https:\/\/www.raum-blick.de\/magazin\/wp-content\/uploads\/2017\/02\/ferm-Living-Wire-Basket-Drahtkorb-1.jpg\" alt=\"ferm Living Wire Basket Drahtkorb\" width=\"300\" height=\"300\" srcset=\"https:\/\/raum-blick.de\/magazin\/wp-content\/uploads\/2017\/02\/ferm-Living-Wire-Basket-Drahtkorb-1.jpg 300w, https:\/\/raum-blick.de\/magazin\/wp-content\/uploads\/2017\/02\/ferm-Living-Wire-Basket-Drahtkorb-1-150x150.jpg 150w\" sizes=\"(max-width: 300px) 100vw, 300px\" \/><\/a>\u00a0<a href=\"https:\/\/www.raum-blick.de\/ferm-living-wire-basket-top\"><img loading=\"lazy\" decoding=\"async\" class=\"alignnone wp-image-2373 size-full\" title=\"ferm Living Wire Basket | Deckel f\u00fcr Drahtkorb\" src=\"https:\/\/www.raum-blick.de\/magazin\/wp-content\/uploads\/2017\/02\/ferm-Living-Wire-Basket-Deckel-f\u00fcr-Drahtkorb.jpg\" alt=\"ferm Living Wire Basket Deckel f\u00fcr Drahtkorb\" width=\"300\" height=\"300\" srcset=\"https:\/\/raum-blick.de\/magazin\/wp-content\/uploads\/2017\/02\/ferm-Living-Wire-Basket-Deckel-f\u00fcr-Drahtkorb.jpg 300w, https:\/\/raum-blick.de\/magazin\/wp-content\/uploads\/2017\/02\/ferm-Living-Wire-Basket-Deckel-f\u00fcr-Drahtkorb-150x150.jpg 150w\" sizes=\"(max-width: 300px) 100vw, 300px\" \/><\/a><\/center><\/p>\n<p style=\"text-align: justify;\">Und das Beste: Mit dem dazugeh\u00f6rigen Deckel aus Eiche werden die K\u00f6rbe schnell zum Beistelltisch oder Couchtisch im Wohnzimmer, der eine gro\u00dfz\u00fcgige Ablagefl\u00e4che erm\u00f6glicht. Ebenso nutzbar ist dieses Design-St\u00fcck als Sitzhocker sowohl innen als auch au\u00dfen.<\/p>\n<h3><span class=\"ez-toc-section\" id=\"In_diesem_Sitzhocker_steckt_mehr_drin_als_man_vermutet\"><\/span>In diesem Sitzhocker steckt mehr drin, als man vermutet<span class=\"ez-toc-section-end\"><\/span><\/h3>\n<p style=\"text-align: justify;\">Ein weiteres erprobtes platzsparendes Mehrzweckm\u00f6bel ist der Hocker von radius design, der mit ausklappbaren Stufen zur stabilen Trittleiter wird.<\/p>\n<div class=\"brlbs-cmpnt-container brlbs-cmpnt-content-blocker brlbs-cmpnt-with-individual-styles\" data-borlabs-cookie-content-blocker-id=\"default\" data-borlabs-cookie-content=\"PGlmcmFtZSBzcmM9Imh0dHBzOi8vd3d3LnlvdXR1YmUuY29tL2VtYmVkL0pVdTllUkxRYUp3P3JlbD0wJmFtcDtjb250cm9scz0wIiB3aWR0aD0iNjQwIiBoZWlnaHQ9IjM2MCIgZnJhbWVib3JkZXI9IjAiIGFsbG93ZnVsbHNjcmVlbj0iYWxsb3dmdWxsc2NyZWVuIj48L2lmcmFtZT4=\">\n<div class=\"brlbs-cmpnt-cb-preset-a\">\n<p class=\"brlbs-cmpnt-cb-description\">Sie sehen gerade einen Platzhalterinhalt von <strong>Standard<\/strong>. Um auf den eigentlichen Inhalt zuzugreifen, klicken Sie auf den Button unten. Bitte beachten Sie, dass dabei Daten an Drittanbieter weitergegeben werden.<\/p>\n<div class=\"brlbs-cmpnt-cb-buttons\"> <a class=\"brlbs-cmpnt-cb-btn\" href=\"#\" data-borlabs-cookie-unblock role=\"button\">Inhalt entsperren<\/a> <a class=\"brlbs-cmpnt-cb-btn\" href=\"#\" data-borlabs-cookie-accept-service role=\"button\" style=\"display: none\">Erforderlichen Service akzeptieren und Inhalte entsperren<\/a> <\/div>\n<p> <a class=\"brlbs-cmpnt-cb-provider-toggle\" href=\"#\" data-borlabs-cookie-show-provider-information role=\"button\">Weitere Informationen<\/a> <\/div>\n<\/div>\n<p style=\"text-align: justify;\">Schnell hervorgeholt und wieder verstaut und praktisch zur Hand zeigt sich dieses Modell ausgesprochen flexibel. Es besteht aus massiver Buche in nat\u00fcrlicher, heller Optik und beg\u00fcnstig so unter anderem die Einrichtung im skandinavischen Stil.<\/p>\n<h3><span class=\"ez-toc-section\" id=\"String_Regale_%E2%80%93_an_diesem_Regal_koennen_Sie_auch_arbeiten\"><\/span>String Regale \u2013 an diesem Regal k\u00f6nnen Sie auch arbeiten<span class=\"ez-toc-section-end\"><\/span><\/h3>\n<p style=\"text-align: justify;\">Ein Klassiker ist das <a href=\"https:\/\/www.raum-blick.de\/string\/\">String Regalsystem<\/a>, das schon seit 1949 viel Platz in Wohnr\u00e4umen, Fluren und Jugendzimmern schafft. Dank der funktional aufgel\u00f6sten Seitenteile aus Draht wirkt es nicht nur leicht und transparent, es bietet auch unz\u00e4hlige M\u00f6glichkeiten, Dekoratives und N\u00fctzliches daran zu h\u00e4ngen.<\/p>\n<p style=\"text-align: justify;\"><img loading=\"lazy\" decoding=\"async\" class=\"aligncenter wp-image-2398 size-full\" title=\"String Regalsystem | Seitenteile\" src=\"https:\/\/www.raum-blick.de\/magazin\/wp-content\/uploads\/2017\/02\/String-Regalsystem-Seitenteile.jpg\" alt=\"String Regalsystem Seitenteile\" width=\"600\" height=\"804\" srcset=\"https:\/\/raum-blick.de\/magazin\/wp-content\/uploads\/2017\/02\/String-Regalsystem-Seitenteile.jpg 600w, https:\/\/raum-blick.de\/magazin\/wp-content\/uploads\/2017\/02\/String-Regalsystem-Seitenteile-224x300.jpg 224w\" sizes=\"(max-width: 600px) 100vw, 600px\" \/><\/p>\n<p style=\"text-align: justify;\">Zudem erm\u00f6glicht das Regal den schnellen Platzwechsel von eingeh\u00e4ngten Regalbrettern oder sogar Schrankelementen. Mit der Arbeitsplatte zum String Regalsystem l\u00e4sst sich weiterhin schnell eine zus\u00e4tzliche Fl\u00e4che schaffen f\u00fcr Hobby, Hausarbeiten oder das Home Office.<\/p>\n<blockquote>\n<p style=\"text-align: justify;\">Sie k\u00f6nnen in diesem Regal nicht nur Ihre Arbeitsutensilien ablegen, sondern dort auch gleich die anfallenden Arbeiten erledigen und haben sofort Zugriff auf alle ben\u00f6tigten Hilfsmittel.<\/p>\n<\/blockquote>\n<h3><span class=\"ez-toc-section\" id=\"Sekretaere_sind_ausladend_und_platzverschwenderisch_%E2%80%93_von_wegen\"><\/span>Sekret\u00e4re sind ausladend und platzverschwenderisch? \u2013 von wegen!<span class=\"ez-toc-section-end\"><\/span><\/h3>\n<p style=\"text-align: justify;\">Ein wahres Raumsparwunder ist der Flatmate Sekret\u00e4r von den <a href=\"https:\/\/www.raum-blick.de\/mueller-moebelwerkstaetten\/\">M\u00fcller M\u00f6belwerkst\u00e4tten<\/a>. Mit seiner geringen Tiefe findet er seinen Stellplatz auch in schmalen Durchg\u00e4ngen und Fluren, an einer Wand im Esszimmer oder im Schlafraum. Trotzdem offeriert das mehrfach pr\u00e4mierte platzsparende M\u00f6bel Platz f\u00fcr Stifte, Papier und Bl\u00f6cke, DVDs und BlueRays oder den Tablett-PC.<\/p>\n<p style=\"text-align: justify;\"><img loading=\"lazy\" decoding=\"async\" class=\"aligncenter wp-image-2383 size-full\" title=\"M\u00fcller M\u00f6belwerkst\u00e4tten Flatmate Sekret\u00e4r\" src=\"https:\/\/www.raum-blick.de\/magazin\/wp-content\/uploads\/2017\/02\/M\u00fcller-M\u00f6belwerkst\u00e4tten-Flatmate-Sekret\u00e4r.jpg\" alt=\"M\u00fcller M\u00f6belwerkst\u00e4tten Flatmate Sekret\u00e4r\" width=\"600\" height=\"600\" srcset=\"https:\/\/raum-blick.de\/magazin\/wp-content\/uploads\/2017\/02\/M\u00fcller-M\u00f6belwerkst\u00e4tten-Flatmate-Sekret\u00e4r.jpg 600w, https:\/\/raum-blick.de\/magazin\/wp-content\/uploads\/2017\/02\/M\u00fcller-M\u00f6belwerkst\u00e4tten-Flatmate-Sekret\u00e4r-150x150.jpg 150w, https:\/\/raum-blick.de\/magazin\/wp-content\/uploads\/2017\/02\/M\u00fcller-M\u00f6belwerkst\u00e4tten-Flatmate-Sekret\u00e4r-300x300.jpg 300w\" sizes=\"(max-width: 600px) 100vw, 600px\" \/><\/p>\n<p style=\"text-align: justify;\">Beim Aufklappen entfaltet das Multifunktionsm\u00f6bel seine St\u00e4rken: Die Arbeitsplatte wird von der integrierten Lampe blendfrei belichtet, an der R\u00fcckwand finden Bildschirm, Vorlagen und Utensilien ihren Platz.<\/p>\n<p style=\"text-align: justify;\"><img loading=\"lazy\" decoding=\"async\" class=\"aligncenter wp-image-2384 size-full\" title=\"Flatmate Sekret\u00e4r von M\u00fcller M\u00f6belwerkst\u00e4tten\" src=\"https:\/\/www.raum-blick.de\/magazin\/wp-content\/uploads\/2017\/02\/Flatmate-Sekret\u00e4r-von-M\u00fcller-M\u00f6belwerkst\u00e4tten.jpg\" alt=\"Flatmate Sekret\u00e4r von M\u00fcller M\u00f6belwerkst\u00e4tten\" width=\"600\" height=\"600\" srcset=\"https:\/\/raum-blick.de\/magazin\/wp-content\/uploads\/2017\/02\/Flatmate-Sekret\u00e4r-von-M\u00fcller-M\u00f6belwerkst\u00e4tten.jpg 600w, https:\/\/raum-blick.de\/magazin\/wp-content\/uploads\/2017\/02\/Flatmate-Sekret\u00e4r-von-M\u00fcller-M\u00f6belwerkst\u00e4tten-150x150.jpg 150w, https:\/\/raum-blick.de\/magazin\/wp-content\/uploads\/2017\/02\/Flatmate-Sekret\u00e4r-von-M\u00fcller-M\u00f6belwerkst\u00e4tten-300x300.jpg 300w\" sizes=\"(max-width: 600px) 100vw, 600px\" \/><\/p>\n<p style=\"text-align: justify;\">Und dank derer ist die Platte auch schnell ger\u00e4umt, hochgeklappt und schafft im Handumdrehen als Wandrahmen neuen Freiraum.<\/p>\n<h3><span class=\"ez-toc-section\" id=\"Mehr_als_ein_Kaminwagen_%E2%80%93_radius_design_bietet_eine_multifunktionale_Loesung\"><\/span>Mehr als ein Kaminwagen \u2013 radius design bietet eine multifunktionale L\u00f6sung<span class=\"ez-toc-section-end\"><\/span><\/h3>\n<p style=\"text-align: justify;\">Praktische Multifunktionsm\u00f6bel sind zudem die Kaminholzw\u00e4gen von <a href=\"https:\/\/www.raum-blick.de\/radius\/\">radius design<\/a>.<\/p>\n<p style=\"text-align: justify;\"><a href=\"https:\/\/www.raum-blick.de\/kaminholzwagen-radius-design\"><img loading=\"lazy\" decoding=\"async\" class=\"aligncenter wp-image-2387 size-full\" title=\"radius design Kaminholzwagen\" src=\"https:\/\/www.raum-blick.de\/magazin\/wp-content\/uploads\/2017\/02\/radius-design-Kaminholzwagen.jpg\" alt=\"radius design Kaminholzwagen\" width=\"600\" height=\"600\" srcset=\"https:\/\/raum-blick.de\/magazin\/wp-content\/uploads\/2017\/02\/radius-design-Kaminholzwagen.jpg 600w, https:\/\/raum-blick.de\/magazin\/wp-content\/uploads\/2017\/02\/radius-design-Kaminholzwagen-150x150.jpg 150w, https:\/\/raum-blick.de\/magazin\/wp-content\/uploads\/2017\/02\/radius-design-Kaminholzwagen-300x300.jpg 300w\" sizes=\"(max-width: 600px) 100vw, 600px\" \/><\/a><\/p>\n<p style=\"text-align: justify;\">Couchtisch f\u00fcr drinnen und drau\u00dfen, Multimediakiste, B\u00fccherregal oder eben eine hervorragende Option, um das Brennholz zu lagern \u2013 solch ein Kaminholzwagen ist besonders vielseitig. Er bewegt sich auf einer Achse mit R\u00e4dern und kann sowohl waagrecht als auch stehend platziert werden.<\/p>\n<div class=\"brlbs-cmpnt-container brlbs-cmpnt-content-blocker brlbs-cmpnt-with-individual-styles\" data-borlabs-cookie-content-blocker-id=\"default\" data-borlabs-cookie-content=\"PGlmcmFtZSBzcmM9Imh0dHBzOi8vd3d3LnlvdXR1YmUuY29tL2VtYmVkLy1ocUNEem52cUxzP3JlbD0wJmFtcDtjb250cm9scz0wIiB3aWR0aD0iNjQwIiBoZWlnaHQ9IjM2MCIgZnJhbWVib3JkZXI9IjAiIGFsbG93ZnVsbHNjcmVlbj0iYWxsb3dmdWxsc2NyZWVuIj48L2lmcmFtZT4=\">\n<div class=\"brlbs-cmpnt-cb-preset-a\">\n<p class=\"brlbs-cmpnt-cb-description\">Sie sehen gerade einen Platzhalterinhalt von <strong>Standard<\/strong>. Um auf den eigentlichen Inhalt zuzugreifen, klicken Sie auf den Button unten. Bitte beachten Sie, dass dabei Daten an Drittanbieter weitergegeben werden.<\/p>\n<div class=\"brlbs-cmpnt-cb-buttons\"> <a class=\"brlbs-cmpnt-cb-btn\" href=\"#\" data-borlabs-cookie-unblock role=\"button\">Inhalt entsperren<\/a> <a class=\"brlbs-cmpnt-cb-btn\" href=\"#\" data-borlabs-cookie-accept-service role=\"button\" style=\"display: none\">Erforderlichen Service akzeptieren und Inhalte entsperren<\/a> <\/div>\n<p> <a class=\"brlbs-cmpnt-cb-provider-toggle\" href=\"#\" data-borlabs-cookie-show-provider-information role=\"button\">Weitere Informationen<\/a> <\/div>\n<\/div>\n<p style=\"text-align: justify;\">Wegen den R\u00e4dern k\u00f6nnen Sie ihn jederzeit ganz einfach wo anders hinstellen.<\/p>\n<h2><span class=\"ez-toc-section\" id=\"Platzsparende_Moebel_bieten_Raumfuelle_in_kleinen_Verhaeltnissen\"><\/span>Platzsparende M\u00f6bel bieten Raumf\u00fclle in kleinen Verh\u00e4ltnissen<span class=\"ez-toc-section-end\"><\/span><\/h2>\n<p style=\"text-align: justify;\">Allein durch platzsparende M\u00f6bel eine kleine Wohnung einrichten zu wollen, wird kaum gro\u00dfe Erfolge bringen. Grundlage der \u00dcberlegungen sollte sein, unn\u00f6tiges Volumen aus den Wohn- und Wohlf\u00fchlbereichen zu verbannen und Freifl\u00e4chen und Freir\u00e4ume zu schaffen, die sich dann durch den Einsatz der Multifunktionsm\u00f6bel effizient und platzsparend einrichten lassen.<\/p>\n<blockquote>\n<p style=\"text-align: justify;\">In Stil und Design ist es empfehlenswert, darauf zu achten, dass sich ihre Mehrzweckm\u00f6bel in jeden Bereich des Hauses eingliedern lassen.<\/p>\n<\/blockquote>\n<\/p>","protected":false},"excerpt":{"rendered":"<p>\u00ab Ein Einrichtungsst\u00fcck, verschiedene Verwendungsm\u00f6glichkeiten \u00bb Um sich platzsparend einzurichten, sollten Sie sich stets gute Gedanken dar\u00fcber machen, wie Sie Ihr Konzept gestalten \u2013 insbesondere bei kleinen Wohnungen kann dies eine Herausforderung sein. Multifunktionale, platzsparende M\u00f6bel sind hierbei zu empfehlen. Sie bieten verschiedene M\u00f6glichkeiten, wie Sie praktische Funktionen nutzen und dabei Freir\u00e4ume schaffen. Zudem erfreuen [&hellip;]<\/p>\n","protected":false},"author":4,"featured_media":2397,"comment_status":"closed","ping_status":"open","sticky":false,"template":"","format":"standard","meta":{"_et_pb_use_builder":"","_et_pb_old_content":"","_et_gb_content_width":"","inline_featured_image":false,"footnotes":""},"categories":[1],"tags":[302,14,116,206,158,56,143,80,301,38,299,16,300,77,79,15,24,25,303,298],"class_list":["post-2368","post","type-post","status-publish","format-standard","has-post-thumbnail","hentry","category-drinnen","tag-arbeitsplatten","tag-ausstattung","tag-drahtkoerbe","tag-ferm-living","tag-hocker","tag-indoor","tag-kaminholzwagen","tag-mueller-moebelwerkstaetten","tag-multifunktionsmoebel","tag-radius-design","tag-regalboeden","tag-regalsysteme","tag-schraenke","tag-schreibtische","tag-sekretaere","tag-string","tag-string-pocket","tag-wandregale","tag-wire-basket","tag-zeitschriftenablagen"],"_links":{"self":[{"href":"https:\/\/raum-blick.de\/magazin\/wp-json\/wp\/v2\/posts\/2368","targetHints":{"allow":["GET"]}}],"collection":[{"href":"https:\/\/raum-blick.de\/magazin\/wp-json\/wp\/v2\/posts"}],"about":[{"href":"https:\/\/raum-blick.de\/magazin\/wp-json\/wp\/v2\/types\/post"}],"author":[{"embeddable":true,"href":"https:\/\/raum-blick.de\/magazin\/wp-json\/wp\/v2\/users\/4"}],"replies":[{"embeddable":true,"href":"https:\/\/raum-blick.de\/magazin\/wp-json\/wp\/v2\/comments?post=2368"}],"version-history":[{"count":37,"href":"https:\/\/raum-blick.de\/magazin\/wp-json\/wp\/v2\/posts\/2368\/revisions"}],"predecessor-version":[{"id":20803,"href":"https:\/\/raum-blick.de\/magazin\/wp-json\/wp\/v2\/posts\/2368\/revisions\/20803"}],"wp:featuredmedia":[{"embeddable":true,"href":"https:\/\/raum-blick.de\/magazin\/wp-json\/wp\/v2\/media\/2397"}],"wp:attachment":[{"href":"https:\/\/raum-blick.de\/magazin\/wp-json\/wp\/v2\/media?parent=2368"}],"wp:term":[{"taxonomy":"category","embeddable":true,"href":"https:\/\/raum-blick.de\/magazin\/wp-json\/wp\/v2\/categories?post=2368"},{"taxonomy":"post_tag","embeddable":true,"href":"https:\/\/raum-blick.de\/magazin\/wp-json\/wp\/v2\/tags?post=2368"}],"curies":[{"name":"wp","href":"https:\/\/api.w.org\/{rel}","templated":true}]}}