{"id":23101,"date":"2026-02-17T09:00:27","date_gmt":"2026-02-17T08:00:27","guid":{"rendered":"https:\/\/raum-blick.de\/magazin\/?p=23101"},"modified":"2026-02-11T08:49:12","modified_gmt":"2026-02-11T07:49:12","slug":"designer-im-spotlight-philippe-starck","status":"publish","type":"post","link":"https:\/\/raum-blick.de\/magazin\/designer-im-spotlight-philippe-starck\/","title":{"rendered":"Designer im Spotlight: Philippe Starck"},"content":{"rendered":"<h2><span class=\"ez-toc-section\" id=\"%C2%AB_Vom_Zironenpresser_zur_Design-Ikone_%C2%BB\"><\/span>\u00ab Vom Zironenpresser zur Design-Ikone \u00bb<span class=\"ez-toc-section-end\"><\/span><\/h2>\n<p><strong>Philippe Starck geh\u00f6rt zu den wenigen Designern, deren Name sofort Bilder im Kopf ausl\u00f6st: die ber\u00fchmte Philippe Starck Zitronenpresse, transparente St\u00fchle, spektakul\u00e4re Hotels, verspielte Alltagsprodukte. In diesem Portrait im RAUM-BLICK Magazin lernen Sie den Menschen hinter den Entw\u00fcrfen kennen \u2013 und erfahren, wie seine Designs Ihr Zuhause bereichern.<\/strong><\/p>\n<h2><span class=\"ez-toc-section\" id=\"Wer_ist_Philippe_Starck\"><\/span>Wer ist Philippe Starck?<span class=\"ez-toc-section-end\"><\/span><\/h2>\n<p>Philippe Starck, geboren 1949 in Paris, gilt als einer der einflussreichsten Designer der Gegenwart. Er gestaltet <strong>Interieurs, M\u00f6bel, Leuchten, Hotels, Yachten, Technikprodukte und Alltagsobjekte<\/strong>, die immer eine Mischung aus Poesie, Humor und Funktion zeigen. Sein Vater arbeitete als Flugzeugingenieur \u2013 schon als Kind sa\u00df Philippe unter den Zeichentischen im Atelier und beobachtete, wie aus Linien Flugzeuge wurden. Diese Erfahrung pr\u00e4gt ihn bis heute: <strong>Jedes Objekt braucht eine klare Konstruktion, eine logische Idee und einen Nutzen.<\/strong> Bekannt wurde Philippe Starck international, als er Anfang der 1980er\u2011Jahre:<\/p><div id=\"ez-toc-container\" class=\"ez-toc-v2_0_82_2 counter-hierarchy ez-toc-counter ez-toc-grey ez-toc-container-direction\">\n<div class=\"ez-toc-title-container\">\n<p class=\"ez-toc-title\" style=\"cursor:inherit\">Was hier auf Sie wartet<\/p>\n<span class=\"ez-toc-title-toggle\"><a href=\"#\" class=\"ez-toc-pull-right ez-toc-btn ez-toc-btn-xs ez-toc-btn-default ez-toc-toggle\" aria-label=\"Toggle Table of Content\"><span class=\"ez-toc-js-icon-con\"><span class=\"\"><span class=\"eztoc-hide\" style=\"display:none;\">Toggle<\/span><span class=\"ez-toc-icon-toggle-span\"><svg style=\"fill: #999;color:#999\" xmlns=\"http:\/\/www.w3.org\/2000\/svg\" class=\"list-377408\" width=\"20px\" height=\"20px\" viewBox=\"0 0 24 24\" fill=\"none\"><path d=\"M6 6H4v2h2V6zm14 0H8v2h12V6zM4 11h2v2H4v-2zm16 0H8v2h12v-2zM4 16h2v2H4v-2zm16 0H8v2h12v-2z\" fill=\"currentColor\"><\/path><\/svg><svg style=\"fill: #999;color:#999\" class=\"arrow-unsorted-368013\" xmlns=\"http:\/\/www.w3.org\/2000\/svg\" width=\"10px\" height=\"10px\" viewBox=\"0 0 24 24\" version=\"1.2\" baseProfile=\"tiny\"><path d=\"M18.2 9.3l-6.2-6.3-6.2 6.3c-.2.2-.3.4-.3.7s.1.5.3.7c.2.2.4.3.7.3h11c.3 0 .5-.1.7-.3.2-.2.3-.5.3-.7s-.1-.5-.3-.7zM5.8 14.7l6.2 6.3 6.2-6.3c.2-.2.3-.5.3-.7s-.1-.5-.3-.7c-.2-.2-.4-.3-.7-.3h-11c-.3 0-.5.1-.7.3-.2.2-.3.5-.3.7s.1.5.3.7z\"\/><\/svg><\/span><\/span><\/span><\/a><\/span><\/div>\n<nav><ul class='ez-toc-list ez-toc-list-level-1 ' ><li class='ez-toc-page-1 ez-toc-heading-level-2'><a class=\"ez-toc-link ez-toc-heading-1\" href=\"https:\/\/raum-blick.de\/magazin\/designer-im-spotlight-philippe-starck\/#%C2%AB_Vom_Zironenpresser_zur_Design-Ikone_%C2%BB\" >\u00ab Vom Zironenpresser zur Design-Ikone \u00bb<\/a><\/li><li class='ez-toc-page-1 ez-toc-heading-level-2'><a class=\"ez-toc-link ez-toc-heading-2\" href=\"https:\/\/raum-blick.de\/magazin\/designer-im-spotlight-philippe-starck\/#Wer_ist_Philippe_Starck\" >Wer ist Philippe Starck?<\/a><\/li><li class='ez-toc-page-1 ez-toc-heading-level-2'><a class=\"ez-toc-link ez-toc-heading-3\" href=\"https:\/\/raum-blick.de\/magazin\/designer-im-spotlight-philippe-starck\/#Die_Designphilosophie_von_Philippe_Starck_Demokratisches_Design_mit_Haltung\" >Die Designphilosophie von Philippe Starck: Demokratisches Design mit Haltung<\/a><\/li><li class='ez-toc-page-1 ez-toc-heading-level-2'><a class=\"ez-toc-link ez-toc-heading-4\" href=\"https:\/\/raum-blick.de\/magazin\/designer-im-spotlight-philippe-starck\/#Philippe_Starck_und_Kartell_Transparente_Ikonen_fuer_modernes_Wohnen\" >Philippe Starck und Kartell: Transparente Ikonen f\u00fcr modernes Wohnen<\/a><ul class='ez-toc-list-level-3' ><li class='ez-toc-heading-level-3'><a class=\"ez-toc-link ez-toc-heading-5\" href=\"https:\/\/raum-blick.de\/magazin\/designer-im-spotlight-philippe-starck\/#Louis_Ghost_Co_Philippe_Starck_Stuehle_die_Geschichte_schreiben\" >Louis Ghost &amp; Co.: Philippe Starck St\u00fchle, die Geschichte schreiben<\/a><\/li><li class='ez-toc-page-1 ez-toc-heading-level-3'><a class=\"ez-toc-link ez-toc-heading-6\" href=\"https:\/\/raum-blick.de\/magazin\/designer-im-spotlight-philippe-starck\/#Philippe_Starck_und_Kartell_Lampen_Licht_als_Inszenierung\" >Philippe Starck und Kartell Lampen: Licht als Inszenierung<\/a><\/li><\/ul><\/li><li class='ez-toc-page-1 ez-toc-heading-level-2'><a class=\"ez-toc-link ez-toc-heading-7\" href=\"https:\/\/raum-blick.de\/magazin\/designer-im-spotlight-philippe-starck\/#Ikonen_des_Alltags_Von_der_Philippe_Starck_Zitronenpresse_bis_zur_Brille\" >Ikonen des Alltags: Von der Philippe Starck Zitronenpresse bis zur Brille<\/a><ul class='ez-toc-list-level-3' ><li class='ez-toc-heading-level-3'><a class=\"ez-toc-link ez-toc-heading-8\" href=\"https:\/\/raum-blick.de\/magazin\/designer-im-spotlight-philippe-starck\/#Die_legendaere_Philippe_Starck_Zitronenpresse\" >Die legend\u00e4re Philippe Starck Zitronenpresse<\/a><\/li><li class='ez-toc-page-1 ez-toc-heading-level-3'><a class=\"ez-toc-link ez-toc-heading-9\" href=\"https:\/\/raum-blick.de\/magazin\/designer-im-spotlight-philippe-starck\/#Philippe_Starck_Brillen_Design_zum_Tragen\" >Philippe Starck Brillen: Design zum Tragen<\/a><\/li><\/ul><\/li><li class='ez-toc-page-1 ez-toc-heading-level-2'><a class=\"ez-toc-link ez-toc-heading-10\" href=\"https:\/\/raum-blick.de\/magazin\/designer-im-spotlight-philippe-starck\/#Philippe_Starck_Produkte_fuer_Ihr_Zuhause_Wo_fangen_Sie_an\" >Philippe Starck Produkte f\u00fcr Ihr Zuhause: Wo fangen Sie an?<\/a><ul class='ez-toc-list-level-3' ><li class='ez-toc-heading-level-3'><a class=\"ez-toc-link ez-toc-heading-11\" href=\"https:\/\/raum-blick.de\/magazin\/designer-im-spotlight-philippe-starck\/#Starcks_Stuehle_im_Vergleich_Skulptur_Alltagspartner_Statement\" >Starcks St\u00fchle im Vergleich: Skulptur, Alltagspartner, Statement<\/a><\/li><li class='ez-toc-page-1 ez-toc-heading-level-3'><a class=\"ez-toc-link ez-toc-heading-12\" href=\"https:\/\/raum-blick.de\/magazin\/designer-im-spotlight-philippe-starck\/#Philippe_Starck_Lampen_Atmosphaerenmacher_im_skandinavischen_Kontext\" >Philippe Starck Lampen: Atmosph\u00e4renmacher im skandinavischen Kontext<\/a><\/li><\/ul><\/li><li class='ez-toc-page-1 ez-toc-heading-level-2'><a class=\"ez-toc-link ez-toc-heading-13\" href=\"https:\/\/raum-blick.de\/magazin\/designer-im-spotlight-philippe-starck\/#Wie_Sie_Philippe_Starck_mit_skandinavischem_Design_kombinieren\" >Wie Sie Philippe Starck mit skandinavischem Design kombinieren<\/a><ul class='ez-toc-list-level-3' ><li class='ez-toc-heading-level-3'><a class=\"ez-toc-link ez-toc-heading-14\" href=\"https:\/\/raum-blick.de\/magazin\/designer-im-spotlight-philippe-starck\/#1_Basis_Nordisches_Fundament\" >1. Basis: Nordisches Fundament<\/a><\/li><li class='ez-toc-page-1 ez-toc-heading-level-3'><a class=\"ez-toc-link ez-toc-heading-15\" href=\"https:\/\/raum-blick.de\/magazin\/designer-im-spotlight-philippe-starck\/#2_Akzente_Philippe_Starck_als_Echoraeume_fuer_Persoenlichkeit\" >2. Akzente: Philippe Starck als Echor\u00e4ume f\u00fcr Pers\u00f6nlichkeit<\/a><\/li><li class='ez-toc-page-1 ez-toc-heading-level-3'><a class=\"ez-toc-link ez-toc-heading-16\" href=\"https:\/\/raum-blick.de\/magazin\/designer-im-spotlight-philippe-starck\/#3_Licht_Atmosphaere_wie_im_Designhotel\" >3. Licht: Atmosph\u00e4re wie im Designhotel<\/a><\/li><\/ul><\/li><li class='ez-toc-page-1 ez-toc-heading-level-2'><a class=\"ez-toc-link ez-toc-heading-17\" href=\"https:\/\/raum-blick.de\/magazin\/designer-im-spotlight-philippe-starck\/#Wofuer_steht_Philippe_Starck_%E2%80%93_und_was_heisst_das_fuer_Ihr_Zuhause\" >Wof\u00fcr steht Philippe Starck \u2013 und was hei\u00dft das f\u00fcr Ihr Zuhause?<\/a><\/li><li class='ez-toc-page-1 ez-toc-heading-level-2'><a class=\"ez-toc-link ez-toc-heading-18\" href=\"https:\/\/raum-blick.de\/magazin\/designer-im-spotlight-philippe-starck\/#Kaufberatung_So_integrieren_Sie_Philippe_Starck_in_Ihre_Einrichtung\" >Kaufberatung: So integrieren Sie Philippe Starck in Ihre Einrichtung<\/a><ul class='ez-toc-list-level-3' ><li class='ez-toc-heading-level-3'><a class=\"ez-toc-link ez-toc-heading-19\" href=\"https:\/\/raum-blick.de\/magazin\/designer-im-spotlight-philippe-starck\/#Starten_Sie_mit_einem_Raum\" >Starten Sie mit einem Raum<\/a><\/li><li class='ez-toc-page-1 ez-toc-heading-level-3'><a class=\"ez-toc-link ez-toc-heading-20\" href=\"https:\/\/raum-blick.de\/magazin\/designer-im-spotlight-philippe-starck\/#Achten_Sie_auf_Proportionen\" >Achten Sie auf Proportionen<\/a><\/li><li class='ez-toc-page-1 ez-toc-heading-level-3'><a class=\"ez-toc-link ez-toc-heading-21\" href=\"https:\/\/raum-blick.de\/magazin\/designer-im-spotlight-philippe-starck\/#Kombinieren_Sie_mit_ruhigen_Begleitern\" >Kombinieren Sie mit ruhigen Begleitern<\/a><\/li><\/ul><\/li><li class='ez-toc-page-1 ez-toc-heading-level-2'><a class=\"ez-toc-link ez-toc-heading-22\" href=\"https:\/\/raum-blick.de\/magazin\/designer-im-spotlight-philippe-starck\/#Nachhaltigkeit_und_Zukunftsdenken_bei_Philippe_Starck\" >Nachhaltigkeit und Zukunftsdenken bei Philippe Starck<\/a><\/li><li class='ez-toc-page-1 ez-toc-heading-level-2'><a class=\"ez-toc-link ez-toc-heading-23\" href=\"https:\/\/raum-blick.de\/magazin\/designer-im-spotlight-philippe-starck\/#Philippe_Starck_als_Inspiration_fuer_Ihren_eigenen_Wohnstil\" >Philippe Starck als Inspiration f\u00fcr Ihren eigenen Wohnstil<\/a><\/li><li class='ez-toc-page-1 ez-toc-heading-level-2'><a class=\"ez-toc-link ez-toc-heading-24\" href=\"https:\/\/raum-blick.de\/magazin\/designer-im-spotlight-philippe-starck\/#Haeufig_gestellte_Fragen_FAQs_zu_Philippe_Starck\" >H\u00e4ufig gestellte Fragen (FAQs) zu Philippe Starck<\/a><ul class='ez-toc-list-level-3' ><li class='ez-toc-heading-level-3'><a class=\"ez-toc-link ez-toc-heading-25\" href=\"https:\/\/raum-blick.de\/magazin\/designer-im-spotlight-philippe-starck\/#Wer_ist_Philippe_Starck-2\" >Wer ist Philippe Starck?<\/a><\/li><li class='ez-toc-page-1 ez-toc-heading-level-3'><a class=\"ez-toc-link ez-toc-heading-26\" href=\"https:\/\/raum-blick.de\/magazin\/designer-im-spotlight-philippe-starck\/#Welche_bekannten_Philippe_Starck_Produkte_gibt_es\" >Welche bekannten Philippe Starck Produkte gibt es?<\/a><\/li><li class='ez-toc-page-1 ez-toc-heading-level-3'><a class=\"ez-toc-link ez-toc-heading-27\" href=\"https:\/\/raum-blick.de\/magazin\/designer-im-spotlight-philippe-starck\/#Was_macht_einen_Starck_Stuhl_so_besonders\" >Was macht einen Starck Stuhl so besonders?<\/a><\/li><li class='ez-toc-page-1 ez-toc-heading-level-3'><a class=\"ez-toc-link ez-toc-heading-28\" href=\"https:\/\/raum-blick.de\/magazin\/designer-im-spotlight-philippe-starck\/#Gibt_es_eine_Philippe_Starck_Lampe_die_gut_zu_skandinavischem_Interior_passt\" >Gibt es eine Philippe Starck Lampe, die gut zu skandinavischem Interior passt?<\/a><\/li><li class='ez-toc-page-1 ez-toc-heading-level-3'><a class=\"ez-toc-link ez-toc-heading-29\" href=\"https:\/\/raum-blick.de\/magazin\/designer-im-spotlight-philippe-starck\/#Wie_integriere_ich_Starck_Designs_in_meine_bestehende_Einrichtung\" >Wie integriere ich Starck Designs in meine bestehende Einrichtung?<\/a><\/li><li class='ez-toc-page-1 ez-toc-heading-level-3'><a class=\"ez-toc-link ez-toc-heading-30\" href=\"https:\/\/raum-blick.de\/magazin\/designer-im-spotlight-philippe-starck\/#Entwirft_Philippe_Starck_auch_Brillen\" >Entwirft Philippe Starck auch Brillen?<\/a><\/li><\/ul><\/li><\/ul><\/nav><\/div>\n\n<ul>\n<li>die privaten R\u00e4ume des franz\u00f6sischen Pr\u00e4sidenten im \u00c9lys\u00e9e-Palast neu gestaltete<\/li>\n<li>das Caf\u00e9 Costes in Paris mit seinem ikonischen Stuhl entwarf<\/li>\n<li>Hotels in New York, Miami, London und Paris in spektakul\u00e4re Designb\u00fchnen verwandelte<\/li>\n<\/ul>\n<p>Gleichzeitig entwickelte er <strong>massentaugliche Produkte<\/strong> \u2013 vom Stuhl \u00fcber die Lampe bis zur Brille. Starck will Design demokratisieren: gutes Design f\u00fcr viele, nicht nur f\u00fcr wenige Sammler.<\/p>\n<h2><span class=\"ez-toc-section\" id=\"Die_Designphilosophie_von_Philippe_Starck_Demokratisches_Design_mit_Haltung\"><\/span>Die Designphilosophie von Philippe Starck: Demokratisches Design mit Haltung<span class=\"ez-toc-section-end\"><\/span><\/h2>\n<p>Philippe Starck spricht gern von <strong>\u201edemokratischem Design\u201c<\/strong>. Dahinter steckt eine klare Haltung:<\/p>\n<ul>\n<li><strong>Form folgt Sinn<\/strong> \u2013 erst die Idee, dann der Look<\/li>\n<li><strong>Design f\u00fcr viele<\/strong> \u2013 industrielle Fertigung statt Einzelst\u00fcck<\/li>\n<li><strong>weniger Material, mehr Wirkung<\/strong> \u2013 Reduktion statt \u00dcbertreibung<\/li>\n<li><strong>Emotion im Alltag<\/strong> \u2013 Humor, \u00dcberraschung, kleine Irritationen<\/li>\n<\/ul>\n<p>Er sieht sich als <strong>Erfinder und Geschichtenerz\u00e4hler<\/strong>, der Objekte so gestaltet, dass sie <strong>mit dir interagieren<\/strong>: Ein Stuhl fordert Sie zum Sitzen ein, eine Lampe schafft eine Stimmung, eine Zitronenpresse verwandelt einen simplen Handgriff in ein kleines Ritual. Gerade f\u00fcr ein Zuhause im skandinavisch gepr\u00e4gten Stil passt Starcks Ansatz hervorragend: <strong>klare Linien, funktionale L\u00f6sungen, trotzdem spielerisch und charakterstark<\/strong>. Wenn Sie sich f\u00fcr nordisches Wohnen, Hygge oder Lagom interessieren, kennen Sie vielleicht unsere Beitr\u00e4ge zu <a href=\"https:\/\/raum-blick.de\/magazin\/hygge-so-wird-wohnen-zum-wohlfuhlen\/\">hyggeligem Wohnen<\/a> oder <a href=\"https:\/\/raum-blick.de\/magazin\/lagom-wohnen-skandinavische-balance-fuer-ihr-zuhause\/\">Lagom und skandinavischer Balance<\/a>. Starck setzt genau an dieser Schnittstelle von Funktion und Emotion an, allerdings mit franz\u00f6sischem Esprit und oft radikalerem Ausdruck. (Weitere genauere Informationen k\u00f6nnen Sie auf Philippe Starcks offizieller Webseite erhalten: siehe <a href=\"https:\/\/www.starck.com\/about\" rel=\"nofollow noopener\" target=\"_blank\">https:\/\/www.starck.com\/about<\/a>)<\/p>\n<h2><span class=\"ez-toc-section\" id=\"Philippe_Starck_und_Kartell_Transparente_Ikonen_fuer_modernes_Wohnen\"><\/span>Philippe Starck und Kartell: Transparente Ikonen f\u00fcr modernes Wohnen<span class=\"ez-toc-section-end\"><\/span><\/h2>\n<p>Ein zentrales Kapitel in der Karriere von Philippe Starck ist seine lange Zusammenarbeit mit <a href=\"https:\/\/raum-blick.de\/kartell\/\"><strong>Kartell<\/strong><\/a>, dem italienischen Pionier f\u00fcr Design aus Kunststoff. Viele Designs, die Sie mit seinem Namen verbinden, entstanden in dieser Partnerschaft.<\/p>\n<h3><span class=\"ez-toc-section\" id=\"Louis_Ghost_Co_Philippe_Starck_Stuehle_die_Geschichte_schreiben\"><\/span>Louis Ghost &amp; Co.: Philippe Starck St\u00fchle, die Geschichte schreiben<span class=\"ez-toc-section-end\"><\/span><\/h3>\n<p>Der wohl ber\u00fchmteste <strong>Philippe Starck Stuhl<\/strong> f\u00fcr Kartell ist der <a href=\"https:\/\/raum-blick.de\/kartell-louis-ghost-stuhl\"><strong>Louis Ghost Chair<\/strong><\/a>:<\/p>\n<ul>\n<li>transparentes Polycarbonat<\/li>\n<li>Silhouette eines klassischen Louis\u2011XVI\u2011Sessels<\/li>\n<li>stapelbar, robust, indoor wie outdoor einsetzbar<\/li>\n<\/ul>\n<p>Starck \u00fcbersetzt hier barocke Eleganz in ein <strong>zeitgen\u00f6ssisches, fast unsichtbares Objekt<\/strong>. Der Stuhl verschwindet optisch im Raum, setzt gleichzeitig ein klares Statement. Gerade in modernen, eher minimalistischen Interiors schafft dieser Stuhl Leichtigkeit \u2013 ideal f\u00fcr kleine R\u00e4ume oder lichtdurchflutete Essbereiche. Wenn Sie sich f\u00fcr ikonische Kunststoffst\u00fchle interessieren, lohnt sich ein Blick auf unsere Auswahl an <a href=\"https:\/\/raum-blick.de\/kartell-stuehle\/\">Kartell St\u00fchlen<\/a>. Dort finden Sie viele Entw\u00fcrfe, die im Geiste dieser Zusammenarbeit entstehen: mutige Farben, klare Linien, vielseitige Einsatzbereiche.<\/p>\n\n\n<div class=\"wp-block-column is-layout-flow wp-block-column-is-layout-flow\">\n<figure class=\"wp-block-image size-large\"><a href=\"https:\/\/raum-blick.de\/kartell-louis-ghost-stuhl\"><img decoding=\"async\" src=\"https:\/\/raum-blick.de\/magazin\/wp-content\/uploads\/2026\/01\/2-Louis-Ghost-Stuhl-Seite_1920x1920-1024x1024.jpg\" alt=\"Louis Ghost Stuhl von Kartell; Design: Philippe Starck\" class=\"wp-image-22295\" title=\"\"><\/a><figcaption class=\"wp-element-caption\"><em>Kartell &#8211; Louis Ghost Stuhl<\/em><\/figcaption><\/figure>\n<\/div>\n\n\n<h3><span class=\"ez-toc-section\" id=\"Philippe_Starck_und_Kartell_Lampen_Licht_als_Inszenierung\"><\/span>Philippe Starck und Kartell Lampen: Licht als Inszenierung<span class=\"ez-toc-section-end\"><\/span><\/h3>\n<p>Neben St\u00fchlen entwickelte Philippe Starck auch <strong>Leuchten f\u00fcr Kartell<\/strong>, zum Beispiel:<\/p>\n<ul>\n<li>filigrane Tischleuchten mit schimmernden Schirmen<\/li>\n<li>Stehleuchten, die klassischen Lampenformen eine moderne Drehung geben<\/li>\n<li>Pendelleuchten, bei denen Material und Lichtwirkung verschmelzen<\/li>\n<\/ul>\n<p>Starck nutzt den Kunststoff so, dass <strong>Licht durchscheint, gebrochen wird, glitzert oder weich gestreut im Raum ankommt<\/strong>. Das passt hervorragend zu skandinavisch gepr\u00e4gten Interieurs, in denen Lichtqualit\u00e4t und Atmosph\u00e4re eine zentrale Rolle haben. F\u00fcr ein erstes Gef\u00fchl, wie sich italienisches Design und nordische Klarheit verbinden, inspirieren Sie sich in unserer Auswahl an <a href=\"https:\/\/raum-blick.de\/kartell-lampen\/\">Kartell Lampen<\/a> und im Bereich <a href=\"https:\/\/raum-blick.de\/leuchten\/\">Design-Leuchten<\/a> auf raum-blick.de.<\/p>\n\n\n<div class=\"wp-block-columns is-layout-flex wp-container-core-columns-is-layout-9d6595d7 wp-block-columns-is-layout-flex\">\n<div class=\"wp-block-column is-layout-flow wp-block-column-is-layout-flow\">\n<figure class=\"wp-block-image size-large\"><a href=\"https:\/\/raum-blick.de\/kartell-goodnight-battery-tischleuchte\"><img loading=\"lazy\" decoding=\"async\" width=\"1024\" height=\"1024\" src=\"https:\/\/raum-blick.de\/magazin\/wp-content\/uploads\/2026\/01\/kartell-goodnight-battery-chrom_77400_1920x1920-1024x1024.jpg\" alt=\"Kartell - Goodnight Battery\" class=\"wp-image-24462\" title=\"\" srcset=\"https:\/\/raum-blick.de\/magazin\/wp-content\/uploads\/2026\/01\/kartell-goodnight-battery-chrom_77400_1920x1920-980x980.jpg 980w, https:\/\/raum-blick.de\/magazin\/wp-content\/uploads\/2026\/01\/kartell-goodnight-battery-chrom_77400_1920x1920-480x480.jpg 480w\" sizes=\"(min-width: 0px) and (max-width: 480px) 480px, (min-width: 481px) and (max-width: 980px) 980px, (min-width: 981px) 1024px, 100vw\" \/><\/a><figcaption class=\"wp-element-caption\"><em>Die Goodnight Battery Tischleuchte stellt Starcks erstes Leuchten-Design f\u00fcr Kartell dar \u2013 inspiriert vom Kerzenscheinlicht.<\/em><\/figcaption><\/figure>\n<\/div>\n\n\n\n<div class=\"wp-block-column is-layout-flow wp-block-column-is-layout-flow\">\n<figure class=\"wp-block-image size-large\"><a href=\"https:\/\/raum-blick.de\/kartell-angelo-stone-stehleuchte\"><img loading=\"lazy\" decoding=\"async\" width=\"1024\" height=\"1024\" src=\"https:\/\/raum-blick.de\/magazin\/wp-content\/uploads\/2026\/01\/kartell-angelo-stone-kupfer-mit-essgruppe_102676_1920x1920-1024x1024.jpg\" alt=\"Kartell - Angelo Stone Stehleuchte\" class=\"wp-image-24463\" title=\"\" srcset=\"https:\/\/raum-blick.de\/magazin\/wp-content\/uploads\/2026\/01\/kartell-angelo-stone-kupfer-mit-essgruppe_102676_1920x1920-980x980.jpg 980w, https:\/\/raum-blick.de\/magazin\/wp-content\/uploads\/2026\/01\/kartell-angelo-stone-kupfer-mit-essgruppe_102676_1920x1920-480x480.jpg 480w\" sizes=\"(min-width: 0px) and (max-width: 480px) 480px, (min-width: 481px) and (max-width: 980px) 980px, (min-width: 981px) 1024px, 100vw\" \/><\/a><figcaption class=\"wp-element-caption\"><em>Bei der Angelo Stone Stehleuchte wurde das typische Gl\u00fchbirnen-Design von Philippe Starck so revolution\u00e4r entworfen, dass die LED-Lichtquelle auf dem Stil platziert ist.<\/em><\/figcaption><\/figure>\n<\/div>\n<\/div>\n\n\n\n<figure class=\"wp-block-image size-large\"><a href=\"https:\/\/raum-blick.de\/kartell-khan-kronleuchter\"><img loading=\"lazy\" decoding=\"async\" width=\"1024\" height=\"1024\" src=\"https:\/\/raum-blick.de\/magazin\/wp-content\/uploads\/2026\/01\/kartell-khan-kronleuchter-schwarz-ambiente_88070_1920x1920-1024x1024.jpg\" alt=\"Kartell - Khan Kronleuchter\" class=\"wp-image-24469\" title=\"\" srcset=\"https:\/\/raum-blick.de\/magazin\/wp-content\/uploads\/2026\/01\/kartell-khan-kronleuchter-schwarz-ambiente_88070_1920x1920-980x980.jpg 980w, https:\/\/raum-blick.de\/magazin\/wp-content\/uploads\/2026\/01\/kartell-khan-kronleuchter-schwarz-ambiente_88070_1920x1920-480x480.jpg 480w\" sizes=\"(min-width: 0px) and (max-width: 480px) 480px, (min-width: 481px) and (max-width: 980px) 980px, (min-width: 981px) 1024px, 100vw\" \/><\/a><figcaption class=\"wp-element-caption\"><em>Der Khan Kronleuchter ist gekennzeichnet durch ein Design der besonderen Art. Starck kombinierte hierbei stilistisch den Eklektizismus des 18. Jahrhunderts mit dem zeitgen\u00f6ssischen Minimalismus.<\/em><\/figcaption><\/figure>\n\n\n\n<h2 class=\"wp-block-heading\"><span class=\"ez-toc-section\" id=\"Ikonen_des_Alltags_Von_der_Philippe_Starck_Zitronenpresse_bis_zur_Brille\"><\/span>Ikonen des Alltags: Von der Philippe Starck Zitronenpresse bis zur Brille<span class=\"ez-toc-section-end\"><\/span><\/h2>\n\n\n\n<p>Philippe Starck reduziert sich nie auf eine Produktkategorie. Er gestaltet <strong>das gesamte Umfeld des Alltags<\/strong>. Einige seiner Entw\u00fcrfe entwickelten sich zu echten Kultobjekten \u2013 oft dort, wo du es am wenigsten erwartest.<\/p>\n\n\n\n<h3 class=\"wp-block-heading\"><span class=\"ez-toc-section\" id=\"Die_legendaere_Philippe_Starck_Zitronenpresse\"><\/span>Die legend\u00e4re Philippe Starck Zitronenpresse<span class=\"ez-toc-section-end\"><\/span><\/h3>\n\n\n\n<p>Die <strong>Philippe Starck Zitronenpresse<\/strong> \u201eJuicy Salif\u201c f\u00fcr Alessi geh\u00f6rt zu den bekanntesten K\u00fcchenobjekten \u00fcberhaupt. Auf den ersten Blick wirkt sie wie eine kleine au\u00dferirdische Skulptur:<\/p>\n\n\n\n<ul class=\"wp-block-list\">\n<li>schlanke, tropfenf\u00f6rmige Spitze<\/li>\n\n\n\n<li>drei lange Beine, die fast wie Insektenbeine wirken<\/li>\n\n\n\n<li>Aluminium mit gl\u00e4nzender Oberfl\u00e4che<\/li>\n<\/ul>\n\n\n\n<p>Streng genommen funktioniert sie nicht besser als eine klassische Pressform. Doch genau das macht sie spannend: Starck wollte hier <strong>ein Gespr\u00e4chsst\u00fcck schaffen<\/strong>, ein Objekt, das <i>Emotion<\/i> in den K\u00fcchenalltag bringt. In vielen Wohnungen steht Juicy Salif nicht im Schrank, sondern auf der Arbeitsplatte, auf einem Sideboard oder in der Vitrine. Sie markiert einen Punkt: <strong>Hier lebt jemand, der Design liebt.<\/strong> Wenn Sie Ihre K\u00fcche genauso bewusst gestalten wie Ihr Wohnzimmer, finden Sie bei RAUM-BLICK passende Erg\u00e4nzungen \u2013 von nordischen K\u00fcchenaccessoires bis zu Designikonen. St\u00f6bern Sie dazu gern durch unsere Kategorie <a href=\"https:\/\/raum-blick.de\/kueche-tisch\/\">K\u00fcche &amp; Tisch<\/a> f\u00fcr funktionale, designorientierte Helfer. (Weitere Informationen zur Starcks Zitronenpresse erhalten Sie auf der Herstellerseite von Alessi: siehe <a href=\"https:\/\/alessi.com\/de\/collections\/philippe-starck\" rel=\"nofollow noopener\" target=\"_blank\">https:\/\/alessi.com\/de\/collections\/philippe-starck<\/a>)<\/p>\n\n\n\n<h3 class=\"wp-block-heading\"><span class=\"ez-toc-section\" id=\"Philippe_Starck_Brillen_Design_zum_Tragen\"><\/span>Philippe Starck Brillen: Design zum Tragen<span class=\"ez-toc-section-end\"><\/span><\/h3>\n\n\n\n<p>Auch im Bereich <strong>Brillen<\/strong> hinterl\u00e4sst Philippe Starck Spuren. Unter dem Label \u201eStarck Eyes\u201c, sp\u00e4ter <strong>Starck Biotech Paris<\/strong>, entstand eine Kollektion, die Technik und Design verbindet:<\/p>\n\n\n\n<ul class=\"wp-block-list\">\n<li>flexible Scharniere, inspiriert von nat\u00fcrlichen Gelenken<\/li>\n\n\n\n<li>dezente, klare Gestelle mit hohem Tragekomfort<\/li>\n\n\n\n<li>Fokus auf Biomechanik statt blo\u00dfem Styling<\/li>\n<\/ul>\n\n\n\n<p>Die Brillen zeigen, wie konsequent Starck denkt: <strong>Ein Objekt, das du t\u00e4glich nahe am K\u00f6rper tr\u00e4gst, braucht Ergonomie, Leichtigkeit und Langlebigkeit.<\/strong> Das Design wirkt unaufgeregt, die Innovation steckt in der funktionalen L\u00f6sung.<\/p>\n\n\n\n<h2 class=\"wp-block-heading\"><span class=\"ez-toc-section\" id=\"Philippe_Starck_Produkte_fuer_Ihr_Zuhause_Wo_fangen_Sie_an\"><\/span>Philippe Starck Produkte f\u00fcr Ihr Zuhause: Wo fangen Sie an?<span class=\"ez-toc-section-end\"><\/span><\/h2>\n\n\n\n<p>Wenn Sie Ihr Zuhause mit <strong>Philippe Starck Produkten<\/strong> pr\u00e4gen m\u00f6chten, starten Sie am besten bei Objekten, die Sie t\u00e4glich nutzen und sehen. Dazu geh\u00f6ren:<\/p>\n\n\n\n<ul class=\"wp-block-list\">\n<li><strong>St\u00fchle und Hocker<\/strong><\/li>\n\n\n\n<li><strong>Tisch- und Stehleuchten<\/strong><\/li>\n\n\n\n<li><strong>Accessoires in K\u00fcche und Essbereich<\/strong><\/li>\n<\/ul>\n\n\n\n<p>Starck denkt ganzheitlich, Sie m\u00fcssen aber nicht gleich das gesamte Interior austauschen. <strong>Einzelne pr\u00e4gnante St\u00fccke<\/strong> reichen, um Ihrem Raum eine neue Energie zu geben.<\/p>\n\n\n\n<h3 class=\"wp-block-heading\"><span class=\"ez-toc-section\" id=\"Starcks_Stuehle_im_Vergleich_Skulptur_Alltagspartner_Statement\"><\/span>Starcks St\u00fchle im Vergleich: Skulptur, Alltagspartner, Statement<span class=\"ez-toc-section-end\"><\/span><\/h3>\n\n\n\n<p>Die St\u00fchle von Philippe Starck lassen sich grob in drei Kategorien einteilen: <strong>Transparente Ikonen<\/strong> \u2013 etwa der Louis Ghost Chair<\/p>\n\n\n\n<ul class=\"wp-block-list\">\n<li>wirken luftig und leicht<\/li>\n\n\n\n<li>lassen B\u00f6den, Teppiche und Tische zur Geltung kommen<\/li>\n\n\n\n<li>passen perfekt in helle, nordische Interiors<\/li>\n<\/ul>\n\n\n\n<p><strong>Organische Formen<\/strong> \u2013 weichere, k\u00f6rpernahe Schalen<\/p>\n\n\n\n<ul class=\"wp-block-list\">\n<li>bieten hohen Sitzkomfort<\/li>\n\n\n\n<li>schaffen eine einladende, fast loungige Atmosph\u00e4re<\/li>\n\n\n\n<li>harmonieren gut mit warmen H\u00f6lzern, wie du sie bei Marken wie <a href=\"https:\/\/raum-blick.de\/ethnicraft\/\">Ethnicraft M\u00f6beln<\/a> findest<\/li>\n<\/ul>\n\n\n\n<p><strong>Experimentelle Statement-St\u00fccke<\/strong><\/p>\n\n\n\n<ul class=\"wp-block-list\">\n<li>eher f\u00fcr Mutige und Sammler<\/li>\n\n\n\n<li>machen sich stark als Solit\u00e4r, etwa am Schreibtisch oder als Flurstatement<\/li>\n<\/ul>\n\n\n\n<p>In unserer \u00dcbersicht zu <a href=\"https:\/\/raum-blick.de\/vitra\/\">Vitra<\/a>, <a href=\"https:\/\/raum-blick.de\/thonet\/\">Thonet<\/a> oder <a href=\"https:\/\/raum-blick.de\/houe\/\">Houe<\/a> entdecken Sie, wie andere Designmarken das Thema Sitzm\u00f6bel interpretieren. Philippe Starck erg\u00e4nzt dieses Spektrum mit einer Prise Ironie und franz\u00f6sischer Leichtigkeit.<\/p>\n\n\n\n<h3 class=\"wp-block-heading\"><span class=\"ez-toc-section\" id=\"Philippe_Starck_Lampen_Atmosphaerenmacher_im_skandinavischen_Kontext\"><\/span>Philippe Starck Lampen: Atmosph\u00e4renmacher im skandinavischen Kontext<span class=\"ez-toc-section-end\"><\/span><\/h3>\n\n\n\n<p>Bei <strong>Philippe Starck Lampen<\/strong> f\u00fcr Kartell und andere Hersteller stehen zwei Themen im Vordergrund:<\/p>\n\n\n\n<ul class=\"wp-block-list\">\n<li><strong>Licht als Material<\/strong> \u2013 Reflektionen, Transparenz, Schatten<\/li>\n\n\n\n<li><strong>klassische Typen neu gedacht<\/strong> \u2013 Tischlampe, Stehlampe, Pendelleuchte, aber anders<\/li>\n<\/ul>\n\n\n\n<p>Stellen Sie sich eine klare, nordische Einrichtung vor: helle W\u00e4nde, Eichenparkett, neutrale Textilien von Marken wie <a href=\"https:\/\/raum-blick.de\/pad\/\">pad<\/a>. Erg\u00e4nzen Sie dieses Setting mit einer Starck Leuchte, entsteht <strong>Spannung durch Kontrast<\/strong>:<\/p>\n\n\n\n<ul class=\"wp-block-list\">\n<li>eine metallisch schimmernde Leuchte zieht Blicke auf sich.<\/li>\n\n\n\n<li>eine transparente Lampe verst\u00e4rkt die Luftigkeit des Raums.<\/li>\n\n\n\n<li>eine skulpturale Form macht aus der Leuchte ein Kunstobjekt.<\/li>\n<\/ul>\n\n\n\n<p>In unserer Kategorie <a href=\"https:\/\/raum-blick.de\/wohnen\/\">Wohnen<\/a> finden Sie viele weitere Elemente, die Sie mit einem Starck Entwurf kombinieren \u2013 von Sideboards bis zu dekorativen Highlights.<\/p>\n\n\n\n<div class=\"wp-block-columns is-layout-flex wp-container-core-columns-is-layout-9d6595d7 wp-block-columns-is-layout-flex\">\n<div class=\"wp-block-column is-layout-flow wp-block-column-is-layout-flow\">\n<figure class=\"wp-block-image size-large\"><a href=\"https:\/\/raum-blick.de\/kartell-camomille-akkulampe\"><img loading=\"lazy\" decoding=\"async\" width=\"1024\" height=\"1024\" src=\"https:\/\/raum-blick.de\/magazin\/wp-content\/uploads\/2026\/01\/Kartell-Camomille-Akkulampe-Ambiente-2_115060_1920x1920-1024x1024.jpg\" alt=\"Camomille Akkulampe von Kartell; Designe: Philippe Starck\" class=\"wp-image-24478\" title=\"\" srcset=\"https:\/\/raum-blick.de\/magazin\/wp-content\/uploads\/2026\/01\/Kartell-Camomille-Akkulampe-Ambiente-2_115060_1920x1920-980x980.jpg 980w, https:\/\/raum-blick.de\/magazin\/wp-content\/uploads\/2026\/01\/Kartell-Camomille-Akkulampe-Ambiente-2_115060_1920x1920-480x480.jpg 480w\" sizes=\"(min-width: 0px) and (max-width: 480px) 480px, (min-width: 481px) and (max-width: 980px) 980px, (min-width: 981px) 1024px, 100vw\" \/><\/a><figcaption class=\"wp-element-caption\">Die von Starck designte Camomille Akkulampe wirkt wie eine elegante Teekanne, die quasi Licht &#8222;ausgie\u00dft&#8220;.<\/figcaption><\/figure>\n<\/div>\n\n\n\n<div class=\"wp-block-column is-layout-flow wp-block-column-is-layout-flow\">\n<figure class=\"wp-block-image size-large\"><a href=\"https:\/\/raum-blick.de\/kartell-angelo-stone-tischleuchte\"><img loading=\"lazy\" decoding=\"async\" width=\"1024\" height=\"1024\" src=\"https:\/\/raum-blick.de\/magazin\/wp-content\/uploads\/2026\/01\/kartell-angelo-stone-leuchten-serie_102688_1920x1920-1024x1024.jpg\" alt=\"Angelo Stone Tischleuchte von Kartell; Design: Philippe Starck\" class=\"wp-image-23129\" title=\"\" srcset=\"https:\/\/raum-blick.de\/magazin\/wp-content\/uploads\/2026\/01\/kartell-angelo-stone-leuchten-serie_102688_1920x1920-980x980.jpg 980w, https:\/\/raum-blick.de\/magazin\/wp-content\/uploads\/2026\/01\/kartell-angelo-stone-leuchten-serie_102688_1920x1920-480x480.jpg 480w\" sizes=\"(min-width: 0px) and (max-width: 480px) 480px, (min-width: 481px) and (max-width: 980px) 980px, (min-width: 981px) 1024px, 100vw\" \/><\/a><figcaption class=\"wp-element-caption\">Auch als Tischleuchte \u00fcberzeugt die Angelo Stone, die das traditionelle Gl\u00fchbirnen-Design revolutionierte.<\/figcaption><\/figure>\n<\/div>\n<\/div>\n\n\n\n<h2 class=\"wp-block-heading\"><span class=\"ez-toc-section\" id=\"Wie_Sie_Philippe_Starck_mit_skandinavischem_Design_kombinieren\"><\/span>Wie Sie Philippe Starck mit skandinavischem Design kombinieren<span class=\"ez-toc-section-end\"><\/span><\/h2>\n\n\n\n<h3 class=\"wp-block-heading\"><span class=\"ez-toc-section\" id=\"1_Basis_Nordisches_Fundament\"><\/span>1. Basis: Nordisches Fundament<span class=\"ez-toc-section-end\"><\/span><\/h3>\n\n\n\n<p>Bauen Sie zun\u00e4chst ein ruhiges, nordisches Fundament:<\/p>\n\n\n\n<ul class=\"wp-block-list\">\n<li>helle W\u00e4nde, gedeckte Farben<\/li>\n\n\n\n<li>M\u00f6bel mit klaren Linien, etwa von Marken wie <a href=\"https:\/\/raum-blick.de\/iittala\/\">Iittala<\/a>, <a href=\"https:\/\/raum-blick.de\/skagerak\/\">Skagerak<\/a> oder <a href=\"https:\/\/raum-blick.de\/fermob\/\">Fermob<\/a><\/li>\n\n\n\n<li>nat\u00fcrliche Materialien wie Holz, Wolle, Leinen<\/li>\n<\/ul>\n\n\n\n<p>Unsere Magazinbeitr\u00e4ge zur <a href=\"https:\/\/raum-blick.de\/magazin\/skandinavische-design-geschichte-erleben\/\">Geschichte des skandinavischen Designs<\/a> und zur <a href=\"https:\/\/raum-blick.de\/magazin\/skandinavischer-wohnstil-farben-die-psychologie-dahinter\/\">Farbpsychologie im skandinavischen Wohnstil<\/a> liefern Ihnen viel Hintergrundwissen f\u00fcr diesen Schritt.<\/p>\n\n\n\n<h3 class=\"wp-block-heading\"><span class=\"ez-toc-section\" id=\"2_Akzente_Philippe_Starck_als_Echoraeume_fuer_Persoenlichkeit\"><\/span>2. Akzente: Philippe Starck als Echor\u00e4ume f\u00fcr Pers\u00f6nlichkeit<span class=\"ez-toc-section-end\"><\/span><\/h3>\n\n\n\n<p>F\u00fcgen Sie dann gezielt <strong>Philippe Starck Designs<\/strong> hinzu:<\/p>\n\n\n\n<ul class=\"wp-block-list\">\n<li>ein transparenter Stuhl am Schreibtisch oder Schminktisch<\/li>\n\n\n\n<li>eine reflektierende Tischleuchte auf dem Sideboard<\/li>\n\n\n\n<li>ein ikonisches K\u00fcchenobjekt auf der Arbeitsplatte<\/li>\n<\/ul>\n\n\n\n<p>Wichtig: <strong>Wenige, daf\u00fcr pr\u00e4zise gesetzte St\u00fccke<\/strong>. So bleibt Ihr Raum harmonisch, w\u00e4hrend die Starck Entw\u00fcrfe die B\u00fchne bekommen, die sie verdienen.<\/p>\n\n\n\n<figure class=\"wp-block-image size-large\"><a href=\"https:\/\/raum-blick.de\/kartell-la-marie-stuhl\"><img loading=\"lazy\" decoding=\"async\" width=\"1024\" height=\"1024\" src=\"https:\/\/raum-blick.de\/magazin\/wp-content\/uploads\/2026\/01\/kartell-la-marie-stuhl-kristall_76025_1920x1920-1024x1024.jpg\" alt=\"La Marie Stuhl von Kartell: Design_ Philippe Starck\" class=\"wp-image-24479\" title=\"\" srcset=\"https:\/\/raum-blick.de\/magazin\/wp-content\/uploads\/2026\/01\/kartell-la-marie-stuhl-kristall_76025_1920x1920-1024x1024.jpg 1024w, https:\/\/raum-blick.de\/magazin\/wp-content\/uploads\/2026\/01\/kartell-la-marie-stuhl-kristall_76025_1920x1920-980x980.jpg 980w, https:\/\/raum-blick.de\/magazin\/wp-content\/uploads\/2026\/01\/kartell-la-marie-stuhl-kristall_76025_1920x1920-480x480.jpg 480w\" sizes=\"(min-width: 0px) and (max-width: 480px) 480px, (min-width: 481px) and (max-width: 980px) 980px, (min-width: 981px) 1024px, 100vw\" \/><\/a><figcaption class=\"wp-element-caption\">Der La Marie Stuhl wurde von Starck mit dem Ziel eines schlichten und zeitlosen M\u00f6belst\u00fccks, welches sich perfekt in seiner Umgebung anpasst, entworfen.<\/figcaption><\/figure>\n\n\n\n<h3 class=\"wp-block-heading\"><span class=\"ez-toc-section\" id=\"3_Licht_Atmosphaere_wie_im_Designhotel\"><\/span>3. Licht: Atmosph\u00e4re wie im Designhotel<span class=\"ez-toc-section-end\"><\/span><\/h3>\n\n\n\n<p>Nutzen Sie Leuchten mit besonderer Lichtwirkung:<\/p>\n\n\n\n<ul class=\"wp-block-list\">\n<li>eine skulpturale Stehleuchte in der Leseecke<\/li>\n\n\n\n<li>eine transparente Pendelleuchte \u00fcber dem Esstisch<\/li>\n\n\n\n<li>eine kleine Tischleuchte als Nachtlicht im Schlafzimmer<\/li>\n<\/ul>\n\n\n\n<p>Erg\u00e4nzen Sie sie mit warmem, dimmbarem Licht. Im Zusammenspiel mit sanften Textilien \u2013 etwa Decken und Kissen von <a href=\"https:\/\/raum-blick.de\/pad\/\">pad<\/a> \u2013 entsteht ein Ambiente, das an <strong>Cocooning<\/strong> erinnert. Inspiration finden Sie im Beitrag zu <a href=\"https:\/\/raum-blick.de\/magazin\/cocooning-heimelige-wohnhighlights\/\">heimeligen Wohnhighlights<\/a>.<\/p>\n\n\n\n<h2 class=\"wp-block-heading\"><span class=\"ez-toc-section\" id=\"Wofuer_steht_Philippe_Starck_%E2%80%93_und_was_heisst_das_fuer_Ihr_Zuhause\"><\/span>Wof\u00fcr steht Philippe Starck \u2013 und was hei\u00dft das f\u00fcr Ihr Zuhause?<span class=\"ez-toc-section-end\"><\/span><\/h2>\n\n\n\n<figure class=\"wp-block-table\"><table><tbody><tr><td class=\"has-text-align-center\" data-align=\"center\"><strong>Aspekt<\/strong><\/td><td class=\"has-text-align-center\" data-align=\"center\"><strong>Bei Philippe Starck<\/strong><\/td><td class=\"has-text-align-center\" data-align=\"center\"><strong>\u00dcbertragung auf Ihr Zuhause<\/strong><\/td><\/tr><tr><td class=\"has-text-align-center\" data-align=\"center\">demokratisches Design<\/td><td class=\"has-text-align-center\" data-align=\"center\">Serienprodukte, industrielle Fertigung<\/td><td class=\"has-text-align-center\" data-align=\"center\">Designklassiker mit guter Erreichbarkeit w\u00e4hlen<\/td><\/tr><tr><td class=\"has-text-align-center\" data-align=\"center\">Experimentierfreude<\/td><td class=\"has-text-align-center\" data-align=\"center\">ungew\u00f6hnliche Formen, \u00fcberraschende Details<\/td><td class=\"has-text-align-center\" data-align=\"center\">einzelne Statement-Pieces einsetzen<\/td><\/tr><tr><td class=\"has-text-align-center\" data-align=\"center\">Materialeinsatz<\/td><td class=\"has-text-align-center\" data-align=\"center\">Kunststoffe, Metalle, innovative Oberfl\u00e4chen<\/td><td class=\"has-text-align-center\" data-align=\"center\">mit nat\u00fcrlichen Materialien wie Holz kombinieren<\/td><\/tr><tr><td class=\"has-text-align-center\" data-align=\"center\">Humor &amp; Poesie<\/td><td class=\"has-text-align-center\" data-align=\"center\">Objekte erz\u00e4hlen Geschichten, wirken ironisch<\/td><td class=\"has-text-align-center\" data-align=\"center\">R\u00e4ume mit kleinen \u00dcberraschungen beleben<\/td><\/tr><tr><td class=\"has-text-align-center\" data-align=\"center\">Funktion &amp; Ergonomie<\/td><td class=\"has-text-align-center\" data-align=\"center\">Brillen, St\u00fchle, K\u00fcchenobjekte mit klarer Funktion<\/td><td class=\"has-text-align-center\" data-align=\"center\">Alltagstauglichkeit ebenso bewerten wie Optik<\/td><\/tr><tr><td class=\"has-text-align-center\" data-align=\"center\">ganzheitliches Denken<\/td><td class=\"has-text-align-center\" data-align=\"center\">Architektur, Produkte, Interieurs aus einem Guss<\/td><td class=\"has-text-align-center\" data-align=\"center\">R\u00e4ume als Gesamtkomposition planen<\/td><\/tr><\/tbody><\/table><\/figure>\n\n\n\n<h2 class=\"wp-block-heading\"><span class=\"ez-toc-section\" id=\"Kaufberatung_So_integrieren_Sie_Philippe_Starck_in_Ihre_Einrichtung\"><\/span>Kaufberatung: So integrieren Sie Philippe Starck in Ihre Einrichtung<span class=\"ez-toc-section-end\"><\/span><\/h2>\n\n\n\n<p>Sie lieben Design, haben aber Respekt vor zu viel \u201eMuseums-Feeling\u201c? Mit einigen Leitlinien integrieren Sie <strong>Philippe Starck Designs<\/strong> entspannt in Ihren Alltag.<\/p>\n\n\n\n<h3 class=\"wp-block-heading\"><span class=\"ez-toc-section\" id=\"Starten_Sie_mit_einem_Raum\"><\/span>Starten Sie mit einem Raum<span class=\"ez-toc-section-end\"><\/span><\/h3>\n\n\n\n<p>W\u00e4hlen Sie zuerst einen Bereich:<\/p>\n\n\n\n<ul class=\"wp-block-list\">\n<li>Essplatz<\/li>\n\n\n\n<li>K\u00fcche<\/li>\n\n\n\n<li>Leseecke<\/li>\n\n\n\n<li>Flur<\/li>\n<\/ul>\n\n\n\n<p>Setzen Sie dort <strong>ein Starck Piece<\/strong> als Anker. Beispiel: ein transparenter Stuhl im Flur, auf dem Sie Tasche und Jacke ablegen. Oder eine au\u00dfergew\u00f6hnliche Tischleuchte auf dem Esstisch, die gleichzeitig Skulptur und Lichtquelle darstellt.<\/p>\n\n\n\n<h3 class=\"wp-block-heading\"><span class=\"ez-toc-section\" id=\"Achten_Sie_auf_Proportionen\"><\/span>Achten Sie auf Proportionen<span class=\"ez-toc-section-end\"><\/span><\/h3>\n\n\n\n<p>Starck liebt starke Gesten. Pr\u00fcfen Sie:<\/p>\n\n\n\n<ul class=\"wp-block-list\">\n<li>passt die Gr\u00f6\u00dfe des Stuhls oder der Leuchte zum Raum?<\/li>\n\n\n\n<li>bleibt genug Luft um das Objekt, damit es wirken kann?<\/li>\n\n\n\n<li>stehen nicht zu viele \u00e4hnliche \u201eStars\u201c im selben Blickfeld?<\/li>\n<\/ul>\n\n\n\n<p>Gerade in kleineren Wohnungen empfiehlt sich eine <strong>bewusste Auswahl<\/strong>. Ein einziges ikonisches St\u00fcck entfaltet mehr Wirkung als f\u00fcnf konkurrierende Solisten.<\/p>\n\n\n\n<h3 class=\"wp-block-heading\"><span class=\"ez-toc-section\" id=\"Kombinieren_Sie_mit_ruhigen_Begleitern\"><\/span>Kombinieren Sie mit ruhigen Begleitern<span class=\"ez-toc-section-end\"><\/span><\/h3>\n\n\n\n<p>Stellen Sie einem auff\u00e4lligen <strong>Philippe Starck Stuhl<\/strong>:<\/p>\n\n\n\n<ul class=\"wp-block-list\">\n<li>einen schlichten Holztisch gegen\u00fcber<\/li>\n\n\n\n<li>dezente Leuchten im Hintergrund<\/li>\n\n\n\n<li>neutrale Vorh\u00e4nge und Teppiche<\/li>\n<\/ul>\n\n\n\n<p>RAUM-BLICK bietet Ihnen dazu zahlreiche Erg\u00e4nzungen \u2013 von <strong>skandinavischen Teppichen und Poufs<\/strong> bis hin zu puristischen Aufbewahrungsl\u00f6sungen wie <a href=\"https:\/\/raum-blick.de\/mustard-made\/\">Metallschr\u00e4nken von Mustard Made<\/a> oder <a href=\"https:\/\/raum-blick.de\/string-regal\/\">String Regalsystemen<\/a>.<\/p>\n\n\n\n<h2 class=\"wp-block-heading\"><span class=\"ez-toc-section\" id=\"Nachhaltigkeit_und_Zukunftsdenken_bei_Philippe_Starck\"><\/span>Nachhaltigkeit und Zukunftsdenken bei Philippe Starck<span class=\"ez-toc-section-end\"><\/span><\/h2>\n\n\n\n<p>Philippe Starck denkt seit vielen Jahren dar\u00fcber nach, <strong>wie Design nachhaltiger wird<\/strong>, ohne seinen Gestaltungsanspruch zu verlieren. Sein Ansatz:<\/p>\n\n\n\n<ul class=\"wp-block-list\">\n<li><strong>Materialreduktion<\/strong> \u2013 so wenig Material wie m\u00f6glich<\/li>\n\n\n\n<li><strong>Langlebigkeit<\/strong> \u2013 Produkte, die dich lange begleiten<\/li>\n\n\n\n<li><strong>Recycling und Wiederverwertung<\/strong> \u2013 Nutzung von Reststoffen<\/li>\n\n\n\n<li><strong>Energie- und ressourcenschonende Konzepte<\/strong> in Architektur und Produktdesign<\/li>\n<\/ul>\n\n\n\n<p>F\u00fcr Sie als designbewussten, oft auch nachhaltigkeitsorientierten Kunden von RAUM-BLICK passt das in ein gr\u00f6\u00dferes Bild: Sie entscheiden sich bewusst f\u00fcr Produkte, die <strong>\u00e4sthetisch bestehen und gleichzeitig \u00fcber Jahre im Einsatz bleiben<\/strong>. In unserem Ratgeber <a href=\"https:\/\/raum-blick.de\/nachhaltig-wohnen\/\">Nachhaltig Wohnen<\/a> finden Sie dazu viele Anregungen \u2013 von Materialwahl bis Pflege.<\/p>\n\n\n\n<h2 class=\"wp-block-heading\"><span class=\"ez-toc-section\" id=\"Philippe_Starck_als_Inspiration_fuer_Ihren_eigenen_Wohnstil\"><\/span>Philippe Starck als Inspiration f\u00fcr Ihren eigenen Wohnstil<span class=\"ez-toc-section-end\"><\/span><\/h2>\n\n\n\n<p>Sie m\u00fcssen keinen originalen Philippe Starck Stuhl im Wohnzimmer haben, um <strong>von seiner Haltung zu profitieren<\/strong>. Seine Arbeit liefert Ihnen wertvolle Impulse f\u00fcr Ihr eigenes Einrichtungskonzept:<\/p>\n\n\n\n<ul class=\"wp-block-list\">\n<li><strong>frage Sie nach dem \u201eWarum\u201c<\/strong>: brauchen Sie dieses Objekt wirklich? Welches Problem l\u00f6st es?<\/li>\n\n\n\n<li><strong>setzen Sie klare Statements<\/strong> statt vieler kleiner Kompromisse.<\/li>\n\n\n\n<li><strong>haben Sie Mut zum Humor<\/strong>: ein \u00fcberraschendes Detail lockert jedes noch so durchgestylte Interior auf.<\/li>\n\n\n\n<li><strong>denken Sie in Geschichten<\/strong>: wie f\u00fchlt sich eine Person, die Ihren Raum betritt? Was soll sie erleben?<\/li>\n<\/ul>\n\n\n\n<p>Mit den kuratierten Kollektionen von RAUM-BLICK \u2013 von <a href=\"https:\/\/raum-blick.de\/marken\/\">Designmarken<\/a> \u00fcber <a href=\"https:\/\/raum-blick.de\/inspiration\/\">Inspiration f\u00fcr modernes Wohnen<\/a> bis zu saisonalen Themen wie <a href=\"https:\/\/raum-blick.de\/magazin\/herbstdekoration-inspierierend-stilvoll-magisch\/\">Herbstdekoration<\/a> oder <a href=\"https:\/\/raum-blick.de\/magazin\/skandinavische-weihnachtsdekoration-einfach-magisch\/\">skandinavischer Weihnachtsdeko<\/a> \u2013 haben Sie zahlreiche M\u00f6glichkeiten, diese Ideen konkret umzusetzen.<\/p>\n\n\n\n<figure class=\"wp-block-image size-large\"><a href=\"https:\/\/raum-blick.de\/kartell-victoria-ghost-stuhl\"><img loading=\"lazy\" decoding=\"async\" width=\"1024\" height=\"1024\" src=\"https:\/\/raum-blick.de\/magazin\/wp-content\/uploads\/2026\/01\/kartell-big-battery-victoria-ghost_83780_1920x1920-1024x1024.jpg\" alt=\"Kartell - Victoria Ghost Stuhl\" class=\"wp-image-24474\" title=\"\" srcset=\"https:\/\/raum-blick.de\/magazin\/wp-content\/uploads\/2026\/01\/kartell-big-battery-victoria-ghost_83780_1920x1920-1024x1024.jpg 1024w, https:\/\/raum-blick.de\/magazin\/wp-content\/uploads\/2026\/01\/kartell-big-battery-victoria-ghost_83780_1920x1920-980x980.jpg 980w, https:\/\/raum-blick.de\/magazin\/wp-content\/uploads\/2026\/01\/kartell-big-battery-victoria-ghost_83780_1920x1920-480x480.jpg 480w\" sizes=\"(min-width: 0px) and (max-width: 480px) 480px, (min-width: 481px) and (max-width: 980px) 980px, (min-width: 981px) 1024px, 100vw\" \/><\/a><figcaption class=\"wp-element-caption\">Der Victoria Ghost Stuhl wurde 2005 von Philippe Starck designt und spricht mit zeitloser Linie f\u00fcr sich.<\/figcaption><\/figure>\n\n\n\n<h2 class=\"wp-block-heading\"><span class=\"ez-toc-section\" id=\"Haeufig_gestellte_Fragen_FAQs_zu_Philippe_Starck\"><\/span>H\u00e4ufig gestellte Fragen (FAQs) zu Philippe Starck<span class=\"ez-toc-section-end\"><\/span><\/h2>\n\n\n\n<h3 class=\"wp-block-heading\"><span class=\"ez-toc-section\" id=\"Wer_ist_Philippe_Starck-2\"><\/span>Wer ist Philippe Starck?<span class=\"ez-toc-section-end\"><\/span><\/h3>\n\n\n\n<p>Philippe Starck ist ein franz\u00f6sischer Designer und Architekt, der seit den 1970er\u2011Jahren internationale Aufmerksamkeit erh\u00e4lt. Er gestaltet <strong>M\u00f6bel, Leuchten, Alltagsprodukte, Hotels, Restaurants, Yachten und technische Ger\u00e4te<\/strong>. Viele seiner Entw\u00fcrfe, etwa <strong>Philippe Starck St\u00fchle<\/strong> f\u00fcr Kartell oder die <strong>Philippe Starck Zitronenpresse<\/strong>, gelten heute als Designikonen. Typisch f\u00fcr ihn sind ein demokratischer Designansatz, \u00fcberraschende Formen und eine Mischung aus Funktion, Humor und Poesie.<\/p>\n\n\n\n<h3 class=\"wp-block-heading\"><span class=\"ez-toc-section\" id=\"Welche_bekannten_Philippe_Starck_Produkte_gibt_es\"><\/span>Welche bekannten Philippe Starck Produkte gibt es?<span class=\"ez-toc-section-end\"><\/span><\/h3>\n\n\n\n<p>Zu den bekanntesten <strong>Starck Produkten<\/strong> z\u00e4hlen:<\/p>\n\n\n\n<ul class=\"wp-block-list\">\n<li>die Zitronenpresse \u201eJuicy Salif\u201c<\/li>\n\n\n\n<li>transparente St\u00fchle wie der Louis Ghost Chair f\u00fcr Kartell<\/li>\n\n\n\n<li>verschiedene <strong>Philippe Starck Lampen<\/strong> f\u00fcr Kartell und andere Hersteller<\/li>\n\n\n\n<li>ergonomische <strong>Philippe Starck Brillen<\/strong> unter dem Label Starck Biotech Paris<\/li>\n\n\n\n<li>Hotel- und Restaurantinterieurs, die weltweit als Vorbild f\u00fcr modernes Design gelten<\/li>\n<\/ul>\n\n\n\n<p>Viele seiner Objekte tauchen in Designmagazinen, Museen und hochwertigen Wohnumgebungen auf \u2013 oft als markante Solit\u00e4re mit hohem Wiedererkennungswert.<\/p>\n\n\n\n<h3 class=\"wp-block-heading\"><span class=\"ez-toc-section\" id=\"Was_macht_einen_Starck_Stuhl_so_besonders\"><\/span>Was macht einen Starck Stuhl so besonders?<span class=\"ez-toc-section-end\"><\/span><\/h3>\n\n\n\n<p>Ein <strong>Philippe Starck Stuhl<\/strong> zeichnet sich durch <strong>klare Linien, oft ungewohnte Proportionen und eine starke Idee hinter der Form<\/strong> aus. Der ber\u00fchmte Louis Ghost Chair beispielsweise interpretiert einen klassischen Barocksessel aus transparentem Kunststoff. Andere St\u00fchle besitzen organische Schalen oder spielen mit Stapelbarkeit und Materialeffizienz. Starck denkt St\u00fchle immer als Alltagsbegleiter mit eigenem Charakter: Sie sollen bequem sein, im Raum wirken und eine Geschichte erz\u00e4hlen. In Verbindung mit skandinavischen M\u00f6beln aus Holz entsteht ein spannender Material- und Stilmix.<\/p>\n\n\n\n<h3 class=\"wp-block-heading\"><span class=\"ez-toc-section\" id=\"Gibt_es_eine_Philippe_Starck_Lampe_die_gut_zu_skandinavischem_Interior_passt\"><\/span>Gibt es eine Philippe Starck Lampe, die gut zu skandinavischem Interior passt?<span class=\"ez-toc-section-end\"><\/span><\/h3>\n\n\n\n<p>Viele <strong>Starck Lampen<\/strong> harmonieren erstaunlich gut mit einem skandinavischen Wohnstil. Transparente Schirme, metallische Oberfl\u00e4chen und reduzierte Silhouetten f\u00fcgen sich in helle, zur\u00fcckhaltende R\u00e4ume ein und setzen gezielte Akzente. Eine schlichte Tischleuchte von Starck auf einem nordischen Sideboard, kombiniert mit weichen Textilien und Naturholz, schafft ein zeitgem\u00e4\u00dfes, wohnliches Ambiente. Inspiration f\u00fcr die Kombination von Licht und Interior finden Sie in unserer Kategorie <a href=\"https:\/\/raum-blick.de\/leuchten\/\">Design-Leuchten<\/a>.<\/p>\n\n\n\n<h3 class=\"wp-block-heading\"><span class=\"ez-toc-section\" id=\"Wie_integriere_ich_Starck_Designs_in_meine_bestehende_Einrichtung\"><\/span>Wie integriere ich Starck Designs in meine bestehende Einrichtung?<span class=\"ez-toc-section-end\"><\/span><\/h3>\n\n\n\n<p>Starten Sie mit <strong>einem markanten Objekt<\/strong>: einem Stuhl, einer Lampe oder einem K\u00fcchenaccessoire wie der Philippe Starck Zitronenpresse. Platzieren Sie dieses St\u00fcck sichtbar, zum Beispiel am Esstisch, im Flur oder auf der K\u00fccheninsel. Erg\u00e4nzen Sie es mit ruhigen, skandinavischen M\u00f6beln und Textilien aus dem RAUM-BLICK Sortiment, etwa aus den Bereichen <a href=\"https:\/\/raum-blick.de\/wohnen\/\">Wohnen<\/a> oder <a href=\"https:\/\/raum-blick.de\/outdoor\/\">Outdoor<\/a>. So entsteht ein bewusst inszenierter Akzent, ohne dass Ihr Zuhause \u00fcberladen wirkt.<\/p>\n\n\n\n<h3 class=\"wp-block-heading\"><span class=\"ez-toc-section\" id=\"Entwirft_Philippe_Starck_auch_Brillen\"><\/span>Entwirft Philippe Starck auch Brillen?<span class=\"ez-toc-section-end\"><\/span><\/h3>\n\n\n\n<p>Ja, <strong>Starck Brillen<\/strong> geh\u00f6ren zu seinem umfangreichen Werk. Unter dem Namen Starck Eyes, sp\u00e4ter Starck Biotech Paris, entwickelte er Gestelle mit <strong>biomechanisch inspirierten Scharnieren<\/strong>, die sich flexibel und ergonomisch an Ihre Bewegungen anpassen. Die Formgebung bleibt bewusst reduziert, der Fokus liegt auf Tragekomfort und technischer Innovation. Die Grundidee \u2013 dezentes Design mit hoher Funktionalit\u00e4t \u2013 finden Sie auch in vielen Wohnaccessoires, die RAUM-BLICK f\u00fcr Sie kuratiert.<\/p>\n","protected":false},"excerpt":{"rendered":"<p>\u00ab Vom Zironenpresser zur Design-Ikone \u00bb Philippe Starck geh\u00f6rt zu den wenigen Designern, deren Name sofort Bilder im Kopf ausl\u00f6st: die ber\u00fchmte Philippe Starck Zitronenpresse, transparente St\u00fchle, spektakul\u00e4re Hotels, verspielte Alltagsprodukte. In diesem Portrait im RAUM-BLICK Magazin lernen Sie den Menschen hinter den Entw\u00fcrfen kennen \u2013 und erfahren, wie seine Designs Ihr Zuhause bereichern. Wer [&hellip;]<\/p>\n","protected":false},"author":8,"featured_media":23149,"comment_status":"closed","ping_status":"open","sticky":false,"template":"","format":"standard","meta":{"_et_pb_use_builder":"","_et_pb_old_content":"","_et_gb_content_width":"","inline_featured_image":false,"footnotes":""},"categories":[6,1,2315],"tags":[741,1430,746,2365,2366],"class_list":["post-23101","post","type-post","status-publish","format-standard","has-post-thumbnail","hentry","category-draussen","category-drinnen","category-informativ","tag-designlampen","tag-designstuehle","tag-kartell","tag-philippe-starck","tag-zironenpresse"],"_links":{"self":[{"href":"https:\/\/raum-blick.de\/magazin\/wp-json\/wp\/v2\/posts\/23101","targetHints":{"allow":["GET"]}}],"collection":[{"href":"https:\/\/raum-blick.de\/magazin\/wp-json\/wp\/v2\/posts"}],"about":[{"href":"https:\/\/raum-blick.de\/magazin\/wp-json\/wp\/v2\/types\/post"}],"author":[{"embeddable":true,"href":"https:\/\/raum-blick.de\/magazin\/wp-json\/wp\/v2\/users\/8"}],"replies":[{"embeddable":true,"href":"https:\/\/raum-blick.de\/magazin\/wp-json\/wp\/v2\/comments?post=23101"}],"version-history":[{"count":6,"href":"https:\/\/raum-blick.de\/magazin\/wp-json\/wp\/v2\/posts\/23101\/revisions"}],"predecessor-version":[{"id":24532,"href":"https:\/\/raum-blick.de\/magazin\/wp-json\/wp\/v2\/posts\/23101\/revisions\/24532"}],"wp:featuredmedia":[{"embeddable":true,"href":"https:\/\/raum-blick.de\/magazin\/wp-json\/wp\/v2\/media\/23149"}],"wp:attachment":[{"href":"https:\/\/raum-blick.de\/magazin\/wp-json\/wp\/v2\/media?parent=23101"}],"wp:term":[{"taxonomy":"category","embeddable":true,"href":"https:\/\/raum-blick.de\/magazin\/wp-json\/wp\/v2\/categories?post=23101"},{"taxonomy":"post_tag","embeddable":true,"href":"https:\/\/raum-blick.de\/magazin\/wp-json\/wp\/v2\/tags?post=23101"}],"curies":[{"name":"wp","href":"https:\/\/api.w.org\/{rel}","templated":true}]}}