{"id":22964,"date":"2026-01-15T09:09:17","date_gmt":"2026-01-15T08:09:17","guid":{"rendered":"https:\/\/raum-blick.de\/magazin\/?p=22964"},"modified":"2026-01-15T09:09:17","modified_gmt":"2026-01-15T08:09:17","slug":"interior-trends-2026-neues-wohn-gefuehl","status":"publish","type":"post","link":"https:\/\/raum-blick.de\/magazin\/interior-trends-2026-neues-wohn-gefuehl\/","title":{"rendered":"Interior Trends 2026: Neues Wohn-Gef\u00fchl"},"content":{"rendered":"<h2><span class=\"ez-toc-section\" id=\"%C2%AB_Diese_Designs_praegen_das_neue_Jahr_%C2%BB\"><\/span>\u00ab Diese Designs pr\u00e4gen das neue Jahr \u00bb<span class=\"ez-toc-section-end\"><\/span><\/h2>\n<p><strong>Die Interior Trends 2026 sind leiser als ihre Vorg\u00e4nger. Und genau darin liegt ihre St\u00e4rke. Statt kurzfristiger Effekte setzen sie auf Gestaltung, die den Alltag verbessert. R\u00e4ume sollen nicht beeindrucken, sondern tragen. Farben beruhigen, Materialien geben Halt, M\u00f6bel passen sich dem Leben an. Wohnen wird wieder langfristig gedacht. Unsere sieben Interior Trends 2026 zeigen Ihnen, wie diese neue Wohnkultur aussieht.<\/strong><\/p>\n<h2><span class=\"ez-toc-section\" id=\"Trend_1_Erdige_Farbwelten\"><\/span>Trend 1: Erdige Farbwelten<span class=\"ez-toc-section-end\"><\/span><\/h2>\n<p>Farbe \u00fcbernimmt 2026 eine neue Rolle. Die <strong>Interior Trends 2026<\/strong> verabschieden sich von austauschbaren Modefarben und setzen auf erdige, pigmentierte Nuancen, die visuelle Ruhe schaffen.<\/p><div id=\"ez-toc-container\" class=\"ez-toc-v2_0_82_2 counter-hierarchy ez-toc-counter ez-toc-grey ez-toc-container-direction\">\n<div class=\"ez-toc-title-container\">\n<p class=\"ez-toc-title\" style=\"cursor:inherit\">Was hier auf Sie wartet<\/p>\n<span class=\"ez-toc-title-toggle\"><a href=\"#\" class=\"ez-toc-pull-right ez-toc-btn ez-toc-btn-xs ez-toc-btn-default ez-toc-toggle\" aria-label=\"Toggle Table of Content\"><span class=\"ez-toc-js-icon-con\"><span class=\"\"><span class=\"eztoc-hide\" style=\"display:none;\">Toggle<\/span><span class=\"ez-toc-icon-toggle-span\"><svg style=\"fill: #999;color:#999\" xmlns=\"http:\/\/www.w3.org\/2000\/svg\" class=\"list-377408\" width=\"20px\" height=\"20px\" viewBox=\"0 0 24 24\" fill=\"none\"><path d=\"M6 6H4v2h2V6zm14 0H8v2h12V6zM4 11h2v2H4v-2zm16 0H8v2h12v-2zM4 16h2v2H4v-2zm16 0H8v2h12v-2z\" fill=\"currentColor\"><\/path><\/svg><svg style=\"fill: #999;color:#999\" class=\"arrow-unsorted-368013\" xmlns=\"http:\/\/www.w3.org\/2000\/svg\" width=\"10px\" height=\"10px\" viewBox=\"0 0 24 24\" version=\"1.2\" baseProfile=\"tiny\"><path d=\"M18.2 9.3l-6.2-6.3-6.2 6.3c-.2.2-.3.4-.3.7s.1.5.3.7c.2.2.4.3.7.3h11c.3 0 .5-.1.7-.3.2-.2.3-.5.3-.7s-.1-.5-.3-.7zM5.8 14.7l6.2 6.3 6.2-6.3c.2-.2.3-.5.3-.7s-.1-.5-.3-.7c-.2-.2-.4-.3-.7-.3h-11c-.3 0-.5.1-.7.3-.2.2-.3.5-.3.7s.1.5.3.7z\"\/><\/svg><\/span><\/span><\/span><\/a><\/span><\/div>\n<nav><ul class='ez-toc-list ez-toc-list-level-1 ' ><li class='ez-toc-page-1 ez-toc-heading-level-2'><a class=\"ez-toc-link ez-toc-heading-1\" href=\"https:\/\/raum-blick.de\/magazin\/interior-trends-2026-neues-wohn-gefuehl\/#%C2%AB_Diese_Designs_praegen_das_neue_Jahr_%C2%BB\" >\u00ab Diese Designs pr\u00e4gen das neue Jahr \u00bb<\/a><\/li><li class='ez-toc-page-1 ez-toc-heading-level-2'><a class=\"ez-toc-link ez-toc-heading-2\" href=\"https:\/\/raum-blick.de\/magazin\/interior-trends-2026-neues-wohn-gefuehl\/#Trend_1_Erdige_Farbwelten\" >Trend 1: Erdige Farbwelten<\/a><ul class='ez-toc-list-level-3' ><li class='ez-toc-heading-level-3'><a class=\"ez-toc-link ez-toc-heading-3\" href=\"https:\/\/raum-blick.de\/magazin\/interior-trends-2026-neues-wohn-gefuehl\/#Willkommen_in_der_Wohnfuehl-Zone_mit_den_Interior_Trends_2026\" >Willkommen in der Wohnf\u00fchl-Zone mit den Interior Trends 2026<\/a><\/li><\/ul><\/li><li class='ez-toc-page-1 ez-toc-heading-level-2'><a class=\"ez-toc-link ez-toc-heading-4\" href=\"https:\/\/raum-blick.de\/magazin\/interior-trends-2026-neues-wohn-gefuehl\/#Trend_2_Modulare_Moebel\" >Trend 2: Modulare M\u00f6bel<\/a><ul class='ez-toc-list-level-3' ><li class='ez-toc-heading-level-3'><a class=\"ez-toc-link ez-toc-heading-5\" href=\"https:\/\/raum-blick.de\/magazin\/interior-trends-2026-neues-wohn-gefuehl\/#Flexibilitaet_ohne_Grenzen\" >Flexibilit\u00e4t ohne Grenzen<\/a><\/li><\/ul><\/li><li class='ez-toc-page-1 ez-toc-heading-level-2'><a class=\"ez-toc-link ez-toc-heading-6\" href=\"https:\/\/raum-blick.de\/magazin\/interior-trends-2026-neues-wohn-gefuehl\/#Trend_3_Massivholz_als_Interior_Trends_2026\" >Trend 3: Massivholz als Interior Trends 2026<\/a><ul class='ez-toc-list-level-3' ><li class='ez-toc-heading-level-3'><a class=\"ez-toc-link ez-toc-heading-7\" href=\"https:\/\/raum-blick.de\/magazin\/interior-trends-2026-neues-wohn-gefuehl\/#Mehr_als_nur_ein_Tisch\" >Mehr als nur ein Tisch<\/a><\/li><\/ul><\/li><li class='ez-toc-page-1 ez-toc-heading-level-2'><a class=\"ez-toc-link ez-toc-heading-8\" href=\"https:\/\/raum-blick.de\/magazin\/interior-trends-2026-neues-wohn-gefuehl\/#Trend_4_Designklassiker\" >Trend 4: Designklassiker<\/a><ul class='ez-toc-list-level-3' ><li class='ez-toc-heading-level-3'><a class=\"ez-toc-link ez-toc-heading-9\" href=\"https:\/\/raum-blick.de\/magazin\/interior-trends-2026-neues-wohn-gefuehl\/#Allroundtalent_fuer_ueberall\" >Allroundtalent f\u00fcr \u00fcberall<\/a><\/li><\/ul><\/li><li class='ez-toc-page-1 ez-toc-heading-level-2'><a class=\"ez-toc-link ez-toc-heading-10\" href=\"https:\/\/raum-blick.de\/magazin\/interior-trends-2026-neues-wohn-gefuehl\/#Trend_5_New_Scandi-Style_als_Interior_Trends_2026\" >Trend 5: New Scandi-Style als Interior Trends 2026<\/a><ul class='ez-toc-list-level-3' ><li class='ez-toc-heading-level-3'><a class=\"ez-toc-link ez-toc-heading-11\" href=\"https:\/\/raum-blick.de\/magazin\/interior-trends-2026-neues-wohn-gefuehl\/#Einfach_mal_abschalten_mit_den_Interior_Trends_2026\" >Einfach mal abschalten mit den Interior Trends 2026<\/a><\/li><\/ul><\/li><li class='ez-toc-page-1 ez-toc-heading-level-2'><a class=\"ez-toc-link ez-toc-heading-12\" href=\"https:\/\/raum-blick.de\/magazin\/interior-trends-2026-neues-wohn-gefuehl\/#Trend_6_Licht_als_Werkzeug\" >Trend 6: Licht als Werkzeug<\/a><ul class='ez-toc-list-level-3' ><li class='ez-toc-heading-level-3'><a class=\"ez-toc-link ez-toc-heading-13\" href=\"https:\/\/raum-blick.de\/magazin\/interior-trends-2026-neues-wohn-gefuehl\/#Alles_im_rechten_Licht\" >Alles im rechten Licht<\/a><\/li><\/ul><\/li><li class='ez-toc-page-1 ez-toc-heading-level-2'><a class=\"ez-toc-link ez-toc-heading-14\" href=\"https:\/\/raum-blick.de\/magazin\/interior-trends-2026-neues-wohn-gefuehl\/#Trend_7_Organic_Lights\" >Trend 7: Organic Lights<\/a><ul class='ez-toc-list-level-3' ><li class='ez-toc-heading-level-3'><a class=\"ez-toc-link ez-toc-heading-15\" href=\"https:\/\/raum-blick.de\/magazin\/interior-trends-2026-neues-wohn-gefuehl\/#Two_in_one_bei_den_Interior_Trends_2026\" >Two in one bei den Interior Trends 2026<\/a><\/li><li class='ez-toc-page-1 ez-toc-heading-level-3'><a class=\"ez-toc-link ez-toc-heading-16\" href=\"https:\/\/raum-blick.de\/magazin\/interior-trends-2026-neues-wohn-gefuehl\/#Fuer_ein_bewusstes_und_schoen_eingerichtetes_Zuhause_mit_Ihren_Interior_Trends_2026\" >F\u00fcr ein bewusstes und sch\u00f6n eingerichtetes Zuhause mit Ihren Interior Trends 2026<\/a><\/li><\/ul><\/li><li class='ez-toc-page-1 ez-toc-heading-level-2'><a class=\"ez-toc-link ez-toc-heading-17\" href=\"https:\/\/raum-blick.de\/magazin\/interior-trends-2026-neues-wohn-gefuehl\/#Haeufig_gestellte_Fragen_FAQs_%E2%80%93_Interior_Trends_2026_wohnen_neu_gedacht\" >H\u00e4ufig gestellte Fragen (FAQs) \u2013 Interior Trends 2026, wohnen neu gedacht<\/a><ul class='ez-toc-list-level-3' ><li class='ez-toc-heading-level-3'><a class=\"ez-toc-link ez-toc-heading-18\" href=\"https:\/\/raum-blick.de\/magazin\/interior-trends-2026-neues-wohn-gefuehl\/#Welche_Farben_sind_2026_besonders_gefragt\" >Welche Farben sind 2026 besonders gefragt?<\/a><\/li><li class='ez-toc-page-1 ez-toc-heading-level-3'><a class=\"ez-toc-link ez-toc-heading-19\" href=\"https:\/\/raum-blick.de\/magazin\/interior-trends-2026-neues-wohn-gefuehl\/#Sind_modulare_Moebel_wirklich_sinnvoll\" >Sind modulare M\u00f6bel wirklich sinnvoll?<\/a><\/li><li class='ez-toc-page-1 ez-toc-heading-level-3'><a class=\"ez-toc-link ez-toc-heading-20\" href=\"https:\/\/raum-blick.de\/magazin\/interior-trends-2026-neues-wohn-gefuehl\/#Welche_Materialien_dominieren_2026\" >Welche Materialien dominieren 2026?<\/a><\/li><li class='ez-toc-page-1 ez-toc-heading-level-3'><a class=\"ez-toc-link ez-toc-heading-21\" href=\"https:\/\/raum-blick.de\/magazin\/interior-trends-2026-neues-wohn-gefuehl\/#Lohnt_sich_die_Investition_in_Designklassiker\" >Lohnt sich die Investition in Designklassiker?<\/a><\/li><\/ul><\/li><\/ul><\/nav><\/div>\n\n<p>Statt ich von k\u00fchlen Graut\u00f6nen und modischem Beige geben Braun, Lehm, Terrakotta, Salbei oder rauchiges Blau den Ton an. Farben, die nicht dekorativ wirken, sondern stabilisierend. Sie bilden das Fundament des Raums, lassen Materialien hochwertiger erscheinen und schaffen eine Atmosph\u00e4re, die nicht nach Aufmerksamkeit verlangt. Genau das macht sie so langlebig.<\/p>\n<h3><span class=\"ez-toc-section\" id=\"Willkommen_in_der_Wohnfuehl-Zone_mit_den_Interior_Trends_2026\"><\/span>Willkommen in der Wohnf\u00fchl-Zone mit den Interior Trends 2026<span class=\"ez-toc-section-end\"><\/span><\/h3>\n<p>Im Wohnzimmer entfalten diese Farbwelten ihre gr\u00f6\u00dfte Wirkung. Ton-in-Ton-Konzepte ersetzen harte Kontraste. Wandfarbe, Sofa und Teppich bewegen sich im gleichen Farbspektrum, Tiefe entsteht \u00fcber Materialien und Oberfl\u00e4chen. Der Raum wirkt sofort ruhiger, aufger\u00e4umter und hochwertiger \u2013 selbst dann, wenn das Leben darin stattfindet.<\/p>\n<p>Ordnung wird dabei Teil der Gestaltung. Erdige Farbkonzepte funktionieren nur, wenn visuelle Unruhe reduziert wird. Der <a href=\"https:\/\/raum-blick.de\/kartell-componibili-4967-5967\"><strong><u>ikonische Componibili Container von Kartell<\/u><\/strong><\/a> f\u00fcgt sich hier selbstverst\u00e4ndlich ein. Seine runde Form wirkt weich, sein Design zur\u00fcckhaltend. Er schafft Struktur, ohne Aufmerksamkeit zu fordern. Genau das macht ihn zum idealen Begleiter dieser Farbwelten.<\/p>\n<p><a href=\"https:\/\/raum-blick.de\/kartell-componibili-4967-5967\"><img loading=\"lazy\" decoding=\"async\" class=\"alignnone wp-image-22969 size-medium\" src=\"https:\/\/raum-blick.de\/magazin\/wp-content\/uploads\/2025\/12\/Kartell-Componibili-3-Faecher-Ambiente-10_114511_1920x1920-300x300.jpg\" alt=\"Kartell Componibili Container im Doppelpack. Einmal mit zwei F\u00e4chern in trendigem Lehm, einmal in rauchigem Blau. Beides Farben der Interior Trends 2026.\" width=\"300\" height=\"300\" title=\"\"><\/a>\u00a0 \u00a0 <a href=\"https:\/\/raum-blick.de\/kartell-componibili-4967-5967\"><img loading=\"lazy\" decoding=\"async\" class=\"alignnone wp-image-22973 size-medium\" src=\"https:\/\/raum-blick.de\/magazin\/wp-content\/uploads\/2025\/12\/Kartell-Componibili-3-Faecher-Ambiente-1_114502_1920x1920-300x300.jpg\" alt=\"Flexibles Dekorations-Objekt mit Stauraum: Der Kartell Componibili macht sich in seiner erdigen Farbe gut neben dem schwarzen Sessel und vor der blaugrauen Wand.\" width=\"300\" height=\"300\" title=\"\"><\/a><\/p>\n<p><em>Allein schon der Anblick dieser Farben gibt uns ein tiefes Gef\u00fchl von Ruhe. Und der Kartell Componibili ist dazu noch die perfekte Aufbewahrungsl\u00f6sung f\u00fcr alles, was nicht im Blickfeld sein soll. Er bringt Struktur in die erdigen Wohnkonzepte der Interior Trends 2026<\/em>.<\/p>\n<h4>Warum kaufen?<\/h4>\n<p>Weil Ordnung hier kein Stilbruch ist, sondern Teil der Gestaltung. Und weil gutes Design leise sein darf. Der Componibili ist kein Trendm\u00f6bel, sondern ein Ordnungsanker. Er bringt Ruhe in farblich dichte Wohnr\u00e4ume und bleibt dabei flexibel genug, um sp\u00e4ter den Raum zu wechseln.<\/p>\n<h2><span class=\"ez-toc-section\" id=\"Trend_2_Modulare_Moebel\"><\/span>Trend 2: Modulare M\u00f6bel<span class=\"ez-toc-section-end\"><\/span><\/h2>\n<p>Flexibilit\u00e4t ist kein Extra mehr, sondern ein Grundbed\u00fcrfnis. Die Interior Trends 2026 reagieren darauf mit modularen M\u00f6beln, die sich an ver\u00e4nderte Lebenssituationen anpassen, ohne dabei beliebig zu wirken. Der entscheidende Unterschied zu ihren Vorg\u00e4ngern: Modularit\u00e4t wird <strong>\u00e4sthetisch erwachsen<\/strong>.<\/p>\n<p>Gro\u00dfz\u00fcgige Proportionen, weiche Polsterungen und klare Linien ersetzen klassische Baukastensysteme. Komfort darf sichtbar sein. Genau deshalb wirken diese M\u00f6bel so wohnlich.<\/p>\n<h3><span class=\"ez-toc-section\" id=\"Flexibilitaet_ohne_Grenzen\"><\/span>Flexibilit\u00e4t ohne Grenzen<span class=\"ez-toc-section-end\"><\/span><\/h3>\n<p>In offenen Grundrissen \u00fcbernimmt das Sofa eine neue Rolle. Es strukturiert den Raum, definiert Bereiche und ersetzt zus\u00e4tzliche M\u00f6bel. Das <a href=\"https:\/\/raum-blick.de\/fatboy-sumo-modulares-sofa-boucle-recycled-creme\"><strong><u>wandelbare modulare Sumo Sofa von Fatboy<\/u><\/strong><\/a> ist daf\u00fcr ein Paradebeispiel. Seine Module lassen sich verschieben, erg\u00e4nzen oder reduzieren, bleiben dabei aber immer Teil eines stimmigen Ganzen.<\/p>\n<p>Das Sofa wirkt pr\u00e4sent, aber nicht schwer. Es l\u00e4dt ein, statt zu dominieren. Genau so verstehen die Interior Trends 2026 Flexibilit\u00e4t: als M\u00f6glichkeit, nicht als Kompromiss.<\/p>\n<p><a href=\"https:\/\/raum-blick.de\/fatboy-sumo-modulares-sofa-boucle-recycled-creme\"><img loading=\"lazy\" decoding=\"async\" class=\"alignnone wp-image-22980 size-medium\" src=\"https:\/\/raum-blick.de\/magazin\/wp-content\/uploads\/2025\/12\/fatboy-sumo-hocker-boucle-recycled-creme-2_121518_1920x1920-300x300.jpg\" alt=\"Das modulare Fatboy Sumo Sofa ist perfekt f\u00fcr jeden Raum. Ein pflegeleichtes Loungem\u00f6bel aus weichem Boucl\u00e9.\" width=\"300\" height=\"300\" title=\"\"><\/a>\u00a0 \u00a0 <a href=\"https:\/\/raum-blick.de\/fatboy-sumo-modulares-sofa-boucle-recycled-creme\"><img loading=\"lazy\" decoding=\"async\" class=\"alignnone wp-image-22979 size-medium\" src=\"https:\/\/raum-blick.de\/magazin\/wp-content\/uploads\/2025\/12\/fatboy-sumo-hocker-boucle-recycled-creme-uebersicht_121536_1920x1920-300x300.jpg\" alt=\"Modulare M\u00f6bel sind einer der Interior Trends 2026. Das wandelbare Fatboy Sumo Sofa l\u00e4sst in der Beziehung keine W\u00fcnsche offen.\" width=\"300\" height=\"300\" title=\"\"><\/a><\/p>\n<p><em>So vielf\u00e4ltig wie das Leben: das nachhaltige Fatboy Sumo Design-Sofa aus recyceltem Boucl\u00e9-Stoff. Luxuri\u00f6s, mit endlosen Kombinationsm\u00f6glichkeiten und so flexibel, wie Sie es brauchen.<\/em><\/p>\n<h4>Warum kaufen?<\/h4>\n<p>Dieses Sofa ist ideal f\u00fcr alle, die sich nicht festlegen wollen. Es w\u00e4chst mit, l\u00e4sst sich neu denken und bleibt trotzdem gestalterisch ruhig \u2013 ein echtes 2026-M\u00f6bel. Denn ein gutes Sofa muss heute mehr k\u00f6nnen als nur gut aussehen, es muss mitziehen und flexibel sein.<\/p>\n<h2><span class=\"ez-toc-section\" id=\"Trend_3_Massivholz_als_Interior_Trends_2026\"><\/span>Trend 3: Massivholz als Interior Trends 2026<span class=\"ez-toc-section-end\"><\/span><\/h2>\n<p>Je digitaler der Alltag wird, desto gr\u00f6\u00dfer ist das Bed\u00fcrfnis nach echten, greifbaren Materialien. So gesehen lassen sich die Interior Trends 2026 auch als Gegenbewegung lesen: gegen Beschleunigung, gegen Austauschbarkeit, gegen Oberfl\u00e4chen ohne Tiefe.<\/p>\n<p>In genau diesem Kontext erlebt Massivholz keine Renaissance, sondern eine <strong>Neubewertung<\/strong>. Nicht rustikal, nicht nostalgisch, sondern bewusst, ruhig und selbstverst\u00e4ndlich. Holz steht 2026 nicht mehr nur f\u00fcr Gem\u00fctlichkeit, sondern in erster Linie f\u00fcr <strong>Verl\u00e4sslichkeit<\/strong>.<\/p>\n<p>F\u00fcr ein Material, das bleibt, w\u00e4hrend sich Farben, Textilien und Wohnsituationen ver\u00e4ndern. Sichtbare Maserung, nat\u00fcrliche Farbunterschiede und eine sp\u00fcrbare Materialit\u00e4t sind kein Makel, sondern Ausdruck von Qualit\u00e4t. Und was Patina hat, ist nicht alt, sondern zeigt. Hiermit wird gelebt.<\/p>\n<h3><span class=\"ez-toc-section\" id=\"Mehr_als_nur_ein_Tisch\"><\/span>Mehr als nur ein Tisch<span class=\"ez-toc-section-end\"><\/span><\/h3>\n<p>Gerade im Essbereich braucht es einen Fixpunkt. Einen, der erdet und verbindet. Die Interior Trends 2026 sehen den Esstisch nicht als Durchgangsm\u00f6bel, sondern als <strong>emotionales Zentrum<\/strong>: Hier wird gearbeitet, gegessen, diskutiert, gefeiert.<\/p>\n<p>Der <a href=\"https:\/\/raum-blick.de\/ethnicraft-bok-tisch\"><strong><u>zeitlose Bok Esstisch von Ethnicraft<\/u><\/strong><\/a> verk\u00f6rpert genau diese Idee. Sein Massivholz verleiht dem Raum Gewicht, seine filigrane Konstruktion nimmt ihm aber jede Schwere. Der Tisch wirkt pr\u00e4sent, aber nicht dominant. Er l\u00e4sst sich mit modernen St\u00fchlen ebenso kombinieren wie mit Klassikern, mit ruhigen Farbwelten ebenso wie mit Akzenten. Denn seine klare Form l\u00e4sst Raum f\u00fcr unterschiedlichste Stile.<\/p>\n<p><a href=\"https:\/\/raum-blick.de\/ethnicraft-bok-tisch\"><img loading=\"lazy\" decoding=\"async\" class=\"aligncenter wp-image-22738 size-large\" src=\"https:\/\/raum-blick.de\/magazin\/wp-content\/uploads\/2025\/11\/ethnicraft-bok-tisch-schwarz-ambiente-bank-stuehle_84495_1920x1920-1024x1024.jpg\" alt=\"Holz, Holz und nochmal Holz - einer der Interior Trends 2026. Der Ethnicraft Bok Esstisch aus schwarzer Eiche ist er Mittelpunkt am Essplatz.\" width=\"1024\" height=\"1024\" title=\"\" srcset=\"https:\/\/raum-blick.de\/magazin\/wp-content\/uploads\/2025\/11\/ethnicraft-bok-tisch-schwarz-ambiente-bank-stuehle_84495_1920x1920-980x980.jpg 980w, https:\/\/raum-blick.de\/magazin\/wp-content\/uploads\/2025\/11\/ethnicraft-bok-tisch-schwarz-ambiente-bank-stuehle_84495_1920x1920-480x480.jpg 480w\" sizes=\"(min-width: 0px) and (max-width: 480px) 480px, (min-width: 481px) and (max-width: 980px) 980px, (min-width: 981px) 1024px, 100vw\" \/><\/a><\/p>\n<p><em>Vor allem dunkles Holz ist 2026 total angesagt. Denn es wirkt einfach edel. So wie der Ethnicraft Bok Esstisch aus schwarzer Eiche. Eine Augenweide!<\/em><\/p>\n<h4>Warum das 2026 \u00fcberzeugt?<\/h4>\n<p>Weil Massivholz kein Trendmaterial ist, sondern ein Gegenpol. Wer einen Bok Tisch kauft, entscheidet sich bewusst gegen Austauschbarkeit.<\/p>\n<h2><span class=\"ez-toc-section\" id=\"Trend_4_Designklassiker\"><\/span>Trend 4: Designklassiker<span class=\"ez-toc-section-end\"><\/span><\/h2>\n<p>Ein auff\u00e4lliger Aspekt der Interior Trends 2026 ist die neue Selbstverst\u00e4ndlichkeit, mit der Designklassiker eingesetzt werden. Sie stehen nicht mehr f\u00fcr ein bestimmtes Milieu oder ein klares Stilbekenntnis, sondern f\u00fcr <strong>Kontinuit\u00e4t<\/strong>. F\u00fcr M\u00f6bel, die mitgehen, statt festzulegen.<\/p>\n<p>Der Wunsch dahinter ist klar: weniger Neuanschaffungen, weniger Austausch, weniger Entscheidungsdruck. Stattdessen M\u00f6bel, die sich in neue Kontexte einf\u00fcgen lassen \u2013 r\u00e4umlich wie stilistisch.<\/p>\n<h3><span class=\"ez-toc-section\" id=\"Allroundtalent_fuer_ueberall\"><\/span>Allroundtalent f\u00fcr \u00fcberall<span class=\"ez-toc-section-end\"><\/span><\/h3>\n<p>Vor allem in funktionalen R\u00e4umen zeigt sich der Wert solcher Klassiker. Der Flur ist selten gro\u00dfz\u00fcgig, das Bad oft klar durchgeplant, das Homeoffice ein Raum im Wandel. Hier braucht es M\u00f6bel, die <strong>funktional und vielseitig <\/strong>sind.<\/p>\n<p>Der <a href=\"https:\/\/raum-blick.de\/kartell-componibili-4967-5967\"><strong><u>ikonische Componibili Container von Kartell<\/u><\/strong><\/a> ist daf\u00fcr ein ideales Beispiel. Seine runde Form wirkt weich, sein Design zeitlos. Er funktioniert als Aufbewahrung, Beistellm\u00f6bel oder Nachttisch. Und passt sich m\u00fchelos neuen R\u00e4umen an, ohne seine Identit\u00e4t zu verlieren. Das ist <strong>kluge Reduktion,<\/strong> die zudem noch mobil ist.<\/p>\n<p><a href=\"https:\/\/raum-blick.de\/kartell-componibili-4967-5967\"><img loading=\"lazy\" decoding=\"async\" class=\"alignnone wp-image-22968 size-medium\" src=\"https:\/\/raum-blick.de\/magazin\/wp-content\/uploads\/2025\/12\/Kartell-Componibili-3-Faecher-Ambiente-5_114506_1920x1920-300x300.jpg\" alt=\"Auch Designklassiker wie der Kartell Componibili geh\u00f6ren zu den Interior Trends 2026. Hier im Doppelpack in knalligem Rot vor einer rot-wei\u00dfen Wand.\" width=\"300\" height=\"300\" title=\"\"><\/a>\u00a0 \u00a0 <a href=\"https:\/\/raum-blick.de\/kartell-componibili-4967-5967\"><img loading=\"lazy\" decoding=\"async\" class=\"alignnone wp-image-22972 size-medium\" src=\"https:\/\/raum-blick.de\/magazin\/wp-content\/uploads\/2025\/12\/Kartell-Componibili-3-Faecher-Ambiente-2_114503_1920x1920-300x300.jpg\" alt=\"Ein echtes Goldst\u00fcck: der Kartell Componibili schimmert vor der gr\u00fcnen Pflanze besonders sch\u00f6n. Absolut alltagstauglich!\" width=\"300\" height=\"300\" title=\"\"><\/a><\/p>\n<p><em>Ob in knalligem Rot oder schimmerndem Gold, der Kartell Componibili macht immer eine gute Figur. Ganz gleich, ob im Bad, Schlafzimmer, Wohnzimmer oder K\u00fcche. Und das seit 1969. Danke liebe Anna Castelli Ferrieri f\u00fcr diese intelligente Stapell\u00f6sung!<\/em><\/p>\n<h4>Warum das 2026 Sinn macht?<\/h4>\n<p>Weil gutes Design nicht laut sein muss, um dauerhaft relevant zu bleiben. Ein M\u00f6belst\u00fcck, viele Rollen. Das macht Designklassiker wie den Componibili 2026 so wertvoll.<\/p>\n<h2><span class=\"ez-toc-section\" id=\"Trend_5_New_Scandi-Style_als_Interior_Trends_2026\"><\/span>Trend 5: New Scandi-Style als Interior Trends 2026<span class=\"ez-toc-section-end\"><\/span><\/h2>\n<p>Der skandinavische Stil bleibt auch 2026 pr\u00e4gend, ver\u00e4ndert aber seine Tonlage. Die Interior Trends 2026 l\u00f6sen sich vom fast asketischen Minimalismus fr\u00fcherer Jahre und entwickeln ihn weiter in Richtung <strong>Wohnlichkeit und N\u00e4he<\/strong>.<\/p>\n<p>Klare Linien bleiben wichtig, werden aber erg\u00e4nzt durch weichere \u00dcberg\u00e4nge, organische Formen und Materialien f\u00fcrs Auge und mit Haptik. M\u00f6bel sollen nicht nur gut aussehen, sondern <strong>benutzt werden wollen<\/strong>.<\/p>\n<h3><span class=\"ez-toc-section\" id=\"Einfach_mal_abschalten_mit_den_Interior_Trends_2026\"><\/span>Einfach mal abschalten mit den Interior Trends 2026<span class=\"ez-toc-section-end\"><\/span><\/h3>\n<p>Besonders deutlich zeigt sich dieser Trend in Leseecken, Schlafzimmern oder kleinen R\u00fcckzugszonen. Statt den Raum komplett zu m\u00f6blieren, reicht oft ein einziges M\u00f6belst\u00fcck, das Atmosph\u00e4re schafft.<\/p>\n<p>Der <a href=\"https:\/\/raum-blick.de\/umage-a-conversation-piece-lounge-chair\"><strong><u>einladende A Conversation Piece Loungesessel von UMAGE<\/u><\/strong><\/a> ist genau so ein M\u00f6bel. Seine Form ist skulptural, aber nicht k\u00fchl. Er wirkt leicht, bietet aber sp\u00fcrbaren Komfort. Hier setzen wir uns hinein, um zu bleiben.<\/p>\n<p>In den Interior Trends 2026 steht dieser Sessel f\u00fcr einen skandinavischen Stil, der alles andere als distanziert ist. Im Gegenteil! Er ist eine Einladung zur Ruhe zu kommen, einfach einmal nicht zu m\u00fcssen und vom Alltag abzuschalten.<\/p>\n<p><a href=\"https:\/\/raum-blick.de\/umage-a-conversation-piece-lounge-chair\"><img loading=\"lazy\" decoding=\"async\" class=\"aligncenter wp-image-22975 size-large\" src=\"https:\/\/raum-blick.de\/magazin\/wp-content\/uploads\/2025\/12\/umage-conversation-piece-eiche-dunes-rust-ottoman_78345_1920x1920-1024x1024.jpg\" alt=\"UMAGE A Conversation Piece Loungesessel als gem\u00fctlicher R\u00fcckzugsort. In dunklem Braun, mit Hocker f\u00fcr die Beine und auf alle F\u00e4lle einer der Interior Trends 2026. Echter New Scandi-Style!\" width=\"1024\" height=\"1024\" title=\"\" srcset=\"https:\/\/raum-blick.de\/magazin\/wp-content\/uploads\/2025\/12\/umage-conversation-piece-eiche-dunes-rust-ottoman_78345_1920x1920-1024x1024.jpg 1024w, https:\/\/raum-blick.de\/magazin\/wp-content\/uploads\/2025\/12\/umage-conversation-piece-eiche-dunes-rust-ottoman_78345_1920x1920-980x980.jpg 980w, https:\/\/raum-blick.de\/magazin\/wp-content\/uploads\/2025\/12\/umage-conversation-piece-eiche-dunes-rust-ottoman_78345_1920x1920-480x480.jpg 480w\" sizes=\"(min-width: 0px) and (max-width: 480px) 480px, (min-width: 481px) and (max-width: 980px) 980px, (min-width: 981px) 1024px, 100vw\" \/><\/a><\/p>\n<p><em>Hier w\u00fcrden Sie auch sofort Platz nehmen? Kein Wunder, dieser Loungesessel von Umage ist eine Einladung zum gem\u00fctlichen Einkuscheln. Fehlt nur noch das passende Buch. Aber das findet sich bestimmt.<\/em><\/p>\n<h4>Warum das 2026 en vogue ist?<\/h4>\n<p>Weil Wohnen wieder pers\u00f6nlicher wird. Und M\u00f6bel diesen Anspruch unterst\u00fctzen sollten. Dieser Sessel schafft bewusste Pausen. Ideal f\u00fcr alle, die im Wohnen wieder mehr Gef\u00fchl zulassen wollen.<\/p>\n<h2><span class=\"ez-toc-section\" id=\"Trend_6_Licht_als_Werkzeug\"><\/span>Trend 6: Licht als Werkzeug<span class=\"ez-toc-section-end\"><\/span><\/h2>\n<p>Licht ist einer der leisen, aber entscheidenden Interior Trends 2026. Beleuchtung wird nicht mehr dekorativ erg\u00e4nzt, sondern <strong>konzeptionell geplant <\/strong>und strategisch eingesetzt. Sie strukturiert R\u00e4ume, lenkt Blickachsen und beeinflusst ma\u00dfgeblich, wie wir Farben und Materialien wahrnehmen.<\/p>\n<p>Gerade in offenen Wohn- und Essbereichen \u00fcbernimmt Licht eine ordnende Funktion. Eine gut platzierte Pendelleuchte wie beispielsweise die PH5 von Poulsen definiert einen Bereich klarer als jedes M\u00f6bel.<\/p>\n<h3><span class=\"ez-toc-section\" id=\"Alles_im_rechten_Licht\"><\/span>Alles im rechten Licht<span class=\"ez-toc-section-end\"><\/span><\/h3>\n<p>\u00dcber dem Esstisch zeigt sich diese Entwicklung besonders deutlich. Die<a href=\"https:\/\/raum-blick.de\/louis-poulsen-ph-5-pendelleuchte\"><strong><u> legend\u00e4re PH 5 Pendelleuchte von Louis Poulsen<\/u><\/strong><\/a> ist hier mehr als ein Klassiker, sie ist ein Werkzeug. Ihr Licht blendet nicht, schafft Klarheit und funktioniert in jeder Alltagssituation. Aufgaben, die sie mit zeitloser Selbstverst\u00e4ndlichkeit erf\u00fcllt.<\/p>\n<p>In den Interior Trends 2026 steht die PH 5 f\u00fcr die Erkenntnis, dass gutes Licht nicht auff\u00e4llig sein muss, um Wirkung zu entfalten.<\/p>\n<p><a href=\"https:\/\/raum-blick.de\/louis-poulsen-ph-5-pendelleuchte\"><img loading=\"lazy\" decoding=\"async\" class=\"aligncenter wp-image-22984 size-full\" src=\"https:\/\/raum-blick.de\/magazin\/wp-content\/uploads\/2025\/12\/Lous-Poulsen-PH-5-Pendellampe-monochrome-weiss_106207_1920x1920.jpg\" alt=\"Wundervoll \u00e4sthetisch: Wei\u00dfe Louis Poulsen PH 5 Pendelleuchte \u00fcber einem modernen schwarzen Marmor-Esstisch.\" width=\"1000\" height=\"1000\" title=\"\" srcset=\"https:\/\/raum-blick.de\/magazin\/wp-content\/uploads\/2025\/12\/Lous-Poulsen-PH-5-Pendellampe-monochrome-weiss_106207_1920x1920.jpg 1000w, https:\/\/raum-blick.de\/magazin\/wp-content\/uploads\/2025\/12\/Lous-Poulsen-PH-5-Pendellampe-monochrome-weiss_106207_1920x1920-980x980.jpg 980w, https:\/\/raum-blick.de\/magazin\/wp-content\/uploads\/2025\/12\/Lous-Poulsen-PH-5-Pendellampe-monochrome-weiss_106207_1920x1920-480x480.jpg 480w\" sizes=\"(min-width: 0px) and (max-width: 480px) 480px, (min-width: 481px) and (max-width: 980px) 980px, (min-width: 981px) 1000px, 100vw\" \/><\/a><\/p>\n<p><em>Die PH 5 von Louis Poulsen: Eine Leuchte, die R\u00e4ume strukturiert und Atmosph\u00e4re schafft. Ideal \u00fcber dem Esstisch, wo sie mit ihrem reflektierenden Schirmsystem den Raum sanft erhellt. We love und Sie sicher auch, wenn Sie erst einmal eine haben.\u00a0<\/em><\/p>\n<h5>Warum das 2026 \u00fcberzeugt?<\/h5>\n<p>Weil Licht nicht dekorieren, sondern unterst\u00fctzen soll. Diese Leuchte ist kein Stilmittel, sondern eine Investition in gutes Licht \u2013 Tag f\u00fcr Tag.<\/p>\n<h2><span class=\"ez-toc-section\" id=\"Trend_7_Organic_Lights\"><\/span>Trend 7: Organic Lights<span class=\"ez-toc-section-end\"><\/span><\/h2>\n<p>Parallel zur funktionalen Beleuchtung setzen die Interior Trends 2026 auf eine zweite Ebene: Licht als Objekt. Statt vieler Accessoires reichen wenige, gezielt platzierte Elemente mit skulpturaler Wirkung.<\/p>\n<p>Organische Formen wirken dabei wie ein Gegengewicht zu klaren Linien und technischen Oberfl\u00e4chen. Sie bringen Ruhe, ohne romantisch zu werden.<\/p>\n<h3><span class=\"ez-toc-section\" id=\"Two_in_one_bei_den_Interior_Trends_2026\"><\/span>Two in one bei den Interior Trends 2026<span class=\"ez-toc-section-end\"><\/span><\/h3>\n<p>Die <a href=\"https:\/\/raum-blick.de\/ferm-living-vuelta-lampe\"><strong><u>skulpturale Vuelta Lampe von Ferm Living<\/u><\/strong><\/a> steht exemplarisch f\u00fcr diesen Ansatz. Ihre bogenf\u00f6rmige Silhouette wirkt architektonisch und weich zugleich. Sie ist Lichtquelle und Objekt zugleich und ersetzt die klassische Dekoration.<\/p>\n<p>In den Interior Trends 2026 ist das kein Stilbruch, sondern Konsequenz. Ganz nach dem Motto: weniger Elemente, mehr Bedeutung.<\/p>\n<p><a href=\"https:\/\/raum-blick.de\/ferm-living-vuelta-lampe\"><img loading=\"lazy\" decoding=\"async\" class=\"aligncenter wp-image-22988 size-full\" src=\"https:\/\/raum-blick.de\/magazin\/wp-content\/uploads\/2025\/12\/fermliving-vuelta-lamp_54669_1920x1920.jpg\" alt=\"Die bogenf\u00f6rmige Ferm Living Tischleuchte spendet nicht nur Licht, sie ist auch einfach ein wundersch\u00f6nes Design-Objekt. \" width=\"1000\" height=\"1000\" title=\"\" srcset=\"https:\/\/raum-blick.de\/magazin\/wp-content\/uploads\/2025\/12\/fermliving-vuelta-lamp_54669_1920x1920.jpg 1000w, https:\/\/raum-blick.de\/magazin\/wp-content\/uploads\/2025\/12\/fermliving-vuelta-lamp_54669_1920x1920-980x980.jpg 980w, https:\/\/raum-blick.de\/magazin\/wp-content\/uploads\/2025\/12\/fermliving-vuelta-lamp_54669_1920x1920-480x480.jpg 480w\" sizes=\"(min-width: 0px) and (max-width: 480px) 480px, (min-width: 481px) and (max-width: 980px) 980px, (min-width: 981px) 1000px, 100vw\" \/><\/a><\/p>\n<p><em>Bezauberndes Lichtobjekt: Die Vuelta von Ferm Living verbindet Ruhe und Pr\u00e4senz. Das geriffelte Opalglas sorgt f\u00fcr ein weiches, diffuses Licht. Und so ein bisschen erinnert diese Tischleuchte einen auch an des antike Griechenland. Schauen Sie mal genau hin!<\/em><\/p>\n<h4>Warum das 2026 passt?<\/h4>\n<p>Weil Reduktion nicht Verzicht bedeutet, sondern Klarheit. Die Vuelta punktet hier mit einer Doppelfunktion als Lichtquelle und Objekt. Bewusst gew\u00e4hlt hat sie eine faszinierende Wirkung. Ideal f\u00fcr alle, die reduzieren wollen, ohne auf Atmosph\u00e4re zu verzichten.<\/p>\n<h3><span class=\"ez-toc-section\" id=\"Fuer_ein_bewusstes_und_schoen_eingerichtetes_Zuhause_mit_Ihren_Interior_Trends_2026\"><\/span>F\u00fcr ein bewusstes und sch\u00f6n eingerichtetes Zuhause mit Ihren Interior Trends 2026<span class=\"ez-toc-section-end\"><\/span><\/h3>\n<p>Die Interior Trends 2026 sind keine schnelllebige Modeerscheinung. Sie sind eine <strong>Einladung an Sie, bewusster einzurichten:<\/strong> mit Farben, die beruhigen, Materialien, die bleiben, und M\u00f6beln, die so vielf\u00e4ltig sind wie unser Leben. Wenn Sie sich also f\u00fcr ein St\u00fcck entscheiden, dann auf lange Sicht und nicht nur f\u00fcr eine Saison. M\u00f6bel zu w\u00e4hlen, die nicht nur gut aussehen, sondern auch in zehn Jahren noch funktionieren, ist auf jeden Fall eine kluge Entscheidung.<\/p>\n<h2><span class=\"ez-toc-section\" id=\"Haeufig_gestellte_Fragen_FAQs_%E2%80%93_Interior_Trends_2026_wohnen_neu_gedacht\"><\/span>H\u00e4ufig gestellte Fragen (FAQs) \u2013 Interior Trends 2026, wohnen neu gedacht<span class=\"ez-toc-section-end\"><\/span><\/h2>\n<h3><span class=\"ez-toc-section\" id=\"Welche_Farben_sind_2026_besonders_gefragt\"><\/span>Welche Farben sind 2026 besonders gefragt?<span class=\"ez-toc-section-end\"><\/span><\/h3>\n<p>Erdige Naturt\u00f6ne, warme Braunnuancen, Salbei, Terrakotta und ged\u00e4mpfte Blau- und Graut\u00f6ne.<\/p>\n<h3><span class=\"ez-toc-section\" id=\"Sind_modulare_Moebel_wirklich_sinnvoll\"><\/span>Sind modulare M\u00f6bel wirklich sinnvoll?<span class=\"ez-toc-section-end\"><\/span><\/h3>\n<p>Ja, wenn sie hochwertig gestaltet sind. Sie bieten Flexibilit\u00e4t ohne optische Kompromisse.<\/p>\n<h3><span class=\"ez-toc-section\" id=\"Welche_Materialien_dominieren_2026\"><\/span>Welche Materialien dominieren 2026?<span class=\"ez-toc-section-end\"><\/span><\/h3>\n<p>Massivholz, Glas, Keramik, Textilien mit Struktur und ehrliche Oberfl\u00e4chen.<\/p>\n<h3><span class=\"ez-toc-section\" id=\"Lohnt_sich_die_Investition_in_Designklassiker\"><\/span>Lohnt sich die Investition in Designklassiker?<span class=\"ez-toc-section-end\"><\/span><\/h3>\n<p>Definitiv. Sie sind langlebig, wertstabil und vielseitig kombinierbar.<\/p>\n<p>&nbsp;<\/p>\n<p style=\"text-align: center;\"><strong><a class=\"wp-block-button__link has-white-color has-black-background-color has-text-color has-background wp-element-button\" style=\"background-color: #b8a490 !important;\" href=\"https:\/\/www.raum-blick.de\/\">Jetzt Ihre Trend-Lieblinge shoppen!<\/a><\/strong><\/p>\n","protected":false},"excerpt":{"rendered":"<p>\u00ab Diese Designs pr\u00e4gen das neue Jahr \u00bb Die Interior Trends 2026 sind leiser als ihre Vorg\u00e4nger. Und genau darin liegt ihre St\u00e4rke. Statt kurzfristiger Effekte setzen sie auf Gestaltung, die den Alltag verbessert. R\u00e4ume sollen nicht beeindrucken, sondern tragen. Farben beruhigen, Materialien geben Halt, M\u00f6bel passen sich dem Leben an. Wohnen wird wieder langfristig [&hellip;]<\/p>\n","protected":false},"author":10,"featured_media":24475,"comment_status":"closed","ping_status":"open","sticky":false,"template":"","format":"standard","meta":{"_et_pb_use_builder":"","_et_pb_old_content":"","_et_gb_content_width":"","inline_featured_image":false,"footnotes":""},"categories":[1],"tags":[98,334,1252,2350,40,206,452,2174,746,280,43,2050,1236,327,2364,935],"class_list":["post-22964","post","type-post","status-publish","format-standard","has-post-thumbnail","hentry","category-drinnen","tag-beleuchtung","tag-design","tag-esstisch","tag-farben","tag-fatboy","tag-ferm-living","tag-holz","tag-interior-trends","tag-kartell","tag-lampen","tag-leuchten","tag-modulare-moebel","tag-pendelleuchte","tag-sessel","tag-trends-2026","tag-umage"],"_links":{"self":[{"href":"https:\/\/raum-blick.de\/magazin\/wp-json\/wp\/v2\/posts\/22964","targetHints":{"allow":["GET"]}}],"collection":[{"href":"https:\/\/raum-blick.de\/magazin\/wp-json\/wp\/v2\/posts"}],"about":[{"href":"https:\/\/raum-blick.de\/magazin\/wp-json\/wp\/v2\/types\/post"}],"author":[{"embeddable":true,"href":"https:\/\/raum-blick.de\/magazin\/wp-json\/wp\/v2\/users\/10"}],"replies":[{"embeddable":true,"href":"https:\/\/raum-blick.de\/magazin\/wp-json\/wp\/v2\/comments?post=22964"}],"version-history":[{"count":0,"href":"https:\/\/raum-blick.de\/magazin\/wp-json\/wp\/v2\/posts\/22964\/revisions"}],"wp:featuredmedia":[{"embeddable":true,"href":"https:\/\/raum-blick.de\/magazin\/wp-json\/wp\/v2\/media\/24475"}],"wp:attachment":[{"href":"https:\/\/raum-blick.de\/magazin\/wp-json\/wp\/v2\/media?parent=22964"}],"wp:term":[{"taxonomy":"category","embeddable":true,"href":"https:\/\/raum-blick.de\/magazin\/wp-json\/wp\/v2\/categories?post=22964"},{"taxonomy":"post_tag","embeddable":true,"href":"https:\/\/raum-blick.de\/magazin\/wp-json\/wp\/v2\/tags?post=22964"}],"curies":[{"name":"wp","href":"https:\/\/api.w.org\/{rel}","templated":true}]}}