{"id":22920,"date":"2026-01-08T09:00:22","date_gmt":"2026-01-08T08:00:22","guid":{"rendered":"https:\/\/raum-blick.de\/magazin\/?p=22920"},"modified":"2025-12-15T11:07:42","modified_gmt":"2025-12-15T10:07:42","slug":"designer-im-spotlight-charles-ray-eames","status":"publish","type":"post","link":"https:\/\/raum-blick.de\/magazin\/designer-im-spotlight-charles-ray-eames\/","title":{"rendered":"Designer im Spotlight: Charles &#038; Ray Eames"},"content":{"rendered":"<h2><span class=\"ez-toc-section\" id=\"%C2%AB_Das_Erbe_von_Charles_und_Ray_Eames_%C2%BB\"><\/span>\u00ab Das Erbe von Charles und Ray Eames \u00bb<span class=\"ez-toc-section-end\"><\/span><\/h2>\r\n<p><strong>Die Bedeutung von Charles und Ray Eames in der Designwelt l\u00e4sst sich durch ihre bahnbrechenden Entw\u00fcrfe und ihre Vision moderner \u00c4sthetik erahnen. Ihre Herangehensweise, Technik und Kunst zu vereinen, hat das M\u00f6beldesign revolutioniert und bleibt ein Ma\u00dfstab f\u00fcr Qualit\u00e4t und Innovation. Mit dem Einsatz zeitloser Materialien und der Entwicklung neuer Techniken schufen sie ikonische St\u00fccke, die bis heute in modernen Haushalten pr\u00e4sent sind. Ein herausragendes Beispiel ist der Eames Lounge Chair, der mit seiner Kombination aus Komfort und Eleganz einen besonderen Platz in vielen Wohnzimmern einnimmt. Charles &amp; Ray Eames haben es verstanden, Funktionalit\u00e4t mit \u00e4sthetischem Anspruch zu verbinden und damit bleibenden Eindruck zu hinterlassen. Diese Kunst, aus Einfachheit Sch\u00f6nheit zu schaffen, ist eine Inspirationsquelle auch f\u00fcr zeitgen\u00f6ssische Designer.<\/strong><\/p>\r\n<h2><span class=\"ez-toc-section\" id=\"Die_Bedeutung_von_Charles_Ray_Eames_fuer_das_moderne_Design\"><\/span>Die Bedeutung von Charles &amp; Ray Eames f\u00fcr das moderne Design<span class=\"ez-toc-section-end\"><\/span><\/h2>\r\n<p>Das <strong>Wirken von Charles und Ray Eames pr\u00e4gte<\/strong> das <strong>moderne Design des 20. Jahrhunderts<\/strong> entscheidend. Ihr Einfluss erstreckt sich weit \u00fcber die amerikanische K\u00fcste hinaus und ist <strong>bis heute im internationalen Design erkennbar<\/strong>. Die Eames&#8216; waren <strong>Meister der Funktionalit\u00e4t<\/strong>, gepaart mit einer <strong>unvergleichlichen \u00c4sthetik<\/strong>. Ihr ber\u00fchmter <strong>Eames Lounge Chair<\/strong> ist ein <strong>Paradebeispiel f\u00fcr ihr innovatives Denken<\/strong>: eine harmonische Verbindung von Komfort und Eleganz, die sich im skandinavischen Design wiederfinden l\u00e4sst.<\/p><div id=\"ez-toc-container\" class=\"ez-toc-v2_0_82_2 counter-hierarchy ez-toc-counter ez-toc-grey ez-toc-container-direction\">\n<div class=\"ez-toc-title-container\">\n<p class=\"ez-toc-title\" style=\"cursor:inherit\">Was hier auf Sie wartet<\/p>\n<span class=\"ez-toc-title-toggle\"><a href=\"#\" class=\"ez-toc-pull-right ez-toc-btn ez-toc-btn-xs ez-toc-btn-default ez-toc-toggle\" aria-label=\"Toggle Table of Content\"><span class=\"ez-toc-js-icon-con\"><span class=\"\"><span class=\"eztoc-hide\" style=\"display:none;\">Toggle<\/span><span class=\"ez-toc-icon-toggle-span\"><svg style=\"fill: #999;color:#999\" xmlns=\"http:\/\/www.w3.org\/2000\/svg\" class=\"list-377408\" width=\"20px\" height=\"20px\" viewBox=\"0 0 24 24\" fill=\"none\"><path d=\"M6 6H4v2h2V6zm14 0H8v2h12V6zM4 11h2v2H4v-2zm16 0H8v2h12v-2zM4 16h2v2H4v-2zm16 0H8v2h12v-2z\" fill=\"currentColor\"><\/path><\/svg><svg style=\"fill: #999;color:#999\" class=\"arrow-unsorted-368013\" xmlns=\"http:\/\/www.w3.org\/2000\/svg\" width=\"10px\" height=\"10px\" viewBox=\"0 0 24 24\" version=\"1.2\" baseProfile=\"tiny\"><path d=\"M18.2 9.3l-6.2-6.3-6.2 6.3c-.2.2-.3.4-.3.7s.1.5.3.7c.2.2.4.3.7.3h11c.3 0 .5-.1.7-.3.2-.2.3-.5.3-.7s-.1-.5-.3-.7zM5.8 14.7l6.2 6.3 6.2-6.3c.2-.2.3-.5.3-.7s-.1-.5-.3-.7c-.2-.2-.4-.3-.7-.3h-11c-.3 0-.5.1-.7.3-.2.2-.3.5-.3.7s.1.5.3.7z\"\/><\/svg><\/span><\/span><\/span><\/a><\/span><\/div>\n<nav><ul class='ez-toc-list ez-toc-list-level-1 ' ><li class='ez-toc-page-1 ez-toc-heading-level-2'><a class=\"ez-toc-link ez-toc-heading-1\" href=\"https:\/\/raum-blick.de\/magazin\/designer-im-spotlight-charles-ray-eames\/#%C2%AB_Das_Erbe_von_Charles_und_Ray_Eames_%C2%BB\" >\u00ab Das Erbe von Charles und Ray Eames \u00bb<\/a><\/li><li class='ez-toc-page-1 ez-toc-heading-level-2'><a class=\"ez-toc-link ez-toc-heading-2\" href=\"https:\/\/raum-blick.de\/magazin\/designer-im-spotlight-charles-ray-eames\/#Die_Bedeutung_von_Charles_Ray_Eames_fuer_das_moderne_Design\" >Die Bedeutung von Charles &amp; Ray Eames f\u00fcr das moderne Design<\/a><\/li><li class='ez-toc-page-1 ez-toc-heading-level-2'><a class=\"ez-toc-link ez-toc-heading-3\" href=\"https:\/\/raum-blick.de\/magazin\/designer-im-spotlight-charles-ray-eames\/#Klassiker_des_Eames_Designs_und_ihre_Funktionen\" >Klassiker des Eames Designs und ihre Funktionen<\/a><ul class='ez-toc-list-level-3' ><li class='ez-toc-heading-level-3'><a class=\"ez-toc-link ez-toc-heading-4\" href=\"https:\/\/raum-blick.de\/magazin\/designer-im-spotlight-charles-ray-eames\/#Eames_Lounge_Chair\" >Eames Lounge Chair<\/a><\/li><li class='ez-toc-page-1 ez-toc-heading-level-3'><a class=\"ez-toc-link ez-toc-heading-5\" href=\"https:\/\/raum-blick.de\/magazin\/designer-im-spotlight-charles-ray-eames\/#Eames_Plastic_Chair\" >Eames Plastic Chair<\/a><\/li><li class='ez-toc-page-1 ez-toc-heading-level-3'><a class=\"ez-toc-link ez-toc-heading-6\" href=\"https:\/\/raum-blick.de\/magazin\/designer-im-spotlight-charles-ray-eames\/#Eames_Hang-it-all\" >Eames Hang-it-all<\/a><\/li><li class='ez-toc-page-1 ez-toc-heading-level-3'><a class=\"ez-toc-link ez-toc-heading-7\" href=\"https:\/\/raum-blick.de\/magazin\/designer-im-spotlight-charles-ray-eames\/#weitere_Klassiker\" >weitere Klassiker:<\/a><\/li><\/ul><\/li><li class='ez-toc-page-1 ez-toc-heading-level-2'><a class=\"ez-toc-link ez-toc-heading-8\" href=\"https:\/\/raum-blick.de\/magazin\/designer-im-spotlight-charles-ray-eames\/#Eames_Design_im_skandinavischen_Kontext\" >Eames Design im skandinavischen Kontext<\/a><\/li><li class='ez-toc-page-1 ez-toc-heading-level-2'><a class=\"ez-toc-link ez-toc-heading-9\" href=\"https:\/\/raum-blick.de\/magazin\/designer-im-spotlight-charles-ray-eames\/#Vitra_als_einziger_legitimierter_Hersteller_von_Eames_Produkten_Europa_Mittleren_Osten\" >Vitra als einziger legitimierter Hersteller von Eames Produkten (Europa + Mittleren Osten)<\/a><\/li><li class='ez-toc-page-1 ez-toc-heading-level-2'><a class=\"ez-toc-link ez-toc-heading-10\" href=\"https:\/\/raum-blick.de\/magazin\/designer-im-spotlight-charles-ray-eames\/#Praktische_Tipps_zur_Integration_von_Eames_Stuecken_in_Ihr_Zuhause\" >Praktische Tipps zur Integration von Eames St\u00fccken in Ihr Zuhause<\/a><\/li><li class='ez-toc-page-1 ez-toc-heading-level-2'><a class=\"ez-toc-link ez-toc-heading-11\" href=\"https:\/\/raum-blick.de\/magazin\/designer-im-spotlight-charles-ray-eames\/#Nachhaltigkeit_und_Materialwahl_bei_Eames_Produkten\" >Nachhaltigkeit und Materialwahl bei Eames Produkten<\/a><\/li><li class='ez-toc-page-1 ez-toc-heading-level-2'><a class=\"ez-toc-link ez-toc-heading-12\" href=\"https:\/\/raum-blick.de\/magazin\/designer-im-spotlight-charles-ray-eames\/#Inspirierende_Eames_Geschichten_und_ihre_Designphilosophie\" >Inspirierende Eames Geschichten und ihre Designphilosophie<\/a><\/li><li class='ez-toc-page-1 ez-toc-heading-level-2'><a class=\"ez-toc-link ez-toc-heading-13\" href=\"https:\/\/raum-blick.de\/magazin\/designer-im-spotlight-charles-ray-eames\/#Persoenliche_Erfahrungsberichte_und_Kundenbewertungen\" >Pers\u00f6nliche Erfahrungsberichte und Kundenbewertungen<\/a><\/li><li class='ez-toc-page-1 ez-toc-heading-level-2'><a class=\"ez-toc-link ez-toc-heading-14\" href=\"https:\/\/raum-blick.de\/magazin\/designer-im-spotlight-charles-ray-eames\/#Charles_Ray_Eames_Design_jetzt_entdecken_und_erleben\" >Charles &amp; Ray Eames Design: jetzt entdecken und erleben<\/a><\/li><li class='ez-toc-page-1 ez-toc-heading-level-2'><a class=\"ez-toc-link ez-toc-heading-15\" href=\"https:\/\/raum-blick.de\/magazin\/designer-im-spotlight-charles-ray-eames\/#Haeufig_gestellte_Fragen_FAQs_zu_Charles_Ray_Eames\" >H\u00e4ufig gestellte Fragen (FAQs) zu Charles &amp; Ray Eames<\/a><ul class='ez-toc-list-level-3' ><li class='ez-toc-heading-level-3'><a class=\"ez-toc-link ez-toc-heading-16\" href=\"https:\/\/raum-blick.de\/magazin\/designer-im-spotlight-charles-ray-eames\/#Wer_waren_Charles_Ray_Eames_und_warum_sind_sie_so_bedeutend\" >Wer waren Charles &amp; Ray Eames und warum sind sie so bedeutend?<\/a><\/li><li class='ez-toc-page-1 ez-toc-heading-level-3'><a class=\"ez-toc-link ez-toc-heading-17\" href=\"https:\/\/raum-blick.de\/magazin\/designer-im-spotlight-charles-ray-eames\/#Welche_beruehmten_Moebelstuecke_haben_Charles_Ray_Eames_entworfen\" >Welche ber\u00fchmten M\u00f6belst\u00fccke haben Charles &amp; Ray Eames entworfen?<\/a><\/li><li class='ez-toc-page-1 ez-toc-heading-level-3'><a class=\"ez-toc-link ez-toc-heading-18\" href=\"https:\/\/raum-blick.de\/magazin\/designer-im-spotlight-charles-ray-eames\/#Warum_sind_die_Entwuerfe_von_Charles_Ray_Eames_heute_noch_so_beliebt\" >Warum sind die Entw\u00fcrfe von Charles &amp; Ray Eames heute noch so beliebt?<\/a><\/li><li class='ez-toc-page-1 ez-toc-heading-level-3'><a class=\"ez-toc-link ez-toc-heading-19\" href=\"https:\/\/raum-blick.de\/magazin\/designer-im-spotlight-charles-ray-eames\/#Wo_kann_man_originale_Charles_Ray_Eames_Designmoebel_erwerben\" >Wo kann man originale Charles &amp; Ray Eames Designm\u00f6bel erwerben?<\/a><\/li><\/ul><\/li><\/ul><\/nav><\/div>\n\r\n<p>Ihre Entw\u00fcrfe bringen eine <strong>Mischung aus industrieller Pr\u00e4zision und charmantem Design<\/strong> zur Geltung, die nicht nur visuell \u00fcberzeugt, sondern auch emotional anspricht. Erfolgreich schufen sie St\u00fccke, die in ihrer minimalistischen Form <strong>gleichzeitig W\u00e4rme und Individualit\u00e4t ausstrahlen<\/strong> &#8211; perfekte Erg\u00e4nzungen f\u00fcr jeden modernen Wohnraum. <strong>Besonders auff\u00e4llig ist die klare Linienf\u00fchrung<\/strong>, die in aktuellen skandinavischen Trends widerhallt und von einer gut informierten, designbewussten Zielgruppe gesch\u00e4tzt wird.<\/p>\r\n\r\n<div class=\"wp-block-column is-layout-flow wp-block-column-is-layout-flow\">\r\n<figure class=\"wp-block-image size-large\"><a href=\"https:\/\/raum-blick.de\/vitra-eames-house-bird\"><img loading=\"lazy\" decoding=\"async\" class=\"alignnone wp-image-22924 size-large\" src=\"https:\/\/raum-blick.de\/magazin\/wp-content\/uploads\/2026\/01\/Vitra-Eames-House-Bird-21503103-Ambiente-2_121857_1920x1920-1024x1024.jpg\" alt=\"\" width=\"1024\" height=\"1024\" title=\"\" srcset=\"https:\/\/raum-blick.de\/magazin\/wp-content\/uploads\/2026\/01\/Vitra-Eames-House-Bird-21503103-Ambiente-2_121857_1920x1920-980x980.jpg 980w, https:\/\/raum-blick.de\/magazin\/wp-content\/uploads\/2026\/01\/Vitra-Eames-House-Bird-21503103-Ambiente-2_121857_1920x1920-480x480.jpg 480w\" sizes=\"(min-width: 0px) and (max-width: 480px) 480px, (min-width: 481px) and (max-width: 980px) 980px, (min-width: 981px) 1024px, 100vw\" \/><\/a>\r\n<figcaption class=\"wp-element-caption\"><em>Vitra &#8211; Eames House Bird<\/em><\/figcaption>\r\n<\/figure>\r\n<\/div>\r\n\r\n<h2><span class=\"ez-toc-section\" id=\"Klassiker_des_Eames_Designs_und_ihre_Funktionen\"><\/span>Klassiker des Eames Designs und ihre Funktionen<span class=\"ez-toc-section-end\"><\/span><\/h2>\r\n<p>Wenn von ikonischem M\u00f6beldesign die Rede ist, kommen viele nicht umhin, an die Werke von Charles und Ray Eames zu denken. Ihr Schaffen hat das <strong>moderne Design revolutioniert<\/strong> und <strong>brachte zahlreiche Klassiker<\/strong> hervor, die auch heute nichts an Relevanz verloren haben. Zu den gefeierten Highlights geh\u00f6ren der Eames Lounge Chair, der Eames Plastic Chair und der Eames Hang-it-all.<\/p>\r\n<h3><span class=\"ez-toc-section\" id=\"Eames_Lounge_Chair\"><\/span>Eames Lounge Chair<span class=\"ez-toc-section-end\"><\/span><\/h3>\r\n<p>Dieser Stuhl ist ein Synonym f\u00fcr Luxus und Komfort, ohne dabei die funktionale \u00c4sthetik zu vernachl\u00e4ssigen. Er besteht aus geformtem Sperrholz und luxuri\u00f6sen Lederbez\u00fcgen, die ein hohes Ma\u00df an Komfort bieten. Dem Sessel gelingt die Balance zwischen stilvoller Zur\u00fcckhaltung und auff\u00e4lligem Design, was ihn zu einem zeitlosen Lieblingsst\u00fcck macht, das in vielen gut eingerichteten Wohnr\u00e4umen seinen Platz findet. Praktische Anordnungsm\u00f6glichkeiten sorgen daf\u00fcr, dass er sowohl in separaten Leseecken als auch im wohnlichen Mittelpunkt eines Raumes zur Geltung kommt.<\/p>\r\n<h3><span class=\"ez-toc-section\" id=\"Eames_Plastic_Chair\"><\/span>Eames Plastic Chair<span class=\"ez-toc-section-end\"><\/span><\/h3>\r\n<p>Dieser Stuhl verk\u00f6rpert Vielfalt und Anpassungsf\u00e4higkeit. Ob als Stuhl f\u00fcr den Essbereich, das B\u00fcro oder die Terrasse \u2013 seine Einsatzm\u00f6glichkeiten sind zahllos. Dank einer durchdachten Kombination aus Polypropylen-Sitzschale und verschiedenen Untergestellen passt er sich m\u00fchelos an unterschiedliche Stilrichtungen an und setzt \u00fcberall funktionale Akzente. Die Farbpalette und seine klassisch-moderne Linienf\u00fchrung erm\u00f6glichen es, jedem Wohnambiente eine individuelle Note zu verleihen.<\/p>\r\n<h3><span class=\"ez-toc-section\" id=\"Eames_Hang-it-all\"><\/span><a href=\"https:\/\/raum-blick.de\/vitra-hang-it-all-garderobe\">Eames Hang-it-all<\/a><span class=\"ez-toc-section-end\"><\/span><\/h3>\r\n<p>Auch dieses Designerst\u00fcck ist ein Beweis f\u00fcr die kreative Vielseitigkeit der Eames. Diese Garderobe besticht durch ihre spielerische Optik, die durch farbige Holzkugeln akzentuiert wird. Sie bietet nicht nur praktischen Stauraum, sondern verleiht jedem Flur oder Eingangsbereich auch optischen Reiz. Eine kluge Wahl f\u00fcr Familien und Designbegeisterte, die funktionales mit ansprechendem Design in Einklang bringen m\u00f6chten.<\/p>\r\n<h3><span class=\"ez-toc-section\" id=\"weitere_Klassiker\"><\/span>weitere Klassiker:<span class=\"ez-toc-section-end\"><\/span><\/h3>\r\n<ul>\r\n<li>Der <a href=\"https:\/\/raum-blick.de\/vitra-occasional-table-ltr-beistelltisch\"><strong>Vitra &#8211; Occasional Table LTR Beistelltisch<\/strong><\/a> wurde urspr\u00fcnglich bereits 1950 von den Eames entworfen. Dennoch ist er weiterhin bis heute ein vielseitiger Designklassiker, der durch seine zeitlose \u00c4sthetik und durch seinen bewussten Umgang mit Ressourcen \u00fcberzeugt.<\/li>\r\n<li>Die <a href=\"https:\/\/raum-blick.de\/vitra-eames-house-bird\"><strong>Vitra &#8211; Eames House Bird<\/strong><\/a> z\u00e4hlt zu den bekanntesten Wohnaccessoires des 20. Jahrhunderts. Einst stellte dieser ein Vogel im Hause Eames dar, den Besucher immer wieder bewunderten. Nun wird er von Vitra detailgetreu umgesetzt und stellt ein Symbol moderner Wohnkultur dar.<\/li>\r\n<li>Der <a href=\"https:\/\/raum-blick.de\/vitra-eames-elephant-re\"><strong>Vitra &#8211; Eames Elephant RE<\/strong><\/a> ist nicht nur ein Spielzeug, sondern auch ein ikonisches Designobjekt mit Geschichte. Urspr\u00fcnglich nie in Serie produziert wurden, stellt Vitra diesen heutzutage aus recyceltem Kunststoff her. Dadurch ist er langlebig und umweltfreundlich zugleich.<\/li>\r\n<li>Der <a href=\"https:\/\/raum-blick.de\/vitra-eames-house-whale\"><strong>Vitra &#8211; Eames House Whale<\/strong><\/a> stellt eine originalgetreue Reproduktion des Originals aus dem Zuhause des Eames-Duo dar. Dieser Wal verbindet hervorragend Humor, k\u00fcnstlerische Interpretation und die Eames-Designphilosphie.<\/li>\r\n<\/ul>\r\n\r\n<div class=\"wp-block-column is-layout-flow wp-block-column-is-layout-flow\">\r\n<figure class=\"wp-block-image size-large\"><a href=\"https:\/\/raum-blick.de\/vitra-hang-it-all-garderobe\"><img loading=\"lazy\" decoding=\"async\" class=\"alignnone wp-image-22933 size-large\" src=\"https:\/\/raum-blick.de\/magazin\/wp-content\/uploads\/2026\/01\/Vitra-Hang-it-all-20119110-Ambiente-1_121186_1920x1920-1024x1024.jpg\" alt=\"\" width=\"1024\" height=\"1024\" title=\"\" srcset=\"https:\/\/raum-blick.de\/magazin\/wp-content\/uploads\/2026\/01\/Vitra-Hang-it-all-20119110-Ambiente-1_121186_1920x1920-980x980.jpg 980w, https:\/\/raum-blick.de\/magazin\/wp-content\/uploads\/2026\/01\/Vitra-Hang-it-all-20119110-Ambiente-1_121186_1920x1920-480x480.jpg 480w\" sizes=\"(min-width: 0px) and (max-width: 480px) 480px, (min-width: 481px) and (max-width: 980px) 980px, (min-width: 981px) 1024px, 100vw\" \/><\/a>\r\n<figcaption class=\"wp-element-caption\"><em>Vitra &#8211; Hang it all<\/em><\/figcaption>\r\n<\/figure>\r\n<\/div>\r\n\r\n\r\n\r\n<div class=\"wp-block-columns is-layout-flex wp-container-core-columns-is-layout-9d6595d7 wp-block-columns-is-layout-flex\">\r\n<div class=\"wp-block-column is-layout-flow wp-block-column-is-layout-flow\">\r\n<figure class=\"wp-block-image size-large\"><a href=\"https:\/\/raum-blick.de\/vitra-occasional-table-ltr-beistelltisch\"><img loading=\"lazy\" decoding=\"async\" class=\"alignnone wp-image-22944 size-large\" src=\"https:\/\/raum-blick.de\/magazin\/wp-content\/uploads\/2026\/01\/Vitra-Occasional-Table-LTR-20119534-Ambiente-2_121751_1920x1920-1024x1024.jpg\" alt=\"\" width=\"1024\" height=\"1024\" title=\"\" srcset=\"https:\/\/raum-blick.de\/magazin\/wp-content\/uploads\/2026\/01\/Vitra-Occasional-Table-LTR-20119534-Ambiente-2_121751_1920x1920-980x980.jpg 980w, https:\/\/raum-blick.de\/magazin\/wp-content\/uploads\/2026\/01\/Vitra-Occasional-Table-LTR-20119534-Ambiente-2_121751_1920x1920-480x480.jpg 480w\" sizes=\"(min-width: 0px) and (max-width: 480px) 480px, (min-width: 481px) and (max-width: 980px) 980px, (min-width: 981px) 1024px, 100vw\" \/><\/a>\r\n<figcaption class=\"wp-element-caption\"><em>Vitra &#8211; Occasional Table LTR Beistelltisch<\/em><\/figcaption>\r\n<\/figure>\r\n<\/div>\r\n\r\n\r\n\r\n<div class=\"wp-block-column is-layout-flow wp-block-column-is-layout-flow\">\r\n<figure class=\"wp-block-image size-large\"><a href=\"https:\/\/raum-blick.de\/vitra-eames-house-bird\"><img loading=\"lazy\" decoding=\"async\" class=\"alignnone wp-image-22945 size-large\" src=\"https:\/\/raum-blick.de\/magazin\/wp-content\/uploads\/2026\/01\/Vitra-Eames-House-Bird-21503104-Ambiente_121863_1920x1920-1024x1024.jpg\" alt=\"\" width=\"1024\" height=\"1024\" title=\"\" srcset=\"https:\/\/raum-blick.de\/magazin\/wp-content\/uploads\/2026\/01\/Vitra-Eames-House-Bird-21503104-Ambiente_121863_1920x1920-980x980.jpg 980w, https:\/\/raum-blick.de\/magazin\/wp-content\/uploads\/2026\/01\/Vitra-Eames-House-Bird-21503104-Ambiente_121863_1920x1920-480x480.jpg 480w\" sizes=\"(min-width: 0px) and (max-width: 480px) 480px, (min-width: 481px) and (max-width: 980px) 980px, (min-width: 981px) 1024px, 100vw\" \/><\/a>\r\n<figcaption class=\"wp-element-caption\"><em>Eames House Bird von Vitra<\/em><\/figcaption>\r\n<\/figure>\r\n<\/div>\r\n<\/div>\r\n\r\n\r\n\r\n<div class=\"wp-block-columns is-layout-flex wp-container-core-columns-is-layout-9d6595d7 wp-block-columns-is-layout-flex\">\r\n<div class=\"wp-block-column is-layout-flow wp-block-column-is-layout-flow\">\r\n<figure class=\"wp-block-image size-large\"><a href=\"https:\/\/raum-blick.de\/vitra-eames-elephant-re\"><img loading=\"lazy\" decoding=\"async\" class=\"alignnone wp-image-22946 size-large\" src=\"https:\/\/raum-blick.de\/magazin\/wp-content\/uploads\/2026\/01\/Vitra-Eames-Elephant-RE-21502915-Ambiente-2_121624_1920x1920-1024x1024.jpg\" alt=\"\" width=\"1024\" height=\"1024\" title=\"\" srcset=\"https:\/\/raum-blick.de\/magazin\/wp-content\/uploads\/2026\/01\/Vitra-Eames-Elephant-RE-21502915-Ambiente-2_121624_1920x1920-980x980.jpg 980w, https:\/\/raum-blick.de\/magazin\/wp-content\/uploads\/2026\/01\/Vitra-Eames-Elephant-RE-21502915-Ambiente-2_121624_1920x1920-480x480.jpg 480w\" sizes=\"(min-width: 0px) and (max-width: 480px) 480px, (min-width: 481px) and (max-width: 980px) 980px, (min-width: 981px) 1024px, 100vw\" \/><\/a>\r\n<figcaption class=\"wp-element-caption\"><em>Eames Elephant RE von Vitra<\/em><\/figcaption>\r\n<\/figure>\r\n<\/div>\r\n\r\n\r\n\r\n<div class=\"wp-block-column is-layout-flow wp-block-column-is-layout-flow\">\r\n<figure class=\"wp-block-image size-large\"><a href=\"https:\/\/raum-blick.de\/vitra-eames-house-whale\"><img loading=\"lazy\" decoding=\"async\" class=\"alignnone wp-image-22947 size-large\" src=\"https:\/\/raum-blick.de\/magazin\/wp-content\/uploads\/2026\/01\/Vitra-Eames-House-Whale-21511602-Ambiente-2_121765_1920x1920-1024x1024.jpg\" alt=\"\" width=\"1024\" height=\"1024\" title=\"\" srcset=\"https:\/\/raum-blick.de\/magazin\/wp-content\/uploads\/2026\/01\/Vitra-Eames-House-Whale-21511602-Ambiente-2_121765_1920x1920-980x980.jpg 980w, https:\/\/raum-blick.de\/magazin\/wp-content\/uploads\/2026\/01\/Vitra-Eames-House-Whale-21511602-Ambiente-2_121765_1920x1920-480x480.jpg 480w\" sizes=\"(min-width: 0px) and (max-width: 480px) 480px, (min-width: 481px) and (max-width: 980px) 980px, (min-width: 981px) 1024px, 100vw\" \/><\/a>\r\n<figcaption class=\"wp-element-caption\"><em>Vitra &#8211; Eames House Whale<\/em><\/figcaption>\r\n<\/figure>\r\n<\/div>\r\n<\/div>\r\n\r\n<h2><span class=\"ez-toc-section\" id=\"Eames_Design_im_skandinavischen_Kontext\"><\/span>Eames Design im skandinavischen Kontext<span class=\"ez-toc-section-end\"><\/span><\/h2>\r\n<p>Skandinavisches Design findet in Charles und Ray Eames aufregende Komplizen. Ihre <strong>Designs f\u00fcgen sich nahtlos in die minimalistische \u00c4sthetik ein<\/strong>, die skandinavische R\u00e4ume so einzigartig macht. <strong>Schlichte Linien und eine ausgewogene Formgebung<\/strong> zeichnen die Kreationen der beiden Designer aus. Genau die Zutaten, die skandinavisches Design als Fundament auszeichnen. In Wohnr\u00e4umen schafft der Eames Lounge Chair einen <strong>harmonischen Kontrast zu den nat\u00fcrlichen Materialien und hellen Farben<\/strong> des nordischen Wohnstils. <strong>Eames&#8216; Liebe zum Detail und der Einsatz hochwertiger Materialien f\u00f6rdern eine Atmosph\u00e4re der Ruhe und Gelassenheit<\/strong>, die den skandinavischen Lebensstil perfekt unterstreicht.<\/p>\r\n<h2><span class=\"ez-toc-section\" id=\"Vitra_als_einziger_legitimierter_Hersteller_von_Eames_Produkten_Europa_Mittleren_Osten\"><\/span>Vitra als einziger legitimierter Hersteller von Eames Produkten (Europa + Mittleren Osten)<span class=\"ez-toc-section-end\"><\/span><\/h2>\r\n<p><a href=\"https:\/\/raum-blick.de\/vitra\/\"><strong>Vitra<\/strong><\/a> ist der <strong>einzige lizenzierte Hersteller<\/strong>, der Produkte von Charles und Ray Eames <strong>in Europa sowie im Nahen Osten<\/strong> produzieren darf. Diese Partnerschaft mit dem Eames Office und dem einzigartigen Erbe der Designer manifestiert sich in einer<strong> Produktlinie, die Qualit\u00e4t, Authentizit\u00e4t und Nachhaltigkeit vereint<\/strong>. Durch die enge Zusammenarbeit mit dem Eames Office <strong>bleibt Vitra den urspr\u00fcnglichen Entw\u00fcrfen treu und integriert gleichzeitig moderne Technologien und Materialien<\/strong>, um den hohen Anspr\u00fcchen der heutigen Konsumenten gerecht zu werden.<\/p>\r\n<p>Der <strong>Fertigungsprozess bei Vitra ist durch einen hohen Grad an Pr\u00e4zision und Liebe zum Detail gekennzeichnet<\/strong>. Produkte wie der ikonische Eames Lounge Chair werden unter strengen Qualit\u00e4tsstandards hergestellt, die nicht nur die Langlebigkeit dieser Designklassiker sichern, sondern auch ihren \u00e4sthetischen Anspruch bewahren. Dies entspricht dem Wert, den viele Liebhaber skandinavischen Designs auf Funktionalit\u00e4t und zeitlose Sch\u00f6nheit legen.<\/p>\r\n<h2><span class=\"ez-toc-section\" id=\"Praktische_Tipps_zur_Integration_von_Eames_Stuecken_in_Ihr_Zuhause\"><\/span>Praktische Tipps zur Integration von Eames St\u00fccken in Ihr Zuhause<span class=\"ez-toc-section-end\"><\/span><\/h2>\r\n<p>Um Eames Designst\u00fccke harmonisch in den eigenen Wohnraum zu integrieren, lohnt sich ein gezielter Blick auf Raumkonzepte und bestehende Einrichtungselemente. Die <strong>ikonischen Entw\u00fcrfe<\/strong> von Charles und Ray Eames <strong>f\u00fcgen sich nahtlos in unterschiedlichste Einrichtungsstile ein<\/strong>, sei es modern, skandinavisch oder minimalistisch.<\/p>\r\n<p><strong>1. idealer Standort: <\/strong>Ein Startpunkt bei der Integration von Eames Klassikern ist die bewusste Auswahl des idealen Standorts. Ein Lounge Chair kommt beispielweise besonders gut zur Geltung, wenn er in einer Leseecke platziert wird, neben einem B\u00fccherregal und unter einer warmen Lichtquelle. Dies erzeugt eine einladende Atmosph\u00e4re, die Genuss und Entspannung f\u00f6rdert.<\/p>\r\n<p><strong>2. farbliche Abstimmung:<\/strong> Ein weiterer Ansatz ist die farbliche Abstimmung der Eames M\u00f6belst\u00fccke auf das bestehende Interieur. Die zeitlosen Farben und hochwertigen Materialien lassen sich hervorragend mit erdigen T\u00f6nen und Holzstrukturen kombinieren. So betonen Sie die Sch\u00f6nheit und Raffinesse dieser Designikonen:<\/p>\r\n<ul>\r\n<li>W\u00e4hlen Sie dezente Farben und lassen Sie die Formen der M\u00f6bel f\u00fcr sich sprechen.<\/li>\r\n<li>Ber\u00fccksichtigen Sie die Proportionen der Eames St\u00fccke, um ein ausgewogenes Gesamtbild zu schaffen.<\/li>\r\n<li>Kombinieren Sie Eames St\u00fchle mit einem schlichten Holztisch, um Kontraste zu schaffen, die zugleich Harmonie ausstrahlen.<\/li>\r\n<li>Das Zusammenspiel von Licht und Raum sollte stets ber\u00fccksichtigt werden, um die volle Wirkung dieser Designklassiker zu entfalten.<\/li>\r\n<\/ul>\r\n<p><strong>3. unterschiedliche Ebenen und Texturen:<\/strong> Weiterhin ist es empfehlenswert, mit unterschiedlichen Ebenen und Texturen zu experimentieren. Nutzen Sie Teppiche aus nat\u00fcrlichen Materialien, um Eames St\u00fchle oder Tische stilvoll zu umrahmen, oder kombinieren Sie Accessoires im skandinavischen Stil, die bei raum-blick.de erh\u00e4ltlich sind, f\u00fcr ein rundes Gesamtbild.<\/p>\r\n<p><strong>4. Nachhaltigkeit:<\/strong> Bei der Auswahl der Materialien f\u00fcr Eames M\u00f6bel ist zudem die Nachhaltigkeit ein wichtiger Faktor, da sie nicht nur f\u00fcr die Langlebigkeit der St\u00fccke sorgt, sondern auch das Umweltbewusstsein widerspiegelt, welches vielen Kunden heute wichtig ist. Tauchen Sie tiefer in die Designwelt von Charles &amp; Ray Eames ein und lassen Sie sich von der Vielfalt und \u00c4sthetik inspirieren.<\/p>\r\n<h2><span class=\"ez-toc-section\" id=\"Nachhaltigkeit_und_Materialwahl_bei_Eames_Produkten\"><\/span>Nachhaltigkeit und Materialwahl bei Eames Produkten<span class=\"ez-toc-section-end\"><\/span><\/h2>\r\n<p>Die <strong>Verwendung hochwertiger Materialien und nachhaltiger Praktiken<\/strong> sind <strong>wesentliche Bestandteile der Designphilosophie <\/strong>von Charles und Ray Eames. Diese Ikonen des modernen Designs <strong>waren Pioniere nicht nur in der \u00c4sthetik, sondern auch in der Materialwahl<\/strong>. Der Einsatz von<strong> Sperrholz<\/strong> und <strong>Fiberglas<\/strong> zum Beispiel war revolution\u00e4r und pr\u00e4gt bis heute den unverwechselbaren Stil ihrer M\u00f6bel. Doch es ist <strong>nicht nur die Materialwahl, sondern auch der Herstellungsprozess<\/strong>, der im Mittelpunkt steht. Dieser <strong>spiegelt<\/strong> das <strong>langfristige Streben nach Nachhaltigkeit<\/strong> wider.<\/p>\r\n<p>Die <strong>Produkte<\/strong> von Eames <strong>zeichnen sich durch ihre Langlebigkeit aus<\/strong>, was in einer Zeit der schnelllebigen Konsumkultur erhebliche Vorz\u00fcge bietet. Langlebige Designs sind per se nachhaltiger, da ihre Best\u00e4ndigkeit \u00fcber Jahre oder sogar Jahrzehnte eine Vielzahl an Neuk\u00e4ufen ersetzt. Zudem wird <strong>bei der Produktion auf ressourcenschonende Prozesse geachtet<\/strong>, was die Umweltbelastung weiter minimiert.<\/p>\r\n<p>Durch den ausschlie\u00dflichen Vertrieb in Europa und dem Mittleren Osten \u00fcber Vitra, wird die <strong>Qualit\u00e4tssicherung durch Zertifikate untermauert<\/strong>. Diese garantiert, dass nicht nur die Materialien, sondern auch die Produktionspraktiken h\u00f6chsten Standards gerecht werden.<\/p>\r\n\r\n<div class=\"wp-block-column is-layout-flow wp-block-column-is-layout-flow\">\r\n<figure class=\"wp-block-image size-large\"><a href=\"https:\/\/raum-blick.de\/vitra-eames-elephant-re\"><img loading=\"lazy\" decoding=\"async\" class=\"alignnone wp-image-22950 size-large\" src=\"https:\/\/raum-blick.de\/magazin\/wp-content\/uploads\/2026\/01\/Vitra-Eames-Elephant-RE-21502917-Ambiente-1_121638_1920x1920-1024x1024.jpg\" alt=\"\" width=\"1024\" height=\"1024\" title=\"\" srcset=\"https:\/\/raum-blick.de\/magazin\/wp-content\/uploads\/2026\/01\/Vitra-Eames-Elephant-RE-21502917-Ambiente-1_121638_1920x1920-980x980.jpg 980w, https:\/\/raum-blick.de\/magazin\/wp-content\/uploads\/2026\/01\/Vitra-Eames-Elephant-RE-21502917-Ambiente-1_121638_1920x1920-480x480.jpg 480w\" sizes=\"(min-width: 0px) and (max-width: 480px) 480px, (min-width: 481px) and (max-width: 980px) 980px, (min-width: 981px) 1024px, 100vw\" \/><\/a>\r\n<figcaption class=\"wp-element-caption\"><em>Vitra &#8211; Eames Elephant RE<\/em><\/figcaption>\r\n<\/figure>\r\n<\/div>\r\n\r\n<h2><span class=\"ez-toc-section\" id=\"Inspirierende_Eames_Geschichten_und_ihre_Designphilosophie\"><\/span>Inspirierende Eames Geschichten und ihre Designphilosophie<span class=\"ez-toc-section-end\"><\/span><\/h2>\r\n<p>Charles und Ray Eames waren <strong>nicht nur Designer; sie waren Vision\u00e4re<\/strong>, deren kreative Reise voller inspirierender Geschichten und bahnbrechender Designphilosophie war. <strong>Ihre Arbeit begann w\u00e4hrend einer Zeit des Wandels<\/strong>, in der Form und Funktion neu gedacht werden mussten. Jeder kennt wohl den ikonischen Eames Lounge Chair, doch was steckt hinter der Inspirationsquelle dieser Meisterwerke?<\/p>\r\n<p>Eine solch inspirierende Anekdote f\u00fchrte dazu, dass das Designerduo das bestehende Denkmuster herausforderte: Beide hatten schon fr\u00fch die Idee, dass M\u00f6bel nicht nur sch\u00f6ne Objekte sein sollten, sondern auch unseren Lebensstil verbessern m\u00fcssen. So entstand im Eames Office die <strong>Philosophie, dass Design dem Menschen dienen soll<\/strong> \u2013 Funktionalit\u00e4t im Einklang mit \u00c4sthetik. Nicht ohne Grund z\u00e4hlt der Eames Chair zu den Symbolen des Mid-Century Modern Designs, das weltweit Bewunderung findet. Die Tatsache, dass ihre Entw\u00fcrfe auch im hektischen Alltag bestehen, macht sie zu Klassikern.<\/p>\r\n<p>Die Eames waren <strong>stets neugierig und experimentierfreudig<\/strong>, was sie dazu f\u00fchrte, Materialien wie Sperrholz und Fiberglas in ihren Arbeiten zu nutzen. Diese Materialien wurden in den 1940er und 1950er Jahren teilweise erstmalig so innovativ eingesetzt und \u00fcberdauern bis heute durch ihre nachhaltige Ressourcenwahl. In einer Zeit, in der umweltschonendes Design enorm wichtig geworden ist, bleibt die Materialwahl von Charles und Ray Eames von gro\u00dfer Bedeutung f\u00fcr eine generationen\u00fcbergreifende Design-Philosophie.<\/p>\r\n<p>Ein sch\u00f6ner Verweis auf die menschliche Dimension ihrer Arbeit ist das Eames Zitat: <strong>\u201eDetails sind nicht nur Details. Sie machen das Design aus.\u201c<\/strong> Ihr detaillierter Arbeitsansatz ist ein gutes Beispiel daf\u00fcr, wie man durch Hingabe an die handwerkliche Pr\u00e4zision und die intellektuelle Auseinandersetzung mit Themen unverwechselbare Produkte erschafft \u2013 bisher undenkbar.<\/p>\r\n<h2><span class=\"ez-toc-section\" id=\"Persoenliche_Erfahrungsberichte_und_Kundenbewertungen\"><\/span>Pers\u00f6nliche Erfahrungsberichte und Kundenbewertungen<span class=\"ez-toc-section-end\"><\/span><\/h2>\r\n<p>Zahlreiche begeisterte Stimmen sprechen eine deutliche Sprache, wenn es um die ikonischen Produkte von Charles und Ray Eames geht. Kundenerfahrungen zeigen immer wieder, dass die Designs des vision\u00e4ren Duos <strong>mehr als nur \u00e4sthetische Objekte<\/strong> in einem Raum sind. Eames-Produkte werden <strong>oft als funktionale Kunstwerke wahrgenommen<\/strong>, die einen Raum beleben und ihm Charakter verleihen. Anwender <strong>loben die Kombination aus Form und Funktion<\/strong>, die die M\u00f6belst\u00fccke auszeichnet. Neben ihrem klassischen Design ist es die <strong>bemerkenswerte<\/strong> <strong>Ergonomie<\/strong>, die Nutzer in h\u00f6chsten T\u00f6nen preisen. Ein Besitzer eines Eames Lounge Chair beschreibt das Gef\u00fchl, in diesem Sessel zu sitzen, als unvergleichliche Harmonie von Komfort und Eleganz.<\/p>\r\n<p>Viele betonen, wie Eames-Designs ihrem Zuhause <strong>eine zeitlose Qualit\u00e4t verleihen<\/strong>. Der <strong>Aspekt der Langlebigkeit wird h\u00e4ufig hervorgehoben<\/strong>, da die hochwertigen Materialien und die pr\u00e4zise Verarbeitung als Beweis f\u00fcr die nachhaltige Verbindung von Funktionalit\u00e4t und Sch\u00f6nheit herangef\u00fchrt werden. In online verf\u00fcgbaren Bewertungen beschreiben K\u00e4ufer begeistert das positive Feedback ihrer G\u00e4ste, die gleicherma\u00dfen von der subtilen Pr\u00e4senz und der klaren, funktionalen \u00c4sthetik beeindruckt sind.<\/p>\r\n<h2><span class=\"ez-toc-section\" id=\"Charles_Ray_Eames_Design_jetzt_entdecken_und_erleben\"><\/span>Charles &amp; Ray Eames Design: jetzt entdecken und erleben<span class=\"ez-toc-section-end\"><\/span><\/h2>\r\n<p>Erleben Sie die faszinierende Welt von raum-blick.de und lassen Sie sich <strong>von der zeitlosen Eleganz des Eames Designs inspirieren<\/strong>. Charles und Ray Eames, bekannt f\u00fcr ihre revolution\u00e4ren Ans\u00e4tze im M\u00f6beldesign, haben Klassiker geschaffen, die in keinem stilvollen Zuhause fehlen sollten. Die sorgf\u00e4ltig kuratierte Auswahl an Eames St\u00fccken bei raum-blick.de l\u00e4dt dazu ein, <strong>das eigene Zuhause in eine Oase der \u00c4sthetik zu verwandeln<\/strong>. Das breite Sortiment an eleganten M\u00f6beln, Leuchten und Accessoires macht es leicht, die Sch\u00f6nheit und Funktionalit\u00e4t der Eames Kreationen in den eigenen vier W\u00e4nden zu erfahren. Entdecken Sie, wie Sie mit dem Eames Angebot von raum-blick.de <strong>ihren Lebensraum bereichern<\/strong> k\u00f6nnen.<\/p>\r\n<h2><span class=\"ez-toc-section\" id=\"Haeufig_gestellte_Fragen_FAQs_zu_Charles_Ray_Eames\"><\/span>H\u00e4ufig gestellte Fragen (FAQs) zu Charles &amp; Ray Eames<span class=\"ez-toc-section-end\"><\/span><\/h2>\r\n<h3><span class=\"ez-toc-section\" id=\"Wer_waren_Charles_Ray_Eames_und_warum_sind_sie_so_bedeutend\"><\/span>Wer waren Charles &amp; Ray Eames und warum sind sie so bedeutend?<span class=\"ez-toc-section-end\"><\/span><\/h3>\r\n<p>Charles &amp; Ray Eames z\u00e4hlen zu den bedeutendsten Designern des 20. Jahrhunderts. Das Ehepaar hat die Welt des modernen Designs ma\u00dfgeblich gepr\u00e4gt, insbesondere durch ihre ikonischen M\u00f6belentw\u00fcrfe. Sie kombinierten Funktionalit\u00e4t mit einer einzigartigen \u00c4sthetik und schufen zeitlose Klassiker, die sich bis heute gro\u00dfer Beliebtheit erfreuen. Ihre Arbeit geht jedoch weit \u00fcber das M\u00f6beldesign hinaus und umfasst auch Architektur, Film, Grafikdesign und Ausstellungen. Die Eames haben sich dabei stets durch ihre innovative Denkweise ausgezeichnet, die das Zusammenspiel von Form und Funktion in den Vordergrund stellte. Ihre Designphilosophie zielt darauf ab, durch durchdachte und sch\u00f6ne Objekte das t\u00e4gliche Leben zu verbessern, was perfekt zu den Werten von RAUM-BLICK und dem skandinavischen Stil passt.<\/p>\r\n<h3><span class=\"ez-toc-section\" id=\"Welche_beruehmten_Moebelstuecke_haben_Charles_Ray_Eames_entworfen\"><\/span>Welche ber\u00fchmten M\u00f6belst\u00fccke haben Charles &amp; Ray Eames entworfen?<span class=\"ez-toc-section-end\"><\/span><\/h3>\r\n<p>Zu den bekanntesten Entw\u00fcrfen von Charles &amp; Ray Eames geh\u00f6rt der Eames Lounge Chair, ein Symbol f\u00fcr Komfort und Stil, das noch heute in vielen Wohnzimmern weltweit zu finden ist. Auch der Eames Plastic Chair, urspr\u00fcnglich f\u00fcr den MoMA-Designwettbewerb entworfen, hat als erster industriell gefertigter Kunststoffstuhl Geschichte geschrieben. Beide Designs stehen f\u00fcr die Verbindung von Funktionalit\u00e4t und Eleganz und spiegeln die Werte wider, die auch bei raum-blick.de im Vordergrund stehen. Unsere Kunden, die ein besonderes Augenmerk auf skandinavisches Design legen, finden die Verbindung von schlichter \u00c4sthetik und hoher Qualit\u00e4t bei den Eames-Entw\u00fcrfen besonders ansprechend. Diese M\u00f6belst\u00fccke sind nicht nur stilvolle Einrichtungsgegenst\u00e4nde, sondern auch eine Investition in Designgeschichte.<\/p>\r\n<h3><span class=\"ez-toc-section\" id=\"Warum_sind_die_Entwuerfe_von_Charles_Ray_Eames_heute_noch_so_beliebt\"><\/span>Warum sind die Entw\u00fcrfe von Charles &amp; Ray Eames heute noch so beliebt?<span class=\"ez-toc-section-end\"><\/span><\/h3>\r\n<p>Die anhaltende Popularit\u00e4t der M\u00f6bel von Charles &amp; Ray Eames l\u00e4sst sich durch ihre zeitlose \u00c4sthetik und herausragende Funktionalit\u00e4t erkl\u00e4ren. Ihre Designs harmonieren mit unterschiedlichen Einrichtungsstilen \u2013 von modern bis klassisch \u2013 und passen somit perfekt zu den skandinavischen Produkten, die RAUM-BLICK anbietet. Die Eames haben es verstanden, Materialien auf innovative Weise einzusetzen und den Nutzen nicht hinter die Form zu stellen. Durch ihre klare Linienf\u00fchrung und den Fokus auf Komfort bleiben ihre Entw\u00fcrfe relevant und begehrenswert f\u00fcr designaffine K\u00e4ufer. F\u00fcr jene, die sich mit hochwertigen Wohnaccessoires umgeben m\u00f6chten, bieten die Eames-Designs eine ideale Erg\u00e4nzung, die nie aus der Mode kommt.<\/p>\r\n<h3><span class=\"ez-toc-section\" id=\"Wo_kann_man_originale_Charles_Ray_Eames_Designmoebel_erwerben\"><\/span>Wo kann man originale Charles &amp; Ray Eames Designm\u00f6bel erwerben?<span class=\"ez-toc-section-end\"><\/span><\/h3>\r\n<p>Originale M\u00f6belst\u00fccke von Charles &amp; Ray Eames sind heute wertvolle Sammlerst\u00fccke und in spezialisierten Designshops erh\u00e4ltlich. Auch auf raum-blick.de finden sich Produkte, die von der Designphilosophie der Eames inspiriert sind und die skandinavische Schlichtheit mit hoher Funktionalit\u00e4t vereinen. Bei der Suche nach originalen Eames-Entw\u00fcrfen sollte man auf renommierte Hersteller und Designer-L\u00e4den setzen, die Echtheit und Qualit\u00e4t garantieren. F\u00fcr K\u00e4ufer, die auf der Suche nach Originalen und von Charles &amp; Ray Eames inspirierten Designs sind, bietet RAUM-BLICK eine kuratierte Auswahl an M\u00f6beln, die Ihrem Zuhause eine zeitlose Eleganz verleihen und gleichzeitig den hohen Anspr\u00fcchen an Design und Funktionalit\u00e4t gerecht werden.<\/p>\r\n\r\n<div class=\"wp-block-buttons is-content-justification-center is-layout-flex wp-container-core-buttons-is-layout-16018d1d wp-block-buttons-is-layout-flex\">\r\n<div class=\"wp-block-button\"><a class=\"wp-block-button__link has-cyan-bluish-gray-background-color has-background wp-element-button\" style=\"background-color: #b8a490 !important; align: center;\" href=\"https:\/\/raum-blick.de\/vitra\/\"> Jetzt Designs von Charles &amp; Ray Eames entdecken bei RAUM-BLICK! <\/a><\/div>\r\n<\/div>\r\n<\/p>","protected":false},"excerpt":{"rendered":"<p>\u00ab Das Erbe von Charles und Ray Eames \u00bb Die Bedeutung von Charles und Ray Eames in der Designwelt l\u00e4sst sich durch ihre bahnbrechenden Entw\u00fcrfe und ihre Vision moderner \u00c4sthetik erahnen. Ihre Herangehensweise, Technik und Kunst zu vereinen, hat das M\u00f6beldesign revolutioniert und bleibt ein Ma\u00dfstab f\u00fcr Qualit\u00e4t und Innovation. Mit dem Einsatz zeitloser Materialien [&hellip;]<\/p>\n","protected":false},"author":8,"featured_media":22952,"comment_status":"closed","ping_status":"open","sticky":false,"template":"","format":"standard","meta":{"_et_pb_use_builder":"","_et_pb_old_content":"","_et_gb_content_width":"","inline_featured_image":false,"footnotes":""},"categories":[7,1,2315],"tags":[1779,2110,1799,2351,520],"class_list":["post-22920","post","type-post","status-publish","format-standard","has-post-thumbnail","hentry","category-accessoires-lifestyle","category-drinnen","category-informativ","tag-designer","tag-designermoebel","tag-designklassiker","tag-eames","tag-vitra"],"_links":{"self":[{"href":"https:\/\/raum-blick.de\/magazin\/wp-json\/wp\/v2\/posts\/22920","targetHints":{"allow":["GET"]}}],"collection":[{"href":"https:\/\/raum-blick.de\/magazin\/wp-json\/wp\/v2\/posts"}],"about":[{"href":"https:\/\/raum-blick.de\/magazin\/wp-json\/wp\/v2\/types\/post"}],"author":[{"embeddable":true,"href":"https:\/\/raum-blick.de\/magazin\/wp-json\/wp\/v2\/users\/8"}],"replies":[{"embeddable":true,"href":"https:\/\/raum-blick.de\/magazin\/wp-json\/wp\/v2\/comments?post=22920"}],"version-history":[{"count":28,"href":"https:\/\/raum-blick.de\/magazin\/wp-json\/wp\/v2\/posts\/22920\/revisions"}],"predecessor-version":[{"id":22959,"href":"https:\/\/raum-blick.de\/magazin\/wp-json\/wp\/v2\/posts\/22920\/revisions\/22959"}],"wp:featuredmedia":[{"embeddable":true,"href":"https:\/\/raum-blick.de\/magazin\/wp-json\/wp\/v2\/media\/22952"}],"wp:attachment":[{"href":"https:\/\/raum-blick.de\/magazin\/wp-json\/wp\/v2\/media?parent=22920"}],"wp:term":[{"taxonomy":"category","embeddable":true,"href":"https:\/\/raum-blick.de\/magazin\/wp-json\/wp\/v2\/categories?post=22920"},{"taxonomy":"post_tag","embeddable":true,"href":"https:\/\/raum-blick.de\/magazin\/wp-json\/wp\/v2\/tags?post=22920"}],"curies":[{"name":"wp","href":"https:\/\/api.w.org\/{rel}","templated":true}]}}