{"id":22290,"date":"2025-12-04T09:00:00","date_gmt":"2025-12-04T08:00:00","guid":{"rendered":"https:\/\/www.raum-blick.de\/magazin\/?p=22290"},"modified":"2025-11-27T13:28:16","modified_gmt":"2025-11-27T12:28:16","slug":"hygge-weihnachten","status":"publish","type":"post","link":"https:\/\/raum-blick.de\/magazin\/hygge-weihnachten\/","title":{"rendered":"Hygge-Weihnachten"},"content":{"rendered":"\r\n<h2 class=\"wp-block-heading\"><span class=\"ez-toc-section\" id=\"%C2%AB_Gemuetliche_skandinavische_Dekoideen_fuer_Ihr_Zuhause_%C2%BB\"><\/span>\u00ab Gem\u00fctliche, skandinavische Dekoideen f\u00fcr Ihr Zuhause \u00bb<span class=\"ez-toc-section-end\"><\/span><\/h2>\r\n\r\n\r\n\r\n<p><strong>Hygge-Weihnachten hei\u00dft: ankommen, durchatmen, nah bei den Lieblingsmenschen sein. Statt Deko-Overload setzen wir bei RAUM-BLICK auf warmes Licht, nat\u00fcrliche Materialien und wenige, gut ausgew\u00e4hlte St\u00fccke. So entsteht eine ruhige, skandinavische Weihnachtsdeko, die Geborgenheit vermittelt \u2013 ohne Kitsch, ohne Hektik.<\/strong><\/p>\r\n\r\n\r\n\r\n<h2 class=\"wp-block-heading\"><span class=\"ez-toc-section\" id=\"Weihnachts-Hygge_spueren_Was_zaehlt_%E2%80%93_und_was_bleiben_darf\"><\/span>Weihnachts-Hygge sp\u00fcren: Was z\u00e4hlt \u2013 und was bleiben darf<span class=\"ez-toc-section-end\"><\/span><\/h2>\r\n\r\n\r\n\r\n<p>Hygge im Allgemeinen lebt von <strong>Reduktion<\/strong> und von Dingen, die Ihnen wirklich etwas bedeuten. Bevor Sie dekorieren, kl\u00e4ren Sie Ihr Grundgef\u00fchl:<\/p><div id=\"ez-toc-container\" class=\"ez-toc-v2_0_82_2 counter-hierarchy ez-toc-counter ez-toc-grey ez-toc-container-direction\">\n<div class=\"ez-toc-title-container\">\n<p class=\"ez-toc-title\" style=\"cursor:inherit\">Was hier auf Sie wartet<\/p>\n<span class=\"ez-toc-title-toggle\"><a href=\"#\" class=\"ez-toc-pull-right ez-toc-btn ez-toc-btn-xs ez-toc-btn-default ez-toc-toggle\" aria-label=\"Toggle Table of Content\"><span class=\"ez-toc-js-icon-con\"><span class=\"\"><span class=\"eztoc-hide\" style=\"display:none;\">Toggle<\/span><span class=\"ez-toc-icon-toggle-span\"><svg style=\"fill: #999;color:#999\" xmlns=\"http:\/\/www.w3.org\/2000\/svg\" class=\"list-377408\" width=\"20px\" height=\"20px\" viewBox=\"0 0 24 24\" fill=\"none\"><path d=\"M6 6H4v2h2V6zm14 0H8v2h12V6zM4 11h2v2H4v-2zm16 0H8v2h12v-2zM4 16h2v2H4v-2zm16 0H8v2h12v-2z\" fill=\"currentColor\"><\/path><\/svg><svg style=\"fill: #999;color:#999\" class=\"arrow-unsorted-368013\" xmlns=\"http:\/\/www.w3.org\/2000\/svg\" width=\"10px\" height=\"10px\" viewBox=\"0 0 24 24\" version=\"1.2\" baseProfile=\"tiny\"><path d=\"M18.2 9.3l-6.2-6.3-6.2 6.3c-.2.2-.3.4-.3.7s.1.5.3.7c.2.2.4.3.7.3h11c.3 0 .5-.1.7-.3.2-.2.3-.5.3-.7s-.1-.5-.3-.7zM5.8 14.7l6.2 6.3 6.2-6.3c.2-.2.3-.5.3-.7s-.1-.5-.3-.7c-.2-.2-.4-.3-.7-.3h-11c-.3 0-.5.1-.7.3-.2.2-.3.5-.3.7s.1.5.3.7z\"\/><\/svg><\/span><\/span><\/span><\/a><\/span><\/div>\n<nav><ul class='ez-toc-list ez-toc-list-level-1 ' ><li class='ez-toc-page-1 ez-toc-heading-level-2'><a class=\"ez-toc-link ez-toc-heading-1\" href=\"https:\/\/raum-blick.de\/magazin\/hygge-weihnachten\/#%C2%AB_Gemuetliche_skandinavische_Dekoideen_fuer_Ihr_Zuhause_%C2%BB\" >\u00ab Gem\u00fctliche, skandinavische Dekoideen f\u00fcr Ihr Zuhause \u00bb<\/a><\/li><li class='ez-toc-page-1 ez-toc-heading-level-2'><a class=\"ez-toc-link ez-toc-heading-2\" href=\"https:\/\/raum-blick.de\/magazin\/hygge-weihnachten\/#Weihnachts-Hygge_spueren_Was_zaehlt_%E2%80%93_und_was_bleiben_darf\" >Weihnachts-Hygge sp\u00fcren: Was z\u00e4hlt \u2013 und was bleiben darf<\/a><\/li><li class='ez-toc-page-1 ez-toc-heading-level-2'><a class=\"ez-toc-link ez-toc-heading-3\" href=\"https:\/\/raum-blick.de\/magazin\/hygge-weihnachten\/#Natuerlich_nordisch_Kraenze_Zweige_kleine_Glanzpunkte_sind_beim_Hygge-Weihnachten_wichtig\" >Nat\u00fcrlich &amp; nordisch: Kr\u00e4nze, Zweige, kleine Glanzpunkte sind beim Hygge-Weihnachten wichtig\u00a0<\/a><\/li><li class='ez-toc-page-1 ez-toc-heading-level-2'><a class=\"ez-toc-link ez-toc-heading-4\" href=\"https:\/\/raum-blick.de\/magazin\/hygge-weihnachten\/#Warmes_Licht_Kerzen_Lichterketten_im_Hygge-Weihnachten_Stil\" >Warmes Licht: Kerzen &amp; Lichterketten im Hygge-Weihnachten Stil<\/a><\/li><li class='ez-toc-page-1 ez-toc-heading-level-2'><a class=\"ez-toc-link ez-toc-heading-5\" href=\"https:\/\/raum-blick.de\/magazin\/hygge-weihnachten\/#Adventsrituale_Vorfreude_sichtbar_machen\" >Adventsrituale: Vorfreude sichtbar machen<\/a><\/li><li class='ez-toc-page-1 ez-toc-heading-level-2'><a class=\"ez-toc-link ez-toc-heading-6\" href=\"https:\/\/raum-blick.de\/magazin\/hygge-weihnachten\/#Der_Esstisch_skandinavisch_decken_entspannt_geniessen_mit_Hygge-Weihnachten\" >Der Esstisch: skandinavisch decken, entspannt genie\u00dfen mit Hygge-Weihnachten<\/a><\/li><li class='ez-toc-page-1 ez-toc-heading-level-2'><a class=\"ez-toc-link ez-toc-heading-7\" href=\"https:\/\/raum-blick.de\/magazin\/hygge-weihnachten\/#Kuschelecken_Texturen_die_runterfahren\" >Kuschelecken: Texturen, die runterfahren<\/a><\/li><li class='ez-toc-page-1 ez-toc-heading-level-2'><a class=\"ez-toc-link ez-toc-heading-8\" href=\"https:\/\/raum-blick.de\/magazin\/hygge-weihnachten\/#Lounge_Ruhepole_Moebel_die_umarmen\" >Lounge &amp; Ruhepole: M\u00f6bel, die umarmen<\/a><\/li><li class='ez-toc-page-1 ez-toc-heading-level-2'><a class=\"ez-toc-link ez-toc-heading-9\" href=\"https:\/\/raum-blick.de\/magazin\/hygge-weihnachten\/#Der_Baum_beim_Hygge-Weihnachten_wenig_Schmuck_viel_Stimmung\" >Der Baum beim Hygge-Weihnachten: wenig Schmuck, viel Stimmung<\/a><\/li><li class='ez-toc-page-1 ez-toc-heading-level-2'><a class=\"ez-toc-link ez-toc-heading-10\" href=\"https:\/\/raum-blick.de\/magazin\/hygge-weihnachten\/#Sinnesfreuden_mit_Hygge-Weihnachten_%E2%80%93_mit_allen_fuenf_Sinnen_feiern\" >Sinnesfreuden mit Hygge-Weihnachten \u2013 mit allen f\u00fcnf Sinnen feiern<\/a><\/li><li class='ez-toc-page-1 ez-toc-heading-level-2'><a class=\"ez-toc-link ez-toc-heading-11\" href=\"https:\/\/raum-blick.de\/magazin\/hygge-weihnachten\/#Kinder_und_Hygge_%E2%80%93_gemeinsam_gestalten_statt_ueberladen\" >Kinder und Hygge \u2013 gemeinsam gestalten statt \u00fcberladen<\/a><\/li><li class='ez-toc-page-1 ez-toc-heading-level-2'><a class=\"ez-toc-link ez-toc-heading-12\" href=\"https:\/\/raum-blick.de\/magazin\/hygge-weihnachten\/#Nachhaltigkeit_trifft_Atmosphaere\" >Nachhaltigkeit trifft Atmosph\u00e4re<\/a><\/li><li class='ez-toc-page-1 ez-toc-heading-level-2'><a class=\"ez-toc-link ez-toc-heading-13\" href=\"https:\/\/raum-blick.de\/magazin\/hygge-weihnachten\/#Kleine_Gesten_grosse_Hygge-Weihnachten\" >Kleine Gesten, gro\u00dfe Hygge-Weihnachten<\/a><\/li><li class='ez-toc-page-1 ez-toc-heading-level-2'><a class=\"ez-toc-link ez-toc-heading-14\" href=\"https:\/\/raum-blick.de\/magazin\/hygge-weihnachten\/#Checkliste_Ihr_Weg_zur_hyggeligen_Weihnachtsdeko\" >Checkliste: Ihr Weg zur hyggeligen Weihnachtsdeko<\/a><\/li><li class='ez-toc-page-1 ez-toc-heading-level-2'><a class=\"ez-toc-link ez-toc-heading-15\" href=\"https:\/\/raum-blick.de\/magazin\/hygge-weihnachten\/#Hygge-Weihnachten_%E2%80%93_Ihr_ruhiges_Fest_im_warmen_Licht\" >Hygge-Weihnachten \u2013 Ihr ruhiges Fest im warmen Licht<\/a><\/li><li class='ez-toc-page-1 ez-toc-heading-level-2'><a class=\"ez-toc-link ez-toc-heading-16\" href=\"https:\/\/raum-blick.de\/magazin\/hygge-weihnachten\/#Haeufig_gestellte_Fragen_FAQs_%E2%80%93_Hygge-Weihnachten_skandinavische_Weihnachten_Weihnachtsdeko\" >H\u00e4ufig gestellte Fragen (FAQs) \u2013 Hygge-Weihnachten, skandinavische Weihnachten &amp; Weihnachtsdeko<\/a><ul class='ez-toc-list-level-3' ><li class='ez-toc-heading-level-3'><a class=\"ez-toc-link ez-toc-heading-17\" href=\"https:\/\/raum-blick.de\/magazin\/hygge-weihnachten\/#Wie_erreiche_ich_Hygge-Weihnachten_ohne_viel_Deko\" >Wie erreiche ich Hygge-Weihnachten ohne viel Deko?<\/a><\/li><li class='ez-toc-page-1 ez-toc-heading-level-3'><a class=\"ez-toc-link ez-toc-heading-18\" href=\"https:\/\/raum-blick.de\/magazin\/hygge-weihnachten\/#Welche_Farben_passen_zum_skandinavischen_Weihnachtsstil\" >Welche Farben passen zum skandinavischen Weihnachtsstil?<\/a><\/li><li class='ez-toc-page-1 ez-toc-heading-level-3'><a class=\"ez-toc-link ez-toc-heading-19\" href=\"https:\/\/raum-blick.de\/magazin\/hygge-weihnachten\/#Wie_sichere_ich_Kerzenlicht_wenn_Kinder_da_sind\" >Wie sichere ich Kerzenlicht, wenn Kinder da sind?<\/a><\/li><li class='ez-toc-page-1 ez-toc-heading-level-3'><a class=\"ez-toc-link ez-toc-heading-20\" href=\"https:\/\/raum-blick.de\/magazin\/hygge-weihnachten\/#Welche_Deko_wirkt_hochwertig_haelt_aber_lange\" >Welche Deko wirkt hochwertig, h\u00e4lt aber lange?<\/a><\/li><li class='ez-toc-page-1 ez-toc-heading-level-3'><a class=\"ez-toc-link ez-toc-heading-21\" href=\"https:\/\/raum-blick.de\/magazin\/hygge-weihnachten\/#Wie_decke_ich_den_Tisch_skandinavisch_%E2%80%93_ohne_viel_Aufwand\" >Wie decke ich den Tisch skandinavisch \u2013 ohne viel Aufwand?<\/a><\/li><li class='ez-toc-page-1 ez-toc-heading-level-3'><a class=\"ez-toc-link ez-toc-heading-22\" href=\"https:\/\/raum-blick.de\/magazin\/hygge-weihnachten\/#Was_versteht_man_unter_Hygge\" >Was versteht man unter Hygge?<\/a><\/li><li class='ez-toc-page-1 ez-toc-heading-level-3'><a class=\"ez-toc-link ez-toc-heading-23\" href=\"https:\/\/raum-blick.de\/magazin\/hygge-weihnachten\/#Welche_Farben_gibt_es_fuer_Weihnachten_2025\" >Welche Farben gibt es f\u00fcr Weihnachten 2025?<\/a><\/li><li class='ez-toc-page-1 ez-toc-heading-level-3'><a class=\"ez-toc-link ez-toc-heading-24\" href=\"https:\/\/raum-blick.de\/magazin\/hygge-weihnachten\/#Was_ist_Hygge-Weihnachten\" >Was ist Hygge-Weihnachten?<\/a><\/li><li class='ez-toc-page-1 ez-toc-heading-level-3'><a class=\"ez-toc-link ez-toc-heading-25\" href=\"https:\/\/raum-blick.de\/magazin\/hygge-weihnachten\/#Welche_Moebel_passen_zum_Hygge-Weihnachten_Stil\" >Welche M\u00f6bel passen zum Hygge-Weihnachten Stil?<\/a><\/li><li class='ez-toc-page-1 ez-toc-heading-level-3'><a class=\"ez-toc-link ez-toc-heading-26\" href=\"https:\/\/raum-blick.de\/magazin\/hygge-weihnachten\/#Kann_ich_Hygge-Weihnachten_auch_in_kleinen_Raeumen_umsetzen\" >Kann ich Hygge-Weihnachten auch in kleinen R\u00e4umen umsetzen?<\/a><\/li><li class='ez-toc-page-1 ez-toc-heading-level-3'><a class=\"ez-toc-link ez-toc-heading-27\" href=\"https:\/\/raum-blick.de\/magazin\/hygge-weihnachten\/#Wie_laesst_sich_Hygge_mit_modernen_Wohnstilen_kombinieren\" >Wie l\u00e4sst sich Hygge mit modernen Wohnstilen kombinieren?<\/a><\/li><li class='ez-toc-page-1 ez-toc-heading-level-3'><a class=\"ez-toc-link ez-toc-heading-28\" href=\"https:\/\/raum-blick.de\/magazin\/hygge-weihnachten\/#Was_sind_sinnvolle_Geschenkideen_im_Hygge-Stil\" >Was sind sinnvolle Geschenkideen im Hygge-Stil?<\/a><\/li><li class='ez-toc-page-1 ez-toc-heading-level-3'><a class=\"ez-toc-link ez-toc-heading-29\" href=\"https:\/\/raum-blick.de\/magazin\/hygge-weihnachten\/#Wie_kann_ich_Kinder_in_die_Hygge-Weihnachten_einbinden\" >Wie kann ich Kinder in die Hygge-Weihnachten einbinden?<\/a><\/li><li class='ez-toc-page-1 ez-toc-heading-level-3'><a class=\"ez-toc-link ez-toc-heading-30\" href=\"https:\/\/raum-blick.de\/magazin\/hygge-weihnachten\/#Welche_Marken_bieten_passende_Produkte_fuer_Hygge-Weihnachten\" >Welche Marken bieten passende Produkte f\u00fcr Hygge-Weihnachten?<\/a><\/li><li class='ez-toc-page-1 ez-toc-heading-level-3'><a class=\"ez-toc-link ez-toc-heading-31\" href=\"https:\/\/raum-blick.de\/magazin\/hygge-weihnachten\/#Wie_kann_ich_Hygge-Weihnachten_nachhaltig_gestalten\" >Wie kann ich Hygge-Weihnachten nachhaltig gestalten?<\/a><\/li><li class='ez-toc-page-1 ez-toc-heading-level-3'><a class=\"ez-toc-link ez-toc-heading-32\" href=\"https:\/\/raum-blick.de\/magazin\/hygge-weihnachten\/#Wie_schaffe_ich_Hygge_ohne_klassische_Weihnachtsfarben\" >Wie schaffe ich Hygge ohne klassische Weihnachtsfarben?<\/a><\/li><\/ul><\/li><\/ul><\/nav><\/div>\n\r\n\r\n\r\n\r\n<ul class=\"wp-block-list\">\r\n<li><strong>Farbklima:<\/strong> Creme, Greige, helles Holz, Tannengr\u00fcn. Dazu maximal <strong>ein<\/strong> Akzent (Messing <em>oder<\/em> Rot).<\/li>\r\n\r\n\r\n\r\n<li><strong>Materialmix:<\/strong> Holz, Leinen, Wolle, Keramik, Glas; wenig Kunststoff, kein Hartglanz.<\/li>\r\n\r\n\r\n\r\n<li><strong>Lichtinseln statt Deckenfluter:<\/strong> Mehrere kleine Lichtquellen ergeben Tiefe und W\u00e4rme.<\/li>\r\n\r\n\r\n\r\n<li><strong>Rituale sichtbar machen:<\/strong> Advent, Teestunde, Lesen \u2013 alles bekommt seinen Platz.<\/li>\r\n<\/ul>\r\n\r\n\r\n\r\n<h2 class=\"wp-block-heading\"><span class=\"ez-toc-section\" id=\"Natuerlich_nordisch_Kraenze_Zweige_kleine_Glanzpunkte_sind_beim_Hygge-Weihnachten_wichtig\"><\/span>Nat\u00fcrlich &amp; nordisch: Kr\u00e4nze, Zweige, kleine Glanzpunkte sind beim Hygge-Weihnachten wichtig\u00a0<span class=\"ez-toc-section-end\"><\/span><\/h2>\r\n\r\n\r\n\r\n<p>Starten Sie mit <strong>Naturgr\u00fcn<\/strong>. Ein schlichter Kranz aus Tanne oder Eukalyptus wirkt sofort winterlich \u2013 ohne zu beschweren. Wenn Sie Kr\u00fcmel und Nadeln meiden m\u00f6chten, greifen Sie zu langlebiger Keramik mit warmem, nostalgischem Look.<\/p>\r\n\r\n\r\n\r\n<p><strong>Zarte Metallakzente<\/strong> erg\u00e4nzen das Naturthema, ohne zu blenden. Filigrane Bl\u00e4tter in Messing setzen Lichtpunkte am Zweig oder T\u00fcrkranz. Sparsam eingesetzt, wirkt das elegant und ruhig \u2013 z. B. mit den <a href=\"https:\/\/www.raum-blick.de\/ferm-living-holly-leaf-messing-ornamente-4er-set\"><strong>Messing-Ornamenten <\/strong><\/a><strong>von ferm Living<\/strong>. Ein, zwei Bl\u00e4tter am Kranz, drei am Fensterzweig, fertig.<\/p>\r\n\r\n\r\n\r\n<p><strong>So stylen Sie den Eingangsbereich:<\/strong><\/p>\r\n\r\n\r\n\r\n<ul class=\"wp-block-list\">\r\n<li>Kranz auf Augenh\u00f6he, Band in Leinen oder Samt.<\/li>\r\n\r\n\r\n\r\n<li>Darunter eine schmale Konsole: Schale mit Zapfen, <strong>ein<\/strong> Kerzenlicht.<\/li>\r\n\r\n\r\n\r\n<li>Auf dem Boden: geflochtener Korb f\u00fcr M\u00fctzen\/Schals \u2013 aufger\u00e4umt und gem\u00fctlich.<\/li>\r\n<\/ul>\r\n\r\n\r\n\r\n<div class=\"wp-block-column is-layout-flow wp-block-column-is-layout-flow\">\r\n<figure class=\"wp-block-image size-large\"><a href=\"https:\/\/www.raum-blick.de\/ferm-living-holly-leaf-messing-ornamente-4er-set\"><img loading=\"lazy\" decoding=\"async\" width=\"1024\" height=\"1024\" class=\"wp-image-22295\" src=\"https:\/\/www.raum-blick.de\/magazin\/wp-content\/uploads\/2025\/10\/Ferm-Living-Holly-Leaf-Messing-Ornamente-4er-Set-Ambiente-1_116516_1280x1280-1024x1024.jpg\" alt=\"Hygge-Weihnachten mit den Holly Leaf Messing Ornamenten von Ferm Living\" title=\"\" srcset=\"https:\/\/raum-blick.de\/magazin\/wp-content\/uploads\/2025\/10\/Ferm-Living-Holly-Leaf-Messing-Ornamente-4er-Set-Ambiente-1_116516_1280x1280-1024x1024.jpg 1024w, https:\/\/raum-blick.de\/magazin\/wp-content\/uploads\/2025\/10\/Ferm-Living-Holly-Leaf-Messing-Ornamente-4er-Set-Ambiente-1_116516_1280x1280-300x300.jpg 300w, https:\/\/raum-blick.de\/magazin\/wp-content\/uploads\/2025\/10\/Ferm-Living-Holly-Leaf-Messing-Ornamente-4er-Set-Ambiente-1_116516_1280x1280-150x150.jpg 150w, https:\/\/raum-blick.de\/magazin\/wp-content\/uploads\/2025\/10\/Ferm-Living-Holly-Leaf-Messing-Ornamente-4er-Set-Ambiente-1_116516_1280x1280-768x768.jpg 768w, https:\/\/raum-blick.de\/magazin\/wp-content\/uploads\/2025\/10\/Ferm-Living-Holly-Leaf-Messing-Ornamente-4er-Set-Ambiente-1_116516_1280x1280.jpg 1280w\" sizes=\"(max-width: 1024px) 100vw, 1024px\" \/><\/a>\r\n<figcaption class=\"wp-element-caption\"><em>Ferm Living &#8211; Holly Leaf Messing Ornamente<\/em><\/figcaption>\r\n<\/figure>\r\n<\/div>\r\n\r\n<p>&nbsp;<\/p>\r\n<!-- \/wp:post-content -->\r\n\r\n<!-- wp:heading -->\r\n<h2><span class=\"ez-toc-section\" id=\"Warmes_Licht_Kerzen_Lichterketten_im_Hygge-Weihnachten_Stil\"><\/span>Warmes Licht: Kerzen &amp; Lichterketten im Hygge-Weihnachten Stil<span class=\"ez-toc-section-end\"><\/span><\/h2>\r\n<!-- \/wp:heading -->\r\n\r\n<!-- wp:paragraph -->\r\n<p>Licht macht Stimmung. Statt einer grellen Quelle setzen Sie auf <strong>Lichtinseln<\/strong>:<\/p>\r\n<!-- \/wp:paragraph -->\r\n\r\n<!-- wp:list -->\r\n<ul><!-- wp:list-item -->\r\n<li><strong>Vierer-Rhythmus im Advent:<\/strong> Dieser modulare <a href=\"https:\/\/www.raum-blick.de\/ferm-living-loopi-feiertagsring\"><strong>Feiertagsring<\/strong><\/a> tr\u00e4gt vier Stabkerzen \u2013 als Kreis oder in Linie. Mit etwas Tannengr\u00fcn und getrockneten Orangenscheiben wirkt er frisch und dennoch reduziert.<\/li>\r\n<!-- \/wp:list-item -->\r\n\r\n<!-- wp:list-item -->\r\n<li><strong>Fensterpoesie:<\/strong> Ein <a href=\"https:\/\/www.raum-blick.de\/raeder-design-lichthaus-kirche\"><strong>Lichthaus<\/strong><\/a> im Fenster erzeugt Tiefe und l\u00e4dt G\u00e4ste im Dunkeln wortlos ein. Es streut warmes Flackern \u00fcber die Fensterbank; zwei, drei H\u00e4user zusammen ergeben ein kleines Winterdorf.<\/li>\r\n<!-- \/wp:list-item -->\r\n\r\n<!-- wp:list-item -->\r\n<li><strong>Sichere Alternativen:<\/strong> Wenn Kinder oder Haustiere durchs Zimmer wuseln, bringt die <a href=\"https:\/\/www.raum-blick.de\/moods-more-led-maxi-teelichtkerze\"><strong>Moods &amp; More LED Maxi-Teelichtkerze<\/strong><\/a> stundenlang warmes Flimmern \u2013 ohne offenes Feuer.<\/li>\r\n<!-- \/wp:list-item -->\r\n\r\n<!-- wp:list-item -->\r\n<li><strong>Leuchtf\u00e4den:<\/strong> Warmwei\u00dfe Micro-LEDs in Glaszylindern oder locker \u00fcber das Regal gelegt, verbinden Bereiche optisch.<\/li>\r\n<!-- \/wp:list-item --><\/ul>\r\n<!-- \/wp:list -->\r\n\r\n<!-- wp:paragraph -->\r\n<p><strong>Praxis-Tipp:<\/strong> Mischen Sie Kerzenh\u00f6hen (Stab, Stumpen, Teelicht). Halter aus Holz, Keramik oder mattem Metall d\u00e4mpfen Reflexe und bleiben hygge.<\/p>\r\n<!-- \/wp:paragraph -->\r\n\r\n<!-- wp:image {\"id\":22297,\"sizeSlug\":\"large\",\"linkDestination\":\"custom\"} -->\r\n<figure class=\"wp-block-image size-large\"><a href=\"https:\/\/www.raum-blick.de\/raeder-design-lichthaus-kirche\"><img loading=\"lazy\" decoding=\"async\" width=\"1024\" height=\"1024\" class=\"wp-image-22297\" src=\"https:\/\/www.raum-blick.de\/magazin\/wp-content\/uploads\/2025\/10\/raeder-design-lichthaus-kirche-3_1280x1280-1024x1024.jpg\" alt=\"Hygge-Weihnachten erleben mit dem Lichthaus Kirche von R\u00e4der Design\" title=\"\" srcset=\"https:\/\/raum-blick.de\/magazin\/wp-content\/uploads\/2025\/10\/raeder-design-lichthaus-kirche-3_1280x1280-1024x1024.jpg 1024w, https:\/\/raum-blick.de\/magazin\/wp-content\/uploads\/2025\/10\/raeder-design-lichthaus-kirche-3_1280x1280-300x300.jpg 300w, https:\/\/raum-blick.de\/magazin\/wp-content\/uploads\/2025\/10\/raeder-design-lichthaus-kirche-3_1280x1280-150x150.jpg 150w, https:\/\/raum-blick.de\/magazin\/wp-content\/uploads\/2025\/10\/raeder-design-lichthaus-kirche-3_1280x1280-768x768.jpg 768w, https:\/\/raum-blick.de\/magazin\/wp-content\/uploads\/2025\/10\/raeder-design-lichthaus-kirche-3_1280x1280.jpg 1100w\" sizes=\"(max-width: 1024px) 100vw, 1024px\" \/><\/a>\r\n<figcaption class=\"wp-element-caption\"><em>R\u00e4der Design &#8211; Lichthaus Kirche<\/em><\/figcaption>\r\n<\/figure>\r\n<!-- \/wp:image -->\r\n\r\n<!-- wp:columns -->\r\n<div class=\"wp-block-columns\"><!-- wp:column -->\r\n<div class=\"wp-block-column\"><!-- wp:image {\"id\":22296,\"sizeSlug\":\"large\",\"linkDestination\":\"custom\"} -->\r\n<figure class=\"wp-block-image size-large\"><a href=\"https:\/\/www.raum-blick.de\/ferm-living-loopi-feiertagsring\"><img loading=\"lazy\" decoding=\"async\" width=\"1024\" height=\"1024\" class=\"wp-image-22296\" src=\"https:\/\/www.raum-blick.de\/magazin\/wp-content\/uploads\/2025\/10\/Ferm-Living-Loopi-Feiertagsring-1104272384-auf-Tisch_117394_1280x1280-1024x1024.jpg\" alt=\"Ferm Living - Loopi Feiertagsring\" title=\"\" srcset=\"https:\/\/raum-blick.de\/magazin\/wp-content\/uploads\/2025\/10\/Ferm-Living-Loopi-Feiertagsring-1104272384-auf-Tisch_117394_1280x1280-1024x1024.jpg 1024w, https:\/\/raum-blick.de\/magazin\/wp-content\/uploads\/2025\/10\/Ferm-Living-Loopi-Feiertagsring-1104272384-auf-Tisch_117394_1280x1280-300x300.jpg 300w, https:\/\/raum-blick.de\/magazin\/wp-content\/uploads\/2025\/10\/Ferm-Living-Loopi-Feiertagsring-1104272384-auf-Tisch_117394_1280x1280-150x150.jpg 150w, https:\/\/raum-blick.de\/magazin\/wp-content\/uploads\/2025\/10\/Ferm-Living-Loopi-Feiertagsring-1104272384-auf-Tisch_117394_1280x1280-768x768.jpg 768w, https:\/\/raum-blick.de\/magazin\/wp-content\/uploads\/2025\/10\/Ferm-Living-Loopi-Feiertagsring-1104272384-auf-Tisch_117394_1280x1280.jpg 1280w\" sizes=\"(max-width: 1024px) 100vw, 1024px\" \/><\/a>\r\n<figcaption class=\"wp-element-caption\"><em>Ferm Living &#8211; Loopi Feiertagsring<\/em><\/figcaption>\r\n<\/figure>\r\n<!-- \/wp:image --><\/div>\r\n<!-- \/wp:column -->\r\n\r\n<!-- wp:column -->\r\n<div class=\"wp-block-column\"><!-- wp:image {\"id\":22298,\"sizeSlug\":\"large\",\"linkDestination\":\"custom\"} -->\r\n<figure class=\"wp-block-image size-large\"><a href=\"https:\/\/www.raum-blick.de\/moods-more-led-maxi-teelichtkerze\"><img loading=\"lazy\" decoding=\"async\" width=\"1024\" height=\"1024\" class=\"wp-image-22298\" src=\"https:\/\/www.raum-blick.de\/magazin\/wp-content\/uploads\/2025\/10\/Moods-More-LED-Maxi-Teelichtkerze-metallic-blass-und-silver-In-Dekoschale_111949_1280x1280-1024x1024.jpg\" alt=\"Moods &amp; More - LED Maxi-Teelichtkerze\" title=\"\" srcset=\"https:\/\/raum-blick.de\/magazin\/wp-content\/uploads\/2025\/10\/Moods-More-LED-Maxi-Teelichtkerze-metallic-blass-und-silver-In-Dekoschale_111949_1280x1280-1024x1024.jpg 1024w, https:\/\/raum-blick.de\/magazin\/wp-content\/uploads\/2025\/10\/Moods-More-LED-Maxi-Teelichtkerze-metallic-blass-und-silver-In-Dekoschale_111949_1280x1280-300x300.jpg 300w, https:\/\/raum-blick.de\/magazin\/wp-content\/uploads\/2025\/10\/Moods-More-LED-Maxi-Teelichtkerze-metallic-blass-und-silver-In-Dekoschale_111949_1280x1280-150x150.jpg 150w, https:\/\/raum-blick.de\/magazin\/wp-content\/uploads\/2025\/10\/Moods-More-LED-Maxi-Teelichtkerze-metallic-blass-und-silver-In-Dekoschale_111949_1280x1280-768x768.jpg 768w, https:\/\/raum-blick.de\/magazin\/wp-content\/uploads\/2025\/10\/Moods-More-LED-Maxi-Teelichtkerze-metallic-blass-und-silver-In-Dekoschale_111949_1280x1280.jpg 1280w\" sizes=\"(max-width: 1024px) 100vw, 1024px\" \/><\/a>\r\n<figcaption class=\"wp-element-caption\"><em>Moods &amp; More &#8211; LED Maxi-Teelichtkerze<\/em><\/figcaption>\r\n<\/figure>\r\n<!-- \/wp:image --><\/div>\r\n<!-- \/wp:column --><\/div>\r\n<!-- \/wp:columns -->\r\n\r\n<!-- wp:heading -->\r\n<h2><span class=\"ez-toc-section\" id=\"Adventsrituale_Vorfreude_sichtbar_machen\"><\/span>Adventsrituale: Vorfreude sichtbar machen<span class=\"ez-toc-section-end\"><\/span><\/h2>\r\n<!-- \/wp:heading -->\r\n\r\n<!-- wp:paragraph -->\r\n<p>Ein wiederverwendbarer Kalender ist Deko und Ritual zugleich. Der<a href=\"https:\/\/www.raum-blick.de\/ferm-living-christmas-countdown\"><strong> Christmas Countdown<\/strong><\/a> h\u00e4ngt wie eine Wandinstallation und bringt jeden Tag eine kleine Freude \u2013 ideal im Flur oder an der K\u00fcchenwand. F\u00fcllen Sie ihn mit:<\/p>\r\n<!-- \/wp:paragraph -->\r\n\r\n<!-- wp:list -->\r\n<ul><!-- wp:list-item -->\r\n<li>Tees, losen Gew\u00fcrzen (Zimt, Sternanis), Mini-Kerzen, Post-its mit Aktivit\u00e4ten (\u201eSpaziergang im Dunkeln, nur Lichterketten\u201c).<\/li>\r\n<!-- \/wp:list-item -->\r\n\r\n<!-- wp:list-item -->\r\n<li>Kleinen DIY-Tags (\u201eHeute Baumschmuck basteln\u201c, \u201eLucia-Geb\u00e4ck backen\u201c).<\/li>\r\n<!-- \/wp:list-item -->\r\n\r\n<!-- wp:list-item -->\r\n<li>Pers\u00f6nlichen Botschaften statt Dingen \u2013 Hygge lebt von Zeit, nicht von Masse.<\/li>\r\n<!-- \/wp:list-item --><\/ul>\r\n<!-- \/wp:list -->\r\n\r\n<!-- wp:image {\"id\":22306,\"sizeSlug\":\"large\",\"linkDestination\":\"custom\"} -->\r\n<figure class=\"wp-block-image size-large\"><a href=\"https:\/\/www.raum-blick.de\/ferm-living-christmas-countdown\"><img loading=\"lazy\" decoding=\"async\" width=\"1024\" height=\"1024\" class=\"wp-image-22306\" src=\"https:\/\/www.raum-blick.de\/magazin\/wp-content\/uploads\/2025\/10\/ferm-living-christmas-countdown-multi-ambientre_85831_1280x1280-1024x1024.jpg\" alt=\"Hygge-Weihnachten mit dem Christmas Countdown von Ferm Living\" title=\"\" srcset=\"https:\/\/raum-blick.de\/magazin\/wp-content\/uploads\/2025\/10\/ferm-living-christmas-countdown-multi-ambientre_85831_1280x1280-1024x1024.jpg 1024w, https:\/\/raum-blick.de\/magazin\/wp-content\/uploads\/2025\/10\/ferm-living-christmas-countdown-multi-ambientre_85831_1280x1280-300x300.jpg 300w, https:\/\/raum-blick.de\/magazin\/wp-content\/uploads\/2025\/10\/ferm-living-christmas-countdown-multi-ambientre_85831_1280x1280-150x150.jpg 150w, https:\/\/raum-blick.de\/magazin\/wp-content\/uploads\/2025\/10\/ferm-living-christmas-countdown-multi-ambientre_85831_1280x1280-768x768.jpg 768w, https:\/\/raum-blick.de\/magazin\/wp-content\/uploads\/2025\/10\/ferm-living-christmas-countdown-multi-ambientre_85831_1280x1280.jpg 1280w\" sizes=\"(max-width: 1024px) 100vw, 1024px\" \/><\/a>\r\n<figcaption class=\"wp-element-caption\"><em>Ferm Living &#8211; Christmas Countdown<\/em><\/figcaption>\r\n<\/figure>\r\n<!-- \/wp:image -->\r\n\r\n<!-- wp:heading -->\r\n<h2><span class=\"ez-toc-section\" id=\"Der_Esstisch_skandinavisch_decken_entspannt_geniessen_mit_Hygge-Weihnachten\"><\/span>Der Esstisch: skandinavisch decken, entspannt genie\u00dfen mit Hygge-Weihnachten<span class=\"ez-toc-section-end\"><\/span><\/h2>\r\n<!-- \/wp:heading -->\r\n\r\n<!-- wp:paragraph -->\r\n<p>Weihnachten hei\u00dft zusammen essen \u2013 nicht perfekt, sondern ungezwungen. Ein heller Holztisch bildet das Herz.\u00a0<\/p>\r\n<!-- \/wp:paragraph -->\r\n\r\n<!-- wp:paragraph -->\r\n<p><strong>Dezente Tafel, gro\u00dfe Wirkung:<\/strong><\/p>\r\n<!-- \/wp:paragraph -->\r\n\r\n<!-- wp:list -->\r\n<ul><!-- wp:list-item -->\r\n<li>Leinentischl\u00e4ufer in Natur, dazu Stoffservietten.<\/li>\r\n<!-- \/wp:list-item -->\r\n\r\n<!-- wp:list-item -->\r\n<li>In der Mitte: langes Holztablett mit Tannenzweigen, zwei Kerzen, ein paar N\u00fcssen\/Orangen.<\/li>\r\n<!-- \/wp:list-item -->\r\n\r\n<!-- wp:list-item -->\r\n<li><strong>Messing-Bl\u00e4tter<\/strong> (s. o.) als Servietten-Deko oder an der Karaffe.<\/li>\r\n<!-- \/wp:list-item -->\r\n\r\n<!-- wp:list-item -->\r\n<li>Gl\u00e4ser schlicht, Porzellan wei\u00df \u2013 das Essen spielt die Hauptrolle.<\/li>\r\n<!-- \/wp:list-item --><\/ul>\r\n<!-- \/wp:list -->\r\n\r\n<!-- wp:heading -->\r\n<h2><span class=\"ez-toc-section\" id=\"Kuschelecken_Texturen_die_runterfahren\"><\/span>Kuschelecken: Texturen, die runterfahren<span class=\"ez-toc-section-end\"><\/span><\/h2>\r\n<!-- \/wp:heading -->\r\n\r\n<!-- wp:paragraph -->\r\n<p>Hygge-Weihnachten sp\u00fcrt man auf der Haut. Weiche Textilien beruhigen, fangen Ger\u00e4usche, laden zum Verweilen ein.<\/p>\r\n<!-- \/wp:paragraph -->\r\n\r\n<!-- wp:list -->\r\n<ul><!-- wp:list-item -->\r\n<li><strong>Sofalandschaft:<\/strong> Mischen Sie Strick, Filz, Samt. Ein grafischer, aber freundlicher Akzent gelingt mit dem richtigen Kissen oder auch<strong> der passenden <\/strong><a href=\"https:\/\/www.raum-blick.de\/pad-reindeer-kissenhuelle-50x50-cm\"><strong>Kissenh\u00fclle<\/strong><\/a>. Ein Motivkissen gen\u00fcgt \u2013 dazu zwei, drei Uni-Kissen in Greige\/Tannengr\u00fcn.<\/li>\r\n<!-- \/wp:list-item -->\r\n\r\n<!-- wp:list-item -->\r\n<li><strong>Lesesessel:<\/strong> \u00dcber die Lehne ein Plaid, daneben eine kleine Lampe und eine Kerze. Die passende <a href=\"https:\/\/www.raum-blick.de\/raeder-design-schneetag-tasse\"><strong>Tasse<\/strong><\/a> wartet auf Kakao \u2013 so wird die Pause zum kleinen Winterritual.<\/li>\r\n<!-- \/wp:list-item -->\r\n\r\n<!-- wp:list-item -->\r\n<li><strong>Bodenw\u00e4rme:<\/strong> Hochflor oder Schaffell vor Sofa und Bett d\u00e4mpft und w\u00e4rmt \u2013 besonders an langen Filmabenden.<\/li>\r\n<!-- \/wp:list-item --><\/ul>\r\n<!-- \/wp:list -->\r\n\r\n<!-- wp:columns -->\r\n<div class=\"wp-block-columns\"><!-- wp:column -->\r\n<div class=\"wp-block-column\"><!-- wp:image {\"id\":22300,\"sizeSlug\":\"large\",\"linkDestination\":\"custom\"} -->\r\n<figure class=\"wp-block-image size-large\"><a href=\"https:\/\/www.raum-blick.de\/pad-reindeer-kissenhuelle-50x50-cm\"><img loading=\"lazy\" decoding=\"async\" width=\"1024\" height=\"1024\" class=\"wp-image-22300\" src=\"https:\/\/www.raum-blick.de\/magazin\/wp-content\/uploads\/2025\/10\/pad-Reindeer-Kissenhuelle-50-50cm-11298-C25-5050_115187_1280x1280-1024x1024.jpg\" alt=\"pad - Reindeer Kissenh\u00fclle\" title=\"\" srcset=\"https:\/\/raum-blick.de\/magazin\/wp-content\/uploads\/2025\/10\/pad-Reindeer-Kissenhuelle-50-50cm-11298-C25-5050_115187_1280x1280-1024x1024.jpg 1024w, https:\/\/raum-blick.de\/magazin\/wp-content\/uploads\/2025\/10\/pad-Reindeer-Kissenhuelle-50-50cm-11298-C25-5050_115187_1280x1280-300x300.jpg 300w, https:\/\/raum-blick.de\/magazin\/wp-content\/uploads\/2025\/10\/pad-Reindeer-Kissenhuelle-50-50cm-11298-C25-5050_115187_1280x1280-150x150.jpg 150w, https:\/\/raum-blick.de\/magazin\/wp-content\/uploads\/2025\/10\/pad-Reindeer-Kissenhuelle-50-50cm-11298-C25-5050_115187_1280x1280-768x768.jpg 768w, https:\/\/raum-blick.de\/magazin\/wp-content\/uploads\/2025\/10\/pad-Reindeer-Kissenhuelle-50-50cm-11298-C25-5050_115187_1280x1280.jpg 1280w\" sizes=\"(max-width: 1024px) 100vw, 1024px\" \/><\/a>\r\n<figcaption class=\"wp-element-caption\"><em>pad &#8211; <\/em>Reindeer Kissenh\u00fclle<\/figcaption>\r\n<\/figure>\r\n<!-- \/wp:image --><\/div>\r\n<!-- \/wp:column -->\r\n\r\n<!-- wp:column -->\r\n<div class=\"wp-block-column\"><!-- wp:image {\"id\":22301,\"sizeSlug\":\"large\",\"linkDestination\":\"custom\"} -->\r\n<figure class=\"wp-block-image size-large\"><a href=\"https:\/\/www.raum-blick.de\/raeder-design-schneetag-tasse\"><img loading=\"lazy\" decoding=\"async\" width=\"1024\" height=\"1024\" class=\"wp-image-22301\" src=\"https:\/\/www.raum-blick.de\/magazin\/wp-content\/uploads\/2025\/10\/Rader-Design-Schneetag-Tasse-Hundeschlitten-92535_106347_1280x1280-1024x1024.jpg\" alt=\"R\u00e4der Design - Schneetag Tasse\" title=\"\" srcset=\"https:\/\/raum-blick.de\/magazin\/wp-content\/uploads\/2025\/10\/Rader-Design-Schneetag-Tasse-Hundeschlitten-92535_106347_1280x1280-1024x1024.jpg 1024w, https:\/\/raum-blick.de\/magazin\/wp-content\/uploads\/2025\/10\/Rader-Design-Schneetag-Tasse-Hundeschlitten-92535_106347_1280x1280-300x300.jpg 300w, https:\/\/raum-blick.de\/magazin\/wp-content\/uploads\/2025\/10\/Rader-Design-Schneetag-Tasse-Hundeschlitten-92535_106347_1280x1280-150x150.jpg 150w, https:\/\/raum-blick.de\/magazin\/wp-content\/uploads\/2025\/10\/Rader-Design-Schneetag-Tasse-Hundeschlitten-92535_106347_1280x1280-768x768.jpg 768w, https:\/\/raum-blick.de\/magazin\/wp-content\/uploads\/2025\/10\/Rader-Design-Schneetag-Tasse-Hundeschlitten-92535_106347_1280x1280.jpg 1280w\" sizes=\"(max-width: 1024px) 100vw, 1024px\" \/><\/a>\r\n<figcaption class=\"wp-element-caption\"><em>R\u00e4der Design &#8211; Schneetag Tasse<\/em><\/figcaption>\r\n<\/figure>\r\n<!-- \/wp:image --><\/div>\r\n<!-- \/wp:column --><\/div>\r\n<!-- \/wp:columns -->\r\n\r\n<!-- wp:heading -->\r\n<h2><span class=\"ez-toc-section\" id=\"Lounge_Ruhepole_Moebel_die_umarmen\"><\/span>Lounge &amp; Ruhepole: M\u00f6bel, die umarmen<span class=\"ez-toc-section-end\"><\/span><\/h2>\r\n<!-- \/wp:heading -->\r\n\r\n<!-- wp:paragraph -->\r\n<p>Ein bequemer Sessel hilft, eine stille Ecke im Raum zu verankern. W\u00e4hlen Sie Form, Material und H\u00f6he so, dass Sie entspannt sitzen, gut lesen und leicht aufstehen k\u00f6nnen. Zwei <strong>beispielhafte<\/strong> Richtungen f\u00fcr Ihr pers\u00f6nliches Hygge-Weihnachten.<\/p>\r\n<!-- \/wp:paragraph -->\r\n\r\n<!-- wp:list -->\r\n<ul><!-- wp:list-item -->\r\n<li><strong>Organisch und weich:<\/strong> Ein gro\u00dfz\u00fcgig gepolsterter Ohrensessel mit passendem Fu\u00dfteil st\u00fctzt R\u00fccken und Nacken, die erh\u00f6hte Sitzkante erleichtert das Aufstehen. <em>(Beispiel: <\/em><a href=\"https:\/\/www.raum-blick.de\/audo-the-tired-man-inkl.-fussteil\"><em>Audo \u201eThe Tired Man\u201c inkl. Fu\u00dfteil<\/em><\/a><\/li>\r\n<!-- \/wp:list-item -->\r\n\r\n<!-- wp:list-item -->\r\n<li><strong>Offen und kommunikativ:<\/strong> Ein Loungesessel mit breiter Sitzfl\u00e4che und seitlich ge\u00f6ffneten Armlehnen l\u00e4dt zu kurzen Gespr\u00e4chen und ruhigen Lesepausen ein. <em>(Beispiel: <a href=\"https:\/\/www.raum-blick.de\/umage-a-conversation-piece-horizons-loungesessel\">UMAGE \u201eA Conversation Piece\u201c Horizons<\/a>)<\/em><\/li>\r\n<!-- \/wp:list-item --><\/ul>\r\n<!-- \/wp:list -->\r\n\r\n<!-- wp:paragraph -->\r\n<p><strong>So richtet sich die Ecke sachlich-praktisch:<\/strong><\/p>\r\n<!-- \/wp:paragraph -->\r\n\r\n<!-- wp:list -->\r\n<ul><!-- wp:list-item -->\r\n<li><strong>Lichtf\u00fchrung:<\/strong> Seitliche Steh- oder Tischleuchte mit warmem Licht; Deckenfluter vermeiden.<\/li>\r\n<!-- \/wp:list-item -->\r\n\r\n<!-- wp:list-item -->\r\n<li><strong>Griffn\u00e4he:<\/strong> Kleiner Beistelltisch f\u00fcr Buch\/Brille\/Tasse.<\/li>\r\n<!-- \/wp:list-item -->\r\n\r\n<!-- wp:list-item -->\r\n<li><strong>Unterst\u00fctzung:<\/strong> Kissen im Lendenbereich, Plaid f\u00fcr Schultern\/Beine.<\/li>\r\n<!-- \/wp:list-item -->\r\n\r\n<!-- wp:list-item -->\r\n<li><strong>Akustik &amp; Haptik:<\/strong> Teppich oder Fell mindert Hall und f\u00fchlt sich warm an.<\/li>\r\n<!-- \/wp:list-item -->\r\n\r\n<!-- wp:list-item -->\r\n<li><strong>Pers\u00f6nliche Note:<\/strong> Ein ruhiges Detail (Foto, Keramikschale) gen\u00fcgt.<\/li>\r\n<!-- \/wp:list-item --><\/ul>\r\n<!-- \/wp:list -->\r\n\r\n<!-- wp:paragraph -->\r\n<p>So entsteht ein ruhiger <strong>R\u00fcckzugsort<\/strong>, der sich unaufdringlich ins Gesamtbild einf\u00fcgt \u2013 funktional, behaglich und ohne Inszenierung.<\/p>\r\n<!-- \/wp:paragraph -->\r\n\r\n<!-- wp:columns -->\r\n<div class=\"wp-block-columns\"><!-- wp:column -->\r\n<div class=\"wp-block-column\"><!-- wp:image {\"id\":22303,\"sizeSlug\":\"large\",\"linkDestination\":\"custom\"} -->\r\n<figure class=\"wp-block-image size-large\"><a href=\"https:\/\/www.raum-blick.de\/audo-the-tired-man-inkl.-fussteil\"><img loading=\"lazy\" decoding=\"async\" width=\"1024\" height=\"1024\" class=\"wp-image-22303\" src=\"https:\/\/www.raum-blick.de\/magazin\/wp-content\/uploads\/2025\/10\/Audo-The-Tired-Man-Sessel-inkl-Fussteil-Ambiente-2_114181_1280x1280-1024x1024.jpg\" alt=\"Audo - The Tired Man inkl. Fu\u00dfteil\" title=\"\" srcset=\"https:\/\/raum-blick.de\/magazin\/wp-content\/uploads\/2025\/10\/Audo-The-Tired-Man-Sessel-inkl-Fussteil-Ambiente-2_114181_1280x1280-1024x1024.jpg 1024w, https:\/\/raum-blick.de\/magazin\/wp-content\/uploads\/2025\/10\/Audo-The-Tired-Man-Sessel-inkl-Fussteil-Ambiente-2_114181_1280x1280-300x300.jpg 300w, https:\/\/raum-blick.de\/magazin\/wp-content\/uploads\/2025\/10\/Audo-The-Tired-Man-Sessel-inkl-Fussteil-Ambiente-2_114181_1280x1280-150x150.jpg 150w, https:\/\/raum-blick.de\/magazin\/wp-content\/uploads\/2025\/10\/Audo-The-Tired-Man-Sessel-inkl-Fussteil-Ambiente-2_114181_1280x1280-768x768.jpg 768w, https:\/\/raum-blick.de\/magazin\/wp-content\/uploads\/2025\/10\/Audo-The-Tired-Man-Sessel-inkl-Fussteil-Ambiente-2_114181_1280x1280.jpg 1280w\" sizes=\"(max-width: 1024px) 100vw, 1024px\" \/><\/a>\r\n<figcaption class=\"wp-element-caption\"><em>Audo &#8211; The Tired Man inkl. Fu\u00dfteil<\/em><\/figcaption>\r\n<\/figure>\r\n<!-- \/wp:image --><\/div>\r\n<!-- \/wp:column -->\r\n\r\n<!-- wp:column -->\r\n<div class=\"wp-block-column\"><!-- wp:image {\"id\":22304,\"sizeSlug\":\"large\",\"linkDestination\":\"custom\"} -->\r\n<figure class=\"wp-block-image size-large\"><a href=\"https:\/\/www.raum-blick.de\/umage-a-conversation-piece-horizons-loungesessel\"><img loading=\"lazy\" decoding=\"async\" width=\"1024\" height=\"1024\" class=\"wp-image-22304\" src=\"https:\/\/www.raum-blick.de\/magazin\/wp-content\/uploads\/2025\/10\/umage-conversation-piece-lounge_80921N9HUJROLBnEQZ_1280x1280-1024x1024.jpg\" alt=\"UMAGE - A Conversation Piece Loungesessel\" title=\"\" srcset=\"https:\/\/raum-blick.de\/magazin\/wp-content\/uploads\/2025\/10\/umage-conversation-piece-lounge_80921N9HUJROLBnEQZ_1280x1280-1024x1024.jpg 1024w, https:\/\/raum-blick.de\/magazin\/wp-content\/uploads\/2025\/10\/umage-conversation-piece-lounge_80921N9HUJROLBnEQZ_1280x1280-300x300.jpg 300w, https:\/\/raum-blick.de\/magazin\/wp-content\/uploads\/2025\/10\/umage-conversation-piece-lounge_80921N9HUJROLBnEQZ_1280x1280-150x150.jpg 150w, https:\/\/raum-blick.de\/magazin\/wp-content\/uploads\/2025\/10\/umage-conversation-piece-lounge_80921N9HUJROLBnEQZ_1280x1280-768x768.jpg 768w, https:\/\/raum-blick.de\/magazin\/wp-content\/uploads\/2025\/10\/umage-conversation-piece-lounge_80921N9HUJROLBnEQZ_1280x1280.jpg 1280w\" sizes=\"(max-width: 1024px) 100vw, 1024px\" \/><\/a>\r\n<figcaption class=\"wp-element-caption\"><em>UMAGE &#8211; A Conversation Piece Loungesessel<\/em><\/figcaption>\r\n<\/figure>\r\n<!-- \/wp:image --><\/div>\r\n<!-- \/wp:column --><\/div>\r\n<!-- \/wp:columns -->\r\n\r\n<!-- wp:heading -->\r\n<h2><span class=\"ez-toc-section\" id=\"Der_Baum_beim_Hygge-Weihnachten_wenig_Schmuck_viel_Stimmung\"><\/span>Der Baum beim Hygge-Weihnachten: wenig Schmuck, viel Stimmung<span class=\"ez-toc-section-end\"><\/span><\/h2>\r\n<!-- \/wp:heading -->\r\n\r\n<!-- wp:paragraph -->\r\n<p>Der skandinavische Baum lebt vom <strong>Gr\u00fcn<\/strong>. Schm\u00fccken Sie ihn reduziert und mit <strong>handfesten Materialien<\/strong>:<\/p>\r\n<!-- \/wp:paragraph -->\r\n\r\n<!-- wp:list -->\r\n<ul><!-- wp:list-item -->\r\n<li>Warmwei\u00dfe Lichterkette, dazu Holz-, Papier- und Stoffanh\u00e4nger.<\/li>\r\n<!-- \/wp:list-item -->\r\n\r\n<!-- wp:list-item -->\r\n<li>Hier und da ein Messing-Akzent (z. B. filigrane St\u00fccke aus den <a href=\"https:\/\/www.raum-blick.de\/georg-jensen-collectibles\/\"><strong>Georg Jensen Collectibles<\/strong><\/a> oder die oben verlinkten Holly-Bl\u00e4tter) f\u00fcr Tiefe.<\/li>\r\n<!-- \/wp:list-item -->\r\n\r\n<!-- wp:list-item -->\r\n<li>Ein Dutzend Kugeln in Creme\/Silber\/Tannengr\u00fcn reicht \u2013 der Baum darf atmen.<\/li>\r\n<!-- \/wp:list-item --><\/ul>\r\n<!-- \/wp:list -->\r\n\r\n<!-- wp:paragraph -->\r\n<p><strong>Tipp:<\/strong> Legen Sie unter den Baum eine gefaltete Decke oder einen schlichten Stoffkranz. Das wirkt weich, deckt den St\u00e4nder ab und setzt Geschenke ruhig in Szene.<\/p>\r\n<!-- \/wp:paragraph -->\r\n\r\n<!-- wp:heading -->\r\n<h2><span class=\"ez-toc-section\" id=\"Sinnesfreuden_mit_Hygge-Weihnachten_%E2%80%93_mit_allen_fuenf_Sinnen_feiern\"><\/span>Sinnesfreuden mit Hygge-Weihnachten \u2013 mit allen f\u00fcnf Sinnen feiern<span class=\"ez-toc-section-end\"><\/span><\/h2>\r\n<!-- \/wp:heading -->\r\n\r\n<!-- wp:paragraph -->\r\n<p>Ein <strong>Hygge-Weihnachten<\/strong> spricht mehr als nur das Auge an \u2013 sie ist ein sinnliches Erlebnis, das Sehen, Riechen, F\u00fchlen, H\u00f6ren und sogar den Geschmack einbezieht.<\/p>\r\n<!-- \/wp:paragraph -->\r\n\r\n<!-- wp:paragraph -->\r\n<p>Beginnen Sie mit dem <strong>Duft<\/strong>: Selbstgemachte Orangen-Pomander (mit Nelken gespickte Orangenscheiben), \u00e4therische \u00d6le mit Tanne oder Zimt, ein frischer Zweig Eukalyptus auf der Fensterbank \u2013 all das schafft eine warme, nat\u00fcrliche Atmosph\u00e4re. Duftkerzen mit nat\u00fcrlichen Aromen k\u00f6nnen gezielt eingesetzt werden, wirken aber schnell \u00fcberladen \u2013 bei <strong>Hygge-Weihnachten<\/strong> gilt: weniger ist mehr.<\/p>\r\n<!-- \/wp:paragraph -->\r\n\r\n<!-- wp:paragraph -->\r\n<p>Auch das <strong>H\u00f6r-Erlebnis<\/strong> tr\u00e4gt zur Stimmung bei. Statt dauerhafter Hintergrundmusik kann eine ausgew\u00e4hlte Playlist mit akustischen Winterliedern oder klassischer Instrumentalmusik punktuell eingesetzt werden. Das Knistern einer kleinen Kaminfeuer-App oder echten Feuerstelle schafft eine gem\u00fctliche Kulisse \u2013 besonders bei Gespr\u00e4chen am Abend.<\/p>\r\n<!-- \/wp:paragraph -->\r\n\r\n<!-- wp:paragraph -->\r\n<p><strong>Tipp<\/strong>: Kombinieren Sie visuelle Highlights (z.\u202fB. ein beleuchtetes Lichthaus) mit einem sanften Duft und ruhiger Musik. So entsteht eine multisensorische Atmosph\u00e4re, die den Alltag vergessen l\u00e4sst.<\/p>\r\n<!-- \/wp:paragraph -->\r\n\r\n<!-- wp:heading -->\r\n<h2><span class=\"ez-toc-section\" id=\"Kinder_und_Hygge_%E2%80%93_gemeinsam_gestalten_statt_ueberladen\"><\/span>Kinder und Hygge \u2013 gemeinsam gestalten statt \u00fcberladen<span class=\"ez-toc-section-end\"><\/span><\/h2>\r\n<!-- \/wp:heading -->\r\n\r\n<!-- wp:paragraph -->\r\n<p>Gerade mit Kindern kann Weihnachten schnell in Kitsch und Konsum abgleiten. Doch <strong>Hygge-Weihnachten<\/strong> l\u00e4sst sich wunderbar mit Kindern gestalten \u2013 indem man sie mit einbezieht und Raum f\u00fcr Rituale schafft.<\/p>\r\n<!-- \/wp:paragraph -->\r\n\r\n<!-- wp:paragraph -->\r\n<p>Lassen Sie Kinder ihren eigenen Mini-Adventskranz basteln: ein kleiner Tontopf, etwas Moos, ein Teelicht \u2013 fertig ist die pers\u00f6nliche Lichtinsel. Auch das gemeinsame Backen (z.\u202fB. Zimtpl\u00e4tzchen oder Vanillekipferl) geh\u00f6rt zum Hygge-Erlebnis. Es geht dabei nicht um Perfektion, sondern um <strong>gemeinsame Zeit<\/strong> und Erinnerungen.<\/p>\r\n<!-- \/wp:paragraph -->\r\n\r\n<!-- wp:paragraph -->\r\n<p><strong>Tipp<\/strong>: Statt Geschenke zu stapeln, gestalten Sie eine Wunschbox. Jedes Familienmitglied schreibt einen Wunsch auf (z.\u202fB. \u201eZusammen Kekse essen\u201c oder \u201eKuscheln &amp; Film schauen\u201c) \u2013 jeden Adventssonntag wird ein Wunsch gezogen und erf\u00fcllt<\/p>\r\n<!-- \/wp:paragraph -->\r\n\r\n<!-- wp:heading -->\r\n<h2><span class=\"ez-toc-section\" id=\"Nachhaltigkeit_trifft_Atmosphaere\"><\/span>Nachhaltigkeit trifft Atmosph\u00e4re<span class=\"ez-toc-section-end\"><\/span><\/h2>\r\n<!-- \/wp:heading -->\r\n\r\n<!-- wp:paragraph -->\r\n<p>Nachhaltigkeit ist ein zentraler Wert von <strong>Hygge-Weihnachten<\/strong>. Setzen Sie auf <strong>wiederverwendbare Deko-Elemente<\/strong> wie Stoffb\u00e4nder, Keramik-Anh\u00e4nger oder Holzfiguren, die jedes Jahr aufs Neue arrangiert werden k\u00f6nnen.<\/p>\r\n<!-- \/wp:paragraph -->\r\n\r\n<!-- wp:paragraph -->\r\n<p>Auch Geschenke k\u00f6nnen hyggelig verpackt werden: in T\u00fcchern (Furoshiki-Technik), in Leinentaschen oder mit Kraftpapier und Naturgarn. Kleine Zweige, getrocknete Fr\u00fcchte oder Zimtstangen ersetzen Plastikschleifen \u2013 und sind kompostierbar.<\/p>\r\n<!-- \/wp:paragraph -->\r\n\r\n<!-- wp:paragraph -->\r\n<p><strong>Merksatz<\/strong>: \u201eWas sch\u00f6n ist, bleibt.\u201c Je hochwertiger und reduzierter die Deko, desto langlebiger ist sie \u2013 emotional und praktisch.<\/p>\r\n<!-- \/wp:paragraph -->\r\n\r\n<!-- wp:heading -->\r\n<h2><span class=\"ez-toc-section\" id=\"Kleine_Gesten_grosse_Hygge-Weihnachten\"><\/span>Kleine Gesten, gro\u00dfe Hygge-Weihnachten<span class=\"ez-toc-section-end\"><\/span><\/h2>\r\n<!-- \/wp:heading -->\r\n\r\n<!-- wp:list -->\r\n<ul><!-- wp:list-item -->\r\n<li><strong>Duft<\/strong>: Tannenzweig im Wasserglas, Orangenscheiben mit Nelken, Zimtstangen \u2013 nat\u00fcrlich, fein, nicht aufdringlich.<\/li>\r\n<!-- \/wp:list-item -->\r\n\r\n<!-- wp:list-item -->\r\n<li><strong>Klang<\/strong>: Leise Musik, vorzugsweise akustisch oder Jazz-Weihnacht.<\/li>\r\n<!-- \/wp:list-item -->\r\n\r\n<!-- wp:list-item -->\r\n<li><strong>Ritual<\/strong>: Jeden Adventssonntag dieselbe Reihenfolge \u2013 Kerze, Spaziergang im Dunkeln, Tee. Das erdet.<\/li>\r\n<!-- \/wp:list-item --><\/ul>\r\n<!-- \/wp:list -->\r\n\r\n<!-- wp:heading -->\r\n<h2><span class=\"ez-toc-section\" id=\"Checkliste_Ihr_Weg_zur_hyggeligen_Weihnachtsdeko\"><\/span>Checkliste: Ihr Weg zur hyggeligen Weihnachtsdeko<span class=\"ez-toc-section-end\"><\/span><\/h2>\r\n<!-- \/wp:heading -->\r\n\r\n<!-- wp:list -->\r\n<ul><!-- wp:list-item -->\r\n<li>Farbklima festlegen (Natur + 1 Akzent).<\/li>\r\n<!-- \/wp:list-item -->\r\n\r\n<!-- wp:list-item -->\r\n<li>Zwei bis drei <strong>Lichtinseln<\/strong> pro Raum planen (Kerzen, Lichthaus, Micro-LED).<\/li>\r\n<!-- \/wp:list-item -->\r\n\r\n<!-- wp:list-item -->\r\n<li><strong>Ein<\/strong> Highlight je Zone: Kranz <strong>oder<\/strong> Adventsleuchter <strong>oder<\/strong> Lichthaus.<\/li>\r\n<!-- \/wp:list-item -->\r\n\r\n<!-- wp:list-item -->\r\n<li>Texturen mischen: Strick, Leinen, Fell, glattes Porzellan.<\/li>\r\n<!-- \/wp:list-item -->\r\n\r\n<!-- wp:list-item -->\r\n<li>Produkte mit Bestand w\u00e4hlen (wiederverwendbar, wertig).<\/li>\r\n<!-- \/wp:list-item -->\r\n\r\n<!-- wp:list-item -->\r\n<li>Rituale sichtbar machen (Adventsring, Kalender, Lieblingstasse).<\/li>\r\n<!-- \/wp:list-item --><\/ul>\r\n<!-- \/wp:list -->\r\n\r\n<!-- wp:heading -->\r\n<h2><span class=\"ez-toc-section\" id=\"Hygge-Weihnachten_%E2%80%93_Ihr_ruhiges_Fest_im_warmen_Licht\"><\/span>Hygge-Weihnachten \u2013 Ihr ruhiges Fest im warmen Licht<span class=\"ez-toc-section-end\"><\/span><\/h2>\r\n<!-- \/wp:heading -->\r\n\r\n<!-- wp:paragraph -->\r\n<p>Wenn Kerzen warm schimmern, Naturmaterialien sanft wirken und wenige, gut gew\u00e4hlte St\u00fccke den Ton angeben, entsteht das, worum es bei <strong>Hygge-Weihnachten<\/strong> geht: Ruhe, N\u00e4he und ein Zuhause, das atmet. W\u00e4hlen Sie ein klares Farbklima, bauen Sie <strong>Lichtinseln<\/strong> statt greller Beleuchtung und setzen Sie auf langlebige Lieblingsst\u00fccke \u2013 etwa einen schlichten Adventsleuchter, einen reduzierten Keramik-Kranz, ein dezentes Lichthaus oder einen weichen Winter-Akzent auf dem Sofa. Orientierung bieten Marken, die skandinavische Gelassenheit stimmig interpretieren, z. B. <a href=\"https:\/\/www.raum-blick.de\/ferm-living\/\"><strong>Ferm Living<\/strong><\/a> (wohnliche Accessoires), <a href=\"https:\/\/www.raum-blick.de\/umage\/\"><strong>UMAGE<\/strong><\/a> (sanftes Licht &amp; organische Formen), <a href=\"https:\/\/www.raum-blick.de\/iittala\/\"><strong>Iittala<\/strong><\/a> (Glas &amp; zeitlose Tafel), oder <a href=\"https:\/\/www.raum-blick.de\/houe\/\"><strong>Houe<\/strong><\/a> (puristische Linien \u2013 drinnen wie drau\u00dfen). Weniger Teile, mehr Wirkung \u2013 so wird <strong>skandinavische Weihnachten<\/strong> zur Einladung, innezuhalten und den Moment bewusst zu genie\u00dfen.<\/p>\r\n<!-- \/wp:paragraph -->\r\n\r\n<!-- wp:paragraph -->\r\n<p>Wenn Sie Fragen zur Umsetzung in Ihren R\u00e4umen haben, melden Sie sich gern \u00fcber unser <a href=\"https:\/\/www.raum-blick.de\/kontaktformular\">Kontaktformular<\/a>. Wir unterst\u00fctzen Sie auf Wunsch unaufdringlich bei der Auswahl \u2013 orientiert an Ihrem Stil, Ihrem Licht und Ihrem Platz.<\/p>\r\n<!-- \/wp:paragraph -->\r\n\r\n<!-- wp:heading -->\r\n<h2><span class=\"ez-toc-section\" id=\"Haeufig_gestellte_Fragen_FAQs_%E2%80%93_Hygge-Weihnachten_skandinavische_Weihnachten_Weihnachtsdeko\"><\/span>H\u00e4ufig gestellte Fragen (FAQs) \u2013 Hygge-Weihnachten, skandinavische Weihnachten &amp; Weihnachtsdeko<span class=\"ez-toc-section-end\"><\/span><\/h2>\r\n<!-- \/wp:heading -->\r\n\r\n<!-- wp:heading {\"level\":3} -->\r\n<h3><span class=\"ez-toc-section\" id=\"Wie_erreiche_ich_Hygge-Weihnachten_ohne_viel_Deko\"><\/span>Wie erreiche ich Hygge-Weihnachten ohne viel Deko?<span class=\"ez-toc-section-end\"><\/span><\/h3>\r\n<!-- \/wp:heading -->\r\n\r\n<!-- wp:paragraph -->\r\n<p>Mit <strong>Licht, Textur, Ruhe<\/strong>. Zwei bis drei Lichtinseln, ein nat\u00fcrlicher Kranz, weiche Decken und ein klares Farbklima reichen. Lieber <strong>ein<\/strong> gutes St\u00fcck als viele Kleinteile.<\/p>\r\n<!-- \/wp:paragraph -->\r\n\r\n<!-- wp:heading {\"level\":3} -->\r\n<h3><span class=\"ez-toc-section\" id=\"Welche_Farben_passen_zum_skandinavischen_Weihnachtsstil\"><\/span>Welche Farben passen zum skandinavischen Weihnachtsstil?<span class=\"ez-toc-section-end\"><\/span><\/h3>\r\n<!-- \/wp:heading -->\r\n\r\n<!-- wp:paragraph -->\r\n<p>Naturt\u00f6ne (Creme, Greige, Holz), Tannengr\u00fcn, dazu <strong>ein<\/strong> metallischer Akzent wie Messing. So bleibt die <strong>Weihnachtsdeko<\/strong> ruhig und zeitlos.<\/p>\r\n<!-- \/wp:paragraph -->\r\n\r\n<!-- wp:heading {\"level\":3} -->\r\n<h3><span class=\"ez-toc-section\" id=\"Wie_sichere_ich_Kerzenlicht_wenn_Kinder_da_sind\"><\/span>Wie sichere ich Kerzenlicht, wenn Kinder da sind?<span class=\"ez-toc-section-end\"><\/span><\/h3>\r\n<!-- \/wp:heading -->\r\n\r\n<!-- wp:paragraph -->\r\n<p>Auf <strong>LED-Kerzen<\/strong> ausweichen. Flackert warm, ohne offenes Feuer. Echte Kerzen nur beaufsichtigt und stabil platziert.<\/p>\r\n<!-- \/wp:paragraph -->\r\n\r\n<!-- wp:heading {\"level\":3} -->\r\n<h3><span class=\"ez-toc-section\" id=\"Welche_Deko_wirkt_hochwertig_haelt_aber_lange\"><\/span>Welche Deko wirkt hochwertig, h\u00e4lt aber lange?<span class=\"ez-toc-section-end\"><\/span><\/h3>\r\n<!-- \/wp:heading -->\r\n\r\n<!-- wp:paragraph -->\r\n<p>Langlebige Keramik\/Metall statt Wegwerf-Plastik: <strong>K\u00e4hler Gingerbread Kranz<\/strong>, <strong>ferm LIVING Holly-Ornamente<\/strong>, <strong>R\u00e4der Lichth\u00e4user<\/strong>. Jedes Jahr neu kombinierbar.<\/p>\r\n<!-- \/wp:paragraph -->\r\n\r\n<!-- wp:heading {\"level\":3} -->\r\n<h3><span class=\"ez-toc-section\" id=\"Wie_decke_ich_den_Tisch_skandinavisch_%E2%80%93_ohne_viel_Aufwand\"><\/span>Wie decke ich den Tisch skandinavisch \u2013 ohne viel Aufwand?<span class=\"ez-toc-section-end\"><\/span><\/h3>\r\n<!-- \/wp:heading -->\r\n\r\n<!-- wp:paragraph -->\r\n<p>Leinenl\u00e4ufer, Naturgr\u00fcn, zwei Kerzen, schlichte Gl\u00e4ser. Ein warmer Holztisch r\u00e4gt das Setting. Essen, Gespr\u00e4che, Kerzenschein machen den Rest.<\/p>\r\n<!-- \/wp:paragraph -->\r\n\r\n<!-- wp:heading {\"level\":3} -->\r\n<h3><span class=\"ez-toc-section\" id=\"Was_versteht_man_unter_Hygge\"><\/span>Was versteht man unter Hygge?<span class=\"ez-toc-section-end\"><\/span><\/h3>\r\n<!-- \/wp:heading -->\r\n\r\n<!-- wp:paragraph -->\r\n<p>Hygge kommt aus D\u00e4nemark und meint gelebte Gem\u00fctlichkeit: W\u00e4rme, N\u00e4he, einfache Freude am Alltag. Sie schaffen das mit sanftem Licht, nat\u00fcrlichen Materialien und Orten, die zum Zusammenkommen einladen.<\/p>\r\n<!-- \/wp:paragraph -->\r\n\r\n<!-- wp:heading {\"level\":3} -->\r\n<h3><span class=\"ez-toc-section\" id=\"Welche_Farben_gibt_es_fuer_Weihnachten_2025\"><\/span>Welche Farben gibt es f\u00fcr Weihnachten 2025?<span class=\"ez-toc-section-end\"><\/span><\/h3>\r\n<!-- \/wp:heading -->\r\n\r\n<!-- wp:paragraph -->\r\n<p>Sanfte Erdt\u00f6ne dominieren: <strong>Sand\/Beige, Moosgr\u00fcn, Kastanienbraun<\/strong>. Akzente in <strong>Burgunder<\/strong> oder <strong>Eisblau<\/strong>, dazu ein Hauch <strong>Messing\/Gold<\/strong> f\u00fcr festlichen Glanz \u2013 ruhig, skandinavisch, zeitlos.<\/p>\r\n<!-- \/wp:paragraph -->\r\n\r\n<!-- wp:heading {\"level\":3} -->\r\n<h3><span class=\"ez-toc-section\" id=\"Was_ist_Hygge-Weihnachten\"><\/span>Was ist Hygge-Weihnachten?<span class=\"ez-toc-section-end\"><\/span><\/h3>\r\n<!-- \/wp:heading -->\r\n\r\n<!-- wp:paragraph -->\r\n<p>Ein Weihnachtsfest mit Fokus auf <strong>Geborgenheit und Entschleunigung<\/strong>. Warmes Licht, weiche Textilien und reduzierte Deko schaffen eine einladende, skandinavische Atmosph\u00e4re, in der gemeinsame Zeit wichtiger ist als Perfektion.<\/p>\r\n<!-- \/wp:paragraph -->\r\n\r\n<!-- wp:heading {\"level\":3} -->\r\n<h3><span class=\"ez-toc-section\" id=\"Welche_Moebel_passen_zum_Hygge-Weihnachten_Stil\"><\/span>Welche M\u00f6bel passen zum Hygge-Weihnachten Stil?<span class=\"ez-toc-section-end\"><\/span><\/h3>\r\n<!-- \/wp:heading -->\r\n\r\n<!-- wp:paragraph -->\r\n<p>F\u00fcr eine hyggelige Weihnachtszeit eignen sich M\u00f6bel mit klarer, weicher Linienf\u00fchrung und nat\u00fcrlichen Materialien \u2013 zum Beispiel gepolsterte Sessel mit Holzf\u00fc\u00dfen, runde Couchtische aus Eiche oder Beistelltische in organischer Form. Achten Sie auf warme T\u00f6ne, matte Oberfl\u00e4chen und eine gem\u00fctliche Haptik. Besonders harmonisch wirken M\u00f6belst\u00fccke, die Ruhe ausstrahlen und nicht zu sehr dominieren \u2013 perfekt f\u00fcr ruhige R\u00fcckzugsorte im Advent.<\/p>\r\n<!-- \/wp:paragraph -->\r\n\r\n<!-- wp:heading {\"level\":3} -->\r\n<h3><span class=\"ez-toc-section\" id=\"Kann_ich_Hygge-Weihnachten_auch_in_kleinen_Raeumen_umsetzen\"><\/span>Kann ich Hygge-Weihnachten auch in kleinen R\u00e4umen umsetzen?<span class=\"ez-toc-section-end\"><\/span><\/h3>\r\n<!-- \/wp:heading -->\r\n\r\n<!-- wp:paragraph -->\r\n<p>Absolut! Hygge ist kein Platzthema, sondern eine <strong>Frage der Atmosph\u00e4re<\/strong>. In kleinen Wohnungen oder Stadtwohnungen helfen <strong>Lichtquellen auf mehreren Ebenen<\/strong> (Fensterbank, Wand, Tisch), helle Farben und warme Textilien dabei, Weite und Behaglichkeit zu erzeugen. Wenige, liebevoll ausgew\u00e4hlte Dekoelemente statt vieler Kleinteile schaffen Ruhe \u2013 auch im kleinsten Raum.<\/p>\r\n<!-- \/wp:paragraph -->\r\n\r\n<!-- wp:heading {\"level\":3} -->\r\n<h3><span class=\"ez-toc-section\" id=\"Wie_laesst_sich_Hygge_mit_modernen_Wohnstilen_kombinieren\"><\/span>Wie l\u00e4sst sich Hygge mit modernen Wohnstilen kombinieren?<span class=\"ez-toc-section-end\"><\/span><\/h3>\r\n<!-- \/wp:heading -->\r\n\r\n<!-- wp:paragraph -->\r\n<p>Hygge lebt von Reduktion, W\u00e4rme und Echtheit \u2013 und das passt wunderbar zu modernen Wohnkonzepten. Wer minimalistisch eingerichtet ist, kann Hygge durch <strong>nat\u00fcrliche Materialien<\/strong> (z.\u202fB. Leinen, Filz, Keramik) und <strong>gezielte Lichtakzente<\/strong> erg\u00e4nzen. Statt Kontrast: Integration. Setzen Sie auf gedeckte Farben, strukturierte Oberfl\u00e4chen und handwerklich anmutende St\u00fccke.<\/p>\r\n<!-- \/wp:paragraph -->\r\n\r\n<!-- wp:heading {\"level\":3} -->\r\n<h3><span class=\"ez-toc-section\" id=\"Was_sind_sinnvolle_Geschenkideen_im_Hygge-Stil\"><\/span>Was sind sinnvolle Geschenkideen im Hygge-Stil?<span class=\"ez-toc-section-end\"><\/span><\/h3>\r\n<!-- \/wp:heading -->\r\n\r\n<!-- wp:paragraph -->\r\n<p>Pers\u00f6nliche Geschenke, die N\u00e4he und Zeit transportieren, sind ideal. Denkbar sind: handgeschriebene Briefe, selbstgemachte Pl\u00e4tzchen, Naturkosmetik, ein gutes Buch oder ein Teegeschenk-Set. Auch nachhaltige Wohnaccessoires \u2013 etwa eine wiederverwendbare Kerze oder ein kleiner Keramikkranz \u2013 sind beliebte Geschenke im Sinne von Hygge-Weihnachten.<\/p>\r\n<!-- \/wp:paragraph -->\r\n\r\n<!-- wp:heading {\"level\":3} -->\r\n<h3><span class=\"ez-toc-section\" id=\"Wie_kann_ich_Kinder_in_die_Hygge-Weihnachten_einbinden\"><\/span>Wie kann ich Kinder in die Hygge-Weihnachten einbinden?<span class=\"ez-toc-section-end\"><\/span><\/h3>\r\n<!-- \/wp:heading -->\r\n\r\n<!-- wp:paragraph -->\r\n<p>Hygge ist ideal f\u00fcr Familienfeste. Kinder k\u00f6nnen beim Backen, Basteln oder Dekorieren helfen. Einfache DIY-Ideen wie Orangenscheiben-Trockenketten, Tannenzapfen bemalen oder Mini-Kr\u00e4nze binden bringen Freude und f\u00f6rdern Achtsamkeit. Auch ein selbstgestalteter Familien-Adventskalender mit Erlebnissen statt Dingen ist besonders hyggelig.<\/p>\r\n<!-- \/wp:paragraph -->\r\n\r\n<!-- wp:heading {\"level\":3} -->\r\n<h3><span class=\"ez-toc-section\" id=\"Welche_Marken_bieten_passende_Produkte_fuer_Hygge-Weihnachten\"><\/span>Welche Marken bieten passende Produkte f\u00fcr Hygge-Weihnachten?<span class=\"ez-toc-section-end\"><\/span><\/h3>\r\n<!-- \/wp:heading -->\r\n\r\n<!-- wp:paragraph -->\r\n<p>Zu den Marken, die skandinavische W\u00e4rme und schlichte \u00c4sthetik vereinen, geh\u00f6ren <strong>ferm LIVING<\/strong>, <strong>K\u00e4hler Design<\/strong>, <strong>R\u00e4der<\/strong>, <strong>UMAGE<\/strong>, <strong>Iittala<\/strong> und <strong>Audo Copenhagen<\/strong>. Diese Marken bieten zur\u00fcckhaltende, hochwertige Weihnachtsdeko, stimmungsvolle Leuchten und liebevoll designte Wohnaccessoires, die perfekt zum Hygge-Gedanken passen.<\/p>\r\n<!-- \/wp:paragraph -->\r\n\r\n<!-- wp:heading {\"level\":3} -->\r\n<h3><span class=\"ez-toc-section\" id=\"Wie_kann_ich_Hygge-Weihnachten_nachhaltig_gestalten\"><\/span>Wie kann ich Hygge-Weihnachten nachhaltig gestalten?<span class=\"ez-toc-section-end\"><\/span><\/h3>\r\n<!-- \/wp:heading -->\r\n\r\n<!-- wp:paragraph -->\r\n<p>Setzen Sie auf wiederverwendbare Produkte aus langlebigen Materialien \u2013 z.\u202fB. <strong>Keramik statt Kunststoff<\/strong>, <strong>Stoffb\u00e4nder statt Geschenkpapier<\/strong>, <strong>LED-Kerzen mit Akkus<\/strong> oder nat\u00fcrliche DIY-Deko. Auch Secondhand-Funde oder das Wiederverwenden alter St\u00fccke aus dem Vorjahr sind hyggelige Wege zu einem bewussten Fest.<\/p>\r\n<!-- \/wp:paragraph -->\r\n\r\n<!-- wp:heading {\"level\":3} -->\r\n<h3><span class=\"ez-toc-section\" id=\"Wie_schaffe_ich_Hygge_ohne_klassische_Weihnachtsfarben\"><\/span>Wie schaffe ich Hygge ohne klassische Weihnachtsfarben?<span class=\"ez-toc-section-end\"><\/span><\/h3>\r\n<!-- \/wp:heading -->\r\n\r\n<!-- wp:paragraph -->\r\n<p>Hygge-Weihnachten lebt nicht von Rot und Gold, sondern von sanften, nat\u00fcrlichen T\u00f6nen. Greige, Tannengr\u00fcn, Sand oder Beere wirken ruhig und modern. Kombinieren Sie verschiedene Naturmaterialien \u2013 z.\u202fB. Leinen, Holz, Keramik \u2013 und setzen Sie auf warme Lichtquellen. So entsteht ein stimmiges, aber individuelles Weihnachtsbild.<\/p>\r\n<!-- \/wp:paragraph -->\r\n\r\n<!-- wp:buttons {\"layout\":{\"type\":\"flex\",\"justifyContent\":\"center\"}} -->\r\n<div class=\"wp-block-buttons\"><!-- wp:button -->\r\n<div class=\"wp-block-button\"><a class=\"wp-block-button__link has-cyan-bluish-gray-background-color has-background wp-element-button\" style=\"background-color: #b8a490 !important;\" href=\"https:\/\/www.raum-blick.de\/\"> Jetzt Hygge-Weihnachten kreieren mit RAUM-BLICK <\/a><\/div>\r\n<!-- \/wp:button --><\/div>\r\n<!-- \/wp:buttons --><\/p>","protected":false},"excerpt":{"rendered":"<p>\u00ab Gem\u00fctliche, skandinavische Dekoideen f\u00fcr Ihr Zuhause \u00bb Hygge-Weihnachten hei\u00dft: ankommen, durchatmen, nah bei den Lieblingsmenschen sein. Statt Deko-Overload setzen wir bei RAUM-BLICK auf warmes Licht, nat\u00fcrliche Materialien und wenige, gut ausgew\u00e4hlte St\u00fccke. So entsteht eine ruhige, skandinavische Weihnachtsdeko, die Geborgenheit vermittelt \u2013 ohne Kitsch, ohne Hektik. Weihnachts-Hygge sp\u00fcren: Was z\u00e4hlt \u2013 und was bleiben [&hellip;]<\/p>\n","protected":false},"author":4,"featured_media":22308,"comment_status":"closed","ping_status":"open","sticky":false,"template":"","format":"standard","meta":{"_et_pb_use_builder":"","_et_pb_old_content":"","_et_gb_content_width":"","inline_featured_image":false,"footnotes":""},"categories":[7,1,2315],"tags":[],"class_list":["post-22290","post","type-post","status-publish","format-standard","has-post-thumbnail","hentry","category-accessoires-lifestyle","category-drinnen","category-informativ"],"_links":{"self":[{"href":"https:\/\/raum-blick.de\/magazin\/wp-json\/wp\/v2\/posts\/22290","targetHints":{"allow":["GET"]}}],"collection":[{"href":"https:\/\/raum-blick.de\/magazin\/wp-json\/wp\/v2\/posts"}],"about":[{"href":"https:\/\/raum-blick.de\/magazin\/wp-json\/wp\/v2\/types\/post"}],"author":[{"embeddable":true,"href":"https:\/\/raum-blick.de\/magazin\/wp-json\/wp\/v2\/users\/4"}],"replies":[{"embeddable":true,"href":"https:\/\/raum-blick.de\/magazin\/wp-json\/wp\/v2\/comments?post=22290"}],"version-history":[{"count":18,"href":"https:\/\/raum-blick.de\/magazin\/wp-json\/wp\/v2\/posts\/22290\/revisions"}],"predecessor-version":[{"id":22729,"href":"https:\/\/raum-blick.de\/magazin\/wp-json\/wp\/v2\/posts\/22290\/revisions\/22729"}],"wp:featuredmedia":[{"embeddable":true,"href":"https:\/\/raum-blick.de\/magazin\/wp-json\/wp\/v2\/media\/22308"}],"wp:attachment":[{"href":"https:\/\/raum-blick.de\/magazin\/wp-json\/wp\/v2\/media?parent=22290"}],"wp:term":[{"taxonomy":"category","embeddable":true,"href":"https:\/\/raum-blick.de\/magazin\/wp-json\/wp\/v2\/categories?post=22290"},{"taxonomy":"post_tag","embeddable":true,"href":"https:\/\/raum-blick.de\/magazin\/wp-json\/wp\/v2\/tags?post=22290"}],"curies":[{"name":"wp","href":"https:\/\/api.w.org\/{rel}","templated":true}]}}