{"id":22197,"date":"2025-10-24T08:31:00","date_gmt":"2025-10-24T06:31:00","guid":{"rendered":"https:\/\/www.raum-blick.de\/magazin\/?p=22197"},"modified":"2025-10-17T08:32:11","modified_gmt":"2025-10-17T06:32:11","slug":"herbstdekoration-inspierierend-stilvoll-magisch","status":"publish","type":"post","link":"https:\/\/raum-blick.de\/magazin\/herbstdekoration-inspierierend-stilvoll-magisch\/","title":{"rendered":"Touch of Gold ? Zeit f\u00fcr zauberhafte Herbstdekoration"},"content":{"rendered":"\n<h1 class=\"wp-block-heading\"><span class=\"ez-toc-section\" id=\"%C2%AB_Warm_welcome_fuer_cosy_Styles_%C2%BB\"><\/span>\u00ab Warm welcome f\u00fcr cosy Styles \u00bb<span class=\"ez-toc-section-end\"><\/span><\/h1>\n\n\n\n<p><strong>Wenn sich die Bl\u00e4tter f\u00e4rben, die Luft morgens frisch und klar ist und das Licht sanft golden durch die B\u00e4ume f\u00e4llt, beginnt eine Zeit voller Magie: der Herbst. Drinnen knistert vielleicht schon das erste Feuer, drau\u00dfen raschelt das Laub unter den F\u00fc\u00dfen. Jetzt sehnen wir uns nach warmen Farben und liebevollen Details. Mit einer harmonischen Herbstdekoration verwandelt sich Ihr Zuhause in einen R\u00fcckzugsort, in dem Sie die Sch\u00f6nheit der Jahreszeit nicht nur durch das Fenster betrachten, sondern direkt in Ihre R\u00e4ume holen.<\/strong><\/p>\n\n\n\n<figure class=\"wp-block-image size-large\"><a href=\"https:\/\/www.raum-blick.de\/dekoration\/\"><img loading=\"lazy\" decoding=\"async\" width=\"1024\" height=\"1024\" src=\"https:\/\/www.raum-blick.de\/magazin\/wp-content\/uploads\/2025\/10\/olesia-buiar-ADqCo5M6IRc-unsplash-1024x1024.jpg\" alt=\"Herbstdekoration geht ganz easy: mit Bl\u00e4ttern und Bl\u00fcten. \" class=\"wp-image-22222\" title=\"\" srcset=\"https:\/\/raum-blick.de\/magazin\/wp-content\/uploads\/2025\/10\/olesia-buiar-ADqCo5M6IRc-unsplash-1024x1024.jpg 1024w, https:\/\/raum-blick.de\/magazin\/wp-content\/uploads\/2025\/10\/olesia-buiar-ADqCo5M6IRc-unsplash-300x300.jpg 300w, https:\/\/raum-blick.de\/magazin\/wp-content\/uploads\/2025\/10\/olesia-buiar-ADqCo5M6IRc-unsplash-150x150.jpg 150w, https:\/\/raum-blick.de\/magazin\/wp-content\/uploads\/2025\/10\/olesia-buiar-ADqCo5M6IRc-unsplash-768x768.jpg 768w, https:\/\/raum-blick.de\/magazin\/wp-content\/uploads\/2025\/10\/olesia-buiar-ADqCo5M6IRc-unsplash-1536x1536.jpg 1536w, https:\/\/raum-blick.de\/magazin\/wp-content\/uploads\/2025\/10\/olesia-buiar-ADqCo5M6IRc-unsplash-2048x2048.jpg 2048w\" sizes=\"(max-width: 1024px) 100vw, 1024px\" \/><\/a><figcaption class=\"wp-element-caption\"><em>Der Herbst ist da und es braucht gar nicht viele Zutaten, um sich&#8217;s drinnen und drau\u00dfen so richtig gem\u00fctlich zu machen. Lassen Sie sich einfach von der Natur inspirieren und von unseren Ideen.<\/em>    Foto: Olesia Buiar \/ unsplash.com<\/figcaption><\/figure>\n\n\n\n<h2 class=\"wp-block-heading\"><span class=\"ez-toc-section\" id=\"Herbstdekoration_fuer_Magic_Moments\"><\/span>Herbstdekoration f\u00fcr Magic Moments<span class=\"ez-toc-section-end\"><\/span><\/h2>\n\n\n\n<p>Es kann schon ganz sch\u00f6n ungem\u00fctlich werden im Herbst. Und je k\u00e4lter es drau\u00dfen wird, desto mehr m\u00f6chten wir uns drinnen wohlf\u00fchlen. Da hat die Herbstdekoration nat\u00fcrlich einen entscheidenden Einfluss. Damit am Ende alles passt und wir das magische Farbenspiel auch in unseren vier W\u00e4nden haben, braucht es f\u00fcr eine gelungene Herbstdekoration drei Dinge:&nbsp;<strong>Stimmung, Nat\u00fcrlichkeit und Individualit\u00e4t<\/strong>.&nbsp;<\/p><div id=\"ez-toc-container\" class=\"ez-toc-v2_0_82_2 counter-hierarchy ez-toc-counter ez-toc-grey ez-toc-container-direction\">\n<div class=\"ez-toc-title-container\">\n<p class=\"ez-toc-title\" style=\"cursor:inherit\">Was hier auf Sie wartet<\/p>\n<span class=\"ez-toc-title-toggle\"><a href=\"#\" class=\"ez-toc-pull-right ez-toc-btn ez-toc-btn-xs ez-toc-btn-default ez-toc-toggle\" aria-label=\"Toggle Table of Content\"><span class=\"ez-toc-js-icon-con\"><span class=\"\"><span class=\"eztoc-hide\" style=\"display:none;\">Toggle<\/span><span class=\"ez-toc-icon-toggle-span\"><svg style=\"fill: #999;color:#999\" xmlns=\"http:\/\/www.w3.org\/2000\/svg\" class=\"list-377408\" width=\"20px\" height=\"20px\" viewBox=\"0 0 24 24\" fill=\"none\"><path d=\"M6 6H4v2h2V6zm14 0H8v2h12V6zM4 11h2v2H4v-2zm16 0H8v2h12v-2zM4 16h2v2H4v-2zm16 0H8v2h12v-2z\" fill=\"currentColor\"><\/path><\/svg><svg style=\"fill: #999;color:#999\" class=\"arrow-unsorted-368013\" xmlns=\"http:\/\/www.w3.org\/2000\/svg\" width=\"10px\" height=\"10px\" viewBox=\"0 0 24 24\" version=\"1.2\" baseProfile=\"tiny\"><path d=\"M18.2 9.3l-6.2-6.3-6.2 6.3c-.2.2-.3.4-.3.7s.1.5.3.7c.2.2.4.3.7.3h11c.3 0 .5-.1.7-.3.2-.2.3-.5.3-.7s-.1-.5-.3-.7zM5.8 14.7l6.2 6.3 6.2-6.3c.2-.2.3-.5.3-.7s-.1-.5-.3-.7c-.2-.2-.4-.3-.7-.3h-11c-.3 0-.5.1-.7.3-.2.2-.3.5-.3.7s.1.5.3.7z\"\/><\/svg><\/span><\/span><\/span><\/a><\/span><\/div>\n<nav><ul class='ez-toc-list ez-toc-list-level-1 ' ><li class='ez-toc-page-1 ez-toc-heading-level-1'><a class=\"ez-toc-link ez-toc-heading-1\" href=\"https:\/\/raum-blick.de\/magazin\/herbstdekoration-inspierierend-stilvoll-magisch\/#%C2%AB_Warm_welcome_fuer_cosy_Styles_%C2%BB\" >\u00ab Warm welcome f\u00fcr cosy Styles \u00bb<\/a><ul class='ez-toc-list-level-2' ><li class='ez-toc-heading-level-2'><a class=\"ez-toc-link ez-toc-heading-2\" href=\"https:\/\/raum-blick.de\/magazin\/herbstdekoration-inspierierend-stilvoll-magisch\/#Herbstdekoration_fuer_Magic_Moments\" >Herbstdekoration f\u00fcr Magic Moments<\/a><ul class='ez-toc-list-level-3' ><li class='ez-toc-heading-level-3'><a class=\"ez-toc-link ez-toc-heading-3\" href=\"https:\/\/raum-blick.de\/magazin\/herbstdekoration-inspierierend-stilvoll-magisch\/#1_Farben_Goldene_Toene_warme_Nuancen_%E2%80%93_einfach_gemuetlich\" >#1 Farben: Goldene T\u00f6ne &amp; warme Nuancen \u2013 einfach gem\u00fctlich<\/a><\/li><li class='ez-toc-page-1 ez-toc-heading-level-3'><a class=\"ez-toc-link ez-toc-heading-4\" href=\"https:\/\/raum-blick.de\/magazin\/herbstdekoration-inspierierend-stilvoll-magisch\/#2_Ihr_Eingangsbereich_%E2%80%93_der_Herbstdekoration_Starter\" >#2 Ihr Eingangsbereich \u2013 der Herbstdekoration Starter<\/a><\/li><li class='ez-toc-page-1 ez-toc-heading-level-3'><a class=\"ez-toc-link ez-toc-heading-5\" href=\"https:\/\/raum-blick.de\/magazin\/herbstdekoration-inspierierend-stilvoll-magisch\/#3_Herbstklopfen_in_Wohn-_Esszimmer\" >#3 Herbstklopfen in Wohn- &amp; Esszimmer<\/a><\/li><li class='ez-toc-page-1 ez-toc-heading-level-3'><a class=\"ez-toc-link ez-toc-heading-6\" href=\"https:\/\/raum-blick.de\/magazin\/herbstdekoration-inspierierend-stilvoll-magisch\/#4_Herbstglanz_fuer_Balkon_Terrasse\" >#4 Herbstglanz f\u00fcr Balkon &amp; Terrasse<\/a><\/li><li class='ez-toc-page-1 ez-toc-heading-level-3'><a class=\"ez-toc-link ez-toc-heading-7\" href=\"https:\/\/raum-blick.de\/magazin\/herbstdekoration-inspierierend-stilvoll-magisch\/#5_So_hat_der_Herbst-Blues_keine_Chance\" >#5 So hat der Herbst-Blues keine Chance!&nbsp;<\/a><\/li><li class='ez-toc-page-1 ez-toc-heading-level-3'><a class=\"ez-toc-link ez-toc-heading-8\" href=\"https:\/\/raum-blick.de\/magazin\/herbstdekoration-inspierierend-stilvoll-magisch\/#6_Herbstdekoration_schoen_nachhaltig\" >#6 Herbstdekoration sch\u00f6n nachhaltig<\/a><\/li><\/ul><\/li><li class='ez-toc-page-1 ez-toc-heading-level-2'><a class=\"ez-toc-link ez-toc-heading-9\" href=\"https:\/\/raum-blick.de\/magazin\/herbstdekoration-inspierierend-stilvoll-magisch\/#Haeufig_gestellte_Fragen_FAQs_%E2%80%93_Herbstdekoration\" >H\u00e4ufig gestellte Fragen (FAQs) \u2013 Herbstdekoration<\/a><\/li><\/ul><\/li><\/ul><\/nav><\/div>\n\n\n\n\n<p>Wie Sie dieses Trio bei sich zu Hause einziehen lassen? Indem Sie Akzente setzen, die W\u00e4rme und Harmonie ausstrahlen. Beispielsweise mit Naturmaterialien wie Holz, Rattan oder Keramik, die erden und mit sanften Lichtquellen, die f\u00fcr Atmosph\u00e4re sorgen. Besonders sch\u00f6n: Wenn die Accessoires kleine Geschichten erz\u00e4hlen. Ein herbstliches Stillleben aus K\u00fcrbissen, Windlichtern und einem weichen Kissen etwa, das zum Verweilen einl\u00e4dt.<\/p>\n\n\n\n<h3 class=\"wp-block-heading\"><span class=\"ez-toc-section\" id=\"1_Farben_Goldene_Toene_warme_Nuancen_%E2%80%93_einfach_gemuetlich\"><\/span>#1 Farben: Goldene T\u00f6ne &amp; warme Nuancen \u2013 einfach gem\u00fctlich<span class=\"ez-toc-section-end\"><\/span><\/h3>\n\n\n\n<p>Im Herbst dreht sich alles um warme Momente. Vom Duft eines frisch gebackenen Apfelkuchens bis hin zu den Farben, die genau dieses Gef\u00fchl transportieren.&nbsp;<strong>Tiefes Rostrot, sanftes Senfgelb, erdiges Braun und warmes Orange<\/strong>&nbsp;geh\u00f6ren zu den Farb-Klassikern des Herbstes. Gerade Orange in all seinen Varianten bringt Licht in die langen Wintermonate.&nbsp;<\/p>\n\n\n\n<p>Und die diversen Braun-Nuancen sind echte \u201eLeckerbissen\u201c. Sie erinnern immer irgendwie sofort an Schokolade, die ja bekanntlich reich an Serotonin ist. Das Gl\u00fcckshormon, das uns jede Menge Freude bringt. Das luxuri\u00f6seste Duo diesen Herbst? Kaffeebraun und Waldbeere.\u00a0<\/p>\n\n\n\n<p>Doch auch gedeckte Farben finden bei der Herbstdekoration ihren Platz: Beige, Greige oder warmes Grau. Sie schaffen elegante Kontraste zu satten Herbstt\u00f6nen und sind weder langweilig noch trist, sondern einfach ausgesprochen schick.<\/p>\n\n\n\n<p>Abgesehen von Tee, Kerzen und Decken sind diese beiden gem\u00fctlichen Herbstfarben-Bringer in Kunstfell-Optik jetzt w\u00e4rmstens zu empfehlen:<\/p>\n\n\n\n<p>Die<a href=\"https:\/\/www.raum-blick.de\/pad-flair-kissenhuelle\"><strong>\u00a0luxuri\u00f6se pad Flair Kissenh\u00fclle<\/strong><\/a>\u00a0ist ein echter Handschmeichler. Weich und mit einer unvergleichlichen Haptik ist sie der perfekte Begleiter f\u00fcr herbstliche Abende. Ob schmal oder quadratisch, Grau, Beige, Wei\u00df oder Natural, Pad Flair \u00fcberzeugt als dekoratives Sofa- genauso wie als kuscheliges Schlafkissen.<\/p>\n\n\n\n<figure class=\"wp-block-gallery has-nested-images columns-default is-cropped wp-block-gallery-2 is-layout-flex wp-block-gallery-is-layout-flex\">\n<figure class=\"wp-block-image size-large\"><a href=\"https:\/\/www.raum-blick.de\/pad-flair-kissenhuelle\"><img loading=\"lazy\" decoding=\"async\" width=\"1024\" height=\"1024\" data-id=\"22220\" src=\"https:\/\/www.raum-blick.de\/magazin\/wp-content\/uploads\/2025\/10\/pad-Flair-Kissen-30x50-natural_102541-1024x1024.jpg\" alt=\"Pad Flair Kissenh\u00fclle schmal in Natural.\" class=\"wp-image-22220\" title=\"\" srcset=\"https:\/\/raum-blick.de\/magazin\/wp-content\/uploads\/2025\/10\/pad-Flair-Kissen-30x50-natural_102541-1024x1024.jpg 1024w, https:\/\/raum-blick.de\/magazin\/wp-content\/uploads\/2025\/10\/pad-Flair-Kissen-30x50-natural_102541-300x300.jpg 300w, https:\/\/raum-blick.de\/magazin\/wp-content\/uploads\/2025\/10\/pad-Flair-Kissen-30x50-natural_102541-150x150.jpg 150w, https:\/\/raum-blick.de\/magazin\/wp-content\/uploads\/2025\/10\/pad-Flair-Kissen-30x50-natural_102541-768x768.jpg 768w, https:\/\/raum-blick.de\/magazin\/wp-content\/uploads\/2025\/10\/pad-Flair-Kissen-30x50-natural_102541.jpg 1500w\" sizes=\"(max-width: 1024px) 100vw, 1024px\" \/><\/a><\/figure>\n\n\n\n<figure class=\"wp-block-image size-large\"><a href=\"https:\/\/www.raum-blick.de\/pad-flair-kissenhuelle\"><img loading=\"lazy\" decoding=\"async\" width=\"1024\" height=\"1024\" data-id=\"22221\" src=\"https:\/\/www.raum-blick.de\/magazin\/wp-content\/uploads\/2025\/10\/pad-Flair-Kissen-45x45-stone_102546-1024x1024.jpg\" alt=\"Pad Flair Kissenh\u00fclle quadratisch in Grau.\" class=\"wp-image-22221\" title=\"\" srcset=\"https:\/\/raum-blick.de\/magazin\/wp-content\/uploads\/2025\/10\/pad-Flair-Kissen-45x45-stone_102546-1024x1024.jpg 1024w, https:\/\/raum-blick.de\/magazin\/wp-content\/uploads\/2025\/10\/pad-Flair-Kissen-45x45-stone_102546-300x300.jpg 300w, https:\/\/raum-blick.de\/magazin\/wp-content\/uploads\/2025\/10\/pad-Flair-Kissen-45x45-stone_102546-150x150.jpg 150w, https:\/\/raum-blick.de\/magazin\/wp-content\/uploads\/2025\/10\/pad-Flair-Kissen-45x45-stone_102546-768x768.jpg 768w, https:\/\/raum-blick.de\/magazin\/wp-content\/uploads\/2025\/10\/pad-Flair-Kissen-45x45-stone_102546.jpg 1500w\" sizes=\"(max-width: 1024px) 100vw, 1024px\" \/><\/a><\/figure>\n<figcaption class=\"blocks-gallery-caption wp-element-caption\"><em>Die <span style=\"font-family: &quot;Helvetica Neue&quot;;\">Pad Flair Kissenh\u00fclle: ein kuscheliger Hingucker in warmen Herbstfarben.<\/span> In zwei Gr\u00f6\u00dfen erh\u00e4ltlich. <\/em><\/figcaption><\/figure>\n\n\n\n<p>Elegant und zeitlos wie sie ist, passt die\u00a0<a href=\"https:\/\/www.raum-blick.de\/pad-evita-kissenhuelle\"><strong>kuschelweiche pad Evita Kissenh\u00fclle<\/strong><\/a><strong>\u00a0<\/strong>Made in Europe zu klassischen genauso gut wie zu modernen Einrichtungswelten. Die Farbpalette reicht dabei von knalligem Gr\u00fcn und Pink \u00fcber sattes Lila bis zu Geht-immer-Schwarz.\u00a0<\/p>\n\n\n\n<figure class=\"wp-block-gallery has-nested-images columns-default is-cropped wp-block-gallery-3 is-layout-flex wp-block-gallery-is-layout-flex\">\n<figure class=\"wp-block-image size-large\"><a href=\"https:\/\/www.raum-blick.de\/pad-evita-kissenhuelle\"><img loading=\"lazy\" decoding=\"async\" width=\"1024\" height=\"1024\" data-id=\"22218\" src=\"https:\/\/www.raum-blick.de\/magazin\/wp-content\/uploads\/2025\/10\/pad-Evita-Kssenhuelle-35x60-pink_102528-1024x1024.jpg\" alt=\"Schmale Pad Evita Kissenh\u00fclle in Pink. Setzt Akzente in der Herbstdekoration.\" class=\"wp-image-22218\" title=\"\" srcset=\"https:\/\/raum-blick.de\/magazin\/wp-content\/uploads\/2025\/10\/pad-Evita-Kssenhuelle-35x60-pink_102528-1024x1024.jpg 1024w, https:\/\/raum-blick.de\/magazin\/wp-content\/uploads\/2025\/10\/pad-Evita-Kssenhuelle-35x60-pink_102528-300x300.jpg 300w, https:\/\/raum-blick.de\/magazin\/wp-content\/uploads\/2025\/10\/pad-Evita-Kssenhuelle-35x60-pink_102528-150x150.jpg 150w, https:\/\/raum-blick.de\/magazin\/wp-content\/uploads\/2025\/10\/pad-Evita-Kssenhuelle-35x60-pink_102528-768x768.jpg 768w, https:\/\/raum-blick.de\/magazin\/wp-content\/uploads\/2025\/10\/pad-Evita-Kssenhuelle-35x60-pink_102528.jpg 1500w\" sizes=\"(max-width: 1024px) 100vw, 1024px\" \/><\/a><\/figure>\n\n\n\n<figure class=\"wp-block-image size-large\"><a href=\"https:\/\/www.raum-blick.de\/pad-evita-kissenhuelle\"><img loading=\"lazy\" decoding=\"async\" width=\"1024\" height=\"1024\" data-id=\"22216\" src=\"https:\/\/www.raum-blick.de\/magazin\/wp-content\/uploads\/2025\/10\/pad-Evita-Kssenhuelle-45x45-lila_102533-1024x1024.jpg\" alt=\"In Lila bringt die quadratische Pad Evita Kissenh\u00fclle einen Klecks Farbe in jeden Raum.\" class=\"wp-image-22216\" title=\"\" srcset=\"https:\/\/raum-blick.de\/magazin\/wp-content\/uploads\/2025\/10\/pad-Evita-Kssenhuelle-45x45-lila_102533-1024x1024.jpg 1024w, https:\/\/raum-blick.de\/magazin\/wp-content\/uploads\/2025\/10\/pad-Evita-Kssenhuelle-45x45-lila_102533-300x300.jpg 300w, https:\/\/raum-blick.de\/magazin\/wp-content\/uploads\/2025\/10\/pad-Evita-Kssenhuelle-45x45-lila_102533-150x150.jpg 150w, https:\/\/raum-blick.de\/magazin\/wp-content\/uploads\/2025\/10\/pad-Evita-Kssenhuelle-45x45-lila_102533-768x768.jpg 768w, https:\/\/raum-blick.de\/magazin\/wp-content\/uploads\/2025\/10\/pad-Evita-Kssenhuelle-45x45-lila_102533.jpg 1500w\" sizes=\"(max-width: 1024px) 100vw, 1024px\" \/><\/a><\/figure>\n\n\n\n<figure class=\"wp-block-image size-large\"><a href=\"https:\/\/www.raum-blick.de\/pad-evita-kissenhuelle\"><img loading=\"lazy\" decoding=\"async\" width=\"1024\" height=\"1024\" data-id=\"22217\" src=\"https:\/\/www.raum-blick.de\/magazin\/wp-content\/uploads\/2025\/10\/pad-Evita-Kssenhuelle-35x60-gruen_102525-1024x1024.jpg\" alt=\"Das wundervolle Gr\u00fcn der Pad Evita Kissenh\u00fclle leuchtet mit dem Herbstlaub um die Wette. \" class=\"wp-image-22217\" title=\"\" srcset=\"https:\/\/raum-blick.de\/magazin\/wp-content\/uploads\/2025\/10\/pad-Evita-Kssenhuelle-35x60-gruen_102525-1024x1024.jpg 1024w, https:\/\/raum-blick.de\/magazin\/wp-content\/uploads\/2025\/10\/pad-Evita-Kssenhuelle-35x60-gruen_102525-300x300.jpg 300w, https:\/\/raum-blick.de\/magazin\/wp-content\/uploads\/2025\/10\/pad-Evita-Kssenhuelle-35x60-gruen_102525-150x150.jpg 150w, https:\/\/raum-blick.de\/magazin\/wp-content\/uploads\/2025\/10\/pad-Evita-Kssenhuelle-35x60-gruen_102525-768x768.jpg 768w, https:\/\/raum-blick.de\/magazin\/wp-content\/uploads\/2025\/10\/pad-Evita-Kssenhuelle-35x60-gruen_102525.jpg 1500w\" sizes=\"(max-width: 1024px) 100vw, 1024px\" \/><\/a><\/figure>\n<figcaption class=\"blocks-gallery-caption wp-element-caption\"><em>Mit der pad Evita Kissenh\u00fclle wird Ihr Zuhause gleich noch einen Tick wohnlicher. Und nicht nur der Stoff ist einfach der Knaller, sondern auch die Haptik. Unvergleichlich weich!<\/em><\/figcaption><\/figure>\n\n\n\n<p>Der Kuschel- und Gem\u00fctlichkeitsfaktor ist bei diesen Herbstdekoration-Accessoires auf alle F\u00e4lle extrem hoch. Also am besten gleich bestellen. Kissen haben ja nicht nur im Herbst Saison.<\/p>\n\n\n\n<h3 class=\"wp-block-heading\"><span class=\"ez-toc-section\" id=\"2_Ihr_Eingangsbereich_%E2%80%93_der_Herbstdekoration_Starter\"><\/span>#2 Ihr Eingangsbereich \u2013 der Herbstdekoration Starter<span class=\"ez-toc-section-end\"><\/span><\/h3>\n\n\n\n<p>Hereinspaziert! Hei\u00dfen Sie Ihre G\u00e4ste herbstlich willkommen. Denn der erste Eindruck z\u00e4hlt. Und der beginnt nicht erst, wenn sie schon im Flur stehen, sondern bereits vor der Haust\u00fcr. Abgesehen davon, dass auch Sie sich jedes Mal freuen werden, wenn Sie nach Hause kommen.&nbsp;<strong>Die dekorativen Windlichter, die verschieden gro\u00dfen K\u00fcrbisse und der Kranz aus Hagebutten oder Trockenblumen<\/strong>&nbsp;\u2013 das hat einfach Flair.&nbsp;<\/p>\n\n\n\n<p>F\u00fcr das heimische Hygge-Gl\u00fcck braucht es also gar nicht viel. Wie immer kommt es auf die richtige Mischung an. Ob Sie bei der Herbstdekoration auf Flower-Power setzen oder lieber auf die beim Waldspaziergang gesammelten Zapfen, Eicheln oder Kastanien, das h\u00e4ngt ganz davon ab, was f\u00fcr Sie cosy ist. Hauptsache, es ist alles nat\u00fcrlich.<\/p>\n\n\n\n<p>K\u00fcrbisse geh\u00f6ren in puncto Eingangsbereich-Deko-Piece jedenfalls nach wie vor zu den Must-haves. Nicht nur an Halloween. Und egal ob Ziervariante, echte Frucht oder aus schimmerndem Samt, die runden Gute-Laune-Macher verbreiten sofort einen Hauch Glamour und sorgen f\u00fcr ein L\u00e4cheln um die Mundwinkel.&nbsp;<\/p>\n\n\n\n<p>Ein echter Dauerbrenner sind nat\u00fcrlich auch Windlichter, Laternen und Lichterketten. Sie schaffen drinnen wie drau\u00dfen eine einladende Atmosph\u00e4re voller Behaglichkeit. Kein Wunder, warmes Kerzenlicht ist ja auch DER (Stimmungs-)Aufheller.&nbsp;<\/p>\n\n\n\n<p>F\u00fcr die Extraportion hyggeliges Herbstdekoration-Feeling braucht es im Entree dann nur noch die passenden Textilien wie stylishe Statement-Fu\u00dfmatten, kuschelige Decken und flauschige Felle. Et voil\u00e0: Pure Willkommensfreude.<\/p>\n\n\n\n<p>Die stellt sich auch mit dem&nbsp;<a href=\"https:\/\/www.raum-blick.de\/guaxs-windlicht-aran\"><strong>handgefertigten<\/strong>&nbsp;<strong>Guaxs Windlicht Aran<\/strong><\/a><strong>&nbsp;<\/strong>schnell ein. Das Glas ist mundgeblasen, von Hand geschliffen und aus nachhaltigem Material. Der Korpus sitzt auf einem wundersch\u00f6n gemaserten Fu\u00df aus Walnussholz. Dabei hat jedes St\u00fcck seinen eigenen Charakter und keines gleicht dem anderen. Aber jedes ist ein Highlight, das eine wohlig-warme Stimmung verbreitet. Eine Design-Ikone Made in Germany, die mit Schlichtheit und meisterlicher Verarbeitung \u00fcberzeugt.<\/p>\n\n\n\n<figure class=\"wp-block-gallery has-nested-images columns-default is-cropped wp-block-gallery-4 is-layout-flex wp-block-gallery-is-layout-flex\">\n<figure class=\"wp-block-image size-large\"><a href=\"https:\/\/www.raum-blick.de\/guaxs-windlicht-aran\"><img loading=\"lazy\" decoding=\"async\" width=\"1024\" height=\"1024\" data-id=\"22215\" src=\"https:\/\/www.raum-blick.de\/magazin\/wp-content\/uploads\/2025\/10\/guaxs-aran-laterne-windlicht-glas_73766BbIkJpmAD6VHi-1024x1024.jpg\" alt=\"Ein edles Windlicht wie das Guaxs \nAran darf in der Herbstdekoration nicht fehlen.\" class=\"wp-image-22215\" title=\"\" srcset=\"https:\/\/raum-blick.de\/magazin\/wp-content\/uploads\/2025\/10\/guaxs-aran-laterne-windlicht-glas_73766BbIkJpmAD6VHi-1024x1024.jpg 1024w, https:\/\/raum-blick.de\/magazin\/wp-content\/uploads\/2025\/10\/guaxs-aran-laterne-windlicht-glas_73766BbIkJpmAD6VHi-300x300.jpg 300w, https:\/\/raum-blick.de\/magazin\/wp-content\/uploads\/2025\/10\/guaxs-aran-laterne-windlicht-glas_73766BbIkJpmAD6VHi-150x150.jpg 150w, https:\/\/raum-blick.de\/magazin\/wp-content\/uploads\/2025\/10\/guaxs-aran-laterne-windlicht-glas_73766BbIkJpmAD6VHi-768x768.jpg 768w, https:\/\/raum-blick.de\/magazin\/wp-content\/uploads\/2025\/10\/guaxs-aran-laterne-windlicht-glas_73766BbIkJpmAD6VHi.jpg 1500w\" sizes=\"(max-width: 1024px) 100vw, 1024px\" \/><\/a><\/figure>\n\n\n\n<figure class=\"wp-block-image size-large\"><a href=\"https:\/\/www.raum-blick.de\/guaxs-windlicht-aran\"><img loading=\"lazy\" decoding=\"async\" width=\"1024\" height=\"1024\" data-id=\"22214\" src=\"https:\/\/www.raum-blick.de\/magazin\/wp-content\/uploads\/2025\/10\/guaxs-aran-laterne-dunkel-indigo-ambiente_88708-1024x1024.jpg\" alt=\"Dunkles Glas und warmer Kerzenschein. Das Guaxs Aran Windlicht ist die perfekte Herbstdekoration.\" class=\"wp-image-22214\" title=\"\" srcset=\"https:\/\/raum-blick.de\/magazin\/wp-content\/uploads\/2025\/10\/guaxs-aran-laterne-dunkel-indigo-ambiente_88708-1024x1024.jpg 1024w, https:\/\/raum-blick.de\/magazin\/wp-content\/uploads\/2025\/10\/guaxs-aran-laterne-dunkel-indigo-ambiente_88708-300x300.jpg 300w, https:\/\/raum-blick.de\/magazin\/wp-content\/uploads\/2025\/10\/guaxs-aran-laterne-dunkel-indigo-ambiente_88708-150x150.jpg 150w, https:\/\/raum-blick.de\/magazin\/wp-content\/uploads\/2025\/10\/guaxs-aran-laterne-dunkel-indigo-ambiente_88708-768x768.jpg 768w, https:\/\/raum-blick.de\/magazin\/wp-content\/uploads\/2025\/10\/guaxs-aran-laterne-dunkel-indigo-ambiente_88708.jpg 1500w\" sizes=\"(max-width: 1024px) 100vw, 1024px\" \/><\/a><\/figure>\n<figcaption class=\"blocks-gallery-caption wp-element-caption\"><em>Egal in welcher Farbe und in welcher Gr\u00f6\u00dfe, das warme Licht des handgeschliffenen Guaxs Windlicht Aran bringt uns sofort in Stimmung. Produziert wird in exklusiven Glasmanufakturen in Deutschland und jedes Windlicht ist ein Unikat.<\/em><\/figcaption><\/figure>\n\n\n\n<h3 class=\"wp-block-heading\"><span class=\"ez-toc-section\" id=\"3_Herbstklopfen_in_Wohn-_Esszimmer\"><\/span>#3 Herbstklopfen in Wohn- &amp; Esszimmer<span class=\"ez-toc-section-end\"><\/span><\/h3>\n\n\n\n<p>Das Wohnzimmer ist das Herzst\u00fcck f\u00fcr herbstliche Wohlf\u00fchlmomente: Ein weicher Teppich unter den F\u00fc\u00dfen, der Duft von Tee aus einer dampfenden Tasse, w\u00e4hrend drau\u00dfen die Bl\u00e4tter im Wind tanzen. Im Esszimmer klirrt das Besteck, Kerzenlicht bricht sich im Glas \u2013 die perfekte B\u00fchne f\u00fcr gesellige Abende.&nbsp;<\/p>\n\n\n\n<p><strong>Wohnzimmer-Highlight:<\/strong>&nbsp;Ein Tablett mit bunten Kerzen &nbsp;auf dem Couchtisch. Dazu ein Windlicht oder eine skulpturale Tischleuchte und Sie haben einen wundervollen Ruhepol geschaffen, der herrlich besinnlich und anziehend wirkt.&nbsp;<\/p>\n\n\n\n<p><strong>? Unsere Tischleuchten-Empfehlung: die&nbsp;<\/strong><a href=\"https:\/\/www.raum-blick.de\/ferm-living-burl-tischleuchte\"><strong>elegante Ferm Living Burl.&nbsp;<\/strong><\/a>Ihre organische Form wirkt wie ein St\u00fcck Natur, das sich wie selbstverst\u00e4ndlich in das Interieur geschmuggelt hat. Das vielseitige Lichtobjekt taucht die R\u00e4ume in sanftes Licht und besticht mit handwerklicher Qualit\u00e4t, Design-\u00c4sthetik und Nachhaltigkeit.<\/p>\n\n\n\n<figure class=\"wp-block-image size-large\"><a href=\"https:\/\/www.raum-blick.de\/ferm-living-burl-tischleuchte\"><img loading=\"lazy\" decoding=\"async\" width=\"1024\" height=\"1024\" src=\"https:\/\/www.raum-blick.de\/magazin\/wp-content\/uploads\/2025\/10\/Ferm-Living-Burl-Tischleuchte-Ambiente1_117612-1024x1024.jpg\" alt=\"Die minimalistische Ferm Living Tischleuchte Burl macht nicht nur auf dem Schreibtisch eine gute Figur.\" class=\"wp-image-22202\" title=\"\" srcset=\"https:\/\/raum-blick.de\/magazin\/wp-content\/uploads\/2025\/10\/Ferm-Living-Burl-Tischleuchte-Ambiente1_117612-1024x1024.jpg 1024w, https:\/\/raum-blick.de\/magazin\/wp-content\/uploads\/2025\/10\/Ferm-Living-Burl-Tischleuchte-Ambiente1_117612-300x300.jpg 300w, https:\/\/raum-blick.de\/magazin\/wp-content\/uploads\/2025\/10\/Ferm-Living-Burl-Tischleuchte-Ambiente1_117612-150x150.jpg 150w, https:\/\/raum-blick.de\/magazin\/wp-content\/uploads\/2025\/10\/Ferm-Living-Burl-Tischleuchte-Ambiente1_117612-768x768.jpg 768w, https:\/\/raum-blick.de\/magazin\/wp-content\/uploads\/2025\/10\/Ferm-Living-Burl-Tischleuchte-Ambiente1_117612.jpg 1500w\" sizes=\"(max-width: 1024px) 100vw, 1024px\" \/><\/a><figcaption class=\"wp-element-caption\"><em>Die Ferm Living Burl ist ein Traum von einer Leucht: formvollendet, reduziert, vielseitig und ein echter Stimmungsmacher. Ob als Leselampe im Wohnzimmer, stilvoller Akzent im Homeoffice oder dezente Schlafzimmer-Beleuchtung.<\/em><\/figcaption><\/figure>\n\n\n\n<p><strong>Tischdekoration mit Seele:<\/strong>&nbsp;Schon kleine Herbstdekoration Details verwandeln den Essplatz. Ein L\u00e4ufer aus grobem Leinen zum Beispiel, Servietten in warmem Taupe, einzelne getrocknete Hortensienbl\u00fcten in Mini-Vasen. Und nat\u00fcrlich darf hier auch ein stilvolles Windlicht nicht fehlen.<\/p>\n\n\n\n<p><strong>Herbstliche Tafelfreuden:<\/strong>&nbsp;Saisonale Accessoires wie Hagebutten oder kleine Mini-K\u00fcrbisse, zwischen Gl\u00e4sern und Tellern inszenieren das Essen f\u00f6rmlich. Eine Herbstdekoration fast wie im Lieblingsrestaurant, die das, was serviert wird, gleich noch mal so lecker macht.<\/p>\n\n\n\n<h3 class=\"wp-block-heading\"><span class=\"ez-toc-section\" id=\"4_Herbstglanz_fuer_Balkon_Terrasse\"><\/span>#4 Herbstglanz f\u00fcr Balkon &amp; Terrasse<span class=\"ez-toc-section-end\"><\/span><\/h3>\n\n\n\n<p>Auch wenn die Temperaturen sinken, bunt und bl\u00fctenreich ist es auch im leuchtenden Herbst. An sch\u00f6nen Sonnentagen laden Balkon und Terrasse zum Verweilen ein \u2013 vorausgesetzt, sie sind gem\u00fctlich gestaltet. Mit ein paar Handgriffen und der passenden Herbstdekoration schaffen Sie drau\u00dfen eine kleine Cosy-Oase, in der Sie den goldenen Nachmittagen nachsp\u00fcren und die klare Luft genie\u00dfen k\u00f6nnen.&nbsp;<\/p>\n\n\n\n<p><strong>Textilien verl\u00e4ngern den Sommer:<\/strong>&nbsp;Legen Sie ein Outdoor- oder Wollplaid griffbereit \u00fcber einen Stuhl. Dazu Kissen in warmen Farbt\u00f6nen f\u00fcr die Sitzfl\u00e4chen und schon l\u00e4sst es sich auch bei k\u00fchlem Abendwind drau\u00dfen gut aushalten.<\/p>\n\n\n\n<p><strong>Laternenzauber macht&#8217;s stimmungsvoll:<\/strong>&nbsp;Bereit f\u00fcr die Light-Show? Einfach mehrere kleine Laternen mit einem gro\u00dfen Windlicht kombinieren. Das Lichtermeer erinnert an laue Sommern\u00e4chte und ist jetzt sogar noch intensiver, weil die klare Herbstluft jedes Flackern unterstreicht.<\/p>\n\n\n\n<p><strong>? Unser Outdoor-Favorit: Der\u00a0<\/strong><a href=\"https:\/\/www.raum-blick.de\/ferm-living-billow-knautschsack\"><strong>gem\u00fctliche Billow Knautschsack von Ferm Living<\/strong><\/a> hat einen extrem hohen Einkuschel-Faktor.<strong>\u00a0\u00a0<\/strong>Sein legeres Design und die weiche Form machen ihn ganz schnell zu einem Ihrer Lieblingspl\u00e4tze. Egal, ob Sie mit einem Buch, einer Decke oder einem Glas Rotwein dort sitzen oder einfach nur den Blick \u00fcber die bunten Bl\u00e4tter schweifen lassen. Die D\u00e4nen wissen eben, wie hygge geht!<\/p>\n\n\n\n<figure class=\"wp-block-image size-large\"><a href=\"https:\/\/www.raum-blick.de\/ferm-living-billow-knautschsack\"><img loading=\"lazy\" decoding=\"async\" width=\"1024\" height=\"678\" src=\"https:\/\/www.raum-blick.de\/magazin\/wp-content\/uploads\/2025\/10\/Ferm-Living-Billow-Knautschsack-1104272421_117362-e1760286122933-1024x678.jpg\" alt=\"Der gem\u00fctliche Billow Knautschsack von Ferm Living ist perfekt f\u00fcr drau\u00dfen. Hier in einem karamelligen Braun. \" class=\"wp-image-22206\" title=\"\" srcset=\"https:\/\/raum-blick.de\/magazin\/wp-content\/uploads\/2025\/10\/Ferm-Living-Billow-Knautschsack-1104272421_117362-e1760286122933-1024x678.jpg 1024w, https:\/\/raum-blick.de\/magazin\/wp-content\/uploads\/2025\/10\/Ferm-Living-Billow-Knautschsack-1104272421_117362-e1760286122933-300x199.jpg 300w, https:\/\/raum-blick.de\/magazin\/wp-content\/uploads\/2025\/10\/Ferm-Living-Billow-Knautschsack-1104272421_117362-e1760286122933-768x509.jpg 768w, https:\/\/raum-blick.de\/magazin\/wp-content\/uploads\/2025\/10\/Ferm-Living-Billow-Knautschsack-1104272421_117362-e1760286122933-310x205.jpg 310w, https:\/\/raum-blick.de\/magazin\/wp-content\/uploads\/2025\/10\/Ferm-Living-Billow-Knautschsack-1104272421_117362-e1760286122933.jpg 1200w\" sizes=\"(max-width: 1024px) 100vw, 1024px\" \/><\/a><figcaption class=\"wp-element-caption\"><em>Das Sch\u00f6ne am Billow Knautschlack ist seine Form, das Praktische sein weicher Bezug aus 100% Bio-Baumwolle. Den k\u00f6nnen Sie n\u00e4mlich einfach abnehmen und bei 30\u00b0 in die Waschmaschine stecken. <\/em><\/figcaption><\/figure>\n\n\n\n<p><strong>Herbstliche Pflanzenwelten bringen Farbenfreude:<\/strong>&nbsp;Pflanzk\u00fcbel und -t\u00f6pfe mit gelb-orange-roten Chrysanthemen, violettem Heidekraut oder leuchtend rotem Ziergr\u00e4ser lassen Balkon und Terrasse jetzt richtig erstrahlen. Besonders sch\u00f6n: eine kleine Mischung aus hohen und niedrigen Pflanzen, die das ganze herbstliche Farbspektrum widerspiegeln.&nbsp;<\/p>\n\n\n\n<h3 class=\"wp-block-heading\"><span class=\"ez-toc-section\" id=\"5_So_hat_der_Herbst-Blues_keine_Chance\"><\/span>#5 So hat der Herbst-Blues keine Chance!&nbsp;<span class=\"ez-toc-section-end\"><\/span><\/h3>\n\n\n\n<p>Das sind sie, unsere Top 4 der besten Zutaten f\u00fcr goldene Herbstmomente und gegen drohende Stimmungstiefs:<\/p>\n\n\n\n<ul class=\"wp-block-list\">\n<li>Beruhigendes Kerzenflackern, das zauberhafte Schattenmuster an die W\u00e4nde wirft.<\/li>\n\n\n\n<li>Tragbare Leuchten, die sich \u00fcberallhin mitnehmen lassen und sich in jedes Ambiente einf\u00fcgen.&nbsp;<\/li>\n\n\n\n<li>Behagliche Textilien wie Strick-Plaids, Samtkissen und weiche Teppiche. Das alles verst\u00e4rkt die Wohlf\u00fchlatmosph\u00e4re, sorgt f\u00fcr Kontraste und schenkt Geborgenheit.<\/li>\n\n\n\n<li>Langlebige und hochwertige Herbstdekoration, an der Sie viele Jahre Ihre Freude haben.<\/li>\n<\/ul>\n\n\n\n<p><strong>? Leuchten-Tipp:&nbsp;<\/strong>Sanftes, blendfreies Licht f\u00fcr drinnen und drau\u00dfen bietet Ihnen die<strong>&nbsp;<\/strong><a href=\"https:\/\/www.raum-blick.de\/louis-poulsen-vl45-radiohus-portable-leuchte\"><strong>portable Louis Poulsen VL45 Radiohus<\/strong><\/a><strong>.&nbsp;<\/strong>Die elegante Tisch-Variante der ikonischen VL45 Radiohus Pendelleuchte punktet mit intelligenter Beleuchtungstechnologie, mundgeblasenem Glas und edlen Messingdetails.<\/p>\n\n\n\n<figure class=\"wp-block-gallery has-nested-images columns-default is-cropped wp-block-gallery-5 is-layout-flex wp-block-gallery-is-layout-flex\">\n<figure class=\"wp-block-image size-large\"><a href=\"https:\/\/www.raum-blick.de\/louis-poulsen-vl45-radiohus-portable-leuchte\"><img loading=\"lazy\" decoding=\"async\" width=\"1024\" height=\"1024\" data-id=\"22210\" src=\"https:\/\/www.raum-blick.de\/magazin\/wp-content\/uploads\/2025\/10\/Louis-Poulsen-VL45-Radiohus-Portable-Leuchte-Bei-Garderobe_108486-1024x1024.jpg\" alt=\"Nicht nur eine sch\u00f6ne Herbstdekoration im Eingang: die portable VL45 von Louis Poulsen.\" class=\"wp-image-22210\" title=\"\" srcset=\"https:\/\/raum-blick.de\/magazin\/wp-content\/uploads\/2025\/10\/Louis-Poulsen-VL45-Radiohus-Portable-Leuchte-Bei-Garderobe_108486-1024x1024.jpg 1024w, https:\/\/raum-blick.de\/magazin\/wp-content\/uploads\/2025\/10\/Louis-Poulsen-VL45-Radiohus-Portable-Leuchte-Bei-Garderobe_108486-300x300.jpg 300w, https:\/\/raum-blick.de\/magazin\/wp-content\/uploads\/2025\/10\/Louis-Poulsen-VL45-Radiohus-Portable-Leuchte-Bei-Garderobe_108486-150x150.jpg 150w, https:\/\/raum-blick.de\/magazin\/wp-content\/uploads\/2025\/10\/Louis-Poulsen-VL45-Radiohus-Portable-Leuchte-Bei-Garderobe_108486-768x768.jpg 768w, https:\/\/raum-blick.de\/magazin\/wp-content\/uploads\/2025\/10\/Louis-Poulsen-VL45-Radiohus-Portable-Leuchte-Bei-Garderobe_108486.jpg 1500w\" sizes=\"(max-width: 1024px) 100vw, 1024px\" \/><\/a><\/figure>\n\n\n\n<figure class=\"wp-block-image size-large\"><a href=\"https:\/\/www.raum-blick.de\/louis-poulsen-vl45-radiohus-portable-leuchte\"><img loading=\"lazy\" decoding=\"async\" width=\"1024\" height=\"1024\" data-id=\"22211\" src=\"https:\/\/www.raum-blick.de\/magazin\/wp-content\/uploads\/2025\/10\/Louis-Poulsen-VL45-Radiohus-Portable-Leuchte-Auf-Beistelltisch_108485-1024x1024.jpg\" alt=\"Die portable VL45 von Louis Poulsen spendet auch im Wohnzimmer sanftes Licht.\" class=\"wp-image-22211\" title=\"\" srcset=\"https:\/\/raum-blick.de\/magazin\/wp-content\/uploads\/2025\/10\/Louis-Poulsen-VL45-Radiohus-Portable-Leuchte-Auf-Beistelltisch_108485-1024x1024.jpg 1024w, https:\/\/raum-blick.de\/magazin\/wp-content\/uploads\/2025\/10\/Louis-Poulsen-VL45-Radiohus-Portable-Leuchte-Auf-Beistelltisch_108485-300x300.jpg 300w, https:\/\/raum-blick.de\/magazin\/wp-content\/uploads\/2025\/10\/Louis-Poulsen-VL45-Radiohus-Portable-Leuchte-Auf-Beistelltisch_108485-150x150.jpg 150w, https:\/\/raum-blick.de\/magazin\/wp-content\/uploads\/2025\/10\/Louis-Poulsen-VL45-Radiohus-Portable-Leuchte-Auf-Beistelltisch_108485-768x768.jpg 768w, https:\/\/raum-blick.de\/magazin\/wp-content\/uploads\/2025\/10\/Louis-Poulsen-VL45-Radiohus-Portable-Leuchte-Auf-Beistelltisch_108485.jpg 1500w\" sizes=\"(max-width: 1024px) 100vw, 1024px\" \/><\/a><\/figure>\n\n\n\n<figure class=\"wp-block-image size-large\"><a href=\"https:\/\/www.raum-blick.de\/louis-poulsen-vl45-radiohus-portable-leuchte\"><img loading=\"lazy\" decoding=\"async\" width=\"1024\" height=\"1024\" data-id=\"22212\" src=\"https:\/\/www.raum-blick.de\/magazin\/wp-content\/uploads\/2025\/10\/Louis-Poulsen-VL45-Radiohus-Portable-Leuchte-Auf-Tisch_108484-1024x1024.jpg\" alt=\"Ein bisschen gleicht sie einem K\u00fcrbis. Die VL45 von Louis Poulsen ist nicht nur eine sch\u00f6ne Herbstdekoration, sondern ein Ganzjahres-Highlight.\" class=\"wp-image-22212\" title=\"\" srcset=\"https:\/\/raum-blick.de\/magazin\/wp-content\/uploads\/2025\/10\/Louis-Poulsen-VL45-Radiohus-Portable-Leuchte-Auf-Tisch_108484-1024x1024.jpg 1024w, https:\/\/raum-blick.de\/magazin\/wp-content\/uploads\/2025\/10\/Louis-Poulsen-VL45-Radiohus-Portable-Leuchte-Auf-Tisch_108484-300x300.jpg 300w, https:\/\/raum-blick.de\/magazin\/wp-content\/uploads\/2025\/10\/Louis-Poulsen-VL45-Radiohus-Portable-Leuchte-Auf-Tisch_108484-150x150.jpg 150w, https:\/\/raum-blick.de\/magazin\/wp-content\/uploads\/2025\/10\/Louis-Poulsen-VL45-Radiohus-Portable-Leuchte-Auf-Tisch_108484-768x768.jpg 768w, https:\/\/raum-blick.de\/magazin\/wp-content\/uploads\/2025\/10\/Louis-Poulsen-VL45-Radiohus-Portable-Leuchte-Auf-Tisch_108484.jpg 1500w\" sizes=\"(max-width: 1024px) 100vw, 1024px\" \/><\/a><\/figure>\n<figcaption class=\"blocks-gallery-caption wp-element-caption\"><em>Die VL45 von Louis Poulsen stellen Sie einfach dort auf, wo Sie sie gerade brauchen. Einzeln oder gleich im Duo oder Trio. Drinnen wie drau\u00dfen. Sie k\u00f6nnen das Licht in Stufen oder stufenlos dimmen und je nach Farbvariante der Leuchte unterschiedliche Akzente setzen. 360\u00b0 blendfrei ist die Beleuchtung in jedem Fall immer. <\/em><\/figcaption><\/figure>\n\n\n\n<h3 class=\"wp-block-heading\"><span class=\"ez-toc-section\" id=\"6_Herbstdekoration_schoen_nachhaltig\"><\/span>#6 Herbstdekoration sch\u00f6n nachhaltig<span class=\"ez-toc-section-end\"><\/span><\/h3>\n\n\n\n<p>Nachhaltigkeit bedeutet im Herbst nicht Verzicht, sondern bewusste Sch\u00f6nheit. Was Sie daf\u00fcr brauchen? Gar nicht viel, sondern einfach nur das Richtige. Vorab schon mal so viel: Wie so oft ist es der Mix, der den Charakter ausmacht.&nbsp;<\/p>\n\n\n\n<p><strong>Naturmaterialien sind ein Muss:<\/strong>&nbsp;Setzen Sie auf Holz, Stein, Keramik und Glas. Denn diese Materialien altern w\u00fcrdevoll, lassen sich vielseitig kombinieren und verleihen jedem Raum eine geerdete Stimmung. Und bitte keine Plastik-K\u00fcrbisse! Echte Hokkaidos oder Zierk\u00fcrbisse, die Sie nach der Deko-Zeit in der K\u00fcche weiterverwenden k\u00f6nnen, sind definitiv die bessere Wahl.<\/p>\n\n\n\n<p><strong>Wiederentdecken statt Neukaufen:<\/strong>&nbsp;Vielleicht schlummern in Ihrem Keller ja noch Laternen, Vasen oder Decken, die in einem neuen Kontext pl\u00f6tzlich wieder super modern wirken. Schlie\u00dflich bedeutet Nachhaltigkeit auch, Bestehendes kreativ einzusetzen.<\/p>\n\n\n\n<p><strong>? Diese Birne hat Klasse:&nbsp;<\/strong>Und die<strong>&nbsp;<\/strong><a href=\"https:\/\/www.raum-blick.de\/ferm-living-pear-spardose\"><strong>dekorative Ferm Living Pear Spardose<\/strong><\/a><strong>&nbsp;<\/strong>hat sogar eine ausgesprochen n\u00fctzliche Funktion. Das verspielt wirkende Design-Objekt ist ein charmanter M\u00fcnzen-Sammler und ein Symbol f\u00fcr den bewussten Umgang mit Ressourcen.&nbsp;<\/p>\n\n\n\n<figure class=\"wp-block-gallery has-nested-images columns-default is-cropped wp-block-gallery-6 is-layout-flex wp-block-gallery-is-layout-flex\">\n<figure class=\"wp-block-image size-large\"><a href=\"https:\/\/www.raum-blick.de\/ferm-living-pear-spardose\"><img loading=\"lazy\" decoding=\"async\" width=\"1024\" height=\"1024\" data-id=\"22203\" src=\"https:\/\/www.raum-blick.de\/magazin\/wp-content\/uploads\/2025\/10\/Ferm-Living-Pear-Spardose-1104272011_117212-1024x1024.jpg\" alt=\"Die Pear Spardose von Ferm Living ist dekorativ und alltagstauglich.\" class=\"wp-image-22203\" title=\"\" srcset=\"https:\/\/raum-blick.de\/magazin\/wp-content\/uploads\/2025\/10\/Ferm-Living-Pear-Spardose-1104272011_117212-1024x1024.jpg 1024w, https:\/\/raum-blick.de\/magazin\/wp-content\/uploads\/2025\/10\/Ferm-Living-Pear-Spardose-1104272011_117212-300x300.jpg 300w, https:\/\/raum-blick.de\/magazin\/wp-content\/uploads\/2025\/10\/Ferm-Living-Pear-Spardose-1104272011_117212-150x150.jpg 150w, https:\/\/raum-blick.de\/magazin\/wp-content\/uploads\/2025\/10\/Ferm-Living-Pear-Spardose-1104272011_117212-768x768.jpg 768w, https:\/\/raum-blick.de\/magazin\/wp-content\/uploads\/2025\/10\/Ferm-Living-Pear-Spardose-1104272011_117212.jpg 1500w\" sizes=\"(max-width: 1024px) 100vw, 1024px\" \/><\/a><\/figure>\n\n\n\n<figure class=\"wp-block-image size-large\"><a href=\"https:\/\/www.raum-blick.de\/ferm-living-pear-spardose\"><img loading=\"lazy\" decoding=\"async\" width=\"1024\" height=\"1024\" data-id=\"22205\" src=\"https:\/\/www.raum-blick.de\/magazin\/wp-content\/uploads\/2025\/10\/Ferm-Living-Pear-Spardose-1104272011-im-Regal_117218-1024x1024.jpg\" alt=\"Fruchtige Herbstdekoration und M\u00fcnzen-Sammler auf dem Regal: die Ferm Living Pear Spardose.\" class=\"wp-image-22205\" title=\"\" srcset=\"https:\/\/raum-blick.de\/magazin\/wp-content\/uploads\/2025\/10\/Ferm-Living-Pear-Spardose-1104272011-im-Regal_117218-1024x1024.jpg 1024w, https:\/\/raum-blick.de\/magazin\/wp-content\/uploads\/2025\/10\/Ferm-Living-Pear-Spardose-1104272011-im-Regal_117218-300x300.jpg 300w, https:\/\/raum-blick.de\/magazin\/wp-content\/uploads\/2025\/10\/Ferm-Living-Pear-Spardose-1104272011-im-Regal_117218-150x150.jpg 150w, https:\/\/raum-blick.de\/magazin\/wp-content\/uploads\/2025\/10\/Ferm-Living-Pear-Spardose-1104272011-im-Regal_117218-768x768.jpg 768w, https:\/\/raum-blick.de\/magazin\/wp-content\/uploads\/2025\/10\/Ferm-Living-Pear-Spardose-1104272011-im-Regal_117218.jpg 1500w\" sizes=\"(max-width: 1024px) 100vw, 1024px\" \/><\/a><\/figure>\n<figcaption class=\"blocks-gallery-caption wp-element-caption\"><em>Einfach zum Anbei\u00dfen, diese Spardose! Die Ferm Living Pear aus glasierter Keramik ist aber auch ein Prachtst\u00fcck, das nicht nur gut aussieht, sondern auch zum Sparen animiert. Das perfekte Geschenk f\u00fcr Kinder und alle die formsch\u00f6nes Design lieben.<\/em><\/figcaption><\/figure>\n\n\n\n<p><strong>Verf\u00fchrerische Duft-Nuancen:<\/strong>&nbsp;Die&nbsp;<a href=\"https:\/\/www.raum-blick.de\/baobab-collection\/\"><strong>Baobab Herbst-Neuheiten<\/strong>&nbsp;<\/a>sind da! Das belgische Luxuslabel hat mit Amber, Zedernholz oder Patschuli wieder exklusive olfaktorische Meisterwerke geschaffen, die einen sofort in ihren Bann ziehen. Und dazu noch ein warmes Licht schenken. Die Duftkerzen von Baobab Collection machen Nachhaltigkeit erlebbar: Jede Kerze steckt in einem edlen mundgeblasenen Glasbeh\u00e4lter, den Sie nach dem Abbrennen als Vase oder Aufbewahrungsobjekt nutzen k\u00f6nnen.<\/p>\n\n\n\n<figure class=\"wp-block-image size-full is-resized\"><a href=\"https:\/\/www.raum-blick.de\/baobab-collection\/\"><img loading=\"lazy\" decoding=\"async\" src=\"https:\/\/www.raum-blick.de\/magazin\/wp-content\/uploads\/2023\/12\/Duftkerze-Baobab-les-exklusives-platinum-2_97565_200x200@2x.jpg\" alt=\"Heute noch Kerze, morgen dann Vase. Die eleganten, luxuri\u00f6sen Duftkerzen von Baobab Collection stecken jede in einem mundgeblasenen Glas.\" class=\"wp-image-19120\" width=\"840\" height=\"840\" title=\"\" srcset=\"https:\/\/raum-blick.de\/magazin\/wp-content\/uploads\/2023\/12\/Duftkerze-Baobab-les-exklusives-platinum-2_97565_200x200@2x.jpg 400w, https:\/\/raum-blick.de\/magazin\/wp-content\/uploads\/2023\/12\/Duftkerze-Baobab-les-exklusives-platinum-2_97565_200x200@2x-300x300.jpg 300w, https:\/\/raum-blick.de\/magazin\/wp-content\/uploads\/2023\/12\/Duftkerze-Baobab-les-exklusives-platinum-2_97565_200x200@2x-150x150.jpg 150w\" sizes=\"(max-width: 840px) 100vw, 840px\" \/><\/a><\/figure>\n\n\n\n<p><strong>? DIY-Tipp:<\/strong>&nbsp;Sammeln Sie beim n\u00e4chsten Spaziergang im Wald bunte Bl\u00e4tter, Kastanien oder Tannenzapfen. In einer Schale oder einem Glasgef\u00e4\u00df arrangiert, entstehen nachhaltige Deko-Elemente, die nichts kosten und dennoch eine sch\u00f6ne kleine Herbstgeschichte erz\u00e4hlen.<\/p>\n\n\n\n<h2 class=\"wp-block-heading\"><span class=\"ez-toc-section\" id=\"Haeufig_gestellte_Fragen_FAQs_%E2%80%93_Herbstdekoration\"><\/span>H\u00e4ufig gestellte Fragen (FAQs) \u2013 Herbstdekoration<span class=\"ez-toc-section-end\"><\/span><\/h2>\n\n\n\n<p><strong>1. Welche Deko passt am besten zu einem modernen Wohnstil?<\/strong><br>Achten Sie auf klare Linien, dezente Farben und setzen Sie auf wenige, daf\u00fcr ausgew\u00e4hlte und hochwertige Accessoires wie Windlichter oder Skulpturen.<\/p>\n\n\n\n<p><strong>2. Kann ich Herbstdeko mit Weihnachtsdeko kombinieren?<\/strong><br>Ja, nat\u00fcrlich. Nutzen Sie neutrale Basics wie beispielsweise Laternen, die sich mit wenigen Handgriffen weihnachtlich erg\u00e4nzen lassen.<\/p>\n\n\n\n<p><strong>3. Welche Materialien wirken im Herbst besonders gem\u00fctlich?<\/strong><br>Naturmaterialien &nbsp;wie Wolle, Filz, Leinen und Keramik sorgen im Herbst f\u00fcr W\u00e4rme und bringen nat\u00fcrliche Behaglichkeit in Ihr Zuhause.<\/p>\n\n\n\n<p><strong>4. Wie halte ich meine Herbstdekoration nachhaltig?<\/strong><br>W\u00e4hlen Sie langlebige Produkte von guter Qualit\u00e4t, die vielleicht ein bisschen mehr kosten, und setzen Sie auf Naturmaterialien oder wiederverwendbare Klassiker.<\/p>\n\n\n\n<p><strong>5. Wie schaffe ich schnell herbstliche Stimmung?<\/strong><br>Kissen, Kerzen und ein paar Natur-Accessoires \u2013 dieser Mix gibt Ihren R\u00e4umen sofort einen hyggeligen Cosy-Style.<\/p>\n\n\n\n<p><strong>6. Sind bunte K\u00fcrbisse noch modern?<\/strong><br>Absolut, um nicht zu sagen \u201eSie sind Herbstdeko-Klassiker\u201d. Kombiniert mit edlen Glasobjekten wirken sie zeitlos und frisch.<\/p>\n\n\n\n<div class=\"wp-block-buttons is-content-justification-center is-layout-flex wp-container-core-buttons-is-layout-16018d1d wp-block-buttons-is-layout-flex\">\n<div class=\"wp-block-button alignright\"><a class=\"wp-block-button__link has-white-color has-black-background-color has-text-color has-background wp-element-button\" href=\"https:\/\/www.raum-blick.de\/dekoration\/\"><strong>Deko-Inspiration? Nur einen Klick entfernt!<\/strong><\/a><\/div>\n<\/div>\n<\/p>","protected":false},"excerpt":{"rendered":"<p>\u00ab Warm welcome f\u00fcr cosy Styles \u00bb Wenn sich die Bl\u00e4tter f\u00e4rben, die Luft morgens frisch und klar ist und das Licht sanft golden durch die B\u00e4ume f\u00e4llt, beginnt eine Zeit voller Magie: der Herbst. Drinnen knistert vielleicht schon das erste Feuer, drau\u00dfen raschelt das Laub unter den F\u00fc\u00dfen. Jetzt sehnen wir uns nach warmen [&hellip;]<\/p>\n","protected":false},"author":4,"featured_media":22209,"comment_status":"closed","ping_status":"open","sticky":false,"template":"","format":"standard","meta":{"_et_pb_use_builder":"","_et_pb_old_content":"","_et_gb_content_width":"","inline_featured_image":false,"footnotes":""},"categories":[7,6,1],"tags":[2170,2171,1223,711,342,2172,206,1531,1542,1566,223,2323,825,1258,1350,349,46,848,148],"class_list":["post-22197","post","type-post","status-publish","format-standard","has-post-thumbnail","hentry","category-accessoires-lifestyle","category-draussen","category-drinnen","tag-baobab","tag-baobab-collection","tag-deko","tag-dekoideen","tag-dekoration","tag-duftkerze","tag-ferm-living","tag-guaxs","tag-herbst","tag-kissenhuelle","tag-laternen","tag-louis-poulsen","tag-pad","tag-raumduft","tag-sofa","tag-spardosen","tag-tischleuchten","tag-windlicht","tag-windlichter"],"_links":{"self":[{"href":"https:\/\/raum-blick.de\/magazin\/wp-json\/wp\/v2\/posts\/22197","targetHints":{"allow":["GET"]}}],"collection":[{"href":"https:\/\/raum-blick.de\/magazin\/wp-json\/wp\/v2\/posts"}],"about":[{"href":"https:\/\/raum-blick.de\/magazin\/wp-json\/wp\/v2\/types\/post"}],"author":[{"embeddable":true,"href":"https:\/\/raum-blick.de\/magazin\/wp-json\/wp\/v2\/users\/4"}],"replies":[{"embeddable":true,"href":"https:\/\/raum-blick.de\/magazin\/wp-json\/wp\/v2\/comments?post=22197"}],"version-history":[{"count":17,"href":"https:\/\/raum-blick.de\/magazin\/wp-json\/wp\/v2\/posts\/22197\/revisions"}],"predecessor-version":[{"id":22237,"href":"https:\/\/raum-blick.de\/magazin\/wp-json\/wp\/v2\/posts\/22197\/revisions\/22237"}],"wp:featuredmedia":[{"embeddable":true,"href":"https:\/\/raum-blick.de\/magazin\/wp-json\/wp\/v2\/media\/22209"}],"wp:attachment":[{"href":"https:\/\/raum-blick.de\/magazin\/wp-json\/wp\/v2\/media?parent=22197"}],"wp:term":[{"taxonomy":"category","embeddable":true,"href":"https:\/\/raum-blick.de\/magazin\/wp-json\/wp\/v2\/categories?post=22197"},{"taxonomy":"post_tag","embeddable":true,"href":"https:\/\/raum-blick.de\/magazin\/wp-json\/wp\/v2\/tags?post=22197"}],"curies":[{"name":"wp","href":"https:\/\/api.w.org\/{rel}","templated":true}]}}