{"id":22153,"date":"2025-10-08T15:27:14","date_gmt":"2025-10-08T13:27:14","guid":{"rendered":"https:\/\/www.raum-blick.de\/magazin\/?p=22153"},"modified":"2025-09-23T15:28:37","modified_gmt":"2025-09-23T13:28:37","slug":"lagom-wohnen-skandinavische-balance-fuer-ihr-zuhause","status":"publish","type":"post","link":"https:\/\/raum-blick.de\/magazin\/lagom-wohnen-skandinavische-balance-fuer-ihr-zuhause\/","title":{"rendered":"Lagom \u2013 die Kunst, ausgewogen zu leben"},"content":{"rendered":"\n<h1 class=\"wp-block-heading\"><span class=\"ez-toc-section\" id=\"%C2%AB_Alles_in_Balance_%C2%BB\"><\/span>\u00ab Alles in Balance \u00bb<span class=\"ez-toc-section-end\"><\/span><\/h1>\n\n\n\n<p><strong>Nicht zu viel, nicht zu wenig \u2013 sondern genau richtig. Was f\u00fcr viele wie ein Ideal klingt, ist in Schweden l\u00e4ngst gelebte Lebensphilosophie: Lagom. Ob im Wohndesign, im sozialen Miteinander oder beim Essen \u2013 Lagom l\u00e4dt uns dazu ein, bewusster, ausgeglichener und nachhaltiger zu leben.<\/strong><\/p>\n\n\n\n<p>Stellen Sie sich vor: Ein Wohnzimmer, das nicht \u00fcberladen ist, aber auch nicht karg wirkt. Ein Esstisch, an dem Platz f\u00fcr Freunde ist und der trotzdem nicht den Raum dominiert. Ein Kleiderschrank, der nur das enth\u00e4lt, was Sie wirklich gerne tragen \u2013 nicht mehr und nicht weniger. Genau das ist Lagom.<\/p><div id=\"ez-toc-container\" class=\"ez-toc-v2_0_82_2 counter-hierarchy ez-toc-counter ez-toc-grey ez-toc-container-direction\">\n<div class=\"ez-toc-title-container\">\n<p class=\"ez-toc-title\" style=\"cursor:inherit\">Was hier auf Sie wartet<\/p>\n<span class=\"ez-toc-title-toggle\"><a href=\"#\" class=\"ez-toc-pull-right ez-toc-btn ez-toc-btn-xs ez-toc-btn-default ez-toc-toggle\" aria-label=\"Toggle Table of Content\"><span class=\"ez-toc-js-icon-con\"><span class=\"\"><span class=\"eztoc-hide\" style=\"display:none;\">Toggle<\/span><span class=\"ez-toc-icon-toggle-span\"><svg style=\"fill: #999;color:#999\" xmlns=\"http:\/\/www.w3.org\/2000\/svg\" class=\"list-377408\" width=\"20px\" height=\"20px\" viewBox=\"0 0 24 24\" fill=\"none\"><path d=\"M6 6H4v2h2V6zm14 0H8v2h12V6zM4 11h2v2H4v-2zm16 0H8v2h12v-2zM4 16h2v2H4v-2zm16 0H8v2h12v-2z\" fill=\"currentColor\"><\/path><\/svg><svg style=\"fill: #999;color:#999\" class=\"arrow-unsorted-368013\" xmlns=\"http:\/\/www.w3.org\/2000\/svg\" width=\"10px\" height=\"10px\" viewBox=\"0 0 24 24\" version=\"1.2\" baseProfile=\"tiny\"><path d=\"M18.2 9.3l-6.2-6.3-6.2 6.3c-.2.2-.3.4-.3.7s.1.5.3.7c.2.2.4.3.7.3h11c.3 0 .5-.1.7-.3.2-.2.3-.5.3-.7s-.1-.5-.3-.7zM5.8 14.7l6.2 6.3 6.2-6.3c.2-.2.3-.5.3-.7s-.1-.5-.3-.7c-.2-.2-.4-.3-.7-.3h-11c-.3 0-.5.1-.7.3-.2.2-.3.5-.3.7s.1.5.3.7z\"\/><\/svg><\/span><\/span><\/span><\/a><\/span><\/div>\n<nav><ul class='ez-toc-list ez-toc-list-level-1 ' ><li class='ez-toc-page-1 ez-toc-heading-level-1'><a class=\"ez-toc-link ez-toc-heading-1\" href=\"https:\/\/raum-blick.de\/magazin\/lagom-wohnen-skandinavische-balance-fuer-ihr-zuhause\/#%C2%AB_Alles_in_Balance_%C2%BB\" >\u00ab Alles in Balance \u00bb<\/a><ul class='ez-toc-list-level-2' ><li class='ez-toc-heading-level-2'><a class=\"ez-toc-link ez-toc-heading-2\" href=\"https:\/\/raum-blick.de\/magazin\/lagom-wohnen-skandinavische-balance-fuer-ihr-zuhause\/#Danke_liebe_Wikinger\" >Danke, liebe Wikinger!&nbsp;<\/a><\/li><li class='ez-toc-page-1 ez-toc-heading-level-2'><a class=\"ez-toc-link ez-toc-heading-3\" href=\"https:\/\/raum-blick.de\/magazin\/lagom-wohnen-skandinavische-balance-fuer-ihr-zuhause\/#Lagom_Hygge_Minimalismus_%E2%80%93_wer_blickt_da_noch_durch\" >Lagom, Hygge, Minimalismus \u2013 wer blickt da noch durch?<\/a><\/li><li class='ez-toc-page-1 ez-toc-heading-level-2'><a class=\"ez-toc-link ez-toc-heading-4\" href=\"https:\/\/raum-blick.de\/magazin\/lagom-wohnen-skandinavische-balance-fuer-ihr-zuhause\/#Lagom_%E2%80%93_Werte_und_Lebensprinzipien\" >Lagom \u2013 Werte und Lebensprinzipien&nbsp;<\/a><ul class='ez-toc-list-level-3' ><li class='ez-toc-heading-level-3'><a class=\"ez-toc-link ez-toc-heading-5\" href=\"https:\/\/raum-blick.de\/magazin\/lagom-wohnen-skandinavische-balance-fuer-ihr-zuhause\/#247_ganz_bewusst\" >24\/7 ganz bewusst<\/a><\/li><li class='ez-toc-page-1 ez-toc-heading-level-3'><a class=\"ez-toc-link ez-toc-heading-6\" href=\"https:\/\/raum-blick.de\/magazin\/lagom-wohnen-skandinavische-balance-fuer-ihr-zuhause\/#Nachhaltigkeit_ist_ein_Lagom-Muss\" >Nachhaltigkeit ist ein Lagom-Muss<\/a><\/li><li class='ez-toc-page-1 ez-toc-heading-level-3'><a class=\"ez-toc-link ez-toc-heading-7\" href=\"https:\/\/raum-blick.de\/magazin\/lagom-wohnen-skandinavische-balance-fuer-ihr-zuhause\/#Einrichtung_Ernaehrung_soziales_Leben_in_perfekter_Balance\" >Einrichtung, Ern\u00e4hrung, soziales Leben in perfekter Balance<\/a><\/li><\/ul><\/li><li class='ez-toc-page-1 ez-toc-heading-level-2'><a class=\"ez-toc-link ez-toc-heading-8\" href=\"https:\/\/raum-blick.de\/magazin\/lagom-wohnen-skandinavische-balance-fuer-ihr-zuhause\/#Welche_Materialien_und_Farben_passen_zum_Lagom-Stil\" >Welche Materialien und Farben passen zum Lagom-Stil?<\/a><\/li><li class='ez-toc-page-1 ez-toc-heading-level-2'><a class=\"ez-toc-link ez-toc-heading-9\" href=\"https:\/\/raum-blick.de\/magazin\/lagom-wohnen-skandinavische-balance-fuer-ihr-zuhause\/#Ausgewogene_Atmosphaere_schaffen_%E2%80%93_so_gehts\" >Ausgewogene Atmosph\u00e4re schaffen \u2013 so geht&#8217;s<\/a><ul class='ez-toc-list-level-3' ><li class='ez-toc-heading-level-3'><a class=\"ez-toc-link ez-toc-heading-10\" href=\"https:\/\/raum-blick.de\/magazin\/lagom-wohnen-skandinavische-balance-fuer-ihr-zuhause\/#Welche_Rolle_spielt_Funktionalitaet_im_Lagom-Wohndesign\" >Welche Rolle spielt Funktionalit\u00e4t im Lagom-Wohndesign?<\/a><\/li><li class='ez-toc-page-1 ez-toc-heading-level-3'><a class=\"ez-toc-link ez-toc-heading-11\" href=\"https:\/\/raum-blick.de\/magazin\/lagom-wohnen-skandinavische-balance-fuer-ihr-zuhause\/#Das_ganze_Jahr_ueber_in_Balance\" >Das ganze Jahr \u00fcber in Balance<\/a><\/li><\/ul><\/li><li class='ez-toc-page-1 ez-toc-heading-level-2'><a class=\"ez-toc-link ez-toc-heading-12\" href=\"https:\/\/raum-blick.de\/magazin\/lagom-wohnen-skandinavische-balance-fuer-ihr-zuhause\/#Haeufig_gestellte_Fragen_FAQs_zu_Lagom\" >H\u00e4ufig gestellte Fragen (FAQs) zu Lagom<\/a><\/li><\/ul><\/li><\/ul><\/nav><\/div>\n\n\n\n\n<p>In diesem Beitrag tauchen wir tief in die Welt von Lagom ein, zeigen die Unterschiede zu Hygge oder Minimalismus und geben Ihnen praktische Tipps, wie Sie diese nordische Balance in Ihr Zuhause und Ihren Alltag bringen k\u00f6nnen.<\/p>\n\n\n\n<figure class=\"wp-block-image size-large\"><a href=\"https:\/\/www.raum-blick.de\/umage-acorn-leuchte\"><img loading=\"lazy\" decoding=\"async\" width=\"1024\" height=\"1024\" src=\"https:\/\/www.raum-blick.de\/magazin\/wp-content\/uploads\/2025\/09\/umage-acorn-leuchte-weiss_70599-1024x1024.jpg\" alt=\"Umage Acorn Leuchte im skandinavischen Lagom-Stil.\" class=\"wp-image-22167\" title=\"\" srcset=\"https:\/\/raum-blick.de\/magazin\/wp-content\/uploads\/2025\/09\/umage-acorn-leuchte-weiss_70599-1024x1024.jpg 1024w, https:\/\/raum-blick.de\/magazin\/wp-content\/uploads\/2025\/09\/umage-acorn-leuchte-weiss_70599-300x300.jpg 300w, https:\/\/raum-blick.de\/magazin\/wp-content\/uploads\/2025\/09\/umage-acorn-leuchte-weiss_70599-150x150.jpg 150w, https:\/\/raum-blick.de\/magazin\/wp-content\/uploads\/2025\/09\/umage-acorn-leuchte-weiss_70599-768x768.jpg 768w, https:\/\/raum-blick.de\/magazin\/wp-content\/uploads\/2025\/09\/umage-acorn-leuchte-weiss_70599.jpg 1080w\" sizes=\"(max-width: 1024px) 100vw, 1024px\" \/><\/a><figcaption class=\"wp-element-caption\"><em>Weniger ist mehr. Bei Lagom geht es um gezielt gesetzte Akzente, hochwertige \u00c4sthetik und praktische, nachhaltige M\u00f6bel aus nat\u00fcrlichen Materialien. <\/em><\/figcaption><\/figure>\n\n\n\n<h2 class=\"wp-block-heading\"><span class=\"ez-toc-section\" id=\"Danke_liebe_Wikinger\"><\/span>Danke, liebe Wikinger!&nbsp;<span class=\"ez-toc-section-end\"><\/span><\/h2>\n\n\n\n<p>Was bedeutet \u201eLagom\u201c und woher stammt der Begriff? Fangen wir ganz am Anfang an und damit bei den Wikingern. Denn so weit reichen die Wurzeln zur\u00fcck. Die trinkfesten Krieger reichten bei Festen ein Horn herum \u2013 jeder nahm&nbsp;<em>lagom<\/em>, also so viel, dass f\u00fcr alle genug blieb. Lagom bedeutet also&nbsp;<strong>Ma\u00dfhalten im Sinne der Gemeinschaft<\/strong>.<\/p>\n\n\n\n<p>Allerdings l\u00e4sst sich das schwedische Wort nur schwer mit einem einzigen deutschen \u00fcbersetzen. Am treffendsten beschreibt es \u201e<strong>im richtigen Ma\u00df<\/strong>\u201c, \u201eausgeglichen\u201c oder \u201egenau passend\u201c. Es hat also viel mit Ausgewogenheit zu tun.<\/p>\n\n\n\n<p>Heute ist Lagom ein fester Bestandteil der schwedischen Kultur. Es steckt in den kleinen Gesten: in der Kaffeepause mit Kollegen (<em>fika<\/em>), im respektvollen Umgang mit der Natur und im unaufgeregten, aber stilvollen Design der Wohnungen.<\/p>\n\n\n\n<h2 class=\"wp-block-heading\"><span class=\"ez-toc-section\" id=\"Lagom_Hygge_Minimalismus_%E2%80%93_wer_blickt_da_noch_durch\"><\/span>Lagom, Hygge, Minimalismus \u2013 wer blickt da noch durch?<span class=\"ez-toc-section-end\"><\/span><\/h2>\n\n\n\n<p>Wir und Sie gleich auch, denn die Unterschiede sind schnell erkl\u00e4rt. Viele kennen den d\u00e4nischen Trend <strong>Hygge<\/strong>, der Gem\u00fctlichkeit, W\u00e4rme und N\u00e4he betont. Hygge ist die Kuscheldecke auf dem Sofa, der hei\u00dfe Kakao im Winter, die Kerze auf dem Fensterbrett.<\/p>\n\n\n\n<p>Lagom dagegen ist pragmatischer. Es geht nicht um das gro\u00dfe Wohlf\u00fchl-Szenario, sondern um <strong>Alltagstauglichkeit, Funktionalit\u00e4t und Balance<\/strong>.<\/p>\n\n\n\n<p>Der Vergleich mit&nbsp;<strong>Minimalismus<\/strong>&nbsp;ist ebenso spannend: Minimalismus lebt von Reduktion und Verzicht \u2013 weniger ist mehr. Lagom dagegen erlaubt kleine Freuden, solange sie nicht ins \u00dcberma\u00df kippen. Minimalismus kann asketisch wirken, Lagom ist dagegen ausgesprochen geerdet und wohlwollend.<\/p>\n\n\n\n<p>Ein Beispiel: W\u00e4hrend Minimalisten vielleicht nur eine Tasse besitzen, d\u00fcrfen es bei Lagom gerne zwei sein \u2013 eine f\u00fcr den Kaffee am Morgen, eine f\u00fcr den Tee am Abend.<\/p>\n\n\n\n<h2 class=\"wp-block-heading\"><span class=\"ez-toc-section\" id=\"Lagom_%E2%80%93_Werte_und_Lebensprinzipien\"><\/span>Lagom \u2013 Werte und Lebensprinzipien&nbsp;<span class=\"ez-toc-section-end\"><\/span><\/h2>\n\n\n\n<p>Lagom ist mehr als ein Designstil. Wer Lagom lebt,&nbsp;<strong>entscheidet bewusst.<\/strong>&nbsp;Gegen Extreme und f\u00fcr Balance.<\/p>\n\n\n\n<p><strong>Ausgleich statt Extreme<\/strong>&nbsp;\u2013 weder \u00dcberma\u00df noch Mangel bestimmen das Leben.<\/p>\n\n\n\n<p><strong>Bewusstsein<\/strong>&nbsp;\u2013 Entscheidungen werden achtsam getroffen, Ressourcen geschont.<\/p>\n\n\n\n<p><strong>Gemeinschaft<\/strong>&nbsp;\u2013 jeder achtet auf den anderen, Altruismus statt Egoismus.<\/p>\n\n\n\n<p><strong>Funktionalit\u00e4t<\/strong>&nbsp;\u2013 Dinge haben einen klaren Zweck und erleichtern den Alltag.<\/p>\n\n\n\n<p><strong>Harmonie<\/strong>&nbsp;\u2013 R\u00e4ume, Ern\u00e4hrung und Beziehungen sind in Balance.<\/p>\n\n\n\n<p>Wie Sie sehen, zieht sich das Lagom-Prinzip wie ein roter Faden durch alle Lebensbereiche.<\/p>\n\n\n\n<h3 class=\"wp-block-heading\"><span class=\"ez-toc-section\" id=\"247_ganz_bewusst\"><\/span>24\/7 ganz bewusst<span class=\"ez-toc-section-end\"><\/span><\/h3>\n\n\n\n<p>Wie alltagstauglich ist Lagom und wie l\u00e4sst es sich in Ihren vier W\u00e4nden umsetzen? Tats\u00e4chlich ganz einfach. Vorausgesetzt Sie setzen auf Reflexion, handeln nicht impulsiv und&nbsp;<strong>w\u00e4hlen vor allem bewusst aus.<\/strong><\/p>\n\n\n\n<p>Im&nbsp;<strong>Eingangsbereich<\/strong>: Weg mit den vielen Schuhkartons und her mit einem Schuhregal.<\/p>\n\n\n\n<p>Im&nbsp;<strong>Kleiderschrank<\/strong>: Hier findet sich nur das, was Sie auch wirklich tragen. Und: Basics, die sich kombinieren lassen.<\/p>\n\n\n\n<p>In der&nbsp;<strong>K\u00fcche<\/strong>: Hochwertige, langlebige Utensilien statt Schubladen voller Einmal-Artikel.<\/p>\n\n\n\n<p>Im&nbsp;<strong>Zeitmanagement<\/strong>: Arbeit und Freizeit in Einklang bringen \u2013 genug Pausen, aber auch produktive Phasen.<\/p>\n\n\n\n<p>Apropos Flur, hier haben wir ein sch\u00f6nes Lagom-Beispiel f\u00fcr Sie: das<a href=\"https:\/\/www.raum-blick.de\/we-do-wood-shoe-rack-schuhregal\">&nbsp;<strong>filigrane We Do Wood Shoe Rack Schuhregal<\/strong><\/a>. Es bringt Ordnung ins Entree, ohne aufdringlich zu wirken. Das Design ist&nbsp;<strong>minimalistisch, funktional und elegant<\/strong>&nbsp;\u2013 typisch Lagom.<\/p>\n\n\n\n<figure class=\"wp-block-gallery has-nested-images columns-default is-cropped wp-block-gallery-2 is-layout-flex wp-block-gallery-is-layout-flex\">\n<figure class=\"wp-block-image size-large\"><a href=\"https:\/\/www.raum-blick.de\/we-do-wood-shoe-rack-schuhregal\"><img loading=\"lazy\" decoding=\"async\" width=\"1024\" height=\"1024\" data-id=\"22176\" src=\"https:\/\/www.raum-blick.de\/magazin\/wp-content\/uploads\/2025\/09\/wedowood-rack-schuhregal-eiche-messing_61902-1024x1024.jpg\" alt=\"Schlicht und funktional: das Schuhregal von We Do Wood ist je nach Schuhtpy anpassbar. \" class=\"wp-image-22176\" title=\"\" srcset=\"https:\/\/raum-blick.de\/magazin\/wp-content\/uploads\/2025\/09\/wedowood-rack-schuhregal-eiche-messing_61902-1024x1024.jpg 1024w, https:\/\/raum-blick.de\/magazin\/wp-content\/uploads\/2025\/09\/wedowood-rack-schuhregal-eiche-messing_61902-300x300.jpg 300w, https:\/\/raum-blick.de\/magazin\/wp-content\/uploads\/2025\/09\/wedowood-rack-schuhregal-eiche-messing_61902-150x150.jpg 150w, https:\/\/raum-blick.de\/magazin\/wp-content\/uploads\/2025\/09\/wedowood-rack-schuhregal-eiche-messing_61902-768x768.jpg 768w, https:\/\/raum-blick.de\/magazin\/wp-content\/uploads\/2025\/09\/wedowood-rack-schuhregal-eiche-messing_61902.jpg 1500w\" sizes=\"(max-width: 1024px) 100vw, 1024px\" \/><\/a><\/figure>\n\n\n\n<figure class=\"wp-block-image size-large\"><a href=\"https:\/\/www.raum-blick.de\/we-do-wood-shoe-rack-schuhregal\"><img loading=\"lazy\" decoding=\"async\" width=\"1024\" height=\"1024\" data-id=\"22178\" src=\"https:\/\/www.raum-blick.de\/magazin\/wp-content\/uploads\/2025\/09\/We-Do-Wood-Shoe-Rack-3fUJnMahOdeX0b-1024x1024.jpg\" alt=\"Holz, Metall und Messing gehen beim We Do Wood Schuhregal eine filigrane Lagom-Verbindung ein.\" class=\"wp-image-22178\" title=\"\" srcset=\"https:\/\/raum-blick.de\/magazin\/wp-content\/uploads\/2025\/09\/We-Do-Wood-Shoe-Rack-3fUJnMahOdeX0b-1024x1024.jpg 1024w, https:\/\/raum-blick.de\/magazin\/wp-content\/uploads\/2025\/09\/We-Do-Wood-Shoe-Rack-3fUJnMahOdeX0b-300x300.jpg 300w, https:\/\/raum-blick.de\/magazin\/wp-content\/uploads\/2025\/09\/We-Do-Wood-Shoe-Rack-3fUJnMahOdeX0b-150x150.jpg 150w, https:\/\/raum-blick.de\/magazin\/wp-content\/uploads\/2025\/09\/We-Do-Wood-Shoe-Rack-3fUJnMahOdeX0b-768x768.jpg 768w, https:\/\/raum-blick.de\/magazin\/wp-content\/uploads\/2025\/09\/We-Do-Wood-Shoe-Rack-3fUJnMahOdeX0b.jpg 1500w\" sizes=\"(max-width: 1024px) 100vw, 1024px\" \/><\/a><\/figure>\n<figcaption class=\"blocks-gallery-caption wp-element-caption\"><em>Das flexibel anpassbare We Do Wood Schuhregal: zur\u00fcckhaltendes Design, das den Flur leicht und geordnet wirken l\u00e4sst. Aus nachhaltig produziertem Moso-Bambus und Eichenholz.<\/em><\/figcaption><\/figure>\n\n\n\n<h3 class=\"wp-block-heading\"><span class=\"ez-toc-section\" id=\"Nachhaltigkeit_ist_ein_Lagom-Muss\"><\/span>Nachhaltigkeit ist ein Lagom-Muss<span class=\"ez-toc-section-end\"><\/span><\/h3>\n\n\n\n<p>Lagom ist untrennbar mit&nbsp;<strong>Nachhaltigkeit<\/strong>&nbsp;verbunden. Es geht darum, nicht mehr zu nehmen, als Sie brauchen, und Ressourcen verantwortungsvoll zu nutzen.<\/p>\n\n\n\n<p>Statt st\u00e4ndig Neues zu kaufen, setzt Lagom auf langlebige Produkte, auf Naturmaterialien und auf Dinge, die mehrfach nutzbar sind.<\/p>\n\n\n\n<p>So wie die&nbsp;<a href=\"https:\/\/www.raum-blick.de\/eva-solo-simply-grow-pflanzenbox\"><strong>dekorative<\/strong>&nbsp;<strong>Eva Solo Simply Grow Pflanzenbox<\/strong><\/a>. Damit haben Sie immer frische Kr\u00e4uter oder auch Salate im Haus. So entsteht ein&nbsp;<strong>Kreislauf im Kleinen<\/strong>, der perfekt zum Lagom-Prinzip passt. Und es gibt sogar eine Version mit Gew\u00e4chshaus. F\u00fcr optimale Temperatur, Feuchtigkeit und Lichtverh\u00e4ltnisse.&nbsp;<\/p>\n\n\n\n<figure class=\"wp-block-gallery has-nested-images columns-default is-cropped wp-block-gallery-3 is-layout-flex wp-block-gallery-is-layout-flex\">\n<figure class=\"wp-block-image size-large\"><a href=\"https:\/\/www.raum-blick.de\/eva-solo-simply-grow-pflanzenbox\"><img loading=\"lazy\" decoding=\"async\" width=\"1024\" height=\"1024\" data-id=\"22175\" src=\"https:\/\/www.raum-blick.de\/magazin\/wp-content\/uploads\/2025\/09\/Eva-Solo-Simply-Grow-Pflanzenbox-Ambiente-1_113939-1024x1024.jpg\" alt=\"Eva Solo Simply Grow Pflanzenbox f\u00fcr Kr\u00e4uter im Lagom-Stil. Auch als Variante mit Gew\u00e4chshaus erh\u00e4ltlich. \" class=\"wp-image-22175\" title=\"\" srcset=\"https:\/\/raum-blick.de\/magazin\/wp-content\/uploads\/2025\/09\/Eva-Solo-Simply-Grow-Pflanzenbox-Ambiente-1_113939-1024x1024.jpg 1024w, https:\/\/raum-blick.de\/magazin\/wp-content\/uploads\/2025\/09\/Eva-Solo-Simply-Grow-Pflanzenbox-Ambiente-1_113939-300x300.jpg 300w, https:\/\/raum-blick.de\/magazin\/wp-content\/uploads\/2025\/09\/Eva-Solo-Simply-Grow-Pflanzenbox-Ambiente-1_113939-150x150.jpg 150w, https:\/\/raum-blick.de\/magazin\/wp-content\/uploads\/2025\/09\/Eva-Solo-Simply-Grow-Pflanzenbox-Ambiente-1_113939-768x768.jpg 768w, https:\/\/raum-blick.de\/magazin\/wp-content\/uploads\/2025\/09\/Eva-Solo-Simply-Grow-Pflanzenbox-Ambiente-1_113939.jpg 1500w\" sizes=\"(max-width: 1024px) 100vw, 1024px\" \/><\/a><\/figure>\n\n\n\n<figure class=\"wp-block-image size-large\"><a href=\"https:\/\/www.raum-blick.de\/eva-solo-simply-grow-pflanzenbox\"><img loading=\"lazy\" decoding=\"async\" width=\"1024\" height=\"1024\" data-id=\"22172\" src=\"https:\/\/www.raum-blick.de\/magazin\/wp-content\/uploads\/2025\/09\/Eva-Solo-Simply-Grow-Pflanzenbox-Ambiente-9_113947-1024x1024.jpg\" alt=\"Standardpflanzent\u00f6pfe passen direkt In die wetterfeste Simply Grow Pflanzenbox. Also kein Umpflanzen mehr.\" class=\"wp-image-22172\" title=\"\" srcset=\"https:\/\/raum-blick.de\/magazin\/wp-content\/uploads\/2025\/09\/Eva-Solo-Simply-Grow-Pflanzenbox-Ambiente-9_113947-1024x1024.jpg 1024w, https:\/\/raum-blick.de\/magazin\/wp-content\/uploads\/2025\/09\/Eva-Solo-Simply-Grow-Pflanzenbox-Ambiente-9_113947-300x300.jpg 300w, https:\/\/raum-blick.de\/magazin\/wp-content\/uploads\/2025\/09\/Eva-Solo-Simply-Grow-Pflanzenbox-Ambiente-9_113947-150x150.jpg 150w, https:\/\/raum-blick.de\/magazin\/wp-content\/uploads\/2025\/09\/Eva-Solo-Simply-Grow-Pflanzenbox-Ambiente-9_113947-768x768.jpg 768w, https:\/\/raum-blick.de\/magazin\/wp-content\/uploads\/2025\/09\/Eva-Solo-Simply-Grow-Pflanzenbox-Ambiente-9_113947.jpg 1500w\" sizes=\"(max-width: 1024px) 100vw, 1024px\" \/><\/a><\/figure>\n\n\n\n<figure class=\"wp-block-image size-large\"><a href=\"https:\/\/www.raum-blick.de\/eva-solo-simply-grow-pflanzenbox\"><img loading=\"lazy\" decoding=\"async\" width=\"1024\" height=\"1024\" data-id=\"22171\" src=\"https:\/\/www.raum-blick.de\/magazin\/wp-content\/uploads\/2025\/09\/Eva-Solo-Simply-Grow-Pflanzenbox-Ambiente-10_113948-1024x1024.jpg\" alt=\"Die Eva Solo Pflanzenbox hat das gewisse Lagom-Etwas f\u00fcr Terrasse und Balkon: ein integriertes Selbstbew\u00e4sseruingssystem.\" class=\"wp-image-22171\" title=\"\" srcset=\"https:\/\/raum-blick.de\/magazin\/wp-content\/uploads\/2025\/09\/Eva-Solo-Simply-Grow-Pflanzenbox-Ambiente-10_113948-1024x1024.jpg 1024w, https:\/\/raum-blick.de\/magazin\/wp-content\/uploads\/2025\/09\/Eva-Solo-Simply-Grow-Pflanzenbox-Ambiente-10_113948-300x300.jpg 300w, https:\/\/raum-blick.de\/magazin\/wp-content\/uploads\/2025\/09\/Eva-Solo-Simply-Grow-Pflanzenbox-Ambiente-10_113948-150x150.jpg 150w, https:\/\/raum-blick.de\/magazin\/wp-content\/uploads\/2025\/09\/Eva-Solo-Simply-Grow-Pflanzenbox-Ambiente-10_113948-768x768.jpg 768w, https:\/\/raum-blick.de\/magazin\/wp-content\/uploads\/2025\/09\/Eva-Solo-Simply-Grow-Pflanzenbox-Ambiente-10_113948.jpg 1500w\" sizes=\"(max-width: 1024px) 100vw, 1024px\" \/><\/a><\/figure>\n<figcaption class=\"blocks-gallery-caption wp-element-caption\"><em><span style=\"font-family: &quot;Helvetica Neue&quot;;\">Die wetterfeste Simply Grow Pflanzenbox von Eva Solo bringt frische Kr\u00e4uter direkt auf den Tisch \u2013 nachhaltig und stilvoll.<\/span> Und nat\u00fcrlich bietet die dekorative Box auch anderen Pflanzen ein Zuhause. Mit Selbstbew\u00e4sserungssystem f\u00fcr minimalen Pflegeaufwand und optimales Wachstum.<\/em><\/figcaption><\/figure>\n\n\n\n<h3 class=\"wp-block-heading\"><span class=\"ez-toc-section\" id=\"Einrichtung_Ernaehrung_soziales_Leben_in_perfekter_Balance\"><\/span>Einrichtung, Ern\u00e4hrung, soziales Leben in perfekter Balance<span class=\"ez-toc-section-end\"><\/span><\/h3>\n\n\n\n<p>Achtsamkeit ist ein wesentliches Lagom-Element. Beim Ausw\u00e4hlen, beim Entscheiden, im Tun. Deshalb: Nehmen Sie sich Zeit, \u00fcberst\u00fcrzen Sie nichts und&nbsp;<strong>leben Sie im Moment.<\/strong>&nbsp;Mit allen Sinnen. Und das f\u00fchlt sich unglaublich gut an, Sie werden sehen. Wir sagen Ihnen, was Sie daf\u00fcr brauchen.<\/p>\n\n\n\n<h4 class=\"wp-block-heading\">Lagom in der Einrichtung<\/h4>\n\n\n\n<p>Hier gilt: Weniger ist mehr. Ausw\u00e4hlte M\u00f6belst\u00fccke in Naturt\u00f6nen und klare Linien vermitteln ein Gef\u00fchl von Freiheit und geben gleichzeitig Struktur. Und ja, es darf gerne clean sein in den R\u00e4umen. Daf\u00fcr sorgen M\u00f6bel mit Stauraum, in denen alle Platz findet, was den Eindruck von Ordnung st\u00f6ren k\u00f6nnte. Das ordnet letztlich auch die Gedanken und bringt Ruhe.<\/p>\n\n\n\n<p>Unser Lagom-Tipp: Licht f\u00fcr die Balance. Beispielsweise mit der&nbsp;<a href=\"https:\/\/www.raum-blick.de\/umage-acorn-leuchte\"><strong>schlichten Umage Acorn Leuchte,<\/strong><\/a><strong>&nbsp;<\/strong>die einer Eichel nachempfunden ist. Sie spendet sanftes Licht, ohne zu dominieren und bringt die Stimmung des Waldes zu Ihnen nach Hause \u2013&nbsp;<strong>stimmungsvoll und reduziert zugleich<\/strong>.<\/p>\n\n\n\n<figure class=\"wp-block-gallery has-nested-images columns-default is-cropped wp-block-gallery-4 is-layout-flex wp-block-gallery-is-layout-flex\">\n<figure class=\"wp-block-image size-large\"><a href=\"https:\/\/www.raum-blick.de\/umage-acorn-leuchte\"><img loading=\"lazy\" decoding=\"async\" width=\"1024\" height=\"1024\" data-id=\"22167\" src=\"https:\/\/www.raum-blick.de\/magazin\/wp-content\/uploads\/2025\/09\/umage-acorn-leuchte-weiss_70599-1024x1024.jpg\" alt=\"Umage Acorn Pendelleuchte im skandinavischen Lagom-Stil. Immer ein Hingucker. \" class=\"wp-image-22167\" title=\"\" srcset=\"https:\/\/raum-blick.de\/magazin\/wp-content\/uploads\/2025\/09\/umage-acorn-leuchte-weiss_70599-1024x1024.jpg 1024w, https:\/\/raum-blick.de\/magazin\/wp-content\/uploads\/2025\/09\/umage-acorn-leuchte-weiss_70599-300x300.jpg 300w, https:\/\/raum-blick.de\/magazin\/wp-content\/uploads\/2025\/09\/umage-acorn-leuchte-weiss_70599-150x150.jpg 150w, https:\/\/raum-blick.de\/magazin\/wp-content\/uploads\/2025\/09\/umage-acorn-leuchte-weiss_70599-768x768.jpg 768w, https:\/\/raum-blick.de\/magazin\/wp-content\/uploads\/2025\/09\/umage-acorn-leuchte-weiss_70599.jpg 1080w\" sizes=\"(max-width: 1024px) 100vw, 1024px\" \/><\/a><\/figure>\n\n\n\n<figure class=\"wp-block-image size-large\"><a href=\"https:\/\/www.raum-blick.de\/umage-acorn-leuchte\"><img loading=\"lazy\" decoding=\"async\" width=\"1024\" height=\"1024\" data-id=\"22170\" src=\"https:\/\/www.raum-blick.de\/magazin\/wp-content\/uploads\/2025\/09\/vita-acorn-02083-2_23029gO83yAjSQfBkA-1024x1024.jpg\" alt=\"Die zeitlose Acorn Leucht von Umage im Dreierpack. F\u00fcr ein sch\u00f6nes Stimmungslicht \u00fcber dem gro\u00dfen Esstisch.\" class=\"wp-image-22170\" title=\"\" srcset=\"https:\/\/raum-blick.de\/magazin\/wp-content\/uploads\/2025\/09\/vita-acorn-02083-2_23029gO83yAjSQfBkA-1024x1024.jpg 1024w, https:\/\/raum-blick.de\/magazin\/wp-content\/uploads\/2025\/09\/vita-acorn-02083-2_23029gO83yAjSQfBkA-300x300.jpg 300w, https:\/\/raum-blick.de\/magazin\/wp-content\/uploads\/2025\/09\/vita-acorn-02083-2_23029gO83yAjSQfBkA-150x150.jpg 150w, https:\/\/raum-blick.de\/magazin\/wp-content\/uploads\/2025\/09\/vita-acorn-02083-2_23029gO83yAjSQfBkA-768x768.jpg 768w, https:\/\/raum-blick.de\/magazin\/wp-content\/uploads\/2025\/09\/vita-acorn-02083-2_23029gO83yAjSQfBkA.jpg 1500w\" sizes=\"(max-width: 1024px) 100vw, 1024px\" \/><\/a><\/figure>\n\n\n\n<figure class=\"wp-block-image size-large\"><a href=\"https:\/\/www.raum-blick.de\/umage-acorn-leuchte\"><img loading=\"lazy\" decoding=\"async\" width=\"1024\" height=\"1024\" data-id=\"22165\" src=\"https:\/\/www.raum-blick.de\/magazin\/wp-content\/uploads\/2025\/09\/umage-acorn-leuchte-gold_70601-1024x1024.jpg\" alt=\"Nat\u00fcrliche Harmonie \u00fcber dem K\u00fcchentresen: die Umage Acorn Pendelleuchte schafft Atmosph\u00e4re.\" class=\"wp-image-22165\" title=\"\" srcset=\"https:\/\/raum-blick.de\/magazin\/wp-content\/uploads\/2025\/09\/umage-acorn-leuchte-gold_70601-1024x1024.jpg 1024w, https:\/\/raum-blick.de\/magazin\/wp-content\/uploads\/2025\/09\/umage-acorn-leuchte-gold_70601-300x300.jpg 300w, https:\/\/raum-blick.de\/magazin\/wp-content\/uploads\/2025\/09\/umage-acorn-leuchte-gold_70601-150x150.jpg 150w, https:\/\/raum-blick.de\/magazin\/wp-content\/uploads\/2025\/09\/umage-acorn-leuchte-gold_70601-768x768.jpg 768w, https:\/\/raum-blick.de\/magazin\/wp-content\/uploads\/2025\/09\/umage-acorn-leuchte-gold_70601.jpg 1080w\" sizes=\"(max-width: 1024px) 100vw, 1024px\" \/><\/a><\/figure>\n<figcaption class=\"blocks-gallery-caption wp-element-caption\"><em><span style=\"font-family: &quot;Helvetica Neue&quot;;\">Die einer Eichel nachempfundene Acorn Leuchte von Umage \u2013 ein leuchtendes Beispiel f\u00fcr Balance und Nat\u00fcrlichkeit.<\/span> In poliertem Stahl, Messing oder Kupfer erh\u00e4ltlich.<\/em><\/figcaption><\/figure>\n\n\n\n<h4 class=\"wp-block-heading\">Lagom in der Ern\u00e4hrung<\/h4>\n\n\n\n<p>Bewusstes Genie\u00dfen, regionale und saisonale Lebensmittel und keine Extreme. Denn Ma\u00df halten ist auch f\u00fcr den K\u00f6rper gut. Also setzen Sie auf ausgewogene Mahlzeiten, hochwertige Produkte statt Discounterware. Und es reicht durchaus auch ein St\u00fcck Schokolade, wenn sie so richtig gut ist. Strenge Di\u00e4ten vertragen sich mit dem Lagom-Prinzip \u00fcbrigens genauso wenig wie \u00fcppiges, gehaltvolles Essen. Hier dominiert ganz klar der Genuss von und das Bewusstsein f\u00fcr die guten Dinge.<\/p>\n\n\n\n<h4 class=\"wp-block-heading\">Lagom im sozialen Leben<\/h4>\n\n\n\n<p>Das gro\u00dfe Plus von Lagom: Es schafft N\u00e4he, ohne zu vereinnahmen. Ganz wichtig: Nehmen Sie sich Zeit. F\u00fcr die Familie, f\u00fcr Freunde, aber auch f\u00fcr sich. Und: Verplanen Sie nicht jeden Abend, lassen Sie Raum f\u00fcr Spontaneit\u00e4t. Das kann ein Spaziergang im Wald sein, ein Essen im kleinen Kreis oder eine Fahrradtour mit Ihren Lieben. Alles, was verbindet. Mit anderen und mit uns selbst. Hauptsache wir nehmen R\u00fccksicht aufeinander und stellen das gemeinsame Erleben in den Mittelpunkt.<\/p>\n\n\n\n<h2 class=\"wp-block-heading\"><span class=\"ez-toc-section\" id=\"Welche_Materialien_und_Farben_passen_zum_Lagom-Stil\"><\/span>Welche Materialien und Farben passen zum Lagom-Stil?<span class=\"ez-toc-section-end\"><\/span><\/h2>\n\n\n\n<p>Alles, was&nbsp;<strong>nat\u00fcrlich<\/strong>&nbsp;ist, ist im Balance-Universum von Lagom willkommen: warmes Holz, luftiges Leinen, flauschige Wolle. Materialien also, die warm wirken und ein Gef\u00fchl von Erdung geben.&nbsp;<\/p>\n\n\n\n<p>Doch auch andere Werkstoffe sind Lagomtauglich, solange sie ausbalanciert sind:<\/p>\n\n\n\n<p><strong>Metall<\/strong>&nbsp;darf im Lagom-Stil durchaus vorkommen, jedoch nicht dominant oder k\u00fchl, sondern als feiner Akzent. Matte, geb\u00fcrstete oder pulverbeschichtete Oberfl\u00e4chen sorgen f\u00fcr dezente Details \u2013 etwa bei Lampenfassungen, Griffen oder Wandhaken \u2013, die Struktur verleihen, ohne die nat\u00fcrliche Ruhe des Raums zu st\u00f6ren.&nbsp;<\/p>\n\n\n\n<p><strong>Glas<\/strong>&nbsp;bringt Klarheit und Leichtigkeit in den Raum. Das k\u00f6nnen Vasen, Lampenschirme oder schlichte Gl\u00e4ser sein. Fakt ist: Glas l\u00e4sst R\u00e4ume heller und luftiger wirken, ohne die Aufmerksamkeit an sich zu rei\u00dfen.<\/p>\n\n\n\n<p><strong>Keramik<\/strong>&nbsp;erg\u00e4nzt diesen Effekt durch ihre erdige, authentische Ausstrahlung. Ob handgefertigte Schalen, Becher oder Vasen \u2013 sie vermitteln Bodenst\u00e4ndigkeit und Handwerkskunst, die perfekt zum \u201egenau richtig\u201c-Prinzip von Lagom passen.<\/p>\n\n\n\n<p>Und auch die Farben sind inspiriert von dem, was Natur und Landschaft zu bieten:<\/p>\n\n\n\n<p><strong>Wei\u00df<\/strong>&nbsp;wie das Winterlicht.<\/p>\n\n\n\n<p><strong>Beige und Sandt\u00f6ne<\/strong>&nbsp;wie D\u00fcnen und Str\u00e4nde.<\/p>\n\n\n\n<p><strong>Grau<\/strong>&nbsp;wie schwedische Felsen.<\/p>\n\n\n\n<p><strong>Gr\u00fcn<\/strong>&nbsp;in sanften Nuancen, die Ruhe schenken.<\/p>\n\n\n\n<p>Nat\u00fcrlich sind auch kleine Akzente in anderen Farben erlaubt, beispielsweise ein blaues Kissen oder eine Terrakotta-Vase. Aber achten Sie darauf, dass sie nie so stark sind, dass die Balance verloren geht.<\/p>\n\n\n\n<p>Ein wunderbares Beispiel f\u00fcr funktionale Sch\u00f6nheit sind die&nbsp;<a href=\"https:\/\/www.raum-blick.de\/muuto-the-dots-metal-wandhaken\"><strong>eleganten<\/strong>&nbsp;<strong>Muuto The Dots Metal Wandhaken<\/strong><\/a>. Sie sind flexibel einsetzbar, dezent und gleichzeitig ein kleines Design-Statement.<\/p>\n\n\n\n<figure class=\"wp-block-gallery has-nested-images columns-default is-cropped wp-block-gallery-5 is-layout-flex wp-block-gallery-is-layout-flex\">\n<figure class=\"wp-block-image size-large\"><a href=\"https:\/\/www.raum-blick.de\/muuto-the-dots-metal-wandhaken\"><img loading=\"lazy\" decoding=\"async\" width=\"1024\" height=\"1024\" data-id=\"22159\" src=\"https:\/\/www.raum-blick.de\/magazin\/wp-content\/uploads\/2025\/09\/Muuto-The-Dots-metal-2_27711nBqA4I1omM2PH-1024x1024.jpg\" alt=\"Muuto The Dots Metal Wandhaken bringen Ordnung ins Bad. Und schimmern dabei so sch\u00f6n.\" class=\"wp-image-22159\" title=\"\" srcset=\"https:\/\/raum-blick.de\/magazin\/wp-content\/uploads\/2025\/09\/Muuto-The-Dots-metal-2_27711nBqA4I1omM2PH-1024x1024.jpg 1024w, https:\/\/raum-blick.de\/magazin\/wp-content\/uploads\/2025\/09\/Muuto-The-Dots-metal-2_27711nBqA4I1omM2PH-300x300.jpg 300w, https:\/\/raum-blick.de\/magazin\/wp-content\/uploads\/2025\/09\/Muuto-The-Dots-metal-2_27711nBqA4I1omM2PH-150x150.jpg 150w, https:\/\/raum-blick.de\/magazin\/wp-content\/uploads\/2025\/09\/Muuto-The-Dots-metal-2_27711nBqA4I1omM2PH-768x768.jpg 768w, https:\/\/raum-blick.de\/magazin\/wp-content\/uploads\/2025\/09\/Muuto-The-Dots-metal-2_27711nBqA4I1omM2PH.jpg 1500w\" sizes=\"(max-width: 1024px) 100vw, 1024px\" \/><\/a><\/figure>\n\n\n\n<figure class=\"wp-block-image size-large\"><a href=\"https:\/\/www.raum-blick.de\/muuto-the-dots-metal-wandhaken\"><img loading=\"lazy\" decoding=\"async\" width=\"1024\" height=\"1024\" data-id=\"22160\" src=\"https:\/\/www.raum-blick.de\/magazin\/wp-content\/uploads\/2025\/09\/Muuto-The-Dots-metal-large-Messing_27713JhIpwVRldc1oJ-1024x1024.jpg\" alt=\"Eine Design-Ikone mit robusten Eigenschaften: Mutti The Dots Metal Wandhaken. Hier in Gold und in Nahaufnahme.\" class=\"wp-image-22160\" title=\"\" srcset=\"https:\/\/raum-blick.de\/magazin\/wp-content\/uploads\/2025\/09\/Muuto-The-Dots-metal-large-Messing_27713JhIpwVRldc1oJ-1024x1024.jpg 1024w, https:\/\/raum-blick.de\/magazin\/wp-content\/uploads\/2025\/09\/Muuto-The-Dots-metal-large-Messing_27713JhIpwVRldc1oJ-300x300.jpg 300w, https:\/\/raum-blick.de\/magazin\/wp-content\/uploads\/2025\/09\/Muuto-The-Dots-metal-large-Messing_27713JhIpwVRldc1oJ-150x150.jpg 150w, https:\/\/raum-blick.de\/magazin\/wp-content\/uploads\/2025\/09\/Muuto-The-Dots-metal-large-Messing_27713JhIpwVRldc1oJ-768x768.jpg 768w, https:\/\/raum-blick.de\/magazin\/wp-content\/uploads\/2025\/09\/Muuto-The-Dots-metal-large-Messing_27713JhIpwVRldc1oJ.jpg 1500w\" sizes=\"(max-width: 1024px) 100vw, 1024px\" \/><\/a><\/figure>\n<figcaption class=\"blocks-gallery-caption wp-element-caption\"><em>Lagom auf den Punkt gebracht: <\/em>M<span style=\"font-family: &quot;Helvetica Neue&quot;;\">uuto The Dots Metal \u2013 Wandhaken, die aus Funktionalit\u00e4t ein Design-Statement machen<\/span>. In drei verschiedenen Gr\u00f6\u00dfen und neun schimmernden Metallic-T\u00f6nen. Ihrer Kreativit\u00e4t sind also keine Grenzen gesetzt. <\/figcaption><\/figure>\n\n\n\n<h2 class=\"wp-block-heading\"><span class=\"ez-toc-section\" id=\"Ausgewogene_Atmosphaere_schaffen_%E2%80%93_so_gehts\"><\/span>Ausgewogene Atmosph\u00e4re schaffen \u2013 so geht&#8217;s<span class=\"ez-toc-section-end\"><\/span><\/h2>\n\n\n\n<p>Lagom lehrt uns:&nbsp;<strong>Weniger ist nicht nur mehr, sondern auch entspannter<\/strong>. Statt viele M\u00f6belst\u00fccke anzuschaffen, lieber einige sorgf\u00e4ltig ausgew\u00e4hlte, die langlebig und vielseitig sind.<\/p>\n\n\n\n<p>Ein Raum wirkt sofort harmonischer, wenn er nicht zugestellt ist, sondern jedem M\u00f6belst\u00fcck bewusst Raum zum Atmen bleibt. Ein hochwertiges Sofa, ein stabiler Esstisch aus Holz und ein gutes Regal reichen oft schon aus, um den Kern eines Wohnzimmers zu gestalten. Der Rest entsteht durch gezielt zur\u00fcckhaltend eingesetzte Accessoires.<\/p>\n\n\n\n<p>Auch im Essbereich zeigt sich der Gedanke: Ein massiver Holztisch, der \u00fcber Generationen h\u00e4lt, ist Lagom \u2013 viele billige Tische, die schnell kaputtgehen, dagegen nicht. Qualit\u00e4t ist hier gleichbedeutend mit Ruhe und Best\u00e4ndigkeit.<\/p>\n\n\n\n<p>Das gilt auch f\u00fcr K\u00fcchenutensilien wie ein Schneidebrett. Setzen Sie hier auf Uniformit\u00e4t. Denn je unterschiedlicher die Bretter, desto gr\u00f6\u00dfer der Eindruck von Unordnung. Das&nbsp;<a href=\"https:\/\/www.raum-blick.de\/eva-solo-schneidebrett-set\"><strong>platzsparende<\/strong>&nbsp;<strong>Eva Solo Schneidebrett-Set<\/strong><\/a><strong>&nbsp;<\/strong>ist beispielsweise eine&nbsp;<strong>praktische, elegante L\u00f6sung<\/strong>. Die Bretter sind handlich, vielseitig einsetzbar und dabei \u00e4sthetisch.<\/p>\n\n\n\n<figure class=\"wp-block-gallery has-nested-images columns-default is-cropped wp-block-gallery-6 is-layout-flex wp-block-gallery-is-layout-flex\">\n<figure class=\"wp-block-image size-large\"><a href=\"https:\/\/www.raum-blick.de\/eva-solo-schneidebrett-set\"><img loading=\"lazy\" decoding=\"async\" width=\"1024\" height=\"1024\" data-id=\"22157\" src=\"https:\/\/www.raum-blick.de\/magazin\/wp-content\/uploads\/2025\/09\/eva-solo-schneidebrett-set-520400-2_21839D105l2soMFmtM-1024x1024.jpg\" alt=\"Das Eva Solo Schneidebrett-Set besteht aus drei sp\u00fclmaschinenfesten Kunststoffbrettern in Schwarz, Grau und Raupe.\" class=\"wp-image-22157\" title=\"\" srcset=\"https:\/\/raum-blick.de\/magazin\/wp-content\/uploads\/2025\/09\/eva-solo-schneidebrett-set-520400-2_21839D105l2soMFmtM-1024x1024.jpg 1024w, https:\/\/raum-blick.de\/magazin\/wp-content\/uploads\/2025\/09\/eva-solo-schneidebrett-set-520400-2_21839D105l2soMFmtM-300x300.jpg 300w, https:\/\/raum-blick.de\/magazin\/wp-content\/uploads\/2025\/09\/eva-solo-schneidebrett-set-520400-2_21839D105l2soMFmtM-150x150.jpg 150w, https:\/\/raum-blick.de\/magazin\/wp-content\/uploads\/2025\/09\/eva-solo-schneidebrett-set-520400-2_21839D105l2soMFmtM-768x768.jpg 768w, https:\/\/raum-blick.de\/magazin\/wp-content\/uploads\/2025\/09\/eva-solo-schneidebrett-set-520400-2_21839D105l2soMFmtM.jpg 1500w\" sizes=\"(max-width: 1024px) 100vw, 1024px\" \/><\/a><\/figure>\n\n\n\n<figure class=\"wp-block-image size-large\"><a href=\"https:\/\/www.raum-blick.de\/eva-solo-schneidebrett-set\"><img loading=\"lazy\" decoding=\"async\" width=\"1024\" height=\"1024\" data-id=\"22156\" src=\"https:\/\/www.raum-blick.de\/magazin\/wp-content\/uploads\/2025\/09\/eva-solo-schneidebrett-set-520400_21840k37ufwokuhSH5-1024x1024.jpg\" alt=\"Lagom at its best: Im praktischen Aluminiumhalter ist das Eva Solo Schneidebrett-Trio ganz fix verstaut und kann in aller Ruhe trocknen.\" class=\"wp-image-22156\" title=\"\" srcset=\"https:\/\/raum-blick.de\/magazin\/wp-content\/uploads\/2025\/09\/eva-solo-schneidebrett-set-520400_21840k37ufwokuhSH5-1024x1024.jpg 1024w, https:\/\/raum-blick.de\/magazin\/wp-content\/uploads\/2025\/09\/eva-solo-schneidebrett-set-520400_21840k37ufwokuhSH5-300x300.jpg 300w, https:\/\/raum-blick.de\/magazin\/wp-content\/uploads\/2025\/09\/eva-solo-schneidebrett-set-520400_21840k37ufwokuhSH5-150x150.jpg 150w, https:\/\/raum-blick.de\/magazin\/wp-content\/uploads\/2025\/09\/eva-solo-schneidebrett-set-520400_21840k37ufwokuhSH5-768x768.jpg 768w, https:\/\/raum-blick.de\/magazin\/wp-content\/uploads\/2025\/09\/eva-solo-schneidebrett-set-520400_21840k37ufwokuhSH5.jpg 1500w\" sizes=\"(max-width: 1024px) 100vw, 1024px\" \/><\/a><\/figure>\n<figcaption class=\"blocks-gallery-caption wp-element-caption\"><em>Eva Solo Schneidebrett-Set \u2013 klare Formen, praktische Handhabung und minimalistisches Design. Die drei sp\u00fclmaschinenfesten Kunststoffbretter k\u00f6nnen Sie jeweils f\u00fcr einen bestimmten Zweck verwenden und im Aluminiumhalter getrennt trocknen. Da haben Bakterien keine Chance.<\/em><\/figcaption><\/figure>\n\n\n\n<h3 class=\"wp-block-heading\"><span class=\"ez-toc-section\" id=\"Welche_Rolle_spielt_Funktionalitaet_im_Lagom-Wohndesign\"><\/span>Welche Rolle spielt Funktionalit\u00e4t im Lagom-Wohndesign?<span class=\"ez-toc-section-end\"><\/span><\/h3>\n\n\n\n<p>Bei Lagom ist&nbsp;<strong>Funktionalit\u00e4t kein Widerspruch zur \u00c4sthetik<\/strong>, sondern ihre Grundlage. M\u00f6bel und Accessoires sind nicht nur Dekoration, sondern sollen das Leben tats\u00e4chlich erleichtern.&nbsp;<\/p>\n\n\n\n<p>Ein Sideboard ist Abstellfl\u00e4che mit&nbsp;<strong>clever integrierten Stauraum<\/strong>, der Ordnung schafft. Bei einem Sofa ist nicht die Gr\u00f6\u00dfe entscheidend, sondern die Frage: \u201ePasst es zum Raum, zum Alltag, zu den Menschen, die darauf sitzen?\u201c<\/p>\n\n\n\n<p>Funktionalit\u00e4t bedeutet auch:&nbsp;<strong>Flexibilit\u00e4t<\/strong>. Ein ausziehbarer Esstisch, der auf eine unterschiedliche G\u00e4stezahl eingestellt ist, ist Lagom. Genauso wie ein Hocker, der Sitzplatz und Beistelltisch sein kann. Ganz nach Belieben.<\/p>\n\n\n\n<p>Besonders wichtig: Die Funktion bestimmt die Form, aber sie nimmt ihr nicht die Sch\u00f6nheit. Staurauml\u00f6sungen verschwinden unauff\u00e4llig in klaren Linien, Leuchten sind dimmbar und passen sich der Stimmung an, Materialien f\u00fchlen sich gut an und sind langlebig.<\/p>\n\n\n\n<p>Lagom bedeutet: Dinge sind nicht \u00fcberfl\u00fcssig, sondern erf\u00fcllen einen klaren Zweck \u2013&nbsp;<strong>praktisch, sch\u00f6n und im Gleichgewicht<\/strong>.<\/p>\n\n\n\n<h3 class=\"wp-block-heading\"><span class=\"ez-toc-section\" id=\"Das_ganze_Jahr_ueber_in_Balance\"><\/span>Das ganze Jahr \u00fcber in Balance<span class=\"ez-toc-section-end\"><\/span><\/h3>\n\n\n\n<p>Lagom ist kein starrer Stil, sondern passt sich dem Lauf des Jahres an. Jede Jahreszeit bekommt ihr eigenes \u201egenau richtig\u201c. Und Ihr Zuhause ver\u00e4ndert sich mit.<\/p>\n\n\n\n<p><strong>Winter:<\/strong>&nbsp;In der dunklen Jahreszeit steht W\u00e4rme im Mittelpunkt. Edle (Duft-)Kerzen auf dem Fensterbrett, kuschelige Wollplaids \u00fcber dem Sofa und warmes Licht machen die R\u00e4ume behaglich. Aber bitte nicht \u00fcbertreiben. Es reicht eine kleine Kerzengruppe oder auch eine einzelne Pendelleuchte wie die&nbsp;<em>Umage Acorn<\/em>, die eine sanfte Atmosph\u00e4re schafft. Da braucht es nicht noch zig Lichterketten.&nbsp;<\/p>\n\n\n\n<p><strong>Fr\u00fchling:<\/strong>&nbsp;Jetzt wird es luftig-leicht. Frische Blumen in klaren Glasvasen, helle Leinenstoffe und kleine gr\u00fcne Akzente wie Pflanzenboxen von&nbsp;<em>Eva Solo<\/em>&nbsp;bringen Lebendigkeit, ohne zu \u00fcberladen. Gardinen d\u00fcrfen Licht hereinlassen, M\u00f6bel r\u00fccken vielleicht etwas auseinander, damit der Raum atmet.<\/p>\n\n\n\n<p><strong>Sommer:<\/strong>&nbsp;In dieser Zeit wird Lagom nach drau\u00dfen verlagert. Ein gedeckter Tisch auf der Terrasse, leichte Stoffe wie Baumwolle oder Leinen, offene Fenster, die das Licht hineinlassen. Reduziert dekorierte M\u00f6bel, damit mehr Platz f\u00fcr Bewegung bleibt. Achten Sie auf alle F\u00e4lle darauf, dass Ihr Zuhause seine Ruhe nicht verliert&nbsp;\u2013&nbsp;drau\u00dfen wie drinne.<\/p>\n\n\n\n<p><strong>Herbst:<\/strong>&nbsp;Erdige T\u00f6ne, Holz und Keramik ziehen ein. Vasen aus Ton, dezente Decken und Teppiche schaffen eine Atmosph\u00e4re der Einkehr. Jetzt darf es etwas dunkler sein, aber nie \u00fcberladen. Ein paar Keramikbecher auf dem Tisch, ein warmes Grau auf den Kissen \u2013 so bleibt das Gleichgewicht erhalten.<\/p>\n\n\n\n<p>Sie sehen, Lagom macht es Ihnen leicht, die&nbsp;<strong>Jahreszeiten bewusst zu erleben<\/strong>, ohne jedes Mal komplett umzudekorieren. Kleine, gezielte Akzente gen\u00fcgen, um die Stimmung zu ver\u00e4ndern. Immer mit dem Ziel, Harmonie und Balance zu wahren.<\/p>\n\n\n\n<h2 class=\"wp-block-heading\"><span class=\"ez-toc-section\" id=\"Haeufig_gestellte_Fragen_FAQs_zu_Lagom\"><\/span>H\u00e4ufig gestellte Fragen (FAQs) zu Lagom<span class=\"ez-toc-section-end\"><\/span><\/h2>\n\n\n\n<p><strong>Was ist der Unterschied zwischen Lagom und Minimalismus?<\/strong><br>Minimalismus bedeutet Verzicht, Lagom dagegen Balance.<\/p>\n\n\n\n<p><strong>Kann ich Lagom auch mit Familie leben?<\/strong><br>Aber nat\u00fcrlich. Gerade Familien profitieren von der Ruhe und Struktur, die Lagom in die R\u00e4ume bringt.<\/p>\n\n\n\n<p><strong>Welche Farben sind typisch f\u00fcr Lagom?<\/strong><br>Helle Naturt\u00f6ne wie Beige, Wei\u00df, Grau und sanfte Gr\u00fcnnuancen.<\/p>\n\n\n\n<p><strong>Welche M\u00f6bel passen zu Lagom?<\/strong><br>Funktionale, langlebige M\u00f6bel aus nat\u00fcrlichen Materialien. Am besten wenige, aber hochwertige St\u00fccke.<\/p>\n\n\n\n<p><strong>Wie beginne ich mit Lagom?<\/strong><br>Starten Sie in einem Raum \u2013 oft macht der Flur den Unterschied. Ein Schuhregal oder Wandhaken sorgen dort sofort f\u00fcr Ruhe und Struktur.<\/p>\n\n\n\n<p><strong>Welche Rolle spielt Funktionalit\u00e4t im Lagom-Wohndesign?<\/strong><br>Sie ist ein Kernelement von Lagom. Denn es geht in erster Linie darum, dass die M\u00f6bel praktisch sind. Und erst in zweiter um ihre Sch\u00f6nheit.<\/p>\n\n\n\n<p>Ein kurzlebiger Einrichtungstrend ist Lagom auf alle F\u00e4lle nicht. Wer sich auf die Werte und Prinzipien einl\u00e4sst, schenkt sich selbst ein St\u00fcck Ruhe und Klarheit im hektischen Alltag. Und es ist vor allem nie zu sp\u00e4t, sich das bewusst zu machen. Probieren Sie&#8217;s einfach aus und fangen Sie auch gerne klein an. Der Effekt wird nachhaltig sein, da sind wir uns sicher.&nbsp;<\/p>\n\n\n\n<div class=\"wp-block-buttons is-content-justification-center is-layout-flex wp-container-core-buttons-is-layout-16018d1d wp-block-buttons-is-layout-flex\">\n<div class=\"wp-block-button\"><a class=\"wp-block-button__link has-white-color has-black-background-color has-text-color has-background wp-element-button\" href=\"https:\/\/www.raum-blick.de\">Ihr Klick zu mehr Wohn-Balance!<\/a><\/div>\n<\/div>\n<\/p>","protected":false},"excerpt":{"rendered":"<p>\u00ab Alles in Balance \u00bb Nicht zu viel, nicht zu wenig \u2013 sondern genau richtig. Was f\u00fcr viele wie ein Ideal klingt, ist in Schweden l\u00e4ngst gelebte Lebensphilosophie: Lagom. Ob im Wohndesign, im sozialen Miteinander oder beim Essen \u2013 Lagom l\u00e4dt uns dazu ein, bewusster, ausgeglichener und nachhaltiger zu leben. Stellen Sie sich vor: Ein [&hellip;]<\/p>\n","protected":false},"author":4,"featured_media":22166,"comment_status":"closed","ping_status":"open","sticky":false,"template":"","format":"standard","meta":{"_et_pb_use_builder":"","_et_pb_old_content":"","_et_gb_content_width":"","inline_featured_image":false,"footnotes":""},"categories":[6,1],"tags":[18,13,11,605,239,1236,505,912,732,1596,935,408,560],"class_list":["post-22153","post","type-post","status-publish","format-standard","has-post-thumbnail","hentry","category-draussen","category-drinnen","tag-eva-solo","tag-kuechenaccessoires","tag-kuechenhelfer","tag-lagom","tag-muuto","tag-pendelleuchte","tag-pflanzenbehaelter","tag-schuhregal","tag-skandinavisch","tag-skandinavisches-design","tag-umage","tag-wandhaken","tag-we-do-wood"],"_links":{"self":[{"href":"https:\/\/raum-blick.de\/magazin\/wp-json\/wp\/v2\/posts\/22153","targetHints":{"allow":["GET"]}}],"collection":[{"href":"https:\/\/raum-blick.de\/magazin\/wp-json\/wp\/v2\/posts"}],"about":[{"href":"https:\/\/raum-blick.de\/magazin\/wp-json\/wp\/v2\/types\/post"}],"author":[{"embeddable":true,"href":"https:\/\/raum-blick.de\/magazin\/wp-json\/wp\/v2\/users\/4"}],"replies":[{"embeddable":true,"href":"https:\/\/raum-blick.de\/magazin\/wp-json\/wp\/v2\/comments?post=22153"}],"version-history":[{"count":11,"href":"https:\/\/raum-blick.de\/magazin\/wp-json\/wp\/v2\/posts\/22153\/revisions"}],"predecessor-version":[{"id":22194,"href":"https:\/\/raum-blick.de\/magazin\/wp-json\/wp\/v2\/posts\/22153\/revisions\/22194"}],"wp:featuredmedia":[{"embeddable":true,"href":"https:\/\/raum-blick.de\/magazin\/wp-json\/wp\/v2\/media\/22166"}],"wp:attachment":[{"href":"https:\/\/raum-blick.de\/magazin\/wp-json\/wp\/v2\/media?parent=22153"}],"wp:term":[{"taxonomy":"category","embeddable":true,"href":"https:\/\/raum-blick.de\/magazin\/wp-json\/wp\/v2\/categories?post=22153"},{"taxonomy":"post_tag","embeddable":true,"href":"https:\/\/raum-blick.de\/magazin\/wp-json\/wp\/v2\/tags?post=22153"}],"curies":[{"name":"wp","href":"https:\/\/api.w.org\/{rel}","templated":true}]}}