{"id":22137,"date":"2025-10-10T09:00:00","date_gmt":"2025-10-10T07:00:00","guid":{"rendered":"https:\/\/www.raum-blick.de\/magazin\/?p=22137"},"modified":"2025-09-24T15:17:34","modified_gmt":"2025-09-24T13:17:34","slug":"designer-im-spotlight-theresa-rand","status":"publish","type":"post","link":"https:\/\/raum-blick.de\/magazin\/designer-im-spotlight-theresa-rand\/","title":{"rendered":"Designer im Spotlight: Theresa Rand"},"content":{"rendered":"\n<h2 class=\"wp-block-heading\"><span class=\"ez-toc-section\" id=\"%C2%AB_Designerin_mit_unverwechselbarem_Stil_%C2%BB\"><\/span>\u00ab Designerin mit unverwechselbarem Stil \u00bb<span class=\"ez-toc-section-end\"><\/span><\/h2>\n\n\n\n<p><strong>Theresa Rand, eine gefeierte Designerin, hat sich durch ihren unverwechselbaren Stil in der Welt des skandinavischen Designs einen Namen gemacht. Ihre Werke, darunter prominente Designs f\u00fcr Audo, zeichnen sich durch eine harmonische Kombination aus Form und Funktion aus. Rand greift oft auf nat\u00fcrliche Materialien zur\u00fcck und stiehlt mit ihrer klaren, minimalistischen \u00c4sthetik die Aufmerksamkeit designbewusster Kunden. Ihre Kreationen f\u00fcr Audo spiegeln eine Vorliebe f\u00fcr Nachhaltigkeit wider und bringen ein Gef\u00fchl von Ruhe und Eleganz in jeden Raum. Die Designphilosophie von Theresa Rand verbindet Einfachheit mit Raffinesse und bietet so einen einzigartigen Mehrwert f\u00fcr moderne Wohnkonzepte.<\/strong><\/p>\n\n\n\n<h2 class=\"wp-block-heading\"><span class=\"ez-toc-section\" id=\"Reize_des_Skandinavischen_Designs\"><\/span>Reize des Skandinavischen Designs<span class=\"ez-toc-section-end\"><\/span><\/h2>\n\n\n\n<p><strong>Skandinavisches Design<\/strong> fasziniert durch seine <strong>harmonische Kombination<\/strong> aus <strong>Schlichtheit, Funktionalit\u00e4t<\/strong> und <strong>zeitloser Eleganz<\/strong>. Es stammt aus einer Region, die f\u00fcr ihre langen, dunklen Winter bekannt ist, was das Bed\u00fcrfnis nach hellen, einladenden R\u00e4umen gef\u00f6rdert hat. <strong>Theresa Rand<\/strong>, bekannt f\u00fcr ihre Arbeiten f\u00fcr Audo, <strong>nutzt diese Prinzipien geschickt<\/strong>, um Wohnr\u00e4ume in Oasen des Wohlbefindens zu verwandeln. Charakteristische Elemente, wie die <strong>Reduzierung auf das Wesentliche<\/strong> und die <strong>Verwendung nat\u00fcrlicher Materialien<\/strong>, tragen dazu bei, eine <strong>warme, entspannte Atmosph\u00e4re<\/strong> zu schaffen. Der<strong> subtile Einsatz von Farben<\/strong> <strong>und Texturen <\/strong>bietet eine <strong>beruhigende Wirkung<\/strong> und betont gleichzeitig die funktionale \u00c4sthetik der M\u00f6bel und Accessoires.<\/p><div id=\"ez-toc-container\" class=\"ez-toc-v2_0_82_2 counter-hierarchy ez-toc-counter ez-toc-grey ez-toc-container-direction\">\n<div class=\"ez-toc-title-container\">\n<p class=\"ez-toc-title\" style=\"cursor:inherit\">Was hier auf Sie wartet<\/p>\n<span class=\"ez-toc-title-toggle\"><a href=\"#\" class=\"ez-toc-pull-right ez-toc-btn ez-toc-btn-xs ez-toc-btn-default ez-toc-toggle\" aria-label=\"Toggle Table of Content\"><span class=\"ez-toc-js-icon-con\"><span class=\"\"><span class=\"eztoc-hide\" style=\"display:none;\">Toggle<\/span><span class=\"ez-toc-icon-toggle-span\"><svg style=\"fill: #999;color:#999\" xmlns=\"http:\/\/www.w3.org\/2000\/svg\" class=\"list-377408\" width=\"20px\" height=\"20px\" viewBox=\"0 0 24 24\" fill=\"none\"><path d=\"M6 6H4v2h2V6zm14 0H8v2h12V6zM4 11h2v2H4v-2zm16 0H8v2h12v-2zM4 16h2v2H4v-2zm16 0H8v2h12v-2z\" fill=\"currentColor\"><\/path><\/svg><svg style=\"fill: #999;color:#999\" class=\"arrow-unsorted-368013\" xmlns=\"http:\/\/www.w3.org\/2000\/svg\" width=\"10px\" height=\"10px\" viewBox=\"0 0 24 24\" version=\"1.2\" baseProfile=\"tiny\"><path d=\"M18.2 9.3l-6.2-6.3-6.2 6.3c-.2.2-.3.4-.3.7s.1.5.3.7c.2.2.4.3.7.3h11c.3 0 .5-.1.7-.3.2-.2.3-.5.3-.7s-.1-.5-.3-.7zM5.8 14.7l6.2 6.3 6.2-6.3c.2-.2.3-.5.3-.7s-.1-.5-.3-.7c-.2-.2-.4-.3-.7-.3h-11c-.3 0-.5.1-.7.3-.2.2-.3.5-.3.7s.1.5.3.7z\"\/><\/svg><\/span><\/span><\/span><\/a><\/span><\/div>\n<nav><ul class='ez-toc-list ez-toc-list-level-1 ' ><li class='ez-toc-page-1 ez-toc-heading-level-2'><a class=\"ez-toc-link ez-toc-heading-1\" href=\"https:\/\/raum-blick.de\/magazin\/designer-im-spotlight-theresa-rand\/#%C2%AB_Designerin_mit_unverwechselbarem_Stil_%C2%BB\" >\u00ab Designerin mit unverwechselbarem Stil \u00bb<\/a><\/li><li class='ez-toc-page-1 ez-toc-heading-level-2'><a class=\"ez-toc-link ez-toc-heading-2\" href=\"https:\/\/raum-blick.de\/magazin\/designer-im-spotlight-theresa-rand\/#Reize_des_Skandinavischen_Designs\" >Reize des Skandinavischen Designs<\/a><\/li><li class='ez-toc-page-1 ez-toc-heading-level-2'><a class=\"ez-toc-link ez-toc-heading-3\" href=\"https:\/\/raum-blick.de\/magazin\/designer-im-spotlight-theresa-rand\/#Theresa_Rands_Einfluesse_in_der_Designwelt\" >Theresa Rands Einfl\u00fcsse in der Designwelt<\/a><\/li><li class='ez-toc-page-1 ez-toc-heading-level-2'><a class=\"ez-toc-link ez-toc-heading-4\" href=\"https:\/\/raum-blick.de\/magazin\/designer-im-spotlight-theresa-rand\/#Die_Philosophie_hinter_Theresa_Rands_Werke\" >Die Philosophie hinter Theresa Rands Werke<\/a><\/li><li class='ez-toc-page-1 ez-toc-heading-level-2'><a class=\"ez-toc-link ez-toc-heading-5\" href=\"https:\/\/raum-blick.de\/magazin\/designer-im-spotlight-theresa-rand\/#Highlights_Theresa_Rands_Zusammenarbeit_mit_Audo\" >Highlights: Theresa Rands Zusammenarbeit mit Audo<\/a><ul class='ez-toc-list-level-3' ><li class='ez-toc-heading-level-3'><a class=\"ez-toc-link ez-toc-heading-6\" href=\"https:\/\/raum-blick.de\/magazin\/designer-im-spotlight-theresa-rand\/#Audo_Copenhagen_Theresa_Rand_eine_Zusammenarbeit_der_besonderen_Art\" >Audo Copenhagen &amp; Theresa Rand: eine Zusammenarbeit der besonderen Art<\/a><\/li><\/ul><\/li><li class='ez-toc-page-1 ez-toc-heading-level-2'><a class=\"ez-toc-link ez-toc-heading-7\" href=\"https:\/\/raum-blick.de\/magazin\/designer-im-spotlight-theresa-rand\/#Praktische_Tipps_fuer_die_Integration_der_Designs_von_Theresa_Rand_im_eigenen_Zuhause\" >Praktische Tipps f\u00fcr die Integration der Designs von Theresa Rand im eigenen Zuhause<\/a><\/li><li class='ez-toc-page-1 ez-toc-heading-level-2'><a class=\"ez-toc-link ez-toc-heading-8\" href=\"https:\/\/raum-blick.de\/magazin\/designer-im-spotlight-theresa-rand\/#Die_Rolle_der_Nachhaltigkeit_in_Theresa_Rands_Arbeiten\" >Die Rolle der Nachhaltigkeit in Theresa Rands Arbeiten<\/a><\/li><li class='ez-toc-page-1 ez-toc-heading-level-2'><a class=\"ez-toc-link ez-toc-heading-9\" href=\"https:\/\/raum-blick.de\/magazin\/designer-im-spotlight-theresa-rand\/#Emotionale_Verbindungen_durch_Design_schaffen\" >Emotionale Verbindungen durch Design schaffen<\/a><\/li><li class='ez-toc-page-1 ez-toc-heading-level-2'><a class=\"ez-toc-link ez-toc-heading-10\" href=\"https:\/\/raum-blick.de\/magazin\/designer-im-spotlight-theresa-rand\/#Entdecken_Sie_das_unverwechselbare_Design_von_Theresa_Rand_bei_RAUM-BLICK\" >Entdecken Sie das unverwechselbare Design von Theresa Rand bei RAUM-BLICK<\/a><\/li><li class='ez-toc-page-1 ez-toc-heading-level-2'><a class=\"ez-toc-link ez-toc-heading-11\" href=\"https:\/\/raum-blick.de\/magazin\/designer-im-spotlight-theresa-rand\/#Haeufig_gestellte_Fragen_FAQs_zu_Theresa_Rand\" >H\u00e4ufig gestellte Fragen (FAQs) zu Theresa Rand<\/a><ul class='ez-toc-list-level-3' ><li class='ez-toc-heading-level-3'><a class=\"ez-toc-link ez-toc-heading-12\" href=\"https:\/\/raum-blick.de\/magazin\/designer-im-spotlight-theresa-rand\/#Was_macht_das_Design_von_Theresa_Rand_so_einzigartig\" >Was macht das Design von Theresa Rand so einzigartig?<\/a><\/li><li class='ez-toc-page-1 ez-toc-heading-level-3'><a class=\"ez-toc-link ez-toc-heading-13\" href=\"https:\/\/raum-blick.de\/magazin\/designer-im-spotlight-theresa-rand\/#Welche_Materialien_verwendet_Theresa_Rand_bevorzugt_in_ihren_Audo-Kreationen\" >Welche Materialien verwendet Theresa Rand bevorzugt in ihren Audo-Kreationen?<\/a><\/li><li class='ez-toc-page-1 ez-toc-heading-level-3'><a class=\"ez-toc-link ez-toc-heading-14\" href=\"https:\/\/raum-blick.de\/magazin\/designer-im-spotlight-theresa-rand\/#Welche_praktischen_Vorteile_bieten_Theresa_Rands_Audo-Werke\" >Welche praktischen Vorteile bieten Theresa Rands Audo-Werke?<\/a><\/li><li class='ez-toc-page-1 ez-toc-heading-level-3'><a class=\"ez-toc-link ez-toc-heading-15\" href=\"https:\/\/raum-blick.de\/magazin\/designer-im-spotlight-theresa-rand\/#Wie_integrieren_sich_Theresa_Rands_Designs_in_einen_bestehenden_Wohnstil\" >Wie integrieren sich Theresa Rands Designs in einen bestehenden Wohnstil?<\/a><\/li><\/ul><\/li><\/ul><\/nav><\/div>\n\n\n\n\n<h2 class=\"wp-block-heading\"><span class=\"ez-toc-section\" id=\"Theresa_Rands_Einfluesse_in_der_Designwelt\"><\/span>Theresa Rands Einfl\u00fcsse in der Designwelt<span class=\"ez-toc-section-end\"><\/span><\/h2>\n\n\n\n<p>Theresa Rand pr\u00e4gt durch ihre umfassende Perspektive und fundierte Ausbildung in der Designwelt. Die<strong> in Deutschland geborene Designerin<\/strong> hat eine <strong>beeindruckende Karriere mit Bl\u00fctezeit in D\u00e4nemark<\/strong> hinter sich, was ihrer Arbeit einen faszinierenden skandinavischen Touch verleiht. Theresa Rand geht <strong>bei ihrer Arbeit weit \u00fcber das \u00e4sthetische Element<\/strong> hinaus und <strong>ber\u00fccksichtigt funktionale Aspekte, die das Leben harmonisieren<\/strong>. Ihre Projekte, insbesondere Kollaborationen mit renommierten Marken wie <a href=\"https:\/\/www.raum-blick.de\/audo\/\">Audo<\/a>, spiegeln diese Herangehensweise wider.<\/p>\n\n\n\n<ul class=\"wp-block-list\">\n<li>Ein <strong>wesentlicher Einfluss<\/strong> auf Theresa Rands Arbeiten ist der <strong>Dialog zwischen Handwerk und moderner \u00c4sthetik<\/strong>. Das zeigt sich deutlich in ihren Produktdesigns, welche die elegante Schlichtheit des skandinavischen Designs mit einem Hauch deutscher Pr\u00e4zision kombinieren. Theresa Rand hat ein <strong>besonderes Talent daf\u00fcr, traditionellen und zeitgen\u00f6ssischen Stil zu verschmelzen<\/strong> und dabei die <strong>umgebenden nat\u00fcrlichen Elemente zu einer Quelle der Inspiration<\/strong> zu machen.<\/li>\n\n\n\n<li>In der<strong> Zusammenarbeit mit Audo<\/strong> wurde diese Philosophie besonders deutlich. Hier <strong>vereint Rand die geometrische Gradlinigkeit skandinavischen Designs mit einer warmen Materialwahl<\/strong>, die der nat\u00fcrlichen Anmutung der Objekte Ausdruck verleiht. Aufmerksam gew\u00e4hlte Materialien und eine ausgezeichnete Verarbeitung verst\u00e4rken die Langlebigkeit ihrer Kreationen, was sie zu idealen Erg\u00e4nzungen f\u00fcr ein modernes Zuhause macht.<\/li>\n<\/ul>\n\n\n\n<p>Wer sich daf\u00fcr entscheidet, <strong>Theresa Rands Designst\u00fccke<\/strong> in den eigenen Wohnraum zu integrieren, holt sich nicht nur ein M\u00f6belst\u00fcck ins Haus, sondern ein <strong>St\u00fcck lebendiger Designgeschichte<\/strong>. Jedes ihrer Werke erz\u00e4hlt durch seine durchdachte Gestaltung eine Geschichte, die den Betrachter \u00fcber Funktionalit\u00e4t hinaus inspiriert und einl\u00e4dt, sich mit der Designwelt auf einer pers\u00f6nlicheren Ebene auseinanderzusetzen.<\/p>\n\n\n\n<figure class=\"wp-block-image aligncenter size-large\"><img loading=\"lazy\" decoding=\"async\" width=\"1024\" height=\"683\" src=\"https:\/\/www.raum-blick.de\/magazin\/wp-content\/uploads\/2025\/08\/Theresa-Arns-1024x683.jpg\" alt=\"\" class=\"wp-image-22139\" title=\"\" srcset=\"https:\/\/raum-blick.de\/magazin\/wp-content\/uploads\/2025\/08\/Theresa-Arns-1024x683.jpg 1024w, https:\/\/raum-blick.de\/magazin\/wp-content\/uploads\/2025\/08\/Theresa-Arns-300x200.jpg 300w, https:\/\/raum-blick.de\/magazin\/wp-content\/uploads\/2025\/08\/Theresa-Arns-768x512.jpg 768w, https:\/\/raum-blick.de\/magazin\/wp-content\/uploads\/2025\/08\/Theresa-Arns-1536x1024.jpg 1536w, https:\/\/raum-blick.de\/magazin\/wp-content\/uploads\/2025\/08\/Theresa-Arns-2048x1365.jpg 2048w\" sizes=\"(max-width: 1024px) 100vw, 1024px\" \/><figcaption class=\"wp-element-caption\"><em>Designerin Theresa Rand<\/em><\/figcaption><\/figure>\n\n\n\n<h2 class=\"wp-block-heading\"><span class=\"ez-toc-section\" id=\"Die_Philosophie_hinter_Theresa_Rands_Werke\"><\/span>Die Philosophie hinter Theresa Rands Werke<span class=\"ez-toc-section-end\"><\/span><\/h2>\n\n\n\n<p>Theresa Rands kreative Philosophie zeigt sich in ihren Arbeiten f\u00fcr Audo durch eine <strong>harmonische Balance von Form und Funktion<\/strong>. Ihre Design-\u00c4sthetik spiegelt eine subtile Interaktion zwischen Materialien und Raum wider, die nicht nur Augen, sondern auch Herzen anspricht. Die skandinavische Wurzeln von Theresa Rand kommen in ihrer <strong>klaren Linienf\u00fchrung<\/strong> und der <strong>sanften Farbpalette<\/strong> zum Tragen, die Ruhe und Best\u00e4ndigkeit in den Wohnraum bringen. <strong>Ein zentrales Element ihrer Philosophie ist die Nachhaltigkeit<\/strong>. Theresa Rand setzt auf nachhaltige Materialien und Produktionsprozesse, was nicht nur der Umwelt, sondern auch der Stilsicherheit ihres Designs zugutekommt.<br><br>Rands <strong>Designs gehen jedoch \u00fcber \u00c4sthetik hinaus<\/strong> und <strong>bieten funktionalen Mehrwert<\/strong>. Das Zusammenspiel aus Detailgenauigkeit und praktischer N\u00fctzlichkeit schafft ein Gef\u00fchl der Zugeh\u00f6rigkeit, das den Wohnraum lebendig werden l\u00e4sst. Die Leichtigkeit, mit der ihre Werke sich in das individuelle Zuhause integrieren lassen, inspiriert zur kreativen Raumgestaltung und verleiht den eigenen vier W\u00e4nden eine ganz pers\u00f6nliche Note.<br><br>Ob es nun die <a href=\"https:\/\/www.raum-blick.de\/audo-echasse-schale\">Audo &#8211; Echasse Schale<\/a> ist oder der <a href=\"https:\/\/www.raum-blick.de\/audo-turning-table-couchtisch\">Audo &#8211; Turning Table<\/a> \u2013 das <strong>\u00fcbergeordnete Ziel ihrer Werke liegt darin, durchdachte, sch\u00f6ne Produkte zug\u00e4nglich zu machen, die den Alltag nicht nur erleichtern, sondern bereichern<\/strong>. Rands Kreationen \u00f6ffnen T\u00fcren zu einer wohl\u00fcberlegten und nachhaltigen \u00c4sthetik, die den Standard des skandinavischen Designs neu definiert.<\/p>\n\n\n\n<div class=\"wp-block-columns is-layout-flex wp-container-core-columns-is-layout-9d6595d7 wp-block-columns-is-layout-flex\">\n<div class=\"wp-block-column is-layout-flow wp-block-column-is-layout-flow\">\n<figure class=\"wp-block-image aligncenter size-full\"><a href=\"https:\/\/www.raum-blick.de\/audo-echasse-schale\"><img loading=\"lazy\" decoding=\"async\" width=\"1024\" height=\"1024\" src=\"https:\/\/www.raum-blick.de\/magazin\/wp-content\/uploads\/2025\/08\/14-neu-menu-echase-vase_63500_1280x1280.jpg\" alt=\"Die Echasse Schale von Audo und designt von Theresa Rand\" class=\"wp-image-22140\" title=\"\" srcset=\"https:\/\/raum-blick.de\/magazin\/wp-content\/uploads\/2025\/08\/14-neu-menu-echase-vase_63500_1280x1280.jpg 1024w, https:\/\/raum-blick.de\/magazin\/wp-content\/uploads\/2025\/08\/14-neu-menu-echase-vase_63500_1280x1280-300x300.jpg 300w, https:\/\/raum-blick.de\/magazin\/wp-content\/uploads\/2025\/08\/14-neu-menu-echase-vase_63500_1280x1280-150x150.jpg 150w, https:\/\/raum-blick.de\/magazin\/wp-content\/uploads\/2025\/08\/14-neu-menu-echase-vase_63500_1280x1280-768x768.jpg 768w\" sizes=\"(max-width: 1024px) 100vw, 1024px\" \/><\/a><figcaption class=\"wp-element-caption\"><em>Audo &#8211; Echasse Schale<\/em><\/figcaption><\/figure>\n<\/div>\n\n\n\n<div class=\"wp-block-column is-layout-flow wp-block-column-is-layout-flow\">\n<figure class=\"wp-block-image aligncenter size-large\"><a href=\"https:\/\/www.raum-blick.de\/audo-turning-table-couchtisch\"><img loading=\"lazy\" decoding=\"async\" width=\"1024\" height=\"1024\" src=\"https:\/\/www.raum-blick.de\/magazin\/wp-content\/uploads\/2025\/08\/menu-turning-table-eiche-weiss-beistelltisch_67677vNSX5c3tj25Wl_1280x1280-1024x1024.jpg\" alt=\"Der Turning Table von Audo und designt von Theresa Rand\" class=\"wp-image-22141\" title=\"\" srcset=\"https:\/\/raum-blick.de\/magazin\/wp-content\/uploads\/2025\/08\/menu-turning-table-eiche-weiss-beistelltisch_67677vNSX5c3tj25Wl_1280x1280-1024x1024.jpg 1024w, https:\/\/raum-blick.de\/magazin\/wp-content\/uploads\/2025\/08\/menu-turning-table-eiche-weiss-beistelltisch_67677vNSX5c3tj25Wl_1280x1280-300x300.jpg 300w, https:\/\/raum-blick.de\/magazin\/wp-content\/uploads\/2025\/08\/menu-turning-table-eiche-weiss-beistelltisch_67677vNSX5c3tj25Wl_1280x1280-150x150.jpg 150w, https:\/\/raum-blick.de\/magazin\/wp-content\/uploads\/2025\/08\/menu-turning-table-eiche-weiss-beistelltisch_67677vNSX5c3tj25Wl_1280x1280-768x768.jpg 768w, https:\/\/raum-blick.de\/magazin\/wp-content\/uploads\/2025\/08\/menu-turning-table-eiche-weiss-beistelltisch_67677vNSX5c3tj25Wl_1280x1280.jpg 1080w\" sizes=\"(max-width: 1024px) 100vw, 1024px\" \/><\/a><figcaption class=\"wp-element-caption\"><em>Audo &#8211; Turning Table<\/em><\/figcaption><\/figure>\n<\/div>\n<\/div>\n\n\n\n<h2 class=\"wp-block-heading\"><span class=\"ez-toc-section\" id=\"Highlights_Theresa_Rands_Zusammenarbeit_mit_Audo\"><\/span>Highlights: Theresa Rands Zusammenarbeit mit Audo<span class=\"ez-toc-section-end\"><\/span><\/h2>\n\n\n\n<p>Die <strong>Zusammenarbeit von Theresa Rand mit Audo<\/strong> markiert einen beeindruckenden Abschnitt ihrer kreativen Laufbahn und bietet tiefe Einblicke in die Welt des modernen skandinavischen Designs. Audo, bekannt f\u00fcr seine schlichte Eleganz und Funktionalit\u00e4t, vereint sich harmonisch mit Rands vision\u00e4ren Ans\u00e4tzen, die das Traditionelle respektieren, w\u00e4hrend sie zugleich auf das Zeitgem\u00e4\u00dfe abzielen.<\/p>\n\n\n\n<ul class=\"wp-block-list\">\n<li><strong>Audo &#8211; Echasse Collection: <\/strong>Eines der Designwerke in Zusammenarbeit mit Audo stellt die <a href=\"https:\/\/www.raum-blick.de\/audo-echasse-vase\">Echasse Vase<\/a> dar. Stelzen\u00e4hnliche Beine, die aus massivem Messing bestehen, tragen diese aus mundgeblasenem Glas gefertigte Vase. Vor allem das rauchig gef\u00e4rbte Glas sorgt daf\u00fcr, dass die tropfenf\u00f6rmige, gro\u00dfe Vase sehr edel erscheint. Die Vase gibt es in verschiedenen Gr\u00f6\u00dfen, sodass <strong>man<\/strong> die passende f\u00fcr die eigenen vier W\u00e4nde ausw\u00e4hlen kann. Passend zur Vase wurde auch die <a href=\"https:\/\/www.raum-blick.de\/audo-echasse-schale\">Audo &#8211; Echasse Schale<\/a> von Theresa Rand designt, die ebenfalls in verschiedenen Gr\u00f6\u00dfen erschienen ist.<\/li>\n<\/ul>\n\n\n\n<figure class=\"wp-block-image aligncenter size-large is-resized\"><img loading=\"lazy\" decoding=\"async\" src=\"https:\/\/www.raum-blick.de\/magazin\/wp-content\/uploads\/2025\/08\/Menu-echasse-vasen-ambdVE8FT4iaqPk6_1280x1280-1024x1024.jpg\" alt=\"Audo - Echasse Collection\" class=\"wp-image-22142\" width=\"768\" height=\"768\" title=\"\" srcset=\"https:\/\/raum-blick.de\/magazin\/wp-content\/uploads\/2025\/08\/Menu-echasse-vasen-ambdVE8FT4iaqPk6_1280x1280-1024x1024.jpg 1024w, https:\/\/raum-blick.de\/magazin\/wp-content\/uploads\/2025\/08\/Menu-echasse-vasen-ambdVE8FT4iaqPk6_1280x1280-300x300.jpg 300w, https:\/\/raum-blick.de\/magazin\/wp-content\/uploads\/2025\/08\/Menu-echasse-vasen-ambdVE8FT4iaqPk6_1280x1280-150x150.jpg 150w, https:\/\/raum-blick.de\/magazin\/wp-content\/uploads\/2025\/08\/Menu-echasse-vasen-ambdVE8FT4iaqPk6_1280x1280-768x768.jpg 768w, https:\/\/raum-blick.de\/magazin\/wp-content\/uploads\/2025\/08\/Menu-echasse-vasen-ambdVE8FT4iaqPk6_1280x1280.jpg 1280w\" sizes=\"(max-width: 768px) 100vw, 768px\" \/><figcaption class=\"wp-element-caption\"><em>Die Audo &#8211; Echasse Collection &#8211; bestehend aus Vase und Schale<\/em><\/figcaption><\/figure>\n\n\n\n<ul class=\"wp-block-list\">\n<li><strong>Audo &#8211; Turning Table: <\/strong>Durch die Zusammenarbeit mit Audo designte Theresa Rand auch den sogenannten <a href=\"https:\/\/www.raum-blick.de\/audo-turning-table-couchtisch\">Turning Table<\/a>. Hierbei handelt es sich um einen \u00e4sthetischen sowie platzsparenden Couchtisch. Hergestellt wird dieser aus Eichen- bzw. Eschenfurnier. Der Tisch ist so designt, dass das Drehen der Tischplatte um eines der Beine daf\u00fcr sorgt, dass sich ein praktischer Aufbewahrungsbeh\u00e4lter \u00f6ffnet. So k\u00f6nnen bspw. Zeitschriften oder die Fernbedienung smart verstaut werden.&nbsp;<\/li>\n<\/ul>\n\n\n\n<figure class=\"wp-block-image aligncenter size-large is-resized\"><img loading=\"lazy\" decoding=\"async\" src=\"https:\/\/www.raum-blick.de\/magazin\/wp-content\/uploads\/2025\/08\/menu-turning-table-tisch_67678yoZxfRMdCFB6J_1280x1280-1024x1024.jpg\" alt=\"Audo - Turning Table\" class=\"wp-image-22143\" width=\"768\" height=\"768\" title=\"\" srcset=\"https:\/\/raum-blick.de\/magazin\/wp-content\/uploads\/2025\/08\/menu-turning-table-tisch_67678yoZxfRMdCFB6J_1280x1280-1024x1024.jpg 1024w, https:\/\/raum-blick.de\/magazin\/wp-content\/uploads\/2025\/08\/menu-turning-table-tisch_67678yoZxfRMdCFB6J_1280x1280-300x300.jpg 300w, https:\/\/raum-blick.de\/magazin\/wp-content\/uploads\/2025\/08\/menu-turning-table-tisch_67678yoZxfRMdCFB6J_1280x1280-150x150.jpg 150w, https:\/\/raum-blick.de\/magazin\/wp-content\/uploads\/2025\/08\/menu-turning-table-tisch_67678yoZxfRMdCFB6J_1280x1280-768x768.jpg 768w, https:\/\/raum-blick.de\/magazin\/wp-content\/uploads\/2025\/08\/menu-turning-table-tisch_67678yoZxfRMdCFB6J_1280x1280.jpg 1080w\" sizes=\"(max-width: 768px) 100vw, 768px\" \/><figcaption class=\"wp-element-caption\"><em>Audo &#8211; Turning Table<\/em><\/figcaption><\/figure>\n\n\n\n<h3 class=\"wp-block-heading\"><span class=\"ez-toc-section\" id=\"Audo_Copenhagen_Theresa_Rand_eine_Zusammenarbeit_der_besonderen_Art\"><\/span>Audo Copenhagen &amp; Theresa Rand: eine Zusammenarbeit der besonderen Art<span class=\"ez-toc-section-end\"><\/span><\/h3>\n\n\n\n<p>Auch die <strong>enge Zusammenarbeit mit Audo er\u00f6ffnet <\/strong>Theresa Rand die <strong>M\u00f6glichkeit<\/strong>, eine<strong> designbewusste Kundschaft direkt zu inspirieren<\/strong>. Durch praxisnahe Beispiele zeigen ihre Kreationen, wie sich komplex erscheinende Designkonzepte nahtlos in unterschiedlichste Wohnwelten integrieren lassen. Interessenten wird so die Gelegenheit geboten, nicht nur in die \u00c4sthetik, sondern auch in die Philosophie des modernen, skandinavischen Designs einzutauchen.<br><br>Diese <strong>Partnerschaft manifestiert sich nicht zuletzt in alltagstauglichen L\u00f6sungen<\/strong>, die auch paradigmatische Perspektiven f\u00fcr den Bereich der Innenarchitektur aufzeigen. Entwickelte Objekte von Theresa Rand und Audo fungieren als stilsichere Statements, die Wohnr\u00e4ume aufwerten und dabei stets die funktionale Komponente im Blick behalten.&nbsp;<\/p>\n\n\n\n<h2 class=\"wp-block-heading\"><span class=\"ez-toc-section\" id=\"Praktische_Tipps_fuer_die_Integration_der_Designs_von_Theresa_Rand_im_eigenen_Zuhause\"><\/span>Praktische Tipps f\u00fcr die Integration der Designs von Theresa Rand im eigenen Zuhause<span class=\"ez-toc-section-end\"><\/span><\/h2>\n\n\n\n<p>Integrieren Sie die einzigartigen Designs von Theresa Rand nahtlos in Ihr Zuhause mit ein paar durchdachten Ans\u00e4tzen. Die Designerin, bekannt f\u00fcr ihre Werke bei Audo, schafft funktionale Kunstwerke, die sich perfekt in ein modernes Wohnambiente einf\u00fcgen. Hier ein paar Tipps, um das Beste aus ihren Arbeiten herauszuholen:<\/p>\n\n\n\n<ul class=\"wp-block-list\">\n<li><strong>Fokuspunkte setzen:<\/strong> Nutzen Sie Rands elegante Leuchten oder M\u00f6belst\u00fccke als zentrale Attraktionen in Ihrem Raum. Diese Designs ziehen die Blicke auf sich und verleihen jedem Zimmer eine besondere Note.<\/li>\n\n\n\n<li><strong>Harmonisches Zusammenspiel: <\/strong>Kombinieren Sie Rands Werke mit anderen skandinavischen Elementen wie hellen Holzm\u00f6beln und minimalistischen Dekorationen, um ein harmonisches und einladendes Ambiente zu schaffen.<\/li>\n\n\n\n<li><strong>Funktionalit\u00e4t und \u00c4sthetik vereinen: <\/strong>Rands Designs stehen f\u00fcr die perfekte Balance zwischen Form und Funktion. Nutzen Sie diesen Aspekt, um den praktischen Nutzen im Alltagsleben zu unterstreichen, wie etwa durch multifunktionale M\u00f6belst\u00fccke.<\/li>\n\n\n\n<li><strong>Farbliche Abstimmung: <\/strong>Halten Sie die Farbpalette schlicht, um die schlichten und dennoch anspruchsvollen Linien der Designs hervorzuheben. Dies verst\u00e4rkt die Wirkung der einzelnen St\u00fccke und schafft ein zusammenh\u00e4ngendes Gesamtbild.<\/li>\n\n\n\n<li><strong>Nachhaltigkeit im Blick:<\/strong> Einige St\u00fccke von Theresa Rand spiegeln den Trend zu nachhaltigem Design wider. Achten Sie bei der Integration auf Materialien, die sowohl umweltfreundlich als auch langlebig sind.<\/li>\n<\/ul>\n\n\n\n<p>Die Werke Theresa Rands bieten <strong>mehr als blo\u00dfe Dekoration<\/strong>; sie <strong>erz\u00e4hlen Geschichten<\/strong>, <strong>schaffen Verbindungen<\/strong> und v<strong>erwandeln Wohnr\u00e4ume in Refugien der Ruhe und Inspiration<\/strong>. Lassen Sie sich von der einzigartigen Handschrift der Designerin inspirieren und gestalten Sie Ihr Zuhause als Ausdruck Ihrer Pers\u00f6nlichkeit und Ihres Stils.<\/p>\n\n\n\n<figure class=\"wp-block-image aligncenter size-large\"><img loading=\"lazy\" decoding=\"async\" width=\"1024\" height=\"1024\" src=\"https:\/\/www.raum-blick.de\/magazin\/wp-content\/uploads\/2025\/08\/Menu-echasse-vase-xl-ambOLVnBnnluVA46_1280x1280-1024x1024.jpg\" alt=\"Audo - Echasse Vase\" class=\"wp-image-22145\" title=\"\" srcset=\"https:\/\/raum-blick.de\/magazin\/wp-content\/uploads\/2025\/08\/Menu-echasse-vase-xl-ambOLVnBnnluVA46_1280x1280-1024x1024.jpg 1024w, https:\/\/raum-blick.de\/magazin\/wp-content\/uploads\/2025\/08\/Menu-echasse-vase-xl-ambOLVnBnnluVA46_1280x1280-300x300.jpg 300w, https:\/\/raum-blick.de\/magazin\/wp-content\/uploads\/2025\/08\/Menu-echasse-vase-xl-ambOLVnBnnluVA46_1280x1280-150x150.jpg 150w, https:\/\/raum-blick.de\/magazin\/wp-content\/uploads\/2025\/08\/Menu-echasse-vase-xl-ambOLVnBnnluVA46_1280x1280-768x768.jpg 768w, https:\/\/raum-blick.de\/magazin\/wp-content\/uploads\/2025\/08\/Menu-echasse-vase-xl-ambOLVnBnnluVA46_1280x1280.jpg 1280w\" sizes=\"(max-width: 1024px) 100vw, 1024px\" \/><figcaption class=\"wp-element-caption\"><em>Audo &#8211; Echasse Vase<\/em><\/figcaption><\/figure>\n\n\n\n<h2 class=\"wp-block-heading\"><span class=\"ez-toc-section\" id=\"Die_Rolle_der_Nachhaltigkeit_in_Theresa_Rands_Arbeiten\"><\/span>Die Rolle der Nachhaltigkeit in Theresa Rands Arbeiten<span class=\"ez-toc-section-end\"><\/span><\/h2>\n\n\n\n<p><strong>Ein zentrales Anliegen<\/strong> in Theresa Rands Arbeit ist <strong>der nachhaltige Designprozess<\/strong>. Ihre Herangehensweise geht weit \u00fcber die blo\u00dfe Materialauswahl hinaus. Es geht um eine <strong>verantwortungsvolle Produktion<\/strong>, die auch die Umwelt schont. Rand <strong>nutzt h\u00e4ufig recycelte Materialien<\/strong> und <strong>achtet dabei auf eine verk\u00fcrzte Lieferkette<\/strong>, um den \u00f6kologischen Fu\u00dfabdruck zu minimieren. Ihr Fokus auf Langlebigkeit statt Schnelllebigkeit spiegelt sich in der zeitlosen \u00c4sthetik ihrer Audo-Kreationen wider, die geschickt eine Br\u00fccke zwischen Funktionalit\u00e4t und nachhaltiger Sch\u00f6nheit schlagen. F\u00fcr den eigenen Raum bietet es sich an, auf Qualit\u00e4t statt Quantit\u00e4t zu setzen und auf langlebige Materialien zu achten, ganz in Rands Geist.<\/p>\n\n\n\n<h2 class=\"wp-block-heading\"><span class=\"ez-toc-section\" id=\"Emotionale_Verbindungen_durch_Design_schaffen\"><\/span>Emotionale Verbindungen durch Design schaffen<span class=\"ez-toc-section-end\"><\/span><\/h2>\n\n\n\n<p>In der Designwelt spielt die <strong>F\u00e4higkeit, emotionale Verbindungen durch Design zu schaffen, eine wesentliche Rolle<\/strong>. Theresa Rand gelingt es meisterhaft, durch ihre gestalterischen Werke, insbesondere ihre Zusammenarbeit mit Audo, genau das zu erreichen. Ihre Designs sind nicht nur funktionale Objekte, sie erz\u00e4hlen Geschichten und wecken Emotionen, die den Wohnraum mit pers\u00f6nlicher Bedeutung f\u00fcllen.<br><br><strong>Um in<\/strong> Ihrem <strong>eigenen Zuhause solche emotionalen Verbindungen zu schaffen<\/strong>, ist es wichtig, eine <strong>authentische Auswahl an St\u00fccken<\/strong> zu treffen, die <strong>nicht nur \u00e4sthetisch<\/strong> ansprechend sind, sondern<strong> auch <\/strong>eine <strong>pers\u00f6nliche Geschichte<\/strong> oder Bedeutung tragen. Rands Werke, h\u00e4ufig gepr\u00e4gt von klaren Linien und minimalistischem skandinavischen Stil, bieten genau diese Qualit\u00e4t. Ihre Designs fungieren als stille Beobachter des Alltags, die Eleganz und Geschichte in sich tragen.<br><br>Es ist diese <strong>Verschmelzung von Funktion und Gef\u00fchl<\/strong>, die Therese Rands Arbeiten zu einer optimalen Wahl f\u00fcr all jene macht, die ihrer Wohnumgebung eine tiefere Bedeutung verleihen m\u00f6chten. M\u00f6bel und Dekorationen, die diese emotionale Verbindung erm\u00f6glichen, sind nicht blo\u00df Konsumg\u00fcter \u2013 sie sind Gef\u00e4hrten im Alltag, die Geschichten erz\u00e4hlen und Erinnerungen bewahren.<\/p>\n\n\n\n<h2 class=\"wp-block-heading\"><span class=\"ez-toc-section\" id=\"Entdecken_Sie_das_unverwechselbare_Design_von_Theresa_Rand_bei_RAUM-BLICK\"><\/span>Entdecken Sie das unverwechselbare Design von Theresa Rand bei RAUM-BLICK<span class=\"ez-toc-section-end\"><\/span><\/h2>\n\n\n\n<p>Theresa Rand <strong>beeindruckt durch ihre kreativen Arbeiten im Bereich des skandinavischen Designs<\/strong>, insbesondere ihre Sch\u00f6pfungen f\u00fcr Audo. Diese Werke verbinden stilvolle \u00c4sthetik mit purer Funktionalit\u00e4t und schaffen M\u00f6belst\u00fccke sowie Dekorationen, die das moderne Zuhause bereichern. Rand <strong>nimmt den Kern des Designs auf<\/strong> und <strong>verwandelt allt\u00e4gliche Gegenst\u00e4nde in wahre Kunstwerke<\/strong>. Ihre Designs sind pr\u00e4destiniert f\u00fcr jene, die das Besondere sch\u00e4tzen und dennoch Wert auf Nachhaltigkeit legen.<br><br>F\u00fcr diejenigen, die ihr Heim mit einer Prise Eleganz erfrischen m\u00f6chten, ist RAUM-BLICK der ideale Ort, um Theresas einzigartigen Stil zu entdecken. Die Auswahl sorgf\u00e4ltig kuratierter St\u00fccke in unserem Shop spiegelt die Essenz der friedvollen und zugleich dynamischen skandinavischen Lebensweise wider. Unsere Produkte bieten nicht nur optische Anziehungskraft, sondern auch Best\u00e4ndigkeit und Qualit\u00e4t \u2013 ein echtes Testament skandinavischen Designs.<\/p>\n\n\n\n<h2 class=\"wp-block-heading\"><span class=\"ez-toc-section\" id=\"Haeufig_gestellte_Fragen_FAQs_zu_Theresa_Rand\"><\/span>H\u00e4ufig gestellte Fragen (FAQs) zu Theresa Rand<span class=\"ez-toc-section-end\"><\/span><\/h2>\n\n\n\n<h3 class=\"wp-block-heading\"><span class=\"ez-toc-section\" id=\"Was_macht_das_Design_von_Theresa_Rand_so_einzigartig\"><\/span>Was macht das Design von Theresa Rand so einzigartig?<span class=\"ez-toc-section-end\"><\/span><\/h3>\n\n\n\n<p>Theresa Rand hat sich einen Namen als talentierte Designerin im skandinavischen Designuniversum gemacht. Ihre Werke sind von einer charakteristischen Harmonie gepr\u00e4gt, die Funktionalit\u00e4t und \u00e4sthetische Sch\u00f6nheit miteinander vereinen. Besonders hervorzuheben sind ihre Arbeiten f\u00fcr Audo, die durch minimalistische Formen und nat\u00fcrliche Materialien bestechen. Rand legt Wert darauf, dass jedes Designst\u00fcck nicht nur sch\u00f6n aussieht, sondern auch einen praktischen Nutzen bietet \u2014 eine Philosophie, die perfekt zu den Werten von RAUM-BLICK passt. In unserem Sortiment finden sich ausgew\u00e4hlte St\u00fccke, die das Konzept von \u201eweniger ist mehr\u201c repr\u00e4sentieren und gleichzeitig W\u00e4rme und Gem\u00fctlichkeit ausstrahlen. Solche Artikel sprechen besonders designbewusste Konsumenten an, die nach einzigartigen, stilvollen Wohnaccessoires suchen.<\/p>\n\n\n\n<h3 class=\"wp-block-heading\"><span class=\"ez-toc-section\" id=\"Welche_Materialien_verwendet_Theresa_Rand_bevorzugt_in_ihren_Audo-Kreationen\"><\/span>Welche Materialien verwendet Theresa Rand bevorzugt in ihren Audo-Kreationen?<span class=\"ez-toc-section-end\"><\/span><\/h3>\n\n\n\n<p>Theresa Rand nutzt h\u00e4ufig nat\u00fcrliche Materialien wie Holz, Stein und Glas, um eine warme, einladende Atmosph\u00e4re zu schaffen, die das skandinavische Lebensgef\u00fchl widerspiegelt. Ihre Audo-Designs sind ein Zeugnis ihres K\u00f6nnens, traditionelle Materialien auf innovative Weise zu interpretieren. Besonders das Holz, das sie in vielen ihrer Kreationen verwendet, strahlt eine zeitlose Eleganz und Best\u00e4ndigkeit aus. Diese Materialien sorgen daf\u00fcr, dass jedes St\u00fcck langlebig ist und seinen Platz in jedem Wohnraum behaupten kann \u2014 Eigenschaften, die perfekt mit den Qualit\u00e4tsanspr\u00fcchen und den stilistischen Vorgaben von RAUM-BLICK \u00fcbereinstimmen.<\/p>\n\n\n\n<h3 class=\"wp-block-heading\"><span class=\"ez-toc-section\" id=\"Welche_praktischen_Vorteile_bieten_Theresa_Rands_Audo-Werke\"><\/span>Welche praktischen Vorteile bieten Theresa Rands Audo-Werke?<span class=\"ez-toc-section-end\"><\/span><\/h3>\n\n\n\n<p>Theresa Rand entwirft nicht nur \u00e4sthetisch ansprechende Produkte, sondern achtet auch besonders auf die Funktionalit\u00e4t. Ihre Audo-Werke sind durchdacht konzipiert, um den allt\u00e4glichen Gebrauch zu vereinfachen und gleichzeitig Designwert zu schaffen. Zum Beispiel sind ihre M\u00f6belst\u00fccke oft modular, was Flexibilit\u00e4t und Anpassungsf\u00e4higkeit an verschiedene Wohnr\u00e4ume erm\u00f6glicht. Solche Produkte sprechen nicht zuletzt die designbewussten Kunden von RAUM-BLICK an, die Wert auf sch\u00f6nes und zugleich funktionales Design legen. Ihre Werke verk\u00f6rpern die Ideale von Nachhaltigkeit und Qualit\u00e4t, die in unserem Shop einen hohen Stellenwert haben.<\/p>\n\n\n\n<h3 class=\"wp-block-heading\"><span class=\"ez-toc-section\" id=\"Wie_integrieren_sich_Theresa_Rands_Designs_in_einen_bestehenden_Wohnstil\"><\/span>Wie integrieren sich Theresa Rands Designs in einen bestehenden Wohnstil?<span class=\"ez-toc-section-end\"><\/span><\/h3>\n\n\n\n<p>Die Audo-Werke von Theresa Rand sind aufgrund ihres minimalistischen Designs hervorragend in verschiedene Wohnstile integrierbar. Dank der neutralen Farbpalette und der klaren Linienf\u00fchrung f\u00fcgen sich ihre Designst\u00fccke nahtlos in bestehende Wohnkonzepte ein, sei es ein modernes, klassisches oder sogar ein eklektisches Ambiente. Die subtilen Designdetails und die hochwertige Verarbeitung ihrer Werke machen sie zu zeitlosen St\u00fccken, die stilistisch flexibel sind. Kunden von RAUM-BLICK k\u00f6nnen so m\u00fchelos die gew\u00fcnschte Atmosph\u00e4re in ihrem Zuhause schaffen und gleichzeitig ein harmonisches Gesamtbild bewahren, das skandinavisches Design auf ein neues Niveau hebt.<\/p>\n\n\n\n<div class=\"wp-block-buttons is-content-justification-center is-layout-flex wp-container-core-buttons-is-layout-16018d1d wp-block-buttons-is-layout-flex\">\n<div class=\"wp-block-button\"><a class=\"wp-block-button__link has-background wp-element-button\" href=\"https:\/\/www.raum-blick.de\/\" style=\"background-color:#808080\">Jetzt Theresa Rands Kreationen im Shop entdecken!<\/a><\/div>\n<\/div>\n<\/p>","protected":false},"excerpt":{"rendered":"<p>\u00ab Designerin mit unverwechselbarem Stil \u00bb Theresa Rand, eine gefeierte Designerin, hat sich durch ihren unverwechselbaren Stil in der Welt des skandinavischen Designs einen Namen gemacht. Ihre Werke, darunter prominente Designs f\u00fcr Audo, zeichnen sich durch eine harmonische Kombination aus Form und Funktion aus. Rand greift oft auf nat\u00fcrliche Materialien zur\u00fcck und stiehlt mit ihrer [&hellip;]<\/p>\n","protected":false},"author":4,"featured_media":22150,"comment_status":"closed","ping_status":"open","sticky":false,"template":"","format":"standard","meta":{"_et_pb_use_builder":"","_et_pb_old_content":"","_et_gb_content_width":"","inline_featured_image":false,"footnotes":""},"categories":[7,1,2315],"tags":[2109,1779,2333,1596,1030,2334],"class_list":["post-22137","post","type-post","status-publish","format-standard","has-post-thumbnail","hentry","category-accessoires-lifestyle","category-drinnen","category-informativ","tag-audo","tag-designer","tag-echasse","tag-skandinavisches-design","tag-theresa-rand","tag-turning"],"_links":{"self":[{"href":"https:\/\/raum-blick.de\/magazin\/wp-json\/wp\/v2\/posts\/22137","targetHints":{"allow":["GET"]}}],"collection":[{"href":"https:\/\/raum-blick.de\/magazin\/wp-json\/wp\/v2\/posts"}],"about":[{"href":"https:\/\/raum-blick.de\/magazin\/wp-json\/wp\/v2\/types\/post"}],"author":[{"embeddable":true,"href":"https:\/\/raum-blick.de\/magazin\/wp-json\/wp\/v2\/users\/4"}],"replies":[{"embeddable":true,"href":"https:\/\/raum-blick.de\/magazin\/wp-json\/wp\/v2\/comments?post=22137"}],"version-history":[{"count":10,"href":"https:\/\/raum-blick.de\/magazin\/wp-json\/wp\/v2\/posts\/22137\/revisions"}],"predecessor-version":[{"id":22196,"href":"https:\/\/raum-blick.de\/magazin\/wp-json\/wp\/v2\/posts\/22137\/revisions\/22196"}],"wp:featuredmedia":[{"embeddable":true,"href":"https:\/\/raum-blick.de\/magazin\/wp-json\/wp\/v2\/media\/22150"}],"wp:attachment":[{"href":"https:\/\/raum-blick.de\/magazin\/wp-json\/wp\/v2\/media?parent=22137"}],"wp:term":[{"taxonomy":"category","embeddable":true,"href":"https:\/\/raum-blick.de\/magazin\/wp-json\/wp\/v2\/categories?post=22137"},{"taxonomy":"post_tag","embeddable":true,"href":"https:\/\/raum-blick.de\/magazin\/wp-json\/wp\/v2\/tags?post=22137"}],"curies":[{"name":"wp","href":"https:\/\/api.w.org\/{rel}","templated":true}]}}