{"id":22124,"date":"2025-09-25T11:40:16","date_gmt":"2025-09-25T09:40:16","guid":{"rendered":"https:\/\/www.raum-blick.de\/magazin\/?p=22124"},"modified":"2025-10-12T14:55:49","modified_gmt":"2025-10-12T12:55:49","slug":"hygge-so-wird-wohnen-zum-wohlfuhlen","status":"publish","type":"post","link":"https:\/\/raum-blick.de\/magazin\/hygge-so-wird-wohnen-zum-wohlfuhlen\/","title":{"rendered":"Hygge \u2013 so wird Wohnen zum Wohlf\u00fchlen"},"content":{"rendered":"\n<h2 class=\"wp-block-heading\"><span class=\"ez-toc-section\" id=\"%C2%AB_Entschleunigtes_Alltagsglueck_%C2%BB\"><\/span>\u00ab Entschleunigtes Alltagsgl\u00fcck \u00bb<span class=\"ez-toc-section-end\"><\/span><\/h2>\n\n\n\n<p><strong>\u201eHygge\u201c, nat\u00fcrlich kennen Sie das Wort, aber wissen Sie auch, was es bedeutet? Der vermeintliche Einrichtungstrend ist n\u00e4mlich viel mehr als das. Er ist ein Lebensgef\u00fchl \u201eMade in D\u00e4nemark\u201c. Schon seit Jahrhunderten und ein ungemein inspirierendes noch dazu.&nbsp;Hygge ist dieses Gef\u00fchl von Ankommen, W\u00e4rme und Geborgenheit \u2013 eine sanfte Umarmung f\u00fcr Herz und Sinne. Mit warmem Licht, nat\u00fcrlichen Materialien und liebevollen Details l\u00e4sst sich diese besondere Stimmung auch in Ihrem Zuhause einfangen \u2013 zu jeder Jahreszeit.<\/strong><\/p>\n\n\n\n<figure class=\"wp-block-gallery has-nested-images columns-default is-cropped wp-block-gallery-2 is-layout-flex wp-block-gallery-is-layout-flex\">\n<figure class=\"wp-block-image size-large\"><a href=\"https:\/\/www.raum-blick.de\/storefactory-lidatorp-kerzenhalter\"><img loading=\"lazy\" decoding=\"async\" width=\"1024\" height=\"1024\" data-id=\"22118\" src=\"https:\/\/www.raum-blick.de\/magazin\/wp-content\/uploads\/2025\/08\/lidatorp-kerzenhalter-braun-storefactory-L-auswahl_84421-1024x1024.jpg\" alt=\"Hygge \u201emade in Schweden&quot;: Das Label Storefactory ist bekannt f\u00fcr seien Vasen und Kerzenhalter.\" class=\"wp-image-22118\" title=\"\" srcset=\"https:\/\/raum-blick.de\/magazin\/wp-content\/uploads\/2025\/08\/lidatorp-kerzenhalter-braun-storefactory-L-auswahl_84421-1024x1024.jpg 1024w, https:\/\/raum-blick.de\/magazin\/wp-content\/uploads\/2025\/08\/lidatorp-kerzenhalter-braun-storefactory-L-auswahl_84421-300x300.jpg 300w, https:\/\/raum-blick.de\/magazin\/wp-content\/uploads\/2025\/08\/lidatorp-kerzenhalter-braun-storefactory-L-auswahl_84421-150x150.jpg 150w, https:\/\/raum-blick.de\/magazin\/wp-content\/uploads\/2025\/08\/lidatorp-kerzenhalter-braun-storefactory-L-auswahl_84421-768x768.jpg 768w, https:\/\/raum-blick.de\/magazin\/wp-content\/uploads\/2025\/08\/lidatorp-kerzenhalter-braun-storefactory-L-auswahl_84421.jpg 1500w\" sizes=\"(max-width: 1024px) 100vw, 1024px\" \/><\/a><\/figure>\n\n\n\n<figure class=\"wp-block-image size-large\"><a href=\"https:\/\/www.raum-blick.de\/louis-poulsen-ph-5-pendelleuchte\"><img loading=\"lazy\" decoding=\"async\" width=\"1000\" height=\"1000\" data-id=\"22120\" src=\"https:\/\/www.raum-blick.de\/magazin\/wp-content\/uploads\/2025\/08\/Lous-Poulsen-PH-5-Pendelleuchte-monochrome-oyster-grey-esstisch_106210.jpg\" alt=\"Die PH Pendelleuchte von Louis Poulsen schafft eine perfekte Lichtatmosph\u00e4re \u00fcber dem Esstisch. Hier gleich im Doppelpack.\" class=\"wp-image-22120\" title=\"\" srcset=\"https:\/\/raum-blick.de\/magazin\/wp-content\/uploads\/2025\/08\/Lous-Poulsen-PH-5-Pendelleuchte-monochrome-oyster-grey-esstisch_106210.jpg 1000w, https:\/\/raum-blick.de\/magazin\/wp-content\/uploads\/2025\/08\/Lous-Poulsen-PH-5-Pendelleuchte-monochrome-oyster-grey-esstisch_106210-300x300.jpg 300w, https:\/\/raum-blick.de\/magazin\/wp-content\/uploads\/2025\/08\/Lous-Poulsen-PH-5-Pendelleuchte-monochrome-oyster-grey-esstisch_106210-150x150.jpg 150w, https:\/\/raum-blick.de\/magazin\/wp-content\/uploads\/2025\/08\/Lous-Poulsen-PH-5-Pendelleuchte-monochrome-oyster-grey-esstisch_106210-768x768.jpg 768w\" sizes=\"(max-width: 1000px) 100vw, 1000px\" \/><\/a><\/figure>\n<figcaption class=\"blocks-gallery-caption wp-element-caption\">Harmonische Farben, sanftes Licht, nat\u00fcrliche Materialien \u2013 all das spielt bei Hygge eine Rolle. Und schafft eine klare, unaufdringliche Atmosph\u00e4re.<\/figcaption><\/figure>\n\n\n\n<h2 class=\"wp-block-heading\"><span class=\"ez-toc-section\" id=\"Die_Kultur_hinter_Hygge\"><\/span>Die Kultur hinter Hygge<span class=\"ez-toc-section-end\"><\/span><\/h2>\n\n\n\n<p>Die D\u00e4nen pflegen das&nbsp;<strong>hyggelige Lebensgef\u00fchl&nbsp;<\/strong>seit Jahrhunderten und es hat zwischenzeitlich Menschen auf der ganzen Welt inspiriert. Geschuldet ist es den Lebensumst\u00e4nden in D\u00e4nemark: Die Winter dort sind lang, dunkel und oft nasskalt. Statt sich dem Wetter zu ergeben, haben die D\u00e4nen eine Kultur entwickelt, die die eigenen vier W\u00e4nde in eine Quelle der W\u00e4rme und des Lichts verwandelt. Darin sind sie wahre Meister.&nbsp;<\/p><div id=\"ez-toc-container\" class=\"ez-toc-v2_0_82_2 counter-hierarchy ez-toc-counter ez-toc-grey ez-toc-container-direction\">\n<div class=\"ez-toc-title-container\">\n<p class=\"ez-toc-title\" style=\"cursor:inherit\">Was hier auf Sie wartet<\/p>\n<span class=\"ez-toc-title-toggle\"><a href=\"#\" class=\"ez-toc-pull-right ez-toc-btn ez-toc-btn-xs ez-toc-btn-default ez-toc-toggle\" aria-label=\"Toggle Table of Content\"><span class=\"ez-toc-js-icon-con\"><span class=\"\"><span class=\"eztoc-hide\" style=\"display:none;\">Toggle<\/span><span class=\"ez-toc-icon-toggle-span\"><svg style=\"fill: #999;color:#999\" xmlns=\"http:\/\/www.w3.org\/2000\/svg\" class=\"list-377408\" width=\"20px\" height=\"20px\" viewBox=\"0 0 24 24\" fill=\"none\"><path d=\"M6 6H4v2h2V6zm14 0H8v2h12V6zM4 11h2v2H4v-2zm16 0H8v2h12v-2zM4 16h2v2H4v-2zm16 0H8v2h12v-2z\" fill=\"currentColor\"><\/path><\/svg><svg style=\"fill: #999;color:#999\" class=\"arrow-unsorted-368013\" xmlns=\"http:\/\/www.w3.org\/2000\/svg\" width=\"10px\" height=\"10px\" viewBox=\"0 0 24 24\" version=\"1.2\" baseProfile=\"tiny\"><path d=\"M18.2 9.3l-6.2-6.3-6.2 6.3c-.2.2-.3.4-.3.7s.1.5.3.7c.2.2.4.3.7.3h11c.3 0 .5-.1.7-.3.2-.2.3-.5.3-.7s-.1-.5-.3-.7zM5.8 14.7l6.2 6.3 6.2-6.3c.2-.2.3-.5.3-.7s-.1-.5-.3-.7c-.2-.2-.4-.3-.7-.3h-11c-.3 0-.5.1-.7.3-.2.2-.3.5-.3.7s.1.5.3.7z\"\/><\/svg><\/span><\/span><\/span><\/a><\/span><\/div>\n<nav><ul class='ez-toc-list ez-toc-list-level-1 ' ><li class='ez-toc-page-1 ez-toc-heading-level-2'><a class=\"ez-toc-link ez-toc-heading-1\" href=\"https:\/\/raum-blick.de\/magazin\/hygge-so-wird-wohnen-zum-wohlfuhlen\/#%C2%AB_Entschleunigtes_Alltagsglueck_%C2%BB\" >\u00ab Entschleunigtes Alltagsgl\u00fcck \u00bb<\/a><\/li><li class='ez-toc-page-1 ez-toc-heading-level-2'><a class=\"ez-toc-link ez-toc-heading-2\" href=\"https:\/\/raum-blick.de\/magazin\/hygge-so-wird-wohnen-zum-wohlfuhlen\/#Die_Kultur_hinter_Hygge\" >Die Kultur hinter Hygge<\/a><ul class='ez-toc-list-level-3' ><li class='ez-toc-heading-level-3'><a class=\"ez-toc-link ez-toc-heading-3\" href=\"https:\/\/raum-blick.de\/magazin\/hygge-so-wird-wohnen-zum-wohlfuhlen\/#Hygge_versus_%E2%80%9ELagom%E2%80%9C_und_%E2%80%9ECosagach%E2%80%9C\" >Hygge versus \u201eLagom\u201c und \u201eC\u00f2sagach\u201c<\/a><\/li><li class='ez-toc-page-1 ez-toc-heading-level-3'><a class=\"ez-toc-link ez-toc-heading-4\" href=\"https:\/\/raum-blick.de\/magazin\/hygge-so-wird-wohnen-zum-wohlfuhlen\/#Wie_laesst_sich_Hygge_im_eigenen_Zuhause_umsetzen\" >Wie l\u00e4sst sich Hygge im eigenen Zuhause umsetzen?<\/a><\/li><\/ul><\/li><li class='ez-toc-page-1 ez-toc-heading-level-2'><a class=\"ez-toc-link ez-toc-heading-5\" href=\"https:\/\/raum-blick.de\/magazin\/hygge-so-wird-wohnen-zum-wohlfuhlen\/#Licht_Textilien_Materialien_%E2%80%93_das_Fundament_von_Hygge\" >Licht, Textilien &amp; Materialien \u2013 das Fundament von Hygge<\/a><ul class='ez-toc-list-level-3' ><li class='ez-toc-heading-level-3'><a class=\"ez-toc-link ez-toc-heading-6\" href=\"https:\/\/raum-blick.de\/magazin\/hygge-so-wird-wohnen-zum-wohlfuhlen\/#Stimmungsmacher_Licht\" >Stimmungsmacher Licht<\/a><\/li><li class='ez-toc-page-1 ez-toc-heading-level-3'><a class=\"ez-toc-link ez-toc-heading-7\" href=\"https:\/\/raum-blick.de\/magazin\/hygge-so-wird-wohnen-zum-wohlfuhlen\/#Textilien_%E2%80%93_spuerbar_hyggelig\" >Textilien \u2013 sp\u00fcrbar hyggelig<\/a><\/li><li class='ez-toc-page-1 ez-toc-heading-level-3'><a class=\"ez-toc-link ez-toc-heading-8\" href=\"https:\/\/raum-blick.de\/magazin\/hygge-so-wird-wohnen-zum-wohlfuhlen\/#In_der_kalten_Jahreszeit_besonders_heiss\" >In der kalten Jahreszeit besonders hei\u00df<\/a><\/li><li class='ez-toc-page-1 ez-toc-heading-level-3'><a class=\"ez-toc-link ez-toc-heading-9\" href=\"https:\/\/raum-blick.de\/magazin\/hygge-so-wird-wohnen-zum-wohlfuhlen\/#Farben_und_Materialien_die_Hygge_foerdern\" >Farben und Materialien, die Hygge f\u00f6rdern<\/a><\/li><li class='ez-toc-page-1 ez-toc-heading-level-3'><a class=\"ez-toc-link ez-toc-heading-10\" href=\"https:\/\/raum-blick.de\/magazin\/hygge-so-wird-wohnen-zum-wohlfuhlen\/#Mit_kleinen_Veraenderungen_grosse_Wirkung_erzielen\" >Mit kleinen Ver\u00e4nderungen gro\u00dfe Wirkung erzielen<\/a><\/li><\/ul><\/li><li class='ez-toc-page-1 ez-toc-heading-level-2'><a class=\"ez-toc-link ez-toc-heading-11\" href=\"https:\/\/raum-blick.de\/magazin\/hygge-so-wird-wohnen-zum-wohlfuhlen\/#Raeume_mit_Hygge-Potenzial\" >R\u00e4ume mit Hygge-Potenzial<\/a><ul class='ez-toc-list-level-3' ><li class='ez-toc-heading-level-3'><a class=\"ez-toc-link ez-toc-heading-12\" href=\"https:\/\/raum-blick.de\/magazin\/hygge-so-wird-wohnen-zum-wohlfuhlen\/#Aufheller_fuers_Hygge-Feeling\" >Aufheller f\u00fcrs Hygge-Feeling<\/a><\/li><\/ul><\/li><li class='ez-toc-page-1 ez-toc-heading-level-2'><a class=\"ez-toc-link ez-toc-heading-13\" href=\"https:\/\/raum-blick.de\/magazin\/hygge-so-wird-wohnen-zum-wohlfuhlen\/#Haeufig_gestellte_Fragen_FAQs_%E2%80%93_Hygge_im_Zuhause\" >H\u00e4ufig gestellte Fragen (FAQs) \u2013 Hygge im Zuhause<\/a><\/li><\/ul><\/nav><\/div>\n\n\n\n\n<p><strong>Gemeinschaft&nbsp;<\/strong>spielt dabei eine zentrale Rolle. Hygge ist selten ein einsames Erlebnis \u2013 es lebt vom Beisammensein. Freunde kommen zusammen, um zu essen, zu reden und zu lachen.&nbsp;Dabei z\u00e4hlt der bewusste Moment, ohne dass ein hektischer Zeitplan die Begegnung st\u00f6rt.<\/p>\n\n\n\n<p><strong>Achtsamkeit&nbsp;<\/strong>ist ein weiterer Grundpfeiler. Hygge lehrt, den Blick f\u00fcr das Wesentliche zu sch\u00e4rfen und im Moment zu verweilen. Dazu geh\u00f6rt auch die N\u00e4he zur Natur, selbst im st\u00e4dtischen Raum: Holz, Wolle, Leinen und Pflanzen holen das Drau\u00dfen nach drinnen.<\/p>\n\n\n\n<p>Und schlie\u00dflich die&nbsp;<strong>Einfachheit:<\/strong>&nbsp;Hygge bevorzugt eine klare, unaufdringliche Gestaltung. Statt opulenter Dekorationen z\u00e4hlen authentische Details, die eine Geschichte erz\u00e4hlen.<\/p>\n\n\n\n<h3 class=\"wp-block-heading\"><span class=\"ez-toc-section\" id=\"Hygge_versus_%E2%80%9ELagom%E2%80%9C_und_%E2%80%9ECosagach%E2%80%9C\"><\/span>Hygge versus \u201eLagom\u201c und \u201eC\u00f2sagach\u201c<span class=\"ez-toc-section-end\"><\/span><\/h3>\n\n\n\n<p>Wer Hygge mit \u201eLagom\u201c oder \u201eC\u00f2sagach\u201c vergleicht, entdeckt schnell feine, aber entscheidende Unterschiede.&nbsp;<br>Das&nbsp;<strong>schwedische \u201eLagom\u201c-Konzept<\/strong>&nbsp;beschreibt ein Leben im Gleichgewicht, bei dem jedes Element eine praktische Funktion erf\u00fcllt und das ein \u00dcberma\u00df vermeidet. Der Schwerpunkt liegt hier st\u00e4rker auf der funktionalen Ausgewogenheit als auf dem emotionalen Wohlbefinden. &nbsp;<\/p>\n\n\n\n<p><strong>\u201eC\u00f2sagach\u201c ist ein g\u00e4lisches Wort aus Schottland&nbsp;<\/strong>und steht f\u00fcr eine rustikale, naturnahe Form der Gem\u00fctlichkeit: ein dicker Wollpullover, das Knistern des Kaminfeuers, das Gef\u00fchl, vor Wind und Wetter gesch\u00fctzt zu sein.<\/p>\n\n\n\n<p>Hygge hingegen ist weniger an \u00e4u\u00dfere Umst\u00e4nde gebunden. Es kann modern, urban oder traditionell sein. Wichtig ist das Gef\u00fchl der Geborgenheit, das entstehen soll \u2013 unabh\u00e4ngig davon, ob es durch einen minimalistischen Raum mit warmem Licht oder ein Wohnzimmer voller B\u00fccher und Kissen entsteht. Hygge ist im Kern eine Einladung, Emotionen in den Mittelpunkt der Einrichtung zu stellen.<\/p>\n\n\n\n<h3 class=\"wp-block-heading\"><span class=\"ez-toc-section\" id=\"Wie_laesst_sich_Hygge_im_eigenen_Zuhause_umsetzen\"><\/span>Wie l\u00e4sst sich Hygge im eigenen Zuhause umsetzen?<span class=\"ez-toc-section-end\"><\/span><\/h3>\n\n\n\n<p>Hygge beginnt mit einer Frage an sich selbst:&nbsp;<strong>Wie m\u00f6chte ich mich in meinem Zuhause f\u00fchlen?<\/strong><br>Vielleicht ist es der Wunsch nach Ruhe nach einem langen Arbeitstag, nach einem Ort, an dem Freunde sich willkommen f\u00fchlen, oder nach einer Nische, die nur einem selbst geh\u00f6rt.<\/p>\n\n\n\n<p><strong>Licht spielt dabei eine zentrale Rolle.<\/strong>&nbsp;Kerzen, sanftes Lampenlicht und warme Farbt\u00f6ne schaffen sofort eine vertraute Atmosph\u00e4re. Der&nbsp;<a href=\"https:\/\/www.raum-blick.de\/storefactory-lidatorp-kerzenhalter\">vielseitige Storefactory Lidatorp Kerzenhalter&nbsp;<\/a>ist hier ein wunderbares Beispiel: Sein minimalistisches Design erlaubt es, Kerzen mit saisonaler Dekoration zu kombinieren \u2013 ob Tannenzweige im Winter oder getrocknete Bl\u00fcten im Sommer.<\/p>\n\n\n\n<p><strong>Textilien sind das zweite gro\u00dfe Hygge-Element.<\/strong>&nbsp;Wolldecken, Leinenkissen und weiche Teppiche wie der&nbsp;<a href=\"https:\/\/www.raum-blick.de\/pappelina-svea-teppich-70\">handgewebte Pappelina Svea Teppich<\/a>&nbsp;geben dem Raum nicht nur optische, sondern auch haptische W\u00e4rme.<\/p>\n\n\n\n<p>Und schlie\u00dflich:&nbsp;<strong>pers\u00f6nliche Akzente.<\/strong>&nbsp;Erinnerungsst\u00fccke, Bilder, handgemachte Keramik \u2013 alles, was eine Geschichte erz\u00e4hlt, verst\u00e4rkt das Hygge-Gef\u00fchl.<\/p>\n\n\n\n<figure class=\"wp-block-gallery has-nested-images columns-default is-cropped wp-block-gallery-3 is-layout-flex wp-block-gallery-is-layout-flex\">\n<figure class=\"wp-block-image size-large\"><a href=\"https:\/\/www.raum-blick.de\/storefactory-lidatorp-kerzenhalter\"><img loading=\"lazy\" decoding=\"async\" width=\"1024\" height=\"1024\" data-id=\"22116\" src=\"https:\/\/www.raum-blick.de\/magazin\/wp-content\/uploads\/2025\/08\/lidatorp-braun-storefactory_85013-1024x1024.jpg\" alt=\"Der Lidatorp von Storfactory setzt Kerzen gekonnt in Szene und die Schale k\u00f6nnen Sie saisonal dekorieren: mit Blumen, Tannenzapfen oder S\u00fc\u00dfigkeiten.\" class=\"wp-image-22116\" title=\"\" srcset=\"https:\/\/raum-blick.de\/magazin\/wp-content\/uploads\/2025\/08\/lidatorp-braun-storefactory_85013-1024x1024.jpg 1024w, https:\/\/raum-blick.de\/magazin\/wp-content\/uploads\/2025\/08\/lidatorp-braun-storefactory_85013-300x300.jpg 300w, https:\/\/raum-blick.de\/magazin\/wp-content\/uploads\/2025\/08\/lidatorp-braun-storefactory_85013-150x150.jpg 150w, https:\/\/raum-blick.de\/magazin\/wp-content\/uploads\/2025\/08\/lidatorp-braun-storefactory_85013-768x768.jpg 768w, https:\/\/raum-blick.de\/magazin\/wp-content\/uploads\/2025\/08\/lidatorp-braun-storefactory_85013.jpg 1200w\" sizes=\"(max-width: 1024px) 100vw, 1024px\" \/><\/a><\/figure>\n\n\n\n<figure class=\"wp-block-image size-large\"><a href=\" https:\/\/www.raum-blick.de\/pappelina-svea-teppich-70\"><img loading=\"lazy\" decoding=\"async\" width=\"1024\" height=\"1024\" data-id=\"22115\" src=\"https:\/\/www.raum-blick.de\/magazin\/wp-content\/uploads\/2025\/08\/pappelina-svea-arm-grey-ambiente_83194-1024x1024.jpg\" alt=\"Der graue Pappelina Teppich ist aus aus pflegeleichtem Kunststoff und handgewebt. Ganz sch\u00f6n hygge!\" class=\"wp-image-22115\" title=\"\" srcset=\"https:\/\/raum-blick.de\/magazin\/wp-content\/uploads\/2025\/08\/pappelina-svea-arm-grey-ambiente_83194-1024x1024.jpg 1024w, https:\/\/raum-blick.de\/magazin\/wp-content\/uploads\/2025\/08\/pappelina-svea-arm-grey-ambiente_83194-300x300.jpg 300w, https:\/\/raum-blick.de\/magazin\/wp-content\/uploads\/2025\/08\/pappelina-svea-arm-grey-ambiente_83194-150x150.jpg 150w, https:\/\/raum-blick.de\/magazin\/wp-content\/uploads\/2025\/08\/pappelina-svea-arm-grey-ambiente_83194-768x768.jpg 768w, https:\/\/raum-blick.de\/magazin\/wp-content\/uploads\/2025\/08\/pappelina-svea-arm-grey-ambiente_83194.jpg 1080w\" sizes=\"(max-width: 1024px) 100vw, 1024px\" \/><\/a><\/figure>\n<figcaption class=\"blocks-gallery-caption wp-element-caption\"><em>Mit diesen beiden liegen Sie in Sachen Hygge immer richtig: Links der minimalistische Kerzenhalter Lidatorp von Storefactory f\u00fcr stimmungsvolle Arrangements, rechts der zeitlose Pappelina Svea Teppich f\u00fcr W\u00e4rme und Struktur im Raum.<\/em><\/figcaption><\/figure>\n\n\n\n<p><strong>Praktische Hygge-Ideen:<\/strong><\/p>\n\n\n\n<ul class=\"wp-block-list\">\n<li>Einen gem\u00fctlichen Leseplatz schaffen \u2013 mit weichem Sessel, Stehleuchte und Kuscheldecke<\/li>\n\n\n\n<li>Kerzen und Teelichter in Gruppen arrangieren \u2013 f\u00fcr ein sanftes, warmes Licht<\/li>\n\n\n\n<li>Nat\u00fcrliche Textilien wie grob gestrickte Wolldecken oder Leinenkissen einbinden<\/li>\n\n\n\n<li>Pers\u00f6nliche Gegenst\u00e4nde \u2013 Fotos, Erinnerungsst\u00fccke \u2013 sichtbar machen<\/li>\n\n\n\n<li>M\u00f6bel so anordnen, dass Gespr\u00e4che und Blickkontakt gef\u00f6rdert werden<\/li>\n<\/ul>\n\n\n\n<h2 class=\"wp-block-heading\"><span class=\"ez-toc-section\" id=\"Licht_Textilien_Materialien_%E2%80%93_das_Fundament_von_Hygge\"><\/span>Licht, Textilien &amp; Materialien \u2013 das Fundament von Hygge<span class=\"ez-toc-section-end\"><\/span><\/h2>\n\n\n\n<h3 class=\"wp-block-heading\"><span class=\"ez-toc-section\" id=\"Stimmungsmacher_Licht\"><\/span>Stimmungsmacher Licht<span class=\"ez-toc-section-end\"><\/span><\/h3>\n\n\n\n<p><strong>Licht ist die Seele von Hygge.&nbsp;<\/strong>In Skandinavien, wo Tageslicht im Winter knapp ist, schafft k\u00fcnstliche Beleuchtung nicht nur Helligkeit, sondern auch emotionale W\u00e4rme. Statt einer grellen Deckenlampe setzen Hygge-R\u00e4ume auf mehrere kleine Lichtquellen. Eine f\u00fcr den Esstisch ist beispielsweise die&nbsp;<a href=\"https:\/\/www.raum-blick.de\/louis-poulsen-ph-5-pendelleuchte\">zeitlose Louis Poulsen PH 5 Pendelleuchte<\/a>. Sie spendet ein weiches, blendfreies Licht, das Gespr\u00e4che bis in den sp\u00e4ten Abend hinein begleitet.<\/p>\n\n\n\n<p><strong>F\u00fcr Hygge gilt:&nbsp;<\/strong>Licht sollte einladend sein \u2013 ob von einer ikonischen Pendelleuchte, einer Kerze oder einer dezenten Stehleuchte.&nbsp;Sanftes, diffuses Licht l\u00e4sst R\u00e4ume kleiner, behaglicher und ruhiger wirken. <strong>Leuchten mit warmwei\u00dfer Farbtemperatur<\/strong>&nbsp;und dimmbare Lichtquellen sind daf\u00fcr ideal.<\/p>\n\n\n\n<figure class=\"wp-block-gallery has-nested-images columns-default is-cropped wp-block-gallery-4 is-layout-flex wp-block-gallery-is-layout-flex\">\n<figure class=\"wp-block-image size-large\"><a href=\"https:\/\/www.raum-blick.de\/louis-poulsen-ph-5-pendelleuchte\"><img loading=\"lazy\" decoding=\"async\" width=\"1024\" height=\"1024\" data-id=\"22119\" src=\"https:\/\/www.raum-blick.de\/magazin\/wp-content\/uploads\/2025\/08\/Lous-Poulsen-PH-5-Pendelleuchte-Pastels-Blue-peach-detail_106211-1024x1024.jpg\" alt=\"Drei Schirme in drei unterschiedlichen Pastellfarben spenden warmes, diffuses Licht. Hygge, die PH5 von Louis Poulsen. \" class=\"wp-image-22119\" title=\"\" srcset=\"https:\/\/raum-blick.de\/magazin\/wp-content\/uploads\/2025\/08\/Lous-Poulsen-PH-5-Pendelleuchte-Pastels-Blue-peach-detail_106211-1024x1024.jpg 1024w, https:\/\/raum-blick.de\/magazin\/wp-content\/uploads\/2025\/08\/Lous-Poulsen-PH-5-Pendelleuchte-Pastels-Blue-peach-detail_106211-300x300.jpg 300w, https:\/\/raum-blick.de\/magazin\/wp-content\/uploads\/2025\/08\/Lous-Poulsen-PH-5-Pendelleuchte-Pastels-Blue-peach-detail_106211-150x150.jpg 150w, https:\/\/raum-blick.de\/magazin\/wp-content\/uploads\/2025\/08\/Lous-Poulsen-PH-5-Pendelleuchte-Pastels-Blue-peach-detail_106211-768x768.jpg 768w, https:\/\/raum-blick.de\/magazin\/wp-content\/uploads\/2025\/08\/Lous-Poulsen-PH-5-Pendelleuchte-Pastels-Blue-peach-detail_106211.jpg 1500w\" sizes=\"(max-width: 1024px) 100vw, 1024px\" \/><\/a><\/figure>\n\n\n\n<figure class=\"wp-block-image size-large\"><a href=\"https:\/\/www.raum-blick.de\/louis-poulsen-ph-5-pendelleuchte\"><img loading=\"lazy\" decoding=\"async\" width=\"1000\" height=\"1000\" data-id=\"22122\" src=\"https:\/\/www.raum-blick.de\/magazin\/wp-content\/uploads\/2025\/08\/Lous-Poulsen-PH-5-Pendellampe-sofa_106208.jpg\" alt=\"Hygge-Momente kreiert die PH5 auch im Wohnzimmer. In Wei\u00df harmoniert die Poulsen Leuchte perfekt mit dem dunkelgr\u00fcnen Sofa und der Dachsr\u00e4ge aus hellem Holz.\" class=\"wp-image-22122\" title=\"\" srcset=\"https:\/\/raum-blick.de\/magazin\/wp-content\/uploads\/2025\/08\/Lous-Poulsen-PH-5-Pendellampe-sofa_106208.jpg 1000w, https:\/\/raum-blick.de\/magazin\/wp-content\/uploads\/2025\/08\/Lous-Poulsen-PH-5-Pendellampe-sofa_106208-300x300.jpg 300w, https:\/\/raum-blick.de\/magazin\/wp-content\/uploads\/2025\/08\/Lous-Poulsen-PH-5-Pendellampe-sofa_106208-150x150.jpg 150w, https:\/\/raum-blick.de\/magazin\/wp-content\/uploads\/2025\/08\/Lous-Poulsen-PH-5-Pendellampe-sofa_106208-768x768.jpg 768w\" sizes=\"(max-width: 1000px) 100vw, 1000px\" \/><\/a><\/figure>\n<figcaption class=\"blocks-gallery-caption wp-element-caption\"><em>Die Louis Poulsen PH 5 \u2013 Skandinavisches Lichtdesign f\u00fcr echte Hygge-Momente. Die D\u00e4nen wissen einfach, wie das geht. Schon seit 1874 pr\u00e4gt das d\u00e4nische Label die Welt des Lichtdesigns.<\/em><\/figcaption><\/figure>\n\n\n\n<h3 class=\"wp-block-heading\"><span class=\"ez-toc-section\" id=\"Textilien_%E2%80%93_spuerbar_hyggelig\"><\/span>Textilien \u2013 sp\u00fcrbar hyggelig<span class=\"ez-toc-section-end\"><\/span><\/h3>\n\n\n\n<p><strong>Sie sind die stillen Helden der Gem\u00fctlichkeit.<\/strong>&nbsp;Textilien d\u00e4mpfen Ger\u00e4usche, bringen Farbe und Struktur ins Spiel, geben optisch W\u00e4rme und f\u00fchlen sich einfach unglaublich gut an. Egal, ob kuschelige Wolldecke, Schaffell oder der weiche Teppich unter den F\u00fc\u00dfen. Und naturbelassene Materialien wie Holz, Keramik oder Leinen wirken beruhigend auf unsere Sinne und schaffen eine Verbindung zur Natur \u2013 selbst mitten in der Stadt.<\/p>\n\n\n\n<h3 class=\"wp-block-heading\"><span class=\"ez-toc-section\" id=\"In_der_kalten_Jahreszeit_besonders_heiss\"><\/span>In der kalten Jahreszeit besonders hei\u00df<span class=\"ez-toc-section-end\"><\/span><\/h3>\n\n\n\n<p>Im Winter, wenn die Tage k\u00fcrzer sind, entfaltet Hygge seine volle Magie: Drau\u00dfen ist die Luft kalt und klar, es wird fr\u00fch dunkel und die R\u00e4ume verwandeln sich in hyggelige kleine Zufluchtsorte, die ganz bewusst einen&nbsp;<strong>Gegenpol zur K\u00e4lte&nbsp;<\/strong>zu schaffen.<\/p>\n\n\n\n<p>Kerzenlicht flackert, die flauschigen Decken liegen griffbereit, und aus der K\u00fcche zieht der Duft von frisch aufgebr\u00fchtem Tee \u2013 vielleicht mit dem&nbsp;<a href=\"https:\/\/www.raum-blick.de\/eva-solo-nordic-kitchen-wasserkessel-induktion\">eleganten Eva Solo Nordic Kitchen Wasserkocher,<\/a>&nbsp;dessen Holzgriff sich angenehm warm anf\u00fchlt.&nbsp;<\/p>\n\n\n\n<p>Auch beim gemeinsamen Essen spielen liebevoll gestaltete Details eine Rolle. Die <a href=\"https:\/\/www.raum-blick.de\/audo-bottle-grinder-mini\">stilvollen&nbsp;Audo Bottle Grinder Mini<\/a>&nbsp;sind ein Set aus zwei formsch\u00f6nen Gew\u00fcrzm\u00fchlen, die Pfeffer, Salz und andere Gew\u00fcrze frisch mahlen. Und die beide Minis machen als stilvolles Designobjekt jeden Tisch zum Hingucker. Mit ihrer kompakten Gr\u00f6\u00dfe und den harmonischen Farbt\u00f6nen passen sie perfekt zu einer hyggeligen Tischdekoration. So wird das Essen zu einem kleinen Ereignis.<\/p>\n\n\n\n<figure class=\"wp-block-gallery has-nested-images columns-default is-cropped wp-block-gallery-5 is-layout-flex wp-block-gallery-is-layout-flex\">\n<figure class=\"wp-block-image size-large\"><a href=\"https:\/\/www.raum-blick.de\/eva-solo-nordic-kitchen-wasserkessel-induktion\"><img loading=\"lazy\" decoding=\"async\" width=\"1024\" height=\"1024\" data-id=\"22112\" src=\"https:\/\/www.raum-blick.de\/magazin\/wp-content\/uploads\/2025\/08\/eva-solo-nordic-kitchen-wasserkessel-schwarz-induktion_78529-1024x1024.jpg\" alt=\"Der elegante Eva Solo Nordic Kitchen Wasserkessel in Schwarz mit Holzgriff auf einem Induktionsherd.\" class=\"wp-image-22112\" title=\"\" srcset=\"https:\/\/raum-blick.de\/magazin\/wp-content\/uploads\/2025\/08\/eva-solo-nordic-kitchen-wasserkessel-schwarz-induktion_78529-1024x1024.jpg 1024w, https:\/\/raum-blick.de\/magazin\/wp-content\/uploads\/2025\/08\/eva-solo-nordic-kitchen-wasserkessel-schwarz-induktion_78529-300x300.jpg 300w, https:\/\/raum-blick.de\/magazin\/wp-content\/uploads\/2025\/08\/eva-solo-nordic-kitchen-wasserkessel-schwarz-induktion_78529-150x150.jpg 150w, https:\/\/raum-blick.de\/magazin\/wp-content\/uploads\/2025\/08\/eva-solo-nordic-kitchen-wasserkessel-schwarz-induktion_78529-768x768.jpg 768w, https:\/\/raum-blick.de\/magazin\/wp-content\/uploads\/2025\/08\/eva-solo-nordic-kitchen-wasserkessel-schwarz-induktion_78529.jpg 1500w\" sizes=\"(max-width: 1024px) 100vw, 1024px\" \/><\/a><\/figure>\n\n\n\n<figure class=\"wp-block-image size-large\"><a href=\"https:\/\/www.raum-blick.de\/audo-bottle-grinder-mini\"><img loading=\"lazy\" decoding=\"async\" width=\"1024\" height=\"1024\" data-id=\"22106\" src=\"https:\/\/www.raum-blick.de\/magazin\/wp-content\/uploads\/2025\/08\/audo-bottle-grinder-mini-blau-podest_95437-1024x1024.jpg\" alt=\"Zwei Audo Bottle Grinder Mini Gew\u00fcrzm\u00fchlen in Hellgrau und Schwarz auf einer Marmor-K\u00fcchenplatte.\" class=\"wp-image-22106\" title=\"\" srcset=\"https:\/\/raum-blick.de\/magazin\/wp-content\/uploads\/2025\/08\/audo-bottle-grinder-mini-blau-podest_95437-1024x1024.jpg 1024w, https:\/\/raum-blick.de\/magazin\/wp-content\/uploads\/2025\/08\/audo-bottle-grinder-mini-blau-podest_95437-300x300.jpg 300w, https:\/\/raum-blick.de\/magazin\/wp-content\/uploads\/2025\/08\/audo-bottle-grinder-mini-blau-podest_95437-150x150.jpg 150w, https:\/\/raum-blick.de\/magazin\/wp-content\/uploads\/2025\/08\/audo-bottle-grinder-mini-blau-podest_95437-768x768.jpg 768w, https:\/\/raum-blick.de\/magazin\/wp-content\/uploads\/2025\/08\/audo-bottle-grinder-mini-blau-podest_95437.jpg 1500w\" sizes=\"(max-width: 1024px) 100vw, 1024px\" \/><\/a><\/figure>\n<figcaption class=\"blocks-gallery-caption wp-element-caption\"><span style=\"text-align: start; white-space: normal; caret-color: rgb(0, 0, 0); color: rgb(0, 0, 0); font-size: medium;\"><em>Hygge lebt auch von kulinarischen Momenten. Der Solo Nordic Kitchen Wasserkocher von Eva Solo&nbsp;bringt mit seinem Holzgriff und der matten Oberfl\u00e4che nordisches Flair auf den Herd. Und die beiden Mini-Gew\u00fcrzm\u00fchlen von Audo sehen einfach so gut aus, dass wir sie gleich auf dem Tisch stehenlassen.<\/em><\/span><\/figcaption><\/figure>\n\n\n\n<h3 class=\"wp-block-heading\"><span class=\"ez-toc-section\" id=\"Farben_und_Materialien_die_Hygge_foerdern\"><\/span>Farben und Materialien, die Hygge f\u00f6rdern<span class=\"ez-toc-section-end\"><\/span><\/h3>\n\n\n\n<p><strong>Hygge-Farben sind sanft, ged\u00e4mpft und niemals aufdringlich.<\/strong>&nbsp;Warme neutrale T\u00f6ne wie Creme, Beige und Sand bringen Ruhe in den Raum und lassen ihn offener wirken. Pastellt\u00f6ne wie Salbeigr\u00fcn oder zartes Rosa sorgen f\u00fcr harmonische Akzente.&nbsp;Diese Farbpalette beruhigt das Auge und sorgt f\u00fcr eine ausgewogene, einladende Stimmung.&nbsp;<\/p>\n\n\n\n<p>Erg\u00e4nzt durch nat\u00fcrliche Materialien wie grob gestrickte Wolle, weiches Leinen, massives Holz oder handgearbeitete Keramik entsteht ein harmonisches Gesamtbild. Holz \u2013 ob hell wie Birke oder warm wie Nussbaum \u2013 bringt Naturverbundenheit ins Haus, w\u00e4hrend geflochtene K\u00f6rbe und handgewebte Teppiche den R\u00e4umen Struktur und Authentizit\u00e4t verleihen.<\/p>\n\n\n\n<h3 class=\"wp-block-heading\"><span class=\"ez-toc-section\" id=\"Mit_kleinen_Veraenderungen_grosse_Wirkung_erzielen\"><\/span>Mit kleinen Ver\u00e4nderungen gro\u00dfe Wirkung erzielen<span class=\"ez-toc-section-end\"><\/span><\/h3>\n\n\n\n<p>Hygge muss nicht bedeuten, alles neu zu kaufen. Schon kleine,&nbsp;<strong>bewusst gesetzte Akzente ver\u00e4ndern die Stimmung<\/strong>&nbsp;im Raum sp\u00fcrbar: eine Handvoll Kerzen in verschiedenen H\u00f6hen, eine weiche Decke, ein flauschiger Teppich, eine Stehleuchte mit sanftem, warmem Licht.&nbsp;<\/p>\n\n\n\n<p>Auch der&nbsp;<a href=\"https:\/\/www.raum-blick.de\/fatboy-sitzsack-original-outdoor\">l\u00e4ssige Fatboy Sitzsack Original Outdoor<\/a>&nbsp;ist so ein Akzent \u2013 ein pers\u00f6nlicher R\u00fcckzugsort. Zum Lesen, Entspannen, Sonnen oder einfach zum Nichtstun. Ein flexibler Lieblingsplatz f\u00fcr drinnen und drau\u00dfen.<\/p>\n\n\n\n<figure class=\"wp-block-image size-large\"><a href=\"https:\/\/www.raum-blick.de\/fatboy-sitzsack-original-outdoor\"><img loading=\"lazy\" decoding=\"async\" width=\"1024\" height=\"1024\" src=\"https:\/\/www.raum-blick.de\/magazin\/wp-content\/uploads\/2025\/08\/fatboy-original-sitzsack-outdoor-rock-grey_67314Aprrp41PxjHcd-1024x1024.jpg\" alt=\"Der graue Fatboy Original Outdoor Sitzsack ist ein flexibler Lieblingsplatz f\u00fcr drau\u00dfen und drinnen. Hygge pur!\" class=\"wp-image-22104\" title=\"\" srcset=\"https:\/\/raum-blick.de\/magazin\/wp-content\/uploads\/2025\/08\/fatboy-original-sitzsack-outdoor-rock-grey_67314Aprrp41PxjHcd-1024x1024.jpg 1024w, https:\/\/raum-blick.de\/magazin\/wp-content\/uploads\/2025\/08\/fatboy-original-sitzsack-outdoor-rock-grey_67314Aprrp41PxjHcd-300x300.jpg 300w, https:\/\/raum-blick.de\/magazin\/wp-content\/uploads\/2025\/08\/fatboy-original-sitzsack-outdoor-rock-grey_67314Aprrp41PxjHcd-150x150.jpg 150w, https:\/\/raum-blick.de\/magazin\/wp-content\/uploads\/2025\/08\/fatboy-original-sitzsack-outdoor-rock-grey_67314Aprrp41PxjHcd-768x768.jpg 768w, https:\/\/raum-blick.de\/magazin\/wp-content\/uploads\/2025\/08\/fatboy-original-sitzsack-outdoor-rock-grey_67314Aprrp41PxjHcd.jpg 1500w\" sizes=\"(max-width: 1024px) 100vw, 1024px\" \/><\/a><figcaption class=\"wp-element-caption\"><em>Bequem, gem\u00fctlich und einfach herrlich chillig. In den Outdoor Sitzs\u00e4cken des niederl\u00e4ndischen Labels Fatboy, l\u00e4sst es sich wunderbar entspannen. Und die Outdoor-Variante trotz mit ihrer wasserdichten Olefin Kunstfaser auch Wind und Wetter. Absolut Hygge, wenn Sie uns fragen. <\/em><\/figcaption><\/figure>\n\n\n\n<h2 class=\"wp-block-heading\"><span class=\"ez-toc-section\" id=\"Raeume_mit_Hygge-Potenzial\"><\/span>R\u00e4ume mit Hygge-Potenzial<span class=\"ez-toc-section-end\"><\/span><\/h2>\n\n\n\n<p>An erster Stelle steht hier nat\u00fcrlich&nbsp;<strong>das Wohnzimmer.<\/strong>&nbsp;Denn es ist das Herzst\u00fcck f\u00fcr gemeinsames Erleben \u2013 hier treffen Licht, Textilien und bequeme Sitzm\u00f6bel aufeinander. Hygge-Anw\u00e4rter Nummer zwei:&nbsp;<strong>das Schlafzimmer.&nbsp;<\/strong>Hier schaffen sanfte Farben und weiche Stoffe einen ganz pers\u00f6nlichen R\u00fcckzugsort und runden so den Tag ab. Und auch&nbsp;<strong>der Essbereich<\/strong>&nbsp;hat reichlich Hygge-Potenzial: In diesem Raum werden Geschichten erz\u00e4hlt, Mahlzeiten geteilt, Kerzen angez\u00fcndet.<\/p>\n\n\n\n<p><strong>Das Hygge-Allrounder-M\u00f6bel:&nbsp;<\/strong>der&nbsp;<a href=\"https:\/\/www.raum-blick.de\/skagerak-cutter-hocker\">minimalistische Skagerak Cutter Hocker<\/a>&nbsp;\u2013 er ist Sitz, Ablage und Designobjekt in einem. Einfach ideal f\u00fcr kleinere Ecken oder multifunktionale R\u00e4ume.<\/p>\n\n\n\n<figure class=\"wp-block-gallery has-nested-images columns-default is-cropped wp-block-gallery-6 is-layout-flex wp-block-gallery-is-layout-flex\">\n<figure class=\"wp-block-image size-large\"><a href=\"https:\/\/www.raum-blick.de\/skagerak-cutter-hocker\"><img loading=\"lazy\" decoding=\"async\" width=\"400\" height=\"400\" data-id=\"19226\" src=\"https:\/\/www.raum-blick.de\/magazin\/wp-content\/uploads\/2024\/01\/skagerak-cutter-hocker_76079_200x200@2x.jpg\" alt=\"Perfekt f\u00fcr die Wasserkaraffe: Skagerak Cutter Hocker aus hellem Holz vor einer dunklen Wand. \" class=\"wp-image-19226\" title=\"\" srcset=\"https:\/\/raum-blick.de\/magazin\/wp-content\/uploads\/2024\/01\/skagerak-cutter-hocker_76079_200x200@2x.jpg 400w, https:\/\/raum-blick.de\/magazin\/wp-content\/uploads\/2024\/01\/skagerak-cutter-hocker_76079_200x200@2x-300x300.jpg 300w, https:\/\/raum-blick.de\/magazin\/wp-content\/uploads\/2024\/01\/skagerak-cutter-hocker_76079_200x200@2x-150x150.jpg 150w\" sizes=\"(max-width: 400px) 100vw, 400px\" \/><\/a><\/figure>\n\n\n\n<figure class=\"wp-block-image size-large\"><a href=\"https:\/\/www.raum-blick.de\/skagerak-cutter-hocker\"><img loading=\"lazy\" decoding=\"async\" width=\"400\" height=\"400\" data-id=\"19225\" src=\"https:\/\/www.raum-blick.de\/magazin\/wp-content\/uploads\/2024\/01\/skagerak-cutter-hocker-schwarz-2_24859_200x200@2x.jpg\" alt=\"Im Dreierpack gleich dreifach Hegge. Auf dem hellen Holzboden und vor der wei\u00dfen Wand verst\u00e4rkt sich dieser Eindruck noch mal.\" class=\"wp-image-19225\" title=\"\" srcset=\"https:\/\/raum-blick.de\/magazin\/wp-content\/uploads\/2024\/01\/skagerak-cutter-hocker-schwarz-2_24859_200x200@2x.jpg 400w, https:\/\/raum-blick.de\/magazin\/wp-content\/uploads\/2024\/01\/skagerak-cutter-hocker-schwarz-2_24859_200x200@2x-300x300.jpg 300w, https:\/\/raum-blick.de\/magazin\/wp-content\/uploads\/2024\/01\/skagerak-cutter-hocker-schwarz-2_24859_200x200@2x-150x150.jpg 150w\" sizes=\"(max-width: 400px) 100vw, 400px\" \/><\/a><\/figure>\n<figcaption class=\"blocks-gallery-caption wp-element-caption\"><em>Hell oder dunkel, der schlichte Cutter von Skagerrak ist ein Holzhocker, den Sie vielseitig einsetzen und kombinieren k\u00f6nnen. Denn auch das ist Hyyge: Freiheit!<\/em><\/figcaption><\/figure>\n\n\n\n<h3 class=\"wp-block-heading\"><span class=\"ez-toc-section\" id=\"Aufheller_fuers_Hygge-Feeling\"><\/span>Aufheller f\u00fcrs Hygge-Feeling<span class=\"ez-toc-section-end\"><\/span><\/h3>\n\n\n\n<p>Farben beeinflussen ma\u00dfgeblich unsere Stimmung \u2013 besonders in einem Hygge-Zuhause.&nbsp;<strong>Helle T\u00f6ne wie Wei\u00df, Beige und Hellgrau<\/strong>&nbsp;schaffen eine ruhige, harmonische Basis: Wei\u00df vermittelt Klarheit und l\u00e4sst kleine R\u00e4ume gr\u00f6\u00dfer wirken, Beige schenkt W\u00e4rme und Geborgenheit, Hellgrau wirkt ausgleichend und l\u00e4sst sich perfekt mit anderen Nuancen kombinieren. Erg\u00e4nzt werden diese Grundt\u00f6ne durch&nbsp;<strong>sanfte Akzentfarben wie Salbeigr\u00fcn und zartes Blau.<\/strong>&nbsp;Salbeigr\u00fcn bringt die Ruhe und Nat\u00fcrlichkeit der Natur ins Zuhause und wirkt ausgleichend, w\u00e4hrend zartes Blau f\u00fcr Frische, Gelassenheit und eine klare Atmosph\u00e4re sorgt. Gemeinsam ergeben diese Farben eine harmonische Palette, die das Auge entspannt, den Raum optisch \u00f6ffnet und zugleich eine einladende W\u00e4rme verstr\u00f6mt.<\/p>\n\n\n\n<p>?&nbsp;<strong>Fazit:<\/strong>&nbsp;Hygge ist mehr als eine Einrichtungsidee \u2013 es ist eine Haltung zum Leben. Wer Hygge in seinem Zuhause umsetzt, schafft R\u00e4ume, die nicht nur sch\u00f6n aussehen, sondern auch das Herz w\u00e4rmen. Probieren Sie es einfach aus. Z\u00fcnden Sie ein paar Kerzen an, kuscheln Sie sich in eine weiche Decke und genie\u00dfen Sie den Moment!<\/p>\n\n\n\n<h2 class=\"wp-block-heading\"><span class=\"ez-toc-section\" id=\"Haeufig_gestellte_Fragen_FAQs_%E2%80%93_Hygge_im_Zuhause\"><\/span>H\u00e4ufig gestellte Fragen (FAQs) \u2013 Hygge im Zuhause<span class=\"ez-toc-section-end\"><\/span><\/h2>\n\n\n\n<p><strong>1. Wie ist die richtige Aussprache f\u00fcr Hygge?<\/strong><br>Das Y wird als \u00dc gesprochen. Korrekt hei\u00dft es also \u201eH\u00fcgge\u201c.&nbsp;<\/p>\n\n\n\n<p><strong>2. Ist Hygge d\u00e4nisch oder schwedisch?<\/strong><br>Weder noch. Der Begriff stammt urspr\u00fcnglich aus dem Norwegischen und bedeutet \u201eWohlbefinden\u201c oder \u201esich wohlf\u00fchlen\u201c. In D\u00e4nemark hat sich in eine ganze Kultur entwickelt, die den Alltag entschleunigt und bewusst kleine Gl\u00fccksmomente schafft.<\/p>\n\n\n\n<p><strong>3. Ist Hygge nur ein Einrichtungstrend?<\/strong><br>Nein. Hygge ist eine Lebenseinstellung. Die Einrichtung ist nur ein Teil davon \u2013 wichtig sind auch gemeinsames Erleben, Achtsamkeit und kleine Gl\u00fccksmomente. Dabei ist Hygge nicht an einen bestimmten Ort oder eine Jahreszeit gebunden. Es kann das Fr\u00fchst\u00fcck am offenen Fenster bei Morgensonne sein, das gemeinsame Abendessen mit Freunden im warmen Licht einer Pendelleuchte oder der Moment, in dem Sie in eine weiche Decke eingekuschelt ein Buch lesen, w\u00e4hrend drau\u00dfen der Regen an die Scheibe prasselt. Hygge bedeutet, sich so einzurichten und zu leben, dass Herz und Seele einen sicheren Hafen finden.<\/p>\n\n\n\n<p><strong>4. Brauche ich viel Platz, um Hygge umzusetzen?<\/strong><br>Nein. Hygge funktioniert auch in kleinen Wohnungen oder einzelnen Ecken \u2013 wichtig ist, dass sie Geborgenheit und W\u00e4rme ausstrahlen. Denn Hygge bedeutet ganz einfach sich so einzurichten und zu leben, dass Herz und Seele einen sicheren Hafen finden. Und das geht auch auf kleinstem Raum.<\/p>\n\n\n\n<p><strong>5. Passt Hygge nur in den Winter?<\/strong><br>Nein. Auch wenn Sie jetzt vielleicht erst einmal an Kaminfeuer, Kerzenlicht und eine kuschelige Decke denken. Hygge passt genauso gut in den Sommer \u2013 etwa beim Fr\u00fchst\u00fcck auf dem Balkon, einem Picknick im Garten oder entspannten Abenden im Freien.<\/p>\n\n\n\n<p><strong>6. Kann ich Hygge mit anderen Einrichtungsstilen kombinieren?<\/strong><br>Ja. Hygge ist unglaublich vielseitig und l\u00e4sst sich mit einem minimalistischen, modernen oder sogar einem industriellen Stil kombinieren \u2013 wichtig sind die warmen, einladenden Elemente.<\/p>\n\n\n\n<div class=\"wp-block-buttons is-content-justification-center is-layout-flex wp-container-core-buttons-is-layout-16018d1d wp-block-buttons-is-layout-flex\">\n<div class=\"wp-block-button\"><a class=\"wp-block-button__link has-white-color has-black-background-color has-text-color has-background wp-element-button\" href=\"https:\/\/www.raum-blick.de\/wohnen\/\">Und jetzt: Hinein ins Hygge-Gef\u00fchl!<\/a><\/div>\n<\/div>\n<\/p>","protected":false},"excerpt":{"rendered":"<p>\u00ab Entschleunigtes Alltagsgl\u00fcck \u00bb \u201eHygge\u201c, nat\u00fcrlich kennen Sie das Wort, aber wissen Sie auch, was es bedeutet? Der vermeintliche Einrichtungstrend ist n\u00e4mlich viel mehr als das. Er ist ein Lebensgef\u00fchl \u201eMade in D\u00e4nemark\u201c. Schon seit Jahrhunderten und ein ungemein inspirierendes noch dazu.&nbsp;Hygge ist dieses Gef\u00fchl von Ankommen, W\u00e4rme und Geborgenheit \u2013 eine sanfte Umarmung f\u00fcr [&hellip;]<\/p>\n","protected":false},"author":4,"featured_media":22117,"comment_status":"closed","ping_status":"open","sticky":false,"template":"","format":"standard","meta":{"_et_pb_use_builder":"","_et_pb_old_content":"","_et_gb_content_width":"","inline_featured_image":false,"footnotes":""},"categories":[7,1],"tags":[2109,18,40,2322,319,158,288,2323,31,32,1236,1038,762,19,154,1660,124],"class_list":["post-22124","post","type-post","status-publish","format-standard","has-post-thumbnail","hentry","category-accessoires-lifestyle","category-drinnen","tag-audo","tag-eva-solo","tag-fatboy","tag-fatboy-sitzsack","tag-gewuerzmuehlen","tag-hocker","tag-kerzenhalter","tag-louis-poulsen","tag-outdoor-teppiche","tag-pappelina","tag-pendelleuchte","tag-sitzhocker","tag-sitzsack","tag-skagerak","tag-skagerak-cutter","tag-storefactory","tag-wasserkocher"],"_links":{"self":[{"href":"https:\/\/raum-blick.de\/magazin\/wp-json\/wp\/v2\/posts\/22124","targetHints":{"allow":["GET"]}}],"collection":[{"href":"https:\/\/raum-blick.de\/magazin\/wp-json\/wp\/v2\/posts"}],"about":[{"href":"https:\/\/raum-blick.de\/magazin\/wp-json\/wp\/v2\/types\/post"}],"author":[{"embeddable":true,"href":"https:\/\/raum-blick.de\/magazin\/wp-json\/wp\/v2\/users\/4"}],"replies":[{"embeddable":true,"href":"https:\/\/raum-blick.de\/magazin\/wp-json\/wp\/v2\/comments?post=22124"}],"version-history":[{"count":13,"href":"https:\/\/raum-blick.de\/magazin\/wp-json\/wp\/v2\/posts\/22124\/revisions"}],"predecessor-version":[{"id":22192,"href":"https:\/\/raum-blick.de\/magazin\/wp-json\/wp\/v2\/posts\/22124\/revisions\/22192"}],"wp:featuredmedia":[{"embeddable":true,"href":"https:\/\/raum-blick.de\/magazin\/wp-json\/wp\/v2\/media\/22117"}],"wp:attachment":[{"href":"https:\/\/raum-blick.de\/magazin\/wp-json\/wp\/v2\/media?parent=22124"}],"wp:term":[{"taxonomy":"category","embeddable":true,"href":"https:\/\/raum-blick.de\/magazin\/wp-json\/wp\/v2\/categories?post=22124"},{"taxonomy":"post_tag","embeddable":true,"href":"https:\/\/raum-blick.de\/magazin\/wp-json\/wp\/v2\/tags?post=22124"}],"curies":[{"name":"wp","href":"https:\/\/api.w.org\/{rel}","templated":true}]}}