{"id":22040,"date":"2025-09-03T09:00:00","date_gmt":"2025-09-03T07:00:00","guid":{"rendered":"https:\/\/www.raum-blick.de\/magazin\/?p=22040"},"modified":"2025-08-07T10:45:24","modified_gmt":"2025-08-07T08:45:24","slug":"skandinavische-design-geschichte-erleben","status":"publish","type":"post","link":"https:\/\/raum-blick.de\/magazin\/skandinavische-design-geschichte-erleben\/","title":{"rendered":"Skandinavische Design-Geschichte erleben"},"content":{"rendered":"\n<h2 class=\"wp-block-heading\"><span class=\"ez-toc-section\" id=\"%C2%AB_Einzigartige_Verbindung_von_Funktionalitaet_und_Eleganz_%C2%BB\"><\/span>\u00ab Einzigartige Verbindung von Funktionalit\u00e4t und Eleganz \u00bb<span class=\"ez-toc-section-end\"><\/span><\/h2>\n\n\n\n<p><strong>Stellen Sie sich einen Raum vor, der durch klare Linien und behagliche Materialien zur Ruhe einl\u00e4dt. Genau diese Kombination macht die skandinavische Design-Geschichte so einzigartig. Sie verbindet Funktionalit\u00e4t mit zur\u00fcckhaltender Eleganz und wird weltweit f\u00fcr ihre harmonische Balance gesch\u00e4tzt. In den langen, dunklen Wintern des Nordens entstand das Bed\u00fcrfnis nach lichtdurchfluteten, gem\u00fctlichen Wohnr\u00e4umen \u2013 dieser Anspruch an Komfort und Schlichtheit wirkt bis heute nach und macht Produkte im Scandi\u2011Look zu zeitlosen Begleitern.<\/strong><\/p>\n\n\n\n<h2 class=\"wp-block-heading\"><span class=\"ez-toc-section\" id=\"Urspruenge_und_historische_Einfluesse_der_skandinavische_Design-Geschichte\"><\/span>Urspr\u00fcnge und historische Einfl\u00fcsse der skandinavische Design-Geschichte<span class=\"ez-toc-section-end\"><\/span><\/h2>\n\n\n\n<p>Der Ursprung der skandinavischen Designbewegung liegt im fr\u00fchen 20.&nbsp;Jahrhundert. Bereits 1914 ver\u00f6ffentlichte der d\u00e4nische Verein <em>Selskabet&nbsp;for&nbsp;Dekorativ&nbsp;Kunst<\/em> das Magazin <strong>Sk\u00f8nvirke<\/strong> (\u201eSch\u00f6nes&nbsp;Werk\u201c), das lokale Handwerkskunst f\u00f6rdern sollte. iel war es, erschwingliches, demokratisches Design zu schaffen \u2013 im Kontrast zu den damals vorherrschenden, teuren Art\u2011Nouveau\u2011Stilen. Der Einfluss des Funktionalismus und von Konstruktivismus zeigte sich darin, dass die Gestalter einfache Formen und n\u00fctzliche Gegenst\u00e4nde in den Mittelpunkt stellten.<\/p><div id=\"ez-toc-container\" class=\"ez-toc-v2_0_82_2 counter-hierarchy ez-toc-counter ez-toc-grey ez-toc-container-direction\">\n<div class=\"ez-toc-title-container\">\n<p class=\"ez-toc-title\" style=\"cursor:inherit\">Was hier auf Sie wartet<\/p>\n<span class=\"ez-toc-title-toggle\"><a href=\"#\" class=\"ez-toc-pull-right ez-toc-btn ez-toc-btn-xs ez-toc-btn-default ez-toc-toggle\" aria-label=\"Toggle Table of Content\"><span class=\"ez-toc-js-icon-con\"><span class=\"\"><span class=\"eztoc-hide\" style=\"display:none;\">Toggle<\/span><span class=\"ez-toc-icon-toggle-span\"><svg style=\"fill: #999;color:#999\" xmlns=\"http:\/\/www.w3.org\/2000\/svg\" class=\"list-377408\" width=\"20px\" height=\"20px\" viewBox=\"0 0 24 24\" fill=\"none\"><path d=\"M6 6H4v2h2V6zm14 0H8v2h12V6zM4 11h2v2H4v-2zm16 0H8v2h12v-2zM4 16h2v2H4v-2zm16 0H8v2h12v-2z\" fill=\"currentColor\"><\/path><\/svg><svg style=\"fill: #999;color:#999\" class=\"arrow-unsorted-368013\" xmlns=\"http:\/\/www.w3.org\/2000\/svg\" width=\"10px\" height=\"10px\" viewBox=\"0 0 24 24\" version=\"1.2\" baseProfile=\"tiny\"><path d=\"M18.2 9.3l-6.2-6.3-6.2 6.3c-.2.2-.3.4-.3.7s.1.5.3.7c.2.2.4.3.7.3h11c.3 0 .5-.1.7-.3.2-.2.3-.5.3-.7s-.1-.5-.3-.7zM5.8 14.7l6.2 6.3 6.2-6.3c.2-.2.3-.5.3-.7s-.1-.5-.3-.7c-.2-.2-.4-.3-.7-.3h-11c-.3 0-.5.1-.7.3-.2.2-.3.5-.3.7s.1.5.3.7z\"\/><\/svg><\/span><\/span><\/span><\/a><\/span><\/div>\n<nav><ul class='ez-toc-list ez-toc-list-level-1 ' ><li class='ez-toc-page-1 ez-toc-heading-level-2'><a class=\"ez-toc-link ez-toc-heading-1\" href=\"https:\/\/raum-blick.de\/magazin\/skandinavische-design-geschichte-erleben\/#%C2%AB_Einzigartige_Verbindung_von_Funktionalitaet_und_Eleganz_%C2%BB\" >\u00ab Einzigartige Verbindung von Funktionalit\u00e4t und Eleganz \u00bb<\/a><\/li><li class='ez-toc-page-1 ez-toc-heading-level-2'><a class=\"ez-toc-link ez-toc-heading-2\" href=\"https:\/\/raum-blick.de\/magazin\/skandinavische-design-geschichte-erleben\/#Urspruenge_und_historische_Einfluesse_der_skandinavische_Design-Geschichte\" >Urspr\u00fcnge und historische Einfl\u00fcsse der skandinavische Design-Geschichte<\/a><\/li><li class='ez-toc-page-1 ez-toc-heading-level-2'><a class=\"ez-toc-link ez-toc-heading-3\" href=\"https:\/\/raum-blick.de\/magazin\/skandinavische-design-geschichte-erleben\/#Die_goldene_Aera_des_skandinavischen_Designs\" >Die goldene \u00c4ra des skandinavischen Designs<\/a><\/li><li class='ez-toc-page-1 ez-toc-heading-level-2'><a class=\"ez-toc-link ez-toc-heading-4\" href=\"https:\/\/raum-blick.de\/magazin\/skandinavische-design-geschichte-erleben\/#Wichtige_Designer_und_ihre_Werke_fuer_die_skandinavische_Design-Geschichte\" >Wichtige Designer und ihre Werke f\u00fcr die skandinavische Design-Geschichte<\/a><\/li><li class='ez-toc-page-1 ez-toc-heading-level-2'><a class=\"ez-toc-link ez-toc-heading-5\" href=\"https:\/\/raum-blick.de\/magazin\/skandinavische-design-geschichte-erleben\/#Die_Bedeutung_von_Funktionalitaet_und_Aesthetik\" >Die Bedeutung von Funktionalit\u00e4t und \u00c4sthetik<\/a><\/li><li class='ez-toc-page-1 ez-toc-heading-level-2'><a class=\"ez-toc-link ez-toc-heading-6\" href=\"https:\/\/raum-blick.de\/magazin\/skandinavische-design-geschichte-erleben\/#Typische_Merkmale_der_skandinavische_Design-Geschichte\" >Typische Merkmale der skandinavische Design-Geschichte<\/a><\/li><li class='ez-toc-page-1 ez-toc-heading-level-2'><a class=\"ez-toc-link ez-toc-heading-7\" href=\"https:\/\/raum-blick.de\/magazin\/skandinavische-design-geschichte-erleben\/#Einfluss_des_skandinavischen_Designs_auf_die_Welt\" >Einfluss des skandinavischen Designs auf die Welt<\/a><\/li><li class='ez-toc-page-1 ez-toc-heading-level-2'><a class=\"ez-toc-link ez-toc-heading-8\" href=\"https:\/\/raum-blick.de\/magazin\/skandinavische-design-geschichte-erleben\/#So_integrieren_Sie_skandinavisches_Design_in_Ihr_Zuhause\" >So integrieren Sie skandinavisches Design in Ihr Zuhause<\/a><\/li><li class='ez-toc-page-1 ez-toc-heading-level-2'><a class=\"ez-toc-link ez-toc-heading-9\" href=\"https:\/\/raum-blick.de\/magazin\/skandinavische-design-geschichte-erleben\/#Moderne_Entwicklungen_und_Trends_in_der_skandinavische_Design-Geschichte\" >Moderne Entwicklungen und Trends in der skandinavische Design-Geschichte<\/a><\/li><li class='ez-toc-page-1 ez-toc-heading-level-2'><a class=\"ez-toc-link ez-toc-heading-10\" href=\"https:\/\/raum-blick.de\/magazin\/skandinavische-design-geschichte-erleben\/#Skandinavische_Designmarken_von_heute\" >Skandinavische Designmarken von heute<\/a><\/li><li class='ez-toc-page-1 ez-toc-heading-level-2'><a class=\"ez-toc-link ez-toc-heading-11\" href=\"https:\/\/raum-blick.de\/magazin\/skandinavische-design-geschichte-erleben\/#Vorteile_des_skandinavischen_Designs_fuer_Ihr_Zuhause\" >Vorteile des skandinavischen Designs f\u00fcr Ihr Zuhause<\/a><\/li><li class='ez-toc-page-1 ez-toc-heading-level-2'><a class=\"ez-toc-link ez-toc-heading-12\" href=\"https:\/\/raum-blick.de\/magazin\/skandinavische-design-geschichte-erleben\/#Fazit_Die_Zukunft_des_skandinavischen_Designs\" >Fazit: Die Zukunft des skandinavischen Designs<\/a><\/li><li class='ez-toc-page-1 ez-toc-heading-level-2'><a class=\"ez-toc-link ez-toc-heading-13\" href=\"https:\/\/raum-blick.de\/magazin\/skandinavische-design-geschichte-erleben\/#Haeufig_gestellte_Fragen_FAQs_zum_Thema_skandinavische_Design-Geschichte_bei_RAUM-BLICK\" >H\u00e4ufig gestellte Fragen (FAQs) zum Thema skandinavische Design-Geschichte bei RAUM-BLICK<\/a><ul class='ez-toc-list-level-3' ><li class='ez-toc-heading-level-3'><a class=\"ez-toc-link ez-toc-heading-14\" href=\"https:\/\/raum-blick.de\/magazin\/skandinavische-design-geschichte-erleben\/#Was_sind_die_Urspruenge_der_skandinavische_Design-Geschichte\" >Was sind die Urspr\u00fcnge der skandinavische Design-Geschichte?<\/a><\/li><li class='ez-toc-page-1 ez-toc-heading-level-3'><a class=\"ez-toc-link ez-toc-heading-15\" href=\"https:\/\/raum-blick.de\/magazin\/skandinavische-design-geschichte-erleben\/#Welche_typischen_Merkmale_definieren_skandinavisches_Design\" >Welche typischen Merkmale definieren skandinavisches Design?<\/a><\/li><li class='ez-toc-page-1 ez-toc-heading-level-3'><a class=\"ez-toc-link ez-toc-heading-16\" href=\"https:\/\/raum-blick.de\/magazin\/skandinavische-design-geschichte-erleben\/#Wie_hat_sich_das_skandinavische_Design_im_Laufe_der_Zeit_veraendert\" >Wie hat sich das skandinavische Design im Laufe der Zeit ver\u00e4ndert?<\/a><\/li><li class='ez-toc-page-1 ez-toc-heading-level-3'><a class=\"ez-toc-link ez-toc-heading-17\" href=\"https:\/\/raum-blick.de\/magazin\/skandinavische-design-geschichte-erleben\/#Warum_ist_skandinavisches_Design_besonders_beliebt_bei_stilbewussten_Kaeufern\" >Warum ist skandinavisches Design besonders beliebt bei stilbewussten K\u00e4ufern?<\/a><\/li><li class='ez-toc-page-1 ez-toc-heading-level-3'><a class=\"ez-toc-link ez-toc-heading-18\" href=\"https:\/\/raum-blick.de\/magazin\/skandinavische-design-geschichte-erleben\/#Warum_ist_skandinavisches_Design_so_nachhaltig\" >Warum ist skandinavisches Design so nachhaltig?<\/a><\/li><li class='ez-toc-page-1 ez-toc-heading-level-3'><a class=\"ez-toc-link ez-toc-heading-19\" href=\"https:\/\/raum-blick.de\/magazin\/skandinavische-design-geschichte-erleben\/#Was_ist_der_skandinavische_Designstil\" >Was ist der skandinavische Designstil?<\/a><\/li><li class='ez-toc-page-1 ez-toc-heading-level-3'><a class=\"ez-toc-link ez-toc-heading-20\" href=\"https:\/\/raum-blick.de\/magazin\/skandinavische-design-geschichte-erleben\/#Was_ist_der_Ursprung_der_skandinavische_Design-Geschichte\" >Was ist der Ursprung der skandinavische Design-Geschichte?<\/a><\/li><\/ul><\/li><\/ul><\/nav><\/div>\n\n\n\n\n<p>Die nordischen L\u00e4nder profitierten von sozialen Reformbewegungen: Sie wollten Sch\u00f6nes f\u00fcr m\u00f6glichst viele Menschen zug\u00e4nglich machen. Dank dieser Bewegungen wurde Design als Teil des <strong>gesellschaftlichen Fortschritts<\/strong> betrachtet und in breite Bev\u00f6lkerungsschichten getragen. Die ersten Jahrzehnte dienten also weniger dem Luxus als der Verbindung von Handwerk, Funktion und einer \u00e4sthetischen Schlichtheit, die bis heute pr\u00e4gend ist.<\/p>\n\n\n\n<h2 class=\"wp-block-heading\"><span class=\"ez-toc-section\" id=\"Die_goldene_Aera_des_skandinavischen_Designs\"><\/span>Die goldene \u00c4ra des skandinavischen Designs<span class=\"ez-toc-section-end\"><\/span><\/h2>\n\n\n\n<p>Zwischen den 1930er\u2011 und den 1970er\u2011Jahren erlebte skandinavisches Design seine \u201egoldene \u00c4ra\u201c. In dieser Zeit entwickelten vision\u00e4re Designer wie <strong>Alvar&nbsp;Aalto<\/strong>, <strong>Arne&nbsp;Jacobsen<\/strong>, <strong>Josef&nbsp;Frank<\/strong> und <strong>Maija&nbsp;Isola<\/strong> ihre ikonischen Werke. Sie lie\u00dfen sich von funktionalistischen und konstruktivistischen Ideen sowie teils surrealen Einfl\u00fcssen inspirieren. Das Resultat waren M\u00f6belst\u00fccke und Gegenst\u00e4nde, die <strong>Schlichtheit und Eleganz<\/strong> vereinten: Der \u201eEgg&nbsp;Chair\u201c von Jacobsen oder Aaltos <em>Savoy\u2011Vase<\/em> zeigen diese Synthese eindrucksvoll.<\/p>\n\n\n\n<p>Dank des <strong>Lunning\u2011Preises<\/strong>, der von&nbsp;1951 bis&nbsp;1970 an herausragende skandinavische Gestalter verliehen wurde, erlangte der Stil internationales Ansehen. Diese Phase definierte die Formensprache, die heute noch unsere Vorstellungen vom nordischen Stil pr\u00e4gt und den Grundstein f\u00fcr viele Klassiker im Sortiment von RAUM\u2011BLICK legte.<\/p>\n\n\n\n<h2 class=\"wp-block-heading\"><span class=\"ez-toc-section\" id=\"Wichtige_Designer_und_ihre_Werke_fuer_die_skandinavische_Design-Geschichte\"><\/span>Wichtige Designer und ihre Werke f\u00fcr die skandinavische Design-Geschichte<span class=\"ez-toc-section-end\"><\/span><\/h2>\n\n\n\n<ul class=\"wp-block-list\">\n<li><strong>Arne&nbsp;Jacobsen:<\/strong> Der d\u00e4nische Architekt entwarf futuristische Geb\u00e4ude und schuf gleichzeitig St\u00fchle wie den ber\u00fchmten <em>Egg Chair<\/em> und den <em>Schwan<\/em>. Seine Entw\u00fcrfe vereinen organische Linien mit hoher Funktionalit\u00e4t \u2013 nicht umsonst z\u00e4hlen seine St\u00fchle zu den erfolgreichsten Sitzm\u00f6beln weltweit.<\/li>\n\n\n\n<li><strong>Poul&nbsp;Henningsen:<\/strong> F\u00fcr seine <a href=\"https:\/\/www.raum-blick.de\/louis-poulsen-ph-5-pendelleuchte\">Leuchten<\/a> suchte Henningsen nach einer L\u00f6sung, das Licht <strong>blendfrei zu streuen<\/strong>. Die aus mehreren Schirmen bestehende Leuchte verteilt das Licht gleichm\u00e4\u00dfig und zeigt, wie \u00e4sthetische Form und praktische Funktion harmonieren.<\/li>\n\n\n\n<li><strong>Hans&nbsp;J.&nbsp;Wegner:<\/strong> Der 1950 entwickelte <em>Wishbone&nbsp;Chair<\/em> ist wegen seiner markanten Y\u2011f\u00f6rmigen R\u00fcckenlehne und seiner luftigen Optik beliebt. Er verbindet traditionelles Handwerk mit modernem Minimalismus.<\/li>\n\n\n\n<li><strong>Alvar&nbsp;Aalto:<\/strong> Der finnische Architekt nutzte Holz in organischer Form, wie es die <em>Savoy\u2011Vase<\/em> und der \u201eStuhl&nbsp;69\u201c zeigen. Seine Objekte setzen den Menschen ins Zentrum und vereinen Naturverbundenheit mit moderner Gestaltung.<\/li>\n\n\n\n<li><strong>Verner&nbsp;Panton:<\/strong> Der <em><a href=\"https:\/\/www.raum-blick.de\/vitra-panton-junior-stuhl\">Panton&nbsp;Chair<\/a><\/em> aus den 1960er\u2011Jahren war der erste Freischwinger aus einem St\u00fcck Kunststoff. Panton nutzte kr\u00e4ftige Farben und futuristische Formen, wodurch seine Werke wie kleine Pop\u2011Art\u2011Skulpturen wirken.<\/li>\n<\/ul>\n\n\n\n<p>Diese Designer machten skandinavische M\u00f6bel und Wohnaccessoires zu <strong>Geschichten zum Anfassen<\/strong> \u2013 eine Tradition, die RAUM\u2011BLICK fortsetzt.<\/p>\n\n\n\n<div class=\"wp-block-columns is-layout-flex wp-container-core-columns-is-layout-9d6595d7 wp-block-columns-is-layout-flex\">\n<div class=\"wp-block-column is-layout-flow wp-block-column-is-layout-flow\" style=\"flex-basis:50%\">\n<figure class=\"wp-block-image aligncenter size-full\"><a href=\"https:\/\/www.raum-blick.de\/louis-poulsen-ph-5-pendelleuchte\"><img loading=\"lazy\" decoding=\"async\" width=\"1000\" height=\"1000\" src=\"https:\/\/www.raum-blick.de\/magazin\/wp-content\/uploads\/2025\/08\/Lous-Poulsen-PH-5-Pendellampe-monochrome-weiss_106207_1280x1280-1.jpg\" alt=\"skandinavische Design-Geschichte: PH 5 Pendelleuchte von Louis Poulsen\" class=\"wp-image-22045\" title=\"\" srcset=\"https:\/\/raum-blick.de\/magazin\/wp-content\/uploads\/2025\/08\/Lous-Poulsen-PH-5-Pendellampe-monochrome-weiss_106207_1280x1280-1.jpg 1000w, https:\/\/raum-blick.de\/magazin\/wp-content\/uploads\/2025\/08\/Lous-Poulsen-PH-5-Pendellampe-monochrome-weiss_106207_1280x1280-1-300x300.jpg 300w, https:\/\/raum-blick.de\/magazin\/wp-content\/uploads\/2025\/08\/Lous-Poulsen-PH-5-Pendellampe-monochrome-weiss_106207_1280x1280-1-150x150.jpg 150w, https:\/\/raum-blick.de\/magazin\/wp-content\/uploads\/2025\/08\/Lous-Poulsen-PH-5-Pendellampe-monochrome-weiss_106207_1280x1280-1-768x768.jpg 768w\" sizes=\"(max-width: 1000px) 100vw, 1000px\" \/><\/a><figcaption class=\"wp-element-caption\"><em>Louis Poulsen &#8211; PH 5 Pendelleuchte (Design: Poul Henningsen)<\/em><\/figcaption><\/figure>\n<\/div>\n\n\n\n<div class=\"wp-block-column is-layout-flow wp-block-column-is-layout-flow\" style=\"flex-basis:50%\">\n<figure class=\"wp-block-image aligncenter size-full\"><a href=\"https:\/\/www.raum-blick.de\/vitra-panton-junior-stuhl\"><img loading=\"lazy\" decoding=\"async\" width=\"1000\" height=\"1000\" src=\"https:\/\/www.raum-blick.de\/magazin\/wp-content\/uploads\/2025\/08\/vitra-panton-titel_56417_1280x1280-1.jpg\" alt=\"skandinavische Design-Geschichte: Panton Junior Stuhl von Vitra\" class=\"wp-image-22046\" title=\"\" srcset=\"https:\/\/raum-blick.de\/magazin\/wp-content\/uploads\/2025\/08\/vitra-panton-titel_56417_1280x1280-1.jpg 1000w, https:\/\/raum-blick.de\/magazin\/wp-content\/uploads\/2025\/08\/vitra-panton-titel_56417_1280x1280-1-300x300.jpg 300w, https:\/\/raum-blick.de\/magazin\/wp-content\/uploads\/2025\/08\/vitra-panton-titel_56417_1280x1280-1-150x150.jpg 150w, https:\/\/raum-blick.de\/magazin\/wp-content\/uploads\/2025\/08\/vitra-panton-titel_56417_1280x1280-1-768x768.jpg 768w\" sizes=\"(max-width: 1000px) 100vw, 1000px\" \/><\/a><figcaption class=\"wp-element-caption\"><em>Vitra &#8211; Panton Junior Stuhl (Design: Verner Panton<\/em>)<\/figcaption><\/figure>\n<\/div>\n<\/div>\n\n\n\n<h2 class=\"wp-block-heading\"><span class=\"ez-toc-section\" id=\"Die_Bedeutung_von_Funktionalitaet_und_Aesthetik\"><\/span>Die Bedeutung von Funktionalit\u00e4t und \u00c4sthetik<span class=\"ez-toc-section-end\"><\/span><\/h2>\n\n\n\n<p>Skandinavisches Design lebt davon, dass <strong>Form und Funktion<\/strong> untrennbar sind. Von Beginn an legten die Gestalter Wert auf praktische L\u00f6sungen und gleichzeitig auf eine harmonische, reduzierte Formensprache. Dieser Ansatz spiegelt sich in den Kernprinzipien wider:<\/p>\n\n\n\n<ul class=\"wp-block-list\">\n<li><strong>Simplicity und Minimalismus:<\/strong> skandinavische Gestalter reduzieren auf das Wesentliche; jedes St\u00fcck ist bewusst ausgew\u00e4hlt.<\/li>\n\n\n\n<li><strong>Nat\u00fcrliche Materialien:<\/strong> Holz, Leder, Wolle, Leinen oder jute schaffen W\u00e4rme und verbinden Innenr\u00e4ume mit der Natur.<\/li>\n\n\n\n<li><strong>Funktionalit\u00e4t:<\/strong> jedes M\u00f6belst\u00fcck erf\u00fcllt mehrere Zwecke und passt sich flexibel an unterschiedliche Wohnsituationen an.<\/li>\n\n\n\n<li><strong>Licht und Luftigkeit:<\/strong> helle Farben wie Wei\u00df, Beige oder Hellgrau sowie gro\u00dfz\u00fcgige Fensterfl\u00e4chen maximieren das nat\u00fcrliche Licht.<\/li>\n\n\n\n<li><strong>Neutrale Farbpaletten:<\/strong> ruhige T\u00f6ne schaffen eine beruhigende Basis, auf der punktuell farbige Akzente Platz finden.<\/li>\n<\/ul>\n\n\n\n<p>Durch diese Mischung entsteht eine \u00c4sthetik, die nicht nur sch\u00f6n aussieht, sondern auch den Alltag erleichtert. Produkte bei RAUM\u2011BLICK zeichnen sich durch eben diese Eigenschaften aus und helfen Ihnen, Ihren Wohnraum sowohl praktisch als auch ansprechend zu gestalten. Skandinavische Design-Geschichte zum Anfassen.<\/p>\n\n\n\n<h2 class=\"wp-block-heading\"><span class=\"ez-toc-section\" id=\"Typische_Merkmale_der_skandinavische_Design-Geschichte\"><\/span>Typische Merkmale der skandinavische Design-Geschichte<span class=\"ez-toc-section-end\"><\/span><\/h2>\n\n\n\n<p>Die skandinavische Stilwelt ist an wiederkehrenden Eigenschaften zu erkennen. Diese Merkmale unterscheiden sie von anderen minimalistischen Richtungen:<\/p>\n\n\n\n<ul class=\"wp-block-list\">\n<li><strong>Organische Formen und klare Linien:<\/strong> M\u00f6bel wirken leicht und f\u00fcgen sich unaufdringlich in den Raum ein.<\/li>\n\n\n\n<li><strong>Nat\u00fcrliche Werkstoffe:<\/strong> Im Unterschied zum Minimalismus, der oft Edelstahl oder Chrom nutzt, setzt das nordische Design auf organische Materialien wie Holz, Wollteppiche oder geflochtene K\u00f6rbe.<\/li>\n\n\n\n<li><strong>Helle Farbt\u00f6ne:<\/strong> W\u00e4nde und gro\u00dfe Fl\u00e4chen bleiben meist hell, damit das sp\u00e4rliche Sonnenlicht reflektiert wird.<\/li>\n\n\n\n<li><strong>Fokus auf Handwerk:<\/strong> handgefertigte Details und Liebe zum Material verleihen jedem St\u00fcck Charakter.<\/li>\n\n\n\n<li><strong>Multifunktionalit\u00e4t:<\/strong> M\u00f6belelemente sind selten rein dekorativ, sondern bieten zus\u00e4tzlichen Stauraum oder variable Einsatzm\u00f6glichkeiten.<\/li>\n<\/ul>\n\n\n\n<p>Diese Merkmale erleichtern es, den Stil in verschiedene Wohnkonzepte zu integrieren \u2013 sei es Boho, Industrial oder moderne Eleganz.<\/p>\n\n\n\n<h2 class=\"wp-block-heading\"><span class=\"ez-toc-section\" id=\"Einfluss_des_skandinavischen_Designs_auf_die_Welt\"><\/span>Einfluss des skandinavischen Designs auf die Welt<span class=\"ez-toc-section-end\"><\/span><\/h2>\n\n\n\n<p>Die Designphilosophie des Nordens hat weltweit Spuren hinterlassen. Durch die betonte <strong>Verbindung von Innen- und Au\u00dfenr\u00e4umen<\/strong> und die Verwendung nat\u00fcrlicher Materialien brachte sie nachhaltige Ideen in andere Kulturen. Skandinavisches Design stellt den Menschen in den Mittelpunkt: Es schafft Harmonie mit der Umgebung und produziert langlebige Gegenst\u00e4nde. Diese Werte fanden Eingang in Architektur, Produktdesign, Mode und sogar digitale Interfaces.<\/p>\n\n\n\n<p>Der \u00f6kologische Gedanke der skandinavische Design-Geschichte zeigt sich in der Verwendung von umweltfreundlichen Materialien und einer Produktion, die auf Langlebigkeit ausgelegt ist. Diese <strong>nachhaltige Denkweise<\/strong> inspiriert Marken weltweit zu verantwortungsbewussten Kollektionen. Auch moderne Technologien werden mit minimalistischer Gestaltung kombiniert, etwa bei Smart\u2011Home\u2011L\u00f6sungen, die nahtlos in die Einrichtung integriert werden. Das globale Interesse an skandinavischem Design beweist: Die Mischung aus Funktionalit\u00e4t und \u00c4sthetik ist universell \u2013 eine Philosophie, die RAUM\u2011BLICK in seinem Sortiment lebt.<\/p>\n\n\n\n<h2 class=\"wp-block-heading\"><span class=\"ez-toc-section\" id=\"So_integrieren_Sie_skandinavisches_Design_in_Ihr_Zuhause\"><\/span>So integrieren Sie skandinavisches Design in Ihr Zuhause<span class=\"ez-toc-section-end\"><\/span><\/h2>\n\n\n\n<p>Sie m\u00fcssen kein Designer sein, um den Scandi\u2011Stil in die eigenen vier W\u00e4nde zu bringen. Mit folgenden Schritten gelingt die Umsetzung:<\/p>\n\n\n\n<ul class=\"wp-block-list\">\n<li><strong>Basis schaffen:<\/strong> W\u00e4hlen Sie eine helle Farbpalette aus Wei\u00df, Grau oder sanften Erdt\u00f6nen. Diese T\u00f6ne lassen R\u00e4ume gr\u00f6\u00dfer und ruhiger wirken.<\/li>\n\n\n\n<li><strong>Nat\u00fcrliche Materialien einsetzen:<\/strong> Holzm\u00f6bel aus Eiche oder Walnuss bringen W\u00e4rme. Kombinieren Sie diese mit Leinenvorh\u00e4ngen, Wollteppichen und Keramikvasen.<\/li>\n\n\n\n<li><strong>Funktionalit\u00e4t in den Mittelpunkt stellen:<\/strong> Setzen Sie auf M\u00f6bel mit klaren Linien und mehreren Nutzungsm\u00f6glichkeiten \u2013 etwa ein Sofa mit Schlaffunktion oder ein Tisch mit integriertem Stauraum.<\/li>\n\n\n\n<li><strong>Akzente setzen:<\/strong> Wenige, aber gezielt platzierte Dekorobjekte, wie eine handgemachte Keramikvase oder ein hochwertiger Lampenschirm, verleihen dem Raum Charakter.<\/li>\n\n\n\n<li><strong>Licht inszenieren:<\/strong> Nutzen Sie mehrere Lichtquellen. Steh\u2011, Tisch\u2011 und Pendelleuchten im skandinavischen Stil schaffen eine wohnliche Atmosph\u00e4re.<\/li>\n\n\n\n<li><strong>Natur hineinholen:<\/strong> Pflanzen wie Gr\u00fcnlilien oder Sukkulenten setzen lebendige Akzente und sorgen f\u00fcr eine nat\u00fcrliche Verbindung nach au\u00dfen.<\/li>\n<\/ul>\n\n\n\n<p>Bei RAUM\u2011BLICK finden Sie eine sorgf\u00e4ltig kuratierte Auswahl an M\u00f6beln und Accessoires, mit denen Sie diese Tipps unkompliziert umsetzen k\u00f6nnen.<\/p>\n\n\n\n<figure class=\"wp-block-image size-large\"><a href=\"https:\/\/www.raum-blick.de\/louis-poulsen-panthella-250-tischleuchte\"><img loading=\"lazy\" decoding=\"async\" width=\"1024\" height=\"1024\" src=\"https:\/\/www.raum-blick.de\/magazin\/wp-content\/uploads\/2025\/08\/Louis-Poulsen-Panthella-250-Tischleuchte-chrome-auf-sideboard_106091_1280x1280-1024x1024.jpg\" alt=\"Panthella 250 Tischleuchte von Louis Poulsen\" class=\"wp-image-22059\" title=\"\" srcset=\"https:\/\/raum-blick.de\/magazin\/wp-content\/uploads\/2025\/08\/Louis-Poulsen-Panthella-250-Tischleuchte-chrome-auf-sideboard_106091_1280x1280-1024x1024.jpg 1024w, https:\/\/raum-blick.de\/magazin\/wp-content\/uploads\/2025\/08\/Louis-Poulsen-Panthella-250-Tischleuchte-chrome-auf-sideboard_106091_1280x1280-300x300.jpg 300w, https:\/\/raum-blick.de\/magazin\/wp-content\/uploads\/2025\/08\/Louis-Poulsen-Panthella-250-Tischleuchte-chrome-auf-sideboard_106091_1280x1280-150x150.jpg 150w, https:\/\/raum-blick.de\/magazin\/wp-content\/uploads\/2025\/08\/Louis-Poulsen-Panthella-250-Tischleuchte-chrome-auf-sideboard_106091_1280x1280-768x768.jpg 768w, https:\/\/raum-blick.de\/magazin\/wp-content\/uploads\/2025\/08\/Louis-Poulsen-Panthella-250-Tischleuchte-chrome-auf-sideboard_106091_1280x1280.jpg 1280w\" sizes=\"(max-width: 1024px) 100vw, 1024px\" \/><\/a><figcaption class=\"wp-element-caption\"><em>Louis Poulsen &#8211; Panthella 250 Tischleuchte<\/em><\/figcaption><\/figure>\n\n\n\n<h2 class=\"wp-block-heading\"><span class=\"ez-toc-section\" id=\"Moderne_Entwicklungen_und_Trends_in_der_skandinavische_Design-Geschichte\"><\/span>Moderne Entwicklungen und Trends in der skandinavische Design-Geschichte<span class=\"ez-toc-section-end\"><\/span><\/h2>\n\n\n\n<p>In den letzten Jahren hat sich der skandinavische Stil weiterentwickelt, ohne seine Wurzeln zu verlieren. Einige der wichtigsten Trends f\u00fcr 2025:<\/p>\n\n\n\n<ul class=\"wp-block-list\">\n<li><strong>Design aus den Archiven:<\/strong> Marken legen Klassiker neu auf und verleihen ihnen moderne Farben und Materialien. Diese R\u00fcckbesinnung auf die 60er\u2011, 70er\u2011 und 80er\u2011Jahre schafft Vertrautheit und Komfort.<\/li>\n\n\n\n<li><strong>Circular Design:<\/strong> Nachhaltigkeit steht im Vordergrund. Produkte werden aus recycelten oder biologisch abbaubaren Materialien hergestellt, etwa bei Normann Copenhagens <em>Mat\u2011Serie<\/em>, die aus Hanf und Seegras gefertigt wird.<\/li>\n\n\n\n<li><strong>Komfortable Wohnlandschaften:<\/strong> Gro\u00dfe Sofas, einladende Sessel und weiche Poufs dominieren die Einrichtung; Zuhause wird zur Wohlf\u00fchloase.<\/li>\n\n\n\n<li><strong>Taktile Materialien:<\/strong> Samt, Burlholz und Pinienholz sorgen f\u00fcr haptische Erlebnisse und erinnern an die Retro\u2011Eleganz der 1960er\u2011Jahre.<\/li>\n\n\n\n<li><strong>Digitale Minimalismen:<\/strong> Integrierte Technologie wie versteckte Ladestationen oder smarte Leuchten unterst\u00fctzen ein aufger\u00e4umtes Ambiente und verbinden Funktionalit\u00e4t mit moderner Lebensweise.<\/li>\n\n\n\n<li><strong>Indoor\u2011Outdoor\u2011Fusion:<\/strong> Durch bodentiefe Fenster und nat\u00fcrliche Materialien verschmelzen Innen\u2011 und Au\u00dfenr\u00e4ume; Pflanzen, gr\u00fcne W\u00e4nde und modulare M\u00f6bel f\u00f6rdern ein biophiles Wohngef\u00fchl.<\/li>\n<\/ul>\n\n\n\n<p>Diese Entwicklungen zeigen, wie dynamisch skandinavisches Design bleibt. RAUM\u2011BLICK greift diese Trends auf und bietet Ihnen eine Auswahl moderner Produkte, die Tradition und Innovation verbinden.<\/p>\n\n\n\n<h2 class=\"wp-block-heading\"><span class=\"ez-toc-section\" id=\"Skandinavische_Designmarken_von_heute\"><\/span>Skandinavische Designmarken von heute<span class=\"ez-toc-section-end\"><\/span><\/h2>\n\n\n\n<p>Zeitgen\u00f6ssische Marken interpretieren den nordischen Stil auf vielf\u00e4ltige Weise neu \u2013 von verspielten Prints bis hin zu modularen Klassikern.<\/p>\n\n\n\n<p><strong>Internationale Ikonen des skandinavischen Designs:<\/strong><\/p>\n\n\n\n<ul class=\"wp-block-list\">\n<li><strong>Svenskt Tenn<\/strong> \u2013 Farbenfrohe, naturinspirierte Prints von Josef Frank, die bis in die 1930er-Jahre zur\u00fcckreichen.<\/li>\n\n\n\n<li><strong>Dusty Deco<\/strong> \u2013 Reinterpretationen klassischer M\u00f6bel wie das Paris-Sofa von Elias Svedberg mit modernen Stoffen.<\/li>\n\n\n\n<li><strong>Layered<\/strong> \u2013 Grafische Teppiche in kr\u00e4ftigen Farben mit Fokus auf Nachhaltigkeit.<\/li>\n\n\n\n<li><strong>Byredo<\/strong> \u2013 Duftkerzen und Raumd\u00fcfte mit minimalistischem Design.<\/li>\n\n\n\n<li><strong>&amp;Tradition<\/strong> \u2013 Klassiker von Arne Jacobsen und Verner Panton, kombiniert mit modernen Leuchten und M\u00f6beln.<\/li>\n\n\n\n<li><strong>BoConcept<\/strong> \u2013 Zeitlose M\u00f6bel seit den 1950er-Jahren, aktuell z.\u202fB. das Bergamo-Sofa oder travertin\u00e4hnliche Tische.<\/li>\n\n\n\n<li><strong>Nordic Knots<\/strong> \u2013 Teppiche mit farbenfrohem Look, inspiriert von historischen Flachgeweben.<\/li>\n\n\n\n<li><strong>Bolia &amp; String<\/strong> \u2013 Funktionale Regalsysteme von <a href=\"https:\/\/www.raum-blick.de\/string-furniture\/\">String<\/a> (ab 1949) und \u201eNew Scandinavian Design\u201c mit Fokus auf Klarheit und Komfort bei Bolia.<\/li>\n<\/ul>\n\n\n\n<figure class=\"wp-block-image size-large\"><a href=\"https:\/\/www.raum-blick.de\/string-furniture-pocket-regal\"><img loading=\"lazy\" decoding=\"async\" width=\"1024\" height=\"1024\" src=\"https:\/\/www.raum-blick.de\/magazin\/wp-content\/uploads\/2025\/08\/string-pocket-livingroom-blush_landscape_xxlarge-BlushHzRR6GiRKB9lQ_1280x1280-1024x1024.jpg\" alt=\"skandinavische Design-Geschichte: Pocket Wandregal von String Furniture\" class=\"wp-image-22047\" title=\"\" srcset=\"https:\/\/raum-blick.de\/magazin\/wp-content\/uploads\/2025\/08\/string-pocket-livingroom-blush_landscape_xxlarge-BlushHzRR6GiRKB9lQ_1280x1280-1024x1024.jpg 1024w, https:\/\/raum-blick.de\/magazin\/wp-content\/uploads\/2025\/08\/string-pocket-livingroom-blush_landscape_xxlarge-BlushHzRR6GiRKB9lQ_1280x1280-300x300.jpg 300w, https:\/\/raum-blick.de\/magazin\/wp-content\/uploads\/2025\/08\/string-pocket-livingroom-blush_landscape_xxlarge-BlushHzRR6GiRKB9lQ_1280x1280-150x150.jpg 150w, https:\/\/raum-blick.de\/magazin\/wp-content\/uploads\/2025\/08\/string-pocket-livingroom-blush_landscape_xxlarge-BlushHzRR6GiRKB9lQ_1280x1280-768x768.jpg 768w, https:\/\/raum-blick.de\/magazin\/wp-content\/uploads\/2025\/08\/string-pocket-livingroom-blush_landscape_xxlarge-BlushHzRR6GiRKB9lQ_1280x1280.jpg 1280w\" sizes=\"(max-width: 1024px) 100vw, 1024px\" \/><\/a><figcaption class=\"wp-element-caption\"><em>String Furniture &#8211; Pocket Wandregal<\/em><\/figcaption><\/figure>\n\n\n\n<p><strong>Skandinavische Marken im Sortiment von RAUM\u2011BLICK:<\/strong><\/p>\n\n\n\n<ul class=\"wp-block-list\">\n<li><a href=\"https:\/\/www.raum-blick.de\/ferm-living\/\"><strong>ferm LIVING<\/strong><\/a> \u2013 Wohnaccessoires und M\u00f6bel mit klaren Linien und warmer Farbwelt.<\/li>\n\n\n\n<li><a href=\"https:\/\/www.raum-blick.de\/audo\/\"><strong>Audo<\/strong><\/a> \u2013 Schlichte Eleganz, kombiniert mit funktionalem Design.<\/li>\n\n\n\n<li><a href=\"https:\/\/www.raum-blick.de\/string-furniture\/\"><strong>String Furniture<\/strong><\/a> \u2013 Ikonische Regalsysteme mit hoher Gestaltungsfreiheit.<\/li>\n\n\n\n<li><a href=\"https:\/\/www.raum-blick.de\/georg-jensen\/\"><strong>Georg Jensen<\/strong><\/a>, <a href=\"https:\/\/www.raum-blick.de\/eva-solo\/\"><strong>Eva Solo<\/strong><\/a>, <a href=\"https:\/\/www.raum-blick.de\/holmegaard\/\"><strong>Holmegaard<\/strong><\/a>, <a href=\"https:\/\/www.raum-blick.de\/louis-poulsen\/\"><strong>Louis Poulsen<\/strong><\/a>, <a href=\"https:\/\/www.raum-blick.de\/kay-bojesen\/\"><strong>Kay Bojesen<\/strong><\/a>, <a href=\"https:\/\/www.raum-blick.de\/fritz-hansen\/\"><strong>Fritz Hansen<\/strong><\/a>, <a href=\"https:\/\/www.raum-blick.de\/kaehler-design\/\"><strong>K\u00e4hler Design<\/strong><\/a>, <a href=\"https:\/\/www.raum-blick.de\/le-klint\/\"><strong>Le Klint<\/strong> <\/a>\u2013 Marken, die skandinavische Designtradition und Moderne verbinden.<\/li>\n<\/ul>\n\n\n\n<p>Viele dieser Marken lassen sich perfekt miteinander kombinieren \u2013 entdecken Sie Ihre Lieblingsst\u00fccke direkt im Sortiment von <a href=\"https:\/\/www.raum-blick.de\/\">RAUM\u2011BLICK.de<\/a>!<\/p>\n\n\n\n<h2 class=\"wp-block-heading\"><span class=\"ez-toc-section\" id=\"Vorteile_des_skandinavischen_Designs_fuer_Ihr_Zuhause\"><\/span>Vorteile des skandinavischen Designs f\u00fcr Ihr Zuhause<span class=\"ez-toc-section-end\"><\/span><\/h2>\n\n\n\n<p>Wer die skandinavische Design-Geschichte verfolgt und sich f\u00fcr skandinavische Einrichtung entscheidet, profitiert gleich mehrfach:<\/p>\n\n\n\n<ul class=\"wp-block-list\">\n<li><strong>Ruhe und Entspannung:<\/strong> Die reduzierte Gestaltung mit neutralen Farben und nat\u00fcrlichen Materialien schafft eine beruhigende Atmosph\u00e4re.<\/li>\n\n\n\n<li><strong>Nachhaltigkeit:<\/strong> Langlebige Materialien und langlebiges Design f\u00f6rdern umweltbewusstes Wohnen.<\/li>\n\n\n\n<li><strong>Zeitlose \u00c4sthetik:<\/strong> Die klare Formensprache \u00fcberdauert kurzfristige Trends und bleibt \u00fcber Jahre hinweg modern.<\/li>\n\n\n\n<li><strong>Anpassungsf\u00e4higkeit:<\/strong> Multifunktionale M\u00f6bel und modulare Systeme passen sich verschiedenen Lebensphasen an und sparen Platz.<\/li>\n\n\n\n<li><strong>Wohlbefinden:<\/strong> Die Verbindung zur Natur durch Pflanzen, Holz und Tageslicht steigert das emotionale Wohlbefinden und macht aus Ihrem Zuhause einen R\u00fcckzugsort.<\/li>\n<\/ul>\n\n\n\n<p>Ganz gleich, ob Sie Ihr komplettes Interior umgestalten oder nur Akzente setzen m\u00f6chten \u2013 mit den Produkten von RAUM\u2011BLICK gelingt Ihnen eine stilvolle Einrichtung, die Funktionalit\u00e4t und Sch\u00f6nheit verbindet.<\/p>\n\n\n\n<h2 class=\"wp-block-heading\"><span class=\"ez-toc-section\" id=\"Fazit_Die_Zukunft_des_skandinavischen_Designs\"><\/span>Fazit: Die Zukunft des skandinavischen Designs<span class=\"ez-toc-section-end\"><\/span><\/h2>\n\n\n\n<p>Skandinavisches Design bleibt eine der einflussreichsten Stilrichtungen der Gegenwart \u2013 durch seine Verbindung aus Funktion, \u00c4sthetik und Nachhaltigkeit. Auch in Zukunft wird dieser Ansatz Wohnr\u00e4ume pr\u00e4gen, denn die klare Formensprache, nat\u00fcrlichen Materialien und langlebigen Konzepte sprechen eine wachsende Zahl designbewusster Menschen an.<\/p>\n\n\n\n<p>Die Kombination aus zeitlosen Klassikern und modernen Interpretationen bietet unz\u00e4hlige M\u00f6glichkeiten, Ihr Zuhause stilvoll und verantwortungsvoll zu gestalten \u2013 ganz im Sinne der nordischen Lebensart.<\/p>\n\n\n\n<p><strong>Entdecken Sie jetzt unsere Auswahl an skandinavischen Designklassikern und modernen Highlights bei raum-blick.de<\/strong> \u2013 und gestalten Sie Ihr Zuhause bewusst, stilvoll und ganz nach Ihrem Geschmack.<\/p>\n\n\n\n<div class=\"wp-block-columns is-layout-flex wp-container-core-columns-is-layout-9d6595d7 wp-block-columns-is-layout-flex\">\n<div class=\"wp-block-column is-layout-flow wp-block-column-is-layout-flow\">\n<figure class=\"wp-block-image size-large\"><a href=\"https:\/\/www.raum-blick.de\/ferm-living-grib-tablett\"><img loading=\"lazy\" decoding=\"async\" width=\"1024\" height=\"1024\" src=\"https:\/\/www.raum-blick.de\/magazin\/wp-content\/uploads\/2025\/08\/ferm-living-grib-tray-schwarz-tablett_60439_1280x1280-1024x1024.jpg\" alt=\"Grib-Tablett von ferm LIVING\" class=\"wp-image-22048\" title=\"\" srcset=\"https:\/\/raum-blick.de\/magazin\/wp-content\/uploads\/2025\/08\/ferm-living-grib-tray-schwarz-tablett_60439_1280x1280-1024x1024.jpg 1024w, https:\/\/raum-blick.de\/magazin\/wp-content\/uploads\/2025\/08\/ferm-living-grib-tray-schwarz-tablett_60439_1280x1280-300x300.jpg 300w, https:\/\/raum-blick.de\/magazin\/wp-content\/uploads\/2025\/08\/ferm-living-grib-tray-schwarz-tablett_60439_1280x1280-150x150.jpg 150w, https:\/\/raum-blick.de\/magazin\/wp-content\/uploads\/2025\/08\/ferm-living-grib-tray-schwarz-tablett_60439_1280x1280-768x768.jpg 768w, https:\/\/raum-blick.de\/magazin\/wp-content\/uploads\/2025\/08\/ferm-living-grib-tray-schwarz-tablett_60439_1280x1280.jpg 1080w\" sizes=\"(max-width: 1024px) 100vw, 1024px\" \/><\/a><figcaption class=\"wp-element-caption\"><em>ferm LIVING &#8211; Grib-Tablett<\/em><\/figcaption><\/figure>\n<\/div>\n\n\n\n<div class=\"wp-block-column is-layout-flow wp-block-column-is-layout-flow\">\n<figure class=\"wp-block-image size-large\"><a href=\"https:\/\/www.raum-blick.de\/audo-bottle-small-muehlen-set\"><img loading=\"lazy\" decoding=\"async\" width=\"1024\" height=\"1024\" src=\"https:\/\/www.raum-blick.de\/magazin\/wp-content\/uploads\/2025\/08\/menu-bottle-gewuerzmuehlen-sand-set_69284_1280x1280-1024x1024.jpg\" alt=\"Bottle small M\u00fchlen-Set von Audo\" class=\"wp-image-22049\" title=\"\" srcset=\"https:\/\/raum-blick.de\/magazin\/wp-content\/uploads\/2025\/08\/menu-bottle-gewuerzmuehlen-sand-set_69284_1280x1280-1024x1024.jpg 1024w, https:\/\/raum-blick.de\/magazin\/wp-content\/uploads\/2025\/08\/menu-bottle-gewuerzmuehlen-sand-set_69284_1280x1280-300x300.jpg 300w, https:\/\/raum-blick.de\/magazin\/wp-content\/uploads\/2025\/08\/menu-bottle-gewuerzmuehlen-sand-set_69284_1280x1280-150x150.jpg 150w, https:\/\/raum-blick.de\/magazin\/wp-content\/uploads\/2025\/08\/menu-bottle-gewuerzmuehlen-sand-set_69284_1280x1280-768x768.jpg 768w, https:\/\/raum-blick.de\/magazin\/wp-content\/uploads\/2025\/08\/menu-bottle-gewuerzmuehlen-sand-set_69284_1280x1280.jpg 1280w\" sizes=\"(max-width: 1024px) 100vw, 1024px\" \/><\/a><figcaption class=\"wp-element-caption\"><em>Audo &#8211; Bottle small M\u00fchlen-Set<\/em><\/figcaption><\/figure>\n<\/div>\n<\/div>\n\n\n\n<div class=\"wp-block-columns is-layout-flex wp-container-core-columns-is-layout-9d6595d7 wp-block-columns-is-layout-flex\">\n<div class=\"wp-block-column is-layout-flow wp-block-column-is-layout-flow\">\n<figure class=\"wp-block-image size-large\"><a href=\"https:\/\/www.raum-blick.de\/eva-solo-toolbox\"><img loading=\"lazy\" decoding=\"async\" width=\"1021\" height=\"1024\" src=\"https:\/\/www.raum-blick.de\/magazin\/wp-content\/uploads\/2025\/08\/eva-solo-toolbox-schwarz_1280x1280-1021x1024.jpg\" alt=\"Toolbox von Eva Solo\" class=\"wp-image-22050\" title=\"\" srcset=\"https:\/\/raum-blick.de\/magazin\/wp-content\/uploads\/2025\/08\/eva-solo-toolbox-schwarz_1280x1280-1021x1024.jpg 1021w, https:\/\/raum-blick.de\/magazin\/wp-content\/uploads\/2025\/08\/eva-solo-toolbox-schwarz_1280x1280-300x300.jpg 300w, https:\/\/raum-blick.de\/magazin\/wp-content\/uploads\/2025\/08\/eva-solo-toolbox-schwarz_1280x1280-150x150.jpg 150w, https:\/\/raum-blick.de\/magazin\/wp-content\/uploads\/2025\/08\/eva-solo-toolbox-schwarz_1280x1280-768x770.jpg 768w, https:\/\/raum-blick.de\/magazin\/wp-content\/uploads\/2025\/08\/eva-solo-toolbox-schwarz_1280x1280.jpg 1276w\" sizes=\"(max-width: 1021px) 100vw, 1021px\" \/><\/a><figcaption class=\"wp-element-caption\"><em>Eva Solo &#8211; Toolbox<\/em><\/figcaption><\/figure>\n<\/div>\n\n\n\n<div class=\"wp-block-column is-layout-flow wp-block-column-is-layout-flow\">\n<figure class=\"wp-block-image size-large\"><a href=\"https:\/\/www.raum-blick.de\/kay-bojesen-unzertrennliche\"><img loading=\"lazy\" decoding=\"async\" width=\"1024\" height=\"1024\" src=\"https:\/\/www.raum-blick.de\/magazin\/wp-content\/uploads\/2025\/08\/Kay-Bojesen-Unzertrennlichen-39204-5_16137_1280x1280-1024x1024.jpg\" alt=\"Unzertrennliche von Kay Bojesen\" class=\"wp-image-22051\" title=\"\" srcset=\"https:\/\/raum-blick.de\/magazin\/wp-content\/uploads\/2025\/08\/Kay-Bojesen-Unzertrennlichen-39204-5_16137_1280x1280-1024x1024.jpg 1024w, https:\/\/raum-blick.de\/magazin\/wp-content\/uploads\/2025\/08\/Kay-Bojesen-Unzertrennlichen-39204-5_16137_1280x1280-300x300.jpg 300w, https:\/\/raum-blick.de\/magazin\/wp-content\/uploads\/2025\/08\/Kay-Bojesen-Unzertrennlichen-39204-5_16137_1280x1280-150x150.jpg 150w, https:\/\/raum-blick.de\/magazin\/wp-content\/uploads\/2025\/08\/Kay-Bojesen-Unzertrennlichen-39204-5_16137_1280x1280-768x768.jpg 768w, https:\/\/raum-blick.de\/magazin\/wp-content\/uploads\/2025\/08\/Kay-Bojesen-Unzertrennlichen-39204-5_16137_1280x1280.jpg 1280w\" sizes=\"(max-width: 1024px) 100vw, 1024px\" \/><\/a><figcaption class=\"wp-element-caption\"><em>Kay Bojesen &#8211; Unzertrennliche<\/em><\/figcaption><\/figure>\n<\/div>\n<\/div>\n\n\n\n<h2 class=\"wp-block-heading\"><span class=\"ez-toc-section\" id=\"Haeufig_gestellte_Fragen_FAQs_zum_Thema_skandinavische_Design-Geschichte_bei_RAUM-BLICK\"><\/span>H\u00e4ufig gestellte Fragen (FAQs) zum Thema skandinavische Design-Geschichte bei RAUM-BLICK<span class=\"ez-toc-section-end\"><\/span><\/h2>\n\n\n\n<h3 class=\"wp-block-heading\"><span class=\"ez-toc-section\" id=\"Was_sind_die_Urspruenge_der_skandinavische_Design-Geschichte\"><\/span>Was sind die Urspr\u00fcnge der skandinavische Design-Geschichte?<span class=\"ez-toc-section-end\"><\/span><\/h3>\n\n\n\n<p>Der Ursprung der skandinavischen Designgeschichte liegt tief in der Kultur und den Traditionen der nordischen L\u00e4nder. Bereits im 19. Jahrhundert begann sich ein Designstil zu entwickeln, der sich durch eine klare, funktionale \u00c4sthetik und den Gebrauch nat\u00fcrlicher Materialien auszeichnet. In den 1930er bis 1950er Jahren erlebte das skandinavische Design seine Bl\u00fctezeit, gepr\u00e4gt durch Designer wie Alvar Aalto, Arne Jacobsen und Poul Henningsen. Diese Pioniere legten den Grundstein f\u00fcr den zeitlosen Stil, der bis heute aktuell ist. Der Fokus auf Funktionalit\u00e4t, Minimalismus und die harmonische Integration in den Alltag bleibt ein charakteristisches Merkmal. Diese Designelemente spiegeln die einfachen, aber sch\u00f6nen Lebensweisen der nordischen Menschen wider und bieten einen Ausgleich zwischen modernen Trends und traditioneller Handwerkskunst. F\u00fcr Liebhaber von stilvollem Wohndesign bietet das skandinavische Design somit nicht nur estetische Produkte, sondern auch eine gewisse Lebensphilosophie.<\/p>\n\n\n\n<h3 class=\"wp-block-heading\"><span class=\"ez-toc-section\" id=\"Welche_typischen_Merkmale_definieren_skandinavisches_Design\"><\/span>Welche typischen Merkmale definieren skandinavisches Design?<span class=\"ez-toc-section-end\"><\/span><\/h3>\n\n\n\n<p>Skandinavisches Design ist weltweit bekannt f\u00fcr seine minimalistische \u00c4sthetik und seine funktionalen Eigenschaften. Typische Merkmale sind klare Linien, schlichte Formen und der Einsatz nat\u00fcrlicher Materialien wie Holz. Farben bleiben meist dezent, h\u00e4ufig dominieren Wei\u00df- und Erdt\u00f6ne, die eine helle, einladende Atmosph\u00e4re schaffen. Die Designs sind oft inspiriert von der Natur und vereinen \u00c4sthetik mit Praktikabilit\u00e4t. Das Ziel ist es, R\u00e4ume zu schaffen, die sowohl sch\u00f6n als auch funktional sind und in denen man sich wohlf\u00fchlt. Nachhaltigkeit spielt ebenfalls eine gro\u00dfe Rolle, wobei langlebige Materialien und umweltfreundliche Herstellungsverfahren bevorzugt werden. Diese Merkmale sorgen daf\u00fcr, dass skandinavisches Design zeitlos bleibt und zugleich moderne Lebensstile bereichert. Produkte im skandinavischen Stil bei raum-blick.de verk\u00f6rpern genau diese Werte und bieten eine elegante und harmonische Erg\u00e4nzung f\u00fcr jedes Zuhause.<\/p>\n\n\n\n<h3 class=\"wp-block-heading\"><span class=\"ez-toc-section\" id=\"Wie_hat_sich_das_skandinavische_Design_im_Laufe_der_Zeit_veraendert\"><\/span>Wie hat sich das skandinavische Design im Laufe der Zeit ver\u00e4ndert?<span class=\"ez-toc-section-end\"><\/span><\/h3>\n\n\n\n<p>Das skandinavische Design hat sich \u00fcber die Jahre hinweg stetig entwickelt, blieb aber seinen Kernprinzipien treu. In den Anf\u00e4ngen lag der Fokus auf Funktionalit\u00e4t und Einfachheit, was sich auch in der Verwendung von nat\u00fcrlichen Materialien widerspiegelte. Im 20. Jahrhundert f\u00fchrten Designer neue Techniken und Materialien ein, ohne jedoch den Ursprungsgedanken zu verlieren. In den letzten Jahrzehnten kamen nachhaltige Designpraktiken hinzu, die auf umweltschonenden Materialien und Herstellungsprozessen basieren. Die moderne Interpretation des Stils integriert technologische Fortschritte, bleibt aber seiner minimalistisch-sch\u00f6nen Linie treu. Dies erm\u00f6glicht es skandinavischem Design, zeitgem\u00e4\u00df zu bleiben und gleichzeitig eine Verbindung zu den traditionellen Wurzeln zu wahren. RAUM-BLICK bietet eine kuratierte Auswahl an Produkten, die diese Entwicklung widerspiegeln, und erm\u00f6glicht es, zeitlose \u00c4sthetik und moderne Innovation ins eigene Zuhause zu holen.<\/p>\n\n\n\n<h3 class=\"wp-block-heading\"><span class=\"ez-toc-section\" id=\"Warum_ist_skandinavisches_Design_besonders_beliebt_bei_stilbewussten_Kaeufern\"><\/span>Warum ist skandinavisches Design besonders beliebt bei stilbewussten K\u00e4ufern?<span class=\"ez-toc-section-end\"><\/span><\/h3>\n\n\n\n<p>Skandinavisches Design spricht stilbewusste K\u00e4ufer an, da es sich durch Einfachheit, Funktionalit\u00e4t und zeitlose Eleganz auszeichnet. F\u00fcr jene, die Wert auf ein \u00e4sthetisch ansprechendes und dennoch praktisches Wohnumfeld legen, bietet dieser Designstil eine perfekte L\u00f6sung. Die klare Formensprache l\u00e4sst Raum f\u00fcr Individualit\u00e4t, w\u00e4hrend die hohe Qualit\u00e4t der Materialien und die akribische Verarbeitung Langlebigkeit garantieren. Skandinavisches Design schafft es, Raum zu f\u00fcllen, ohne ihn zu \u00fcberladen und bringt eine beruhigende Balance in jedes Zuhause. Besonders f\u00fcr umweltbewusste Verbraucher bietet der Fokus auf Nachhaltigkeit einen zus\u00e4tzlichen Anreiz. Im Online-Shop von RAUM-BLICK finden Kunden eine exklusive Auswahl an Produkten, die diese Eigenschaften verk\u00f6rpern, und k\u00f6nnen so ein einladendes und stilvolles Zuhause gestalten.<\/p>\n\n\n\n<h3 class=\"wp-block-heading\"><span class=\"ez-toc-section\" id=\"Warum_ist_skandinavisches_Design_so_nachhaltig\"><\/span>Warum ist skandinavisches Design so nachhaltig?<span class=\"ez-toc-section-end\"><\/span><\/h3>\n\n\n\n<p>Skandinavisches Design setzt auf nat\u00fcrliche Materialien wie Holz, Wolle oder Leinen und bevorzugt langlebige Produkte statt kurzlebiger Trends. Durch klare Formen, Reparaturfreundlichkeit und recycelbare Materialien entsteht ein bewusster Umgang mit Ressourcen. Viele Marken \u2013 auch bei RAUM-BLICK \u2013 orientieren sich an der Kreislaufwirtschaft und kombinieren Stil mit Umweltverantwortung.<\/p>\n\n\n\n<h3 class=\"wp-block-heading\"><span class=\"ez-toc-section\" id=\"Was_ist_der_skandinavische_Designstil\"><\/span>Was ist der skandinavische Designstil?<span class=\"ez-toc-section-end\"><\/span><\/h3>\n\n\n\n<p>Der skandinavische Stil verbindet Minimalismus mit Wohnlichkeit: helle Farben, klare Linien und nat\u00fcrliche Materialien schaffen eine ruhige, funktionale Atmosph\u00e4re. Typisch sind Holz, Leder und Textilien aus Naturfasern \u2013 kombiniert mit durchdachtem Design, das Alltagstauglichkeit und \u00c4sthetik vereint.<\/p>\n\n\n\n<h3 class=\"wp-block-heading\"><span class=\"ez-toc-section\" id=\"Was_ist_der_Ursprung_der_skandinavische_Design-Geschichte\"><\/span>Was ist der Ursprung der skandinavische Design-Geschichte?<span class=\"ez-toc-section-end\"><\/span><\/h3>\n\n\n\n<p>Skandinavisches Design entstand im fr\u00fchen 20. Jahrhundert als Antwort auf den Wunsch nach funktionalem, sch\u00f6nem und bezahlbarem Wohnstil. Gepr\u00e4gt von Natur, Handwerk und sozialem Denken stehen klare Formen, praktische Nutzung und hochwertige Materialien im Mittelpunkt \u2013 Werte, die auch die Produktauswahl von RAUM-BLICK pr\u00e4gen.<\/p>\n","protected":false},"excerpt":{"rendered":"<p>\u00ab Einzigartige Verbindung von Funktionalit\u00e4t und Eleganz \u00bb Stellen Sie sich einen Raum vor, der durch klare Linien und behagliche Materialien zur Ruhe einl\u00e4dt. Genau diese Kombination macht die skandinavische Design-Geschichte so einzigartig. Sie verbindet Funktionalit\u00e4t mit zur\u00fcckhaltender Eleganz und wird weltweit f\u00fcr ihre harmonische Balance gesch\u00e4tzt. In den langen, dunklen Wintern des Nordens entstand [&hellip;]<\/p>\n","protected":false},"author":4,"featured_media":22061,"comment_status":"closed","ping_status":"open","sticky":false,"template":"","format":"standard","meta":{"_et_pb_use_builder":"","_et_pb_old_content":"","_et_gb_content_width":"","inline_featured_image":false,"footnotes":""},"categories":[7,6,1,2315],"tags":[145,623,2109,2325,18,206,2327,322,2323,2326,732,2324,2328,520],"class_list":["post-22040","post","type-post","status-publish","format-standard","has-post-thumbnail","hentry","category-accessoires-lifestyle","category-draussen","category-drinnen","category-informativ","tag-alvar-aalto","tag-arne-jacobsen","tag-audo","tag-design-geschichte","tag-eva-solo","tag-ferm-living","tag-hans-j-wegner","tag-kay-bojesen","tag-louis-poulsen","tag-poul-henningsen","tag-skandinavisch","tag-string-furniture","tag-verner-panton","tag-vitra"],"_links":{"self":[{"href":"https:\/\/raum-blick.de\/magazin\/wp-json\/wp\/v2\/posts\/22040","targetHints":{"allow":["GET"]}}],"collection":[{"href":"https:\/\/raum-blick.de\/magazin\/wp-json\/wp\/v2\/posts"}],"about":[{"href":"https:\/\/raum-blick.de\/magazin\/wp-json\/wp\/v2\/types\/post"}],"author":[{"embeddable":true,"href":"https:\/\/raum-blick.de\/magazin\/wp-json\/wp\/v2\/users\/4"}],"replies":[{"embeddable":true,"href":"https:\/\/raum-blick.de\/magazin\/wp-json\/wp\/v2\/comments?post=22040"}],"version-history":[{"count":10,"href":"https:\/\/raum-blick.de\/magazin\/wp-json\/wp\/v2\/posts\/22040\/revisions"}],"predecessor-version":[{"id":22060,"href":"https:\/\/raum-blick.de\/magazin\/wp-json\/wp\/v2\/posts\/22040\/revisions\/22060"}],"wp:featuredmedia":[{"embeddable":true,"href":"https:\/\/raum-blick.de\/magazin\/wp-json\/wp\/v2\/media\/22061"}],"wp:attachment":[{"href":"https:\/\/raum-blick.de\/magazin\/wp-json\/wp\/v2\/media?parent=22040"}],"wp:term":[{"taxonomy":"category","embeddable":true,"href":"https:\/\/raum-blick.de\/magazin\/wp-json\/wp\/v2\/categories?post=22040"},{"taxonomy":"post_tag","embeddable":true,"href":"https:\/\/raum-blick.de\/magazin\/wp-json\/wp\/v2\/tags?post=22040"}],"curies":[{"name":"wp","href":"https:\/\/api.w.org\/{rel}","templated":true}]}}