{"id":21757,"date":"2025-07-29T06:12:00","date_gmt":"2025-07-29T04:12:00","guid":{"rendered":"https:\/\/www.raum-blick.de\/magazin\/?p=21757"},"modified":"2025-07-01T10:13:59","modified_gmt":"2025-07-01T08:13:59","slug":"finden-sie-jetzt-ihre-outdoorlampe-hier-sind-unsere-highlights","status":"publish","type":"post","link":"https:\/\/raum-blick.de\/magazin\/finden-sie-jetzt-ihre-outdoorlampe-hier-sind-unsere-highlights\/","title":{"rendered":"Finden Sie jetzt IHRE Outdoorlampe: Hier sind unsere HighLIGHTS"},"content":{"rendered":"\n<h2 class=\"wp-block-heading\"><span class=\"ez-toc-section\" id=\"%C2%AB_Da_wird_jede_Sommernacht_zum_Lieblingsmoment_%C2%BB\"><\/span>\u00ab Da wird jede Sommernacht zum Lieblingsmoment \u00bb<span class=\"ez-toc-section-end\"><\/span><\/h2>\n\n\n\n<p><strong>Wenn die Tage l\u00e4nger und die N\u00e4chte w\u00e4rmer werden, zieht es uns nach drau\u00dfen \u2013 auf den Balkon, die Terrasse oder in den Garten. Der Au\u00dfenbereich wird zum zweiten Wohnzimmer, zum R\u00fcckzugsort mit Sternenhimmel und Grillduft. Was jetzt noch fehlt? Die perfekte Beleuchtung! Eine Outdoorlampe sorgt f\u00fcr Stimmung, Sicherheit und hat jede Menge Stil. Ob romantisches Kerzenlicht-Flair oder modernes Designerst\u00fcck \u2013 wir zeigen Ihnen hier die sch\u00f6nsten Modelle und beantworten alle brennenden Fragen rund ums Thema \u201eLicht im Freien\u201c.<\/strong><\/p>\n\n\n\n<figure class=\"wp-block-gallery has-nested-images columns-default is-cropped wp-block-gallery-2 is-layout-flex wp-block-gallery-is-layout-flex\">\n<figure class=\"wp-block-image size-large\"><a href=\"https:\/\/www.raum-blick.de\/remember-uri-leuchte\"><img loading=\"lazy\" decoding=\"async\" width=\"1024\" height=\"1024\" data-id=\"21798\" src=\"https:\/\/www.raum-blick.de\/magazin\/wp-content\/uploads\/2025\/06\/shop-remember-uri-piccolos-4_89730-1024x1024.jpg\" alt=\"Die bunte URi Outdoorlampe von Remember findet in jedem Baum ein Pl\u00e4tzchen. \" class=\"wp-image-21798\" title=\"\" srcset=\"https:\/\/raum-blick.de\/magazin\/wp-content\/uploads\/2025\/06\/shop-remember-uri-piccolos-4_89730-1024x1024.jpg 1024w, https:\/\/raum-blick.de\/magazin\/wp-content\/uploads\/2025\/06\/shop-remember-uri-piccolos-4_89730-300x300.jpg 300w, https:\/\/raum-blick.de\/magazin\/wp-content\/uploads\/2025\/06\/shop-remember-uri-piccolos-4_89730-150x150.jpg 150w, https:\/\/raum-blick.de\/magazin\/wp-content\/uploads\/2025\/06\/shop-remember-uri-piccolos-4_89730-768x768.jpg 768w, https:\/\/raum-blick.de\/magazin\/wp-content\/uploads\/2025\/06\/shop-remember-uri-piccolos-4_89730.jpg 1200w\" sizes=\"(max-width: 1024px) 100vw, 1024px\" \/><\/a><\/figure>\n\n\n\n<figure class=\"wp-block-image size-large\"><a href=\"https:\/\/www.raum-blick.de\/fatboy-edison-the-giant\"><img loading=\"lazy\" decoding=\"async\" width=\"1024\" height=\"1024\" data-id=\"21806\" src=\"https:\/\/www.raum-blick.de\/magazin\/wp-content\/uploads\/2025\/06\/Fatboy_Edison-the-Giant_grey_little-girlX1BUrqM7cB8xa-1024x1024.jpg\" alt=\"Die Edison the Giant ist mit 1,82 Meter eine imposante Erscheinung. \" class=\"wp-image-21806\" title=\"\" srcset=\"https:\/\/raum-blick.de\/magazin\/wp-content\/uploads\/2025\/06\/Fatboy_Edison-the-Giant_grey_little-girlX1BUrqM7cB8xa-1024x1024.jpg 1024w, https:\/\/raum-blick.de\/magazin\/wp-content\/uploads\/2025\/06\/Fatboy_Edison-the-Giant_grey_little-girlX1BUrqM7cB8xa-300x300.jpg 300w, https:\/\/raum-blick.de\/magazin\/wp-content\/uploads\/2025\/06\/Fatboy_Edison-the-Giant_grey_little-girlX1BUrqM7cB8xa-150x150.jpg 150w, https:\/\/raum-blick.de\/magazin\/wp-content\/uploads\/2025\/06\/Fatboy_Edison-the-Giant_grey_little-girlX1BUrqM7cB8xa-768x768.jpg 768w, https:\/\/raum-blick.de\/magazin\/wp-content\/uploads\/2025\/06\/Fatboy_Edison-the-Giant_grey_little-girlX1BUrqM7cB8xa.jpg 1500w\" sizes=\"(max-width: 1024px) 100vw, 1024px\" \/><\/a><\/figure>\n<figcaption class=\"blocks-gallery-caption wp-element-caption\"><em>Mini oder Maxi, das h\u00e4ngt ganz von Ihren Anspr\u00fcchen ab. Fakt ist: Jede Outdoorlampe ist auf ihre ganz eigene Art ein Stimmungsmacher, der besondere Momente schafft. Links die federleichte URi von Remember, rechts die imposante Fatboy Edison The Giant.<\/em><\/figcaption><\/figure>\n\n\n\n<hr class=\"wp-block-separator has-alpha-channel-opacity\"\/>\n\n\n\n<h3 class=\"wp-block-heading\"><span class=\"ez-toc-section\" id=\"Wie_lange_leuchtet_eine_Akku-Lampe\"><\/span>Wie lange leuchtet eine Akku-Lampe?<span class=\"ez-toc-section-end\"><\/span><\/h3>\n\n\n\n<p>Wenn der Sundowner l\u00e4nger dauert, darf das Licht nicht ausgehen. Zum Gl\u00fcck haben moderne Outdoorlampen ordentlich Power: Je nach Modell und Helligkeit spenden sie zwischen 6 und 24 Stunden Licht. Die&nbsp;<strong>Carrie Leuchte<\/strong>&nbsp;von Audo oder&nbsp;<strong>Edison the Petit<\/strong>&nbsp;von Fatboy leuchten im Energiesparmodus sogar bis zu einem ganzen Tag. Und wenn der Akku leer ist? Die Outdoorlampe einfach per USB-Kabel oder magnetischem Pad aufladen \u2013 easy wie nie.<\/p><div id=\"ez-toc-container\" class=\"ez-toc-v2_0_82_2 counter-hierarchy ez-toc-counter ez-toc-grey ez-toc-container-direction\">\n<div class=\"ez-toc-title-container\">\n<p class=\"ez-toc-title\" style=\"cursor:inherit\">Was hier auf Sie wartet<\/p>\n<span class=\"ez-toc-title-toggle\"><a href=\"#\" class=\"ez-toc-pull-right ez-toc-btn ez-toc-btn-xs ez-toc-btn-default ez-toc-toggle\" aria-label=\"Toggle Table of Content\"><span class=\"ez-toc-js-icon-con\"><span class=\"\"><span class=\"eztoc-hide\" style=\"display:none;\">Toggle<\/span><span class=\"ez-toc-icon-toggle-span\"><svg style=\"fill: #999;color:#999\" xmlns=\"http:\/\/www.w3.org\/2000\/svg\" class=\"list-377408\" width=\"20px\" height=\"20px\" viewBox=\"0 0 24 24\" fill=\"none\"><path d=\"M6 6H4v2h2V6zm14 0H8v2h12V6zM4 11h2v2H4v-2zm16 0H8v2h12v-2zM4 16h2v2H4v-2zm16 0H8v2h12v-2z\" fill=\"currentColor\"><\/path><\/svg><svg style=\"fill: #999;color:#999\" class=\"arrow-unsorted-368013\" xmlns=\"http:\/\/www.w3.org\/2000\/svg\" width=\"10px\" height=\"10px\" viewBox=\"0 0 24 24\" version=\"1.2\" baseProfile=\"tiny\"><path d=\"M18.2 9.3l-6.2-6.3-6.2 6.3c-.2.2-.3.4-.3.7s.1.5.3.7c.2.2.4.3.7.3h11c.3 0 .5-.1.7-.3.2-.2.3-.5.3-.7s-.1-.5-.3-.7zM5.8 14.7l6.2 6.3 6.2-6.3c.2-.2.3-.5.3-.7s-.1-.5-.3-.7c-.2-.2-.4-.3-.7-.3h-11c-.3 0-.5.1-.7.3-.2.2-.3.5-.3.7s.1.5.3.7z\"\/><\/svg><\/span><\/span><\/span><\/a><\/span><\/div>\n<nav><ul class='ez-toc-list ez-toc-list-level-1 ' ><li class='ez-toc-page-1 ez-toc-heading-level-2'><a class=\"ez-toc-link ez-toc-heading-1\" href=\"https:\/\/raum-blick.de\/magazin\/finden-sie-jetzt-ihre-outdoorlampe-hier-sind-unsere-highlights\/#%C2%AB_Da_wird_jede_Sommernacht_zum_Lieblingsmoment_%C2%BB\" >\u00ab Da wird jede Sommernacht zum Lieblingsmoment \u00bb<\/a><ul class='ez-toc-list-level-3' ><li class='ez-toc-heading-level-3'><a class=\"ez-toc-link ez-toc-heading-2\" href=\"https:\/\/raum-blick.de\/magazin\/finden-sie-jetzt-ihre-outdoorlampe-hier-sind-unsere-highlights\/#Wie_lange_leuchtet_eine_Akku-Lampe\" >Wie lange leuchtet eine Akku-Lampe?<\/a><\/li><li class='ez-toc-page-1 ez-toc-heading-level-3'><a class=\"ez-toc-link ez-toc-heading-3\" href=\"https:\/\/raum-blick.de\/magazin\/finden-sie-jetzt-ihre-outdoorlampe-hier-sind-unsere-highlights\/#Kann_eine_Outdoorlampe_draussen_bleiben\" >Kann eine Outdoorlampe drau\u00dfen bleiben?<\/a><\/li><li class='ez-toc-page-1 ez-toc-heading-level-3'><a class=\"ez-toc-link ez-toc-heading-4\" href=\"https:\/\/raum-blick.de\/magazin\/finden-sie-jetzt-ihre-outdoorlampe-hier-sind-unsere-highlights\/#Wie_haenge_ich_meine_Outdoorlampe_auf\" >Wie h\u00e4nge ich meine Outdoorlampe auf?<\/a><\/li><li class='ez-toc-page-1 ez-toc-heading-level-3'><a class=\"ez-toc-link ez-toc-heading-5\" href=\"https:\/\/raum-blick.de\/magazin\/finden-sie-jetzt-ihre-outdoorlampe-hier-sind-unsere-highlights\/#Welche_Lichtfarbe_ist_ideal_fuer_draussen\" >Welche Lichtfarbe ist ideal f\u00fcr drau\u00dfen?<\/a><\/li><li class='ez-toc-page-1 ez-toc-heading-level-3'><a class=\"ez-toc-link ez-toc-heading-6\" href=\"https:\/\/raum-blick.de\/magazin\/finden-sie-jetzt-ihre-outdoorlampe-hier-sind-unsere-highlights\/#Was_ist_beim_Aufladen_von_Outdoorlampen_zu_beachten\" >Was ist beim Aufladen von Outdoorlampen zu beachten?<\/a><\/li><\/ul><\/li><li class='ez-toc-page-1 ez-toc-heading-level-2'><a class=\"ez-toc-link ez-toc-heading-7\" href=\"https:\/\/raum-blick.de\/magazin\/finden-sie-jetzt-ihre-outdoorlampe-hier-sind-unsere-highlights\/#Die_schoensten_Outdoorlampen_im_Ueberblick\" >Die sch\u00f6nsten Outdoorlampen im \u00dcberblick<\/a><ul class='ez-toc-list-level-3' ><li class='ez-toc-heading-level-3'><a class=\"ez-toc-link ez-toc-heading-8\" href=\"https:\/\/raum-blick.de\/magazin\/finden-sie-jetzt-ihre-outdoorlampe-hier-sind-unsere-highlights\/#Norbitt_30_%E2%80%93_smartes_Licht_fuer_jede_Stimmung\" >Norbitt 3.0&nbsp;\u2013 smartes Licht f\u00fcr jede Stimmung<\/a><\/li><li class='ez-toc-page-1 ez-toc-heading-level-3'><a class=\"ez-toc-link ez-toc-heading-9\" href=\"https:\/\/raum-blick.de\/magazin\/finden-sie-jetzt-ihre-outdoorlampe-hier-sind-unsere-highlights\/#Balad_Aplo_LED_mit_Haengegurt_%E2%80%93_Flexibilitaet_von_Fermob\" >Balad &amp; Aplo LED mit H\u00e4ngegurt&nbsp;\u2013 Flexibilit\u00e4t von Fermob<\/a><\/li><li class='ez-toc-page-1 ez-toc-heading-level-3'><a class=\"ez-toc-link ez-toc-heading-10\" href=\"https:\/\/raum-blick.de\/magazin\/finden-sie-jetzt-ihre-outdoorlampe-hier-sind-unsere-highlights\/#Bolleke_Pret_a_Racket_Edison-Serie_%E2%80%93_Kultlampen_von_Fatboy\" >Bolleke, Pr\u00eat a Racket, Edison-Serie&nbsp;\u2013 Kultlampen von Fatboy<\/a><\/li><li class='ez-toc-page-1 ez-toc-heading-level-3'><a class=\"ez-toc-link ez-toc-heading-11\" href=\"https:\/\/raum-blick.de\/magazin\/finden-sie-jetzt-ihre-outdoorlampe-hier-sind-unsere-highlights\/#URi_Leuchte_Uri_Piccolos_Outdoorlampe_%E2%80%93_Leichtgewichte_mit_Charme\" >URi Leuchte &amp; Uri Piccolos Outdoorlampe\u00a0\u2013 Leichtgewichte mit Charme<\/a><\/li><li class='ez-toc-page-1 ez-toc-heading-level-3'><a class=\"ez-toc-link ez-toc-heading-12\" href=\"https:\/\/raum-blick.de\/magazin\/finden-sie-jetzt-ihre-outdoorlampe-hier-sind-unsere-highlights\/#Light_No_1_%E2%80%93_daenisches_Design_fuer_drinnen_und_draussen\" >Light No. 1&nbsp;\u2013 d\u00e4nisches Design f\u00fcr drinnen und drau\u00dfen<\/a><\/li><li class='ez-toc-page-1 ez-toc-heading-level-3'><a class=\"ez-toc-link ez-toc-heading-13\" href=\"https:\/\/raum-blick.de\/magazin\/finden-sie-jetzt-ihre-outdoorlampe-hier-sind-unsere-highlights\/#Farol_Stehleuchte_%E2%80%93_Eleganz_von_blomus\" >Farol Stehleuchte&nbsp;\u2013 Eleganz von blomus<\/a><\/li><li class='ez-toc-page-1 ez-toc-heading-level-3'><a class=\"ez-toc-link ez-toc-heading-14\" href=\"https:\/\/raum-blick.de\/magazin\/finden-sie-jetzt-ihre-outdoorlampe-hier-sind-unsere-highlights\/#Carrie_Leuchte_%E2%80%93_funktionales_Outdoorlampe_Design_von_Audo\" >Carrie Leuchte\u00a0\u2013 funktionales Outdoorlampe Design von Audo<\/a><\/li><li class='ez-toc-page-1 ez-toc-heading-level-3'><a class=\"ez-toc-link ez-toc-heading-15\" href=\"https:\/\/raum-blick.de\/magazin\/finden-sie-jetzt-ihre-outdoorlampe-hier-sind-unsere-highlights\/#Leuchtende_Lieblingsstuecke_fuer_draussen_%E2%80%93_finden_Sie_Ihre_Outdoorlampe\" >Leuchtende Lieblingsst\u00fccke f\u00fcr drau\u00dfen \u2013 finden Sie Ihre Outdoorlampe<\/a><\/li><\/ul><\/li><\/ul><\/nav><\/div>\n\n\n\n\n<h3 class=\"wp-block-heading\"><span class=\"ez-toc-section\" id=\"Kann_eine_Outdoorlampe_draussen_bleiben\"><\/span>Kann eine Outdoorlampe drau\u00dfen bleiben?<span class=\"ez-toc-section-end\"><\/span><\/h3>\n\n\n\n<p>Ja, sie darf \u2013 wenn sie daf\u00fcr gemacht ist! Viele Modelle sind spritzwassergesch\u00fctzt (z.\u202fB. IP44) oder komplett wetterfest. Die&nbsp;<strong>Farol Stehleuchte<\/strong>&nbsp;von blomus trotzt Regen genauso charmant wie die coole <strong>Pr\u00eat a Racket<\/strong>&nbsp;von Fatboy. Wichtig: auf das Material achten! Pulverbeschichtetes Aluminium, robuster Kunststoff oder Edelstahl garantieren langanhaltende Freude \u2013 selbst bei Wolkenbruch.<\/p>\n\n\n\n<h3 class=\"wp-block-heading\"><span class=\"ez-toc-section\" id=\"Wie_haenge_ich_meine_Outdoorlampe_auf\"><\/span>Wie h\u00e4nge ich meine Outdoorlampe auf?<span class=\"ez-toc-section-end\"><\/span><\/h3>\n\n\n\n<p>Da gibt es die unterschiedlichsten M\u00f6glichkeiten, je nachdem, was Ihre Terrasse, der Balkon oder der Garten hergeben. Das kann die Baumkrone, ein Balken oder eine Stuhllehne sein und manche Outdoorlampe f\u00fchlt sich auch nur auf dem beziehungsweise im Rasen so richtig heimisch.  Die Allesk\u00f6nner sind jedenfalls ausgesprochen flexibel. <\/p>\n\n\n\n<ul class=\"wp-block-list\">\n<li><strong>H\u00e4ngegurt<\/strong>: Damit wechselt beispielsweise die kabellose <strong>Fermob&nbsp;Aplo LED<\/strong>&nbsp;ganz schnell ihre Position \u2013 stylisch, clever, sicher.<\/li>\n\n\n\n<li><strong>Schlaufe &amp; Karabiner<\/strong>: Die&nbsp;kugelige <strong>Fatboy<\/strong> <strong>Bolleke<\/strong>&nbsp;hat eine flexible Silikonaufh\u00e4ngung in verschiedenen Farben. Ast, Stuhllehne oder Bettkante, die Bolleke findet \u00fcberall ein Pl\u00e4tzchen, egal ob drau\u00dfen oder drinnen.<\/li>\n\n\n\n<li><strong>Erdspie\u00df<\/strong>: Die&nbsp;Solarleuchte <strong>Pr\u00eat a Racket<\/strong>&nbsp;<strong>von Fatboy<\/strong> liebt die Bodenhaftung und l\u00e4sst uns gleichzeitig von fernen Welten tr\u00e4umen. Einfach in den Rasen stecken \u2013 fertig!<\/li>\n\n\n\n<li><strong>Standfu\u00df oder Tischmodell<\/strong>: Klassiker wie die <strong>Fatboy<\/strong>&nbsp;<strong>Edison the Giant<\/strong>&nbsp;oder die <strong>blomus<\/strong>&nbsp;<strong>Farol<\/strong>&nbsp;stehen wie eine Eins und halten selbst Starkregen stand. <\/li>\n<\/ul>\n\n\n\n<figure class=\"wp-block-gallery has-nested-images columns-default is-cropped wp-block-gallery-3 is-layout-flex wp-block-gallery-is-layout-flex\">\n<figure class=\"wp-block-image size-large\"><a href=\"https:\/\/www.raum-blick.de\/fermob-aplo-led-lampe\"><img loading=\"lazy\" decoding=\"async\" width=\"1000\" height=\"1000\" data-id=\"21822\" src=\"https:\/\/www.raum-blick.de\/magazin\/wp-content\/uploads\/2025\/06\/fermob-aplo-lampe-garten_65057.jpg\" alt=\"Die Aplo Outdoorlampe k\u00f6nnen Sie mit einem H\u00e4ngegurt an jedem Baum aufh\u00e4ngen.\" class=\"wp-image-21822\" title=\"\" srcset=\"https:\/\/raum-blick.de\/magazin\/wp-content\/uploads\/2025\/06\/fermob-aplo-lampe-garten_65057.jpg 1000w, https:\/\/raum-blick.de\/magazin\/wp-content\/uploads\/2025\/06\/fermob-aplo-lampe-garten_65057-300x300.jpg 300w, https:\/\/raum-blick.de\/magazin\/wp-content\/uploads\/2025\/06\/fermob-aplo-lampe-garten_65057-150x150.jpg 150w, https:\/\/raum-blick.de\/magazin\/wp-content\/uploads\/2025\/06\/fermob-aplo-lampe-garten_65057-768x768.jpg 768w\" sizes=\"(max-width: 1000px) 100vw, 1000px\" \/><\/a><\/figure>\n\n\n\n<figure class=\"wp-block-image size-large\"><a href=\"https:\/\/www.raum-blick.de\/fatboy-pret-a-racket-outdoor-lampe\"><img loading=\"lazy\" decoding=\"async\" width=\"1024\" height=\"1024\" data-id=\"21513\" src=\"https:\/\/www.raum-blick.de\/magazin\/wp-content\/uploads\/2025\/03\/fatboy-pret-a-racket_57531-1024x1024.jpg\" alt=\"Die Fatboy Pr\u00eat a Racket Outdoorlampe stecken Sie einfach in den Rasen - fertig!\" class=\"wp-image-21513\" title=\"\" srcset=\"https:\/\/raum-blick.de\/magazin\/wp-content\/uploads\/2025\/03\/fatboy-pret-a-racket_57531-1024x1024.jpg 1024w, https:\/\/raum-blick.de\/magazin\/wp-content\/uploads\/2025\/03\/fatboy-pret-a-racket_57531-300x300.jpg 300w, https:\/\/raum-blick.de\/magazin\/wp-content\/uploads\/2025\/03\/fatboy-pret-a-racket_57531-150x150.jpg 150w, https:\/\/raum-blick.de\/magazin\/wp-content\/uploads\/2025\/03\/fatboy-pret-a-racket_57531-768x768.jpg 768w, https:\/\/raum-blick.de\/magazin\/wp-content\/uploads\/2025\/03\/fatboy-pret-a-racket_57531.jpg 1500w\" sizes=\"(max-width: 1024px) 100vw, 1024px\" \/><\/a><\/figure>\n\n\n\n<figure class=\"wp-block-image size-large\"><a href=\"https:\/\/www.raum-blick.de\/blomus-farol-stehleuchte\"><img loading=\"lazy\" decoding=\"async\" width=\"1024\" height=\"1024\" data-id=\"21788\" src=\"https:\/\/www.raum-blick.de\/magazin\/wp-content\/uploads\/2025\/06\/farol-stehleuchte-66222-blomus_90308-1024x1024.jpg\" alt=\"Die elegante blomus Farol ist auch drinnen ein echter Eyecatcher. \" class=\"wp-image-21788\" title=\"\" srcset=\"https:\/\/raum-blick.de\/magazin\/wp-content\/uploads\/2025\/06\/farol-stehleuchte-66222-blomus_90308-1024x1024.jpg 1024w, https:\/\/raum-blick.de\/magazin\/wp-content\/uploads\/2025\/06\/farol-stehleuchte-66222-blomus_90308-300x300.jpg 300w, https:\/\/raum-blick.de\/magazin\/wp-content\/uploads\/2025\/06\/farol-stehleuchte-66222-blomus_90308-150x150.jpg 150w, https:\/\/raum-blick.de\/magazin\/wp-content\/uploads\/2025\/06\/farol-stehleuchte-66222-blomus_90308-768x768.jpg 768w, https:\/\/raum-blick.de\/magazin\/wp-content\/uploads\/2025\/06\/farol-stehleuchte-66222-blomus_90308.jpg 1500w\" sizes=\"(max-width: 1024px) 100vw, 1024px\" \/><\/a><\/figure>\n<figcaption class=\"blocks-gallery-caption wp-element-caption\"><em>H\u00e4ngegurt, Erdspie\u00df, Standfu\u00df \u2013&nbsp;es gibt f\u00fcr jede Gelegenheit die passende Outdoorlampe. Links die minimalistische Aplo Gl\u00fchbirne von Fermob, in der Mitte die coole Pr\u00eat a Racket von Fatboy und rechts die elegante blomus Farol. <\/em><\/figcaption><\/figure>\n\n\n\n<h3 class=\"wp-block-heading\"><span class=\"ez-toc-section\" id=\"Welche_Lichtfarbe_ist_ideal_fuer_draussen\"><\/span>Welche Lichtfarbe ist ideal f\u00fcr drau\u00dfen?<span class=\"ez-toc-section-end\"><\/span><\/h3>\n\n\n\n<p>F\u00fcr lauschige Abende unter Lichterketten und Lampions gilt: Warmwei\u00df (2.700\u20133.000 Kelvin) ist Trumpf. Es schmeichelt dem Hautton, beruhigt und zaubert eine einladende Stimmung. Wer&#8217;s lieber sachlich mag \u2013 etwa am Grill oder Esstisch \u2013 greift zu neutralwei\u00dfem Licht (bis 4.000 Kelvin). Und Kaltwei\u00df? Besser im Keller lassen!<\/p>\n\n\n\n<h3 class=\"wp-block-heading\"><span class=\"ez-toc-section\" id=\"Was_ist_beim_Aufladen_von_Outdoorlampen_zu_beachten\"><\/span>Was ist beim Aufladen von Outdoorlampen zu beachten?<span class=\"ez-toc-section-end\"><\/span><\/h3>\n\n\n\n<p>Akkus sind das Herzst\u00fcck jeder mobilen Leuchte. Wer lange Freude an ihnen haben will, achtet auf:<\/p>\n\n\n\n<ul class=\"wp-block-list\">\n<li>Ladezeit (meist 3\u20136 Stunden)<\/li>\n\n\n\n<li>zuverl\u00e4ssige Anschl\u00fcsse (USB-C ist Standard)<\/li>\n\n\n\n<li>Solarpanels f\u00fcr Sonnenkinder wie die&nbsp;<strong>Fatboy Pret a Racket<\/strong><\/li>\n\n\n\n<li>clevere Ladem\u00f6glichkeiten wie magnetische Docks<\/li>\n<\/ul>\n\n\n\n<hr class=\"wp-block-separator has-alpha-channel-opacity\"\/>\n\n\n\n<h2 class=\"wp-block-heading\"><span class=\"ez-toc-section\" id=\"Die_schoensten_Outdoorlampen_im_Ueberblick\"><\/span>Die <a href=\"https:\/\/www.raum-blick.de\/outdoor-leuchten\/\">sch\u00f6nsten Outdoorlampen<\/a> im \u00dcberblick<span class=\"ez-toc-section-end\"><\/span><\/h2>\n\n\n\n<h3 class=\"wp-block-heading\"><span class=\"ez-toc-section\" id=\"Norbitt_30_%E2%80%93_smartes_Licht_fuer_jede_Stimmung\"><\/span><strong>Norbitt 3.0<\/strong>&nbsp;\u2013 smartes Licht f\u00fcr jede Stimmung<span class=\"ez-toc-section-end\"><\/span><\/h3>\n\n\n\n<p>Kompakt, verspielt, durchdacht und so schlicht wie genial. In die <a href=\"https:\/\/www.raum-blick.de\/piffany-copenhagen\/\">kleine runde Norbitt 3.0 von&nbsp;<strong>Piffany Copenhagen<\/strong><\/a>&nbsp;mit ihren zwei magnetischen Standf\u00fc\u00dfen verliebt man sich auf den ersten Blick. Der d\u00e4nische Designer <strong>Philip Bro<\/strong> hat hier Aluminium, Metall und Glas gekonnt kombiniert und bei aller \u00c4sthetik nat\u00fcrlich auch gro\u00dfen Wert auf die Funktionalit\u00e4t gelegt: ein um 360\u00b0 drehbarer Leuchtenkopf, drei Dimmstufen, variable Lichtfarbe, integrierte Timer-Funktion mit vier voreingestellten Laufzeiten. Und die IP54-Zertifizierung macht die Norbitt 3.0 zu einer vielseitigen Drau\u00dfen- und Drinnenlampe. <\/p>\n\n\n\n<figure class=\"wp-block-gallery has-nested-images columns-default is-cropped wp-block-gallery-4 is-layout-flex wp-block-gallery-is-layout-flex\">\n<figure class=\"wp-block-image size-large\"><a href=\"https:\/\/www.raum-blick.de\/piffany-copenhagen-norbitt-3.0\"><img loading=\"lazy\" decoding=\"async\" width=\"1024\" height=\"1024\" data-id=\"21782\" src=\"https:\/\/www.raum-blick.de\/magazin\/wp-content\/uploads\/2025\/06\/Piffany-Copenhagen-Norbitt-3-0-LED-Lampe-Ambiente-3_110635-1024x1024.jpg\" alt=\"Die kugelrunde Norbitt 3.0 von Piffany Copenhagen ist wetterfest und einfach zum Verlieben.\" class=\"wp-image-21782\" title=\"\" srcset=\"https:\/\/raum-blick.de\/magazin\/wp-content\/uploads\/2025\/06\/Piffany-Copenhagen-Norbitt-3-0-LED-Lampe-Ambiente-3_110635-1024x1024.jpg 1024w, https:\/\/raum-blick.de\/magazin\/wp-content\/uploads\/2025\/06\/Piffany-Copenhagen-Norbitt-3-0-LED-Lampe-Ambiente-3_110635-300x300.jpg 300w, https:\/\/raum-blick.de\/magazin\/wp-content\/uploads\/2025\/06\/Piffany-Copenhagen-Norbitt-3-0-LED-Lampe-Ambiente-3_110635-150x150.jpg 150w, https:\/\/raum-blick.de\/magazin\/wp-content\/uploads\/2025\/06\/Piffany-Copenhagen-Norbitt-3-0-LED-Lampe-Ambiente-3_110635-768x768.jpg 768w, https:\/\/raum-blick.de\/magazin\/wp-content\/uploads\/2025\/06\/Piffany-Copenhagen-Norbitt-3-0-LED-Lampe-Ambiente-3_110635.jpg 1500w\" sizes=\"(max-width: 1024px) 100vw, 1024px\" \/><\/a><\/figure>\n\n\n\n<figure class=\"wp-block-image size-large\"><a href=\"https:\/\/www.raum-blick.de\/piffany-copenhagen-norbitt-3.0\"><img loading=\"lazy\" decoding=\"async\" width=\"1024\" height=\"1024\" data-id=\"21826\" src=\"https:\/\/www.raum-blick.de\/magazin\/wp-content\/uploads\/2025\/06\/Piffany-Copenhagen-Norbitt-LED-Lampe-Ambiente-18_110652-1024x1024.jpg\" alt=\"Mehr Licht: die Norbitt 3.0 Outdoorlampe im Trio und in drei unterschiedlichen Farben. \" class=\"wp-image-21826\" title=\"\" srcset=\"https:\/\/raum-blick.de\/magazin\/wp-content\/uploads\/2025\/06\/Piffany-Copenhagen-Norbitt-LED-Lampe-Ambiente-18_110652-1024x1024.jpg 1024w, https:\/\/raum-blick.de\/magazin\/wp-content\/uploads\/2025\/06\/Piffany-Copenhagen-Norbitt-LED-Lampe-Ambiente-18_110652-300x300.jpg 300w, https:\/\/raum-blick.de\/magazin\/wp-content\/uploads\/2025\/06\/Piffany-Copenhagen-Norbitt-LED-Lampe-Ambiente-18_110652-150x150.jpg 150w, https:\/\/raum-blick.de\/magazin\/wp-content\/uploads\/2025\/06\/Piffany-Copenhagen-Norbitt-LED-Lampe-Ambiente-18_110652-768x768.jpg 768w, https:\/\/raum-blick.de\/magazin\/wp-content\/uploads\/2025\/06\/Piffany-Copenhagen-Norbitt-LED-Lampe-Ambiente-18_110652.jpg 1500w\" sizes=\"(max-width: 1024px) 100vw, 1024px\" \/><\/a><\/figure>\n<figcaption class=\"blocks-gallery-caption wp-element-caption\"><em>Die Norbitt 3.0 Outdoorlampe ist eine knuffige kleine Norbitt 3.0 ist gerade mal 8,3 cm hoch, aber mit ihren drei Farbtemperaturen, der Timer-Funktion und dem 360\u00b0 drehbaren Leuchtenkopf hat sie clevere Features im Gep\u00e4ck.<\/em> <\/figcaption><\/figure>\n\n\n\n<h3 class=\"wp-block-heading\"><span class=\"ez-toc-section\" id=\"Balad_Aplo_LED_mit_Haengegurt_%E2%80%93_Flexibilitaet_von_Fermob\"><\/span><strong>Balad &amp; Aplo LED mit H\u00e4ngegurt<\/strong>&nbsp;\u2013 <a href=\"https:\/\/www.raum-blick.de\/fermob-lampe\/\">Flexibilit\u00e4t von Fermob<\/a><span class=\"ez-toc-section-end\"><\/span><\/h3>\n\n\n\n<p>Diese beiden sind wie geschaffen f\u00fcr spontane Lichtwechsel: Die handliche Balad feiert in diesem Jahr ihr Zehnj\u00e4hriges. Mit ihr hat <strong>Fermob<\/strong> 2015 die \u00c4ra der tragbaren Leuchte eingel\u00e4utet. Mit vier Licht-Szenarien trifft die <a href=\"https:\/\/www.raum-blick.de\/fermob-balad-h25-lampe\">komplett zerlegbare LED-Lampe<\/a> immer die richtige Stimmung \u2013 bei ganzen 14 Stunden Leuchtdauer. Und ein optionaler Standfu\u00df verwandelt die Balad ganz fix in eine Stehleuchte verwandeln. Die kleinere Aplo ist genauso genial. Sie k\u00f6nnen sie aufh\u00e4ngen, aufstellen oder an der Wand befestigen. Eine <a href=\"https:\/\/www.raum-blick.de\/fermob-aplo-led-lampe\">raffinierte Gl\u00fchbirne,<\/a> die der franz\u00f6sische Designer <strong>Tristan Lohner<\/strong> da entwickelt hat. Er war Toningenieur \u2013 vielleicht kommt daher sein gutes Gesp\u00fcr f\u00fcr Atmosph\u00e4re. Seine Designs sind zug\u00e4nglich, charmant und voller Esprit, wie diese beiden Leuchten-Kreationen beweisen.<\/p>\n\n\n\n<figure class=\"wp-block-gallery has-nested-images columns-default is-cropped wp-block-gallery-5 is-layout-flex wp-block-gallery-is-layout-flex\">\n<figure class=\"wp-block-image size-large\"><a href=\"https:\/\/www.raum-blick.de\/fermob-balad-h25-lampe\"><img loading=\"lazy\" decoding=\"async\" width=\"1024\" height=\"1024\" data-id=\"21823\" src=\"https:\/\/www.raum-blick.de\/magazin\/wp-content\/uploads\/2025\/06\/fermob-balad-bambus-leuchte_67644-1024x1024.jpg\" alt=\"Die kultige Balad Outdoorlampe von Fermob sieht aus wie ein Lautsprecher mit Griff. \" class=\"wp-image-21823\" title=\"\" srcset=\"https:\/\/raum-blick.de\/magazin\/wp-content\/uploads\/2025\/06\/fermob-balad-bambus-leuchte_67644-1024x1024.jpg 1024w, https:\/\/raum-blick.de\/magazin\/wp-content\/uploads\/2025\/06\/fermob-balad-bambus-leuchte_67644-300x300.jpg 300w, https:\/\/raum-blick.de\/magazin\/wp-content\/uploads\/2025\/06\/fermob-balad-bambus-leuchte_67644-150x150.jpg 150w, https:\/\/raum-blick.de\/magazin\/wp-content\/uploads\/2025\/06\/fermob-balad-bambus-leuchte_67644-768x768.jpg 768w, https:\/\/raum-blick.de\/magazin\/wp-content\/uploads\/2025\/06\/fermob-balad-bambus-leuchte_67644.jpg 1500w\" sizes=\"(max-width: 1024px) 100vw, 1024px\" \/><\/a><\/figure>\n\n\n\n<figure class=\"wp-block-image size-full\"><a href=\"https:\/\/www.raum-blick.de\/fermob-aplo-led-lampe\"><img loading=\"lazy\" decoding=\"async\" width=\"700\" height=\"700\" data-id=\"21820\" src=\"https:\/\/www.raum-blick.de\/magazin\/wp-content\/uploads\/2025\/06\/fermob-aplo-lampe-honig-mit-aufhaengung_65060.jpg\" alt=\"Outdoorlampe zum H\u00e4ngen: die Aplo von Ferrob. Riesengl\u00fchbirne mit Charme.\" class=\"wp-image-21820\" title=\"\" srcset=\"https:\/\/raum-blick.de\/magazin\/wp-content\/uploads\/2025\/06\/fermob-aplo-lampe-honig-mit-aufhaengung_65060.jpg 700w, https:\/\/raum-blick.de\/magazin\/wp-content\/uploads\/2025\/06\/fermob-aplo-lampe-honig-mit-aufhaengung_65060-300x300.jpg 300w, https:\/\/raum-blick.de\/magazin\/wp-content\/uploads\/2025\/06\/fermob-aplo-lampe-honig-mit-aufhaengung_65060-150x150.jpg 150w\" sizes=\"(max-width: 700px) 100vw, 700px\" \/><\/a><\/figure>\n<figcaption class=\"blocks-gallery-caption wp-element-caption\"><em>Die Balad links oder doch lieber die Aplo rechts? Am liebsten beides. Handlich und flexibel sind sie beide. Echte Design-Klassiker des franz\u00f6sischen Labels Fermob auch. <\/em><\/figcaption><\/figure>\n\n\n\n<h3 class=\"wp-block-heading\"><span class=\"ez-toc-section\" id=\"Bolleke_Pret_a_Racket_Edison-Serie_%E2%80%93_Kultlampen_von_Fatboy\"><\/span><strong>Bolleke, Pr\u00eat a Racket, Edison-Serie<\/strong>&nbsp;\u2013 <a href=\"https:\/\/www.raum-blick.de\/fatboy-lampe\/\">Kultlampen von Fatboy<\/a><span class=\"ez-toc-section-end\"><\/span><\/h3>\n\n\n\n<p>Wenn eine Lampe Bolleke hei\u00dft, wei\u00df man: Hier ist Spa\u00df im Spiel. Davon haben Sie mit der \u201ekleinen Kugel&#8220; jede Menge. Kein Kabel, tragbar, aufladbar und zum Aufh\u00e4ngen, \u00fcberall dort, wo Sie sie haben m\u00f6chten. Klare Formen, bunte Farben, clevere Technik \u2013 und ein Augenzwinkern. Das ist das Erfolgsrezept des<strong> Fatboy-Design-Teams<\/strong>. Das Ergebnis sind Leuchten, die genauso cool aussehen, wie sie funktionieren. Kein Wunder ist die intelligente, App gesteuerte Edison-Familie l\u00e4ngst Kult. Es gibt sie von Mini bis Maxi. Und&nbsp;Pr\u00eat a Racket? Der solarbetriebene Gag hat Stil. Und einen kometenhaften Aufstieg hingelegt. <\/p>\n\n\n\n<figure class=\"wp-block-gallery has-nested-images columns-default is-cropped wp-block-gallery-6 is-layout-flex wp-block-gallery-is-layout-flex\">\n<figure class=\"wp-block-image size-large\"><a href=\"https:\/\/www.raum-blick.de\/fatboy-bolleke\"><img loading=\"lazy\" decoding=\"async\" width=\"1024\" height=\"1024\" data-id=\"21815\" src=\"https:\/\/www.raum-blick.de\/magazin\/wp-content\/uploads\/2025\/06\/fatboy-bolleke-mit-sonnenschirm_89810-1024x1024.jpg\" alt=\"Die Fatboy Bolleke k\u00f6nnen Sie problemlos in das Gest\u00e4nge Ihres Sonnenschirms h\u00e4ngen.\" class=\"wp-image-21815\" title=\"\" srcset=\"https:\/\/raum-blick.de\/magazin\/wp-content\/uploads\/2025\/06\/fatboy-bolleke-mit-sonnenschirm_89810-1024x1024.jpg 1024w, https:\/\/raum-blick.de\/magazin\/wp-content\/uploads\/2025\/06\/fatboy-bolleke-mit-sonnenschirm_89810-300x300.jpg 300w, https:\/\/raum-blick.de\/magazin\/wp-content\/uploads\/2025\/06\/fatboy-bolleke-mit-sonnenschirm_89810-150x150.jpg 150w, https:\/\/raum-blick.de\/magazin\/wp-content\/uploads\/2025\/06\/fatboy-bolleke-mit-sonnenschirm_89810-768x768.jpg 768w, https:\/\/raum-blick.de\/magazin\/wp-content\/uploads\/2025\/06\/fatboy-bolleke-mit-sonnenschirm_89810.jpg 1500w\" sizes=\"(max-width: 1024px) 100vw, 1024px\" \/><\/a><\/figure>\n\n\n\n<figure class=\"wp-block-image size-large\"><a href=\"https:\/\/www.raum-blick.de\/fatboy-edison-the-petit\"><img loading=\"lazy\" decoding=\"async\" width=\"1024\" height=\"1024\" data-id=\"21810\" src=\"https:\/\/www.raum-blick.de\/magazin\/wp-content\/uploads\/2025\/06\/fatboy-Edison-the-Petit-2_22014azIzTjLFwEj2N-1024x1024.jpg\" alt=\"Die Fatboy Edison the Petit ist nicht gerade die gr\u00f6\u00dfte Outdoorlampe, aber in ihr steckt eine intelligente App-Steuerung.\" class=\"wp-image-21810\" title=\"\" srcset=\"https:\/\/raum-blick.de\/magazin\/wp-content\/uploads\/2025\/06\/fatboy-Edison-the-Petit-2_22014azIzTjLFwEj2N-1024x1024.jpg 1024w, https:\/\/raum-blick.de\/magazin\/wp-content\/uploads\/2025\/06\/fatboy-Edison-the-Petit-2_22014azIzTjLFwEj2N-300x300.jpg 300w, https:\/\/raum-blick.de\/magazin\/wp-content\/uploads\/2025\/06\/fatboy-Edison-the-Petit-2_22014azIzTjLFwEj2N-150x150.jpg 150w, https:\/\/raum-blick.de\/magazin\/wp-content\/uploads\/2025\/06\/fatboy-Edison-the-Petit-2_22014azIzTjLFwEj2N-768x768.jpg 768w, https:\/\/raum-blick.de\/magazin\/wp-content\/uploads\/2025\/06\/fatboy-Edison-the-Petit-2_22014azIzTjLFwEj2N.jpg 1500w\" sizes=\"(max-width: 1024px) 100vw, 1024px\" \/><\/a><\/figure>\n\n\n\n<figure class=\"wp-block-image size-large\"><a href=\"https:\/\/www.raum-blick.de\/fatboy-pret-a-racket-outdoor-lampe\"><img loading=\"lazy\" decoding=\"async\" width=\"1024\" height=\"1024\" data-id=\"21512\" src=\"https:\/\/www.raum-blick.de\/magazin\/wp-content\/uploads\/2025\/03\/fatboy-pret-a-racket-mit-kind_57532-1024x1024.jpg\" alt=\"Die Pr\u00eat a Racket von Fatboy ist in jeder Hinsicht eine Rakete. Mit Solarbetrieb. \" class=\"wp-image-21512\" title=\"\" srcset=\"https:\/\/raum-blick.de\/magazin\/wp-content\/uploads\/2025\/03\/fatboy-pret-a-racket-mit-kind_57532-1024x1024.jpg 1024w, https:\/\/raum-blick.de\/magazin\/wp-content\/uploads\/2025\/03\/fatboy-pret-a-racket-mit-kind_57532-300x300.jpg 300w, https:\/\/raum-blick.de\/magazin\/wp-content\/uploads\/2025\/03\/fatboy-pret-a-racket-mit-kind_57532-150x150.jpg 150w, https:\/\/raum-blick.de\/magazin\/wp-content\/uploads\/2025\/03\/fatboy-pret-a-racket-mit-kind_57532-768x768.jpg 768w, https:\/\/raum-blick.de\/magazin\/wp-content\/uploads\/2025\/03\/fatboy-pret-a-racket-mit-kind_57532.jpg 1500w\" sizes=\"(max-width: 1024px) 100vw, 1024px\" \/><\/a><\/figure>\n<figcaption class=\"blocks-gallery-caption wp-element-caption\"><em>Fatboy Outdoorlampen-Trio: die Bollekte mit der farbiten Schlaufe zum Aufh\u00e4ngen (links), die App-gesteuerte Edison the Petit (Mitte) und die solarbetrieben Pr\u00eat a Racket (rechts).<\/em><\/figcaption><\/figure>\n\n\n\n<h3 class=\"wp-block-heading\"><span class=\"ez-toc-section\" id=\"URi_Leuchte_Uri_Piccolos_Outdoorlampe_%E2%80%93_Leichtgewichte_mit_Charme\"><\/span><strong>URi Leuchte &amp; Uri Piccolos<\/strong> <strong>Outdoorlampe\u00a0<\/strong>\u2013 Leichtgewichte mit Charme<span class=\"ez-toc-section-end\"><\/span><\/h3>\n\n\n\n<p>Retro-Feeling to go: Die <a href=\"https:\/\/www.raum-blick.de\/remember\/\">zarten URi-Leuchten von&nbsp;<strong>Remember<\/strong><\/a>&nbsp;wiegen kaum was, sehen aber nach richtig viel aus. Ideal f\u00fcrs Picknick, f\u00fcr den Balkon oder als Gute-Laune-Gadget auf der Fensterbank. Das deutsche Label Remember ist bekannt f\u00fcr farbenfrohes, kreatives Design mit hohem Wiedererkennungswert. Da macht die originelle URi mit dem bunten metallenen Trageb\u00fcgel keine Ausnahme. Egal ob in der 25 cm hohen oder der 10 cm kleineren Piccolo-Version, die es gleich im Dreierpack gibt. Allroundtalente, die es in sich haben \u2013 zum Aufh\u00e4ngen oder Aufstellen. <\/p>\n\n\n\n<figure class=\"wp-block-gallery has-nested-images columns-default is-cropped wp-block-gallery-7 is-layout-flex wp-block-gallery-is-layout-flex\">\n<figure class=\"wp-block-image size-large\"><a href=\"https:\/\/www.raum-blick.de\/remember-uri-leuchte\"><img loading=\"lazy\" decoding=\"async\" width=\"1024\" height=\"1024\" data-id=\"21802\" src=\"https:\/\/www.raum-blick.de\/magazin\/wp-content\/uploads\/2025\/06\/leuchten-uri-matz-tisch_97850-1024x1024.jpg\" alt=\"Retro-Feeling to go: die URi Outdoorlampe von Remember. 25 oder 15 cm hoch.\" class=\"wp-image-21802\" title=\"\" srcset=\"https:\/\/raum-blick.de\/magazin\/wp-content\/uploads\/2025\/06\/leuchten-uri-matz-tisch_97850-1024x1024.jpg 1024w, https:\/\/raum-blick.de\/magazin\/wp-content\/uploads\/2025\/06\/leuchten-uri-matz-tisch_97850-300x300.jpg 300w, https:\/\/raum-blick.de\/magazin\/wp-content\/uploads\/2025\/06\/leuchten-uri-matz-tisch_97850-150x150.jpg 150w, https:\/\/raum-blick.de\/magazin\/wp-content\/uploads\/2025\/06\/leuchten-uri-matz-tisch_97850-768x768.jpg 768w, https:\/\/raum-blick.de\/magazin\/wp-content\/uploads\/2025\/06\/leuchten-uri-matz-tisch_97850.jpg 1500w\" sizes=\"(max-width: 1024px) 100vw, 1024px\" \/><\/a><\/figure>\n\n\n\n<figure class=\"wp-block-image size-large\"><a href=\"https:\/\/www.raum-blick.de\/remember-uri-piccolos-leuchten-3er-set\"><img loading=\"lazy\" decoding=\"async\" width=\"1024\" height=\"1024\" data-id=\"21799\" src=\"https:\/\/www.raum-blick.de\/magazin\/wp-content\/uploads\/2025\/06\/shop-remember-uri-piccolos-3_89729-1024x1024.jpg\" alt=\"Die Remember URi Picciolo Outdoorlampe im Trio.\" class=\"wp-image-21799\" title=\"\" srcset=\"https:\/\/raum-blick.de\/magazin\/wp-content\/uploads\/2025\/06\/shop-remember-uri-piccolos-3_89729-1024x1024.jpg 1024w, https:\/\/raum-blick.de\/magazin\/wp-content\/uploads\/2025\/06\/shop-remember-uri-piccolos-3_89729-300x300.jpg 300w, https:\/\/raum-blick.de\/magazin\/wp-content\/uploads\/2025\/06\/shop-remember-uri-piccolos-3_89729-150x150.jpg 150w, https:\/\/raum-blick.de\/magazin\/wp-content\/uploads\/2025\/06\/shop-remember-uri-piccolos-3_89729-768x768.jpg 768w, https:\/\/raum-blick.de\/magazin\/wp-content\/uploads\/2025\/06\/shop-remember-uri-piccolos-3_89729.jpg 1200w\" sizes=\"(max-width: 1024px) 100vw, 1024px\" \/><\/a><\/figure>\n<figcaption class=\"blocks-gallery-caption wp-element-caption\"><em>Federleicht und im stylischen Retro-Design: Die URi von Remember setzt farbenfrohe Akzente im Alltag und unter freiem Himmel. Erh\u00e4ltlich in zwei Gr\u00f6\u00dfen und unterschiedlichen Farbkombinationen.<\/em><\/figcaption><\/figure>\n\n\n\n<h3 class=\"wp-block-heading\"><span class=\"ez-toc-section\" id=\"Light_No_1_%E2%80%93_daenisches_Design_fuer_drinnen_und_draussen\"><\/span><strong>Light No. 1<\/strong>&nbsp;\u2013 d\u00e4nisches Design f\u00fcr drinnen und drau\u00dfen<span class=\"ez-toc-section-end\"><\/span><\/h3>\n\n\n\n<p>Die Light No. 1 von&nbsp;<strong>Houe<\/strong>&nbsp;ist eine <a href=\"https:\/\/www.raum-blick.de\/houe\/\">kabellose Leuchte mit starker Ausstrahlung <\/a>und skandinavischer Seele. Das klare, reduzierte Design von&nbsp;<strong>Henrik Pedersen<\/strong>&nbsp;passt perfekt in moderne Wohn- und Outdoorbereiche. Ob auf der Terrasse, am Esstisch oder im Wohnzimmer \u2013 Light No. 1 ist vielseitig einsetzbar, dimmbar und mit modernster LED-Technologie ausgestattet. Bis zu 100 Stunden Leuchtkraft machen sie zu einem echten Dauerbrenner.<\/p>\n\n\n\n<figure class=\"wp-block-image size-large\"><a href=\"https:\/\/www.raum-blick.de\/houe-light-no.-1-portable-outdoorleuchte\"><img loading=\"lazy\" decoding=\"async\" width=\"1024\" height=\"1024\" src=\"https:\/\/www.raum-blick.de\/magazin\/wp-content\/uploads\/2025\/06\/houe-light-no1-beige-lampe_103019-1024x1024.jpg\" alt=\"Strahlender Begleiter mit modernster LED-Technologie: Light No. 1 Houe.\" class=\"wp-image-21797\" title=\"\" srcset=\"https:\/\/raum-blick.de\/magazin\/wp-content\/uploads\/2025\/06\/houe-light-no1-beige-lampe_103019-1024x1024.jpg 1024w, https:\/\/raum-blick.de\/magazin\/wp-content\/uploads\/2025\/06\/houe-light-no1-beige-lampe_103019-300x300.jpg 300w, https:\/\/raum-blick.de\/magazin\/wp-content\/uploads\/2025\/06\/houe-light-no1-beige-lampe_103019-150x150.jpg 150w, https:\/\/raum-blick.de\/magazin\/wp-content\/uploads\/2025\/06\/houe-light-no1-beige-lampe_103019-768x768.jpg 768w, https:\/\/raum-blick.de\/magazin\/wp-content\/uploads\/2025\/06\/houe-light-no1-beige-lampe_103019.jpg 1500w\" sizes=\"(max-width: 1024px) 100vw, 1024px\" \/><\/a><figcaption class=\"wp-element-caption\"><em>21 cm, die es in sich haben. Die zeitlose Light No. 1 von Houe steht ganz im Zeichen der nordischen Design-Tradition und verbindet Funktionalit\u00e4t und \u00c4sthetik ganz selbstverst\u00e4ndlich. <\/em><\/figcaption><\/figure>\n\n\n\n<h3 class=\"wp-block-heading\"><span class=\"ez-toc-section\" id=\"Farol_Stehleuchte_%E2%80%93_Eleganz_von_blomus\"><\/span><strong>Farol Stehleuchte<\/strong>&nbsp;\u2013 <a href=\"https:\/\/www.raum-blick.de\/blomus-leuchten\/\">Eleganz von blomus<\/a><span class=\"ez-toc-section-end\"><\/span><\/h3>\n\n\n\n<p>Wer&#8217;s ruhig und edel mag, wird die <strong>blomus <\/strong>Farol lieben. Ihre runde Form, das matte Finish und die intuitive Bedienung machen sie zum Favoriten f\u00fcr Design-Fans. Und sie h\u00e4lt auch mal einen Regenschauer aus. Die dimmbare, von Leuchtt\u00fcrmen inspirierte Stehleuchte hat der deutsche Industrie-Designer <strong>Peter Lienhart <\/strong>kreiert. F\u00fcr ihn stehen die \u00c4sthetik der reinen Form und der klare Zweck jedes Details im Fokus. Das sieht man der Farol an. Unaufdringlich f\u00fcgt sie sich in jedes Ambiente ein und ist doch immer wieder ein sch\u00f6ner Blickfang. <\/p>\n\n\n\n<figure class=\"wp-block-image size-large\"><a href=\"https:\/\/www.raum-blick.de\/blomus-farol-stehleuchte\"><img loading=\"lazy\" decoding=\"async\" width=\"1024\" height=\"1024\" src=\"https:\/\/www.raum-blick.de\/magazin\/wp-content\/uploads\/2025\/06\/blomus-farol-stehleuchte-outdoor-weiss_81864-1024x1024.jpg\" alt=\"Die blomus Farol Stehleuchte ist inspiriert von einem Leuchtturm. Dimmbar und regenfest steht sie da wie eine Eins.\" class=\"wp-image-21790\" title=\"\" srcset=\"https:\/\/raum-blick.de\/magazin\/wp-content\/uploads\/2025\/06\/blomus-farol-stehleuchte-outdoor-weiss_81864-1024x1024.jpg 1024w, https:\/\/raum-blick.de\/magazin\/wp-content\/uploads\/2025\/06\/blomus-farol-stehleuchte-outdoor-weiss_81864-300x300.jpg 300w, https:\/\/raum-blick.de\/magazin\/wp-content\/uploads\/2025\/06\/blomus-farol-stehleuchte-outdoor-weiss_81864-150x150.jpg 150w, https:\/\/raum-blick.de\/magazin\/wp-content\/uploads\/2025\/06\/blomus-farol-stehleuchte-outdoor-weiss_81864-768x768.jpg 768w, https:\/\/raum-blick.de\/magazin\/wp-content\/uploads\/2025\/06\/blomus-farol-stehleuchte-outdoor-weiss_81864.jpg 1500w\" sizes=\"(max-width: 1024px) 100vw, 1024px\" \/><\/a><figcaption class=\"wp-element-caption\"><em>Die dimmbare, regenfeste blomus Farol des Designers Peter Lienhart ist eine funktionale Stehleuchte mit Klarheit und Haltung.<\/em><\/figcaption><\/figure>\n\n\n\n<h3 class=\"wp-block-heading\"><span class=\"ez-toc-section\" id=\"Carrie_Leuchte_%E2%80%93_funktionales_Outdoorlampe_Design_von_Audo\"><\/span><strong>Carrie Leuchte<\/strong>\u00a0\u2013 <a href=\"https:\/\/www.raum-blick.de\/audo-leuchte\/\">funktionales Outdoorlampe Design von Audo<\/a><span class=\"ez-toc-section-end\"><\/span><\/h3>\n\n\n\n<p>Scandi-Charme ganz ohne Schnickschnack: Die Carrie Leuchte ist eine der vielseitigsten auf dem Markt. Mit Griff, mit Stil, mit Seele. Am besten immer dabeihaben \u2013 vom Dinner bis zum Festival. Entworfen hat die formsch\u00f6ne, tragbare Kugels das Kopenhagener Design-Studio <strong>Norm Architects<\/strong>. Jonas Bjerre-Poulsen &amp; Kasper R\u00f8nn&nbsp;sind der tief in der skandinavischen Design-Tradition verwurzelt, was sich in klaren Linien, funktionaler Sch\u00f6nheit und einer modernen Zeitlosigkeit zeigt. Dabei strahlt die Carrie des d\u00e4nischen Labels <strong>Audo<\/strong> eine unglaubliche Ruhe aus und schafft eine wunderbare Atmosph\u00e4re.<\/p>\n\n\n\n<figure class=\"wp-block-gallery has-nested-images columns-default is-cropped wp-block-gallery-8 is-layout-flex wp-block-gallery-is-layout-flex\">\n<figure class=\"wp-block-image size-large\"><a href=\"https:\/\/www.raum-blick.de\/audo-carrie-leuchte\"><img loading=\"lazy\" decoding=\"async\" width=\"1024\" height=\"1024\" data-id=\"21787\" src=\"https:\/\/www.raum-blick.de\/magazin\/wp-content\/uploads\/2025\/06\/audo-carry-led-leuchte-burned-red-regal_96624-1024x1024.jpg\" alt=\"Die Carrie Outdoorlampe von Audo ist eine formsch\u00f6ne, tragbare Kugel, die sich auch auf einem Regal gut macht. \" class=\"wp-image-21787\" title=\"\" srcset=\"https:\/\/raum-blick.de\/magazin\/wp-content\/uploads\/2025\/06\/audo-carry-led-leuchte-burned-red-regal_96624-1024x1024.jpg 1024w, https:\/\/raum-blick.de\/magazin\/wp-content\/uploads\/2025\/06\/audo-carry-led-leuchte-burned-red-regal_96624-300x300.jpg 300w, https:\/\/raum-blick.de\/magazin\/wp-content\/uploads\/2025\/06\/audo-carry-led-leuchte-burned-red-regal_96624-150x150.jpg 150w, https:\/\/raum-blick.de\/magazin\/wp-content\/uploads\/2025\/06\/audo-carry-led-leuchte-burned-red-regal_96624-768x768.jpg 768w, https:\/\/raum-blick.de\/magazin\/wp-content\/uploads\/2025\/06\/audo-carry-led-leuchte-burned-red-regal_96624.jpg 1500w\" sizes=\"(max-width: 1024px) 100vw, 1024px\" \/><\/a><\/figure>\n\n\n\n<figure class=\"wp-block-image size-large\"><a href=\"https:\/\/www.raum-blick.de\/audo-carrie-leuchte\"><img loading=\"lazy\" decoding=\"async\" width=\"1024\" height=\"1024\" data-id=\"21785\" src=\"https:\/\/www.raum-blick.de\/magazin\/wp-content\/uploads\/2025\/06\/audo-carry-led-leuchte-weiss-buch_96625-1024x1024.jpg\" alt=\"Schlicht und unglaublich vielseitig: die kugelrunde, tragbare Carrie LED Akku-Leuchte von Audo.\" class=\"wp-image-21785\" title=\"\" srcset=\"https:\/\/raum-blick.de\/magazin\/wp-content\/uploads\/2025\/06\/audo-carry-led-leuchte-weiss-buch_96625-1024x1024.jpg 1024w, https:\/\/raum-blick.de\/magazin\/wp-content\/uploads\/2025\/06\/audo-carry-led-leuchte-weiss-buch_96625-300x300.jpg 300w, https:\/\/raum-blick.de\/magazin\/wp-content\/uploads\/2025\/06\/audo-carry-led-leuchte-weiss-buch_96625-150x150.jpg 150w, https:\/\/raum-blick.de\/magazin\/wp-content\/uploads\/2025\/06\/audo-carry-led-leuchte-weiss-buch_96625-768x768.jpg 768w, https:\/\/raum-blick.de\/magazin\/wp-content\/uploads\/2025\/06\/audo-carry-led-leuchte-weiss-buch_96625.jpg 1500w\" sizes=\"(max-width: 1024px) 100vw, 1024px\" \/><\/a><\/figure>\n<figcaption class=\"blocks-gallery-caption wp-element-caption\"><em>Schlicht und unglaublich vielseitig: die tragbare Carrie LED Akku-Leuchte. Ein echtes Allroundtalent, das \u00fcberall f\u00fcr Stimmung sorgt. Perfekt f\u00fcr laue Sommerabende &#8211; drau\u00dfen wie drinnen.<\/em><\/figcaption><\/figure>\n\n\n\n<hr class=\"wp-block-separator has-alpha-channel-opacity\"\/>\n\n\n\n<h3 class=\"wp-block-heading\"><span class=\"ez-toc-section\" id=\"Leuchtende_Lieblingsstuecke_fuer_draussen_%E2%80%93_finden_Sie_Ihre_Outdoorlampe\"><\/span>Leuchtende Lieblingsst\u00fccke f\u00fcr drau\u00dfen \u2013 finden Sie Ihre Outdoorlampe<span class=\"ez-toc-section-end\"><\/span><\/h3>\n\n\n\n<p>Bestimmt hatten Sie bei der Lekt\u00fcre jetzt den ein oder anderen erhellenden Moment. Und vielleicht haben Sie sich ja auch schon in einen unserer Lieblinge schockverliebt. Wundern w\u00fcrde es uns nicht. Aber nat\u00fcrlich haben wir noch viel, viel Modelle im Sortiment \u2013 f\u00fcr jede Gelegenheit. Egal ob romantisches Dinner, Gartenparty oder ob Sie es sich ganz allein mit Buch und Wein in ihrem Lesesessel gem\u00fctlich machen. Unsere Lieblingsst\u00fccke werden Sie jeden Abend aufs Neue begeistern. Denn sie sind flexibel, wetterfest, echte Eyecatcher, haben Stil und sie schaffen einfach eine sch\u00f6ne (Licht-)Stimmung.<\/p>\n\n\n\n<div class=\"wp-block-buttons is-content-justification-center is-layout-flex wp-container-core-buttons-is-layout-16018d1d wp-block-buttons-is-layout-flex\">\n<div class=\"wp-block-button\"><a class=\"wp-block-button__link has-white-color has-text-color wp-element-button\" href=\"https:\/\/www.raum-blick.de\/outdoor-leuchten\/\">Jetzt Ihr Sommer-Outdoor-HighLIGHT shoppen! <\/a><\/div>\n<\/div>\n<\/p>","protected":false},"excerpt":{"rendered":"<p>\u00ab Da wird jede Sommernacht zum Lieblingsmoment \u00bb Wenn die Tage l\u00e4nger und die N\u00e4chte w\u00e4rmer werden, zieht es uns nach drau\u00dfen \u2013 auf den Balkon, die Terrasse oder in den Garten. Der Au\u00dfenbereich wird zum zweiten Wohnzimmer, zum R\u00fcckzugsort mit Sternenhimmel und Grillduft. Was jetzt noch fehlt? Die perfekte Beleuchtung! Eine Outdoorlampe sorgt f\u00fcr [&hellip;]<\/p>\n","protected":false},"author":4,"featured_media":21825,"comment_status":"closed","ping_status":"open","sticky":false,"template":"","format":"standard","meta":{"_et_pb_use_builder":"","_et_pb_old_content":"","_et_gb_content_width":"","inline_featured_image":false,"footnotes":""},"categories":[6],"tags":[645,1735,1758,666,40,2307,1978,621,2263,1885,277,1880,1886,2316,987,1130,1185],"class_list":["post-21757","post","type-post","status-publish","format-standard","has-post-thumbnail","hentry","category-draussen","tag-akku","tag-akku-leuchte","tag-akkuleuchte","tag-edison","tag-fatboy","tag-fatboy-bolleke","tag-fatboy-edison-the-petit","tag-fermob","tag-fermob-balad","tag-lampen-mit-akkus","tag-led","tag-led-leuchten","tag-leuchten-mit-akkus","tag-outdoorlampe","tag-piffany-copenhagen","tag-remember","tag-stehleuchte"],"_links":{"self":[{"href":"https:\/\/raum-blick.de\/magazin\/wp-json\/wp\/v2\/posts\/21757","targetHints":{"allow":["GET"]}}],"collection":[{"href":"https:\/\/raum-blick.de\/magazin\/wp-json\/wp\/v2\/posts"}],"about":[{"href":"https:\/\/raum-blick.de\/magazin\/wp-json\/wp\/v2\/types\/post"}],"author":[{"embeddable":true,"href":"https:\/\/raum-blick.de\/magazin\/wp-json\/wp\/v2\/users\/4"}],"replies":[{"embeddable":true,"href":"https:\/\/raum-blick.de\/magazin\/wp-json\/wp\/v2\/comments?post=21757"}],"version-history":[{"count":45,"href":"https:\/\/raum-blick.de\/magazin\/wp-json\/wp\/v2\/posts\/21757\/revisions"}],"predecessor-version":[{"id":21952,"href":"https:\/\/raum-blick.de\/magazin\/wp-json\/wp\/v2\/posts\/21757\/revisions\/21952"}],"wp:featuredmedia":[{"embeddable":true,"href":"https:\/\/raum-blick.de\/magazin\/wp-json\/wp\/v2\/media\/21825"}],"wp:attachment":[{"href":"https:\/\/raum-blick.de\/magazin\/wp-json\/wp\/v2\/media?parent=21757"}],"wp:term":[{"taxonomy":"category","embeddable":true,"href":"https:\/\/raum-blick.de\/magazin\/wp-json\/wp\/v2\/categories?post=21757"},{"taxonomy":"post_tag","embeddable":true,"href":"https:\/\/raum-blick.de\/magazin\/wp-json\/wp\/v2\/tags?post=21757"}],"curies":[{"name":"wp","href":"https:\/\/api.w.org\/{rel}","templated":true}]}}