{"id":21713,"date":"2025-06-23T09:00:00","date_gmt":"2025-06-23T07:00:00","guid":{"rendered":"https:\/\/www.raum-blick.de\/magazin\/?p=21713"},"modified":"2025-07-09T08:57:58","modified_gmt":"2025-07-09T06:57:58","slug":"designer-im-spotlight-vilhelm-lauritzen","status":"publish","type":"post","link":"https:\/\/raum-blick.de\/magazin\/designer-im-spotlight-vilhelm-lauritzen\/","title":{"rendered":"Designer im Spotlight: Vilhelm Lauritzen"},"content":{"rendered":"\n<h2 class=\"wp-block-heading\"><span class=\"ez-toc-section\" id=\"%C2%AB_Vilhelm_Lauritzen_%E2%80%93_Vordenker_und_Architekt_modernen_Designs_%C2%BB\"><\/span>\u00ab Vilhelm Lauritzen &#8211; Vordenker und Architekt modernen Designs \u00bb<span class=\"ez-toc-section-end\"><\/span><\/h2>\n\n\n\n<p class=\"has-text-align-left\"><strong>Der Name Vilhelm Lauritzen ist eng mit dem skandinavischen Design verbunden, und seine Werke spiegeln die Essenz einer \u00c4sthetik wider, die Funktionalit\u00e4t und Form in Einklang bringt. Lauritzen war ein Vordenker und einer der f\u00fchrenden Architekten des modernen Designs. Als Meister des minimalistischen Designs, verschrieb sich Lauritzen der Idee, dass Architektur nicht nur visuell ansprechend sein sollte, sondern auch die Bed\u00fcrfnisse der Menschen im t\u00e4glichen Leben ber\u00fccksichtigen muss.<\/strong><\/p>\n\n\n\n<figure class=\"wp-block-image aligncenter size-large is-resized\"><img loading=\"lazy\" decoding=\"async\" src=\"https:\/\/www.raum-blick.de\/magazin\/wp-content\/uploads\/2025\/05\/Q-Vilhelm-Lauritzen-4fv-Sh-p-726x1024.jpg\" alt=\"Bild von Vilhelm Lauritzen\" class=\"wp-image-21715\" width=\"363\" height=\"512\" title=\"\" srcset=\"https:\/\/raum-blick.de\/magazin\/wp-content\/uploads\/2025\/05\/Q-Vilhelm-Lauritzen-4fv-Sh-p-726x1024.jpg 726w, https:\/\/raum-blick.de\/magazin\/wp-content\/uploads\/2025\/05\/Q-Vilhelm-Lauritzen-4fv-Sh-p-213x300.jpg 213w, https:\/\/raum-blick.de\/magazin\/wp-content\/uploads\/2025\/05\/Q-Vilhelm-Lauritzen-4fv-Sh-p-768x1084.jpg 768w, https:\/\/raum-blick.de\/magazin\/wp-content\/uploads\/2025\/05\/Q-Vilhelm-Lauritzen-4fv-Sh-p-1088x1536.jpg 1088w, https:\/\/raum-blick.de\/magazin\/wp-content\/uploads\/2025\/05\/Q-Vilhelm-Lauritzen-4fv-Sh-p.jpg 1417w\" sizes=\"(max-width: 363px) 100vw, 363px\" \/><figcaption class=\"wp-element-caption\"><em>Vilhelm Lauritzen<\/em><\/figcaption><\/figure>\n\n\n\n<p>Ein herausragendes Merkmal seiner Arbeit ist das <strong>Zusammenspiel von Licht und Raum<\/strong>, was in Projekten wie dem Kopenhagener Flughafen oder dem Radiohuset deutlich wird. Diese Bauwerke stehen als Zeugnisse einer \u00c4ra, in der skandinavisches Design eine neue Dimension erhielt. Lauritzens F\u00e4higkeit, nat\u00fcrliche Materialien mit einfachen Linien zu kombinieren, hat die klassische Architektur revolutioniert und die T\u00fcr zu einer zeitlosen und doch modernen Wohnkultur ge\u00f6ffnet.<\/p><div id=\"ez-toc-container\" class=\"ez-toc-v2_0_82_2 counter-hierarchy ez-toc-counter ez-toc-grey ez-toc-container-direction\">\n<div class=\"ez-toc-title-container\">\n<p class=\"ez-toc-title\" style=\"cursor:inherit\">Was hier auf Sie wartet<\/p>\n<span class=\"ez-toc-title-toggle\"><a href=\"#\" class=\"ez-toc-pull-right ez-toc-btn ez-toc-btn-xs ez-toc-btn-default ez-toc-toggle\" aria-label=\"Toggle Table of Content\"><span class=\"ez-toc-js-icon-con\"><span class=\"\"><span class=\"eztoc-hide\" style=\"display:none;\">Toggle<\/span><span class=\"ez-toc-icon-toggle-span\"><svg style=\"fill: #999;color:#999\" xmlns=\"http:\/\/www.w3.org\/2000\/svg\" class=\"list-377408\" width=\"20px\" height=\"20px\" viewBox=\"0 0 24 24\" fill=\"none\"><path d=\"M6 6H4v2h2V6zm14 0H8v2h12V6zM4 11h2v2H4v-2zm16 0H8v2h12v-2zM4 16h2v2H4v-2zm16 0H8v2h12v-2z\" fill=\"currentColor\"><\/path><\/svg><svg style=\"fill: #999;color:#999\" class=\"arrow-unsorted-368013\" xmlns=\"http:\/\/www.w3.org\/2000\/svg\" width=\"10px\" height=\"10px\" viewBox=\"0 0 24 24\" version=\"1.2\" baseProfile=\"tiny\"><path d=\"M18.2 9.3l-6.2-6.3-6.2 6.3c-.2.2-.3.4-.3.7s.1.5.3.7c.2.2.4.3.7.3h11c.3 0 .5-.1.7-.3.2-.2.3-.5.3-.7s-.1-.5-.3-.7zM5.8 14.7l6.2 6.3 6.2-6.3c.2-.2.3-.5.3-.7s-.1-.5-.3-.7c-.2-.2-.4-.3-.7-.3h-11c-.3 0-.5.1-.7.3-.2.2-.3.5-.3.7s.1.5.3.7z\"\/><\/svg><\/span><\/span><\/span><\/a><\/span><\/div>\n<nav><ul class='ez-toc-list ez-toc-list-level-1 ' ><li class='ez-toc-page-1 ez-toc-heading-level-2'><a class=\"ez-toc-link ez-toc-heading-1\" href=\"https:\/\/raum-blick.de\/magazin\/designer-im-spotlight-vilhelm-lauritzen\/#%C2%AB_Vilhelm_Lauritzen_%E2%80%93_Vordenker_und_Architekt_modernen_Designs_%C2%BB\" >\u00ab Vilhelm Lauritzen &#8211; Vordenker und Architekt modernen Designs \u00bb<\/a><\/li><li class='ez-toc-page-1 ez-toc-heading-level-2'><a class=\"ez-toc-link ez-toc-heading-2\" href=\"https:\/\/raum-blick.de\/magazin\/designer-im-spotlight-vilhelm-lauritzen\/#Einfluss_von_Vilhelm_Lauritzen_auf_das_skandinavische_Design\" >Einfluss von Vilhelm Lauritzen auf das skandinavische Design<\/a><\/li><li class='ez-toc-page-1 ez-toc-heading-level-2'><a class=\"ez-toc-link ez-toc-heading-3\" href=\"https:\/\/raum-blick.de\/magazin\/designer-im-spotlight-vilhelm-lauritzen\/#Bekannte_Werke\" >Bekannte Werke<\/a><\/li><li class='ez-toc-page-1 ez-toc-heading-level-2'><a class=\"ez-toc-link ez-toc-heading-4\" href=\"https:\/\/raum-blick.de\/magazin\/designer-im-spotlight-vilhelm-lauritzen\/#Designphilosophie\" >Designphilosophie<\/a><\/li><li class='ez-toc-page-1 ez-toc-heading-level-2'><a class=\"ez-toc-link ez-toc-heading-5\" href=\"https:\/\/raum-blick.de\/magazin\/designer-im-spotlight-vilhelm-lauritzen\/#Nachhaltigkeit_im_Werk_von_Vilhelm_Lauritzen\" >Nachhaltigkeit im Werk von Vilhelm Lauritzen<\/a><\/li><li class='ez-toc-page-1 ez-toc-heading-level-2'><a class=\"ez-toc-link ez-toc-heading-6\" href=\"https:\/\/raum-blick.de\/magazin\/designer-im-spotlight-vilhelm-lauritzen\/#Praktische_Tipps_fuer_die_Integration_skandinavischen_Designs_im_eigenen_Zuhause\" >Praktische Tipps f\u00fcr die Integration skandinavischen Designs im eigenen Zuhause<\/a><\/li><li class='ez-toc-page-1 ez-toc-heading-level-2'><a class=\"ez-toc-link ez-toc-heading-7\" href=\"https:\/\/raum-blick.de\/magazin\/designer-im-spotlight-vilhelm-lauritzen\/#Einfluss_von_Vilhelm_Lauritzen_auf_moderne_Innenarchitektur\" >Einfluss von Vilhelm Lauritzen auf moderne Innenarchitektur<\/a><\/li><li class='ez-toc-page-1 ez-toc-heading-level-2'><a class=\"ez-toc-link ez-toc-heading-8\" href=\"https:\/\/raum-blick.de\/magazin\/designer-im-spotlight-vilhelm-lauritzen\/#Vilhelm_Lauritzen_und_die_Bedeutung_von_Licht_in_der_Architektur\" >Vilhelm Lauritzen und die Bedeutung von Licht in der Architektur<\/a><\/li><li class='ez-toc-page-1 ez-toc-heading-level-2'><a class=\"ez-toc-link ez-toc-heading-9\" href=\"https:\/\/raum-blick.de\/magazin\/designer-im-spotlight-vilhelm-lauritzen\/#Fazit_Vilhelm_Lauritzen_%E2%80%93_fuehrender_Architekt_des_daenischen_Designs\" >Fazit: Vilhelm Lauritzen &#8211; f\u00fchrender Architekt des d\u00e4nischen Designs<\/a><\/li><li class='ez-toc-page-1 ez-toc-heading-level-2'><a class=\"ez-toc-link ez-toc-heading-10\" href=\"https:\/\/raum-blick.de\/magazin\/designer-im-spotlight-vilhelm-lauritzen\/#Haeufig_gestellte_Fragen_FAQs_zu_Vilhelm_Lauritzen\" >H\u00e4ufig gestellte Fragen (FAQs) zu Vilhelm Lauritzen<\/a><ul class='ez-toc-list-level-3' ><li class='ez-toc-heading-level-3'><a class=\"ez-toc-link ez-toc-heading-11\" href=\"https:\/\/raum-blick.de\/magazin\/designer-im-spotlight-vilhelm-lauritzen\/#Wer_war_Vilhelm_Lauritzen_und_warum_ist_er_bedeutend\" >Wer war Vilhelm Lauritzen und warum ist er bedeutend?<\/a><\/li><li class='ez-toc-page-1 ez-toc-heading-level-3'><a class=\"ez-toc-link ez-toc-heading-12\" href=\"https:\/\/raum-blick.de\/magazin\/designer-im-spotlight-vilhelm-lauritzen\/#Wie_integrieren_skandinavische_Designobjekte_den_Stil_von_Vilhelm_Lauritzen\" >Wie integrieren skandinavische Designobjekte den Stil von Vilhelm Lauritzen?<\/a><\/li><li class='ez-toc-page-1 ez-toc-heading-level-3'><a class=\"ez-toc-link ez-toc-heading-13\" href=\"https:\/\/raum-blick.de\/magazin\/designer-im-spotlight-vilhelm-lauritzen\/#Warum_ist_der_skandinavische_Minimalismus_im_Wohnbereich_besonders_aktuell\" >Warum ist der skandinavische Minimalismus im Wohnbereich besonders aktuell?<\/a><\/li><li class='ez-toc-page-1 ez-toc-heading-level-3'><a class=\"ez-toc-link ez-toc-heading-14\" href=\"https:\/\/raum-blick.de\/magazin\/designer-im-spotlight-vilhelm-lauritzen\/#Wie_kann_RAUM-BLICK_helfen_ein_Zuhause_im_Stil_von_Vilhelm_Lauritzen_zu_gestalten\" >Wie kann RAUM-BLICK helfen, ein Zuhause im Stil von Vilhelm Lauritzen zu gestalten?<\/a><\/li><\/ul><\/li><\/ul><\/nav><\/div>\n\n\n\n\n<p><\/p>\n\n\n\n<h2 class=\"wp-block-heading\"><span class=\"ez-toc-section\" id=\"Einfluss_von_Vilhelm_Lauritzen_auf_das_skandinavische_Design\"><\/span>Einfluss von Vilhelm Lauritzen auf das skandinavische Design<span class=\"ez-toc-section-end\"><\/span><\/h2>\n\n\n\n<p>In der Welt des skandinavischen Designs strahlt der Einfluss von Vilhelm Lauritzen mit unverkennbarer Klarheit. <strong>Lauritzens Arbeiten verk\u00f6rpern die Essenz der nordischen Designprinzipien<\/strong>: Einfachheit, Funktionalit\u00e4t und eine tiefe Verbundenheit mit der nat\u00fcrlichen Umgebung. Seine F\u00e4higkeit, R\u00e4ume zu schaffen, die sowohl \u00e4sthetisch ansprechend als auch pragmatisch sind, hat das skandinavische Design gepr\u00e4gt und weiterentwickelt.<\/p>\n\n\n\n<p>Vilhelm Lauritzens Werke zeigen ein <strong>tiefes Verst\u00e4ndnis f\u00fcr die Bedeutung von Licht und Raum im skandinavischen Design<\/strong>. Seine Architektur umfasst oft gro\u00dfe, offene Fl\u00e4chen und verspielte Lichtdurchflutungen, die den Innenraum mit der Au\u00dfenwelt verbinden. Diese Elemente sind inzwischen fest im skandinavischen Designkanon verankert und werden von Designbewussten hochgesch\u00e4tzt.<\/p>\n\n\n\n<p><strong>Durch die Integration von Naturmaterialien<\/strong> wie Holz und Stein in seine Entw\u00fcrfe hat Lauritzen die <strong>Verbindung zur Natur stets betont<\/strong>. Diese Materialwahl spiegelt sich heute in modernen Designl\u00f6sungen wider, die sowohl Nachhaltigkeit als auch Langlebigkeit verk\u00f6rpern. Unter der von Vilhelm Lauritzen inspirierten Designphilosophie bietet RAUM-BLICK eine kuratierte Auswahl an M\u00f6beln und Accessoires, die den skandinavischen Wohntrend beleben und dem Zuhause eine atmosph\u00e4rische Gelassenheit verleihen. Sein Verm\u00e4chtnis ermutigt, Wohnr\u00e4ume zu schaffen, die Sch\u00f6nheit und Zweckm\u00e4\u00dfigkeit vereinen \u2013 ein Leitgedanke, der bei RAUM-BLICK t\u00e4glich gelebt wird.<\/p>\n\n\n\n<p><\/p>\n\n\n\n<h2 class=\"wp-block-heading\"><span class=\"ez-toc-section\" id=\"Bekannte_Werke\"><\/span>Bekannte Werke<span class=\"ez-toc-section-end\"><\/span><\/h2>\n\n\n\n<p>Bekannte Werke von Vilhelm Lauritzen sind von zeitloser Eleganz und technischer Brillanz gepr\u00e4gt. Der d\u00e4nische Architekt <strong>hat seine Spuren in der Architekturwelt mit eindrucksvollen Bauten hinterlassen<\/strong>, die sowohl in \u00c4sthetik als auch in Funktionalit\u00e4t \u00fcberzeugen. Zur Veranschaulichung zwei Beispiele aus Lauritzens Werken:<\/p>\n\n\n\n<ul class=\"wp-block-list\">\n<li>Ein herausragendes Beispiel ist<strong> der fr\u00fchere Kopenhagener Flughafen<\/strong>, das jetzige Terminal des Flughafens Kopenhagen, eine Ikone der Moderne, das mit seinen klaren Linien und der eindrucksvollen Lichtf\u00fchrung die perfekte Symbiose zwischen Form und Funktion verk\u00f6rpert.&nbsp;<\/li>\n<\/ul>\n\n\n\n<ul class=\"wp-block-list\">\n<li>Ebenso bemerkenswert ist <strong>das Radiohuset in Frederiksberg, D\u00e4nemark<\/strong>, das als stimmungsvolle Kulisse zur Entfaltung musikalischer Kunst gedacht war. Die Architektur des Geb\u00e4udes reflektiert Lauritzens feines Gesp\u00fcr f\u00fcr Akustik und Raum, indem es eine harmonische Verbindung von Bauk\u00f6rper und k\u00fcnstlerischem Zweck schafft.&nbsp;Auch f\u00fcr die Beleuchtung des Radiohusets war Lauritzen verantwortlich &#8211; die Geburtsstunde seiner <a href=\"https:\/\/www.raum-blick.de\/search?sSearch=Louis+Poulsen+VL45\">VL45 Radiohus Leuchte<\/a>.<\/li>\n<\/ul>\n\n\n\n<div class=\"wp-block-columns is-layout-flex wp-container-core-columns-is-layout-9d6595d7 wp-block-columns-is-layout-flex\">\n<div class=\"wp-block-column is-layout-flow wp-block-column-is-layout-flow\" style=\"flex-basis:50%\">\n<figure class=\"wp-block-image size-large\"><a href=\"https:\/\/www.raum-blick.de\/louis-poulsen-vl45-radiohus-pendelleuchte\"><img loading=\"lazy\" decoding=\"async\" width=\"1024\" height=\"1024\" src=\"https:\/\/www.raum-blick.de\/magazin\/wp-content\/uploads\/2025\/05\/Louis-Poulsen-VL45-Pendelleuchte_106261_1280x1280-1024x1024.jpg\" alt=\"Ambiente-Bild der VL45 Radiohus Pendelleuchte\" class=\"wp-image-21730\" title=\"\" srcset=\"https:\/\/raum-blick.de\/magazin\/wp-content\/uploads\/2025\/05\/Louis-Poulsen-VL45-Pendelleuchte_106261_1280x1280-1024x1024.jpg 1024w, https:\/\/raum-blick.de\/magazin\/wp-content\/uploads\/2025\/05\/Louis-Poulsen-VL45-Pendelleuchte_106261_1280x1280-300x300.jpg 300w, https:\/\/raum-blick.de\/magazin\/wp-content\/uploads\/2025\/05\/Louis-Poulsen-VL45-Pendelleuchte_106261_1280x1280-150x150.jpg 150w, https:\/\/raum-blick.de\/magazin\/wp-content\/uploads\/2025\/05\/Louis-Poulsen-VL45-Pendelleuchte_106261_1280x1280-768x768.jpg 768w, https:\/\/raum-blick.de\/magazin\/wp-content\/uploads\/2025\/05\/Louis-Poulsen-VL45-Pendelleuchte_106261_1280x1280.jpg 1280w\" sizes=\"(max-width: 1024px) 100vw, 1024px\" \/><\/a><figcaption class=\"wp-element-caption\"><em>Louis Poulsen &#8211; VL45 Radiohus Pendelleuchte<\/em><\/figcaption><\/figure>\n<\/div>\n\n\n\n<div class=\"wp-block-column is-layout-flow wp-block-column-is-layout-flow\" style=\"flex-basis:50%\">\n<figure class=\"wp-block-image size-large\"><a href=\"https:\/\/www.raum-blick.de\/louis-poulsen-vl45-radiohus-portable-leuchte\"><img loading=\"lazy\" decoding=\"async\" width=\"1024\" height=\"1024\" src=\"https:\/\/www.raum-blick.de\/magazin\/wp-content\/uploads\/2025\/05\/Louis-Poulsen-VL45-Radiohus-Portable-Leuchte-Auf-Terrasse_108487_1280x1280-1024x1024.jpg\" alt=\"Ambiente-Bild der VL45 Radiohus portable Leuchte\" class=\"wp-image-21731\" title=\"\" srcset=\"https:\/\/raum-blick.de\/magazin\/wp-content\/uploads\/2025\/05\/Louis-Poulsen-VL45-Radiohus-Portable-Leuchte-Auf-Terrasse_108487_1280x1280-1024x1024.jpg 1024w, https:\/\/raum-blick.de\/magazin\/wp-content\/uploads\/2025\/05\/Louis-Poulsen-VL45-Radiohus-Portable-Leuchte-Auf-Terrasse_108487_1280x1280-300x300.jpg 300w, https:\/\/raum-blick.de\/magazin\/wp-content\/uploads\/2025\/05\/Louis-Poulsen-VL45-Radiohus-Portable-Leuchte-Auf-Terrasse_108487_1280x1280-150x150.jpg 150w, https:\/\/raum-blick.de\/magazin\/wp-content\/uploads\/2025\/05\/Louis-Poulsen-VL45-Radiohus-Portable-Leuchte-Auf-Terrasse_108487_1280x1280-768x768.jpg 768w, https:\/\/raum-blick.de\/magazin\/wp-content\/uploads\/2025\/05\/Louis-Poulsen-VL45-Radiohus-Portable-Leuchte-Auf-Terrasse_108487_1280x1280.jpg 1280w\" sizes=\"(max-width: 1024px) 100vw, 1024px\" \/><\/a><figcaption class=\"wp-element-caption\"><em>Louis Poulsen &#8211; VL45 Radiohus portable Leuchte<\/em><\/figcaption><\/figure>\n<\/div>\n<\/div>\n\n\n\n<h2 class=\"wp-block-heading\"><span class=\"ez-toc-section\" id=\"Designphilosophie\"><\/span>Designphilosophie<span class=\"ez-toc-section-end\"><\/span><\/h2>\n\n\n\n<p>Die faszinierende Designphilosophie von Vilhelm Lauritzen besticht durch eine harmonische Verbindung von Funktionalit\u00e4t und \u00e4sthetischem Minimalismus. <strong>Lauritzen entwickelte seine Vision in einer \u00c4ra des Wandels<\/strong>, gepr\u00e4gt von innovativen Materialien und neuen Technologien:<\/p>\n\n\n\n<ul class=\"wp-block-list\">\n<li>Seine Entw\u00fcrfe zeichnen sich durch eine <strong>klare<\/strong> <strong>Struktur<\/strong> und eine <strong>elegante Schlichtheit<\/strong> aus, die den Raum flie\u00dfend und einladend erscheinen lassen.&nbsp;<\/li>\n<\/ul>\n\n\n\n<ul class=\"wp-block-list\">\n<li>Lauritzen verstand es meisterhaft, die Bed\u00fcrfnisse des individuellen Lebensraums zu erkennen und durch seine Gestaltung Ausdruck zu verleihen. <strong>Besonderes Augenmerk legte er auf die Lichtf\u00fchrung und die Materialauswahl<\/strong>, um Funktionalit\u00e4t mit einem visuellen Reiz zu kombinieren. Ein Beispiel hierf\u00fcr ist der durchdachte Einsatz von Glasfl\u00e4chen, die Transparenz und Helligkeit schaffen und den Innenraum mit der Natur verbinden.&nbsp;<\/li>\n<\/ul>\n\n\n\n<p>F\u00fcr all jene, die diesen Designansatz in ihrem eigenen Zuhause umsetzen m\u00f6chten, empfiehlt es sich, <strong>gezielt auf wenige, aber bedeutende M\u00f6belst\u00fccke zu setzen und auf Details wie nat\u00fcrliche Materialien und zarte Farbt\u00f6ne zu achten<\/strong>. Vilhelm Lauritzens Entw\u00fcrfe beweisen, dass durch eine durchdachte Anordnung von Raum, Licht und Material eine authentische und zugleich zeitgem\u00e4\u00dfe Wohnatmosph\u00e4re entsteht, die zum Verweilen einl\u00e4dt. bei denen Funktion und \u00c4sthetik stets im Einklang stehen.<\/p>\n\n\n\n<p><\/p>\n\n\n\n<h2 class=\"wp-block-heading\"><span class=\"ez-toc-section\" id=\"Nachhaltigkeit_im_Werk_von_Vilhelm_Lauritzen\"><\/span>Nachhaltigkeit im Werk von Vilhelm Lauritzen<span class=\"ez-toc-section-end\"><\/span><\/h2>\n\n\n\n<p><strong>Nachhaltigkeit<\/strong> durchzieht die Arbeiten von Lauritzen <strong>nicht als Modebegriff, sondern als solides Grundprinzip<\/strong>. Der ber\u00fchmte d\u00e4nische Architekt entwickelte Geb\u00e4ude mit langer Lebensdauer und ressourcenschonendem Erhalt. Sein architektonisches Schaffen zeichnet sich durch clevere Raumaufteilungen aus, die nicht nur dem \u00e4sthetischen, sondern auch dem praktischen Nutzen dienen.&nbsp;<\/p>\n\n\n\n<p>Die <strong>Verwendung von langlebigen Materialien spielte ebenfalls eine zentrale Rolle in Vilhelm Lauritzens Arbeitsweise<\/strong>. Konstruktionen mit robusten und gleichzeitig eleganten Werkstoffen sind nicht nur ein Musterbeispiel f\u00fcr zeitlose Sch\u00f6nheit, sondern auch f\u00fcr die Minimierung von Ressourcenverbrauch durch Verminderung von Reparaturen oder Ersatzteilen. Holz und Glas in Kombination mit Stahl und Beton, Elemente oft synonym mit seinem Namen, unterstreichen diesen Ansatz.&nbsp;<\/p>\n\n\n\n<p><\/p>\n\n\n\n<h2 class=\"wp-block-heading\"><span class=\"ez-toc-section\" id=\"Praktische_Tipps_fuer_die_Integration_skandinavischen_Designs_im_eigenen_Zuhause\"><\/span>Praktische Tipps f\u00fcr die Integration skandinavischen Designs im eigenen Zuhause<span class=\"ez-toc-section-end\"><\/span><\/h2>\n\n\n\n<p>Die <strong>Integration von skandinavischem Design in den eigenen vier W\u00e4nden erfordert ein geschicktes Zusammenspiel aus Funktionalit\u00e4t, \u00c4sthetik und Minimalismus<\/strong>. Im Folgenden eine kleine Aufz\u00e4hlung an Tipps, wie das skandinavische Design perfekt in der eigenen Wohnung zur Geltung kommt:<\/p>\n\n\n\n<ul class=\"wp-block-list\">\n<li>Es ist hilfreich, bewusst auf <strong>nat\u00fcrliche Materialien<\/strong> <strong>wie Holz und Leinen <\/strong>zu setzen. Diese Elemente schaffen eine warme, einladende Atmosph\u00e4re, die f\u00fcr die nordische Wohnkultur charakteristisch ist. M\u00f6belst\u00fccke, die <strong>klare Linien<\/strong> und eine <strong>schn\u00f6rkellose Formensprache<\/strong> aufweisen, lassen sich nahtlos in verschiedene Wohnbereiche integrieren.&nbsp;<\/li>\n\n\n\n<li><strong>Farben spielen <\/strong>ebenfalls eine<strong> zentrale Rolle<\/strong>: Helle, neutrale T\u00f6ne wie Wei\u00df, Beige oder Grau dominieren und lassen kleine R\u00e4ume gro\u00dfz\u00fcgiger wirken. Dies steht in Harmonie mit dem Prinzip, viel Tageslicht hereinzulassen \u2013 ein Leitgedanke, den auch Vilhelm Lauritzen in seinen Entw\u00fcrfen meisterhaft umsetzte.<\/li>\n\n\n\n<li>Ein <strong>raffinierter Ansatz zur Umsetzung skandinavischen Designs liegt im gezielten Einsatz von Beleuchtung<\/strong>. Die Wahl von Lampen mit schlichtem, aber elegantem Design kann dabei helfen, das typische Gef\u00fchl nordischer Behaglichkeit zu erzielen. Dekorative Objekte sollten sparsam ausgew\u00e4hlt werden, um den Raum nicht zu \u00fcberladen.&nbsp;<\/li>\n\n\n\n<li><strong>Im Bereich der Textilien<\/strong> lohnt es sich, in <strong>kuschelige Decken oder Kissen mit dezenten Mustern<\/strong> zu investieren. Diese Accessoires verleihen jedem Raum eine pers\u00f6nliche Note und reflektieren gleichzeitig die skandinavische Liebe zu Gem\u00fctlichkeit und Einfachheit.&nbsp;<\/li>\n<\/ul>\n\n\n\n<p>Mit Bedacht gew\u00e4hlte Design-Elemente aus unserem Angebot bei RAUM-BLICK helfen, diesen Stil m\u00fchelos zu verwirklichen. Die Kunst liegt darin, bewusst zu reduzieren und dennoch ein harmonisches Ambiente zu kreieren.<\/p>\n\n\n\n<div class=\"wp-block-columns is-layout-flex wp-container-core-columns-is-layout-9d6595d7 wp-block-columns-is-layout-flex\">\n<div class=\"wp-block-column is-layout-flow wp-block-column-is-layout-flow\">\n<figure class=\"wp-block-image size-large\"><a href=\"https:\/\/www.raum-blick.de\/louis-poulsen-vl45-radiohus-pendelleuchte\"><img loading=\"lazy\" decoding=\"async\" width=\"1024\" height=\"1024\" src=\"https:\/\/www.raum-blick.de\/magazin\/wp-content\/uploads\/2025\/05\/Louis-Poulsen-VL45-Pendellampe-esstisch_106259_1280x1280-1-1024x1024.jpg\" alt=\"Ambiente-Bild der VL45 Radiohus Pendelleuchte\" class=\"wp-image-21733\" title=\"\" srcset=\"https:\/\/raum-blick.de\/magazin\/wp-content\/uploads\/2025\/05\/Louis-Poulsen-VL45-Pendellampe-esstisch_106259_1280x1280-1-1024x1024.jpg 1024w, https:\/\/raum-blick.de\/magazin\/wp-content\/uploads\/2025\/05\/Louis-Poulsen-VL45-Pendellampe-esstisch_106259_1280x1280-1-300x300.jpg 300w, https:\/\/raum-blick.de\/magazin\/wp-content\/uploads\/2025\/05\/Louis-Poulsen-VL45-Pendellampe-esstisch_106259_1280x1280-1-150x150.jpg 150w, https:\/\/raum-blick.de\/magazin\/wp-content\/uploads\/2025\/05\/Louis-Poulsen-VL45-Pendellampe-esstisch_106259_1280x1280-1-768x768.jpg 768w, https:\/\/raum-blick.de\/magazin\/wp-content\/uploads\/2025\/05\/Louis-Poulsen-VL45-Pendellampe-esstisch_106259_1280x1280-1.jpg 1280w\" sizes=\"(max-width: 1024px) 100vw, 1024px\" \/><\/a><figcaption class=\"wp-element-caption\"><em>Passend f\u00fcr skandinavisches Design in den eigenen vier W\u00e4nden: die Louis Poulsen &#8211; VL45 Radiohus Pendelleuchte<\/em><\/figcaption><\/figure>\n<\/div>\n<\/div>\n\n\n\n<h2 class=\"wp-block-heading\"><span class=\"ez-toc-section\" id=\"Einfluss_von_Vilhelm_Lauritzen_auf_moderne_Innenarchitektur\"><\/span>Einfluss von Vilhelm Lauritzen auf moderne Innenarchitektur<span class=\"ez-toc-section-end\"><\/span><\/h2>\n\n\n\n<p>Die Einfl\u00fcsse von Vilhelm Lauritzen in der modernen Innenarchitektur sind \u00fcberaus pr\u00e4sent und wegweisend. Lauritzens Arbeiten verk\u00f6rpern eine harmonische Symbiose aus Form und Funktion, die dem modernen Wohnraum eine angenehme Ruhe verleiht. Seine <strong>Prinzipien der Schlichtheit und Funktionalit\u00e4t kann <\/strong><strong>man<\/strong><strong> heute noch in zahlreichen Designprojekten erkennen<\/strong>.<\/p>\n\n\n\n<p>Eines der <strong>pr\u00e4gnantesten Verm\u00e4chtnisse Lauritzens ist der Umgang mit Licht<\/strong>. Seine F\u00e4higkeit, nat\u00fcrliche Lichtquellen im Entwurf zu integrieren, ohne den \u00e4sthetischen Gesamteindruck zu st\u00f6ren, beeinflusst moderne Designer und Architekten nachhaltig. Dieser Aspekt findet sich in modernen Innenr\u00e4umen wieder, die gro\u00dfz\u00fcgige Fensterfronten und minimalistische Leuchten bevorzugen und so die Tageslichtnutzung maximieren. Besonders in urbanen Wohnr\u00e4umen wird die Wertsch\u00e4tzung von offener Raumgestaltung nach Vilhelm Lauritzens Vorbild sichtbar. Ein <strong>gro\u00dfer Trend ist die Verwendung von multifunktionalen M\u00f6belst\u00fccken<\/strong>, die Raum und Ressourcen sparen, ohne an Stil zu verlieren.<\/p>\n\n\n\n<p><\/p>\n\n\n\n<h2 class=\"wp-block-heading\"><span class=\"ez-toc-section\" id=\"Vilhelm_Lauritzen_und_die_Bedeutung_von_Licht_in_der_Architektur\"><\/span>Vilhelm Lauritzen und die Bedeutung von Licht in der Architektur<span class=\"ez-toc-section-end\"><\/span><\/h2>\n\n\n\n<p>Vilhelm Lauritzen<strong> erkannte fr\u00fch die Bedeutung von Licht als gestalterisches Element in der Architektur<\/strong> und setzte neue Ma\u00dfst\u00e4be in der Verwendung von Tageslicht und k\u00fcnstlicher Beleuchtung. <strong>Licht sollte nicht nur R\u00e4ume erhellen, sondern auch deren Atmosph\u00e4re pr\u00e4gen und die Architektur selbst verst\u00e4rken<\/strong>. Lauritzens Ansatz bestand darin, Licht als integralen Bestandteil des architektonischen Konzepts zu betrachten, das direkt mit den Bed\u00fcrfnissen der Nutzer korrespondiert.<\/p>\n\n\n\n<p>Bei seinem Entwurf des <strong>Radiohusets<\/strong>, der Hauptsitz des d\u00e4nischen Rundfunks, <strong>designte er auch dessen Beleuchtung<\/strong>. Dies stellte die <strong>Geburtsstunde seiner Leuchte VL45 Radiohus<\/strong> dar. Seit den 1940er-Jahren wird diese Leuchte in verschiedenen Ausf\u00fchrungen von der <a href=\"https:\/\/www.raum-blick.de\/louis-poulsen\/\"><strong>Marke Louis Poulsen<\/strong><\/a> vertrieben. &nbsp;<br><br><strong>RAUM-BLICK bietet diese Leuchte an,<\/strong> die sowohl die skandinavische Design\u00e4sthetik widerspiegeln als auch f\u00fcr eine wohl\u00fcberlegte Lichtgestaltung sorgen. Zur Auswahl bei RAUM-BLICK stehen die <a href=\"https:\/\/www.raum-blick.de\/louis-poulsen-vl45-radiohus-pendelleuchte\">Louis Poulsen &#8211; VL45 Radiohus Pendelleuchte<\/a> und die <a href=\"https:\/\/www.raum-blick.de\/louis-poulsen-vl45-radiohus-portable-leuchte\">Louise Poulsen &#8211; VL45 Radiohus portable Leuchte<\/a> bereit.<\/p>\n\n\n\n<div class=\"wp-block-columns is-layout-flex wp-container-core-columns-is-layout-9d6595d7 wp-block-columns-is-layout-flex\">\n<div class=\"wp-block-column is-layout-flow wp-block-column-is-layout-flow\" style=\"flex-basis:50%\">\n<figure class=\"wp-block-image aligncenter size-large\"><a href=\"https:\/\/www.raum-blick.de\/louis-poulsen-vl45-radiohus-pendelleuchte\"><img loading=\"lazy\" decoding=\"async\" width=\"1024\" height=\"1024\" src=\"https:\/\/www.raum-blick.de\/magazin\/wp-content\/uploads\/2025\/05\/Louis-Poulsen-VL45-Pendellampe-neben-sofa_106257_1280x1280-1024x1024.jpg\" alt=\"Ambiente-Bild zur VL45-Pendelleuchte\" class=\"wp-image-21716\" title=\"\" srcset=\"https:\/\/raum-blick.de\/magazin\/wp-content\/uploads\/2025\/05\/Louis-Poulsen-VL45-Pendellampe-neben-sofa_106257_1280x1280-1024x1024.jpg 1024w, https:\/\/raum-blick.de\/magazin\/wp-content\/uploads\/2025\/05\/Louis-Poulsen-VL45-Pendellampe-neben-sofa_106257_1280x1280-300x300.jpg 300w, https:\/\/raum-blick.de\/magazin\/wp-content\/uploads\/2025\/05\/Louis-Poulsen-VL45-Pendellampe-neben-sofa_106257_1280x1280-150x150.jpg 150w, https:\/\/raum-blick.de\/magazin\/wp-content\/uploads\/2025\/05\/Louis-Poulsen-VL45-Pendellampe-neben-sofa_106257_1280x1280-768x768.jpg 768w, https:\/\/raum-blick.de\/magazin\/wp-content\/uploads\/2025\/05\/Louis-Poulsen-VL45-Pendellampe-neben-sofa_106257_1280x1280.jpg 1280w\" sizes=\"(max-width: 1024px) 100vw, 1024px\" \/><\/a><figcaption class=\"wp-element-caption\"><em>Louis Poulsen &#8211; VL45 Radiohus Pendelleuchte<\/em><\/figcaption><\/figure>\n<\/div>\n\n\n\n<div class=\"wp-block-column is-layout-flow wp-block-column-is-layout-flow\" style=\"flex-basis:50%\">\n<figure class=\"wp-block-image aligncenter size-large\"><a href=\"https:\/\/www.raum-blick.de\/louis-poulsen-vl45-radiohus-portable-leuchte\"><img loading=\"lazy\" decoding=\"async\" width=\"1024\" height=\"1024\" src=\"https:\/\/www.raum-blick.de\/magazin\/wp-content\/uploads\/2025\/05\/Louis-Poulsen-VL45-Radiohus-Portable-Leuchte-Auf-Tisch_108484_1280x1280-1-1024x1024.jpg\" alt=\"Ambiente-Bild zur VL45 Radiohus portable Leuchte\" class=\"wp-image-21721\" title=\"\" srcset=\"https:\/\/raum-blick.de\/magazin\/wp-content\/uploads\/2025\/05\/Louis-Poulsen-VL45-Radiohus-Portable-Leuchte-Auf-Tisch_108484_1280x1280-1-1024x1024.jpg 1024w, https:\/\/raum-blick.de\/magazin\/wp-content\/uploads\/2025\/05\/Louis-Poulsen-VL45-Radiohus-Portable-Leuchte-Auf-Tisch_108484_1280x1280-1-300x300.jpg 300w, https:\/\/raum-blick.de\/magazin\/wp-content\/uploads\/2025\/05\/Louis-Poulsen-VL45-Radiohus-Portable-Leuchte-Auf-Tisch_108484_1280x1280-1-150x150.jpg 150w, https:\/\/raum-blick.de\/magazin\/wp-content\/uploads\/2025\/05\/Louis-Poulsen-VL45-Radiohus-Portable-Leuchte-Auf-Tisch_108484_1280x1280-1-768x768.jpg 768w, https:\/\/raum-blick.de\/magazin\/wp-content\/uploads\/2025\/05\/Louis-Poulsen-VL45-Radiohus-Portable-Leuchte-Auf-Tisch_108484_1280x1280-1.jpg 1280w\" sizes=\"(max-width: 1024px) 100vw, 1024px\" \/><\/a><figcaption class=\"wp-element-caption\"><em>Louis Poulsen &#8211; VL45 Radiohus portable Leuchte<\/em><\/figcaption><\/figure>\n<\/div>\n<\/div>\n\n\n\n<h2 class=\"wp-block-heading\"><span class=\"ez-toc-section\" id=\"Fazit_Vilhelm_Lauritzen_%E2%80%93_fuehrender_Architekt_des_daenischen_Designs\"><\/span>Fazit: Vilhelm Lauritzen &#8211; f\u00fchrender Architekt des d\u00e4nischen Designs<span class=\"ez-toc-section-end\"><\/span><\/h2>\n\n\n\n<p>Beim Blick auf das Verm\u00e4chtnis von Vilhelm Lauritzen wird deutlich, dass seine klugen und zukunftsweisenden Designtheorien die Architekturwelt nachhaltig beeinflussten. Sein Gesp\u00fcr f\u00fcr die <strong>Harmonie zwischen Form und Funktion<\/strong> spiegelt sich in ikonischen Bauwerken wider, die auch heute noch als Inspirationsquellen gelten. Lauritzens <strong>Verst\u00e4ndnis f\u00fcr die Einbindung von nat\u00fcrlichem Licht <\/strong>kommuniziert eine Klarheit und Leichtigkeit, welche die <strong>Essenz des skandinavischen Designs<\/strong> verk\u00f6rpern.&nbsp;<\/p>\n\n\n\n<p><strong>F\u00fcr Liebhaber dieser Architekturtradition<\/strong> bietet sich die M\u00f6glichkeit, Lauritzens Prinzipien in das eigene Heim zu integrieren, um eine gleicherma\u00dfen funktionale wie \u00e4sthetische Umgebung zu schaffen. <strong>Klug gew\u00e4hlte M\u00f6belst\u00fccke, die Simplizit\u00e4t und Eleganz vereinen<\/strong>, stehen <strong>im Einklang mit Vilhelm Lauritzens Philosophie<\/strong>. Von sorgf\u00e4ltig ausgew\u00e4hlter Beleuchtung bis hin zu funktional durchdachten Wohnaccessoires \u2013 es ist die <strong>Balance von Licht und Form, die den Raum zum Leben erweckt<\/strong>.<\/p>\n\n\n\n<p><strong>Im modernen Design wird Lauritzens Erbe durch best\u00e4ndige Innovationen am Leben gehalten<\/strong>, die sich stets an den Werten der Nachhaltigkeit und Langlebigkeit orientieren. Diese Werte sind auch f\u00fcr RAUM-BLICK zentral, wo skandinavisches Design mit einem Auge f\u00fcr Details und Qualit\u00e4t kuratiert wird. Die vielf\u00e4ltige Produktpalette erm\u00f6glicht es, R\u00e4ume mit einer Mischung aus Eleganz und Funktionalit\u00e4t zu gestalten, die Lauritzens zeitlose \u00c4sthetik widerspiegelt.&nbsp;<\/p>\n\n\n\n<p><\/p>\n\n\n\n<h2 class=\"wp-block-heading\"><span class=\"ez-toc-section\" id=\"Haeufig_gestellte_Fragen_FAQs_zu_Vilhelm_Lauritzen\"><\/span>H\u00e4ufig gestellte Fragen (FAQs) zu Vilhelm Lauritzen<span class=\"ez-toc-section-end\"><\/span><\/h2>\n\n\n\n<h3 class=\"wp-block-heading\"><span class=\"ez-toc-section\" id=\"Wer_war_Vilhelm_Lauritzen_und_warum_ist_er_bedeutend\"><\/span>Wer war Vilhelm Lauritzen und warum ist er bedeutend?<span class=\"ez-toc-section-end\"><\/span><\/h3>\n\n\n\n<p>Vilhelm Lauritzen war ein herausragender d\u00e4nischer Architekt, der als einer der f\u00fchrenden Architekten des skandinavischen Modernismus gilt. In seinem Schaffen vereinte er Funktionalit\u00e4t und \u00c4sthetik auf beeindruckende Weise, was ihn zu einer Schl\u00fcsselfigur der Architektur des 20. Jahrhunderts machte. Lauritzen war f\u00fcr seine klaren Linien und die Verwendung von Licht bekannt. Lauritzens Werk hat nicht nur die d\u00e4nische, sondern die internationale Designlandschaft nachhaltig beeinflusst und inspiriert Design-Enthusiasten weltweit.<\/p>\n\n\n\n<h3 class=\"wp-block-heading\"><span class=\"ez-toc-section\" id=\"Wie_integrieren_skandinavische_Designobjekte_den_Stil_von_Vilhelm_Lauritzen\"><\/span>Wie integrieren skandinavische Designobjekte den Stil von Vilhelm Lauritzen?<span class=\"ez-toc-section-end\"><\/span><\/h3>\n\n\n\n<p>Skandinavische Designobjekte, die vom Geist Vilhelm Lauritzens inspiriert sind, zeichnen sich durch schlichte Eleganz und eine Konzentration auf wesentliche Funktionen aus. Bei RAUM-BLICK bedeutet dies, dass die angebotenen M\u00f6bel und Accessoires reduzierte Formen, hochwertige Materialien und sorgf\u00e4ltige Verarbeitung kombinieren \u2013 alles Attribute, die Vilhelm Lauritzen sch\u00e4tzte. Durch den bewussten Einsatz von Farbe und Licht werden harmonische und ruhige R\u00e4ume geschaffen, die den Alltag erleichtern und versch\u00f6nern.<\/p>\n\n\n\n<h3 class=\"wp-block-heading\"><span class=\"ez-toc-section\" id=\"Warum_ist_der_skandinavische_Minimalismus_im_Wohnbereich_besonders_aktuell\"><\/span>Warum ist der skandinavische Minimalismus im Wohnbereich besonders aktuell?<span class=\"ez-toc-section-end\"><\/span><\/h3>\n\n\n\n<p>Der skandinavische Minimalismus erfreut sich wachsender Beliebtheit, da er eine Oase der Ruhe in einer hektischen Welt schafft. R\u00e4ume, die mit skandinavischem Design gestaltet sind, strahlen eine wohltuende Klarheit aus, die Vilhelm Lauritzen in seinen Werken wunderbar verk\u00f6rperte. Bei RAUM-BLICK werden M\u00f6bel und Accessoires angeboten, die den minimalistischen, aber nicht weniger komfortablen Wohnstil unterst\u00fctzen.<\/p>\n\n\n\n<h3 class=\"wp-block-heading\"><span class=\"ez-toc-section\" id=\"Wie_kann_RAUM-BLICK_helfen_ein_Zuhause_im_Stil_von_Vilhelm_Lauritzen_zu_gestalten\"><\/span>Wie kann RAUM-BLICK helfen, ein Zuhause im Stil von Vilhelm Lauritzen zu gestalten?<span class=\"ez-toc-section-end\"><\/span><\/h3>\n\n\n\n<p>RAUM-BLICK bietet eine gekonnt zusammengestellte Auswahl an Produkten, die die Designprinzipien von Vilhelm Lauritzen widerspiegeln. Dies umfasst leuchtende Elemente, die den skandinavischen Minimalismus lebendig machen, wie z. B. die von Lauritzen designte <a href=\"https:\/\/www.raum-blick.de\/louis-poulsen-vl45-radiohus-pendelleuchte\">Louis Poulsen &#8211; VL45 Radiohus Pendelleuchte<\/a> oder die <a href=\"https:\/\/www.raum-blick.de\/louis-poulsen-vl45-radiohus-portable-leuchte\">Louis Poulsen &#8211; VL45 Radiohus portable Leuchte<\/a>. Kunden, die auf der Suche nach einzigartigen skandinavischen St\u00fccken sind, werden sicherlich f\u00fcndig.<\/p>\n\n\n\n<p><\/p>\n\n\n\n<div class=\"wp-block-buttons is-content-justification-center is-layout-flex wp-container-core-buttons-is-layout-16018d1d wp-block-buttons-is-layout-flex\">\n<div class=\"wp-block-button is-style-fill\"><a class=\"wp-block-button__link has-white-color has-text-color has-background wp-element-button\" href=\"https:\/\/www.raum-blick.de\/search?sSearch=Louis+Poulsen+VL45\" style=\"background-color:#808080\">Jetzt die VL45 Leuchte entdecken!<\/a><\/div>\n<\/div>\n<\/p>","protected":false},"excerpt":{"rendered":"<p>\u00ab Vilhelm Lauritzen &#8211; Vordenker und Architekt modernen Designs \u00bb Der Name Vilhelm Lauritzen ist eng mit dem skandinavischen Design verbunden, und seine Werke spiegeln die Essenz einer \u00c4sthetik wider, die Funktionalit\u00e4t und Form in Einklang bringt. Lauritzen war ein Vordenker und einer der f\u00fchrenden Architekten des modernen Designs. Als Meister des minimalistischen Designs, verschrieb [&hellip;]<\/p>\n","protected":false},"author":4,"featured_media":21744,"comment_status":"closed","ping_status":"open","sticky":false,"template":"","format":"standard","meta":{"_et_pb_use_builder":"","_et_pb_old_content":"","_et_gb_content_width":"","inline_featured_image":false,"footnotes":""},"categories":[2315],"tags":[1779],"class_list":["post-21713","post","type-post","status-publish","format-standard","has-post-thumbnail","hentry","category-informativ","tag-designer"],"_links":{"self":[{"href":"https:\/\/raum-blick.de\/magazin\/wp-json\/wp\/v2\/posts\/21713","targetHints":{"allow":["GET"]}}],"collection":[{"href":"https:\/\/raum-blick.de\/magazin\/wp-json\/wp\/v2\/posts"}],"about":[{"href":"https:\/\/raum-blick.de\/magazin\/wp-json\/wp\/v2\/types\/post"}],"author":[{"embeddable":true,"href":"https:\/\/raum-blick.de\/magazin\/wp-json\/wp\/v2\/users\/4"}],"replies":[{"embeddable":true,"href":"https:\/\/raum-blick.de\/magazin\/wp-json\/wp\/v2\/comments?post=21713"}],"version-history":[{"count":22,"href":"https:\/\/raum-blick.de\/magazin\/wp-json\/wp\/v2\/posts\/21713\/revisions"}],"predecessor-version":[{"id":21974,"href":"https:\/\/raum-blick.de\/magazin\/wp-json\/wp\/v2\/posts\/21713\/revisions\/21974"}],"wp:featuredmedia":[{"embeddable":true,"href":"https:\/\/raum-blick.de\/magazin\/wp-json\/wp\/v2\/media\/21744"}],"wp:attachment":[{"href":"https:\/\/raum-blick.de\/magazin\/wp-json\/wp\/v2\/media?parent=21713"}],"wp:term":[{"taxonomy":"category","embeddable":true,"href":"https:\/\/raum-blick.de\/magazin\/wp-json\/wp\/v2\/categories?post=21713"},{"taxonomy":"post_tag","embeddable":true,"href":"https:\/\/raum-blick.de\/magazin\/wp-json\/wp\/v2\/tags?post=21713"}],"curies":[{"name":"wp","href":"https:\/\/api.w.org\/{rel}","templated":true}]}}