{"id":2169,"date":"2017-01-31T10:02:15","date_gmt":"2017-01-31T09:02:15","guid":{"rendered":"https:\/\/www.raum-blick.de\/magazin\/?p=2169"},"modified":"2019-09-05T16:20:00","modified_gmt":"2019-09-05T14:20:00","slug":"vorgarten-gestalten","status":"publish","type":"post","link":"https:\/\/raum-blick.de\/magazin\/vorgarten-gestalten\/","title":{"rendered":"Vorgarten gestalten"},"content":{"rendered":"<h2><span class=\"ez-toc-section\" id=\"%C2%AB_Die_Visitenkarte_Ihres_Hauses_%C2%BB\"><\/span>\u00ab Die Visitenkarte Ihres Hauses \u00bb<span class=\"ez-toc-section-end\"><\/span><\/h2>\n<p style=\"text-align: justify;\"><strong>Beim Blick auf den Vorgarten w\u00fcrdigen Passanten den Sinn f\u00fcr Stil, f\u00fchlen sich G\u00e4ste herzlich willkommen und freuen sich auf die angenehme Atmosph\u00e4re bei Ihnen daheim. Damit das Setting zu F\u00fc\u00dfen der Haust\u00fcr derart positive Emotionen weckt, ist ein durchdachtes Arrangement gefragt. Abgerundet wird die einladende und repr\u00e4sentative Anlage durch die atmosph\u00e4rische Beleuchtung und dekorative Extras.<\/strong><\/p>\n<h2><span class=\"ez-toc-section\" id=\"Spiegel_der_Bewohner\"><\/span>Spiegel der Bewohner<span class=\"ez-toc-section-end\"><\/span><\/h2>\n<p style=\"text-align: justify;\">Der Vorgarten gleicht einer Visitenkarte. Hier machen sich Nachbarn oder ankommende Besucher ein Bild von dem Ambiente der Innenr\u00e4ume, ein Ihrem Lebensstil und der Pers\u00f6nlichkeit der Bewohner Ihres Hauses. Dass Sie dabei nat\u00fcrlich Ihre Schokoladenseiten pr\u00e4sentieren m\u00f6chten, ist verst\u00e4ndlich.<\/p><div id=\"ez-toc-container\" class=\"ez-toc-v2_0_82_2 counter-hierarchy ez-toc-counter ez-toc-grey ez-toc-container-direction\">\n<div class=\"ez-toc-title-container\">\n<p class=\"ez-toc-title\" style=\"cursor:inherit\">Was hier auf Sie wartet<\/p>\n<span class=\"ez-toc-title-toggle\"><a href=\"#\" class=\"ez-toc-pull-right ez-toc-btn ez-toc-btn-xs ez-toc-btn-default ez-toc-toggle\" aria-label=\"Toggle Table of Content\"><span class=\"ez-toc-js-icon-con\"><span class=\"\"><span class=\"eztoc-hide\" style=\"display:none;\">Toggle<\/span><span class=\"ez-toc-icon-toggle-span\"><svg style=\"fill: #999;color:#999\" xmlns=\"http:\/\/www.w3.org\/2000\/svg\" class=\"list-377408\" width=\"20px\" height=\"20px\" viewBox=\"0 0 24 24\" fill=\"none\"><path d=\"M6 6H4v2h2V6zm14 0H8v2h12V6zM4 11h2v2H4v-2zm16 0H8v2h12v-2zM4 16h2v2H4v-2zm16 0H8v2h12v-2z\" fill=\"currentColor\"><\/path><\/svg><svg style=\"fill: #999;color:#999\" class=\"arrow-unsorted-368013\" xmlns=\"http:\/\/www.w3.org\/2000\/svg\" width=\"10px\" height=\"10px\" viewBox=\"0 0 24 24\" version=\"1.2\" baseProfile=\"tiny\"><path d=\"M18.2 9.3l-6.2-6.3-6.2 6.3c-.2.2-.3.4-.3.7s.1.5.3.7c.2.2.4.3.7.3h11c.3 0 .5-.1.7-.3.2-.2.3-.5.3-.7s-.1-.5-.3-.7zM5.8 14.7l6.2 6.3 6.2-6.3c.2-.2.3-.5.3-.7s-.1-.5-.3-.7c-.2-.2-.4-.3-.7-.3h-11c-.3 0-.5.1-.7.3-.2.2-.3.5-.3.7s.1.5.3.7z\"\/><\/svg><\/span><\/span><\/span><\/a><\/span><\/div>\n<nav><ul class='ez-toc-list ez-toc-list-level-1 ' ><li class='ez-toc-page-1 ez-toc-heading-level-2'><a class=\"ez-toc-link ez-toc-heading-1\" href=\"https:\/\/raum-blick.de\/magazin\/vorgarten-gestalten\/#%C2%AB_Die_Visitenkarte_Ihres_Hauses_%C2%BB\" >\u00ab Die Visitenkarte Ihres Hauses \u00bb<\/a><\/li><li class='ez-toc-page-1 ez-toc-heading-level-2'><a class=\"ez-toc-link ez-toc-heading-2\" href=\"https:\/\/raum-blick.de\/magazin\/vorgarten-gestalten\/#Spiegel_der_Bewohner\" >Spiegel der Bewohner<\/a><\/li><li class='ez-toc-page-1 ez-toc-heading-level-2'><a class=\"ez-toc-link ez-toc-heading-3\" href=\"https:\/\/raum-blick.de\/magazin\/vorgarten-gestalten\/#Kein_Gestalten_ohne_eine_detaillierte_Planung\" >Kein Gestalten ohne eine detaillierte Planung<\/a><\/li><li class='ez-toc-page-1 ez-toc-heading-level-2'><a class=\"ez-toc-link ez-toc-heading-4\" href=\"https:\/\/raum-blick.de\/magazin\/vorgarten-gestalten\/#Mehr_als_Licht_ins_Dunkel_bringen\" >Mehr als Licht ins Dunkel bringen<\/a><\/li><li class='ez-toc-page-1 ez-toc-heading-level-2'><a class=\"ez-toc-link ez-toc-heading-5\" href=\"https:\/\/raum-blick.de\/magazin\/vorgarten-gestalten\/#Notwendiges_Zubehoer_effektvoll_inszeniert\" >Notwendiges Zubeh\u00f6r effektvoll inszeniert<\/a><ul class='ez-toc-list-level-3' ><li class='ez-toc-heading-level-3'><a class=\"ez-toc-link ez-toc-heading-6\" href=\"https:\/\/raum-blick.de\/magazin\/vorgarten-gestalten\/#Briefkasten\" >Briefkasten<\/a><\/li><li class='ez-toc-page-1 ez-toc-heading-level-3'><a class=\"ez-toc-link ez-toc-heading-7\" href=\"https:\/\/raum-blick.de\/magazin\/vorgarten-gestalten\/#Fussmatten\" >Fu\u00dfmatten<\/a><\/li><\/ul><\/li><li class='ez-toc-page-1 ez-toc-heading-level-2'><a class=\"ez-toc-link ez-toc-heading-8\" href=\"https:\/\/raum-blick.de\/magazin\/vorgarten-gestalten\/#Bluehende_Highlights_und_liebenswuerdige_Extras_machen_den_Vorgarten_aus\" >Bl\u00fchende Highlights und liebensw\u00fcrdige Extras machen den Vorgarten aus<\/a><\/li><\/ul><\/nav><\/div>\n\n<p style=\"text-align: justify;\"><img loading=\"lazy\" decoding=\"async\" class=\"aligncenter wp-image-2214 size-full\" title=\"menu Lighthouse | \u00d6llampe in verschiedenen Gr\u00f6\u00dfen\" src=\"https:\/\/www.raum-blick.de\/magazin\/wp-content\/uploads\/2017\/02\/menu-Lighthouse-\u00d6llampe-in-verschiedenen-Gr\u00f6\u00dfen.jpg\" alt=\"menu Lighthouse \u00d6llampe in verschiedenen Gr\u00f6\u00dfen\" width=\"600\" height=\"600\" srcset=\"https:\/\/raum-blick.de\/magazin\/wp-content\/uploads\/2017\/02\/menu-Lighthouse-\u00d6llampe-in-verschiedenen-Gr\u00f6\u00dfen.jpg 600w, https:\/\/raum-blick.de\/magazin\/wp-content\/uploads\/2017\/02\/menu-Lighthouse-\u00d6llampe-in-verschiedenen-Gr\u00f6\u00dfen-150x150.jpg 150w, https:\/\/raum-blick.de\/magazin\/wp-content\/uploads\/2017\/02\/menu-Lighthouse-\u00d6llampe-in-verschiedenen-Gr\u00f6\u00dfen-300x300.jpg 300w\" sizes=\"(max-width: 600px) 100vw, 600px\" \/><\/p>\n<p style=\"text-align: justify;\">Zugleich handelt es sich um einen frequentierten und multifunktional genutzten Bereich. Au\u00dferdem kommt die Gartenarbeit angesichts der t\u00e4glichen Herausforderungen bei vielen zu kurz.<\/p>\n<h2><span class=\"ez-toc-section\" id=\"Kein_Gestalten_ohne_eine_detaillierte_Planung\"><\/span>Kein Gestalten ohne eine detaillierte Planung<span class=\"ez-toc-section-end\"><\/span><\/h2>\n<p style=\"text-align: justify;\">Deshalb ist es wichtig, die Vorgartengestaltung sinnvoll zu planen. Ein strategisch g\u00fcnstiger Bereich wird f\u00fcr die Stellfl\u00e4che der M\u00fclltonnen abgegrenzt. Gleiches gilt f\u00fcr eine Fahrradgarage mit freien Pl\u00e4tzen f\u00fcr die R\u00e4der der G\u00e4ste.<\/p>\n<div id=\"attachment_2209\" style=\"width: 610px\" class=\"wp-caption aligncenter\"><img loading=\"lazy\" decoding=\"async\" aria-describedby=\"caption-attachment-2209\" class=\"wp-image-2209 size-full\" title=\"Vorgartengestaltung sinnvoll planen\" src=\"https:\/\/www.raum-blick.de\/magazin\/wp-content\/uploads\/2017\/02\/Vorgartengestaltung-sinnvoll-planen.jpg\" alt=\"Vorgartengestaltung sinnvoll planen\" width=\"600\" height=\"400\" srcset=\"https:\/\/raum-blick.de\/magazin\/wp-content\/uploads\/2017\/02\/Vorgartengestaltung-sinnvoll-planen.jpg 600w, https:\/\/raum-blick.de\/magazin\/wp-content\/uploads\/2017\/02\/Vorgartengestaltung-sinnvoll-planen-300x200.jpg 300w\" sizes=\"(max-width: 600px) 100vw, 600px\" \/><p id=\"caption-attachment-2209\" class=\"wp-caption-text\">\u00a9 jpldesigns \/ Fotolia.com<\/p><\/div>\n<p style=\"text-align: justify;\">In Baum\u00e4rkten finden sich inzwischen fertige L\u00f6sungen, um diese praktischen Elemente attraktiv zu verkleiden. Elemente aus Holz vermitteln Gem\u00fctlichkeit und harmonieren mit einem mediterranen Flair, w\u00e4hrend Metall oder Glas modern akzentuieren. Es macht sich schick, wenn Sie auch bei der erg\u00e4nzenden Gartendeko dem materiellen Charakter der Gegenst\u00e4nde in Ihrem Vorgarten treu bleiben.<\/p>\n<div id=\"attachment_2196\" style=\"width: 610px\" class=\"wp-caption aligncenter\"><img loading=\"lazy\" decoding=\"async\" aria-describedby=\"caption-attachment-2196\" class=\"wp-image-2196 size-full\" title=\"Vorgarten mit direktem Weg zur Haust\u00fcr\" src=\"https:\/\/www.raum-blick.de\/magazin\/wp-content\/uploads\/2017\/02\/Vorgarten-mit-direktem-Weg-zur-Haustuer.jpg\" alt=\"Vorgarten mit direktem Weg zur Haustuer\" width=\"600\" height=\"400\" srcset=\"https:\/\/raum-blick.de\/magazin\/wp-content\/uploads\/2017\/02\/Vorgarten-mit-direktem-Weg-zur-Haustuer.jpg 600w, https:\/\/raum-blick.de\/magazin\/wp-content\/uploads\/2017\/02\/Vorgarten-mit-direktem-Weg-zur-Haustuer-300x200.jpg 300w\" sizes=\"(max-width: 600px) 100vw, 600px\" \/><p id=\"caption-attachment-2196\" class=\"wp-caption-text\">\u00a9 imaginando \/ Fotolia.com<\/p><\/div>\n<p style=\"text-align: justify;\">Damit die Ankunft nicht zur Geschicklichkeitspr\u00fcfung wird, ist ein direkter Weg zur Haust\u00fcr ideal. Treffend gew\u00e4hlt ist eine Breite, bei der zwei Personen bequem nebeneinander gehen k\u00f6nnen und zugleich Raum f\u00fcr Dekoration bleibt. Wer sich rund ums Jahr einen gepflegten Vorgarten w\u00fcnscht, distanziert sich von pflegeintensiven Blumenbeeten oder einer Rasenfl\u00e4che. Wenn Sie nicht zu den belesenen Hobbyg\u00e4rtnern z\u00e4hlen, ist Rat von Experten Gold wert.<\/p>\n<p style=\"text-align: justify;\"><a href=\"https:\/\/www.raum-blick.de\/sunlight-lampe-mit-erdspiess-eva-solo\"><img loading=\"lazy\" decoding=\"async\" class=\"alignleft wp-image-2182 size-full\" title=\"Eva Solo SunLight | Lampe mit Erdspie\u00df\" src=\"https:\/\/www.raum-blick.de\/magazin\/wp-content\/uploads\/2017\/02\/eva-solo-SunLight-Lampe-mit-Erdspie\u00df.jpg\" alt=\"eva solo SunLight Lampe mit Erdspie\u00df\" width=\"135\" height=\"385\" srcset=\"https:\/\/raum-blick.de\/magazin\/wp-content\/uploads\/2017\/02\/eva-solo-SunLight-Lampe-mit-Erdspie\u00df.jpg 135w, https:\/\/raum-blick.de\/magazin\/wp-content\/uploads\/2017\/02\/eva-solo-SunLight-Lampe-mit-Erdspie\u00df-105x300.jpg 105w\" sizes=\"(max-width: 135px) 100vw, 135px\" \/><\/a>So f\u00e4llt die Entscheidung beispielsweise auf Bodendecker oder Stauden, die f\u00fcr den Standort geeignet sind und Tritte von spielenden Kindern ebenso verzeihen wie eine halbherzige Zuwendung in hektischen Lebensphasen.<\/p>\n<h2><span class=\"ez-toc-section\" id=\"Mehr_als_Licht_ins_Dunkel_bringen\"><\/span>Mehr als Licht ins Dunkel bringen<span class=\"ez-toc-section-end\"><\/span><\/h2>\n<p style=\"text-align: justify;\">Weder ihre G\u00e4ste noch Sie selbst m\u00f6chten sich abends vorsichtig an den Eingang herantasten. Demnach ist die Beleuchtung elementar aber noch gelungener wenn sie \u00fcber ihre pragmatischen Eigenschaften hinauswachsen darf und bereits zur Atmosph\u00e4re aktiv einen Beitrag leistet. Stets wirkt es einladend, wenn die Schritte zum Haus von atmosph\u00e4rischen Lichtakzenten begleitet werden. Falls dieses Detail beim Bau nicht ber\u00fccksichtigt wurde, ist eine Leuchte wie die Eva Solo SunLight interessant. Die \u00c4sthetik mit Glasschirm wirkt modern und elegant, w\u00e4hrend die Funktionalit\u00e4t von den Designern Claus Jensen und Henrik Holb\u00e6k clever durchdacht wurde.<\/p>\n<p style=\"text-align: justify;\">Ausgestattet ist das hochwertige Zubeh\u00f6r der Au\u00dfenleuchte mit einem Erdspie\u00df, einem Solar-Panel und LED-Modulen, damit Sie ohne Bauma\u00dfnahmen mit den Design-Leuchten den Vorgarten gestalten k\u00f6nnen.<\/p>\n<p style=\"text-align: justify;\"><img loading=\"lazy\" decoding=\"async\" class=\"aligncenter wp-image-2173 size-full\" title=\"Eva Solo Hurricane | Windlicht mit und ohne Aufh\u00e4ngung\" src=\"https:\/\/www.raum-blick.de\/magazin\/wp-content\/uploads\/2017\/02\/eva-solo-Hurricane-Windlicht-mit-und-ohne-Aufh\u00e4ngung.jpg\" alt=\"eva solo Hurricane Windlicht mit und ohne Aufh\u00e4ngung\" width=\"600\" height=\"600\" srcset=\"https:\/\/raum-blick.de\/magazin\/wp-content\/uploads\/2017\/02\/eva-solo-Hurricane-Windlicht-mit-und-ohne-Aufh\u00e4ngung.jpg 600w, https:\/\/raum-blick.de\/magazin\/wp-content\/uploads\/2017\/02\/eva-solo-Hurricane-Windlicht-mit-und-ohne-Aufh\u00e4ngung-150x150.jpg 150w, https:\/\/raum-blick.de\/magazin\/wp-content\/uploads\/2017\/02\/eva-solo-Hurricane-Windlicht-mit-und-ohne-Aufh\u00e4ngung-300x300.jpg 300w\" sizes=\"(max-width: 600px) 100vw, 600px\" \/><\/p>\n<p style=\"text-align: justify;\">Es wirkt sehr elegant, wenn die herzliche Einladung bei verschiedenen Anl\u00e4ssen durch einen au\u00dferordentlichen Empfang unterstrichen wird. Diese Mission gelingt etwa mit einem Ensemble der Windlichter Hurricane \u2013 ebenfalls von <a href=\"https:\/\/www.raum-blick.de\/eva-solo\/\">Eva Solo<\/a>. Dank der Glaskuppel und der pfiffigen Konzeption des Bodens k\u00f6nnen die Accessoires mit echten Kerzen best\u00fcckt und beispielsweise auf den Treppenstufen arrangiert werden.<\/p>\n<h2><span class=\"ez-toc-section\" id=\"Notwendiges_Zubehoer_effektvoll_inszeniert\"><\/span>Notwendiges Zubeh\u00f6r effektvoll inszeniert<span class=\"ez-toc-section-end\"><\/span><\/h2>\n<h3><span class=\"ez-toc-section\" id=\"Briefkasten\"><\/span>Briefkasten<span class=\"ez-toc-section-end\"><\/span><\/h3>\n<p style=\"text-align: justify;\">Einige praktische Utensilien sind vor dem Haus und an der T\u00fcr unverzichtbar. Wenn sich zus\u00e4tzlich rein dekorative Elemente hinzugesellen, wirkt das Szenario schnell \u00fcberladen und unruhig. Also ist es w\u00fcnschenswert, wenn die Must-haves zum Blickfang avancieren und zur ansprechenden Vorgartengestaltung beitragen.<\/p>\n<p style=\"text-align: justify;\"><a href=\"https:\/\/www.raum-blick.de\/standbriefkasten-letterman-1-radius-design\"><img loading=\"lazy\" decoding=\"async\" class=\"aligncenter wp-image-2203 size-full\" title=\"radius design Letterman 1 | Standbriefkasten\" src=\"https:\/\/www.raum-blick.de\/magazin\/wp-content\/uploads\/2017\/02\/radius-design-Letterman-1-Standbriefkasten.jpg\" alt=\"radius design Letterman 1 Standbriefkasten\" width=\"600\" height=\"600\" srcset=\"https:\/\/raum-blick.de\/magazin\/wp-content\/uploads\/2017\/02\/radius-design-Letterman-1-Standbriefkasten.jpg 600w, https:\/\/raum-blick.de\/magazin\/wp-content\/uploads\/2017\/02\/radius-design-Letterman-1-Standbriefkasten-150x150.jpg 150w, https:\/\/raum-blick.de\/magazin\/wp-content\/uploads\/2017\/02\/radius-design-Letterman-1-Standbriefkasten-300x300.jpg 300w\" sizes=\"(max-width: 600px) 100vw, 600px\" \/><\/a><\/p>\n<p style=\"text-align: justify;\">Ein au\u00dfergew\u00f6hnlicher aber seri\u00f6ser <a href=\"https:\/\/www.raum-blick.de\/briefkasten-letterman\/\">Design-Briefkasten von Letterman<\/a>, eignet sich f\u00fcr den \u00e4sthetischen Auftakt am Stra\u00dfenrand und erleichtert dem Personal von der Post die Arbeit. Falls die geringe Distanz zum Haus dagegen spricht, kann der Design-Briefkasten auch das Umfeld an der T\u00fcr gestalten und dort wirken.<\/p>\n<p style=\"text-align: justify;\"><a href=\"https:\/\/www.raum-blick.de\/letterman-standing-ovation-2-paketkasten-radius-design\"><img loading=\"lazy\" decoding=\"async\" class=\"aligncenter wp-image-2185 size-full\" title=\"radius design Letterman Standing Ovation 2 | Brief- und Paketkasten\" src=\"https:\/\/www.raum-blick.de\/magazin\/wp-content\/uploads\/2017\/02\/radius-design-Letterman-Standing-Ovation-2-Paketkasten.jpg\" alt=\"radius design Letterman Standing Ovation 2 Paketkasten\" width=\"600\" height=\"600\" srcset=\"https:\/\/raum-blick.de\/magazin\/wp-content\/uploads\/2017\/02\/radius-design-Letterman-Standing-Ovation-2-Paketkasten.jpg 600w, https:\/\/raum-blick.de\/magazin\/wp-content\/uploads\/2017\/02\/radius-design-Letterman-Standing-Ovation-2-Paketkasten-150x150.jpg 150w, https:\/\/raum-blick.de\/magazin\/wp-content\/uploads\/2017\/02\/radius-design-Letterman-Standing-Ovation-2-Paketkasten-300x300.jpg 300w\" sizes=\"(max-width: 600px) 100vw, 600px\" \/><\/a><\/p>\n<p style=\"text-align: justify;\">Die Kollektion von Letterman ist nicht nur ausgesprochen schick. Im Sortiment finden sich auch clever konzipierte Modelle, die f\u00fcr die gesicherte Paketablage geeignet sind. Hier finden sich f\u00fcr viele Anspr\u00fcche Briefk\u00e4sten in zahlreichen Farben und mit annehmlichen Funktionen.<\/p>\n<h3><span class=\"ez-toc-section\" id=\"Fussmatten\"><\/span>Fu\u00dfmatten<span class=\"ez-toc-section-end\"><\/span><\/h3>\n<p style=\"text-align: justify;\">Auf eine Fu\u00dfmatte werden Sie nicht verzichten. Die Marke <a href=\"https:\/\/www.raum-blick.de\/salonloewe\/\">Salonl\u00f6we<\/a> hat ausgefallene Varianten mit fr\u00f6hlichen Motiven, kessen Spr\u00fcchen oder modernen Dessins in petto, die zur schicken Vorgartengestaltung passen.<\/p>\n<p style=\"text-align: justify;\"><img loading=\"lazy\" decoding=\"async\" class=\"aligncenter wp-image-2191 size-full\" title=\"Salonl\u00f6we Willkommen Fuchs | Fu\u00dfmatte f\u00fcr drinnen und drau\u00dfen\" src=\"https:\/\/www.raum-blick.de\/magazin\/wp-content\/uploads\/2017\/02\/Salonl\u00f6we-Willkommen-Fuchs-Fu\u00dfmatte-f\u00fcr-drinnen-und-drau\u00dfen.jpg\" alt=\"Salonl\u00f6we Willkommen Fuchs Fu\u00dfmatte f\u00fcr drinnen und drau\u00dfen\" width=\"600\" height=\"600\" srcset=\"https:\/\/raum-blick.de\/magazin\/wp-content\/uploads\/2017\/02\/Salonl\u00f6we-Willkommen-Fuchs-Fu\u00dfmatte-f\u00fcr-drinnen-und-drau\u00dfen.jpg 600w, https:\/\/raum-blick.de\/magazin\/wp-content\/uploads\/2017\/02\/Salonl\u00f6we-Willkommen-Fuchs-Fu\u00dfmatte-f\u00fcr-drinnen-und-drau\u00dfen-150x150.jpg 150w, https:\/\/raum-blick.de\/magazin\/wp-content\/uploads\/2017\/02\/Salonl\u00f6we-Willkommen-Fuchs-Fu\u00dfmatte-f\u00fcr-drinnen-und-drau\u00dfen-300x300.jpg 300w\" sizes=\"(max-width: 600px) 100vw, 600px\" \/><\/p>\n<p style=\"text-align: justify;\">Generell ist es wichtig, dass Sie bei der Gartendeko eine schl\u00fcssige Linie bewahren. Deshalb sollten Sie die Architektur, den Charakter der Inneneinrichtung und ihre pers\u00f6nlichen Vorlieben ber\u00fccksichtigen, wenn Sie den Vorgarten gestalten.<\/p>\n<p style=\"text-align: justify;\"><img loading=\"lazy\" decoding=\"async\" class=\"aligncenter wp-image-2189 size-full\" title=\"Salonl\u00f6we Gria\u00df di! | Fu\u00dfmatte f\u00fcr drinnen und drau\u00dfen\" src=\"https:\/\/www.raum-blick.de\/magazin\/wp-content\/uploads\/2017\/02\/Salonl\u00f6we-Gria\u00df-di-Fu\u00dfmatte-f\u00fcr-drinnen-und-drau\u00dfen.jpg\" alt=\"Salonl\u00f6we Gria\u00df di Fu\u00dfmatte f\u00fcr drinnen und drau\u00dfen\" width=\"600\" height=\"600\" srcset=\"https:\/\/raum-blick.de\/magazin\/wp-content\/uploads\/2017\/02\/Salonl\u00f6we-Gria\u00df-di-Fu\u00dfmatte-f\u00fcr-drinnen-und-drau\u00dfen.jpg 600w, https:\/\/raum-blick.de\/magazin\/wp-content\/uploads\/2017\/02\/Salonl\u00f6we-Gria\u00df-di-Fu\u00dfmatte-f\u00fcr-drinnen-und-drau\u00dfen-150x150.jpg 150w, https:\/\/raum-blick.de\/magazin\/wp-content\/uploads\/2017\/02\/Salonl\u00f6we-Gria\u00df-di-Fu\u00dfmatte-f\u00fcr-drinnen-und-drau\u00dfen-300x300.jpg 300w\" sizes=\"(max-width: 600px) 100vw, 600px\" \/><\/p>\n<p style=\"text-align: justify;\">Schlie\u00dflich wirkt die Visitenkarte vor der Haust\u00fcr erst dann stilecht, wenn der erste Eindruck vom Ambiente und der Lebensart nach dem Eintreten best\u00e4tigt wird.<\/p>\n<h2><span class=\"ez-toc-section\" id=\"Bluehende_Highlights_und_liebenswuerdige_Extras_machen_den_Vorgarten_aus\"><\/span>Bl\u00fchende Highlights und liebensw\u00fcrdige Extras machen den Vorgarten aus<span class=\"ez-toc-section-end\"><\/span><\/h2>\n<p style=\"text-align: justify;\">Halten Sie beim dekorativen Feinschliff an dem Konzept fest, Sinnvolles durch au\u00dfergew\u00f6hnliche Designs aufzuwerten. In jeglicher Hinsicht belebt und bereichert beispielsweise ein Vogelhaus, wie es von radius design entworfen wurde.<\/p>\n<p style=\"text-align: justify;\"><img loading=\"lazy\" decoding=\"async\" class=\"aligncenter wp-image-1802 size-full\" title=\"radius design Piep Show XXL | Vogelhaus\" src=\"https:\/\/www.raum-blick.de\/magazin\/wp-content\/uploads\/2016\/12\/radius-design-Piep-Show-XXL-Vogelhaus.jpg\" alt=\"radius design Piep Show XXL Vogelhaus\" width=\"600\" height=\"550\" srcset=\"https:\/\/raum-blick.de\/magazin\/wp-content\/uploads\/2016\/12\/radius-design-Piep-Show-XXL-Vogelhaus.jpg 600w, https:\/\/raum-blick.de\/magazin\/wp-content\/uploads\/2016\/12\/radius-design-Piep-Show-XXL-Vogelhaus-300x275.jpg 300w\" sizes=\"(max-width: 600px) 100vw, 600px\" \/><\/p>\n<p style=\"text-align: justify;\">\u00c4hnlich attraktiv sind hochwertige Vogeltr\u00e4nken oder Sitzgelegenheiten der Marke. Sie zeigen, dass Sie beim Gestalten nicht nur an sich selbst gedacht haben.<\/p>\n<p style=\"text-align: justify;\"><img loading=\"lazy\" decoding=\"async\" class=\"aligncenter wp-image-2211 size-full\" title=\"Weish\u00e4upl RION | Sessel\" src=\"https:\/\/www.raum-blick.de\/magazin\/wp-content\/uploads\/2017\/02\/Weish\u00e4upl-RION-Sessel.jpg\" alt=\"Weish\u00e4upl RION Sessel\" width=\"600\" height=\"600\" srcset=\"https:\/\/raum-blick.de\/magazin\/wp-content\/uploads\/2017\/02\/Weish\u00e4upl-RION-Sessel.jpg 600w, https:\/\/raum-blick.de\/magazin\/wp-content\/uploads\/2017\/02\/Weish\u00e4upl-RION-Sessel-150x150.jpg 150w, https:\/\/raum-blick.de\/magazin\/wp-content\/uploads\/2017\/02\/Weish\u00e4upl-RION-Sessel-300x300.jpg 300w\" sizes=\"(max-width: 600px) 100vw, 600px\" \/><\/p>\n<p style=\"text-align: justify;\">Eine unkonventionelle und flexible Alternative zur Gartenbank sind Hocker f\u00fcr den Au\u00dfenbereich im puristischen Design oder in kr\u00e4ftigen Farben. Dieses erg\u00e4nzende Equipment ist bei einer kurzen Verschnaufpause, einem kleinen Plausch mit den Nachbarn oder zum Abstellen von Einkaufstaschen angenehm.<\/p>\n<p style=\"text-align: justify;\"><img loading=\"lazy\" decoding=\"async\" class=\"aligncenter wp-image-2200 size-full\" title=\"Korbo Planting Bag | Pflanzsack f\u00fcr Drahtk\u00f6rbe\" src=\"https:\/\/www.raum-blick.de\/magazin\/wp-content\/uploads\/2017\/02\/Korbo-Planting-Bag-Pflanzsack-f\u00fcr-Drahtk\u00f6rbe.jpg\" alt=\"Korbo Planting Bag Pflanzsack f\u00fcr Drahtk\u00f6rbe\" width=\"600\" height=\"600\" srcset=\"https:\/\/raum-blick.de\/magazin\/wp-content\/uploads\/2017\/02\/Korbo-Planting-Bag-Pflanzsack-f\u00fcr-Drahtk\u00f6rbe.jpg 600w, https:\/\/raum-blick.de\/magazin\/wp-content\/uploads\/2017\/02\/Korbo-Planting-Bag-Pflanzsack-f\u00fcr-Drahtk\u00f6rbe-150x150.jpg 150w, https:\/\/raum-blick.de\/magazin\/wp-content\/uploads\/2017\/02\/Korbo-Planting-Bag-Pflanzsack-f\u00fcr-Drahtk\u00f6rbe-300x300.jpg 300w\" sizes=\"(max-width: 600px) 100vw, 600px\" \/><\/p>\n<p style=\"text-align: justify;\">Die Beratung beim G\u00e4rtner m\u00fcndet meist in dem Rat, die Anlage vor dem Haus mit immergr\u00fcnen Pflanzen, Str\u00e4uchern oder B\u00e4umen zu gestalten. So gen\u00fcgt es, passend zur Saison wenige bl\u00fchende Highlights zu integrieren. Diese nat\u00fcrliche Dekoration kommt in erh\u00f6hten Pflanzgef\u00e4\u00dfen besonders gut zur Geltung, die mit ihrem formsch\u00f6nen Design zugleich den Vorgarten gestalten.<\/p>\n","protected":false},"excerpt":{"rendered":"<p>\u00ab Die Visitenkarte Ihres Hauses \u00bb Beim Blick auf den Vorgarten w\u00fcrdigen Passanten den Sinn f\u00fcr Stil, f\u00fchlen sich G\u00e4ste herzlich willkommen und freuen sich auf die angenehme Atmosph\u00e4re bei Ihnen daheim. Damit das Setting zu F\u00fc\u00dfen der Haust\u00fcr derart positive Emotionen weckt, ist ein durchdachtes Arrangement gefragt. Abgerundet wird die einladende und repr\u00e4sentative Anlage [&hellip;]<\/p>\n","protected":false},"author":4,"featured_media":2195,"comment_status":"closed","ping_status":"open","sticky":false,"template":"","format":"standard","meta":{"_et_pb_use_builder":"","_et_pb_old_content":"","_et_gb_content_width":"","inline_featured_image":false,"footnotes":""},"categories":[6],"tags":[283,18,161,115,280,281,93,279,57,284,50,231,38,162,58,282,228,278,63,148],"class_list":["post-2169","post","type-post","status-publish","format-standard","has-post-thumbnail","hentry","category-draussen","tag-design-briefkasten","tag-eva-solo","tag-fussmatten","tag-korbo","tag-lampen","tag-letterman","tag-menu","tag-oellampe","tag-outdoor","tag-paketkasten","tag-pflanzsaecke","tag-piep-show","tag-radius-design","tag-salonloewe","tag-sitzmoebel","tag-standbriefkaesten","tag-vogelhaeuschen","tag-vorgarten","tag-weishaeupl","tag-windlichter"],"_links":{"self":[{"href":"https:\/\/raum-blick.de\/magazin\/wp-json\/wp\/v2\/posts\/2169","targetHints":{"allow":["GET"]}}],"collection":[{"href":"https:\/\/raum-blick.de\/magazin\/wp-json\/wp\/v2\/posts"}],"about":[{"href":"https:\/\/raum-blick.de\/magazin\/wp-json\/wp\/v2\/types\/post"}],"author":[{"embeddable":true,"href":"https:\/\/raum-blick.de\/magazin\/wp-json\/wp\/v2\/users\/4"}],"replies":[{"embeddable":true,"href":"https:\/\/raum-blick.de\/magazin\/wp-json\/wp\/v2\/comments?post=2169"}],"version-history":[{"count":43,"href":"https:\/\/raum-blick.de\/magazin\/wp-json\/wp\/v2\/posts\/2169\/revisions"}],"predecessor-version":[{"id":9089,"href":"https:\/\/raum-blick.de\/magazin\/wp-json\/wp\/v2\/posts\/2169\/revisions\/9089"}],"wp:featuredmedia":[{"embeddable":true,"href":"https:\/\/raum-blick.de\/magazin\/wp-json\/wp\/v2\/media\/2195"}],"wp:attachment":[{"href":"https:\/\/raum-blick.de\/magazin\/wp-json\/wp\/v2\/media?parent=2169"}],"wp:term":[{"taxonomy":"category","embeddable":true,"href":"https:\/\/raum-blick.de\/magazin\/wp-json\/wp\/v2\/categories?post=2169"},{"taxonomy":"post_tag","embeddable":true,"href":"https:\/\/raum-blick.de\/magazin\/wp-json\/wp\/v2\/tags?post=2169"}],"curies":[{"name":"wp","href":"https:\/\/api.w.org\/{rel}","templated":true}]}}