{"id":21673,"date":"2025-07-01T08:53:00","date_gmt":"2025-07-01T06:53:00","guid":{"rendered":"https:\/\/www.raum-blick.de\/magazin\/?p=21673"},"modified":"2025-06-29T14:32:04","modified_gmt":"2025-06-29T12:32:04","slug":"gartenmoebel-materialien-6-heisse-anwaerter-fuer-die-outdoor-saison","status":"publish","type":"post","link":"https:\/\/raum-blick.de\/magazin\/gartenmoebel-materialien-6-heisse-anwaerter-fuer-die-outdoor-saison\/","title":{"rendered":"Gartenm\u00f6bel Materialien: 6 hei\u00dfe Anw\u00e4rter f\u00fcr die Outdoor-Saison"},"content":{"rendered":"\n<h2 class=\"wp-block-heading\"><span class=\"ez-toc-section\" id=\"%C2%AB_Wetterfest_wohnlich_und_langlebig_%C2%BB\"><\/span>\u00ab Wetterfest, wohnlich und langlebig \u00bb<span class=\"ez-toc-section-end\"><\/span><\/h2>\n\n\n\n<p><strong>Im Sommer m\u00f6chten wir so viel und so lange es geht drau\u00dfen sein. Da braucht es komfortable, funktionale und coole M\u00f6bel f\u00fcr Terrasse, Balkon und Garten. Und nat\u00fcrlich ein wetterfestes, pflegeleichtes Material. Holz, Metall oder doch lieber Kunststoff? Gartenm\u00f6bel Materialien gibt es viele und jedes hat seine Besonderheiten. Letztlich ist Ihr Geschmack ausschlaggebend und dass die M\u00f6bel stilistisch zum Rest des Gartens passen. Unsere kleine Materialkunde mit Pflege-Tipps macht Ihnen die Entscheidung vielleicht ein wenig leichter. <\/strong><\/p>\n\n\n\n<figure class=\"wp-block-image size-full is-resized\"><a href=\"https:\/\/www.raum-blick.de\/fatboy-paletti\/\"><img loading=\"lazy\" decoding=\"async\" src=\"https:\/\/www.raum-blick.de\/magazin\/wp-content\/uploads\/2022\/05\/fatboy-paletti-mist.jpg\" alt=\"Das modulare Fatboy Paletti-System in hellem Beige. Hier \u00fcber Eck. Genutzt werden Stahl und Polypropylen als Gartenm\u00f6bel Materialien.\" class=\"wp-image-15997\" width=\"841\" height=\"841\" title=\"\" srcset=\"https:\/\/raum-blick.de\/magazin\/wp-content\/uploads\/2022\/05\/fatboy-paletti-mist.jpg 700w, https:\/\/raum-blick.de\/magazin\/wp-content\/uploads\/2022\/05\/fatboy-paletti-mist-300x300.jpg 300w, https:\/\/raum-blick.de\/magazin\/wp-content\/uploads\/2022\/05\/fatboy-paletti-mist-150x150.jpg 150w\" sizes=\"(max-width: 841px) 100vw, 841px\" \/><\/a><figcaption class=\"wp-element-caption\"><em>Chilliges Lounge-Feeling mit der <strong>modularen Fatboy Paletti-Kollektion. <\/strong>Aus pulverbeschichtetem Stahl und recyceltem Polypropylen. Ein echtes Nachhaltigkeits-Statement.<\/em><\/figcaption><\/figure>\n\n\n\n<hr class=\"wp-block-separator has-alpha-channel-opacity\"\/>\n\n\n\n<h2 class=\"wp-block-heading\"><span class=\"ez-toc-section\" id=\"Welche_Gartenmoebel_Materialien_gibt_es_Eine_kleine_Uebersicht\"><\/span>Welche Gartenm\u00f6bel Materialien gibt es? Eine kleine \u00dcbersicht.<span class=\"ez-toc-section-end\"><\/span><\/h2>\n\n\n\n<p>Klima, Nutzungsverhalten, Designvorlieben und Pflegeaufwand \u2013 all das spielt eine Rolle bei der Entscheidungsfindung. Hier sind die wichtigsten Gartenm\u00f6bel Materialien im Kurzportr\u00e4t:<\/p><div id=\"ez-toc-container\" class=\"ez-toc-v2_0_82_2 counter-hierarchy ez-toc-counter ez-toc-grey ez-toc-container-direction\">\n<div class=\"ez-toc-title-container\">\n<p class=\"ez-toc-title\" style=\"cursor:inherit\">Was hier auf Sie wartet<\/p>\n<span class=\"ez-toc-title-toggle\"><a href=\"#\" class=\"ez-toc-pull-right ez-toc-btn ez-toc-btn-xs ez-toc-btn-default ez-toc-toggle\" aria-label=\"Toggle Table of Content\"><span class=\"ez-toc-js-icon-con\"><span class=\"\"><span class=\"eztoc-hide\" style=\"display:none;\">Toggle<\/span><span class=\"ez-toc-icon-toggle-span\"><svg style=\"fill: #999;color:#999\" xmlns=\"http:\/\/www.w3.org\/2000\/svg\" class=\"list-377408\" width=\"20px\" height=\"20px\" viewBox=\"0 0 24 24\" fill=\"none\"><path d=\"M6 6H4v2h2V6zm14 0H8v2h12V6zM4 11h2v2H4v-2zm16 0H8v2h12v-2zM4 16h2v2H4v-2zm16 0H8v2h12v-2z\" fill=\"currentColor\"><\/path><\/svg><svg style=\"fill: #999;color:#999\" class=\"arrow-unsorted-368013\" xmlns=\"http:\/\/www.w3.org\/2000\/svg\" width=\"10px\" height=\"10px\" viewBox=\"0 0 24 24\" version=\"1.2\" baseProfile=\"tiny\"><path d=\"M18.2 9.3l-6.2-6.3-6.2 6.3c-.2.2-.3.4-.3.7s.1.5.3.7c.2.2.4.3.7.3h11c.3 0 .5-.1.7-.3.2-.2.3-.5.3-.7s-.1-.5-.3-.7zM5.8 14.7l6.2 6.3 6.2-6.3c.2-.2.3-.5.3-.7s-.1-.5-.3-.7c-.2-.2-.4-.3-.7-.3h-11c-.3 0-.5.1-.7.3-.2.2-.3.5-.3.7s.1.5.3.7z\"\/><\/svg><\/span><\/span><\/span><\/a><\/span><\/div>\n<nav><ul class='ez-toc-list ez-toc-list-level-1 ' ><li class='ez-toc-page-1 ez-toc-heading-level-2'><a class=\"ez-toc-link ez-toc-heading-1\" href=\"https:\/\/raum-blick.de\/magazin\/gartenmoebel-materialien-6-heisse-anwaerter-fuer-die-outdoor-saison\/#%C2%AB_Wetterfest_wohnlich_und_langlebig_%C2%BB\" >\u00ab Wetterfest, wohnlich und langlebig \u00bb<\/a><\/li><li class='ez-toc-page-1 ez-toc-heading-level-2'><a class=\"ez-toc-link ez-toc-heading-2\" href=\"https:\/\/raum-blick.de\/magazin\/gartenmoebel-materialien-6-heisse-anwaerter-fuer-die-outdoor-saison\/#Welche_Gartenmoebel_Materialien_gibt_es_Eine_kleine_Uebersicht\" >Welche Gartenm\u00f6bel Materialien gibt es? Eine kleine \u00dcbersicht.<\/a><ul class='ez-toc-list-level-3' ><li class='ez-toc-heading-level-3'><a class=\"ez-toc-link ez-toc-heading-3\" href=\"https:\/\/raum-blick.de\/magazin\/gartenmoebel-materialien-6-heisse-anwaerter-fuer-die-outdoor-saison\/#1_Holz\" >1. Holz<\/a><\/li><li class='ez-toc-page-1 ez-toc-heading-level-3'><a class=\"ez-toc-link ez-toc-heading-4\" href=\"https:\/\/raum-blick.de\/magazin\/gartenmoebel-materialien-6-heisse-anwaerter-fuer-die-outdoor-saison\/#Welches_Oel_ist_das_beste_fuer_Teakholz\" >Welches \u00d6l ist das beste f\u00fcr Teakholz?<\/a><\/li><li class='ez-toc-page-1 ez-toc-heading-level-3'><a class=\"ez-toc-link ez-toc-heading-5\" href=\"https:\/\/raum-blick.de\/magazin\/gartenmoebel-materialien-6-heisse-anwaerter-fuer-die-outdoor-saison\/#Wie_entferne_ich_graue_Patina_von_Teakholz\" >Wie entferne ich graue Patina von Teakholz?<\/a><\/li><li class='ez-toc-page-1 ez-toc-heading-level-3'><a class=\"ez-toc-link ez-toc-heading-6\" href=\"https:\/\/raum-blick.de\/magazin\/gartenmoebel-materialien-6-heisse-anwaerter-fuer-die-outdoor-saison\/#2_Aluminium_ist_besonders_beliebt_unter_den_Gartenmoebel_Materialien\" >2. Aluminium ist besonders beliebt unter den Gartenm\u00f6bel Materialien<\/a><\/li><li class='ez-toc-page-1 ez-toc-heading-level-3'><a class=\"ez-toc-link ez-toc-heading-7\" href=\"https:\/\/raum-blick.de\/magazin\/gartenmoebel-materialien-6-heisse-anwaerter-fuer-die-outdoor-saison\/#3_Stahl\" >3. Stahl<\/a><\/li><li class='ez-toc-page-1 ez-toc-heading-level-3'><a class=\"ez-toc-link ez-toc-heading-8\" href=\"https:\/\/raum-blick.de\/magazin\/gartenmoebel-materialien-6-heisse-anwaerter-fuer-die-outdoor-saison\/#4_Kunststoff_wird_immer_beliebter_bei_den_Gartenmoebel_Materialien\" >4. Kunststoff wird immer beliebter bei den Gartenm\u00f6bel Materialien<\/a><\/li><li class='ez-toc-page-1 ez-toc-heading-level-3'><a class=\"ez-toc-link ez-toc-heading-9\" href=\"https:\/\/raum-blick.de\/magazin\/gartenmoebel-materialien-6-heisse-anwaerter-fuer-die-outdoor-saison\/#5_Gusseisen\" >5. Gusseisen<\/a><\/li><li class='ez-toc-page-1 ez-toc-heading-level-3'><a class=\"ez-toc-link ez-toc-heading-10\" href=\"https:\/\/raum-blick.de\/magazin\/gartenmoebel-materialien-6-heisse-anwaerter-fuer-die-outdoor-saison\/#6_Polyrattan\" >6. Polyrattan<\/a><\/li><li class='ez-toc-page-1 ez-toc-heading-level-3'><a class=\"ez-toc-link ez-toc-heading-11\" href=\"https:\/\/raum-blick.de\/magazin\/gartenmoebel-materialien-6-heisse-anwaerter-fuer-die-outdoor-saison\/#Wie_lange_halten_Gartenmoebel_aus_Polyrattan\" >Wie lange halten Gartenm\u00f6bel aus Polyrattan?<\/a><\/li><li class='ez-toc-page-1 ez-toc-heading-level-3'><a class=\"ez-toc-link ez-toc-heading-12\" href=\"https:\/\/raum-blick.de\/magazin\/gartenmoebel-materialien-6-heisse-anwaerter-fuer-die-outdoor-saison\/#Welche_Gartenmoebel_Materialien_halten_am_laengsten\" >Welche Gartenm\u00f6bel Materialien halten am l\u00e4ngsten?<\/a><\/li><li class='ez-toc-page-1 ez-toc-heading-level-3'><a class=\"ez-toc-link ez-toc-heading-13\" href=\"https:\/\/raum-blick.de\/magazin\/gartenmoebel-materialien-6-heisse-anwaerter-fuer-die-outdoor-saison\/#Welche_Gartenmoebel_koennen_immer_draussen_stehen\" >Welche Gartenm\u00f6bel k\u00f6nnen immer drau\u00dfen stehen?<\/a><\/li><li class='ez-toc-page-1 ez-toc-heading-level-3'><a class=\"ez-toc-link ez-toc-heading-14\" href=\"https:\/\/raum-blick.de\/magazin\/gartenmoebel-materialien-6-heisse-anwaerter-fuer-die-outdoor-saison\/#Fazit_Es_gibt_fuer_jeden_Gartentyp_das_Richtige_unter_den_Gartenmoebel_Materialien\" >Fazit: Es gibt f\u00fcr jeden Gartentyp das Richtige unter den Gartenm\u00f6bel Materialien<\/a><\/li><\/ul><\/li><\/ul><\/nav><\/div>\n\n\n\n\n<h3 class=\"wp-block-heading\"><span class=\"ez-toc-section\" id=\"1_Holz\"><\/span>1. Holz <span class=\"ez-toc-section-end\"><\/span><\/h3>\n\n\n\n<p>Teak, Eukalyptus oder Akazie verleihen Ihrem Garten eine warme, nat\u00fcrliche Note und machen ihn so richtig gem\u00fctlich. Ob klassisch-braun oder mit silbrig-grauer Patina. Teakholz ist dabei der absolute K\u00f6nig unter den H\u00f6lzern: robust, edel und dank nat\u00fcrlicher \u00d6le wind- und wetterfest. Allerdings auch nicht ganz billig, nicht unbedingt leicht und alles andere als ein pflegefreier Dauerbrenner. Ohne zu \u00f6len, zeigt sich hier ganz schnell die silbergraue Patina. Wenn Sie die lieben, lassen Sie das Teak einfach altern \u2013 ganz ohne schlechtes Gewissen. <strong>Wichtig: <\/strong>Ihr neuer Teak-Liebling sollte FSC-zertifiziert sein.<\/p>\n\n\n\n<p><strong>Pflege: <\/strong>\u00d6len, \u00f6len und noch mal \u00f6len, dann bleibt ihr Holzm\u00f6bel so honigbraun wie am ersten Tag. Es gibt spezielle Holz\u00f6le und Teakholzsprays. Am besten im Fr\u00fchjahr, Fr\u00fchsommer und im Herbst verwenden. Im Winter m\u00f6gen es Holzm\u00f6bel gerne \u00fcberdacht oder mit einer Plane abgedeckt zu sein.<\/p>\n\n\n\n<p><strong>raum-blick Tipp: <\/strong>Wenn Sie den Patina Look lieben, reiben Sie das Holz einmal im Jahr mit der rauen Seite eines Topfreinigers und warmem Wasser ab. Ansonsten die Patina einfach abschleifen oder mit Teakreiniger behandeln. Und schon kommt die urspr\u00fcngliche Farbe wieder zum Vorschein. \u00dcbrigens: Solange Sie Essensreste und Glasr\u00e4nder entfernen k\u00f6nnen, braucht Ihr Holz noch keine Pflege.<\/p>\n\n\n\n<figure class=\"wp-block-gallery has-nested-images columns-default is-cropped wp-block-gallery-2 is-layout-flex wp-block-gallery-is-layout-flex\">\n<figure class=\"wp-block-image size-large\"><a href=\"https:\/\/www.raum-blick.de\/ethnicraft-bok-stuhl-fuer-draussen-teak\"><img loading=\"lazy\" decoding=\"async\" width=\"1024\" height=\"1024\" data-id=\"21686\" src=\"https:\/\/www.raum-blick.de\/magazin\/wp-content\/uploads\/2025\/05\/ethnicraft-bok-stuhl-fuer-draussen-freisteller_90885-1024x1024.jpg\" alt=\"Der minimalistische Bok Stuhl von Ethnicraft. Aus einem der beliebtesten Gartenm\u00f6bel Materialien: Teakholz.\" class=\"wp-image-21686\" title=\"\" srcset=\"https:\/\/raum-blick.de\/magazin\/wp-content\/uploads\/2025\/05\/ethnicraft-bok-stuhl-fuer-draussen-freisteller_90885-1024x1024.jpg 1024w, https:\/\/raum-blick.de\/magazin\/wp-content\/uploads\/2025\/05\/ethnicraft-bok-stuhl-fuer-draussen-freisteller_90885-300x300.jpg 300w, https:\/\/raum-blick.de\/magazin\/wp-content\/uploads\/2025\/05\/ethnicraft-bok-stuhl-fuer-draussen-freisteller_90885-150x150.jpg 150w, https:\/\/raum-blick.de\/magazin\/wp-content\/uploads\/2025\/05\/ethnicraft-bok-stuhl-fuer-draussen-freisteller_90885-768x768.jpg 768w, https:\/\/raum-blick.de\/magazin\/wp-content\/uploads\/2025\/05\/ethnicraft-bok-stuhl-fuer-draussen-freisteller_90885.jpg 1500w\" sizes=\"(max-width: 1024px) 100vw, 1024px\" \/><\/a><\/figure>\n\n\n\n<figure class=\"wp-block-image size-large\"><a href=\"https:\/\/www.raum-blick.de\/ethnicraft-jack-loungesessel-outdoor-1-sitzer\"><img loading=\"lazy\" decoding=\"async\" width=\"1024\" height=\"1024\" data-id=\"21681\" src=\"https:\/\/www.raum-blick.de\/magazin\/wp-content\/uploads\/2025\/05\/ethnicraft-stoff-1250-natural-jack-gartensessel-1-sitzer-freisteller-vorne_85585-1024x1024.jpg\" alt=\"Der bequeme  Jack Loungs-Sessel von Ethnicraft mit Teakholzrahmen. \" class=\"wp-image-21681\" title=\"\" srcset=\"https:\/\/raum-blick.de\/magazin\/wp-content\/uploads\/2025\/05\/ethnicraft-stoff-1250-natural-jack-gartensessel-1-sitzer-freisteller-vorne_85585-1024x1024.jpg 1024w, https:\/\/raum-blick.de\/magazin\/wp-content\/uploads\/2025\/05\/ethnicraft-stoff-1250-natural-jack-gartensessel-1-sitzer-freisteller-vorne_85585-300x300.jpg 300w, https:\/\/raum-blick.de\/magazin\/wp-content\/uploads\/2025\/05\/ethnicraft-stoff-1250-natural-jack-gartensessel-1-sitzer-freisteller-vorne_85585-150x150.jpg 150w, https:\/\/raum-blick.de\/magazin\/wp-content\/uploads\/2025\/05\/ethnicraft-stoff-1250-natural-jack-gartensessel-1-sitzer-freisteller-vorne_85585-768x768.jpg 768w, https:\/\/raum-blick.de\/magazin\/wp-content\/uploads\/2025\/05\/ethnicraft-stoff-1250-natural-jack-gartensessel-1-sitzer-freisteller-vorne_85585.jpg 1080w\" sizes=\"(max-width: 1024px) 100vw, 1024px\" \/><\/a><\/figure>\n\n\n\n<figure class=\"wp-block-image size-large\"><a href=\"https:\/\/www.raum-blick.de\/ethnicraft-jack-outdoorstuhl-teak\"><img loading=\"lazy\" decoding=\"async\" width=\"1024\" height=\"1024\" data-id=\"21684\" src=\"https:\/\/www.raum-blick.de\/magazin\/wp-content\/uploads\/2025\/05\/ethnicraft-jack-outdoorstuhl-10371_98842-1024x1024.jpg\" alt=\"Der elegante Jack Outdoor-Stuhl ist drinnen wie drau\u00dfenl ein sch\u00f6ner Blickfang. Korpus aus Teakholz, eines DER Gartenm\u00f6bel Materialien. \" class=\"wp-image-21684\" title=\"\" srcset=\"https:\/\/raum-blick.de\/magazin\/wp-content\/uploads\/2025\/05\/ethnicraft-jack-outdoorstuhl-10371_98842-1024x1024.jpg 1024w, https:\/\/raum-blick.de\/magazin\/wp-content\/uploads\/2025\/05\/ethnicraft-jack-outdoorstuhl-10371_98842-300x300.jpg 300w, https:\/\/raum-blick.de\/magazin\/wp-content\/uploads\/2025\/05\/ethnicraft-jack-outdoorstuhl-10371_98842-150x150.jpg 150w, https:\/\/raum-blick.de\/magazin\/wp-content\/uploads\/2025\/05\/ethnicraft-jack-outdoorstuhl-10371_98842-768x768.jpg 768w, https:\/\/raum-blick.de\/magazin\/wp-content\/uploads\/2025\/05\/ethnicraft-jack-outdoorstuhl-10371_98842.jpg 1500w\" sizes=\"(max-width: 1024px) 100vw, 1024px\" \/><\/a><\/figure>\n<figcaption class=\"blocks-gallery-caption wp-element-caption\">Teak-Lieblinge vom<strong> <a href=\"https:\/\/www.raum-blick.de\/ethnicraft-stuehle\/\">belgischen Label Ethnicraft <\/a><\/strong>f\u00fcr Lounge-Luxus unter freiem Himmel: der minimalistische <strong>Bok Stuhl <\/strong>(links), der&nbsp;zeitlose <strong>Jack Lounge-Sessel <\/strong>(Mitte) und der formsch\u00f6ne <strong>Jack Outdoor-Stuhl<\/strong> (rechts).<\/figcaption><\/figure>\n\n\n\n<figure class=\"wp-block-gallery has-nested-images columns-default is-cropped wp-block-gallery-3 is-layout-flex wp-block-gallery-is-layout-flex\">\n<figure class=\"wp-block-image size-large\"><a href=\"https:\/\/www.raum-blick.de\/cane-line-choice-sessel-teak\"><img loading=\"lazy\" decoding=\"async\" width=\"1024\" height=\"1024\" data-id=\"21746\" src=\"https:\/\/www.raum-blick.de\/magazin\/wp-content\/uploads\/2025\/05\/choice-sessel-teak-mit-verschiedenen-schalen-cane-line_98628-1024x1024.jpg\" alt=\"Cane-line Choice Stuhl mit Teakholzbeinen mal vier. In hellem Grau, dunklem Gr\u00fcn, Dunkelblau und Wei\u00df.\" class=\"wp-image-21746\" title=\"\" srcset=\"https:\/\/raum-blick.de\/magazin\/wp-content\/uploads\/2025\/05\/choice-sessel-teak-mit-verschiedenen-schalen-cane-line_98628-1024x1024.jpg 1024w, https:\/\/raum-blick.de\/magazin\/wp-content\/uploads\/2025\/05\/choice-sessel-teak-mit-verschiedenen-schalen-cane-line_98628-300x300.jpg 300w, https:\/\/raum-blick.de\/magazin\/wp-content\/uploads\/2025\/05\/choice-sessel-teak-mit-verschiedenen-schalen-cane-line_98628-150x150.jpg 150w, https:\/\/raum-blick.de\/magazin\/wp-content\/uploads\/2025\/05\/choice-sessel-teak-mit-verschiedenen-schalen-cane-line_98628-768x768.jpg 768w, https:\/\/raum-blick.de\/magazin\/wp-content\/uploads\/2025\/05\/choice-sessel-teak-mit-verschiedenen-schalen-cane-line_98628.jpg 1500w\" sizes=\"(max-width: 1024px) 100vw, 1024px\" \/><\/a><\/figure>\n\n\n\n<figure class=\"wp-block-image size-large\"><a href=\"https:\/\/www.raum-blick.de\/cane-line-choice-sessel-teak\"><img loading=\"lazy\" decoding=\"async\" width=\"1024\" height=\"1024\" data-id=\"21747\" src=\"https:\/\/www.raum-blick.de\/magazin\/wp-content\/uploads\/2025\/05\/cane-line-choice-sessel-taupe-gruen-54500PPDGR-54504T_98635-1024x1024.jpg\" alt=\"Cane-line Choice Stuhl mit dunkelgr\u00fcner Sitzschale mit Rillen und Beinen aus Teakholz - ein Klassiker der  Gartenm\u00f6bel Materialien. \" class=\"wp-image-21747\" title=\"\" srcset=\"https:\/\/raum-blick.de\/magazin\/wp-content\/uploads\/2025\/05\/cane-line-choice-sessel-taupe-gruen-54500PPDGR-54504T_98635-1024x1024.jpg 1024w, https:\/\/raum-blick.de\/magazin\/wp-content\/uploads\/2025\/05\/cane-line-choice-sessel-taupe-gruen-54500PPDGR-54504T_98635-300x300.jpg 300w, https:\/\/raum-blick.de\/magazin\/wp-content\/uploads\/2025\/05\/cane-line-choice-sessel-taupe-gruen-54500PPDGR-54504T_98635-150x150.jpg 150w, https:\/\/raum-blick.de\/magazin\/wp-content\/uploads\/2025\/05\/cane-line-choice-sessel-taupe-gruen-54500PPDGR-54504T_98635-768x768.jpg 768w, https:\/\/raum-blick.de\/magazin\/wp-content\/uploads\/2025\/05\/cane-line-choice-sessel-taupe-gruen-54500PPDGR-54504T_98635.jpg 1500w\" sizes=\"(max-width: 1024px) 100vw, 1024px\" \/><\/a><\/figure>\n<figcaption class=\"blocks-gallery-caption wp-element-caption\"><em>Beim <\/em><strong><a href=\"https:\/\/www.raum-blick.de\/cane-line-choice-sessel-teak\">chicen <em>Cane-Line Choice <\/em><\/a><\/strong><em>sind nur die vier soliden Stuhlbeine aus Teakholz. Die Sitzschale besteht zu 98 % aus recyceltem Polypropylen. Dank der Rillen ist sie ausgesprochen luftig und ultraflexibel. Das ist Sitzkomfort wie wir ihn lieben &#8211; f\u00fcr drinnen und drau\u00dfen!<\/em><\/figcaption><\/figure>\n\n\n\n<hr class=\"wp-block-separator has-alpha-channel-opacity\"\/>\n\n\n\n<h3 class=\"wp-block-heading\"><span class=\"ez-toc-section\" id=\"Welches_Oel_ist_das_beste_fuer_Teakholz\"><\/span>Welches \u00d6l ist das beste f\u00fcr Teakholz?<span class=\"ez-toc-section-end\"><\/span><\/h3>\n\n\n\n<p>Wenn Sie den goldbraunen Glanz von frischem Teak lieben, kommen Sie ums \u00d6len nicht herum. Gutes <strong>Teakholz\u00f6l<\/strong> sch\u00fctzt nicht nur vor Feuchtigkeit, sondern bringt auch die Maserung sch\u00f6n zur Geltung. Achten Sie auf:<\/p>\n\n\n\n<ul class=\"wp-block-list\">\n<li>Nat\u00fcrliche Inhaltsstoffe<\/li>\n\n\n\n<li>UV-Schutz gegen Ausbleichen<\/li>\n\n\n\n<li>Tropffreie Konsistenz f\u00fcr einfache Anwendung<\/li>\n<\/ul>\n\n\n\n<p>Beliebte Marken:&nbsp;<strong>Osmo<\/strong>,&nbsp;<strong>Bondex<\/strong>&nbsp;oder&nbsp;<strong>Star brite<\/strong>.<\/p>\n\n\n\n<p><strong>Und so geht\u2019s:<\/strong><\/p>\n\n\n\n<ol class=\"wp-block-list\" start=\"1\">\n<li>Reinigen, trocknen lassen<\/li>\n\n\n\n<li>\u00d6l d\u00fcnn auftragen \u2013 mit Pinsel oder Tuch<\/li>\n\n\n\n<li>\u00dcbersch\u00fcsse nach 20 Minuten abwischen<\/li>\n\n\n\n<li>1\u20132 Mal pro Jahr auffrischen \u2013 fertig ist die Holzkur!<\/li>\n<\/ol>\n\n\n\n<hr class=\"wp-block-separator has-alpha-channel-opacity\"\/>\n\n\n\n<h3 class=\"wp-block-heading\"><span class=\"ez-toc-section\" id=\"Wie_entferne_ich_graue_Patina_von_Teakholz\"><\/span>Wie entferne ich graue Patina von Teakholz?<span class=\"ez-toc-section-end\"><\/span><\/h3>\n\n\n\n<p>Keine Angst vor Silber \u2013 aber wenn Sie den Originalton zur\u00fcckhaben m\u00f6chten, helfen diese drei Schritte:<\/p>\n\n\n\n<p><strong>1. Reinigen:<\/strong>&nbsp;mit Teak-Reiniger oder milder Seifenlauge und B\u00fcrste&nbsp;<br><strong>2. Schleifen:<\/strong>&nbsp;mit feinem Schleifpapier (K\u00f6rnung 180) in Faserrichtung&nbsp;<br><strong>3. \u00d6len:<\/strong>&nbsp;frischer Look, frischer Schutz<\/p>\n\n\n\n<p><strong>Extra-Tipp:<\/strong>&nbsp;Bei starker Vergrauung hilft ein spezieller Teakentgrauer \u2013 damit Ihr Holz wieder in Bestform gl\u00e4nzt.<\/p>\n\n\n\n<hr class=\"wp-block-separator has-alpha-channel-opacity\"\/>\n\n\n\n<h3 class=\"wp-block-heading\"><span class=\"ez-toc-section\" id=\"2_Aluminium_ist_besonders_beliebt_unter_den_Gartenmoebel_Materialien\"><\/span>2. Aluminium ist besonders beliebt unter den Gartenm\u00f6bel Materialien<span class=\"ez-toc-section-end\"><\/span><\/h3>\n\n\n\n<p>Leicht wie eine Sommerbrise, rostfrei und stilvoll: Aluminium-Gartenm\u00f6bel sind der Inbegriff moderner Eleganz. Sie trotzen Wind und Wetter \u2013 und das mit fast schwereloser Grazie. Klassiker wie der&nbsp;<strong>Star Armlehnstuhl<\/strong>&nbsp;oder der&nbsp;<strong>Star Gartentisch<\/strong>&nbsp;von emu zeigen, wie schick Ganzjahres-Outdoor-Minimalismus sein kann. Von gem\u00fctlich bis modern geht mit diesen stylischen, pflegeleichten It-Pieces alles. <strong>Wichtig: <\/strong>ein UV resistentes, pulverbeschichtetes  Finish und saubere Schwei\u00dfn\u00e4hte.<\/p>\n\n\n\n<p><strong>Pflege:<\/strong>&nbsp;Wasser und Seife, mehr braucht es hier nicht. Und wenn Sie das Gestell nach der Reinigung einmal im Jahr mit Autowachs behandeln, hat Schmutz auch keine Chance mehr.<\/p>\n\n\n\n<p><strong><strong>raum-blick Tipp<\/strong>:<\/strong>&nbsp;Auf einem Aluminium-Stuhl immer ein Sitzkissen verwenden, denn das Material heizt sich in der Sonne auf. <\/p>\n\n\n\n<figure class=\"wp-block-gallery has-nested-images columns-default is-cropped wp-block-gallery-4 is-layout-flex wp-block-gallery-is-layout-flex\">\n<figure class=\"wp-block-image size-large\"><a href=\"https:\/\/www.raum-blick.de\/emu-star-armlehnstuhl\"><img loading=\"lazy\" decoding=\"async\" width=\"1024\" height=\"1024\" data-id=\"21705\" src=\"https:\/\/www.raum-blick.de\/magazin\/wp-content\/uploads\/2025\/05\/emu-star-sessel-162-62_90999-1024x1024.jpg\" alt=\"Der moderne Star Armlehnstuhl von emu in sonnigem Gelb. Aus einem der leichtesten Gartenm\u00f6bel. Materialien: Aluminium.\" class=\"wp-image-21705\" title=\"\" srcset=\"https:\/\/raum-blick.de\/magazin\/wp-content\/uploads\/2025\/05\/emu-star-sessel-162-62_90999-1024x1024.jpg 1024w, https:\/\/raum-blick.de\/magazin\/wp-content\/uploads\/2025\/05\/emu-star-sessel-162-62_90999-300x300.jpg 300w, https:\/\/raum-blick.de\/magazin\/wp-content\/uploads\/2025\/05\/emu-star-sessel-162-62_90999-150x150.jpg 150w, https:\/\/raum-blick.de\/magazin\/wp-content\/uploads\/2025\/05\/emu-star-sessel-162-62_90999-768x768.jpg 768w, https:\/\/raum-blick.de\/magazin\/wp-content\/uploads\/2025\/05\/emu-star-sessel-162-62_90999.jpg 1200w\" sizes=\"(max-width: 1024px) 100vw, 1024px\" \/><\/a><\/figure>\n\n\n\n<figure class=\"wp-block-image size-large\"><a href=\"https:\/\/www.raum-blick.de\/emu-star-gartentisch-160x90-cm\"><img loading=\"lazy\" decoding=\"async\" width=\"1024\" height=\"1024\" data-id=\"21703\" src=\"https:\/\/www.raum-blick.de\/magazin\/wp-content\/uploads\/2025\/05\/emu-star-tisch-307-62_91070-1024x1024.jpg\" alt=\"Der 160x90 gro\u00dfe emu Star Gartentisch aus Aluminium leuchtet in Curry Gelb. \" class=\"wp-image-21703\" title=\"\" srcset=\"https:\/\/raum-blick.de\/magazin\/wp-content\/uploads\/2025\/05\/emu-star-tisch-307-62_91070-1024x1024.jpg 1024w, https:\/\/raum-blick.de\/magazin\/wp-content\/uploads\/2025\/05\/emu-star-tisch-307-62_91070-300x300.jpg 300w, https:\/\/raum-blick.de\/magazin\/wp-content\/uploads\/2025\/05\/emu-star-tisch-307-62_91070-150x150.jpg 150w, https:\/\/raum-blick.de\/magazin\/wp-content\/uploads\/2025\/05\/emu-star-tisch-307-62_91070-768x768.jpg 768w, https:\/\/raum-blick.de\/magazin\/wp-content\/uploads\/2025\/05\/emu-star-tisch-307-62_91070.jpg 1400w\" sizes=\"(max-width: 1024px) 100vw, 1024px\" \/><\/a><\/figure>\n<figcaption class=\"blocks-gallery-caption wp-element-caption\"><em>Dieses Aluminium-Duo ist schlicht, aber hart im Nehmen. Das italienische Label emu beweist mit den <strong><a href=\"https:\/\/www.raum-blick.de\/emu\/\">schlichten Star-Modellen<\/a><\/strong> einmal mehr sein feines Gesp\u00fcr f\u00fcr modernes Design, Komfort und Funktionalit\u00e4t.<\/em> Alternativ gibt es auch eine Stahlausf\u00fchrung.<\/figcaption><\/figure>\n\n\n\n<figure class=\"wp-block-gallery has-nested-images columns-default is-cropped wp-block-gallery-5 is-layout-flex wp-block-gallery-is-layout-flex\">\n<figure class=\"wp-block-image size-large\"><a href=\"https:\/\/www.raum-blick.de\/cane-line-ocean-stapelsessel\"><img loading=\"lazy\" decoding=\"async\" width=\"1024\" height=\"1024\" data-id=\"21555\" src=\"https:\/\/www.raum-blick.de\/magazin\/wp-content\/uploads\/2025\/03\/cane-line-ocean-sessel-aussenbereich_78384RMd7zIj3lCO8i-1024x1024.jpg\" alt=\"Der salbengr\u00fcne Cane-line Ocean Stuhl im Vierer-Ensemble mit Holztisch. \" class=\"wp-image-21555\" title=\"\" srcset=\"https:\/\/raum-blick.de\/magazin\/wp-content\/uploads\/2025\/03\/cane-line-ocean-sessel-aussenbereich_78384RMd7zIj3lCO8i-1024x1024.jpg 1024w, https:\/\/raum-blick.de\/magazin\/wp-content\/uploads\/2025\/03\/cane-line-ocean-sessel-aussenbereich_78384RMd7zIj3lCO8i-300x300.jpg 300w, https:\/\/raum-blick.de\/magazin\/wp-content\/uploads\/2025\/03\/cane-line-ocean-sessel-aussenbereich_78384RMd7zIj3lCO8i-150x150.jpg 150w, https:\/\/raum-blick.de\/magazin\/wp-content\/uploads\/2025\/03\/cane-line-ocean-sessel-aussenbereich_78384RMd7zIj3lCO8i-768x768.jpg 768w, https:\/\/raum-blick.de\/magazin\/wp-content\/uploads\/2025\/03\/cane-line-ocean-sessel-aussenbereich_78384RMd7zIj3lCO8i.jpg 1080w\" sizes=\"(max-width: 1024px) 100vw, 1024px\" \/><\/a><\/figure>\n\n\n\n<figure class=\"wp-block-image size-large\"><a href=\"https:\/\/www.raum-blick.de\/cane-line-ocean-stapelsessel\"><img loading=\"lazy\" decoding=\"async\" width=\"1024\" height=\"1024\" data-id=\"21553\" src=\"https:\/\/www.raum-blick.de\/magazin\/wp-content\/uploads\/2025\/03\/cane-line-ocean-sessel-stapelbar_78386RI3IDPrfh72Yo-1024x1024.jpg\" alt=\"Gestapelt ist der Case-line Ocean Stuhl platzsparend. Als Materialien gl\u00e4nzen hier Rope und Aluminium. \" class=\"wp-image-21553\" title=\"\" srcset=\"https:\/\/raum-blick.de\/magazin\/wp-content\/uploads\/2025\/03\/cane-line-ocean-sessel-stapelbar_78386RI3IDPrfh72Yo-1024x1024.jpg 1024w, https:\/\/raum-blick.de\/magazin\/wp-content\/uploads\/2025\/03\/cane-line-ocean-sessel-stapelbar_78386RI3IDPrfh72Yo-300x300.jpg 300w, https:\/\/raum-blick.de\/magazin\/wp-content\/uploads\/2025\/03\/cane-line-ocean-sessel-stapelbar_78386RI3IDPrfh72Yo-150x150.jpg 150w, https:\/\/raum-blick.de\/magazin\/wp-content\/uploads\/2025\/03\/cane-line-ocean-sessel-stapelbar_78386RI3IDPrfh72Yo-768x768.jpg 768w, https:\/\/raum-blick.de\/magazin\/wp-content\/uploads\/2025\/03\/cane-line-ocean-sessel-stapelbar_78386RI3IDPrfh72Yo.jpg 1080w\" sizes=\"(max-width: 1024px) 100vw, 1024px\" \/><\/a><\/figure>\n<figcaption class=\"blocks-gallery-caption wp-element-caption\">Auch<em> der&nbsp;<a href=\"https:\/\/www.raum-blick.de\/cane-line-ocean-stapelsessel\"><strong>Cane-line Ocean Stapelstuhl<\/strong>&nbsp;<\/a>reiht sich elegant in die Aluminium-Familie ein. Mit seiner klaren Formensprache, dem leichten Gestell und dem wetterfesten Design ist er wie gemacht f\u00fcr G\u00e4rten, in denen Stil auf Alltagstauglichkeit trifft.<\/em><\/figcaption><\/figure>\n\n\n\n<h3 class=\"wp-block-heading\"><span class=\"ez-toc-section\" id=\"3_Stahl\"><\/span>3. Stahl<span class=\"ez-toc-section-end\"><\/span><\/h3>\n\n\n\n<p>Stahlm\u00f6bel bringen Standfestigkeit und Stil in Einklang. Pulverbeschichtet trotzt der Werkstoff Wind und Wetter, sieht dabei schn\u00f6rkellos sch\u00f6n aus und ist auch nach Jahren noch modern. Besonders beliebt sind schlichte Designs im Industrial-Look \u2013 perfekt f\u00fcr urbane Terrassen oder minimalistische G\u00e4rten. <\/p>\n\n\n\n<p><strong>Pflege:<\/strong>&nbsp;Auf alle F\u00e4lle bitte regelm\u00e4\u00dfig, das verhindert Flugrost. Ein weiches Tuch und ein Tropfen Pflege\u00f6l wirken hier Wunder. Harte B\u00fcrsten und aggressive Reinigungsmittel sind dagegen ein absolutes No-Go.<\/p>\n\n\n\n<p><strong><strong>raum-blick Tipp<\/strong>:<\/strong>&nbsp;Sch\u00fctzen Sie die M\u00f6bel im Winter mit einer wetterfesten Abdeckung.<\/p>\n\n\n\n<figure class=\"wp-block-gallery has-nested-images columns-default is-cropped wp-block-gallery-6 is-layout-flex wp-block-gallery-is-layout-flex\">\n<figure class=\"wp-block-image size-large\"><a href=\"https:\/\/www.raum-blick.de\/cane-line-breeze-outdoorstuhl\"><img loading=\"lazy\" decoding=\"async\" width=\"1024\" height=\"1024\" data-id=\"21676\" src=\"https:\/\/www.raum-blick.de\/magazin\/wp-content\/uploads\/2025\/05\/cane-line-Breeze-stuhh-5467LT_98622-1024x1024.jpg\" alt=\"Oben luftige Netzstruktur, unten ein Stahlgestell. Der elegante Cane-line Breeze Armstuhl \u00fcberzeugt mit zwei Materialien. \" class=\"wp-image-21676\" title=\"\" srcset=\"https:\/\/raum-blick.de\/magazin\/wp-content\/uploads\/2025\/05\/cane-line-Breeze-stuhh-5467LT_98622-1024x1024.jpg 1024w, https:\/\/raum-blick.de\/magazin\/wp-content\/uploads\/2025\/05\/cane-line-Breeze-stuhh-5467LT_98622-300x300.jpg 300w, https:\/\/raum-blick.de\/magazin\/wp-content\/uploads\/2025\/05\/cane-line-Breeze-stuhh-5467LT_98622-150x150.jpg 150w, https:\/\/raum-blick.de\/magazin\/wp-content\/uploads\/2025\/05\/cane-line-Breeze-stuhh-5467LT_98622-768x768.jpg 768w, https:\/\/raum-blick.de\/magazin\/wp-content\/uploads\/2025\/05\/cane-line-Breeze-stuhh-5467LT_98622.jpg 1500w\" sizes=\"(max-width: 1024px) 100vw, 1024px\" \/><\/a><\/figure>\n\n\n\n<figure class=\"wp-block-image size-large\"><a href=\"https:\/\/www.raum-blick.de\/cane-line-breeze-outdoorstuhl\"><img loading=\"lazy\" decoding=\"async\" width=\"1024\" height=\"1024\" data-id=\"21675\" src=\"https:\/\/www.raum-blick.de\/magazin\/wp-content\/uploads\/2025\/05\/cane-line-breeze-serie_98624-1024x1024.jpg\" alt=\"G\u00e4stetafel f\u00fcr acht Personen mit Cane-line Breeze Armstuhl in Wei\u00df. \" class=\"wp-image-21675\" title=\"\" srcset=\"https:\/\/raum-blick.de\/magazin\/wp-content\/uploads\/2025\/05\/cane-line-breeze-serie_98624-1024x1024.jpg 1024w, https:\/\/raum-blick.de\/magazin\/wp-content\/uploads\/2025\/05\/cane-line-breeze-serie_98624-300x300.jpg 300w, https:\/\/raum-blick.de\/magazin\/wp-content\/uploads\/2025\/05\/cane-line-breeze-serie_98624-150x150.jpg 150w, https:\/\/raum-blick.de\/magazin\/wp-content\/uploads\/2025\/05\/cane-line-breeze-serie_98624-768x768.jpg 768w, https:\/\/raum-blick.de\/magazin\/wp-content\/uploads\/2025\/05\/cane-line-breeze-serie_98624.jpg 1500w\" sizes=\"(max-width: 1024px) 100vw, 1024px\" \/><\/a><\/figure>\n<figcaption class=\"blocks-gallery-caption wp-element-caption\"><em>Ein besonders gelungenes Beispiel f\u00fcr stilvolle Stahlm\u00f6bel ist der <a href=\"https:\/\/www.raum-blick.de\/cane-line-breeze-outdoorstuhl\">stapelbare &nbsp;<strong>Cane-line Breeze Armstuhl<\/strong><\/a>. Mit seinem filigranen Design, der luftigen Netzstruktur und der wetterfesten Verarbeitung vereint er zeitlose Eleganz mit praktischer Alltagstauglichkeit \u2013 perfekt f\u00fcr entspannte Sommerabende im Gr\u00fcnen<\/em><\/figcaption><\/figure>\n\n\n\n<h3 class=\"wp-block-heading\"><span class=\"ez-toc-section\" id=\"4_Kunststoff_wird_immer_beliebter_bei_den_Gartenmoebel_Materialien\"><\/span>4. Kunststoff wird immer beliebter bei den Gartenm\u00f6bel Materialien<span class=\"ez-toc-section-end\"><\/span><\/h3>\n\n\n\n<p>Kunststoff ist das Cham\u00e4leon unter den Gartenm\u00f6bel Materialien: preisg\u00fcnstig, pflegeleicht und farbenfroh. Keine Eisdiele, kein Pool und kaum ein Garten ohne. Auch designtechnisch ist einiges drin \u2013 etwa mit dem <strong>Kartell Catwalk Mat Stuhl<\/strong>, der beweist, dass Kunststoff alles andere als billig wirkt. Er f\u00fchlt sich drinnen wie drau\u00dfen zu Hause.<\/p>\n\n\n\n<p><strong>Pflege:<\/strong>&nbsp;Haushaltsreiniger oder Seifenlauge reichen in der Regel. Es gibt Auber auch spezielle Kunststoffreiniger. <\/p>\n\n\n\n<p><strong><strong>raum-blick Tipp<\/strong>:<\/strong>&nbsp;Ein Lackstift hilft, kleine Sch\u00e4den auszubessern und im Winter sollten Kunststoffm\u00f6bel auf alle F\u00e4lle \u201eunter die Haube&#8220;, in den Keller oder ins Gartenhaus, denn K\u00e4lte macht sie spr\u00f6de.<\/p>\n\n\n\n<figure class=\"wp-block-gallery has-nested-images columns-default is-cropped wp-block-gallery-7 is-layout-flex wp-block-gallery-is-layout-flex\">\n<figure class=\"wp-block-image size-large\"><a href=\"https:\/\/www.raum-blick.de\/kartell-catwalk-mat-stuhl\"><img loading=\"lazy\" decoding=\"async\" width=\"800\" height=\"800\" data-id=\"21698\" src=\"https:\/\/www.raum-blick.de\/magazin\/wp-content\/uploads\/2025\/05\/kartell-catwalk-mat-stuhl-outdoor_102716.jpg\" alt=\"Die Kartell Catwalk Mat St\u00fchle in Gr\u00fcn und Wei\u00df laden in einer kleinen Taverne zum Genie\u00dfen ein.\" class=\"wp-image-21698\" title=\"\" srcset=\"https:\/\/raum-blick.de\/magazin\/wp-content\/uploads\/2025\/05\/kartell-catwalk-mat-stuhl-outdoor_102716.jpg 800w, https:\/\/raum-blick.de\/magazin\/wp-content\/uploads\/2025\/05\/kartell-catwalk-mat-stuhl-outdoor_102716-300x300.jpg 300w, https:\/\/raum-blick.de\/magazin\/wp-content\/uploads\/2025\/05\/kartell-catwalk-mat-stuhl-outdoor_102716-150x150.jpg 150w, https:\/\/raum-blick.de\/magazin\/wp-content\/uploads\/2025\/05\/kartell-catwalk-mat-stuhl-outdoor_102716-768x768.jpg 768w\" sizes=\"(max-width: 800px) 100vw, 800px\" \/><\/a><\/figure>\n\n\n\n<figure class=\"wp-block-image size-large\"><a href=\"https:\/\/www.raum-blick.de\/kartell-catwalk-mat-stuhl\"><img loading=\"lazy\" decoding=\"async\" width=\"800\" height=\"800\" data-id=\"21694\" src=\"https:\/\/www.raum-blick.de\/magazin\/wp-content\/uploads\/2025\/05\/kartell-catwalk-mat-stuhl-weiss-seitlich_102722.jpg\" alt=\"Kunststoff-M\u00f6bel in Seitenansicht: der Kartell Catwalk Mat Stuhl hier in schlichtem Wei\u00df.\" class=\"wp-image-21694\" title=\"\" srcset=\"https:\/\/raum-blick.de\/magazin\/wp-content\/uploads\/2025\/05\/kartell-catwalk-mat-stuhl-weiss-seitlich_102722.jpg 800w, https:\/\/raum-blick.de\/magazin\/wp-content\/uploads\/2025\/05\/kartell-catwalk-mat-stuhl-weiss-seitlich_102722-300x300.jpg 300w, https:\/\/raum-blick.de\/magazin\/wp-content\/uploads\/2025\/05\/kartell-catwalk-mat-stuhl-weiss-seitlich_102722-150x150.jpg 150w, https:\/\/raum-blick.de\/magazin\/wp-content\/uploads\/2025\/05\/kartell-catwalk-mat-stuhl-weiss-seitlich_102722-768x768.jpg 768w\" sizes=\"(max-width: 800px) 100vw, 800px\" \/><\/a><\/figure>\n<figcaption class=\"blocks-gallery-caption wp-element-caption\"><em>Mattes Finish und Soft-Touch-Behandlung: der von Philippe Starck und Sergio Schito f\u00fcr Kartell designte <strong>Catwalk Mat Stuhl <\/strong>hat eine klare Formensprache und besteht aus recyceltem Kunststoff. Eine perfekte Sitzgelegenheit mit nur 4,9 kg Gewicht.<\/em><\/figcaption><\/figure>\n\n\n\n<h3 class=\"wp-block-heading\"><span class=\"ez-toc-section\" id=\"5_Gusseisen\"><\/span>5. Gusseisen<span class=\"ez-toc-section-end\"><\/span><\/h3>\n\n\n\n<p>Diese M\u00f6bel sind perfekt f\u00fcr romantische G\u00e4rten mit nostalgischem Charme. Die Schwergewichte k\u00f6nnen aber auch modernen Industrial Style \u2013 je nach Design. Wind? Kein Problem. Stil? Reichlich. Farb-Update?  Braucht es ab und zu. Aber mit dem richtigen Finish trotzen diese M\u00f6bel den Jahrzehnten.<\/p>\n\n\n\n<p><strong>Pflege:<\/strong>&nbsp;Einen weichen Stofflappen mit Wasser und Seife tr\u00e4nken, abwischen, fertig.<\/p>\n\n\n\n<p><strong><strong>raum-blick Tipp<\/strong>:<\/strong>&nbsp;Da Eisen nicht rostfrei ist, lagern Sie die M\u00f6bel im Winter besser drinnen. <\/p>\n\n\n\n<h3 class=\"wp-block-heading\"><span class=\"ez-toc-section\" id=\"6_Polyrattan\"><\/span>6. Polyrattan<span class=\"ez-toc-section-end\"><\/span><\/h3>\n\n\n\n<p>Der Allrounder unter den Gartenm\u00f6bel Materialien: wetterfest, UV-best\u00e4ndig und herrlich pflegeleicht. Ob prallen Sonne oder Sommergewitter \u2013 Polyrattan macht fast alles mit. Ideal f\u00fcr moderne G\u00e4rten, mit einer Lebensdauer von bis zu 15 Jahren bei guter Pflege. <\/p>\n\n\n\n<p><strong>Pflege:<\/strong>&nbsp;Wasser und eine milde Seife gen\u00fcgen. <\/p>\n\n\n\n<p><strong><strong>raum-blick Tipp<\/strong>:<\/strong>&nbsp;Mix &amp; Match hei\u00dft es bei diesen stylischen Outdoor-M\u00f6beln, die es in allen Gr\u00f6\u00dfen, Formen und Farben gibt. Also seien Sie kreativ.<\/p>\n\n\n\n<h3 class=\"wp-block-heading\"><span class=\"ez-toc-section\" id=\"Wie_lange_halten_Gartenmoebel_aus_Polyrattan\"><\/span>Wie lange halten Gartenm\u00f6bel aus Polyrattan?<span class=\"ez-toc-section-end\"><\/span><\/h3>\n\n\n\n<p>Polyrattan ist kein Sonnenkind mit kurzer Lebensdauer \u2013 ganz im Gegenteil. Mit hochwertiger Verarbeitung, einem stabilen Aluminiumrahmen und liebevoller Pflege h\u00e4lt es locker 10 bis 15 Sommer durch \u2013 und vielleicht sogar noch ein paar mehr. Reinigen Sie Ihre M\u00f6bel einfach regelm\u00e4\u00dfig mit milder Seifenlauge, g\u00f6nnen Sie ihnen im Winter eine H\u00fclle oder einen trockenen Unterschlupf \u2013 und schon bleiben sie treue Gartenfreunde.<\/p>\n\n\n\n<hr class=\"wp-block-separator has-alpha-channel-opacity\"\/>\n\n\n\n<h3 class=\"wp-block-heading\"><span class=\"ez-toc-section\" id=\"Welche_Gartenmoebel_Materialien_halten_am_laengsten\"><\/span>Welche Gartenm\u00f6bel Materialien halten am l\u00e4ngsten?<span class=\"ez-toc-section-end\"><\/span><\/h3>\n\n\n\n<p>Auf der Suche nach langlebigen Lieblingen? Dann sollten Sie diesen Gartenm\u00f6bel Materialien Ihre Aufmerksamkeit schenken:<\/p>\n\n\n\n<ul class=\"wp-block-list\">\n<li><strong>Teakholz:<\/strong>&nbsp;Ein Naturwunder mit Ausdauer \u2013 \u00fcber 25 Jahre bei guter Pflege.<\/li>\n\n\n\n<li><strong>Stahl:<\/strong>&nbsp;Pulverbeschichtet und extrem robust \u2013 mit regelm\u00e4\u00dfigem Schutz vor Flugrost ebenfalls ein echter Dauerbrenner.<\/li>\n\n\n\n<li><strong>Gusseisen:<\/strong>&nbsp;Ein Klassiker, der bei richtiger Pflege Generationen \u00fcbersteht.<\/li>\n\n\n\n<li><strong>Polyrattan auf Aluminiumbasis:<\/strong>&nbsp;Leicht, modern und locker bis zu 15 Jahre haltbar.<\/li>\n<\/ul>\n\n\n\n<p>Langlebigkeit ist kein Zufall \u2013 regelm\u00e4\u00dfige Pflege ist der Schl\u00fcssel zum Outdoor-Gl\u00fcck!<\/p>\n\n\n\n<hr class=\"wp-block-separator has-alpha-channel-opacity\"\/>\n\n\n\n<h3 class=\"wp-block-heading\"><span class=\"ez-toc-section\" id=\"Welche_Gartenmoebel_koennen_immer_draussen_stehen\"><\/span>Welche Gartenm\u00f6bel k\u00f6nnen immer drau\u00dfen stehen?<span class=\"ez-toc-section-end\"><\/span><\/h3>\n\n\n\n<p>Diese vier trotzen Wind- und Wetter \u2013 Gartenm\u00f6bel Materialien f\u00fcr den Outdoor-Kompletteinsatz:<\/p>\n\n\n\n<ul class=\"wp-block-list\">\n<li><strong>Polyrattan:<\/strong>&nbsp;Der Dauerbrenner unter freiem Himmel<\/li>\n\n\n\n<li><strong>Teakholz:<\/strong>&nbsp;Wetterfest durch eigene \u00d6le \u2013 nat\u00fcrlich genial<\/li>\n\n\n\n<li><strong>Stahl:<\/strong>&nbsp;Robust, standfest und pulverbeschichtet<\/li>\n\n\n\n<li><strong>Aluminium:<\/strong>&nbsp;Der Leichtmatrose unter den Outdoor-Stars<\/li>\n<\/ul>\n\n\n\n<p>Unsere liebsten wetterfesten Modelle? Verraten wir Ihnen: der  klappbare&nbsp;<strong>Jan Kurtz Maxx Liegestuhl<\/strong>, der&nbsp;<strong>emu<\/strong> <strong>Snooze Gartenliegestuhl mit Sitzpouf<\/strong>&nbsp;sowie die bereits oben vorgestellten stapelbaren&nbsp;<a href=\"https:\/\/www.raum-blick.de\/cane-line\/\"><strong>Cane-line Ocean<\/strong>&nbsp;und&nbsp;<strong>Breeze Sessel<\/strong><\/a>&nbsp;\u2013 einfach perfekt f\u00fcr spontane Sonnenpausen oder gro\u00dfe Gartenrunden.<\/p>\n\n\n\n<figure class=\"wp-block-gallery has-nested-images columns-default is-cropped wp-block-gallery-8 is-layout-flex wp-block-gallery-is-layout-flex\">\n<figure class=\"wp-block-image size-large\"><a href=\"https:\/\/www.raum-blick.de\/jan-kurtz-maxx-liegestuhl-klappbar\"><img loading=\"lazy\" decoding=\"async\" width=\"600\" height=\"600\" data-id=\"11213\" src=\"https:\/\/www.raum-blick.de\/magazin\/wp-content\/uploads\/2020\/09\/jan-kurtz-maxx-liegestuhl-klappbar.jpg\" alt=\"Der klappbare Maxx Liegestuhl von Jan Kurtz mit blau-gr\u00fcn gemusterter Liegefl\u00e4che und Teakholzgestell.\" class=\"wp-image-11213\" title=\"\" srcset=\"https:\/\/raum-blick.de\/magazin\/wp-content\/uploads\/2020\/09\/jan-kurtz-maxx-liegestuhl-klappbar.jpg 600w, https:\/\/raum-blick.de\/magazin\/wp-content\/uploads\/2020\/09\/jan-kurtz-maxx-liegestuhl-klappbar-300x300.jpg 300w, https:\/\/raum-blick.de\/magazin\/wp-content\/uploads\/2020\/09\/jan-kurtz-maxx-liegestuhl-klappbar-150x150.jpg 150w\" sizes=\"(max-width: 600px) 100vw, 600px\" \/><\/a><\/figure>\n\n\n\n<figure class=\"wp-block-image size-large\"><a href=\"https:\/\/www.raum-blick.de\/emu-snooze-gartenliegestuhl\"><img loading=\"lazy\" decoding=\"async\" width=\"1024\" height=\"1024\" data-id=\"21700\" src=\"https:\/\/www.raum-blick.de\/magazin\/wp-content\/uploads\/2025\/05\/liegestuhl-mit-beinauflage-snooze-emu_91132-1024x1024.jpg\" alt=\"Am Pool macht der emu Snooze Liegestuhl mit Sitzpouf eine gute Figur. Und das Rot macht auch gleich gute Laune.\" class=\"wp-image-21700\" title=\"\" srcset=\"https:\/\/raum-blick.de\/magazin\/wp-content\/uploads\/2025\/05\/liegestuhl-mit-beinauflage-snooze-emu_91132-1024x1024.jpg 1024w, https:\/\/raum-blick.de\/magazin\/wp-content\/uploads\/2025\/05\/liegestuhl-mit-beinauflage-snooze-emu_91132-300x300.jpg 300w, https:\/\/raum-blick.de\/magazin\/wp-content\/uploads\/2025\/05\/liegestuhl-mit-beinauflage-snooze-emu_91132-150x150.jpg 150w, https:\/\/raum-blick.de\/magazin\/wp-content\/uploads\/2025\/05\/liegestuhl-mit-beinauflage-snooze-emu_91132-768x768.jpg 768w, https:\/\/raum-blick.de\/magazin\/wp-content\/uploads\/2025\/05\/liegestuhl-mit-beinauflage-snooze-emu_91132.jpg 1200w\" sizes=\"(max-width: 1024px) 100vw, 1024px\" \/><\/a><\/figure>\n<figcaption class=\"blocks-gallery-caption wp-element-caption\"><em>Die beiden hier sind besonders praktisch, denn Sie lassen sich blitzschnell verstauen, wenn Sie den Platz brauchen oder ein \u00fcabrraschender Platzregen kommt. Links der <strong><a href=\"https:\/\/www.raum-blick.de\/jan-kurtz-maxx-liegestuhl-klappbar\">verstellbare Maxx Liegestuhl <\/a><\/strong>mit zertifiziertem Teakholz-Gestell von Jan Kurtz, rechts der <strong><a href=\"https:\/\/www.raum-blick.de\/emu-snooze-gartenliegestuhl\">super bequeme Snooze von emu<\/a><\/strong> mit Stahlrohrgestell und beschichtetem PVC-Garn. Die praktische Fu\u00dfst\u00fctze ist separat erh\u00e4ltlich.<\/em><\/figcaption><\/figure>\n\n\n\n<hr class=\"wp-block-separator has-alpha-channel-opacity\"\/>\n\n\n\n<h3 class=\"wp-block-heading\"><span class=\"ez-toc-section\" id=\"Fazit_Es_gibt_fuer_jeden_Gartentyp_das_Richtige_unter_den_Gartenmoebel_Materialien\"><\/span>Fazit: Es gibt f\u00fcr jeden Gartentyp das Richtige unter den Gartenm\u00f6bel Materialien<span class=\"ez-toc-section-end\"><\/span><\/h3>\n\n\n\n<p>Ob klassisch, modern oder ganz individuell \u2013 f\u00fcr jeden Outdoor-Typ gibt es das passende Gartenm\u00f6bel Material. Polyrattan und Aluminium sind echte Pflegeleicht-Helden, Teakholz verf\u00fchrt mit nat\u00fcrlicher Eleganz. Und mit ein wenig Know-how und regelm\u00e4\u00dfigem Pflegeeinsatz wird Ihre gr\u00fcne Wohlf\u00fchloase zum Lieblingsplatz \u2013 Saison f\u00fcr Saison.<\/p>\n\n\n\n<p><strong>Zum Schluss noch ein Herzens-Tipp:<\/strong>&nbsp;G\u00f6nnen Sie sich zeitlose M\u00f6bel mit Charakter und Qualit\u00e4t. Ihr Garten wird es Ihnen danken \u2013 mit Stil, Komfort und vielen lauen Abenden unter freiem Himmel.<\/p>\n\n\n\n<div class=\"wp-block-buttons is-content-justification-center is-layout-flex wp-container-core-buttons-is-layout-16018d1d wp-block-buttons-is-layout-flex\">\n<div class=\"wp-block-button alignright\"><a class=\"wp-block-button__link has-white-color has-text-color wp-element-button\" href=\"https:\/\/www.raum-blick.de\/outdoor-moebel\/\">Jetzt Ihre Outdoor-Lieblinge finden!<\/a><\/div>\n<\/div>\n<\/p>","protected":false},"excerpt":{"rendered":"<p>\u00ab Wetterfest, wohnlich und langlebig \u00bb Im Sommer m\u00f6chten wir so viel und so lange es geht drau\u00dfen sein. Da braucht es komfortable, funktionale und coole M\u00f6bel f\u00fcr Terrasse, Balkon und Garten. Und nat\u00fcrlich ein wetterfestes, pflegeleichtes Material. Holz, Metall oder doch lieber Kunststoff? Gartenm\u00f6bel Materialien gibt es viele und jedes hat seine Besonderheiten. Letztlich [&hellip;]<\/p>\n","protected":false},"author":4,"featured_media":21677,"comment_status":"closed","ping_status":"open","sticky":false,"template":"","format":"standard","meta":{"_et_pb_use_builder":"","_et_pb_old_content":"","_et_gb_content_width":"","inline_featured_image":false,"footnotes":""},"categories":[6,2315],"tags":[790,1124,2210,2203,2204,2309,1797,1934,40,1077,345,1105,1110,381,746,1085,1456,658,1385,2093,416,417,957],"class_list":["post-21673","post","type-post","status-publish","format-standard","has-post-thumbnail","hentry","category-draussen","category-informativ","tag-cane-line","tag-cane-line-breeze","tag-cane-line-ocean","tag-emu","tag-emu-snooze","tag-emu-star","tag-ethnicraft","tag-ethnicraft-die-bok-serie","tag-fatboy","tag-fatboypaletti","tag-gartenmoebel","tag-gartenstuhl","tag-gartentisch","tag-holzmoebel","tag-kartell","tag-liegestuhl","tag-loungesessel","tag-outdoormoebel","tag-outdoorstuhl","tag-outdoortisch","tag-teak","tag-teakholz","tag-teakholzmoebel"],"_links":{"self":[{"href":"https:\/\/raum-blick.de\/magazin\/wp-json\/wp\/v2\/posts\/21673","targetHints":{"allow":["GET"]}}],"collection":[{"href":"https:\/\/raum-blick.de\/magazin\/wp-json\/wp\/v2\/posts"}],"about":[{"href":"https:\/\/raum-blick.de\/magazin\/wp-json\/wp\/v2\/types\/post"}],"author":[{"embeddable":true,"href":"https:\/\/raum-blick.de\/magazin\/wp-json\/wp\/v2\/users\/4"}],"replies":[{"embeddable":true,"href":"https:\/\/raum-blick.de\/magazin\/wp-json\/wp\/v2\/comments?post=21673"}],"version-history":[{"count":22,"href":"https:\/\/raum-blick.de\/magazin\/wp-json\/wp\/v2\/posts\/21673\/revisions"}],"predecessor-version":[{"id":21891,"href":"https:\/\/raum-blick.de\/magazin\/wp-json\/wp\/v2\/posts\/21673\/revisions\/21891"}],"wp:featuredmedia":[{"embeddable":true,"href":"https:\/\/raum-blick.de\/magazin\/wp-json\/wp\/v2\/media\/21677"}],"wp:attachment":[{"href":"https:\/\/raum-blick.de\/magazin\/wp-json\/wp\/v2\/media?parent=21673"}],"wp:term":[{"taxonomy":"category","embeddable":true,"href":"https:\/\/raum-blick.de\/magazin\/wp-json\/wp\/v2\/categories?post=21673"},{"taxonomy":"post_tag","embeddable":true,"href":"https:\/\/raum-blick.de\/magazin\/wp-json\/wp\/v2\/tags?post=21673"}],"curies":[{"name":"wp","href":"https:\/\/api.w.org\/{rel}","templated":true}]}}