{"id":21608,"date":"2025-06-09T14:47:01","date_gmt":"2025-06-09T12:47:01","guid":{"rendered":"https:\/\/www.raum-blick.de\/magazin\/?p=21608"},"modified":"2025-07-30T12:48:08","modified_gmt":"2025-07-30T10:48:08","slug":"umage-leuchten-die-3-neuen-in-der-asteria-familie","status":"publish","type":"post","link":"https:\/\/raum-blick.de\/magazin\/umage-leuchten-die-3-neuen-in-der-asteria-familie\/","title":{"rendered":"Umage Leuchten: Die 3 neuen in der Asteria-Familie"},"content":{"rendered":"\n<h2 class=\"wp-block-heading\"><span class=\"ez-toc-section\" id=\"%C2%AB_Skandinavisches_Design_das_Raeume_verwandelt_%C2%BB\"><\/span>\u00ab Skandinavisches Design, das R\u00e4ume verwandelt \u00bb<span class=\"ez-toc-section-end\"><\/span><\/h2>\n\n\n\n<p><strong>Umage Lampen sind mehr als nur Lichtquellen. Sie sind Statement-Pieces. Die Marke Umage hat sich mit ihrem Fokus auf nachhaltiges Design, Funktionalit\u00e4t und \u00c4sthetik einen festen Platz in den Herzen von Design-Liebhabern erobert. Ihr Erfolg basiert auf dem Versprechen, erschwingliches, hochwertiges und zeitloses skandinavisches Design anzubieten. Die <a href=\"https:\/\/www.raum-blick.de\/umage-lampe\/\">flexiblen Umage Leuchten<\/a> vereinen Form und Funktion auf elegante Weise<\/strong> <strong>und sind in jedem Raum die strahlenden Sch\u00f6nheiten.<\/strong><\/p>\n\n\n\n<p>Doch was genau macht Umage Leuchten so besonders? Warum sind sie zu Kult-Objekten geworden? Und welche neuen Highlights erwarten uns in der Asteria Familie? Werfen Sie mit uns einen Blick auf die Philosophie der Marke, entdecken Sie die Umage Design-Ikonen und die neuesten Innovationen rund um die Asteria Serie.<\/p><div id=\"ez-toc-container\" class=\"ez-toc-v2_0_82_2 counter-hierarchy ez-toc-counter ez-toc-grey ez-toc-container-direction\">\n<div class=\"ez-toc-title-container\">\n<p class=\"ez-toc-title\" style=\"cursor:inherit\">Was hier auf Sie wartet<\/p>\n<span class=\"ez-toc-title-toggle\"><a href=\"#\" class=\"ez-toc-pull-right ez-toc-btn ez-toc-btn-xs ez-toc-btn-default ez-toc-toggle\" aria-label=\"Toggle Table of Content\"><span class=\"ez-toc-js-icon-con\"><span class=\"\"><span class=\"eztoc-hide\" style=\"display:none;\">Toggle<\/span><span class=\"ez-toc-icon-toggle-span\"><svg style=\"fill: #999;color:#999\" xmlns=\"http:\/\/www.w3.org\/2000\/svg\" class=\"list-377408\" width=\"20px\" height=\"20px\" viewBox=\"0 0 24 24\" fill=\"none\"><path d=\"M6 6H4v2h2V6zm14 0H8v2h12V6zM4 11h2v2H4v-2zm16 0H8v2h12v-2zM4 16h2v2H4v-2zm16 0H8v2h12v-2z\" fill=\"currentColor\"><\/path><\/svg><svg style=\"fill: #999;color:#999\" class=\"arrow-unsorted-368013\" xmlns=\"http:\/\/www.w3.org\/2000\/svg\" width=\"10px\" height=\"10px\" viewBox=\"0 0 24 24\" version=\"1.2\" baseProfile=\"tiny\"><path d=\"M18.2 9.3l-6.2-6.3-6.2 6.3c-.2.2-.3.4-.3.7s.1.5.3.7c.2.2.4.3.7.3h11c.3 0 .5-.1.7-.3.2-.2.3-.5.3-.7s-.1-.5-.3-.7zM5.8 14.7l6.2 6.3 6.2-6.3c.2-.2.3-.5.3-.7s-.1-.5-.3-.7c-.2-.2-.4-.3-.7-.3h-11c-.3 0-.5.1-.7.3-.2.2-.3.5-.3.7s.1.5.3.7z\"\/><\/svg><\/span><\/span><\/span><\/a><\/span><\/div>\n<nav><ul class='ez-toc-list ez-toc-list-level-1 ' ><li class='ez-toc-page-1 ez-toc-heading-level-2'><a class=\"ez-toc-link ez-toc-heading-1\" href=\"https:\/\/raum-blick.de\/magazin\/umage-leuchten-die-3-neuen-in-der-asteria-familie\/#%C2%AB_Skandinavisches_Design_das_Raeume_verwandelt_%C2%BB\" >\u00ab Skandinavisches Design, das R\u00e4ume verwandelt \u00bb<\/a><\/li><li class='ez-toc-page-1 ez-toc-heading-level-2'><a class=\"ez-toc-link ez-toc-heading-2\" href=\"https:\/\/raum-blick.de\/magazin\/umage-leuchten-die-3-neuen-in-der-asteria-familie\/#Die_DNA_von_Umage_Nachhaltigkeit_und_skandinavische_Eleganz\" >Die DNA von Umage: Nachhaltigkeit und skandinavische Eleganz<\/a><ul class='ez-toc-list-level-3' ><li class='ez-toc-heading-level-3'><a class=\"ez-toc-link ez-toc-heading-3\" href=\"https:\/\/raum-blick.de\/magazin\/umage-leuchten-die-3-neuen-in-der-asteria-familie\/#Design-Ikonen_von_Umage_Mehr_als_nur_Licht\" >Design-Ikonen von Umage: Mehr als nur Licht<\/a><\/li><\/ul><\/li><li class='ez-toc-page-1 ez-toc-heading-level-2'><a class=\"ez-toc-link ez-toc-heading-4\" href=\"https:\/\/raum-blick.de\/magazin\/umage-leuchten-die-3-neuen-in-der-asteria-familie\/#Die_Asteria_Familie_waechst_Was_ist_neu\" >Die Asteria Familie w\u00e4chst: Was ist neu?<\/a><ul class='ez-toc-list-level-3' ><li class='ez-toc-heading-level-3'><a class=\"ez-toc-link ez-toc-heading-5\" href=\"https:\/\/raum-blick.de\/magazin\/umage-leuchten-die-3-neuen-in-der-asteria-familie\/#Umage_Asteria_Move_Tischleuchte_Flexibilitaet_und_Stil_fuer_jeden_Ort\" >Umage Asteria Move Tischleuchte: Flexibilit\u00e4t und Stil f\u00fcr jeden Ort<\/a><\/li><li class='ez-toc-page-1 ez-toc-heading-level-3'><a class=\"ez-toc-link ez-toc-heading-6\" href=\"https:\/\/raum-blick.de\/magazin\/umage-leuchten-die-3-neuen-in-der-asteria-familie\/#Umage_Asteria_Plus_Pendelleuchten_Mini_und_Medium_fuer_maximale_Wirkung\" >Umage Asteria Plus Pendelleuchten: Mini und Medium f\u00fcr maximale Wirkung<\/a><\/li><\/ul><\/li><li class='ez-toc-page-1 ez-toc-heading-level-2'><a class=\"ez-toc-link ez-toc-heading-7\" href=\"https:\/\/raum-blick.de\/magazin\/umage-leuchten-die-3-neuen-in-der-asteria-familie\/#Umage_Lampen_Nicht_nur_Beleuchtung\" >Umage Lampen: Nicht nur Beleuchtung<\/a><\/li><\/ul><\/nav><\/div>\n\n\n\n\n<figure class=\"wp-block-image size-large\"><a href=\"https:\/\/www.raum-blick.de\/umage-lampe\/\"><img loading=\"lazy\" decoding=\"async\" width=\"1024\" height=\"1024\" src=\"https:\/\/www.raum-blick.de\/magazin\/wp-content\/uploads\/2025\/05\/asteria-move-nuance-mist-umage_82766-1024x1024.jpg\" alt=\"Zwei Umage Leuchten, die perfekt harmonieren: \u00dcber dem Bett h\u00e4ngt die fluffige EOS aus echten G\u00e4nsefedern, auf dem Tisch daneben steht die neue tragbare Asteria Move Tischleuchte.\" class=\"wp-image-21643\" title=\"\" srcset=\"https:\/\/raum-blick.de\/magazin\/wp-content\/uploads\/2025\/05\/asteria-move-nuance-mist-umage_82766-1024x1024.jpg 1024w, https:\/\/raum-blick.de\/magazin\/wp-content\/uploads\/2025\/05\/asteria-move-nuance-mist-umage_82766-300x300.jpg 300w, https:\/\/raum-blick.de\/magazin\/wp-content\/uploads\/2025\/05\/asteria-move-nuance-mist-umage_82766-150x150.jpg 150w, https:\/\/raum-blick.de\/magazin\/wp-content\/uploads\/2025\/05\/asteria-move-nuance-mist-umage_82766-768x768.jpg 768w, https:\/\/raum-blick.de\/magazin\/wp-content\/uploads\/2025\/05\/asteria-move-nuance-mist-umage_82766.jpg 1500w\" sizes=\"(max-width: 1024px) 100vw, 1024px\" \/><\/a><figcaption class=\"wp-element-caption\"><em>Die EOS Pendelleuchte aus echten G\u00e4nsefedern ist ein Umage Klassiker, die neue kabellose Asteria Move Tischleuchte auf dem besten Weg, einer zu werden. <\/em><\/figcaption><\/figure>\n\n\n\n<h2 class=\"wp-block-heading\"><span class=\"ez-toc-section\" id=\"Die_DNA_von_Umage_Nachhaltigkeit_und_skandinavische_Eleganz\"><\/span><a href=\"https:\/\/www.raum-blick.de\/umage\/\">Die DNA von Umage<\/a>: Nachhaltigkeit und skandinavische Eleganz<span class=\"ez-toc-section-end\"><\/span><\/h2>\n\n\n\n<p>Jacob Nannestad und S\u00f8ren Ravn Christensen&nbsp;gr\u00fcndeten das d\u00e4nische Label 2008 mit einer klaren Vision: Sch\u00f6nes Design soll erschwinglich sein. F\u00fcr jeden. Deshalb kombiniert Umage traditionelle Handwerkskunst mit modernen Technologien. Das Ergebnis sind Umage Leuchten, die sowohl optisch ansprechend als auch langlebig sind. Ein zentraler Aspekt der Unternehmensphilosophie ist au\u00dferdem die Nachhaltigkeit. Also verwendet Umage umweltfreundliche Materialien und setzt auf ressourcenschonende Produktionsprozesse. Und das d\u00e4nische Unternehmen legt Wert auf faire Arbeitsbedingungen. Dies spiegelt sich in der Qualit\u00e4t und dem Design jeder einzelnen Umage Lampe wider.<\/p>\n\n\n\n<p>Schlichtheit, Funktionalit\u00e4t und Nat\u00fcrlichkeit \u2013 diese drei Elemente sind charakteristisch f\u00fcr skandinavisches Design und finden sich selbstverst\u00e4ndlich auch in jeder Umage Leuchte. Ebenso unverkennbar: die klaren Linien, sanften Farben und hochwertigen Materialien, die ihr Erscheinungsbild pr\u00e4gen. Und genau deshalb sind Umage Lampen auch so vielseitig einsetzbar. Denn wie ein Cham\u00e4leon f\u00fcgen sie sich nahtlos in verschiedene Einrichtungsstile ein, setzen elegante Akzente und schaffen eine wahre Wohlf\u00fchl-Atmosph\u00e4re.<\/p>\n\n\n\n<h3 class=\"wp-block-heading\"><span class=\"ez-toc-section\" id=\"Design-Ikonen_von_Umage_Mehr_als_nur_Licht\"><\/span>Design-Ikonen von Umage: Mehr als nur Licht<span class=\"ez-toc-section-end\"><\/span><\/h3>\n\n\n\n<p>Neben der <a href=\"https:\/\/www.raum-blick.de\/search?sSearch=asteria\" target=\"_blank\" rel=\"noreferrer noopener\">Asteria Serie<\/a> hat Umage im Laufe der Jahre eine Reihe von Design-Ikonen geschaffen, die in vielen Wohnungen und B\u00fcros zu finden sind. Eine der bekanntesten d\u00fcrfte wohl die <a href=\"https:\/\/www.raum-blick.de\/search?p=1&amp;q=eos&amp;o=2&amp;n=12&amp;s=159\" target=\"_blank\" rel=\"noreferrer noopener\">Eos Leuchte<\/a> sein, die mit ihren echten G\u00e4nsefedern f\u00fcr einen besonderen Blickfang sorgt. Die sind \u00fcbrigens zu 100 % nachhaltig, vom Ackerland bis zum Endverbraucher und mit dem Responsible Down Standard zertifiziert, der einen artgerechten Umgang und das Wohl der Tiere gew\u00e4hrleistet.<\/p>\n\n\n\n<p>Ein anderer Umage Klassiker ist die <a href=\"https:\/\/www.raum-blick.de\/umage-clava-dine-leuchte\" target=\"_blank\" rel=\"noreferrer noopener\">Clava Dine Pendelleuchte<\/a>. Ihr filigranes Muster, das ein wenig an ein \u00fcberdimensionales Mikrofon erinnert, erzeugt ein faszinierendes Lichtspiel erzeugt. Ihr Retro-Design ist atemberaubend, es gibt sie in zig verschiedenen Farben und genau deshalb ist sie f\u00fcr Ihr im Wohn- und Esszimmer eine ausgesprochen gute Wahl. So erz\u00e4hlt also jede Umage Leuchte ihre eigene Geschichte und verk\u00f6rpert die Werte der Marke.<\/p>\n\n\n\n<figure class=\"wp-block-gallery has-nested-images columns-default is-cropped wp-block-gallery-2 is-layout-flex wp-block-gallery-is-layout-flex\">\n<figure class=\"wp-block-image size-large\"><a href=\"https:\/\/www.raum-blick.de\/umage-lampe\/\"><img loading=\"lazy\" decoding=\"async\" width=\"600\" height=\"600\" data-id=\"6399\" src=\"https:\/\/www.raum-blick.de\/magazin\/wp-content\/uploads\/2018\/09\/clava-dine-leuchte-vita.jpg\" alt=\"Umage Lampe der Extraklasse: die Clava Dine Pendelleuchte. Hier in gl\u00e4nzendem Kupfer. \" class=\"wp-image-6399\" title=\"\" srcset=\"https:\/\/raum-blick.de\/magazin\/wp-content\/uploads\/2018\/09\/clava-dine-leuchte-vita.jpg 600w, https:\/\/raum-blick.de\/magazin\/wp-content\/uploads\/2018\/09\/clava-dine-leuchte-vita-150x150.jpg 150w, https:\/\/raum-blick.de\/magazin\/wp-content\/uploads\/2018\/09\/clava-dine-leuchte-vita-300x300.jpg 300w\" sizes=\"(max-width: 600px) 100vw, 600px\" \/><\/a><\/figure>\n\n\n\n<figure class=\"wp-block-image size-large\"><a href=\"https:\/\/www.raum-blick.de\/umage-lampe\/\"><img loading=\"lazy\" decoding=\"async\" width=\"600\" height=\"600\" data-id=\"951\" src=\"https:\/\/www.raum-blick.de\/magazin\/wp-content\/uploads\/2016\/09\/Vita-Clava-Dine-Pendelleuchte-inklusive-Kabelset-und-Leuchtmittel.jpg\" alt=\"Die beiden goldenen Umage Clava Dine Pendelleuchten erinnern an ein Mikrofon und erzeugen faszinierende Lichtspiele.\" class=\"wp-image-951\" title=\"\" srcset=\"https:\/\/raum-blick.de\/magazin\/wp-content\/uploads\/2016\/09\/Vita-Clava-Dine-Pendelleuchte-inklusive-Kabelset-und-Leuchtmittel.jpg 600w, https:\/\/raum-blick.de\/magazin\/wp-content\/uploads\/2016\/09\/Vita-Clava-Dine-Pendelleuchte-inklusive-Kabelset-und-Leuchtmittel-150x150.jpg 150w, https:\/\/raum-blick.de\/magazin\/wp-content\/uploads\/2016\/09\/Vita-Clava-Dine-Pendelleuchte-inklusive-Kabelset-und-Leuchtmittel-300x300.jpg 300w\" sizes=\"(max-width: 600px) 100vw, 600px\" \/><\/a><\/figure>\n<figcaption class=\"blocks-gallery-caption wp-element-caption\"><em>Ob einzeln, oder im Doppelpack, die Umage Clava Dine Pendelleuchte ist einfach ein faszinierendes Lichtobjekt. Und die Leuchten der Eos und der Asteria Serie sind einer DER Design-Ikonen des d\u00e4nischen Labels.<\/em><\/figcaption><\/figure>\n\n\n\n<p>Aber warum sind diese Leuchten so beliebt? Worin liegt ihre Faszination? Ganz einfach: Sie sind mehr als nur Lichtquellen. Jede Umage Lampe ist unverkennbar ein Design-Objekt, das jedem Raum Pers\u00f6nlichkeit und Stil verleiht. Doch diese Leuchten sind auch Ausdruck eines bewussten Lebensstils, der Wert auf Qualit\u00e4t, Nachhaltigkeit und \u00c4sthetik legt, und damit eine Investition in ein sch\u00f6neres Zuhause.<\/p>\n\n\n\n<h2 class=\"wp-block-heading\"><span class=\"ez-toc-section\" id=\"Die_Asteria_Familie_waechst_Was_ist_neu\"><\/span>Die Asteria Familie w\u00e4chst: Was ist neu?<span class=\"ez-toc-section-end\"><\/span><\/h2>\n\n\n\n<p>Die Asteria Serie ist eine der erfolgreichsten Kollektionen von Umage. Und das liegt nicht nur an ihrem schlanken, minimalistischen Design und ihrer hohen Funktionalit\u00e4t, sondern vor allem  auch daran, dass die Asteria Leuchten mit modernster LED-Technologie ausgestattet sind. Sie bieten also eine hervorragende Lichtqualit\u00e4t bei geringem Energieverbrauch. Die Serie umfasst Pendelleuchten, Tischleuchten und Deckenleuchten in verschiedenen Gr\u00f6\u00dfen und Farben. Da findet sich f\u00fcr jeden Raum und jeden Geschmack die passende L\u00f6sung.<\/p>\n\n\n\n<p>Jetzt erweitert Umage die Asteria Familie um zwei spannende Neuheiten: <a href=\"https:\/\/www.raum-blick.de\/umage-asteria-move-led-tischleuchte-akku\">die kabellose, tragbare Asteria Move Tischleuchte<\/a> und die dimmbaren <a href=\"https:\/\/www.raum-blick.de\/search?sSearch=asteria+plus\">Asteria Plus Pendelleuchten<\/a> in Mini und Medium. Diese neuen Modelle greifen das bew\u00e4hrte Design der Asteria Serie auf, bieten aber au\u00dferdem zus\u00e4tzliche Funktionen und Einsatzm\u00f6glichkeiten. <\/p>\n\n\n\n<h3 class=\"wp-block-heading\"><span class=\"ez-toc-section\" id=\"Umage_Asteria_Move_Tischleuchte_Flexibilitaet_und_Stil_fuer_jeden_Ort\"><\/span>Umage Asteria Move Tischleuchte: Flexibilit\u00e4t und Stil f\u00fcr jeden Ort<span class=\"ez-toc-section-end\"><\/span><\/h3>\n\n\n\n<p>Die Umage Asteria Move Tischleuchte ist die perfekte L\u00f6sung f\u00fcr alle, die Wert auf Flexibilit\u00e4t und modernes Design legen. Diese kabellose Tischleuchte k\u00f6nnen Sie \u00fcberall dort einsetzen, wo Sie Licht haben m\u00f6chten: Ob auf dem Schreibtisch, dem Nachttisch oder im Wohnzimmer \u2013 die Asteria Move sorgt f\u00fcr eine angenehme Beleuchtung. Ein wirklich stilvolles Accessoire!<\/p>\n\n\n\n<p>Ein besonderes Highlight der Asteria Move ist zudem ihre Akkulaufzeit. Einmal geladen reicht es f\u00fcr bis zu 35 Stunden kabellosen Betrieb. Die Helligkeit l\u00e4sst sich in drei Stufen regulieren. So k\u00f6nnen Sie das Licht optimal an die jeweilige Situation anpassen. Und dank der reichhaltigen Farbpalette finden Sie sicherlich auch die perfekte Asteria Move f\u00fcr Ihren Einrichtungsstil. F\u00fcr uns ist diese neue Umage Leuchte jedenfalls eine stylische Antwort auf moderne Beleuchtungsw\u00fcnsche.<\/p>\n\n\n\n<figure class=\"wp-block-gallery has-nested-images columns-default is-cropped wp-block-gallery-3 is-layout-flex wp-block-gallery-is-layout-flex\">\n<figure class=\"wp-block-image size-large\"><a href=\"https:\/\/www.raum-blick.de\/umage-asteria-move-led-tischleuchte-akku\"><img loading=\"lazy\" decoding=\"async\" width=\"1024\" height=\"1024\" data-id=\"21640\" src=\"https:\/\/www.raum-blick.de\/magazin\/wp-content\/uploads\/2025\/05\/asteria-move-rose-umage_82769-1024x1024.jpg\" alt=\"Pinker Lampenschirm, goldener Standfu\u00df. Die neue Asteria Move Tischleuchte kann auch knallig.\" class=\"wp-image-21640\" title=\"\" srcset=\"https:\/\/raum-blick.de\/magazin\/wp-content\/uploads\/2025\/05\/asteria-move-rose-umage_82769-1024x1024.jpg 1024w, https:\/\/raum-blick.de\/magazin\/wp-content\/uploads\/2025\/05\/asteria-move-rose-umage_82769-300x300.jpg 300w, https:\/\/raum-blick.de\/magazin\/wp-content\/uploads\/2025\/05\/asteria-move-rose-umage_82769-150x150.jpg 150w, https:\/\/raum-blick.de\/magazin\/wp-content\/uploads\/2025\/05\/asteria-move-rose-umage_82769-768x768.jpg 768w, https:\/\/raum-blick.de\/magazin\/wp-content\/uploads\/2025\/05\/asteria-move-rose-umage_82769.jpg 1500w\" sizes=\"(max-width: 1024px) 100vw, 1024px\" \/><\/a><\/figure>\n\n\n\n<figure class=\"wp-block-image size-large\"><a href=\"https:\/\/www.raum-blick.de\/umage-asteria-move-led-tischleuchte-akku\"><img loading=\"lazy\" decoding=\"async\" width=\"1024\" height=\"1024\" data-id=\"21634\" src=\"https:\/\/www.raum-blick.de\/magazin\/wp-content\/uploads\/2025\/05\/UMAGE-Asteria-move-monochrome-leaf-draufsicht_110270-1024x1024.jpg\" alt=\"Eine typische Umage Leuchte \u2013 schlicht, funktional, nat\u00fcrlich: die Asteria Move Tischleuchte hier in Salbei all-over.\" class=\"wp-image-21634\" title=\"\" srcset=\"https:\/\/raum-blick.de\/magazin\/wp-content\/uploads\/2025\/05\/UMAGE-Asteria-move-monochrome-leaf-draufsicht_110270-1024x1024.jpg 1024w, https:\/\/raum-blick.de\/magazin\/wp-content\/uploads\/2025\/05\/UMAGE-Asteria-move-monochrome-leaf-draufsicht_110270-300x300.jpg 300w, https:\/\/raum-blick.de\/magazin\/wp-content\/uploads\/2025\/05\/UMAGE-Asteria-move-monochrome-leaf-draufsicht_110270-150x150.jpg 150w, https:\/\/raum-blick.de\/magazin\/wp-content\/uploads\/2025\/05\/UMAGE-Asteria-move-monochrome-leaf-draufsicht_110270-768x768.jpg 768w, https:\/\/raum-blick.de\/magazin\/wp-content\/uploads\/2025\/05\/UMAGE-Asteria-move-monochrome-leaf-draufsicht_110270.jpg 1500w\" sizes=\"(max-width: 1024px) 100vw, 1024px\" \/><\/a><\/figure>\n<figcaption class=\"blocks-gallery-caption wp-element-caption\"><em>Die Asteria Move Tischleuchte besticht durch ihre Schlichtheit und eine immense Farbpalette. Ob Pink oder Gr\u00fcn, Orange oder Gelb, hier werden Sie garantiert f\u00fcndig. <\/em><\/figcaption><\/figure>\n\n\n\n<figure class=\"wp-block-gallery has-nested-images columns-default is-cropped wp-block-gallery-4 is-layout-flex wp-block-gallery-is-layout-flex\">\n<figure class=\"wp-block-image size-large\"><a href=\"https:\/\/www.raum-blick.de\/umage-asteria-move-led-tischleuchte-akku\"><img loading=\"lazy\" decoding=\"async\" width=\"1024\" height=\"1024\" data-id=\"21645\" src=\"https:\/\/www.raum-blick.de\/magazin\/wp-content\/uploads\/2025\/05\/UMAGE-Asteria-nachttischlampe-schwarz-schwarz_106504-1024x1024.jpg\" alt=\"Auch klassisches Schwarz steht der Asteria Move Tischleuchte gut. Eine Umage Leuchte, die einfach herrlich zeitlos ist.\" class=\"wp-image-21645\" title=\"\" srcset=\"https:\/\/raum-blick.de\/magazin\/wp-content\/uploads\/2025\/05\/UMAGE-Asteria-nachttischlampe-schwarz-schwarz_106504-1024x1024.jpg 1024w, https:\/\/raum-blick.de\/magazin\/wp-content\/uploads\/2025\/05\/UMAGE-Asteria-nachttischlampe-schwarz-schwarz_106504-300x300.jpg 300w, https:\/\/raum-blick.de\/magazin\/wp-content\/uploads\/2025\/05\/UMAGE-Asteria-nachttischlampe-schwarz-schwarz_106504-150x150.jpg 150w, https:\/\/raum-blick.de\/magazin\/wp-content\/uploads\/2025\/05\/UMAGE-Asteria-nachttischlampe-schwarz-schwarz_106504-768x768.jpg 768w, https:\/\/raum-blick.de\/magazin\/wp-content\/uploads\/2025\/05\/UMAGE-Asteria-nachttischlampe-schwarz-schwarz_106504.jpg 1500w\" sizes=\"(max-width: 1024px) 100vw, 1024px\" \/><\/a><\/figure>\n\n\n\n<figure class=\"wp-block-image size-large\"><a href=\"https:\/\/www.raum-blick.de\/umage-asteria-move-led-tischleuchte-akku\"><img loading=\"lazy\" decoding=\"async\" width=\"1024\" height=\"1024\" data-id=\"21661\" src=\"https:\/\/www.raum-blick.de\/magazin\/wp-content\/uploads\/2025\/05\/umage-asteria-move-pearl-white-tischlampe_66267-1024x1024.jpg\" alt=\"Umage Klassiker von morgen: die Asteria move in Wei\u00df und Gold. Erhellt auch die lauer Sommernacht drau\u00dfen.\" class=\"wp-image-21661\" title=\"\" srcset=\"https:\/\/raum-blick.de\/magazin\/wp-content\/uploads\/2025\/05\/umage-asteria-move-pearl-white-tischlampe_66267-1024x1024.jpg 1024w, https:\/\/raum-blick.de\/magazin\/wp-content\/uploads\/2025\/05\/umage-asteria-move-pearl-white-tischlampe_66267-300x300.jpg 300w, https:\/\/raum-blick.de\/magazin\/wp-content\/uploads\/2025\/05\/umage-asteria-move-pearl-white-tischlampe_66267-150x150.jpg 150w, https:\/\/raum-blick.de\/magazin\/wp-content\/uploads\/2025\/05\/umage-asteria-move-pearl-white-tischlampe_66267-768x768.jpg 768w, https:\/\/raum-blick.de\/magazin\/wp-content\/uploads\/2025\/05\/umage-asteria-move-pearl-white-tischlampe_66267.jpg 1500w\" sizes=\"(max-width: 1024px) 100vw, 1024px\" \/><\/a><\/figure>\n<figcaption class=\"blocks-gallery-caption wp-element-caption\"><em>Wer&#8217;s klassisch mag, bekommt die Asteria Move nat\u00fcrlich auch in Schwarz oder Wei\u00df. Aber egal welche Farbkombi, diese Tischleuchte macht \u00fcberall eine gute Figur. <\/em><\/figcaption><\/figure>\n\n\n\n<h3 class=\"wp-block-heading\"><span class=\"ez-toc-section\" id=\"Umage_Asteria_Plus_Pendelleuchten_Mini_und_Medium_fuer_maximale_Wirkung\"><\/span>Umage Asteria Plus Pendelleuchten: Mini und Medium f\u00fcr maximale Wirkung<span class=\"ez-toc-section-end\"><\/span><\/h3>\n\n\n\n<p>Die klassischen Asteria Pendelleuchten bekommen mit den beiden Neuen ein Upgrade: Die Lichtqualit\u00e4t ist noch besser und die Flexibilit\u00e4t bei der Gestaltung von R\u00e4umen noch gr\u00f6\u00dfer. Mini oder Medium? Das liegt ganz bei Ihnen oder besser gesagt Ihren R\u00e4umlichkeiten. Denn mit schlankem Design und hochwertiger Verarbeitung punkten beide Varianten. <\/p>\n\n\n\n<p>Die <a href=\"https:\/\/www.raum-blick.de\/umage-asteria-plus-mini-pendelleuchte\">kompakte Asteria Plus Mini<\/a> ist ideal f\u00fcr kleinere R\u00e4ume oder als Akzentbeleuchtung \u00fcber einem Tisch oder einer Theke. F\u00fcr gr\u00f6\u00dfere R\u00e4ume dagegen eignet sich die <a href=\"https:\/\/www.raum-blick.de\/umage-asteria-plus-medium-pendelleuchte\">maximal vielseitige Asteria Plus Medium<\/a> ganz wunderbar. Sie l\u00e4sst sich als Hauptlichtquelle oder aber auch als Teil einer Lichtinstallation eingesetzen. Beide Modelle sind in verschiedenen Farben erh\u00e4ltlich und harmonieren nat\u00fcrlich wunderbar mit anderen Umage Lampen. Die Asteria Plus Pendelleuchten sind au\u00dferdem mit einem Diffusor ausgestattet, der f\u00fcr ein blendfreies, gleichm\u00e4\u00dfiges Licht sorgt. Und, haben Sie sich schon in eine der beiden verliebt?<\/p>\n\n\n\n<figure class=\"wp-block-gallery has-nested-images columns-default is-cropped wp-block-gallery-5 is-layout-flex wp-block-gallery-is-layout-flex\">\n<figure class=\"wp-block-image size-large\"><a href=\"https:\/\/www.raum-blick.de\/umage-asteria-plus-mini-pendelleuchte\"><img loading=\"lazy\" decoding=\"async\" width=\"1024\" height=\"1024\" data-id=\"21630\" src=\"https:\/\/www.raum-blick.de\/magazin\/wp-content\/uploads\/2025\/05\/umage-asteria-plus-mini-nuance-rose-schienensystem_108250-1024x1024.jpg\" alt=\"Die neue Asteria Plus Mini Pendelleucht in zartem Ros\u00e9 als Duo in einem Schienensystem. Praktisch \u00fcber der Theke.\" class=\"wp-image-21630\" title=\"\" srcset=\"https:\/\/raum-blick.de\/magazin\/wp-content\/uploads\/2025\/05\/umage-asteria-plus-mini-nuance-rose-schienensystem_108250-1024x1024.jpg 1024w, https:\/\/raum-blick.de\/magazin\/wp-content\/uploads\/2025\/05\/umage-asteria-plus-mini-nuance-rose-schienensystem_108250-300x300.jpg 300w, https:\/\/raum-blick.de\/magazin\/wp-content\/uploads\/2025\/05\/umage-asteria-plus-mini-nuance-rose-schienensystem_108250-150x150.jpg 150w, https:\/\/raum-blick.de\/magazin\/wp-content\/uploads\/2025\/05\/umage-asteria-plus-mini-nuance-rose-schienensystem_108250-768x768.jpg 768w, https:\/\/raum-blick.de\/magazin\/wp-content\/uploads\/2025\/05\/umage-asteria-plus-mini-nuance-rose-schienensystem_108250.jpg 1500w\" sizes=\"(max-width: 1024px) 100vw, 1024px\" \/><\/a><\/figure>\n\n\n\n<figure class=\"wp-block-image size-large\"><a href=\"https:\/\/www.raum-blick.de\/umage-asteria-plus-mini-pendelleuchte\"><img loading=\"lazy\" decoding=\"async\" width=\"1024\" height=\"1024\" data-id=\"21629\" src=\"https:\/\/www.raum-blick.de\/magazin\/wp-content\/uploads\/2025\/05\/umage-asteria-plus-mini-pendelleuchte_108251-1024x1024.jpg\" alt=\"Typisch Umage Leuchte. Die schwarze Asteria Plus Mini \u00fcber dem Tisch f\u00fcgt sich perfekt in den Raum ein. \" class=\"wp-image-21629\" title=\"\" srcset=\"https:\/\/raum-blick.de\/magazin\/wp-content\/uploads\/2025\/05\/umage-asteria-plus-mini-pendelleuchte_108251-1024x1024.jpg 1024w, https:\/\/raum-blick.de\/magazin\/wp-content\/uploads\/2025\/05\/umage-asteria-plus-mini-pendelleuchte_108251-300x300.jpg 300w, https:\/\/raum-blick.de\/magazin\/wp-content\/uploads\/2025\/05\/umage-asteria-plus-mini-pendelleuchte_108251-150x150.jpg 150w, https:\/\/raum-blick.de\/magazin\/wp-content\/uploads\/2025\/05\/umage-asteria-plus-mini-pendelleuchte_108251-768x768.jpg 768w, https:\/\/raum-blick.de\/magazin\/wp-content\/uploads\/2025\/05\/umage-asteria-plus-mini-pendelleuchte_108251.jpg 1500w\" sizes=\"(max-width: 1024px) 100vw, 1024px\" \/><\/a><\/figure>\n<figcaption class=\"blocks-gallery-caption wp-element-caption\"><em>Das nennen wir funktional: Die neuen Asteria Plus Leuchten sind auch mit einem Schienensystem kompatibel (oben links). Und egal ob Mini oben oder Medium unten, beide Varianten haben einen integrierten Dimmer. Der Gr\u00f6\u00dfenunterschied betr\u00e4gt beim Lampenk\u00f6rper \u00fcbrigens nur 12 Zentimeter: Die Mini hat 31 cm im Durchmesser, die Medium 43. <\/em><\/figcaption><\/figure>\n\n\n\n<figure class=\"wp-block-gallery has-nested-images columns-default is-cropped wp-block-gallery-6 is-layout-flex wp-block-gallery-is-layout-flex\">\n<figure class=\"wp-block-image size-large\"><a href=\"https:\/\/www.raum-blick.de\/umage-asteria-plus-medium-pendelleuchte\"><img loading=\"lazy\" decoding=\"async\" width=\"1024\" height=\"1024\" data-id=\"21622\" src=\"https:\/\/www.raum-blick.de\/magazin\/wp-content\/uploads\/2025\/05\/UMAGE-asteria-plus-medium-brass-brass-ueber-Esstisch_110232-1024x1024.jpg\" alt=\"Goldwert ist der versteckte Knopf an der Oberseite der Asteria Plus Medium. Nicht ihm l\u00e4sst sich die Lichttemperatur der Umage Leuchte ganz einfach anpassen. Und in Gold strahlt sie gleich noch mal so sch\u00f6n.\" class=\"wp-image-21622\" title=\"\" srcset=\"https:\/\/raum-blick.de\/magazin\/wp-content\/uploads\/2025\/05\/UMAGE-asteria-plus-medium-brass-brass-ueber-Esstisch_110232-1024x1024.jpg 1024w, https:\/\/raum-blick.de\/magazin\/wp-content\/uploads\/2025\/05\/UMAGE-asteria-plus-medium-brass-brass-ueber-Esstisch_110232-300x300.jpg 300w, https:\/\/raum-blick.de\/magazin\/wp-content\/uploads\/2025\/05\/UMAGE-asteria-plus-medium-brass-brass-ueber-Esstisch_110232-150x150.jpg 150w, https:\/\/raum-blick.de\/magazin\/wp-content\/uploads\/2025\/05\/UMAGE-asteria-plus-medium-brass-brass-ueber-Esstisch_110232-768x768.jpg 768w, https:\/\/raum-blick.de\/magazin\/wp-content\/uploads\/2025\/05\/UMAGE-asteria-plus-medium-brass-brass-ueber-Esstisch_110232.jpg 1500w\" sizes=\"(max-width: 1024px) 100vw, 1024px\" \/><\/a><\/figure>\n\n\n\n<figure class=\"wp-block-image size-large\"><a href=\"https:\/\/www.raum-blick.de\/umage-asteria-plus-medium-pendelleuchte\"><img loading=\"lazy\" decoding=\"async\" width=\"1024\" height=\"1024\" data-id=\"21625\" src=\"https:\/\/www.raum-blick.de\/magazin\/wp-content\/uploads\/2025\/05\/UMAGE-asteria-plus-medium-schwarz-esstisch_108215-1024x1024.jpg\" alt=\"Gleich doppelt ins Schwarze getroffen: die Neue Umage Leuchte Asteria Plus Medium ist maximal vielseitig. Und der Diffusor sorgt f\u00fcr ein blendfreies gleichm\u00e4\u00dfiges Licht.\" class=\"wp-image-21625\" title=\"\" srcset=\"https:\/\/raum-blick.de\/magazin\/wp-content\/uploads\/2025\/05\/UMAGE-asteria-plus-medium-schwarz-esstisch_108215-1024x1024.jpg 1024w, https:\/\/raum-blick.de\/magazin\/wp-content\/uploads\/2025\/05\/UMAGE-asteria-plus-medium-schwarz-esstisch_108215-300x300.jpg 300w, https:\/\/raum-blick.de\/magazin\/wp-content\/uploads\/2025\/05\/UMAGE-asteria-plus-medium-schwarz-esstisch_108215-150x150.jpg 150w, https:\/\/raum-blick.de\/magazin\/wp-content\/uploads\/2025\/05\/UMAGE-asteria-plus-medium-schwarz-esstisch_108215-768x768.jpg 768w, https:\/\/raum-blick.de\/magazin\/wp-content\/uploads\/2025\/05\/UMAGE-asteria-plus-medium-schwarz-esstisch_108215.jpg 1500w\" sizes=\"(max-width: 1024px) 100vw, 1024px\" \/><\/a><\/figure>\n<figcaption class=\"blocks-gallery-caption wp-element-caption\"><em>Mit einem versteckten Knopf an der Oberseite der Asteria Lampe l\u00e4sst sich die Lichttemperatur m\u00fchelos anpassen. So k\u00f6nnen Sie die perfekte Atmosph\u00e4re zum Arbeiten, Essen oder einfach nur Entspannen schaffen. Einfach sehr durchdacht, wie alles bei Umage.<\/em><\/figcaption><\/figure>\n\n\n\n<h2 class=\"wp-block-heading\"><span class=\"ez-toc-section\" id=\"Umage_Lampen_Nicht_nur_Beleuchtung\"><\/span>Umage Lampen: Nicht nur Beleuchtung<span class=\"ez-toc-section-end\"><\/span><\/h2>\n\n\n\n<p>Wie Sie sehen, sind Umage Leuchten so viel mehr als nur funktionale Gegenst\u00e4nde. Sie sind Ausdruck eines Lebensgef\u00fchls und eine wirklich lohnende Investitionen, wenn Sie Ihr Zuhause mit zeitlosen, bezahlbaren Design-Ikonen noch sch\u00f6ner gestalten m\u00f6chten. Vor allem was Nachhaltigkeit, Funktionalit\u00e4t und \u00c4sthetik angeht, hat sich Umage einen festen Platz in der Welt des skandinavischen Designs erobert. Zurecht, finden wir. Und gerade die Asteria Serie ist hier ein Paradebeispiel f\u00fcr die Innovationskraft und den Designanspruch der Marke.<\/p>\n\n\n\n<p>Denn egal, ob Sie Ihr Herz an die flexible Asteria Move Tischleuchte oder die eleganten Asteria Plus Pendelleuchten verloren haben \u2013 Umage bietet Ihnen f\u00fcr jeden Raum eine ungemein geschmackvolle Beleuchtungsl\u00f6sung. Also: Lassen Sie sich von der Vielfalt der Umage Lampen inspirieren und holen Sie sich jetzt Ihr Lieblingsst\u00fcck!<\/p>\n\n\n\n<div class=\"wp-block-buttons is-content-justification-center is-layout-flex wp-container-core-buttons-is-layout-16018d1d wp-block-buttons-is-layout-flex\">\n<div class=\"wp-block-button is-style-fill\"><a class=\"wp-block-button__link has-white-color has-text-color wp-element-button\" href=\"https:\/\/www.raum-blick.de\/umage-lampe\/\">Leuchtende Inspirations-Quellen? Hier klicken!<\/a><\/div>\n<\/div>\n<\/p>","protected":false},"excerpt":{"rendered":"<p>\u00ab Skandinavisches Design, das R\u00e4ume verwandelt \u00bb Umage Lampen sind mehr als nur Lichtquellen. Sie sind Statement-Pieces. Die Marke Umage hat sich mit ihrem Fokus auf nachhaltiges Design, Funktionalit\u00e4t und \u00c4sthetik einen festen Platz in den Herzen von Design-Liebhabern erobert. Ihr Erfolg basiert auf dem Versprechen, erschwingliches, hochwertiges und zeitloses skandinavisches Design anzubieten. Die flexiblen [&hellip;]<\/p>\n","protected":false},"author":4,"featured_media":21662,"comment_status":"closed","ping_status":"open","sticky":false,"template":"","format":"standard","meta":{"_et_pb_use_builder":"","_et_pb_old_content":"","_et_gb_content_width":"","inline_featured_image":false,"footnotes":""},"categories":[7,1],"tags":[243,280,43,1236,47,910,46,935,2314],"class_list":["post-21608","post","type-post","status-publish","format-standard","has-post-thumbnail","hentry","category-accessoires-lifestyle","category-drinnen","tag-design-leuchten","tag-lampen","tag-leuchten","tag-pendelleuchte","tag-pendelleuchten","tag-tischleuchte","tag-tischleuchten","tag-umage","tag-umage-asteria"],"_links":{"self":[{"href":"https:\/\/raum-blick.de\/magazin\/wp-json\/wp\/v2\/posts\/21608","targetHints":{"allow":["GET"]}}],"collection":[{"href":"https:\/\/raum-blick.de\/magazin\/wp-json\/wp\/v2\/posts"}],"about":[{"href":"https:\/\/raum-blick.de\/magazin\/wp-json\/wp\/v2\/types\/post"}],"author":[{"embeddable":true,"href":"https:\/\/raum-blick.de\/magazin\/wp-json\/wp\/v2\/users\/4"}],"replies":[{"embeddable":true,"href":"https:\/\/raum-blick.de\/magazin\/wp-json\/wp\/v2\/comments?post=21608"}],"version-history":[{"count":16,"href":"https:\/\/raum-blick.de\/magazin\/wp-json\/wp\/v2\/posts\/21608\/revisions"}],"predecessor-version":[{"id":22028,"href":"https:\/\/raum-blick.de\/magazin\/wp-json\/wp\/v2\/posts\/21608\/revisions\/22028"}],"wp:featuredmedia":[{"embeddable":true,"href":"https:\/\/raum-blick.de\/magazin\/wp-json\/wp\/v2\/media\/21662"}],"wp:attachment":[{"href":"https:\/\/raum-blick.de\/magazin\/wp-json\/wp\/v2\/media?parent=21608"}],"wp:term":[{"taxonomy":"category","embeddable":true,"href":"https:\/\/raum-blick.de\/magazin\/wp-json\/wp\/v2\/categories?post=21608"},{"taxonomy":"post_tag","embeddable":true,"href":"https:\/\/raum-blick.de\/magazin\/wp-json\/wp\/v2\/tags?post=21608"}],"curies":[{"name":"wp","href":"https:\/\/api.w.org\/{rel}","templated":true}]}}