{"id":21498,"date":"2025-05-05T08:57:03","date_gmt":"2025-05-05T06:57:03","guid":{"rendered":"https:\/\/www.raum-blick.de\/magazin\/?p=21498"},"modified":"2025-04-25T09:09:49","modified_gmt":"2025-04-25T07:09:49","slug":"outdoor-moebel-die-trends-2025","status":"publish","type":"post","link":"https:\/\/raum-blick.de\/magazin\/outdoor-moebel-die-trends-2025\/","title":{"rendered":"Outdoor M\u00f6bel: Die Trends 2025"},"content":{"rendered":"\n<h2 class=\"wp-block-heading\"><span class=\"ez-toc-section\" id=\"%C2%AB_Satte_Farben_weiche_Formen_natuerliche_Materialien_%C2%BB\"><\/span>\u00ab Satte Farben, weiche Formen, nat\u00fcrliche Materialien \u00bb<span class=\"ez-toc-section-end\"><\/span><\/h2>\n\n\n\n<p><strong>Fr\u00fchlingsgef\u00fchle! An allen Ecken gr\u00fcnt und bl\u00fcht es und die Gartensaison ist zum Greifen nah. Jetzt ist die beste Zeit f\u00fcr ein <a href=\"https:\/\/www.raum-blick.de\/outdoor-moebel\/\">stylishes Outdoor M\u00f6bel<\/a> Fresh up. Feiern Sie mit uns den Fr\u00fchling, lassen Sie sich von den zauberhaften neuen Farben verf\u00fchren, verlieben Sie sich in die organischen Formen und entdecken Sie das It-Material der Stunde: Rope, ein geflochtenes, strapazierf\u00e4higes Seilgewebe. F\u00fcr alle, die Lust haben, etwas Neues auszuprobieren oder auch einfach nur neugierig sind, zeigen wir die drei wichtigsten fr\u00fchlingsfrischen Outdoor Trends und unsere trendy Shop-Lieblingsst\u00fccke gleich dazu. Also nichts wie auf ins Gartengl\u00fcck!<\/strong><\/p>\n\n\n\n<figure class=\"wp-block-image size-large\"><a href=\"https:\/\/www.raum-blick.de\/kartell\/\"><img loading=\"lazy\" decoding=\"async\" width=\"1024\" height=\"1024\" src=\"https:\/\/www.raum-blick.de\/magazin\/wp-content\/uploads\/2025\/03\/kartell-kleo-teppich-rund-rot_109228-1024x1024.jpg\" alt=\"Outdoor M\u00f6bel zeigen sich 2025 gerne in warmen Farben. Hier ein Komplett-Ensemble in dunklem Rot von Kartell.\" class=\"wp-image-21534\" title=\"\" srcset=\"https:\/\/raum-blick.de\/magazin\/wp-content\/uploads\/2025\/03\/kartell-kleo-teppich-rund-rot_109228-1024x1024.jpg 1024w, https:\/\/raum-blick.de\/magazin\/wp-content\/uploads\/2025\/03\/kartell-kleo-teppich-rund-rot_109228-300x300.jpg 300w, https:\/\/raum-blick.de\/magazin\/wp-content\/uploads\/2025\/03\/kartell-kleo-teppich-rund-rot_109228-150x150.jpg 150w, https:\/\/raum-blick.de\/magazin\/wp-content\/uploads\/2025\/03\/kartell-kleo-teppich-rund-rot_109228-768x768.jpg 768w, https:\/\/raum-blick.de\/magazin\/wp-content\/uploads\/2025\/03\/kartell-kleo-teppich-rund-rot_109228.jpg 1500w\" sizes=\"(max-width: 1024px) 100vw, 1024px\" \/><\/a><figcaption class=\"wp-element-caption\"><em>Pretty in red oder besser gesagt im angesagten Windsor Wine. St\u00fchle, Tisch, Leuchte und Teppich \u2013 alles vom renommierten italienischen Design-Label Kartell. Und nach wie vor steht das Label f\u00fcr Au\u00dfergew\u00f6hnliches.<\/em><\/figcaption><\/figure>\n\n\n\n<h2 class=\"wp-block-heading\"><span class=\"ez-toc-section\" id=\"Was_sind_die_Outdoor_Moebel_Trends_2025\"><\/span>Was sind die Outdoor M\u00f6bel Trends 2025?<span class=\"ez-toc-section-end\"><\/span><\/h2>\n\n\n\n<p>Es geht zur\u00fcck zur Natur &#8211; in jeder Hinsicht.<strong> Kr\u00e4ftige Naturt\u00f6ne,<\/strong> allen voran dunkle Rot- und Terrakotta-T\u00f6ne, Mokkabraun und Salbeigr\u00fcn. Dazu ein <strong>puristisches Design,<\/strong> das mit Polstern, Leuchten und Beistelltischen so richtig gem\u00fctlich wird. Nicht zu vergessen die <strong>geflochtenen Sitzfl\u00e4chen<\/strong> aus schnell trocknendem Polypropylen. Und die Grenzen zwischen In- und Outdoor verschwimmen zunehmend. Denn die Outdoor M\u00f6bel Neuheiten k\u00f6nnen in puncto Qualit\u00e4t, Komfort und Look &amp; Feel locker mit ihrer Indoor-Verwandtschaft mithalten. Au\u00dferdem sind die neuen multifunktionalen Designs platzsparend und maximal flexibel, sodass sie auch wunderbar f\u00fcr Kleingarten- und Balkonbesitzer geeignet sind. Also nichts wie auf in den neuen alten Lieblingsort und von uns bekommen Sie daf\u00fcr jetzt gleich jede Menge Inspiration!<\/p><div id=\"ez-toc-container\" class=\"ez-toc-v2_0_82_2 counter-hierarchy ez-toc-counter ez-toc-grey ez-toc-container-direction\">\n<div class=\"ez-toc-title-container\">\n<p class=\"ez-toc-title\" style=\"cursor:inherit\">Was hier auf Sie wartet<\/p>\n<span class=\"ez-toc-title-toggle\"><a href=\"#\" class=\"ez-toc-pull-right ez-toc-btn ez-toc-btn-xs ez-toc-btn-default ez-toc-toggle\" aria-label=\"Toggle Table of Content\"><span class=\"ez-toc-js-icon-con\"><span class=\"\"><span class=\"eztoc-hide\" style=\"display:none;\">Toggle<\/span><span class=\"ez-toc-icon-toggle-span\"><svg style=\"fill: #999;color:#999\" xmlns=\"http:\/\/www.w3.org\/2000\/svg\" class=\"list-377408\" width=\"20px\" height=\"20px\" viewBox=\"0 0 24 24\" fill=\"none\"><path d=\"M6 6H4v2h2V6zm14 0H8v2h12V6zM4 11h2v2H4v-2zm16 0H8v2h12v-2zM4 16h2v2H4v-2zm16 0H8v2h12v-2z\" fill=\"currentColor\"><\/path><\/svg><svg style=\"fill: #999;color:#999\" class=\"arrow-unsorted-368013\" xmlns=\"http:\/\/www.w3.org\/2000\/svg\" width=\"10px\" height=\"10px\" viewBox=\"0 0 24 24\" version=\"1.2\" baseProfile=\"tiny\"><path d=\"M18.2 9.3l-6.2-6.3-6.2 6.3c-.2.2-.3.4-.3.7s.1.5.3.7c.2.2.4.3.7.3h11c.3 0 .5-.1.7-.3.2-.2.3-.5.3-.7s-.1-.5-.3-.7zM5.8 14.7l6.2 6.3 6.2-6.3c.2-.2.3-.5.3-.7s-.1-.5-.3-.7c-.2-.2-.4-.3-.7-.3h-11c-.3 0-.5.1-.7.3-.2.2-.3.5-.3.7s.1.5.3.7z\"\/><\/svg><\/span><\/span><\/span><\/a><\/span><\/div>\n<nav><ul class='ez-toc-list ez-toc-list-level-1 ' ><li class='ez-toc-page-1 ez-toc-heading-level-2'><a class=\"ez-toc-link ez-toc-heading-1\" href=\"https:\/\/raum-blick.de\/magazin\/outdoor-moebel-die-trends-2025\/#%C2%AB_Satte_Farben_weiche_Formen_natuerliche_Materialien_%C2%BB\" >\u00ab Satte Farben, weiche Formen, nat\u00fcrliche Materialien \u00bb<\/a><\/li><li class='ez-toc-page-1 ez-toc-heading-level-2'><a class=\"ez-toc-link ez-toc-heading-2\" href=\"https:\/\/raum-blick.de\/magazin\/outdoor-moebel-die-trends-2025\/#Was_sind_die_Outdoor_Moebel_Trends_2025\" >Was sind die Outdoor M\u00f6bel Trends 2025?<\/a><\/li><li class='ez-toc-page-1 ez-toc-heading-level-2'><a class=\"ez-toc-link ez-toc-heading-3\" href=\"https:\/\/raum-blick.de\/magazin\/outdoor-moebel-die-trends-2025\/#Outdoor_Moebel_Trend_1_warme_Farben\" >Outdoor M\u00f6bel Trend 1: warme Farben<\/a><\/li><li class='ez-toc-page-1 ez-toc-heading-level-2'><a class=\"ez-toc-link ez-toc-heading-4\" href=\"https:\/\/raum-blick.de\/magazin\/outdoor-moebel-die-trends-2025\/#Outdoor_Moebel_Trend_2_organische_Formen\" >Outdoor M\u00f6bel Trend 2: organische Formen<\/a><\/li><li class='ez-toc-page-1 ez-toc-heading-level-2'><a class=\"ez-toc-link ez-toc-heading-5\" href=\"https:\/\/raum-blick.de\/magazin\/outdoor-moebel-die-trends-2025\/#Outdoor_Moebel_Trend_3_natuerliche_Materialien\" >Outdoor M\u00f6bel Trend 3: nat\u00fcrliche Materialien<\/a><\/li><li class='ez-toc-page-1 ez-toc-heading-level-2'><a class=\"ez-toc-link ez-toc-heading-6\" href=\"https:\/\/raum-blick.de\/magazin\/outdoor-moebel-die-trends-2025\/#Unentbehrlich_charmante_Outdoor_Accessoires_zum_Wohlfuehlen\" >Unentbehrlich: charmante Outdoor Accessoires zum Wohlf\u00fchlen<\/a><\/li><\/ul><\/nav><\/div>\n\n\n\n\n<h2 class=\"wp-block-heading\"><span class=\"ez-toc-section\" id=\"Outdoor_Moebel_Trend_1_warme_Farben\"><\/span>Outdoor M\u00f6bel Trend 1: warme Farben<span class=\"ez-toc-section-end\"><\/span><\/h2>\n\n\n\n<p>Neben Tomatenrot ist jetzt ein <strong>tiefes Burgunder, <\/strong>das sogenannte Windsor Wine, einer DER It-T\u00f6ne der Saison.  Das l\u00e4sst sich nicht nur wunderbar mit Wei\u00df, Creme und Greige kombinieren, sondern datet auch gerne das <strong>dunkle Garden Green<\/strong> oder das <strong>etwas hellere Kaschmir<\/strong>. Beides zwei sehr elegante Kombinationen. Und dann gibt es noch den <strong>Pantone Farbton 2025 schlechthin: Mocha Mousse.<\/strong> Ein sinnlicher, erdiger Braunton. Da hat wohl jemand an die entspannende Tasse Kaffee und ihren wohligen Genuss gedacht. Und genauso w\u00e4rmend ist diese Trendfarbe.<\/p>\n\n\n\n<figure class=\"wp-block-gallery has-nested-images columns-default is-cropped wp-block-gallery-2 is-layout-flex wp-block-gallery-is-layout-flex\">\n<figure class=\"wp-block-image size-large\"><a href=\"https:\/\/www.raum-blick.de\/kartell-hiray-poltroncina\/poltrona-armlehnstuhl\"><img loading=\"lazy\" decoding=\"async\" width=\"1024\" height=\"1024\" data-id=\"21576\" src=\"https:\/\/www.raum-blick.de\/magazin\/wp-content\/uploads\/2025\/03\/kartell-hiray-poltronicina-amb1_90007-1024x1024.jpg\" alt=\"So stylish kann Drahll\u00f6ttechnk sein: Der Kartell Hiray Poltroncina - ein wunderbar filigranes Outdoor M\u00f6bel.\" class=\"wp-image-21576\" title=\"\" srcset=\"https:\/\/raum-blick.de\/magazin\/wp-content\/uploads\/2025\/03\/kartell-hiray-poltronicina-amb1_90007-1024x1024.jpg 1024w, https:\/\/raum-blick.de\/magazin\/wp-content\/uploads\/2025\/03\/kartell-hiray-poltronicina-amb1_90007-300x300.jpg 300w, https:\/\/raum-blick.de\/magazin\/wp-content\/uploads\/2025\/03\/kartell-hiray-poltronicina-amb1_90007-150x150.jpg 150w, https:\/\/raum-blick.de\/magazin\/wp-content\/uploads\/2025\/03\/kartell-hiray-poltronicina-amb1_90007-768x768.jpg 768w, https:\/\/raum-blick.de\/magazin\/wp-content\/uploads\/2025\/03\/kartell-hiray-poltronicina-amb1_90007.jpg 1500w\" sizes=\"(max-width: 1024px) 100vw, 1024px\" \/><\/a><\/figure>\n\n\n\n<figure class=\"wp-block-image size-large\"><a href=\"https:\/\/www.raum-blick.de\/fatboy-sitzsack\/\"><img loading=\"lazy\" decoding=\"async\" width=\"1024\" height=\"1024\" data-id=\"21564\" src=\"https:\/\/www.raum-blick.de\/magazin\/wp-content\/uploads\/2025\/03\/fatboy-sitzsack-outdoor-mit-rock-n-roll_58933-1024x1024.jpg\" alt=\"Mit einem Fatboy Sitzsack ist es immer richtig chillig. Die Kombi mit dem Rock &#039;n Roll Schaukelstuhl lieben wir besonders. \" class=\"wp-image-21564\" title=\"\" srcset=\"https:\/\/raum-blick.de\/magazin\/wp-content\/uploads\/2025\/03\/fatboy-sitzsack-outdoor-mit-rock-n-roll_58933-1024x1024.jpg 1024w, https:\/\/raum-blick.de\/magazin\/wp-content\/uploads\/2025\/03\/fatboy-sitzsack-outdoor-mit-rock-n-roll_58933-300x300.jpg 300w, https:\/\/raum-blick.de\/magazin\/wp-content\/uploads\/2025\/03\/fatboy-sitzsack-outdoor-mit-rock-n-roll_58933-150x150.jpg 150w, https:\/\/raum-blick.de\/magazin\/wp-content\/uploads\/2025\/03\/fatboy-sitzsack-outdoor-mit-rock-n-roll_58933-768x768.jpg 768w, https:\/\/raum-blick.de\/magazin\/wp-content\/uploads\/2025\/03\/fatboy-sitzsack-outdoor-mit-rock-n-roll_58933.jpg 1500w\" sizes=\"(max-width: 1024px) 100vw, 1024px\" \/><\/a><\/figure>\n\n\n\n<figure class=\"wp-block-image size-large\"><a href=\"https:\/\/www.raum-blick.de\/emu-mom-gartenstuhl\"><img loading=\"lazy\" decoding=\"async\" width=\"1024\" height=\"1024\" data-id=\"21556\" src=\"https:\/\/www.raum-blick.de\/magazin\/wp-content\/uploads\/2025\/03\/emu-mom-stuhl-639-26_91087-1024x1024.jpg\" alt=\"Outdoor M\u00f6bel &quot;made in Italy&quot;. Inspiration f\u00fcr den stapelbaren, schlichten MOM Gartenstuhl von emu war ein japanisches Suiban Tablett.\" class=\"wp-image-21556\" title=\"\" srcset=\"https:\/\/raum-blick.de\/magazin\/wp-content\/uploads\/2025\/03\/emu-mom-stuhl-639-26_91087-1024x1024.jpg 1024w, https:\/\/raum-blick.de\/magazin\/wp-content\/uploads\/2025\/03\/emu-mom-stuhl-639-26_91087-300x300.jpg 300w, https:\/\/raum-blick.de\/magazin\/wp-content\/uploads\/2025\/03\/emu-mom-stuhl-639-26_91087-150x150.jpg 150w, https:\/\/raum-blick.de\/magazin\/wp-content\/uploads\/2025\/03\/emu-mom-stuhl-639-26_91087-768x768.jpg 768w, https:\/\/raum-blick.de\/magazin\/wp-content\/uploads\/2025\/03\/emu-mom-stuhl-639-26_91087.jpg 1300w\" sizes=\"(max-width: 1024px) 100vw, 1024px\" \/><\/a><\/figure>\n<figcaption class=\"blocks-gallery-caption wp-element-caption\"><em>Dunkelrot, Tomatenrot oder Ahornrot, Hingucker sind diese Sitzgelegenheiten alle. Und bequem sowieso, egal ob von den traditionsreichen italienischen Labels Kartell (links) und emu (rechts) oder von Fatboy aus den Niederlanden (Mitte).  Der Fatboy Sitzsack Outdoor in Kombi mit dem Rock &#8217;n Roll Schaukelstuhl, ist nat\u00fcrlich besonders chillig. <\/em><\/figcaption><\/figure>\n\n\n\n<figure class=\"wp-block-gallery has-nested-images columns-default is-cropped wp-block-gallery-3 is-layout-flex wp-block-gallery-is-layout-flex\">\n<figure class=\"wp-block-image size-large\"><a href=\"https:\/\/www.raum-blick.de\/fatboy-gartenmoebel\/\"><img loading=\"lazy\" decoding=\"async\" width=\"1024\" height=\"1024\" data-id=\"21562\" src=\"https:\/\/www.raum-blick.de\/magazin\/wp-content\/uploads\/2025\/03\/toni-armchai-lampe-gruen_51251-1024x1024.jpg\" alt=\"Fatboy Toni zitiert den klassischen Bistrostuhl auf seine ganz eigene Art. \" class=\"wp-image-21562\" title=\"\" srcset=\"https:\/\/raum-blick.de\/magazin\/wp-content\/uploads\/2025\/03\/toni-armchai-lampe-gruen_51251-1024x1024.jpg 1024w, https:\/\/raum-blick.de\/magazin\/wp-content\/uploads\/2025\/03\/toni-armchai-lampe-gruen_51251-300x300.jpg 300w, https:\/\/raum-blick.de\/magazin\/wp-content\/uploads\/2025\/03\/toni-armchai-lampe-gruen_51251-150x150.jpg 150w, https:\/\/raum-blick.de\/magazin\/wp-content\/uploads\/2025\/03\/toni-armchai-lampe-gruen_51251-768x768.jpg 768w, https:\/\/raum-blick.de\/magazin\/wp-content\/uploads\/2025\/03\/toni-armchai-lampe-gruen_51251.jpg 1080w\" sizes=\"(max-width: 1024px) 100vw, 1024px\" \/><\/a><\/figure>\n\n\n\n<figure class=\"wp-block-image size-large\"><a href=\"https:\/\/www.raum-blick.de\/fiam-fiesta-sessel\"><img loading=\"lazy\" decoding=\"async\" width=\"1024\" height=\"1024\" data-id=\"21560\" src=\"https:\/\/www.raum-blick.de\/magazin\/wp-content\/uploads\/2025\/03\/fiam-fiesta-sessel-salbei_51554-1024x1024.jpg\" alt=\"Ein Outdoor M\u00f6bel zum Einfach-Einpacken und \u00dcberallhin-Mitnehmen: der klappbare FIam Fiesta Sessel.\" class=\"wp-image-21560\" title=\"\" srcset=\"https:\/\/raum-blick.de\/magazin\/wp-content\/uploads\/2025\/03\/fiam-fiesta-sessel-salbei_51554-1024x1024.jpg 1024w, https:\/\/raum-blick.de\/magazin\/wp-content\/uploads\/2025\/03\/fiam-fiesta-sessel-salbei_51554-300x300.jpg 300w, https:\/\/raum-blick.de\/magazin\/wp-content\/uploads\/2025\/03\/fiam-fiesta-sessel-salbei_51554-150x150.jpg 150w, https:\/\/raum-blick.de\/magazin\/wp-content\/uploads\/2025\/03\/fiam-fiesta-sessel-salbei_51554-768x768.jpg 768w, https:\/\/raum-blick.de\/magazin\/wp-content\/uploads\/2025\/03\/fiam-fiesta-sessel-salbei_51554.jpg 1500w\" sizes=\"(max-width: 1024px) 100vw, 1024px\" \/><\/a><\/figure>\n\n\n\n<figure class=\"wp-block-image size-large\"><a href=\"https:\/\/www.raum-blick.de\/emu-star-armlehnstuhl\"><img loading=\"lazy\" decoding=\"async\" width=\"1024\" height=\"1024\" data-id=\"21592\" src=\"https:\/\/www.raum-blick.de\/magazin\/wp-content\/uploads\/2025\/04\/emu-star-outdoorstuhl_90935-1024x1024.jpg\" alt=\"emu Star St\u00fchle sind schlicht, aber ausgesprochen \u00fcberzeugend. Hier im Ensemble und Ton in Ton mit Tisch und Bank. \" class=\"wp-image-21592\" title=\"\" srcset=\"https:\/\/raum-blick.de\/magazin\/wp-content\/uploads\/2025\/04\/emu-star-outdoorstuhl_90935-1024x1024.jpg 1024w, https:\/\/raum-blick.de\/magazin\/wp-content\/uploads\/2025\/04\/emu-star-outdoorstuhl_90935-300x300.jpg 300w, https:\/\/raum-blick.de\/magazin\/wp-content\/uploads\/2025\/04\/emu-star-outdoorstuhl_90935-150x150.jpg 150w, https:\/\/raum-blick.de\/magazin\/wp-content\/uploads\/2025\/04\/emu-star-outdoorstuhl_90935-768x768.jpg 768w, https:\/\/raum-blick.de\/magazin\/wp-content\/uploads\/2025\/04\/emu-star-outdoorstuhl_90935.jpg 1500w\" sizes=\"(max-width: 1024px) 100vw, 1024px\" \/><\/a><\/figure>\n<figcaption class=\"blocks-gallery-caption wp-element-caption\"><em>Es gr\u00fcnt im Garten und bei den St\u00fchlen. Von soft bis kr\u00e4ftig. Unsere Favoriten: Fatboy Toni (links), stapelbar und platzsparend, der klappbare, komfortable Fiam Fiesta Sessel (Mitte) und der ebenfalls stapelbare emu Star, den es mit oder ohne Armlehne gibt.<\/em><\/figcaption><\/figure>\n\n\n\n<figure class=\"wp-block-gallery has-nested-images columns-default is-cropped wp-block-gallery-4 is-layout-flex wp-block-gallery-is-layout-flex\">\n<figure class=\"wp-block-image size-large\"><a href=\"https:\/\/www.raum-blick.de\/emu-star-gartenbank\"><img loading=\"lazy\" decoding=\"async\" width=\"1024\" height=\"1024\" data-id=\"21591\" src=\"https:\/\/www.raum-blick.de\/magazin\/wp-content\/uploads\/2025\/04\/emu-star-bank-163-86_91027-1024x1024.jpg\" alt=\"Die 118 cm lange emu Star Gartenbank ist vor dem Haus genauso sch\u00f6n wie im Garten. Ein wunderbarer Platz f\u00fcr den Fr\u00fchst\u00fcckskaffee.\" class=\"wp-image-21591\" title=\"\" srcset=\"https:\/\/raum-blick.de\/magazin\/wp-content\/uploads\/2025\/04\/emu-star-bank-163-86_91027-1024x1024.jpg 1024w, https:\/\/raum-blick.de\/magazin\/wp-content\/uploads\/2025\/04\/emu-star-bank-163-86_91027-300x300.jpg 300w, https:\/\/raum-blick.de\/magazin\/wp-content\/uploads\/2025\/04\/emu-star-bank-163-86_91027-150x150.jpg 150w, https:\/\/raum-blick.de\/magazin\/wp-content\/uploads\/2025\/04\/emu-star-bank-163-86_91027-768x768.jpg 768w, https:\/\/raum-blick.de\/magazin\/wp-content\/uploads\/2025\/04\/emu-star-bank-163-86_91027.jpg 1300w\" sizes=\"(max-width: 1024px) 100vw, 1024px\" \/><\/a><\/figure>\n\n\n\n<figure class=\"wp-block-image size-large\"><img loading=\"lazy\" decoding=\"async\" width=\"1024\" height=\"1024\" data-id=\"21582\" src=\"https:\/\/www.raum-blick.de\/magazin\/wp-content\/uploads\/2025\/03\/muuto-Fiber-outdoor-armchair-brown-red-terrasse_98434-1024x1024.jpg\" alt=\"Der Muuto Fiber Gartensessel ist ein skandinavischer Klassiker aus 100 % recyceltem Kunststoff. \" class=\"wp-image-21582\" title=\"\" srcset=\"https:\/\/raum-blick.de\/magazin\/wp-content\/uploads\/2025\/03\/muuto-Fiber-outdoor-armchair-brown-red-terrasse_98434-1024x1024.jpg 1024w, https:\/\/raum-blick.de\/magazin\/wp-content\/uploads\/2025\/03\/muuto-Fiber-outdoor-armchair-brown-red-terrasse_98434-300x300.jpg 300w, https:\/\/raum-blick.de\/magazin\/wp-content\/uploads\/2025\/03\/muuto-Fiber-outdoor-armchair-brown-red-terrasse_98434-150x150.jpg 150w, https:\/\/raum-blick.de\/magazin\/wp-content\/uploads\/2025\/03\/muuto-Fiber-outdoor-armchair-brown-red-terrasse_98434-768x768.jpg 768w, https:\/\/raum-blick.de\/magazin\/wp-content\/uploads\/2025\/03\/muuto-Fiber-outdoor-armchair-brown-red-terrasse_98434.jpg 1500w\" sizes=\"(max-width: 1024px) 100vw, 1024px\" \/><\/figure>\n\n\n\n<figure class=\"wp-block-image size-large\"><img loading=\"lazy\" decoding=\"async\" width=\"1024\" height=\"1024\" data-id=\"21527\" src=\"https:\/\/www.raum-blick.de\/magazin\/wp-content\/uploads\/2025\/03\/cane-line-capture-2-sitzer-sofamodul-kombination-ambiente_89163-1024x1024.jpg\" alt=\"Wenn Outdoor M\u00f6bel, dann gerne modular. Und nat\u00fcrlich hygge, wie sich das f\u00fcr Skandinavien geh\u00f6rt. Cane-line Capture ist da ein wundervolles Beispiel.\" class=\"wp-image-21527\" title=\"\" srcset=\"https:\/\/raum-blick.de\/magazin\/wp-content\/uploads\/2025\/03\/cane-line-capture-2-sitzer-sofamodul-kombination-ambiente_89163-1024x1024.jpg 1024w, https:\/\/raum-blick.de\/magazin\/wp-content\/uploads\/2025\/03\/cane-line-capture-2-sitzer-sofamodul-kombination-ambiente_89163-300x300.jpg 300w, https:\/\/raum-blick.de\/magazin\/wp-content\/uploads\/2025\/03\/cane-line-capture-2-sitzer-sofamodul-kombination-ambiente_89163-150x150.jpg 150w, https:\/\/raum-blick.de\/magazin\/wp-content\/uploads\/2025\/03\/cane-line-capture-2-sitzer-sofamodul-kombination-ambiente_89163-768x768.jpg 768w, https:\/\/raum-blick.de\/magazin\/wp-content\/uploads\/2025\/03\/cane-line-capture-2-sitzer-sofamodul-kombination-ambiente_89163.jpg 1500w\" sizes=\"(max-width: 1024px) 100vw, 1024px\" \/><\/figure>\n<figcaption class=\"blocks-gallery-caption wp-element-caption\"><em>Bank, Stuhl oder Sofa? Nehmen Sie doch einfach alle. Hauptsache sinnliches Braun. Denn hier schmeckt der Kaffee nochmal so sch\u00f6n: auf der stapelbaren emu Star Gartenbank f\u00fcr zwei (links), dem Modularen, loungigen Cane-line Capture Outdoorsofa, ebenfalls f\u00fcr zwei (rechts), oder im Muuto Fiber mit seinen anschmiegsamen Kurven (Mitte).<\/em><\/figcaption><\/figure>\n\n\n\n<h2 class=\"wp-block-heading\"><span class=\"ez-toc-section\" id=\"Outdoor_Moebel_Trend_2_organische_Formen\"><\/span>Outdoor M\u00f6bel Trend 2: organische Formen<span class=\"ez-toc-section-end\"><\/span><\/h2>\n\n\n\n<p><strong>Weiche Linien<\/strong> wirken gleich auf den ersten Blick einladend und freundlich. Sofort schaltet man hier in den Entspannungsmodus. Ruhe und Harmonie kehren ein und wir f\u00fchlen uns mit der Natur verbunden. <strong>Abgerundete Details <\/strong>finden sich jetzt \u00fcbrigens auch bei filigranen Aluminium- und Stahlrahmen von St\u00fchlen und Tischen oder den luftigen Gitterstrukturen. Was so ein wenig mehr Weichheit doch ausmacht. Sofort wirkt alles leicht und modern, obwohl die Konstruktionen nat\u00fcrlich stabil und robust sind. <\/p>\n\n\n\n<figure class=\"wp-block-gallery has-nested-images columns-default is-cropped wp-block-gallery-5 is-layout-flex wp-block-gallery-is-layout-flex\">\n<figure class=\"wp-block-image size-large\"><a href=\"https:\/\/www.raum-blick.de\/cane-line-mega-loungesessel\"><img loading=\"lazy\" decoding=\"async\" width=\"1024\" height=\"1024\" data-id=\"21521\" src=\"https:\/\/www.raum-blick.de\/magazin\/wp-content\/uploads\/2025\/03\/cane-line-mega-loungesessel-ambiente-meer_89259xftI4ebsPd5KX-1024x1024.jpg\" alt=\"Der Cane-line Mega hei\u00dft nicht nur so, er ist auch in jeder Hinsicht mega. Modern, komfortabel, Temperatur- und UV-best\u00e4ndig.\" class=\"wp-image-21521\" title=\"\" srcset=\"https:\/\/raum-blick.de\/magazin\/wp-content\/uploads\/2025\/03\/cane-line-mega-loungesessel-ambiente-meer_89259xftI4ebsPd5KX-1024x1024.jpg 1024w, https:\/\/raum-blick.de\/magazin\/wp-content\/uploads\/2025\/03\/cane-line-mega-loungesessel-ambiente-meer_89259xftI4ebsPd5KX-300x300.jpg 300w, https:\/\/raum-blick.de\/magazin\/wp-content\/uploads\/2025\/03\/cane-line-mega-loungesessel-ambiente-meer_89259xftI4ebsPd5KX-150x150.jpg 150w, https:\/\/raum-blick.de\/magazin\/wp-content\/uploads\/2025\/03\/cane-line-mega-loungesessel-ambiente-meer_89259xftI4ebsPd5KX-768x768.jpg 768w, https:\/\/raum-blick.de\/magazin\/wp-content\/uploads\/2025\/03\/cane-line-mega-loungesessel-ambiente-meer_89259xftI4ebsPd5KX.jpg 1500w\" sizes=\"(max-width: 1024px) 100vw, 1024px\" \/><\/a><\/figure>\n\n\n\n<figure class=\"wp-block-image size-large\"><img loading=\"lazy\" decoding=\"async\" width=\"1024\" height=\"1024\" data-id=\"21528\" src=\"https:\/\/www.raum-blick.de\/magazin\/wp-content\/uploads\/2025\/03\/peacock-loungesessel-drehbar-cane-line_98739-1024x1024.jpg\" alt=\"Der Cane-line Peacock mit seinem praktischen Drehfu\u00df ist einer unserer absoluten Outdoor M\u00f6bel Lieblinge.\" class=\"wp-image-21528\" title=\"\" srcset=\"https:\/\/raum-blick.de\/magazin\/wp-content\/uploads\/2025\/03\/peacock-loungesessel-drehbar-cane-line_98739-1024x1024.jpg 1024w, https:\/\/raum-blick.de\/magazin\/wp-content\/uploads\/2025\/03\/peacock-loungesessel-drehbar-cane-line_98739-300x300.jpg 300w, https:\/\/raum-blick.de\/magazin\/wp-content\/uploads\/2025\/03\/peacock-loungesessel-drehbar-cane-line_98739-150x150.jpg 150w, https:\/\/raum-blick.de\/magazin\/wp-content\/uploads\/2025\/03\/peacock-loungesessel-drehbar-cane-line_98739-768x768.jpg 768w, https:\/\/raum-blick.de\/magazin\/wp-content\/uploads\/2025\/03\/peacock-loungesessel-drehbar-cane-line_98739.jpg 1500w\" sizes=\"(max-width: 1024px) 100vw, 1024px\" \/><\/figure>\n<figcaption class=\"blocks-gallery-caption wp-element-caption\"><em>Cane-line hat f\u00fcr uns einfach die sch\u00f6nsten Rundungen und ist herrlich bequem: links der geradlinige Mega Loungesessel, rechts der elegante 360\u00b0 drehbare Peacock. UV-best\u00e4ndig und schnelltrocknend sind beide Modelle. Regenschauer? Egal!<\/em><\/figcaption><\/figure>\n\n\n\n<h2 class=\"wp-block-heading\"><span class=\"ez-toc-section\" id=\"Outdoor_Moebel_Trend_3_natuerliche_Materialien\"><\/span>Outdoor M\u00f6bel Trend 3: nat\u00fcrliche Materialien<span class=\"ez-toc-section-end\"><\/span><\/h2>\n\n\n\n<p><strong>Holz, insbesondere Teak, Rattan und Bambus<\/strong> \u2013 Nat\u00fcrlichkeit ist 2025 ein Must-have. Dazu geh\u00f6ren sanfte Creme-, Beige- und Braunt\u00f6ne und <strong>vor allem Rope.<\/strong> Was sich hinter den vier Buchstaben verbirgt? Sagen wir Ihnen:  Rope ist ein ausgesprochen vielseitiges, geflochtenes Seilgewebe mit einer angenehmen Haptik. Verwendet wird das robuste Geflecht aus strapazierf\u00e4higem und wetterfestem Material wie Polypropylen vor allem f\u00fcr Sitzfl\u00e4chen und R\u00fcckenlehnen. Und bei aller Spannkraft wirkt das Ganze doch sehr luftig, leicht und filigran. Au\u00dferdem m\u00f6gen wir es 2025 gerne <strong>langlebig, hochwertig und pflegeleicht. <\/strong>Und Stoffe wie Boucl\u00e9, Teddy oder Cord sind jetzt auch vermehrt im Outdoor Bereich zu finden. <\/p>\n\n\n\n<figure class=\"wp-block-image size-large\"><a href=\"https:\/\/www.raum-blick.de\/cane-line-ocean-2-sitzer-sofa-large\"><img loading=\"lazy\" decoding=\"async\" width=\"1024\" height=\"1024\" src=\"https:\/\/www.raum-blick.de\/magazin\/wp-content\/uploads\/2025\/03\/cane-line-ocean-loungesessel-large-natural-ambiente_89289-1024x1024.jpg\" alt=\"Cane-Line Ocean, Loungem\u00f6bel, die einfach Lust auf drau\u00dfen machen.\" class=\"wp-image-21520\" title=\"\" srcset=\"https:\/\/raum-blick.de\/magazin\/wp-content\/uploads\/2025\/03\/cane-line-ocean-loungesessel-large-natural-ambiente_89289-1024x1024.jpg 1024w, https:\/\/raum-blick.de\/magazin\/wp-content\/uploads\/2025\/03\/cane-line-ocean-loungesessel-large-natural-ambiente_89289-300x300.jpg 300w, https:\/\/raum-blick.de\/magazin\/wp-content\/uploads\/2025\/03\/cane-line-ocean-loungesessel-large-natural-ambiente_89289-150x150.jpg 150w, https:\/\/raum-blick.de\/magazin\/wp-content\/uploads\/2025\/03\/cane-line-ocean-loungesessel-large-natural-ambiente_89289-768x768.jpg 768w, https:\/\/raum-blick.de\/magazin\/wp-content\/uploads\/2025\/03\/cane-line-ocean-loungesessel-large-natural-ambiente_89289.jpg 1080w\" sizes=\"(max-width: 1024px) 100vw, 1024px\" \/><\/a><figcaption class=\"wp-element-caption\"><em>Und hier gleich noch mehr k\u00fchle skandinavische Geradlinigkeit, bei der Funktionalit\u00e4t und \u00c4sthetik verschmelzen. Denn das beherrscht Cane-line einfach perfekt, wie auch die Ocean-Serie zeigt. Der Korpus ist aus trendigem Soft Rope-Material, die Auflagen und Kissen aus wetterbest\u00e4ndigem Cane-line Flat Weave.<\/em><\/figcaption><\/figure>\n\n\n\n<figure class=\"wp-block-gallery has-nested-images columns-default is-cropped wp-block-gallery-6 is-layout-flex wp-block-gallery-is-layout-flex\">\n<figure class=\"wp-block-image size-large\"><a href=\"https:\/\/www.raum-blick.de\/cane-line-hive-loungesessel\"><img loading=\"lazy\" decoding=\"async\" width=\"1024\" height=\"1024\" data-id=\"21524\" src=\"https:\/\/www.raum-blick.de\/magazin\/wp-content\/uploads\/2025\/03\/cane-line-hive-loungesessel-terrasse-ambiente_94146-1024x1024.jpg\" alt=\"Der Hive Loungssessel ist ein luftig-leichtes Outdoor M\u00f6bel von Cane-line\" class=\"wp-image-21524\" title=\"\" srcset=\"https:\/\/raum-blick.de\/magazin\/wp-content\/uploads\/2025\/03\/cane-line-hive-loungesessel-terrasse-ambiente_94146-1024x1024.jpg 1024w, https:\/\/raum-blick.de\/magazin\/wp-content\/uploads\/2025\/03\/cane-line-hive-loungesessel-terrasse-ambiente_94146-300x300.jpg 300w, https:\/\/raum-blick.de\/magazin\/wp-content\/uploads\/2025\/03\/cane-line-hive-loungesessel-terrasse-ambiente_94146-150x150.jpg 150w, https:\/\/raum-blick.de\/magazin\/wp-content\/uploads\/2025\/03\/cane-line-hive-loungesessel-terrasse-ambiente_94146-768x768.jpg 768w, https:\/\/raum-blick.de\/magazin\/wp-content\/uploads\/2025\/03\/cane-line-hive-loungesessel-terrasse-ambiente_94146.jpg 1500w\" sizes=\"(max-width: 1024px) 100vw, 1024px\" \/><\/a><\/figure>\n\n\n\n<figure class=\"wp-block-image size-large\"><a href=\"https:\/\/www.raum-blick.de\/cane-line-ocean-stapelsessel\"><img loading=\"lazy\" decoding=\"async\" width=\"1024\" height=\"1024\" data-id=\"21553\" src=\"https:\/\/www.raum-blick.de\/magazin\/wp-content\/uploads\/2025\/03\/cane-line-ocean-sessel-stapelbar_78386RI3IDPrfh72Yo-1024x1024.jpg\" alt=\"Aluminium und das angesagte Rope-Seilgewebe gehen beim Ocean Stapelstuhl von Cane-line eine sommerlich-leicht Verbindung ein.\" class=\"wp-image-21553\" title=\"\" srcset=\"https:\/\/raum-blick.de\/magazin\/wp-content\/uploads\/2025\/03\/cane-line-ocean-sessel-stapelbar_78386RI3IDPrfh72Yo-1024x1024.jpg 1024w, https:\/\/raum-blick.de\/magazin\/wp-content\/uploads\/2025\/03\/cane-line-ocean-sessel-stapelbar_78386RI3IDPrfh72Yo-300x300.jpg 300w, https:\/\/raum-blick.de\/magazin\/wp-content\/uploads\/2025\/03\/cane-line-ocean-sessel-stapelbar_78386RI3IDPrfh72Yo-150x150.jpg 150w, https:\/\/raum-blick.de\/magazin\/wp-content\/uploads\/2025\/03\/cane-line-ocean-sessel-stapelbar_78386RI3IDPrfh72Yo-768x768.jpg 768w, https:\/\/raum-blick.de\/magazin\/wp-content\/uploads\/2025\/03\/cane-line-ocean-sessel-stapelbar_78386RI3IDPrfh72Yo.jpg 1080w\" sizes=\"(max-width: 1024px) 100vw, 1024px\" \/><\/a><\/figure>\n<figcaption class=\"blocks-gallery-caption wp-element-caption\"><em>Wir lieben das Cane-line Lounge-Feeling. Denn in diesen Sesseln l\u00e4sst es sich einfach wunderbar entspannen. Links der Hive mit einem robusten Rahmen aus Teamholz, rechts der Ocean Stapelsessel aus geflochtenem Rope-Gewebe, der wunderbar sommerlich anmutet. Und dank seines Aluminiumrahmens ist er genauso leicht wie er aussieht.<\/em><\/figcaption><\/figure>\n\n\n\n<p>Mit den von Hand am M\u00f6belrahmen installierten Kordeln lassen sich moderne und elegante Looks erzeugen. Das Material hat eine angenehme Haptik und starke Spannkraft, sodass es auch in Sitzfl\u00e4chen und R\u00fcckenlehnen zum Einsatz kommt. Rope bietet damit eine stilvolle Alternative zu den beliebten Rattangeflechten und bringt frischen Wind in die Gartenm\u00f6bel-Kollektionen. Die Seilstrukturen verleihen St\u00fchlen und Sofas eine filigrane Optik und schaffen gleichzeitig eine einladende Atmosph\u00e4re.<\/p>\n\n\n\n<h2 class=\"wp-block-heading\"><span class=\"ez-toc-section\" id=\"Unentbehrlich_charmante_Outdoor_Accessoires_zum_Wohlfuehlen\"><\/span>Unentbehrlich: <a href=\"https:\/\/www.raum-blick.de\/outdoor-accessoires\/\">charmante Outdoor Accessoires<\/a> zum Wohlf\u00fchlen<span class=\"ez-toc-section-end\"><\/span><\/h2>\n\n\n\n<p>Extra Wohnzimmerflair, bitte! Wie das geht? Ganz einfach. Mit all den Dingen, die Sie auch drinnen so lieben. Also nichts wie her mit Pflanzen, Outdoor Teppichen, kabellosen Leuchten, Outdoor Solarlampen, Polstern, Kissen, Sitzs\u00e4cken oder auch einem wetterfesten Outdoor Regal. Hauptsache Textur und Material sind reichhaltig und die Stoffe edel. Farblich darf es hier gerne strahlend-hell sein und was die Details angeht, darauf legen die Designer Outdoor zwischenzeitlich genauso viel Wert wie bei ihren M\u00f6beln f\u00fcr den Innenbereich. <\/p>\n\n\n\n<figure class=\"wp-block-gallery has-nested-images columns-default is-cropped wp-block-gallery-7 is-layout-flex wp-block-gallery-is-layout-flex\">\n<figure class=\"wp-block-image size-medium\"><a href=\"https:\/\/www.raum-blick.de\/pad-uni-outdoor-teppich\"><img loading=\"lazy\" decoding=\"async\" width=\"300\" height=\"209\" data-id=\"21599\" src=\"https:\/\/www.raum-blick.de\/magazin\/wp-content\/uploads\/2025\/04\/pad-uni-teppich-opal-72-132_72444-e1743937177881-300x209.jpg\" alt=\"Einfach cool: Pad Outdoor Teppich Uni in leuchtendem Opal mit dekorativer Webstruktur. \" class=\"wp-image-21599\" title=\"\" srcset=\"https:\/\/raum-blick.de\/magazin\/wp-content\/uploads\/2025\/04\/pad-uni-teppich-opal-72-132_72444-e1743937177881-300x209.jpg 300w, https:\/\/raum-blick.de\/magazin\/wp-content\/uploads\/2025\/04\/pad-uni-teppich-opal-72-132_72444-e1743937177881-1024x714.jpg 1024w, https:\/\/raum-blick.de\/magazin\/wp-content\/uploads\/2025\/04\/pad-uni-teppich-opal-72-132_72444-e1743937177881-768x535.jpg 768w, https:\/\/raum-blick.de\/magazin\/wp-content\/uploads\/2025\/04\/pad-uni-teppich-opal-72-132_72444-e1743937177881.jpg 1080w\" sizes=\"(max-width: 300px) 100vw, 300px\" \/><\/a><\/figure>\n\n\n\n<figure class=\"wp-block-image size-medium\"><img loading=\"lazy\" decoding=\"async\" width=\"300\" height=\"200\" data-id=\"21600\" src=\"https:\/\/www.raum-blick.de\/magazin\/wp-content\/uploads\/2025\/04\/pad-in-outdoor-matte-stone-white-72-130-cm_79445L7o3Xxma3dJO6-e1743937230240-300x200.jpg\" alt=\"Regenfest, unempfindlich und UV-best\u00e4ndig - Allrounder Angie von Pad liefert hier eine musterg\u00fcltige Performance.\" class=\"wp-image-21600\" title=\"\" srcset=\"https:\/\/raum-blick.de\/magazin\/wp-content\/uploads\/2025\/04\/pad-in-outdoor-matte-stone-white-72-130-cm_79445L7o3Xxma3dJO6-e1743937230240-300x200.jpg 300w, https:\/\/raum-blick.de\/magazin\/wp-content\/uploads\/2025\/04\/pad-in-outdoor-matte-stone-white-72-130-cm_79445L7o3Xxma3dJO6-e1743937230240-1024x683.jpg 1024w, https:\/\/raum-blick.de\/magazin\/wp-content\/uploads\/2025\/04\/pad-in-outdoor-matte-stone-white-72-130-cm_79445L7o3Xxma3dJO6-e1743937230240-768x513.jpg 768w, https:\/\/raum-blick.de\/magazin\/wp-content\/uploads\/2025\/04\/pad-in-outdoor-matte-stone-white-72-130-cm_79445L7o3Xxma3dJO6-e1743937230240.jpg 1500w\" sizes=\"(max-width: 300px) 100vw, 300px\" \/><\/figure>\n<figcaption class=\"blocks-gallery-caption wp-element-caption\"><em>Das mehrfach preisgekr\u00f6nte deutsche Label Pad sorgt f\u00fcr perfektes Wohlf\u00fchlambietente: Egal welcher Pad Outdoor Teppich und egal in welcher Gr\u00f6\u00dfe, Wasser und Schmutz haben hier keine Chance. Die Matten der Uni-Serien (links) aus dickem Polypropylengarn sind handgefertigte Unikate. Das stylishe Modell Angie (rechts) macht drinnen wie drau\u00dfen eine gute Figur und wird unter fairen, sicheren Arbeitsbedingungen produziert.<\/em><\/figcaption><\/figure>\n\n\n\n<figure class=\"wp-block-gallery has-nested-images columns-default is-cropped wp-block-gallery-8 is-layout-flex wp-block-gallery-is-layout-flex\">\n<figure class=\"wp-block-image size-large\"><a href=\"https:\/\/www.raum-blick.de\/pappelina-asta-outdoor-teppich\"><img loading=\"lazy\" decoding=\"async\" width=\"1024\" height=\"1024\" data-id=\"21538\" src=\"https:\/\/www.raum-blick.de\/magazin\/wp-content\/uploads\/2025\/03\/pappelina-asta-tuerkis_19957dus8tBcE0XoVR-1024x1024.jpg\" alt=\"Pappelina Asta erinnert an die L\u00e4ufer der 50er, ist dabei aber technisch auf dem aktuellen Stand. Von Hand gewebt und bei 30\u00b0 waschbar. \" class=\"wp-image-21538\" title=\"\" srcset=\"https:\/\/raum-blick.de\/magazin\/wp-content\/uploads\/2025\/03\/pappelina-asta-tuerkis_19957dus8tBcE0XoVR-1024x1024.jpg 1024w, https:\/\/raum-blick.de\/magazin\/wp-content\/uploads\/2025\/03\/pappelina-asta-tuerkis_19957dus8tBcE0XoVR-300x300.jpg 300w, https:\/\/raum-blick.de\/magazin\/wp-content\/uploads\/2025\/03\/pappelina-asta-tuerkis_19957dus8tBcE0XoVR-150x150.jpg 150w, https:\/\/raum-blick.de\/magazin\/wp-content\/uploads\/2025\/03\/pappelina-asta-tuerkis_19957dus8tBcE0XoVR-768x768.jpg 768w, https:\/\/raum-blick.de\/magazin\/wp-content\/uploads\/2025\/03\/pappelina-asta-tuerkis_19957dus8tBcE0XoVR.jpg 1500w\" sizes=\"(max-width: 1024px) 100vw, 1024px\" \/><\/a><\/figure>\n\n\n\n<figure class=\"wp-block-image size-large\"><a href=\"https:\/\/www.raum-blick.de\/pappelina-honey-outdoor-teppich\"><img loading=\"lazy\" decoding=\"async\" width=\"1024\" height=\"1024\" data-id=\"21540\" src=\"https:\/\/www.raum-blick.de\/magazin\/wp-content\/uploads\/2025\/03\/pappelina-honey-warm-grey-vanilla-2_19374_22536kMmlzj1m5JDbM-1024x1024.jpg\" alt=\"Einfach zuckers\u00fc\u00df und multifunktional: Der pflegeleichte, handgewebte Pappelina Haney passt im Kinderzimmer genauso gut wie am Pool.\" class=\"wp-image-21540\" title=\"\" srcset=\"https:\/\/raum-blick.de\/magazin\/wp-content\/uploads\/2025\/03\/pappelina-honey-warm-grey-vanilla-2_19374_22536kMmlzj1m5JDbM-1024x1024.jpg 1024w, https:\/\/raum-blick.de\/magazin\/wp-content\/uploads\/2025\/03\/pappelina-honey-warm-grey-vanilla-2_19374_22536kMmlzj1m5JDbM-300x300.jpg 300w, https:\/\/raum-blick.de\/magazin\/wp-content\/uploads\/2025\/03\/pappelina-honey-warm-grey-vanilla-2_19374_22536kMmlzj1m5JDbM-150x150.jpg 150w, https:\/\/raum-blick.de\/magazin\/wp-content\/uploads\/2025\/03\/pappelina-honey-warm-grey-vanilla-2_19374_22536kMmlzj1m5JDbM-768x768.jpg 768w, https:\/\/raum-blick.de\/magazin\/wp-content\/uploads\/2025\/03\/pappelina-honey-warm-grey-vanilla-2_19374_22536kMmlzj1m5JDbM.jpg 1500w\" sizes=\"(max-width: 1024px) 100vw, 1024px\" \/><\/a><\/figure>\n\n\n\n<figure class=\"wp-block-image size-large\"><a href=\"https:\/\/www.raum-blick.de\/fatboy-carpretty-catwalk-outdoor-teppich\"><img loading=\"lazy\" decoding=\"async\" width=\"1024\" height=\"1024\" data-id=\"21531\" src=\"https:\/\/www.raum-blick.de\/magazin\/wp-content\/uploads\/2025\/03\/carpretty-catwalk-jigsaw-cream-white-fatboy_99860-1024x1024.jpg\" alt=\"Der Fatboy Carprettey Catwalk schafft Outdoor eine gem\u00fctliche Wohnzimmer-Atmosph\u00e4re und ist dabei ausgesprochen robust. \" class=\"wp-image-21531\" title=\"\" srcset=\"https:\/\/raum-blick.de\/magazin\/wp-content\/uploads\/2025\/03\/carpretty-catwalk-jigsaw-cream-white-fatboy_99860-1024x1024.jpg 1024w, https:\/\/raum-blick.de\/magazin\/wp-content\/uploads\/2025\/03\/carpretty-catwalk-jigsaw-cream-white-fatboy_99860-300x300.jpg 300w, https:\/\/raum-blick.de\/magazin\/wp-content\/uploads\/2025\/03\/carpretty-catwalk-jigsaw-cream-white-fatboy_99860-150x150.jpg 150w, https:\/\/raum-blick.de\/magazin\/wp-content\/uploads\/2025\/03\/carpretty-catwalk-jigsaw-cream-white-fatboy_99860-768x768.jpg 768w, https:\/\/raum-blick.de\/magazin\/wp-content\/uploads\/2025\/03\/carpretty-catwalk-jigsaw-cream-white-fatboy_99860.jpg 1500w\" sizes=\"(max-width: 1024px) 100vw, 1024px\" \/><\/a><\/figure>\n<figcaption class=\"blocks-gallery-caption wp-element-caption\"><em>Frisch, puristisch und funktional sind die Outdoor Teppiche des schwedischen Labels Pappelina (links und Mitte), das ausschlie\u00dflich Kunststoff ohne Weichmacher, Metalle oder andere Schadstoffe verarbeitet. Der Carpretty Catwalk von Fatboy (rechts) ist der perfekte Balkonteppich. Superweich, mit Hoch-Tief-Effekt, wetterfest und easy zu reinigen.<\/em><\/figcaption><\/figure>\n\n\n\n<figure class=\"wp-block-gallery has-nested-images columns-default is-cropped wp-block-gallery-9 is-layout-flex wp-block-gallery-is-layout-flex\">\n<figure class=\"wp-block-image size-large\"><a href=\"https:\/\/www.raum-blick.de\/fatboy-pret-a-racket-outdoor-lampe\"><img loading=\"lazy\" decoding=\"async\" width=\"1024\" height=\"1024\" data-id=\"21513\" src=\"https:\/\/www.raum-blick.de\/magazin\/wp-content\/uploads\/2025\/03\/fatboy-pret-a-racket_57531-1024x1024.jpg\" alt=\"Outdoor Solarlampe der spacigen Art: Die Fatboy Pr\u00eat a Racket ist im Garten ein wahrhaft z\u00fcndender Blickfang. \" class=\"wp-image-21513\" title=\"\" srcset=\"https:\/\/raum-blick.de\/magazin\/wp-content\/uploads\/2025\/03\/fatboy-pret-a-racket_57531-1024x1024.jpg 1024w, https:\/\/raum-blick.de\/magazin\/wp-content\/uploads\/2025\/03\/fatboy-pret-a-racket_57531-300x300.jpg 300w, https:\/\/raum-blick.de\/magazin\/wp-content\/uploads\/2025\/03\/fatboy-pret-a-racket_57531-150x150.jpg 150w, https:\/\/raum-blick.de\/magazin\/wp-content\/uploads\/2025\/03\/fatboy-pret-a-racket_57531-768x768.jpg 768w, https:\/\/raum-blick.de\/magazin\/wp-content\/uploads\/2025\/03\/fatboy-pret-a-racket_57531.jpg 1500w\" sizes=\"(max-width: 1024px) 100vw, 1024px\" \/><\/a><\/figure>\n\n\n\n<figure class=\"wp-block-image size-large\"><a href=\"https:\/\/www.raum-blick.de\/fatboy-bakkes\"><img loading=\"lazy\" decoding=\"async\" width=\"1024\" height=\"1024\" data-id=\"21516\" src=\"https:\/\/www.raum-blick.de\/magazin\/wp-content\/uploads\/2025\/03\/fatboy-bakkes-mochaccino-beistelltisch_109647-1024x1024.jpg\" alt=\"Ein Tisch mit Doppelfunktion: der Fatboy Bakkes bringt den Topf f\u00fcr die Blumen gleich mit. Wie praktisch!\" class=\"wp-image-21516\" title=\"\" srcset=\"https:\/\/raum-blick.de\/magazin\/wp-content\/uploads\/2025\/03\/fatboy-bakkes-mochaccino-beistelltisch_109647-1024x1024.jpg 1024w, https:\/\/raum-blick.de\/magazin\/wp-content\/uploads\/2025\/03\/fatboy-bakkes-mochaccino-beistelltisch_109647-300x300.jpg 300w, https:\/\/raum-blick.de\/magazin\/wp-content\/uploads\/2025\/03\/fatboy-bakkes-mochaccino-beistelltisch_109647-150x150.jpg 150w, https:\/\/raum-blick.de\/magazin\/wp-content\/uploads\/2025\/03\/fatboy-bakkes-mochaccino-beistelltisch_109647-768x768.jpg 768w, https:\/\/raum-blick.de\/magazin\/wp-content\/uploads\/2025\/03\/fatboy-bakkes-mochaccino-beistelltisch_109647.jpg 1500w\" sizes=\"(max-width: 1024px) 100vw, 1024px\" \/><\/a><\/figure>\n\n\n\n<figure class=\"wp-block-image size-large\"><a href=\"https:\/\/www.raum-blick.de\/fatboy-edison-the-mini-3er-set\"><img loading=\"lazy\" decoding=\"async\" width=\"1024\" height=\"1024\" data-id=\"21506\" src=\"https:\/\/www.raum-blick.de\/magazin\/wp-content\/uploads\/2025\/03\/fatboy-edison-the-petit-mini-outdoor_51215mzGst2vEGtRP1-1024x1024.jpg\" alt=\"Edison h\u00e4tte an diesem kabellosen Trio seine Freude gehabt. Die Fatboy Edison the Mini ist schlicht und ergreifend strahlend sch\u00f6n.\" class=\"wp-image-21506\" title=\"\" srcset=\"https:\/\/raum-blick.de\/magazin\/wp-content\/uploads\/2025\/03\/fatboy-edison-the-petit-mini-outdoor_51215mzGst2vEGtRP1-1024x1024.jpg 1024w, https:\/\/raum-blick.de\/magazin\/wp-content\/uploads\/2025\/03\/fatboy-edison-the-petit-mini-outdoor_51215mzGst2vEGtRP1-300x300.jpg 300w, https:\/\/raum-blick.de\/magazin\/wp-content\/uploads\/2025\/03\/fatboy-edison-the-petit-mini-outdoor_51215mzGst2vEGtRP1-150x150.jpg 150w, https:\/\/raum-blick.de\/magazin\/wp-content\/uploads\/2025\/03\/fatboy-edison-the-petit-mini-outdoor_51215mzGst2vEGtRP1-768x768.jpg 768w, https:\/\/raum-blick.de\/magazin\/wp-content\/uploads\/2025\/03\/fatboy-edison-the-petit-mini-outdoor_51215mzGst2vEGtRP1.jpg 1500w\" sizes=\"(max-width: 1024px) 100vw, 1024px\" \/><\/a><\/figure>\n<figcaption class=\"blocks-gallery-caption wp-element-caption\"><em>Diese Fatboy Lampe Outdoor z\u00fcndet garantiert: Die solarbetriebene Pr\u00eat a Racket&nbsp;(links) kommt im 3er-Pack daher und ist ein echtes Outdoor Solarlampe Leuchtspektakel. Spektakul\u00e4r ist auch der Fatboy Bakkes (Mitte) mit seinem herausnehmbaren Blumentopf, den Sie \u00fcbrigens auch als Sektk\u00fchler verwenden k\u00f6nnen. Dagegen wirkt das 3er-Set der Fatboy Edison the Mini (rechts) doch eher puristisch. Aber es ist ja auch eine Reminiszenz an den Erfinder der Gl\u00fchbirne und einfach zeitlos sch\u00f6n.<\/em><\/figcaption><\/figure>\n\n\n\n<p><strong>Zum Abschluss noch ein kleiner Tipp:<\/strong>&nbsp;Die schicken Outdoor-St\u00fccke sind viel zu schade, um im Winter weggepackt zu werden. Bestimmt findet sich f\u00fcr sie auch drinnen ein Pl\u00e4tzchen. Zumal sie mindestens so komfortabel und hochwertig sind wie Ihre Indoor-M\u00f6bel. So haben Sie das ganze Jahr Freude daran. Da lohnt sich die Investition doch gleich doppelt. <\/p>\n\n\n\n<div class=\"wp-block-buttons is-content-justification-center is-layout-flex wp-container-core-buttons-is-layout-16018d1d wp-block-buttons-is-layout-flex\">\n<div class=\"wp-block-button is-style-fill\"><a class=\"wp-block-button__link has-white-color has-text-color wp-element-button\" href=\"https:\/\/www.raum-blick.de\/outdoor\/\">Jetzt Outdoor Trendsetter entdecken!<\/a><\/div>\n<\/div>\n<\/p>","protected":false},"excerpt":{"rendered":"<p>\u00ab Satte Farben, weiche Formen, nat\u00fcrliche Materialien \u00bb Fr\u00fchlingsgef\u00fchle! An allen Ecken gr\u00fcnt und bl\u00fcht es und die Gartensaison ist zum Greifen nah. Jetzt ist die beste Zeit f\u00fcr ein stylishes Outdoor M\u00f6bel Fresh up. Feiern Sie mit uns den Fr\u00fchling, lassen Sie sich von den zauberhaften neuen Farben verf\u00fchren, verlieben Sie sich in die [&hellip;]<\/p>\n","protected":false},"author":4,"featured_media":21534,"comment_status":"closed","ping_status":"open","sticky":false,"template":"","format":"standard","meta":{"_et_pb_use_builder":"","_et_pb_old_content":"","_et_gb_content_width":"","inline_featured_image":false,"footnotes":""},"categories":[7,6],"tags":[790,2210,2203,40,1978,746,239,57,2130,1907,596,31,1953,1385,825,32,762,2312],"class_list":["post-21498","post","type-post","status-publish","format-standard","has-post-thumbnail","hentry","category-accessoires-lifestyle","category-draussen","tag-cane-line","tag-cane-line-ocean","tag-emu","tag-fatboy","tag-fatboy-edison-the-petit","tag-kartell","tag-muuto","tag-outdoor","tag-outdoor-beleuchtung","tag-outdoor-moebel","tag-outdoor-lampen","tag-outdoor-teppiche","tag-outdoorsofa","tag-outdoorstuhl","tag-pad","tag-pappelina","tag-sitzsack","tag-trends-2025"],"_links":{"self":[{"href":"https:\/\/raum-blick.de\/magazin\/wp-json\/wp\/v2\/posts\/21498","targetHints":{"allow":["GET"]}}],"collection":[{"href":"https:\/\/raum-blick.de\/magazin\/wp-json\/wp\/v2\/posts"}],"about":[{"href":"https:\/\/raum-blick.de\/magazin\/wp-json\/wp\/v2\/types\/post"}],"author":[{"embeddable":true,"href":"https:\/\/raum-blick.de\/magazin\/wp-json\/wp\/v2\/users\/4"}],"replies":[{"embeddable":true,"href":"https:\/\/raum-blick.de\/magazin\/wp-json\/wp\/v2\/comments?post=21498"}],"version-history":[{"count":31,"href":"https:\/\/raum-blick.de\/magazin\/wp-json\/wp\/v2\/posts\/21498\/revisions"}],"predecessor-version":[{"id":21616,"href":"https:\/\/raum-blick.de\/magazin\/wp-json\/wp\/v2\/posts\/21498\/revisions\/21616"}],"wp:featuredmedia":[{"embeddable":true,"href":"https:\/\/raum-blick.de\/magazin\/wp-json\/wp\/v2\/media\/21534"}],"wp:attachment":[{"href":"https:\/\/raum-blick.de\/magazin\/wp-json\/wp\/v2\/media?parent=21498"}],"wp:term":[{"taxonomy":"category","embeddable":true,"href":"https:\/\/raum-blick.de\/magazin\/wp-json\/wp\/v2\/categories?post=21498"},{"taxonomy":"post_tag","embeddable":true,"href":"https:\/\/raum-blick.de\/magazin\/wp-json\/wp\/v2\/tags?post=21498"}],"curies":[{"name":"wp","href":"https:\/\/api.w.org\/{rel}","templated":true}]}}