{"id":21419,"date":"2025-04-01T09:38:51","date_gmt":"2025-04-01T07:38:51","guid":{"rendered":"https:\/\/www.raum-blick.de\/magazin\/?p=21419"},"modified":"2025-03-10T09:39:13","modified_gmt":"2025-03-10T08:39:13","slug":"design-gartenmoebel-farbenfrohe-akzente-fuer-den-fruehling","status":"publish","type":"post","link":"https:\/\/raum-blick.de\/magazin\/design-gartenmoebel-farbenfrohe-akzente-fuer-den-fruehling\/","title":{"rendered":"Design Gartenm\u00f6bel: Farbenfrohe Akzente f\u00fcr den Fr\u00fchling"},"content":{"rendered":"\n<h2 class=\"wp-block-heading\"><span class=\"ez-toc-section\" id=\"%C2%AB_Endlich_wieder_raus_%C2%BB\"><\/span>\u00ab Endlich wieder raus \u00bb<span class=\"ez-toc-section-end\"><\/span><\/h2>\n\n\n\n<p><strong>Natur und Design, f\u00fcr uns geh\u00f6rt das zusammen. Und morgens, wenn wir vor die T\u00fcr gehen, bekommen wir schon einen kleinen Vorgeschmack auf das, was kommt: Es zwitschert in den sch\u00f6nsten T\u00f6nen, auf dem Markt leuchten die Tulpen und wir k\u00f6nnen es bei langsam steigenden Temperaturen kaum erwarten, unser \u201ef\u00fcnftes Zimmer\u201c wieder zu beziehen: Balkon, Terrasse oder Garten, drau\u00dfen hat bald wieder Hochkonjunktur. Da d\u00fcrfen unsere <a href=\"https:\/\/www.raum-blick.de\/outdoor-lounge\/\" target=\"_blank\" rel=\"noreferrer noopener\">chicen Design Gartenm\u00f6bel <\/a>nat\u00fcrlich nicht fehlen. Allesamt Klassiker, mit denen Sie garantiert immer richtig liegen und an denen Sie lange Ihre Freude haben werden. Die sollten Sie also auf alle F\u00e4lle auf dem Schirm haben.<\/strong> <\/p>\n\n\n\n<figure class=\"wp-block-image size-full is-resized\"><a href=\"raum-blick.de\/fermob-gartenmoebel\/\"><img loading=\"lazy\" decoding=\"async\" src=\"https:\/\/www.raum-blick.de\/magazin\/wp-content\/uploads\/2025\/02\/luxembourg-sessel-gelb-outdoor_52793.jpg\" alt=\"Fermob Gartenm\u00f6bel sind Klassiker und der Luxembourg Stuhl findet sich auch in vielen Restaurants oder Parkanlagen. \" class=\"wp-image-21444\" width=\"841\" height=\"841\" title=\"\" srcset=\"https:\/\/raum-blick.de\/magazin\/wp-content\/uploads\/2025\/02\/luxembourg-sessel-gelb-outdoor_52793.jpg 700w, https:\/\/raum-blick.de\/magazin\/wp-content\/uploads\/2025\/02\/luxembourg-sessel-gelb-outdoor_52793-300x300.jpg 300w, https:\/\/raum-blick.de\/magazin\/wp-content\/uploads\/2025\/02\/luxembourg-sessel-gelb-outdoor_52793-150x150.jpg 150w\" sizes=\"(max-width: 841px) 100vw, 841px\" \/><\/a><figcaption class=\"wp-element-caption\"><em>Der Fermob Luxembourg Stuhl mit seiner puristischen Linienf\u00fchrung ist ein absolutes Must-have. Leicht, stapelbar und extrem langlebig. Ein Design Gartenm\u00f6bel zum Verlieben.<\/em><\/figcaption><\/figure>\n\n\n\n<h2 class=\"wp-block-heading\" id=\"warum-sind-design-gartenm\u00f6bel-wichtig\"><span class=\"ez-toc-section\" id=\"Warum_Sie_unsere_Design_Gartenmoebel_lieben_werden\"><\/span>Warum Sie unsere <a href=\"https:\/\/www.raum-blick.de\/fiam\/\" target=\"_blank\" rel=\"noreferrer noopener\">Design Gartenm\u00f6bel<\/a> lieben werden?<span class=\"ez-toc-section-end\"><\/span><\/h2>\n\n\n\n<p>Ganz einfach: Weil sie praktisch und durchdacht sind, \u00e4sthetisch und hochwertig, langlebig und funktional und weil sie eine wunderbar wohlige Atmosph\u00e4re schaffen. Zum Entspannen, Essen oder Feiern. Mit Freunden oder der Familie. Und so luftig-leicht wie der Fr\u00fchling sind jetzt auch die Farbtrends: Zartes Pastell, kr\u00e4ftige Bonbonfarben oder soft Erdt\u00f6ne. Die Vielfalt ist gro\u00df und Ihre Lust am Experimentieren sicher auch. Also mischen Sie nach Lust und Laune oder setzen Sie gezielt bunte Akzente \u2013 Ihrer Kreativit\u00e4t sind keine Grenzen gesetzt!<\/p><div id=\"ez-toc-container\" class=\"ez-toc-v2_0_82_2 counter-hierarchy ez-toc-counter ez-toc-grey ez-toc-container-direction\">\n<div class=\"ez-toc-title-container\">\n<p class=\"ez-toc-title\" style=\"cursor:inherit\">Was hier auf Sie wartet<\/p>\n<span class=\"ez-toc-title-toggle\"><a href=\"#\" class=\"ez-toc-pull-right ez-toc-btn ez-toc-btn-xs ez-toc-btn-default ez-toc-toggle\" aria-label=\"Toggle Table of Content\"><span class=\"ez-toc-js-icon-con\"><span class=\"\"><span class=\"eztoc-hide\" style=\"display:none;\">Toggle<\/span><span class=\"ez-toc-icon-toggle-span\"><svg style=\"fill: #999;color:#999\" xmlns=\"http:\/\/www.w3.org\/2000\/svg\" class=\"list-377408\" width=\"20px\" height=\"20px\" viewBox=\"0 0 24 24\" fill=\"none\"><path d=\"M6 6H4v2h2V6zm14 0H8v2h12V6zM4 11h2v2H4v-2zm16 0H8v2h12v-2zM4 16h2v2H4v-2zm16 0H8v2h12v-2z\" fill=\"currentColor\"><\/path><\/svg><svg style=\"fill: #999;color:#999\" class=\"arrow-unsorted-368013\" xmlns=\"http:\/\/www.w3.org\/2000\/svg\" width=\"10px\" height=\"10px\" viewBox=\"0 0 24 24\" version=\"1.2\" baseProfile=\"tiny\"><path d=\"M18.2 9.3l-6.2-6.3-6.2 6.3c-.2.2-.3.4-.3.7s.1.5.3.7c.2.2.4.3.7.3h11c.3 0 .5-.1.7-.3.2-.2.3-.5.3-.7s-.1-.5-.3-.7zM5.8 14.7l6.2 6.3 6.2-6.3c.2-.2.3-.5.3-.7s-.1-.5-.3-.7c-.2-.2-.4-.3-.7-.3h-11c-.3 0-.5.1-.7.3-.2.2-.3.5-.3.7s.1.5.3.7z\"\/><\/svg><\/span><\/span><\/span><\/a><\/span><\/div>\n<nav><ul class='ez-toc-list ez-toc-list-level-1 ' ><li class='ez-toc-page-1 ez-toc-heading-level-2'><a class=\"ez-toc-link ez-toc-heading-1\" href=\"https:\/\/raum-blick.de\/magazin\/design-gartenmoebel-farbenfrohe-akzente-fuer-den-fruehling\/#%C2%AB_Endlich_wieder_raus_%C2%BB\" >\u00ab Endlich wieder raus \u00bb<\/a><\/li><li class='ez-toc-page-1 ez-toc-heading-level-2'><a class=\"ez-toc-link ez-toc-heading-2\" href=\"https:\/\/raum-blick.de\/magazin\/design-gartenmoebel-farbenfrohe-akzente-fuer-den-fruehling\/#Warum_Sie_unsere_Design_Gartenmoebel_lieben_werden\" >Warum Sie unsere Design Gartenm\u00f6bel lieben werden?<\/a><ul class='ez-toc-list-level-3' ><li class='ez-toc-heading-level-3'><a class=\"ez-toc-link ez-toc-heading-3\" href=\"https:\/\/raum-blick.de\/magazin\/design-gartenmoebel-farbenfrohe-akzente-fuer-den-fruehling\/#Die_6_schoensten_Gartentische_fuer_froehliche_Fruehlingsmomente\" >Die 6 sch\u00f6nsten Gartentische f\u00fcr fr\u00f6hliche Fr\u00fchlingsmomente<\/a><\/li><li class='ez-toc-page-1 ez-toc-heading-level-3'><a class=\"ez-toc-link ez-toc-heading-4\" href=\"https:\/\/raum-blick.de\/magazin\/design-gartenmoebel-farbenfrohe-akzente-fuer-den-fruehling\/#1_Der_ausziehbare_Emu_Plus4\" >1. Der ausziehbare Emu Plus4<\/a><\/li><li class='ez-toc-page-1 ez-toc-heading-level-3'><a class=\"ez-toc-link ez-toc-heading-5\" href=\"https:\/\/raum-blick.de\/magazin\/design-gartenmoebel-farbenfrohe-akzente-fuer-den-fruehling\/#2_Der_quadratische_Emu_Star\" >2. Der quadratische Emu Star<\/a><\/li><li class='ez-toc-page-1 ez-toc-heading-level-3'><a class=\"ez-toc-link ez-toc-heading-6\" href=\"https:\/\/raum-blick.de\/magazin\/design-gartenmoebel-farbenfrohe-akzente-fuer-den-fruehling\/#3_Der_luftige_Fermob_Calvi_als_Design_Gartenmoebel\" >3. Der luftige Fermob Calvi als Design Gartenm\u00f6bel<\/a><\/li><li class='ez-toc-page-1 ez-toc-heading-level-3'><a class=\"ez-toc-link ez-toc-heading-7\" href=\"https:\/\/raum-blick.de\/magazin\/design-gartenmoebel-farbenfrohe-akzente-fuer-den-fruehling\/#4_Der_minimalistische_Muuto_Linear_Steel\" >4. Der minimalistische Muuto Linear Steel<\/a><\/li><li class='ez-toc-page-1 ez-toc-heading-level-3'><a class=\"ez-toc-link ez-toc-heading-8\" href=\"https:\/\/raum-blick.de\/magazin\/design-gartenmoebel-farbenfrohe-akzente-fuer-den-fruehling\/#5_Der_geradlinige_Houe_Four\" >5. Der geradlinige Houe Four<\/a><\/li><li class='ez-toc-page-1 ez-toc-heading-level-3'><a class=\"ez-toc-link ez-toc-heading-9\" href=\"https:\/\/raum-blick.de\/magazin\/design-gartenmoebel-farbenfrohe-akzente-fuer-den-fruehling\/#6_Der_runde_Houe_Circle_als_Design_Gartenmoebel\" >6. Der runde Houe Circle als Design Gartenm\u00f6bel<\/a><\/li><\/ul><\/li><li class='ez-toc-page-1 ez-toc-heading-level-2'><a class=\"ez-toc-link ez-toc-heading-10\" href=\"https:\/\/raum-blick.de\/magazin\/design-gartenmoebel-farbenfrohe-akzente-fuer-den-fruehling\/#Die_3_perfekten_Gartensessel_als_Design_Gartenmoebel_fuer_entspannte_Stunden\" >Die 3 perfekten Gartensessel als Design Gartenm\u00f6bel f\u00fcr entspannte Stunden<\/a><ul class='ez-toc-list-level-3' ><li class='ez-toc-heading-level-3'><a class=\"ez-toc-link ez-toc-heading-11\" href=\"https:\/\/raum-blick.de\/magazin\/design-gartenmoebel-farbenfrohe-akzente-fuer-den-fruehling\/#1_Der_ikonische_Fermob_Luxembourg\" >1. Der ikonische Fermob Luxembourg<\/a><\/li><li class='ez-toc-page-1 ez-toc-heading-level-3'><a class=\"ez-toc-link ez-toc-heading-12\" href=\"https:\/\/raum-blick.de\/magazin\/design-gartenmoebel-farbenfrohe-akzente-fuer-den-fruehling\/#2_Der_extravagante_Kartell_Masters_Sedia\" >2. Der extravagante Kartell Masters Sedia<\/a><\/li><li class='ez-toc-page-1 ez-toc-heading-level-3'><a class=\"ez-toc-link ez-toc-heading-13\" href=\"https:\/\/raum-blick.de\/magazin\/design-gartenmoebel-farbenfrohe-akzente-fuer-den-fruehling\/#3_Die_super_bequemen_Houe_Click_Houe_Click_Sunrocker_als_schicke_Design_Gartenmoebel\" >3. Die super bequemen Houe Click &amp; Houe Click Sunrocker als schicke Design Gartenm\u00f6bel<\/a><\/li><\/ul><\/li><li class='ez-toc-page-1 ez-toc-heading-level-2'><a class=\"ez-toc-link ez-toc-heading-14\" href=\"https:\/\/raum-blick.de\/magazin\/design-gartenmoebel-farbenfrohe-akzente-fuer-den-fruehling\/#Entspannung_pur_Fatboy_Haengematten\" >Entspannung pur: Fatboy H\u00e4ngematten<\/a><\/li><li class='ez-toc-page-1 ez-toc-heading-level-2'><a class=\"ez-toc-link ez-toc-heading-15\" href=\"https:\/\/raum-blick.de\/magazin\/design-gartenmoebel-farbenfrohe-akzente-fuer-den-fruehling\/#Lichtakzente_setzen_mit_Solar-_und_Akkuleuchten\" >Lichtakzente setzen mit Solar- und Akkuleuchten<\/a><\/li><li class='ez-toc-page-1 ez-toc-heading-level-2'><a class=\"ez-toc-link ez-toc-heading-16\" href=\"https:\/\/raum-blick.de\/magazin\/design-gartenmoebel-farbenfrohe-akzente-fuer-den-fruehling\/#Bringen_Sie_mit_Design_Gartenmoebel_Farbe_in_Ihren_Fruehling\" >Bringen Sie mit Design Gartenm\u00f6bel Farbe in Ihren Fr\u00fchling!<\/a><\/li><\/ul><\/nav><\/div>\n\n\n\n\n<h3 class=\"wp-block-heading\" id=\"welche-farben-passen-zum-fr\u00fchling\"><span class=\"ez-toc-section\" id=\"Die_6_schoensten_Gartentische_fuer_froehliche_Fruehlingsmomente\"><\/span>Die 6 sch\u00f6nsten Gartentische f\u00fcr fr\u00f6hliche Fr\u00fchlingsmomente<span class=\"ez-toc-section-end\"><\/span><\/h3>\n\n\n\n<h3 class=\"wp-block-heading\" id=\"1-emu-plus4-200-x-90\"><span class=\"ez-toc-section\" id=\"1_Der_ausziehbare_Emu_Plus4\"><\/span>1. Der <a href=\"https:\/\/www.raum-blick.de\/emu-plus4-gartentisch-220x90-cm-ausziehbar\" target=\"_blank\" rel=\"noreferrer noopener\">ausziehbare Emu Plus4<\/a><span class=\"ez-toc-section-end\"><\/span><\/h3>\n\n\n\n<p>220 oder 330 cm? Mit dem <strong>Emu Plus4<\/strong>&nbsp;m\u00fcssen Sie sich nicht entscheiden. Er macht sich so lang wie Sie ihn brauchen. Mit dem speziellen Butterfly-Auszug geht das ganz easy und dank der 110 cm-Verl\u00e4ngerung haben Sie im Handumdrehen vier zus\u00e4tzliche Pl\u00e4tze, wenn mal wieder \u00fcberraschend Besuch kommt. Mit den Farben wird&#8217;s da schon schwieriger: Indischblau, Milit\u00e4rgr\u00fcn, Ahornrot oder doch lieber Eiswei\u00df? Robust und widerstandsf\u00e4hig ist dieses minimalistische Design Gartenm\u00f6bel aus pulverbeschichtetem Stahl in jeden Fall. Darin hat das italienische Label ja auch jahrzehntelange Erfahrung. <\/p>\n\n\n\n<figure class=\"wp-block-gallery has-nested-images columns-default is-cropped wp-block-gallery-2 is-layout-flex wp-block-gallery-is-layout-flex\">\n<figure class=\"wp-block-image size-large\"><a href=\"raum-blick.de\/emu-plus4-gartentisch-220x90-cm-ausziehbar\"><img loading=\"lazy\" decoding=\"async\" width=\"1024\" height=\"1024\" data-id=\"21438\" src=\"https:\/\/www.raum-blick.de\/magazin\/wp-content\/uploads\/2025\/02\/emu-tisch-plus4_91267-1024x1024.jpg\" alt=\"Der Emu Plus4 ist ein durchdachtes Design Gartenm\u00f6bel. Mit einer Verl\u00e4ngerung bietet er ganz schnell Platz f\u00fcr 4 Personen mehr. \" class=\"wp-image-21438\" title=\"\" srcset=\"https:\/\/raum-blick.de\/magazin\/wp-content\/uploads\/2025\/02\/emu-tisch-plus4_91267-1024x1024.jpg 1024w, https:\/\/raum-blick.de\/magazin\/wp-content\/uploads\/2025\/02\/emu-tisch-plus4_91267-300x300.jpg 300w, https:\/\/raum-blick.de\/magazin\/wp-content\/uploads\/2025\/02\/emu-tisch-plus4_91267-150x150.jpg 150w, https:\/\/raum-blick.de\/magazin\/wp-content\/uploads\/2025\/02\/emu-tisch-plus4_91267-768x768.jpg 768w, https:\/\/raum-blick.de\/magazin\/wp-content\/uploads\/2025\/02\/emu-tisch-plus4_91267.jpg 1500w\" sizes=\"(max-width: 1024px) 100vw, 1024px\" \/><\/a><\/figure>\n\n\n\n<figure class=\"wp-block-image size-large\"><a href=\"raum-blick.de\/emu-plus4-gartentisch-220x90-cm-ausziehbar\"><img loading=\"lazy\" decoding=\"async\" width=\"1000\" height=\"1000\" data-id=\"21437\" src=\"https:\/\/www.raum-blick.de\/magazin\/wp-content\/uploads\/2025\/02\/emu-gartentisch-plus4_91266.jpg\" alt=\"Entspannt mit der Familie und G\u00e4sten den Sonnenuntergang genie\u00dfen. Mit dem Emu Plus4 ist das einfach stilvoll. \" class=\"wp-image-21437\" title=\"\" srcset=\"https:\/\/raum-blick.de\/magazin\/wp-content\/uploads\/2025\/02\/emu-gartentisch-plus4_91266.jpg 1000w, https:\/\/raum-blick.de\/magazin\/wp-content\/uploads\/2025\/02\/emu-gartentisch-plus4_91266-300x300.jpg 300w, https:\/\/raum-blick.de\/magazin\/wp-content\/uploads\/2025\/02\/emu-gartentisch-plus4_91266-150x150.jpg 150w, https:\/\/raum-blick.de\/magazin\/wp-content\/uploads\/2025\/02\/emu-gartentisch-plus4_91266-768x768.jpg 768w\" sizes=\"(max-width: 1000px) 100vw, 1000px\" \/><\/a><\/figure>\n\n\n\n<figure class=\"wp-block-image size-large\"><a href=\"raum-blick.de\/emu-plus4-gartentisch-220x90-cm-ausziehbar\"><img loading=\"lazy\" decoding=\"async\" width=\"1024\" height=\"1024\" data-id=\"21436\" src=\"https:\/\/www.raum-blick.de\/magazin\/wp-content\/uploads\/2025\/02\/plus4-emu-tusch_91268-1024x1024.jpg\" alt=\"Mit dem Emu Plus4 sind Sie auf alles vorbereitet. Er l\u00e4sst sich schnell verl\u00e4ngern und auch wieder verk\u00fcrzen.\" class=\"wp-image-21436\" title=\"\" srcset=\"https:\/\/raum-blick.de\/magazin\/wp-content\/uploads\/2025\/02\/plus4-emu-tusch_91268-1024x1024.jpg 1024w, https:\/\/raum-blick.de\/magazin\/wp-content\/uploads\/2025\/02\/plus4-emu-tusch_91268-300x300.jpg 300w, https:\/\/raum-blick.de\/magazin\/wp-content\/uploads\/2025\/02\/plus4-emu-tusch_91268-150x150.jpg 150w, https:\/\/raum-blick.de\/magazin\/wp-content\/uploads\/2025\/02\/plus4-emu-tusch_91268-768x768.jpg 768w, https:\/\/raum-blick.de\/magazin\/wp-content\/uploads\/2025\/02\/plus4-emu-tusch_91268.jpg 1200w\" sizes=\"(max-width: 1024px) 100vw, 1024px\" \/><\/a><\/figure>\n<figcaption class=\"blocks-gallery-caption wp-element-caption\"><em>Lang und ganz fix noch l\u00e4nger. Von 220 auf 330 cm und das mit perfekter Beinfreiheit. Das ist \u201eausziehbar\u201c auf Italienisch. Ein echtes Plus f\u00fcr 4 Personen mehr.<\/em><\/figcaption><\/figure>\n\n\n\n<h3 class=\"wp-block-heading\" id=\"2-emu-star-90-x-90\"><span class=\"ez-toc-section\" id=\"2_Der_quadratische_Emu_Star\"><\/span>2. Der <a href=\"https:\/\/www.raum-blick.de\/emu-star-gartentisch-90x90-cm\" target=\"_blank\" rel=\"noreferrer noopener\">quadratische Emu Star<\/a><span class=\"ez-toc-section-end\"><\/span><\/h3>\n\n\n\n<p>Schlicht, klassisch, italienisch. Und in 17 Farben erh\u00e4ltlich. Der 90 x 90 cm gro\u00dfe <strong>Emu Star<\/strong> Gartentisch \u00fcberzeugt mit elegantem Design, klarer Linienf\u00fchrung und einer unglaublichen Robustheit. Daf\u00fcr sorgt die besondere EMU Coat-Beschichtung dieses f\u00fcr maximal vier Personen ausgelegten Stahlm\u00f6bels. Sie sch\u00fctzt vor Temperaturschwankungen, Regen und Sonne. Was f\u00fcr eine sch\u00f6ne Mischung aus Funktionalit\u00e4t und \u00c4sthetik!<\/p>\n\n\n\n<figure class=\"wp-block-gallery has-nested-images columns-default is-cropped wp-block-gallery-3 is-layout-flex wp-block-gallery-is-layout-flex\">\n<figure class=\"wp-block-image size-large\"><a href=\"raum-blick.de\/emu-star-gartentisch-90x90-cm\"><img loading=\"lazy\" decoding=\"async\" width=\"1024\" height=\"1024\" data-id=\"21432\" src=\"https:\/\/www.raum-blick.de\/magazin\/wp-content\/uploads\/2025\/02\/emu-star-tisch-306-26_91039-1024x1024.jpg\" alt=\"Quadratisch, praktisch, zum Verlieben. Das geht beim Emu Star ganz schnell.\" class=\"wp-image-21432\" title=\"\" srcset=\"https:\/\/raum-blick.de\/magazin\/wp-content\/uploads\/2025\/02\/emu-star-tisch-306-26_91039-1024x1024.jpg 1024w, https:\/\/raum-blick.de\/magazin\/wp-content\/uploads\/2025\/02\/emu-star-tisch-306-26_91039-300x300.jpg 300w, https:\/\/raum-blick.de\/magazin\/wp-content\/uploads\/2025\/02\/emu-star-tisch-306-26_91039-150x150.jpg 150w, https:\/\/raum-blick.de\/magazin\/wp-content\/uploads\/2025\/02\/emu-star-tisch-306-26_91039-768x768.jpg 768w, https:\/\/raum-blick.de\/magazin\/wp-content\/uploads\/2025\/02\/emu-star-tisch-306-26_91039.jpg 1200w\" sizes=\"(max-width: 1024px) 100vw, 1024px\" \/><\/a><\/figure>\n\n\n\n<figure class=\"wp-block-image size-large\"><a href=\"raum-blick.de\/emu-star-gartentisch-90x90-cm\"><img loading=\"lazy\" decoding=\"async\" width=\"1024\" height=\"1024\" data-id=\"21431\" src=\"https:\/\/www.raum-blick.de\/magazin\/wp-content\/uploads\/2025\/02\/emu-star-tisch-306-62_91046-1024x1024.jpg\" alt=\"Ob in Rot, Gelb oder Salbei gr\u00fcn, der Emu Star ist ein herrlich flexibles und elegantes Designer Gartenm\u00f6bel, \" class=\"wp-image-21431\" title=\"\" srcset=\"https:\/\/raum-blick.de\/magazin\/wp-content\/uploads\/2025\/02\/emu-star-tisch-306-62_91046-1024x1024.jpg 1024w, https:\/\/raum-blick.de\/magazin\/wp-content\/uploads\/2025\/02\/emu-star-tisch-306-62_91046-300x300.jpg 300w, https:\/\/raum-blick.de\/magazin\/wp-content\/uploads\/2025\/02\/emu-star-tisch-306-62_91046-150x150.jpg 150w, https:\/\/raum-blick.de\/magazin\/wp-content\/uploads\/2025\/02\/emu-star-tisch-306-62_91046-768x768.jpg 768w, https:\/\/raum-blick.de\/magazin\/wp-content\/uploads\/2025\/02\/emu-star-tisch-306-62_91046.jpg 1200w\" sizes=\"(max-width: 1024px) 100vw, 1024px\" \/><\/a><\/figure>\n\n\n\n<figure class=\"wp-block-image size-large\"><a href=\"raum-blick.de\/emu-star-gartentisch-90x90-cm\"><img loading=\"lazy\" decoding=\"async\" width=\"1024\" height=\"1024\" data-id=\"21430\" src=\"https:\/\/www.raum-blick.de\/magazin\/wp-content\/uploads\/2025\/02\/emu-star-tisch-306-75_91050-1024x1024.jpg\" alt=\"Wo wenig Platz ist, ist der Emu Star Tisch mit seinen 90 x 90 cm ideal. \" class=\"wp-image-21430\" title=\"\" srcset=\"https:\/\/raum-blick.de\/magazin\/wp-content\/uploads\/2025\/02\/emu-star-tisch-306-75_91050-1024x1024.jpg 1024w, https:\/\/raum-blick.de\/magazin\/wp-content\/uploads\/2025\/02\/emu-star-tisch-306-75_91050-300x300.jpg 300w, https:\/\/raum-blick.de\/magazin\/wp-content\/uploads\/2025\/02\/emu-star-tisch-306-75_91050-150x150.jpg 150w, https:\/\/raum-blick.de\/magazin\/wp-content\/uploads\/2025\/02\/emu-star-tisch-306-75_91050-768x768.jpg 768w, https:\/\/raum-blick.de\/magazin\/wp-content\/uploads\/2025\/02\/emu-star-tisch-306-75_91050.jpg 1200w\" sizes=\"(max-width: 1024px) 100vw, 1024px\" \/><\/a><\/figure>\n<figcaption class=\"blocks-gallery-caption wp-element-caption\"><em>Dieses Quadrat hat es in sich. Der Emu Star punktet mit Wetterbest\u00e4ndigkeit, weichen Linien und f\u00fchlt sich das ganze Jahr \u00fcber drau\u00dfen wohl \u2013&nbsp;ideal vor allem auf kleineren Balkone oder Terrassen.<\/em> Und es gibt ihn, wie Sie sehen, in den unterschiedlichsten Farben.<\/figcaption><\/figure>\n\n\n\n<h3 class=\"wp-block-heading\" id=\"3-fermob-calvi-140-x-140\"><span class=\"ez-toc-section\" id=\"3_Der_luftige_Fermob_Calvi_als_Design_Gartenmoebel\"><\/span>3. Der<a href=\"https:\/\/www.raum-blick.de\/fermob-calvi-tisch-140x140-cm\" target=\"_blank\" rel=\"noreferrer noopener\"> luftige Fermob Calvi<\/a> als Design Gartenm\u00f6bel<span class=\"ez-toc-section-end\"><\/span><\/h3>\n\n\n\n<p>Und noch so ein quadratischer Klassiker. Dieses Mal allerdings aus Frankreich. Von einer der bekanntesten und beliebtesten Outdoor-M\u00f6bel Marke. Mit 25 lebendigen Farben bringt der wetterfeste zeitlose 140 x 140 cm gro\u00dfe <strong>Fermob Calvi<\/strong>&nbsp;Gartentisch frischen Wind in den Garten und auf den Balkon. Das pulverbeschichtete Aluminium macht ihn leicht und wetterfest. Und ist  100 % recycelbar. Designer Antoine Lesur bricht die Linienf\u00fchrung zwischen Beinen und der schwerelos schwebenden Tischplatte, was dem Calvi das gewisse Extra verleiht f\u00fcr das Fermob Design Gartenm\u00f6bel bekannt sind. Sch\u00f6ner lassen sich Tradition, Innovation und Nachhaltigkeit kaum verbinden. <\/p>\n\n\n\n<figure class=\"wp-block-gallery has-nested-images columns-default is-cropped wp-block-gallery-4 is-layout-flex wp-block-gallery-is-layout-flex\">\n<figure class=\"wp-block-image size-large\"><a href=\"raum-blick.de\/fermob-calvi-tisch-140x140-cm\"><img loading=\"lazy\" decoding=\"async\" width=\"1024\" height=\"1024\" data-id=\"21429\" src=\"https:\/\/www.raum-blick.de\/magazin\/wp-content\/uploads\/2025\/02\/fermob-calvi-tisch-140x140-kaktus-82_77880-1024x1024.jpg\" alt=\"Der Fermob Calvi kommt aus Frankreich, von einem der bekanntesten und beliebtesten Design Gartenm\u00f6bel Label.\" class=\"wp-image-21429\" title=\"\" srcset=\"https:\/\/raum-blick.de\/magazin\/wp-content\/uploads\/2025\/02\/fermob-calvi-tisch-140x140-kaktus-82_77880-1024x1024.jpg 1024w, https:\/\/raum-blick.de\/magazin\/wp-content\/uploads\/2025\/02\/fermob-calvi-tisch-140x140-kaktus-82_77880-300x300.jpg 300w, https:\/\/raum-blick.de\/magazin\/wp-content\/uploads\/2025\/02\/fermob-calvi-tisch-140x140-kaktus-82_77880-150x150.jpg 150w, https:\/\/raum-blick.de\/magazin\/wp-content\/uploads\/2025\/02\/fermob-calvi-tisch-140x140-kaktus-82_77880-768x768.jpg 768w, https:\/\/raum-blick.de\/magazin\/wp-content\/uploads\/2025\/02\/fermob-calvi-tisch-140x140-kaktus-82_77880.jpg 1100w\" sizes=\"(max-width: 1024px) 100vw, 1024px\" \/><\/a><\/figure>\n\n\n\n<figure class=\"wp-block-image size-large\"><a href=\"raum-blick.de\/fermob-calvi-tisch-140x140-cm\"><img loading=\"lazy\" decoding=\"async\" width=\"700\" height=\"700\" data-id=\"21428\" src=\"https:\/\/www.raum-blick.de\/magazin\/wp-content\/uploads\/2025\/02\/fermob-calvi-tisch-140x140-lehmgrau-A5-detail_77881.jpg\" alt=\"Die luftig schwebende Tischplatte gibt dem Fermob Calvi den besonderen Twist. Danke Antoine Lesur f\u00fcr dieses herrliche Design!\" class=\"wp-image-21428\" title=\"\" srcset=\"https:\/\/raum-blick.de\/magazin\/wp-content\/uploads\/2025\/02\/fermob-calvi-tisch-140x140-lehmgrau-A5-detail_77881.jpg 700w, https:\/\/raum-blick.de\/magazin\/wp-content\/uploads\/2025\/02\/fermob-calvi-tisch-140x140-lehmgrau-A5-detail_77881-300x300.jpg 300w, https:\/\/raum-blick.de\/magazin\/wp-content\/uploads\/2025\/02\/fermob-calvi-tisch-140x140-lehmgrau-A5-detail_77881-150x150.jpg 150w\" sizes=\"(max-width: 700px) 100vw, 700px\" \/><\/a><\/figure>\n<figcaption class=\"blocks-gallery-caption wp-element-caption\"><em>D\u00fcnne Tischplatte, zeitloser kombinationsfreudiger Stil, eine leicht verr\u00fcckte Ausstrahlung und Platz f\u00fcr bis zu 8 Personen \u2013 der Fermob Calvi ist ideal f\u00fcr gesellige Runden im Freien!<\/em><\/figcaption><\/figure>\n\n\n\n<h3 class=\"wp-block-heading\" id=\"4-muuto-linear-steel\"><span class=\"ez-toc-section\" id=\"4_Der_minimalistische_Muuto_Linear_Steel\"><\/span>4. Der <a href=\"https:\/\/www.raum-blick.de\/muuto-linear-steel-tisch\" target=\"_blank\" rel=\"noreferrer noopener\">minimalistische Muuto Linear Steel<\/a><span class=\"ez-toc-section-end\"><\/span><\/h3>\n\n\n\n<p>Das skandinavische Design erkennt man sofort. Den klaren Fokus, den Thomas Bentzen mit seiner Geradlinigkeit auf Qualit\u00e4t und Funktionalit\u00e4t legt, auch. Der&nbsp;<strong>Muuto Linear Steel<\/strong>&nbsp;Tisch ist ein stilvolles Design Gartenm\u00f6bel f\u00fcr drau\u00dfen, aber auch f\u00fcr drinnen. Modern, aus pulverbeschichtetem Stahl und mit subtilen Details wie den gefalteten Kanten und den halbkreisf\u00f6rmigen, kurzen Tischbeinen. <\/p>\n\n\n\n<figure class=\"wp-block-gallery has-nested-images columns-default is-cropped wp-block-gallery-5 is-layout-flex wp-block-gallery-is-layout-flex\">\n<figure class=\"wp-block-image size-large\"><a href=\"raum-blick.de\/muuto-linear-steel-tisch\"><img loading=\"lazy\" decoding=\"async\" width=\"1024\" height=\"1024\" data-id=\"21425\" src=\"https:\/\/www.raum-blick.de\/magazin\/wp-content\/uploads\/2025\/02\/muuto-linear-steel-table-dark-green-140_65432jA7F4txlCyGdV-1024x1024.jpg\" alt=\"Kurze Beine, gefaltete Kanten, der Muuto Linear Steel Tisch ist ein echtes Charakter Design Gartenm\u00f6bel.\" class=\"wp-image-21425\" title=\"\" srcset=\"https:\/\/raum-blick.de\/magazin\/wp-content\/uploads\/2025\/02\/muuto-linear-steel-table-dark-green-140_65432jA7F4txlCyGdV-1024x1024.jpg 1024w, https:\/\/raum-blick.de\/magazin\/wp-content\/uploads\/2025\/02\/muuto-linear-steel-table-dark-green-140_65432jA7F4txlCyGdV-300x300.jpg 300w, https:\/\/raum-blick.de\/magazin\/wp-content\/uploads\/2025\/02\/muuto-linear-steel-table-dark-green-140_65432jA7F4txlCyGdV-150x150.jpg 150w, https:\/\/raum-blick.de\/magazin\/wp-content\/uploads\/2025\/02\/muuto-linear-steel-table-dark-green-140_65432jA7F4txlCyGdV-768x768.jpg 768w, https:\/\/raum-blick.de\/magazin\/wp-content\/uploads\/2025\/02\/muuto-linear-steel-table-dark-green-140_65432jA7F4txlCyGdV.jpg 1080w\" sizes=\"(max-width: 1024px) 100vw, 1024px\" \/><\/a><\/figure>\n\n\n\n<figure class=\"wp-block-image size-large\"><a href=\"raum-blick.de\/muuto-linear-steel-tisch\"><img loading=\"lazy\" decoding=\"async\" width=\"1024\" height=\"1024\" data-id=\"21426\" src=\"https:\/\/www.raum-blick.de\/magazin\/wp-content\/uploads\/2025\/02\/muuto-linear-steel-table_654362qFn5SJZylfet-1024x1024.jpg\" alt=\"Hier ist gut sein. Denn der Muuto Linear Steel ist nicht nur formsch\u00f6n, sondern hat auch praktische Details wie die Rille in der Tischplatte. Tsch\u00fcss Regenwasser.\" class=\"wp-image-21426\" title=\"\" srcset=\"https:\/\/raum-blick.de\/magazin\/wp-content\/uploads\/2025\/02\/muuto-linear-steel-table_654362qFn5SJZylfet-1024x1024.jpg 1024w, https:\/\/raum-blick.de\/magazin\/wp-content\/uploads\/2025\/02\/muuto-linear-steel-table_654362qFn5SJZylfet-300x300.jpg 300w, https:\/\/raum-blick.de\/magazin\/wp-content\/uploads\/2025\/02\/muuto-linear-steel-table_654362qFn5SJZylfet-150x150.jpg 150w, https:\/\/raum-blick.de\/magazin\/wp-content\/uploads\/2025\/02\/muuto-linear-steel-table_654362qFn5SJZylfet-768x768.jpg 768w, https:\/\/raum-blick.de\/magazin\/wp-content\/uploads\/2025\/02\/muuto-linear-steel-table_654362qFn5SJZylfet.jpg 1080w\" sizes=\"(max-width: 1024px) 100vw, 1024px\" \/><\/a><\/figure>\n\n\n\n<figure class=\"wp-block-image size-large\"><a href=\"raum-blick.de\/muuto-linear-steel-tisch\"><img loading=\"lazy\" decoding=\"async\" width=\"1024\" height=\"1024\" data-id=\"21427\" src=\"https:\/\/www.raum-blick.de\/magazin\/wp-content\/uploads\/2025\/02\/muuto-linear-steel-table-gartentisch_654446GAzj7kpUG4aw-1024x1024.jpg\" alt=\"Was f\u00fcr ein herrliches Tisch-Bank-Ensemble! Der Muuto Linear Steel Tisch macht auch drinnen eine gute Figur.\" class=\"wp-image-21427\" title=\"\" srcset=\"https:\/\/raum-blick.de\/magazin\/wp-content\/uploads\/2025\/02\/muuto-linear-steel-table-gartentisch_654446GAzj7kpUG4aw-1024x1024.jpg 1024w, https:\/\/raum-blick.de\/magazin\/wp-content\/uploads\/2025\/02\/muuto-linear-steel-table-gartentisch_654446GAzj7kpUG4aw-300x300.jpg 300w, https:\/\/raum-blick.de\/magazin\/wp-content\/uploads\/2025\/02\/muuto-linear-steel-table-gartentisch_654446GAzj7kpUG4aw-150x150.jpg 150w, https:\/\/raum-blick.de\/magazin\/wp-content\/uploads\/2025\/02\/muuto-linear-steel-table-gartentisch_654446GAzj7kpUG4aw-768x768.jpg 768w, https:\/\/raum-blick.de\/magazin\/wp-content\/uploads\/2025\/02\/muuto-linear-steel-table-gartentisch_654446GAzj7kpUG4aw.jpg 1080w\" sizes=\"(max-width: 1024px) 100vw, 1024px\" \/><\/a><\/figure>\n<figcaption class=\"blocks-gallery-caption wp-element-caption\"><em>Zeitgen\u00f6ssisch-minimalistische d\u00e4nische \u00c4sthetik, die in jeder Hinsicht neue Perspektiven er\u00f6ffnet: der Muuto Linear Steel. Besonders praktisch: Die Rille in der Tischplatte l\u00e4sst Regenwasser schneller abflie\u00dfen.<\/em><\/figcaption><\/figure>\n\n\n\n<h3 class=\"wp-block-heading\" id=\"5-houe-four\"><span class=\"ez-toc-section\" id=\"5_Der_geradlinige_Houe_Four\"><\/span>5. Der geradlinige Houe Four<span class=\"ez-toc-section-end\"><\/span><\/h3>\n\n\n\n<p>Und noch ein d\u00e4nisches Meisterst\u00fcck. Dieses Mal von Design-Tausendsassa Henrik Pedersen, der neben M\u00f6beln auch Mode und Verpackungen entwirft. Mit dem formvollendeten&nbsp;<strong>Houe Four<\/strong>, der Aluminium und Bambus kombiniert, ist ihm ein pflegeleichter und origineller Gartentisch gelungen, der eine leichte, lockere Atmosph\u00e4re schafft. Und dank seiner klaren Form d\u00fcrfte er schnell zum Liebling in Ihrem Garten werden. <\/p>\n\n\n\n<figure class=\"wp-block-image size-large\"><a href=\"https:\/\/www.raum-blick.de\/houe-four-outdoortisch\"><img loading=\"lazy\" decoding=\"async\" width=\"1024\" height=\"1024\" src=\"https:\/\/www.raum-blick.de\/magazin\/wp-content\/uploads\/2025\/02\/outdoortisch-four-houe_92620-1024x1024.jpg\" alt=\"Ein formvollendet, pflegeleichtes und originelles Design Gartenm\u00f6bel: der Houe Four Tisch aus Aluminium und Bambus. \" class=\"wp-image-21452\" title=\"\" srcset=\"https:\/\/raum-blick.de\/magazin\/wp-content\/uploads\/2025\/02\/outdoortisch-four-houe_92620-1024x1024.jpg 1024w, https:\/\/raum-blick.de\/magazin\/wp-content\/uploads\/2025\/02\/outdoortisch-four-houe_92620-300x300.jpg 300w, https:\/\/raum-blick.de\/magazin\/wp-content\/uploads\/2025\/02\/outdoortisch-four-houe_92620-150x150.jpg 150w, https:\/\/raum-blick.de\/magazin\/wp-content\/uploads\/2025\/02\/outdoortisch-four-houe_92620-768x768.jpg 768w, https:\/\/raum-blick.de\/magazin\/wp-content\/uploads\/2025\/02\/outdoortisch-four-houe_92620.jpg 1500w\" sizes=\"(max-width: 1024px) 100vw, 1024px\" \/><\/a><figcaption class=\"wp-element-caption\"><em>Pulverbeschichtetes Aluminium und gepresste Bambusholzlatten gehen beim Houe Four eine unglaublich harmonische Liaison ein, die einen ganz schnell in ihren Bann schl\u00e4gt.<\/em><\/figcaption><\/figure>\n\n\n\n<h3 class=\"wp-block-heading\" id=\"6-houe-circle\"><span class=\"ez-toc-section\" id=\"6_Der_runde_Houe_Circle_als_Design_Gartenmoebel\"><\/span>6. Der runde Houe Circle als Design Gartenm\u00f6bel<span class=\"ez-toc-section-end\"><\/span><\/h3>\n\n\n\n<p>Die Handschrift des d\u00e4nischen Designers Henrik Pedersen ist auch beim <strong>Houe Circle<\/strong>&nbsp;unverkennbar. Dieser Tisch ist wirklich eine runde Sache und \u00fcberzeugt nicht nur mit seiner markanten Tischplatte aus Bambus-Lamellen, die sich strahlenf\u00f6rmig um den Granitstein in der Mitte angeordnet sind. Das robuste Gestell macht den Circle modern und ist so konstruiert, dass alle am Tisch gen\u00fcgend Beinfreiheit haben. Was f\u00fcr ein Geniestreich!<\/p>\n\n\n\n<figure class=\"wp-block-image size-large\"><a href=\"https:\/\/www.raum-blick.de\/houe-circle-gartentisch\"><img loading=\"lazy\" decoding=\"async\" width=\"1024\" height=\"1024\" src=\"https:\/\/www.raum-blick.de\/magazin\/wp-content\/uploads\/2025\/02\/circle-houe-tisch_92757-1024x1024.jpg\" alt=\"\" class=\"wp-image-21449\" title=\"\" srcset=\"https:\/\/raum-blick.de\/magazin\/wp-content\/uploads\/2025\/02\/circle-houe-tisch_92757-1024x1024.jpg 1024w, https:\/\/raum-blick.de\/magazin\/wp-content\/uploads\/2025\/02\/circle-houe-tisch_92757-300x300.jpg 300w, https:\/\/raum-blick.de\/magazin\/wp-content\/uploads\/2025\/02\/circle-houe-tisch_92757-150x150.jpg 150w, https:\/\/raum-blick.de\/magazin\/wp-content\/uploads\/2025\/02\/circle-houe-tisch_92757-768x768.jpg 768w, https:\/\/raum-blick.de\/magazin\/wp-content\/uploads\/2025\/02\/circle-houe-tisch_92757.jpg 1500w\" sizes=\"(max-width: 1024px) 100vw, 1024px\" \/><\/a><figcaption class=\"wp-element-caption\"><em>Von oben sieht er aus wie eine Sonne. In der Mitte des Houe Circle thront ein Granitstein, von dem Strahlen aus Bambus ausgehen. Je nach Ausf\u00fchrung ist Platz f\u00fcr 6 bis 8 Personen und hei\u00dfe T\u00f6pfe stellen Sie einfach auf dem Granitstein ab. Daf\u00fcr ist er gemacht. Ganz sch\u00f6n clever!<\/em><\/figcaption><\/figure>\n\n\n\n<h2 class=\"wp-block-heading\" id=\"die-perfekten-gartensessel-f\u00fcr-entspannte-stunden\"><span class=\"ez-toc-section\" id=\"Die_3_perfekten_Gartensessel_als_Design_Gartenmoebel_fuer_entspannte_Stunden\"><\/span>Die 3 perfekten Gartensessel als Design Gartenm\u00f6bel f\u00fcr entspannte Stunden<span class=\"ez-toc-section-end\"><\/span><\/h2>\n\n\n\n<h3 class=\"wp-block-heading\" id=\"5-fermob-luxemburg\"><span class=\"ez-toc-section\" id=\"1_Der_ikonische_Fermob_Luxembourg\"><\/span>1. Der <a href=\"https:\/\/www.raum-blick.de\/fermob-gartenmoebel\/\" target=\"_blank\" rel=\"noreferrer noopener\">ikonische Fermob Luxembourg<\/a><span class=\"ez-toc-section-end\"><\/span><\/h3>\n\n\n\n<p>Er ist der Star in Frankreich und wahrscheinlich einer der meistverkauften Gartensessel unter den Design Gartenm\u00f6bel: der <strong>Fermob Luxembourg<\/strong>. Benannt nach den gleichnamigen G\u00e4rten, f\u00fcr die er in den goldenen 20ern entworfen wurde. 2004 verlieh ihm der Designer Fr\u00e9d\u00e9ric Sofia neuen Schwung und machte den leichtgewichtigen Alusessel noch legend\u00e4rer. Allein die riesige Farbauswahl bringt einen schon in Entscheidungsnot, aber bei der Ergonomie und dem Sitzkomfort kann man einfach nicht widerstehen.<\/p>\n\n\n\n<figure class=\"wp-block-gallery has-nested-images columns-default is-cropped wp-block-gallery-6 is-layout-flex wp-block-gallery-is-layout-flex\">\n<figure class=\"wp-block-image size-large\"><a href=\"raum-blick.de\/fermob-gartenmoebel\/\"><img loading=\"lazy\" decoding=\"async\" width=\"1000\" height=\"1000\" data-id=\"21443\" src=\"https:\/\/www.raum-blick.de\/magazin\/wp-content\/uploads\/2025\/02\/fermob-luxembourg-sessel-lagunenblau-gestapelt_64259.jpg\" alt=\"Weltweit ein Bestseller und in zig Farben erh\u00e4ltlich: der Fermob Luxembourg. \" class=\"wp-image-21443\" title=\"\" srcset=\"https:\/\/raum-blick.de\/magazin\/wp-content\/uploads\/2025\/02\/fermob-luxembourg-sessel-lagunenblau-gestapelt_64259.jpg 1000w, https:\/\/raum-blick.de\/magazin\/wp-content\/uploads\/2025\/02\/fermob-luxembourg-sessel-lagunenblau-gestapelt_64259-300x300.jpg 300w, https:\/\/raum-blick.de\/magazin\/wp-content\/uploads\/2025\/02\/fermob-luxembourg-sessel-lagunenblau-gestapelt_64259-150x150.jpg 150w, https:\/\/raum-blick.de\/magazin\/wp-content\/uploads\/2025\/02\/fermob-luxembourg-sessel-lagunenblau-gestapelt_64259-768x768.jpg 768w\" sizes=\"(max-width: 1000px) 100vw, 1000px\" \/><\/a><\/figure>\n\n\n\n<figure class=\"wp-block-image size-large\"><a href=\"raum-blick.de\/fermob-gartenmoebel\/\"><img loading=\"lazy\" decoding=\"async\" width=\"1000\" height=\"1000\" data-id=\"21442\" src=\"https:\/\/www.raum-blick.de\/magazin\/wp-content\/uploads\/2025\/02\/fermob-luxembourg-sessel-stapel_64260.jpg\" alt=\"Der Fermob Luxembourg ist ein Design Gartenm\u00f6bel par excellence: \u00c4sthetisch, praktisch und zeitlos. \" class=\"wp-image-21442\" title=\"\" srcset=\"https:\/\/raum-blick.de\/magazin\/wp-content\/uploads\/2025\/02\/fermob-luxembourg-sessel-stapel_64260.jpg 1000w, https:\/\/raum-blick.de\/magazin\/wp-content\/uploads\/2025\/02\/fermob-luxembourg-sessel-stapel_64260-300x300.jpg 300w, https:\/\/raum-blick.de\/magazin\/wp-content\/uploads\/2025\/02\/fermob-luxembourg-sessel-stapel_64260-150x150.jpg 150w, https:\/\/raum-blick.de\/magazin\/wp-content\/uploads\/2025\/02\/fermob-luxembourg-sessel-stapel_64260-768x768.jpg 768w\" sizes=\"(max-width: 1000px) 100vw, 1000px\" \/><\/a><\/figure>\n<figcaption class=\"blocks-gallery-caption wp-element-caption\"><em>Ergonomisches Design f\u00fcr maximalen Sitzkomfort und das in vielen lebendigen Farben. Dazu ist der stapelbare Fermob Luxembourg ausgesprochen robust und dank des Aluminiums so leicht, dass Sie ihn locker von A nach B tragen k\u00f6nnen.<\/em><\/figcaption><\/figure>\n\n\n\n<h3 class=\"wp-block-heading\" id=\"6-kartell-master-sedia\"><span class=\"ez-toc-section\" id=\"2_Der_extravagante_Kartell_Masters_Sedia\"><\/span>2. Der extravagante Kartell Masters Sedia<span class=\"ez-toc-section-end\"><\/span><\/h3>\n\n\n\n<p>Gleich drei meisterhafte Designer haben Philippe Starck zu dieser Kreation inspiriert. Mit dem <strong>Kartell Masters Sedia<\/strong>&nbsp;hat er einen ikonischen, mehrfach preisgekr\u00f6nten Klassiker geschaffen, der nach wie vor einer der Bestseller der auf Kunststoffm\u00f6bel spezialisierten italienischen Marke ist. Schmalen Beine, eine kurvenreiche R\u00fcckenlehne und eine komfortable Sitzfl\u00e4che \u2013 alles aus durchgef\u00e4rbtem Polypropylen \u2013 lassen den Masters wie eine Skulptur erscheinen, deren Anblick man sich nicht entziehen kann. Man muss einfach hinschauen und verliebt sich sofort. <\/p>\n\n\n\n<figure class=\"wp-block-image size-large\"><a href=\"https:\/\/www.raum-blick.de\/kartell-masters-sedia-stuhl\"><img loading=\"lazy\" decoding=\"async\" width=\"1024\" height=\"1024\" src=\"https:\/\/www.raum-blick.de\/magazin\/wp-content\/uploads\/2025\/02\/masters-seida-gruen_94709-1024x1024.jpg\" alt=\"Ein preisgekr\u00f6nter Kunststoff-Klassiker, entworfen von Philippe Starck: der Kartell Masters Sedia.\" class=\"wp-image-21448\" title=\"\" srcset=\"https:\/\/raum-blick.de\/magazin\/wp-content\/uploads\/2025\/02\/masters-seida-gruen_94709-1024x1024.jpg 1024w, https:\/\/raum-blick.de\/magazin\/wp-content\/uploads\/2025\/02\/masters-seida-gruen_94709-300x300.jpg 300w, https:\/\/raum-blick.de\/magazin\/wp-content\/uploads\/2025\/02\/masters-seida-gruen_94709-150x150.jpg 150w, https:\/\/raum-blick.de\/magazin\/wp-content\/uploads\/2025\/02\/masters-seida-gruen_94709-768x768.jpg 768w, https:\/\/raum-blick.de\/magazin\/wp-content\/uploads\/2025\/02\/masters-seida-gruen_94709.jpg 1500w\" sizes=\"(max-width: 1024px) 100vw, 1024px\" \/><\/a><figcaption class=\"wp-element-caption\"><em>Eine Design-Ikone inspiriert von drei Meistern Ihres Fachs: der Kartell Masters Sedia. Das leichte und leicht skulpturale Sitzm\u00f6bel gibt es in den unterschiedlichsten Farben. F\u00fcr alle, die das gewissen Etwas suchen.<\/em><br><\/figcaption><\/figure>\n\n\n\n<h3 class=\"wp-block-heading\" id=\"7-houe-click--houe-click-sunrocker\"><span class=\"ez-toc-section\" id=\"3_Die_super_bequemen_Houe_Click_Houe_Click_Sunrocker_als_schicke_Design_Gartenmoebel\"><\/span>3. Die super bequemen Houe Click &amp; Houe Click Sunrocker als schicke Design Gartenm\u00f6bel<span class=\"ez-toc-section-end\"><\/span><\/h3>\n\n\n\n<p>Die D\u00e4nen schaffen es tats\u00e4chlich immer wieder das Verh\u00e4ltnis von \u00c4sthetik und Funktionalit\u00e4t in perfekter Balance zu halten. Dabei ist die <strong>M\u00f6belserie von<\/strong>&nbsp;<strong>Houe<\/strong>&nbsp;so au\u00dfergew\u00f6hnlich wie \u00fcberraschend. Nicht nur, dass sich die Lamellen mit einem \u201eClick\u201c nach Lust und Laune austauschen lassen, ihre Struktur passt sich auch der menschlichen Wirbels\u00e4ule an. Mit einem der <a href=\"https:\/\/www.raum-blick.de\/houe-click-sunrocker-liegestuhl\" target=\"_blank\" rel=\"noreferrer noopener\">bequemen Houe Click-Modell<\/a> k\u00f6nnen Sie stundenlang die Sonne oder den lauen Sommerabend genie\u00dfen. Ob es dann der stapelbare Gartenstuhl oder der coole Sunrocker Liegestuhl ist, das Sitzvergn\u00fcgen ist immer erstklassig. Deshalb: Nehmen Sie doch einfach beide Design Gartenm\u00f6bel!<\/p>\n\n\n\n<figure class=\"wp-block-gallery has-nested-images columns-default is-cropped wp-block-gallery-7 is-layout-flex wp-block-gallery-is-layout-flex\">\n<figure class=\"wp-block-image size-large\"><a href=\"https:\/\/www.raum-blick.de\/houe-click-gartensessel\"><img loading=\"lazy\" decoding=\"async\" width=\"1024\" height=\"1024\" data-id=\"21454\" src=\"https:\/\/www.raum-blick.de\/magazin\/wp-content\/uploads\/2025\/02\/HOUE-click-dining-chair-multicolor-10801-8418_92129-1024x1024.jpg\" alt=\"Super bequem und mit einem \u201eClick\u201d l\u00e4sst sich auch jede Lamelle des Houe Click tauschen, so dass Sie ihn immer wieder farblich ver\u00e4ndern k\u00f6nnen.\" class=\"wp-image-21454\" title=\"\" srcset=\"https:\/\/raum-blick.de\/magazin\/wp-content\/uploads\/2025\/02\/HOUE-click-dining-chair-multicolor-10801-8418_92129-1024x1024.jpg 1024w, https:\/\/raum-blick.de\/magazin\/wp-content\/uploads\/2025\/02\/HOUE-click-dining-chair-multicolor-10801-8418_92129-300x300.jpg 300w, https:\/\/raum-blick.de\/magazin\/wp-content\/uploads\/2025\/02\/HOUE-click-dining-chair-multicolor-10801-8418_92129-150x150.jpg 150w, https:\/\/raum-blick.de\/magazin\/wp-content\/uploads\/2025\/02\/HOUE-click-dining-chair-multicolor-10801-8418_92129-768x768.jpg 768w, https:\/\/raum-blick.de\/magazin\/wp-content\/uploads\/2025\/02\/HOUE-click-dining-chair-multicolor-10801-8418_92129.jpg 1500w\" sizes=\"(max-width: 1024px) 100vw, 1024px\" \/><\/a><\/figure>\n\n\n\n<figure class=\"wp-block-image size-large\"><a href=\"https:\/\/www.raum-blick.de\/houe-click-sunrocker-liegestuhl\"><img loading=\"lazy\" decoding=\"async\" width=\"1024\" height=\"1024\" data-id=\"21424\" src=\"https:\/\/www.raum-blick.de\/magazin\/wp-content\/uploads\/2025\/02\/houe-click-sunrocker-pinegreen-10805-1118_93039-1024x1024.jpg\" alt=\"Im filigranen Houe Sunrocker Liegestuhl l\u00e4sst sich die Sonne genie\u00dfen. Und wenn Sie ihr Gewicht verlagern, ver\u00e4ndert sich auch die Position.\" class=\"wp-image-21424\" title=\"\" srcset=\"https:\/\/raum-blick.de\/magazin\/wp-content\/uploads\/2025\/02\/houe-click-sunrocker-pinegreen-10805-1118_93039-1024x1024.jpg 1024w, https:\/\/raum-blick.de\/magazin\/wp-content\/uploads\/2025\/02\/houe-click-sunrocker-pinegreen-10805-1118_93039-300x300.jpg 300w, https:\/\/raum-blick.de\/magazin\/wp-content\/uploads\/2025\/02\/houe-click-sunrocker-pinegreen-10805-1118_93039-150x150.jpg 150w, https:\/\/raum-blick.de\/magazin\/wp-content\/uploads\/2025\/02\/houe-click-sunrocker-pinegreen-10805-1118_93039-768x768.jpg 768w, https:\/\/raum-blick.de\/magazin\/wp-content\/uploads\/2025\/02\/houe-click-sunrocker-pinegreen-10805-1118_93039.jpg 1500w\" sizes=\"(max-width: 1024px) 100vw, 1024px\" \/><\/a><\/figure>\n<figcaption class=\"blocks-gallery-caption wp-element-caption\"><em>Durchgef\u00e4rbter Kunststoff, wetterfestes Bambusholz und korrosionsbest\u00e4ndiger Stahl \u2013 ein Materialmix der ein Statement setzt und mit den austauschbaren Lamellen werden diese einladenden Sitzgelegenheiten zu einem echten It-Piece, das sich ganz Ihrem Geschmack anpasst. <\/em><\/figcaption><\/figure>\n\n\n\n<h2 class=\"wp-block-heading\" id=\"entspannung-pur-fatboy-h\u00e4ngematten\"><span class=\"ez-toc-section\" id=\"Entspannung_pur_Fatboy_Haengematten\"><\/span>Entspannung pur: Fatboy H\u00e4ngematten<span class=\"ez-toc-section-end\"><\/span><\/h2>\n\n\n\n<p>Woran denken Sie, wenn Sie das Wort \u201eH\u00e4ngematte\u201c h\u00f6ren? Klar, an Entspannung, aber ganz sicher auch an Fatboy! Denn das stylishe niederl\u00e4ndische Label hat nicht nur mit Sitzs\u00e4cken die Herzen von Lifestyle-(Freiluft-)Liebhabern erobert. Auch <strong>Fatboy H\u00e4ngematten<\/strong> sind zwischenzeitlich Kult und mindestens genauso begehrt. Kein Wunder, sie sind im Handumdrehen aufgebaut, brauchen keinen Baum und bieten jede Menge Platz. Wenn&#8217;s sein muss f\u00fcr die ganze Familie. Und: Sie k\u00f6nnen Ihre Fatboy \u00fcberallhin mitnehmen, denn sie l\u00e4sst sich samt Gestell in zweckm\u00e4\u00dfigen Taschen verstauen. It&#8217;s Picnic Time!<\/p>\n\n\n\n<figure class=\"wp-block-image size-large\"><a href=\"raum-blick.de\/fatboy-gartenmoebel\/\"><img loading=\"lazy\" decoding=\"async\" width=\"1024\" height=\"1024\" src=\"https:\/\/www.raum-blick.de\/magazin\/wp-content\/uploads\/2025\/02\/Fatboy-Headdemock-4-1024x1024.jpg\" alt=\"Fatboy H\u00e4ngematten sind Kult. Und finden garantiert auch bei Ihren G\u00e4sten ganz schnell Liebhaber. Was f\u00fcr ein cooles Design Gartenm\u00f6bel!\" class=\"wp-image-21464\" title=\"\" srcset=\"https:\/\/raum-blick.de\/magazin\/wp-content\/uploads\/2025\/02\/Fatboy-Headdemock-4-1024x1024.jpg 1024w, https:\/\/raum-blick.de\/magazin\/wp-content\/uploads\/2025\/02\/Fatboy-Headdemock-4-300x300.jpg 300w, https:\/\/raum-blick.de\/magazin\/wp-content\/uploads\/2025\/02\/Fatboy-Headdemock-4-150x150.jpg 150w, https:\/\/raum-blick.de\/magazin\/wp-content\/uploads\/2025\/02\/Fatboy-Headdemock-4-768x768.jpg 768w, https:\/\/raum-blick.de\/magazin\/wp-content\/uploads\/2025\/02\/Fatboy-Headdemock-4.jpg 1500w\" sizes=\"(max-width: 1024px) 100vw, 1024px\" \/><\/a><figcaption class=\"wp-element-caption\"><em>Liege oder Loungesofa? Die <a href=\"https:\/\/www.raum-blick.de\/fatboy-gartenmoebel\/\" target=\"_blank\" rel=\"noreferrer noopener\">robuste Fatboy H\u00e4ngematte<\/a> ist ausgesprochen vielseitig. Das leicht zu reinigende Platzwunder ist schmutz- und wasserabweisend und bringt sein 3-teiliges Gestell aus pulverbeschichtetem Metall gleich mit.<\/em><br><\/figcaption><\/figure>\n\n\n\n<h2 class=\"wp-block-heading\" id=\"lichtakzente-setzen-mit-solar--und-akkuleuchten\"><span class=\"ez-toc-section\" id=\"Lichtakzente_setzen_mit_Solar-_und_Akkuleuchten\"><\/span>Lichtakzente setzen mit <a href=\"https:\/\/www.raum-blick.de\/outdoor-solar-und-akkulampen\/\" target=\"_blank\" rel=\"noreferrer noopener\">Solar- und Akkuleuchten<\/a><span class=\"ez-toc-section-end\"><\/span><\/h2>\n\n\n\n<p>Auch wenn an lauen Sommerabenden die Dunkelheit hereinbricht m\u00f6chten wir auf unserer Terrasse oder dem Balkon einen gem\u00fctlichen, stimmungsvollen R\u00fcckzugsort haben. Gut, dass es zwischenzeitlich jede Menge nachhaltige, umweltfreundliche und mobile Beleuchtungsl\u00f6sungen gibt, die eine entspannte Atmosph\u00e4re schaffen. Solar- und Akkuleuchten sind hier im wahrsten Sinne des Wortes leuchtende Beispiele. Denn sie kommen ohne Kabel aus, sind wartungsarm, wetterfest und ganz fix aufgestellt oder -geh\u00e4ngt. So wie die Fatboy Bolleke. Entdecken Sie jetzt unseren Shop-Topseller oder Ihre <a href=\"https:\/\/www.raum-blick.de\/fatboy-lampe\/\" target=\"_blank\" rel=\"noreferrer noopener\">Lieblings-Fatboy Lampe Garten<\/a>! <\/p>\n\n\n\n<figure class=\"wp-block-gallery has-nested-images columns-default is-cropped wp-block-gallery-8 is-layout-flex wp-block-gallery-is-layout-flex\">\n<figure class=\"wp-block-image size-large\"><a href=\"raum-blick.de\/fatboy-lampe\/\"><img loading=\"lazy\" decoding=\"async\" width=\"800\" height=\"800\" data-id=\"16232\" src=\"https:\/\/www.raum-blick.de\/magazin\/wp-content\/uploads\/2022\/06\/fatboy-bolleke.jpg\" alt=\"MIt der portablen Fatboy Bolleke geben wir uns gerne die Kugel. Und das gleich mehrfach. Die Akku-Outdoorleuchte schafft eine wundervolle Atmosph\u00e4re.\" class=\"wp-image-16232\" title=\"\" srcset=\"https:\/\/raum-blick.de\/magazin\/wp-content\/uploads\/2022\/06\/fatboy-bolleke.jpg 800w, https:\/\/raum-blick.de\/magazin\/wp-content\/uploads\/2022\/06\/fatboy-bolleke-300x300.jpg 300w, https:\/\/raum-blick.de\/magazin\/wp-content\/uploads\/2022\/06\/fatboy-bolleke-150x150.jpg 150w, https:\/\/raum-blick.de\/magazin\/wp-content\/uploads\/2022\/06\/fatboy-bolleke-768x768.jpg 768w\" sizes=\"(max-width: 800px) 100vw, 800px\" \/><\/a><\/figure>\n\n\n\n<figure class=\"wp-block-image size-large\"><a href=\"raum-blick.de\/fatboy-lampe\/\"><img loading=\"lazy\" decoding=\"async\" width=\"620\" height=\"511\" data-id=\"17869\" src=\"https:\/\/www.raum-blick.de\/magazin\/wp-content\/uploads\/2025\/01\/Fatboy-Bolleke.jpg\" alt=\"Sie findet \u00fcberall ein Pl\u00e4tzchen und macht den Abend gleich noch ein bisschen stimmungsvoller: die Fatboy Bolleke Akkuleuchte.\" class=\"wp-image-17869\" title=\"\" srcset=\"https:\/\/raum-blick.de\/magazin\/wp-content\/uploads\/2025\/01\/Fatboy-Bolleke.jpg 620w, https:\/\/raum-blick.de\/magazin\/wp-content\/uploads\/2025\/01\/Fatboy-Bolleke-300x247.jpg 300w\" sizes=\"(max-width: 620px) 100vw, 620px\" \/><\/a><\/figure>\n<figcaption class=\"blocks-gallery-caption wp-element-caption\"><em>Kugelrund, kabellos und so richtig was zum Kreativ-Sein. Die zeitlose Fatboy Bolleke Outdoorleuchte f\u00fchlt sich allein oder auch in Reihe pudelwohl und ist einfach immer ein bezaubernder Hingucker. <\/em><\/figcaption><\/figure>\n\n\n\n<h2 class=\"wp-block-heading\" id=\"fazit-bringen-sie-farbe-in-ihren-fr\u00fchling\"><span class=\"ez-toc-section\" id=\"Bringen_Sie_mit_Design_Gartenmoebel_Farbe_in_Ihren_Fruehling\"><\/span>Bringen Sie mit Design Gartenm\u00f6bel Farbe in Ihren Fr\u00fchling!<span class=\"ez-toc-section-end\"><\/span><\/h2>\n\n\n\n<p>Wie Sie sehen, l\u00e4sst sich Ihr Au\u00dfenbereich mit den richtigen Design Gartenm\u00f6beln in eine kleine Oase der Entspannung verwandeln. Ob es sich um den eleganten Emu Plus4 Tisch oder den stilvollen Muuto Linear Steel Tisch handelt \u2013 jede Marke bietet einzigartige Produkte, die sowohl funktional als auch \u00e4sthetisch ansprechend sind.<\/p>\n\n\n\n<p>Und der Fr\u00fchling ist die perfekte Zeit f\u00fcr fr\u00f6hliche Farben. Kombinieren Sie <a href=\"https:\/\/www.raum-blick.de\/ferm-living-outdoor\/\">verschiedene ferm Living Outdoor-M\u00f6belst\u00fccke <\/a>miteinander und schaffen Sie so einen harmonischen Look in Ihrem Garten oder auf Ihrem Balkon. Dazu die kleinen Details wie eine gem\u00fctliche H\u00e4ngematte oder stimmungsvolle Leuchten und Sie haben den perfekten Ort f\u00fcr gesellige Stunden im Freien!<\/p>\n\n\n\n<figure class=\"wp-block-image size-large\"><a href=\"raum-blick.de\/fermob-gartenmoebel\/\"><img loading=\"lazy\" decoding=\"async\" width=\"1024\" height=\"1024\" src=\"https:\/\/www.raum-blick.de\/magazin\/wp-content\/uploads\/2025\/02\/fermob-tisch-cocotte_58253-1024x1024.jpg\" alt=\"Tisch oder Hocker, der Fermob Cocotte ist ausgesprochen vielseitig. Sie k\u00f6nnen ihn auch als Nacht- oder Couchtisch verwenden, wenn die Gartensaison vorbei ist.  \" class=\"wp-image-21441\" title=\"\" srcset=\"https:\/\/raum-blick.de\/magazin\/wp-content\/uploads\/2025\/02\/fermob-tisch-cocotte_58253-1024x1024.jpg 1024w, https:\/\/raum-blick.de\/magazin\/wp-content\/uploads\/2025\/02\/fermob-tisch-cocotte_58253-300x300.jpg 300w, https:\/\/raum-blick.de\/magazin\/wp-content\/uploads\/2025\/02\/fermob-tisch-cocotte_58253-150x150.jpg 150w, https:\/\/raum-blick.de\/magazin\/wp-content\/uploads\/2025\/02\/fermob-tisch-cocotte_58253-768x768.jpg 768w, https:\/\/raum-blick.de\/magazin\/wp-content\/uploads\/2025\/02\/fermob-tisch-cocotte_58253.jpg 1500w\" sizes=\"(max-width: 1024px) 100vw, 1024px\" \/><\/a><figcaption class=\"wp-element-caption\"><em>Apropos perfekter Ort, wir haben noch eine abschlie\u00dfende Empfehlung  in Sachen Design Gartenm\u00f6bel f\u00fcr Sie: den Beistelltisch Cocotte von Fermob. Er ist ein Geht-immer-und-\u00fcberall-Teil. Davon sollten Sie mindestens einen haben und noch lieber mehrere, was Ihnen bei den vielen sch\u00f6nen Farben sicher nicht schwerfallen d\u00fcrfte.<\/em> <\/figcaption><\/figure>\n\n\n\n<div class=\"wp-block-buttons is-content-justification-right is-layout-flex wp-container-core-buttons-is-layout-765c4724 wp-block-buttons-is-layout-flex\">\n<div class=\"wp-block-button\"><a class=\"wp-block-button__link has-white-color has-text-color wp-element-button\" href=\"http:\/\/raum-blick.de\/outdoor-lounge\/\" target=\"_blank\" rel=\"noreferrer noopener\">Auf in den Shop und ab nach drau\u00dfen!<\/a><\/div>\n<\/div>\n<\/p>","protected":false},"excerpt":{"rendered":"<p>\u00ab Endlich wieder raus \u00bb Natur und Design, f\u00fcr uns geh\u00f6rt das zusammen. Und morgens, wenn wir vor die T\u00fcr gehen, bekommen wir schon einen kleinen Vorgeschmack auf das, was kommt: Es zwitschert in den sch\u00f6nsten T\u00f6nen, auf dem Markt leuchten die Tulpen und wir k\u00f6nnen es bei langsam steigenden Temperaturen kaum erwarten, unser \u201ef\u00fcnftes [&hellip;]<\/p>\n","protected":false},"author":4,"featured_media":21460,"comment_status":"closed","ping_status":"open","sticky":false,"template":"","format":"standard","meta":{"_et_pb_use_builder":"","_et_pb_old_content":"","_et_gb_content_width":"","inline_featured_image":false,"footnotes":""},"categories":[7,6,1],"tags":[1758,2305,2203,2308,2309,40,2307,2306,621,2310,1104,33,597,75,345,1106,1105,1110,603,83,2205,2206,746,2195,239,2311,37,658,1385,2093,938],"class_list":["post-21419","post","type-post","status-publish","format-standard","has-post-thumbnail","hentry","category-accessoires-lifestyle","category-draussen","category-drinnen","tag-akkuleuchte","tag-design-gartenmoebel","tag-emu","tag-emu-plus4","tag-emu-star","tag-fatboy","tag-fatboy-bolleke","tag-fatboy-haengematte","tag-fermob","tag-fermob-calvi","tag-fermobluxembourg","tag-garten","tag-gartenbeleuchtung","tag-gartenleuchten","tag-gartenmoebel","tag-gartensessel","tag-gartenstuhl","tag-gartentisch","tag-haengematte","tag-haengematten","tag-houe","tag-houe-click","tag-kartell","tag-kartell-masters","tag-muuto","tag-muuto-linear","tag-outdoor-tische","tag-outdoormoebel","tag-outdoorstuhl","tag-outdoortisch","tag-solarleuchte"],"_links":{"self":[{"href":"https:\/\/raum-blick.de\/magazin\/wp-json\/wp\/v2\/posts\/21419","targetHints":{"allow":["GET"]}}],"collection":[{"href":"https:\/\/raum-blick.de\/magazin\/wp-json\/wp\/v2\/posts"}],"about":[{"href":"https:\/\/raum-blick.de\/magazin\/wp-json\/wp\/v2\/types\/post"}],"author":[{"embeddable":true,"href":"https:\/\/raum-blick.de\/magazin\/wp-json\/wp\/v2\/users\/4"}],"replies":[{"embeddable":true,"href":"https:\/\/raum-blick.de\/magazin\/wp-json\/wp\/v2\/comments?post=21419"}],"version-history":[{"count":24,"href":"https:\/\/raum-blick.de\/magazin\/wp-json\/wp\/v2\/posts\/21419\/revisions"}],"predecessor-version":[{"id":21496,"href":"https:\/\/raum-blick.de\/magazin\/wp-json\/wp\/v2\/posts\/21419\/revisions\/21496"}],"wp:featuredmedia":[{"embeddable":true,"href":"https:\/\/raum-blick.de\/magazin\/wp-json\/wp\/v2\/media\/21460"}],"wp:attachment":[{"href":"https:\/\/raum-blick.de\/magazin\/wp-json\/wp\/v2\/media?parent=21419"}],"wp:term":[{"taxonomy":"category","embeddable":true,"href":"https:\/\/raum-blick.de\/magazin\/wp-json\/wp\/v2\/categories?post=21419"},{"taxonomy":"post_tag","embeddable":true,"href":"https:\/\/raum-blick.de\/magazin\/wp-json\/wp\/v2\/tags?post=21419"}],"curies":[{"name":"wp","href":"https:\/\/api.w.org\/{rel}","templated":true}]}}