{"id":21370,"date":"2025-03-14T09:14:24","date_gmt":"2025-03-14T08:14:24","guid":{"rendered":"https:\/\/www.raum-blick.de\/magazin\/?p=21370"},"modified":"2025-03-10T09:14:54","modified_gmt":"2025-03-10T08:14:54","slug":"designer-pflanzkuebel-unsere-liebsten-urban-big-five","status":"publish","type":"post","link":"https:\/\/raum-blick.de\/magazin\/designer-pflanzkuebel-unsere-liebsten-urban-big-five\/","title":{"rendered":"Designer Pflanzk\u00fcbel: unsere liebsten Urban Big Five"},"content":{"rendered":"\n<h2 class=\"wp-block-heading\"><span class=\"ez-toc-section\" id=\"%C2%AB_Die_wollen_einfach_alle_haben_%C2%BB\"><\/span>\u00ab Die wollen einfach alle haben \u00bb<span class=\"ez-toc-section-end\"><\/span><\/h2>\n\n\n\n<p><strong>Ehrlich gesagt wissen wir auch nicht so genau, warum diese f\u00fcnf regelm\u00e4\u00dfig auf unserer Bestsellerliste stehen. Wahrscheinlich, weil sie praktisch sind, individuell und Ihren Balkon oder Ihre Terrasse zu jeder Jahreszeit zu einer bl\u00fchenden Oase voller Leben und Genuss machen k\u00f6nnen. Mit diesen <a href=\"https:\/\/www.raum-blick.de\/pflanzgefaesse\/\" target=\"_blank\" rel=\"noreferrer noopener\">Pflanzgef\u00e4\u00dfen<\/a> erleben Sie pure Gartenfreude. Und noch viel mehr. Denn unsere beliebten <strong>Designer Pflanzk\u00fcbel<\/strong><\/strong> <strong>sind zwar in erster Linie f\u00fcr Pflanzen gedacht, aber Sie k\u00f6nnen sie durchaus auch zweckentfremden. Aber heute erst  einmal ein Hoch auf die Pflanzkultur und Ihre Fantasie, denn der Fr\u00fchling steht schon in den Startl\u00f6chern.<\/strong><\/p>\n\n\n\n<h2 class=\"wp-block-heading\"><span class=\"ez-toc-section\" id=\"Was_macht_Designer_Pflanzkuebel_so_besonders\"><\/span>Was macht Designer Pflanzk\u00fcbel so besonders? <span class=\"ez-toc-section-end\"><\/span><\/h2>\n\n\n\n<p>Das verraten wir Ihnen gerne. Wobei das nat\u00fcrlich unsere ganz subjektive Sicht auf das Thema ist. Erstens sind Designer Pflanzk\u00fcbel einfach sch\u00f6n f\u00fcrs Auge und haben diese unwiderstehliche \u201eDen muss ich haben\u201d-Attit\u00fcde. Zweitens k\u00f6nnen Sie sich drinnen ebenso gut einsetzen wie drau\u00dfen. Ihr Material trotzt Wind und Wetter, f\u00fcgt sich aber auch ausgesprochen harmonisch in jeden Wohnraum ein. Und hier w\u00e4ren wir gleich schon bei drittens: Pflanzen verbessern das Raumklima. Welcher Pflanzk\u00fcbel am Ende am besten zu Ihnen passt und welcher f\u00fcr welche Pflanzen geeignet ist? Lesen Sie weiter, dann f\u00e4llt Ihnen die Entscheidung bestimmt ganz leicht. Und wir freuen uns nat\u00fcrlich, wenn es mehr als einer ist.<\/p><div id=\"ez-toc-container\" class=\"ez-toc-v2_0_82_2 counter-hierarchy ez-toc-counter ez-toc-grey ez-toc-container-direction\">\n<div class=\"ez-toc-title-container\">\n<p class=\"ez-toc-title\" style=\"cursor:inherit\">Was hier auf Sie wartet<\/p>\n<span class=\"ez-toc-title-toggle\"><a href=\"#\" class=\"ez-toc-pull-right ez-toc-btn ez-toc-btn-xs ez-toc-btn-default ez-toc-toggle\" aria-label=\"Toggle Table of Content\"><span class=\"ez-toc-js-icon-con\"><span class=\"\"><span class=\"eztoc-hide\" style=\"display:none;\">Toggle<\/span><span class=\"ez-toc-icon-toggle-span\"><svg style=\"fill: #999;color:#999\" xmlns=\"http:\/\/www.w3.org\/2000\/svg\" class=\"list-377408\" width=\"20px\" height=\"20px\" viewBox=\"0 0 24 24\" fill=\"none\"><path d=\"M6 6H4v2h2V6zm14 0H8v2h12V6zM4 11h2v2H4v-2zm16 0H8v2h12v-2zM4 16h2v2H4v-2zm16 0H8v2h12v-2z\" fill=\"currentColor\"><\/path><\/svg><svg style=\"fill: #999;color:#999\" class=\"arrow-unsorted-368013\" xmlns=\"http:\/\/www.w3.org\/2000\/svg\" width=\"10px\" height=\"10px\" viewBox=\"0 0 24 24\" version=\"1.2\" baseProfile=\"tiny\"><path d=\"M18.2 9.3l-6.2-6.3-6.2 6.3c-.2.2-.3.4-.3.7s.1.5.3.7c.2.2.4.3.7.3h11c.3 0 .5-.1.7-.3.2-.2.3-.5.3-.7s-.1-.5-.3-.7zM5.8 14.7l6.2 6.3 6.2-6.3c.2-.2.3-.5.3-.7s-.1-.5-.3-.7c-.2-.2-.4-.3-.7-.3h-11c-.3 0-.5.1-.7.3-.2.2-.3.5-.3.7s.1.5.3.7z\"\/><\/svg><\/span><\/span><\/span><\/a><\/span><\/div>\n<nav><ul class='ez-toc-list ez-toc-list-level-1 ' ><li class='ez-toc-page-1 ez-toc-heading-level-2'><a class=\"ez-toc-link ez-toc-heading-1\" href=\"https:\/\/raum-blick.de\/magazin\/designer-pflanzkuebel-unsere-liebsten-urban-big-five\/#%C2%AB_Die_wollen_einfach_alle_haben_%C2%BB\" >\u00ab Die wollen einfach alle haben \u00bb<\/a><\/li><li class='ez-toc-page-1 ez-toc-heading-level-2'><a class=\"ez-toc-link ez-toc-heading-2\" href=\"https:\/\/raum-blick.de\/magazin\/designer-pflanzkuebel-unsere-liebsten-urban-big-five\/#Was_macht_Designer_Pflanzkuebel_so_besonders\" >Was macht Designer Pflanzk\u00fcbel so besonders?<\/a><\/li><li class='ez-toc-page-1 ez-toc-heading-level-2'><a class=\"ez-toc-link ez-toc-heading-3\" href=\"https:\/\/raum-blick.de\/magazin\/designer-pflanzkuebel-unsere-liebsten-urban-big-five\/#Big_One_die_zeitlose_ferm_Living_Plant_Box_%E2%80%93_ein_echtes_Multitalent\" >Big One: die zeitlose ferm Living Plant Box \u2013 ein echtes Multitalent<\/a><ul class='ez-toc-list-level-3' ><li class='ez-toc-heading-level-3'><a class=\"ez-toc-link ez-toc-heading-4\" href=\"https:\/\/raum-blick.de\/magazin\/designer-pflanzkuebel-unsere-liebsten-urban-big-five\/#Vorteile_der_ferm_Living_Plant_Box\" >Vorteile der ferm Living Plant Box<\/a><\/li><\/ul><\/li><li class='ez-toc-page-1 ez-toc-heading-level-2'><a class=\"ez-toc-link ez-toc-heading-5\" href=\"https:\/\/raum-blick.de\/magazin\/designer-pflanzkuebel-unsere-liebsten-urban-big-five\/#Big_Two_der_ferm_Living_Hourglass_Pot_%E2%80%93_Eleganz_pur_bei_diese_Designer_Pflanzkuebel\" >Big Two: der ferm Living Hourglass Pot&nbsp;\u2013 Eleganz pur bei diese Designer Pflanzk\u00fcbel<\/a><ul class='ez-toc-list-level-3' ><li class='ez-toc-heading-level-3'><a class=\"ez-toc-link ez-toc-heading-6\" href=\"https:\/\/raum-blick.de\/magazin\/designer-pflanzkuebel-unsere-liebsten-urban-big-five\/#Vorteile_des_Hourglass_Pot\" >Vorteile des Hourglass Pot<\/a><\/li><\/ul><\/li><li class='ez-toc-page-1 ez-toc-heading-level-2'><a class=\"ez-toc-link ez-toc-heading-7\" href=\"https:\/\/raum-blick.de\/magazin\/designer-pflanzkuebel-unsere-liebsten-urban-big-five\/#Big_Three_Jan_Kurtz_Palau_%E2%80%93_herrlich_natuerlich\" >Big Three: Jan Kurtz Palau \u2013 herrlich nat\u00fcrlich<\/a><ul class='ez-toc-list-level-3' ><li class='ez-toc-heading-level-3'><a class=\"ez-toc-link ez-toc-heading-8\" href=\"https:\/\/raum-blick.de\/magazin\/designer-pflanzkuebel-unsere-liebsten-urban-big-five\/#Vorteile_des_Jan_Kurtz_Palau_als_Designer_Pflanzkuebel\" >Vorteile des Jan Kurtz Palau als Designer Pflanzk\u00fcbel<\/a><\/li><\/ul><\/li><li class='ez-toc-page-1 ez-toc-heading-level-2'><a class=\"ez-toc-link ez-toc-heading-9\" href=\"https:\/\/raum-blick.de\/magazin\/designer-pflanzkuebel-unsere-liebsten-urban-big-five\/#Big_Four_die_superleichten_innovativen_Bacsac_Pflanzsaecke\" >Big Four: die superleichten, innovativen Bacsac Pflanzs\u00e4cke<\/a><ul class='ez-toc-list-level-3' ><li class='ez-toc-heading-level-3'><a class=\"ez-toc-link ez-toc-heading-10\" href=\"https:\/\/raum-blick.de\/magazin\/designer-pflanzkuebel-unsere-liebsten-urban-big-five\/#Vorteile_der_Bacsac_Pflanztaschen\" >Vorteile der Bacsac Pflanztaschen<\/a><\/li><\/ul><\/li><li class='ez-toc-page-1 ez-toc-heading-level-2'><a class=\"ez-toc-link ez-toc-heading-11\" href=\"https:\/\/raum-blick.de\/magazin\/designer-pflanzkuebel-unsere-liebsten-urban-big-five\/#Little_Big_Five_Jan_Kurtz_Minigarden_Squarely_Grow_als_Designer_Pflanzkuebel\" >Little Big Five: Jan Kurtz Minigarden &amp; Squarely Grow als Designer Pflanzk\u00fcbel<\/a><\/li><li class='ez-toc-page-1 ez-toc-heading-level-2'><a class=\"ez-toc-link ez-toc-heading-12\" href=\"https:\/\/raum-blick.de\/magazin\/designer-pflanzkuebel-unsere-liebsten-urban-big-five\/#Nuetzliches_Pflanzenzubehoer_Eva_Solo_Aquastar_und_blomus_Colibri\" >N\u00fctzliches Pflanzenzubeh\u00f6r: Eva Solo Aquastar und blomus Colibri<\/a><ul class='ez-toc-list-level-3' ><li class='ez-toc-heading-level-3'><a class=\"ez-toc-link ez-toc-heading-13\" href=\"https:\/\/raum-blick.de\/magazin\/designer-pflanzkuebel-unsere-liebsten-urban-big-five\/#Die_platzsparende_Eva_Solo_Aquastar\" >Die platzsparende Eva Solo Aquastar<\/a><\/li><li class='ez-toc-page-1 ez-toc-heading-level-3'><a class=\"ez-toc-link ez-toc-heading-14\" href=\"https:\/\/raum-blick.de\/magazin\/designer-pflanzkuebel-unsere-liebsten-urban-big-five\/#Die_einzigartige_blomus_Colibri\" >Die einzigartige blomus Colibri<\/a><\/li><\/ul><\/li><li class='ez-toc-page-1 ez-toc-heading-level-2'><a class=\"ez-toc-link ez-toc-heading-15\" href=\"https:\/\/raum-blick.de\/magazin\/designer-pflanzkuebel-unsere-liebsten-urban-big-five\/#Urban_Gardening_Gruener_Daumen_in_der_Stadt\" >Urban Gardening: Gr\u00fcner Daumen in der Stadt<\/a><ul class='ez-toc-list-level-3' ><li class='ez-toc-heading-level-3'><a class=\"ez-toc-link ez-toc-heading-16\" href=\"https:\/\/raum-blick.de\/magazin\/designer-pflanzkuebel-unsere-liebsten-urban-big-five\/#Beliebte_Pflanzen_fuer_Designer_Pflanzkuebel\" >Beliebte Pflanzen f\u00fcr Designer Pflanzk\u00fcbel<\/a><\/li><li class='ez-toc-page-1 ez-toc-heading-level-3'><a class=\"ez-toc-link ez-toc-heading-17\" href=\"https:\/\/raum-blick.de\/magazin\/designer-pflanzkuebel-unsere-liebsten-urban-big-five\/#Das_sollten_Sie_in_Sachen_Pflanzenpflege_beachten\" >Das sollten Sie in Sachen Pflanzenpflege beachten:<\/a><\/li><\/ul><\/li><li class='ez-toc-page-1 ez-toc-heading-level-2'><a class=\"ez-toc-link ez-toc-heading-18\" href=\"https:\/\/raum-blick.de\/magazin\/designer-pflanzkuebel-unsere-liebsten-urban-big-five\/#Buchempfehlungen_zum_Thema_Urban_Gardening\" >Buchempfehlungen zum Thema Urban Gardening<\/a><\/li><\/ul><\/nav><\/div>\n\n\n\n\n<figure class=\"wp-block-gallery has-nested-images columns-default is-cropped wp-block-gallery-2 is-layout-flex wp-block-gallery-is-layout-flex\">\n<figure class=\"wp-block-image size-large\"><a href=\"https:\/\/www.raum-blick.de\/ferm-living-plantbox\/\"><img loading=\"lazy\" decoding=\"async\" width=\"800\" height=\"800\" data-id=\"16159\" src=\"https:\/\/www.raum-blick.de\/magazin\/wp-content\/uploads\/2022\/07\/ferm-living-plant-box-small.jpg\" alt=\"Schon die kleinste Plant Box von fermLIVING setzt ein \u00e4sthetisches Statement. \" class=\"wp-image-16159\" title=\"\" srcset=\"https:\/\/raum-blick.de\/magazin\/wp-content\/uploads\/2022\/07\/ferm-living-plant-box-small.jpg 800w, https:\/\/raum-blick.de\/magazin\/wp-content\/uploads\/2022\/07\/ferm-living-plant-box-small-300x300.jpg 300w, https:\/\/raum-blick.de\/magazin\/wp-content\/uploads\/2022\/07\/ferm-living-plant-box-small-150x150.jpg 150w, https:\/\/raum-blick.de\/magazin\/wp-content\/uploads\/2022\/07\/ferm-living-plant-box-small-768x768.jpg 768w\" sizes=\"(max-width: 800px) 100vw, 800px\" \/><\/a><\/figure>\n\n\n\n<figure class=\"wp-block-image size-large\"><img loading=\"lazy\" decoding=\"async\" width=\"1024\" height=\"683\" data-id=\"21412\" src=\"https:\/\/www.raum-blick.de\/magazin\/wp-content\/uploads\/2025\/02\/bacsac-pflanzsaecke-1024x683.jpg\" alt=\"Pflanzs\u00e4cke von Bacsac gibt es in allen m\u00f6glichen Gr\u00f6\u00dfen und Farben. \" class=\"wp-image-21412\" title=\"\" srcset=\"https:\/\/raum-blick.de\/magazin\/wp-content\/uploads\/2025\/02\/bacsac-pflanzsaecke-1024x683.jpg 1024w, https:\/\/raum-blick.de\/magazin\/wp-content\/uploads\/2025\/02\/bacsac-pflanzsaecke-300x200.jpg 300w, https:\/\/raum-blick.de\/magazin\/wp-content\/uploads\/2025\/02\/bacsac-pflanzsaecke-768x512.jpg 768w, https:\/\/raum-blick.de\/magazin\/wp-content\/uploads\/2025\/02\/bacsac-pflanzsaecke-1536x1024.jpg 1536w, https:\/\/raum-blick.de\/magazin\/wp-content\/uploads\/2025\/02\/bacsac-pflanzsaecke.jpg 2048w\" sizes=\"(max-width: 1024px) 100vw, 1024px\" \/><\/figure>\n<figcaption class=\"blocks-gallery-caption wp-element-caption\"><em>Von klein bis gro\u00df &#8211; Designer Pflanzk\u00fcbel bereichern unser Leben in vielen Formen und Farben. Ob in der K\u00fcche, im Wohnzimmer oder nat\u00fcrlich drau\u00dfen. <\/em><\/figcaption><\/figure>\n\n\n\n<h2 class=\"wp-block-heading\" id=\"die-fermliving-plant-box-vielseitigkeit-trifft-auf-skandinavisches-design\"><span class=\"ez-toc-section\" id=\"Big_One_die_zeitlose_ferm_Living_Plant_Box_%E2%80%93_ein_echtes_Multitalent\"><\/span>Big One: die <a href=\"https:\/\/www.raum-blick.de\/ferm-living-plantbox\/\" target=\"_blank\" rel=\"noreferrer noopener\">zeitlose ferm Living Plant Box<\/a> \u2013 ein echtes Multitalent<span class=\"ez-toc-section-end\"><\/span><\/h2>\n\n\n\n<p>Sie ist ein Musterbeispiel f\u00fcr minimalistisches skandinavisches Design. Ob rund oder eckig, hoch oder niedrig, mit Zwischenboden oder in der kleinsten Version f\u00fcr die Fensterbank, die <a href=\"https:\/\/www.raum-blick.de\/ferm-living-outdoor\/\" target=\"_blank\" rel=\"noreferrer noopener\"><strong>fermLiving<\/strong><\/a><strong> Plant Box<\/strong> \u00fcberzeugt mit Eleganz, sanften T\u00f6nen und unersch\u00f6pflichen Einsatzm\u00f6glichkeiten. B\u00fccher, Spielzeug oder Dekoartikel liebt sie genauso wie Pflanzen und mit dem passenden Tablett aus Holz oder Marmor wird aus der Plant Box auch ganz schnell ein praktischer Nacht- oder Couchtisch.  <\/p>\n\n\n\n<figure class=\"wp-block-gallery has-nested-images columns-default is-cropped wp-block-gallery-3 is-layout-flex wp-block-gallery-is-layout-flex\">\n<figure class=\"wp-block-image size-large\"><a href=\"https:\/\/www.raum-blick.de\/ferm-living-plantbox\/\"><img loading=\"lazy\" decoding=\"async\" width=\"600\" height=\"600\" data-id=\"4571\" src=\"https:\/\/www.raum-blick.de\/magazin\/wp-content\/uploads\/2017\/12\/ferm-Living-Deckel-fuer-Plant-Boxen.jpg\" alt=\"Einer DER Designer Pflanzk\u00fcbel: die fermLIVING Plant Box. Nicht nur f\u00fcr Pflanzen.\" class=\"wp-image-4571\" title=\"\" srcset=\"https:\/\/raum-blick.de\/magazin\/wp-content\/uploads\/2017\/12\/ferm-Living-Deckel-fuer-Plant-Boxen.jpg 600w, https:\/\/raum-blick.de\/magazin\/wp-content\/uploads\/2017\/12\/ferm-Living-Deckel-fuer-Plant-Boxen-150x150.jpg 150w, https:\/\/raum-blick.de\/magazin\/wp-content\/uploads\/2017\/12\/ferm-Living-Deckel-fuer-Plant-Boxen-300x300.jpg 300w\" sizes=\"(max-width: 600px) 100vw, 600px\" \/><\/a><\/figure>\n\n\n\n<figure class=\"wp-block-image size-large\"><a href=\"https:\/\/www.raum-blick.de\/ferm-living-plantbox\/\"><img loading=\"lazy\" decoding=\"async\" width=\"600\" height=\"600\" data-id=\"7811\" src=\"https:\/\/www.raum-blick.de\/magazin\/wp-content\/uploads\/2019\/03\/ferm-living-plant-box-rund-blumenstaender.jpg\" alt=\"Rund oder eckig? Das ist Geschmacksache. Wir lieben jedenfalls das Etikett \u201ePflanzk\u00fcbel gro\u00df&quot;.\" class=\"wp-image-7811\" title=\"\" srcset=\"https:\/\/raum-blick.de\/magazin\/wp-content\/uploads\/2019\/03\/ferm-living-plant-box-rund-blumenstaender.jpg 600w, https:\/\/raum-blick.de\/magazin\/wp-content\/uploads\/2019\/03\/ferm-living-plant-box-rund-blumenstaender-150x150.jpg 150w, https:\/\/raum-blick.de\/magazin\/wp-content\/uploads\/2019\/03\/ferm-living-plant-box-rund-blumenstaender-300x300.jpg 300w\" sizes=\"(max-width: 600px) 100vw, 600px\" \/><\/a><\/figure>\n\n\n\n<figure class=\"wp-block-image size-large\"><a href=\"https:\/\/www.raum-blick.de\/ferm-living-outdoor\/\"><img loading=\"lazy\" decoding=\"async\" width=\"700\" height=\"700\" data-id=\"15689\" src=\"https:\/\/www.raum-blick.de\/magazin\/wp-content\/uploads\/2022\/04\/ferm-living-plant-box-large.jpg\" alt=\"Pflanzk\u00fcbel gro\u00df? Das ist die fermLIVING Plant Box auf alle F\u00e4lle.\" class=\"wp-image-15689\" title=\"\" srcset=\"https:\/\/raum-blick.de\/magazin\/wp-content\/uploads\/2022\/04\/ferm-living-plant-box-large.jpg 700w, https:\/\/raum-blick.de\/magazin\/wp-content\/uploads\/2022\/04\/ferm-living-plant-box-large-300x300.jpg 300w, https:\/\/raum-blick.de\/magazin\/wp-content\/uploads\/2022\/04\/ferm-living-plant-box-large-150x150.jpg 150w\" sizes=\"(max-width: 700px) 100vw, 700px\" \/><\/a><\/figure>\n<\/figure>\n\n\n\n<h3 class=\"wp-block-heading\" id=\"vorteile-der-fermliving-plant-box\"><span class=\"ez-toc-section\" id=\"Vorteile_der_ferm_Living_Plant_Box\"><\/span>Vorteile der ferm Living Plant Box<span class=\"ez-toc-section-end\"><\/span><\/h3>\n\n\n\n<ul class=\"wp-block-list\">\n<li><strong>Vielseitige Nutzung:<\/strong>&nbsp;Ideal f\u00fcr Pflanzen, B\u00fccher oder Dekoration.<\/li>\n\n\n\n<li><strong>Hochwertige Materialien:<\/strong>&nbsp;Aus pulverbeschichtetem Metall gefertigt, ist sie robust und langlebig.<\/li>\n\n\n\n<li><strong>Einfache Pflege:<\/strong>&nbsp;Die glatte Oberfl\u00e4che l\u00e4sst sich leicht reinigen.<\/li>\n<\/ul>\n\n\n\n<p><strong>Welche Pflanzen eignen sich besonders gut f\u00fcr die ferm Living Plant Box?<\/strong><br>Sukkulenten, Kr\u00e4uter wie Basilikum und Rosmarin oder aber bl\u00fchende Pflanzen wie Geranien sind hier gut aufgehoben.<\/p>\n\n\n\n<p><strong>Wie kann ich die Plant Box optimal in meiner Wohnung integrieren?<\/strong><br>Nutzen Sie sie als Raumteiler oder platzieren Sie sie an einem Fensterplatz. In Kombination mit skandinavischen M\u00f6beln ergibt sich ein sch\u00f6nes harmonisches Gesamtbild.<\/p>\n\n\n\n<h2 class=\"wp-block-heading\" id=\"hourglass-pot-elegante-formen-f\u00fcr-jeden-raum\"><span class=\"ez-toc-section\" id=\"Big_Two_der_ferm_Living_Hourglass_Pot_%E2%80%93_Eleganz_pur_bei_diese_Designer_Pflanzkuebel\"><\/span>Big Two: der ferm Living Hourglass Pot&nbsp;\u2013 Eleganz pur bei diese Designer Pflanzk\u00fcbel<span class=\"ez-toc-section-end\"><\/span><\/h2>\n\n\n\n<p>Er sieht aus wie eine Sanduhr \u2013 daher auch der Name \u2013 kommt ein wenig Retro, \u00fcberzeugt aber mit einem \u00e4u\u00dferst modernen Ansatz. Denn Sie k\u00f6nnen ihn einfach drehen und haben so wahlweise ein tiefes oder ein flaches Pflanzgef\u00e4\u00df. Egal, wo er steht, der&nbsp;<a href=\"https:\/\/www.raum-blick.de\/ferm-living-hourglass-pot-pflanzenkuebel\" target=\"_blank\" rel=\"noreferrer noopener\">kurvige <strong>Hourglass Pot<\/strong><\/a>&nbsp;setzt \u00fcberall ein optisches Statement und dank des matten Metalls kann er auch das ganze Jahr \u00fcber drau\u00dfen stehen.<\/p>\n\n\n\n<div class=\"wp-block-media-text alignwide is-stacked-on-mobile\"><figure class=\"wp-block-media-text__media\"><a href=\"https:\/\/www.raum-blick.de\/ferm-living-hourglass-pot-pflanzenkuebel\"><img loading=\"lazy\" decoding=\"async\" width=\"1024\" height=\"1024\" src=\"https:\/\/www.raum-blick.de\/magazin\/wp-content\/uploads\/2025\/02\/Hourglass-Pot-ferm-Living-uebersicht-cashmere-pool_90871-1024x1024.jpg\" alt=\"Sie k\u00f6nnen es drehen und wenden, wie Sie wollen, der Hourglass Pot von fermLIVING macht immer eine gute Figur.\" class=\"wp-image-21407 size-full\" title=\"\" srcset=\"https:\/\/raum-blick.de\/magazin\/wp-content\/uploads\/2025\/02\/Hourglass-Pot-ferm-Living-uebersicht-cashmere-pool_90871-1024x1024.jpg 1024w, https:\/\/raum-blick.de\/magazin\/wp-content\/uploads\/2025\/02\/Hourglass-Pot-ferm-Living-uebersicht-cashmere-pool_90871-300x300.jpg 300w, https:\/\/raum-blick.de\/magazin\/wp-content\/uploads\/2025\/02\/Hourglass-Pot-ferm-Living-uebersicht-cashmere-pool_90871-150x150.jpg 150w, https:\/\/raum-blick.de\/magazin\/wp-content\/uploads\/2025\/02\/Hourglass-Pot-ferm-Living-uebersicht-cashmere-pool_90871-768x768.jpg 768w, https:\/\/raum-blick.de\/magazin\/wp-content\/uploads\/2025\/02\/Hourglass-Pot-ferm-Living-uebersicht-cashmere-pool_90871.jpg 1500w\" sizes=\"(max-width: 1024px) 100vw, 1024px\" \/><\/a><\/figure><div class=\"wp-block-media-text__content\">\n<p><em>Diese \u201eSanduhr\u201d ist absolut zeitlos und wie Sie sehen auch wunderbar vielseitig.<\/em><\/p>\n\n\n\n<figure class=\"wp-block-image size-large\"><a href=\"https:\/\/www.raum-blick.de\/ferm-living-hourglass-pot-pflanzenkuebel\"><img loading=\"lazy\" decoding=\"async\" width=\"1024\" height=\"1024\" src=\"https:\/\/www.raum-blick.de\/magazin\/wp-content\/uploads\/2025\/02\/ferm-living-raum-blick-hourglass-pflanzenkuebel_44150-1024x1024.jpg\" alt=\"Designer Pflanzk\u00fcbel mit Mehrwert: der Hourglass Pot von fermLIVING.\" class=\"wp-image-21408\" title=\"\" srcset=\"https:\/\/raum-blick.de\/magazin\/wp-content\/uploads\/2025\/02\/ferm-living-raum-blick-hourglass-pflanzenkuebel_44150-1024x1024.jpg 1024w, https:\/\/raum-blick.de\/magazin\/wp-content\/uploads\/2025\/02\/ferm-living-raum-blick-hourglass-pflanzenkuebel_44150-300x300.jpg 300w, https:\/\/raum-blick.de\/magazin\/wp-content\/uploads\/2025\/02\/ferm-living-raum-blick-hourglass-pflanzenkuebel_44150-150x150.jpg 150w, https:\/\/raum-blick.de\/magazin\/wp-content\/uploads\/2025\/02\/ferm-living-raum-blick-hourglass-pflanzenkuebel_44150-768x768.jpg 768w, https:\/\/raum-blick.de\/magazin\/wp-content\/uploads\/2025\/02\/ferm-living-raum-blick-hourglass-pflanzenkuebel_44150.jpg 1080w\" sizes=\"(max-width: 1024px) 100vw, 1024px\" \/><\/a><\/figure>\n\n\n\n<figure class=\"wp-block-image size-large\"><a href=\"https:\/\/www.raum-blick.de\/ferm-living-hourglass-pot-pflanzenkuebel\"><img loading=\"lazy\" decoding=\"async\" width=\"1024\" height=\"1024\" src=\"https:\/\/www.raum-blick.de\/magazin\/wp-content\/uploads\/2025\/02\/Hourglass-Pot-Pflanzenk-ubel-ferm-LivingBlTUxARTDzqlI-1024x1024.jpg\" alt=\"Der fermLIVING Hourglass Pot  f\u00fcht sich in Gesellschaft besonders wohl.\" class=\"wp-image-21410\" title=\"\" srcset=\"https:\/\/raum-blick.de\/magazin\/wp-content\/uploads\/2025\/02\/Hourglass-Pot-Pflanzenk-ubel-ferm-LivingBlTUxARTDzqlI-1024x1024.jpg 1024w, https:\/\/raum-blick.de\/magazin\/wp-content\/uploads\/2025\/02\/Hourglass-Pot-Pflanzenk-ubel-ferm-LivingBlTUxARTDzqlI-300x300.jpg 300w, https:\/\/raum-blick.de\/magazin\/wp-content\/uploads\/2025\/02\/Hourglass-Pot-Pflanzenk-ubel-ferm-LivingBlTUxARTDzqlI-150x150.jpg 150w, https:\/\/raum-blick.de\/magazin\/wp-content\/uploads\/2025\/02\/Hourglass-Pot-Pflanzenk-ubel-ferm-LivingBlTUxARTDzqlI-768x768.jpg 768w, https:\/\/raum-blick.de\/magazin\/wp-content\/uploads\/2025\/02\/Hourglass-Pot-Pflanzenk-ubel-ferm-LivingBlTUxARTDzqlI.jpg 1500w\" sizes=\"(max-width: 1024px) 100vw, 1024px\" \/><\/a><\/figure>\n<\/div><\/div>\n\n\n\n<h3 class=\"wp-block-heading\" id=\"vorteile-des-hourglass-pots\"><span class=\"ez-toc-section\" id=\"Vorteile_des_Hourglass_Pot\"><\/span>Vorteile des Hourglass Pot<span class=\"ez-toc-section-end\"><\/span><\/h3>\n\n\n\n<ul class=\"wp-block-list\">\n<li><strong>\u00c4sthetisch:<\/strong>&nbsp;Das ansprechende Design macht ihn zum Blickfang.<\/li>\n\n\n\n<li><strong>Verschiedene Gr\u00f6\u00dfen:<\/strong>&nbsp;Von extra small bis large, passend f\u00fcr jede Art von Pflanze.<\/li>\n\n\n\n<li><strong>Material:<\/strong>&nbsp;Aus bemaltem, pulverbeschichtetem Eisen.<\/li>\n<\/ul>\n\n\n\n<p><strong>Wie kombiniere ich den Hourglass Pot mit anderen Einrichtungsgegenst\u00e4nden?<\/strong><\/p>\n\n\n\n<p>Der modern-elegante Pflanztopf versteht sich mit minimalistischen M\u00f6beln und nat\u00fcrlichen Materialien besonders gut. Je nach Gr\u00f6\u00dfe macht er auch auf Beistelltischen oder Regalen eine gute Figur. Besonders sch\u00f6n wird der Look, wenn Sie gleich mehrere Hourglass Pots in unterschiedlichen Gr\u00f6\u00dfen kombinieren.<\/p>\n\n\n\n<p><strong>Welche Pflanzen harmonieren am besten mit dem eleganten Design?<\/strong><\/p>\n\n\n\n<p>Orchideen, Palmen, kleine Obstb\u00e4ume oder auch Gr\u00fcnpflanzen wie die Geigenfeige oder die Gl\u00fccksfeder setzt der Hourglass Pot wundervoll in Szene. Machen Sie sich auf alle F\u00e4lle auf diverse Ahs und Ohs gefasst. <\/p>\n\n\n\n<h2 class=\"wp-block-heading\" id=\"jan-kurtz-palau-nat\u00fcrliche-materialien-im-fokus\"><span class=\"ez-toc-section\" id=\"Big_Three_Jan_Kurtz_Palau_%E2%80%93_herrlich_natuerlich\"><\/span>Big Three: <a href=\"https:\/\/www.raum-blick.de\/jan-kurtz-palau-pflanzkorb\" target=\"_blank\" rel=\"noreferrer noopener\">Jan Kurtz Palau<\/a> \u2013 herrlich nat\u00fcrlich<span class=\"ez-toc-section-end\"><\/span><\/h2>\n\n\n\n<p>Der&nbsp;<strong>Jan Kurtz Palau<\/strong>&nbsp;ist definitiv der rustikale Typ. Das sieht man ihm sofort an. Ratten und Kunststoff gehen hier eine formsch\u00f6ne Liaison ein und machen ihn zur perfekten Wahl f\u00fcr den Au\u00dfenbereich, der dadurch einen wunderbaren Landhauscharme verspr\u00fcht. Erh\u00e4ltlich von \u00d8 40 bis \u00d8 127 cm. Besonders praktisch: die Ablaufl\u00f6cher im Kunststoffinnentopf \u2013 au\u00dfer bei \u00d8 40 und  \u00d8 127.<\/p>\n\n\n\n<figure class=\"wp-block-gallery has-nested-images columns-default is-cropped wp-block-gallery-4 is-layout-flex wp-block-gallery-is-layout-flex\">\n<figure class=\"wp-block-image size-large\"><a href=\"https:\/\/www.raum-blick.de\/jan-kurtz-palau-pflanzkorb\"><img loading=\"lazy\" decoding=\"async\" width=\"1024\" height=\"1024\" data-id=\"21401\" src=\"https:\/\/www.raum-blick.de\/magazin\/wp-content\/uploads\/2025\/02\/jan-kurtz-palau-korb-40cm-ambiente_87620-1024x1024.jpg\" alt=\"In diesem Designer Pflanzk\u00fcbel f\u00fchlen sich die Pflanzen pudelwohl. Wahrscheinlich weil der Palau von Jan Kurtz so eine nat\u00fcrliche Note hat. \" class=\"wp-image-21401\" title=\"\" srcset=\"https:\/\/raum-blick.de\/magazin\/wp-content\/uploads\/2025\/02\/jan-kurtz-palau-korb-40cm-ambiente_87620-1024x1024.jpg 1024w, https:\/\/raum-blick.de\/magazin\/wp-content\/uploads\/2025\/02\/jan-kurtz-palau-korb-40cm-ambiente_87620-300x300.jpg 300w, https:\/\/raum-blick.de\/magazin\/wp-content\/uploads\/2025\/02\/jan-kurtz-palau-korb-40cm-ambiente_87620-150x150.jpg 150w, https:\/\/raum-blick.de\/magazin\/wp-content\/uploads\/2025\/02\/jan-kurtz-palau-korb-40cm-ambiente_87620-768x768.jpg 768w, https:\/\/raum-blick.de\/magazin\/wp-content\/uploads\/2025\/02\/jan-kurtz-palau-korb-40cm-ambiente_87620.jpg 1080w\" sizes=\"(max-width: 1024px) 100vw, 1024px\" \/><\/a><\/figure>\n\n\n\n<figure class=\"wp-block-image size-large\"><a href=\"https:\/\/www.raum-blick.de\/jan-kurtz-palau-pflanzkorb\"><img loading=\"lazy\" decoding=\"async\" width=\"800\" height=\"800\" data-id=\"16621\" src=\"https:\/\/www.raum-blick.de\/magazin\/wp-content\/uploads\/2022\/09\/jan-kurtz-palau-pflanzkorb.jpg\" alt=\"Auch im Doppel einfach sch\u00f6n: Jan Kurz Palau Pflanzkorb. \" class=\"wp-image-16621\" title=\"\" srcset=\"https:\/\/raum-blick.de\/magazin\/wp-content\/uploads\/2022\/09\/jan-kurtz-palau-pflanzkorb.jpg 800w, https:\/\/raum-blick.de\/magazin\/wp-content\/uploads\/2022\/09\/jan-kurtz-palau-pflanzkorb-300x300.jpg 300w, https:\/\/raum-blick.de\/magazin\/wp-content\/uploads\/2022\/09\/jan-kurtz-palau-pflanzkorb-150x150.jpg 150w, https:\/\/raum-blick.de\/magazin\/wp-content\/uploads\/2022\/09\/jan-kurtz-palau-pflanzkorb-768x768.jpg 768w\" sizes=\"(max-width: 800px) 100vw, 800px\" \/><\/a><\/figure>\n\n\n\n<figure class=\"wp-block-image size-large\"><a href=\"https:\/\/www.raum-blick.de\/jan-kurtz-palau-pflanzkorb\"><img loading=\"lazy\" decoding=\"async\" width=\"1024\" height=\"1024\" data-id=\"21402\" src=\"https:\/\/www.raum-blick.de\/magazin\/wp-content\/uploads\/2025\/02\/jan-kurtz-palau-pflanzkorb_781723SdasPfhFcL81-1024x1024.jpg\" alt=\"Dieser Pflanzk\u00fcbel ist nicht nur gro\u00df, sondern mit 127 cm Durchmesser einfach mega. \" class=\"wp-image-21402\" title=\"\" srcset=\"https:\/\/raum-blick.de\/magazin\/wp-content\/uploads\/2025\/02\/jan-kurtz-palau-pflanzkorb_781723SdasPfhFcL81-1024x1024.jpg 1024w, https:\/\/raum-blick.de\/magazin\/wp-content\/uploads\/2025\/02\/jan-kurtz-palau-pflanzkorb_781723SdasPfhFcL81-300x300.jpg 300w, https:\/\/raum-blick.de\/magazin\/wp-content\/uploads\/2025\/02\/jan-kurtz-palau-pflanzkorb_781723SdasPfhFcL81-150x150.jpg 150w, https:\/\/raum-blick.de\/magazin\/wp-content\/uploads\/2025\/02\/jan-kurtz-palau-pflanzkorb_781723SdasPfhFcL81-768x768.jpg 768w, https:\/\/raum-blick.de\/magazin\/wp-content\/uploads\/2025\/02\/jan-kurtz-palau-pflanzkorb_781723SdasPfhFcL81.jpg 1080w\" sizes=\"(max-width: 1024px) 100vw, 1024px\" \/><\/a><\/figure>\n<figcaption class=\"blocks-gallery-caption wp-element-caption\"><em>Landhausflair wie wir es lieben: Mit dem Palau von Jan Kurtz f\u00fchlt man sich gleich so ein bisschen wie in der Provence. Egal, ob Sie sich f\u00fcr die kleinste Variante mit 40 cm Durchmesser oder den Maxi-Korb mit 127 cm entscheiden.<\/em><\/figcaption><\/figure>\n\n\n\n<h3 class=\"wp-block-heading\" id=\"vorteile-des-jan-kurtz-palau\"><span class=\"ez-toc-section\" id=\"Vorteile_des_Jan_Kurtz_Palau_als_Designer_Pflanzkuebel\"><\/span>Vorteile des Jan Kurtz Palau als Designer Pflanzk\u00fcbel<span class=\"ez-toc-section-end\"><\/span><\/h3>\n\n\n\n<ul class=\"wp-block-list\">\n<li><strong>Nachhaltigkeit:<\/strong>&nbsp;Verwendung von umweltfreundlichen Materialien.<\/li>\n\n\n\n<li><strong>Individuelle Gestaltung:<\/strong>&nbsp;Jeder K\u00fcbel hat seine eigene Maserung und Farbe.<\/li>\n\n\n\n<li><strong>Robustheit:<\/strong>&nbsp;Ideal f\u00fcr Au\u00dfenbereich.<\/li>\n<\/ul>\n\n\n\n<p><strong>Wie pflege ich meinen Jan Kurtz Palau richtig?<\/strong><br>Reinigen Sie Ihren Palau mit milder Seife. Achten Sie auf Wasserabfluss und sch\u00fctzen Sie ihn bei extremen Wetterbedingungen.<\/p>\n\n\n\n<p><strong>Welche Pflanzen passen zu dem nat\u00fcrlichen Look?<\/strong><br>Kr\u00e4uter wie Lavendel oder Salbei sowie bl\u00fchende Stauden wie Sonnenhut f\u00fchlen sich im Palau pudelwohl und unterstreichen nat\u00fcrlich das Landhausflair.<\/p>\n\n\n\n<h2 class=\"wp-block-heading\" id=\"bacsac-flexibilit\u00e4t-durch-gro\u00dfe-pflanztaschen\"><span class=\"ez-toc-section\" id=\"Big_Four_die_superleichten_innovativen_Bacsac_Pflanzsaecke\"><\/span>Big Four: die superleichten, <a href=\"https:\/\/www.raum-blick.de\/pflanztaschen\/\" target=\"_blank\" rel=\"noreferrer noopener\">innovativen Bacsac Pflanzs\u00e4cke<\/a> <span class=\"ez-toc-section-end\"><\/span><\/h2>\n\n\n\n<p>Urban Gardening ohne das franz\u00f6sische Label Bacsac? Undenkbar! Die <a href=\"https:\/\/www.raum-blick.de\/bacsac\/\" target=\"_blank\" rel=\"noreferrer noopener\">gro\u00dfen Pflanztaschen von <strong>Bacsac<\/strong><\/a>&nbsp;sind praktische und \u00e4sthetische L\u00f6sungen f\u00fcr das G\u00e4rtnern in st\u00e4dtischen Umgebungen. Perfekt f\u00fcr alle, die wenig Platz haben oder ganz einfach flexibel bleiben m\u00f6chten. Diese Taschen sind leicht, recycelbar, robust und auch leicht zu reinigen.<\/p>\n\n\n\n<figure class=\"wp-block-gallery has-nested-images columns-default is-cropped wp-block-gallery-5 is-layout-flex wp-block-gallery-is-layout-flex\">\n<figure class=\"wp-block-image size-large\"><a href=\"https:\/\/www.raum-blick.de\/bacsac-pflanztasche-pot-geotextile\"><img loading=\"lazy\" decoding=\"async\" width=\"1024\" height=\"1024\" data-id=\"21414\" src=\"https:\/\/www.raum-blick.de\/magazin\/wp-content\/uploads\/2025\/02\/bacsac-pot-rond-3l-geotextile_52987h40EFbpnLiEVD-1024x1024.jpg\" alt=\"Abwaschbar, atmungsaktiv und superleicht. Schon in der kleinsten Version: Backsac Plfanztasachen.\" class=\"wp-image-21414\" title=\"\" srcset=\"https:\/\/raum-blick.de\/magazin\/wp-content\/uploads\/2025\/02\/bacsac-pot-rond-3l-geotextile_52987h40EFbpnLiEVD-1024x1024.jpg 1024w, https:\/\/raum-blick.de\/magazin\/wp-content\/uploads\/2025\/02\/bacsac-pot-rond-3l-geotextile_52987h40EFbpnLiEVD-300x300.jpg 300w, https:\/\/raum-blick.de\/magazin\/wp-content\/uploads\/2025\/02\/bacsac-pot-rond-3l-geotextile_52987h40EFbpnLiEVD-150x150.jpg 150w, https:\/\/raum-blick.de\/magazin\/wp-content\/uploads\/2025\/02\/bacsac-pot-rond-3l-geotextile_52987h40EFbpnLiEVD-768x768.jpg 768w, https:\/\/raum-blick.de\/magazin\/wp-content\/uploads\/2025\/02\/bacsac-pot-rond-3l-geotextile_52987h40EFbpnLiEVD.jpg 1500w\" sizes=\"(max-width: 1024px) 100vw, 1024px\" \/><\/a><\/figure>\n\n\n\n<figure class=\"wp-block-image size-large\"><a href=\"https:\/\/www.raum-blick.de\/bacsac-pflanztasche-pot-geotextile\"><img loading=\"lazy\" decoding=\"async\" width=\"400\" height=\"400\" data-id=\"21415\" src=\"https:\/\/www.raum-blick.de\/magazin\/wp-content\/uploads\/2025\/02\/bacsac-pot-50l-geotextile_19339_200x200@2x.jpg\" alt=\"Der gr\u00f6\u00dfte Bacsac Pflanzsack hat 100 Liter Fassungsverm\u00f6gen, wiegt fast nichts und l\u00e4sst sich bequem zusammenfalten.\" class=\"wp-image-21415\" title=\"\" srcset=\"https:\/\/raum-blick.de\/magazin\/wp-content\/uploads\/2025\/02\/bacsac-pot-50l-geotextile_19339_200x200@2x.jpg 400w, https:\/\/raum-blick.de\/magazin\/wp-content\/uploads\/2025\/02\/bacsac-pot-50l-geotextile_19339_200x200@2x-300x300.jpg 300w, https:\/\/raum-blick.de\/magazin\/wp-content\/uploads\/2025\/02\/bacsac-pot-50l-geotextile_19339_200x200@2x-150x150.jpg 150w\" sizes=\"(max-width: 400px) 100vw, 400px\" \/><\/a><\/figure>\n<figcaption class=\"blocks-gallery-caption wp-element-caption\">Die leichtgewichtigen, praktischen Pflanzs\u00e4cke des franz\u00f6sischen Labels Bacsac gibt es von 3 bis 100 Liter. Das atmungsaktive Geotextile k\u00f6nnen Sie einfach abwaschen. Au\u00dferdem l\u00e4sst sich die Tasche platzsparend zusammenfalten. <\/figcaption><\/figure>\n\n\n\n<h3 class=\"wp-block-heading\" id=\"vorteile-der-bacsac-pflanztaschen\"><span class=\"ez-toc-section\" id=\"Vorteile_der_Bacsac_Pflanztaschen\"><\/span>Vorteile der Bacsac Pflanztaschen<span class=\"ez-toc-section-end\"><\/span><\/h3>\n\n\n\n<ul class=\"wp-block-list\">\n<li><strong>Platzsparend:<\/strong>&nbsp;Ideal f\u00fcr Balkone oder kleine G\u00e4rten.<\/li>\n\n\n\n<li><strong>Atmungsaktivit\u00e4t:<\/strong>&nbsp;Das spezielle Material sorgt daf\u00fcr, dass die Wurzeln atmen k\u00f6nnen.<\/li>\n\n\n\n<li><strong>Vielf\u00e4ltige Einsatzm\u00f6glichkeiten:<\/strong>&nbsp;Perfekt f\u00fcr Kr\u00e4uter, Gem\u00fcse oder Blumen.<\/li>\n<\/ul>\n\n\n\n<p><strong>Wie kann ich meine Bacsac Tasche am besten bepflanzen?<\/strong><br>F\u00fcllen Sie sie mit Blumenerde, w\u00e4hlen Sie passende Pflanzen aus und gie\u00dfen Sie nach dem Bepflanzen gr\u00fcndlich .<\/p>\n\n\n\n<p><strong>Welche Kr\u00e4uter eignen sich besonders gut f\u00fcr den Anbau in Bacsac Taschen?<\/strong><br>Basilikum, Petersilie und Minze gedeihen hervorragend in diesen stylishen Taschen. So haben Sie immer frische Kr\u00e4uter f\u00fcr leckere (Sommer-)Gerichte und drau\u00dfen zu essen, ist ja sowieso immer am sch\u00f6nsten, wenn das Wetter mitspielt. Dazu noch ein herrlicher Sonnenuntergang und die Welt ist rund \u2013 in jeder Hinsicht.<\/p>\n\n\n\n<h2 class=\"wp-block-heading\" id=\"jan-kurtz-minigarden--squarely-grow-vertikale-gartenl\u00f6sungen\"><span class=\"ez-toc-section\" id=\"Little_Big_Five_Jan_Kurtz_Minigarden_Squarely_Grow_als_Designer_Pflanzkuebel\"><\/span>Little Big Five: <a href=\"https:\/\/www.raum-blick.de\/jan-kurtz\" target=\"_blank\" rel=\"noreferrer noopener\">Jan Kurtz<\/a> Minigarden &amp; Squarely Grow als Designer Pflanzk\u00fcbel<span class=\"ez-toc-section-end\"><\/span><\/h2>\n\n\n\n<p>Nicht jeder hat einen Garten oder eine riesige Terrasse. Diese beiden hier sind f\u00fcr alle gemacht, die wenig Platz haben oder eine kreative L\u00f6sung suchen. Der <a href=\"https:\/\/www.raum-blick.de\/jan-kurtz-blumenkuebel-minigarden\" target=\"_blank\" rel=\"noreferrer noopener\">kompakte&nbsp;<strong>Jan Kurtz Minigarden<\/strong><\/a>&nbsp;gibt es wahlweise mit oder ohne Edelstahlgestell. Die Bretter aus massivem wetterfestem Teakholz haben kleine Zwischenr\u00e4ume, durch die das Stauwasser bequem abflie\u00dfen kann. F\u00e4ule hat hier keine Chance. Und ob Sie letztlich frische Kr\u00e4uter, kleine Gem\u00fcsearten oder Zierstr\u00e4ucher anpflanzen, das bleibt ganz Ihnen \u00fcberlassen. Ein Hingucker wird der Minigarden so oder so immer sein. <\/p>\n\n\n\n<figure class=\"wp-block-gallery has-nested-images columns-default is-cropped wp-block-gallery-6 is-layout-flex wp-block-gallery-is-layout-flex\">\n<figure class=\"wp-block-image size-large\"><a href=\"https:\/\/www.raum-blick.de\/jan-kurtz-blumenkuebel-minigarden\"><img loading=\"lazy\" decoding=\"async\" width=\"1024\" height=\"1024\" data-id=\"21405\" src=\"https:\/\/www.raum-blick.de\/magazin\/wp-content\/uploads\/2025\/02\/jan-kurtz-blumenkuebel-mini-garden_71674-1024x1024.jpg\" alt=\"Ein formsch\u00f6ner Holzklotz: der kompakte Jan Kurtz Minigarden.\" class=\"wp-image-21405\" title=\"\" srcset=\"https:\/\/raum-blick.de\/magazin\/wp-content\/uploads\/2025\/02\/jan-kurtz-blumenkuebel-mini-garden_71674-1024x1024.jpg 1024w, https:\/\/raum-blick.de\/magazin\/wp-content\/uploads\/2025\/02\/jan-kurtz-blumenkuebel-mini-garden_71674-300x300.jpg 300w, https:\/\/raum-blick.de\/magazin\/wp-content\/uploads\/2025\/02\/jan-kurtz-blumenkuebel-mini-garden_71674-150x150.jpg 150w, https:\/\/raum-blick.de\/magazin\/wp-content\/uploads\/2025\/02\/jan-kurtz-blumenkuebel-mini-garden_71674-768x768.jpg 768w, https:\/\/raum-blick.de\/magazin\/wp-content\/uploads\/2025\/02\/jan-kurtz-blumenkuebel-mini-garden_71674.jpg 1500w\" sizes=\"(max-width: 1024px) 100vw, 1024px\" \/><\/a><\/figure>\n\n\n\n<figure class=\"wp-block-image size-large\"><a href=\"https:\/\/www.raum-blick.de\/jan-kurtz-blumenkuebel-minigarden\"><img loading=\"lazy\" decoding=\"async\" width=\"1024\" height=\"1024\" data-id=\"21404\" src=\"https:\/\/www.raum-blick.de\/magazin\/wp-content\/uploads\/2025\/02\/jan-kurtz-blumenkuebel-minigarden_71675-1024x1024.jpg\" alt=\"Minigarden von Jan Kurtz: der Designer Pflanzk\u00fcbel tritt gerne gleich mehrfach in Erscheinung.\" class=\"wp-image-21404\" title=\"\" srcset=\"https:\/\/raum-blick.de\/magazin\/wp-content\/uploads\/2025\/02\/jan-kurtz-blumenkuebel-minigarden_71675-1024x1024.jpg 1024w, https:\/\/raum-blick.de\/magazin\/wp-content\/uploads\/2025\/02\/jan-kurtz-blumenkuebel-minigarden_71675-300x300.jpg 300w, https:\/\/raum-blick.de\/magazin\/wp-content\/uploads\/2025\/02\/jan-kurtz-blumenkuebel-minigarden_71675-150x150.jpg 150w, https:\/\/raum-blick.de\/magazin\/wp-content\/uploads\/2025\/02\/jan-kurtz-blumenkuebel-minigarden_71675-768x768.jpg 768w, https:\/\/raum-blick.de\/magazin\/wp-content\/uploads\/2025\/02\/jan-kurtz-blumenkuebel-minigarden_71675.jpg 1500w\" sizes=\"(max-width: 1024px) 100vw, 1024px\" \/><\/a><\/figure>\n<figcaption class=\"blocks-gallery-caption wp-element-caption\"><em>Mit oder ohne Gestell, der Minigarden von Jan Kurtz ist immer ein Blickfang und strahlt durch das recycelte Teakholz gef\u00fchlt gleich noch mal ein bisschen mehr W\u00e4rme aus. <\/em><\/figcaption><\/figure>\n\n\n\n<p>Wer nach einer L\u00f6sung zum Aufh\u00e4ngen sucht, dem k\u00f6nnen wir das <a href=\"https:\/\/www.raum-blick.de\/squarely-grow-pflanzgefaess-zum-aufhaengen\" target=\"_blank\" rel=\"noreferrer noopener\">individuell zusammenstellbare System&nbsp;<strong>Squarely Grow<\/strong><\/a> empfehlen. Die modulare L\u00f6sung verf\u00fcgt \u00fcber ein intelligentes Selbstbew\u00e4sserungssystem, sodass Sie Ihre gr\u00fcnen Lieblinge nur noch ein- bis dreimal pro Monat gie\u00dfen m\u00fcssen. Und mit den praktischen HoldOn Textil- oder Ledergurten l\u00e4sst sich Squarely Grow ganz einfach und sicher an Balkon, Zaun oder Gel\u00e4nder befestigen. <\/p>\n\n\n\n<div class=\"wp-block-media-text alignwide has-media-on-the-right is-stacked-on-mobile\"><div class=\"wp-block-media-text__content\">\n<p><em>Hell der dunkel, lieber ein Kasten oder ein Quadrat? Das liegt ganz bei Ihnen. Auf alle F\u00e4lle ist das modulare Squarely Grow-System wunderbar flexibel.<\/em><\/p>\n\n\n\n<figure class=\"wp-block-image size-full\"><a href=\"https:\/\/www.raum-blick.de\/squarely-grow-pflanzgefaess-zum-aufhaengen\"><img loading=\"lazy\" decoding=\"async\" width=\"620\" height=\"514\" src=\"https:\/\/www.raum-blick.de\/magazin\/wp-content\/uploads\/2025\/01\/squarely-gowbig-growwide-balkon.jpg\" alt=\"Designer Pflanzk\u00fcbel aus Holz: Squarely Grow. \" class=\"wp-image-17919\" title=\"\" srcset=\"https:\/\/raum-blick.de\/magazin\/wp-content\/uploads\/2025\/01\/squarely-gowbig-growwide-balkon.jpg 620w, https:\/\/raum-blick.de\/magazin\/wp-content\/uploads\/2025\/01\/squarely-gowbig-growwide-balkon-300x249.jpg 300w\" sizes=\"(max-width: 620px) 100vw, 620px\" \/><\/a><\/figure>\n\n\n\n<figure class=\"wp-block-image size-full\"><a href=\"https:\/\/www.raum-blick.de\/squarely-grow-pflanzgefaess-zum-aufhaengen\"><img loading=\"lazy\" decoding=\"async\" width=\"400\" height=\"400\" src=\"https:\/\/www.raum-blick.de\/magazin\/wp-content\/uploads\/2024\/08\/squarely-growwide-schwarz-gurt_77336_200x200@2x.jpg\" alt=\"Im Squarely Grow f\u00fchlen sich Tomaten genauso wohl wie Geranien. Von uns eine klare Pflanzk\u00fcbel-Empfehlung!\" class=\"wp-image-20581\" title=\"\" srcset=\"https:\/\/raum-blick.de\/magazin\/wp-content\/uploads\/2024\/08\/squarely-growwide-schwarz-gurt_77336_200x200@2x.jpg 400w, https:\/\/raum-blick.de\/magazin\/wp-content\/uploads\/2024\/08\/squarely-growwide-schwarz-gurt_77336_200x200@2x-300x300.jpg 300w, https:\/\/raum-blick.de\/magazin\/wp-content\/uploads\/2024\/08\/squarely-growwide-schwarz-gurt_77336_200x200@2x-150x150.jpg 150w\" sizes=\"(max-width: 400px) 100vw, 400px\" \/><\/a><\/figure>\n\n\n\n<figure class=\"wp-block-image size-full\"><a href=\"https:\/\/www.raum-blick.de\/squarely-grow-pflanzgefaess-zum-aufhaengen\"><img loading=\"lazy\" decoding=\"async\" width=\"400\" height=\"400\" src=\"https:\/\/www.raum-blick.de\/magazin\/wp-content\/uploads\/2024\/08\/squarely-growwide-detail_80882_200x200@2x.jpg\" alt=\"Bis ins kleinste durchdacht. Dank dem intelligenten Bew\u00e4sserungssystem des Squarely Grow, brauchen Sie im Urlaub keinen \u201eGie\u00dfdienst\u201d engagieren.\" class=\"wp-image-20578\" title=\"\" srcset=\"https:\/\/raum-blick.de\/magazin\/wp-content\/uploads\/2024\/08\/squarely-growwide-detail_80882_200x200@2x.jpg 400w, https:\/\/raum-blick.de\/magazin\/wp-content\/uploads\/2024\/08\/squarely-growwide-detail_80882_200x200@2x-300x300.jpg 300w, https:\/\/raum-blick.de\/magazin\/wp-content\/uploads\/2024\/08\/squarely-growwide-detail_80882_200x200@2x-150x150.jpg 150w\" sizes=\"(max-width: 400px) 100vw, 400px\" \/><\/a><\/figure>\n<\/div><figure class=\"wp-block-media-text__media\"><a href=\"https:\/\/www.raum-blick.de\/squarely-grow-pflanzgefaess-zum-aufhaengen\"><img loading=\"lazy\" decoding=\"async\" width=\"620\" height=\"544\" src=\"https:\/\/www.raum-blick.de\/magazin\/wp-content\/uploads\/2025\/01\/squarely-grow-pflanzgefaess-zum-aufhaengen.jpg\" alt=\"Squarely Grow gibt es wahlweise mit Textil oder mit Ledergurten zum Aufh\u00e4ngen. Oder Sie stellen den Pflanzk\u00fcbel einfach auf den Boden. \" class=\"wp-image-17916 size-full\" title=\"\" srcset=\"https:\/\/raum-blick.de\/magazin\/wp-content\/uploads\/2025\/01\/squarely-grow-pflanzgefaess-zum-aufhaengen.jpg 620w, https:\/\/raum-blick.de\/magazin\/wp-content\/uploads\/2025\/01\/squarely-grow-pflanzgefaess-zum-aufhaengen-300x263.jpg 300w\" sizes=\"(max-width: 620px) 100vw, 620px\" \/><\/a><\/figure><\/div>\n\n\n\n<h2 class=\"wp-block-heading\" id=\"n\u00fctzliches-pflanzenzubeh\u00f6r-eva-solo-aquastar-und-blomus-kolibri\"><span class=\"ez-toc-section\" id=\"Nuetzliches_Pflanzenzubehoer_Eva_Solo_Aquastar_und_blomus_Colibri\"><\/span><a href=\"https:\/\/www.raum-blick.de\/pflanzenzubehoer\/\" target=\"_blank\" rel=\"noreferrer noopener\">N\u00fctzliches Pflanzenzubeh\u00f6r<\/a>: Eva Solo Aquastar und blomus Colibri<span class=\"ez-toc-section-end\"><\/span><\/h2>\n\n\n\n<p>Designer Pflanzk\u00fcbel brauchen auch das entsprechende Zusatz-Equipment. Zwei Produkte m\u00f6chten wir Ihnen hier besonders ans Herz leben. Die <strong>au\u00dfergew\u00f6hnliche<\/strong> <strong>Aquastar Gie\u00dfkanne von Eva Solo <\/strong>und den <strong>stilvollen<\/strong> <strong>Colibri von blomus<\/strong>. Auch er zur gezielten Wasserzufuhr gedacht. Nat\u00fcrlich finden Sie in unserem Shop noch viel mehr davon, aber diese beiden haben wie unsere Big Five einen festen Platz in der Topseller-Liste und das kommt nicht von ungef\u00e4hr.<\/p>\n\n\n\n<h3 class=\"wp-block-heading\" id=\"eva-solo-aquastar-innovatives-bew\u00e4sserungssystem\"><span class=\"ez-toc-section\" id=\"Die_platzsparende_Eva_Solo_Aquastar\"><\/span>Die platzsparende Eva Solo Aquastar<span class=\"ez-toc-section-end\"><\/span><\/h3>\n\n\n\n<p>Mit ihrer spitzen T\u00fclle und der Dreiecksform gleicht die <strong>Eva Solo Aquastar<\/strong>&nbsp;eher einem Objekt als einer Gie\u00dfkanne. Gerade f\u00fcr kleine T\u00f6pfe ist die moderne Mischung aus Chrom und Kunststoff wie gemacht. Zum Bef\u00fchlen m\u00fcssen Sie nur den Ausguss abnehmen und egal wo sie steht, sie ist in jedem Fall der Star, simpel und gutaussehend wie sie ist. <\/p>\n\n\n\n<figure class=\"wp-block-gallery has-nested-images columns-default is-cropped wp-block-gallery-7 is-layout-flex wp-block-gallery-is-layout-flex\">\n<figure class=\"wp-block-image size-large\"><a href=\"https:\/\/www.raum-blick.de\/pflanzenzubehoer\/\"><img loading=\"lazy\" decoding=\"async\" width=\"1024\" height=\"1024\" data-id=\"21400\" src=\"https:\/\/www.raum-blick.de\/magazin\/wp-content\/uploads\/2025\/02\/eva-solo-aquastar-grau_15936p2IoTZPgBRSMX-1024x1024.jpg\" alt=\"Macht das G\u00e4rtnern gleich noch mal so sch\u00f6n: das passende Pflanzzubeh\u00f6r. Hier in Form der Eva Solo Aquastar Gie\u00dfkanne. \" class=\"wp-image-21400\" title=\"\" srcset=\"https:\/\/raum-blick.de\/magazin\/wp-content\/uploads\/2025\/02\/eva-solo-aquastar-grau_15936p2IoTZPgBRSMX-1024x1024.jpg 1024w, https:\/\/raum-blick.de\/magazin\/wp-content\/uploads\/2025\/02\/eva-solo-aquastar-grau_15936p2IoTZPgBRSMX-300x300.jpg 300w, https:\/\/raum-blick.de\/magazin\/wp-content\/uploads\/2025\/02\/eva-solo-aquastar-grau_15936p2IoTZPgBRSMX-150x150.jpg 150w, https:\/\/raum-blick.de\/magazin\/wp-content\/uploads\/2025\/02\/eva-solo-aquastar-grau_15936p2IoTZPgBRSMX-768x768.jpg 768w, https:\/\/raum-blick.de\/magazin\/wp-content\/uploads\/2025\/02\/eva-solo-aquastar-grau_15936p2IoTZPgBRSMX.jpg 1400w\" sizes=\"(max-width: 1024px) 100vw, 1024px\" \/><\/a><\/figure>\n\n\n\n<figure class=\"wp-block-image size-large\"><a href=\"https:\/\/www.raum-blick.de\/pflanzenzubehoer\/\"><img loading=\"lazy\" decoding=\"async\" width=\"1024\" height=\"1024\" data-id=\"21399\" src=\"https:\/\/www.raum-blick.de\/magazin\/wp-content\/uploads\/2025\/02\/eva-solo-aquastar-lime-2_15938aKKp0fGlGZOwM-1024x1024.jpg\" alt=\"Platzsparende Gie\u00dfkanne mit futuristischer Attit\u00fcde: die Aquastar von Eva Solo. \" class=\"wp-image-21399\" title=\"\" srcset=\"https:\/\/raum-blick.de\/magazin\/wp-content\/uploads\/2025\/02\/eva-solo-aquastar-lime-2_15938aKKp0fGlGZOwM-1024x1024.jpg 1024w, https:\/\/raum-blick.de\/magazin\/wp-content\/uploads\/2025\/02\/eva-solo-aquastar-lime-2_15938aKKp0fGlGZOwM-300x300.jpg 300w, https:\/\/raum-blick.de\/magazin\/wp-content\/uploads\/2025\/02\/eva-solo-aquastar-lime-2_15938aKKp0fGlGZOwM-150x150.jpg 150w, https:\/\/raum-blick.de\/magazin\/wp-content\/uploads\/2025\/02\/eva-solo-aquastar-lime-2_15938aKKp0fGlGZOwM-768x768.jpg 768w, https:\/\/raum-blick.de\/magazin\/wp-content\/uploads\/2025\/02\/eva-solo-aquastar-lime-2_15938aKKp0fGlGZOwM.jpg 1500w\" sizes=\"(max-width: 1024px) 100vw, 1024px\" \/><\/a><\/figure>\n\n\n\n<figure class=\"wp-block-image size-large\"><a href=\"https:\/\/www.raum-blick.de\/pflanzenzubehoer\/\"><img loading=\"lazy\" decoding=\"async\" width=\"1024\" height=\"1024\" data-id=\"21398\" src=\"https:\/\/www.raum-blick.de\/magazin\/wp-content\/uploads\/2025\/02\/eva-solo-aquastar-weiss_15939jz0CiPfzObW6S-1024x1024.jpg\" alt=\"Wirkt in Wei\u00df luftig-leicht und edel: die Eva Solo Aquastar Gie\u00dfkanne.\" class=\"wp-image-21398\" title=\"\" srcset=\"https:\/\/raum-blick.de\/magazin\/wp-content\/uploads\/2025\/02\/eva-solo-aquastar-weiss_15939jz0CiPfzObW6S-1024x1024.jpg 1024w, https:\/\/raum-blick.de\/magazin\/wp-content\/uploads\/2025\/02\/eva-solo-aquastar-weiss_15939jz0CiPfzObW6S-300x300.jpg 300w, https:\/\/raum-blick.de\/magazin\/wp-content\/uploads\/2025\/02\/eva-solo-aquastar-weiss_15939jz0CiPfzObW6S-150x150.jpg 150w, https:\/\/raum-blick.de\/magazin\/wp-content\/uploads\/2025\/02\/eva-solo-aquastar-weiss_15939jz0CiPfzObW6S-768x768.jpg 768w, https:\/\/raum-blick.de\/magazin\/wp-content\/uploads\/2025\/02\/eva-solo-aquastar-weiss_15939jz0CiPfzObW6S.jpg 1500w\" sizes=\"(max-width: 1024px) 100vw, 1024px\" \/><\/a><\/figure>\n<figcaption class=\"blocks-gallery-caption wp-element-caption\"><em>Die Aquastar Gie\u00dfkanne von Eva Solo: Ein absolutes Desing-Highlight, mit dem Sie punktgenau dosieren k\u00f6nnen. Sieht gut aus und f\u00fchlt sich auch so an. <\/em><\/figcaption><\/figure>\n\n\n\n<h3 class=\"wp-block-heading\" id=\"blomus-kolibri-praktische-unterst\u00fctzung-beim-gie\u00dfen\"><span class=\"ez-toc-section\" id=\"Die_einzigartige_blomus_Colibri\"><\/span>Die einzigartige blomus Colibri<span class=\"ez-toc-section-end\"><\/span><\/h3>\n\n\n\n<p>Ihr Name ist Programm. Mit dem langen &#8222;Schnabel&#8220; versorgt die &nbsp;<strong>blomus Colibri<\/strong>&nbsp;ihre Pflanzen zielsicher mit Wasser. Ohne dass etwas danebengeht. Einen Liter fasst die von Luca Galmarini designte Gie\u00dfkanne aus pulverbeschichtetem, pflegeleichten Edelstahl und ist dabei auf alle F\u00e4lle genauso effizient wie ihr kleiner Namensgeber, wenn auch deutlich gr\u00f6\u00dfer.<\/p>\n\n\n\n<div class=\"wp-block-media-text alignwide is-stacked-on-mobile\"><figure class=\"wp-block-media-text__media\"><a href=\"https:\/\/www.raum-blick.de\/pflanzenzubehoer\/\"><img loading=\"lazy\" decoding=\"async\" width=\"1024\" height=\"1024\" src=\"https:\/\/www.raum-blick.de\/magazin\/wp-content\/uploads\/2025\/02\/Colibri-Giesskanne-Nomad_81860-1024x1024.jpg\" alt=\"F\u00fcr kleine und gro\u00dfe Designer Plfanzk\u00fcbel: die blomus Colibri Gie\u00dfkanne.\" class=\"wp-image-21396 size-full\" title=\"\" srcset=\"https:\/\/raum-blick.de\/magazin\/wp-content\/uploads\/2025\/02\/Colibri-Giesskanne-Nomad_81860-1024x1024.jpg 1024w, https:\/\/raum-blick.de\/magazin\/wp-content\/uploads\/2025\/02\/Colibri-Giesskanne-Nomad_81860-300x300.jpg 300w, https:\/\/raum-blick.de\/magazin\/wp-content\/uploads\/2025\/02\/Colibri-Giesskanne-Nomad_81860-150x150.jpg 150w, https:\/\/raum-blick.de\/magazin\/wp-content\/uploads\/2025\/02\/Colibri-Giesskanne-Nomad_81860-768x768.jpg 768w, https:\/\/raum-blick.de\/magazin\/wp-content\/uploads\/2025\/02\/Colibri-Giesskanne-Nomad_81860.jpg 1500w\" sizes=\"(max-width: 1024px) 100vw, 1024px\" \/><\/a><\/figure><div class=\"wp-block-media-text__content\">\n<p><em>Minimalistisches und \u00fcberraschendes Design made in Nordrhein-Westfalen. Daf\u00fcr ist blomus seit Jahrzehnten bekannt. Der \u201ekleine Vogel\u201c hier macht da keine Ausnahme. Was f\u00fcr eine herrliche Gie\u00dfkanne, finden Sie nicht auch?<\/em><\/p>\n<\/div><\/div>\n\n\n\n<h2 class=\"wp-block-heading\" id=\"urban-gardening-gr\u00fcner-daumen-in-der-stadt\"><span class=\"ez-toc-section\" id=\"Urban_Gardening_Gruener_Daumen_in_der_Stadt\"><\/span>Urban Gardening: Gr\u00fcner Daumen in der Stadt<span class=\"ez-toc-section-end\"><\/span><\/h2>\n\n\n\n<p>Ja, alles hat einen Namen, am liebsten einen englischen. Klingt auch viel schicker als St\u00e4dtisches G\u00e4rtnern. Aber egal, ob Englisch oder Deutsch, gro\u00dfz\u00fcgige (Dach-)Terrasse, kleiner franz\u00f6sischer Balkon oder Gemeinschaftsgarten, <strong>G\u00e4rtnern macht gl\u00fccklich.<\/strong> Warum? Weil wir an der frischen Luft sind, die Sonne uns mit reichlich Vitamin D versorgt und beispielsweise selbst gezogene Kr\u00e4uter einfach viel besser schmecken als aus dem Supermarkt. Urban Gardening ist nicht nur ein Trend, es ist eine Lebensweise! Und mit den richtigen Designer Pflanzk\u00fcbeln verwandeln Sie jeden noch so kleinen Raum in ein gr\u00fcnes Paradies.<\/p>\n\n\n\n<h3 class=\"wp-block-heading\" id=\"beliebte-pflanzen-f\u00fcr-designer-pflanzk\u00fcbel\"><span class=\"ez-toc-section\" id=\"Beliebte_Pflanzen_fuer_Designer_Pflanzkuebel\"><\/span>Beliebte Pflanzen f\u00fcr Designer Pflanzk\u00fcbel<span class=\"ez-toc-section-end\"><\/span><\/h3>\n\n\n\n<p>Die Wahl der richtigen Pflanzen ist nat\u00fcrlich zun\u00e4chst einmal etwas sehr Subjektives. Denn nicht jedem gef\u00e4llt jede Pflanze. Dazu spielen aber auch noch Faktoren wie Lichtverh\u00e4ltnisse und aktuelles Platzangebot eine Rolle. Mit diesen <strong>drei Varianten<\/strong> hier sind Sie schon mal gut beraten. Und wie bei Immobilien gilt auch bei Pflanzen: Die Lage ist entscheidend.<\/p>\n\n\n\n<ol class=\"wp-block-list\">\n<li><strong>Pflegeleichte Sukkulenten<\/strong> sind ideal f\u00fcr sonnige Pl\u00e4tze.<\/li>\n\n\n\n<li><strong>Frische Kr\u00e4uter<\/strong> wie Basilikum oder Rosmarin duften nicht nur wunderbar, sondern sind auch das Verfeinerungs-i-T\u00fcpfelchen in der K\u00fcche.<\/li>\n\n\n\n<li><strong>Bl\u00fchende Pflanzen<\/strong> wie Geranien oder Petunien sind sch\u00f6ne Farbtupfer \u2013 drinnen wie drau\u00dfen.<\/li>\n<\/ol>\n\n\n\n<h3 class=\"wp-block-heading\" id=\"pflegehinweise\"><span class=\"ez-toc-section\" id=\"Das_sollten_Sie_in_Sachen_Pflanzenpflege_beachten\"><\/span>Das sollten Sie in Sachen Pflanzenpflege beachten:<span class=\"ez-toc-section-end\"><\/span><\/h3>\n\n\n\n<ul class=\"wp-block-list\">\n<li>Richtige Bew\u00e4sserung \u2013 weniger ist oft mehr!<\/li>\n\n\n\n<li>W\u00e4hrend der Wachstumsperiode regelm\u00e4\u00dfig d\u00fcngen.<\/li>\n\n\n\n<li>Verwelkte Bl\u00e4tter und Bl\u00fcten entfernen.<\/li>\n<\/ul>\n\n\n\n<h2 class=\"wp-block-heading\" id=\"buchempfehlungen-zum-thema-urban-gardening\"><span class=\"ez-toc-section\" id=\"Buchempfehlungen_zum_Thema_Urban_Gardening\"><\/span>Buchempfehlungen zum Thema Urban Gardening<span class=\"ez-toc-section-end\"><\/span><\/h2>\n\n\n\n<p>Selbstverst\u00e4ndlich gibt es zu diesem nach wie vor hippen Thema eine Vielzahl an Literatur. Das Angebot ist dabei mindestens so gro\u00df wie das der infrage kommenden Pflanzen. Damit Sie im Urban Garding Dschungel den \u00dcberblick behalten, haben wir aus der F\u00fclle f\u00fcr Sie drei Buchperlen ausgesucht, mit denen Sie sich erst einmal \u201eWarm-G\u00e4rtnern\u201d k\u00f6nnen: <\/p>\n\n\n\n<ol class=\"wp-block-list\">\n<li><em>&#8222;Urban Jungle: Wohnen in Gr\u00fcn&#8220;<\/em>&nbsp;von Igor Josifovic und Judith de Graaff<\/li>\n\n\n\n<li><em>&#8222;Selbstversorgung f\u00fcr Einsteiger&#8220;<\/em>&nbsp;von Simon Akeroyd<\/li>\n\n\n\n<li><em>&#8222;Fr\u00e4ulein Gr\u00fcns wilde Getr\u00e4nke aus der Natur&#8220;<\/em>&nbsp;von Karina Nouman<\/li>\n<\/ol>\n\n\n\n<hr class=\"wp-block-separator has-alpha-channel-opacity\"\/>\n\n\n\n<p>Und, wie sieht&#8217;s aus? Lust auf drau\u00dfen bekommen? Auf Designer Pflanzk\u00fcbel und Pflanzen aussuchen, in der Erde graben, beim Wachsen und Bl\u00fchen zuschauen und nat\u00fcrlich ernten. Auf selbst gezogene Tomaten, eingelegte G\u00fcrkchen oder vielleicht sogar Fermentiertes? Das hoffen wir doch. <\/p>\n\n\n\n<div class=\"wp-block-buttons is-content-justification-right is-layout-flex wp-container-core-buttons-is-layout-765c4724 wp-block-buttons-is-layout-flex\">\n<div class=\"wp-block-button\"><a class=\"wp-block-button__link has-white-color has-text-color wp-element-button\" href=\"https:\/\/www.raum-blick.de\/pflanzgefaesse\/\">Los geht&#8217;s: W\u00fchlen Sie sich durch unser Pflanzk\u00fcbel-Portfolio!<\/a><\/div>\n<\/div>\n<\/p>","protected":false},"excerpt":{"rendered":"<p>\u00ab Die wollen einfach alle haben \u00bb Ehrlich gesagt wissen wir auch nicht so genau, warum diese f\u00fcnf regelm\u00e4\u00dfig auf unserer Bestsellerliste stehen. Wahrscheinlich, weil sie praktisch sind, individuell und Ihren Balkon oder Ihre Terrasse zu jeder Jahreszeit zu einer bl\u00fchenden Oase voller Leben und Genuss machen k\u00f6nnen. Mit diesen Pflanzgef\u00e4\u00dfen erleben Sie pure Gartenfreude. [&hellip;]<\/p>\n","protected":false},"author":4,"featured_media":21393,"comment_status":"closed","ping_status":"open","sticky":false,"template":"","format":"standard","meta":{"_et_pb_use_builder":"","_et_pb_old_content":"","_et_gb_content_width":"","inline_featured_image":false,"footnotes":""},"categories":[7,6],"tags":[48,1809,18,206,33,1413,2303,1051,1919,1409,57,2304,503,505,1616,1685,52,504,804,50,49,767,1639,94],"class_list":["post-21370","post","type-post","status-publish","format-standard","has-post-thumbnail","hentry","category-accessoires-lifestyle","category-draussen","tag-bacsac","tag-blomus","tag-eva-solo","tag-ferm-living","tag-garten","tag-giesskanne","tag-hourglass-pot","tag-jan-kurtz","tag-jan-kurtz-design","tag-minigarden","tag-outdoor","tag-palau","tag-pflanzen","tag-pflanzenbehaelter","tag-pflanzentopf","tag-pflanzenzubehoer","tag-pflanzgefaesse","tag-pflanzkoerbe","tag-pflanzkuebel","tag-pflanzsaecke","tag-pflanztaschen","tag-plant-box","tag-squarely","tag-terrasse"],"_links":{"self":[{"href":"https:\/\/raum-blick.de\/magazin\/wp-json\/wp\/v2\/posts\/21370","targetHints":{"allow":["GET"]}}],"collection":[{"href":"https:\/\/raum-blick.de\/magazin\/wp-json\/wp\/v2\/posts"}],"about":[{"href":"https:\/\/raum-blick.de\/magazin\/wp-json\/wp\/v2\/types\/post"}],"author":[{"embeddable":true,"href":"https:\/\/raum-blick.de\/magazin\/wp-json\/wp\/v2\/users\/4"}],"replies":[{"embeddable":true,"href":"https:\/\/raum-blick.de\/magazin\/wp-json\/wp\/v2\/comments?post=21370"}],"version-history":[{"count":28,"href":"https:\/\/raum-blick.de\/magazin\/wp-json\/wp\/v2\/posts\/21370\/revisions"}],"predecessor-version":[{"id":21495,"href":"https:\/\/raum-blick.de\/magazin\/wp-json\/wp\/v2\/posts\/21370\/revisions\/21495"}],"wp:featuredmedia":[{"embeddable":true,"href":"https:\/\/raum-blick.de\/magazin\/wp-json\/wp\/v2\/media\/21393"}],"wp:attachment":[{"href":"https:\/\/raum-blick.de\/magazin\/wp-json\/wp\/v2\/media?parent=21370"}],"wp:term":[{"taxonomy":"category","embeddable":true,"href":"https:\/\/raum-blick.de\/magazin\/wp-json\/wp\/v2\/categories?post=21370"},{"taxonomy":"post_tag","embeddable":true,"href":"https:\/\/raum-blick.de\/magazin\/wp-json\/wp\/v2\/tags?post=21370"}],"curies":[{"name":"wp","href":"https:\/\/api.w.org\/{rel}","templated":true}]}}