{"id":21206,"date":"2025-02-07T09:12:03","date_gmt":"2025-02-07T08:12:03","guid":{"rendered":"https:\/\/www.raum-blick.de\/magazin\/?p=21206"},"modified":"2025-01-10T09:18:15","modified_gmt":"2025-01-10T08:18:15","slug":"beistelltisch-der-allrounder-fuer-jeden-raum","status":"publish","type":"post","link":"https:\/\/raum-blick.de\/magazin\/beistelltisch-der-allrounder-fuer-jeden-raum\/","title":{"rendered":"Beistelltisch \u2013\u00a0der Allrounder f\u00fcr jeden Raum"},"content":{"rendered":"\n<h2 class=\"wp-block-heading\"><span class=\"ez-toc-section\" id=\"%C2%AB_Vielseitiges_variables_Platzsparwunder_%C2%BB\"><\/span>\u00ab Vielseitiges, variables Platzsparwunder \u00bb<span class=\"ez-toc-section-end\"><\/span><\/h2>\n\n\n\n<p><strong>Praktisch, stilvoll und unverzichtbar: Der <a href=\"https:\/\/www.raum-blick.de\/beistelltische\/\">Beistelltisch <\/a>ist ein wahrer Tausendsassa. Und ein Tisch f\u00fcr viele Gelegenheiten, wie es die englische Bezeichnung Occasional Table treffend auf den Punkt bringt. Er ist da, wo er gebraucht wird. Bevorzugt im Wohnzimmer, macht aber auch in Flur, Schlafzimmer oder K\u00fcche eine gute Figur. Es gibt ihn in zig Ausf\u00fchrungen, mit Schubladen, Stauraum, als Set, in den unterschiedlichsten Formen, Farben und Materialien. Ein Bestelltisch ist einfach so viel mehr als nur eine praktische Ablage. Aber lesen Sie doch einfach weiter, dann werden Sie sich ganz schnell in den kleinen, stilvollen und oftmals eher unaufdringlichen Allrounder verlieben.<\/strong> <\/p>\n\n\n\n<figure class=\"wp-block-gallery has-nested-images columns-default is-cropped wp-block-gallery-2 is-layout-flex wp-block-gallery-is-layout-flex\">\n<figure class=\"wp-block-image size-large\"><a href=\"https:\/\/www.raum-blick.de\/kartell-al-wood-beistelltisch\"><img loading=\"lazy\" decoding=\"async\" width=\"1024\" height=\"1024\" data-id=\"21243\" src=\"https:\/\/www.raum-blick.de\/magazin\/wp-content\/uploads\/2025\/01\/kartell-al-wood-beistelltisch-amb4_90654-1024x1024.jpg\" alt=\"Der formsch\u00f6ne Al Wood Beistelltisch von Kartell kombiniert Holz und Chrom.\" class=\"wp-image-21243\" title=\"\" srcset=\"https:\/\/raum-blick.de\/magazin\/wp-content\/uploads\/2025\/01\/kartell-al-wood-beistelltisch-amb4_90654-1024x1024.jpg 1024w, https:\/\/raum-blick.de\/magazin\/wp-content\/uploads\/2025\/01\/kartell-al-wood-beistelltisch-amb4_90654-300x300.jpg 300w, https:\/\/raum-blick.de\/magazin\/wp-content\/uploads\/2025\/01\/kartell-al-wood-beistelltisch-amb4_90654-150x150.jpg 150w, https:\/\/raum-blick.de\/magazin\/wp-content\/uploads\/2025\/01\/kartell-al-wood-beistelltisch-amb4_90654-768x768.jpg 768w, https:\/\/raum-blick.de\/magazin\/wp-content\/uploads\/2025\/01\/kartell-al-wood-beistelltisch-amb4_90654.jpg 1500w\" sizes=\"(max-width: 1024px) 100vw, 1024px\" \/><\/a><\/figure>\n\n\n\n<figure class=\"wp-block-image size-large\"><a href=\"https:\/\/www.raum-blick.de\/fermob-cocotte-beistelltisch\"><img loading=\"lazy\" decoding=\"async\" width=\"1024\" height=\"1024\" data-id=\"21239\" src=\"https:\/\/www.raum-blick.de\/magazin\/wp-content\/uploads\/2025\/01\/cocotte-tisch-fermob_58251-1024x1024.jpg\" alt=\"Den wetterfesten Fermob Cocotte Beistelltisch gibt es in zig verschiedenen Farben. F\u00fcr drinnen und drau\u00dfen.\" class=\"wp-image-21239\" title=\"\" srcset=\"https:\/\/raum-blick.de\/magazin\/wp-content\/uploads\/2025\/01\/cocotte-tisch-fermob_58251-1024x1024.jpg 1024w, https:\/\/raum-blick.de\/magazin\/wp-content\/uploads\/2025\/01\/cocotte-tisch-fermob_58251-300x300.jpg 300w, https:\/\/raum-blick.de\/magazin\/wp-content\/uploads\/2025\/01\/cocotte-tisch-fermob_58251-150x150.jpg 150w, https:\/\/raum-blick.de\/magazin\/wp-content\/uploads\/2025\/01\/cocotte-tisch-fermob_58251-768x768.jpg 768w, https:\/\/raum-blick.de\/magazin\/wp-content\/uploads\/2025\/01\/cocotte-tisch-fermob_58251.jpg 1500w\" sizes=\"(max-width: 1024px) 100vw, 1024px\" \/><\/a><\/figure>\n\n\n\n<figure class=\"wp-block-image size-large\"><a href=\"https:\/\/www.raum-blick.de\/fatboy-concrete-seat-hocker\"><img loading=\"lazy\" decoding=\"async\" width=\"1024\" height=\"1024\" data-id=\"21268\" src=\"https:\/\/www.raum-blick.de\/magazin\/wp-content\/uploads\/2025\/01\/fatboy-concrete-seat-sitzkissen_80103vRSE2tM5Sm1WA-1024x1024.jpg\" alt=\"Der Fatboy Concrete Seat Hocker ist einem Betonstein nachempfunden und \u00fcberzeugt mit Leichtigkeit.\" class=\"wp-image-21268\" title=\"\" srcset=\"https:\/\/raum-blick.de\/magazin\/wp-content\/uploads\/2025\/01\/fatboy-concrete-seat-sitzkissen_80103vRSE2tM5Sm1WA-1024x1024.jpg 1024w, https:\/\/raum-blick.de\/magazin\/wp-content\/uploads\/2025\/01\/fatboy-concrete-seat-sitzkissen_80103vRSE2tM5Sm1WA-300x300.jpg 300w, https:\/\/raum-blick.de\/magazin\/wp-content\/uploads\/2025\/01\/fatboy-concrete-seat-sitzkissen_80103vRSE2tM5Sm1WA-150x150.jpg 150w, https:\/\/raum-blick.de\/magazin\/wp-content\/uploads\/2025\/01\/fatboy-concrete-seat-sitzkissen_80103vRSE2tM5Sm1WA-768x768.jpg 768w, https:\/\/raum-blick.de\/magazin\/wp-content\/uploads\/2025\/01\/fatboy-concrete-seat-sitzkissen_80103vRSE2tM5Sm1WA.jpg 1080w\" sizes=\"(max-width: 1024px) 100vw, 1024px\" \/><\/a><\/figure>\n<figcaption class=\"blocks-gallery-caption wp-element-caption\"><em>Warmes Holz, farbenfrohes Metall oder pflegeleichter Kunststoff? Das liegt ganz bei Ihnen. Die Auswahl an Formen, Farben und Gr\u00f6\u00dfen ist bei Beistelltischen jedenfalls riesig. <\/em><\/figcaption><\/figure>\n\n\n\n<h2 class=\"wp-block-heading\"><span class=\"ez-toc-section\" id=\"Kleiner_Exkurs_vorab_Die_Geschichte_des_Beistelltisches\"><\/span>Kleiner Exkurs vorab: Die Geschichte des Beistelltisches<span class=\"ez-toc-section-end\"><\/span><\/h2>\n\n\n\n<h3 class=\"wp-block-heading\"><span class=\"ez-toc-section\" id=\"Woher_kommt_der_Beistelltisch\"><\/span>Woher kommt der Beistelltisch?<span class=\"ez-toc-section-end\"><\/span><\/h3>\n\n\n\n<p>Seinen Ursprung hat der Beistelltisch im 17. Jahrhundert. Er stand in Salons und Wohnr\u00e4umen und war sozusagen eine funktionale Getr\u00e4nke- und Snack-Station. Im Laufe der Jahrhunderte entwickelte sich das Design weiter und man entdeckte das Potenzial dieses M\u00f6belst\u00fccks. So entwickelte sich der unscheinbare Beistelltisch nach und nach zu einem Interior-Must-have. Und wahrscheinlich gibt es heute keine Wohnung und kein Haus mehr ohne.<\/p><div id=\"ez-toc-container\" class=\"ez-toc-v2_0_82_2 counter-hierarchy ez-toc-counter ez-toc-grey ez-toc-container-direction\">\n<div class=\"ez-toc-title-container\">\n<p class=\"ez-toc-title\" style=\"cursor:inherit\">Was hier auf Sie wartet<\/p>\n<span class=\"ez-toc-title-toggle\"><a href=\"#\" class=\"ez-toc-pull-right ez-toc-btn ez-toc-btn-xs ez-toc-btn-default ez-toc-toggle\" aria-label=\"Toggle Table of Content\"><span class=\"ez-toc-js-icon-con\"><span class=\"\"><span class=\"eztoc-hide\" style=\"display:none;\">Toggle<\/span><span class=\"ez-toc-icon-toggle-span\"><svg style=\"fill: #999;color:#999\" xmlns=\"http:\/\/www.w3.org\/2000\/svg\" class=\"list-377408\" width=\"20px\" height=\"20px\" viewBox=\"0 0 24 24\" fill=\"none\"><path d=\"M6 6H4v2h2V6zm14 0H8v2h12V6zM4 11h2v2H4v-2zm16 0H8v2h12v-2zM4 16h2v2H4v-2zm16 0H8v2h12v-2z\" fill=\"currentColor\"><\/path><\/svg><svg style=\"fill: #999;color:#999\" class=\"arrow-unsorted-368013\" xmlns=\"http:\/\/www.w3.org\/2000\/svg\" width=\"10px\" height=\"10px\" viewBox=\"0 0 24 24\" version=\"1.2\" baseProfile=\"tiny\"><path d=\"M18.2 9.3l-6.2-6.3-6.2 6.3c-.2.2-.3.4-.3.7s.1.5.3.7c.2.2.4.3.7.3h11c.3 0 .5-.1.7-.3.2-.2.3-.5.3-.7s-.1-.5-.3-.7zM5.8 14.7l6.2 6.3 6.2-6.3c.2-.2.3-.5.3-.7s-.1-.5-.3-.7c-.2-.2-.4-.3-.7-.3h-11c-.3 0-.5.1-.7.3-.2.2-.3.5-.3.7s.1.5.3.7z\"\/><\/svg><\/span><\/span><\/span><\/a><\/span><\/div>\n<nav><ul class='ez-toc-list ez-toc-list-level-1 ' ><li class='ez-toc-page-1 ez-toc-heading-level-2'><a class=\"ez-toc-link ez-toc-heading-1\" href=\"https:\/\/raum-blick.de\/magazin\/beistelltisch-der-allrounder-fuer-jeden-raum\/#%C2%AB_Vielseitiges_variables_Platzsparwunder_%C2%BB\" >\u00ab Vielseitiges, variables Platzsparwunder \u00bb<\/a><\/li><li class='ez-toc-page-1 ez-toc-heading-level-2'><a class=\"ez-toc-link ez-toc-heading-2\" href=\"https:\/\/raum-blick.de\/magazin\/beistelltisch-der-allrounder-fuer-jeden-raum\/#Kleiner_Exkurs_vorab_Die_Geschichte_des_Beistelltisches\" >Kleiner Exkurs vorab: Die Geschichte des Beistelltisches<\/a><ul class='ez-toc-list-level-3' ><li class='ez-toc-heading-level-3'><a class=\"ez-toc-link ez-toc-heading-3\" href=\"https:\/\/raum-blick.de\/magazin\/beistelltisch-der-allrounder-fuer-jeden-raum\/#Woher_kommt_der_Beistelltisch\" >Woher kommt der Beistelltisch?<\/a><\/li><li class='ez-toc-page-1 ez-toc-heading-level-3'><a class=\"ez-toc-link ez-toc-heading-4\" href=\"https:\/\/raum-blick.de\/magazin\/beistelltisch-der-allrounder-fuer-jeden-raum\/#Was_macht_den_Beistelltisch_besonders\" >Was macht den Beistelltisch besonders?<\/a><\/li><\/ul><\/li><li class='ez-toc-page-1 ez-toc-heading-level-2'><a class=\"ez-toc-link ez-toc-heading-5\" href=\"https:\/\/raum-blick.de\/magazin\/beistelltisch-der-allrounder-fuer-jeden-raum\/#Auswahlkriterien_fuer_den_perfekten_Beistelltisch\" >Auswahlkriterien f\u00fcr den perfekten Beistelltisch<\/a><ul class='ez-toc-list-level-3' ><li class='ez-toc-heading-level-3'><a class=\"ez-toc-link ez-toc-heading-6\" href=\"https:\/\/raum-blick.de\/magazin\/beistelltisch-der-allrounder-fuer-jeden-raum\/#Welche_Faktoren_sollten_Sie_bei_der_Auswahl_beachten\" >Welche Faktoren sollten Sie bei der Auswahl beachten?<\/a><\/li><\/ul><\/li><li class='ez-toc-page-1 ez-toc-heading-level-2'><a class=\"ez-toc-link ez-toc-heading-7\" href=\"https:\/\/raum-blick.de\/magazin\/beistelltisch-der-allrounder-fuer-jeden-raum\/#Materialien_fuer_Beistelltische\" >Materialien f\u00fcr Beistelltische<\/a><ul class='ez-toc-list-level-3' ><li class='ez-toc-heading-level-3'><a class=\"ez-toc-link ez-toc-heading-8\" href=\"https:\/\/raum-blick.de\/magazin\/beistelltisch-der-allrounder-fuer-jeden-raum\/#Warmes_Holz\" >Warmes Holz<\/a><\/li><li class='ez-toc-page-1 ez-toc-heading-level-3'><a class=\"ez-toc-link ez-toc-heading-9\" href=\"https:\/\/raum-blick.de\/magazin\/beistelltisch-der-allrounder-fuer-jeden-raum\/#Cooles_Metall\" >Cooles Metall<\/a><\/li><li class='ez-toc-page-1 ez-toc-heading-level-3'><a class=\"ez-toc-link ez-toc-heading-10\" href=\"https:\/\/raum-blick.de\/magazin\/beistelltisch-der-allrounder-fuer-jeden-raum\/#Elegantes_Glas\" >Elegantes Glas<\/a><\/li><li class='ez-toc-page-1 ez-toc-heading-level-3'><a class=\"ez-toc-link ez-toc-heading-11\" href=\"https:\/\/raum-blick.de\/magazin\/beistelltisch-der-allrounder-fuer-jeden-raum\/#Praktischer_Kunststoff\" >Praktischer Kunststoff<\/a><\/li><\/ul><\/li><li class='ez-toc-page-1 ez-toc-heading-level-2'><a class=\"ez-toc-link ez-toc-heading-12\" href=\"https:\/\/raum-blick.de\/magazin\/beistelltisch-der-allrounder-fuer-jeden-raum\/#Designklassiker_Occasional_Table_LTR_von_Vitra\" >Designklassiker: Occasional Table LTR von Vitra<\/a><\/li><li class='ez-toc-page-1 ez-toc-heading-level-2'><a class=\"ez-toc-link ez-toc-heading-13\" href=\"https:\/\/raum-blick.de\/magazin\/beistelltisch-der-allrounder-fuer-jeden-raum\/#Al_Wood_von_Kartell_Eine_Symbiose_aus_Natur_und_Design\" >Al Wood von Kartell: Eine Symbiose aus Natur und Design<\/a><\/li><li class='ez-toc-page-1 ez-toc-heading-level-2'><a class=\"ez-toc-link ez-toc-heading-14\" href=\"https:\/\/raum-blick.de\/magazin\/beistelltisch-der-allrounder-fuer-jeden-raum\/#Marken_im_Fokus_Kartell_und_Fermob\" >Marken im Fokus: Kartell und Fermob<\/a><ul class='ez-toc-list-level-3' ><li class='ez-toc-heading-level-3'><a class=\"ez-toc-link ez-toc-heading-15\" href=\"https:\/\/raum-blick.de\/magazin\/beistelltisch-der-allrounder-fuer-jeden-raum\/#Kartell_Innovation_trifft_auf_Eleganz\" >Kartell: Innovation trifft auf Eleganz<\/a><\/li><li class='ez-toc-page-1 ez-toc-heading-level-3'><a class=\"ez-toc-link ez-toc-heading-16\" href=\"https:\/\/raum-blick.de\/magazin\/beistelltisch-der-allrounder-fuer-jeden-raum\/#Fermob_Farbe_trifft_auf_Outdoor-Design\" >Fermob: Farbe trifft auf Outdoor-Design<\/a><\/li><\/ul><\/li><li class='ez-toc-page-1 ez-toc-heading-level-2'><a class=\"ez-toc-link ez-toc-heading-17\" href=\"https:\/\/raum-blick.de\/magazin\/beistelltisch-der-allrounder-fuer-jeden-raum\/#Outdoor-Beistelltische_Stilvoll_im_Freien_entspannen\" >Outdoor-Beistelltische: Stilvoll im Freien entspannen<\/a><\/li><li class='ez-toc-page-1 ez-toc-heading-level-2'><a class=\"ez-toc-link ez-toc-heading-18\" href=\"https:\/\/raum-blick.de\/magazin\/beistelltisch-der-allrounder-fuer-jeden-raum\/#Noch_mehr_unwiderstehliche_Beistelltisch-Modelle\" >Noch mehr unwiderstehliche Beistelltisch-Modelle<\/a><ul class='ez-toc-list-level-3' ><li class='ez-toc-heading-level-3'><a class=\"ez-toc-link ez-toc-heading-19\" href=\"https:\/\/raum-blick.de\/magazin\/beistelltisch-der-allrounder-fuer-jeden-raum\/#ferm_LIVING_Plant_Box_geraeumiges_Multitalent\" >ferm LIVING Plant Box: ger\u00e4umiges Multitalent<\/a><\/li><li class='ez-toc-page-1 ez-toc-heading-level-3'><a class=\"ez-toc-link ez-toc-heading-20\" href=\"https:\/\/raum-blick.de\/magazin\/beistelltisch-der-allrounder-fuer-jeden-raum\/#ferm_LIVING_Isola_organische_Formen_und_praktischer_Twist\" >ferm LIVING Isola: organische Formen und praktischer Twist<\/a><\/li><li class='ez-toc-page-1 ez-toc-heading-level-3'><a class=\"ez-toc-link ez-toc-heading-21\" href=\"https:\/\/raum-blick.de\/magazin\/beistelltisch-der-allrounder-fuer-jeden-raum\/#PUR_Beistelltisch_von_Jan_Kurtz_schlicht_und_hochwertig\" >PUR Beistelltisch von Jan Kurtz: schlicht und hochwertig<\/a><\/li><\/ul><\/li><li class='ez-toc-page-1 ez-toc-heading-level-2'><a class=\"ez-toc-link ez-toc-heading-22\" href=\"https:\/\/raum-blick.de\/magazin\/beistelltisch-der-allrounder-fuer-jeden-raum\/#Kleine_Tische_mit_grosser_Wirkung\" >Kleine Tische mit gro\u00dfer Wirkung<\/a><\/li><\/ul><\/nav><\/div>\n\n\n\n\n<h3 class=\"wp-block-heading\"><span class=\"ez-toc-section\" id=\"Was_macht_den_Beistelltisch_besonders\"><\/span>Was macht den Beistelltisch besonders?<span class=\"ez-toc-section-end\"><\/span><\/h3>\n\n\n\n<p>Der Beistelltisch ist ein Cham\u00e4leon. Denn kaum ein M\u00f6belst\u00fcck ist so anpassungsf\u00e4hig, variabel und auch schnell verr\u00fcckt. Mit seinen verschiedenen Formen, Gr\u00f6\u00dfen und Materialien k\u00f6nnen Sie ihn \u00fcberall einsetzen. Egal ob Flur, K\u00fcche, Bad, Wohn- oder Schlafzimmer, in jedem Raum er\u00f6ffnet Ihnen ein Beistelltisch neue (Umgestaltungs-)M\u00f6glichkeiten. Und kann dabei auch noch unglaublich dekorativ sein. <\/p>\n\n\n\n<p>L\u00e4ngst spielt das Interior-Piece nicht mehr nur eine Nebenrolle. Der Beistelltisch zeigt Kante, bekennt Farbe und spiegelt den Style seiner  Besitzer wider. Manchmal kontrastiert er ihn auch, wenn gew\u00fcnscht. Auf alle F\u00e4lle bietet er eine wundervolle Fl\u00e4che f\u00fcr alles, was Sie gerne griffbereit haben. Ob Buch, Lesebrille, Wecker, Dekoschale, Vase, Leuchte, Brain-Food, Schreibutensilien, B\u00fcromaterial oder, oder, oder. Fakt ist: Ein Bestelltisch bringt Komfort in den Alltag, schafft Ordnung und verbessert die Organisation. <\/p>\n\n\n\n<figure class=\"wp-block-image size-large\"><a href=\"https:\/\/www.raum-blick.de\/kartell-al-wood-beistelltisch\"><img loading=\"lazy\" decoding=\"async\" width=\"1024\" height=\"1024\" src=\"https:\/\/www.raum-blick.de\/magazin\/wp-content\/uploads\/2025\/01\/kartell-al-wood-beistelltisch-amb5_90656-1024x1024.jpg\" alt=\"Warmes Holz, dunkles Gestell. Ein Beistelltisch, der auf den ersten Blick entspannt.\" class=\"wp-image-21242\" title=\"\" srcset=\"https:\/\/raum-blick.de\/magazin\/wp-content\/uploads\/2025\/01\/kartell-al-wood-beistelltisch-amb5_90656-1024x1024.jpg 1024w, https:\/\/raum-blick.de\/magazin\/wp-content\/uploads\/2025\/01\/kartell-al-wood-beistelltisch-amb5_90656-300x300.jpg 300w, https:\/\/raum-blick.de\/magazin\/wp-content\/uploads\/2025\/01\/kartell-al-wood-beistelltisch-amb5_90656-150x150.jpg 150w, https:\/\/raum-blick.de\/magazin\/wp-content\/uploads\/2025\/01\/kartell-al-wood-beistelltisch-amb5_90656-768x768.jpg 768w, https:\/\/raum-blick.de\/magazin\/wp-content\/uploads\/2025\/01\/kartell-al-wood-beistelltisch-amb5_90656.jpg 1500w\" sizes=\"(max-width: 1024px) 100vw, 1024px\" \/><\/a><figcaption class=\"wp-element-caption\"><em>Hier m\u00f6chte man doch sofort Platz nehmen und anfangen zu lesen. Der Al Wood Beistelltisch von Kartell ist filigran, kombiniert hier warmes Holz mit einem schwarzen Gestell und sch\u00fctzt mit seiner gebogenen Tischkante die B\u00fccher vorm Herunterfallen. <\/em><\/figcaption><\/figure>\n\n\n\n<h2 class=\"wp-block-heading\"><span class=\"ez-toc-section\" id=\"Auswahlkriterien_fuer_den_perfekten_Beistelltisch\"><\/span>Auswahlkriterien f\u00fcr den perfekten Beistelltisch<span class=\"ez-toc-section-end\"><\/span><\/h2>\n\n\n\n<h3 class=\"wp-block-heading\"><span class=\"ez-toc-section\" id=\"Welche_Faktoren_sollten_Sie_bei_der_Auswahl_beachten\"><\/span>Welche Faktoren sollten Sie bei der Auswahl beachten?<span class=\"ez-toc-section-end\"><\/span><\/h3>\n\n\n\n<p>Diese f\u00fcnf Punkte hier machen Ihnen die Entscheidung leichter, versprochen:<\/p>\n\n\n\n<ol class=\"wp-block-list\">\n<li><strong>Gr\u00f6\u00dfe:<\/strong> Der Tisch sollte proportional zur Umgebung sein. Achten Sie darauf, dass er nicht zu gro\u00df oder zu klein wirkt.<\/li>\n\n\n\n<li><strong>H\u00f6he:<\/strong> Idealerweise ist der Tisch so hoch wie die Sitzh\u00f6he Ihres Sofas oder Sessels. Im Schlafzimmer sollte der Beistelltisch zwischen 50 und 60 cm H\u00f6he haben, bei Boxspringbetten oder hohen Matratzen gerne auch h\u00f6her. Ansonsten kommt es einfach auch das \u201eEinsatzgebiet&#8220; an.<\/li>\n\n\n\n<li><strong>Materialien:<\/strong> W\u00e4hlen Sie Materialien, die sowohl \u00e4sthetisch ansprechend als auch langlebig sind.<\/li>\n\n\n\n<li><strong>Design:<\/strong> Modern, klassisch oder rustikal \u2013 setzen Sie auf einen Stil, der zu Ihrer bestehenden Einrichtung passt.<\/li>\n\n\n\n<li><strong>Funktionalit\u00e4t:<\/strong> Denken Sie dar\u00fcber nach, wie Sie den Tisch nutzen m\u00f6chten \u2013 als Ablagefl\u00e4che f\u00fcr Getr\u00e4nke oder als dekoratives Element.<\/li>\n<\/ol>\n\n\n\n<h2 class=\"wp-block-heading\"><span class=\"ez-toc-section\" id=\"Materialien_fuer_Beistelltische\"><\/span>Materialien f\u00fcr Beistelltische<span class=\"ez-toc-section-end\"><\/span><\/h2>\n\n\n\n<h3 class=\"wp-block-heading\"><span class=\"ez-toc-section\" id=\"Warmes_Holz\"><\/span>Warmes Holz<span class=\"ez-toc-section-end\"><\/span><\/h3>\n\n\n\n<p>Eiche, Teak oder Nussbaum \u2013 jede Holzart bietet eine Vielzahl von Oberfl\u00e4chen und Farben. Auf alle F\u00e4lle ist Holz ein zeitloses Material f\u00fcr Beistelltische, das jedem Raum W\u00e4rme und Charakter verleiht. Das ist seine gro\u00dfe St\u00e4rke.<\/p>\n\n\n\n<h3 class=\"wp-block-heading\"><span class=\"ez-toc-section\" id=\"Cooles_Metall\"><\/span>Cooles Metall<span class=\"ez-toc-section-end\"><\/span><\/h3>\n\n\n\n<p>Metallbeistelltische m\u00f6gen auf den ersten Blick ein wenig k\u00fchl anmuten, aber wenn Sie einen modernen Touch lieben, sind sie eine gute Wahl. Und dazu unglaublich robust, oft auch leicht und einfach zu bewegen.<\/p>\n\n\n\n<h3 class=\"wp-block-heading\"><span class=\"ez-toc-section\" id=\"Elegantes_Glas\"><\/span>Elegantes Glas<span class=\"ez-toc-section-end\"><\/span><\/h3>\n\n\n\n<p>Glasbeistelltische eignen sich hervorragend f\u00fcr kleinere R\u00e4ume, da sie optisch weniger Platz einnehmen. Denn durch die Transparenz wirken sie elegant und luftig. <\/p>\n\n\n\n<h3 class=\"wp-block-heading\"><span class=\"ez-toc-section\" id=\"Praktischer_Kunststoff\"><\/span>Praktischer Kunststoff<span class=\"ez-toc-section-end\"><\/span><\/h3>\n\n\n\n<p>Kunststofftische haben zwei unschlagbare Eigenschaften: Sie sind leicht und pflegeleicht. Marken wie Kartell haben innovative Designs entwickelt, die sowohl funktional als auch stilvoll sind.<\/p>\n\n\n\n<h2 class=\"wp-block-heading\"><span class=\"ez-toc-section\" id=\"Designklassiker_Occasional_Table_LTR_von_Vitra\"><\/span>Designklassiker: Occasional Table LTR von Vitra<span class=\"ez-toc-section-end\"><\/span><\/h2>\n\n\n\n<p>Dieser minimalistische Beistelltisch von Charles und Ray Eames ist Kult. Der <a href=\"https:\/\/www.raum-blick.de\/vitra-occasional-table-ltr\">schlichte Occasional Table LTR von Vitra<\/a> besticht durch seine klare Linienf\u00fchrung und Funktionalit\u00e4t \u2013 einzeln oder als Solit\u00e4r. Der LTR ist in verschiedenen Farben erh\u00e4ltlich und eignet sich perfekt als Erg\u00e4nzung zu modernen Wohnkonzepten. Seine gro\u00dfe St\u00e4rke: Er ist niedrig und kann so auch als Nachttisch oder Tablett verwendet werden. Mit ihm wird aus jedem Raum ein Highlight.<\/p>\n\n\n\n<figure class=\"wp-block-gallery has-nested-images columns-default is-cropped wp-block-gallery-3 is-layout-flex wp-block-gallery-is-layout-flex\">\n<figure class=\"wp-block-image size-large\"><a href=\"https:\/\/www.raum-blick.de\/vitra-occasional-table-ltr\"><img loading=\"lazy\" decoding=\"async\" width=\"1024\" height=\"1024\" data-id=\"21215\" src=\"https:\/\/www.raum-blick.de\/magazin\/wp-content\/uploads\/2025\/01\/vitra-occasional-table-chrom-weissMvI9qu2fFJNaQ-1024x1024.jpg\" alt=\"Seit Jahrzehnten unver\u00e4ndert: der kultige Vitra Occasional Table LTR. \" class=\"wp-image-21215\" title=\"\" srcset=\"https:\/\/raum-blick.de\/magazin\/wp-content\/uploads\/2025\/01\/vitra-occasional-table-chrom-weissMvI9qu2fFJNaQ-1024x1024.jpg 1024w, https:\/\/raum-blick.de\/magazin\/wp-content\/uploads\/2025\/01\/vitra-occasional-table-chrom-weissMvI9qu2fFJNaQ-300x300.jpg 300w, https:\/\/raum-blick.de\/magazin\/wp-content\/uploads\/2025\/01\/vitra-occasional-table-chrom-weissMvI9qu2fFJNaQ-150x150.jpg 150w, https:\/\/raum-blick.de\/magazin\/wp-content\/uploads\/2025\/01\/vitra-occasional-table-chrom-weissMvI9qu2fFJNaQ-768x768.jpg 768w, https:\/\/raum-blick.de\/magazin\/wp-content\/uploads\/2025\/01\/vitra-occasional-table-chrom-weissMvI9qu2fFJNaQ.jpg 1400w\" sizes=\"(max-width: 1024px) 100vw, 1024px\" \/><\/a><\/figure>\n\n\n\n<figure class=\"wp-block-image size-full\"><img loading=\"lazy\" decoding=\"async\" width=\"990\" height=\"990\" data-id=\"21270\" src=\"https:\/\/www.raum-blick.de\/magazin\/wp-content\/uploads\/2025\/01\/vitra-occasional-table-chrom-weiss-2NymGkJLgu0Vpx.jpg\" alt=\"Dieser Beistelltisch macht auch im 3er-Pack eine gute Figur. Mit dem Vitra Occasional Table LTR haben Charles und Ray Eames einen echten Klassiker kreiert.\" class=\"wp-image-21270\" title=\"\" srcset=\"https:\/\/raum-blick.de\/magazin\/wp-content\/uploads\/2025\/01\/vitra-occasional-table-chrom-weiss-2NymGkJLgu0Vpx.jpg 990w, https:\/\/raum-blick.de\/magazin\/wp-content\/uploads\/2025\/01\/vitra-occasional-table-chrom-weiss-2NymGkJLgu0Vpx-300x300.jpg 300w, https:\/\/raum-blick.de\/magazin\/wp-content\/uploads\/2025\/01\/vitra-occasional-table-chrom-weiss-2NymGkJLgu0Vpx-150x150.jpg 150w, https:\/\/raum-blick.de\/magazin\/wp-content\/uploads\/2025\/01\/vitra-occasional-table-chrom-weiss-2NymGkJLgu0Vpx-768x768.jpg 768w\" sizes=\"(max-width: 990px) 100vw, 990px\" \/><\/figure>\n<figcaption class=\"blocks-gallery-caption wp-element-caption\"><em>Wir lieben diesen kleinen, variablen Eames-Klassiker. Charles und Ray Eames haben den Beistelltisch in ihrem Haus selbst vielfach eingesetzt \u2013 einzeln oder in Gruppen. Und vielleicht hat er ja bei Ihnen auch bald ein Zuhause. Sie haben die Wahl zwischen einer Multiplex-Platte mit HPL-Beschichtung, Holzplatten in Nu\u00dfbaum oder ge\u00f6lter Eiche oder aber Marmor. Jeweils mit Chrom- oder schwarzem Gestell. <\/em><\/figcaption><\/figure>\n\n\n\n<h2 class=\"wp-block-heading\"><span class=\"ez-toc-section\" id=\"Al_Wood_von_Kartell_Eine_Symbiose_aus_Natur_und_Design\"><\/span>Al Wood von Kartell: Eine Symbiose aus Natur und Design<span class=\"ez-toc-section-end\"><\/span><\/h2>\n\n\n\n<p>Ein weiteres bemerkenswertes Beispiel ist der <a href=\"https:\/\/www.raum-blick.de\/kartell-al-wood-beistelltisch\">formsch\u00f6ne Al Wood von Kartell<\/a>. Dieser Tisch kombiniert Aluminium mit einer Holzoberfl\u00e4che und vereint so moderne Materialien mit einem nat\u00fcrlichen Look. Das klare Design macht ihn zum idealen Begleiter f\u00fcr verschiedenste Einrichtungsstile. Und die gebogene Tischplatte sorgt daf\u00fcr, dass nichts herunterfallen oder -tropfen kann. Ein kleines Malheur ist schlie\u00dflich schnell mal passiert. <\/p>\n\n\n\n<figure class=\"wp-block-gallery has-nested-images columns-default is-cropped wp-block-gallery-4 is-layout-flex wp-block-gallery-is-layout-flex\">\n<figure class=\"wp-block-image size-large\"><a href=\"https:\/\/www.raum-blick.de\/kartell-al-wood-beistelltisch\"><img loading=\"lazy\" decoding=\"async\" width=\"1024\" height=\"1024\" data-id=\"21244\" src=\"https:\/\/www.raum-blick.de\/magazin\/wp-content\/uploads\/2025\/01\/kartell-al-wood-beistelltisch-amb1_90652-1024x1024.jpg\" alt=\"Der Kartell Al Wook Beistelltisch f\u00fchlt sich in jedem Ambiente wohl. \" class=\"wp-image-21244\" title=\"\" srcset=\"https:\/\/raum-blick.de\/magazin\/wp-content\/uploads\/2025\/01\/kartell-al-wood-beistelltisch-amb1_90652-1024x1024.jpg 1024w, https:\/\/raum-blick.de\/magazin\/wp-content\/uploads\/2025\/01\/kartell-al-wood-beistelltisch-amb1_90652-300x300.jpg 300w, https:\/\/raum-blick.de\/magazin\/wp-content\/uploads\/2025\/01\/kartell-al-wood-beistelltisch-amb1_90652-150x150.jpg 150w, https:\/\/raum-blick.de\/magazin\/wp-content\/uploads\/2025\/01\/kartell-al-wood-beistelltisch-amb1_90652-768x768.jpg 768w, https:\/\/raum-blick.de\/magazin\/wp-content\/uploads\/2025\/01\/kartell-al-wood-beistelltisch-amb1_90652.jpg 1500w\" sizes=\"(max-width: 1024px) 100vw, 1024px\" \/><\/a><\/figure>\n\n\n\n<figure class=\"wp-block-image size-large\"><a href=\"https:\/\/www.raum-blick.de\/kartell-al-wood-beistelltisch\"><img loading=\"lazy\" decoding=\"async\" width=\"1024\" height=\"1024\" data-id=\"21241\" src=\"https:\/\/www.raum-blick.de\/magazin\/wp-content\/uploads\/2025\/01\/kartell-al-wood-beistelltisch-buche-esche-hell-verchrfreisteller1_90645-1024x1024.jpg\" alt=\"Eine gebogene Tischplatte aus Holz und ein filigranes Chromgestell \u2013 mehr braucht es nicht und schon sind wir schockverliebt in den Kartell Al Wood Beistelltisch.\" class=\"wp-image-21241\" title=\"\" srcset=\"https:\/\/raum-blick.de\/magazin\/wp-content\/uploads\/2025\/01\/kartell-al-wood-beistelltisch-buche-esche-hell-verchrfreisteller1_90645-1024x1024.jpg 1024w, https:\/\/raum-blick.de\/magazin\/wp-content\/uploads\/2025\/01\/kartell-al-wood-beistelltisch-buche-esche-hell-verchrfreisteller1_90645-300x300.jpg 300w, https:\/\/raum-blick.de\/magazin\/wp-content\/uploads\/2025\/01\/kartell-al-wood-beistelltisch-buche-esche-hell-verchrfreisteller1_90645-150x150.jpg 150w, https:\/\/raum-blick.de\/magazin\/wp-content\/uploads\/2025\/01\/kartell-al-wood-beistelltisch-buche-esche-hell-verchrfreisteller1_90645-768x768.jpg 768w, https:\/\/raum-blick.de\/magazin\/wp-content\/uploads\/2025\/01\/kartell-al-wood-beistelltisch-buche-esche-hell-verchrfreisteller1_90645.jpg 1500w\" sizes=\"(max-width: 1024px) 100vw, 1024px\" \/><\/a><\/figure>\n\n\n\n<figure class=\"wp-block-image size-large\"><a href=\"https:\/\/www.raum-blick.de\/kartell-al-wood-beistelltisch\"><img loading=\"lazy\" decoding=\"async\" width=\"1024\" height=\"1024\" data-id=\"21240\" src=\"https:\/\/www.raum-blick.de\/magazin\/wp-content\/uploads\/2025\/01\/kartell-al-wood-beistelltisch-amb2_90653-1024x1024.jpg\" alt=\"Mit dem Kartell Al Wood Beistelltisch wird&#039;s gleich noch gem\u00fctlicher. \" class=\"wp-image-21240\" title=\"\" srcset=\"https:\/\/raum-blick.de\/magazin\/wp-content\/uploads\/2025\/01\/kartell-al-wood-beistelltisch-amb2_90653-1024x1024.jpg 1024w, https:\/\/raum-blick.de\/magazin\/wp-content\/uploads\/2025\/01\/kartell-al-wood-beistelltisch-amb2_90653-300x300.jpg 300w, https:\/\/raum-blick.de\/magazin\/wp-content\/uploads\/2025\/01\/kartell-al-wood-beistelltisch-amb2_90653-150x150.jpg 150w, https:\/\/raum-blick.de\/magazin\/wp-content\/uploads\/2025\/01\/kartell-al-wood-beistelltisch-amb2_90653-768x768.jpg 768w, https:\/\/raum-blick.de\/magazin\/wp-content\/uploads\/2025\/01\/kartell-al-wood-beistelltisch-amb2_90653.jpg 1500w\" sizes=\"(max-width: 1024px) 100vw, 1024px\" \/><\/a><\/figure>\n<figcaption class=\"blocks-gallery-caption wp-element-caption\"><em>Er ist einfach herrlich wandlungsf\u00e4hig, der Kartell Al Wood Beistelltisch. Und wie Sie sehen f\u00fchlt er sich in einer modernen Umgebung genauso wohl wie in einer rustikalen und versteht sich auch mit einem Modell anderer Marken pr\u00e4chtig wie im Bild links mit dem Prince AHA von Kartell. <\/em><\/figcaption><\/figure>\n\n\n\n<h2 class=\"wp-block-heading\"><span class=\"ez-toc-section\" id=\"Marken_im_Fokus_Kartell_und_Fermob\"><\/span>Marken im Fokus: Kartell und Fermob<span class=\"ez-toc-section-end\"><\/span><\/h2>\n\n\n\n<h3 class=\"wp-block-heading\"><span class=\"ez-toc-section\" id=\"Kartell_Innovation_trifft_auf_Eleganz\"><\/span>Kartell: Innovation trifft auf Eleganz<span class=\"ez-toc-section-end\"><\/span><\/h3>\n\n\n\n<p>Das italienische Label Kartell ist f\u00fcr seine innovativen Designs bekannt. Mit einer Vielzahl von Produkten aus Kunststoff hat die Marke das Konzept des modernen M\u00f6beldesigns revolutioniert. Die Kombination aus Funktionalit\u00e4t und \u00c4sthetik macht Kartell-M\u00f6bel zu einem Must-have in jedem modernen Zuhause. Der zeitlos moderne Prince AHA Hocker ist hierf\u00fcr ein sch\u00f6nes Beispiel: praktischer Sitzplatz und kleiner Beistelltisch in einem. Einfach ein perfektes Accessoire f\u00fcr jedes Zimmer.<\/p>\n\n\n\n<figure class=\"wp-block-gallery has-nested-images columns-default is-cropped wp-block-gallery-5 is-layout-flex wp-block-gallery-is-layout-flex\">\n<figure class=\"wp-block-image size-large\"><a href=\"https:\/\/www.raum-blick.de\/kartell-prince-aha-hocker\"><img loading=\"lazy\" decoding=\"async\" width=\"1024\" height=\"1024\" data-id=\"21223\" src=\"https:\/\/www.raum-blick.de\/magazin\/wp-content\/uploads\/2025\/01\/kartell-prince-aha-hocker-ambiente_83249-1024x1024.jpg\" alt=\"Beistelltisch oder Hocker? Ganz wie Sie m\u00f6gen. Der Prince AHA von Kartell ist farbenfroh und vielseitig. \" class=\"wp-image-21223\" title=\"\" srcset=\"https:\/\/raum-blick.de\/magazin\/wp-content\/uploads\/2025\/01\/kartell-prince-aha-hocker-ambiente_83249-1024x1024.jpg 1024w, https:\/\/raum-blick.de\/magazin\/wp-content\/uploads\/2025\/01\/kartell-prince-aha-hocker-ambiente_83249-300x300.jpg 300w, https:\/\/raum-blick.de\/magazin\/wp-content\/uploads\/2025\/01\/kartell-prince-aha-hocker-ambiente_83249-150x150.jpg 150w, https:\/\/raum-blick.de\/magazin\/wp-content\/uploads\/2025\/01\/kartell-prince-aha-hocker-ambiente_83249-768x768.jpg 768w, https:\/\/raum-blick.de\/magazin\/wp-content\/uploads\/2025\/01\/kartell-prince-aha-hocker-ambiente_83249.jpg 1500w\" sizes=\"(max-width: 1024px) 100vw, 1024px\" \/><\/a><\/figure>\n\n\n\n<figure class=\"wp-block-image size-large\"><a href=\"https:\/\/www.raum-blick.de\/kartell-prince-aha-hocker\"><img loading=\"lazy\" decoding=\"async\" width=\"1024\" height=\"1024\" data-id=\"21225\" src=\"https:\/\/www.raum-blick.de\/magazin\/wp-content\/uploads\/2025\/01\/kartell-prince-aha-hocker-lavendelgrau_74495YcyWcyOSn9EHK-1024x1024.jpg\" alt=\"Der Prince AHA Hocker von Kartell besteht aus zwei Kegeln, die an eine Sanduhr erinnern. \" class=\"wp-image-21225\" title=\"\" srcset=\"https:\/\/raum-blick.de\/magazin\/wp-content\/uploads\/2025\/01\/kartell-prince-aha-hocker-lavendelgrau_74495YcyWcyOSn9EHK-1024x1024.jpg 1024w, https:\/\/raum-blick.de\/magazin\/wp-content\/uploads\/2025\/01\/kartell-prince-aha-hocker-lavendelgrau_74495YcyWcyOSn9EHK-300x300.jpg 300w, https:\/\/raum-blick.de\/magazin\/wp-content\/uploads\/2025\/01\/kartell-prince-aha-hocker-lavendelgrau_74495YcyWcyOSn9EHK-150x150.jpg 150w, https:\/\/raum-blick.de\/magazin\/wp-content\/uploads\/2025\/01\/kartell-prince-aha-hocker-lavendelgrau_74495YcyWcyOSn9EHK-768x768.jpg 768w, https:\/\/raum-blick.de\/magazin\/wp-content\/uploads\/2025\/01\/kartell-prince-aha-hocker-lavendelgrau_74495YcyWcyOSn9EHK.jpg 1500w\" sizes=\"(max-width: 1024px) 100vw, 1024px\" \/><\/a><\/figure>\n<figcaption class=\"blocks-gallery-caption wp-element-caption\"><em>Mit dem Prince AHA Hocker hat Philippe Starck f\u00fcr Kartell ein ausgesprochen praktisches und farbenfrohes Wohnaccessoires entworfen, das Sie nat\u00fcrlich auch als Beistelltisch verwenden k\u00f6nnen. Die geometrische Form ist ein echter Hingucker und das thermoplastische Polymer f\u00fchlt sich tats\u00e4chlich ganz weich an. <\/em><\/figcaption><\/figure>\n\n\n\n<h3 class=\"wp-block-heading\"><span class=\"ez-toc-section\" id=\"Fermob_Farbe_trifft_auf_Outdoor-Design\"><\/span>Fermob: Farbe trifft auf Outdoor-Design<span class=\"ez-toc-section-end\"><\/span><\/h3>\n\n\n\n<p>Die Marke aus Frankreich hingegen ist spezialisiert auf farbenfrohe Gartenm\u00f6bel aus Metall. Fermob legt gro\u00dfen Wert auf Nachhaltigkeit und Qualit\u00e4t, was die Produkte besonders langlebig macht. Das Label bringt Farbe in jeden Au\u00dfenbereich und verwandelt G\u00e4rten und Terrassen in einladende Wohlf\u00fchl-Oasen. Die bunten Akzentsetzer f\u00fchlen sich aber auch in Innenr\u00e4umen sofort zu Hause. So wie der <a href=\"https:\/\/www.raum-blick.de\/fermob-cocotte-beistelltisch\">stylische Fermob Cocotte<\/a>, ein robuster Beistelltisch, den Sie in wundersch\u00f6nen knalligen oder zarten Pastellfarben bekommen. Er steht auch gerne als Hocker zur Verf\u00fcgung, falls die Sitzgelegenheiten bei der Gartenparty mal ausgehen.<\/p>\n\n\n\n<div class=\"wp-block-media-text alignwide is-stacked-on-mobile\"><figure class=\"wp-block-media-text__media\"><img loading=\"lazy\" decoding=\"async\" width=\"900\" height=\"900\" src=\"https:\/\/www.raum-blick.de\/magazin\/wp-content\/uploads\/2025\/01\/fermob-cocotte-tisch-anthrazit_58250.jpg\" alt=\"Die minimalistisch Stahlkonstruktion macht den  Fermob Cocotte Beistelltisch witterungsbest\u00e4ndig.\" class=\"wp-image-21237 size-full\" title=\"\" srcset=\"https:\/\/raum-blick.de\/magazin\/wp-content\/uploads\/2025\/01\/fermob-cocotte-tisch-anthrazit_58250.jpg 900w, https:\/\/raum-blick.de\/magazin\/wp-content\/uploads\/2025\/01\/fermob-cocotte-tisch-anthrazit_58250-300x300.jpg 300w, https:\/\/raum-blick.de\/magazin\/wp-content\/uploads\/2025\/01\/fermob-cocotte-tisch-anthrazit_58250-150x150.jpg 150w, https:\/\/raum-blick.de\/magazin\/wp-content\/uploads\/2025\/01\/fermob-cocotte-tisch-anthrazit_58250-768x768.jpg 768w\" sizes=\"(max-width: 900px) 100vw, 900px\" \/><\/figure><div class=\"wp-block-media-text__content\">\n<figure class=\"wp-block-image size-full\"><a href=\"https:\/\/www.raum-blick.de\/fermob-cocotte-beistelltisch\"><img loading=\"lazy\" decoding=\"async\" width=\"900\" height=\"900\" src=\"https:\/\/www.raum-blick.de\/magazin\/wp-content\/uploads\/2025\/01\/fermob-cocotte-beistelltisch-mohnrot-67_64172.jpg\" alt=\"Er ist einfach eine Augenweide, egal in welcher Farbe: der Fermob Cocotte Beistelltisch.\" class=\"wp-image-21236\" title=\"\" srcset=\"https:\/\/raum-blick.de\/magazin\/wp-content\/uploads\/2025\/01\/fermob-cocotte-beistelltisch-mohnrot-67_64172.jpg 900w, https:\/\/raum-blick.de\/magazin\/wp-content\/uploads\/2025\/01\/fermob-cocotte-beistelltisch-mohnrot-67_64172-300x300.jpg 300w, https:\/\/raum-blick.de\/magazin\/wp-content\/uploads\/2025\/01\/fermob-cocotte-beistelltisch-mohnrot-67_64172-150x150.jpg 150w, https:\/\/raum-blick.de\/magazin\/wp-content\/uploads\/2025\/01\/fermob-cocotte-beistelltisch-mohnrot-67_64172-768x768.jpg 768w\" sizes=\"(max-width: 900px) 100vw, 900px\" \/><\/a><\/figure>\n\n\n\n<figure class=\"wp-block-image size-full\"><a href=\"https:\/\/www.raum-blick.de\/fermob-cocotte-beistelltisch\"><img loading=\"lazy\" decoding=\"async\" width=\"900\" height=\"900\" src=\"https:\/\/www.raum-blick.de\/magazin\/wp-content\/uploads\/2025\/01\/fermob-cocotte-beistelltisch-honig-73_64165.jpg\" alt=\"Das fr\u00f6hliche Gelb hebt sofort die Stimmung und nat\u00fcrlich lassen sich auch alle Farben des Fermob Cocotte Tisches miteinander kombinieren.\" class=\"wp-image-21235\" title=\"\" srcset=\"https:\/\/raum-blick.de\/magazin\/wp-content\/uploads\/2025\/01\/fermob-cocotte-beistelltisch-honig-73_64165.jpg 900w, https:\/\/raum-blick.de\/magazin\/wp-content\/uploads\/2025\/01\/fermob-cocotte-beistelltisch-honig-73_64165-300x300.jpg 300w, https:\/\/raum-blick.de\/magazin\/wp-content\/uploads\/2025\/01\/fermob-cocotte-beistelltisch-honig-73_64165-150x150.jpg 150w, https:\/\/raum-blick.de\/magazin\/wp-content\/uploads\/2025\/01\/fermob-cocotte-beistelltisch-honig-73_64165-768x768.jpg 768w\" sizes=\"(max-width: 900px) 100vw, 900px\" \/><\/a><\/figure>\n\n\n\n<p><em>Das sind nur drei von unendlich vielen Farben, in denen es den Fermob Cocotte Beistelltisch gibt. Ein In- und Outdoor Allrounder.<\/em><\/p>\n<\/div><\/div>\n\n\n\n<h2 class=\"wp-block-heading\"><span class=\"ez-toc-section\" id=\"Outdoor-Beistelltische_Stilvoll_im_Freien_entspannen\"><\/span>Outdoor-Beistelltische: Stilvoll im Freien entspannen<span class=\"ez-toc-section-end\"><\/span><\/h2>\n\n\n\n<p>Wetterfest und stilvoll, das sind die prim\u00e4ren Kriterien f\u00fcr Outdoor-Beistelltische. Aber sie sollen bittesch\u00f6n auch gut aussehen und mit Funktionalit\u00e4t gl\u00e4nzen. Schlie\u00dflich ist im Sommer drau\u00dfen unser zweites Wohnzimmer. Also her mit unkomplizierten, farbenfrohen Modellen wie dem Fermob Bistro-Tisch oder dem <a href=\"https:\/\/www.raum-blick.de\/fatboy-concrete-seat-hocker\">Fatboy Concrete Seat Hocker<\/a>, der urbanes Flair in den Au\u00dfen- und Innenbereich bringt. Er sieht aus wie ein Betonstein, ist mit 5,4 kg f\u00fcr seine Gr\u00f6\u00dfe aber unglaublich leicht. Wenn Sie die Unterseite abschrauben, k\u00f6nnen Sie ihn auch mit Sand f\u00fcllen und ihm so mehr Standfestigkeit verleihen. Und f\u00fcr mehr Sitzkomfort gibt&#8217;s f\u00fcr den Kunststoffklotz auch ein UV-best\u00e4ndiges, wasserdichtes und schmutzabweisendes Kissen in diversen Farben. &nbsp;<\/p>\n\n\n\n<figure class=\"wp-block-gallery has-nested-images columns-default is-cropped wp-block-gallery-6 is-layout-flex wp-block-gallery-is-layout-flex\">\n<figure class=\"wp-block-image size-large\"><a href=\"https:\/\/www.raum-blick.de\/fatboy-concrete-seat-hocker\"><img loading=\"lazy\" decoding=\"async\" width=\"1024\" height=\"1024\" data-id=\"21267\" src=\"https:\/\/www.raum-blick.de\/magazin\/wp-content\/uploads\/2025\/01\/fatboy-concrete-seat-kissen_801042eieanYWsBm3q-1024x1024.jpg\" alt=\"Einfach schlicht-sch\u00f6n: der Fatboy Concrete Seat Hocker. \" class=\"wp-image-21267\" title=\"\" srcset=\"https:\/\/raum-blick.de\/magazin\/wp-content\/uploads\/2025\/01\/fatboy-concrete-seat-kissen_801042eieanYWsBm3q-1024x1024.jpg 1024w, https:\/\/raum-blick.de\/magazin\/wp-content\/uploads\/2025\/01\/fatboy-concrete-seat-kissen_801042eieanYWsBm3q-300x300.jpg 300w, https:\/\/raum-blick.de\/magazin\/wp-content\/uploads\/2025\/01\/fatboy-concrete-seat-kissen_801042eieanYWsBm3q-150x150.jpg 150w, https:\/\/raum-blick.de\/magazin\/wp-content\/uploads\/2025\/01\/fatboy-concrete-seat-kissen_801042eieanYWsBm3q-768x768.jpg 768w, https:\/\/raum-blick.de\/magazin\/wp-content\/uploads\/2025\/01\/fatboy-concrete-seat-kissen_801042eieanYWsBm3q.jpg 1080w\" sizes=\"(max-width: 1024px) 100vw, 1024px\" \/><\/a><\/figure>\n\n\n\n<figure class=\"wp-block-image size-large\"><a href=\"https:\/\/www.raum-blick.de\/fatboy-concrete-seat-hocker\"><img loading=\"lazy\" decoding=\"async\" width=\"1024\" height=\"1024\" data-id=\"21266\" src=\"https:\/\/www.raum-blick.de\/magazin\/wp-content\/uploads\/2025\/01\/fatboy-concrete-sitzkissen_96737-1024x1024.jpg\" alt=\"Nimm 2! Der Fatboy Concrete Seat kommt gerne in verschiedenen Farben auch im Doppelpack daher.\" class=\"wp-image-21266\" title=\"\" srcset=\"https:\/\/raum-blick.de\/magazin\/wp-content\/uploads\/2025\/01\/fatboy-concrete-sitzkissen_96737-1024x1024.jpg 1024w, https:\/\/raum-blick.de\/magazin\/wp-content\/uploads\/2025\/01\/fatboy-concrete-sitzkissen_96737-300x300.jpg 300w, https:\/\/raum-blick.de\/magazin\/wp-content\/uploads\/2025\/01\/fatboy-concrete-sitzkissen_96737-150x150.jpg 150w, https:\/\/raum-blick.de\/magazin\/wp-content\/uploads\/2025\/01\/fatboy-concrete-sitzkissen_96737-768x768.jpg 768w, https:\/\/raum-blick.de\/magazin\/wp-content\/uploads\/2025\/01\/fatboy-concrete-sitzkissen_96737.jpg 1300w\" sizes=\"(max-width: 1024px) 100vw, 1024px\" \/><\/a><\/figure>\n\n\n\n<figure class=\"wp-block-image size-large\"><a href=\"https:\/\/www.raum-blick.de\/fatboy-concrete-seat-hocker\"><img loading=\"lazy\" decoding=\"async\" width=\"1024\" height=\"1024\" data-id=\"21265\" src=\"https:\/\/www.raum-blick.de\/magazin\/wp-content\/uploads\/2025\/01\/fatboy-concrete-seat-pillow-weave-honey-mit-hocker_96736-1024x1024.jpg\" alt=\"Mit dem optional erh\u00e4ltlichen Sitzkissen wird der Fatboy Concrete Seat gleich noch mal ein bisschen bequemer.\" class=\"wp-image-21265\" title=\"\" srcset=\"https:\/\/raum-blick.de\/magazin\/wp-content\/uploads\/2025\/01\/fatboy-concrete-seat-pillow-weave-honey-mit-hocker_96736-1024x1024.jpg 1024w, https:\/\/raum-blick.de\/magazin\/wp-content\/uploads\/2025\/01\/fatboy-concrete-seat-pillow-weave-honey-mit-hocker_96736-300x300.jpg 300w, https:\/\/raum-blick.de\/magazin\/wp-content\/uploads\/2025\/01\/fatboy-concrete-seat-pillow-weave-honey-mit-hocker_96736-150x150.jpg 150w, https:\/\/raum-blick.de\/magazin\/wp-content\/uploads\/2025\/01\/fatboy-concrete-seat-pillow-weave-honey-mit-hocker_96736-768x768.jpg 768w, https:\/\/raum-blick.de\/magazin\/wp-content\/uploads\/2025\/01\/fatboy-concrete-seat-pillow-weave-honey-mit-hocker_96736.jpg 1300w\" sizes=\"(max-width: 1024px) 100vw, 1024px\" \/><\/a><\/figure>\n<figcaption class=\"blocks-gallery-caption wp-element-caption\">Ob mit oder ohne Sitzkissen, der Fatboy Concrete Seat macht \u00fcberall eine gute Figur und passt in seiner schlichten, kubistischen Form zu jedem Style. Den handlichen, leichten \u201eBetonstein&#8220; gibt&#8217;s bei uns in sechs Farben. Sie haben also die Qual der Wahl.<\/figcaption><\/figure>\n\n\n\n<h2 class=\"wp-block-heading\"><span class=\"ez-toc-section\" id=\"Noch_mehr_unwiderstehliche_Beistelltisch-Modelle\"><\/span>Noch mehr unwiderstehliche Beistelltisch-Modelle<span class=\"ez-toc-section-end\"><\/span><\/h2>\n\n\n\n<h3 class=\"wp-block-heading\"><span class=\"ez-toc-section\" id=\"ferm_LIVING_Plant_Box_geraeumiges_Multitalent\"><\/span>ferm LIVING Plant Box: ger\u00e4umiges Multitalent<span class=\"ez-toc-section-end\"><\/span><\/h3>\n\n\n\n<p>Ja, die minimalistisch designte ferm LIVING Plant Box ist ein Pflanzenbeh\u00e4lter. Und noch viel mehr, wenn Sie wollen. Mit dem passenden Holztablett, machen Sie sie zum Stauraum f\u00fcr B\u00fccher, Kissen oder was auch immer und nat\u00fcrlich auch zum Beistelltisch. Ihrer Fantasie sind keine Grenzen gesetzt, denn die Plant Box-Familie besteht gleich aus mehreren Modellen. Ihnen allen gemein ist, dass sie sich nahtlos in jede Einrichtung einf\u00fcgen.<\/p>\n\n\n\n<figure class=\"wp-block-gallery has-nested-images columns-default is-cropped wp-block-gallery-7 is-layout-flex wp-block-gallery-is-layout-flex\">\n<figure class=\"wp-block-image size-large\"><a href=\"https:\/\/www.raum-blick.de\/ferm-living-plant-box-large\"><img loading=\"lazy\" decoding=\"async\" width=\"1024\" height=\"1024\" data-id=\"21220\" src=\"https:\/\/www.raum-blick.de\/magazin\/wp-content\/uploads\/2025\/01\/plant-box-ferm-living-tray-for-plant-box-cashmere_50947FJ1Lz9YyM2VFY-1024x1024.jpg\" alt=\"Plant Box Large von ferm LIVING macht sich auch als Beistelltisch ausgesprochen gut. \" class=\"wp-image-21220\" title=\"\" srcset=\"https:\/\/raum-blick.de\/magazin\/wp-content\/uploads\/2025\/01\/plant-box-ferm-living-tray-for-plant-box-cashmere_50947FJ1Lz9YyM2VFY-1024x1024.jpg 1024w, https:\/\/raum-blick.de\/magazin\/wp-content\/uploads\/2025\/01\/plant-box-ferm-living-tray-for-plant-box-cashmere_50947FJ1Lz9YyM2VFY-300x300.jpg 300w, https:\/\/raum-blick.de\/magazin\/wp-content\/uploads\/2025\/01\/plant-box-ferm-living-tray-for-plant-box-cashmere_50947FJ1Lz9YyM2VFY-150x150.jpg 150w, https:\/\/raum-blick.de\/magazin\/wp-content\/uploads\/2025\/01\/plant-box-ferm-living-tray-for-plant-box-cashmere_50947FJ1Lz9YyM2VFY-768x768.jpg 768w, https:\/\/raum-blick.de\/magazin\/wp-content\/uploads\/2025\/01\/plant-box-ferm-living-tray-for-plant-box-cashmere_50947FJ1Lz9YyM2VFY.jpg 1500w\" sizes=\"(max-width: 1024px) 100vw, 1024px\" \/><\/a><\/figure>\n\n\n\n<figure class=\"wp-block-image size-large\"><a href=\"https:\/\/www.raum-blick.de\/ferm-living-plant-box-large\"><img loading=\"lazy\" decoding=\"async\" width=\"1024\" height=\"1024\" data-id=\"21218\" src=\"https:\/\/www.raum-blick.de\/magazin\/wp-content\/uploads\/2025\/01\/plant-box-outdoor-ferm-living-schwarz_50946Dj1REQdEBxf8e-1024x1024.jpg\" alt=\"Pflanzen raus, Deckel drauf und schon wird aus der Plant Box ein Tisch. Praktisch, oder?\" class=\"wp-image-21218\" title=\"\" srcset=\"https:\/\/raum-blick.de\/magazin\/wp-content\/uploads\/2025\/01\/plant-box-outdoor-ferm-living-schwarz_50946Dj1REQdEBxf8e-1024x1024.jpg 1024w, https:\/\/raum-blick.de\/magazin\/wp-content\/uploads\/2025\/01\/plant-box-outdoor-ferm-living-schwarz_50946Dj1REQdEBxf8e-300x300.jpg 300w, https:\/\/raum-blick.de\/magazin\/wp-content\/uploads\/2025\/01\/plant-box-outdoor-ferm-living-schwarz_50946Dj1REQdEBxf8e-150x150.jpg 150w, https:\/\/raum-blick.de\/magazin\/wp-content\/uploads\/2025\/01\/plant-box-outdoor-ferm-living-schwarz_50946Dj1REQdEBxf8e-768x768.jpg 768w, https:\/\/raum-blick.de\/magazin\/wp-content\/uploads\/2025\/01\/plant-box-outdoor-ferm-living-schwarz_50946Dj1REQdEBxf8e.jpg 1500w\" sizes=\"(max-width: 1024px) 100vw, 1024px\" \/><\/a><\/figure>\n<figcaption class=\"blocks-gallery-caption wp-element-caption\"><em>Der Klassiker von ferm LIVING in der Large-Version. Mit einem dekorativen, optional erh\u00e4ltlichen Holztablett, dessen Maserung einen sch\u00f6nen Kontrast zum Stahl der Plant Box bildet, machen Sie aus der Pflanzenbox ganz fix einen Beistelltisch mit Stauraum. Das er\u00f6ffnet ganz neue Gestaltungsoptionen. Super, oder?<\/em><\/figcaption><\/figure>\n\n\n\n<h3 class=\"wp-block-heading\"><span class=\"ez-toc-section\" id=\"ferm_LIVING_Isola_organische_Formen_und_praktischer_Twist\"><\/span>ferm LIVING Isola: organische Formen und praktischer Twist<span class=\"ez-toc-section-end\"><\/span><\/h3>\n\n\n\n<p>Eine 2-in-1-L\u00f6sung, die nicht nur optisch \u00fcberzeugt. In dem sanft geschwungenen Rattan-Tisch l\u00e4sst sich n\u00e4mlich auch jede Menge verstauen. Denn der Deckel des <a href=\"https:\/\/www.raum-blick.de\/ferm-living-isola-beistelltisch\">formsch\u00f6nen Isola-Tisches von ferm LIVING<\/a> ist abnehmbar. Und im Innern ist reichlich Platz f\u00fcr Spielsachen, Socken, Schals oder M\u00fctzen. Auf alle F\u00e4lle sorgt dieser Tisch im Nu f\u00fcr Ordnung. Er ist \u00fcbrigens auch f\u00fcr drau\u00dfen geeignet.<\/p>\n\n\n\n<div class=\"wp-block-media-text alignwide has-media-on-the-right is-stacked-on-mobile\"><div class=\"wp-block-media-text__content\">\n<figure class=\"wp-block-image size-large\"><a href=\"https:\/\/www.raum-blick.de\/ferm-living-isola-beistelltisch\"><img loading=\"lazy\" decoding=\"async\" width=\"1024\" height=\"1024\" src=\"https:\/\/www.raum-blick.de\/magazin\/wp-content\/uploads\/2025\/01\/ferm-living-isola-storage-table-verso-karaffe_81555Ezj1nhTFyldAK-1024x1024.jpg\" alt=\"Sanft gerundet, mit Deckel und Stauraum: ferm LIVING Isola ist ein Beistelltisch mit Mehrwert.\" class=\"wp-image-21232\" title=\"\" srcset=\"https:\/\/raum-blick.de\/magazin\/wp-content\/uploads\/2025\/01\/ferm-living-isola-storage-table-verso-karaffe_81555Ezj1nhTFyldAK-1024x1024.jpg 1024w, https:\/\/raum-blick.de\/magazin\/wp-content\/uploads\/2025\/01\/ferm-living-isola-storage-table-verso-karaffe_81555Ezj1nhTFyldAK-300x300.jpg 300w, https:\/\/raum-blick.de\/magazin\/wp-content\/uploads\/2025\/01\/ferm-living-isola-storage-table-verso-karaffe_81555Ezj1nhTFyldAK-150x150.jpg 150w, https:\/\/raum-blick.de\/magazin\/wp-content\/uploads\/2025\/01\/ferm-living-isola-storage-table-verso-karaffe_81555Ezj1nhTFyldAK-768x768.jpg 768w, https:\/\/raum-blick.de\/magazin\/wp-content\/uploads\/2025\/01\/ferm-living-isola-storage-table-verso-karaffe_81555Ezj1nhTFyldAK.jpg 1080w\" sizes=\"(max-width: 1024px) 100vw, 1024px\" \/><\/a><\/figure>\n\n\n\n<figure class=\"wp-block-image size-large\"><a href=\"https:\/\/www.raum-blick.de\/ferm-living-isola-beistelltisch\"><img loading=\"lazy\" decoding=\"async\" width=\"1024\" height=\"1024\" src=\"https:\/\/www.raum-blick.de\/magazin\/wp-content\/uploads\/2025\/01\/ferm-living-isola-storage-table_81554QdHPj90fRTAZg-1024x1024.jpg\" alt=\"ferm LIVING Isola macht sich auch als Nachttisch gut und gibt jedem Raum eine Extraportion W\u00e4rme.\" class=\"wp-image-21233\" title=\"\" srcset=\"https:\/\/raum-blick.de\/magazin\/wp-content\/uploads\/2025\/01\/ferm-living-isola-storage-table_81554QdHPj90fRTAZg-1024x1024.jpg 1024w, https:\/\/raum-blick.de\/magazin\/wp-content\/uploads\/2025\/01\/ferm-living-isola-storage-table_81554QdHPj90fRTAZg-300x300.jpg 300w, https:\/\/raum-blick.de\/magazin\/wp-content\/uploads\/2025\/01\/ferm-living-isola-storage-table_81554QdHPj90fRTAZg-150x150.jpg 150w, https:\/\/raum-blick.de\/magazin\/wp-content\/uploads\/2025\/01\/ferm-living-isola-storage-table_81554QdHPj90fRTAZg-768x768.jpg 768w, https:\/\/raum-blick.de\/magazin\/wp-content\/uploads\/2025\/01\/ferm-living-isola-storage-table_81554QdHPj90fRTAZg.jpg 1080w\" sizes=\"(max-width: 1024px) 100vw, 1024px\" \/><\/a><\/figure>\n\n\n\n<p><em>Mit dem multifunktionalen Isola-Tisch hat das d\u00e4nische Label ferm LIVING eine wunderbare Aufbewahrungsm\u00f6glichkeit geschaffen. <\/em><\/p>\n<\/div><figure class=\"wp-block-media-text__media\"><a href=\"https:\/\/www.raum-blick.de\/ferm-living-isola-beistelltisch\"><img loading=\"lazy\" decoding=\"async\" width=\"1024\" height=\"1024\" src=\"https:\/\/www.raum-blick.de\/magazin\/wp-content\/uploads\/2025\/01\/ferm-living-isola-saufbewahrung-deckel_81557jQamR4KTJQtRO-1024x1024.jpg\" alt=\"ferm LIVING Isola ist ein praktischer, kleiner Ordnungsh\u00fcter. Dem Deckel sei Dank!\" class=\"wp-image-21231 size-full\" title=\"\" srcset=\"https:\/\/raum-blick.de\/magazin\/wp-content\/uploads\/2025\/01\/ferm-living-isola-saufbewahrung-deckel_81557jQamR4KTJQtRO-1024x1024.jpg 1024w, https:\/\/raum-blick.de\/magazin\/wp-content\/uploads\/2025\/01\/ferm-living-isola-saufbewahrung-deckel_81557jQamR4KTJQtRO-300x300.jpg 300w, https:\/\/raum-blick.de\/magazin\/wp-content\/uploads\/2025\/01\/ferm-living-isola-saufbewahrung-deckel_81557jQamR4KTJQtRO-150x150.jpg 150w, https:\/\/raum-blick.de\/magazin\/wp-content\/uploads\/2025\/01\/ferm-living-isola-saufbewahrung-deckel_81557jQamR4KTJQtRO-768x768.jpg 768w, https:\/\/raum-blick.de\/magazin\/wp-content\/uploads\/2025\/01\/ferm-living-isola-saufbewahrung-deckel_81557jQamR4KTJQtRO.jpg 1500w\" sizes=\"(max-width: 1024px) 100vw, 1024px\" \/><\/a><\/figure><\/div>\n\n\n\n<h3 class=\"wp-block-heading\"><span class=\"ez-toc-section\" id=\"PUR_Beistelltisch_von_Jan_Kurtz_schlicht_und_hochwertig\"><\/span>PUR Beistelltisch von Jan Kurtz: schlicht und hochwertig <span class=\"ez-toc-section-end\"><\/span><\/h3>\n\n\n\n<p>Elegant, minimalistisch, \u00e4sthetisch \u2013 der <a href=\"https:\/\/www.raum-blick.de\/detail\/index\/sArticle\/63998\">smarte PUR Beistelltisch von Jan Kurtz<\/a> hat alles, was Design-Liebhaber sch\u00e4tzen. Der matte pulverbeschichtete Stahl wirkt wie aus einem Guss. Gestell und Tischplatte gehen nahtlos ineinander \u00fcber.  Das praktische 2er-Set mit 35 und 40 cm H\u00f6he gibt es in Taupe oder dem derzeit wieder mega angesagten Wei\u00df. Und das Set bringt noch eine ganz besondere Komponente mit, denn es geh\u00f6rt zu den Produkten der Share 10 Charity-Aktion von Jan Kurtz. 18 Euro vom Kauf kommen dem Verein \u201eKleine Helden\u201c zugute, der Familien mit chronisch kranken und behinderten Kindern unterst\u00fctzt. Sch\u00f6ne Sache, finden Sie nicht auch? Um nicht zu sagen \u201edoppelt sch\u00f6n&#8220;.<\/p>\n\n\n\n<figure class=\"wp-block-gallery has-nested-images columns-default is-cropped wp-block-gallery-8 is-layout-flex wp-block-gallery-is-layout-flex\">\n<figure class=\"wp-block-image size-large\"><a href=\"https:\/\/www.raum-blick.de\/jan-kurtz-pur-beistelltisch\"><img loading=\"lazy\" decoding=\"async\" width=\"600\" height=\"600\" data-id=\"21227\" src=\"https:\/\/www.raum-blick.de\/magazin\/wp-content\/uploads\/2025\/01\/jan-kurtz-pur-beistelltisch-set-491549_56069.jpg\" alt=\"PUR von Jan Kurtz gibt&#039;s im praktischen Doppelpack.\" class=\"wp-image-21227\" title=\"\" srcset=\"https:\/\/raum-blick.de\/magazin\/wp-content\/uploads\/2025\/01\/jan-kurtz-pur-beistelltisch-set-491549_56069.jpg 600w, https:\/\/raum-blick.de\/magazin\/wp-content\/uploads\/2025\/01\/jan-kurtz-pur-beistelltisch-set-491549_56069-300x300.jpg 300w, https:\/\/raum-blick.de\/magazin\/wp-content\/uploads\/2025\/01\/jan-kurtz-pur-beistelltisch-set-491549_56069-150x150.jpg 150w\" sizes=\"(max-width: 600px) 100vw, 600px\" \/><\/a><\/figure>\n\n\n\n<figure class=\"wp-block-image size-large\"><a href=\"https:\/\/www.raum-blick.de\/jan-kurtz-pur-beistelltisch\"><img loading=\"lazy\" decoding=\"async\" width=\"1024\" height=\"1024\" data-id=\"21226\" src=\"https:\/\/www.raum-blick.de\/magazin\/wp-content\/uploads\/2025\/01\/jan-kurtz-pur-beistelltisch_56066-1024x1024.jpg\" alt=\"Der Jan Kurtz PUR-Beistelltisch ist doppelt gut. Denn er geh\u00f6rt zu den Produkten der Share 10 Charity-Aktion.\" class=\"wp-image-21226\" title=\"\" srcset=\"https:\/\/raum-blick.de\/magazin\/wp-content\/uploads\/2025\/01\/jan-kurtz-pur-beistelltisch_56066-1024x1024.jpg 1024w, https:\/\/raum-blick.de\/magazin\/wp-content\/uploads\/2025\/01\/jan-kurtz-pur-beistelltisch_56066-300x300.jpg 300w, https:\/\/raum-blick.de\/magazin\/wp-content\/uploads\/2025\/01\/jan-kurtz-pur-beistelltisch_56066-150x150.jpg 150w, https:\/\/raum-blick.de\/magazin\/wp-content\/uploads\/2025\/01\/jan-kurtz-pur-beistelltisch_56066-768x768.jpg 768w, https:\/\/raum-blick.de\/magazin\/wp-content\/uploads\/2025\/01\/jan-kurtz-pur-beistelltisch_56066.jpg 1500w\" sizes=\"(max-width: 1024px) 100vw, 1024px\" \/><\/a><\/figure>\n<figcaption class=\"blocks-gallery-caption wp-element-caption\"><em>Angesagtes Wei\u00df oder doch lieber Taupe? F\u00fcr welche Farbe Sie sich auch entscheiden, mit dem Kauf dieses PUR 2er-Sets tun Sie nicht nur sich etwas Gutes, Sie unterst\u00fctzen auch die Jan Kurtz Charity-Aktion f\u00fcr den Verein \u201eKleine Helden&#8220;. <\/em><\/figcaption><\/figure>\n\n\n\n<hr class=\"wp-block-separator has-alpha-channel-opacity\"\/>\n\n\n\n<h2 class=\"wp-block-heading\"><span class=\"ez-toc-section\" id=\"Kleine_Tische_mit_grosser_Wirkung\"><\/span>Kleine Tische mit gro\u00dfer Wirkung<span class=\"ez-toc-section-end\"><\/span><\/h2>\n\n\n\n<p>Wie Sie sehen ist ein Beistelltisch ausgesprochen praktisch und multifunktional. Doch er ist noch viel mehr: n\u00e4mlich ein Ausdruck Ihres ganz pers\u00f6nlichen Stils und Ihrer Inneneinrichtungs-Kreativit\u00e4t. Achten Sie bei Ihrer Auswahl auf Gr\u00f6\u00dfe, Material und Design, dann finden Sie garantiert den perfekten Tisch f\u00fcr Ihr Zuhause!<\/p>\n\n\n\n<p>Ob drinnen oder drau\u00dfen \u2013 mit den richtigen Modellen setzen Sie Akzente in Ihrer Wohnung oder Ihrem Garten! Lassen Sie sich inspirieren von Marken wie Kartell oder Fermob sowie zeitlosen Klassikern wie dem Occasional Table LTR von Vitra!<\/p>\n\n\n\n<div class=\"wp-block-buttons is-content-justification-right is-layout-flex wp-container-core-buttons-is-layout-765c4724 wp-block-buttons-is-layout-flex\">\n<div class=\"wp-block-button\"><a class=\"wp-block-button__link has-white-color has-text-color wp-element-button\" href=\"https:\/\/www.raum-blick.de\/beistelltische\/\">Jetzt Ihren Lieblings-Allrounder shoppen!<\/a><\/div>\n<\/div>\n\n\n\n<p><\/p>\n","protected":false},"excerpt":{"rendered":"<p>\u00ab Vielseitiges, variables Platzsparwunder \u00bb Praktisch, stilvoll und unverzichtbar: Der Beistelltisch ist ein wahrer Tausendsassa. Und ein Tisch f\u00fcr viele Gelegenheiten, wie es die englische Bezeichnung Occasional Table treffend auf den Punkt bringt. Er ist da, wo er gebraucht wird. Bevorzugt im Wohnzimmer, macht aber auch in Flur, Schlafzimmer oder K\u00fcche eine gute Figur. Es [&hellip;]<\/p>\n","protected":false},"author":4,"featured_media":21244,"comment_status":"closed","ping_status":"open","sticky":false,"template":"","format":"standard","meta":{"_et_pb_use_builder":"","_et_pb_old_content":"","_et_gb_content_width":"","inline_featured_image":false,"footnotes":""},"categories":[7,6,1],"tags":[615,159,1714,2110,40,2297,206,2298,621,2296,1051,1919,2299,746,2295,2293,767,520,2294],"class_list":["post-21206","post","type-post","status-publish","format-standard","has-post-thumbnail","hentry","category-accessoires-lifestyle","category-draussen","category-drinnen","tag-beistelltisch","tag-beistelltische","tag-design-beistelltisch","tag-designermoebel","tag-fatboy","tag-fatboy-concrete-seat","tag-ferm-living","tag-ferm-living-isola","tag-fermob","tag-fermob-cocotte","tag-jan-kurtz","tag-jan-kurtz-design","tag-jan-kurtz-pur","tag-kartell","tag-kartell-al-wood","tag-occasional-table","tag-plant-box","tag-vitra","tag-vitra-occasional-table-ltr"],"_links":{"self":[{"href":"https:\/\/raum-blick.de\/magazin\/wp-json\/wp\/v2\/posts\/21206","targetHints":{"allow":["GET"]}}],"collection":[{"href":"https:\/\/raum-blick.de\/magazin\/wp-json\/wp\/v2\/posts"}],"about":[{"href":"https:\/\/raum-blick.de\/magazin\/wp-json\/wp\/v2\/types\/post"}],"author":[{"embeddable":true,"href":"https:\/\/raum-blick.de\/magazin\/wp-json\/wp\/v2\/users\/4"}],"replies":[{"embeddable":true,"href":"https:\/\/raum-blick.de\/magazin\/wp-json\/wp\/v2\/comments?post=21206"}],"version-history":[{"count":29,"href":"https:\/\/raum-blick.de\/magazin\/wp-json\/wp\/v2\/posts\/21206\/revisions"}],"predecessor-version":[{"id":21314,"href":"https:\/\/raum-blick.de\/magazin\/wp-json\/wp\/v2\/posts\/21206\/revisions\/21314"}],"wp:featuredmedia":[{"embeddable":true,"href":"https:\/\/raum-blick.de\/magazin\/wp-json\/wp\/v2\/media\/21244"}],"wp:attachment":[{"href":"https:\/\/raum-blick.de\/magazin\/wp-json\/wp\/v2\/media?parent=21206"}],"wp:term":[{"taxonomy":"category","embeddable":true,"href":"https:\/\/raum-blick.de\/magazin\/wp-json\/wp\/v2\/categories?post=21206"},{"taxonomy":"post_tag","embeddable":true,"href":"https:\/\/raum-blick.de\/magazin\/wp-json\/wp\/v2\/tags?post=21206"}],"curies":[{"name":"wp","href":"https:\/\/api.w.org\/{rel}","templated":true}]}}