{"id":21159,"date":"2024-12-16T07:48:00","date_gmt":"2024-12-16T06:48:00","guid":{"rendered":"https:\/\/www.raum-blick.de\/magazin\/?p=21159"},"modified":"2024-12-13T11:13:04","modified_gmt":"2024-12-13T10:13:04","slug":"vintage-kueche-mit-smeg-wirds-richtig-stilecht","status":"publish","type":"post","link":"https:\/\/raum-blick.de\/magazin\/vintage-kueche-mit-smeg-wirds-richtig-stilecht\/","title":{"rendered":"Vintage-K\u00fcche: Mit SMEG wird&#8217;s richtig stilecht!"},"content":{"rendered":"\n<h2 class=\"wp-block-heading\"><span class=\"ez-toc-section\" id=\"%C2%AB_Coole_Kombi_mit_Nostalgie-Faktor_%C2%BB\"><\/span>\u00ab Coole Kombi mit Nostalgie-Faktor \u00bb<span class=\"ez-toc-section-end\"><\/span><\/h2>\n\n\n\n<p><strong>Sie ist gekommen, um zu bleiben: die Retro-K\u00fcche. Und der nostalgische Hype ist nach wie vor ungebrochen. Daran haben auch Hersteller wie SMEG einen gro\u00dfen Anteil. Die stilvollen Vintage-K\u00fcchen, die an vergangene Jahrzehnte erinnern, sind nicht nur ein Fest f\u00fcr die Augen, sondern auch ein Ausdruck von Individualit\u00e4t und der Sehnsucht nach der guten alten Zeit. SMEG-K\u00fcchenger\u00e4te sind hier zu wahren Stars avanciert. Doch was macht eigentlich eine Vintage-K\u00fcche aus? Und warum sind gerade SMEG-Ger\u00e4te so begehrt? Lesen Sie einfach weiter, dann wissen Sie&#8217;s!<\/strong><\/p>\n\n\n\n<figure class=\"wp-block-gallery has-nested-images columns-default is-cropped wp-block-gallery-2 is-layout-flex wp-block-gallery-is-layout-flex\">\n<figure class=\"wp-block-image size-large\"><a href=\"https:\/\/www.raum-blick.de\/smeg-kuehlschrank\"><img loading=\"lazy\" decoding=\"async\" width=\"1024\" height=\"1024\" data-id=\"21132\" src=\"https:\/\/www.raum-blick.de\/magazin\/wp-content\/uploads\/2024\/11\/smeg-kuehlschrank-rust-FAB28RDRU5-in-der-kueche_98885-1024x1024.jpg\" alt=\"Italienisches Retro-Design trifft auf moderne Technik. SMEG-K\u00fchlschr\u00e4nke sind Kult.\" class=\"wp-image-21132\" title=\"\" srcset=\"https:\/\/raum-blick.de\/magazin\/wp-content\/uploads\/2024\/11\/smeg-kuehlschrank-rust-FAB28RDRU5-in-der-kueche_98885-1024x1024.jpg 1024w, https:\/\/raum-blick.de\/magazin\/wp-content\/uploads\/2024\/11\/smeg-kuehlschrank-rust-FAB28RDRU5-in-der-kueche_98885-300x300.jpg 300w, https:\/\/raum-blick.de\/magazin\/wp-content\/uploads\/2024\/11\/smeg-kuehlschrank-rust-FAB28RDRU5-in-der-kueche_98885-150x150.jpg 150w, https:\/\/raum-blick.de\/magazin\/wp-content\/uploads\/2024\/11\/smeg-kuehlschrank-rust-FAB28RDRU5-in-der-kueche_98885-768x768.jpg 768w, https:\/\/raum-blick.de\/magazin\/wp-content\/uploads\/2024\/11\/smeg-kuehlschrank-rust-FAB28RDRU5-in-der-kueche_98885.jpg 1500w\" sizes=\"(max-width: 1024px) 100vw, 1024px\" \/><\/a><\/figure>\n\n\n\n<figure class=\"wp-block-image size-large\"><a href=\"https:\/\/www.raum-blick.de\/smeg-wasserkocher\/\"><img loading=\"lazy\" decoding=\"async\" width=\"1024\" height=\"1024\" data-id=\"21136\" src=\"https:\/\/www.raum-blick.de\/magazin\/wp-content\/uploads\/2024\/11\/filter-kaffeemaschine-pink-ambiente-kueche-smeg_104149-1024x1024.jpg\" alt=\"Klein, bunt und einfach cool. SMEG-Ger\u00e4te bringen stilechte 50er-Vibes in die Vintage-K\u00fcche.\" class=\"wp-image-21136\" title=\"\" srcset=\"https:\/\/raum-blick.de\/magazin\/wp-content\/uploads\/2024\/11\/filter-kaffeemaschine-pink-ambiente-kueche-smeg_104149-1024x1024.jpg 1024w, https:\/\/raum-blick.de\/magazin\/wp-content\/uploads\/2024\/11\/filter-kaffeemaschine-pink-ambiente-kueche-smeg_104149-300x300.jpg 300w, https:\/\/raum-blick.de\/magazin\/wp-content\/uploads\/2024\/11\/filter-kaffeemaschine-pink-ambiente-kueche-smeg_104149-150x150.jpg 150w, https:\/\/raum-blick.de\/magazin\/wp-content\/uploads\/2024\/11\/filter-kaffeemaschine-pink-ambiente-kueche-smeg_104149-768x768.jpg 768w, https:\/\/raum-blick.de\/magazin\/wp-content\/uploads\/2024\/11\/filter-kaffeemaschine-pink-ambiente-kueche-smeg_104149.jpg 1500w\" sizes=\"(max-width: 1024px) 100vw, 1024px\" \/><\/a><\/figure>\n<figcaption class=\"blocks-gallery-caption wp-element-caption\">Die italienische Marke <em>SMEG bringt Retro-Vibes in jede K\u00fcche. Die<a href=\"https:\/\/www.raum-blick.de\/smeg-kuehlschrank\"> SMEG-K\u00fchlschrank-Klassiker<\/a> gibt es in zig verschiedenen Farben. Und auch die Kleinger\u00e4te wie der <a href=\"https:\/\/www.raum-blick.de\/smeg-wasserkocher\/\">SMEG Wasserkocher &amp; Co<\/a>. treiben es gerne bunt. Mixen Sie nach Lust und Laune oder bleiben Sie einfach in Ihrer Lieblingsfarbfamilie.<\/em><\/figcaption><\/figure>\n\n\n\n<h2 class=\"wp-block-heading\"><span class=\"ez-toc-section\" id=\"Was_genau_ist_denn_nun_eine_Vintage-Kueche\"><\/span>Was genau ist denn nun eine Vintage-K\u00fcche?<span class=\"ez-toc-section-end\"><\/span><\/h2>\n\n\n\n<p>Eine Retro-K\u00fcche zeichnet sich durch ihre charmante Mischung aus Vintage-Elementen und modernen Annehmlichkeiten aus. Sie kombiniert Farben, Formen und Materialien, die an die 1950er bis 1970er Jahre erinnern. Typische Merkmale sind:<\/p><div id=\"ez-toc-container\" class=\"ez-toc-v2_0_82_2 counter-hierarchy ez-toc-counter ez-toc-grey ez-toc-container-direction\">\n<div class=\"ez-toc-title-container\">\n<p class=\"ez-toc-title\" style=\"cursor:inherit\">Was hier auf Sie wartet<\/p>\n<span class=\"ez-toc-title-toggle\"><a href=\"#\" class=\"ez-toc-pull-right ez-toc-btn ez-toc-btn-xs ez-toc-btn-default ez-toc-toggle\" aria-label=\"Toggle Table of Content\"><span class=\"ez-toc-js-icon-con\"><span class=\"\"><span class=\"eztoc-hide\" style=\"display:none;\">Toggle<\/span><span class=\"ez-toc-icon-toggle-span\"><svg style=\"fill: #999;color:#999\" xmlns=\"http:\/\/www.w3.org\/2000\/svg\" class=\"list-377408\" width=\"20px\" height=\"20px\" viewBox=\"0 0 24 24\" fill=\"none\"><path d=\"M6 6H4v2h2V6zm14 0H8v2h12V6zM4 11h2v2H4v-2zm16 0H8v2h12v-2zM4 16h2v2H4v-2zm16 0H8v2h12v-2z\" fill=\"currentColor\"><\/path><\/svg><svg style=\"fill: #999;color:#999\" class=\"arrow-unsorted-368013\" xmlns=\"http:\/\/www.w3.org\/2000\/svg\" width=\"10px\" height=\"10px\" viewBox=\"0 0 24 24\" version=\"1.2\" baseProfile=\"tiny\"><path d=\"M18.2 9.3l-6.2-6.3-6.2 6.3c-.2.2-.3.4-.3.7s.1.5.3.7c.2.2.4.3.7.3h11c.3 0 .5-.1.7-.3.2-.2.3-.5.3-.7s-.1-.5-.3-.7zM5.8 14.7l6.2 6.3 6.2-6.3c.2-.2.3-.5.3-.7s-.1-.5-.3-.7c-.2-.2-.4-.3-.7-.3h-11c-.3 0-.5.1-.7.3-.2.2-.3.5-.3.7s.1.5.3.7z\"\/><\/svg><\/span><\/span><\/span><\/a><\/span><\/div>\n<nav><ul class='ez-toc-list ez-toc-list-level-1 ' ><li class='ez-toc-page-1 ez-toc-heading-level-2'><a class=\"ez-toc-link ez-toc-heading-1\" href=\"https:\/\/raum-blick.de\/magazin\/vintage-kueche-mit-smeg-wirds-richtig-stilecht\/#%C2%AB_Coole_Kombi_mit_Nostalgie-Faktor_%C2%BB\" >\u00ab Coole Kombi mit Nostalgie-Faktor \u00bb<\/a><\/li><li class='ez-toc-page-1 ez-toc-heading-level-2'><a class=\"ez-toc-link ez-toc-heading-2\" href=\"https:\/\/raum-blick.de\/magazin\/vintage-kueche-mit-smeg-wirds-richtig-stilecht\/#Was_genau_ist_denn_nun_eine_Vintage-Kueche\" >Was genau ist denn nun eine Vintage-K\u00fcche?<\/a><ul class='ez-toc-list-level-3' ><li class='ez-toc-heading-level-3'><a class=\"ez-toc-link ez-toc-heading-3\" href=\"https:\/\/raum-blick.de\/magazin\/vintage-kueche-mit-smeg-wirds-richtig-stilecht\/#Die_Geschichte_der_Retro-Kueche\" >Die Geschichte der Retro-K\u00fcche<\/a><\/li><\/ul><\/li><li class='ez-toc-page-1 ez-toc-heading-level-2'><a class=\"ez-toc-link ez-toc-heading-4\" href=\"https:\/\/raum-blick.de\/magazin\/vintage-kueche-mit-smeg-wirds-richtig-stilecht\/#SMEG_Eine_Marke_mit_Geschichte\" >SMEG: Eine Marke mit Geschichte<\/a><ul class='ez-toc-list-level-3' ><li class='ez-toc-heading-level-3'><a class=\"ez-toc-link ez-toc-heading-5\" href=\"https:\/\/raum-blick.de\/magazin\/vintage-kueche-mit-smeg-wirds-richtig-stilecht\/#Die_Entwicklung_von_SMEG\" >Die Entwicklung von SMEG<\/a><\/li><li class='ez-toc-page-1 ez-toc-heading-level-3'><a class=\"ez-toc-link ez-toc-heading-6\" href=\"https:\/\/raum-blick.de\/magazin\/vintage-kueche-mit-smeg-wirds-richtig-stilecht\/#Warum_der_Hype_um_SMEG-Geraete_fuer_Ihre_Vintage-Kueche\" >Warum der Hype um SMEG-Ger\u00e4te f\u00fcr Ihre Vintage-K\u00fcche?<\/a><\/li><li class='ez-toc-page-1 ez-toc-heading-level-3'><a class=\"ez-toc-link ez-toc-heading-7\" href=\"https:\/\/raum-blick.de\/magazin\/vintage-kueche-mit-smeg-wirds-richtig-stilecht\/#Wie_integriere_ich_SMEG-Geraete_in_meine_Vintage-Kueche\" >Wie integriere ich SMEG-Ger\u00e4te in meine Vintage-K\u00fcche?<\/a><\/li><li class='ez-toc-page-1 ez-toc-heading-level-3'><a class=\"ez-toc-link ez-toc-heading-8\" href=\"https:\/\/raum-blick.de\/magazin\/vintage-kueche-mit-smeg-wirds-richtig-stilecht\/#Ungebrochen_Die_Faszination_der_Vintage-Kueche_mit_SMEG\" >Ungebrochen: Die Faszination der Vintage-K\u00fcche mit SMEG<\/a><\/li><\/ul><\/li><\/ul><\/nav><\/div>\n\n\n\n\n<ul class=\"wp-block-list\">\n<li><strong>Farbenfrohe Akzente:<\/strong> Pastellt\u00f6ne wie Mintgr\u00fcn, Babyblau oder zartes Rosa dominieren oft das Farbkonzept.<\/li>\n\n\n\n<li><strong>Klassische Formen:<\/strong> Rundungen und geschwungene Linien sind charakteristisch f\u00fcr M\u00f6bel und Ger\u00e4te.<\/li>\n\n\n\n<li><strong>Vintage-M\u00f6bel:<\/strong> Oft werden alte M\u00f6belst\u00fccke restauriert oder im Shabby-Chic-Stil kombiniert.<\/li>\n\n\n\n<li><strong>Nostalgische Dekoration:<\/strong> Accessoires wie Retro-inspirierte Geschirrsets, alte Werbeschilder oder klassische Kochutensilien runden das Bild ab.<\/li>\n<\/ul>\n\n\n\n<h3 class=\"wp-block-heading\"><span class=\"ez-toc-section\" id=\"Die_Geschichte_der_Retro-Kueche\"><\/span>Die Geschichte der Retro-K\u00fcche<span class=\"ez-toc-section-end\"><\/span><\/h3>\n\n\n\n<p>Die Wurzeln der Vintage-K\u00fcche liegen in den 1950er Jahren. Einer Zeit, in der das Kochen und Essen einen zentralen Platz im Familienleben einnahm. Gepr\u00e4gt von neuen Technologien, dem Wirtschaftswachstum nach dem Zweiten Weltkrieg und einem wachsenden Interesse an Design erlebte die amerikanische K\u00fcche damals einen echten Boom. \u201eIhre&#8220; K\u00fcche, das war f\u00fcr die Menschen Ausdruck ihres Lebensstils.<\/p>\n\n\n\n<p>Die Massenproduktion von Haushaltsger\u00e4ten und das Aufkommen von Fertigh\u00e4usern lie\u00dfen stilvolle, funktionale K\u00fcchen entstehen, die vor allem auch \u00e4sthetisch ansprechend waren. Aus dieser \u00c4ra stammen viele ikonische Designs, die heute wieder hoch im Kurs stehen.<\/p>\n\n\n\n<h2 class=\"wp-block-heading\"><span class=\"ez-toc-section\" id=\"SMEG_Eine_Marke_mit_Geschichte\"><\/span>SMEG: Eine Marke mit Geschichte<span class=\"ez-toc-section-end\"><\/span><\/h2>\n\n\n\n<p>Die Marke stammt, wie k\u00f6nnte es anders sein, aus Italien. Dort hat man nicht nur in der Mode ein H\u00e4ndchen f\u00fcr die sch\u00f6nen Dinge. 1948 beginnt die Erfolgsgeschichte von SMEG. Damals wie heute steht die Marke f\u00fcr hochwertige K\u00fcchenger\u00e4te und unverwechselbares Design. Der Name ist \u00fcbrigens die Abk\u00fcrzung f\u00fcr  \u201eSmalterie Metallurgiche Emiliane Guastalla\u201c und verweist auf den Standort des Unternehmens in Guastalla, Italien.<\/p>\n\n\n\n<h3 class=\"wp-block-heading\"><span class=\"ez-toc-section\" id=\"Die_Entwicklung_von_SMEG\"><\/span>Die Entwicklung von SMEG<span class=\"ez-toc-section-end\"><\/span><\/h3>\n\n\n\n<p>Urspr\u00fcnglich konzentrierte sich SMEG auf die Herstellung von Emaille-Produkten. In den 1950er Jahren begann das Unternehmen mit der Produktion von K\u00fchlschr\u00e4nken und anderen K\u00fcchenger\u00e4ten. Und die hatten schnell durchschlagenden Erfolg. Kein Wunder: Das Design war einzigartig und die Qualit\u00e4t ausgesprochen hoch. SMEG war mit einem Schlag DAS K\u00fcchen-Must-have.<\/p>\n\n\n\n<p>In den folgenden Jahrzehnten entwickelte SMEG eine Reihe ikonischer Produkte, darunter die ber\u00fchmten \u201e50s Style\u201c-K\u00fchlschr\u00e4nke, die heute als Klassiker gelten. Sie kombinieren Retro-inspirierte \u00c4sthetik mit modernster Technologie \u2013 ein Grund daf\u00fcr, dass sie bei Designliebhabern so beliebt sind.<\/p>\n\n\n\n<figure class=\"wp-block-embed is-type-video is-provider-youtube wp-block-embed-youtube wp-embed-aspect-16-9 wp-has-aspect-ratio\"><div class=\"wp-block-embed__wrapper\">\n <div class=\"brlbs-cmpnt-container brlbs-cmpnt-content-blocker brlbs-cmpnt-with-individual-styles\" data-borlabs-cookie-content-blocker-id=\"default\" data-borlabs-cookie-content=\"PGlmcmFtZSB0aXRsZT0iU21lZyBGQUIyOCBSZXRybyAtS8O8aGxzY2hyYW5rIiB3aWR0aD0iMTA4MCIgaGVpZ2h0PSI2MDgiIHNyYz0iaHR0cHM6Ly93d3cueW91dHViZS5jb20vZW1iZWQvQkd0TnJKUnFzTXM\/ZmVhdHVyZT1vZW1iZWQiICBhbGxvdz0iYWNjZWxlcm9tZXRlcjsgYXV0b3BsYXk7IGNsaXBib2FyZC13cml0ZTsgZW5jcnlwdGVkLW1lZGlhOyBneXJvc2NvcGU7IHBpY3R1cmUtaW4tcGljdHVyZTsgd2ViLXNoYXJlIiByZWZlcnJlcnBvbGljeT0ic3RyaWN0LW9yaWdpbi13aGVuLWNyb3NzLW9yaWdpbiIgYWxsb3dmdWxsc2NyZWVuPjwvaWZyYW1lPg==\"><div class=\"brlbs-cmpnt-cb-preset-a\"> <p class=\"brlbs-cmpnt-cb-description\">Sie sehen gerade einen Platzhalterinhalt von <strong>Standard<\/strong>. Um auf den eigentlichen Inhalt zuzugreifen, klicken Sie auf den Button unten. Bitte beachten Sie, dass dabei Daten an Drittanbieter weitergegeben werden.<\/p> <div class=\"brlbs-cmpnt-cb-buttons\"> <a class=\"brlbs-cmpnt-cb-btn\" href=\"#\" data-borlabs-cookie-unblock role=\"button\">Inhalt entsperren<\/a> <a class=\"brlbs-cmpnt-cb-btn\" href=\"#\" data-borlabs-cookie-accept-service role=\"button\" style=\"display: none\">Erforderlichen Service akzeptieren und Inhalte entsperren<\/a> <\/div> <a class=\"brlbs-cmpnt-cb-provider-toggle\" href=\"#\" data-borlabs-cookie-show-provider-information role=\"button\">Weitere Informationen<\/a> <\/div><\/div>\n<\/div><figcaption class=\"wp-element-caption\"><em><strong>Really FABulous!<\/strong> Mit den 50&#8217;s Style-K\u00fchlschr\u00e4nken schaffte SMEG den Durchbruch. Heute ist der farbenfrohe FAB28 mit seinen geschwungenen Linien und dem  durchdachten Innenleben \u00fcberall auf der Welt beliebt, weil er eben mehr M\u00f6belst\u00fcck als K\u00fchlschrank ist.<\/em> <\/figcaption><\/figure>\n\n\n\n<h3 class=\"wp-block-heading\"><span class=\"ez-toc-section\" id=\"Warum_der_Hype_um_SMEG-Geraete_fuer_Ihre_Vintage-Kueche\"><\/span>Warum der Hype um SMEG-Ger\u00e4te f\u00fcr Ihre Vintage-K\u00fcche?<span class=\"ez-toc-section-end\"><\/span><\/h3>\n\n\n\n<h4 class=\"wp-block-heading\">1. Einzigartiges Design<\/h4>\n\n\n\n<p>Eines der Hauptmerkmale von SMEG-Ger\u00e4ten ist ihr auff\u00e4lliges Design. Die Kombination aus Vintage-Stil und modernen Funktionen ist perfekt f\u00fcr alle, die ihrer K\u00fcche einen besonderen Charakter verleihen m\u00f6chten. Denn die Ger\u00e4te sorgen in jeder Hinsicht f\u00fcr echte Wow-Momente.<\/p>\n\n\n\n<h4 class=\"wp-block-heading\">2. Hohe Qualit\u00e4t<\/h4>\n\n\n\n<p>SMEG legt gro\u00dfen Wert auf Qualit\u00e4t und Langlebigkeit der Produkte. In jedem steckt unglaublich viel Sorgfalt und jedes Produkt durchl\u00e4uft zahlreiche Tests, damit es den hohen Anforderungen auch gerecht wird. Wer SMEG kauft, kann sich sicher sein: Die Investition ist gut angelegt. <\/p>\n\n\n\n<h4 class=\"wp-block-heading\">3. Vielf\u00e4ltige Farboptionen<\/h4>\n\n\n\n<p>Ein weiterer Grund f\u00fcr den Hype um SMEG ist die gro\u00dfe Auswahl an Farben und Modellen. Ob knalliges Rot oder sanftes Pastell \u2013 es gibt f\u00fcr jeden Geschmack das passende Ger\u00e4t. So k\u00f6nnen Sie Ihre K\u00fcche ganz individuell gestalten. <\/p>\n\n\n\n<h4 class=\"wp-block-heading\">4. Funktionalit\u00e4t trifft Stil<\/h4>\n\n\n\n<p>SMEG-Ger\u00e4te sehen nicht nur gut aus, sie k\u00f6nnen auch richtig was. Viele Modelle verf\u00fcgen \u00fcber innovative Technologien, die das Kochen einfacher und effizienter machen. So vereinen sie \u00c4sthetik mit praktischen Vorteilen.<\/p>\n\n\n\n<figure class=\"wp-block-gallery has-nested-images columns-default is-cropped wp-block-gallery-3 is-layout-flex wp-block-gallery-is-layout-flex\">\n<figure class=\"wp-block-image size-large\"><a href=\"https:\/\/www.raum-blick.de\/smeg-kuehlschrank\/\"><img loading=\"lazy\" decoding=\"async\" width=\"1024\" height=\"1024\" data-id=\"21122\" src=\"https:\/\/www.raum-blick.de\/magazin\/wp-content\/uploads\/2024\/11\/smeg-fab10-snoopy_97098-1024x1024.jpg\" alt=\"Zwei Ikonen vereint: Der kleine FAB10 Retro-K\u00fchlschrank trifft auf Snoopy und Woodstock. Tierisch coole Kombi!\" class=\"wp-image-21122\" title=\"\" srcset=\"https:\/\/raum-blick.de\/magazin\/wp-content\/uploads\/2024\/11\/smeg-fab10-snoopy_97098-1024x1024.jpg 1024w, https:\/\/raum-blick.de\/magazin\/wp-content\/uploads\/2024\/11\/smeg-fab10-snoopy_97098-300x300.jpg 300w, https:\/\/raum-blick.de\/magazin\/wp-content\/uploads\/2024\/11\/smeg-fab10-snoopy_97098-150x150.jpg 150w, https:\/\/raum-blick.de\/magazin\/wp-content\/uploads\/2024\/11\/smeg-fab10-snoopy_97098-768x768.jpg 768w, https:\/\/raum-blick.de\/magazin\/wp-content\/uploads\/2024\/11\/smeg-fab10-snoopy_97098.jpg 1500w\" sizes=\"(max-width: 1024px) 100vw, 1024px\" \/><\/a><\/figure>\n\n\n\n<figure class=\"wp-block-image size-large\"><a href=\"https:\/\/www.raum-blick.de\/smeg-kaffeemaschine\/\"><img loading=\"lazy\" decoding=\"async\" width=\"1024\" height=\"1024\" data-id=\"21127\" src=\"https:\/\/www.raum-blick.de\/magazin\/wp-content\/uploads\/2024\/11\/smeg-filter-kaffeemaschine-rot-DCF02RDEU_104165-1024x1024.jpg\" alt=\"Filterkaffee \u00e0 la SMEG. Aromatisch, lecker, geschmackvoll. Einfach eine runde Sache, dieses Kaffeemaschine. \" class=\"wp-image-21127\" title=\"\" srcset=\"https:\/\/raum-blick.de\/magazin\/wp-content\/uploads\/2024\/11\/smeg-filter-kaffeemaschine-rot-DCF02RDEU_104165-1024x1024.jpg 1024w, https:\/\/raum-blick.de\/magazin\/wp-content\/uploads\/2024\/11\/smeg-filter-kaffeemaschine-rot-DCF02RDEU_104165-300x300.jpg 300w, https:\/\/raum-blick.de\/magazin\/wp-content\/uploads\/2024\/11\/smeg-filter-kaffeemaschine-rot-DCF02RDEU_104165-150x150.jpg 150w, https:\/\/raum-blick.de\/magazin\/wp-content\/uploads\/2024\/11\/smeg-filter-kaffeemaschine-rot-DCF02RDEU_104165-768x768.jpg 768w, https:\/\/raum-blick.de\/magazin\/wp-content\/uploads\/2024\/11\/smeg-filter-kaffeemaschine-rot-DCF02RDEU_104165.jpg 1200w\" sizes=\"(max-width: 1024px) 100vw, 1024px\" \/><\/a><\/figure>\n<figcaption class=\"blocks-gallery-caption wp-element-caption\"><em>SMEG ist immer wieder \u00fcberraschend und geht auch gerne Kooperationen ein. So wie bei der Snoopy-Sonderedition des knapp 95 cm hohen FAB10 K\u00fchlschranks von 2023 oder der farbenfrohen Dolce &amp; Gabana-Kollektion im sizilianischen Stil, die sich durch alle Ger\u00e4tegruppen zieht. Dagegen muten die <a href=\"https:\/\/www.raum-blick.de\/smeg-kaffeemaschine\/\">schlichte SMEG Filter-Kaffeemaschine<\/a> \u2013 hier in knalligem Rot \u2013 und der <a href=\"https:\/\/www.raum-blick.de\/smeg-kaffeevollautomat\/\">kleine Kaffeevollautomat von SMEG<\/a> doch sehr reduziert an.<\/em><\/figcaption><\/figure>\n\n\n\n<figure class=\"wp-block-gallery has-nested-images columns-default is-cropped wp-block-gallery-4 is-layout-flex wp-block-gallery-is-layout-flex\">\n<figure class=\"wp-block-image size-full\"><a href=\"https:\/\/www.raum-blick.de\/smeg-kuechenmaschine\/\"><img loading=\"lazy\" decoding=\"async\" width=\"620\" height=\"620\" data-id=\"16966\" src=\"https:\/\/www.raum-blick.de\/magazin\/wp-content\/uploads\/2022\/08\/SMEG-Kuechenmaschine.jpg\" alt=\"Der ganz besondere Twist f\u00fcr die Vintage-K\u00fcche: die von Dolce &amp; Gabana designte SMEG-K\u00fcchenmaschine.\" class=\"wp-image-16966\" title=\"\" srcset=\"https:\/\/raum-blick.de\/magazin\/wp-content\/uploads\/2022\/08\/SMEG-Kuechenmaschine.jpg 620w, https:\/\/raum-blick.de\/magazin\/wp-content\/uploads\/2022\/08\/SMEG-Kuechenmaschine-300x300.jpg 300w, https:\/\/raum-blick.de\/magazin\/wp-content\/uploads\/2022\/08\/SMEG-Kuechenmaschine-150x150.jpg 150w\" sizes=\"(max-width: 620px) 100vw, 620px\" \/><\/a><\/figure>\n\n\n\n<figure class=\"wp-block-image size-large\"><a href=\"https:\/\/www.raum-blick.de\/smeg-kaffeevollautomat\/\"><img loading=\"lazy\" decoding=\"async\" width=\"1024\" height=\"1024\" data-id=\"21173\" src=\"https:\/\/www.raum-blick.de\/magazin\/wp-content\/uploads\/2024\/11\/smeg-kaffeevollautomat-weiss-mit-kaffee_67198-1024x1024.jpg\" alt=\"Duftendes Kaffeeerlebnis auf Knopfdruck. Der kleine SMEG-Kaffeevollautomat hat daf\u00fcr sieben verschiedene Funktionen.\" class=\"wp-image-21173\" title=\"\" srcset=\"https:\/\/raum-blick.de\/magazin\/wp-content\/uploads\/2024\/11\/smeg-kaffeevollautomat-weiss-mit-kaffee_67198-1024x1024.jpg 1024w, https:\/\/raum-blick.de\/magazin\/wp-content\/uploads\/2024\/11\/smeg-kaffeevollautomat-weiss-mit-kaffee_67198-300x300.jpg 300w, https:\/\/raum-blick.de\/magazin\/wp-content\/uploads\/2024\/11\/smeg-kaffeevollautomat-weiss-mit-kaffee_67198-150x150.jpg 150w, https:\/\/raum-blick.de\/magazin\/wp-content\/uploads\/2024\/11\/smeg-kaffeevollautomat-weiss-mit-kaffee_67198-768x768.jpg 768w, https:\/\/raum-blick.de\/magazin\/wp-content\/uploads\/2024\/11\/smeg-kaffeevollautomat-weiss-mit-kaffee_67198.jpg 1500w\" sizes=\"(max-width: 1024px) 100vw, 1024px\" \/><\/a><\/figure>\n<\/figure>\n\n\n\n<h3 class=\"wp-block-heading\"><span class=\"ez-toc-section\" id=\"Wie_integriere_ich_SMEG-Geraete_in_meine_Vintage-Kueche\"><\/span>Wie integriere ich SMEG-Ger\u00e4te in meine Vintage-K\u00fcche?<span class=\"ez-toc-section-end\"><\/span><\/h3>\n\n\n\n<p>Nichts leichter als das. Denn  K\u00fcchen im Retro-Stil und SMEG-Ger\u00e4te sind wie f\u00fcreinander gemacht. Da k\u00f6nnen Sie definitiv nichts falsch machen! Ein paar Integrations-Tipps haben wir aber nat\u00fcrlich trotzdem f\u00fcr Sie:<\/p>\n\n\n\n<h4 class=\"wp-block-heading\">1. Farbkoordination<\/h4>\n\n\n\n<p>W\u00e4hlen Sie Farben f\u00fcr Ihre W\u00e4nde und M\u00f6bel aus, die gut zu Ihren SMEG-Ger\u00e4ten passen. Pastellt\u00f6ne beispielsweise harmonieren hervorragend mit den klassischen Standk\u00fchlschr\u00e4nken von SMEG. Und die haben die unterschiedlichsten Farbnuancen zu bieten. Von knallig bis pastellig, gl\u00e4nzend oder matt. <\/p>\n\n\n\n<h4 class=\"wp-block-heading\">2. Kombinieren Sie Vintage-M\u00f6bel<\/h4>\n\n\n\n<p>Mischen Sie moderne SMEG-Ger\u00e4te mit Vintage-inspirierten M\u00f6beln oder Accessoires aus verschiedenen Epochen. Damit schaffen Sie einen interessanten Kontrast und verleihen Ihrer K\u00fcche Charakter.<\/p>\n\n\n\n<h4 class=\"wp-block-heading\">3. Setzen Sie Akzente<\/h4>\n\n\n\n<p>Nutzen Sie kleinere K\u00fcchenger\u00e4te wie <a href=\"https:\/\/www.raum-blick.de\/smeg-wasserkocher\">SMEG-Wasserkocher<\/a> oder -Toaster als Akzentgeber auf Ihrer Arbeitsplatte oder in offenen Regalen. Die beiden sind ein echt hei\u00dfes Duo und deshalb gibt es sie auch als praktisches Set. Sie werden es lieben!<\/p>\n\n\n\n<figure class=\"wp-block-gallery has-nested-images columns-default is-cropped wp-block-gallery-5 is-layout-flex wp-block-gallery-is-layout-flex\">\n<figure class=\"wp-block-image size-large\"><a href=\"https:\/\/www.raum-blick.de\/smeg-wasserkocher-und-toaster-set\"><img loading=\"lazy\" decoding=\"async\" width=\"1024\" height=\"1024\" data-id=\"21175\" src=\"https:\/\/www.raum-blick.de\/magazin\/wp-content\/uploads\/2024\/11\/smeg-kombi-wasserkocher-toaster-pastellgruen_52667-1024x1024.jpg\" alt=\"Dream-Team f\u00fcr die Vintage-K\u00fcche: SMEG-Wasserkocher und -Toaster. Im praktischen Set erh\u00e4ltlich.\" class=\"wp-image-21175\" title=\"\" srcset=\"https:\/\/raum-blick.de\/magazin\/wp-content\/uploads\/2024\/11\/smeg-kombi-wasserkocher-toaster-pastellgruen_52667-1024x1024.jpg 1024w, https:\/\/raum-blick.de\/magazin\/wp-content\/uploads\/2024\/11\/smeg-kombi-wasserkocher-toaster-pastellgruen_52667-300x300.jpg 300w, https:\/\/raum-blick.de\/magazin\/wp-content\/uploads\/2024\/11\/smeg-kombi-wasserkocher-toaster-pastellgruen_52667-150x150.jpg 150w, https:\/\/raum-blick.de\/magazin\/wp-content\/uploads\/2024\/11\/smeg-kombi-wasserkocher-toaster-pastellgruen_52667-768x768.jpg 768w, https:\/\/raum-blick.de\/magazin\/wp-content\/uploads\/2024\/11\/smeg-kombi-wasserkocher-toaster-pastellgruen_52667.jpg 1500w\" sizes=\"(max-width: 1024px) 100vw, 1024px\" \/><\/a><\/figure>\n\n\n\n<figure class=\"wp-block-image size-large\"><a href=\"https:\/\/www.raum-blick.de\/smeg-kuechenmaschine\/\"><img loading=\"lazy\" decoding=\"async\" width=\"1024\" height=\"1024\" data-id=\"21176\" src=\"https:\/\/www.raum-blick.de\/magazin\/wp-content\/uploads\/2024\/11\/creme-smeg-K-uchenmaschine-SMF03-1024x1024.jpg\" alt=\"Formsch\u00f6n, praktisch und fast ger\u00e4uschlos: die SMEG-K\u00fcchenmaschine. Ein Eyecatcher in jeder Vintage-K\u00fcche.\" class=\"wp-image-21176\" title=\"\" srcset=\"https:\/\/raum-blick.de\/magazin\/wp-content\/uploads\/2024\/11\/creme-smeg-K-uchenmaschine-SMF03-1024x1024.jpg 1024w, https:\/\/raum-blick.de\/magazin\/wp-content\/uploads\/2024\/11\/creme-smeg-K-uchenmaschine-SMF03-300x300.jpg 300w, https:\/\/raum-blick.de\/magazin\/wp-content\/uploads\/2024\/11\/creme-smeg-K-uchenmaschine-SMF03-150x150.jpg 150w, https:\/\/raum-blick.de\/magazin\/wp-content\/uploads\/2024\/11\/creme-smeg-K-uchenmaschine-SMF03-768x768.jpg 768w, https:\/\/raum-blick.de\/magazin\/wp-content\/uploads\/2024\/11\/creme-smeg-K-uchenmaschine-SMF03.jpg 1500w\" sizes=\"(max-width: 1024px) 100vw, 1024px\" \/><\/a><\/figure>\n<figcaption class=\"blocks-gallery-caption wp-element-caption\"><em>Blitzschnell Wasser erhitzen und zum Tee oder Kaffee goldbraune Toasts genie\u00dfen. Das Set aus SMEG-Wasserkocher und -Toaster bietet ein perfektes Fr\u00fchst\u00fcckserlebnis. Und f\u00fcr den passenden Kuchen oder das Geb\u00e4ck sorgt die <a href=\"https:\/\/www.raum-blick.de\/smeg-kuechenmaschine\/\">praktische, formsch\u00f6ne SMEG-K\u00fcchenmaschine<\/a>. Sie m\u00fcssen sich nur noch f\u00fcr eine Farbe entscheiden. Aber bei der Auswahl werden Sie sicher f\u00fcndig.<\/em><\/figcaption><\/figure>\n\n\n\n<h3 class=\"wp-block-heading\"><span class=\"ez-toc-section\" id=\"Ungebrochen_Die_Faszination_der_Vintage-Kueche_mit_SMEG\"><\/span>Ungebrochen: Die Faszination der Vintage-K\u00fcche mit SMEG<span class=\"ez-toc-section-end\"><\/span><\/h3>\n\n\n\n<p>Nostalgischer Charme plus modernem Komfort \u2013 das macht die Retro-K\u00fcche zu einem zeitlosen Trend in der Wohnkultur. Und mit Ger\u00e4ten von SMEG k\u00f6nnen Sie diesen Stil perfekt umsetzen. Sie bringen nicht nur Farbe ins Spiel, sondern punkten auch mit Funktionalit\u00e4t auf h\u00f6chstem Niveau.<\/p>\n\n\n\n<p>Ganz egal, ob Sie nun ein gl\u00fchender Vintage-Look-Fan sind oder einfach nur nach M\u00f6glichkeiten suchen, Ihrer K\u00fcche mehr Pers\u00f6nlichkeit zu verleihen \u2013 eine Retro-K\u00fcche mit SMEG-Ger\u00e4ten ist auf alle F\u00e4lle eine hervorragende Wahl. Also: Lassen Sie sich inspirieren von der Sch\u00f6nheit vergangener Zeiten und genie\u00dfen Sie gleichzeitig alle Vorteile moderner Technik!<\/p>\n\n\n\n<hr class=\"wp-block-separator has-alpha-channel-opacity\"\/>\n\n\n\n<p><strong>SMEG-verliebt? Dann nichts wie auf ins vorweihnachtliche Shopping-Vergn\u00fcgen. Wir h\u00e4tten da auch ein paar ganz besondere Angebote f\u00fcr Sie. <\/strong><\/p>\n\n\n\n<div class=\"wp-block-buttons is-content-justification-center is-layout-flex wp-container-core-buttons-is-layout-28206b41 wp-block-buttons-is-layout-flex\">\n<div class=\"wp-block-button\"><a class=\"wp-block-button__link has-white-color has-text-color wp-element-button\" href=\"https:\/\/www.raum-blick.de\/smeg-kuehlschrank\/\">Klick &amp; SMEG!<\/a><\/div>\n<\/div>\n<\/p>","protected":false},"excerpt":{"rendered":"<p>\u00ab Coole Kombi mit Nostalgie-Faktor \u00bb Sie ist gekommen, um zu bleiben: die Retro-K\u00fcche. Und der nostalgische Hype ist nach wie vor ungebrochen. Daran haben auch Hersteller wie SMEG einen gro\u00dfen Anteil. Die stilvollen Vintage-K\u00fcchen, die an vergangene Jahrzehnte erinnern, sind nicht nur ein Fest f\u00fcr die Augen, sondern auch ein Ausdruck von Individualit\u00e4t und [&hellip;]<\/p>\n","protected":false},"author":4,"featured_media":21134,"comment_status":"closed","ping_status":"open","sticky":false,"template":"","format":"standard","meta":{"_et_pb_use_builder":"","_et_pb_old_content":"","_et_gb_content_width":"","inline_featured_image":false,"footnotes":""},"categories":[7,1],"tags":[1851,896,2285,530,11,892,893,1859,891,1850,899,124],"class_list":["post-21159","post","type-post","status-publish","format-standard","has-post-thumbnail","hentry","category-accessoires-lifestyle","category-drinnen","tag-designer-kuechengeraete","tag-kaffeemaschine","tag-kaffeevollautomat","tag-kueche","tag-kuechenhelfer","tag-kuechenmaschine","tag-retro","tag-retro-design","tag-smeg","tag-smeg-kuechenegeraete","tag-toaster","tag-wasserkocher"],"_links":{"self":[{"href":"https:\/\/raum-blick.de\/magazin\/wp-json\/wp\/v2\/posts\/21159","targetHints":{"allow":["GET"]}}],"collection":[{"href":"https:\/\/raum-blick.de\/magazin\/wp-json\/wp\/v2\/posts"}],"about":[{"href":"https:\/\/raum-blick.de\/magazin\/wp-json\/wp\/v2\/types\/post"}],"author":[{"embeddable":true,"href":"https:\/\/raum-blick.de\/magazin\/wp-json\/wp\/v2\/users\/4"}],"replies":[{"embeddable":true,"href":"https:\/\/raum-blick.de\/magazin\/wp-json\/wp\/v2\/comments?post=21159"}],"version-history":[{"count":22,"href":"https:\/\/raum-blick.de\/magazin\/wp-json\/wp\/v2\/posts\/21159\/revisions"}],"predecessor-version":[{"id":21202,"href":"https:\/\/raum-blick.de\/magazin\/wp-json\/wp\/v2\/posts\/21159\/revisions\/21202"}],"wp:featuredmedia":[{"embeddable":true,"href":"https:\/\/raum-blick.de\/magazin\/wp-json\/wp\/v2\/media\/21134"}],"wp:attachment":[{"href":"https:\/\/raum-blick.de\/magazin\/wp-json\/wp\/v2\/media?parent=21159"}],"wp:term":[{"taxonomy":"category","embeddable":true,"href":"https:\/\/raum-blick.de\/magazin\/wp-json\/wp\/v2\/categories?post=21159"},{"taxonomy":"post_tag","embeddable":true,"href":"https:\/\/raum-blick.de\/magazin\/wp-json\/wp\/v2\/tags?post=21159"}],"curies":[{"name":"wp","href":"https:\/\/api.w.org\/{rel}","templated":true}]}}