{"id":20954,"date":"2024-10-30T07:20:46","date_gmt":"2024-10-30T06:20:46","guid":{"rendered":"https:\/\/www.raum-blick.de\/magazin\/?p=20954"},"modified":"2024-09-30T14:43:03","modified_gmt":"2024-09-30T12:43:03","slug":"kleines-arbeitszimmer-einrichten-wenig-flaeche-optimal-nutzen","status":"publish","type":"post","link":"https:\/\/raum-blick.de\/magazin\/kleines-arbeitszimmer-einrichten-wenig-flaeche-optimal-nutzen\/","title":{"rendered":"Kleines Arbeitszimmer einrichten: wenig Fl\u00e4che optimal nutzen"},"content":{"rendered":"\n<h2 class=\"wp-block-heading\"><span class=\"ez-toc-section\" id=\"%C2%AB_Clevere_Loesungen_fuer_grossartige_Wow-Momente_%C2%BB\"><\/span>\u00ab Clevere L\u00f6sungen f\u00fcr gro\u00dfartige Wow-Momente \u00bb<span class=\"ez-toc-section-end\"><\/span><\/h2>\n\n\n\n<p><strong>Wenig Platz zu haben stellt einen vor gro\u00dfe Herausforderungen. Aber wenn man wei\u00df, worauf es ankommt, ist das Projekt \u201eKleines Arbeitszimmer einrichten&#8220; nicht nur ein Kinderspiel, es macht auch richtig Laune. Hier erfahren Sie, wie Sie mit praktischen M\u00f6beln und cleveren Stauraum-L\u00f6sungen eine funktionale und inspirierende Arbeitsatmosph\u00e4re schaffen. Schlie\u00dflich geh\u00f6rt das Heim-Arbeiten zwischenzeitlich zum Standard. Umso wichtiger, dass auch die kleinste Ecke Ihres Arbeits-Reichs Charme verspr\u00fcht und Ruhe verspricht.<\/strong><\/p>\n\n\n\n<figure class=\"wp-block-gallery has-nested-images columns-default is-cropped wp-block-gallery-2 is-layout-flex wp-block-gallery-is-layout-flex\">\n<figure class=\"wp-block-image size-large\"><img loading=\"lazy\" decoding=\"async\" width=\"1000\" height=\"1000\" data-id=\"20963\" src=\"https:\/\/www.raum-blick.de\/magazin\/wp-content\/uploads\/2024\/09\/string-arbeitsplatz-works-weiss_67468.jpg\" alt=\"Kleines Arbeitszimmer einrichten hei\u00dft vertikal denken. STRING FURNiTURE hat hier jede Menge smarte Regal-L\u00f6sungen.\" class=\"wp-image-20963\" title=\"\" srcset=\"https:\/\/raum-blick.de\/magazin\/wp-content\/uploads\/2024\/09\/string-arbeitsplatz-works-weiss_67468.jpg 1000w, https:\/\/raum-blick.de\/magazin\/wp-content\/uploads\/2024\/09\/string-arbeitsplatz-works-weiss_67468-300x300.jpg 300w, https:\/\/raum-blick.de\/magazin\/wp-content\/uploads\/2024\/09\/string-arbeitsplatz-works-weiss_67468-150x150.jpg 150w, https:\/\/raum-blick.de\/magazin\/wp-content\/uploads\/2024\/09\/string-arbeitsplatz-works-weiss_67468-768x768.jpg 768w\" sizes=\"(max-width: 1000px) 100vw, 1000px\" \/><figcaption class=\"wp-element-caption\">STRING Regal | Konfiguration W1<\/figcaption><\/figure>\n\n\n\n<figure class=\"wp-block-image size-full\"><img loading=\"lazy\" decoding=\"async\" width=\"750\" height=\"750\" data-id=\"20975\" src=\"https:\/\/www.raum-blick.de\/magazin\/wp-content\/uploads\/2024\/09\/arbeitszimmer-w-f-weiss-string-regal_67653.jpg\" alt=\"STRING FURNITURE Regalsysteme bieten gen\u00fcgend Flexibilit\u00e4t f\u00fcr kleine und gro\u00dfe R\u00e4ume.\" class=\"wp-image-20975\" title=\"\" srcset=\"https:\/\/raum-blick.de\/magazin\/wp-content\/uploads\/2024\/09\/arbeitszimmer-w-f-weiss-string-regal_67653.jpg 750w, https:\/\/raum-blick.de\/magazin\/wp-content\/uploads\/2024\/09\/arbeitszimmer-w-f-weiss-string-regal_67653-300x300.jpg 300w, https:\/\/raum-blick.de\/magazin\/wp-content\/uploads\/2024\/09\/arbeitszimmer-w-f-weiss-string-regal_67653-150x150.jpg 150w\" sizes=\"(max-width: 750px) 100vw, 750px\" \/><figcaption class=\"wp-element-caption\">STRING Regal | Konfiguration W6<\/figcaption><\/figure>\n<figcaption class=\"blocks-gallery-caption wp-element-caption\"><em>Weniger ist mehr. Denken Sie bei den M\u00f6beln unbedingt in die H\u00f6he und achten Sie auf gen\u00fcgend, gerne auch geschlossenen Stauraum. Mit den <a href=\"https:\/\/www.raum-blick.de\/string-regal\/\">kultig-schlichten Regalsystemen des schwedischen Labels STRING FURNITURE<\/a> sind Sie jedenfalls in Sachen \u201ekleines Arbeitszimmer einrichten&#8220; in jeder Richtung flexibel<\/em>.<\/figcaption><\/figure>\n\n\n\n<h3 class=\"wp-block-heading\"><span class=\"ez-toc-section\" id=\"Wie_Sie_ein_kleines_Arbeitszimmer_einrichten_Mit_diesen_It-Pieces_ganz_easy\"><\/span>Wie Sie ein kleines Arbeitszimmer einrichten? Mit diesen It-Pieces ganz easy!<span class=\"ez-toc-section-end\"><\/span><\/h3>\n\n\n\n<h3 class=\"wp-block-heading\"><span class=\"ez-toc-section\" id=\"It-Arbeits-Helfer_Nummer_1_der_Schreibtisch\"><\/span>It-Arbeits-Helfer Nummer 1: der Schreibtisch<span class=\"ez-toc-section-end\"><\/span><\/h3>\n\n\n\n<h4 class=\"wp-block-heading\">Bitte nicht zu gro\u00df!<\/h4>\n\n\n\n<p>Ohne Schreibtisch kein Arbeitszimmer. Er ist zwar das Herzst\u00fcck, sollte bei kleinen R\u00e4umen aber nicht zu \u00fcberdimensioniert sein. Sonst wirkt es schnell \u00fcberladen. 120 bis 160 cm breite, kompakte Modelle sind ideal und bieten ausreichend Platz f\u00fcr den Rechner und die n\u00f6tigen Schreibutensilien.<\/p><div id=\"ez-toc-container\" class=\"ez-toc-v2_0_82_2 counter-hierarchy ez-toc-counter ez-toc-grey ez-toc-container-direction\">\n<div class=\"ez-toc-title-container\">\n<p class=\"ez-toc-title\" style=\"cursor:inherit\">Was hier auf Sie wartet<\/p>\n<span class=\"ez-toc-title-toggle\"><a href=\"#\" class=\"ez-toc-pull-right ez-toc-btn ez-toc-btn-xs ez-toc-btn-default ez-toc-toggle\" aria-label=\"Toggle Table of Content\"><span class=\"ez-toc-js-icon-con\"><span class=\"\"><span class=\"eztoc-hide\" style=\"display:none;\">Toggle<\/span><span class=\"ez-toc-icon-toggle-span\"><svg style=\"fill: #999;color:#999\" xmlns=\"http:\/\/www.w3.org\/2000\/svg\" class=\"list-377408\" width=\"20px\" height=\"20px\" viewBox=\"0 0 24 24\" fill=\"none\"><path d=\"M6 6H4v2h2V6zm14 0H8v2h12V6zM4 11h2v2H4v-2zm16 0H8v2h12v-2zM4 16h2v2H4v-2zm16 0H8v2h12v-2z\" fill=\"currentColor\"><\/path><\/svg><svg style=\"fill: #999;color:#999\" class=\"arrow-unsorted-368013\" xmlns=\"http:\/\/www.w3.org\/2000\/svg\" width=\"10px\" height=\"10px\" viewBox=\"0 0 24 24\" version=\"1.2\" baseProfile=\"tiny\"><path d=\"M18.2 9.3l-6.2-6.3-6.2 6.3c-.2.2-.3.4-.3.7s.1.5.3.7c.2.2.4.3.7.3h11c.3 0 .5-.1.7-.3.2-.2.3-.5.3-.7s-.1-.5-.3-.7zM5.8 14.7l6.2 6.3 6.2-6.3c.2-.2.3-.5.3-.7s-.1-.5-.3-.7c-.2-.2-.4-.3-.7-.3h-11c-.3 0-.5.1-.7.3-.2.2-.3.5-.3.7s.1.5.3.7z\"\/><\/svg><\/span><\/span><\/span><\/a><\/span><\/div>\n<nav><ul class='ez-toc-list ez-toc-list-level-1 ' ><li class='ez-toc-page-1 ez-toc-heading-level-2'><a class=\"ez-toc-link ez-toc-heading-1\" href=\"https:\/\/raum-blick.de\/magazin\/kleines-arbeitszimmer-einrichten-wenig-flaeche-optimal-nutzen\/#%C2%AB_Clevere_Loesungen_fuer_grossartige_Wow-Momente_%C2%BB\" >\u00ab Clevere L\u00f6sungen f\u00fcr gro\u00dfartige Wow-Momente \u00bb<\/a><ul class='ez-toc-list-level-3' ><li class='ez-toc-heading-level-3'><a class=\"ez-toc-link ez-toc-heading-2\" href=\"https:\/\/raum-blick.de\/magazin\/kleines-arbeitszimmer-einrichten-wenig-flaeche-optimal-nutzen\/#Wie_Sie_ein_kleines_Arbeitszimmer_einrichten_Mit_diesen_It-Pieces_ganz_easy\" >Wie Sie ein kleines Arbeitszimmer einrichten? Mit diesen It-Pieces ganz easy!<\/a><\/li><li class='ez-toc-page-1 ez-toc-heading-level-3'><a class=\"ez-toc-link ez-toc-heading-3\" href=\"https:\/\/raum-blick.de\/magazin\/kleines-arbeitszimmer-einrichten-wenig-flaeche-optimal-nutzen\/#It-Arbeits-Helfer_Nummer_1_der_Schreibtisch\" >It-Arbeits-Helfer Nummer 1: der Schreibtisch<\/a><\/li><li class='ez-toc-page-1 ez-toc-heading-level-3'><a class=\"ez-toc-link ez-toc-heading-4\" href=\"https:\/\/raum-blick.de\/magazin\/kleines-arbeitszimmer-einrichten-wenig-flaeche-optimal-nutzen\/#It-Arbeits-Helfer_Nummer_2_Regale_fuers_Einrichten_kleiner_Arbeitszimmer\" >It-Arbeits-Helfer Nummer 2: Regale f\u00fcrs Einrichten kleiner Arbeitszimmer<\/a><\/li><li class='ez-toc-page-1 ez-toc-heading-level-3'><a class=\"ez-toc-link ez-toc-heading-5\" href=\"https:\/\/raum-blick.de\/magazin\/kleines-arbeitszimmer-einrichten-wenig-flaeche-optimal-nutzen\/#It-Arbeits-Helfer_Nummer_3_Aufbewahrungsloesungen\" >It-Arbeits-Helfer Nummer 3: Aufbewahrungsl\u00f6sungen<\/a><\/li><li class='ez-toc-page-1 ez-toc-heading-level-3'><a class=\"ez-toc-link ez-toc-heading-6\" href=\"https:\/\/raum-blick.de\/magazin\/kleines-arbeitszimmer-einrichten-wenig-flaeche-optimal-nutzen\/#It-Arbeits-Helfer_Nummer_4_Farbe_fuers_kleine_Arbeitszimmer\" >It-Arbeits-Helfer Nummer 4: Farbe f\u00fcrs kleine Arbeitszimmer<\/a><\/li><li class='ez-toc-page-1 ez-toc-heading-level-3'><a class=\"ez-toc-link ez-toc-heading-7\" href=\"https:\/\/raum-blick.de\/magazin\/kleines-arbeitszimmer-einrichten-wenig-flaeche-optimal-nutzen\/#It-Arbeits-Helfer_Nummer_5_die_persoenliche_Note_in_Sachen_%E2%80%9EKleines_Arbeitszimmer_einrichten%E2%80%9C\" >It-Arbeits-Helfer Nummer 5: die pers\u00f6nliche Note in Sachen \u201eKleines Arbeitszimmer einrichten&#8220;<\/a><\/li><li class='ez-toc-page-1 ez-toc-heading-level-3'><a class=\"ez-toc-link ez-toc-heading-8\" href=\"https:\/\/raum-blick.de\/magazin\/kleines-arbeitszimmer-einrichten-wenig-flaeche-optimal-nutzen\/#All_of_me\" >All of me<\/a><\/li><li class='ez-toc-page-1 ez-toc-heading-level-3'><a class=\"ez-toc-link ez-toc-heading-9\" href=\"https:\/\/raum-blick.de\/magazin\/kleines-arbeitszimmer-einrichten-wenig-flaeche-optimal-nutzen\/#Bereit_zum_Einrichten\" >Bereit zum Einrichten?<\/a><\/li><\/ul><\/li><\/ul><\/nav><\/div>\n\n\n\n\n<h4 class=\"wp-block-heading\">Gerne multifunktional<\/h4>\n\n\n\n<p>Wo wenig Platz ist, sind clevere L\u00f6sungen gefragt. Beispielsweise ein Klapp-Schreibtisch, den Sie nach der Arbeit einfach wieder einklappen. Oder praktische Schreibtisch-Regal-Kombinationen wie unsere <a href=\"https:\/\/www.raum-blick.de\/string-furniture\/\">Lieblinge von STRING FURNITURE<\/a>, die f\u00fcr zus\u00e4tzlichen Stauraum sorgen. Denn nach oben haben Sie ja auf alle F\u00e4lle gen\u00fcgend Platz zur Verf\u00fcgung, auch wenn das Zimmer nicht riesig ist.<\/p>\n\n\n\n<h4 class=\"wp-block-heading\">Auf alle F\u00e4lle ergonomisch<\/h4>\n\n\n\n<p>Ganz wichtig f\u00fcr eine gesunde K\u00f6rperhaltung sind eine angenehme Arbeitsh\u00f6he, die zwischen 72 und 75 cm liegt und nat\u00fcrlich ein bequemer Stuhl. Es lohnt sich auf alle F\u00e4lle, hier ein wenig mehr zu investieren und am besten gleich einen h\u00f6henverstellbaren Schreibtisch oder einen ergonomischen B\u00fcrostuhl zu kaufen, denn Ihr R\u00fccken wird es Ihnen danken.<\/p>\n\n\n\n<div class=\"wp-block-columns is-layout-flex wp-container-core-columns-is-layout-9d6595d7 wp-block-columns-is-layout-flex\">\n<div class=\"wp-block-column is-layout-flow wp-block-column-is-layout-flow\">\n<figure class=\"wp-block-image size-large\"><img loading=\"lazy\" decoding=\"async\" width=\"1024\" height=\"1024\" src=\"https:\/\/www.raum-blick.de\/magazin\/wp-content\/uploads\/2024\/09\/eiche-weiss-schreibtisch-string_95062-1024x1024.jpg\" alt=\"Ergonomie ist im Arbeitszimmer das A und O. Gut, dass sich der Works Schreibtisch von STRING FURNITURE in der H\u00f6he verstellen l\u00e4sst. \" class=\"wp-image-20970\" title=\"\" srcset=\"https:\/\/raum-blick.de\/magazin\/wp-content\/uploads\/2024\/09\/eiche-weiss-schreibtisch-string_95062-1024x1024.jpg 1024w, https:\/\/raum-blick.de\/magazin\/wp-content\/uploads\/2024\/09\/eiche-weiss-schreibtisch-string_95062-300x300.jpg 300w, https:\/\/raum-blick.de\/magazin\/wp-content\/uploads\/2024\/09\/eiche-weiss-schreibtisch-string_95062-150x150.jpg 150w, https:\/\/raum-blick.de\/magazin\/wp-content\/uploads\/2024\/09\/eiche-weiss-schreibtisch-string_95062-768x768.jpg 768w, https:\/\/raum-blick.de\/magazin\/wp-content\/uploads\/2024\/09\/eiche-weiss-schreibtisch-string_95062.jpg 1500w\" sizes=\"(max-width: 1024px) 100vw, 1024px\" \/><figcaption class=\"wp-element-caption\"><em>Geradlinig: STRING Works<\/em><\/figcaption><\/figure>\n<\/div>\n\n\n\n<div class=\"wp-block-column is-layout-flow wp-block-column-is-layout-flow\">\n<figure class=\"wp-block-image size-full\"><img loading=\"lazy\" decoding=\"async\" width=\"800\" height=\"800\" src=\"https:\/\/www.raum-blick.de\/magazin\/wp-content\/uploads\/2024\/09\/frezza-pop-bench-square-schreibtisch_97040.jpg\" alt=\"Der Pop Square von FREZZA ist einfach edel und macht \u00fcberall bella figura.\" class=\"wp-image-20961\" title=\"\" srcset=\"https:\/\/raum-blick.de\/magazin\/wp-content\/uploads\/2024\/09\/frezza-pop-bench-square-schreibtisch_97040.jpg 800w, https:\/\/raum-blick.de\/magazin\/wp-content\/uploads\/2024\/09\/frezza-pop-bench-square-schreibtisch_97040-300x300.jpg 300w, https:\/\/raum-blick.de\/magazin\/wp-content\/uploads\/2024\/09\/frezza-pop-bench-square-schreibtisch_97040-150x150.jpg 150w, https:\/\/raum-blick.de\/magazin\/wp-content\/uploads\/2024\/09\/frezza-pop-bench-square-schreibtisch_97040-768x768.jpg 768w\" sizes=\"(max-width: 800px) 100vw, 800px\" \/><figcaption class=\"wp-element-caption\"><em>Clean: FREZZA Pop Square<\/em><\/figcaption><\/figure>\n<\/div>\n<\/div>\n\n\n\n<figure class=\"wp-block-gallery has-nested-images columns-default is-cropped wp-block-gallery-3 is-layout-flex wp-block-gallery-is-layout-flex\">\n<figure class=\"wp-block-image size-large\"><img loading=\"lazy\" decoding=\"async\" width=\"1024\" height=\"1024\" data-id=\"20969\" src=\"https:\/\/www.raum-blick.de\/magazin\/wp-content\/uploads\/2024\/09\/string-schreibtisch-160x78-eiche_95060-1024x1024.jpg\" alt=\"Kleines Arbeitszimmer einrichten: STRING FURNITURE hat neben Regalen auch funktionale Schreibtische wie den Works zu bieten.\" class=\"wp-image-20969\" title=\"\" srcset=\"https:\/\/raum-blick.de\/magazin\/wp-content\/uploads\/2024\/09\/string-schreibtisch-160x78-eiche_95060-1024x1024.jpg 1024w, https:\/\/raum-blick.de\/magazin\/wp-content\/uploads\/2024\/09\/string-schreibtisch-160x78-eiche_95060-300x300.jpg 300w, https:\/\/raum-blick.de\/magazin\/wp-content\/uploads\/2024\/09\/string-schreibtisch-160x78-eiche_95060-150x150.jpg 150w, https:\/\/raum-blick.de\/magazin\/wp-content\/uploads\/2024\/09\/string-schreibtisch-160x78-eiche_95060-768x768.jpg 768w, https:\/\/raum-blick.de\/magazin\/wp-content\/uploads\/2024\/09\/string-schreibtisch-160x78-eiche_95060.jpg 1500w\" sizes=\"(max-width: 1024px) 100vw, 1024px\" \/><\/figure>\n\n\n\n<figure class=\"wp-block-image size-large\"><img loading=\"lazy\" decoding=\"async\" width=\"800\" height=\"800\" data-id=\"20960\" src=\"https:\/\/www.raum-blick.de\/magazin\/wp-content\/uploads\/2024\/09\/frezza-pop-bench-square-180-x-80-cm-schreibtisch_97038.jpg\" alt=\"Elegant, minimalistisch und einfach \u00fcberzeugend: der Pop Square Schreibtisch des italienischen Labels FREZZA.\" class=\"wp-image-20960\" title=\"\" srcset=\"https:\/\/raum-blick.de\/magazin\/wp-content\/uploads\/2024\/09\/frezza-pop-bench-square-180-x-80-cm-schreibtisch_97038.jpg 800w, https:\/\/raum-blick.de\/magazin\/wp-content\/uploads\/2024\/09\/frezza-pop-bench-square-180-x-80-cm-schreibtisch_97038-300x300.jpg 300w, https:\/\/raum-blick.de\/magazin\/wp-content\/uploads\/2024\/09\/frezza-pop-bench-square-180-x-80-cm-schreibtisch_97038-150x150.jpg 150w, https:\/\/raum-blick.de\/magazin\/wp-content\/uploads\/2024\/09\/frezza-pop-bench-square-180-x-80-cm-schreibtisch_97038-768x768.jpg 768w\" sizes=\"(max-width: 800px) 100vw, 800px\" \/><\/figure>\n\n\n\n<figure class=\"wp-block-image size-large\"><img loading=\"lazy\" decoding=\"async\" width=\"400\" height=\"400\" data-id=\"20958\" src=\"https:\/\/www.raum-blick.de\/magazin\/wp-content\/uploads\/2024\/09\/jan-kurtz-desk-schreibtisch-schublade-offen_70992_200x200@2x.jpg\" alt=\"Klare Linien und ein liebevolles Detail: Der Desk von Jan Kurtz punktet mit einer praktischen Schublade und ist vielseitig einsetzbar.\" class=\"wp-image-20958\" title=\"\" srcset=\"https:\/\/raum-blick.de\/magazin\/wp-content\/uploads\/2024\/09\/jan-kurtz-desk-schreibtisch-schublade-offen_70992_200x200@2x.jpg 400w, https:\/\/raum-blick.de\/magazin\/wp-content\/uploads\/2024\/09\/jan-kurtz-desk-schreibtisch-schublade-offen_70992_200x200@2x-300x300.jpg 300w, https:\/\/raum-blick.de\/magazin\/wp-content\/uploads\/2024\/09\/jan-kurtz-desk-schreibtisch-schublade-offen_70992_200x200@2x-150x150.jpg 150w\" sizes=\"(max-width: 400px) 100vw, 400px\" \/><\/figure>\n<figcaption class=\"blocks-gallery-caption wp-element-caption\"><em>Diese drei Schreibtische hier sind perfekt f\u00fcr kleine B\u00fcros und bieten auch drunter noch Platz f\u00fcr einen Rollcontainer: Garz links der <a href=\"https:\/\/www.raum-blick.de\/string-furniture-schreibtisch-works\">geradlinige STRING Works<\/a>, in drei unterschiedlichen Breiten und optional h\u00f6henverstellbar. In der Mitte der <a href=\"https:\/\/www.raum-blick.de\/frezza\/\">cleane FREZZA Pop Square<\/a> und rechts der <a href=\"https:\/\/www.raum-blick.de\/jan-kurtz\/\">minimalistische Desk von Jan Kurtz<\/a> mit praktischer Schublade.<\/em><\/figcaption><\/figure>\n\n\n\n<hr class=\"wp-block-separator has-alpha-channel-opacity\"\/>\n\n\n\n<h3 class=\"wp-block-heading\"><span class=\"ez-toc-section\" id=\"It-Arbeits-Helfer_Nummer_2_Regale_fuers_Einrichten_kleiner_Arbeitszimmer\"><\/span>It-Arbeits-Helfer Nummer 2: Regale f\u00fcrs Einrichten kleiner Arbeitszimmer<span class=\"ez-toc-section-end\"><\/span><\/h3>\n\n\n\n<h4 class=\"wp-block-heading\">Immer an der Wand hoch<\/h4>\n\n\n\n<p>Ein kleines Homeoffice einrichten, daf\u00fcr sind Wandregale wie gemacht. Denn damit k\u00f6nnen Sie den vertikalen Raum wunderbar nutzen, zudem noch dekorative Akzente setzen und: Der Boden bleibt frei. Also nichts wie ab ins Regal mit B\u00fcchern, Pflanzen oder Ihren Lieblingsbildern.<\/p>\n\n\n\n<h4 class=\"wp-block-heading\">Offen oder geschlossen?<\/h4>\n\n\n\n<p>Ja, das ist hier die Frage und wie immer gibt es nicht DIE eine Antwort. Denn jedes System hat etwas f\u00fcr sich. Offene Regale wirken leicht und luftig, daf\u00fcr bieten geschlossene mehr Stauraum bieten und man hier auch mal unordentlich sein darf. Es ist also eine Typ-Frage. Und die k\u00f6nnen nur Sie beantworten. Aber egal, welche Variante, sie sollte zu Ihrem Stil und Ihren Bed\u00fcrfnissen passen.<\/p>\n\n\n\n<h4 class=\"wp-block-heading\">Modular ist super!<\/h4>\n\n\n\n<p>Warum? Weil Sie damit komplett flexibel sind nat\u00fcrlich. Sie k\u00f6nnen das Regelsystem immer wieder neu an Ihre Bed\u00fcrfnisse anpassen, umgestalten oder erweitern. Ihrer Kreativit\u00e4t sind also keine Grenzen gesetzt. Und so ein kleiner Raum ist dann ja doch auch eine Challenge und die gewinnen wir mit modularen Regalsystemen auf jeden Fall.<\/p>\n\n\n\n<figure class=\"wp-block-gallery has-nested-images columns-default is-cropped wp-block-gallery-4 is-layout-flex wp-block-gallery-is-layout-flex\">\n<figure class=\"wp-block-image size-large\"><img loading=\"lazy\" decoding=\"async\" width=\"400\" height=\"400\" data-id=\"20962\" src=\"https:\/\/www.raum-blick.de\/magazin\/wp-content\/uploads\/2024\/09\/string-regal-works-W2_67490_200x200@2x.jpg\" alt=\"STRING Regelsysteme sind perfekt f\u00fcr das Projekt \u201eKleines Arbeitszimmer einrichten&quot;. Hier eine Kombination aus Regalen, Schr\u00e4nken und integriertem Schreibtisch.\" class=\"wp-image-20962\" title=\"\" srcset=\"https:\/\/raum-blick.de\/magazin\/wp-content\/uploads\/2024\/09\/string-regal-works-W2_67490_200x200@2x.jpg 400w, https:\/\/raum-blick.de\/magazin\/wp-content\/uploads\/2024\/09\/string-regal-works-W2_67490_200x200@2x-300x300.jpg 300w, https:\/\/raum-blick.de\/magazin\/wp-content\/uploads\/2024\/09\/string-regal-works-W2_67490_200x200@2x-150x150.jpg 150w\" sizes=\"(max-width: 400px) 100vw, 400px\" \/><figcaption class=\"wp-element-caption\">STRING Regal | Konfiguration W2<\/figcaption><\/figure>\n\n\n\n<figure class=\"wp-block-image size-large\"><img loading=\"lazy\" decoding=\"async\" width=\"1024\" height=\"1024\" data-id=\"20971\" src=\"https:\/\/www.raum-blick.de\/magazin\/wp-content\/uploads\/2024\/09\/string-pocket-grau_23200BqmFZoJXpXGKL_18454-1024x1024.jpg\" alt=\"STRING Pocket ist das kleinste System  des schwedischen Labels. Aber es ist unglaublich vielseitig und passt mit seinen zig Farben in jeden Raum. \" class=\"wp-image-20971\" title=\"\" srcset=\"https:\/\/raum-blick.de\/magazin\/wp-content\/uploads\/2024\/09\/string-pocket-grau_23200BqmFZoJXpXGKL_18454-1024x1024.jpg 1024w, https:\/\/raum-blick.de\/magazin\/wp-content\/uploads\/2024\/09\/string-pocket-grau_23200BqmFZoJXpXGKL_18454-300x300.jpg 300w, https:\/\/raum-blick.de\/magazin\/wp-content\/uploads\/2024\/09\/string-pocket-grau_23200BqmFZoJXpXGKL_18454-150x150.jpg 150w, https:\/\/raum-blick.de\/magazin\/wp-content\/uploads\/2024\/09\/string-pocket-grau_23200BqmFZoJXpXGKL_18454-768x768.jpg 768w, https:\/\/raum-blick.de\/magazin\/wp-content\/uploads\/2024\/09\/string-pocket-grau_23200BqmFZoJXpXGKL_18454.jpg 1500w\" sizes=\"(max-width: 1024px) 100vw, 1024px\" \/><figcaption class=\"wp-element-caption\">STRING Pocket<\/figcaption><\/figure>\n\n\n\n<figure class=\"wp-block-image size-large\"><img loading=\"lazy\" decoding=\"async\" width=\"1024\" height=\"1024\" data-id=\"20968\" src=\"https:\/\/www.raum-blick.de\/magazin\/wp-content\/uploads\/2024\/09\/esche-schreibtisch-string_95064-1024x1024.jpg\" alt=\"Kleines Arbeitszimmer einrichten: Mit STRING FURNITURE ein Kinderspiel. Denn hier gibt es nicht nur Regalsysteme, sondern auch funktionale Schreibtische. \" class=\"wp-image-20968\" title=\"\" srcset=\"https:\/\/raum-blick.de\/magazin\/wp-content\/uploads\/2024\/09\/esche-schreibtisch-string_95064-1024x1024.jpg 1024w, https:\/\/raum-blick.de\/magazin\/wp-content\/uploads\/2024\/09\/esche-schreibtisch-string_95064-300x300.jpg 300w, https:\/\/raum-blick.de\/magazin\/wp-content\/uploads\/2024\/09\/esche-schreibtisch-string_95064-150x150.jpg 150w, https:\/\/raum-blick.de\/magazin\/wp-content\/uploads\/2024\/09\/esche-schreibtisch-string_95064-768x768.jpg 768w, https:\/\/raum-blick.de\/magazin\/wp-content\/uploads\/2024\/09\/esche-schreibtisch-string_95064.jpg 1500w\" sizes=\"(max-width: 1024px) 100vw, 1024px\" \/><figcaption class=\"wp-element-caption\">STRING Regal und Schreibtisch Works<\/figcaption><\/figure>\n<figcaption class=\"blocks-gallery-caption wp-element-caption\"><em>STRING Regalsysteme sind so simpel wie genial. Diverse Seitenteile, Regalb\u00f6den, Schrankelemente, Schubladen und unendlich viele Kombinationsm\u00f6glichkeiten. Das kleinste ist mit 60 cm Breite das <a href=\"https:\/\/www.raum-blick.de\/string-furniture-pocket-regal\">zeitlose STRING Pocket<\/a> (Mitte), das es in zig verschiedenen Farben gibt. Also:<\/em> <em>Schaffen Sie Ordnung und sparen Sie Platz oder ganz einfach \u201eFeel STRING&#8220;!<\/em><\/figcaption><\/figure>\n\n\n\n<figure class=\"wp-block-image size-large\"><img loading=\"lazy\" decoding=\"async\" width=\"1024\" height=\"1024\" src=\"https:\/\/www.raum-blick.de\/magazin\/wp-content\/uploads\/2024\/09\/string-schreibtischplatte_74806_1280x1280@2x-1024x1024.jpg\" alt=\"Kleines Arbeitszimmer einrichten? STRING FURNITURE hat bis auf den Stuhl alles, was Sie daf\u00fcr brauchen. \" class=\"wp-image-20972\" title=\"\" srcset=\"https:\/\/raum-blick.de\/magazin\/wp-content\/uploads\/2024\/09\/string-schreibtischplatte_74806_1280x1280@2x-1024x1024.jpg 1024w, https:\/\/raum-blick.de\/magazin\/wp-content\/uploads\/2024\/09\/string-schreibtischplatte_74806_1280x1280@2x-300x300.jpg 300w, https:\/\/raum-blick.de\/magazin\/wp-content\/uploads\/2024\/09\/string-schreibtischplatte_74806_1280x1280@2x-150x150.jpg 150w, https:\/\/raum-blick.de\/magazin\/wp-content\/uploads\/2024\/09\/string-schreibtischplatte_74806_1280x1280@2x-768x768.jpg 768w, https:\/\/raum-blick.de\/magazin\/wp-content\/uploads\/2024\/09\/string-schreibtischplatte_74806_1280x1280@2x.jpg 1500w\" sizes=\"(max-width: 1024px) 100vw, 1024px\" \/><figcaption class=\"wp-element-caption\"><em>Wenig Platz, aber viel Charme, Ruhe und Stauraum. In dieses Arbeitszimmer kann man sich sofort verlieben. Und STRING hat alles, was Sie gl\u00fccklich macht. <\/em><\/figcaption><\/figure>\n\n\n\n<hr class=\"wp-block-separator has-alpha-channel-opacity\"\/>\n\n\n\n<h3 class=\"wp-block-heading\"><span class=\"ez-toc-section\" id=\"It-Arbeits-Helfer_Nummer_3_Aufbewahrungsloesungen\"><\/span>It-Arbeits-Helfer Nummer 3: Aufbewahrungsl\u00f6sungen <span class=\"ez-toc-section-end\"><\/span><\/h3>\n\n\n\n<h4 class=\"wp-block-heading\">Box it!<\/h4>\n\n\n\n<p>Clever organisiert ist das halbe (Arbeits-)Leben. Deshalb sind Aufbewahrungsboxen ja auch so praktisch. Egal ob aus Stoff oder Kunststoff, sie helfen Ihnen dabei, Kleinigkeiten ordentlich zu verstauen und lassen gleichzeitig den Raum aufger\u00e4umt wirken. W\u00e4hlen Sie am besten verschiedene Gr\u00f6\u00dfen und Farben, um einen individuellen Look zu kreieren.<\/p>\n\n\n\n<h4 class=\"wp-block-heading\">Klappe auf!<\/h4>\n\n\n\n<p>Oder besser gesagt die Schublade. Und davon h\u00e4tten wir bitte gerne gleich ein ganzes System. Denn das braucht es f\u00fcr die Organisation Ihres Arbeitsplatzes. H\u00e4ufig ben\u00f6tigte Utensilien wie Stifte oder Notizbl\u00f6cke kommen in die obersten Schubladen, weniger genutzte Dinge finden weiter unten ihren Platz.<\/p>\n\n\n\n<h4 class=\"wp-block-heading\">Schluss mit dem Kabelsalat!<\/h4>\n\n\n\n<p>Und auch in puncto Kabel geht nichts \u00fcber ein effizientes Management. Schlie\u00dflich wirkt so ein Kabelsalat nicht nur schnell unordentlich, er macht den Arbeitsplatz auch un\u00fcbersichtlich. Deshalb: Die Kabel mit Kabelkan\u00e4len oder -bindern ordentlich b\u00fcndeln und sie aus dem Sichtfeld zu entfernen.<\/p>\n\n\n\n<figure class=\"wp-block-image size-large\"><img loading=\"lazy\" decoding=\"async\" width=\"1024\" height=\"1024\" src=\"https:\/\/www.raum-blick.de\/magazin\/wp-content\/uploads\/2024\/09\/schwarz-draufsicht_95084_1280x1280@2x-1024x1024.jpg\" alt=\"Clevere L\u00f6sung: Beim STRING Wokrs Schreibtisch verschwinden die Kabel einfach durch die \u00d6ffnung in der Tischplatte. Tsch\u00fcss Kabelsalat.\" class=\"wp-image-20973\" title=\"\" srcset=\"https:\/\/raum-blick.de\/magazin\/wp-content\/uploads\/2024\/09\/schwarz-draufsicht_95084_1280x1280@2x-1024x1024.jpg 1024w, https:\/\/raum-blick.de\/magazin\/wp-content\/uploads\/2024\/09\/schwarz-draufsicht_95084_1280x1280@2x-300x300.jpg 300w, https:\/\/raum-blick.de\/magazin\/wp-content\/uploads\/2024\/09\/schwarz-draufsicht_95084_1280x1280@2x-150x150.jpg 150w, https:\/\/raum-blick.de\/magazin\/wp-content\/uploads\/2024\/09\/schwarz-draufsicht_95084_1280x1280@2x-768x768.jpg 768w, https:\/\/raum-blick.de\/magazin\/wp-content\/uploads\/2024\/09\/schwarz-draufsicht_95084_1280x1280@2x.jpg 1500w\" sizes=\"(max-width: 1024px) 100vw, 1024px\" \/><figcaption class=\"wp-element-caption\"><em>Kein Kabelsatat: Beim STRING Wokrs Schreibtisch verschwinden die Kabel einfach durch die \u00d6ffnung in der Tischplatte. Clean und schick.<\/em><\/figcaption><\/figure>\n\n\n\n<hr class=\"wp-block-separator has-alpha-channel-opacity\"\/>\n\n\n\n<h3 class=\"wp-block-heading\"><span class=\"ez-toc-section\" id=\"It-Arbeits-Helfer_Nummer_4_Farbe_fuers_kleine_Arbeitszimmer\"><\/span>It-Arbeits-Helfer Nummer 4: Farbe f\u00fcrs kleine Arbeitszimmer<span class=\"ez-toc-section-end\"><\/span><\/h3>\n\n\n\n<h4 class=\"wp-block-heading\">Color your work!<\/h4>\n\n\n\n<p>Ein kleines Arbeitszimmer einrichten? Da braucht es auf alle F\u00e4lle Farbe. Denn auch die hat einen gro\u00dfen Einfluss auf Ihre Produktivit\u00e4t und Kreativit\u00e4t. Helle Farben wie Wei\u00df oder Pastellt\u00f6ne lassen den Raum gr\u00f6\u00dfer wirken, w\u00e4hrend kr\u00e4ftige Farben Akzente setzen. Apropos, es darf gerne auch eine ganze Wand in einer kr\u00e4ftigen Farbe oder mit einer Tapete sein. Das gibt dem Raum Charakter, ohne ihn optisch zu verkleinern. Natur-, Braun- und Beiget\u00f6ne sind \u00fcbrigens besonders harmonisch zu hellen H\u00f6lzern.<\/p>\n\n\n\n<figure class=\"wp-block-gallery has-nested-images columns-default is-cropped wp-block-gallery-5 is-layout-flex wp-block-gallery-is-layout-flex\">\n<figure class=\"wp-block-image size-large\"><img loading=\"lazy\" decoding=\"async\" width=\"1024\" height=\"1024\" data-id=\"20983\" src=\"https:\/\/www.raum-blick.de\/magazin\/wp-content\/uploads\/2024\/09\/string-pocket-livingroom-blush_landscape_xxlarge-BlushHzRR6GiRKB9lQ-1024x1024.jpg\" alt=\"Das STRING Pocket Regal in softem Puderton macht den Raum gleich ein bisschen harmonischer. \" class=\"wp-image-20983\" title=\"\" srcset=\"https:\/\/raum-blick.de\/magazin\/wp-content\/uploads\/2024\/09\/string-pocket-livingroom-blush_landscape_xxlarge-BlushHzRR6GiRKB9lQ-1024x1024.jpg 1024w, https:\/\/raum-blick.de\/magazin\/wp-content\/uploads\/2024\/09\/string-pocket-livingroom-blush_landscape_xxlarge-BlushHzRR6GiRKB9lQ-300x300.jpg 300w, https:\/\/raum-blick.de\/magazin\/wp-content\/uploads\/2024\/09\/string-pocket-livingroom-blush_landscape_xxlarge-BlushHzRR6GiRKB9lQ-150x150.jpg 150w, https:\/\/raum-blick.de\/magazin\/wp-content\/uploads\/2024\/09\/string-pocket-livingroom-blush_landscape_xxlarge-BlushHzRR6GiRKB9lQ-768x768.jpg 768w, https:\/\/raum-blick.de\/magazin\/wp-content\/uploads\/2024\/09\/string-pocket-livingroom-blush_landscape_xxlarge-BlushHzRR6GiRKB9lQ.jpg 1500w\" sizes=\"(max-width: 1024px) 100vw, 1024px\" \/><\/figure>\n\n\n\n<figure class=\"wp-block-image size-large\"><img loading=\"lazy\" decoding=\"async\" width=\"400\" height=\"400\" data-id=\"18394\" src=\"https:\/\/www.raum-blick.de\/magazin\/wp-content\/uploads\/2023\/09\/string-pocket-green-regalsystem_89651_200x200@2x.jpg\" alt=\"Gr\u00fcn auf Gr\u00fcn, das knallt! Das STRING Pocket Regal ist einfach wunderbar wandlungsf\u00e4hig.\" class=\"wp-image-18394\" title=\"\" srcset=\"https:\/\/raum-blick.de\/magazin\/wp-content\/uploads\/2023\/09\/string-pocket-green-regalsystem_89651_200x200@2x.jpg 400w, https:\/\/raum-blick.de\/magazin\/wp-content\/uploads\/2023\/09\/string-pocket-green-regalsystem_89651_200x200@2x-300x300.jpg 300w, https:\/\/raum-blick.de\/magazin\/wp-content\/uploads\/2023\/09\/string-pocket-green-regalsystem_89651_200x200@2x-150x150.jpg 150w\" sizes=\"(max-width: 400px) 100vw, 400px\" \/><\/figure>\n<figcaption class=\"blocks-gallery-caption wp-element-caption\"><em>Soft oder kr\u00e4ftig, das liegt ganz bei Ihnen. Aber Sie sehen schon: Farbe macht etwas mit uns. Denn sie beeinflussen die Stimmung. Im \u00dcbrigen ist Gr\u00fcn einer der Anti-Stress-Farben, die zudem vitalisierend wirkt. Sp\u00fcren Sie&#8217;s schon?<\/em><\/figcaption><\/figure>\n\n\n\n<hr class=\"wp-block-separator has-alpha-channel-opacity\"\/>\n\n\n\n<h3 class=\"wp-block-heading\"><span class=\"ez-toc-section\" id=\"It-Arbeits-Helfer_Nummer_5_die_persoenliche_Note_in_Sachen_%E2%80%9EKleines_Arbeitszimmer_einrichten%E2%80%9C\"><\/span>It-Arbeits-Helfer Nummer 5: die pers\u00f6nliche Note in Sachen \u201eKleines Arbeitszimmer einrichten&#8220;<span class=\"ez-toc-section-end\"><\/span><\/h3>\n\n\n\n<h3 class=\"wp-block-heading\"><span class=\"ez-toc-section\" id=\"All_of_me\"><\/span>All of me<span class=\"ez-toc-section-end\"><\/span><\/h3>\n\n\n\n<p>Um uns wohlzuf\u00fchlen, umgeben wir uns gerne mit Dingen, die wir m\u00f6gen und zu denen wir einen Bezug haben. Und genau die brauchen wir auch in unserem Arbeitszimmer. Fotos unserer liebsten, Kunstwerke an den W\u00e4nden oder unsere Lieblingspflanzen. All das gibt dem Raum Pers\u00f6nlichkeit und inspiriert uns. Pflanzen sorgen zudem f\u00fcr ein besseres Raumklima und sie bringen Leben in jeden noch so kleinen Raum. Besonders pflegeleicht sind dabei beispielsweise Sukkulenten oder Gr\u00fcnlilien, die auch nicht viel Licht ben\u00f6tigen.<\/p>\n\n\n\n<hr class=\"wp-block-separator has-alpha-channel-opacity\"\/>\n\n\n\n<h3 class=\"wp-block-heading\"><span class=\"ez-toc-section\" id=\"Bereit_zum_Einrichten\"><\/span>Bereit zum Einrichten?<span class=\"ez-toc-section-end\"><\/span><\/h3>\n\n\n\n<p>Sie sehen: Ein kleines Arbeitszimmer muss nicht eng oder ungem\u00fctlich sein \u2013 mit durchdachten M\u00f6beln, cleveren Aufbewahrungsl\u00f6sungen und einer pers\u00f6nlichen Note k\u00f6nnen Sie einen funktionalen und inspirierenden Arbeitsplatz schaffen! Und vergessen Sie nicht, regelm\u00e4\u00dfig auszumisten und Ihren Raum neu zu gestalten, um frische Energie in Ihre Arbeit zu bringen.<\/p>\n\n\n\n<p>Also nichts wie auf ins Abenteuer \u201eKleines Arbeitszimmer einrichten\u201c \u2013 wir w\u00fcnschen schon mal viel Spa\u00df beim Gestalten!<\/p>\n\n\n\n<div class=\"wp-block-buttons is-layout-flex wp-block-buttons-is-layout-flex\">\n<div class=\"wp-block-button aligncenter\"><a class=\"wp-block-button__link has-white-color has-text-color wp-element-button\" href=\"https:\/\/www.raum-blick.de\">Jetzt in unserem Shop inspirieren lassen!<\/a><\/div>\n<\/div>\n<\/p>","protected":false},"excerpt":{"rendered":"<p>\u00ab Clevere L\u00f6sungen f\u00fcr gro\u00dfartige Wow-Momente \u00bb Wenig Platz zu haben stellt einen vor gro\u00dfe Herausforderungen. Aber wenn man wei\u00df, worauf es ankommt, ist das Projekt \u201eKleines Arbeitszimmer einrichten&#8220; nicht nur ein Kinderspiel, es macht auch richtig Laune. Hier erfahren Sie, wie Sie mit praktischen M\u00f6beln und cleveren Stauraum-L\u00f6sungen eine funktionale und inspirierende Arbeitsatmosph\u00e4re schaffen. [&hellip;]<\/p>\n","protected":false},"author":4,"featured_media":20962,"comment_status":"closed","ping_status":"open","sticky":false,"template":"","format":"standard","meta":{"_et_pb_use_builder":"","_et_pb_old_content":"","_et_gb_content_width":"","inline_featured_image":false,"footnotes":""},"categories":[1],"tags":[419,1358,475,671,2281,2282,2115,1357,1762,1251,954,2114,1051,2279,914,77,24,1829,2280],"class_list":["post-20954","post","type-post","status-publish","format-standard","has-post-thumbnail","hentry","category-drinnen","tag-buero","tag-buerogestaltung","tag-bueromoebel","tag-bueroregale","tag-frezza","tag-frezza-schreibtisch","tag-heimarbeitsplatz","tag-heimbuero","tag-home-office-arbeitsplatz","tag-home-office","tag-homeoffice","tag-homeoffice-einrichten","tag-jan-kurtz","tag-kleines-arbeitszimmer-einrichten","tag-schreibtisch","tag-schreibtische","tag-string-pocket","tag-string-regal","tag-string-schreibtisch"],"_links":{"self":[{"href":"https:\/\/raum-blick.de\/magazin\/wp-json\/wp\/v2\/posts\/20954","targetHints":{"allow":["GET"]}}],"collection":[{"href":"https:\/\/raum-blick.de\/magazin\/wp-json\/wp\/v2\/posts"}],"about":[{"href":"https:\/\/raum-blick.de\/magazin\/wp-json\/wp\/v2\/types\/post"}],"author":[{"embeddable":true,"href":"https:\/\/raum-blick.de\/magazin\/wp-json\/wp\/v2\/users\/4"}],"replies":[{"embeddable":true,"href":"https:\/\/raum-blick.de\/magazin\/wp-json\/wp\/v2\/comments?post=20954"}],"version-history":[{"count":17,"href":"https:\/\/raum-blick.de\/magazin\/wp-json\/wp\/v2\/posts\/20954\/revisions"}],"predecessor-version":[{"id":21111,"href":"https:\/\/raum-blick.de\/magazin\/wp-json\/wp\/v2\/posts\/20954\/revisions\/21111"}],"wp:featuredmedia":[{"embeddable":true,"href":"https:\/\/raum-blick.de\/magazin\/wp-json\/wp\/v2\/media\/20962"}],"wp:attachment":[{"href":"https:\/\/raum-blick.de\/magazin\/wp-json\/wp\/v2\/media?parent=20954"}],"wp:term":[{"taxonomy":"category","embeddable":true,"href":"https:\/\/raum-blick.de\/magazin\/wp-json\/wp\/v2\/categories?post=20954"},{"taxonomy":"post_tag","embeddable":true,"href":"https:\/\/raum-blick.de\/magazin\/wp-json\/wp\/v2\/tags?post=20954"}],"curies":[{"name":"wp","href":"https:\/\/api.w.org\/{rel}","templated":true}]}}