{"id":20480,"date":"2024-09-20T06:43:58","date_gmt":"2024-09-20T04:43:58","guid":{"rendered":"https:\/\/www.raum-blick.de\/magazin\/?p=20480"},"modified":"2024-09-29T17:50:18","modified_gmt":"2024-09-29T15:50:18","slug":"finnisches-design-reduktion-auf-das-einfache","status":"publish","type":"post","link":"https:\/\/raum-blick.de\/magazin\/finnisches-design-reduktion-auf-das-einfache\/","title":{"rendered":"Finnisches Design: nat\u00fcrlich, detailverliebt, allt\u00e4glich"},"content":{"rendered":"\n<h2 class=\"wp-block-heading\"><span class=\"ez-toc-section\" id=\"%C2%AB_Die_Reduktion_auf_das_Einfache_%C2%BB\"><\/span>\u00ab Die Reduktion auf das Einfache \u00bb<span class=\"ez-toc-section-end\"><\/span><\/h2>\n\n\n\n<p><strong>Woran denken Sie, wenn Sie Finnland h\u00f6ren? An unber\u00fchrte Natur, glasklare Seen, Polarlichter, ewig helle Sommern\u00e4chte, Sauna, Trolle, B\u00e4ren? Vielleicht aber ja auch an finnisches Design, dessen Geschichte noch relativ jung ist, aber das schon l\u00e4ngst weltweit gesch\u00e4tzt wird, weil die augenscheinlich so sch\u00fcchternen und zur\u00fcckhaltenden Finnen genau wissen, wie man Alltagsgegenst\u00e4nde funktional und gut gestaltet. Und dabei ist bei weitem nicht alles reduziert und minimalistisch. Die neue, junge Designer-Generation arbeitet mit starken Farben, expressiven Formen und auch heute spielt das Handwerk noch immer eine entscheidende Rolle. Dabei sind die Grenzen zwischen Architektur und Design in Finnland flie\u00dfend. Das zeichnete schon das ber\u00fchmte Gestalter-Ehepaar Aino und Alvar Aalto aus. <\/strong><\/p>\n\n\n\n<figure class=\"wp-block-gallery has-nested-images columns-default is-cropped wp-block-gallery-2 is-layout-flex wp-block-gallery-is-layout-flex\">\n<figure class=\"wp-block-image size-large\"><img loading=\"lazy\" decoding=\"async\" width=\"683\" height=\"1024\" data-id=\"20518\" src=\"https:\/\/www.raum-blick.de\/magazin\/wp-content\/uploads\/2024\/08\/nikola-johnny-mirkovic-_yupcpfSNUw-unsplash-683x1024.jpg\" alt=\"Nordisches Design, die gro\u00dfe Unbekannte.\" class=\"wp-image-20518\" title=\"\" srcset=\"https:\/\/raum-blick.de\/magazin\/wp-content\/uploads\/2024\/08\/nikola-johnny-mirkovic-_yupcpfSNUw-unsplash-683x1024.jpg 683w, https:\/\/raum-blick.de\/magazin\/wp-content\/uploads\/2024\/08\/nikola-johnny-mirkovic-_yupcpfSNUw-unsplash-200x300.jpg 200w, https:\/\/raum-blick.de\/magazin\/wp-content\/uploads\/2024\/08\/nikola-johnny-mirkovic-_yupcpfSNUw-unsplash-768x1152.jpg 768w, https:\/\/raum-blick.de\/magazin\/wp-content\/uploads\/2024\/08\/nikola-johnny-mirkovic-_yupcpfSNUw-unsplash-1024x1536.jpg 1024w, https:\/\/raum-blick.de\/magazin\/wp-content\/uploads\/2024\/08\/nikola-johnny-mirkovic-_yupcpfSNUw-unsplash-1365x2048.jpg 1365w\" sizes=\"(max-width: 683px) 100vw, 683px\" \/><\/figure>\n\n\n\n<figure class=\"wp-block-image size-large\"><img loading=\"lazy\" decoding=\"async\" width=\"683\" height=\"1024\" data-id=\"20519\" src=\"https:\/\/www.raum-blick.de\/magazin\/wp-content\/uploads\/2024\/08\/miikka-luotio-RJUChBcCGNg-unsplash-683x1024.jpg\" alt=\"Finnland ist urspr\u00fcnglich und nat\u00fcrlich. Ein Land voller Mythen und Realisten. \" class=\"wp-image-20519\" title=\"\" srcset=\"https:\/\/raum-blick.de\/magazin\/wp-content\/uploads\/2024\/08\/miikka-luotio-RJUChBcCGNg-unsplash-683x1024.jpg 683w, https:\/\/raum-blick.de\/magazin\/wp-content\/uploads\/2024\/08\/miikka-luotio-RJUChBcCGNg-unsplash-200x300.jpg 200w, https:\/\/raum-blick.de\/magazin\/wp-content\/uploads\/2024\/08\/miikka-luotio-RJUChBcCGNg-unsplash-768x1152.jpg 768w, https:\/\/raum-blick.de\/magazin\/wp-content\/uploads\/2024\/08\/miikka-luotio-RJUChBcCGNg-unsplash-1024x1536.jpg 1024w, https:\/\/raum-blick.de\/magazin\/wp-content\/uploads\/2024\/08\/miikka-luotio-RJUChBcCGNg-unsplash-1365x2048.jpg 1365w\" sizes=\"(max-width: 683px) 100vw, 683px\" \/><\/figure>\n\n\n\n<figure class=\"wp-block-image size-large\"><img loading=\"lazy\" decoding=\"async\" width=\"768\" height=\"1024\" data-id=\"20520\" src=\"https:\/\/www.raum-blick.de\/magazin\/wp-content\/uploads\/2024\/08\/stefan-spassov-k87dHceae1w-unsplash-768x1024.jpg\" alt=\"Klare Linien, runde Formen, nat\u00fcrliche Farben. Finnisches Design ist vielschichtig und immer ein Meisterwerk der Handwerkskunst.\" class=\"wp-image-20520\" title=\"\" srcset=\"https:\/\/raum-blick.de\/magazin\/wp-content\/uploads\/2024\/08\/stefan-spassov-k87dHceae1w-unsplash-768x1024.jpg 768w, https:\/\/raum-blick.de\/magazin\/wp-content\/uploads\/2024\/08\/stefan-spassov-k87dHceae1w-unsplash-225x300.jpg 225w, https:\/\/raum-blick.de\/magazin\/wp-content\/uploads\/2024\/08\/stefan-spassov-k87dHceae1w-unsplash-1152x1536.jpg 1152w, https:\/\/raum-blick.de\/magazin\/wp-content\/uploads\/2024\/08\/stefan-spassov-k87dHceae1w-unsplash-1536x2048.jpg 1536w\" sizes=\"(max-width: 768px) 100vw, 768px\" \/><\/figure>\n<\/figure>\n\n\n\n<h2 class=\"wp-block-heading\"><span class=\"ez-toc-section\" id=\"Was_ist_charakteristisch_fuer_finnisches_Design\"><\/span>Was ist charakteristisch f\u00fcr finnisches Design?<span class=\"ez-toc-section-end\"><\/span><\/h2>\n\n\n\n<p>Vor allem eines: Es ist f\u00fcr alle gemacht und nicht einer elit\u00e4ren Gruppe vorbehalten. Die Produkte sind <strong>sch\u00f6n, durchdacht und: bezahlbar.<\/strong> Von den \u00fcber f\u00fcnf Millionen Finnen hat fast jeder eine Vase von Aalto zu Hause oder Bettw\u00e4sche von Marimekko mit dem peppigen Mohnblumenmuster, das die legend\u00e4re <a href=\"https:\/\/www.marimekko.com\/com_en\/maripedia\/designers\/maija-isola\" rel=\"nofollow noopener\" target=\"_blank\">Designerin Maja Isola<\/a> 1964 tats\u00e4chlich aus Protest entwarf, weil sie zeigen wollte, dass Blumen auch abseits des wahren Lebens sch\u00f6n sein k\u00f6nnen. Nicht zu vergessen die Fiskars-Schere mit dem markanten orangen Griff. Kinder wachsen in Finnland ganz selbstverst\u00e4ndlich mit Design auf, weil es Teil des allt\u00e4glichen Lebens ist und dazu gemacht, es angenehmer und einfacher zu machen.<\/p><div id=\"ez-toc-container\" class=\"ez-toc-v2_0_82_2 counter-hierarchy ez-toc-counter ez-toc-grey ez-toc-container-direction\">\n<div class=\"ez-toc-title-container\">\n<p class=\"ez-toc-title\" style=\"cursor:inherit\">Was hier auf Sie wartet<\/p>\n<span class=\"ez-toc-title-toggle\"><a href=\"#\" class=\"ez-toc-pull-right ez-toc-btn ez-toc-btn-xs ez-toc-btn-default ez-toc-toggle\" aria-label=\"Toggle Table of Content\"><span class=\"ez-toc-js-icon-con\"><span class=\"\"><span class=\"eztoc-hide\" style=\"display:none;\">Toggle<\/span><span class=\"ez-toc-icon-toggle-span\"><svg style=\"fill: #999;color:#999\" xmlns=\"http:\/\/www.w3.org\/2000\/svg\" class=\"list-377408\" width=\"20px\" height=\"20px\" viewBox=\"0 0 24 24\" fill=\"none\"><path d=\"M6 6H4v2h2V6zm14 0H8v2h12V6zM4 11h2v2H4v-2zm16 0H8v2h12v-2zM4 16h2v2H4v-2zm16 0H8v2h12v-2z\" fill=\"currentColor\"><\/path><\/svg><svg style=\"fill: #999;color:#999\" class=\"arrow-unsorted-368013\" xmlns=\"http:\/\/www.w3.org\/2000\/svg\" width=\"10px\" height=\"10px\" viewBox=\"0 0 24 24\" version=\"1.2\" baseProfile=\"tiny\"><path d=\"M18.2 9.3l-6.2-6.3-6.2 6.3c-.2.2-.3.4-.3.7s.1.5.3.7c.2.2.4.3.7.3h11c.3 0 .5-.1.7-.3.2-.2.3-.5.3-.7s-.1-.5-.3-.7zM5.8 14.7l6.2 6.3 6.2-6.3c.2-.2.3-.5.3-.7s-.1-.5-.3-.7c-.2-.2-.4-.3-.7-.3h-11c-.3 0-.5.1-.7.3-.2.2-.3.5-.3.7s.1.5.3.7z\"\/><\/svg><\/span><\/span><\/span><\/a><\/span><\/div>\n<nav><ul class='ez-toc-list ez-toc-list-level-1 ' ><li class='ez-toc-page-1 ez-toc-heading-level-2'><a class=\"ez-toc-link ez-toc-heading-1\" href=\"https:\/\/raum-blick.de\/magazin\/finnisches-design-reduktion-auf-das-einfache\/#%C2%AB_Die_Reduktion_auf_das_Einfache_%C2%BB\" >\u00ab Die Reduktion auf das Einfache \u00bb<\/a><\/li><li class='ez-toc-page-1 ez-toc-heading-level-2'><a class=\"ez-toc-link ez-toc-heading-2\" href=\"https:\/\/raum-blick.de\/magazin\/finnisches-design-reduktion-auf-das-einfache\/#Was_ist_charakteristisch_fuer_finnisches_Design\" >Was ist charakteristisch f\u00fcr finnisches Design?<\/a><ul class='ez-toc-list-level-3' ><li class='ez-toc-heading-level-3'><a class=\"ez-toc-link ez-toc-heading-3\" href=\"https:\/\/raum-blick.de\/magazin\/finnisches-design-reduktion-auf-das-einfache\/#Natuerliche_Materialien\" >Nat\u00fcrliche Materialien<\/a><\/li><li class='ez-toc-page-1 ez-toc-heading-level-3'><a class=\"ez-toc-link ez-toc-heading-4\" href=\"https:\/\/raum-blick.de\/magazin\/finnisches-design-reduktion-auf-das-einfache\/#Handwerkliche_Tradition\" >Handwerkliche Tradition<\/a><\/li><li class='ez-toc-page-1 ez-toc-heading-level-3'><a class=\"ez-toc-link ez-toc-heading-5\" href=\"https:\/\/raum-blick.de\/magazin\/finnisches-design-reduktion-auf-das-einfache\/#Gelebte_Nachhaltigkeit\" >Gelebte Nachhaltigkeit<\/a><\/li><li class='ez-toc-page-1 ez-toc-heading-level-3'><a class=\"ez-toc-link ez-toc-heading-6\" href=\"https:\/\/raum-blick.de\/magazin\/finnisches-design-reduktion-auf-das-einfache\/#Taegliche_Gluecksgefuehle\" >T\u00e4gliche Gl\u00fccksgef\u00fchle<\/a><\/li><\/ul><\/li><li class='ez-toc-page-1 ez-toc-heading-level-2'><a class=\"ez-toc-link ez-toc-heading-7\" href=\"https:\/\/raum-blick.de\/magazin\/finnisches-design-reduktion-auf-das-einfache\/#Welche_finnischen_Designer_und_Marken_sollte_man_kennen\" >Welche finnischen Designer und Marken sollte man kennen?<\/a><ul class='ez-toc-list-level-3' ><li class='ez-toc-heading-level-3'><a class=\"ez-toc-link ez-toc-heading-8\" href=\"https:\/\/raum-blick.de\/magazin\/finnisches-design-reduktion-auf-das-einfache\/#Von_Menschen_und_Trollen\" >Von Menschen und Trollen<\/a><\/li><li class='ez-toc-page-1 ez-toc-heading-level-3'><a class=\"ez-toc-link ez-toc-heading-9\" href=\"https:\/\/raum-blick.de\/magazin\/finnisches-design-reduktion-auf-das-einfache\/#Vom_Sitz-_und_Kochgenuss\" >Vom Sitz- und Kochgenuss<\/a><\/li><li class='ez-toc-page-1 ez-toc-heading-level-3'><a class=\"ez-toc-link ez-toc-heading-10\" href=\"https:\/\/raum-blick.de\/magazin\/finnisches-design-reduktion-auf-das-einfache\/#Von_Lifestyle_und_Garten\" >Von Lifestyle und Garten<\/a><\/li><\/ul><\/li><li class='ez-toc-page-1 ez-toc-heading-level-2'><a class=\"ez-toc-link ez-toc-heading-11\" href=\"https:\/\/raum-blick.de\/magazin\/finnisches-design-reduktion-auf-das-einfache\/#Finnisches_Design_%E2%80%93_unsere_Top_3\" >Finnisches Design \u2013 unsere Top 3<\/a><ul class='ez-toc-list-level-3' ><li class='ez-toc-heading-level-3'><a class=\"ez-toc-link ez-toc-heading-12\" href=\"https:\/\/raum-blick.de\/magazin\/finnisches-design-reduktion-auf-das-einfache\/#Top_1_der_dreibeinige_Hocker_60_von_Artek\" >Top 1: der dreibeinige Hocker 60 von Artek<\/a><\/li><li class='ez-toc-page-1 ez-toc-heading-level-3'><a class=\"ez-toc-link ez-toc-heading-13\" href=\"https:\/\/raum-blick.de\/magazin\/finnisches-design-reduktion-auf-das-einfache\/#Top_2_die_luftige_Octo_Pendelleuchte_von_Secto_Design\" >Top 2: die luftige Octo Pendelleuchte von Secto Design<\/a><\/li><li class='ez-toc-page-1 ez-toc-heading-level-3'><a class=\"ez-toc-link ez-toc-heading-14\" href=\"https:\/\/raum-blick.de\/magazin\/finnisches-design-reduktion-auf-das-einfache\/#Top_3_die_weltberuehmte_Aalto_Vase\" >Top 3: die weltber\u00fchmte Aalto Vase<\/a><\/li><\/ul><\/li><li class='ez-toc-page-1 ez-toc-heading-level-2'><a class=\"ez-toc-link ez-toc-heading-15\" href=\"https:\/\/raum-blick.de\/magazin\/finnisches-design-reduktion-auf-das-einfache\/#Helsinki_%E2%80%93_Stadt_der_Architektur_und_des_finnischen_Designs\" >Helsinki \u2013 Stadt der Architektur und des finnischen Designs<\/a><\/li><li class='ez-toc-page-1 ez-toc-heading-level-2'><a class=\"ez-toc-link ez-toc-heading-16\" href=\"https:\/\/raum-blick.de\/magazin\/finnisches-design-reduktion-auf-das-einfache\/#Finnisches_Design_%E2%80%93_die_naechste_Designer-Generation\" >Finnisches Design \u2013 die n\u00e4chste Designer-Generation<\/a><\/li><\/ul><\/nav><\/div>\n\n\n\n\n<h3 class=\"wp-block-heading\"><span class=\"ez-toc-section\" id=\"Natuerliche_Materialien\"><\/span>Nat\u00fcrliche Materialien<span class=\"ez-toc-section-end\"><\/span><\/h3>\n\n\n\n<p><strong>Holz, Glas, Linoleum und Keramik <\/strong>sind noch immer die vorherrschenden Materialien bei Produkten made in Finland. Kein Wunder, f\u00fchlt man sich doch hier im hohen Norden der Natur ganz besonders verbunden. Sie bietet Inspiration und Rohstoffe. Vor allem Birkenholz verwenden die finnischen Designer ausgesprochen gerne. Denn <a href=\"https:\/\/www.sectodesign.fi\/de\/uber-uns\/birke\" rel=\"nofollow noopener\" target=\"_blank\">Birken, der Inbegriff des Neuanfangs,<\/a> finden im feuchten Boden optimale Wachstumsbedingungen, sind massig vorhanden und machen die Produkte erschwinglich. Apropos B\u00e4ume: Dreiviertel der Oberfl\u00e4che des Landes bestehen aus W\u00e4ldern, die zu \u00fcber 60 % in Privatbesitz sind. Und Holzhandwerk ist in Finnland schon in der Schule Unterrichtsfach.<\/p>\n\n\n\n<h3 class=\"wp-block-heading\"><span class=\"ez-toc-section\" id=\"Handwerkliche_Tradition\"><\/span>Handwerkliche Tradition<span class=\"ez-toc-section-end\"><\/span><\/h3>\n\n\n\n<p>Zur Naturliebe kommt die zum Handwerk, das in Finnland eine viel gr\u00f6\u00dfere Rolle spielt als im Rest Skandinaviens. Weshalb die Finnen auch vom<strong> nordischen Design<\/strong> sprechen und bitte auch nicht in die Schublade \u201eskandinavisches Design&#8220; gesteckt werden wollen. Da hat die Ostsee offensichtlich tats\u00e4chlich eine trennende Funktion. Doch es gibt ein <strong>seelenverwandtes Land,<\/strong> das in puncto Formensprache, Handwerkstradition und Melancholie genauso tickt:<strong> Japan.<\/strong> Hier besteht ein enger Austausch der Designer und Handwerker beider L\u00e4nder, aus dem schon so manch spannende Kooperation entstanden ist. Denn die junge Designszene wei\u00df sehr wohl, dass sie sich auf dem weltweit anerkannten Erbe nicht ausruhen darf und flexibel bleiben muss, um im globalen Wettbewerb bestehen zu k\u00f6nnen.<\/p>\n\n\n\n<h3 class=\"wp-block-heading\"><span class=\"ez-toc-section\" id=\"Gelebte_Nachhaltigkeit\"><\/span>Gelebte Nachhaltigkeit<span class=\"ez-toc-section-end\"><\/span><\/h3>\n\n\n\n<p>Umweltbewusst waren finnische Designer und Unternehmen schon immer. Sie haben nur keine gro\u00dfe Sache daraus gemacht, sondern diese <strong>verantwortungsbewusste Einstellung<\/strong> einfach gelebt. Die Materialien kommen aus der n\u00e4heren Umgebung, die CO<sub>2<\/sub>-senkenden W\u00e4lder werden \u00f6kologisch und <strong>sozial nachhaltig bewirtschafte<\/strong>t und man versucht alles zu nutzen, was die Materialien und die Natur hergeben. Wasserkraft beispielsweise liefert Energie, Holzsp\u00e4ne lassen sich noch wunderbar f\u00fcr den Anbau von Shitake-Pilzen verwenden und wenn die B\u00e4ume erst im hohen Alter geschlagen werden, ist das Holz f\u00fcr ein Baumhaus oder die Tischlerei perfekt.<\/p>\n\n\n\n<h3 class=\"wp-block-heading\"><span class=\"ez-toc-section\" id=\"Taegliche_Gluecksgefuehle\"><\/span>T\u00e4gliche Gl\u00fccksgef\u00fchle<span class=\"ez-toc-section-end\"><\/span><\/h3>\n\n\n\n<p>Design und Alltag geh\u00f6ren in Finnland zusammen. Finnisches Design ist zweckm\u00e4\u00dfig, <strong>nah am Leben<\/strong>, sparsam im Einsatz von Materialien und es l\u00e4sst uns leichter mit den t\u00e4glichen Herausforderungen umgehen. Es <strong>erinnert uns an unsere innere St\u00e4rke<\/strong> und daran, dass wir unsere Lebensenergie aktivieren k\u00f6nnen. Die Finnen haben hierf\u00fcr ein Wort, das diese Tatsache und ihre Mentalit\u00e4t sehr treffend beschreibt: <a href=\"https:\/\/finland.fi\/de\/kunst-amp-kultur\/die-sisu-dir-der-finnische-schluessel-zu-leben-liebe-und-erfolg\/\" rel=\"nofollow noopener\" target=\"_blank\">Sisu<\/a>. Allerdings widersetzen sich diese vier Buchstaben einer eindeutigen \u00dcbersetzung. Sie sind vielmehr eine Manifestation des finnischen Denkens und Handelns. Vielleicht gelten die Finnen trotz unergr\u00fcndlicher Melancholie und Winterdunkelheit genau deshalb als die gl\u00fccklichsten Menschen der Welt. Und ein St\u00fcck von diesem Gl\u00fcck geben sie mit ihren Designs an uns weiter. L\u00e4cheln Sie schon, weil sie ein D\u00e9j\u00e0-vu haben? Es w\u00fcrde uns nicht wundern.<\/p>\n\n\n\n<figure class=\"wp-block-pullquote\"><blockquote><p>\u201eDie Finnen sind es gewohnt, gut gestylte Tassen, Besteck, Teller und M\u00f6bel zu besitzen. Es ist schon fast die Norm. Nirgends sonst auf der Welt ist Design ein solch integraler Bestandteil des t\u00e4glichen Lebens und f\u00fcr jedermann da, nicht blo\u00df f\u00fcr die Eliteschicht wie in vielen anderen Teilen der Welt.\u201c<\/p><cite>Annamari V\u00e4nsk\u00e4, Forscherin und Dozentin an der Alto Universit\u00e4t im Bereich Design in der finnischen Tageszeitung \u201eHelsingin Sanomat\u201c&nbsp;<\/cite><\/blockquote><\/figure>\n\n\n\n<h2 class=\"wp-block-heading\"><span class=\"ez-toc-section\" id=\"Welche_finnischen_Designer_und_Marken_sollte_man_kennen\"><\/span>Welche finnischen Designer und Marken sollte man kennen?<span class=\"ez-toc-section-end\"><\/span><\/h2>\n\n\n\n<h3 class=\"wp-block-heading\"><span class=\"ez-toc-section\" id=\"Von_Menschen_und_Trollen\"><\/span>Von Menschen und Trollen<span class=\"ez-toc-section-end\"><\/span><\/h3>\n\n\n\n<p>Fangen wir mal bei A wie <strong>Aalto<\/strong> an. Alvar Aalto um genau zu sein. An ihm und seiner Frau Aino kommt man in Finnland, aber auch weltweit nicht vorbei. Sie gelten als Wegbereiter der Moderne, haben Design-Geschichte geschrieben und 1935 zusammen mit Nils-Gustav Hahl und Maire Gullichsen die <strong>Marke Artek<\/strong> gegr\u00fcndet. Und neben Ihren ber\u00fchmten Design-Objekten wie der Savoy-Vase, den Aalto Gl\u00e4sern und dem Stool 60, waren sie auch mit ihren architektonischen Projekten sehr erfolgreich. Weltber\u00fchmt sind auch Keramiksch\u00f6nheiten des finnischen <strong>Traditionsunternehmens<\/strong> <strong>Arabia<\/strong>, das gerne mit dem wundersch\u00f6nen Finnisch-Blau arbeitet und schon seit Ende der 1950er eine <a href=\"https:\/\/www.visitfinland.com\/de\/artikel\/die-mumins\/\" rel=\"nofollow noopener\" target=\"_blank\">Mumin<\/a>-Kollektion hat. Ja, auch die charmanten an ein Nilpferd erinnernden <strong>Mumin-Trolle<\/strong>, die die Autorin Tove Jansson 1945 erfand, sind rund um den Globus Kult.<\/p>\n\n\n\n<figure class=\"wp-block-gallery has-nested-images columns-default is-cropped wp-block-gallery-3 is-layout-flex wp-block-gallery-is-layout-flex\">\n<figure class=\"wp-block-image size-large\"><a href=\"https:\/\/www.raum-blick.de\/artek-aalto-pflanzschale\"><img loading=\"lazy\" decoding=\"async\" width=\"200\" height=\"200\" data-id=\"20535\" src=\"https:\/\/www.raum-blick.de\/magazin\/wp-content\/uploads\/2024\/09\/artek-pflanzschale-amb4_90719_200x200.jpg\" alt=\"Ein Traum aus Keramik mit flie\u00dfenden Formen: Die Artek Pflanzschale hebt sich wohltuend ab von anderen Blument\u00f6pfen.\" class=\"wp-image-20535\" title=\"\" srcset=\"https:\/\/raum-blick.de\/magazin\/wp-content\/uploads\/2024\/09\/artek-pflanzschale-amb4_90719_200x200.jpg 200w, https:\/\/raum-blick.de\/magazin\/wp-content\/uploads\/2024\/09\/artek-pflanzschale-amb4_90719_200x200-150x150.jpg 150w\" sizes=\"(max-width: 200px) 100vw, 200px\" \/><\/a><\/figure>\n\n\n\n<figure class=\"wp-block-image size-large\"><img loading=\"lazy\" decoding=\"async\" width=\"1024\" height=\"1024\" data-id=\"20566\" src=\"https:\/\/www.raum-blick.de\/magazin\/wp-content\/uploads\/2024\/09\/artek-pflanzschale-amb2_90716-1024x1024.jpg\" alt=\"\" class=\"wp-image-20566\" title=\"\" srcset=\"https:\/\/raum-blick.de\/magazin\/wp-content\/uploads\/2024\/09\/artek-pflanzschale-amb2_90716-1024x1024.jpg 1024w, https:\/\/raum-blick.de\/magazin\/wp-content\/uploads\/2024\/09\/artek-pflanzschale-amb2_90716-300x300.jpg 300w, https:\/\/raum-blick.de\/magazin\/wp-content\/uploads\/2024\/09\/artek-pflanzschale-amb2_90716-150x150.jpg 150w, https:\/\/raum-blick.de\/magazin\/wp-content\/uploads\/2024\/09\/artek-pflanzschale-amb2_90716-768x768.jpg 768w, https:\/\/raum-blick.de\/magazin\/wp-content\/uploads\/2024\/09\/artek-pflanzschale-amb2_90716.jpg 1500w\" sizes=\"(max-width: 1024px) 100vw, 1024px\" \/><\/figure>\n<figcaption class=\"blocks-gallery-caption wp-element-caption\"><em>Die <a href=\"https:\/\/www.raum-blick.de\/artek-aalto-pflanzschale\">formsch\u00f6ne Artek-Pflanzschale<\/a>, 1937 von Aino Aalto entworfen ist ein sch\u00f6nes Beispiel daf\u00fcr, wie vielf\u00e4ltig und alltagstauglich Design sein kann. Rechts im Bild als Ordnungshelfer mit der markanten Fiskars-Schere.<\/em><\/figcaption><\/figure>\n\n\n\n<h3 class=\"wp-block-heading\"><span class=\"ez-toc-section\" id=\"Vom_Sitz-_und_Kochgenuss\"><\/span>Vom Sitz- und Kochgenuss<span class=\"ez-toc-section-end\"><\/span><\/h3>\n\n\n\n<p>Der inzwischen 92-j\u00e4hrige <strong><a href=\"https:\/\/www.aarniooriginals.com\" rel=\"nofollow noopener\" target=\"_blank\">M\u00f6beldesigner Eero Aarnio<\/a><\/strong> arbeitet dagegen mit einem ganz anderen Material: Plastik- und Fiberglas. Sein Ball Chair katapultierte ihn 1968 in die erste Design-Liga. Dann w\u00e4re da noch die <strong>Glasmanufaktur Iittala<\/strong>, ein Unternehmen, das einfach nach dem Ort genannt ist, an dem es entstand, und neben ikonischen Design-Objekten wundervolles, buntes Geschirr und Kochutensilien zu bieten hat. Iittala hat nicht nur die legend\u00e4re Aalto-Vase und die Gl\u00e4ser im Programm, sondern auch das Teema Geschirr und die<a href=\"https:\/\/www.raum-blick.de\/iittala-kartio-glas\"> Kartio Gl\u00e4ser von <strong>Kaj Franck<\/strong><\/a> oder den <a href=\"https:\/\/www.raum-blick.de\/iittala-sarpaneva-kochtopf-gusseisen\">gusseisernen Sarpaneva-Topf<\/a>, der nach seinem Sch\u00f6pfer <strong>Timo Sarpaneva<\/strong> benannt ist. Alles bedeutende Namen in Sachen finnisches Designs.<\/p>\n\n\n\n<figure class=\"wp-block-gallery has-nested-images columns-default is-cropped wp-block-gallery-4 is-layout-flex wp-block-gallery-is-layout-flex\">\n<figure class=\"wp-block-image size-large\"><a href=\"https:\/\/www.raum-blick.de\/iittala-kartio-glas\"><img loading=\"lazy\" decoding=\"async\" width=\"400\" height=\"400\" data-id=\"20532\" src=\"https:\/\/www.raum-blick.de\/magazin\/wp-content\/uploads\/2024\/09\/iittala-Kartio-glas-40cl-leinen_103377_200x200@2x.jpg\" alt=\"Die Kartio Gl\u00e4ser entwarf Kaj Franck 1958 f\u00fcr Iittala. In Ihrer Schlichtheit sind sie einzigartig.\" class=\"wp-image-20532\" title=\"\" srcset=\"https:\/\/raum-blick.de\/magazin\/wp-content\/uploads\/2024\/09\/iittala-Kartio-glas-40cl-leinen_103377_200x200@2x.jpg 400w, https:\/\/raum-blick.de\/magazin\/wp-content\/uploads\/2024\/09\/iittala-Kartio-glas-40cl-leinen_103377_200x200@2x-300x300.jpg 300w, https:\/\/raum-blick.de\/magazin\/wp-content\/uploads\/2024\/09\/iittala-Kartio-glas-40cl-leinen_103377_200x200@2x-150x150.jpg 150w\" sizes=\"(max-width: 400px) 100vw, 400px\" \/><\/a><\/figure>\n\n\n\n<figure class=\"wp-block-image size-large\"><a href=\"https:\/\/www.raum-blick.de\/iittala-teema-schale\"><img loading=\"lazy\" decoding=\"async\" width=\"400\" height=\"400\" data-id=\"20534\" src=\"https:\/\/www.raum-blick.de\/magazin\/wp-content\/uploads\/2024\/09\/iittala-schalen-Teema_103414_200x200@2x.jpg\" alt=\"Finnisches Design reduziert auf das Wesentliche und in bunt. Die Teema Serie von Kaj Franck umfasst Teller, Schalen, Tassen, Kannen. Eben alles, was man im Alltag braucht. \" class=\"wp-image-20534\" title=\"\" srcset=\"https:\/\/raum-blick.de\/magazin\/wp-content\/uploads\/2024\/09\/iittala-schalen-Teema_103414_200x200@2x.jpg 400w, https:\/\/raum-blick.de\/magazin\/wp-content\/uploads\/2024\/09\/iittala-schalen-Teema_103414_200x200@2x-300x300.jpg 300w, https:\/\/raum-blick.de\/magazin\/wp-content\/uploads\/2024\/09\/iittala-schalen-Teema_103414_200x200@2x-150x150.jpg 150w\" sizes=\"(max-width: 400px) 100vw, 400px\" \/><\/a><\/figure>\n\n\n\n<figure class=\"wp-block-image size-large\"><a href=\"https:\/\/www.raum-blick.de\/iittala-sarpaneva-kochtopf-gusseisen\"><img loading=\"lazy\" decoding=\"async\" width=\"400\" height=\"400\" data-id=\"20554\" src=\"https:\/\/www.raum-blick.de\/magazin\/wp-content\/uploads\/2024\/09\/iittala-Sarpaneva-gusseisentopf_103358_200x200@2x.jpg\" alt=\"Er ist ein Klassiker und ein sch\u00f6nes Zitat der finnischen Folklore: der gusseiserne Sarpaneva Kochtopf.\" class=\"wp-image-20554\" title=\"\" srcset=\"https:\/\/raum-blick.de\/magazin\/wp-content\/uploads\/2024\/09\/iittala-Sarpaneva-gusseisentopf_103358_200x200@2x.jpg 400w, https:\/\/raum-blick.de\/magazin\/wp-content\/uploads\/2024\/09\/iittala-Sarpaneva-gusseisentopf_103358_200x200@2x-300x300.jpg 300w, https:\/\/raum-blick.de\/magazin\/wp-content\/uploads\/2024\/09\/iittala-Sarpaneva-gusseisentopf_103358_200x200@2x-150x150.jpg 150w\" sizes=\"(max-width: 400px) 100vw, 400px\" \/><\/a><\/figure>\n<figcaption class=\"blocks-gallery-caption wp-element-caption\"><em>Finnisches Design mit jahrzehntelanger Tradition und zeitlos-schlichter Formensprache : Die Kartio Gl\u00e4ser und das Teema Geschirr, beides von Kaj Franck, und ganz rechts der 1960 von Timo Sarpaneva f\u00fcr Iittala entworfene Kochtopf aus robustem Gusseisen, der f\u00fcr alle Herdarten geeignet ist. <\/em> <\/figcaption><\/figure>\n\n\n\n<h3 class=\"wp-block-heading\"><span class=\"ez-toc-section\" id=\"Von_Lifestyle_und_Garten\"><\/span>Von Lifestyle und Garten<span class=\"ez-toc-section-end\"><\/span><\/h3>\n\n\n\n<p>Eine Ikone ist auch das 1951 von der Textildesignerin Armi Ratia gegr\u00fcndete <strong>Lifestyle-Label Marimekko<\/strong> &#8211; \u00fcbrigens eines der ersten \u2013, das mit seinen farbenfrohen, opulenten Drucken, allen voran dem Unikko-Muster, seit jeher f\u00fcr Furore sorgt. Den endg\u00fcltigen <strong>Durchbruch schaffte die Marke dank Jacky Kennedy<\/strong>, die w\u00e4hrend des Wahlkampfs ihre Mannes Marimekko trug und damit f\u00fcr reichlich Schlagzeilen sorgte. Und zu guter Letzt sollten Sie auch den Namen <strong>Fiskars <\/strong>einmal geh\u00f6rt haben. Ja, das sind die mit der oben erw\u00e4hnten K\u00fcchenschere. Und deren orangefarbene Griffe sind bezeichnend f\u00fcr Fiskars-Produkte. Denn Orange ist die Farbe, die sich durch das gesamte Sortiment zieht. Egal ob Messer, K\u00fcchen- oder Gartenger\u00e4te.<\/p>\n\n\n\n<figure class=\"wp-block-embed is-type-video is-provider-youtube wp-block-embed-youtube wp-embed-aspect-16-9 wp-has-aspect-ratio\"><div class=\"wp-block-embed__wrapper\">\n <div class=\"brlbs-cmpnt-container brlbs-cmpnt-content-blocker brlbs-cmpnt-with-individual-styles\" data-borlabs-cookie-content-blocker-id=\"default\" data-borlabs-cookie-content=\"PGlmcmFtZSB0aXRsZT0iQ29taW5nIHNvb246IFVOSVFMTyB4IE1hcmltZWtrbyBTdW1tZXIgMjAyNCIgd2lkdGg9IjEwODAiIGhlaWdodD0iNjA4IiBzcmM9Imh0dHBzOi8vd3d3LnlvdXR1YmUuY29tL2VtYmVkL21RcWZGaGVQQVFZP2ZlYXR1cmU9b2VtYmVkIiAgYWxsb3c9ImFjY2VsZXJvbWV0ZXI7IGF1dG9wbGF5OyBjbGlwYm9hcmQtd3JpdGU7IGVuY3J5cHRlZC1tZWRpYTsgZ3lyb3Njb3BlOyBwaWN0dXJlLWluLXBpY3R1cmU7IHdlYi1zaGFyZSIgcmVmZXJyZXJwb2xpY3k9InN0cmljdC1vcmlnaW4td2hlbi1jcm9zcy1vcmlnaW4iIGFsbG93ZnVsbHNjcmVlbj48L2lmcmFtZT4=\"><div class=\"brlbs-cmpnt-cb-preset-a\"> <p class=\"brlbs-cmpnt-cb-description\">Sie sehen gerade einen Platzhalterinhalt von <strong>Standard<\/strong>. Um auf den eigentlichen Inhalt zuzugreifen, klicken Sie auf den Button unten. Bitte beachten Sie, dass dabei Daten an Drittanbieter weitergegeben werden.<\/p> <div class=\"brlbs-cmpnt-cb-buttons\"> <a class=\"brlbs-cmpnt-cb-btn\" href=\"#\" data-borlabs-cookie-unblock role=\"button\">Inhalt entsperren<\/a> <a class=\"brlbs-cmpnt-cb-btn\" href=\"#\" data-borlabs-cookie-accept-service role=\"button\" style=\"display: none\">Erforderlichen Service akzeptieren und Inhalte entsperren<\/a> <\/div> <a class=\"brlbs-cmpnt-cb-provider-toggle\" href=\"#\" data-borlabs-cookie-show-provider-information role=\"button\">Weitere Informationen<\/a> <\/div><\/div>\n<\/div><figcaption class=\"wp-element-caption\"><em>Die charakteristischen Mohnblumen spielen auch bei der diesj\u00e4hrigen gemeinsamen Kollektion von Marimekko mit dem japanischen Label Uniqlo eine \u201etragende&#8220; Rolle.<\/em><\/figcaption><\/figure>\n\n\n\n<h2 class=\"wp-block-heading\"><span class=\"ez-toc-section\" id=\"Finnisches_Design_%E2%80%93_unsere_Top_3\"><\/span>Finnisches Design \u2013 unsere Top 3<span class=\"ez-toc-section-end\"><\/span><\/h2>\n\n\n\n<p>Nat\u00fcrlich finden Sie auch in unserem Shop Design-Klassiker aus dem Land der tausend Seen. Wir zeigen Ihnen hier drei, die uns immer wieder aufs Neue faszinieren, weil sie diese ganz besondere finnische Mischung aus nat\u00fcrlich, beruhigend und selbstverst\u00e4ndlich-sch\u00f6n haben. Und einfach zeitlos sind.<\/p>\n\n\n\n<h3 class=\"wp-block-heading\"><span class=\"ez-toc-section\" id=\"Top_1_der_dreibeinige_Hocker_60_von_Artek\"><\/span>Top 1: der <a href=\"https:\/\/www.raum-blick.de\/artek-hocker-60\">dreibeinige Hocker 60 von Artek<\/a><span class=\"ez-toc-section-end\"><\/span><\/h3>\n\n\n\n<figure class=\"wp-block-image aligncenter size-full\"><img loading=\"lazy\" decoding=\"async\" width=\"400\" height=\"400\" src=\"https:\/\/www.raum-blick.de\/magazin\/wp-content\/uploads\/2024\/08\/artek-hocker-60-birke-freisteller_90725_200x200@2x.jpg\" alt=\"Bestimmt nicht eines der bequemsten, aber der vielseitigsten und durchdachtesten Sitzm\u00f6bel: der Stool 60 von Alvar Aalto.\" class=\"wp-image-20508\" title=\"\" srcset=\"https:\/\/raum-blick.de\/magazin\/wp-content\/uploads\/2024\/08\/artek-hocker-60-birke-freisteller_90725_200x200@2x.jpg 400w, https:\/\/raum-blick.de\/magazin\/wp-content\/uploads\/2024\/08\/artek-hocker-60-birke-freisteller_90725_200x200@2x-300x300.jpg 300w, https:\/\/raum-blick.de\/magazin\/wp-content\/uploads\/2024\/08\/artek-hocker-60-birke-freisteller_90725_200x200@2x-150x150.jpg 150w\" sizes=\"(max-width: 400px) 100vw, 400px\" \/><figcaption class=\"wp-element-caption\"><em>10 kg Birkenholz, 9 Schrauben, Lack und ein wenig Klebstoff stecken in einem Stool 60, der in vier Einzelteilen im Flatpack geliefert wird. Bis in die 60er wurde \u00fcbrigens noch jedes der L-f\u00f6rmigen Beine von Hand gebogen. Heute machen das Maschinen.<\/em><\/figcaption><\/figure>\n\n\n\n<p>Das <strong>Meisterst\u00fcck von Alvar Aalto<\/strong> ist zwischenzeitlich <strong>\u00fcber 90 Jahre alt,<\/strong> aber der praktische, schn\u00f6rkellose Hocker, den Sie auch als Beistelltisch, Pflanzenst\u00e4nder oder Percussion-Instrument nutzen k\u00f6nnen, hat nichts von seinem Charme verloren. Ob es an dem massiven, gebogenen Birkenfurnier liegt, das Hitze und Dampf in die gew\u00fcnschte Form bringen, an der Unverw\u00fcstlichkeit, die schon Aalto 1933 ausgiebig testete, indem er den Hocker mehrfach auf den Boden warf, oder ob es die immer wieder neuen Farben und Farbkombis sind, die Puristen schlichtweg ablehnen. Bei Artek findet jeder seinen Stool 60 Hocker. Und der ist und bleibt Kult, auch wenn er vielleicht nicht das bequemste Sitzm\u00f6bel ist.<\/p>\n\n\n\n<p><strong>Und so wird der legend\u00e4re Hocker produziert:<\/strong><\/p>\n\n\n\n<figure class=\"wp-block-embed is-type-video is-provider-youtube wp-block-embed-youtube wp-embed-aspect-16-9 wp-has-aspect-ratio\"><div class=\"wp-block-embed__wrapper\">\n <div class=\"brlbs-cmpnt-container brlbs-cmpnt-content-blocker brlbs-cmpnt-with-individual-styles\" data-borlabs-cookie-content-blocker-id=\"default\" data-borlabs-cookie-content=\"PGlmcmFtZSB0aXRsZT0iTWFraW5nIG9mIHRoZSBBcnRlayBBbHZhciBBYWx0byBTdG9vbCA2MCIgd2lkdGg9IjEwODAiIGhlaWdodD0iNjA4IiBzcmM9Imh0dHBzOi8vd3d3LnlvdXR1YmUuY29tL2VtYmVkL21yaFNrSjdTaXJNP2ZlYXR1cmU9b2VtYmVkIiAgYWxsb3c9ImFjY2VsZXJvbWV0ZXI7IGF1dG9wbGF5OyBjbGlwYm9hcmQtd3JpdGU7IGVuY3J5cHRlZC1tZWRpYTsgZ3lyb3Njb3BlOyBwaWN0dXJlLWluLXBpY3R1cmU7IHdlYi1zaGFyZSIgcmVmZXJyZXJwb2xpY3k9InN0cmljdC1vcmlnaW4td2hlbi1jcm9zcy1vcmlnaW4iIGFsbG93ZnVsbHNjcmVlbj48L2lmcmFtZT4=\"><div class=\"brlbs-cmpnt-cb-preset-a\"> <p class=\"brlbs-cmpnt-cb-description\">Sie sehen gerade einen Platzhalterinhalt von <strong>Standard<\/strong>. Um auf den eigentlichen Inhalt zuzugreifen, klicken Sie auf den Button unten. Bitte beachten Sie, dass dabei Daten an Drittanbieter weitergegeben werden.<\/p> <div class=\"brlbs-cmpnt-cb-buttons\"> <a class=\"brlbs-cmpnt-cb-btn\" href=\"#\" data-borlabs-cookie-unblock role=\"button\">Inhalt entsperren<\/a> <a class=\"brlbs-cmpnt-cb-btn\" href=\"#\" data-borlabs-cookie-accept-service role=\"button\" style=\"display: none\">Erforderlichen Service akzeptieren und Inhalte entsperren<\/a> <\/div> <a class=\"brlbs-cmpnt-cb-provider-toggle\" href=\"#\" data-borlabs-cookie-show-provider-information role=\"button\">Weitere Informationen<\/a> <\/div><\/div>\n<\/div><\/figure>\n\n\n\n<figure class=\"wp-block-pullquote\"><blockquote><p><strong>WUSSTEN SIE, DASS<br><\/strong>&#8211; die Birken, die f\u00fcr den Stool 60 verarbeitet werden zwischen 50 und 80 Jahre alt und etwa 20 bis 30 Meter hoch sind?<br>&#8211; die B\u00e4ume vor der Verarbeitung erst einmal 1 Jahr gesch\u00fctzt im Freien gelagert werden?<br>&#8211; f\u00fcr die Herstellung des Stool 60 Hockers \u00fcber 40 Einzelschritte notwendig sind?<br>&#8211; die Sitze der ersten Hocker, die 1934 in Serie gingen, bezogen und mit oder ohne Polsterung erh\u00e4ltlich waren?<br>&#8211; es schon 1934 mit Linoleum veredelte Sitze gab, die aber auch gerne nach Kundenwunsch lackiert wurden?<\/p><\/blockquote><\/figure>\n\n\n\n<h3 class=\"wp-block-heading\"><span class=\"ez-toc-section\" id=\"Top_2_die_luftige_Octo_Pendelleuchte_von_Secto_Design\"><\/span>Top 2: die <a href=\"https:\/\/www.raum-blick.de\/secto-design-octo-pendelleuchte\">luftige Octo Pendelleuchte von Secto Design<\/a><span class=\"ez-toc-section-end\"><\/span><\/h3>\n\n\n\n<figure class=\"wp-block-image aligncenter size-full is-resized\"><a href=\"https:\/\/www.raum-blick.de\/secto-design-octo-pendelleuchte\"><img loading=\"lazy\" decoding=\"async\" src=\"https:\/\/www.raum-blick.de\/magazin\/wp-content\/uploads\/2021\/08\/Secto-Design-\u2013-Octo-Pendelleuchte-Birkenholz.jpg\" alt=\"Finnisches Design wie es sch\u00f6ner nicht sein k\u00f6nnte: die Octo Pendelleuchte von Secto Design aus gebogenen Birkenholz-Lamellen.\" class=\"wp-image-13433\" width=\"442\" height=\"398\" title=\"\" srcset=\"https:\/\/raum-blick.de\/magazin\/wp-content\/uploads\/2021\/08\/Secto-Design-\u2013-Octo-Pendelleuchte-Birkenholz.jpg 700w, https:\/\/raum-blick.de\/magazin\/wp-content\/uploads\/2021\/08\/Secto-Design-\u2013-Octo-Pendelleuchte-Birkenholz-300x270.jpg 300w\" sizes=\"(max-width: 442px) 100vw, 442px\" \/><\/a><figcaption class=\"wp-element-caption\"><em>Die Octo ist DER Bestseller im Hause Secto. Und wie alle Leuchten des Designers Seppo Koho erzeugt sie eine meditative Lichtstimmung und einen Raum im Raum. <\/em><\/figcaption><\/figure>\n\n\n\n<p>Das Besondere an dieser Leuchte? Ihr <strong>Schirm aus gebogenen Birkenholz-Lamellen.<\/strong> Das gab es vor Secto noch nie. Und auch keine Leuchte, die einen solchen Kokon des Komforts in einem Raum gesponnen h\u00e4tte. Die Octo schafft eine einzigartige Atmosph\u00e4re, zieht die Blicke auf sich, \u00fcberzeugt mit einem warmen, weichen Licht und f\u00fcgt sich dennoch optisch harmonisch in den Raum ein. Ein echtes <strong>Leuchten-Cham\u00e4leon.<\/strong> Und die innovative Nutzung von Holz gepaart mit einzigartiger Handwerkskunst ist genau das, was finnisches Design ausmacht.<\/p>\n\n\n\n<p><strong>Sehen Sie selbst, wie die wundervollen Lichtgeber entstehen:<\/strong><\/p>\n\n\n\n<figure class=\"wp-block-embed is-type-video is-provider-youtube wp-block-embed-youtube wp-embed-aspect-16-9 wp-has-aspect-ratio\"><div class=\"wp-block-embed__wrapper\">\n <div class=\"brlbs-cmpnt-container brlbs-cmpnt-content-blocker brlbs-cmpnt-with-individual-styles\" data-borlabs-cookie-content-blocker-id=\"default\" data-borlabs-cookie-content=\"PGlmcmFtZSB0aXRsZT0iUHJvZHVjdGlvbiBhbmQgcmVmZXJlbmNlcyB8IFNlY3RvIERlc2lnbiIgd2lkdGg9IjEwODAiIGhlaWdodD0iNjA4IiBzcmM9Imh0dHBzOi8vd3d3LnlvdXR1YmUuY29tL2VtYmVkL0xzVnRHSDdqbE1VP2ZlYXR1cmU9b2VtYmVkIiAgYWxsb3c9ImFjY2VsZXJvbWV0ZXI7IGF1dG9wbGF5OyBjbGlwYm9hcmQtd3JpdGU7IGVuY3J5cHRlZC1tZWRpYTsgZ3lyb3Njb3BlOyBwaWN0dXJlLWluLXBpY3R1cmU7IHdlYi1zaGFyZSIgcmVmZXJyZXJwb2xpY3k9InN0cmljdC1vcmlnaW4td2hlbi1jcm9zcy1vcmlnaW4iIGFsbG93ZnVsbHNjcmVlbj48L2lmcmFtZT4=\"><div class=\"brlbs-cmpnt-cb-preset-a\"> <p class=\"brlbs-cmpnt-cb-description\">Sie sehen gerade einen Platzhalterinhalt von <strong>Standard<\/strong>. Um auf den eigentlichen Inhalt zuzugreifen, klicken Sie auf den Button unten. Bitte beachten Sie, dass dabei Daten an Drittanbieter weitergegeben werden.<\/p> <div class=\"brlbs-cmpnt-cb-buttons\"> <a class=\"brlbs-cmpnt-cb-btn\" href=\"#\" data-borlabs-cookie-unblock role=\"button\">Inhalt entsperren<\/a> <a class=\"brlbs-cmpnt-cb-btn\" href=\"#\" data-borlabs-cookie-accept-service role=\"button\" style=\"display: none\">Erforderlichen Service akzeptieren und Inhalte entsperren<\/a> <\/div> <a class=\"brlbs-cmpnt-cb-provider-toggle\" href=\"#\" data-borlabs-cookie-show-provider-information role=\"button\">Weitere Informationen<\/a> <\/div><\/div>\n<\/div><\/figure>\n\n\n\n<figure class=\"wp-block-pullquote\"><blockquote><p><strong>WUSSTEN SIE, DASS<\/strong><br>&#8211; der Exportanteil der Secto-Leuchten bei 92 % liegt?<strong><br><\/strong>&#8211; Secto schon seit 1995 mit dem Architekten und Designer Seppo Kohlo zusammenarbeitet und ihn noch w\u00e4hrend seines Studiums engagiert hat?<br>&#8211; Seppo Kohlo als einziger Designer wirklich alle Secto Leuchten entwirft?<br>&#8211; die ersten h\u00f6lzernen Prototypen selber von Kohlo per Hand gefertigt werden?<br>&#8211; Sie die Octo auch dimmen k\u00f6nnen?<\/p><\/blockquote><\/figure>\n\n\n\n<h3 class=\"wp-block-heading\"><span class=\"ez-toc-section\" id=\"Top_3_die_weltberuehmte_Aalto_Vase\"><\/span>Top 3: die <a href=\"https:\/\/www.raum-blick.de\/iittala-aalto-vase-160-mm\">weltber\u00fchmte Aalto Vase<\/a><span class=\"ez-toc-section-end\"><\/span><\/h3>\n\n\n\n<figure class=\"wp-block-image aligncenter size-full\"><img loading=\"lazy\" decoding=\"async\" width=\"400\" height=\"400\" src=\"https:\/\/www.raum-blick.de\/magazin\/wp-content\/uploads\/2024\/08\/iittala-alto-vase-160mm-moosgruen_103181_200x200@2x.jpg\" alt=\"Wenn man von finnischem Design sprich, kommt sie einem sofort in den Sinn: die wellenf\u00f6rmige Vase von Alvar Aalto.\" class=\"wp-image-20502\" title=\"\" srcset=\"https:\/\/raum-blick.de\/magazin\/wp-content\/uploads\/2024\/08\/iittala-alto-vase-160mm-moosgruen_103181_200x200@2x.jpg 400w, https:\/\/raum-blick.de\/magazin\/wp-content\/uploads\/2024\/08\/iittala-alto-vase-160mm-moosgruen_103181_200x200@2x-300x300.jpg 300w, https:\/\/raum-blick.de\/magazin\/wp-content\/uploads\/2024\/08\/iittala-alto-vase-160mm-moosgruen_103181_200x200@2x-150x150.jpg 150w\" sizes=\"(max-width: 400px) 100vw, 400px\" \/><figcaption class=\"wp-element-caption\"><em>Die Aalto Vase ist DIE Design-Ikone Finnlands und ist wie kaum ein anderes Objekt mit dem Design dort und nat\u00fcrlich Ihrem Erfinder Alvar Aalto verbunden. <\/em><\/figcaption><\/figure>\n\n\n\n<p>Selbst wenn man nicht wie fast jeder Finne eine solche Vase zu Hause hat, geh\u00f6rt hat von diesem <strong>edlen St\u00fcck<\/strong>, das es in den unterschiedlichsten Farben und Gr\u00f6\u00dfen gibt, garantiert schon jeder. Eine einfache organische Form, inspiriert von den Wellen der Seen Finnlands, <strong>revolutionierte 1936 die Design-Welt. <\/strong>Denn so etwas Funktionalistisch-Modernes hatte es bis dahin nicht gegeben. Etwas so offensichtlich Sch\u00f6nes, an dem man sich nicht sattsehen kann auch nicht. Dabei ist eine Blumenvase doch ein Alltagsgegenstand. Und diese hier ist auch ohne Inhalt eine Augenweide. Genau das war das Anliegen ihres Sch\u00f6pfers Alvar Aalto, der nicht nur als Designer, sondern auch als Architekt ganz wunderbare Objekte realisierte. Mit dieser Vase kreierte er einen <strong>Alltagsgegenstand, der aufs Wesentliche reduziert <\/strong>ist. Sch\u00f6n, handgefertigt und f\u00fcr alle verf\u00fcgbar. Demokratisch eben, wie die Finnen das lieben.<\/p>\n\n\n\n<p><strong>Die \u201eGeburt&#8220; einer Ikone im Zeitraffer:<\/strong><\/p>\n\n\n\n<figure class=\"wp-block-embed is-type-video is-provider-youtube wp-block-embed-youtube wp-embed-aspect-16-9 wp-has-aspect-ratio\"><div class=\"wp-block-embed__wrapper\">\n <div class=\"brlbs-cmpnt-container brlbs-cmpnt-content-blocker brlbs-cmpnt-with-individual-styles\" data-borlabs-cookie-content-blocker-id=\"default\" data-borlabs-cookie-content=\"PGlmcmFtZSB0aXRsZT0iQXJ0IG9mIENyYWZ0IHwgTWFraW5nIG9mIEFhbHRvIiB3aWR0aD0iMTA4MCIgaGVpZ2h0PSI2MDgiIHNyYz0iaHR0cHM6Ly93d3cueW91dHViZS5jb20vZW1iZWQvb1pjdEJVWU9aSUE\/ZmVhdHVyZT1vZW1iZWQiICBhbGxvdz0iYWNjZWxlcm9tZXRlcjsgYXV0b3BsYXk7IGNsaXBib2FyZC13cml0ZTsgZW5jcnlwdGVkLW1lZGlhOyBneXJvc2NvcGU7IHBpY3R1cmUtaW4tcGljdHVyZTsgd2ViLXNoYXJlIiByZWZlcnJlcnBvbGljeT0ic3RyaWN0LW9yaWdpbi13aGVuLWNyb3NzLW9yaWdpbiIgYWxsb3dmdWxsc2NyZWVuPjwvaWZyYW1lPg==\"><div class=\"brlbs-cmpnt-cb-preset-a\"> <p class=\"brlbs-cmpnt-cb-description\">Sie sehen gerade einen Platzhalterinhalt von <strong>Standard<\/strong>. Um auf den eigentlichen Inhalt zuzugreifen, klicken Sie auf den Button unten. Bitte beachten Sie, dass dabei Daten an Drittanbieter weitergegeben werden.<\/p> <div class=\"brlbs-cmpnt-cb-buttons\"> <a class=\"brlbs-cmpnt-cb-btn\" href=\"#\" data-borlabs-cookie-unblock role=\"button\">Inhalt entsperren<\/a> <a class=\"brlbs-cmpnt-cb-btn\" href=\"#\" data-borlabs-cookie-accept-service role=\"button\" style=\"display: none\">Erforderlichen Service akzeptieren und Inhalte entsperren<\/a> <\/div> <a class=\"brlbs-cmpnt-cb-provider-toggle\" href=\"#\" data-borlabs-cookie-show-provider-information role=\"button\">Weitere Informationen<\/a> <\/div><\/div>\n<\/div><\/figure>\n\n\n\n<figure class=\"wp-block-pullquote\"><blockquote><p><strong>WUSSTEN SIE, DASS<\/strong><br>&#8211; jede Aalto Vase im Werk in Finnland noch heute von Mund geblasen und in Handarbeit gefertigt wird?<strong><br><\/strong>&#8211; in einer Aalto Vase rund 30 Stunden Arbeit stecken?<br>&#8211; es 7 geschickte Glasbl\u00e4ser braucht, um die Vase herzustellen?<br>&#8211; das Glas bei der Verarbeitung 1100 Grad hei\u00df ist?<br>&#8211; jede Aalto Vase ein Unikat ist?<\/p><\/blockquote><\/figure>\n\n\n\n<h2 class=\"wp-block-heading\"><span class=\"ez-toc-section\" id=\"Helsinki_%E2%80%93_Stadt_der_Architektur_und_des_finnischen_Designs\"><\/span>Helsinki \u2013 Stadt der Architektur und des finnischen Designs<span class=\"ez-toc-section-end\"><\/span><\/h2>\n\n\n\n<p>Die moderne, europ\u00e4ische K\u00fcstenstadt wartet<strong> mit vielen Superlativen<\/strong> auf und ist dabei so <strong>herrlich bodenst\u00e4ndig.<\/strong> Hier vereinen sich Urbanit\u00e4t, Maritimes, K\u00fcnstlerisches und Natur auf eine ganz besondere Art und auf kleinstem Raum. Und gerade das macht Helsinki so spannend. Man kann sich die kompakte Stadt zu Fu\u00df, per Rad oder auch mit der Stra\u00dfenbahnlinie 2, mit der man in nur einer Stunde alles sehen kann, was Helsinki zu bieten hat. Und das gem\u00e4chlich, gem\u00fctlich und g\u00fcnstig. F\u00fcr den ersten Eindruck reicht es auf alle F\u00e4lle. Sie k\u00f6nnen dann ja selbst entscheiden, wo es sie hinzieht.<\/p>\n\n\n\n<p>Die <strong>Finlandia Halle von Alvar Aalto<\/strong> mit ihrer wei\u00dfen Carrara-Marmor-Fassade sollten Sie sich unserer Meinung nach aber ebensowenig entgehen lassen wie die unterirdische Temppeliaukio-Felsenkirche, die Oodi-Bibliothkek oder die Kamppi-Kapelle des Schweigens. <strong>Helsinki strotz vor <a href=\"https:\/\/www.visitfinland.com\/de\/artikel\/die-highlights-der-architektur-von-helsinki\/?gad_source=1&amp;gbraid=0AAAAApZLpFhVyUE7JKVBrO6dgBUggqbHt&amp;gclid=EAIaIQobChMI_5KEtIXWhwMVwICDBx0dPx3BEAAYASAAEgLIoPD_BwE\" rel=\"nofollow noopener\" target=\"_blank\">Architektur-Juwelen<\/a><\/strong>, modernen wie diesen oder auch neoklassischen wie dem Dom, die Uspenski-Kathedrale oder die Nationalbibliothek. Und nat\u00fcrlich gibt es auch jede Menge <a href=\"https:\/\/www.visitfinland.com\/de\/artikel\/neu-eroffnete-museen-in-finnland-wegweiser-2023\/\" rel=\"nofollow noopener\" target=\"_blank\">spannender Museen<\/a>, die einen Besuch lohnen.<\/p>\n\n\n\n<p>Ein Muss ist jedenfalls das <strong>Design-Viertel<\/strong>, das einmal mehr den Alltagsanspruch dieses Sujets unterstreicht. Hier wird Design im wahrsten Sinne des Wortes gelebt. Und das mittendrin. Welche Stadt hat schon so etwas? <strong>25 Stra\u00dfen und rund 200 Shops, Galerien und Museen.<\/strong> Zu erkennen am runden, schwarzen Design District-Aufkleber. Denn auf einer Karte suchen Sie das Viertel vergebens. Entstanden ist es aus einer privaten Initiative heraus im ehemaligen Arbeiterviertel Punavuori, dem&nbsp;roten H\u00fcgel. Sie k\u00f6nnen sich treiben lassen oder aber auch einen gef\u00fchrten Design Walk buchen.<\/p>\n\n\n\n<p>Und falls Sie bei all den Aktivit\u00e4ten ins Schwitzen kommen: Das Leitungswasser in Helsinki hat eine exzellente Qualit\u00e4t. Es kommt aus dem P\u00e4ij\u00e4nne-See und wird selbstverst\u00e4ndlich gefiltert. Wasser m\u00fcssen Sie sich hier also nicht extra welches kaufen. Das k\u00f6nnen Sie sich sparen.<\/p>\n\n\n\n<h2 class=\"wp-block-heading\"><span class=\"ez-toc-section\" id=\"Finnisches_Design_%E2%80%93_die_naechste_Designer-Generation\"><\/span>Finnisches Design \u2013 die n\u00e4chste Designer-Generation<span class=\"ez-toc-section-end\"><\/span><\/h2>\n\n\n\n<p>Sie sind<strong> jung, experimentell und ihre Liebe zum Handwerk<\/strong> ist genauso gro\u00df wie die ihrer gro\u00dfen und gro\u00dfartigen Vorg\u00e4nger, von denen sie sich aber nie provokativ abgrenzen w\u00fcrden. Denn in Finnland sind alle Teil einer <strong>gro\u00dfen Design-Familie<\/strong>. Und wie zu Zeiten Alvar Aaltos sind die Grenzen zwischen Architektur und Design auch heute noch flie\u00dfend. Vielleicht zieht es auch deshalb viele in das K\u00fcnstlerdorf in Fiskars, wo die Symbiose von 120 Designern, Handwerkern und K\u00fcnstlern ausgesprochen fruchtbar und entspannt ist. Zwischen Vogelgezwitscher und Bachrauschen ist hier wirklich alles auf das Einfache reduziert.<\/p>\n\n\n\n<p>Einer der jungen Wilden ist <strong>Tero Kuitunen<\/strong>, der bei der Vienna Design Week 2019 die Gastlandausstellung Finnlands WILD AT HEART kuratiert hat. Schon als Kind liebte er es, Dinge mit den eigenen H\u00e4nden zu erschaffen. Beispielsweise eine Miss Piggy aus Lehm, die aber wohl mehr seiner Mutter \u00e4hnelte als der Muppet-Figur. Das Geschenk kam denn auch m\u00e4\u00dfig gut an. Aber genau diese Art von Humor, Ausgelassenheit und Leidenschaft ist es, die unter der zur\u00fcckhaltenden finnischen Oberfl\u00e4che steckt und sich in neuen Entw\u00fcrfen mit einem Augenzwinkern Bahn bricht.<\/p>\n\n\n\n<blockquote class=\"wp-block-quote is-layout-flow wp-block-quote-is-layout-flow\">\n<p>\u201e<em>Ich habe das Gef\u00fchl, dass wir in der Zeit einer neuen Design-Renaissance leben, in der Menschen sich freier zwischen kreativen Feldern bewegen k\u00f6nnen. Kunst und Design n\u00e4hern sich st\u00e4ndig an.<\/em>&#8222;<\/p>\n<cite>Tero Kuitunen im Interview mit dem Finnland-Institut Berlin 2019<\/cite><\/blockquote>\n\n\n\n<p>Ein sch\u00f6nes Beispiel hierf\u00fcr ist nicht nur <a href=\"https:\/\/terokuitunenshop.com\" rel=\"nofollow noopener\" target=\"_blank\">Kuitunens eigener Online-Shop<\/a>, sondern auch das <strong>finnisch-koreanisch<a href=\"https:\/\/www.com-pa-ny.com\" rel=\"nofollow noopener\" target=\"_blank\"> Design-Duo Aamu Song und Johan Olin<\/a><\/strong>. Beide haben einen Master der Aalto Universit\u00e4t in Helsinki und wurden f\u00fcr ihre verspielt-n\u00fctzlichen Produkte mehrfach international ausgezeichnet. Sie sind \u00fcberall auf der Welt unterwegs, suchen den Austausch mit Handwerkern und ihr Skizzenbuch ist immer dabei. Das ist ihr Computer, denn den gibt es in ihrer \u201eCompany&#8220; nicht. Stattdessen wird gezeichnet, gebastelt und gemalt. Alles ist im Werden, alles ein Prozess \u2013 inspiriert von der Tradition und modern interpretiert.<\/p>\n\n\n\n<figure class=\"wp-block-gallery has-nested-images columns-default is-cropped wp-block-gallery-5 is-layout-flex wp-block-gallery-is-layout-flex\">\n<figure class=\"wp-block-image size-large\"><img loading=\"lazy\" decoding=\"async\" width=\"833\" height=\"1024\" data-id=\"20514\" src=\"https:\/\/www.raum-blick.de\/magazin\/wp-content\/uploads\/2024\/08\/Song_Olin_Skizzen_1-833x1024.jpg\" alt=\"Jedes St\u00fcck von Hand skizziert:  Entw\u00fcrfe des finnisch-koreanischen Design-Duos Song Olin. \" class=\"wp-image-20514\" title=\"\" srcset=\"https:\/\/raum-blick.de\/magazin\/wp-content\/uploads\/2024\/08\/Song_Olin_Skizzen_1-833x1024.jpg 833w, https:\/\/raum-blick.de\/magazin\/wp-content\/uploads\/2024\/08\/Song_Olin_Skizzen_1-244x300.jpg 244w, https:\/\/raum-blick.de\/magazin\/wp-content\/uploads\/2024\/08\/Song_Olin_Skizzen_1-768x945.jpg 768w, https:\/\/raum-blick.de\/magazin\/wp-content\/uploads\/2024\/08\/Song_Olin_Skizzen_1-1249x1536.jpg 1249w, https:\/\/raum-blick.de\/magazin\/wp-content\/uploads\/2024\/08\/Song_Olin_Skizzen_1-1665x2048.jpg 1665w\" sizes=\"(max-width: 833px) 100vw, 833px\" \/><\/figure>\n\n\n\n<figure class=\"wp-block-image size-large\"><img loading=\"lazy\" decoding=\"async\" width=\"802\" height=\"1024\" data-id=\"20516\" src=\"https:\/\/www.raum-blick.de\/magazin\/wp-content\/uploads\/2024\/08\/Song_Olin_Skizzen_2-802x1024.jpg\" alt=\"Hier wird noch von Hand gezeichnet. Song Olin geh\u00f6ren zu den Trendsettern des finnischen Designs. \" class=\"wp-image-20516\" title=\"\" srcset=\"https:\/\/raum-blick.de\/magazin\/wp-content\/uploads\/2024\/08\/Song_Olin_Skizzen_2-802x1024.jpg 802w, https:\/\/raum-blick.de\/magazin\/wp-content\/uploads\/2024\/08\/Song_Olin_Skizzen_2-235x300.jpg 235w, https:\/\/raum-blick.de\/magazin\/wp-content\/uploads\/2024\/08\/Song_Olin_Skizzen_2-768x981.jpg 768w, https:\/\/raum-blick.de\/magazin\/wp-content\/uploads\/2024\/08\/Song_Olin_Skizzen_2-1203x1536.jpg 1203w, https:\/\/raum-blick.de\/magazin\/wp-content\/uploads\/2024\/08\/Song_Olin_Skizzen_2-1604x2048.jpg 1604w\" sizes=\"(max-width: 802px) 100vw, 802px\" \/><\/figure>\n<figcaption class=\"blocks-gallery-caption wp-element-caption\"><em>Schon in den Zeichnungen von Song &amp; Olin stecken viel Farbe, Detailverliebtheit und Handarbeit. Die fertigen Produkte sind Blickfang und Handschmeichler zugleich. Und au\u00dferdem immer auf die ein oder andere Weise n\u00fctzlich. <\/em>Finnisches Design eben.<\/figcaption><\/figure>\n\n\n\n<p>Also, gehen Sie auf Entdeckungsreise, fahren Sie nach Finnland, lassen Sie sich anstecken von der finnischen Mentalit\u00e4t, die so herrlich unaufdringlich und naturverbunden ist wie das ganze Land und holen Sie sich gleich ein St\u00fcck zeitlose finnische Alltagskultur zu sich nach Hause. Ein Klick gen\u00fcgt!<\/p>\n\n\n\n<div class=\"wp-block-buttons is-layout-flex wp-block-buttons-is-layout-flex\">\n<div class=\"wp-block-button aligncenter\"><a class=\"wp-block-button__link has-white-color has-black-background-color has-text-color has-background wp-element-button\" href=\"https:\/\/www.raum-blick.de\/iittala\/\">Jetzt bei RAUM-BLICK finnisches Design shoppen!<\/a><\/div>\n<\/div>\n<\/p>","protected":false},"excerpt":{"rendered":"<p>\u00ab Die Reduktion auf das Einfache \u00bb Woran denken Sie, wenn Sie Finnland h\u00f6ren? An unber\u00fchrte Natur, glasklare Seen, Polarlichter, ewig helle Sommern\u00e4chte, Sauna, Trolle, B\u00e4ren? Vielleicht aber ja auch an finnisches Design, dessen Geschichte noch relativ jung ist, aber das schon l\u00e4ngst weltweit gesch\u00e4tzt wird, weil die augenscheinlich so sch\u00fcchternen und zur\u00fcckhaltenden Finnen genau [&hellip;]<\/p>\n","protected":false},"author":4,"featured_media":20534,"comment_status":"closed","ping_status":"open","sticky":false,"template":"","format":"standard","meta":{"_et_pb_use_builder":"","_et_pb_old_content":"","_et_gb_content_width":"","inline_featured_image":false,"footnotes":""},"categories":[7,1],"tags":[2269,145,2272,1466,2271,2276,559,158,23,2274,43,2277,2273,2270,1038,2275],"class_list":["post-20480","post","type-post","status-publish","format-standard","has-post-thumbnail","hentry","category-accessoires-lifestyle","category-drinnen","tag-aino-aalto","tag-alvar-aalto","tag-artek","tag-birkenholz","tag-finnisches-design","tag-fiskars","tag-glas","tag-hocker","tag-iittala","tag-kaj-franck","tag-leuchten","tag-marimekko","tag-secto-design","tag-seppo-koho","tag-sitzhocker","tag-timo-sarpaneva"],"_links":{"self":[{"href":"https:\/\/raum-blick.de\/magazin\/wp-json\/wp\/v2\/posts\/20480","targetHints":{"allow":["GET"]}}],"collection":[{"href":"https:\/\/raum-blick.de\/magazin\/wp-json\/wp\/v2\/posts"}],"about":[{"href":"https:\/\/raum-blick.de\/magazin\/wp-json\/wp\/v2\/types\/post"}],"author":[{"embeddable":true,"href":"https:\/\/raum-blick.de\/magazin\/wp-json\/wp\/v2\/users\/4"}],"replies":[{"embeddable":true,"href":"https:\/\/raum-blick.de\/magazin\/wp-json\/wp\/v2\/comments?post=20480"}],"version-history":[{"count":36,"href":"https:\/\/raum-blick.de\/magazin\/wp-json\/wp\/v2\/posts\/20480\/revisions"}],"predecessor-version":[{"id":20567,"href":"https:\/\/raum-blick.de\/magazin\/wp-json\/wp\/v2\/posts\/20480\/revisions\/20567"}],"wp:featuredmedia":[{"embeddable":true,"href":"https:\/\/raum-blick.de\/magazin\/wp-json\/wp\/v2\/media\/20534"}],"wp:attachment":[{"href":"https:\/\/raum-blick.de\/magazin\/wp-json\/wp\/v2\/media?parent=20480"}],"wp:term":[{"taxonomy":"category","embeddable":true,"href":"https:\/\/raum-blick.de\/magazin\/wp-json\/wp\/v2\/categories?post=20480"},{"taxonomy":"post_tag","embeddable":true,"href":"https:\/\/raum-blick.de\/magazin\/wp-json\/wp\/v2\/tags?post=20480"}],"curies":[{"name":"wp","href":"https:\/\/api.w.org\/{rel}","templated":true}]}}