{"id":20365,"date":"2024-09-13T08:45:44","date_gmt":"2024-09-13T06:45:44","guid":{"rendered":"https:\/\/www.raum-blick.de\/magazin\/?p=20365"},"modified":"2024-08-06T17:28:11","modified_gmt":"2024-08-06T15:28:11","slug":"pastellfarben-fuer-entspanntes-wohnen","status":"publish","type":"post","link":"https:\/\/raum-blick.de\/magazin\/pastellfarben-fuer-entspanntes-wohnen\/","title":{"rendered":"Pastellfarben: zart, l\u00e4ssig und erfrischend anders"},"content":{"rendered":"\n<h2 class=\"wp-block-heading\"><span class=\"ez-toc-section\" id=\"%C2%AB_Softer_Retro-Look_mit_Gute-Laune-Potenzial_%C2%BB\"><\/span>\u00ab Softer Retro-Look mit Gute-Laune-Potenzial \u00bb<span class=\"ez-toc-section-end\"><\/span><\/h2>\n\n\n\n<p><strong>Zitronengelb, Pistaziengr\u00fcn, Himbeerrot und schon schwelgen wir in Kindheitserinnerungen. Denken an cremiges Eis, Lollis, Bonbongl\u00e4ser voll verlockender K\u00f6stlichkeiten oder das quietschrosa Barbie-Haus. F\u00fchlt sich gut an? Darf es auch! Denn auch als Erwachsene k\u00f6nnen wir uns dieses entspannte Wohlbehagen in unsere vier W\u00e4nde holen. Mit frischen Pastellfarben, die f\u00fcr einen unbeschwerten Candy-Look \u00e0 la Miami und jede Menge (Wohn-)Abwechslung sorgen. Probieren Sie&#8217;s aus und holen Sie sich jetzt die Extraportion Leichtigkeit ins Haus.<\/strong><\/p>\n\n\n\n<figure class=\"wp-block-image size-large\"><img loading=\"lazy\" decoding=\"async\" width=\"1024\" height=\"683\" src=\"https:\/\/www.raum-blick.de\/magazin\/wp-content\/uploads\/2024\/07\/pexels-jill-wellington-1638660-3969250-1024x683.jpg\" alt=\"Pastellfarben verzaubern, nicht nur bei Macarons. Auch beim Einrichten schaffen sie kleine Kunstwerke.\" class=\"wp-image-20369\" title=\"\" srcset=\"https:\/\/raum-blick.de\/magazin\/wp-content\/uploads\/2024\/07\/pexels-jill-wellington-1638660-3969250-1024x683.jpg 1024w, https:\/\/raum-blick.de\/magazin\/wp-content\/uploads\/2024\/07\/pexels-jill-wellington-1638660-3969250-300x200.jpg 300w, https:\/\/raum-blick.de\/magazin\/wp-content\/uploads\/2024\/07\/pexels-jill-wellington-1638660-3969250-768x512.jpg 768w, https:\/\/raum-blick.de\/magazin\/wp-content\/uploads\/2024\/07\/pexels-jill-wellington-1638660-3969250-1536x1024.jpg 1536w, https:\/\/raum-blick.de\/magazin\/wp-content\/uploads\/2024\/07\/pexels-jill-wellington-1638660-3969250-2048x1365.jpg 2048w\" sizes=\"(max-width: 1024px) 100vw, 1024px\" \/><figcaption class=\"wp-element-caption\"><em>Einfach zum Anbei\u00dfen: Pastellfarben machen nicht nur aus Macarons verf\u00fchrerische kleine Kunstwerke, sondern auch aus Ihrem Zuhause.<\/em><\/figcaption><\/figure>\n\n\n\n<h2 class=\"wp-block-heading\"><span class=\"ez-toc-section\" id=\"Welcome_to_Miami_%E2%80%93_mit_Pastellfarben_ganz_easy\"><\/span>Welcome to Miami \u2013 mit Pastellfarben ganz easy!<span class=\"ez-toc-section-end\"><\/span><\/h2>\n\n\n\n<p>Von wegen diese Eiscremefarben geh\u00f6ren nur ins Kinderzimmer! Trauen Sie sich ruhig und lassen Sie sich \u00fcberraschen, wie gut Ihnen die leichten Pastellt\u00f6ne tun. Ob pudrig-zart oder etwas satter, bestimmt finden Sie bei den unz\u00e4hligen Nuancen Ihren Lieblingston. Denn Pastelle wie Rosa, Hellblau, Flieder, Apricot oder Vanille, sind ideal f\u00fcr kleine R\u00e4ume. Sie lassen wenige Quadratmeter optisch gr\u00f6\u00dfer erscheinen, verstehen sich untereinander pr\u00e4chtig und setzen Akzente oder Statements \u2013 ganz wie Sie wollen. Zudem sind sie ebenso verspielt wie cool, vielseitig und f\u00fchlen sich in einer neutralen Umgebung besonders wohl. Also nichts wie auf in die l\u00e4ssige Farb-Party \u00e0 la South Beach mit ganz viel luftigem Retro-Charme \u2013 jede Menge Ideen und Inspiration inklusive.<\/p><div id=\"ez-toc-container\" class=\"ez-toc-v2_0_82_2 counter-hierarchy ez-toc-counter ez-toc-grey ez-toc-container-direction\">\n<div class=\"ez-toc-title-container\">\n<p class=\"ez-toc-title\" style=\"cursor:inherit\">Was hier auf Sie wartet<\/p>\n<span class=\"ez-toc-title-toggle\"><a href=\"#\" class=\"ez-toc-pull-right ez-toc-btn ez-toc-btn-xs ez-toc-btn-default ez-toc-toggle\" aria-label=\"Toggle Table of Content\"><span class=\"ez-toc-js-icon-con\"><span class=\"\"><span class=\"eztoc-hide\" style=\"display:none;\">Toggle<\/span><span class=\"ez-toc-icon-toggle-span\"><svg style=\"fill: #999;color:#999\" xmlns=\"http:\/\/www.w3.org\/2000\/svg\" class=\"list-377408\" width=\"20px\" height=\"20px\" viewBox=\"0 0 24 24\" fill=\"none\"><path d=\"M6 6H4v2h2V6zm14 0H8v2h12V6zM4 11h2v2H4v-2zm16 0H8v2h12v-2zM4 16h2v2H4v-2zm16 0H8v2h12v-2z\" fill=\"currentColor\"><\/path><\/svg><svg style=\"fill: #999;color:#999\" class=\"arrow-unsorted-368013\" xmlns=\"http:\/\/www.w3.org\/2000\/svg\" width=\"10px\" height=\"10px\" viewBox=\"0 0 24 24\" version=\"1.2\" baseProfile=\"tiny\"><path d=\"M18.2 9.3l-6.2-6.3-6.2 6.3c-.2.2-.3.4-.3.7s.1.5.3.7c.2.2.4.3.7.3h11c.3 0 .5-.1.7-.3.2-.2.3-.5.3-.7s-.1-.5-.3-.7zM5.8 14.7l6.2 6.3 6.2-6.3c.2-.2.3-.5.3-.7s-.1-.5-.3-.7c-.2-.2-.4-.3-.7-.3h-11c-.3 0-.5.1-.7.3-.2.2-.3.5-.3.7s.1.5.3.7z\"\/><\/svg><\/span><\/span><\/span><\/a><\/span><\/div>\n<nav><ul class='ez-toc-list ez-toc-list-level-1 ' ><li class='ez-toc-page-1 ez-toc-heading-level-2'><a class=\"ez-toc-link ez-toc-heading-1\" href=\"https:\/\/raum-blick.de\/magazin\/pastellfarben-fuer-entspanntes-wohnen\/#%C2%AB_Softer_Retro-Look_mit_Gute-Laune-Potenzial_%C2%BB\" >\u00ab Softer Retro-Look mit Gute-Laune-Potenzial \u00bb<\/a><\/li><li class='ez-toc-page-1 ez-toc-heading-level-2'><a class=\"ez-toc-link ez-toc-heading-2\" href=\"https:\/\/raum-blick.de\/magazin\/pastellfarben-fuer-entspanntes-wohnen\/#Welcome_to_Miami_%E2%80%93_mit_Pastellfarben_ganz_easy\" >Welcome to Miami \u2013 mit Pastellfarben ganz easy!<\/a><ul class='ez-toc-list-level-3' ><li class='ez-toc-heading-level-3'><a class=\"ez-toc-link ez-toc-heading-3\" href=\"https:\/\/raum-blick.de\/magazin\/pastellfarben-fuer-entspanntes-wohnen\/#Its_a_match_%E2%80%93_5_Pastellfarben-Traumpaare_fuer_Interieur-Fans\" >It&#8217;s a match \u2013 5 Pastellfarben-Traumpaare f\u00fcr Interieur-Fans<\/a><\/li><\/ul><\/li><li class='ez-toc-page-1 ez-toc-heading-level-2'><a class=\"ez-toc-link ez-toc-heading-4\" href=\"https:\/\/raum-blick.de\/magazin\/pastellfarben-fuer-entspanntes-wohnen\/#Diese_Pastellfarben-Klassiker_sind_einfach_zum_Dahinschmelzen\" >Diese Pastellfarben-Klassiker sind einfach zum Dahinschmelzen<\/a><ul class='ez-toc-list-level-3' ><li class='ez-toc-heading-level-3'><a class=\"ez-toc-link ez-toc-heading-5\" href=\"https:\/\/raum-blick.de\/magazin\/pastellfarben-fuer-entspanntes-wohnen\/#Kuehlschrank_FAB28_von_SMEG\" >K\u00fchlschrank FAB28 von SMEG<\/a><\/li><li class='ez-toc-page-1 ez-toc-heading-level-3'><a class=\"ez-toc-link ez-toc-heading-6\" href=\"https:\/\/raum-blick.de\/magazin\/pastellfarben-fuer-entspanntes-wohnen\/#Nerd_Chair_von_Muuto\" >Nerd Chair von Muuto<\/a><\/li><li class='ez-toc-page-1 ez-toc-heading-level-3'><a class=\"ez-toc-link ez-toc-heading-7\" href=\"https:\/\/raum-blick.de\/magazin\/pastellfarben-fuer-entspanntes-wohnen\/#Kartell_Big_FLY_Pendelleuchte\" >Kartell Big FL\/Y Pendelleuchte<\/a><\/li><li class='ez-toc-page-1 ez-toc-heading-level-3'><a class=\"ez-toc-link ez-toc-heading-8\" href=\"https:\/\/raum-blick.de\/magazin\/pastellfarben-fuer-entspanntes-wohnen\/#Sitzsack_von_Fatboy\" >Sitzsack von Fatboy<\/a><\/li><li class='ez-toc-page-1 ez-toc-heading-level-3'><a class=\"ez-toc-link ez-toc-heading-9\" href=\"https:\/\/raum-blick.de\/magazin\/pastellfarben-fuer-entspanntes-wohnen\/#Aalto_Vase_Glas_von_iittala\" >Aalto Vase &amp; Glas von iittala<\/a><\/li><li class='ez-toc-page-1 ez-toc-heading-level-3'><a class=\"ez-toc-link ez-toc-heading-10\" href=\"https:\/\/raum-blick.de\/magazin\/pastellfarben-fuer-entspanntes-wohnen\/#%E2%80%9ELight%E2%80%9C-Versionen_im_Kinderzimmer\" >\u201eLight&#8220;-Versionen im Kinderzimmer<\/a><\/li><\/ul><\/li><\/ul><\/nav><\/div>\n\n\n\n\n<h3 class=\"wp-block-heading\"><span class=\"ez-toc-section\" id=\"Its_a_match_%E2%80%93_5_Pastellfarben-Traumpaare_fuer_Interieur-Fans\"><\/span>It&#8217;s a match \u2013 5 Pastellfarben-Traumpaare f\u00fcr Interieur-Fans<span class=\"ez-toc-section-end\"><\/span><\/h3>\n\n\n\n<h4 class=\"wp-block-heading\">1. Pastell + Pastell<\/h4>\n\n\n\n<p>Die gute Nachricht gleich vorweg: Geht nicht, gibt&#8217;s nicht! Ihrer Fantasie sind mit den zarten Pastellt\u00f6nen keine Grenzen gesetzt. Denn sie lassen sich beliebig miteinander kombinieren. Beispielsweise Rosa mit Hellblau, Apricot mit Salbeigr\u00fcn oder nat\u00fcrlich auch T\u00f6ne aus derselben Farbfamilie wie Vanille und Zitronengelb. Also mixen Sie nach Lust und Laune. Sie k\u00f6nnen ja mal mit pastellfarbenen Blumen oder einer Vase anfangen. Und wenn Ihnen der Look gef\u00e4llt, gleich gro\u00dffl\u00e4chig eine Pastellfarben Wand kreieren oder Ihr Lieblingsm\u00f6bel mutig in soften T\u00f6nen kaufen. Sie holen sich damit auf alle F\u00e4lle ganz viel Frische und Lebensfreude ins Haus. \u00dcbrigens z\u00e4hlen auch Cremewei\u00df und ausgeblichenes Grasgr\u00fcn zu den aufheiternd und gleichzeitig beruhigenden Pastellfarben.<\/p>\n\n\n\n<h4 class=\"wp-block-heading\">2. Pastell + Wei\u00df<\/h4>\n\n\n\n<p>Ja, wei\u00dfe W\u00e4nde sind sch\u00f6n und rund 60 Prozent der Deutschen lieben sie, aber Sie werden staunen, wie eine Wand in Mintgr\u00fcn oder Zartgelb kombiniert mit wei\u00dfen T\u00fcren und hellen H\u00f6lzern den Raum ver\u00e4ndern kann. Die Skandinavier wissen das am besten und kombinieren gerne heitere Pastellfarben mit strahlendem Wei\u00df. Das wirkt so deutlich weniger steril und l\u00e4sst andererseits die Pastelle noch mehr leuchten. Ein klassischen, zeitlos sch\u00f6nes Duo.<\/p>\n\n\n\n<h4 class=\"wp-block-heading\">3. Pastell + kr\u00e4ftige Farben<\/h4>\n\n\n\n<p>Sie m\u00f6chten Ihrem Raum eine spannende Dynamik geben? Dann empfehlen wir Ihnen wahlweise ein zuckers\u00fc\u00dfes Rosa, das mit Grau eine ausgesprochene erwachsene Verbindung eingeht. Denn Grau gibt dem ganzen Ruhe. Oder aber Sie stellen dem Rosa einen kr\u00e4ftigen Gegenpart wie Petrol gegen\u00fcber. Der Trick besteht tats\u00e4chlich darin, eine schwache mit einer starken Farbe zu kombinieren. Aber bitte belassen Sie es dann auch bei den beiden. Mehr w\u00fcrde schnell zu unruhig.<\/p>\n\n\n\n<h4 class=\"wp-block-heading\">4. Pastell + Holz<\/h4>\n\n\n\n<p>Ahorn, Birke oder Buche \u2013 helle H\u00f6lzer sorgen zusammen mit zarten Pastellt\u00f6nen f\u00fcr noch mehr Frische im Raum. Und grade jetzt im Sommer f\u00fcr eine optische Abk\u00fchlung. Zusammen schafft diese Kombination ein Interieur voller Leichtigkeit und Unbeschwertheit. Und das lieben wir doch alle, oder? Zusammen mit dunklen H\u00f6lzern wird&#8217;s dagegen noch chicer und der Coolness-Faktor steigt.<\/p>\n\n\n\n<h4 class=\"wp-block-heading\">5. Pastell + Metall<\/h4>\n\n\n\n<p>Elegant, wertvoll, stylish, edel und glamour\u00f6s wird es, wenn gl\u00e4nzendes Metall wie Gold, Kupfer oder Bronze auf die soften Farbt\u00f6ne trifft. Denn dann strahlt beides noch intensiver. Pastellfarben sind einfach in jeder Hinsicht eine Bereicherung und wie Sie sehen so herrlich vielseitig. Und auch wenn sie schon in den 50ern f\u00fcr Furore sorgten, spielen sie heute definitiv in einer ganz anderen (Einrichtungs-)Liga.<\/p>\n\n\n\n<figure class=\"wp-block-pullquote\"><blockquote><p><strong>SWEET TO KNOW<br><\/strong>Wussten Sie, dass<br>&#8211; Vanille das beliebteste Eis in Deutschland ist, gefolgt von Schoko und Stracciatella?*<br>&#8211; die erste Eisdiele 1799 im Alsterpavillon in Hamburg er\u00f6ffnete?<br>&#8211; nur eine von f\u00fcnf Personen ihre Kugel Eis am liebsten aus dem Becher l\u00f6ffelt?*<br>&#8211; Frank Epperson in San Francisco 1905 zuf\u00e4llig das Stil-Eis erfand, die geniale Idee aber erst 1923 patentieren lie\u00df?<br>&#8211; die vegan-, gluten-, laktose- und industrie\u00adzucker\u00adfreien \u201eNicecreams&#8220; gerade der Renner sind? Leckere Rezepte finden Sie <a href=\"https:\/\/www.lecker.de\/nicecream-rezepte-fuer-eis-in-5-minuten-74185.html\" rel=\"nofollow noopener\" target=\"_blank\">hier<\/a>.<\/p><cite>*hellofresh.de\/essensbox\/deutschlands-eis-vergleich<\/cite><\/blockquote><\/figure>\n\n\n\n<h2 class=\"wp-block-heading\"><span class=\"ez-toc-section\" id=\"Diese_Pastellfarben-Klassiker_sind_einfach_zum_Dahinschmelzen\"><\/span>Diese Pastellfarben-Klassiker sind einfach zum Dahinschmelzen<span class=\"ez-toc-section-end\"><\/span><\/h2>\n\n\n\n<p>Nat\u00fcrlich sind auch wir riesengro\u00dfe Pastell-Fans. Und es gibt so einige zeitlose Lieblinge, die uns immer wieder aufs Neue begeistern. Die m\u00f6chten wir Ihnen selbstverst\u00e4ndlich nicht vorenthalten. Und egal, ob Sie gerade angefangen haben, sich in die Softies zu verlieben, oder wie wir schon lange ihr Gute-Laune-Potenzial entdeckt haben, wenn Sie sie gekonnt einsetzen, sind Pastellfarben immer ein Gewinn. An Lebensfreude, Stil, Gem\u00fctlichkeit und nicht zuletzt Entspannung. Lassen Sie sich von unserer Begeisterung anstecken, hier sind unsere liebsten Pastell-St\u00fccke:<\/p>\n\n\n\n<h3 class=\"wp-block-heading\"><span class=\"ez-toc-section\" id=\"Kuehlschrank_FAB28_von_SMEG\"><\/span><strong><a href=\"https:\/\/www.raum-blick.de\/smeg-kuehlschrank?number=FAB28LPK5\">K\u00fchlschrank FAB28 von SMEG<\/a> <\/strong><span class=\"ez-toc-section-end\"><\/span><\/h3>\n\n\n\n<p>Dieser K\u00fchlschrank im 50er-Jahre-Style ist eine Stilikone, die das italienische Unternehmen in die erste Liga der Hausger\u00e4tehersteller katapultierte. Seitdem ist der Name SMEG untrennbar mit dem Retro-K\u00fchlschrank verbunden. Der Haben-Wollen-Faktor ist hier ganz hoch und beim Anblick der runden, geschwungenen Linien und der immensen Farbvielfalt \u2013 immerhin 22 Varianten \u2013 wird einem ganz warm ums Herz. Ein Gefrierfach hat dieses Bild von einem M\u00f6belst\u00fcck nat\u00fcrlich auch.<\/p>\n\n\n\n<figure class=\"wp-block-gallery has-nested-images columns-default is-cropped wp-block-gallery-2 is-layout-flex wp-block-gallery-is-layout-flex\">\n<figure class=\"wp-block-image size-large\"><a href=\"https:\/\/www.raum-blick.de\/smeg-kuehlschrank?number=FAB28LPK5\"><img loading=\"lazy\" decoding=\"async\" width=\"200\" height=\"200\" data-id=\"20419\" src=\"https:\/\/www.raum-blick.de\/magazin\/wp-content\/uploads\/2024\/07\/smeg-kuehlschrank-FAB28-pastellgruen-links_55133_200x200.jpg\" alt=\"Der Inbegriff eines Retro-K\u00fchlschranks: der FAB28 von SMEG. Hier in zartem Pastellgr\u00fcn.\" class=\"wp-image-20419\" title=\"\" srcset=\"https:\/\/raum-blick.de\/magazin\/wp-content\/uploads\/2024\/07\/smeg-kuehlschrank-FAB28-pastellgruen-links_55133_200x200.jpg 200w, https:\/\/raum-blick.de\/magazin\/wp-content\/uploads\/2024\/07\/smeg-kuehlschrank-FAB28-pastellgruen-links_55133_200x200-150x150.jpg 150w\" sizes=\"(max-width: 200px) 100vw, 200px\" \/><\/a><\/figure>\n\n\n\n<figure class=\"wp-block-image size-large\"><a href=\"https:\/\/www.raum-blick.de\/smeg-kuehlschrank?number=FAB28LPK5\"><img loading=\"lazy\" decoding=\"async\" width=\"200\" height=\"200\" data-id=\"20420\" src=\"https:\/\/www.raum-blick.de\/magazin\/wp-content\/uploads\/2024\/07\/smeg-kuehlschrank-FAB28-cadillacpink-links_55136_200x200.jpg\" alt=\"Pastellfarben, wie wir sie lieben: In Cadillac Pink setzt der FAB28 K\u00fchlschrank von SMEG in jeder K\u00fcche ein Statement. \" class=\"wp-image-20420\" title=\"\" srcset=\"https:\/\/raum-blick.de\/magazin\/wp-content\/uploads\/2024\/07\/smeg-kuehlschrank-FAB28-cadillacpink-links_55136_200x200.jpg 200w, https:\/\/raum-blick.de\/magazin\/wp-content\/uploads\/2024\/07\/smeg-kuehlschrank-FAB28-cadillacpink-links_55136_200x200-150x150.jpg 150w\" sizes=\"(max-width: 200px) 100vw, 200px\" \/><\/a><\/figure>\n\n\n\n<figure class=\"wp-block-image size-large\"><a href=\"https:\/\/www.raum-blick.de\/smeg-kuehlschrank?number=FAB28LPK5\"><img loading=\"lazy\" decoding=\"async\" width=\"200\" height=\"200\" data-id=\"20418\" src=\"https:\/\/www.raum-blick.de\/magazin\/wp-content\/uploads\/2024\/07\/smeg-kuehlschrank-FAB28-pastellblau-links_55135_200x200.jpg\" alt=\"Die ganze Welt ist himmelblau. Mit dem FAB28 von SMEG in Pastellblau schweben wir wie auf Wolken.\" class=\"wp-image-20418\" title=\"\" srcset=\"https:\/\/raum-blick.de\/magazin\/wp-content\/uploads\/2024\/07\/smeg-kuehlschrank-FAB28-pastellblau-links_55135_200x200.jpg 200w, https:\/\/raum-blick.de\/magazin\/wp-content\/uploads\/2024\/07\/smeg-kuehlschrank-FAB28-pastellblau-links_55135_200x200-150x150.jpg 150w\" sizes=\"(max-width: 200px) 100vw, 200px\" \/><\/a><\/figure>\n<figcaption class=\"blocks-gallery-caption wp-element-caption\"><em>Ob in Pastellgr\u00fcn, Cadillac Pink oder Pastellblau, der FAB28 ist ein Flashback in die Vergangenheit. Und daf\u00fcr lieben wir ihn! <\/em><\/figcaption><\/figure>\n\n\n\n<figure class=\"wp-block-embed is-type-video is-provider-youtube wp-block-embed-youtube wp-embed-aspect-16-9 wp-has-aspect-ratio\"><div class=\"wp-block-embed__wrapper\">\n <div class=\"brlbs-cmpnt-container brlbs-cmpnt-content-blocker brlbs-cmpnt-with-individual-styles\" data-borlabs-cookie-content-blocker-id=\"default\" data-borlabs-cookie-content=\"PGlmcmFtZSB0aXRsZT0iU21lZyBGQUIyOCBSZXRybyAtS8O8aGxzY2hyYW5rIiB3aWR0aD0iMTA4MCIgaGVpZ2h0PSI2MDgiIHNyYz0iaHR0cHM6Ly93d3cueW91dHViZS5jb20vZW1iZWQvQkd0TnJKUnFzTXM\/ZmVhdHVyZT1vZW1iZWQiICBhbGxvdz0iYWNjZWxlcm9tZXRlcjsgYXV0b3BsYXk7IGNsaXBib2FyZC13cml0ZTsgZW5jcnlwdGVkLW1lZGlhOyBneXJvc2NvcGU7IHBpY3R1cmUtaW4tcGljdHVyZTsgd2ViLXNoYXJlIiByZWZlcnJlcnBvbGljeT0ic3RyaWN0LW9yaWdpbi13aGVuLWNyb3NzLW9yaWdpbiIgYWxsb3dmdWxsc2NyZWVuPjwvaWZyYW1lPg==\"><div class=\"brlbs-cmpnt-cb-preset-a\"> <p class=\"brlbs-cmpnt-cb-description\">Sie sehen gerade einen Platzhalterinhalt von <strong>Standard<\/strong>. Um auf den eigentlichen Inhalt zuzugreifen, klicken Sie auf den Button unten. Bitte beachten Sie, dass dabei Daten an Drittanbieter weitergegeben werden.<\/p> <div class=\"brlbs-cmpnt-cb-buttons\"> <a class=\"brlbs-cmpnt-cb-btn\" href=\"#\" data-borlabs-cookie-unblock role=\"button\">Inhalt entsperren<\/a> <a class=\"brlbs-cmpnt-cb-btn\" href=\"#\" data-borlabs-cookie-accept-service role=\"button\" style=\"display: none\">Erforderlichen Service akzeptieren und Inhalte entsperren<\/a> <\/div> <a class=\"brlbs-cmpnt-cb-provider-toggle\" href=\"#\" data-borlabs-cookie-show-provider-information role=\"button\">Weitere Informationen<\/a> <\/div><\/div>\n<\/div><figcaption class=\"wp-element-caption\"><em>Cool, cooler, SMEG. Der FAB28 geh\u00f6rt in jeden Haushalt, zumindest wenn&#8217;s nach uns ginge. Und er \u00fcberzeugt auch mit seinen inneren Werten, also klicken Sie rein!<\/em><\/figcaption><\/figure>\n\n\n\n<h3 class=\"wp-block-heading\"><span class=\"ez-toc-section\" id=\"Nerd_Chair_von_Muuto\"><\/span><a href=\"https:\/\/www.raum-blick.de\/muuto-nerd-chair?number=32007\">Nerd Chair von Muuto<\/a><span class=\"ez-toc-section-end\"><\/span><\/h3>\n\n\n\n<p>Ein Stuhl, der seinem Namen alle Ehre macht, wunderbar detailverliebt ist und dabei Komfort und Nat\u00fcrlichkeit aufs Sch\u00f6nste vereint. Die R\u00fcckenlehne und die Sitzfl\u00e4che sind \u00fcber ein Stecksystem verbunden, die organische Form schmeichelt dem Auge und setzt auch farblich einen Akzent im Raum. Die auf Wasserbasis lackierte Eiche schlie\u00dflich ist das T\u00fcpfelchen auf dem i. Mit dem Nerd Chair hat der Berliner Designer <a href=\"https:\/\/www.geckelermichels.com\" target=\"_blank\" rel=\"noopener\">David Geckeler<\/a> ein modernes Objekt in skandinavischer Tradition geschaffen, das zurecht mit diversen Preisen ausgezeichnet wurde.<\/p>\n\n\n\n<figure class=\"wp-block-gallery has-nested-images columns-default is-cropped wp-block-gallery-3 is-layout-flex wp-block-gallery-is-layout-flex\">\n<figure class=\"wp-block-image size-large\"><a href=\"https:\/\/www.raum-blick.de\/muuto-nerd-chair?number=32007\"><img loading=\"lazy\" decoding=\"async\" width=\"400\" height=\"400\" data-id=\"20423\" src=\"https:\/\/www.raum-blick.de\/magazin\/wp-content\/uploads\/2024\/07\/muuto-nerd-chair-sand-yellow_57137_200x200@2x.jpg\" alt=\"Ein Bild von einem Stuhl, der Muuto Nerd Chair. Herrlich bequem, aus Eichenholz und in zartem Pastellgelb.\" class=\"wp-image-20423\" title=\"\" srcset=\"https:\/\/raum-blick.de\/magazin\/wp-content\/uploads\/2024\/07\/muuto-nerd-chair-sand-yellow_57137_200x200@2x.jpg 400w, https:\/\/raum-blick.de\/magazin\/wp-content\/uploads\/2024\/07\/muuto-nerd-chair-sand-yellow_57137_200x200@2x-300x300.jpg 300w, https:\/\/raum-blick.de\/magazin\/wp-content\/uploads\/2024\/07\/muuto-nerd-chair-sand-yellow_57137_200x200@2x-150x150.jpg 150w\" sizes=\"(max-width: 400px) 100vw, 400px\" \/><\/a><\/figure>\n\n\n\n<figure class=\"wp-block-image size-large\"><a href=\"https:\/\/www.raum-blick.de\/muuto-nerd-chair?number=32007\"><img loading=\"lazy\" decoding=\"async\" width=\"400\" height=\"400\" data-id=\"20373\" src=\"https:\/\/www.raum-blick.de\/magazin\/wp-content\/uploads\/2024\/07\/nerd-chair-sand-yellow-tisch-muuto_57125_200x200@2x.jpg\" alt=\"Pastellfarben sind einfach zum Verlieben. Und auf dem zartgelben Nerd Chair von Muuto nehmen wir gerne Platz, denn er ist einfach herrlich bequem. \" class=\"wp-image-20373\" title=\"\" srcset=\"https:\/\/raum-blick.de\/magazin\/wp-content\/uploads\/2024\/07\/nerd-chair-sand-yellow-tisch-muuto_57125_200x200@2x.jpg 400w, https:\/\/raum-blick.de\/magazin\/wp-content\/uploads\/2024\/07\/nerd-chair-sand-yellow-tisch-muuto_57125_200x200@2x-300x300.jpg 300w, https:\/\/raum-blick.de\/magazin\/wp-content\/uploads\/2024\/07\/nerd-chair-sand-yellow-tisch-muuto_57125_200x200@2x-150x150.jpg 150w\" sizes=\"(max-width: 400px) 100vw, 400px\" \/><\/a><\/figure>\n<figcaption class=\"blocks-gallery-caption wp-element-caption\"><em>Das zarte Gelb des Muuto Nerd Chair verschmilzt mit strahlendem Wei\u00df und softem Mint zu einer leichten, unbeschwerten Einheit. Da wollen wir doch sofort Platz nehmen, oder?<\/em><\/figcaption><\/figure>\n\n\n\n<figure class=\"wp-block-pullquote\"><blockquote><p>Der Industrie-Designer <strong>DAVID GECKELER<\/strong> stammt aus Konstanz, studierte in Potsdam, Kopenhagen und an der Universit\u00e4t der K\u00fcnste in Berlin, wo er 2012 sein Diplom machte. Bereits 2011 entwarf er f\u00fcr Muuto den Nerd Chair, der gleich mit dem Beckers International Design Award ausgezeichnet wurde. Seit 2013 hat Geckeler zusammen mit Frank Michels ein eigenes Designstudio, das Einfachheit mit Innovation verbindet und dabei immer einen analytischen Blick auf die Umwelt hat.<\/p><\/blockquote><\/figure>\n\n\n\n<h3 class=\"wp-block-heading\"><span class=\"ez-toc-section\" id=\"Kartell_Big_FLY_Pendelleuchte\"><\/span><a href=\"https:\/\/www.raum-blick.de\/kartell-big-fl\/y-pendelleuchte\">Kartell Big FL\/Y Pendelleuchte<\/a><span class=\"ez-toc-section-end\"><\/span><\/h3>\n\n\n\n<div class=\"wp-block-media-text alignwide is-stacked-on-mobile\"><figure class=\"wp-block-media-text__media\"><a href=\"https:\/\/www.raum-blick.de\/kartell-big-fl\/y-pendelleuchte\"><img loading=\"lazy\" decoding=\"async\" width=\"400\" height=\"400\" src=\"https:\/\/www.raum-blick.de\/magazin\/wp-content\/uploads\/2024\/07\/kartell-big-fl-y-pendelleuchte-KAR09058K9_102655_200x200@2x.jpg\" alt=\"Licht ist an sch schon etwas Faszinierendes. Und wenn die Leuchte so wie die salbengr\u00fcne FL\/Y von Kartell noch in Pastellfarben strahl umso mehr. \" class=\"wp-image-20394 size-full\" title=\"\" srcset=\"https:\/\/raum-blick.de\/magazin\/wp-content\/uploads\/2024\/07\/kartell-big-fl-y-pendelleuchte-KAR09058K9_102655_200x200@2x.jpg 400w, https:\/\/raum-blick.de\/magazin\/wp-content\/uploads\/2024\/07\/kartell-big-fl-y-pendelleuchte-KAR09058K9_102655_200x200@2x-300x300.jpg 300w, https:\/\/raum-blick.de\/magazin\/wp-content\/uploads\/2024\/07\/kartell-big-fl-y-pendelleuchte-KAR09058K9_102655_200x200@2x-150x150.jpg 150w\" sizes=\"(max-width: 400px) 100vw, 400px\" \/><\/a><\/figure><div class=\"wp-block-media-text__content\">\n<p><em>Was f\u00fcr ein Gr\u00fcn und was f\u00fcr eine Form! Sieht aus wie eine Halbkugel, ist aber keine. Daf\u00fcr f\u00e4ngt die <a href=\"https:\/\/www.raum-blick.de\/kartell-big-fl\/y-pendelleuchte\">FL\/Y<\/a> das Licht optimal ein. Mit der schillernden Seifenblasen-Anmutung hat der italienische Designer <a href=\"https:\/\/www.laviani.com\" rel=\"nofollow noopener\" target=\"_blank\">Ferruccio Laviani<\/a> ein kleines Meisterwerk geschaffen, das jedem Raum etwas ganz Besonderes verleiht. Die FL\/Y ist \u00fcbrigens aus recyceltem Material. <\/em><\/p>\n<\/div><\/div>\n\n\n\n<h3 class=\"wp-block-heading\"><span class=\"ez-toc-section\" id=\"Sitzsack_von_Fatboy\"><\/span><a href=\"https:\/\/www.raum-blick.de\/fatboy-sitzsack-original-outdoor\">Sitzsack von Fatboy<\/a><span class=\"ez-toc-section-end\"><\/span><\/h3>\n\n\n\n<p>Nat\u00fcrlich waren es die Italiener, die dieses herrlich unkonventionelle, l\u00e4ssige, portable M\u00f6bel erschaffen haben. Mit dem \u201eSacco&#8220; landeten Piero Gatti, Cesare Paolini und Franco Teodoro Ende der 60er einen weltweiten Hit, der in den 70ern in fast jedem Haushalt zu finden war. Eine Idee so simpel wie genial: Eine H\u00fclle mit einer flexiblen F\u00fcllung aus Schaumpolystyrol-K\u00fcgelchen, die sich perfekt der K\u00f6rperform anpassen. Und irgendwie wundert es einen auch nicht, dass der Sitzsack heute wieder so hip ist wie damals, in zig verschiedenen Varianten daherkommt und zwischenzeitlich nat\u00fcrlich auch l\u00e4ngst outdoortauglich ist. Das haben wir nicht zuletzt dem niederl\u00e4ndischen Unternehmen Fatboy zu verdanken, das den Klassiker jetzt auch schon seit \u00fcber 20 Jahren im Programm hat \u2013 nat\u00fcrlich auch in schicken Pastellfarben.<\/p>\n\n\n\n<figure class=\"wp-block-gallery has-nested-images columns-default is-cropped wp-block-gallery-4 is-layout-flex wp-block-gallery-is-layout-flex\">\n<figure class=\"wp-block-image size-large\"><a href=\"https:\/\/www.raum-blick.de\/fatboy-sitzsack-original-outdoor\"><img loading=\"lazy\" decoding=\"async\" width=\"400\" height=\"400\" data-id=\"20399\" src=\"https:\/\/www.raum-blick.de\/magazin\/wp-content\/uploads\/2024\/07\/fatboy-original-sitzsack-outdoor-seafoam_67315tm1abGI091C4d_200x200@2x.jpg\" alt=\"Gem\u00fctlichkeit vorprogrammiert: mit dem Sitzsack von Fatboy schwelgen wir in Erinnungen. Und: in Pastellfarben.\" class=\"wp-image-20399\" title=\"\" srcset=\"https:\/\/raum-blick.de\/magazin\/wp-content\/uploads\/2024\/07\/fatboy-original-sitzsack-outdoor-seafoam_67315tm1abGI091C4d_200x200@2x.jpg 400w, https:\/\/raum-blick.de\/magazin\/wp-content\/uploads\/2024\/07\/fatboy-original-sitzsack-outdoor-seafoam_67315tm1abGI091C4d_200x200@2x-300x300.jpg 300w, https:\/\/raum-blick.de\/magazin\/wp-content\/uploads\/2024\/07\/fatboy-original-sitzsack-outdoor-seafoam_67315tm1abGI091C4d_200x200@2x-150x150.jpg 150w\" sizes=\"(max-width: 400px) 100vw, 400px\" \/><\/a><\/figure>\n\n\n\n<figure class=\"wp-block-image size-large\"><a href=\"https:\/\/www.raum-blick.de\/fatboy-sitzsack-original-outdoor\"><img loading=\"lazy\" decoding=\"async\" width=\"400\" height=\"400\" data-id=\"20398\" src=\"https:\/\/www.raum-blick.de\/magazin\/wp-content\/uploads\/2024\/07\/fatboy-original-sitzsack-outdoor-blossom_67311_200x200@2x.jpg\" alt=\"Bl\u00fctenzart und superbequem: der Sitzsack von Fatboy. F\u00fcr In- und Outdoor.\" class=\"wp-image-20398\" title=\"\" srcset=\"https:\/\/raum-blick.de\/magazin\/wp-content\/uploads\/2024\/07\/fatboy-original-sitzsack-outdoor-blossom_67311_200x200@2x.jpg 400w, https:\/\/raum-blick.de\/magazin\/wp-content\/uploads\/2024\/07\/fatboy-original-sitzsack-outdoor-blossom_67311_200x200@2x-300x300.jpg 300w, https:\/\/raum-blick.de\/magazin\/wp-content\/uploads\/2024\/07\/fatboy-original-sitzsack-outdoor-blossom_67311_200x200@2x-150x150.jpg 150w\" sizes=\"(max-width: 400px) 100vw, 400px\" \/><\/a><\/figure>\n<figcaption class=\"blocks-gallery-caption wp-element-caption\"><em>Seafoam oder Blossom? Auf jeden Fall Pastell! In diesen bequemen Sitzsack k\u00f6nnen Sie sich drinnen wie drau\u00dfen kuscheln. Der Bezug ist waschbar und das baumwoll\u00e4hnliche Olefin h\u00e4lt Wasser und Schmutz fern. <\/em><\/figcaption><\/figure>\n\n\n\n<h3 class=\"wp-block-heading\"><span class=\"ez-toc-section\" id=\"Aalto_Vase_Glas_von_iittala\"><\/span><a href=\"https:\/\/www.raum-blick.de\/iittala\/\">Aalto Vase &amp; Glas von iittala<\/a><span class=\"ez-toc-section-end\"><\/span><\/h3>\n\n\n\n<p>Ein finnisches Ehepaar schreibt Anfang des 19. Jahrhunderts Design-Geschichte: Aino und Alvar Aalto. Die gerippten Gl\u00e4ser der studierten Architektin Aino sind auch noch \u00fcber neunzig Jahre sp\u00e4ter Kult. Dabei sollten die Rippen urspr\u00fcnglich nur Herstellungsfehler \u00fcberdecken. Die simplen, stapelbaren Gl\u00e4ser sind in jedem Fall modern und funktional zugleich. Vielleicht ist gerade das ihr Erfolgsgeheimnis. Ein Meilenstein in puncto Design war auch der organische Entwurf einer Vase ihres Mannes Alvar 1936. Dieses Glasobjekt gilt als Ikone des finnischen Designs und geh\u00f6rt wohl zu den ber\u00fchmtesten Vasen der Welt.<\/p>\n\n\n\n<figure class=\"wp-block-gallery has-nested-images columns-default is-cropped wp-block-gallery-5 is-layout-flex wp-block-gallery-is-layout-flex\">\n<figure class=\"wp-block-image size-large\"><a href=\"https:\/\/www.raum-blick.de\/iittala-aalto-vase-160-mm\"><img loading=\"lazy\" decoding=\"async\" width=\"200\" height=\"200\" data-id=\"20416\" src=\"https:\/\/www.raum-blick.de\/magazin\/wp-content\/uploads\/2024\/07\/iittala-alto-vase-160mm-lachs_103189_200x200.jpg\" alt=\"Kulitikone in Pastell: die Vase des Finnen Alvar Alto. Hier in Lachsrosa.\" class=\"wp-image-20416\" title=\"\" srcset=\"https:\/\/raum-blick.de\/magazin\/wp-content\/uploads\/2024\/07\/iittala-alto-vase-160mm-lachs_103189_200x200.jpg 200w, https:\/\/raum-blick.de\/magazin\/wp-content\/uploads\/2024\/07\/iittala-alto-vase-160mm-lachs_103189_200x200-150x150.jpg 150w\" sizes=\"(max-width: 200px) 100vw, 200px\" \/><\/a><\/figure>\n\n\n\n<figure class=\"wp-block-image size-large\"><a href=\"https:\/\/www.raum-blick.de\/iittala-aino-aalto-glas-2er-set\"><img loading=\"lazy\" decoding=\"async\" width=\"200\" height=\"200\" data-id=\"20415\" src=\"https:\/\/www.raum-blick.de\/magazin\/wp-content\/uploads\/2024\/07\/iittala-Aino-Aalto-33cl-aqua_103236_200x200.jpg\" alt=\"Die finnische Architektin Aino Aalto schuf mit ihrer gerippten Glasserie einen zeitlosen Kult-Klassiker. Nat\u00fcrlich gibt es den Evergreen auch in diversen Pastellfarben.\" class=\"wp-image-20415\" title=\"\" srcset=\"https:\/\/raum-blick.de\/magazin\/wp-content\/uploads\/2024\/07\/iittala-Aino-Aalto-33cl-aqua_103236_200x200.jpg 200w, https:\/\/raum-blick.de\/magazin\/wp-content\/uploads\/2024\/07\/iittala-Aino-Aalto-33cl-aqua_103236_200x200-150x150.jpg 150w\" sizes=\"(max-width: 200px) 100vw, 200px\" \/><\/a><\/figure>\n<figcaption class=\"blocks-gallery-caption wp-element-caption\"><em>Ikonen des finnischen Designs in soften Pastellfarben. Links die zur Weltausstellung 1937 in Paris pr\u00e4sentierte Vase von Alvar Aalto in Lachsrosa, rechts das gerippte Trinkglas seiner Frau Aino von 1932 in Aqua, dessen funktionale Schlichtheit auch heute noch fasziniert. <\/em><\/figcaption><\/figure>\n\n\n\n<h3 class=\"wp-block-heading\"><span class=\"ez-toc-section\" id=\"%E2%80%9ELight%E2%80%9C-Versionen_im_Kinderzimmer\"><\/span>\u201eLight&#8220;-Versionen im Kinderzimmer<span class=\"ez-toc-section-end\"><\/span><\/h3>\n\n\n\n<p>Die Kleinen geh\u00f6ren zweifellos zu den gr\u00f6\u00dften Pastellfarben-Fans. Die Bonbont\u00f6ne sind aber auch einfach so s\u00fc\u00df! Und sie haben noch dazu eine ausgleichende Wirkung. Denn die pudrigen Nuancen verhindern eine \u00dcberreizung. Eben weil sie herrlich unaufdringlich sind. So wie unsere vier Pastell-Stars hier, die Kinderherzen h\u00f6her schlagen lassen.<\/p>\n\n\n\n<div class=\"wp-block-columns is-layout-flex wp-container-core-columns-is-layout-9d6595d7 wp-block-columns-is-layout-flex\">\n<div class=\"wp-block-column is-layout-flow wp-block-column-is-layout-flow\">\n<figure class=\"wp-block-image size-full is-resized\"><a href=\"https:\/\/www.raum-blick.de\/ferm-living-slope-loungesessel\"><img loading=\"lazy\" decoding=\"async\" src=\"https:\/\/www.raum-blick.de\/magazin\/wp-content\/uploads\/2024\/07\/fermLIVINGSlope-Kinder-Loungesessel_101950_200x200.jpg\" alt=\"Ein Sessel, auf dem man nicht nur sitzen kann, sondern der im R\u00fcckteil auch Platz f\u00fcr B\u00fccher hat. Der multifunktionale Slope von ferm LIVING ist einfach praktisch.\" class=\"wp-image-20392\" width=\"404\" height=\"404\" title=\"\" srcset=\"https:\/\/raum-blick.de\/magazin\/wp-content\/uploads\/2024\/07\/fermLIVINGSlope-Kinder-Loungesessel_101950_200x200.jpg 200w, https:\/\/raum-blick.de\/magazin\/wp-content\/uploads\/2024\/07\/fermLIVINGSlope-Kinder-Loungesessel_101950_200x200-150x150.jpg 150w\" sizes=\"(max-width: 404px) 100vw, 404px\" \/><\/a><figcaption class=\"wp-element-caption\"><em>Der<a href=\"https:\/\/www.raum-blick.de\/ferm-living-slope-loungesessel\"> organisch gestaltete Slope Loungesessel von ferm LIVING<\/a> ist multifunktional: bequeme Sitzgelegenheit und B\u00fccheraufbewahrer in einem. <\/em><\/figcaption><\/figure>\n<\/div>\n\n\n\n<div class=\"wp-block-column is-layout-flow wp-block-column-is-layout-flow\">\n<figure class=\"wp-block-image size-full is-resized\"><a href=\"https:\/\/www.raum-blick.de\/fermob-piapolo-hocker\"><img loading=\"lazy\" decoding=\"async\" src=\"https:\/\/www.raum-blick.de\/magazin\/wp-content\/uploads\/2024\/07\/fermob-piapolo-hocker-marschmellow-3206D1_97954_200x200.jpg\" alt=\"Ein Hoch auf die Pastellfarben. Vor allem wenn sie so sch\u00f6n strahlen wie der Fermob Piapolo, der Tisch und Hocker in einem ist. Stauraum inklusive.\" class=\"wp-image-20377\" width=\"402\" height=\"402\" title=\"\" srcset=\"https:\/\/raum-blick.de\/magazin\/wp-content\/uploads\/2024\/07\/fermob-piapolo-hocker-marschmellow-3206D1_97954_200x200.jpg 200w, https:\/\/raum-blick.de\/magazin\/wp-content\/uploads\/2024\/07\/fermob-piapolo-hocker-marschmellow-3206D1_97954_200x200-150x150.jpg 150w\" sizes=\"(max-width: 402px) 100vw, 402px\" \/><\/a><figcaption class=\"wp-element-caption\"><em>Auch im zartlilanen <a href=\"https:\/\/www.raum-blick.de\/fermob-piapolo-hocker\">Fermob Piapolo<\/a> lassen sich Spielzeug und kleine Sch\u00e4tze praktisch verstauen. Er ist Hocker und Tisch gleicherma\u00dfen. <\/em><\/figcaption><\/figure>\n<\/div>\n<\/div>\n\n\n\n<div class=\"wp-block-columns is-layout-flex wp-container-core-columns-is-layout-9d6595d7 wp-block-columns-is-layout-flex\">\n<div class=\"wp-block-column is-layout-flow wp-block-column-is-layout-flow\">\n<figure class=\"wp-block-image size-full is-resized\"><a href=\"https:\/\/www.raum-blick.de\/qeeboo-rabbit-stuhl-baby\"><img loading=\"lazy\" decoding=\"async\" src=\"https:\/\/www.raum-blick.de\/magazin\/wp-content\/uploads\/2024\/07\/qeeboo-rabbit-stuhl-baby-pink_97512_200x200.jpg\" alt=\"Denn Qeeboo Rabbit gibt es auch in einer kindgerechten Variante. Nat\u00fcrlich auch in zuckers\u00fc\u00dfen Pastellfarben wie Rosa oder Hellblau.\" class=\"wp-image-20387\" width=\"403\" height=\"403\" title=\"\" srcset=\"https:\/\/raum-blick.de\/magazin\/wp-content\/uploads\/2024\/07\/qeeboo-rabbit-stuhl-baby-pink_97512_200x200.jpg 200w, https:\/\/raum-blick.de\/magazin\/wp-content\/uploads\/2024\/07\/qeeboo-rabbit-stuhl-baby-pink_97512_200x200-150x150.jpg 150w\" sizes=\"(max-width: 403px) 100vw, 403px\" \/><\/a><figcaption class=\"wp-element-caption\">Diesen Hasen lieben alle. Und es gibt den <a href=\"https:\/\/www.raum-blick.de\/qeeboo-rabbit-stuhl-baby\">originellen Qeeboo Rabbit Stuhl<\/a> auch in einer kindgerechten Variante. Hier in pastelligem Pink f\u00fcr zuckers\u00fc\u00dfe Spielfreude.<\/figcaption><\/figure>\n<\/div>\n\n\n\n<div class=\"wp-block-column is-layout-flow wp-block-column-is-layout-flow\">\n<figure class=\"wp-block-image size-full is-resized\"><a href=\"https:\/\/www.raum-blick.de\/cacoon-bebo-haengesessel\"><img loading=\"lazy\" decoding=\"async\" src=\"https:\/\/www.raum-blick.de\/magazin\/wp-content\/uploads\/2024\/07\/haengesessel-kinder-cacoon_92107_200x200.jpg\" alt=\"Ein Ort zum Wohlf\u00fchlen und sich Zur\u00fcckziehen: der H\u00e4ngesessel Bebo von Cancoon. \" class=\"wp-image-20385\" width=\"401\" height=\"401\" title=\"\" srcset=\"https:\/\/raum-blick.de\/magazin\/wp-content\/uploads\/2024\/07\/haengesessel-kinder-cacoon_92107_200x200.jpg 200w, https:\/\/raum-blick.de\/magazin\/wp-content\/uploads\/2024\/07\/haengesessel-kinder-cacoon_92107_200x200-150x150.jpg 150w\" sizes=\"(max-width: 401px) 100vw, 401px\" \/><\/a><figcaption class=\"wp-element-caption\">Limonadengelb und perfekt zum Abh\u00e4ngen und Wohlf\u00fchlen: der <a href=\"https:\/\/www.raum-blick.de\/cacoon-bebo-haengesessel\">bequeme Bebo H\u00e4ngesessel von Cancoon<\/a> wird der neue Lieblingsplatz Ihres Kindes. Denn er hat alles, was Kinder lieben.<\/figcaption><\/figure>\n<\/div>\n<\/div>\n\n\n\n<p>Wenn Sie hier angekommen sind, wissen Sie, was Pastellfarben ausmacht, wie Sie sie kombinieren k\u00f6nnen und welchen Verj\u00fcngungseffekt sie auf Ihre Einrichtung haben. Und vielleicht haben wir Sie ja jetzt auf den Geschmack gebracht, es im Kleinen oder Gro\u00dfen einmal mit der verlockenden Leichtigkeit dieser T\u00f6ne zu versuchen. Auf geht&#8217;s, st\u00fcrzen Sie sich gen\u00fcsslich ins unbeschwerte Farb-Vergn\u00fcgen!<\/p>\n\n\n\n<div class=\"wp-block-buttons is-layout-flex wp-block-buttons-is-layout-flex\">\n<div class=\"wp-block-button aligncenter\"><a class=\"wp-block-button__link has-black-color has-pale-cyan-blue-background-color has-text-color has-background wp-element-button\" href=\"https:\/\/www.raum-blick.de\/smeg\/\">Jetzt Pastell-Lieblinge bei RAUM-BLICK shoppen \u00bb<\/a><\/div>\n<\/div>\n<\/p>","protected":false},"excerpt":{"rendered":"<p>\u00ab Softer Retro-Look mit Gute-Laune-Potenzial \u00bb Zitronengelb, Pistaziengr\u00fcn, Himbeerrot und schon schwelgen wir in Kindheitserinnerungen. Denken an cremiges Eis, Lollis, Bonbongl\u00e4ser voll verlockender K\u00f6stlichkeiten oder das quietschrosa Barbie-Haus. F\u00fchlt sich gut an? Darf es auch! Denn auch als Erwachsene k\u00f6nnen wir uns dieses entspannte Wohlbehagen in unsere vier W\u00e4nde holen. Mit frischen Pastellfarben, die f\u00fcr [&hellip;]<\/p>\n","protected":false},"author":4,"featured_media":20401,"comment_status":"closed","ping_status":"open","sticky":false,"template":"","format":"standard","meta":{"_et_pb_use_builder":"","_et_pb_old_content":"","_et_gb_content_width":"","inline_featured_image":false,"footnotes":""},"categories":[1],"tags":[2269,145,90,40,206,621,91,381,23,746,1835,2268,2265,239,2266,2264,2267,2138,2139,2197,893,1859,68,891],"class_list":["post-20365","post","type-post","status-publish","format-standard","has-post-thumbnail","hentry","category-drinnen","tag-aino-aalto","tag-alvar-aalto","tag-cacoon","tag-fatboy","tag-ferm-living","tag-fermob","tag-haengesessel","tag-holzmoebel","tag-iittala","tag-kartell","tag-kartell-fly-pendelleuchte","tag-kuehlschrank","tag-miami-flair","tag-muuto","tag-pastell","tag-pastellfarben","tag-pastelltoene","tag-qeeboo","tag-qeeboo-rabbit","tag-qeeboo-stuhl","tag-retro","tag-retro-design","tag-sitzsaecke","tag-smeg"],"_links":{"self":[{"href":"https:\/\/raum-blick.de\/magazin\/wp-json\/wp\/v2\/posts\/20365","targetHints":{"allow":["GET"]}}],"collection":[{"href":"https:\/\/raum-blick.de\/magazin\/wp-json\/wp\/v2\/posts"}],"about":[{"href":"https:\/\/raum-blick.de\/magazin\/wp-json\/wp\/v2\/types\/post"}],"author":[{"embeddable":true,"href":"https:\/\/raum-blick.de\/magazin\/wp-json\/wp\/v2\/users\/4"}],"replies":[{"embeddable":true,"href":"https:\/\/raum-blick.de\/magazin\/wp-json\/wp\/v2\/comments?post=20365"}],"version-history":[{"count":36,"href":"https:\/\/raum-blick.de\/magazin\/wp-json\/wp\/v2\/posts\/20365\/revisions"}],"predecessor-version":[{"id":20562,"href":"https:\/\/raum-blick.de\/magazin\/wp-json\/wp\/v2\/posts\/20365\/revisions\/20562"}],"wp:featuredmedia":[{"embeddable":true,"href":"https:\/\/raum-blick.de\/magazin\/wp-json\/wp\/v2\/media\/20401"}],"wp:attachment":[{"href":"https:\/\/raum-blick.de\/magazin\/wp-json\/wp\/v2\/media?parent=20365"}],"wp:term":[{"taxonomy":"category","embeddable":true,"href":"https:\/\/raum-blick.de\/magazin\/wp-json\/wp\/v2\/categories?post=20365"},{"taxonomy":"post_tag","embeddable":true,"href":"https:\/\/raum-blick.de\/magazin\/wp-json\/wp\/v2\/tags?post=20365"}],"curies":[{"name":"wp","href":"https:\/\/api.w.org\/{rel}","templated":true}]}}