{"id":20152,"date":"2024-07-10T15:28:38","date_gmt":"2024-07-10T13:28:38","guid":{"rendered":"https:\/\/www.raum-blick.de\/magazin\/?p=20152"},"modified":"2024-09-04T11:47:26","modified_gmt":"2024-09-04T09:47:26","slug":"italian-style-wohnen-mit-riviera-chic","status":"publish","type":"post","link":"https:\/\/raum-blick.de\/magazin\/italian-style-wohnen-mit-riviera-chic\/","title":{"rendered":"Italian Style \u2013 Wohnen mit Riviera-Chic"},"content":{"rendered":"\n<h2 class=\"wp-block-heading\"><span class=\"ez-toc-section\" id=\"%C2%AB_Suedliches_Flair_in_Ihren_vier_Waenden_%C2%BB\"><\/span>\u00ab S\u00fcdliches Flair in Ihren vier W\u00e4nden \u00bb<span class=\"ez-toc-section-end\"><\/span><\/h2>\n\n\n\n<p><strong>Italien hat Glamour, Stil, Eleganz und ist von jeher einer der Sehnsuchtsorte. Und die Italiener setzen Ma\u00dfst\u00e4be<\/strong>.<strong> <\/strong>M<strong>it ihrem ganz eigenen Italian Style, ob in der Mode, beim Essen oder der Kultur. Was aus dem \u201eLand wo die Zitronen&#8220; bl\u00fchen kommt, ist zeitlos, vereint Tradition und Moderne und vor allem: hat das gewisse Etwas, das zur italienischen DNA geh\u00f6rt. Mediterrane Einfl\u00fcsse und sommerlich leichtes Flair kombiniert mit modernen Akzenten, das ist der mutige Mix des S\u00fcdens, mit dem es sich gleich viel gelassener lebt.<\/strong><\/p>\n\n\n\n<figure class=\"wp-block-gallery has-nested-images columns-default is-cropped wp-block-gallery-2 is-layout-flex wp-block-gallery-is-layout-flex\">\n<figure class=\"wp-block-image size-full\"><img loading=\"lazy\" decoding=\"async\" width=\"255\" height=\"382\" data-id=\"20850\" src=\"https:\/\/www.raum-blick.de\/magazin\/wp-content\/uploads\/2024\/08\/Fast-Forest-Sessel-Headerbild-links.jpg\" alt=\"\" class=\"wp-image-20850\" title=\"\" srcset=\"https:\/\/raum-blick.de\/magazin\/wp-content\/uploads\/2024\/08\/Fast-Forest-Sessel-Headerbild-links.jpg 255w, https:\/\/raum-blick.de\/magazin\/wp-content\/uploads\/2024\/08\/Fast-Forest-Sessel-Headerbild-links-200x300.jpg 200w\" sizes=\"(max-width: 255px) 100vw, 255px\" \/><figcaption class=\"wp-element-caption\">Fast Forest Sessel<\/figcaption><\/figure>\n\n\n\n<figure class=\"wp-block-image size-full\"><img loading=\"lazy\" decoding=\"async\" width=\"255\" height=\"382\" data-id=\"20852\" src=\"https:\/\/www.raum-blick.de\/magazin\/wp-content\/uploads\/2024\/08\/Flos-Aim-Leuchte-Headerbild-mitte.jpg\" alt=\"\" class=\"wp-image-20852\" title=\"\" srcset=\"https:\/\/raum-blick.de\/magazin\/wp-content\/uploads\/2024\/08\/Flos-Aim-Leuchte-Headerbild-mitte.jpg 255w, https:\/\/raum-blick.de\/magazin\/wp-content\/uploads\/2024\/08\/Flos-Aim-Leuchte-Headerbild-mitte-200x300.jpg 200w\" sizes=\"(max-width: 255px) 100vw, 255px\" \/><figcaption class=\"wp-element-caption\">Flos AIm Leuchte<\/figcaption><\/figure>\n\n\n\n<figure class=\"wp-block-image size-full\"><img loading=\"lazy\" decoding=\"async\" width=\"255\" height=\"382\" data-id=\"20853\" src=\"https:\/\/www.raum-blick.de\/magazin\/wp-content\/uploads\/2024\/08\/Qeeboo-Rabbit-Leuchte-Headerbild-rechts.jpg\" alt=\"\" class=\"wp-image-20853\" title=\"\" srcset=\"https:\/\/raum-blick.de\/magazin\/wp-content\/uploads\/2024\/08\/Qeeboo-Rabbit-Leuchte-Headerbild-rechts.jpg 255w, https:\/\/raum-blick.de\/magazin\/wp-content\/uploads\/2024\/08\/Qeeboo-Rabbit-Leuchte-Headerbild-rechts-200x300.jpg 200w\" sizes=\"(max-width: 255px) 100vw, 255px\" \/><figcaption class=\"wp-element-caption\">Qeeboo Rabbit Leuchte<\/figcaption><\/figure>\n<\/figure>\n\n\n\n<h2 class=\"wp-block-heading\"><span class=\"ez-toc-section\" id=\"Was_ist_typisch_fuer_den_italienischen_Einrichtungsstil\"><\/span>Was ist typisch f\u00fcr den italienischen Einrichtungsstil?<span class=\"ez-toc-section-end\"><\/span><\/h2>\n\n\n\n<p>Es ist die Mischung, die diesen Wohnstil ausmacht. Und deshalb ist es auch ganz leicht, sich das Flair Italiens nach Hause zu holen. Alles, was Sie daf\u00fcr brauchen sind erdig-warme Farben, nat\u00fcrliche Materialien wie Marmor, Holz oder Terrakotta, einen Hauch von antik und eine Prise modern. Und, ganz wichtig: einen gro\u00dfen Esstisch. Denn das Beisammensein mit Familie und Freunden spielt bei den geselligen Italienern eine ganz gro\u00dfe Rolle. Abgesehen von der Dekoration. Die darf in diesem Fall gerne traditionell sein: eine Leinen-Tischdecke mit Stickereien, Sch\u00fcsseln und Servierplatten aus terrakottafarbenem Steingut und romantisches Kerzenlicht. <\/p><div id=\"ez-toc-container\" class=\"ez-toc-v2_0_82_2 counter-hierarchy ez-toc-counter ez-toc-grey ez-toc-container-direction\">\n<div class=\"ez-toc-title-container\">\n<p class=\"ez-toc-title\" style=\"cursor:inherit\">Was hier auf Sie wartet<\/p>\n<span class=\"ez-toc-title-toggle\"><a href=\"#\" class=\"ez-toc-pull-right ez-toc-btn ez-toc-btn-xs ez-toc-btn-default ez-toc-toggle\" aria-label=\"Toggle Table of Content\"><span class=\"ez-toc-js-icon-con\"><span class=\"\"><span class=\"eztoc-hide\" style=\"display:none;\">Toggle<\/span><span class=\"ez-toc-icon-toggle-span\"><svg style=\"fill: #999;color:#999\" xmlns=\"http:\/\/www.w3.org\/2000\/svg\" class=\"list-377408\" width=\"20px\" height=\"20px\" viewBox=\"0 0 24 24\" fill=\"none\"><path d=\"M6 6H4v2h2V6zm14 0H8v2h12V6zM4 11h2v2H4v-2zm16 0H8v2h12v-2zM4 16h2v2H4v-2zm16 0H8v2h12v-2z\" fill=\"currentColor\"><\/path><\/svg><svg style=\"fill: #999;color:#999\" class=\"arrow-unsorted-368013\" xmlns=\"http:\/\/www.w3.org\/2000\/svg\" width=\"10px\" height=\"10px\" viewBox=\"0 0 24 24\" version=\"1.2\" baseProfile=\"tiny\"><path d=\"M18.2 9.3l-6.2-6.3-6.2 6.3c-.2.2-.3.4-.3.7s.1.5.3.7c.2.2.4.3.7.3h11c.3 0 .5-.1.7-.3.2-.2.3-.5.3-.7s-.1-.5-.3-.7zM5.8 14.7l6.2 6.3 6.2-6.3c.2-.2.3-.5.3-.7s-.1-.5-.3-.7c-.2-.2-.4-.3-.7-.3h-11c-.3 0-.5.1-.7.3-.2.2-.3.5-.3.7s.1.5.3.7z\"\/><\/svg><\/span><\/span><\/span><\/a><\/span><\/div>\n<nav><ul class='ez-toc-list ez-toc-list-level-1 ' ><li class='ez-toc-page-1 ez-toc-heading-level-2'><a class=\"ez-toc-link ez-toc-heading-1\" href=\"https:\/\/raum-blick.de\/magazin\/italian-style-wohnen-mit-riviera-chic\/#%C2%AB_Suedliches_Flair_in_Ihren_vier_Waenden_%C2%BB\" >\u00ab S\u00fcdliches Flair in Ihren vier W\u00e4nden \u00bb<\/a><\/li><li class='ez-toc-page-1 ez-toc-heading-level-2'><a class=\"ez-toc-link ez-toc-heading-2\" href=\"https:\/\/raum-blick.de\/magazin\/italian-style-wohnen-mit-riviera-chic\/#Was_ist_typisch_fuer_den_italienischen_Einrichtungsstil\" >Was ist typisch f\u00fcr den italienischen Einrichtungsstil?<\/a><ul class='ez-toc-list-level-3' ><li class='ez-toc-heading-level-3'><a class=\"ez-toc-link ez-toc-heading-3\" href=\"https:\/\/raum-blick.de\/magazin\/italian-style-wohnen-mit-riviera-chic\/#Das_sind_die_Farben_des_Italian_Style\" >Das sind die Farben des Italian Style<\/a><\/li><li class='ez-toc-page-1 ez-toc-heading-level-3'><a class=\"ez-toc-link ez-toc-heading-4\" href=\"https:\/\/raum-blick.de\/magazin\/italian-style-wohnen-mit-riviera-chic\/#Welche_Materialien_lieben_die_Italiener\" >Welche Materialien lieben die Italiener?<\/a><\/li><li class='ez-toc-page-1 ez-toc-heading-level-3'><a class=\"ez-toc-link ez-toc-heading-5\" href=\"https:\/\/raum-blick.de\/magazin\/italian-style-wohnen-mit-riviera-chic\/#Accessoires_fuers_italienische_Extra\" >Accessoires f\u00fcrs italienische Extra<\/a><\/li><\/ul><\/li><li class='ez-toc-page-1 ez-toc-heading-level-2'><a class=\"ez-toc-link ez-toc-heading-6\" href=\"https:\/\/raum-blick.de\/magazin\/italian-style-wohnen-mit-riviera-chic\/#Wohntraum_auf_Italienisch\" >Wohn(t)raum auf Italienisch<\/a><\/li><li class='ez-toc-page-1 ez-toc-heading-level-2'><a class=\"ez-toc-link ez-toc-heading-7\" href=\"https:\/\/raum-blick.de\/magazin\/italian-style-wohnen-mit-riviera-chic\/#Made_in_Italy_%E2%80%93_von_schnoerkelig_bis_clean\" >Made in Italy \u2013 von schn\u00f6rkelig bis clean<\/a><\/li><\/ul><\/nav><\/div>\n\n\n\n\n<div class=\"wp-block-columns is-layout-flex wp-container-core-columns-is-layout-9d6595d7 wp-block-columns-is-layout-flex\">\n<div class=\"wp-block-column is-layout-flow wp-block-column-is-layout-flow\">\n<figure class=\"wp-block-image size-full\"><a href=\"https:\/\/www.raum-blick.de\/ethnicraft-arc-tisch\"><img loading=\"lazy\" decoding=\"async\" width=\"400\" height=\"400\" src=\"https:\/\/www.raum-blick.de\/magazin\/wp-content\/uploads\/2024\/06\/250-50034-ethnicraft-arc-tisch-freisteller_88769_200x200@2x.jpg\" alt=\"Gro\u00df, schwarz und very Italian. Der Ethnicraft Arc Tisch.\" class=\"wp-image-20183\" title=\"\" srcset=\"https:\/\/raum-blick.de\/magazin\/wp-content\/uploads\/2024\/06\/250-50034-ethnicraft-arc-tisch-freisteller_88769_200x200@2x.jpg 400w, https:\/\/raum-blick.de\/magazin\/wp-content\/uploads\/2024\/06\/250-50034-ethnicraft-arc-tisch-freisteller_88769_200x200@2x-300x300.jpg 300w, https:\/\/raum-blick.de\/magazin\/wp-content\/uploads\/2024\/06\/250-50034-ethnicraft-arc-tisch-freisteller_88769_200x200@2x-150x150.jpg 150w\" sizes=\"(max-width: 400px) 100vw, 400px\" \/><\/a><figcaption class=\"wp-element-caption\"><em>Schwarzes Eichenholz kombiniert mit Metall, der <a href=\"https:\/\/www.raum-blick.de\/ethnicraft-tische\/\">Ethnicraft Arc Tisch<\/a> ist ein sch\u00f6nes Beispiel f\u00fcr den modernen Italian Style. <\/em><\/figcaption><\/figure>\n<\/div>\n\n\n\n<div class=\"wp-block-column is-layout-flow wp-block-column-is-layout-flow\">\n<figure class=\"wp-block-image size-full\"><a href=\"https:\/\/www.raum-blick.de\/ethnicraft-arc-tisch\"><img loading=\"lazy\" decoding=\"async\" width=\"400\" height=\"400\" src=\"https:\/\/www.raum-blick.de\/magazin\/wp-content\/uploads\/2024\/06\/ambiente-arc-tisch-auschnitt-ethnicraft_88770_200x200@2x.jpg\" alt=\"Dunkler Eichenholztisch vor wei\u00dfer Wand. Typisch Italian Style.\" class=\"wp-image-20185\" title=\"\" srcset=\"https:\/\/raum-blick.de\/magazin\/wp-content\/uploads\/2024\/06\/ambiente-arc-tisch-auschnitt-ethnicraft_88770_200x200@2x.jpg 400w, https:\/\/raum-blick.de\/magazin\/wp-content\/uploads\/2024\/06\/ambiente-arc-tisch-auschnitt-ethnicraft_88770_200x200@2x-300x300.jpg 300w, https:\/\/raum-blick.de\/magazin\/wp-content\/uploads\/2024\/06\/ambiente-arc-tisch-auschnitt-ethnicraft_88770_200x200@2x-150x150.jpg 150w\" sizes=\"(max-width: 400px) 100vw, 400px\" \/><\/a><\/figure>\n<\/div>\n<\/div>\n\n\n\n<figure class=\"wp-block-gallery has-nested-images columns-default is-cropped wp-block-gallery-3 is-layout-flex wp-block-gallery-is-layout-flex\">\n<figure class=\"wp-block-image size-full\"><a href=\"https:\/\/www.raum-blick.de\/emu-star-outdoorstuhl\"><img loading=\"lazy\" decoding=\"async\" width=\"400\" height=\"400\" data-id=\"20864\" src=\"https:\/\/www.raum-blick.de\/magazin\/wp-content\/uploads\/2024\/09\/Emu-Star-Outdoorstuhl-links.jpg\" alt=\"\" class=\"wp-image-20864\" title=\"\" srcset=\"https:\/\/raum-blick.de\/magazin\/wp-content\/uploads\/2024\/09\/Emu-Star-Outdoorstuhl-links.jpg 400w, https:\/\/raum-blick.de\/magazin\/wp-content\/uploads\/2024\/09\/Emu-Star-Outdoorstuhl-links-300x300.jpg 300w, https:\/\/raum-blick.de\/magazin\/wp-content\/uploads\/2024\/09\/Emu-Star-Outdoorstuhl-links-150x150.jpg 150w\" sizes=\"(max-width: 400px) 100vw, 400px\" \/><\/a><figcaption class=\"wp-element-caption\">Emu Star Outdoorstuhl<\/figcaption><\/figure>\n\n\n\n<figure class=\"wp-block-image size-full\"><a href=\"https:\/\/www.raum-blick.de\/flos-aim-pendelleuchte\"><img loading=\"lazy\" decoding=\"async\" width=\"400\" height=\"400\" data-id=\"20865\" src=\"https:\/\/www.raum-blick.de\/magazin\/wp-content\/uploads\/2024\/09\/Flos-Aim-Leuchte-rechts.jpg\" alt=\"\" class=\"wp-image-20865\" title=\"\" srcset=\"https:\/\/raum-blick.de\/magazin\/wp-content\/uploads\/2024\/09\/Flos-Aim-Leuchte-rechts.jpg 400w, https:\/\/raum-blick.de\/magazin\/wp-content\/uploads\/2024\/09\/Flos-Aim-Leuchte-rechts-300x300.jpg 300w, https:\/\/raum-blick.de\/magazin\/wp-content\/uploads\/2024\/09\/Flos-Aim-Leuchte-rechts-150x150.jpg 150w\" sizes=\"(max-width: 400px) 100vw, 400px\" \/><\/a><figcaption class=\"wp-element-caption\">Flos AIm Leuchte<\/figcaption><\/figure>\n\n\n\n<figure class=\"wp-block-image size-full\"><a href=\"https:\/\/www.raum-blick.de\/smeg-wasserkocher-mit-toaster-set\"><img loading=\"lazy\" decoding=\"async\" width=\"400\" height=\"400\" data-id=\"20866\" src=\"https:\/\/www.raum-blick.de\/magazin\/wp-content\/uploads\/2024\/09\/SMEG-Wasserkocher-Toaster-Mitte.jpg\" alt=\"\" class=\"wp-image-20866\" title=\"\" srcset=\"https:\/\/raum-blick.de\/magazin\/wp-content\/uploads\/2024\/09\/SMEG-Wasserkocher-Toaster-Mitte.jpg 400w, https:\/\/raum-blick.de\/magazin\/wp-content\/uploads\/2024\/09\/SMEG-Wasserkocher-Toaster-Mitte-300x300.jpg 300w, https:\/\/raum-blick.de\/magazin\/wp-content\/uploads\/2024\/09\/SMEG-Wasserkocher-Toaster-Mitte-150x150.jpg 150w\" sizes=\"(max-width: 400px) 100vw, 400px\" \/><\/a><figcaption class=\"wp-element-caption\">SMEG Wasserkocher &amp; Toaster<\/figcaption><\/figure>\n\n\n\n<figure class=\"wp-block-image size-full\"><a href=\"https:\/\/www.raum-blick.de\/fast-forest-sessel\"><img loading=\"lazy\" decoding=\"async\" width=\"620\" height=\"620\" data-id=\"20867\" src=\"https:\/\/www.raum-blick.de\/magazin\/wp-content\/uploads\/2024\/09\/Fast-Forest-Sessel-620x620-mitte.jpg\" alt=\"\" class=\"wp-image-20867\" title=\"\" srcset=\"https:\/\/raum-blick.de\/magazin\/wp-content\/uploads\/2024\/09\/Fast-Forest-Sessel-620x620-mitte.jpg 620w, https:\/\/raum-blick.de\/magazin\/wp-content\/uploads\/2024\/09\/Fast-Forest-Sessel-620x620-mitte-300x300.jpg 300w, https:\/\/raum-blick.de\/magazin\/wp-content\/uploads\/2024\/09\/Fast-Forest-Sessel-620x620-mitte-150x150.jpg 150w\" sizes=\"(max-width: 620px) 100vw, 620px\" \/><\/a><\/figure>\n<figcaption class=\"blocks-gallery-caption wp-element-caption\"><em>Der Emu Star Outdoorstuhl (oben links) sieht nicht nur gut aus, sondern ist auch praktisch. Er ist leicht zu reinigen und kann platzsparend gestapelt werden. Die Flos AIm Leuchte (oben Mitte) ist in verschiedenen Ausf\u00fchrungen erh\u00e4ltlich und h\u00fcllt jeden Raum in ein angenehmes Ambiente. Typisch italienisch sind die Produkte von SMEG. Mit dem Retro Wasserkocher und Toasterset (oben rechts) schaffen Sie einen wahren Blickfang in Ihrer K\u00fcche.<\/em><\/figcaption><\/figure>\n\n\n\n<h3 class=\"wp-block-heading\"><span class=\"ez-toc-section\" id=\"Das_sind_die_Farben_des_Italian_Style\"><\/span>Das sind die Farben des Italian Style<span class=\"ez-toc-section-end\"><\/span><\/h3>\n\n\n\n<p>Terra e mare, diese beiden Begriffe charakterisieren die mediterrane Farbpalette sehr gut. Es ist das Wechselspiel von Licht und Schatten, das den Ton in Einrichtung und Architektur angibt. Vor allem das erdige Pigment Ocker spielt hier eine gro\u00dfe Rolle. Die Nuancen reichen dabei von Gelb \u00fcber Rot bis zu Braun. Den Kontrast bilden die Farben des Meeres. Also kr\u00e4ftige Blau- und Gr\u00fcnt\u00f6ne oder auch ein zartes Ros\u00e9. Die W\u00e4nde sind im S\u00fcden \u00fcbrigens in der Regel meistens Wei\u00df, auf alle F\u00e4lle aber hell. Denn so kommen die dunklen M\u00f6bel, die die Italiener so lieben, besser zur Geltung. Aber es gibt auch die modern-schlichte Farbpalette, die auf Wei\u00df, Schwarz und Grau setzt, und mit kr\u00e4ftigen T\u00f6nen bewusst Akzente setzte. Beides wirkt selbst in einer Gro\u00dfstadtwohnung im zehnten Stock in unseren Breiten nicht deplatziert. <\/p>\n\n\n\n<h3 class=\"wp-block-heading\"><span class=\"ez-toc-section\" id=\"Welche_Materialien_lieben_die_Italiener\"><\/span>Welche Materialien lieben die Italiener?<span class=\"ez-toc-section-end\"><\/span><\/h3>\n\n\n\n<p>Nat\u00fcrlichkeit ist hier das unbestrittene Must-have. Geflieste Natursteinb\u00f6den, B\u00e4der aus Marmor oder mit kleinen Mosaiksteinen, schmiedeeiserne B\u00e4nke und dunkle Massivholzm\u00f6bel aus Olive, Pinie, Walnuss oder Eiche sind die Klassiker des italienischen Einrichtungsstils. Nicht zu vergessen das <a href=\"https:\/\/www.raum-blick.de\/fatboy-sumo-modulares-sofa-limestone\">bequeme Sofa<\/a> bspw. von Fatboy. Aber bitte aus Leder. Bevorzugt Dunkelbraun. Schlie\u00dflich mag man es im in jeder Hinsicht leidenschaftlichen Italien gerne mal dramatisch. Also her mit den schweren Stoffen. Mit Samt, Brokat und Boucl\u00e9. <a href=\"https:\/\/www.raum-blick.de\/raeder-design\/\">Helle Deko-Teile<\/a> und funkelnde Pieces setzen da einen guten Kontrapunkt. Und wem so viel elegante Opulenz zu schwer ist, der konzentriert sich einfach auf die luftig-leichte Bett- und Tischw\u00e4sche aus Leinen oder Baumwolle. Die ist herrlich k\u00fchlend und vor allem in cleanem Wei\u00df absolut angesagt. <\/p>\n\n\n\n<figure class=\"wp-block-gallery has-nested-images columns-default is-cropped wp-block-gallery-4 is-layout-flex wp-block-gallery-is-layout-flex\">\n<figure class=\"wp-block-image size-large\"><a href=\"https:\/\/www.raum-blick.de\/ethnicraft-n701-sofa-modular-leder\"><img loading=\"lazy\" decoding=\"async\" width=\"400\" height=\"400\" data-id=\"20161\" src=\"https:\/\/www.raum-blick.de\/magazin\/wp-content\/uploads\/2024\/06\/ethnicraft-n701-sofa-leder-ambiente_84038_200x200@2x.jpg\" alt=\"Ein braunes Ledersofa wie das N701 von Ethnicraft geh\u00f6rt einfach zum Italian Style. \" class=\"wp-image-20161\" title=\"\" srcset=\"https:\/\/raum-blick.de\/magazin\/wp-content\/uploads\/2024\/06\/ethnicraft-n701-sofa-leder-ambiente_84038_200x200@2x.jpg 400w, https:\/\/raum-blick.de\/magazin\/wp-content\/uploads\/2024\/06\/ethnicraft-n701-sofa-leder-ambiente_84038_200x200@2x-300x300.jpg 300w, https:\/\/raum-blick.de\/magazin\/wp-content\/uploads\/2024\/06\/ethnicraft-n701-sofa-leder-ambiente_84038_200x200@2x-150x150.jpg 150w\" sizes=\"(max-width: 400px) 100vw, 400px\" \/><\/a><\/figure>\n\n\n\n<figure class=\"wp-block-image size-full\"><a href=\"https:\/\/www.raum-blick.de\/muuto-outline-sofa\"><img loading=\"lazy\" decoding=\"async\" width=\"400\" height=\"400\" data-id=\"20159\" src=\"https:\/\/www.raum-blick.de\/magazin\/wp-content\/uploads\/2024\/06\/outline-3-seater-ecriture-240-alu-muuto_93810_200x200@2x.jpg\" alt=\"Auch helle Sofas stehen auf der Beliebtheitsskala ganz oben. Vor allem, wenn Sie so sch\u00f6n sind wie das Outline von Muuto.\" class=\"wp-image-20159\" title=\"\" srcset=\"https:\/\/raum-blick.de\/magazin\/wp-content\/uploads\/2024\/06\/outline-3-seater-ecriture-240-alu-muuto_93810_200x200@2x.jpg 400w, https:\/\/raum-blick.de\/magazin\/wp-content\/uploads\/2024\/06\/outline-3-seater-ecriture-240-alu-muuto_93810_200x200@2x-300x300.jpg 300w, https:\/\/raum-blick.de\/magazin\/wp-content\/uploads\/2024\/06\/outline-3-seater-ecriture-240-alu-muuto_93810_200x200@2x-150x150.jpg 150w\" sizes=\"(max-width: 400px) 100vw, 400px\" \/><\/a><\/figure>\n\n\n\n<figure class=\"wp-block-image size-full\"><a href=\"https:\/\/www.raum-blick.de\/string-furniture-museum-beistelltisch\"><img loading=\"lazy\" decoding=\"async\" width=\"400\" height=\"400\" data-id=\"20166\" src=\"https:\/\/www.raum-blick.de\/magazin\/wp-content\/uploads\/2024\/06\/museum-beistelltisch-weiss-string-kaffee_60493_200x200@2x.jpg\" alt=\"Ein h\u00f6henverstellbarer Beistelltisch und dann noch der Name: Museum. Was f\u00fcr eine sch\u00f6ne Idee von String.\" class=\"wp-image-20166\" title=\"\" srcset=\"https:\/\/raum-blick.de\/magazin\/wp-content\/uploads\/2024\/06\/museum-beistelltisch-weiss-string-kaffee_60493_200x200@2x.jpg 400w, https:\/\/raum-blick.de\/magazin\/wp-content\/uploads\/2024\/06\/museum-beistelltisch-weiss-string-kaffee_60493_200x200@2x-300x300.jpg 300w, https:\/\/raum-blick.de\/magazin\/wp-content\/uploads\/2024\/06\/museum-beistelltisch-weiss-string-kaffee_60493_200x200@2x-150x150.jpg 150w\" sizes=\"(max-width: 400px) 100vw, 400px\" \/><\/a><\/figure>\n<figcaption class=\"blocks-gallery-caption wp-element-caption\"><em>Das modulare Ledersofa N701 von Ethnicraft (links) ist ganz nach italienischem Gusto. Aber auch helle Varianten wie das <a href=\"https:\/\/www.raum-blick.de\/muuto-outline-sofa\">Muuto Outline-Sofa im 60er-Jahre-Stil <\/a>(Mitte) finden zunehmend Liebhaber. Hauptsache, Sie sind gem\u00fctlich. Und der h\u00f6henverstellbare, wei\u00dfe Museum Beistelltisch von <a href=\"https:\/\/www.raum-blick.de\/string-furniture\/\">String<\/a> (rechts) ist einfach perfekt f\u00fcr den t\u00e4glichen Espresso und die Cantuccini.<\/em><\/figcaption><\/figure>\n\n\n\n<div class=\"wp-block-columns is-layout-flex wp-container-core-columns-is-layout-9d6595d7 wp-block-columns-is-layout-flex\">\n<div class=\"wp-block-column is-layout-flow wp-block-column-is-layout-flow\">\n<figure class=\"wp-block-image size-full\"><a href=\"https:\/\/www.raum-blick.de\/kartell-cindy-tischleuchte\"><img loading=\"lazy\" decoding=\"async\" width=\"400\" height=\"400\" src=\"https:\/\/www.raum-blick.de\/magazin\/wp-content\/uploads\/2024\/06\/2-cindy-tischleuchte-dunkelgoldrLHB7OVuuciXW_41189_200x200@2x.jpg\" alt=\"Cindy strahlt in sch\u00f6nstem Gold und Kartell hat sich mit dieser Tischleuchte wieder einmal selbst \u00fcbertroffen.\" class=\"wp-image-20173\" title=\"\" srcset=\"https:\/\/raum-blick.de\/magazin\/wp-content\/uploads\/2024\/06\/2-cindy-tischleuchte-dunkelgoldrLHB7OVuuciXW_41189_200x200@2x.jpg 400w, https:\/\/raum-blick.de\/magazin\/wp-content\/uploads\/2024\/06\/2-cindy-tischleuchte-dunkelgoldrLHB7OVuuciXW_41189_200x200@2x-300x300.jpg 300w, https:\/\/raum-blick.de\/magazin\/wp-content\/uploads\/2024\/06\/2-cindy-tischleuchte-dunkelgoldrLHB7OVuuciXW_41189_200x200@2x-150x150.jpg 150w\" sizes=\"(max-width: 400px) 100vw, 400px\" \/><\/a><figcaption class=\"wp-element-caption\"><em>Klassische Optik, 70er-Jahre-Flair und nat\u00fcrlich von einem Italiener designt: Cindy Tischleuchte von <a href=\"https:\/\/www.raum-blick.de\/kartell\/\">Kartell<\/a>.<\/em><\/figcaption><\/figure>\n<\/div>\n\n\n\n<div class=\"wp-block-column is-layout-flow wp-block-column-is-layout-flow\">\n<figure class=\"wp-block-image size-full\"><a href=\"https:\/\/www.raum-blick.de\/audo-ingeborg-sofa\"><img loading=\"lazy\" decoding=\"async\" width=\"400\" height=\"400\" src=\"https:\/\/www.raum-blick.de\/magazin\/wp-content\/uploads\/2024\/06\/audo-copenhagen-ingeborg-sofa-schaffell-moonlight_98551_200x200@2x.jpg\" alt=\"Ein gem\u00fctliches Sofa aus flauschigem Boucl\u00e9: Ingeborg von Audo ist einfach wundersch\u00f6n.\" class=\"wp-image-20208\" title=\"\" srcset=\"https:\/\/raum-blick.de\/magazin\/wp-content\/uploads\/2024\/06\/audo-copenhagen-ingeborg-sofa-schaffell-moonlight_98551_200x200@2x.jpg 400w, https:\/\/raum-blick.de\/magazin\/wp-content\/uploads\/2024\/06\/audo-copenhagen-ingeborg-sofa-schaffell-moonlight_98551_200x200@2x-300x300.jpg 300w, https:\/\/raum-blick.de\/magazin\/wp-content\/uploads\/2024\/06\/audo-copenhagen-ingeborg-sofa-schaffell-moonlight_98551_200x200@2x-150x150.jpg 150w\" sizes=\"(max-width: 400px) 100vw, 400px\" \/><\/a><figcaption class=\"wp-element-caption\"><em>Ingeborg, der Name dieses gem\u00fctlichen, eleganten 2,5-Sitzers von Audo klingt nicht gerade italienisch. Aber der flauschige Boucl\u00e9 ist very Italian Style.<\/em><\/figcaption><\/figure>\n<\/div>\n<\/div>\n\n\n\n<h3 class=\"wp-block-heading\"><span class=\"ez-toc-section\" id=\"Accessoires_fuers_italienische_Extra\"><\/span>Accessoires f\u00fcrs italienische Extra<span class=\"ez-toc-section-end\"><\/span><\/h3>\n\n\n\n<p>Muranoglas sorgt f\u00fcr einen Hauch Luxus. Egal ob Vase, Schale oder Leuchte. Die farbenfrohe Handwerkskunst hat eine lange Tradition. Und Venedig ohne einen Besuch auf der Insel Murano, undenkbar! Schlie\u00dflich sind die Glasbl\u00e4ser dort weltber\u00fchmt und man kann ihnen quasi \u00fcber die Schulter schauen. Und da ist sie dann auch wieder, die Liebe zum Detail, die Produkten \u201emade in Italy\u201c einfach das gewisse Etwas verleiht. Das zaubern auch <a href=\"https:\/\/www.raum-blick.de\/pad\/\">bunte Kissen<\/a> jeglicher Gr\u00f6\u00dfe, auf Bett und Sofa. Hauptsache, es sind viele. Gerne mit barocken Mustern oder Seidenbez\u00fcgen, Stichwort: Opulenz. Dazu antike Spiegel mit vergoldeten Rahmen und nat\u00fcrlich Pflanzen. Ein Zitrus- oder Olivenb\u00e4umchen, Oleander oder Kr\u00e4uter wie Rosmarin und Basilikum. Alles  stilecht im Terrakotta-Topf.<\/p>\n\n\n\n<figure class=\"wp-block-gallery has-nested-images columns-default is-cropped wp-block-gallery-5 is-layout-flex wp-block-gallery-is-layout-flex\">\n<figure class=\"wp-block-image size-large\"><a href=\"https:\/\/www.raum-blick.de\/kartell-okra-vase\"><img loading=\"lazy\" decoding=\"async\" width=\"400\" height=\"400\" data-id=\"20170\" src=\"https:\/\/www.raum-blick.de\/magazin\/wp-content\/uploads\/2024\/06\/kartell-okra-vase-orange-0158401_102074_200x200@2x.jpg\" alt=\"Italian Style aus Italien f\u00fcr die Welt: Vase Okra von Kartell in knalligem Orange. \" class=\"wp-image-20170\" title=\"\" srcset=\"https:\/\/raum-blick.de\/magazin\/wp-content\/uploads\/2024\/06\/kartell-okra-vase-orange-0158401_102074_200x200@2x.jpg 400w, https:\/\/raum-blick.de\/magazin\/wp-content\/uploads\/2024\/06\/kartell-okra-vase-orange-0158401_102074_200x200@2x-300x300.jpg 300w, https:\/\/raum-blick.de\/magazin\/wp-content\/uploads\/2024\/06\/kartell-okra-vase-orange-0158401_102074_200x200@2x-150x150.jpg 150w\" sizes=\"(max-width: 400px) 100vw, 400px\" \/><\/a><\/figure>\n\n\n\n<figure class=\"wp-block-image size-large\"><a href=\"https:\/\/www.raum-blick.de\/pad-roo-kissenhuelle\"><img loading=\"lazy\" decoding=\"async\" width=\"400\" height=\"400\" data-id=\"20199\" src=\"https:\/\/www.raum-blick.de\/magazin\/wp-content\/uploads\/2024\/06\/pad-roo-kissenhuelle-50-50-yellow_791938bHwZ7T6Fxahl_200x200@2x.jpg\" alt=\"Bast ist typisch f\u00fcr den Italian Style. Hier in Form der knallgelben Kissenh\u00fclle Roo von pad.\" class=\"wp-image-20199\" title=\"\" srcset=\"https:\/\/raum-blick.de\/magazin\/wp-content\/uploads\/2024\/06\/pad-roo-kissenhuelle-50-50-yellow_791938bHwZ7T6Fxahl_200x200@2x.jpg 400w, https:\/\/raum-blick.de\/magazin\/wp-content\/uploads\/2024\/06\/pad-roo-kissenhuelle-50-50-yellow_791938bHwZ7T6Fxahl_200x200@2x-300x300.jpg 300w, https:\/\/raum-blick.de\/magazin\/wp-content\/uploads\/2024\/06\/pad-roo-kissenhuelle-50-50-yellow_791938bHwZ7T6Fxahl_200x200@2x-150x150.jpg 150w\" sizes=\"(max-width: 400px) 100vw, 400px\" \/><\/a><\/figure>\n\n\n\n<figure class=\"wp-block-image size-large\"><a href=\"https:\/\/www.raum-blick.de\/qeeboo-pako-beistelltisch\"><img loading=\"lazy\" decoding=\"async\" width=\"400\" height=\"400\" data-id=\"20167\" src=\"https:\/\/www.raum-blick.de\/magazin\/wp-content\/uploads\/2024\/06\/qeeboo-pako-beistelltisch-weiss_97502_200x200@2x.jpg\" alt=\"Ein Elefant als Tischchen. Das kann nur einem Italiener einfallen. Sch\u00f6ner als Stefano Giovannoni kann man den Italian Style nicht interpretieren.l\" class=\"wp-image-20167\" title=\"\" srcset=\"https:\/\/raum-blick.de\/magazin\/wp-content\/uploads\/2024\/06\/qeeboo-pako-beistelltisch-weiss_97502_200x200@2x.jpg 400w, https:\/\/raum-blick.de\/magazin\/wp-content\/uploads\/2024\/06\/qeeboo-pako-beistelltisch-weiss_97502_200x200@2x-300x300.jpg 300w, https:\/\/raum-blick.de\/magazin\/wp-content\/uploads\/2024\/06\/qeeboo-pako-beistelltisch-weiss_97502_200x200@2x-150x150.jpg 150w\" sizes=\"(max-width: 400px) 100vw, 400px\" \/><\/a><\/figure>\n<figcaption class=\"blocks-gallery-caption wp-element-caption\"><em>Diese drei machen jedes Interieur ein klein wenig italienischer: die <a href=\"http:\/\/www.raum-blick.de\/kaehler-design\/\">orangefarbene Vase<\/a> Okra von Kartell, Design Patricia Urquiola, die gelbe Kissenh\u00fclle Roo aus trendigem Rattan-Geflecht von pad und der Pako Beistelltisch, den Stefano Giovannoni f\u00fcr&nbsp;<a href=\"https:\/\/www.raum-blick.de\/qeeboo\/\">Qeeboo<\/a>&nbsp;designt hat.<\/em><\/figcaption><\/figure>\n\n\n\n<h2 class=\"wp-block-heading\"><span class=\"ez-toc-section\" id=\"Wohntraum_auf_Italienisch\"><\/span>Wohn(t)raum auf Italienisch<span class=\"ez-toc-section-end\"><\/span><\/h2>\n\n\n\n<p>Was braucht es f\u00fcr die Eleganz und Gem\u00fctlichkeit, die die Italiener so sehr sch\u00e4tzen? Die manchmal so widerspr\u00fcchlich scheint und letztlich doch so gut harmoniert. Fangen wir in der K\u00fcche an. Mit charmant gemusterten Fliesen beispielsweise, einer rustikalen Esstischgruppe aus Holz, einem 1a-Kaffeeautomat, frischen italienischen Kr\u00e4utern und einer Auswahl Oliven\u00f6lflaschen. Im Wohnzimmer steht ein gem\u00fctliches Chesterfield-Sofa, ein Marmortisch und die W\u00e4nde ziert eine Sammlung unterschiedlichster Kunstwerke. Und im Schlafzimmer stehen kleine Nachtschr\u00e4nke mit stylishen Lampen, ein massives Holzbett oder eines aus Eisen, dar\u00fcber schwebt ein eleganter Kronleuchter und die seidige Bettw\u00e4sche erstrahlt in wunderbar warmen Farben. Suchen Sie sich einfach Ihre italienischen Lieblingsst\u00fccke aus und holen Sie sich ein kleines St\u00fcck mediterrane L\u00e4ssigkeit ins Haus. Sie werden schnell merken, wie gut das tut. Schlie\u00dflich sind die Italiener Meister in Sachen gesunde Work-Life-Balance oder besser gesagt \u201eDolce Vita&#8220;.<\/p>\n\n\n\n<div style=\"height:10px\" aria-hidden=\"true\" class=\"wp-block-spacer\"><\/div>\n\n\n\n<figure class=\"wp-block-pullquote\"><blockquote><p><strong>DOLCE VITA<\/strong> steht daher f\u00fcr einen sorglosen Lebensstil, der von Sch\u00f6nheit, Genuss und Leichtigkeit gepr\u00e4gt ist. Der Begriff, den Frederico Fellini 1960 mit seinem gleichnamigen Film pr\u00e4gte, hat sich zum Synonym f\u00fcr das s\u00fc\u00dfe Leben im mediterranen Raum entwickelt und wird oft mit dem entspannten Lebensgef\u00fchl in Italien assoziiert.<\/p><\/blockquote><\/figure>\n\n\n\n<div style=\"height:10px\" aria-hidden=\"true\" class=\"wp-block-spacer\"><\/div>\n\n\n\n<h2 class=\"wp-block-heading\"><span class=\"ez-toc-section\" id=\"Made_in_Italy_%E2%80%93_von_schnoerkelig_bis_clean\"><\/span>Made in Italy \u2013 von schn\u00f6rkelig bis clean<span class=\"ez-toc-section-end\"><\/span><\/h2>\n\n\n\n<p>Mode, Autos und nat\u00fcrlich M\u00f6bel. Die Italiener sind \u00c4stheten durch und durch. Und so wundert es auch nicht, dass Mailand auch im M\u00f6bel-Design eine zentrale Rolle spielt. Ja, die Stilm\u00f6bel sind oft verschn\u00f6rkelt wie in der Renaissance, die zeitgen\u00f6ssischen Kreationen von Design-Gr\u00f6\u00dfen wie Patricia Urquiola, Antonio Citterio oder Piero Lissoni zeigen sich da deutlich minimalistischer. Auch wenn sich in Ihnen immer wieder Ankl\u00e4nge an die Tradition finden. <\/p>\n\n\n\n<figure class=\"wp-block-gallery has-nested-images columns-default is-cropped wp-block-gallery-6 is-layout-flex wp-block-gallery-is-layout-flex\">\n<figure class=\"wp-block-image size-large\"><a href=\"https:\/\/www.raum-blick.de\/kartell-componibili-bio\"><img loading=\"lazy\" decoding=\"async\" width=\"400\" height=\"400\" data-id=\"20175\" src=\"https:\/\/www.raum-blick.de\/magazin\/wp-content\/uploads\/2024\/06\/kartell-bio-componibili-rosa-gelb_73582_200x200@2x.jpg\" alt=\"Design-Klassiker des Italian Style: Componibili Container von Kartell. Hier aus recycelbarem Bio-Kunststoff.\" class=\"wp-image-20175\" title=\"\" srcset=\"https:\/\/raum-blick.de\/magazin\/wp-content\/uploads\/2024\/06\/kartell-bio-componibili-rosa-gelb_73582_200x200@2x.jpg 400w, https:\/\/raum-blick.de\/magazin\/wp-content\/uploads\/2024\/06\/kartell-bio-componibili-rosa-gelb_73582_200x200@2x-300x300.jpg 300w, https:\/\/raum-blick.de\/magazin\/wp-content\/uploads\/2024\/06\/kartell-bio-componibili-rosa-gelb_73582_200x200@2x-150x150.jpg 150w\" sizes=\"(max-width: 400px) 100vw, 400px\" \/><\/a><figcaption class=\"wp-element-caption\">Kartell Componibili<\/figcaption><\/figure>\n\n\n\n<figure class=\"wp-block-image size-full\"><a href=\"https:\/\/www.raum-blick.de\/smeg-wasserkocher\"><img loading=\"lazy\" decoding=\"async\" width=\"400\" height=\"400\" data-id=\"20873\" src=\"https:\/\/www.raum-blick.de\/magazin\/wp-content\/uploads\/2024\/09\/SMEG-Wasserkocher-unten-Mitte.jpg\" alt=\"\" class=\"wp-image-20873\" title=\"\" srcset=\"https:\/\/raum-blick.de\/magazin\/wp-content\/uploads\/2024\/09\/SMEG-Wasserkocher-unten-Mitte.jpg 400w, https:\/\/raum-blick.de\/magazin\/wp-content\/uploads\/2024\/09\/SMEG-Wasserkocher-unten-Mitte-300x300.jpg 300w, https:\/\/raum-blick.de\/magazin\/wp-content\/uploads\/2024\/09\/SMEG-Wasserkocher-unten-Mitte-150x150.jpg 150w\" sizes=\"(max-width: 400px) 100vw, 400px\" \/><\/a><figcaption class=\"wp-element-caption\">SMEG Wasserkocher<\/figcaption><\/figure>\n\n\n\n<figure class=\"wp-block-image size-large\"><a href=\"https:\/\/www.raum-blick.de\/kartell-khan-kronleuchter\"><img loading=\"lazy\" decoding=\"async\" width=\"400\" height=\"400\" data-id=\"20169\" src=\"https:\/\/www.raum-blick.de\/magazin\/wp-content\/uploads\/2024\/06\/kartell-khan-kronleuchter-schwarz-gelber-hintergrund_88069_200x200@2x.jpg\" alt=\"MIt Khan von Kartell ist der Kronleuchter im Jetzt angekommen. Danke Philippe Starck f\u00fcr diese Design-Leistung! \" class=\"wp-image-20169\" title=\"\" srcset=\"https:\/\/raum-blick.de\/magazin\/wp-content\/uploads\/2024\/06\/kartell-khan-kronleuchter-schwarz-gelber-hintergrund_88069_200x200@2x.jpg 400w, https:\/\/raum-blick.de\/magazin\/wp-content\/uploads\/2024\/06\/kartell-khan-kronleuchter-schwarz-gelber-hintergrund_88069_200x200@2x-300x300.jpg 300w, https:\/\/raum-blick.de\/magazin\/wp-content\/uploads\/2024\/06\/kartell-khan-kronleuchter-schwarz-gelber-hintergrund_88069_200x200@2x-150x150.jpg 150w\" sizes=\"(max-width: 400px) 100vw, 400px\" \/><\/a><figcaption class=\"wp-element-caption\">Kartell Khan<\/figcaption><\/figure>\n<figcaption class=\"blocks-gallery-caption wp-element-caption\"><em>Die <a href=\"https:\/\/www.raum-blick.de\/kartell-componibili\/\">Componibili Container<\/a> von Kartell sind ein Design-Klassiker und in diesem Fall sogar aus recycelbarem Bio-Kunststoff. Etwas ganz Besonderes ist auch der Wasserkocher von <a href=\"https:\/\/www.raum-blick.de\/smeg\/\">SMEG<\/a>, der mit seinem Retrostyle ein besonderes Element in Ihrer K\u00fcche ist. Und der achtarmige Kronleuchter Khan, von Philippe Starck f\u00fcr <a href=\"https:\/\/www.raum-blick.de\/kartell\/\">Kartell<\/a> designt, besticht mit einer stilistischen Kombination aus dem Eklektizismus des 18. Jahrhunderts und dem zeitgen\u00f6ssischen Minimalismus.<\/em><\/figcaption><\/figure>\n\n\n\n<p>Sollten Sie dieses Jahr nach Italien fahren, dann bringen Sie doch einfach ein sch\u00f6nes Einrichtungsst\u00fcck aus dem Urlaub mit. Eine Vase, ein Kissen oder ein Bild. Ansonsten finden Sie nat\u00fcrlich auch bei uns im Shop viele zeitlose Design-Klassiker, die das italienische Urlaubsfeeling f\u00fcr den Rest des Jahres in Ihre vier W\u00e4nde zaubern. Einfach reinklicken und sich inspirieren lassen! <\/p>\n\n\n\n<div class=\"wp-block-buttons is-content-justification-center is-layout-flex wp-container-core-buttons-is-layout-16018d1d wp-block-buttons-is-layout-flex\"><\/div>\n\n\n\n<div class=\"wp-block-buttons is-content-justification-center is-layout-flex wp-container-core-buttons-is-layout-16018d1d wp-block-buttons-is-layout-flex\">\n<div class=\"wp-block-button\"><a class=\"wp-block-button__link has-white-color has-text-color wp-element-button\" href=\"https:\/\/www.raum-blick.de\" target=\"_blank\" rel=\"noreferrer noopener\">Hole dir den Italian Style nach Hause<\/a><\/div>\n<\/div>\n<\/p>","protected":false},"excerpt":{"rendered":"<p>\u00ab S\u00fcdliches Flair in Ihren vier W\u00e4nden \u00bb Italien hat Glamour, Stil, Eleganz und ist von jeher einer der Sehnsuchtsorte. Und die Italiener setzen Ma\u00dfst\u00e4be. Mit ihrem ganz eigenen Italian Style, ob in der Mode, beim Essen oder der Kultur. Was aus dem \u201eLand wo die Zitronen&#8220; bl\u00fchen kommt, ist zeitlos, vereint Tradition und Moderne [&hellip;]<\/p>\n","protected":false},"author":4,"featured_media":20205,"comment_status":"closed","ping_status":"open","sticky":false,"template":"","format":"standard","meta":{"_et_pb_use_builder":"","_et_pb_old_content":"","_et_gb_content_width":"","inline_featured_image":false,"footnotes":""},"categories":[1],"tags":[2109,1307,263,615,1809,770,771,1433,2256,1797,206,1860,357,1515,746,296,827,1566,2258,2072,239,825,557,2239,269,891,1849,1350,15,2257,1079,55,910,852,146,2255,897],"class_list":["post-20152","post","type-post","status-publish","format-standard","has-post-thumbnail","hentry","category-drinnen","tag-audo","tag-badablage","tag-badaccessoires","tag-beistelltisch","tag-blomus","tag-componibili","tag-container","tag-dekovasen","tag-esszimmertisch","tag-ethnicraft","tag-ferm-living","tag-italienisches-design","tag-kaehler","tag-kaehler-design","tag-kartell","tag-kissen","tag-kissenbezug","tag-kissenhuelle","tag-kronleuchter","tag-marmor","tag-muuto","tag-pad","tag-porzellan","tag-queeboo","tag-rattan","tag-smeg","tag-smeg-und-dolce-gabbana","tag-sofa","tag-string","tag-terrakotta","tag-tisch","tag-tische","tag-tischleuchte","tag-vase","tag-vasen","tag-wohnen-wie-im-sueden","tag-zitruspresse"],"_links":{"self":[{"href":"https:\/\/raum-blick.de\/magazin\/wp-json\/wp\/v2\/posts\/20152","targetHints":{"allow":["GET"]}}],"collection":[{"href":"https:\/\/raum-blick.de\/magazin\/wp-json\/wp\/v2\/posts"}],"about":[{"href":"https:\/\/raum-blick.de\/magazin\/wp-json\/wp\/v2\/types\/post"}],"author":[{"embeddable":true,"href":"https:\/\/raum-blick.de\/magazin\/wp-json\/wp\/v2\/users\/4"}],"replies":[{"embeddable":true,"href":"https:\/\/raum-blick.de\/magazin\/wp-json\/wp\/v2\/comments?post=20152"}],"version-history":[{"count":54,"href":"https:\/\/raum-blick.de\/magazin\/wp-json\/wp\/v2\/posts\/20152\/revisions"}],"predecessor-version":[{"id":20931,"href":"https:\/\/raum-blick.de\/magazin\/wp-json\/wp\/v2\/posts\/20152\/revisions\/20931"}],"wp:featuredmedia":[{"embeddable":true,"href":"https:\/\/raum-blick.de\/magazin\/wp-json\/wp\/v2\/media\/20205"}],"wp:attachment":[{"href":"https:\/\/raum-blick.de\/magazin\/wp-json\/wp\/v2\/media?parent=20152"}],"wp:term":[{"taxonomy":"category","embeddable":true,"href":"https:\/\/raum-blick.de\/magazin\/wp-json\/wp\/v2\/categories?post=20152"},{"taxonomy":"post_tag","embeddable":true,"href":"https:\/\/raum-blick.de\/magazin\/wp-json\/wp\/v2\/tags?post=20152"}],"curies":[{"name":"wp","href":"https:\/\/api.w.org\/{rel}","templated":true}]}}