{"id":20082,"date":"2024-06-12T00:35:26","date_gmt":"2024-06-11T22:35:26","guid":{"rendered":"https:\/\/www.raum-blick.de\/magazin\/?p=20082"},"modified":"2024-06-12T00:35:27","modified_gmt":"2024-06-11T22:35:27","slug":"regal-dekorieren-kreative-ideen","status":"publish","type":"post","link":"https:\/\/raum-blick.de\/magazin\/regal-dekorieren-kreative-ideen\/","title":{"rendered":"Regal dekorieren \u2013 mit kreativen Ideen und effizienten Tipps"},"content":{"rendered":"\n<h2 class=\"wp-block-heading\"><span class=\"ez-toc-section\" id=\"%C2%AB_Wie_Sie_Ihre_Raeume_stilvoll_in_Szene_setzen_%C2%BB\"><\/span>\u00ab Wie Sie Ihre R\u00e4ume stilvoll in Szene setzen \u00bb<span class=\"ez-toc-section-end\"><\/span><\/h2>\n\n\n\n<p><strong>Ein Regal ist ein ausgesprochen praktisches Aufbewahrungsm\u00f6bel.<\/strong> <strong>Und eine gro\u00dfartige M\u00f6glichkeit, um einen coolen Blickfang zu schaffen und pers\u00f6nliche Akzente zu setzen. Egal ob im Wohnzimmer, in der K\u00fcche oder im B\u00fcro \u2013 ein sch\u00f6n dekoriertes Regal kann den Raum aufwerten und ihm eine individuelle Note verleihen. Wie das geht? Lesen Sie einfach weiter und erfahren Sie, was Sie beim Regal Dekorieren a<\/strong>lles <strong>beachten sollten und wie gut organisiert und dekorativ miteinander harmonieren k\u00f6nnen. <\/strong><\/p>\n\n\n\n<figure class=\"wp-block-image size-full is-resized\"><img loading=\"lazy\" decoding=\"async\" src=\"https:\/\/www.raum-blick.de\/magazin\/wp-content\/uploads\/2022\/02\/Muuto-Stacked-Regalsystem-2.0.jpg\" alt=\"muuot Stacked: perfekt um R\u00e4ume zu gestalten und eine optimale Platform f\u00fcrs Regale Dekorieren. \" class=\"wp-image-15177\" width=\"840\" height=\"840\" title=\"\" srcset=\"https:\/\/raum-blick.de\/magazin\/wp-content\/uploads\/2022\/02\/Muuto-Stacked-Regalsystem-2.0.jpg 620w, https:\/\/raum-blick.de\/magazin\/wp-content\/uploads\/2022\/02\/Muuto-Stacked-Regalsystem-2.0-300x300.jpg 300w, https:\/\/raum-blick.de\/magazin\/wp-content\/uploads\/2022\/02\/Muuto-Stacked-Regalsystem-2.0-150x150.jpg 150w\" sizes=\"(max-width: 840px) 100vw, 840px\" \/><figcaption class=\"wp-element-caption\"><em>Verschiedene Gr\u00f6\u00dfen und H\u00f6hen sorgen f\u00fcr optische Spannung. Und mit dem <a href=\"https:\/\/www.raum-blick.de\/muuto\/\">modularen muuto Stacked-System<\/a> k\u00f6nnen Sie sich Ihr Regal so bauen, wie Sie m\u00f6chten. <\/em><\/figcaption><\/figure>\n\n\n\n<h2 class=\"wp-block-heading\"><span class=\"ez-toc-section\" id=\"Ordnung_schaffen_Step_1_beim_Regal_Dekorieren\"><\/span>Ordnung schaffen: Step 1 beim Regal Dekorieren<span class=\"ez-toc-section-end\"><\/span><\/h2>\n\n\n\n<p>Ausr\u00e4umen, ausmisten, ordnen. Diese drei Ma\u00dfnahmen sind der erste Schritt zu einem \u00fcbersichtlichen und stilvollen Regal. Also erst einmal alles raus, entstauben und schauen, was Sie unbedingt behalten, wovon Sie sich auf alle F\u00e4lle trennen m\u00f6chten und was auf den \u201eVielleicht-Stapel&#8220; kommt. Den schauen Sie sich dann noch mal ganz genau an. Alles, was \u00fcbrig bleibt, kommt aber nicht einfach wieder zur\u00fcck ins Regal. Denn Kleinkram beispielsweise l\u00e4sst sich wunderbar in praktischen Schachteln und Boxen aufbewahren. Und die bieten heute so viele h\u00fcbsche Farben und Muster, dass sich hier ganz bestimmt etwas zu Ihrer Einrichtung passendes findet. Das Ergebnis ist auf alle F\u00e4lle deutlich ordentlicher als vorher. <\/p><div id=\"ez-toc-container\" class=\"ez-toc-v2_0_82_2 counter-hierarchy ez-toc-counter ez-toc-grey ez-toc-container-direction\">\n<div class=\"ez-toc-title-container\">\n<p class=\"ez-toc-title\" style=\"cursor:inherit\">Was hier auf Sie wartet<\/p>\n<span class=\"ez-toc-title-toggle\"><a href=\"#\" class=\"ez-toc-pull-right ez-toc-btn ez-toc-btn-xs ez-toc-btn-default ez-toc-toggle\" aria-label=\"Toggle Table of Content\"><span class=\"ez-toc-js-icon-con\"><span class=\"\"><span class=\"eztoc-hide\" style=\"display:none;\">Toggle<\/span><span class=\"ez-toc-icon-toggle-span\"><svg style=\"fill: #999;color:#999\" xmlns=\"http:\/\/www.w3.org\/2000\/svg\" class=\"list-377408\" width=\"20px\" height=\"20px\" viewBox=\"0 0 24 24\" fill=\"none\"><path d=\"M6 6H4v2h2V6zm14 0H8v2h12V6zM4 11h2v2H4v-2zm16 0H8v2h12v-2zM4 16h2v2H4v-2zm16 0H8v2h12v-2z\" fill=\"currentColor\"><\/path><\/svg><svg style=\"fill: #999;color:#999\" class=\"arrow-unsorted-368013\" xmlns=\"http:\/\/www.w3.org\/2000\/svg\" width=\"10px\" height=\"10px\" viewBox=\"0 0 24 24\" version=\"1.2\" baseProfile=\"tiny\"><path d=\"M18.2 9.3l-6.2-6.3-6.2 6.3c-.2.2-.3.4-.3.7s.1.5.3.7c.2.2.4.3.7.3h11c.3 0 .5-.1.7-.3.2-.2.3-.5.3-.7s-.1-.5-.3-.7zM5.8 14.7l6.2 6.3 6.2-6.3c.2-.2.3-.5.3-.7s-.1-.5-.3-.7c-.2-.2-.4-.3-.7-.3h-11c-.3 0-.5.1-.7.3-.2.2-.3.5-.3.7s.1.5.3.7z\"\/><\/svg><\/span><\/span><\/span><\/a><\/span><\/div>\n<nav><ul class='ez-toc-list ez-toc-list-level-1 ' ><li class='ez-toc-page-1 ez-toc-heading-level-2'><a class=\"ez-toc-link ez-toc-heading-1\" href=\"https:\/\/raum-blick.de\/magazin\/regal-dekorieren-kreative-ideen\/#%C2%AB_Wie_Sie_Ihre_Raeume_stilvoll_in_Szene_setzen_%C2%BB\" >\u00ab Wie Sie Ihre R\u00e4ume stilvoll in Szene setzen \u00bb<\/a><\/li><li class='ez-toc-page-1 ez-toc-heading-level-2'><a class=\"ez-toc-link ez-toc-heading-2\" href=\"https:\/\/raum-blick.de\/magazin\/regal-dekorieren-kreative-ideen\/#Ordnung_schaffen_Step_1_beim_Regal_Dekorieren\" >Ordnung schaffen: Step 1 beim Regal Dekorieren<\/a><ul class='ez-toc-list-level-3' ><li class='ez-toc-heading-level-3'><a class=\"ez-toc-link ez-toc-heading-3\" href=\"https:\/\/raum-blick.de\/magazin\/regal-dekorieren-kreative-ideen\/#Wie_wird_der_Stau-_zum_Dekoraum\" >Wie wird der Stau- zum Dekoraum?<\/a><\/li><li class='ez-toc-page-1 ez-toc-heading-level-3'><a class=\"ez-toc-link ez-toc-heading-4\" href=\"https:\/\/raum-blick.de\/magazin\/regal-dekorieren-kreative-ideen\/#3_formschoene_Ordnungshelfer_die_einfach_praktisch_sind\" >3 formsch\u00f6ne Ordnungshelfer, die einfach praktisch sind:<\/a><\/li><\/ul><\/li><li class='ez-toc-page-1 ez-toc-heading-level-2'><a class=\"ez-toc-link ez-toc-heading-5\" href=\"https:\/\/raum-blick.de\/magazin\/regal-dekorieren-kreative-ideen\/#Freier_Blick_auf_Ihre_Lieblingsbuecher\" >Freier Blick auf Ihre Lieblingsb\u00fccher<\/a><ul class='ez-toc-list-level-3' ><li class='ez-toc-heading-level-3'><a class=\"ez-toc-link ez-toc-heading-6\" href=\"https:\/\/raum-blick.de\/magazin\/regal-dekorieren-kreative-ideen\/#Wie_gestalten_Sie_ein_Buecherregal\" >Wie gestalten Sie ein B\u00fccherregal?<\/a><\/li><li class='ez-toc-page-1 ez-toc-heading-level-3'><a class=\"ez-toc-link ez-toc-heading-7\" href=\"https:\/\/raum-blick.de\/magazin\/regal-dekorieren-kreative-ideen\/#Cleanes_Ergebnis_mit_dem_%E2%80%9EBackward_Books%E2%80%9C-Trend\" >Cleanes Ergebnis mit dem \u201eBackward Books&#8220;-Trend<\/a><\/li><li class='ez-toc-page-1 ez-toc-heading-level-3'><a class=\"ez-toc-link ez-toc-heading-8\" href=\"https:\/\/raum-blick.de\/magazin\/regal-dekorieren-kreative-ideen\/#3_Best_Book_Friends\" >3 Best Book Friends:<\/a><\/li><\/ul><\/li><li class='ez-toc-page-1 ez-toc-heading-level-2'><a class=\"ez-toc-link ez-toc-heading-9\" href=\"https:\/\/raum-blick.de\/magazin\/regal-dekorieren-kreative-ideen\/#Kuechen-Regal_dekorieren_mit_Geling-Garantie\" >(K\u00fcchen-)Regal dekorieren mit Geling-Garantie<\/a><ul class='ez-toc-list-level-3' ><li class='ez-toc-heading-level-3'><a class=\"ez-toc-link ez-toc-heading-10\" href=\"https:\/\/raum-blick.de\/magazin\/regal-dekorieren-kreative-ideen\/#Das_lieben_Kuechenfeen\" >Das lieben K\u00fcchenfeen!<\/a><\/li><\/ul><\/li><li class='ez-toc-page-1 ez-toc-heading-level-2'><a class=\"ez-toc-link ez-toc-heading-11\" href=\"https:\/\/raum-blick.de\/magazin\/regal-dekorieren-kreative-ideen\/#Ein_Bild_von_einem_Wohnzimmerregal\" >Ein Bild von einem Wohnzimmerregal<\/a><ul class='ez-toc-list-level-3' ><li class='ez-toc-heading-level-3'><a class=\"ez-toc-link ez-toc-heading-12\" href=\"https:\/\/raum-blick.de\/magazin\/regal-dekorieren-kreative-ideen\/#Praedestiniert_fuers_Regal_Dekorieren_und_multifunktional\" >Pr\u00e4destiniert f\u00fcrs Regal Dekorieren und multifunktional<\/a><\/li><li class='ez-toc-page-1 ez-toc-heading-level-3'><a class=\"ez-toc-link ez-toc-heading-13\" href=\"https:\/\/raum-blick.de\/magazin\/regal-dekorieren-kreative-ideen\/#Einfach_nur_Deko\" >Einfach nur Deko<\/a><\/li><li class='ez-toc-page-1 ez-toc-heading-level-3'><a class=\"ez-toc-link ez-toc-heading-14\" href=\"https:\/\/raum-blick.de\/magazin\/regal-dekorieren-kreative-ideen\/#Tierisch_schoen_diese_3\" >Tierisch sch\u00f6n, diese 3:<\/a><\/li><\/ul><\/li><\/ul><\/nav><\/div>\n\n\n\n\n<h3 class=\"wp-block-heading\"><span class=\"ez-toc-section\" id=\"Wie_wird_der_Stau-_zum_Dekoraum\"><\/span>Wie wird der Stau- zum Dekoraum?<span class=\"ez-toc-section-end\"><\/span><\/h3>\n\n\n\n<p>Gute Frage. Und nat\u00fcrlich haben wir Ihnen hier auch die Basics zu bieten, die es f\u00fcrs Regal Dekorieren braucht. Das sind unsere <strong>Top 5 Tipps:<\/strong> <\/p>\n\n\n\n<ol class=\"wp-block-list\">\n<li><strong>Objekt-Gruppen bilden<\/strong> und dabei gerne auch in einem Thema oder Stil bleiben. Au\u00dferdem sollte die Anzahl immer ungerade sein. <\/li>\n\n\n\n<li><strong>Mit Ebenen und Formen arbeiten. <\/strong>Das schafft eine spannende, visuelle Dynamik. Also Teller und Schalen beispielsweise im Regal stapeln. <\/li>\n\n\n\n<li><strong>Harmonie durch Symmetrie.<\/strong> Platzieren Sie \u00e4hnliche oder spiegelverkehrte Objekte im Regal, das schafft eine ausgesprochen \u00e4sthetische Ordnung. <\/li>\n\n\n\n<li><strong>Maximal drei Haupt-Farben.<\/strong> Sonst wird es ganz schnell unruhig. Und das ist ja genau das, was wir nicht wollen. Was \u00fcbrigens immer geht: ein ruhiges Beige. <\/li>\n\n\n\n<li><strong>Keine Kabel. <\/strong>Zumindest keine sichtbaren. Denn das lenkt ab, schadet der \u00c4sthetik und muss in Zeiten von kabellosen Leuchten ja auch gar nicht mehr sein. <br><\/li>\n<\/ol>\n\n\n\n<h3 class=\"wp-block-heading\"><span class=\"ez-toc-section\" id=\"3_formschoene_Ordnungshelfer_die_einfach_praktisch_sind\"><\/span>3 formsch\u00f6ne Ordnungshelfer, die einfach praktisch sind:<span class=\"ez-toc-section-end\"><\/span><\/h3>\n\n\n\n<div class=\"wp-block-columns is-layout-flex wp-container-core-columns-is-layout-9d6595d7 wp-block-columns-is-layout-flex\">\n<div class=\"wp-block-column is-layout-flow wp-block-column-is-layout-flow\">\n<figure class=\"wp-block-image size-full\"><img loading=\"lazy\" decoding=\"async\" width=\"400\" height=\"400\" src=\"https:\/\/www.raum-blick.de\/magazin\/wp-content\/uploads\/2023\/10\/muuto-Restore-yellow_266389iOJyuzjwuXSS_200x200@2x.jpg\" alt=\"Muuto Restore aus recycelten PET-Flaschen hilft beim Ordnung Schaffen und Regal Dekorieren.\" class=\"wp-image-18487\" title=\"\" srcset=\"https:\/\/raum-blick.de\/magazin\/wp-content\/uploads\/2023\/10\/muuto-Restore-yellow_266389iOJyuzjwuXSS_200x200@2x.jpg 400w, https:\/\/raum-blick.de\/magazin\/wp-content\/uploads\/2023\/10\/muuto-Restore-yellow_266389iOJyuzjwuXSS_200x200@2x-300x300.jpg 300w, https:\/\/raum-blick.de\/magazin\/wp-content\/uploads\/2023\/10\/muuto-Restore-yellow_266389iOJyuzjwuXSS_200x200@2x-150x150.jpg 150w\" sizes=\"(max-width: 400px) 100vw, 400px\" \/><figcaption class=\"wp-element-caption\"><em>Der <a href=\"https:\/\/www.raum-blick.de\/muuto\/\">Muuto<\/a> Restore in Filzoptik aus recycelten PET-Flaschen bietet Platz f\u00fcr allerlei Lieblingsgegenst\u00e4nde. <\/em> <\/figcaption><\/figure>\n<\/div>\n\n\n\n<div class=\"wp-block-column is-layout-flow wp-block-column-is-layout-flow\">\n<figure class=\"wp-block-image size-full\"><img loading=\"lazy\" decoding=\"async\" width=\"400\" height=\"400\" src=\"https:\/\/www.raum-blick.de\/magazin\/wp-content\/uploads\/2023\/12\/ferm-living-paper-pulp-small-aufbewahrungsbox_60656_200x200@2x.jpg\" alt=\"ferm LIVING Paper Pulp Boxen bestehen aus 100% Recycling-Papierzellstoff. Im 2er-Set.\" class=\"wp-image-19020\" title=\"\" srcset=\"https:\/\/raum-blick.de\/magazin\/wp-content\/uploads\/2023\/12\/ferm-living-paper-pulp-small-aufbewahrungsbox_60656_200x200@2x.jpg 400w, https:\/\/raum-blick.de\/magazin\/wp-content\/uploads\/2023\/12\/ferm-living-paper-pulp-small-aufbewahrungsbox_60656_200x200@2x-300x300.jpg 300w, https:\/\/raum-blick.de\/magazin\/wp-content\/uploads\/2023\/12\/ferm-living-paper-pulp-small-aufbewahrungsbox_60656_200x200@2x-150x150.jpg 150w\" sizes=\"(max-width: 400px) 100vw, 400px\" \/><figcaption class=\"wp-element-caption\"><em>Die Paper Pulp Boxen von <a href=\"https:\/\/www.raum-blick.de\/ferm-living\/\">ferm LIVING<\/a> gibt es im 2er-Set in 2 Gr\u00f6\u00dfen. Aus 100% Recycling-Papierzellstoff.<\/em><\/figcaption><\/figure>\n<\/div>\n\n\n\n<div class=\"wp-block-column is-layout-flow wp-block-column-is-layout-flow\">\n<figure class=\"wp-block-image size-full\"><img loading=\"lazy\" decoding=\"async\" width=\"400\" height=\"400\" src=\"https:\/\/www.raum-blick.de\/magazin\/wp-content\/uploads\/2024\/06\/Skagerak-Cutter-Box-klein-schwarz_24839vmTAEAEZsxCF6_200x200@2x.jpg\" alt=\"Die Skagerak Cutter Box ist ein echtes Schmuckst\u00fcck und ein absoluter Designklassiker. \" class=\"wp-image-20106\" title=\"\" srcset=\"https:\/\/raum-blick.de\/magazin\/wp-content\/uploads\/2024\/06\/Skagerak-Cutter-Box-klein-schwarz_24839vmTAEAEZsxCF6_200x200@2x.jpg 400w, https:\/\/raum-blick.de\/magazin\/wp-content\/uploads\/2024\/06\/Skagerak-Cutter-Box-klein-schwarz_24839vmTAEAEZsxCF6_200x200@2x-300x300.jpg 300w, https:\/\/raum-blick.de\/magazin\/wp-content\/uploads\/2024\/06\/Skagerak-Cutter-Box-klein-schwarz_24839vmTAEAEZsxCF6_200x200@2x-150x150.jpg 150w\" sizes=\"(max-width: 400px) 100vw, 400px\" \/><figcaption class=\"wp-element-caption\"><em>In 3 Holzausf\u00fchrungen und 2 Gr\u00f6\u00dfen ist die <a href=\"https:\/\/www.raum-blick.de\/skagerak-cutter\/\">Skagerak Cutter<\/a> Box ein echter Designklassiker.<\/em><\/figcaption><\/figure>\n<\/div>\n<\/div>\n\n\n\n<h2 class=\"wp-block-heading\"><span class=\"ez-toc-section\" id=\"Freier_Blick_auf_Ihre_Lieblingsbuecher\"><\/span>Freier Blick auf Ihre Lieblingsb\u00fccher<span class=\"ez-toc-section-end\"><\/span><\/h2>\n\n\n\n<h3 class=\"wp-block-heading\"><span class=\"ez-toc-section\" id=\"Wie_gestalten_Sie_ein_Buecherregal\"><\/span>Wie gestalten Sie ein B\u00fccherregal?<span class=\"ez-toc-section-end\"><\/span><\/h3>\n\n\n\n<p>Ein Regal ohne B\u00fccher ist wie ein Tag ohne Sonnenschein. B\u00fccher sind nicht nur eine Quelle der Bildung und Unterhaltung, sie sind auch etwas ganz Individuelles. Denn Sie geben einen Teil unserer Pers\u00f6nlichkeit preis. Doch Buchr\u00fccken an Buchr\u00fccken, das wirkt oft langweilig. Deshalb: Arrangieren Sie Ihre B\u00fccher nach Farben oder Gr\u00f6\u00dfen, stapeln Sie sie abwechselnd horizontal und vertikal oder f\u00fcgen Sie dekorative Buchst\u00fctzen hinzu, um Ihr Regal interessanter zu gestalten. Und kombinieren Sie B\u00fccher mit pers\u00f6nlichen Gegenst\u00e4nden wie Fotos, Skulpturen oder Souvenirs, um einen individuellen Look zu kreieren.<\/p>\n\n\n\n<figure class=\"wp-block-image size-full is-resized\"><img loading=\"lazy\" decoding=\"async\" src=\"https:\/\/www.raum-blick.de\/magazin\/wp-content\/uploads\/2017\/02\/String-Regalsystem-Seitenteile.jpg\" alt=\"Das Regelsystem von String Furniture bietet viel Gestaltungsspielraum. Nicht nur f\u00fcr B\u00fccher. \" class=\"wp-image-2398\" width=\"840\" height=\"1126\" title=\"\" srcset=\"https:\/\/raum-blick.de\/magazin\/wp-content\/uploads\/2017\/02\/String-Regalsystem-Seitenteile.jpg 600w, https:\/\/raum-blick.de\/magazin\/wp-content\/uploads\/2017\/02\/String-Regalsystem-Seitenteile-224x300.jpg 224w\" sizes=\"(max-width: 840px) 100vw, 840px\" \/><figcaption class=\"wp-element-caption\"><em>Auch stapeln will gelernt sein. Sortieren Sie die B\u00fccher nach Farben oder Gr\u00f6\u00dfe, ordnen Sie sie vertikal und horizontal an und arbeiten Sie gerne auch mit h\u00fcbschen Boxen. Das <a href=\"https:\/\/www.raum-blick.de\/string-furniture\/\">Regalsystem von String Furniture<\/a> l\u00e4sst Ihnen hier optimalen Gestaltungsspielraum. <\/em>Ausgew\u00e4hlte Kombinationen von <a href=\"https:\/\/www.raum-blick.de\/string-regal\/\">String Regalen<\/a> erleichtern Ihnen die Auswahl.<\/figcaption><\/figure>\n\n\n\n<h3 class=\"wp-block-heading\"><span class=\"ez-toc-section\" id=\"Cleanes_Ergebnis_mit_dem_%E2%80%9EBackward_Books%E2%80%9C-Trend\"><\/span>Cleanes Ergebnis mit dem \u201eBackward Books&#8220;-Trend<span class=\"ez-toc-section-end\"><\/span><\/h3>\n\n\n\n<p>Wem kunterbunte B\u00fccherregale zu unordentlich sind, der sollte es mal mit diesem Trend hier probieren. Die Buchseiten werden einfach mit dem R\u00fccken zur Wand und den Papierseiten vorne im Regal platziert. Das ist nicht nur ungew\u00f6hnlich, sondern auch sehr minimalistisch. Es muss ja auch nicht immer alles wie \u00fcberall sein. So ein spannender Kontrast hat schon was und unterstreicht den individuellen Charakter. Ganz abgesehen davon, dass die Deko im Regal so noch besser zur Geltung kommt. \u00dcbrigens darf und soll hier auch durchaus Leerraum sein. Die Augen brauchen schlie\u00dflich auch einmal eine Pause und deutlich luftiger wirkt das Regal so auch. <\/p>\n\n\n\n<h3 class=\"wp-block-heading\"><span class=\"ez-toc-section\" id=\"3_Best_Book_Friends\"><\/span>3 Best Book Friends:<span class=\"ez-toc-section-end\"><\/span><\/h3>\n\n\n\n<div class=\"wp-block-columns is-layout-flex wp-container-core-columns-is-layout-9d6595d7 wp-block-columns-is-layout-flex\">\n<div class=\"wp-block-column is-layout-flow wp-block-column-is-layout-flow\">\n<figure class=\"wp-block-image size-full\"><img loading=\"lazy\" decoding=\"async\" width=\"400\" height=\"400\" src=\"https:\/\/www.raum-blick.de\/magazin\/wp-content\/uploads\/2024\/06\/29780-ethnicraft-buchstuetzen-mahagoni-dunkel-freisteller-seite_86374_200x200@2x.jpg\" alt=\"Die Buchst\u00fctzen PI von Ethnicraft sind formsch\u00f6ne Hingucker, wenn es ums Regal Dekorieren geht. \" class=\"wp-image-20104\" title=\"\" srcset=\"https:\/\/raum-blick.de\/magazin\/wp-content\/uploads\/2024\/06\/29780-ethnicraft-buchstuetzen-mahagoni-dunkel-freisteller-seite_86374_200x200@2x.jpg 400w, https:\/\/raum-blick.de\/magazin\/wp-content\/uploads\/2024\/06\/29780-ethnicraft-buchstuetzen-mahagoni-dunkel-freisteller-seite_86374_200x200@2x-300x300.jpg 300w, https:\/\/raum-blick.de\/magazin\/wp-content\/uploads\/2024\/06\/29780-ethnicraft-buchstuetzen-mahagoni-dunkel-freisteller-seite_86374_200x200@2x-150x150.jpg 150w\" sizes=\"(max-width: 400px) 100vw, 400px\" \/><figcaption class=\"wp-element-caption\"><em>Die eleganten, zeitlosen  Buchst\u00fctzen PI von <a href=\"https:\/\/www.raum-blick.de\/ethnicraft\/\">Ethnicraft <\/a>aus dunklem Mahagoni-Holz halten Ihre Schm\u00f6ker fest.<\/em><\/figcaption><\/figure>\n<\/div>\n\n\n\n<div class=\"wp-block-column is-layout-flow wp-block-column-is-layout-flow\">\n<figure class=\"wp-block-image size-full\"><img loading=\"lazy\" decoding=\"async\" width=\"400\" height=\"400\" src=\"https:\/\/www.raum-blick.de\/magazin\/wp-content\/uploads\/2024\/06\/SATELLITENSCHALE_63672_200x200@2x.jpg\" alt=\"Schwarze Holzst\u00e4be formen die einzigartige Satellitenschale von MoMa.\" class=\"wp-image-20098\" title=\"\" srcset=\"https:\/\/raum-blick.de\/magazin\/wp-content\/uploads\/2024\/06\/SATELLITENSCHALE_63672_200x200@2x.jpg 400w, https:\/\/raum-blick.de\/magazin\/wp-content\/uploads\/2024\/06\/SATELLITENSCHALE_63672_200x200@2x-300x300.jpg 300w, https:\/\/raum-blick.de\/magazin\/wp-content\/uploads\/2024\/06\/SATELLITENSCHALE_63672_200x200@2x-150x150.jpg 150w\" sizes=\"(max-width: 400px) 100vw, 400px\" \/><figcaption class=\"wp-element-caption\"><em>Definitiv ein Hingucker: die Satellitenschale von MoMa aus schwarzen Holzspeichen. <\/em><\/figcaption><\/figure>\n<\/div>\n\n\n\n<div class=\"wp-block-column is-layout-flow wp-block-column-is-layout-flow\">\n<figure class=\"wp-block-image size-full\"><img loading=\"lazy\" decoding=\"async\" width=\"400\" height=\"400\" src=\"https:\/\/www.raum-blick.de\/magazin\/wp-content\/uploads\/2024\/06\/jonathan-adler-op-art-tablett_75353ePmeNA5NVBDhH_200x200@2x.jpg\" alt=\"Eine Ablageschale wie gemacht f\u00fcrs Regal Dekorieren: handgefertigt, vergoldet und mit einem Op Art-Motiv. Von Jonathan Adler.\" class=\"wp-image-20095\" title=\"\" srcset=\"https:\/\/raum-blick.de\/magazin\/wp-content\/uploads\/2024\/06\/jonathan-adler-op-art-tablett_75353ePmeNA5NVBDhH_200x200@2x.jpg 400w, https:\/\/raum-blick.de\/magazin\/wp-content\/uploads\/2024\/06\/jonathan-adler-op-art-tablett_75353ePmeNA5NVBDhH_200x200@2x-300x300.jpg 300w, https:\/\/raum-blick.de\/magazin\/wp-content\/uploads\/2024\/06\/jonathan-adler-op-art-tablett_75353ePmeNA5NVBDhH_200x200@2x-150x150.jpg 150w\" sizes=\"(max-width: 400px) 100vw, 400px\" \/><figcaption class=\"wp-element-caption\"><em>Die Op Art Ablageschale von <a href=\"https:\/\/www.raum-blick.de\/jonathan-adler\/\">Jonathan Adler<\/a> ist handgefertigt, vergoldet und ein echtes It-Piece.<\/em><\/figcaption><\/figure>\n<\/div>\n<\/div>\n\n\n\n<h2 class=\"wp-block-heading\"><span class=\"ez-toc-section\" id=\"Kuechen-Regal_dekorieren_mit_Geling-Garantie\"><\/span>(K\u00fcchen-)Regal dekorieren mit Geling-Garantie<span class=\"ez-toc-section-end\"><\/span><\/h2>\n\n\n\n<h3 class=\"wp-block-heading\"><span class=\"ez-toc-section\" id=\"Das_lieben_Kuechenfeen\"><\/span>Das lieben K\u00fcchenfeen!<span class=\"ez-toc-section-end\"><\/span><\/h3>\n\n\n\n<p>In der K\u00fcche ist ein Regal nicht nur Stauraum f\u00fcr Vorr\u00e4te, Geschirr und Kochutensilien. Es ist vor allem eine perfekte Pr\u00e4sentationsfl\u00e4che f\u00fcr dekorative Elemente. Also raus aus dem Schrank mit ihren sch\u00f6nsten Tellern, Tassen oder Sch\u00fcsseln und rein ins Regal. Dazu Kr\u00e4utert\u00f6pfe, Gew\u00fcrzgl\u00e4ser und K\u00fcchenaccessoires. Das k\u00f6nnen gerne auch dekorative Karaffen oder eindrucksvolle Flaschen vom Barwagen sein. Einer unserer Favoriten: Frischhaltedosen mit Tafelstickern, die sich mit Kreide immer wieder neu beschriften lassen. H\u00e4ngende Pflanzen oder kleine Kunstwerke k\u00f6nnen dem Regal zus\u00e4tzlichen Charme verleihen und die K\u00fcche so zu einem noch gem\u00fctlicheren Ort machen. Und noch ein hei\u00dfer Tipp nicht nur f\u00fcr die Vorratskammer. Packen Sie Ihre Pfandflaschen in einen sch\u00f6nen Korb. Dann k\u00f6nnen Sie sie gleich mitnehmen und m\u00fcssen nicht gro\u00df umschichten. <\/p>\n\n\n\n<figure class=\"wp-block-image size-full is-resized\"><img loading=\"lazy\" decoding=\"async\" src=\"https:\/\/www.raum-blick.de\/magazin\/wp-content\/uploads\/2016\/11\/String-Regalsystem-Seitenteile.jpg\" alt=\"(K\u00fcchen-)Regal dekorieren leicht gemacht: Einfach Teller und Schalen stapeln und mit einzelnen Vasen Farbakzente setzen.\" class=\"wp-image-1396\" width=\"844\" height=\"641\" title=\"\" srcset=\"https:\/\/raum-blick.de\/magazin\/wp-content\/uploads\/2016\/11\/String-Regalsystem-Seitenteile.jpg 600w, https:\/\/raum-blick.de\/magazin\/wp-content\/uploads\/2016\/11\/String-Regalsystem-Seitenteile-300x228.jpg 300w\" sizes=\"(max-width: 844px) 100vw, 844px\" \/><figcaption class=\"wp-element-caption\"><em>Hochstapeln erw\u00fcnscht: Denn so wirkt alles harmonisch und dynamisch. Also ran an die Teller und Sch\u00fcsseln und gerne in einer Farbfamilie blieben. Apropos, wir bleiben beim String System. Warum? Weil es einfach \u00fcberall geht und herrlich durchdacht ist. <\/em><\/figcaption><\/figure>\n\n\n\n<div class=\"wp-block-columns is-layout-flex wp-container-core-columns-is-layout-9d6595d7 wp-block-columns-is-layout-flex\">\n<div class=\"wp-block-column is-layout-flow wp-block-column-is-layout-flow\">\n<figure class=\"wp-block-image size-full\"><img loading=\"lazy\" decoding=\"async\" width=\"400\" height=\"400\" src=\"https:\/\/www.raum-blick.de\/magazin\/wp-content\/uploads\/2024\/03\/pols-pottem-bubbles-and-bottles-karaffe-bunt-l_95144_200x200@2x.jpg\" alt=\"Pols Potten setzt mit bunten Karaffen farbliche Akzente beim Regal Dekorieren. \" class=\"wp-image-19682\" title=\"\" srcset=\"https:\/\/raum-blick.de\/magazin\/wp-content\/uploads\/2024\/03\/pols-pottem-bubbles-and-bottles-karaffe-bunt-l_95144_200x200@2x.jpg 400w, https:\/\/raum-blick.de\/magazin\/wp-content\/uploads\/2024\/03\/pols-pottem-bubbles-and-bottles-karaffe-bunt-l_95144_200x200@2x-300x300.jpg 300w, https:\/\/raum-blick.de\/magazin\/wp-content\/uploads\/2024\/03\/pols-pottem-bubbles-and-bottles-karaffe-bunt-l_95144_200x200@2x-150x150.jpg 150w\" sizes=\"(max-width: 400px) 100vw, 400px\" \/><figcaption class=\"wp-element-caption\"><em>F\u00fcr Farbakzente sorgen die bunten Karaffen von Pols Potten. <\/em><\/figcaption><\/figure>\n<\/div>\n\n\n\n<div class=\"wp-block-column is-layout-flow wp-block-column-is-layout-flow\">\n<figure class=\"wp-block-image size-full\"><img loading=\"lazy\" decoding=\"async\" width=\"400\" height=\"400\" src=\"https:\/\/www.raum-blick.de\/magazin\/wp-content\/uploads\/2024\/06\/fermLIVING-Nium-Schuessel-Dark-Sage-klein-1104269041_101462_200x200@2x.jpg\" alt=\"Raffiniert und einfach wundersch\u00f6n: die Nium Schale aus Steinzeug von ferm LIVING.\" class=\"wp-image-20102\" title=\"\" srcset=\"https:\/\/raum-blick.de\/magazin\/wp-content\/uploads\/2024\/06\/fermLIVING-Nium-Schuessel-Dark-Sage-klein-1104269041_101462_200x200@2x.jpg 400w, https:\/\/raum-blick.de\/magazin\/wp-content\/uploads\/2024\/06\/fermLIVING-Nium-Schuessel-Dark-Sage-klein-1104269041_101462_200x200@2x-300x300.jpg 300w, https:\/\/raum-blick.de\/magazin\/wp-content\/uploads\/2024\/06\/fermLIVING-Nium-Schuessel-Dark-Sage-klein-1104269041_101462_200x200@2x-150x150.jpg 150w\" sizes=\"(max-width: 400px) 100vw, 400px\" \/><figcaption class=\"wp-element-caption\"><em>Die Nium Sch\u00fcssel von ferm LIVING vereint Eleganz und Handwerkskunst.<\/em> <\/figcaption><\/figure>\n<\/div>\n\n\n\n<div class=\"wp-block-column is-layout-flow wp-block-column-is-layout-flow\">\n<figure class=\"wp-block-image size-full\"><img loading=\"lazy\" decoding=\"async\" width=\"400\" height=\"400\" src=\"https:\/\/www.raum-blick.de\/magazin\/wp-content\/uploads\/2024\/03\/mifuko-kiondo-market-basket-L-white-brown-duo-3540S_96101_200x200@2x.jpg\" alt=\"Handgeflochten und aus Papier: Kiondo von mifuko. \" class=\"wp-image-19612\" title=\"\" srcset=\"https:\/\/raum-blick.de\/magazin\/wp-content\/uploads\/2024\/03\/mifuko-kiondo-market-basket-L-white-brown-duo-3540S_96101_200x200@2x.jpg 400w, https:\/\/raum-blick.de\/magazin\/wp-content\/uploads\/2024\/03\/mifuko-kiondo-market-basket-L-white-brown-duo-3540S_96101_200x200@2x-300x300.jpg 300w, https:\/\/raum-blick.de\/magazin\/wp-content\/uploads\/2024\/03\/mifuko-kiondo-market-basket-L-white-brown-duo-3540S_96101_200x200@2x-150x150.jpg 150w\" sizes=\"(max-width: 400px) 100vw, 400px\" \/><figcaption class=\"wp-element-caption\"><em>In diesem Korb von mifuko f\u00fchlen sich Pfandflaschen ganz sicher wohl. <\/em><\/figcaption><\/figure>\n<\/div>\n<\/div>\n\n\n\n<h2 class=\"wp-block-heading\"><span class=\"ez-toc-section\" id=\"Ein_Bild_von_einem_Wohnzimmerregal\"><\/span>Ein Bild von einem Wohnzimmerregal<span class=\"ez-toc-section-end\"><\/span><\/h2>\n\n\n\n<h3 class=\"wp-block-heading\"><span class=\"ez-toc-section\" id=\"Praedestiniert_fuers_Regal_Dekorieren_und_multifunktional\"><\/span>Pr\u00e4destiniert f\u00fcrs Regal Dekorieren und multifunktional<span class=\"ez-toc-section-end\"><\/span><\/h3>\n\n\n\n<p>Raumtrenner, Buch- oder B\u00fcrokram-Aufbewahrer oder auch einfach nur Deko-Objekt: Im Wohnzimmer ist das Regal oft DAS zentrale Element im Raum. Entsprechend hoch ist der Gestaltungsanspruch. Also inszenieren Sie Ihre sch\u00f6nsten B\u00fccher, \u00fcberraschen Sie mit stylishen Kartons und Dokumentenordnern, ausgefallenen Bilderrahmen, Vasen, Kerzenhaltern oder Skulpturen. Nutzen Sie unterschiedliche H\u00f6hen und Texturen, um visuelles Interesse zu wecken, und spielen Sie mit Farben und Mustern, um Ihrem Regal eine pers\u00f6nliche Note zu verleihen. <\/p>\n\n\n\n<figure class=\"wp-block-image size-full is-resized\"><img loading=\"lazy\" decoding=\"async\" src=\"https:\/\/www.raum-blick.de\/magazin\/wp-content\/uploads\/2024\/01\/ethnicraft-m-regal-ambiente-eiche-schwarz-50781-gross_89327_200x200@2x-1.jpg\" alt=\"\" class=\"wp-image-19285\" width=\"840\" height=\"840\" title=\"\" srcset=\"https:\/\/raum-blick.de\/magazin\/wp-content\/uploads\/2024\/01\/ethnicraft-m-regal-ambiente-eiche-schwarz-50781-gross_89327_200x200@2x-1.jpg 400w, https:\/\/raum-blick.de\/magazin\/wp-content\/uploads\/2024\/01\/ethnicraft-m-regal-ambiente-eiche-schwarz-50781-gross_89327_200x200@2x-1-300x300.jpg 300w, https:\/\/raum-blick.de\/magazin\/wp-content\/uploads\/2024\/01\/ethnicraft-m-regal-ambiente-eiche-schwarz-50781-gross_89327_200x200@2x-1-150x150.jpg 150w\" sizes=\"(max-width: 840px) 100vw, 840px\" \/><figcaption class=\"wp-element-caption\"><em>Mut zum Leerraum. Das freut die Augen und die einzelnen Objekte stehen so noch mehr im Fokus. Hier im modernen <a href=\"https:\/\/www.raum-blick.de\/ethnicraft\/\">M Regal des <\/a><\/em><a href=\"https:\/\/www.raum-blick.de\/ethnicraft\/\"><em>niederl\u00e4ndischen Labels Ethnicraft.<\/em><\/a><\/figcaption><\/figure>\n\n\n\n<div class=\"wp-block-columns is-layout-flex wp-container-core-columns-is-layout-9d6595d7 wp-block-columns-is-layout-flex\">\n<div class=\"wp-block-column is-layout-flow wp-block-column-is-layout-flow\">\n<figure class=\"wp-block-image size-full\"><img loading=\"lazy\" decoding=\"async\" width=\"400\" height=\"400\" src=\"https:\/\/www.raum-blick.de\/magazin\/wp-content\/uploads\/2024\/06\/edzard-halifax-schale-8949_57658_200x200@2x.jpg\" alt=\"Dekoratives Hochglanzprodukt: die Halifax Schale von EDZARD.\" class=\"wp-image-20099\" title=\"\" srcset=\"https:\/\/raum-blick.de\/magazin\/wp-content\/uploads\/2024\/06\/edzard-halifax-schale-8949_57658_200x200@2x.jpg 400w, https:\/\/raum-blick.de\/magazin\/wp-content\/uploads\/2024\/06\/edzard-halifax-schale-8949_57658_200x200@2x-300x300.jpg 300w, https:\/\/raum-blick.de\/magazin\/wp-content\/uploads\/2024\/06\/edzard-halifax-schale-8949_57658_200x200@2x-150x150.jpg 150w\" sizes=\"(max-width: 400px) 100vw, 400px\" \/><figcaption class=\"wp-element-caption\"><em>Jetzt wird&#8217;s glamour\u00f6s: mit der hochglanzpolierten Halifax Schale von EDZARD. <\/em><\/figcaption><\/figure>\n<\/div>\n\n\n\n<div class=\"wp-block-column is-layout-flow wp-block-column-is-layout-flow\">\n<figure class=\"wp-block-image size-full\"><img loading=\"lazy\" decoding=\"async\" width=\"400\" height=\"400\" src=\"https:\/\/www.raum-blick.de\/magazin\/wp-content\/uploads\/2024\/03\/pols-potten-hands-up-kerzenhalter-l_99152_200x200@2x.jpg\" alt=\"Der Hand up von Pols Potten ist ein au\u00dfergew\u00f6hnlicher Kerzenhalter mit Delfter Blau-Ornamenten.\" class=\"wp-image-19653\" title=\"\" srcset=\"https:\/\/raum-blick.de\/magazin\/wp-content\/uploads\/2024\/03\/pols-potten-hands-up-kerzenhalter-l_99152_200x200@2x.jpg 400w, https:\/\/raum-blick.de\/magazin\/wp-content\/uploads\/2024\/03\/pols-potten-hands-up-kerzenhalter-l_99152_200x200@2x-300x300.jpg 300w, https:\/\/raum-blick.de\/magazin\/wp-content\/uploads\/2024\/03\/pols-potten-hands-up-kerzenhalter-l_99152_200x200@2x-150x150.jpg 150w\" sizes=\"(max-width: 400px) 100vw, 400px\" \/><figcaption class=\"wp-element-caption\">Der <em>Hands up Kerzenhalter von Pols Potten ist eine Hommage an die Delfter Blau-Ornamente<\/em><\/figcaption><\/figure>\n<\/div>\n\n\n\n<div class=\"wp-block-column is-layout-flow wp-block-column-is-layout-flow\">\n<figure class=\"wp-block-image size-full\"><img loading=\"lazy\" decoding=\"async\" width=\"400\" height=\"400\" src=\"https:\/\/www.raum-blick.de\/magazin\/wp-content\/uploads\/2024\/01\/philippi-bouquet-vase-tulpen_81086NSDmpWJrIhmxd_200x200@2x.jpg\" alt=\"Poliertes Aluminium und Glas, das ist der Stoff aus dem die Bouquet-Vase von Philippi gemacht ist. \" class=\"wp-image-19179\" title=\"\" srcset=\"https:\/\/raum-blick.de\/magazin\/wp-content\/uploads\/2024\/01\/philippi-bouquet-vase-tulpen_81086NSDmpWJrIhmxd_200x200@2x.jpg 400w, https:\/\/raum-blick.de\/magazin\/wp-content\/uploads\/2024\/01\/philippi-bouquet-vase-tulpen_81086NSDmpWJrIhmxd_200x200@2x-300x300.jpg 300w, https:\/\/raum-blick.de\/magazin\/wp-content\/uploads\/2024\/01\/philippi-bouquet-vase-tulpen_81086NSDmpWJrIhmxd_200x200@2x-150x150.jpg 150w\" sizes=\"(max-width: 400px) 100vw, 400px\" \/><figcaption class=\"wp-element-caption\"><em>Gl\u00e4nzende Aussichten: Mit der Bouquet- Vase von Philippi bl\u00fcht jedes Regal auf. Auf poliertem Aluminium und Glas.<\/em><\/figcaption><\/figure>\n<\/div>\n<\/div>\n\n\n\n<h3 class=\"wp-block-heading\"><span class=\"ez-toc-section\" id=\"Einfach_nur_Deko\"><\/span>Einfach nur Deko<span class=\"ez-toc-section-end\"><\/span><\/h3>\n\n\n\n<p>Neben funktionalen Gegenst\u00e4nden k\u00f6nnen auch rein dekorative Elemente Ihr Regal versch\u00f6nern und auflockern. Setzen Sie auf kleine Sammlerst\u00fccke wie Figuren, Globen oder Vintage-Fundst\u00fccke, um Ihrem Regal Charakter zu verleihen. Und auch Fotografien, Malereien oder Grafiken sind hier eine gute Wahl. Es kann aber auch ein Spiegel sein, der das Licht reflektiert und lassen den Raum gr\u00f6\u00dfer wirken l\u00e4sst. Experimentieren Sie einfach mit verschiedenen Materialien wie Holz, Metall oder Glas, um interessante Kontraste zu erzeugen. Und auch saisonale Dekorationen wie zu Weihnachten oder ein Schnittblumen-Arrangement im Fr\u00fchling sorgen f\u00fcr Abwechslung und Frische.<\/p>\n\n\n\n<h3 class=\"wp-block-heading\"><span class=\"ez-toc-section\" id=\"Tierisch_schoen_diese_3\"><\/span>Tierisch sch\u00f6n, diese 3:<span class=\"ez-toc-section-end\"><\/span><\/h3>\n\n\n\n<div class=\"wp-block-columns is-layout-flex wp-container-core-columns-is-layout-9d6595d7 wp-block-columns-is-layout-flex\">\n<div class=\"wp-block-column is-layout-flow wp-block-column-is-layout-flow\">\n<figure class=\"wp-block-image size-full\"><img loading=\"lazy\" decoding=\"async\" width=\"400\" height=\"400\" src=\"https:\/\/www.raum-blick.de\/magazin\/wp-content\/uploads\/2023\/10\/vitra-eames-house-bird-zartrose-gebeizt-deko_97133_200x200@2x.jpg\" alt=\"Der Eames Housebird ist ein Klassiker wenn es ums Regal Dekorieren geht. \" class=\"wp-image-18789\" title=\"\" srcset=\"https:\/\/raum-blick.de\/magazin\/wp-content\/uploads\/2023\/10\/vitra-eames-house-bird-zartrose-gebeizt-deko_97133_200x200@2x.jpg 400w, https:\/\/raum-blick.de\/magazin\/wp-content\/uploads\/2023\/10\/vitra-eames-house-bird-zartrose-gebeizt-deko_97133_200x200@2x-300x300.jpg 300w, https:\/\/raum-blick.de\/magazin\/wp-content\/uploads\/2023\/10\/vitra-eames-house-bird-zartrose-gebeizt-deko_97133_200x200@2x-150x150.jpg 150w\" sizes=\"(max-width: 400px) 100vw, 400px\" \/><figcaption class=\"wp-element-caption\"><em>Der <a href=\"https:\/\/www.raum-blick.de\/vitra\/\">House Bird von Eames:<\/a> Ein Kult-Objekt, das in keinem Regal und keinem Designer-Haushalt fehlen darf. <\/em><\/figcaption><\/figure>\n<\/div>\n\n\n\n<div class=\"wp-block-column is-layout-flow wp-block-column-is-layout-flow\">\n<figure class=\"wp-block-image size-full\"><img loading=\"lazy\" decoding=\"async\" width=\"400\" height=\"400\" src=\"https:\/\/www.raum-blick.de\/magazin\/wp-content\/uploads\/2024\/06\/zueny-buchstuetze-whale-mumu-ZUBV0158-0214_200x200@2x.jpg\" alt=\"Der Wal Mumu f\u00fchlt sich in jedem B\u00fccherregel zuhause. Mal eine nicht allt\u00e4gliche Buchst\u00fctze. \" class=\"wp-image-20103\" title=\"\" srcset=\"https:\/\/raum-blick.de\/magazin\/wp-content\/uploads\/2024\/06\/zueny-buchstuetze-whale-mumu-ZUBV0158-0214_200x200@2x.jpg 400w, https:\/\/raum-blick.de\/magazin\/wp-content\/uploads\/2024\/06\/zueny-buchstuetze-whale-mumu-ZUBV0158-0214_200x200@2x-300x300.jpg 300w, https:\/\/raum-blick.de\/magazin\/wp-content\/uploads\/2024\/06\/zueny-buchstuetze-whale-mumu-ZUBV0158-0214_200x200@2x-150x150.jpg 150w\" sizes=\"(max-width: 400px) 100vw, 400px\" \/><figcaption class=\"wp-element-caption\"><em>Mumu von Z\u00fchny ist eine Buchst\u00fctze. Und was f\u00fcr eine! Aus PU-Leder, handgefertigt und mit Quarzsand bef\u00fcllt. <\/em><\/figcaption><\/figure>\n<\/div>\n\n\n\n<div class=\"wp-block-column is-layout-flow wp-block-column-is-layout-flow\">\n<figure class=\"wp-block-image size-full\"><img loading=\"lazy\" decoding=\"async\" width=\"400\" height=\"400\" src=\"https:\/\/www.raum-blick.de\/magazin\/wp-content\/uploads\/2024\/06\/relaxound-zwitscherbox-klassik_6783678smv17DfXqfg_200x200@2x.jpg\" alt=\"Es zwitschert beim Vorbeilaufen und nat\u00fcrlich kann das nur eines hei\u00dfen: Hier steht eine Zwitscherbox von Relaxound.\" class=\"wp-image-20094\" title=\"\" srcset=\"https:\/\/raum-blick.de\/magazin\/wp-content\/uploads\/2024\/06\/relaxound-zwitscherbox-klassik_6783678smv17DfXqfg_200x200@2x.jpg 400w, https:\/\/raum-blick.de\/magazin\/wp-content\/uploads\/2024\/06\/relaxound-zwitscherbox-klassik_6783678smv17DfXqfg_200x200@2x-300x300.jpg 300w, https:\/\/raum-blick.de\/magazin\/wp-content\/uploads\/2024\/06\/relaxound-zwitscherbox-klassik_6783678smv17DfXqfg_200x200@2x-150x150.jpg 150w\" sizes=\"(max-width: 400px) 100vw, 400px\" \/><figcaption class=\"wp-element-caption\"><em>Von dem fr\u00f6hlichen Vogelgezwitscher aus der Relaxound Zwitscherbox k\u00f6nnen wir gar nicht genug bekommen. <\/em><\/figcaption><\/figure>\n<\/div>\n<\/div>\n\n\n\n<p>Sie sehen, das Dekorieren eines Regals bietet unendlich viele M\u00f6glichkeiten zur kreativen Gestaltung Ihrer R\u00e4ume. Und in unserem Shop finden sie viele Deko-Elemente, die Sie bei diesem Prozess unterst\u00fctzen. Regale nat\u00fcrlich auch \u2013 ganz abgesehen davon. Also \u201efeel free\u201c und verwandeln Sie jetzt mit unseren Tipps Ihr Regal in ein echtes Highlight!<\/p>\n\n\n\n<div style=\"height:11px\" aria-hidden=\"true\" class=\"wp-block-spacer\"><\/div>\n\n\n\n<figure class=\"wp-block-pullquote\"><blockquote><p><strong>Ein kleiner Exkurs zum Schluss: Woher kommt das Regal eigentlich?<br><\/strong><br>Die Urspr\u00fcnge dieses M\u00f6belst\u00fccks lassen sich bis in die Antike zur\u00fcckverfolgen. Anfangs waren die Regale aus Holz \u2013 offen und mit Schubladen. In ihnen fand alles Platz, was aufbewahrt werden sollte: Dokumente, B\u00fccher, wichtige Gegenst\u00e4nde. So auch im Mittelalter, wo Regale meist fest an der Wand montiert waren. Mit der Industrialisierung hielten sie auch in den weniger wohlhabenden Haushalten Einzug \u2013 die Massenproduktion machte es m\u00f6glich \u2013 und Materialien wie Metall boten mehr Stil- und Designspielraum.<br><br>Heutzutage sind Regale ein unverzichtbarer Bestandteil unserer Wohnwelt. Es gibt die unterschiedlichsten Typen in unterschiedlichen Formen, Farben und Materialien. Ob Wand-, Stand-, B\u00fccher-, oder Schuhregal, l\u00e4ngst sind Regale zu einem dekorativen Aufbewahrungselement avanciert, das R\u00e4ume gestaltet und pers\u00f6nliche Akzente setzt.<\/p><\/blockquote><\/figure>\n<\/p>","protected":false},"excerpt":{"rendered":"<p>\u00ab Wie Sie Ihre R\u00e4ume stilvoll in Szene setzen \u00bb Ein Regal ist ein ausgesprochen praktisches Aufbewahrungsm\u00f6bel. Und eine gro\u00dfartige M\u00f6glichkeit, um einen coolen Blickfang zu schaffen und pers\u00f6nliche Akzente zu setzen. Egal ob im Wohnzimmer, in der K\u00fcche oder im B\u00fcro \u2013 ein sch\u00f6n dekoriertes Regal kann den Raum aufwerten und ihm eine individuelle [&hellip;]<\/p>\n","protected":false},"author":4,"featured_media":16545,"comment_status":"closed","ping_status":"open","sticky":false,"template":"","format":"standard","meta":{"_et_pb_use_builder":"","_et_pb_old_content":"","_et_gb_content_width":"","inline_featured_image":false,"footnotes":""},"categories":[7,1],"tags":[1360,109,588,342,2251,1797,206,1317,2250,239,1932,911,168,1391,19,154,15,1933,1829,520,2252,1395],"class_list":["post-20082","post","type-post","status-publish","format-standard","has-post-thumbnail","hentry","category-accessoires-lifestyle","category-drinnen","tag-aufbewahrung","tag-buecherregale","tag-buchstuetze","tag-dekoration","tag-eames-house-bird","tag-ethnicraft","tag-ferm-living","tag-jonathan-adler","tag-kuechenregal","tag-muuto","tag-muuto-das-stacked-system","tag-regal","tag-regale","tag-relaxound-zwitscherbox","tag-skagerak","tag-skagerak-cutter","tag-string","tag-string-furniture-wandregal","tag-string-regal","tag-vitra","tag-zuehny","tag-zwitscherbox"],"_links":{"self":[{"href":"https:\/\/raum-blick.de\/magazin\/wp-json\/wp\/v2\/posts\/20082","targetHints":{"allow":["GET"]}}],"collection":[{"href":"https:\/\/raum-blick.de\/magazin\/wp-json\/wp\/v2\/posts"}],"about":[{"href":"https:\/\/raum-blick.de\/magazin\/wp-json\/wp\/v2\/types\/post"}],"author":[{"embeddable":true,"href":"https:\/\/raum-blick.de\/magazin\/wp-json\/wp\/v2\/users\/4"}],"replies":[{"embeddable":true,"href":"https:\/\/raum-blick.de\/magazin\/wp-json\/wp\/v2\/comments?post=20082"}],"version-history":[{"count":16,"href":"https:\/\/raum-blick.de\/magazin\/wp-json\/wp\/v2\/posts\/20082\/revisions"}],"predecessor-version":[{"id":20147,"href":"https:\/\/raum-blick.de\/magazin\/wp-json\/wp\/v2\/posts\/20082\/revisions\/20147"}],"wp:featuredmedia":[{"embeddable":true,"href":"https:\/\/raum-blick.de\/magazin\/wp-json\/wp\/v2\/media\/16545"}],"wp:attachment":[{"href":"https:\/\/raum-blick.de\/magazin\/wp-json\/wp\/v2\/media?parent=20082"}],"wp:term":[{"taxonomy":"category","embeddable":true,"href":"https:\/\/raum-blick.de\/magazin\/wp-json\/wp\/v2\/categories?post=20082"},{"taxonomy":"post_tag","embeddable":true,"href":"https:\/\/raum-blick.de\/magazin\/wp-json\/wp\/v2\/tags?post=20082"}],"curies":[{"name":"wp","href":"https:\/\/api.w.org\/{rel}","templated":true}]}}