{"id":20009,"date":"2024-06-12T00:25:38","date_gmt":"2024-06-11T22:25:38","guid":{"rendered":"https:\/\/www.raum-blick.de\/magazin\/?p=20009"},"modified":"2024-08-22T00:03:06","modified_gmt":"2024-08-21T22:03:06","slug":"cafcore-interieur-trend-kaffeebar-styling-leicht-gemacht","status":"publish","type":"post","link":"https:\/\/raum-blick.de\/magazin\/cafcore-interieur-trend-kaffeebar-styling-leicht-gemacht\/","title":{"rendered":"Caf\u00e9core Interieur Trend: Nicht nur f\u00fcr Kaffee-Fans!"},"content":{"rendered":"\n<h2 class=\"wp-block-heading\"><span class=\"ez-toc-section\" id=\"%C2%AB_Kaffeebar_Styling_fuer_zuhause_%C2%BB\"><\/span>\u00ab Kaffeebar Styling f\u00fcr zuhause \u00bb<span class=\"ez-toc-section-end\"><\/span><\/h2>\n\n\n\n<p><strong>In der Rangliste der beliebtesten Getr\u00e4nke in Deutschland rangiert Kaffee derzeit auf Platz drei. Doch nicht nur das Hei\u00dfgetr\u00e4nk ist sozusagen in aller Munde. Auch der Caf\u00e9core Interieur Trend hat sich 2024 einen Spitzenplatz gesichert. Und das ist nicht verwunderlich, denn kein anderer Einrichtungsstil steht derzeit so sehr f\u00fcr Entschleunigung, Ruhe und Gem\u00fctlichkeit. Also holen Sie sich die behagliche Atmosph\u00e4re Ihres Lieblingscaf\u00e9s doch einfach in Ihre eigenen vier W\u00e4nde. Es ist ganz easy, versprochen!<\/strong><\/p>\n\n\n\n<figure class=\"wp-block-image size-full is-resized\"><img loading=\"lazy\" decoding=\"async\" src=\"https:\/\/www.raum-blick.de\/magazin\/wp-content\/uploads\/2024\/05\/cover-armchair-grau-muuto-restore-korb_71901_200x200@2x.jpg\" alt=\"Typisch Caf\u00e9core Interieur Trend: Naturmaterialien und Braun in allen Schattierungen. Am besten gleich schon im Flur. \" class=\"wp-image-20037\" width=\"841\" height=\"841\" title=\"\" srcset=\"https:\/\/raum-blick.de\/magazin\/wp-content\/uploads\/2024\/05\/cover-armchair-grau-muuto-restore-korb_71901_200x200@2x.jpg 400w, https:\/\/raum-blick.de\/magazin\/wp-content\/uploads\/2024\/05\/cover-armchair-grau-muuto-restore-korb_71901_200x200@2x-300x300.jpg 300w, https:\/\/raum-blick.de\/magazin\/wp-content\/uploads\/2024\/05\/cover-armchair-grau-muuto-restore-korb_71901_200x200@2x-150x150.jpg 150w\" sizes=\"(max-width: 841px) 100vw, 841px\" \/><figcaption class=\"wp-element-caption\"><em>Ein Hoch auf die Nat\u00fcrlichkeit: Caf\u00e9core f\u00e4ngt schon im Flur an \u2013&nbsp;mit warmem Filz und dunklem Holz. <\/em><\/figcaption><\/figure>\n\n\n\n<h2 class=\"wp-block-heading\"><span class=\"ez-toc-section\" id=\"Ein_Wohntrend_ganz_nach_Ihrem_Geschmack\"><\/span>Ein Wohntrend ganz nach Ihrem Geschmack<span class=\"ez-toc-section-end\"><\/span><\/h2>\n\n\n\n<h3 class=\"wp-block-heading\"><span class=\"ez-toc-section\" id=\"Was_macht_den_Cafecore_Interieur_Trend_aus\"><\/span>Was macht den Caf\u00e9core Interieur Trend aus?<span class=\"ez-toc-section-end\"><\/span><\/h3>\n\n\n\n<p>Drei Dinge bestimmen diesen angesagten Mega-Trend: die Farben, die Materialien und die gem\u00fctlichen Accessoires. Das harmonische Miteinander dieses Trios sorgt f\u00fcr den unverwechselbaren, hippen Style, der einem dieses Lieblingscaf\u00e9-Flair vermittelt. Ob sie es dabei eher gediegen, hochmodern oder im Industrial-Stil m\u00f6gen, das h\u00e4ngt ganz von Ihrem pers\u00f6nlichen Geschmack ab. Was aber auf keinen Fall fehlen darf, ist eine gute Kaffeemaschine. Wir h\u00e4tten da auch schon ein perfektes Retro-Modell zur Auswahl: die <a href=\"https:\/\/www.raum-blick.de\/smeg-kaffeemaschine\/\">SMEG Espressomaschine mit integrierter M\u00fchle<\/a> in einem zartschmelzenden Cremeton. Dazu h\u00fcbsche Tassen, Milch- und Zuckerk\u00e4nnchen, ein sch\u00f6nes Holzbrett und schon ist der Wohlf\u00fchlfaktor ganz hoch.<\/p><div id=\"ez-toc-container\" class=\"ez-toc-v2_0_82_2 counter-hierarchy ez-toc-counter ez-toc-grey ez-toc-container-direction\">\n<div class=\"ez-toc-title-container\">\n<p class=\"ez-toc-title\" style=\"cursor:inherit\">Was hier auf Sie wartet<\/p>\n<span class=\"ez-toc-title-toggle\"><a href=\"#\" class=\"ez-toc-pull-right ez-toc-btn ez-toc-btn-xs ez-toc-btn-default ez-toc-toggle\" aria-label=\"Toggle Table of Content\"><span class=\"ez-toc-js-icon-con\"><span class=\"\"><span class=\"eztoc-hide\" style=\"display:none;\">Toggle<\/span><span class=\"ez-toc-icon-toggle-span\"><svg style=\"fill: #999;color:#999\" xmlns=\"http:\/\/www.w3.org\/2000\/svg\" class=\"list-377408\" width=\"20px\" height=\"20px\" viewBox=\"0 0 24 24\" fill=\"none\"><path d=\"M6 6H4v2h2V6zm14 0H8v2h12V6zM4 11h2v2H4v-2zm16 0H8v2h12v-2zM4 16h2v2H4v-2zm16 0H8v2h12v-2z\" fill=\"currentColor\"><\/path><\/svg><svg style=\"fill: #999;color:#999\" class=\"arrow-unsorted-368013\" xmlns=\"http:\/\/www.w3.org\/2000\/svg\" width=\"10px\" height=\"10px\" viewBox=\"0 0 24 24\" version=\"1.2\" baseProfile=\"tiny\"><path d=\"M18.2 9.3l-6.2-6.3-6.2 6.3c-.2.2-.3.4-.3.7s.1.5.3.7c.2.2.4.3.7.3h11c.3 0 .5-.1.7-.3.2-.2.3-.5.3-.7s-.1-.5-.3-.7zM5.8 14.7l6.2 6.3 6.2-6.3c.2-.2.3-.5.3-.7s-.1-.5-.3-.7c-.2-.2-.4-.3-.7-.3h-11c-.3 0-.5.1-.7.3-.2.2-.3.5-.3.7s.1.5.3.7z\"\/><\/svg><\/span><\/span><\/span><\/a><\/span><\/div>\n<nav><ul class='ez-toc-list ez-toc-list-level-1 ' ><li class='ez-toc-page-1 ez-toc-heading-level-2'><a class=\"ez-toc-link ez-toc-heading-1\" href=\"https:\/\/raum-blick.de\/magazin\/cafcore-interieur-trend-kaffeebar-styling-leicht-gemacht\/#%C2%AB_Kaffeebar_Styling_fuer_zuhause_%C2%BB\" >\u00ab Kaffeebar Styling f\u00fcr zuhause \u00bb<\/a><\/li><li class='ez-toc-page-1 ez-toc-heading-level-2'><a class=\"ez-toc-link ez-toc-heading-2\" href=\"https:\/\/raum-blick.de\/magazin\/cafcore-interieur-trend-kaffeebar-styling-leicht-gemacht\/#Ein_Wohntrend_ganz_nach_Ihrem_Geschmack\" >Ein Wohntrend ganz nach Ihrem Geschmack<\/a><ul class='ez-toc-list-level-3' ><li class='ez-toc-heading-level-3'><a class=\"ez-toc-link ez-toc-heading-3\" href=\"https:\/\/raum-blick.de\/magazin\/cafcore-interieur-trend-kaffeebar-styling-leicht-gemacht\/#Was_macht_den_Cafecore_Interieur_Trend_aus\" >Was macht den Caf\u00e9core Interieur Trend aus?<\/a><\/li><li class='ez-toc-page-1 ez-toc-heading-level-3'><a class=\"ez-toc-link ez-toc-heading-4\" href=\"https:\/\/raum-blick.de\/magazin\/cafcore-interieur-trend-kaffeebar-styling-leicht-gemacht\/#Welche_Farben_sind_fuer_den_Cafecore_Interieur_Trend_typisch\" >Welche Farben sind f\u00fcr den Caf\u00e9core Interieur Trend typisch?<\/a><\/li><li class='ez-toc-page-1 ez-toc-heading-level-3'><a class=\"ez-toc-link ez-toc-heading-5\" href=\"https:\/\/raum-blick.de\/magazin\/cafcore-interieur-trend-kaffeebar-styling-leicht-gemacht\/#Welche_Materialien_spielen_beim_Cafecore_Interieur_Trend_die_Hauptrolle\" >Welche Materialien spielen beim Caf\u00e9core Interieur Trend die Hauptrolle?<\/a><\/li><li class='ez-toc-page-1 ez-toc-heading-level-3'><a class=\"ez-toc-link ez-toc-heading-6\" href=\"https:\/\/raum-blick.de\/magazin\/cafcore-interieur-trend-kaffeebar-styling-leicht-gemacht\/#Schoene_Accessoires_fuer_die_kleine_Pause_zwischendurch\" >Sch\u00f6ne Accessoires f\u00fcr die kleine Pause zwischendurch<\/a><\/li><\/ul><\/li><\/ul><\/nav><\/div>\n\n\n\n\n<div class=\"wp-block-media-text alignwide is-stacked-on-mobile\"><figure class=\"wp-block-media-text__media\"><a href=\"https:\/\/www.raum-blick.de\/smeg-siebtraeger-espressomaschine-egf03\"><img loading=\"lazy\" decoding=\"async\" width=\"400\" height=\"400\" src=\"https:\/\/www.raum-blick.de\/magazin\/wp-content\/uploads\/2024\/05\/smeg-egf03-siebtraeger-espressomaschine-creme-kueche_95344_200x200@2x.jpg\" alt=\"Formsch\u00f6n, praktisch, cremig: SMEG Siebtr\u00e4ger-Maschine mit Kaffeem\u00fchle. Ein Must-have f\u00fcr den Caf\u00e9core Interieur Trend.\" class=\"wp-image-20062 size-full\" title=\"\" srcset=\"https:\/\/raum-blick.de\/magazin\/wp-content\/uploads\/2024\/05\/smeg-egf03-siebtraeger-espressomaschine-creme-kueche_95344_200x200@2x.jpg 400w, https:\/\/raum-blick.de\/magazin\/wp-content\/uploads\/2024\/05\/smeg-egf03-siebtraeger-espressomaschine-creme-kueche_95344_200x200@2x-300x300.jpg 300w, https:\/\/raum-blick.de\/magazin\/wp-content\/uploads\/2024\/05\/smeg-egf03-siebtraeger-espressomaschine-creme-kueche_95344_200x200@2x-150x150.jpg 150w\" sizes=\"(max-width: 400px) 100vw, 400px\" \/><\/a><\/figure><div class=\"wp-block-media-text__content\">\n<p><em>Lieblingscaf\u00e9-Flair mit der <a href=\"https:\/\/www.raum-blick.de\/smeg\/\">SMEG<\/a> Siebtr\u00e4ger-Maschine, den Eva Solo Caf\u00e9 Latte-Bechern und dem Milch- und Zucker-Set, ebenfalls von <a href=\"https:\/\/www.raum-blick.de\/eva-solo\/\">Eva Solo<\/a>.<\/em><\/p>\n\n\n\n<figure class=\"wp-block-image size-full\"><img loading=\"lazy\" decoding=\"async\" width=\"400\" height=\"400\" src=\"https:\/\/www.raum-blick.de\/magazin\/wp-content\/uploads\/2024\/05\/eva-solo-CafeLatte-ElephantGrey-501022-3_21863_200x200@2x.jpg\" alt=\"Halten den Kaffee sch\u00f6n warm: die Caf\u00e9 Latte-Becher von Eva Solo.\" class=\"wp-image-20059\" title=\"\" srcset=\"https:\/\/raum-blick.de\/magazin\/wp-content\/uploads\/2024\/05\/eva-solo-CafeLatte-ElephantGrey-501022-3_21863_200x200@2x.jpg 400w, https:\/\/raum-blick.de\/magazin\/wp-content\/uploads\/2024\/05\/eva-solo-CafeLatte-ElephantGrey-501022-3_21863_200x200@2x-300x300.jpg 300w, https:\/\/raum-blick.de\/magazin\/wp-content\/uploads\/2024\/05\/eva-solo-CafeLatte-ElephantGrey-501022-3_21863_200x200@2x-150x150.jpg 150w\" sizes=\"(max-width: 400px) 100vw, 400px\" \/><\/figure>\n\n\n\n<figure class=\"wp-block-image size-full\"><img loading=\"lazy\" decoding=\"async\" width=\"400\" height=\"400\" src=\"https:\/\/www.raum-blick.de\/magazin\/wp-content\/uploads\/2024\/05\/eva-solo-zucker-milch-set-1_26050_200x200@2x.jpg\" alt=\"Milch- und Zucker kamen selten so stylish daher wie in diesem gl\u00e4sernen Duo von Eva Solo. Perfekete Begleiterr f\u00fcr den Caf\u00e9core Interieur Trend. \" class=\"wp-image-20058\" title=\"\" srcset=\"https:\/\/raum-blick.de\/magazin\/wp-content\/uploads\/2024\/05\/eva-solo-zucker-milch-set-1_26050_200x200@2x.jpg 400w, https:\/\/raum-blick.de\/magazin\/wp-content\/uploads\/2024\/05\/eva-solo-zucker-milch-set-1_26050_200x200@2x-300x300.jpg 300w, https:\/\/raum-blick.de\/magazin\/wp-content\/uploads\/2024\/05\/eva-solo-zucker-milch-set-1_26050_200x200@2x-150x150.jpg 150w\" sizes=\"(max-width: 400px) 100vw, 400px\" \/><\/figure>\n<\/div><\/div>\n\n\n\n<div class=\"wp-block-columns is-layout-flex wp-container-core-columns-is-layout-9d6595d7 wp-block-columns-is-layout-flex\">\n<div class=\"wp-block-column is-layout-flow wp-block-column-is-layout-flow\">\n<figure class=\"wp-block-image size-full is-resized\"><img loading=\"lazy\" decoding=\"async\" src=\"https:\/\/www.raum-blick.de\/magazin\/wp-content\/uploads\/2024\/05\/Raeder-Design-Tablett-der-kleinen-Dinge-Serviertablett-17310_100679_274x274@2x.jpg\" alt=\"Der Caf\u00e9core Interieure Trend ist auch im Kleinen ganz gro\u00df wie das Tablett der kleinen Dinge von R\u00e4der zeigt. \" class=\"wp-image-20056\" width=\"276\" height=\"276\" title=\"\" srcset=\"https:\/\/raum-blick.de\/magazin\/wp-content\/uploads\/2024\/05\/Raeder-Design-Tablett-der-kleinen-Dinge-Serviertablett-17310_100679_274x274@2x.jpg 548w, https:\/\/raum-blick.de\/magazin\/wp-content\/uploads\/2024\/05\/Raeder-Design-Tablett-der-kleinen-Dinge-Serviertablett-17310_100679_274x274@2x-300x300.jpg 300w, https:\/\/raum-blick.de\/magazin\/wp-content\/uploads\/2024\/05\/Raeder-Design-Tablett-der-kleinen-Dinge-Serviertablett-17310_100679_274x274@2x-150x150.jpg 150w\" sizes=\"(max-width: 276px) 100vw, 276px\" \/><figcaption class=\"wp-element-caption\"><em>Formsch\u00f6nes Akazienholz-Tablett von<a href=\"https:\/\/www.raum-blick.de\/raeder-design\/\"> R\u00e4der Design<\/a> der kleinen Dinge macht Servieren zum Genuss.<\/em><\/figcaption><\/figure>\n<\/div>\n\n\n\n<div class=\"wp-block-column is-layout-flow wp-block-column-is-layout-flow\">\n<figure class=\"wp-block-image size-full is-resized\"><a href=\"https:\/\/www.raum-blick.de\/pols-potten-caps-jars-vorratsdose\"><img loading=\"lazy\" decoding=\"async\" src=\"https:\/\/www.raum-blick.de\/magazin\/wp-content\/uploads\/2024\/05\/pols-potten-caps-and-jars-cognac_95148_200x200@2x.jpg\" alt=\"F\u00fcr den Touch Eleganz beim Caf\u00e9core Interieur Trend: bunte Vorratsgl\u00e4ser von Pols Potten. \" class=\"wp-image-20045\" width=\"275\" height=\"275\" title=\"\" srcset=\"https:\/\/raum-blick.de\/magazin\/wp-content\/uploads\/2024\/05\/pols-potten-caps-and-jars-cognac_95148_200x200@2x.jpg 400w, https:\/\/raum-blick.de\/magazin\/wp-content\/uploads\/2024\/05\/pols-potten-caps-and-jars-cognac_95148_200x200@2x-300x300.jpg 300w, https:\/\/raum-blick.de\/magazin\/wp-content\/uploads\/2024\/05\/pols-potten-caps-and-jars-cognac_95148_200x200@2x-150x150.jpg 150w\" sizes=\"(max-width: 275px) 100vw, 275px\" \/><\/a><figcaption class=\"wp-element-caption\"><em>Funktional und dekorativ, so geht bevorraten heute: mit Caps &amp; Jars, den mundgeblasenen Glasbeh\u00e4ltnissen von <a href=\"https:\/\/www.raum-blick.de\/pols-potten\/\">Pols Potten<\/a>. Im 3er-Set mit Deckel.<\/em><\/figcaption><\/figure>\n<\/div>\n\n\n\n<div class=\"wp-block-column is-layout-flow wp-block-column-is-layout-flow\">\n<figure class=\"wp-block-image size-full is-resized\"><a href=\"https:\/\/www.raum-blick.de\/side-by-side-brotkasten\"><img loading=\"lazy\" decoding=\"async\" src=\"https:\/\/www.raum-blick.de\/magazin\/wp-content\/uploads\/2024\/05\/side-by-side-brotkasten-holz_39862_200x200@2x.jpg\" alt=\"Ein Brotkasten, wie man sich ihn w\u00fcnscht: aus zwei Holzarten und mit multifunktionalem Deckel. side by side eben!\" class=\"wp-image-20047\" width=\"274\" height=\"274\" title=\"\" srcset=\"https:\/\/raum-blick.de\/magazin\/wp-content\/uploads\/2024\/05\/side-by-side-brotkasten-holz_39862_200x200@2x.jpg 400w, https:\/\/raum-blick.de\/magazin\/wp-content\/uploads\/2024\/05\/side-by-side-brotkasten-holz_39862_200x200@2x-300x300.jpg 300w, https:\/\/raum-blick.de\/magazin\/wp-content\/uploads\/2024\/05\/side-by-side-brotkasten-holz_39862_200x200@2x-150x150.jpg 150w\" sizes=\"(max-width: 274px) 100vw, 274px\" \/><\/a><figcaption class=\"wp-element-caption\">Ger\u00e4ucherte Eiche und Ahornholz, was f\u00fcr eine \u00e4sthetische Kombi, die der Brotkasten von side by side hier zu bieten hat.<\/figcaption><\/figure>\n<\/div>\n<\/div>\n\n\n\n<h3 class=\"wp-block-heading\"><span class=\"ez-toc-section\" id=\"Welche_Farben_sind_fuer_den_Cafecore_Interieur_Trend_typisch\"><\/span>Welche Farben sind f\u00fcr den Caf\u00e9core Interieur Trend typisch?<span class=\"ez-toc-section-end\"><\/span><\/h3>\n\n\n\n<p>Ganz klar, hier dominieren die Braunnuancen: von tiefem Schoko \u00fcber warmes Karamell bis zu sanften Creme- und Nudet\u00f6nen. Und nat\u00fcrlich d\u00fcrfen sich auch cremiges Wei\u00df, ged\u00e4mpftes Grau oder pures Mattschwarz daruntermischen. Den Flavour bestimmen am Ende Sie. Hauptsache, die Atmosph\u00e4re wirkt beruhigend und entspannend. Elegante Akzente setzen Sie beispielsweise mit dunklem Gr\u00fcn oder Rostrot, moderne mit Rosa und f\u00fcr einen Touch Retro sorgt Orange. Kreieren Sie doch einfach Ihren ganz pers\u00f6nlichen Feel good (Farb-)Moment, gerne auch als Wandfarbe!<\/p>\n\n\n\n<h3 class=\"wp-block-heading\"><span class=\"ez-toc-section\" id=\"Welche_Materialien_spielen_beim_Cafecore_Interieur_Trend_die_Hauptrolle\"><\/span>Welche Materialien spielen beim Caf\u00e9core Interieur Trend die Hauptrolle?<span class=\"ez-toc-section-end\"><\/span><\/h3>\n\n\n\n<p>Passend zu den erdverbundenen Naturt\u00f6nen sind es vor allem Holz, Stein, Rattan, Bambus oder auch Bast, die f\u00fcr ein edles Caf\u00e9-Ambiente sorgen. Warm und wohlig soll es sein und das bedeutet f\u00fcr die Textilien flauschigen Cord, (Teddy-)Fell, zarte Baumwolle oder weichen Samt. Denn Nat\u00fcrlichkeit wird hier gro\u00dfgeschrieben. Das gilt f\u00fcr M\u00f6bel genauso wie f\u00fcr die dekorativen Accessoires. Keramikgeschirr, Glasvasen und Metallakzente runden das Gesamtbild schlie\u00dflich ab.<\/p>\n\n\n\n<div class=\"wp-block-columns is-layout-flex wp-container-core-columns-is-layout-9d6595d7 wp-block-columns-is-layout-flex\">\n<div class=\"wp-block-column is-layout-flow wp-block-column-is-layout-flow\">\n<figure class=\"wp-block-image size-full\"><a href=\"https:\/\/www.raum-blick.de\/ferm-living-tarn-esstisch\"><img loading=\"lazy\" decoding=\"async\" width=\"400\" height=\"400\" src=\"https:\/\/www.raum-blick.de\/magazin\/wp-content\/uploads\/2024\/05\/ferm-living-contour-esstisch-115-esszimmer_96179_200x200@2x.jpg\" alt=\"Typisch Caf\u00e9core Interieur Trend: Holzm\u00f6bel in dunklem Braun. \" class=\"wp-image-20043\" title=\"\" srcset=\"https:\/\/raum-blick.de\/magazin\/wp-content\/uploads\/2024\/05\/ferm-living-contour-esstisch-115-esszimmer_96179_200x200@2x.jpg 400w, https:\/\/raum-blick.de\/magazin\/wp-content\/uploads\/2024\/05\/ferm-living-contour-esstisch-115-esszimmer_96179_200x200@2x-300x300.jpg 300w, https:\/\/raum-blick.de\/magazin\/wp-content\/uploads\/2024\/05\/ferm-living-contour-esstisch-115-esszimmer_96179_200x200@2x-150x150.jpg 150w\" sizes=\"(max-width: 400px) 100vw, 400px\" \/><\/a><figcaption class=\"wp-element-caption\"><em>Flie\u00dfend organische Form, auff\u00e4lliges Design: Tarn Esstisch aus Buche von <a href=\"https:\/\/www.raum-blick.de\/ferm-living\/\">ferm LIVING<\/a>.<\/em><\/figcaption><\/figure>\n<\/div>\n\n\n\n<div class=\"wp-block-column is-layout-flow wp-block-column-is-layout-flow\">\n<figure class=\"wp-block-image size-full\"><a href=\"https:\/\/www.raum-blick.de\/blomus-kuon-sessel\"><img loading=\"lazy\" decoding=\"async\" width=\"400\" height=\"400\" src=\"https:\/\/www.raum-blick.de\/magazin\/wp-content\/uploads\/2024\/05\/blomus-kuon-drehsessel-mit-Hocker-vor-Wand_102602_200x200@2x.jpg\" alt=\"Knutschkugel von blomus: der KUON Sessel. \" class=\"wp-image-20030\" title=\"\" srcset=\"https:\/\/raum-blick.de\/magazin\/wp-content\/uploads\/2024\/05\/blomus-kuon-drehsessel-mit-Hocker-vor-Wand_102602_200x200@2x.jpg 400w, https:\/\/raum-blick.de\/magazin\/wp-content\/uploads\/2024\/05\/blomus-kuon-drehsessel-mit-Hocker-vor-Wand_102602_200x200@2x-300x300.jpg 300w, https:\/\/raum-blick.de\/magazin\/wp-content\/uploads\/2024\/05\/blomus-kuon-drehsessel-mit-Hocker-vor-Wand_102602_200x200@2x-150x150.jpg 150w\" sizes=\"(max-width: 400px) 100vw, 400px\" \/><\/a><figcaption class=\"wp-element-caption\"><em>Eleganz in Perfektion: der rundliche <a href=\"https:\/\/www.raum-blick.de\/blomus\/\">Blomus<\/a> KUON Sessel von blomus aus Eiche und Filz. <\/em><\/figcaption><\/figure>\n<\/div>\n<\/div>\n\n\n\n<div class=\"wp-block-columns is-layout-flex wp-container-core-columns-is-layout-9d6595d7 wp-block-columns-is-layout-flex\">\n<div class=\"wp-block-column is-layout-flow wp-block-column-is-layout-flow\">\n<figure class=\"wp-block-image size-full\"><img loading=\"lazy\" decoding=\"async\" width=\"400\" height=\"400\" src=\"https:\/\/www.raum-blick.de\/magazin\/wp-content\/uploads\/2024\/05\/cuero-design-valhalla-braun-schwarz_86881_200x200@2x.jpg\" alt=\"Valhalla von Cuero: ein exquisiter Loungechair mit Schaffell. \" class=\"wp-image-20028\" title=\"\" srcset=\"https:\/\/raum-blick.de\/magazin\/wp-content\/uploads\/2024\/05\/cuero-design-valhalla-braun-schwarz_86881_200x200@2x.jpg 400w, https:\/\/raum-blick.de\/magazin\/wp-content\/uploads\/2024\/05\/cuero-design-valhalla-braun-schwarz_86881_200x200@2x-300x300.jpg 300w, https:\/\/raum-blick.de\/magazin\/wp-content\/uploads\/2024\/05\/cuero-design-valhalla-braun-schwarz_86881_200x200@2x-150x150.jpg 150w\" sizes=\"(max-width: 400px) 100vw, 400px\" \/><figcaption class=\"wp-element-caption\"><em>Ein Loungechair, wie man ihn sich w\u00fcnscht. Mit isl\u00e4ndischem Schaffell und einzigartigem Design: der <a href=\"https:\/\/www.raum-blick.de\/cuero\/\">Cuero<\/a> Valhalla. Aktuell im SALE. <\/em><\/figcaption><\/figure>\n<\/div>\n\n\n\n<div class=\"wp-block-column is-layout-flow wp-block-column-is-layout-flow\">\n<figure class=\"wp-block-image size-full\"><img loading=\"lazy\" decoding=\"async\" width=\"400\" height=\"400\" src=\"https:\/\/www.raum-blick.de\/magazin\/wp-content\/uploads\/2024\/05\/Thonet-Stuhl-S-32V-Buche-natur_100422_200x200@2x.jpg\" alt=\"Chrom kann den Caf\u00e9core Interieur Trend veredeln: Vor allem, wenn es ein Freiswinger von Thonet ist. \" class=\"wp-image-20036\" title=\"\" srcset=\"https:\/\/raum-blick.de\/magazin\/wp-content\/uploads\/2024\/05\/Thonet-Stuhl-S-32V-Buche-natur_100422_200x200@2x.jpg 400w, https:\/\/raum-blick.de\/magazin\/wp-content\/uploads\/2024\/05\/Thonet-Stuhl-S-32V-Buche-natur_100422_200x200@2x-300x300.jpg 300w, https:\/\/raum-blick.de\/magazin\/wp-content\/uploads\/2024\/05\/Thonet-Stuhl-S-32V-Buche-natur_100422_200x200@2x-150x150.jpg 150w\" sizes=\"(max-width: 400px) 100vw, 400px\" \/><figcaption class=\"wp-element-caption\"><em>Ein Stahlrohrm\u00f6bel-Klassiker: der <a href=\"https:\/\/www.raum-blick.de\/thonet\/\">Freischwinger von Thonet<\/a>. Hier mit massiver Buche und Rohrgeflecht.<\/em><\/figcaption><\/figure>\n<\/div>\n\n\n\n<div class=\"wp-block-column is-layout-flow wp-block-column-is-layout-flow\">\n<figure class=\"wp-block-image size-full\"><img loading=\"lazy\" decoding=\"async\" width=\"400\" height=\"400\" src=\"https:\/\/www.raum-blick.de\/magazin\/wp-content\/uploads\/2024\/05\/kartell-foliage-weiss-velvet-turteltauben-KAR06086B0_102480_200x200@2x.jpg\" alt=\"Den chilligen Foliage Loungssessel hat Patricia Urquiola f\u00fcr Kartell entworfen. \" class=\"wp-image-20033\" title=\"\" srcset=\"https:\/\/raum-blick.de\/magazin\/wp-content\/uploads\/2024\/05\/kartell-foliage-weiss-velvet-turteltauben-KAR06086B0_102480_200x200@2x.jpg 400w, https:\/\/raum-blick.de\/magazin\/wp-content\/uploads\/2024\/05\/kartell-foliage-weiss-velvet-turteltauben-KAR06086B0_102480_200x200@2x-300x300.jpg 300w, https:\/\/raum-blick.de\/magazin\/wp-content\/uploads\/2024\/05\/kartell-foliage-weiss-velvet-turteltauben-KAR06086B0_102480_200x200@2x-150x150.jpg 150w\" sizes=\"(max-width: 400px) 100vw, 400px\" \/><figcaption class=\"wp-element-caption\"><em>Chilig und bequem: Foliage von<a href=\"https:\/\/www.raum-blick.de\/kartell\/\"> Kartell<\/a>. Das von entworfen von Patricia Urquiola entworfene Design besticht mit einem lackierten Stahlgestell und Samtbezug.<\/em><\/figcaption><\/figure>\n<\/div>\n<\/div>\n\n\n\n<div class=\"wp-block-columns is-layout-flex wp-container-core-columns-is-layout-9d6595d7 wp-block-columns-is-layout-flex\">\n<div class=\"wp-block-column is-layout-flow wp-block-column-is-layout-flow\">\n<figure class=\"wp-block-image size-full\"><a href=\"https:\/\/www.raum-blick.de\/form-refine-shoemaker-chair-no.-68\"><img loading=\"lazy\" decoding=\"async\" width=\"400\" height=\"400\" src=\"https:\/\/www.raum-blick.de\/magazin\/wp-content\/uploads\/2024\/05\/form-refine-shoemaker-chair-68_77481_200x200@2x.jpg\" alt=\"Von diesem Barhocker m\u00f6chte man gar nicht mehr aufstehen: der Shoemaker No. 68 von Form &amp; Refine. \" class=\"wp-image-20012\" title=\"\" srcset=\"https:\/\/raum-blick.de\/magazin\/wp-content\/uploads\/2024\/05\/form-refine-shoemaker-chair-68_77481_200x200@2x.jpg 400w, https:\/\/raum-blick.de\/magazin\/wp-content\/uploads\/2024\/05\/form-refine-shoemaker-chair-68_77481_200x200@2x-300x300.jpg 300w, https:\/\/raum-blick.de\/magazin\/wp-content\/uploads\/2024\/05\/form-refine-shoemaker-chair-68_77481_200x200@2x-150x150.jpg 150w\" sizes=\"(max-width: 400px) 100vw, 400px\" \/><\/a><figcaption class=\"wp-element-caption\"><em>Den Shoemaker Chair No. 68 von Form &amp; Refine gibt es in Buche oder Eiche. Mit anatomisch geformtem Sitz. Ein Klassiker, s<\/em>chon <em>seit 1936.<\/em><\/figcaption><\/figure>\n<\/div>\n\n\n\n<div class=\"wp-block-column is-layout-flow wp-block-column-is-layout-flow\">\n<figure class=\"wp-block-image size-full\"><img loading=\"lazy\" decoding=\"async\" width=\"400\" height=\"400\" src=\"https:\/\/www.raum-blick.de\/magazin\/wp-content\/uploads\/2024\/05\/ethnicraft-stone-konsole-heller-marmor-ambiente_88035_200x200@2x.jpg\" alt=\"Luxuri\u00f6ser Marmor macht den Stone Konsoltisch von Ethnicraft zu etwas ganz Besonderem.\" class=\"wp-image-20026\" title=\"\" srcset=\"https:\/\/raum-blick.de\/magazin\/wp-content\/uploads\/2024\/05\/ethnicraft-stone-konsole-heller-marmor-ambiente_88035_200x200@2x.jpg 400w, https:\/\/raum-blick.de\/magazin\/wp-content\/uploads\/2024\/05\/ethnicraft-stone-konsole-heller-marmor-ambiente_88035_200x200@2x-300x300.jpg 300w, https:\/\/raum-blick.de\/magazin\/wp-content\/uploads\/2024\/05\/ethnicraft-stone-konsole-heller-marmor-ambiente_88035_200x200@2x-150x150.jpg 150w\" sizes=\"(max-width: 400px) 100vw, 400px\" \/><figcaption class=\"wp-element-caption\"><em>Wei\u00dfer Carrara- oder dunkler Emperador-Marmor: Die luxuri\u00f6se Stone Konsole von <a href=\"https:\/\/www.raum-blick.de\/ethnicraft\/\">Ethnicraft<\/a> gibt es in zwei Ausf\u00fchrungen. Auf alle F\u00e4lle ein optisches Highlight.<\/em><\/figcaption><\/figure>\n<\/div>\n<\/div>\n\n\n\n<h3 class=\"wp-block-heading\"><span class=\"ez-toc-section\" id=\"Schoene_Accessoires_fuer_die_kleine_Pause_zwischendurch\"><\/span>Sch\u00f6ne Accessoires f\u00fcr die kleine Pause zwischendurch<span class=\"ez-toc-section-end\"><\/span><\/h3>\n\n\n\n<p>Was w\u00e4re die Wohnwelt ohne die vielen kleinen Dinge, die sie einfach noch ein bisschen sch\u00f6ner machen? Und deshalb gesellen sich zum Caf\u00e9core Interieur Trend gerne gro\u00dfe Pflanzen in dekorativen \u00dcbert\u00f6pfen, kuschelige Decken und Kissen oder auch Vintage-Elemente wie antike Spiegel, nostalgische Uhren oder alte B\u00fccher, die an vergangene Zeiten erinnern. Nicht zu vergessen die gem\u00fctliche Leseecke, in der Sie sich mit einem feinen Glas Wein und einem guten Buch entspannt zur\u00fccklehnen k\u00f6nnen. Vielleicht noch mit ein paar stimmungsvollen Kerzen oder bei indirekter Beleuchtung. Und nat\u00fcrlich sind Ihrer Fantasie in puncto Dekoration keine Grenzen gesetzt: Ob stilvolle Vasen, exquisiter Obstkorb, Marmor-Brettchen, Jute-Tischsets, Schiefer-Untersetzer oder aromatischer Raumduft, all das bringt Stimmung und w\u00e4rmt die Seele. In unserem Shop finden Sie hier reichlich Inspiration und au\u00dferdem attraktive Angebote. Viel Freude beim St\u00f6bern!<\/p>\n","protected":false},"excerpt":{"rendered":"<p>\u00ab Kaffeebar Styling f\u00fcr zuhause \u00bb In der Rangliste der beliebtesten Getr\u00e4nke in Deutschland rangiert Kaffee derzeit auf Platz drei. Doch nicht nur das Hei\u00dfgetr\u00e4nk ist sozusagen in aller Munde. Auch der Caf\u00e9core Interieur Trend hat sich 2024 einen Spitzenplatz gesichert. Und das ist nicht verwunderlich, denn kein anderer Einrichtungsstil steht derzeit so sehr f\u00fcr [&hellip;]<\/p>\n","protected":false},"author":4,"featured_media":20024,"comment_status":"closed","ping_status":"open","sticky":false,"template":"","format":"standard","meta":{"_et_pb_use_builder":"","_et_pb_old_content":"","_et_gb_content_width":"","inline_featured_image":false,"footnotes":""},"categories":[7,1],"tags":[2249,1809,2247,2243,1617,894,1252,1797,18,206,1864,2245,255,896,746,152,757,1456,125,2176,1001,985,327,2167,891,1850,2231,2246],"class_list":["post-20009","post","type-post","status-publish","format-standard","has-post-thumbnail","hentry","category-accessoires-lifestyle","category-drinnen","tag-barhocker","tag-blomus","tag-brotkasten","tag-cafcore","tag-cuero","tag-espressomaschine","tag-esstisch","tag-ethnicraft","tag-eva-solo","tag-ferm-living","tag-interieur","tag-kaffebar-styling","tag-kaffeebecher","tag-kaffeemaschine","tag-kartell","tag-konsolen","tag-konsolentisch","tag-loungesessel","tag-milchkaennchen","tag-pols-potten","tag-raeder","tag-raeder-design","tag-sessel","tag-side-by-side-2","tag-smeg","tag-smeg-kuechenegeraete","tag-thonet","tag-vorratsdose"],"_links":{"self":[{"href":"https:\/\/raum-blick.de\/magazin\/wp-json\/wp\/v2\/posts\/20009","targetHints":{"allow":["GET"]}}],"collection":[{"href":"https:\/\/raum-blick.de\/magazin\/wp-json\/wp\/v2\/posts"}],"about":[{"href":"https:\/\/raum-blick.de\/magazin\/wp-json\/wp\/v2\/types\/post"}],"author":[{"embeddable":true,"href":"https:\/\/raum-blick.de\/magazin\/wp-json\/wp\/v2\/users\/4"}],"replies":[{"embeddable":true,"href":"https:\/\/raum-blick.de\/magazin\/wp-json\/wp\/v2\/comments?post=20009"}],"version-history":[{"count":19,"href":"https:\/\/raum-blick.de\/magazin\/wp-json\/wp\/v2\/posts\/20009\/revisions"}],"predecessor-version":[{"id":20605,"href":"https:\/\/raum-blick.de\/magazin\/wp-json\/wp\/v2\/posts\/20009\/revisions\/20605"}],"wp:featuredmedia":[{"embeddable":true,"href":"https:\/\/raum-blick.de\/magazin\/wp-json\/wp\/v2\/media\/20024"}],"wp:attachment":[{"href":"https:\/\/raum-blick.de\/magazin\/wp-json\/wp\/v2\/media?parent=20009"}],"wp:term":[{"taxonomy":"category","embeddable":true,"href":"https:\/\/raum-blick.de\/magazin\/wp-json\/wp\/v2\/categories?post=20009"},{"taxonomy":"post_tag","embeddable":true,"href":"https:\/\/raum-blick.de\/magazin\/wp-json\/wp\/v2\/tags?post=20009"}],"curies":[{"name":"wp","href":"https:\/\/api.w.org\/{rel}","templated":true}]}}