{"id":19798,"date":"2024-05-13T12:11:56","date_gmt":"2024-05-13T10:11:56","guid":{"rendered":"https:\/\/www.raum-blick.de\/magazin\/?p=19798"},"modified":"2024-06-06T15:38:55","modified_gmt":"2024-06-06T13:38:55","slug":"fermob-gartenmoebel-highlights","status":"publish","type":"post","link":"https:\/\/raum-blick.de\/magazin\/fermob-gartenmoebel-highlights\/","title":{"rendered":"Fermob Gartenm\u00f6bel: Rein ins Farbvergn\u00fcgen!"},"content":{"rendered":"\n<h2 class=\"wp-block-heading\"><span class=\"ez-toc-section\" id=\"%C2%AB_Frische-Kick_nicht_nur_fuer_draussen_%C2%BB\"><\/span>\u00ab Frische-Kick nicht nur f\u00fcr drau\u00dfen \u00bb<span class=\"ez-toc-section-end\"><\/span><\/h2>\n\n\n\n<p><strong>25 au\u00dfergew\u00f6hnliche Farbt\u00f6ne, umweltfreundlich hergestelltes Metall, klassische Linien, moderne Formen und ein Sortiment, das drinnen wie drau\u00dfen \u00c4sthetik und Lebensfreude verspr\u00fcht. Die zeitlosen <a href=\"https:\/\/www.raum-blick.de\/fermob\/\">Fermob<\/a> Gartenm\u00f6bel bieten maximale Flexibilit\u00e4t, sind von Paris bis New York in Caf\u00e9s, Restaurants und Privath\u00e4usern zu finden und verleihen wirklich jedem Raum eine ganz eigene Pers\u00f6nlichkeit. Wir zeigen Ihnen hier nicht nur einige der aktuellen Neuheiten, sondern auch farbenfrohe Highlights, die Sie vielleicht noch nicht kennen.<\/strong> <\/p>\n\n\n\n<h2 class=\"wp-block-heading\"><span class=\"ez-toc-section\" id=\"Die_farbenfrohe_Freiheit_Fermob_Moebel_fuer_Balkon_Terrasse_Co\"><\/span>Die farbenfrohe Freiheit: Fermob M\u00f6bel f\u00fcr Balkon, Terrasse &amp; Co<span class=\"ez-toc-section-end\"><\/span><\/h2>\n\n\n\n<p>Die Welt des franz\u00f6sischen Labels ist so bunt und vitalisierend wie die Natur. Und genau die hat den revolution\u00e4ren Outdoor-Spezialisten auch inspiriert. Dank Fermob war 1996 Schluss mit nur Englischgr\u00fcn und Wei\u00df, seitdem bev\u00f6lkern den Garten intensive, lebendige und kontrastierende Farbnuancen. Von Mohnrot bis Zitronensorbet.<\/p><div id=\"ez-toc-container\" class=\"ez-toc-v2_0_82_2 counter-hierarchy ez-toc-counter ez-toc-grey ez-toc-container-direction\">\n<div class=\"ez-toc-title-container\">\n<p class=\"ez-toc-title\" style=\"cursor:inherit\">Was hier auf Sie wartet<\/p>\n<span class=\"ez-toc-title-toggle\"><a href=\"#\" class=\"ez-toc-pull-right ez-toc-btn ez-toc-btn-xs ez-toc-btn-default ez-toc-toggle\" aria-label=\"Toggle Table of Content\"><span class=\"ez-toc-js-icon-con\"><span class=\"\"><span class=\"eztoc-hide\" style=\"display:none;\">Toggle<\/span><span class=\"ez-toc-icon-toggle-span\"><svg style=\"fill: #999;color:#999\" xmlns=\"http:\/\/www.w3.org\/2000\/svg\" class=\"list-377408\" width=\"20px\" height=\"20px\" viewBox=\"0 0 24 24\" fill=\"none\"><path d=\"M6 6H4v2h2V6zm14 0H8v2h12V6zM4 11h2v2H4v-2zm16 0H8v2h12v-2zM4 16h2v2H4v-2zm16 0H8v2h12v-2z\" fill=\"currentColor\"><\/path><\/svg><svg style=\"fill: #999;color:#999\" class=\"arrow-unsorted-368013\" xmlns=\"http:\/\/www.w3.org\/2000\/svg\" width=\"10px\" height=\"10px\" viewBox=\"0 0 24 24\" version=\"1.2\" baseProfile=\"tiny\"><path d=\"M18.2 9.3l-6.2-6.3-6.2 6.3c-.2.2-.3.4-.3.7s.1.5.3.7c.2.2.4.3.7.3h11c.3 0 .5-.1.7-.3.2-.2.3-.5.3-.7s-.1-.5-.3-.7zM5.8 14.7l6.2 6.3 6.2-6.3c.2-.2.3-.5.3-.7s-.1-.5-.3-.7c-.2-.2-.4-.3-.7-.3h-11c-.3 0-.5.1-.7.3-.2.2-.3.5-.3.7s.1.5.3.7z\"\/><\/svg><\/span><\/span><\/span><\/a><\/span><\/div>\n<nav><ul class='ez-toc-list ez-toc-list-level-1 ' ><li class='ez-toc-page-1 ez-toc-heading-level-2'><a class=\"ez-toc-link ez-toc-heading-1\" href=\"https:\/\/raum-blick.de\/magazin\/fermob-gartenmoebel-highlights\/#%C2%AB_Frische-Kick_nicht_nur_fuer_draussen_%C2%BB\" >\u00ab Frische-Kick nicht nur f\u00fcr drau\u00dfen \u00bb<\/a><\/li><li class='ez-toc-page-1 ez-toc-heading-level-2'><a class=\"ez-toc-link ez-toc-heading-2\" href=\"https:\/\/raum-blick.de\/magazin\/fermob-gartenmoebel-highlights\/#Die_farbenfrohe_Freiheit_Fermob_Moebel_fuer_Balkon_Terrasse_Co\" >Die farbenfrohe Freiheit: Fermob M\u00f6bel f\u00fcr Balkon, Terrasse &amp; Co<\/a><ul class='ez-toc-list-level-3' ><li class='ez-toc-heading-level-3'><a class=\"ez-toc-link ez-toc-heading-3\" href=\"https:\/\/raum-blick.de\/magazin\/fermob-gartenmoebel-highlights\/#Was_sind_die_Fermob_Gartenmoebel_Newcomer_2024\" >Was sind die Fermob Gartenm\u00f6bel Newcomer 2024?<\/a><\/li><li class='ez-toc-page-1 ez-toc-heading-level-3'><a class=\"ez-toc-link ez-toc-heading-4\" href=\"https:\/\/raum-blick.de\/magazin\/fermob-gartenmoebel-highlights\/#Zwei_auf_einer_Bank\" >Zwei auf einer Bank<\/a><\/li><\/ul><\/li><li class='ez-toc-page-1 ez-toc-heading-level-2'><a class=\"ez-toc-link ez-toc-heading-5\" href=\"https:\/\/raum-blick.de\/magazin\/fermob-gartenmoebel-highlights\/#Aufgetischt_Fermob_zum_Geniessen\" >Aufgetischt: Fermob zum Genie\u00dfen<\/a><\/li><li class='ez-toc-page-1 ez-toc-heading-level-2'><a class=\"ez-toc-link ez-toc-heading-6\" href=\"https:\/\/raum-blick.de\/magazin\/fermob-gartenmoebel-highlights\/#Aufgestuhlt_Fermob_Moebel_zum_Platznehmen\" >Aufgestuhlt: Fermob M\u00f6bel zum Platznehmen<\/a><\/li><li class='ez-toc-page-1 ez-toc-heading-level-2'><a class=\"ez-toc-link ez-toc-heading-7\" href=\"https:\/\/raum-blick.de\/magazin\/fermob-gartenmoebel-highlights\/#Aufgestockt_huebsche_Accessoires_zu_Fermob_Gartenmoebeln\" >Aufgestockt: h\u00fcbsche Accessoires zu Fermob Gartenm\u00f6beln<\/a><ul class='ez-toc-list-level-3' ><li class='ez-toc-heading-level-3'><a class=\"ez-toc-link ez-toc-heading-8\" href=\"https:\/\/raum-blick.de\/magazin\/fermob-gartenmoebel-highlights\/#Viele_viele_bunte_Kissen\" >Viele, viele bunte Kissen<\/a><\/li><li class='ez-toc-page-1 ez-toc-heading-level-3'><a class=\"ez-toc-link ez-toc-heading-9\" href=\"https:\/\/raum-blick.de\/magazin\/fermob-gartenmoebel-highlights\/#Leuchtende_Glanzpunkte\" >Leuchtende Glanzpunkte<\/a><\/li><li class='ez-toc-page-1 ez-toc-heading-level-3'><a class=\"ez-toc-link ez-toc-heading-10\" href=\"https:\/\/raum-blick.de\/magazin\/fermob-gartenmoebel-highlights\/#Abwechslung_auf_dem_Tisch\" >Abwechslung auf dem Tisch<\/a><\/li><li class='ez-toc-page-1 ez-toc-heading-level-3'><a class=\"ez-toc-link ez-toc-heading-11\" href=\"https:\/\/raum-blick.de\/magazin\/fermob-gartenmoebel-highlights\/#Blume_oder_Vogel_%E2%80%93_am_liebsten_beides\" >Blume oder Vogel \u2013 am liebsten beides!<\/a><\/li><\/ul><\/li><\/ul><\/nav><\/div>\n\n\n\n\n<h3 class=\"wp-block-heading\"><span class=\"ez-toc-section\" id=\"Was_sind_die_Fermob_Gartenmoebel_Newcomer_2024\"><\/span>Was sind die Fermob Gartenm\u00f6bel Newcomer 2024?<span class=\"ez-toc-section-end\"><\/span><\/h3>\n\n\n\n<p>Den Namen nach zu urteilen, hat sich Fermob diese Saison ganz dem Genuss verschrieben: Marshmallow, Pesto, Schwarzkirsche und Lebkuchen, das sind die vier Neuen, die Sie mit Sicherheit auf den Geschmack bringen und sich nat\u00fcrlich auch wunderbar miteinander mixen lassen. Spritzig-k\u00fchles Marshmallow Violett mit braun-goldenem Lebkuchen, warme Schwarzkirsche mit sattem Pesto-Gr\u00fcn, das einen Hauch Gelb mitbringt. Sie alle wecken die Lust auf laue Sommerabende, gesellige Dinner und Abenteuer im Freien.  <\/p>\n\n\n\n<h3 class=\"wp-block-heading\"><span class=\"ez-toc-section\" id=\"Zwei_auf_einer_Bank\"><\/span>Zwei auf einer Bank<span class=\"ez-toc-section-end\"><\/span><\/h3>\n\n\n\n<p>Wir h\u00f6ren das Wort \u201eBistro\u201c und schon sind wir mittendrin in Paris, in einem schnuckeligen, kleinen Stra\u00dfencaf\u00e9, oder? Umso sch\u00f6ner, dass die \u201eBistro\u201c-Reihe von Fermob jetzt Zuwachs bekommen hat: eine klappbare Outdoorbank f\u00fcr zwei. Und das in allen 25 Fermob Farben. Da setzen wir uns doch gerne mit einem Gl\u00e4schen Wein nach drau\u00dfen und blicken vertr\u00e4umt in den Sternenhimmel. <\/p>\n\n\n\n<div class=\"wp-block-columns is-layout-flex wp-container-core-columns-is-layout-9d6595d7 wp-block-columns-is-layout-flex\">\n<div class=\"wp-block-column is-layout-flow wp-block-column-is-layout-flow\">\n<figure class=\"wp-block-image size-full is-resized\"><a href=\"https:\/\/www.raum-blick.de\/fermob-bistro-gartenbank-klappbar\"><img loading=\"lazy\" decoding=\"async\" src=\"https:\/\/www.raum-blick.de\/magazin\/wp-content\/uploads\/2024\/04\/2-sitzer-bank-bistro-fermob_100311_200x200@2x.jpg\" alt=\"Die Bistro Klappbank ist neu im Sortiment.\" class=\"wp-image-19827\" width=\"400\" height=\"400\" title=\"\" srcset=\"https:\/\/raum-blick.de\/magazin\/wp-content\/uploads\/2024\/04\/2-sitzer-bank-bistro-fermob_100311_200x200@2x.jpg 400w, https:\/\/raum-blick.de\/magazin\/wp-content\/uploads\/2024\/04\/2-sitzer-bank-bistro-fermob_100311_200x200@2x-300x300.jpg 300w, https:\/\/raum-blick.de\/magazin\/wp-content\/uploads\/2024\/04\/2-sitzer-bank-bistro-fermob_100311_200x200@2x-150x150.jpg 150w\" sizes=\"(max-width: 400px) 100vw, 400px\" \/><\/a><figcaption class=\"wp-element-caption\"><em>Die Bistro-Klappbank \u2013 perfekt f\u00fcr romantische Momente.<\/em><\/figcaption><\/figure>\n<\/div>\n\n\n\n<div class=\"wp-block-column is-layout-flow wp-block-column-is-layout-flow\">\n<figure class=\"wp-block-image size-full\"><img loading=\"lazy\" decoding=\"async\" width=\"400\" height=\"400\" src=\"https:\/\/www.raum-blick.de\/magazin\/wp-content\/uploads\/2024\/04\/bistro-bank-fermob_100312_200x200@2x.jpg\" alt=\"Bistro als 2-Sitzer. Erh\u00e4ltlich in 25 Farben. \" class=\"wp-image-19828\" title=\"\" srcset=\"https:\/\/raum-blick.de\/magazin\/wp-content\/uploads\/2024\/04\/bistro-bank-fermob_100312_200x200@2x.jpg 400w, https:\/\/raum-blick.de\/magazin\/wp-content\/uploads\/2024\/04\/bistro-bank-fermob_100312_200x200@2x-300x300.jpg 300w, https:\/\/raum-blick.de\/magazin\/wp-content\/uploads\/2024\/04\/bistro-bank-fermob_100312_200x200@2x-150x150.jpg 150w\" sizes=\"(max-width: 400px) 100vw, 400px\" \/><figcaption class=\"wp-element-caption\"><em>Franz\u00f6sisches Flair geht mit dieser Bank auch drinnen. <\/em><\/figcaption><\/figure>\n<\/div>\n<\/div>\n\n\n\n<p>Stahl und Aluminium in einer klassischen Form, die wir noch aus unserer Kindheit kennen. Wenn wir an eine Bank denken, dann sieht sie genauso aus wie die Lousiane, nur dass die Modelle in den Parks damals aus Holz waren. Die Fermob Variante ist dagegen witterungsbest\u00e4ndig, in zig unterschiedlichen Farben zu haben \u2013 von knallig bis dezent \u2013, aber das Gef\u00fchl von Ruhe, das wir haben, wenn wir uns mit unserem Kaffee in die Morgensonne setzen, das ist noch wie fr\u00fcher. Lousiane gibt es \u00fcbrigens in zwei Ausf\u00fchrungen: 150 cm f\u00fcr 3 Personen und 200 cm f\u00fcr 4 Personen.<\/p>\n\n\n\n<div class=\"wp-block-columns is-layout-flex wp-container-core-columns-is-layout-9d6595d7 wp-block-columns-is-layout-flex\">\n<div class=\"wp-block-column is-layout-flow wp-block-column-is-layout-flow\">\n<figure class=\"wp-block-image size-full\"><a href=\"https:\/\/www.raum-blick.de\/fermob-louisiane-150-cm-bank\"><img loading=\"lazy\" decoding=\"async\" width=\"400\" height=\"400\" src=\"https:\/\/www.raum-blick.de\/magazin\/wp-content\/uploads\/2024\/04\/fermob-louisiane-bank-150-honig-mit-lampe_64720_200x200@2x.jpg\" alt=\"Knallgelb und so formsch\u00f6n wie die Parkb\u00e4nke aus unserer Kindheit: Fermob Lousiane.\" class=\"wp-image-19831\" title=\"\" srcset=\"https:\/\/raum-blick.de\/magazin\/wp-content\/uploads\/2024\/04\/fermob-louisiane-bank-150-honig-mit-lampe_64720_200x200@2x.jpg 400w, https:\/\/raum-blick.de\/magazin\/wp-content\/uploads\/2024\/04\/fermob-louisiane-bank-150-honig-mit-lampe_64720_200x200@2x-300x300.jpg 300w, https:\/\/raum-blick.de\/magazin\/wp-content\/uploads\/2024\/04\/fermob-louisiane-bank-150-honig-mit-lampe_64720_200x200@2x-150x150.jpg 150w\" sizes=\"(max-width: 400px) 100vw, 400px\" \/><\/a><figcaption class=\"wp-element-caption\"><em>Fermob Lousiane \u2013 Ihr neues Lieblingsb\u00e4nkchen warten schon!<\/em><\/figcaption><\/figure>\n<\/div>\n\n\n\n<div class=\"wp-block-column is-layout-flow wp-block-column-is-layout-flow\">\n<figure class=\"wp-block-image size-full\"><img loading=\"lazy\" decoding=\"async\" width=\"400\" height=\"400\" src=\"https:\/\/www.raum-blick.de\/magazin\/wp-content\/uploads\/2024\/04\/fermob-louisiane-bank-150-kaktus-detail_64722_200x200@2x.jpg\" alt=\"Ein Klassiker in Alu: die Bank Lousiane.\" class=\"wp-image-19830\" title=\"\" srcset=\"https:\/\/raum-blick.de\/magazin\/wp-content\/uploads\/2024\/04\/fermob-louisiane-bank-150-kaktus-detail_64722_200x200@2x.jpg 400w, https:\/\/raum-blick.de\/magazin\/wp-content\/uploads\/2024\/04\/fermob-louisiane-bank-150-kaktus-detail_64722_200x200@2x-300x300.jpg 300w, https:\/\/raum-blick.de\/magazin\/wp-content\/uploads\/2024\/04\/fermob-louisiane-bank-150-kaktus-detail_64722_200x200@2x-150x150.jpg 150w\" sizes=\"(max-width: 400px) 100vw, 400px\" \/><figcaption class=\"wp-element-caption\"><em>Den Klassiker gibt&#8217;s nat\u00fcrlich auch im traditionellen Zederngr\u00fcn.<\/em><\/figcaption><\/figure>\n<\/div>\n<\/div>\n\n\n\n<h2 class=\"wp-block-heading\"><span class=\"ez-toc-section\" id=\"Aufgetischt_Fermob_zum_Geniessen\"><\/span>Aufgetischt: Fermob zum Genie\u00dfen<span class=\"ez-toc-section-end\"><\/span><\/h2>\n\n\n\n<p>Kein Sommer ohne einen Tisch im Garten, an dem sich das Fr\u00fchst\u00fcck genie\u00dfen oder trefflich mit Freunden Kaffee klatschen l\u00e4sst. Der minimalistisch-filigrane Airloop Bistrotisch\u00a0von Fermob ist hierf\u00fcr wie gemacht. Sein Gestell aus gebogenem Stahldraht bildet zusammen mit den einzelnen Str\u00e4ngen, die dekorativ mit handgeschmiedeten Ringen verbunden sind, ein harmonisches Ganzes. Die Ringe lassen sich \u00fcbrigens entfernen, was das Korrosionsrisiko mindert. Und nat\u00fcrlich gibt es auch die passenden St\u00fchle zum Tisch, sodass Sie sich eine h\u00fcbsche kleine Sitzgruppe einrichten k\u00f6nnen \u2013 in einer oder auch ganz unterschiedlichen Farben. <\/p>\n\n\n\n<div class=\"wp-block-media-text alignwide is-stacked-on-mobile\"><figure class=\"wp-block-media-text__media\"><a href=\"https:\/\/www.raum-blick.de\/fermob-airloop-tisch\"><img loading=\"lazy\" decoding=\"async\" width=\"400\" height=\"400\" src=\"https:\/\/www.raum-blick.de\/magazin\/wp-content\/uploads\/2024\/04\/fermob-airloop-tisch-60cm-mohnrot_64983_200x200@2x.jpg\" alt=\"Der knallrote Airloop Tisch ist ein echter Hingucker.\" class=\"wp-image-19825 size-full\" title=\"\" srcset=\"https:\/\/raum-blick.de\/magazin\/wp-content\/uploads\/2024\/04\/fermob-airloop-tisch-60cm-mohnrot_64983_200x200@2x.jpg 400w, https:\/\/raum-blick.de\/magazin\/wp-content\/uploads\/2024\/04\/fermob-airloop-tisch-60cm-mohnrot_64983_200x200@2x-300x300.jpg 300w, https:\/\/raum-blick.de\/magazin\/wp-content\/uploads\/2024\/04\/fermob-airloop-tisch-60cm-mohnrot_64983_200x200@2x-150x150.jpg 150w\" sizes=\"(max-width: 400px) 100vw, 400px\" \/><\/a><\/figure><div class=\"wp-block-media-text__content\">\n<figure class=\"wp-block-image size-full\"><img loading=\"lazy\" decoding=\"async\" width=\"400\" height=\"400\" src=\"https:\/\/www.raum-blick.de\/magazin\/wp-content\/uploads\/2024\/04\/fermob-airloop-opalgruen-sitzgruppe_64984_200x200@2x.jpg\" alt=\"Minimalistisch-filigranes Duo: Airloop Stuhl und Tisch. \" class=\"wp-image-19826\" title=\"\" srcset=\"https:\/\/raum-blick.de\/magazin\/wp-content\/uploads\/2024\/04\/fermob-airloop-opalgruen-sitzgruppe_64984_200x200@2x.jpg 400w, https:\/\/raum-blick.de\/magazin\/wp-content\/uploads\/2024\/04\/fermob-airloop-opalgruen-sitzgruppe_64984_200x200@2x-300x300.jpg 300w, https:\/\/raum-blick.de\/magazin\/wp-content\/uploads\/2024\/04\/fermob-airloop-opalgruen-sitzgruppe_64984_200x200@2x-150x150.jpg 150w\" sizes=\"(max-width: 400px) 100vw, 400px\" \/><figcaption class=\"wp-element-caption\"><em>Fermob Airloop Tisch: Nehmen Sie Platz und g\u00f6nnen Sie sich eine kleine Auszeit<\/em>! <\/figcaption><\/figure>\n\n\n\n<figure class=\"wp-block-image size-full\"><img loading=\"lazy\" decoding=\"async\" width=\"400\" height=\"400\" src=\"https:\/\/www.raum-blick.de\/magazin\/wp-content\/uploads\/2024\/04\/fermob-airloop-opalgruen-tisch_64985_200x200@2x.jpg\" alt=\"Der Airloop Tisch ist wunderbar zum Entspannen.\" class=\"wp-image-19824\" title=\"\" srcset=\"https:\/\/raum-blick.de\/magazin\/wp-content\/uploads\/2024\/04\/fermob-airloop-opalgruen-tisch_64985_200x200@2x.jpg 400w, https:\/\/raum-blick.de\/magazin\/wp-content\/uploads\/2024\/04\/fermob-airloop-opalgruen-tisch_64985_200x200@2x-300x300.jpg 300w, https:\/\/raum-blick.de\/magazin\/wp-content\/uploads\/2024\/04\/fermob-airloop-opalgruen-tisch_64985_200x200@2x-150x150.jpg 150w\" sizes=\"(max-width: 400px) 100vw, 400px\" \/><\/figure>\n<\/div><\/div>\n\n\n\n<p>Weniger filigran, aber daf\u00fcr wunderbar Retro ist der niedrige Metalltisch Sixties von Fermob. Besondere Merkmale \u2013 abgesehen von den unglaublich vielen Farben: ausgestellte Beine, abgerundete Form und witterungsbest\u00e4ndiger Stahl. Ein Tisch zum Verlieben und mit den St\u00fchlen und Sesseln aus der Serie eine wirklich formsch\u00f6ne, charmante Oase zum Entspannen. Und es gibt noch einen Allrounder, der wirklich zu jedem Garten-Ensemble passt, den <a href=\"https:\/\/www.raum-blick.de\/fermob-cocotte-beistelltisch\">Beistelltisch Cocotte<\/a>.<\/p>\n\n\n\n<div class=\"wp-block-columns is-layout-flex wp-container-core-columns-is-layout-9d6595d7 wp-block-columns-is-layout-flex\">\n<div class=\"wp-block-column is-layout-flow wp-block-column-is-layout-flow\">\n<figure class=\"wp-block-image size-full\"><a href=\"https:\/\/www.raum-blick.de\/fermob-sixties-tisch-nieder\"><img loading=\"lazy\" decoding=\"async\" width=\"400\" height=\"400\" src=\"https:\/\/www.raum-blick.de\/magazin\/wp-content\/uploads\/2024\/04\/fermob-sixties-tisch-nieder-kaktus_64799_200x200@2x.jpg\" alt=\"Der niedrige Sixties Tisch ist in jeglicher Beziehung eine runde Sache.\" class=\"wp-image-19822\" title=\"\" srcset=\"https:\/\/raum-blick.de\/magazin\/wp-content\/uploads\/2024\/04\/fermob-sixties-tisch-nieder-kaktus_64799_200x200@2x.jpg 400w, https:\/\/raum-blick.de\/magazin\/wp-content\/uploads\/2024\/04\/fermob-sixties-tisch-nieder-kaktus_64799_200x200@2x-300x300.jpg 300w, https:\/\/raum-blick.de\/magazin\/wp-content\/uploads\/2024\/04\/fermob-sixties-tisch-nieder-kaktus_64799_200x200@2x-150x150.jpg 150w\" sizes=\"(max-width: 400px) 100vw, 400px\" \/><\/a><figcaption class=\"wp-element-caption\"><em>Fermob Sixties ist ein bezaubernder kleiner Retro-Tisch.<\/em><\/figcaption><\/figure>\n<\/div>\n\n\n\n<div class=\"wp-block-column is-layout-flow wp-block-column-is-layout-flow\">\n<figure class=\"wp-block-image size-full\"><img loading=\"lazy\" decoding=\"async\" width=\"400\" height=\"400\" src=\"https:\/\/www.raum-blick.de\/magazin\/wp-content\/uploads\/2024\/04\/fermob-sixties-sitzgruppe-kaktus_64800_200x200@2x.jpg\" alt=\"Fermob steht auch bei den Kleinen hoch im Kurs. So wie die loungige Sixties Serie.\" class=\"wp-image-19821\" title=\"\" srcset=\"https:\/\/raum-blick.de\/magazin\/wp-content\/uploads\/2024\/04\/fermob-sixties-sitzgruppe-kaktus_64800_200x200@2x.jpg 400w, https:\/\/raum-blick.de\/magazin\/wp-content\/uploads\/2024\/04\/fermob-sixties-sitzgruppe-kaktus_64800_200x200@2x-300x300.jpg 300w, https:\/\/raum-blick.de\/magazin\/wp-content\/uploads\/2024\/04\/fermob-sixties-sitzgruppe-kaktus_64800_200x200@2x-150x150.jpg 150w\" sizes=\"(max-width: 400px) 100vw, 400px\" \/><figcaption class=\"wp-element-caption\"><em>Beliebt bei Gro\u00df und Klein. Denn hier relaxt es sich einfach k\u00f6niglich.<\/em><\/figcaption><\/figure>\n<\/div>\n<\/div>\n\n\n\n<div style=\"height:16px\" aria-hidden=\"true\" class=\"wp-block-spacer\"><\/div>\n\n\n\n<figure class=\"wp-block-pullquote\"><blockquote><p><strong>Was macht Fermob Gartenm\u00f6bel so herrlich \u201egr\u00fcn\u201c <\/strong>?<strong><br><\/strong>Die Geschichte der franz\u00f6sischen Kultmarke beginnt 1890 in der Werkstatt eines Hufschmieds. 1953 spezialisiert sich die Marke auf Gartenm\u00f6bel aus Eisen. Mit nur 10 Mitarbeitern startet Bernard Reybier 1989 seine Farboffensive und legt damit den Grundstein f\u00fcr die internationale Erfolgsgeschichte von Fermob, bei der die Nachhaltigkeit eine Schl\u00fcsselrolle spielt. Nicht nur die verwendeten Materialien sind umweltfreundlich, auch die Lackierstra\u00dfe erzeugt keine Emissionen. Sie z\u00e4hlt zu den leistungsf\u00e4higsten in Europa und garantiert neben einer gleichbleibenden Auftragsqualit\u00e4t eine perfekte Oberfl\u00e4chenveredelung. <\/p><\/blockquote><\/figure>\n\n\n\n<div style=\"height:16px\" aria-hidden=\"true\" class=\"wp-block-spacer\"><\/div>\n\n\n\n<h2 class=\"wp-block-heading\"><span class=\"ez-toc-section\" id=\"Aufgestuhlt_Fermob_Moebel_zum_Platznehmen\"><\/span>Aufgestuhlt: Fermob M\u00f6bel zum Platznehmen<span class=\"ez-toc-section-end\"><\/span><\/h2>\n\n\n\n<p>In diesen beiden wunderbaren Sitzgelegenheiten l\u00e4sst es sich einfach sch\u00f6n entspannen. Und dabei sehen sie nicht nur richtig gut aus, sondern sind auch ausgesprochen praktisch. Schade nur, dass sie oft ein wenig im Schatten der Fermob Klassiker <a href=\"https:\/\/www.raum-blick.de\/fermob-bistro-stuhl-klappbar\">Bistro<\/a>, Bellevie oder Luxembourg stehen. Aber das \u00e4ndert sich ja jetzt. <\/p>\n\n\n\n<p>Da h\u00e4tten wir einmal den Fermob Sixties\u00a0Stuhl\u00a0mit seinem weichen und luftigen Geflecht aus haltbaren Synthetikfasern, bei dem der Name Programm ist. Er ist eine Reminiszenz an die Sechziger und kombiniert dabei harmonisches Design mit modernsten Materialien. Es gibt ihn \u00fcbrigens auch als Sessel oder stylishen Schaukelstuhl. Und der ist einer unserer absoluten Lieblinge. <\/p>\n\n\n\n<div class=\"wp-block-media-text alignwide has-media-on-the-right is-stacked-on-mobile\"><div class=\"wp-block-media-text__content\">\n<figure class=\"wp-block-image size-full\"><a href=\"https:\/\/www.raum-blick.de\/fermob-sixties-stuhl\"><img loading=\"lazy\" decoding=\"async\" width=\"400\" height=\"400\" src=\"https:\/\/www.raum-blick.de\/magazin\/wp-content\/uploads\/2024\/04\/fermob-sixties-stuhl-ockerrot-strand_64783_200x200@2x.jpg\" alt=\"Der Sixties Stuhl erinnert wie der Name schon sagt an die Sechziger. \" class=\"wp-image-19836\" title=\"\" srcset=\"https:\/\/raum-blick.de\/magazin\/wp-content\/uploads\/2024\/04\/fermob-sixties-stuhl-ockerrot-strand_64783_200x200@2x.jpg 400w, https:\/\/raum-blick.de\/magazin\/wp-content\/uploads\/2024\/04\/fermob-sixties-stuhl-ockerrot-strand_64783_200x200@2x-300x300.jpg 300w, https:\/\/raum-blick.de\/magazin\/wp-content\/uploads\/2024\/04\/fermob-sixties-stuhl-ockerrot-strand_64783_200x200@2x-150x150.jpg 150w\" sizes=\"(max-width: 400px) 100vw, 400px\" \/><\/a><figcaption class=\"wp-element-caption\"><em>Ein robustes Gestell aus Aluminium und eine Sitzfl\u00e4che aus Polyethylen \u2013 fertig ist das Sixties-Flair \u00e0 la fran\u00e7aise.<\/em><\/figcaption><\/figure>\n\n\n\n<figure class=\"wp-block-image size-full\"><img loading=\"lazy\" decoding=\"async\" width=\"400\" height=\"400\" src=\"https:\/\/www.raum-blick.de\/magazin\/wp-content\/uploads\/2024\/04\/fermob-sixties-stuhl-kaktus-wohnzimmer_64829_200x200@2x.jpg\" alt=\"Auch drinnen setzt der Sixties harmonische Farbakzente. Perfekt f\u00fcr die Leseecke.\" class=\"wp-image-19835\" title=\"\" srcset=\"https:\/\/raum-blick.de\/magazin\/wp-content\/uploads\/2024\/04\/fermob-sixties-stuhl-kaktus-wohnzimmer_64829_200x200@2x.jpg 400w, https:\/\/raum-blick.de\/magazin\/wp-content\/uploads\/2024\/04\/fermob-sixties-stuhl-kaktus-wohnzimmer_64829_200x200@2x-300x300.jpg 300w, https:\/\/raum-blick.de\/magazin\/wp-content\/uploads\/2024\/04\/fermob-sixties-stuhl-kaktus-wohnzimmer_64829_200x200@2x-150x150.jpg 150w\" sizes=\"(max-width: 400px) 100vw, 400px\" \/><figcaption class=\"wp-element-caption\"><em>Drinnen l\u00e4sst sich mit dem Sixties eine sch\u00f6ne Ganzjahres-Leseecke gestalten. <\/em><\/figcaption><\/figure>\n<\/div><figure class=\"wp-block-media-text__media\"><img loading=\"lazy\" decoding=\"async\" width=\"400\" height=\"400\" src=\"https:\/\/www.raum-blick.de\/magazin\/wp-content\/uploads\/2024\/04\/fermob-sixties-stuhl-ockerrot-terrasse_64782_200x200@2x.jpg\" alt=\"Fermob Sixties: Aluminum und Polyethylen machen ihn zu einem unserer Lieblings-Drau\u00dfen-St\u00fchle.\" class=\"wp-image-19832 size-full\" title=\"\" srcset=\"https:\/\/raum-blick.de\/magazin\/wp-content\/uploads\/2024\/04\/fermob-sixties-stuhl-ockerrot-terrasse_64782_200x200@2x.jpg 400w, https:\/\/raum-blick.de\/magazin\/wp-content\/uploads\/2024\/04\/fermob-sixties-stuhl-ockerrot-terrasse_64782_200x200@2x-300x300.jpg 300w, https:\/\/raum-blick.de\/magazin\/wp-content\/uploads\/2024\/04\/fermob-sixties-stuhl-ockerrot-terrasse_64782_200x200@2x-150x150.jpg 150w\" sizes=\"(max-width: 400px) 100vw, 400px\" \/><\/figure><\/div>\n\n\n\n<p>Auch unser zweiter Sitzkandidat ist eine Reminiszenz. In diesem Fall an den klassischen Klassenzimmerstuhl. Nur, dass er in diesem Fall Armlehnen hat. Aber ansonsten ist der Fermob Studie Gartensessel genauso minimalistisch, zeitlos, stapelbar und dank des Aluminiums vor allem eines: sehr leicht. Und es gibt in auch in den vier neuen Farben der 2024 Saison: Pesto, Marshmallow, Schwarzkirsche und Lebkuchen.<\/p>\n\n\n\n<div class=\"wp-block-media-text alignwide is-stacked-on-mobile\"><figure class=\"wp-block-media-text__media\"><img loading=\"lazy\" decoding=\"async\" width=\"400\" height=\"400\" src=\"https:\/\/www.raum-blick.de\/magazin\/wp-content\/uploads\/2024\/04\/fermob-gartensessel-studie_100017_200x200@2x.jpg\" alt=\"Der Fermob Studie Sessel erinnert an den guten alten Klassenzimmerstuhl. \" class=\"wp-image-19838 size-full\" title=\"\" srcset=\"https:\/\/raum-blick.de\/magazin\/wp-content\/uploads\/2024\/04\/fermob-gartensessel-studie_100017_200x200@2x.jpg 400w, https:\/\/raum-blick.de\/magazin\/wp-content\/uploads\/2024\/04\/fermob-gartensessel-studie_100017_200x200@2x-300x300.jpg 300w, https:\/\/raum-blick.de\/magazin\/wp-content\/uploads\/2024\/04\/fermob-gartensessel-studie_100017_200x200@2x-150x150.jpg 150w\" sizes=\"(max-width: 400px) 100vw, 400px\" \/><\/figure><div class=\"wp-block-media-text__content\">\n<figure class=\"wp-block-image size-full is-resized\"><a href=\"https:\/\/www.raum-blick.de\/fermob-studie-gartensessel\"><img loading=\"lazy\" decoding=\"async\" src=\"https:\/\/www.raum-blick.de\/magazin\/wp-content\/uploads\/2024\/04\/studie-kollektion-fermob_100020_200x200@2x.jpg\" alt=\"Clean Chic auch f\u00fcr drinnen. Ob mit oder ohne Lehne, der Studie Alu-Stuhl ist funktional, minimalistisch und wunderbar leicht.\" class=\"wp-image-19839\" width=\"353\" height=\"353\" title=\"\" srcset=\"https:\/\/raum-blick.de\/magazin\/wp-content\/uploads\/2024\/04\/studie-kollektion-fermob_100020_200x200@2x.jpg 400w, https:\/\/raum-blick.de\/magazin\/wp-content\/uploads\/2024\/04\/studie-kollektion-fermob_100020_200x200@2x-300x300.jpg 300w, https:\/\/raum-blick.de\/magazin\/wp-content\/uploads\/2024\/04\/studie-kollektion-fermob_100020_200x200@2x-150x150.jpg 150w\" sizes=\"(max-width: 353px) 100vw, 353px\" \/><\/a><figcaption class=\"wp-element-caption\"><em>Mit einem so coolen Stuhl wie dem Fermob Studie h\u00e4tten wir gerne die Schulbank gedr\u00fcckt. Er ist einfach formvollendet und ob uni oder Mix &amp; Match, das stapelbare Alu-Leichtgewicht ist f\u00fcr uns ein absolutes Sommer-Must-have.<\/em><\/figcaption><\/figure>\n\n\n\n<figure class=\"wp-block-image size-full\"><img loading=\"lazy\" decoding=\"async\" width=\"400\" height=\"400\" src=\"https:\/\/www.raum-blick.de\/magazin\/wp-content\/uploads\/2024\/04\/fermob-stapelsessel-studie_100016_200x200@2x.jpg\" alt=\"Praktisch, dass man den Fermob Studie auch platzsparend stapeln kann. \" class=\"wp-image-19837\" title=\"\" srcset=\"https:\/\/raum-blick.de\/magazin\/wp-content\/uploads\/2024\/04\/fermob-stapelsessel-studie_100016_200x200@2x.jpg 400w, https:\/\/raum-blick.de\/magazin\/wp-content\/uploads\/2024\/04\/fermob-stapelsessel-studie_100016_200x200@2x-300x300.jpg 300w, https:\/\/raum-blick.de\/magazin\/wp-content\/uploads\/2024\/04\/fermob-stapelsessel-studie_100016_200x200@2x-150x150.jpg 150w\" sizes=\"(max-width: 400px) 100vw, 400px\" \/><\/figure>\n<\/div><\/div>\n\n\n\n<h2 class=\"wp-block-heading\"><span class=\"ez-toc-section\" id=\"Aufgestockt_huebsche_Accessoires_zu_Fermob_Gartenmoebeln\"><\/span>Aufgestockt: h\u00fcbsche Accessoires zu Fermob Gartenm\u00f6beln<span class=\"ez-toc-section-end\"><\/span><\/h2>\n\n\n\n<h3 class=\"wp-block-heading\"><span class=\"ez-toc-section\" id=\"Viele_viele_bunte_Kissen\"><\/span>Viele, viele bunte Kissen<span class=\"ez-toc-section-end\"><\/span><\/h3>\n\n\n\n<p>Ob Tr\u00e8fle, Lorette, Color oder Envie, mit oder ohne Muster, die Fermob Kissen machen sich auf dem Loungesofa im Garten genauso gut wie im Wohnzimmer und sorgen f\u00fcr farbenfrohe Abwechslung. Ein Muster m\u00f6chten wir Ihnen dabei besonders ans Herz legen, weil es einfach zum Sommer-Gl\u00fcck passt wie kein anderes: die Kleebl\u00e4tter von Tr\u00e8fle. Die Kollektion ist damit \u00fcbers\u00e4t und irgendwo versteckt sich auch das vierbl\u00e4ttrige Kleeblatt. Sie finden es bestimmt. <\/p>\n\n\n\n<div class=\"wp-block-columns is-layout-flex wp-container-core-columns-is-layout-9d6595d7 wp-block-columns-is-layout-flex\">\n<div class=\"wp-block-column is-layout-flow wp-block-column-is-layout-flow\">\n<figure class=\"wp-block-image size-full\"><img loading=\"lazy\" decoding=\"async\" width=\"400\" height=\"400\" src=\"https:\/\/www.raum-blick.de\/magazin\/wp-content\/uploads\/2024\/04\/fermob-diverse-kissen_77866_200x200@2x.jpg\" alt=\"Fermob Kissen sind genauso bunt und farbenfroh wie die Fermob Outdoorm\u00f6bel f\u00fcr die sie gemacht sind.\" class=\"wp-image-19814\" title=\"\" srcset=\"https:\/\/raum-blick.de\/magazin\/wp-content\/uploads\/2024\/04\/fermob-diverse-kissen_77866_200x200@2x.jpg 400w, https:\/\/raum-blick.de\/magazin\/wp-content\/uploads\/2024\/04\/fermob-diverse-kissen_77866_200x200@2x-300x300.jpg 300w, https:\/\/raum-blick.de\/magazin\/wp-content\/uploads\/2024\/04\/fermob-diverse-kissen_77866_200x200@2x-150x150.jpg 150w\" sizes=\"(max-width: 400px) 100vw, 400px\" \/><figcaption class=\"wp-element-caption\"><em>Welches Kissen darf&#8217;s denn sein? Egal f\u00fcr welche Fermob Serie, Sie sich am Ende entscheiden, das Outdoorgewebe ist schmutz- und wasserabweisend und zudem schimmelbest\u00e4ndig. <\/em><\/figcaption><\/figure>\n<\/div>\n\n\n\n<div class=\"wp-block-column is-layout-flow wp-block-column-is-layout-flow\">\n<figure class=\"wp-block-image size-full\"><img loading=\"lazy\" decoding=\"async\" width=\"400\" height=\"400\" src=\"https:\/\/www.raum-blick.de\/magazin\/wp-content\/uploads\/2024\/04\/fermob-pool-kissen_77867_200x200@2x.jpg\" alt=\"Tr\u00e8fle, Lorette, Color und Envie, Fermob hat gleich vier unterschiedliche Kissenserien zu bieten, die sich sch\u00f6n miteinander kombinieren lassen. \" class=\"wp-image-19813\" title=\"\" srcset=\"https:\/\/raum-blick.de\/magazin\/wp-content\/uploads\/2024\/04\/fermob-pool-kissen_77867_200x200@2x.jpg 400w, https:\/\/raum-blick.de\/magazin\/wp-content\/uploads\/2024\/04\/fermob-pool-kissen_77867_200x200@2x-300x300.jpg 300w, https:\/\/raum-blick.de\/magazin\/wp-content\/uploads\/2024\/04\/fermob-pool-kissen_77867_200x200@2x-150x150.jpg 150w\" sizes=\"(max-width: 400px) 100vw, 400px\" \/><figcaption class=\"wp-element-caption\"><em>Gl\u00fccks-Momente sind mit diesen Kissen garantiert. Gut, dass Sie den Bezug abnehmen und einfach in die Waschmaschine stecken k\u00f6nnen.  <\/em><\/figcaption><\/figure>\n<\/div>\n<\/div>\n\n\n\n<div class=\"wp-block-columns is-layout-flex wp-container-core-columns-is-layout-9d6595d7 wp-block-columns-is-layout-flex\">\n<div class=\"wp-block-column is-layout-flow wp-block-column-is-layout-flow\">\n<figure class=\"wp-block-image size-full\"><a href=\"https:\/\/www.raum-blick.de\/fermob-trefle-outdoor-kissen\"><img loading=\"lazy\" decoding=\"async\" width=\"400\" height=\"400\" src=\"https:\/\/www.raum-blick.de\/magazin\/wp-content\/uploads\/2024\/04\/fermob-kissen-trefle-44x44-ockerrot_77857_200x200@2x.jpg\" alt=\"Das Kleeblatt-Muster ist charakterisch f\u00fcr die Tr\u00e8fle-Serie.\" class=\"wp-image-19809\" title=\"\" srcset=\"https:\/\/raum-blick.de\/magazin\/wp-content\/uploads\/2024\/04\/fermob-kissen-trefle-44x44-ockerrot_77857_200x200@2x.jpg 400w, https:\/\/raum-blick.de\/magazin\/wp-content\/uploads\/2024\/04\/fermob-kissen-trefle-44x44-ockerrot_77857_200x200@2x-300x300.jpg 300w, https:\/\/raum-blick.de\/magazin\/wp-content\/uploads\/2024\/04\/fermob-kissen-trefle-44x44-ockerrot_77857_200x200@2x-150x150.jpg 150w\" sizes=\"(max-width: 400px) 100vw, 400px\" \/><\/a><figcaption class=\"wp-element-caption\"><em>Tr\u00e8fle, das Fermob Kissen mit dem Gl\u00fccks-Muster. Und irgendwo versteckt sich das vierbl\u00e4ttrige Kleeblatt.<\/em><\/figcaption><\/figure>\n<\/div>\n\n\n\n<div class=\"wp-block-column is-layout-flow wp-block-column-is-layout-flow\">\n<figure class=\"wp-block-image size-full\"><img loading=\"lazy\" decoding=\"async\" width=\"400\" height=\"400\" src=\"https:\/\/www.raum-blick.de\/magazin\/wp-content\/uploads\/2024\/04\/trefle-kissen-indoor-fermob_77862_200x200@2x.jpg\" alt=\"Kleebl\u00e4tter sollen auch drinnen Gl\u00fcck bringen, so die Intention von Fermob.\" class=\"wp-image-19811\" title=\"\" srcset=\"https:\/\/raum-blick.de\/magazin\/wp-content\/uploads\/2024\/04\/trefle-kissen-indoor-fermob_77862_200x200@2x.jpg 400w, https:\/\/raum-blick.de\/magazin\/wp-content\/uploads\/2024\/04\/trefle-kissen-indoor-fermob_77862_200x200@2x-300x300.jpg 300w, https:\/\/raum-blick.de\/magazin\/wp-content\/uploads\/2024\/04\/trefle-kissen-indoor-fermob_77862_200x200@2x-150x150.jpg 150w\" sizes=\"(max-width: 400px) 100vw, 400px\" \/><figcaption class=\"wp-element-caption\"><em>Mit Tr\u00e8fle zieht das Gl\u00fcck auch drinnen bei Ihnen ein. <\/em><\/figcaption><\/figure>\n<\/div>\n\n\n\n<div class=\"wp-block-column is-layout-flow wp-block-column-is-layout-flow\">\n<figure class=\"wp-block-image size-full\"><img loading=\"lazy\" decoding=\"async\" width=\"400\" height=\"400\" src=\"https:\/\/www.raum-blick.de\/magazin\/wp-content\/uploads\/2024\/04\/trefle-kissen-fermob-verschiedene-groessen_77861_200x200@2x.jpg\" alt=\"Tr\u00e8fle Kissen gibt es in unterschiedlichen Gr\u00f6\u00dfen und Farben.\" class=\"wp-image-19812\" title=\"\" srcset=\"https:\/\/raum-blick.de\/magazin\/wp-content\/uploads\/2024\/04\/trefle-kissen-fermob-verschiedene-groessen_77861_200x200@2x.jpg 400w, https:\/\/raum-blick.de\/magazin\/wp-content\/uploads\/2024\/04\/trefle-kissen-fermob-verschiedene-groessen_77861_200x200@2x-300x300.jpg 300w, https:\/\/raum-blick.de\/magazin\/wp-content\/uploads\/2024\/04\/trefle-kissen-fermob-verschiedene-groessen_77861_200x200@2x-150x150.jpg 150w\" sizes=\"(max-width: 400px) 100vw, 400px\" \/><figcaption class=\"wp-element-caption\"><em>Gl\u00fcck kann man nie genug haben, deshalb braucht es mehr als ein Tr\u00e8fle Kissen.<\/em><\/figcaption><\/figure>\n<\/div>\n<\/div>\n\n\n\n<h3 class=\"wp-block-heading\"><span class=\"ez-toc-section\" id=\"Leuchtende_Glanzpunkte\"><\/span>Leuchtende Glanzpunkte<span class=\"ez-toc-section-end\"><\/span><\/h3>\n\n\n\n<p>Fermob Lampen waren schon immer nicht nur ausgesprochen dekorativ, sondern vor allem auch praktisch. Der Klassiker unter den Fermob Lampen ist die <a href=\"https:\/\/www.raum-blick.de\/fermob-balad-h25-lampe\">Fermob Balad<\/a> Lampe, die es in vielen verschiedenen Ausf\u00fchrungen gibt. Und auch die funktionelle, mobile Mehrzweck-LED-Lampe Ulli ist auf dem besten Weg dorthin. Die moderne Form der klassischen Petroleumlampe f\u00fchlt sich am Strand genauso wohl wie im Garten oder der K\u00fcche. Der nach unten gerichtete Diffusor aus Polycarbonat reflektiert das Licht und verst\u00e4rkt die Leuchtkraft .\u00a0<\/p>\n\n\n\n<div class=\"wp-block-columns is-layout-flex wp-container-core-columns-is-layout-9d6595d7 wp-block-columns-is-layout-flex\">\n<div class=\"wp-block-column is-layout-flow wp-block-column-is-layout-flow\" style=\"flex-basis:66.66%\">\n<figure class=\"wp-block-image size-full is-resized\"><a href=\"https:\/\/www.raum-blick.de\/fermob-ulli-led-lampe\"><img loading=\"lazy\" decoding=\"async\" src=\"https:\/\/www.raum-blick.de\/magazin\/wp-content\/uploads\/2024\/04\/fermob-ulli-lampe_97967_200x200@2x.jpg\" alt=\"Fermob Ulli: Handlich und im Stil einer klassischen Petroleumleuchte.\" class=\"wp-image-19818\" width=\"536\" height=\"536\" title=\"\" srcset=\"https:\/\/raum-blick.de\/magazin\/wp-content\/uploads\/2024\/04\/fermob-ulli-lampe_97967_200x200@2x.jpg 400w, https:\/\/raum-blick.de\/magazin\/wp-content\/uploads\/2024\/04\/fermob-ulli-lampe_97967_200x200@2x-300x300.jpg 300w, https:\/\/raum-blick.de\/magazin\/wp-content\/uploads\/2024\/04\/fermob-ulli-lampe_97967_200x200@2x-150x150.jpg 150w\" sizes=\"(max-width: 536px) 100vw, 536px\" \/><\/a><\/figure>\n<\/div>\n\n\n\n<div class=\"wp-block-column is-layout-flow wp-block-column-is-layout-flow\" style=\"flex-basis:33.33%\">\n<figure class=\"wp-block-image size-full\"><img loading=\"lazy\" decoding=\"async\" width=\"400\" height=\"400\" src=\"https:\/\/www.raum-blick.de\/magazin\/wp-content\/uploads\/2024\/04\/fermob-ulli-lampe-tragbar_97968_200x200@2x.jpg\" alt=\"Die mobile Ulli Lampe k\u00f6nnen Sie hinstellen oder auch aufh\u00e4ngen. \" class=\"wp-image-19819\" title=\"\" srcset=\"https:\/\/raum-blick.de\/magazin\/wp-content\/uploads\/2024\/04\/fermob-ulli-lampe-tragbar_97968_200x200@2x.jpg 400w, https:\/\/raum-blick.de\/magazin\/wp-content\/uploads\/2024\/04\/fermob-ulli-lampe-tragbar_97968_200x200@2x-300x300.jpg 300w, https:\/\/raum-blick.de\/magazin\/wp-content\/uploads\/2024\/04\/fermob-ulli-lampe-tragbar_97968_200x200@2x-150x150.jpg 150w\" sizes=\"(max-width: 400px) 100vw, 400px\" \/><figcaption class=\"wp-element-caption\"><em>Fermob Ulli ist sto\u00dffest, wetterfest, hat einen robusten Aluminium-Griff und im Sockel integriert einen Schalter zum Dimmen.<\/em><\/figcaption><\/figure>\n\n\n\n<figure class=\"wp-block-image size-full is-resized\"><img loading=\"lazy\" decoding=\"async\" src=\"https:\/\/www.raum-blick.de\/magazin\/wp-content\/uploads\/2024\/04\/lampe-ulli-fermob_97964_200x200@2x.jpg\" alt=\"Die vielseitig einsetzbare Ulli gibt es in vier verschiednen Farben.\" class=\"wp-image-19817\" width=\"268\" height=\"268\" title=\"\" srcset=\"https:\/\/raum-blick.de\/magazin\/wp-content\/uploads\/2024\/04\/lampe-ulli-fermob_97964_200x200@2x.jpg 400w, https:\/\/raum-blick.de\/magazin\/wp-content\/uploads\/2024\/04\/lampe-ulli-fermob_97964_200x200@2x-300x300.jpg 300w, https:\/\/raum-blick.de\/magazin\/wp-content\/uploads\/2024\/04\/lampe-ulli-fermob_97964_200x200@2x-150x150.jpg 150w\" sizes=\"(max-width: 268px) 100vw, 268px\" \/><figcaption class=\"wp-element-caption\"><em>Die schlichte Fermob Ulli ist so sch\u00f6n, dass man davon gerne auch mehrere hat. <\/em><\/figcaption><\/figure>\n<\/div>\n<\/div>\n\n\n\n<p>Eine faszinierende Atmosph\u00e4re schafft auch die kabellose LED&nbsp;Outdoor Tischleuchte&nbsp;<a href=\"https:\/\/www.raum-blick.de\/fermob-aplo-led-lampe\">Aplo von Fermob<\/a>. Lichtfarbe und -intensit\u00e4t k\u00f6nnen Sie ganz nach Belieben einstellen. Und der Akku h\u00e4lt locker einen gem\u00fctlichen Abend durch:  zwischen 6 und 14 Stunden \u2013 je nach gew\u00e4hlter Lichtintensit\u00e4t. Der Clou bei der Fermob Aplo: Das separat erh\u00e4ltliche Zubeh\u00f6r macht sie zu einem echten Allrounder. Mit dem H\u00e4ngegurt l\u00e4sst sie sich zum Beispiel an einem Ast befestigen und mit der praktischen Wandhalterung leuchtet sie auch am Haus. Clever, oder?<\/p>\n\n\n\n<div class=\"wp-block-columns is-layout-flex wp-container-core-columns-is-layout-9d6595d7 wp-block-columns-is-layout-flex\">\n<div class=\"wp-block-column is-layout-flow wp-block-column-is-layout-flow\">\n<figure class=\"wp-block-image size-full\"><a href=\"https:\/\/www.raum-blick.de\/fermob-aplo-led-lampe\"><img loading=\"lazy\" decoding=\"async\" width=\"400\" height=\"400\" src=\"https:\/\/www.raum-blick.de\/magazin\/wp-content\/uploads\/2024\/04\/fermob-aplo-lampe-honig_65056_200x200@2x.jpg\" alt=\"Bei der Fermob Aplo Tischleuchte sind Lichtfarbe und -intensit\u00e4t ganz easy einstellbar. \" class=\"wp-image-19815\" title=\"\" srcset=\"https:\/\/raum-blick.de\/magazin\/wp-content\/uploads\/2024\/04\/fermob-aplo-lampe-honig_65056_200x200@2x.jpg 400w, https:\/\/raum-blick.de\/magazin\/wp-content\/uploads\/2024\/04\/fermob-aplo-lampe-honig_65056_200x200@2x-300x300.jpg 300w, https:\/\/raum-blick.de\/magazin\/wp-content\/uploads\/2024\/04\/fermob-aplo-lampe-honig_65056_200x200@2x-150x150.jpg 150w\" sizes=\"(max-width: 400px) 100vw, 400px\" \/><\/a><figcaption class=\"wp-element-caption\"><em>Fermob Aplo wirkt so herrlich schlicht, aber diese LED-Tischleuchte hat es in sich. <\/em><\/figcaption><\/figure>\n<\/div>\n\n\n\n<div class=\"wp-block-column is-layout-flow wp-block-column-is-layout-flow\">\n<figure class=\"wp-block-image size-full\"><img loading=\"lazy\" decoding=\"async\" width=\"400\" height=\"400\" src=\"https:\/\/www.raum-blick.de\/magazin\/wp-content\/uploads\/2024\/04\/fermob-aplo-leuchte_67738_200x200@2x.jpg\" alt=\"Stehen, h\u00e4ngen oder an der Wand lang, geht mit der Aplo und dem passenden Zubeh\u00f6r alles.\" class=\"wp-image-19853\" title=\"\" srcset=\"https:\/\/raum-blick.de\/magazin\/wp-content\/uploads\/2024\/04\/fermob-aplo-leuchte_67738_200x200@2x.jpg 400w, https:\/\/raum-blick.de\/magazin\/wp-content\/uploads\/2024\/04\/fermob-aplo-leuchte_67738_200x200@2x-300x300.jpg 300w, https:\/\/raum-blick.de\/magazin\/wp-content\/uploads\/2024\/04\/fermob-aplo-leuchte_67738_200x200@2x-150x150.jpg 150w\" sizes=\"(max-width: 400px) 100vw, 400px\" \/><figcaption class=\"wp-element-caption\"><em>Die Fermob Aplo l\u00e4sst sich gerne mal h\u00e4ngen oder leuchtet an der Wand. Daf\u00fcr braucht es nur das passende Zubeh\u00f6r.<\/em><\/figcaption><\/figure>\n<\/div>\n<\/div>\n\n\n\n<h3 class=\"wp-block-heading\"><span class=\"ez-toc-section\" id=\"Abwechslung_auf_dem_Tisch\"><\/span>Abwechslung auf dem Tisch<span class=\"ez-toc-section-end\"><\/span><\/h3>\n\n\n\n<p>Bunt treiben es bei Fermob nicht nur die M\u00f6bel. Auch die Accessoires strahlen mit der Sonne um die Wette. So wie die beiden Tabletts der <a href=\"https:\/\/www.raum-blick.de\/fermob-alto-tablett\">Fermob Alto<\/a> Serie. Und die sind ganz sch\u00f6n raffiniert. Denn das kleine Tablett passt perfekt in das gro\u00dfe, in zwei verschiedenen Farben sind sie ein echter Hingucker und ob Sie damit das Fr\u00fchst\u00fcck von A nach B bringen oder sie einfach h\u00fcbsch dekorieren, da sind Ihrer Fantasie keine Grenzen gesetzt. Gute Laune machen die beiden auf jeden Fall \u2013 auch solo. <\/p>\n\n\n\n<div class=\"wp-block-columns is-layout-flex wp-container-core-columns-is-layout-9d6595d7 wp-block-columns-is-layout-flex\">\n<div class=\"wp-block-column is-layout-flow wp-block-column-is-layout-flow\">\n<figure class=\"wp-block-image size-full\"><a href=\"https:\/\/www.raum-blick.de\/fermob-alto-tablett\"><img loading=\"lazy\" decoding=\"async\" width=\"400\" height=\"400\" src=\"https:\/\/www.raum-blick.de\/magazin\/wp-content\/uploads\/2024\/04\/fermob-alto-tablett-beide-versionen_77644_200x200@2x.jpg\" alt=\"Fermob Alto besteht aus zwei Tabletts, die auch einzeln verwendbar sind. \" class=\"wp-image-19804\" title=\"\" srcset=\"https:\/\/raum-blick.de\/magazin\/wp-content\/uploads\/2024\/04\/fermob-alto-tablett-beide-versionen_77644_200x200@2x.jpg 400w, https:\/\/raum-blick.de\/magazin\/wp-content\/uploads\/2024\/04\/fermob-alto-tablett-beide-versionen_77644_200x200@2x-300x300.jpg 300w, https:\/\/raum-blick.de\/magazin\/wp-content\/uploads\/2024\/04\/fermob-alto-tablett-beide-versionen_77644_200x200@2x-150x150.jpg 150w\" sizes=\"(max-width: 400px) 100vw, 400px\" \/><\/a><figcaption class=\"wp-element-caption\"><em>Fermob Alto gibt es in zwei Gr\u00f6\u00dfen und die tun sich ausgesprochen gerne zusammen.<\/em><\/figcaption><\/figure>\n<\/div>\n\n\n\n<div class=\"wp-block-column is-layout-flow wp-block-column-is-layout-flow\">\n<figure class=\"wp-block-image size-full\"><img loading=\"lazy\" decoding=\"async\" width=\"400\" height=\"400\" src=\"https:\/\/www.raum-blick.de\/magazin\/wp-content\/uploads\/2024\/04\/fermob-alto-tablett_77641_200x200@2x.jpg\" alt=\"Zusammen sehen die beiden Tabletts aus der Fermob Alto Serie einfach hinrei\u00dfend aus. \" class=\"wp-image-19802\" title=\"\" srcset=\"https:\/\/raum-blick.de\/magazin\/wp-content\/uploads\/2024\/04\/fermob-alto-tablett_77641_200x200@2x.jpg 400w, https:\/\/raum-blick.de\/magazin\/wp-content\/uploads\/2024\/04\/fermob-alto-tablett_77641_200x200@2x-300x300.jpg 300w, https:\/\/raum-blick.de\/magazin\/wp-content\/uploads\/2024\/04\/fermob-alto-tablett_77641_200x200@2x-150x150.jpg 150w\" sizes=\"(max-width: 400px) 100vw, 400px\" \/><figcaption class=\"wp-element-caption\"><em>Zwei Tabletts, zwei Gr\u00fcnnuancen \u2013 einfach eine Augenweide.<\/em><\/figcaption><\/figure>\n<\/div>\n\n\n\n<div class=\"wp-block-column is-layout-flow wp-block-column-is-layout-flow\">\n<figure class=\"wp-block-image size-full\"><img loading=\"lazy\" decoding=\"async\" width=\"400\" height=\"400\" src=\"https:\/\/www.raum-blick.de\/magazin\/wp-content\/uploads\/2024\/04\/alto-tablett-53cm-lehmgrau-fermob_77642_200x200@2x.jpg\" alt=\"Die Fermob Alto Tabletts sind auch rein dekorativ genutzt ein Hingucker. \" class=\"wp-image-19803\" title=\"\" srcset=\"https:\/\/raum-blick.de\/magazin\/wp-content\/uploads\/2024\/04\/alto-tablett-53cm-lehmgrau-fermob_77642_200x200@2x.jpg 400w, https:\/\/raum-blick.de\/magazin\/wp-content\/uploads\/2024\/04\/alto-tablett-53cm-lehmgrau-fermob_77642_200x200@2x-300x300.jpg 300w, https:\/\/raum-blick.de\/magazin\/wp-content\/uploads\/2024\/04\/alto-tablett-53cm-lehmgrau-fermob_77642_200x200@2x-150x150.jpg 150w\" sizes=\"(max-width: 400px) 100vw, 400px\" \/><figcaption class=\"wp-element-caption\"><em>Nicht nur ein Speise-Bringer, Fermob Alto macht sich auch gut als Deko-Objekt.<\/em><\/figcaption><\/figure>\n<\/div>\n<\/div>\n\n\n\n<h3 class=\"wp-block-heading\"><span class=\"ez-toc-section\" id=\"Blume_oder_Vogel_%E2%80%93_am_liebsten_beides\"><\/span>Blume oder Vogel \u2013 am liebsten beides!<span class=\"ez-toc-section-end\"><\/span><\/h3>\n\n\n\n<p>Falls Sie Fermob bis dato nur mit Gartenm\u00f6beln und Leuchten assoziiert haben, werden diese beiden H\u00fcbschen hier gleich f\u00fcr ein Aha-Erlebnis sorgen: Die <a href=\"https:\/\/www.raum-blick.de\/fermob-ios-vase\">Fermob Ios<\/a>\u00a0ist eine Vase, die gekonnt und verschiedene geometrische Formen miteinander verbindet und einzelne Blumen perfekt zur Geltung bringt. Sie ist aus gerundetem Stahl gefertigt hat ein herausnehmbares Aluminium-Rohr und ist egal, wo sie steht immer ein Eyecatcher. Mindestens genauso aufregend ist das <a href=\"https:\/\/www.raum-blick.de\/fermob-picoti-vogelhaeuschen\">Fermob Vogelhaus Picoti.<\/a> Sie k\u00f6nnen es aufh\u00e4ngen oder an einen Baum schreiben. Im Sommer ist es eine schicke, moderne Vogeltr\u00e4nke und im Winter finden die kleinen Piepm\u00e4tze in der Edelstahlschale etwa zu futtern. Darauf fliegen nicht nur die V\u00f6gel!<\/p>\n\n\n\n<div class=\"wp-block-columns is-layout-flex wp-container-core-columns-is-layout-9d6595d7 wp-block-columns-is-layout-flex\">\n<div class=\"wp-block-column is-layout-flow wp-block-column-is-layout-flow\">\n<figure class=\"wp-block-image size-full\"><a href=\"https:\/\/www.raum-blick.de\/fermob-ios-vase\"><img loading=\"lazy\" decoding=\"async\" width=\"400\" height=\"400\" src=\"https:\/\/www.raum-blick.de\/magazin\/wp-content\/uploads\/2024\/04\/fermob-ios-vase-ocre-rouge_76981_200x200@2x.jpg\" alt=\"Fermob Ios, eine der sch\u00f6nsten Vasen, um einzelne Blumen zu pr\u00e4sentieren.\" class=\"wp-image-19805\" title=\"\" srcset=\"https:\/\/raum-blick.de\/magazin\/wp-content\/uploads\/2024\/04\/fermob-ios-vase-ocre-rouge_76981_200x200@2x.jpg 400w, https:\/\/raum-blick.de\/magazin\/wp-content\/uploads\/2024\/04\/fermob-ios-vase-ocre-rouge_76981_200x200@2x-300x300.jpg 300w, https:\/\/raum-blick.de\/magazin\/wp-content\/uploads\/2024\/04\/fermob-ios-vase-ocre-rouge_76981_200x200@2x-150x150.jpg 150w\" sizes=\"(max-width: 400px) 100vw, 400px\" \/><\/a><figcaption class=\"wp-element-caption\"><em>Fermob Ios \u00fcberzeugt in der Gestaltung und gibt einzelnen Blumen den sch\u00f6nsten Rahmen<\/em><\/figcaption><\/figure>\n<\/div>\n\n\n\n<div class=\"wp-block-column is-layout-flow wp-block-column-is-layout-flow\">\n<figure class=\"wp-block-image size-full\"><a href=\"https:\/\/www.raum-blick.de\/fermob-picoti-vogelhaeuschen\"><img loading=\"lazy\" decoding=\"async\" width=\"400\" height=\"400\" src=\"https:\/\/www.raum-blick.de\/magazin\/wp-content\/uploads\/2024\/04\/fermob-picoti-honig_97912_200x200@2x.jpg\" alt=\"Fermob Picoti, auf dieses H\u00e4uschen fliegen die V\u00f6gel. \" class=\"wp-image-19807\" title=\"\" srcset=\"https:\/\/raum-blick.de\/magazin\/wp-content\/uploads\/2024\/04\/fermob-picoti-honig_97912_200x200@2x.jpg 400w, https:\/\/raum-blick.de\/magazin\/wp-content\/uploads\/2024\/04\/fermob-picoti-honig_97912_200x200@2x-300x300.jpg 300w, https:\/\/raum-blick.de\/magazin\/wp-content\/uploads\/2024\/04\/fermob-picoti-honig_97912_200x200@2x-150x150.jpg 150w\" sizes=\"(max-width: 400px) 100vw, 400px\" \/><\/a><figcaption class=\"wp-element-caption\"><em>Fermob Picoti ist ein Ganzjahres-Vogelh\u00e4uschen. Im Sommer gibt&#8217;s Wasser, im Winter Futter und f\u00fcr uns was zu schauen.<\/em><\/figcaption><\/figure>\n<\/div>\n<\/div>\n\n\n\n<p>Stimmungsbooster, Eyecatcher, Trend-Lieblinge: die farbstarken Entw\u00fcrfe von Fermob machen Lust auf mehr und Sie werden staunen, was die f\u00fchrende franz\u00f6sische Outdoorm\u00f6bel-Marke noch so alles zu bieten hat. Klicken Sie sich durch, holen Sie sich die Lebensfreude in Ihren Garten und genie\u00dfen Sie den Sommer!<\/p>\n","protected":false},"excerpt":{"rendered":"<p>\u00ab Frische-Kick nicht nur f\u00fcr drau\u00dfen \u00bb 25 au\u00dfergew\u00f6hnliche Farbt\u00f6ne, umweltfreundlich hergestelltes Metall, klassische Linien, moderne Formen und ein Sortiment, das drinnen wie drau\u00dfen \u00c4sthetik und Lebensfreude verspr\u00fcht. Die zeitlosen Fermob Gartenm\u00f6bel bieten maximale Flexibilit\u00e4t, sind von Paris bis New York in Caf\u00e9s, Restaurants und Privath\u00e4usern zu finden und verleihen wirklich jedem Raum eine ganz [&hellip;]<\/p>\n","protected":false},"author":4,"featured_media":19831,"comment_status":"closed","ping_status":"open","sticky":false,"template":"","format":"standard","meta":{"_et_pb_use_builder":"","_et_pb_old_content":"","_et_gb_content_width":"","inline_featured_image":false,"footnotes":""},"categories":[6,1],"tags":[621,597,602,345,1105,1110,296,57,37,658,1385,2093,214,545,852],"class_list":["post-19798","post","type-post","status-publish","format-standard","has-post-thumbnail","hentry","category-draussen","category-drinnen","tag-fermob","tag-gartenbeleuchtung","tag-gartenkissen","tag-gartenmoebel","tag-gartenstuhl","tag-gartentisch","tag-kissen","tag-outdoor","tag-outdoor-tische","tag-outdoormoebel","tag-outdoorstuhl","tag-outdoortisch","tag-serviertabletts","tag-tablett","tag-vase"],"_links":{"self":[{"href":"https:\/\/raum-blick.de\/magazin\/wp-json\/wp\/v2\/posts\/19798","targetHints":{"allow":["GET"]}}],"collection":[{"href":"https:\/\/raum-blick.de\/magazin\/wp-json\/wp\/v2\/posts"}],"about":[{"href":"https:\/\/raum-blick.de\/magazin\/wp-json\/wp\/v2\/types\/post"}],"author":[{"embeddable":true,"href":"https:\/\/raum-blick.de\/magazin\/wp-json\/wp\/v2\/users\/4"}],"replies":[{"embeddable":true,"href":"https:\/\/raum-blick.de\/magazin\/wp-json\/wp\/v2\/comments?post=19798"}],"version-history":[{"count":24,"href":"https:\/\/raum-blick.de\/magazin\/wp-json\/wp\/v2\/posts\/19798\/revisions"}],"predecessor-version":[{"id":20115,"href":"https:\/\/raum-blick.de\/magazin\/wp-json\/wp\/v2\/posts\/19798\/revisions\/20115"}],"wp:featuredmedia":[{"embeddable":true,"href":"https:\/\/raum-blick.de\/magazin\/wp-json\/wp\/v2\/media\/19831"}],"wp:attachment":[{"href":"https:\/\/raum-blick.de\/magazin\/wp-json\/wp\/v2\/media?parent=19798"}],"wp:term":[{"taxonomy":"category","embeddable":true,"href":"https:\/\/raum-blick.de\/magazin\/wp-json\/wp\/v2\/categories?post=19798"},{"taxonomy":"post_tag","embeddable":true,"href":"https:\/\/raum-blick.de\/magazin\/wp-json\/wp\/v2\/tags?post=19798"}],"curies":[{"name":"wp","href":"https:\/\/api.w.org\/{rel}","templated":true}]}}