{"id":19542,"date":"2024-03-17T23:30:11","date_gmt":"2024-03-17T22:30:11","guid":{"rendered":"https:\/\/www.raum-blick.de\/magazin\/?p=19542"},"modified":"2024-03-25T19:12:34","modified_gmt":"2024-03-25T18:12:34","slug":"fruehling-interior-glow","status":"publish","type":"post","link":"https:\/\/raum-blick.de\/magazin\/fruehling-interior-glow\/","title":{"rendered":"Endlich Fr\u00fchling \u2013 Sch\u00f6nes f\u00fcr den Interior-Glow!"},"content":{"rendered":"\n<h2 class=\"wp-block-heading\"><span class=\"ez-toc-section\" id=\"%C2%AB_Der_Frische-Kick_fuer_Ihr_Zuhause_%C2%BB\"><\/span>\u00ab Der Frische-Kick f\u00fcr Ihr Zuhause \u00bb<span class=\"ez-toc-section-end\"><\/span><\/h2>\n\n\n\n<p><strong>Die V\u00f6gel zwitschern, es ist l\u00e4nger hell und die Laune steigt, kein Zweifel: Der Fr\u00fchling ist da. Und mit ihm neue Farben, frische Ideen und zauberhafte Easy-Living Deko, die nicht nur f\u00fcr neue Akzente, sondern mit Sicherheit auch den ein oder anderen Herzklopfmoment sorgen. Denn wann, wenn nicht jetzt, sind wir in Flirtlaune, kribbeln Fr\u00fchlingsgef\u00fchle wie Schmetterlinge im Bauch und sehnen wir uns nach den dunklen Monaten endlich wieder nach Sonne, Drau\u00dfen-Sein und dem herrlichen Duft des Fr\u00fchlings.   <\/strong><\/p>\n\n\n\n<h2 class=\"wp-block-heading\"><span class=\"ez-toc-section\" id=\"Fruehlingsfrische_Neuheiten_fuer_das_Kribbeln_im_Bauch\"><\/span>Fr\u00fchlingsfrische Neuheiten f\u00fcr das Kribbeln im Bauch<span class=\"ez-toc-section-end\"><\/span><\/h2>\n\n\n\n<p>Von Gl\u00fccksgef\u00fchlen k\u00f6nnen wir jetzt gar nicht genug bekommen. Zeit, ordentlich durchzul\u00fcften, dem Winter Adieu zu sagen, frischen Wind in die vier W\u00e4nde zu bringen und mit unseren Must-haves der Saison anzubandeln. Gl\u00fccksgef\u00fchle garantiert, denn Sie werden sich ganz schnell in diese charmanten St\u00fccke verlieben. Da sind wir uns sicher. <\/p><div id=\"ez-toc-container\" class=\"ez-toc-v2_0_82_2 counter-hierarchy ez-toc-counter ez-toc-grey ez-toc-container-direction\">\n<div class=\"ez-toc-title-container\">\n<p class=\"ez-toc-title\" style=\"cursor:inherit\">Was hier auf Sie wartet<\/p>\n<span class=\"ez-toc-title-toggle\"><a href=\"#\" class=\"ez-toc-pull-right ez-toc-btn ez-toc-btn-xs ez-toc-btn-default ez-toc-toggle\" aria-label=\"Toggle Table of Content\"><span class=\"ez-toc-js-icon-con\"><span class=\"\"><span class=\"eztoc-hide\" style=\"display:none;\">Toggle<\/span><span class=\"ez-toc-icon-toggle-span\"><svg style=\"fill: #999;color:#999\" xmlns=\"http:\/\/www.w3.org\/2000\/svg\" class=\"list-377408\" width=\"20px\" height=\"20px\" viewBox=\"0 0 24 24\" fill=\"none\"><path d=\"M6 6H4v2h2V6zm14 0H8v2h12V6zM4 11h2v2H4v-2zm16 0H8v2h12v-2zM4 16h2v2H4v-2zm16 0H8v2h12v-2z\" fill=\"currentColor\"><\/path><\/svg><svg style=\"fill: #999;color:#999\" class=\"arrow-unsorted-368013\" xmlns=\"http:\/\/www.w3.org\/2000\/svg\" width=\"10px\" height=\"10px\" viewBox=\"0 0 24 24\" version=\"1.2\" baseProfile=\"tiny\"><path d=\"M18.2 9.3l-6.2-6.3-6.2 6.3c-.2.2-.3.4-.3.7s.1.5.3.7c.2.2.4.3.7.3h11c.3 0 .5-.1.7-.3.2-.2.3-.5.3-.7s-.1-.5-.3-.7zM5.8 14.7l6.2 6.3 6.2-6.3c.2-.2.3-.5.3-.7s-.1-.5-.3-.7c-.2-.2-.4-.3-.7-.3h-11c-.3 0-.5.1-.7.3-.2.2-.3.5-.3.7s.1.5.3.7z\"\/><\/svg><\/span><\/span><\/span><\/a><\/span><\/div>\n<nav><ul class='ez-toc-list ez-toc-list-level-1 ' ><li class='ez-toc-page-1 ez-toc-heading-level-2'><a class=\"ez-toc-link ez-toc-heading-1\" href=\"https:\/\/raum-blick.de\/magazin\/fruehling-interior-glow\/#%C2%AB_Der_Frische-Kick_fuer_Ihr_Zuhause_%C2%BB\" >\u00ab Der Frische-Kick f\u00fcr Ihr Zuhause \u00bb<\/a><\/li><li class='ez-toc-page-1 ez-toc-heading-level-2'><a class=\"ez-toc-link ez-toc-heading-2\" href=\"https:\/\/raum-blick.de\/magazin\/fruehling-interior-glow\/#Fruehlingsfrische_Neuheiten_fuer_das_Kribbeln_im_Bauch\" >Fr\u00fchlingsfrische Neuheiten f\u00fcr das Kribbeln im Bauch<\/a><ul class='ez-toc-list-level-3' ><li class='ez-toc-heading-level-3'><a class=\"ez-toc-link ez-toc-heading-3\" href=\"https:\/\/raum-blick.de\/magazin\/fruehling-interior-glow\/#Schluss_mit_Winterschlaf_jetzt_zieht_der_Fruehling_ein\" >Schluss mit Winterschlaf, jetzt zieht der Fr\u00fchling ein!<\/a><\/li><\/ul><\/li><li class='ez-toc-page-1 ez-toc-heading-level-2'><a class=\"ez-toc-link ez-toc-heading-4\" href=\"https:\/\/raum-blick.de\/magazin\/fruehling-interior-glow\/#Da_blueht_uns_was_Das_Beste_am_Fruehling_Die_Blumen\" >Da bl\u00fcht uns was! Das Beste am Fr\u00fchling? Die Blumen!<\/a><ul class='ez-toc-list-level-3' ><li class='ez-toc-heading-level-3'><a class=\"ez-toc-link ez-toc-heading-5\" href=\"https:\/\/raum-blick.de\/magazin\/fruehling-interior-glow\/#Augenbetoerend_schoene_Vasen_Blumentoepfe\" >Augenbet\u00f6rend sch\u00f6ne Vasen &amp; Blument\u00f6pfe<\/a><\/li><\/ul><\/li><li class='ez-toc-page-1 ez-toc-heading-level-2'><a class=\"ez-toc-link ez-toc-heading-6\" href=\"https:\/\/raum-blick.de\/magazin\/fruehling-interior-glow\/#Bereit_fuer_den_Fruehling_und_einfach_mal_alles_entstauben\" >Bereit f\u00fcr den Fr\u00fchling und einfach mal alles entstauben<\/a><\/li><li class='ez-toc-page-1 ez-toc-heading-level-2'><a class=\"ez-toc-link ez-toc-heading-7\" href=\"https:\/\/raum-blick.de\/magazin\/fruehling-interior-glow\/#Nichts_wie_raus_Outdoor_Fruehling\" >Nichts wie raus: Outdoor Fr\u00fchling<\/a><\/li><\/ul><\/nav><\/div>\n\n\n\n\n<h3 class=\"wp-block-heading\"><span class=\"ez-toc-section\" id=\"Schluss_mit_Winterschlaf_jetzt_zieht_der_Fruehling_ein\"><\/span>Schluss mit Winterschlaf, jetzt zieht der Fr\u00fchling ein!<span class=\"ez-toc-section-end\"><\/span><\/h3>\n\n\n\n<p>Den zarten Anfang machen unsere aktuellen Newcomer und die k\u00f6nnten unterschiedlicher kaum sein. Eines haben Sie jedoch gemeinsam: Sie sind Design-Ikonen mit Kultcharakter \u2013 durchdacht, formsch\u00f6n und einfach herrlich zeitlos.<\/p>\n\n\n\n<div class=\"wp-block-media-text alignwide is-stacked-on-mobile\"><figure class=\"wp-block-media-text__media\"><img loading=\"lazy\" decoding=\"async\" width=\"400\" height=\"400\" src=\"https:\/\/www.raum-blick.de\/magazin\/wp-content\/uploads\/2024\/03\/chap-o-sage-haengeleuchte-fatboy_99809_200x200@2x.jpg\" alt=\"Ganz sch\u00f6n clever: die kabellose Fatboy Akku-Pendelleuchte. Passt \u00fcberall, denn Strom braucht sie nicht. \" class=\"wp-image-19578 size-full\" title=\"\" srcset=\"https:\/\/raum-blick.de\/magazin\/wp-content\/uploads\/2024\/03\/chap-o-sage-haengeleuchte-fatboy_99809_200x200@2x.jpg 400w, https:\/\/raum-blick.de\/magazin\/wp-content\/uploads\/2024\/03\/chap-o-sage-haengeleuchte-fatboy_99809_200x200@2x-300x300.jpg 300w, https:\/\/raum-blick.de\/magazin\/wp-content\/uploads\/2024\/03\/chap-o-sage-haengeleuchte-fatboy_99809_200x200@2x-150x150.jpg 150w\" sizes=\"(max-width: 400px) 100vw, 400px\" \/><\/figure><div class=\"wp-block-media-text__content\">\n<figure class=\"wp-block-image size-full\"><img loading=\"lazy\" decoding=\"async\" width=\"400\" height=\"400\" src=\"https:\/\/www.raum-blick.de\/magazin\/wp-content\/uploads\/2024\/03\/aeris-swopper-mono-colour-pink_99872eAgyGNbotV5to_200x200@2x.jpg\" alt=\"Fr\u00fchling zum Sitzen: Der Aeris Swopper ist eine Wohltat f\u00fcr den R\u00fccken. Jetzt in zartem Fr\u00fchlingsrosa in limitierter Auflage.\" class=\"wp-image-19581\" title=\"\" srcset=\"https:\/\/raum-blick.de\/magazin\/wp-content\/uploads\/2024\/03\/aeris-swopper-mono-colour-pink_99872eAgyGNbotV5to_200x200@2x.jpg 400w, https:\/\/raum-blick.de\/magazin\/wp-content\/uploads\/2024\/03\/aeris-swopper-mono-colour-pink_99872eAgyGNbotV5to_200x200@2x-300x300.jpg 300w, https:\/\/raum-blick.de\/magazin\/wp-content\/uploads\/2024\/03\/aeris-swopper-mono-colour-pink_99872eAgyGNbotV5to_200x200@2x-150x150.jpg 150w\" sizes=\"(max-width: 400px) 100vw, 400px\" \/><figcaption class=\"wp-element-caption\"><em>Der <a href=\"https:\/\/www.raum-blick.de\/aeris-swopper\/\">Aeris Swopper<\/a> jetzt in limitierter Auflage in zartem Rosa. St\u00e4rkt den R\u00fccken, entlastet die Bandscheibe und sorgt f\u00fcr eine aufrechte Sitzhaltung.<\/em><\/figcaption><\/figure>\n\n\n\n<figure class=\"wp-block-image size-full\"><img loading=\"lazy\" decoding=\"async\" width=\"400\" height=\"400\" src=\"https:\/\/www.raum-blick.de\/magazin\/wp-content\/uploads\/2024\/03\/fatboy-chap-o-sage-106409_99807_200x200@2x.jpg\" alt=\"Die Chap-O von Fatboy in sattem Gr\u00fcn strahlt wie der Fr\u00fchling. \" class=\"wp-image-19579\" title=\"\" srcset=\"https:\/\/raum-blick.de\/magazin\/wp-content\/uploads\/2024\/03\/fatboy-chap-o-sage-106409_99807_200x200@2x.jpg 400w, https:\/\/raum-blick.de\/magazin\/wp-content\/uploads\/2024\/03\/fatboy-chap-o-sage-106409_99807_200x200@2x-300x300.jpg 300w, https:\/\/raum-blick.de\/magazin\/wp-content\/uploads\/2024\/03\/fatboy-chap-o-sage-106409_99807_200x200@2x-150x150.jpg 150w\" sizes=\"(max-width: 400px) 100vw, 400px\" \/><figcaption class=\"wp-element-caption\"><em>Die dimmbare<a href=\"https:\/\/www.raum-blick.de\/fatboy-lampe\/\"> Chap-O Akku-Pendelleuchte von Fatboy <\/a>ist kabellos, kompakt und kommt mit einer coolen Wandhalterung daher. Stromanschluss? Brauchen Sie keinen. Einfach aufh\u00e4ngen, wo&#8217;s gef\u00e4llt \u2013 auch drau\u00dfen.<\/em><\/figcaption><\/figure>\n<\/div><\/div>\n\n\n\n<div class=\"wp-block-columns is-layout-flex wp-container-core-columns-is-layout-9d6595d7 wp-block-columns-is-layout-flex\">\n<div class=\"wp-block-column is-layout-flow wp-block-column-is-layout-flow\" style=\"flex-basis:100%\">\n<div class=\"wp-block-columns is-layout-flex wp-container-core-columns-is-layout-9d6595d7 wp-block-columns-is-layout-flex\">\n<div class=\"wp-block-column is-layout-flow wp-block-column-is-layout-flow\">\n<figure class=\"wp-block-image size-full\"><img loading=\"lazy\" decoding=\"async\" width=\"400\" height=\"400\" src=\"https:\/\/www.raum-blick.de\/magazin\/wp-content\/uploads\/2024\/03\/Thonet-118M-schwarz_100445_200x200@2x.jpg\" alt=\"Zart wie der Fr\u00fchling: der minimalistische Holzstuhl 118M von Thonet. \" class=\"wp-image-19577\" title=\"\" srcset=\"https:\/\/raum-blick.de\/magazin\/wp-content\/uploads\/2024\/03\/Thonet-118M-schwarz_100445_200x200@2x.jpg 400w, https:\/\/raum-blick.de\/magazin\/wp-content\/uploads\/2024\/03\/Thonet-118M-schwarz_100445_200x200@2x-300x300.jpg 300w, https:\/\/raum-blick.de\/magazin\/wp-content\/uploads\/2024\/03\/Thonet-118M-schwarz_100445_200x200@2x-150x150.jpg 150w\" sizes=\"(max-width: 400px) 100vw, 400px\" \/><figcaption class=\"wp-element-caption\"><em>Elegant und filigran: der <a href=\"https:\/\/www.raum-blick.de\/thonet\/\">Thonet 118M<\/a>. Das Besondere? Die au\u00dfen runden und innen geraden Stuhlbeine und die Mulde f\u00fcr optimalen Sitzkomfort.  Ein Klassiker f\u00fcr Esszimmer und K\u00fcche. <\/em><\/figcaption><\/figure>\n<\/div>\n\n\n\n<div class=\"wp-block-column is-layout-flow wp-block-column-is-layout-flow\">\n<figure class=\"wp-block-image size-full\"><img loading=\"lazy\" decoding=\"async\" width=\"400\" height=\"400\" src=\"https:\/\/www.raum-blick.de\/magazin\/wp-content\/uploads\/2024\/03\/mr-maria-miffy-first-light-kinderzimmer_81579Emyw1kHWKV9YL_200x200@2x.jpg\" alt=\"Kleiner Hase, gro\u00dfe Gef\u00fchle! Miffy First Light begleitet die Kleinen durch den Fr\u00fchling. \" class=\"wp-image-19614\" title=\"\" srcset=\"https:\/\/raum-blick.de\/magazin\/wp-content\/uploads\/2024\/03\/mr-maria-miffy-first-light-kinderzimmer_81579Emyw1kHWKV9YL_200x200@2x.jpg 400w, https:\/\/raum-blick.de\/magazin\/wp-content\/uploads\/2024\/03\/mr-maria-miffy-first-light-kinderzimmer_81579Emyw1kHWKV9YL_200x200@2x-300x300.jpg 300w, https:\/\/raum-blick.de\/magazin\/wp-content\/uploads\/2024\/03\/mr-maria-miffy-first-light-kinderzimmer_81579Emyw1kHWKV9YL_200x200@2x-150x150.jpg 150w\" sizes=\"(max-width: 400px) 100vw, 400px\" \/><figcaption class=\"wp-element-caption\"><em>So niedlich: die <a href=\"https:\/\/www.raum-blick.de\/mrmaria\/\">Miffy First Light <\/a>LED Leuchte f\u00fcrs Kinderzimmer. Als treuer Begleiter beim Vorlesen und Wickeln, als Spielgef\u00e4hrte und angenehmes Nachtlicht. Aus BPA-freiem Silikon in den Niederlanden produziert.<\/em><\/figcaption><\/figure>\n<\/div>\n<\/div>\n\n\n\n<div class=\"wp-block-columns is-layout-flex wp-container-core-columns-is-layout-9d6595d7 wp-block-columns-is-layout-flex\">\n<div class=\"wp-block-column is-layout-flow wp-block-column-is-layout-flow\">\n<figure class=\"wp-block-image size-full\"><img loading=\"lazy\" decoding=\"async\" width=\"400\" height=\"400\" src=\"https:\/\/www.raum-blick.de\/magazin\/wp-content\/uploads\/2024\/03\/kiondo-shopper-basket-weiss-mifuko_96119_200x200@2x.jpg\" alt=\"\" class=\"wp-image-19609\" title=\"\" srcset=\"https:\/\/raum-blick.de\/magazin\/wp-content\/uploads\/2024\/03\/kiondo-shopper-basket-weiss-mifuko_96119_200x200@2x.jpg 400w, https:\/\/raum-blick.de\/magazin\/wp-content\/uploads\/2024\/03\/kiondo-shopper-basket-weiss-mifuko_96119_200x200@2x-300x300.jpg 300w, https:\/\/raum-blick.de\/magazin\/wp-content\/uploads\/2024\/03\/kiondo-shopper-basket-weiss-mifuko_96119_200x200@2x-150x150.jpg 150w\" sizes=\"(max-width: 400px) 100vw, 400px\" \/><figcaption class=\"wp-element-caption\"><em>Mifuko Kiondo ist ein Shopper, der nicht nur gut aussieht, sondern auch Gutes tut. Handgefertigt in Kenia, Tansania und Ghana, jedes St\u00fcck ein Unikat.<\/em><\/figcaption><\/figure>\n<\/div>\n\n\n\n<div class=\"wp-block-column is-layout-flow wp-block-column-is-layout-flow\">\n<figure class=\"wp-block-image size-full\"><img loading=\"lazy\" decoding=\"async\" width=\"400\" height=\"400\" src=\"https:\/\/www.raum-blick.de\/magazin\/wp-content\/uploads\/2024\/03\/ferm-living-mura-kerzen-freisteller_85853_200x200@2x.jpg\" alt=\"\" class=\"wp-image-19597\" title=\"\" srcset=\"https:\/\/raum-blick.de\/magazin\/wp-content\/uploads\/2024\/03\/ferm-living-mura-kerzen-freisteller_85853_200x200@2x.jpg 400w, https:\/\/raum-blick.de\/magazin\/wp-content\/uploads\/2024\/03\/ferm-living-mura-kerzen-freisteller_85853_200x200@2x-300x300.jpg 300w, https:\/\/raum-blick.de\/magazin\/wp-content\/uploads\/2024\/03\/ferm-living-mura-kerzen-freisteller_85853_200x200@2x-150x150.jpg 150w\" sizes=\"(max-width: 400px) 100vw, 400px\" \/><figcaption class=\"wp-element-caption\">Charakterisch f\u00fcr das Mura 4er-Set von ferm LIVING ist die Unebenheit. Nachhaltige, umweltfreundliche Bio-Kerzen mit 11 Stunden Brenndauer. <\/figcaption><\/figure>\n<\/div>\n\n\n\n<div class=\"wp-block-column is-layout-flow wp-block-column-is-layout-flow\">\n<figure class=\"wp-block-image size-full\"><img loading=\"lazy\" decoding=\"async\" width=\"400\" height=\"400\" src=\"https:\/\/www.raum-blick.de\/magazin\/wp-content\/uploads\/2024\/03\/pols-potten-peony-wasserglaeser-gruen_95802_200x200@2x.jpg\" alt=\"\" class=\"wp-image-19586\" title=\"\" srcset=\"https:\/\/raum-blick.de\/magazin\/wp-content\/uploads\/2024\/03\/pols-potten-peony-wasserglaeser-gruen_95802_200x200@2x.jpg 400w, https:\/\/raum-blick.de\/magazin\/wp-content\/uploads\/2024\/03\/pols-potten-peony-wasserglaeser-gruen_95802_200x200@2x-300x300.jpg 300w, https:\/\/raum-blick.de\/magazin\/wp-content\/uploads\/2024\/03\/pols-potten-peony-wasserglaeser-gruen_95802_200x200@2x-150x150.jpg 150w\" sizes=\"(max-width: 400px) 100vw, 400px\" \/><figcaption class=\"wp-element-caption\">Die Peony Wassergl\u00e4ser von <a href=\"https:\/\/www.raum-blick.de\/pols-potten\/\">Pols Potten <\/a>bringen Freude und Farbe auf den Tisch. Und in diesem Fall eine wundersch\u00f6ne sandgestrahlte Pfingstrose. <\/figcaption><\/figure>\n<\/div>\n<\/div>\n<\/div>\n<\/div>\n\n\n\n<h2 class=\"wp-block-heading\"><span class=\"ez-toc-section\" id=\"Da_blueht_uns_was_Das_Beste_am_Fruehling_Die_Blumen\"><\/span>Da bl\u00fcht uns was! Das Beste am Fr\u00fchling? Die Blumen!<span class=\"ez-toc-section-end\"><\/span><\/h2>\n\n\n\n<p>Allein schon der verf\u00fchrerische Duft, wenn wir morgens das Fenster \u00f6ffnen, dazu zarte Knospen und \u00fcppige Bl\u00fctenpracht \u2013 der Fr\u00fchling ist mit all seiner Aufbruchstimmung einfach magisch. Dann noch diese satten Farben und diese Lebendigkeit, kein Wunder wollen wir all das jetzt nicht nur drau\u00dfen, sondern auch gerne drinnen haben. Also nichts wie auf ins Vasen- und Blumentopf-Vergn\u00fcgen!<\/p>\n\n\n\n<h3 class=\"wp-block-heading\"><span class=\"ez-toc-section\" id=\"Augenbetoerend_schoene_Vasen_Blumentoepfe\"><\/span>Augenbet\u00f6rend sch\u00f6ne Vasen &amp; Blument\u00f6pfe<span class=\"ez-toc-section-end\"><\/span><\/h3>\n\n\n\n<p>Holen Sie sich die Sonne und vor allem nat\u00fcrlich die Fr\u00fchjahrsbl\u00fcher ins Haus. Bei uns finden Sie ein breit gef\u00e4chertes Sortiment an kunstvollen Bl\u00fctenbeh\u00e4ltnissen f\u00fcr jeden Geschmack und jeden Einrichtungsstil. Und die sind definitiv auch solo, ohne floralen Inhalt, ein absoluter Blickfang. Aber sehen Sie selbst!<\/p>\n\n\n\n<div class=\"wp-block-columns is-layout-flex wp-container-core-columns-is-layout-9d6595d7 wp-block-columns-is-layout-flex\">\n<div class=\"wp-block-column is-layout-flow wp-block-column-is-layout-flow\">\n<figure class=\"wp-block-image size-full\"><img loading=\"lazy\" decoding=\"async\" width=\"400\" height=\"400\" src=\"https:\/\/www.raum-blick.de\/magazin\/wp-content\/uploads\/2024\/03\/guaxs-mathura-vase-glas_73639EDrFbN6G3O9yn_200x200@2x.jpg\" alt=\"Farbenfroh in den Fr\u00fchling: mit den Unikat-Vasen von GUAXS. \" class=\"wp-image-19572\" title=\"\" srcset=\"https:\/\/raum-blick.de\/magazin\/wp-content\/uploads\/2024\/03\/guaxs-mathura-vase-glas_73639EDrFbN6G3O9yn_200x200@2x.jpg 400w, https:\/\/raum-blick.de\/magazin\/wp-content\/uploads\/2024\/03\/guaxs-mathura-vase-glas_73639EDrFbN6G3O9yn_200x200@2x-300x300.jpg 300w, https:\/\/raum-blick.de\/magazin\/wp-content\/uploads\/2024\/03\/guaxs-mathura-vase-glas_73639EDrFbN6G3O9yn_200x200@2x-150x150.jpg 150w\" sizes=\"(max-width: 400px) 100vw, 400px\" \/><figcaption class=\"wp-element-caption\"><em>Die mundgeblasenen Vasen des T\u00fcbinger Labels GUAXS bezaubern mit ihrer \u00c4sthetik und: keine gleicht der anderen. <\/em><\/figcaption><\/figure>\n<\/div>\n\n\n\n<div class=\"wp-block-column is-layout-flow wp-block-column-is-layout-flow\">\n<figure class=\"wp-block-image size-full\"><img loading=\"lazy\" decoding=\"async\" width=\"400\" height=\"400\" src=\"https:\/\/www.raum-blick.de\/magazin\/wp-content\/uploads\/2024\/03\/runvik-vase-weiss-storefactory_77431_200x200@2x.jpg\" alt=\"Rund, gerillt, matt und ein echtes Highlight: Runvik von Storefactory. \" class=\"wp-image-19571\" title=\"\" srcset=\"https:\/\/raum-blick.de\/magazin\/wp-content\/uploads\/2024\/03\/runvik-vase-weiss-storefactory_77431_200x200@2x.jpg 400w, https:\/\/raum-blick.de\/magazin\/wp-content\/uploads\/2024\/03\/runvik-vase-weiss-storefactory_77431_200x200@2x-300x300.jpg 300w, https:\/\/raum-blick.de\/magazin\/wp-content\/uploads\/2024\/03\/runvik-vase-weiss-storefactory_77431_200x200@2x-150x150.jpg 150w\" sizes=\"(max-width: 400px) 100vw, 400px\" \/><figcaption class=\"wp-element-caption\"><em>Die breiten, horizontalen Rillen fallen bei der Runvik von <a href=\"https:\/\/www.raum-blick.de\/storefactory\/\">Storefactory <\/a>sofort ins Auge. Aus matter Keramik mit Liebe in Handarbeit hergestellt und unverkennbar nordisch.<\/em> <\/figcaption><\/figure>\n<\/div>\n<\/div>\n\n\n\n<div class=\"wp-block-columns is-layout-flex wp-container-core-columns-is-layout-9d6595d7 wp-block-columns-is-layout-flex\">\n<div class=\"wp-block-column is-layout-flow wp-block-column-is-layout-flow\">\n<figure class=\"wp-block-image size-full\"><img loading=\"lazy\" decoding=\"async\" width=\"400\" height=\"400\" src=\"https:\/\/www.raum-blick.de\/magazin\/wp-content\/uploads\/2024\/03\/storefactory-MALMBACK-vase-klar_96999_200x200@2x.jpg\" alt=\"Eine Glasvase so fl\u00fcchtig und luftig-leicht wie die Elemente. Malmb\u00e4ck von Storefactory.\" class=\"wp-image-19570\" title=\"\" srcset=\"https:\/\/raum-blick.de\/magazin\/wp-content\/uploads\/2024\/03\/storefactory-MALMBACK-vase-klar_96999_200x200@2x.jpg 400w, https:\/\/raum-blick.de\/magazin\/wp-content\/uploads\/2024\/03\/storefactory-MALMBACK-vase-klar_96999_200x200@2x-300x300.jpg 300w, https:\/\/raum-blick.de\/magazin\/wp-content\/uploads\/2024\/03\/storefactory-MALMBACK-vase-klar_96999_200x200@2x-150x150.jpg 150w\" sizes=\"(max-width: 400px) 100vw, 400px\" \/><figcaption class=\"wp-element-caption\"><em>Die Malmb\u00e4ck Glasvase von Storefactory erinnert mit ihren Wellen an Wind und mehr. Nat\u00fcrlicher geht&#8217;s nicht!<\/em><\/figcaption><\/figure>\n<\/div>\n\n\n\n<div class=\"wp-block-column is-layout-flow wp-block-column-is-layout-flow\">\n<figure class=\"wp-block-image size-full\"><img loading=\"lazy\" decoding=\"async\" width=\"400\" height=\"400\" src=\"https:\/\/www.raum-blick.de\/magazin\/wp-content\/uploads\/2024\/03\/guaxs-pinara-vase-sky-rund-blumen-freisteller_88618_200x200@2x.jpg\" alt=\"Willkommen, Fr\u00fchling! In der bauchigen Pinara von GUAXS f\u00fchlen sich Blumen einfach pudelwohl. \" class=\"wp-image-19568\" title=\"\" srcset=\"https:\/\/raum-blick.de\/magazin\/wp-content\/uploads\/2024\/03\/guaxs-pinara-vase-sky-rund-blumen-freisteller_88618_200x200@2x.jpg 400w, https:\/\/raum-blick.de\/magazin\/wp-content\/uploads\/2024\/03\/guaxs-pinara-vase-sky-rund-blumen-freisteller_88618_200x200@2x-300x300.jpg 300w, https:\/\/raum-blick.de\/magazin\/wp-content\/uploads\/2024\/03\/guaxs-pinara-vase-sky-rund-blumen-freisteller_88618_200x200@2x-150x150.jpg 150w\" sizes=\"(max-width: 400px) 100vw, 400px\" \/><figcaption class=\"wp-element-caption\"><em>Und noch eine <a href=\"https:\/\/www.raum-blick.de\/guaxs\/\">GUAXS<\/a>-Sch\u00f6nheit: die charmante, bauchige Pinara-Vase mit ihren markanten Rillen. <\/em><\/figcaption><\/figure>\n<\/div>\n\n\n\n<div class=\"wp-block-column is-layout-flow wp-block-column-is-layout-flow\">\n<figure class=\"wp-block-image size-full\"><img loading=\"lazy\" decoding=\"async\" width=\"400\" height=\"400\" src=\"https:\/\/www.raum-blick.de\/magazin\/wp-content\/uploads\/2024\/03\/storefactory-adala-vase-rillen-braun_85407_200x200@2x.jpg\" alt=\"Ein Hoch auf die gerillte Adala Vase von Storefactory. Die perfekte B\u00fchne f\u00fcr den floralen Inhalt. \" class=\"wp-image-19569\" title=\"\" srcset=\"https:\/\/raum-blick.de\/magazin\/wp-content\/uploads\/2024\/03\/storefactory-adala-vase-rillen-braun_85407_200x200@2x.jpg 400w, https:\/\/raum-blick.de\/magazin\/wp-content\/uploads\/2024\/03\/storefactory-adala-vase-rillen-braun_85407_200x200@2x-300x300.jpg 300w, https:\/\/raum-blick.de\/magazin\/wp-content\/uploads\/2024\/03\/storefactory-adala-vase-rillen-braun_85407_200x200@2x-150x150.jpg 150w\" sizes=\"(max-width: 400px) 100vw, 400px\" \/><figcaption class=\"wp-element-caption\"><em>Storefactory Adala ist eine schmale, zarte Vase, die einzelne Bl\u00fcten, Trockengr\u00e4ser oder \u00c4ste gekonnt inszeniert.<\/em><\/figcaption><\/figure>\n<\/div>\n<\/div>\n\n\n\n<div class=\"wp-block-columns is-layout-flex wp-container-core-columns-is-layout-9d6595d7 wp-block-columns-is-layout-flex\">\n<div class=\"wp-block-column is-layout-flow wp-block-column-is-layout-flow\">\n<figure class=\"wp-block-image size-full\"><img loading=\"lazy\" decoding=\"async\" width=\"400\" height=\"400\" src=\"https:\/\/www.raum-blick.de\/magazin\/wp-content\/uploads\/2024\/03\/menu-umanoff-pflanztopf-pflanzstaender-kombination_72195qskNbIVM7HYJQ_200x200@2x.jpg\" alt=\"So sieht es also aus, wenn sich Nat\u00fcrlichkeit und Industrie-Design verbinden: Umanoff von Audo. \" class=\"wp-image-19566\" title=\"\" srcset=\"https:\/\/raum-blick.de\/magazin\/wp-content\/uploads\/2024\/03\/menu-umanoff-pflanztopf-pflanzstaender-kombination_72195qskNbIVM7HYJQ_200x200@2x.jpg 400w, https:\/\/raum-blick.de\/magazin\/wp-content\/uploads\/2024\/03\/menu-umanoff-pflanztopf-pflanzstaender-kombination_72195qskNbIVM7HYJQ_200x200@2x-300x300.jpg 300w, https:\/\/raum-blick.de\/magazin\/wp-content\/uploads\/2024\/03\/menu-umanoff-pflanztopf-pflanzstaender-kombination_72195qskNbIVM7HYJQ_200x200@2x-150x150.jpg 150w\" sizes=\"(max-width: 400px) 100vw, 400px\" \/><figcaption class=\"wp-element-caption\"><em>Rattan und Stahl, was f\u00fcr eine aparte Mischung, die Arthur Umanoff hier f\u00fcr <a href=\"https:\/\/www.raum-blick.de\/audo\/\">Audo <\/a>kreiert hat. Das ist Tradition neu interpretiert. Einfach herrlich, Arthur!<\/em><\/figcaption><\/figure>\n<\/div>\n\n\n\n<div class=\"wp-block-column is-layout-flow wp-block-column-is-layout-flow\">\n<figure class=\"wp-block-image size-full\"><img loading=\"lazy\" decoding=\"async\" width=\"400\" height=\"400\" src=\"https:\/\/www.raum-blick.de\/magazin\/wp-content\/uploads\/2024\/03\/menu-plantas-blumentop-h32-uebersicht-mit-pflanzen_93315_200x200@2x.jpg\" alt=\"Steingut hat was, wie die Plantas-\u00dcbert\u00f6pfe von Audo zeigen. \" class=\"wp-image-19567\" title=\"\" srcset=\"https:\/\/raum-blick.de\/magazin\/wp-content\/uploads\/2024\/03\/menu-plantas-blumentop-h32-uebersicht-mit-pflanzen_93315_200x200@2x.jpg 400w, https:\/\/raum-blick.de\/magazin\/wp-content\/uploads\/2024\/03\/menu-plantas-blumentop-h32-uebersicht-mit-pflanzen_93315_200x200@2x-300x300.jpg 300w, https:\/\/raum-blick.de\/magazin\/wp-content\/uploads\/2024\/03\/menu-plantas-blumentop-h32-uebersicht-mit-pflanzen_93315_200x200@2x-150x150.jpg 150w\" sizes=\"(max-width: 400px) 100vw, 400px\" \/><figcaption class=\"wp-element-caption\"><em>Der Audo-Kurvenstar Plantas ist aus mattem, elfenbeinfarbenem Steingut, hat eine unregelm\u00e4\u00dfige, gefurchte Oberfl\u00e4che und jeder \u00dcbertopf ist einzig in seiner Art, weil: von Hand gefertigt.<\/em><\/figcaption><\/figure>\n<\/div>\n<\/div>\n\n\n\n<h2 class=\"wp-block-heading\"><span class=\"ez-toc-section\" id=\"Bereit_fuer_den_Fruehling_und_einfach_mal_alles_entstauben\"><\/span>Bereit f\u00fcr den Fr\u00fchling und einfach mal alles entstauben<span class=\"ez-toc-section-end\"><\/span><\/h2>\n\n\n\n<p>Ja, auch unsere Kleidung hat es verdient, dass wir sie jetzt aufh\u00fcbschen und vor allem auffrischen. Denn im Moment sind wir richtig drin im Fr\u00fchjahrsputzmodus und k\u00f6nnen es kaum erwarten, endlich die Winter- gegen die Sommeroutfits tauschen zu d\u00fcrfen. Und diese drei kleinen Helferlein von <a href=\"https:\/\/www.raum-blick.de\/steamery\/\">Steamery <\/a>hier sind nicht nur ausgesprochen formsch\u00f6n, sondern auch funktional und machen Ihre Garderobe im Handumdrehen fr\u00fchlingsfit. <\/p>\n\n\n\n<div class=\"wp-block-media-text alignwide is-stacked-on-mobile\"><figure class=\"wp-block-media-text__media\"><img loading=\"lazy\" decoding=\"async\" width=\"400\" height=\"400\" src=\"https:\/\/www.raum-blick.de\/magazin\/wp-content\/uploads\/2024\/03\/steamery-cirrus-no-3-steamer-sage_86940_200x200@2x.jpg\" alt=\"Cirrus No. 3 von Steamery frischt Kleidung im Handumdrehen auf. So geht Fr\u00fchling!\" class=\"wp-image-19564 size-full\" title=\"\" srcset=\"https:\/\/raum-blick.de\/magazin\/wp-content\/uploads\/2024\/03\/steamery-cirrus-no-3-steamer-sage_86940_200x200@2x.jpg 400w, https:\/\/raum-blick.de\/magazin\/wp-content\/uploads\/2024\/03\/steamery-cirrus-no-3-steamer-sage_86940_200x200@2x-300x300.jpg 300w, https:\/\/raum-blick.de\/magazin\/wp-content\/uploads\/2024\/03\/steamery-cirrus-no-3-steamer-sage_86940_200x200@2x-150x150.jpg 150w\" sizes=\"(max-width: 400px) 100vw, 400px\" \/><\/figure><div class=\"wp-block-media-text__content\">\n<p><em>Der Cirrus No. 3 kann dampfgl\u00e4tten und b\u00fcgeln, was besonders praktisch ist. Dass er dabei schonend und sanft zum Stoff ist, versteht sich von selbst. Ein echter Allrounder f\u00fcr die Reise und daheim.<\/em><\/p>\n<\/div><\/div>\n\n\n\n<div class=\"wp-block-columns is-layout-flex wp-container-core-columns-is-layout-9d6595d7 wp-block-columns-is-layout-flex\">\n<div class=\"wp-block-column is-layout-flow wp-block-column-is-layout-flow\">\n<figure class=\"wp-block-image size-full\"><img loading=\"lazy\" decoding=\"async\" width=\"400\" height=\"400\" src=\"https:\/\/www.raum-blick.de\/magazin\/wp-content\/uploads\/2024\/03\/steamery-pilo-fabric-pink-rasierer_63125d0W8ipPGpNbiG_200x200@2x.jpg\" alt=\"Ein Fusselrasierer in Rosa. Unfassbar weiblich und unglaublich effizient: der Pilo Fabric Shaver von Steamery.\" class=\"wp-image-19565\" title=\"\" srcset=\"https:\/\/raum-blick.de\/magazin\/wp-content\/uploads\/2024\/03\/steamery-pilo-fabric-pink-rasierer_63125d0W8ipPGpNbiG_200x200@2x.jpg 400w, https:\/\/raum-blick.de\/magazin\/wp-content\/uploads\/2024\/03\/steamery-pilo-fabric-pink-rasierer_63125d0W8ipPGpNbiG_200x200@2x-300x300.jpg 300w, https:\/\/raum-blick.de\/magazin\/wp-content\/uploads\/2024\/03\/steamery-pilo-fabric-pink-rasierer_63125d0W8ipPGpNbiG_200x200@2x-150x150.jpg 150w\" sizes=\"(max-width: 400px) 100vw, 400px\" \/><figcaption class=\"wp-element-caption\"><em>Hinter dem abnehmbaren Deckel des Pilo Fabric Shaver verbergen sich ein leistungsstarker Motor und scharfe Rasiermesserklingen. Befreit Wolliges von unliebsamen Kn\u00f6tchen und Fusseln. \u00dcber USB-Kabel aufladbar.<\/em><\/figcaption><\/figure>\n<\/div>\n\n\n\n<div class=\"wp-block-column is-layout-flow wp-block-column-is-layout-flow\">\n<figure class=\"wp-block-image size-full\"><img loading=\"lazy\" decoding=\"async\" width=\"400\" height=\"400\" src=\"https:\/\/www.raum-blick.de\/magazin\/wp-content\/uploads\/2024\/03\/steamery-lint-brush-beige_76722riwRliHP3oLiP_200x200@2x.jpg\" alt=\"Steamery Lint Brush ist klein, praktisch und kriegt auch wirklich jede Fussel. \" class=\"wp-image-19563\" title=\"\" srcset=\"https:\/\/raum-blick.de\/magazin\/wp-content\/uploads\/2024\/03\/steamery-lint-brush-beige_76722riwRliHP3oLiP_200x200@2x.jpg 400w, https:\/\/raum-blick.de\/magazin\/wp-content\/uploads\/2024\/03\/steamery-lint-brush-beige_76722riwRliHP3oLiP_200x200@2x-300x300.jpg 300w, https:\/\/raum-blick.de\/magazin\/wp-content\/uploads\/2024\/03\/steamery-lint-brush-beige_76722riwRliHP3oLiP_200x200@2x-150x150.jpg 150w\" sizes=\"(max-width: 400px) 100vw, 400px\" \/><figcaption class=\"wp-element-caption\"><em>DIe Lint Brush entfernt Flusen, Haare, Staub, Flaum und Schuppen von Kleidung und M\u00f6beln. Und das ohne unsch\u00f6ne Klebespuren zu hinterlassen. Ideal f\u00fcr Tierhalter und so klein und handlich, dass sie in (fast) jede Tasche passt. Mitnehmen erw\u00fcnscht! <\/em><\/figcaption><\/figure>\n<\/div>\n<\/div>\n\n\n\n<h2 class=\"wp-block-heading\"><span class=\"ez-toc-section\" id=\"Nichts_wie_raus_Outdoor_Fruehling\"><\/span>Nichts wie raus: Outdoor Fr\u00fchling<span class=\"ez-toc-section-end\"><\/span><\/h2>\n\n\n\n<p>Die Freiluftsaison ist er\u00f6ffnet. Und selten f\u00fchlt sich das Leben so frei und leicht an wie jetzt. Fr\u00fchst\u00fcck, Mittagessen, Sundowner \u2013 am liebsten alles Open Air. Picknicken sowieso. Der Gute-Laune-Pegel steigt genauso wie die Genussfreude und am liebsten w\u00fcrden wir die Zeit anhalten. Ach Zauber des Anfangs, verweile doch! Und eben weil der Moment so fl\u00fcchtig ist, erst einmal Musik aufdrehen, Liege platzieren und Sonne tanken!<\/p>\n\n\n\n<div class=\"wp-block-media-text alignwide is-stacked-on-mobile\"><figure class=\"wp-block-media-text__media\"><img loading=\"lazy\" decoding=\"async\" width=\"400\" height=\"400\" src=\"https:\/\/www.raum-blick.de\/magazin\/wp-content\/uploads\/2024\/03\/outdoortisch-muuto-70-70_98452_200x200@2x.jpg\" alt=\"Der Muuto 70\/70 ist ein Statement, aber ein sehr leichtes. Das lieben wir im Fr\u00fchling. \" class=\"wp-image-19547 size-full\" title=\"\" srcset=\"https:\/\/raum-blick.de\/magazin\/wp-content\/uploads\/2024\/03\/outdoortisch-muuto-70-70_98452_200x200@2x.jpg 400w, https:\/\/raum-blick.de\/magazin\/wp-content\/uploads\/2024\/03\/outdoortisch-muuto-70-70_98452_200x200@2x-300x300.jpg 300w, https:\/\/raum-blick.de\/magazin\/wp-content\/uploads\/2024\/03\/outdoortisch-muuto-70-70_98452_200x200@2x-150x150.jpg 150w\" sizes=\"(max-width: 400px) 100vw, 400px\" \/><\/figure><div class=\"wp-block-media-text__content\">\n<figure class=\"wp-block-image size-full is-resized\"><img loading=\"lazy\" decoding=\"async\" src=\"https:\/\/www.raum-blick.de\/magazin\/wp-content\/uploads\/2024\/03\/muuto-70-70-outdoor-table-225x90-sapele-mahogany-grey_98448_200x200@2x.jpg\" alt=\"Muuto 70\/70: ein unaufdringlicher und robuster Gartentisch.\" class=\"wp-image-19546\" width=\"353\" height=\"353\" title=\"\" srcset=\"https:\/\/raum-blick.de\/magazin\/wp-content\/uploads\/2024\/03\/muuto-70-70-outdoor-table-225x90-sapele-mahogany-grey_98448_200x200@2x.jpg 400w, https:\/\/raum-blick.de\/magazin\/wp-content\/uploads\/2024\/03\/muuto-70-70-outdoor-table-225x90-sapele-mahogany-grey_98448_200x200@2x-300x300.jpg 300w, https:\/\/raum-blick.de\/magazin\/wp-content\/uploads\/2024\/03\/muuto-70-70-outdoor-table-225x90-sapele-mahogany-grey_98448_200x200@2x-150x150.jpg 150w\" sizes=\"(max-width: 353px) 100vw, 353px\" \/><figcaption class=\"wp-element-caption\"><em>Schlicht, unaufdringlich und robust: der 70\/70 Gartentisch von Muuto. Mit einem Sockel aus pulverbeschichtetem Aluminium und einer Tischplatte aus Sapele Mahagoni.<\/em><\/figcaption><\/figure>\n\n\n\n<figure class=\"wp-block-image size-full\"><img loading=\"lazy\" decoding=\"async\" width=\"400\" height=\"400\" src=\"https:\/\/www.raum-blick.de\/magazin\/wp-content\/uploads\/2024\/03\/fermob-bistro-tisch-mohnrot_52846_200x200@2x.jpg\" alt=\"Legend\u00e4r, praktisch, farbenfroh wie der Fr\u00fchling: der Bistortisch von Fermob.\" class=\"wp-image-19552\" title=\"\" srcset=\"https:\/\/raum-blick.de\/magazin\/wp-content\/uploads\/2024\/03\/fermob-bistro-tisch-mohnrot_52846_200x200@2x.jpg 400w, https:\/\/raum-blick.de\/magazin\/wp-content\/uploads\/2024\/03\/fermob-bistro-tisch-mohnrot_52846_200x200@2x-300x300.jpg 300w, https:\/\/raum-blick.de\/magazin\/wp-content\/uploads\/2024\/03\/fermob-bistro-tisch-mohnrot_52846_200x200@2x-150x150.jpg 150w\" sizes=\"(max-width: 400px) 100vw, 400px\" \/><figcaption class=\"wp-element-caption\"><em>Perfekt f\u00fcr zwei und ein Klassiker seit 1889: der klappbare Bistrotisch von <a href=\"https:\/\/www.raum-blick.de\/fermob-tische\/\">Fermob<\/a>. Wetterbest\u00e4ndig, stabil und in zig Farben zu haben. <\/em><\/figcaption><\/figure>\n<\/div><\/div>\n\n\n\n<div class=\"wp-block-columns is-layout-flex wp-container-core-columns-is-layout-9d6595d7 wp-block-columns-is-layout-flex\">\n<div class=\"wp-block-column is-layout-flow wp-block-column-is-layout-flow\">\n<figure class=\"wp-block-image size-full\"><img loading=\"lazy\" decoding=\"async\" width=\"400\" height=\"400\" src=\"https:\/\/www.raum-blick.de\/magazin\/wp-content\/uploads\/2024\/03\/HOUE-click-dining-chair-petrol-10801-7718_92132_200x200@2x.jpg\" alt=\"Houe Click: ein durchdachter und praktischer Gartensessel. \" class=\"wp-image-19555\" title=\"\" srcset=\"https:\/\/raum-blick.de\/magazin\/wp-content\/uploads\/2024\/03\/HOUE-click-dining-chair-petrol-10801-7718_92132_200x200@2x.jpg 400w, https:\/\/raum-blick.de\/magazin\/wp-content\/uploads\/2024\/03\/HOUE-click-dining-chair-petrol-10801-7718_92132_200x200@2x-300x300.jpg 300w, https:\/\/raum-blick.de\/magazin\/wp-content\/uploads\/2024\/03\/HOUE-click-dining-chair-petrol-10801-7718_92132_200x200@2x-150x150.jpg 150w\" sizes=\"(max-width: 400px) 100vw, 400px\" \/><figcaption class=\"wp-element-caption\"><em>Der stapelbare Gartensessel von <a href=\"https:\/\/www.raum-blick.de\/houe-click\/\">Houe<\/a> vereint Stahl, Kunststoff und Bambus in einer spannenden Mischung. Und: Die Lamellen lassen sich mit einem Click entfernen und austauschen, daher der Name der Serie. <\/em><\/figcaption><\/figure>\n<\/div>\n\n\n\n<div class=\"wp-block-column is-layout-flow wp-block-column-is-layout-flow\">\n<figure class=\"wp-block-image size-full\"><img loading=\"lazy\" decoding=\"async\" width=\"400\" height=\"400\" src=\"https:\/\/www.raum-blick.de\/magazin\/wp-content\/uploads\/2024\/03\/fatboy-original-sitzsack-outdoor-seafoam_673157B9ctGJTCnf9r_200x200@2x.jpg\" alt=\"Der klassische Fatboy Sitzsack f\u00fcr Outdoor. Easy Living pur&quot;\" class=\"wp-image-19544\" title=\"\" srcset=\"https:\/\/raum-blick.de\/magazin\/wp-content\/uploads\/2024\/03\/fatboy-original-sitzsack-outdoor-seafoam_673157B9ctGJTCnf9r_200x200@2x.jpg 400w, https:\/\/raum-blick.de\/magazin\/wp-content\/uploads\/2024\/03\/fatboy-original-sitzsack-outdoor-seafoam_673157B9ctGJTCnf9r_200x200@2x-300x300.jpg 300w, https:\/\/raum-blick.de\/magazin\/wp-content\/uploads\/2024\/03\/fatboy-original-sitzsack-outdoor-seafoam_673157B9ctGJTCnf9r_200x200@2x-150x150.jpg 150w\" sizes=\"(max-width: 400px) 100vw, 400px\" \/><figcaption class=\"wp-element-caption\">Relaxten Outdoor-Feeling! Der Klassiker von <a href=\"https:\/\/www.raum-blick.de\/fatboy-sitzsack\/\">Fatboy<\/a> in zartem Seafoam f\u00fcr drau\u00dfen. Hochwertig, langlebig und aus wasser- und schmutzabweisendender Olefin-Kunstfaser.<\/figcaption><\/figure>\n<\/div>\n\n\n\n<div class=\"wp-block-column is-layout-flow wp-block-column-is-layout-flow\">\n<figure class=\"wp-block-image size-full\"><img loading=\"lazy\" decoding=\"async\" width=\"400\" height=\"400\" src=\"https:\/\/www.raum-blick.de\/magazin\/wp-content\/uploads\/2024\/03\/emu-star-bank-163-62_91005_200x200@2x.jpg\" alt=\"Strahlend wie der Fr\u00fchling: die Star Gartenbank von EMU. Und sie ist sogar stapelbar!\" class=\"wp-image-19575\" title=\"\" srcset=\"https:\/\/raum-blick.de\/magazin\/wp-content\/uploads\/2024\/03\/emu-star-bank-163-62_91005_200x200@2x.jpg 400w, https:\/\/raum-blick.de\/magazin\/wp-content\/uploads\/2024\/03\/emu-star-bank-163-62_91005_200x200@2x-300x300.jpg 300w, https:\/\/raum-blick.de\/magazin\/wp-content\/uploads\/2024\/03\/emu-star-bank-163-62_91005_200x200@2x-150x150.jpg 150w\" sizes=\"(max-width: 400px) 100vw, 400px\" \/><figcaption class=\"wp-element-caption\">EMU Star, die stapelbare Gartenbank pr\u00e4sentiert sich in strahlend sonnigem, trendigen Gelb. Und verbreitet damit beste Laune. \u00dcbrigens k\u00f6nnen Sie bis zu acht B\u00e4nke aufeinander packen. Praktisch, oder?<\/figcaption><\/figure>\n<\/div>\n<\/div>\n\n\n\n<div class=\"wp-block-media-text alignwide is-stacked-on-mobile\"><figure class=\"wp-block-media-text__media\"><img loading=\"lazy\" decoding=\"async\" width=\"400\" height=\"400\" src=\"https:\/\/www.raum-blick.de\/magazin\/wp-content\/uploads\/2024\/03\/pappelina-koi-ko1h720_26235nKCzDG9wKHalQ_200x200@2x.jpg\" alt=\"Outdoor-Teppiche von Pappelina sind made in Schweden und werden traditionell gefertigt. \" class=\"wp-image-19558 size-full\" title=\"\" srcset=\"https:\/\/raum-blick.de\/magazin\/wp-content\/uploads\/2024\/03\/pappelina-koi-ko1h720_26235nKCzDG9wKHalQ_200x200@2x.jpg 400w, https:\/\/raum-blick.de\/magazin\/wp-content\/uploads\/2024\/03\/pappelina-koi-ko1h720_26235nKCzDG9wKHalQ_200x200@2x-300x300.jpg 300w, https:\/\/raum-blick.de\/magazin\/wp-content\/uploads\/2024\/03\/pappelina-koi-ko1h720_26235nKCzDG9wKHalQ_200x200@2x-150x150.jpg 150w\" sizes=\"(max-width: 400px) 100vw, 400px\" \/><\/figure><div class=\"wp-block-media-text__content\">\n<p><em>Mit seinen Schuppen ist der Koi von Pappelina vielleicht ein bisschen gewagt, ja. Aber in der Verarbeitung ist er toll. Handgewebt, pflegeleicht, langlebig und robust. Unst es gibt nat\u00fcrlich auch noch viele andere Farben und Modelle. <\/em><\/p>\n<\/div><\/div>\n\n\n\n<div class=\"wp-block-columns is-layout-flex wp-container-core-columns-is-layout-9d6595d7 wp-block-columns-is-layout-flex\">\n<div class=\"wp-block-column is-layout-flow wp-block-column-is-layout-flow\">\n<div class=\"wp-block-columns is-layout-flex wp-container-core-columns-is-layout-9d6595d7 wp-block-columns-is-layout-flex\">\n<div class=\"wp-block-column is-layout-flow wp-block-column-is-layout-flow\">\n<figure class=\"wp-block-image size-full\"><img loading=\"lazy\" decoding=\"async\" width=\"400\" height=\"400\" src=\"https:\/\/www.raum-blick.de\/magazin\/wp-content\/uploads\/2024\/03\/Fatboy-Picnic-Lounge-2_89090_200x200@2x.jpg\" alt=\"Picknicken in XXL, mit dieser Outdoor-Decke von Fatboy das pure Vergn\u00fcgen!\" class=\"wp-image-19562\" title=\"\" srcset=\"https:\/\/raum-blick.de\/magazin\/wp-content\/uploads\/2024\/03\/Fatboy-Picnic-Lounge-2_89090_200x200@2x.jpg 400w, https:\/\/raum-blick.de\/magazin\/wp-content\/uploads\/2024\/03\/Fatboy-Picnic-Lounge-2_89090_200x200@2x-300x300.jpg 300w, https:\/\/raum-blick.de\/magazin\/wp-content\/uploads\/2024\/03\/Fatboy-Picnic-Lounge-2_89090_200x200@2x-150x150.jpg 150w\" sizes=\"(max-width: 400px) 100vw, 400px\" \/><figcaption class=\"wp-element-caption\"><em>Die Picnic Lounge von Fatboy ist extra gro\u00df und kommt mit praktischen Details daher: 4 Stiftheringe aus Kunststoff, um sie an den vier Ecken zu fixieren. Ein Loch in der Mitte f\u00fcr einen Sonnenschirm und das Fatboy-Logo ist eine kleine Tasche, in die z. B. Tempos, Schl\u00fcssel etc. passen.<\/em><\/figcaption><\/figure>\n<\/div>\n<\/div>\n<\/div>\n\n\n\n<div class=\"wp-block-column is-layout-flow wp-block-column-is-layout-flow\">\n<figure class=\"wp-block-image size-full is-resized\"><img loading=\"lazy\" decoding=\"async\" src=\"https:\/\/www.raum-blick.de\/magazin\/wp-content\/uploads\/2024\/03\/fermob-balad-38-kaktus-2_51194_200x200@2x.jpg\" alt=\"Fermob Balad H38 ist eine mobile Gartenleuchte mit maximaler Flexibilit\u00e4t. \" class=\"wp-image-19550\" width=\"389\" height=\"389\" title=\"\" srcset=\"https:\/\/raum-blick.de\/magazin\/wp-content\/uploads\/2024\/03\/fermob-balad-38-kaktus-2_51194_200x200@2x.jpg 400w, https:\/\/raum-blick.de\/magazin\/wp-content\/uploads\/2024\/03\/fermob-balad-38-kaktus-2_51194_200x200@2x-300x300.jpg 300w, https:\/\/raum-blick.de\/magazin\/wp-content\/uploads\/2024\/03\/fermob-balad-38-kaktus-2_51194_200x200@2x-150x150.jpg 150w\" sizes=\"(max-width: 389px) 100vw, 389px\" \/><figcaption class=\"wp-element-caption\"><br><br><em>Es werde Licht! Und das \u00fcberall, wo Sie es brauchen. Die <a href=\"https:\/\/www.raum-blick.de\/fermob-lampen\/\">Fermob Balad<\/a> H38 ist leicht, praktisch und bietet mit  vier Helligkeitsstufen maximale Flexibilit\u00e4t. Sie l\u00e4sst sich mit dem passenden Zubeh\u00f6r sogar in eine Stehleuchte verwandeln.<\/em><\/figcaption><\/figure>\n<\/div>\n<\/div>\n\n\n\n<p>Bestimmt sind Sie zwischenzeitlich bester Fr\u00fchlingslaune und total motiviert, etwas zu ver\u00e4ndern. Dann shoppen Sie am besten gleich los. \u00dcbrigens: Falls Sie noch kein raum-blick Kunde sind, melden Sie sich doch einfach zum Newsletter an und sparen Sie 10 % auf Ihren ersten Einkauf. <\/p>\n","protected":false},"excerpt":{"rendered":"<p>\u00ab Der Frische-Kick f\u00fcr Ihr Zuhause \u00bb Die V\u00f6gel zwitschern, es ist l\u00e4nger hell und die Laune steigt, kein Zweifel: Der Fr\u00fchling ist da. Und mit ihm neue Farben, frische Ideen und zauberhafte Easy-Living Deko, die nicht nur f\u00fcr neue Akzente, sondern mit Sicherheit auch den ein oder anderen Herzklopfmoment sorgen. Denn wann, wenn nicht [&hellip;]<\/p>\n","protected":false},"author":4,"featured_media":19596,"comment_status":"closed","ping_status":"open","sticky":false,"template":"","format":"standard","meta":{"_et_pb_use_builder":"","_et_pb_old_content":"","_et_gb_content_width":"","inline_featured_image":false,"footnotes":""},"categories":[6,1],"tags":[1427,1426,1735,1758,2109,334,2203,40,206,621,1349,559,359,1531,1532,2205,2206,56,738,1880,43,2223,2232,1778,239,57,1907,37,2192,31,658,1385,2093,32,2176,58,762,1330,1660,1043,2018,2231,852,146,1535],"class_list":["post-19542","post","type-post","status-publish","format-standard","has-post-thumbnail","hentry","category-draussen","category-drinnen","tag-aeris","tag-aeris-swopper","tag-akku-leuchte","tag-akkuleuchte","tag-audo","tag-design","tag-emu","tag-fatboy","tag-ferm-living","tag-fermob","tag-gartenbank","tag-glas","tag-glasvasen","tag-guaxs","tag-guaxs-vasen","tag-houe","tag-houe-click","tag-indoor","tag-kerzen","tag-led-leuchten","tag-leuchten","tag-miffy","tag-mifuko","tag-mr-maria","tag-muuto","tag-outdoor","tag-outdoor-moebel","tag-outdoor-tische","tag-outdoor-moebeltrends","tag-outdoor-teppiche","tag-outdoormoebel","tag-outdoorstuhl","tag-outdoortisch","tag-pappelina","tag-pols-potten","tag-sitzmoebel","tag-sitzsack","tag-steamery","tag-storefactory","tag-taschen","tag-teppiche-von-pappelina","tag-thonet","tag-vase","tag-vasen","tag-wasserglaeser"],"_links":{"self":[{"href":"https:\/\/raum-blick.de\/magazin\/wp-json\/wp\/v2\/posts\/19542","targetHints":{"allow":["GET"]}}],"collection":[{"href":"https:\/\/raum-blick.de\/magazin\/wp-json\/wp\/v2\/posts"}],"about":[{"href":"https:\/\/raum-blick.de\/magazin\/wp-json\/wp\/v2\/types\/post"}],"author":[{"embeddable":true,"href":"https:\/\/raum-blick.de\/magazin\/wp-json\/wp\/v2\/users\/4"}],"replies":[{"embeddable":true,"href":"https:\/\/raum-blick.de\/magazin\/wp-json\/wp\/v2\/comments?post=19542"}],"version-history":[{"count":19,"href":"https:\/\/raum-blick.de\/magazin\/wp-json\/wp\/v2\/posts\/19542\/revisions"}],"predecessor-version":[{"id":19631,"href":"https:\/\/raum-blick.de\/magazin\/wp-json\/wp\/v2\/posts\/19542\/revisions\/19631"}],"wp:featuredmedia":[{"embeddable":true,"href":"https:\/\/raum-blick.de\/magazin\/wp-json\/wp\/v2\/media\/19596"}],"wp:attachment":[{"href":"https:\/\/raum-blick.de\/magazin\/wp-json\/wp\/v2\/media?parent=19542"}],"wp:term":[{"taxonomy":"category","embeddable":true,"href":"https:\/\/raum-blick.de\/magazin\/wp-json\/wp\/v2\/categories?post=19542"},{"taxonomy":"post_tag","embeddable":true,"href":"https:\/\/raum-blick.de\/magazin\/wp-json\/wp\/v2\/tags?post=19542"}],"curies":[{"name":"wp","href":"https:\/\/api.w.org\/{rel}","templated":true}]}}