{"id":19429,"date":"2024-03-03T18:54:18","date_gmt":"2024-03-03T17:54:18","guid":{"rendered":"https:\/\/www.raum-blick.de\/magazin\/?p=19429"},"modified":"2024-03-25T19:10:30","modified_gmt":"2024-03-25T18:10:30","slug":"osterhase-geschenkideen-brunch","status":"publish","type":"post","link":"https:\/\/raum-blick.de\/magazin\/osterhase-geschenkideen-brunch\/","title":{"rendered":"Osterhase spitz die Ohren: Damit wird&#8217;s ein Festtags-Brunch"},"content":{"rendered":"\n<h2 class=\"wp-block-heading\"><span class=\"ez-toc-section\" id=\"%C2%AB_Tischinspiration_Deko_Geschenkideen_%C2%BB\"><\/span>\u00ab Tischinspiration, Deko, Geschenkideen \u00bb<span class=\"ez-toc-section-end\"><\/span><\/h2>\n\n\n\n<p><strong>Das Osterfest r\u00fcckt n\u00e4her und wir pr\u00e4sentieren Ihnen schon mal unsere Highlights f\u00fcr die (vor)\u00f6sterliche Stimmung: zauberhafte Vasen f\u00fcr die Fr\u00fchlingsblumen, wunderh\u00fcbsche Tableware, kleine, feine Dekost\u00fccke f\u00fcr das gewisse Etwas und h\u00fcbsche Kleinigkeiten zum Verschenken. Oder einfach sich selbst g\u00f6nnen. Auch das ist ja an Ostern durchaus legitim. Denn wenn einer definitiv keine Geschenke bringt, dann ist es der Osterhase.   <\/strong><\/p>\n\n\n\n<h2 class=\"wp-block-heading\"><span class=\"ez-toc-section\" id=\"Tischlein_deck_dich_%E2%80%93_funktional_Schoenes_fuer_die_Oster-Tafel\"><\/span>Tischlein deck dich \u2013 funktional Sch\u00f6nes f\u00fcr die (Oster-)Tafel!<span class=\"ez-toc-section-end\"><\/span><\/h2>\n\n\n\n<p>Das Herzst\u00fcck f\u00fcr jeden Brunch ist nat\u00fcrlich der Tisch. Hier wird gelacht, geredet, gegessen, sich ausgetauscht. Und mit einem stilvollen Ambiente schmeckt das, was auf den Teller kommt, gleich noch mal so fein. Apropos Teller, setzen Sie Akzente mit ausgesuchtem, besonderen Porzellan, Stoffservietten, h\u00fcbschen Glassch\u00e4lchen, schimmernden L\u00f6ffeln, stylishen Salz- und Pfefferm\u00fchlen oder \u00e4sthetischen Milch- und Zuckerk\u00e4nnchen. Farblich darf es auf der Tafel nat\u00fcrlich gerne fr\u00fchlingshaft zugehen. Edel sowieso und auch gerne ein bisschen verspielt. Schlie\u00dflich glaubt das Kind in uns immer noch zu gerne an den guten alten Osterhasen. Auch wenn wir es besser wissen.<\/p><div id=\"ez-toc-container\" class=\"ez-toc-v2_0_82_2 counter-hierarchy ez-toc-counter ez-toc-grey ez-toc-container-direction\">\n<div class=\"ez-toc-title-container\">\n<p class=\"ez-toc-title\" style=\"cursor:inherit\">Was hier auf Sie wartet<\/p>\n<span class=\"ez-toc-title-toggle\"><a href=\"#\" class=\"ez-toc-pull-right ez-toc-btn ez-toc-btn-xs ez-toc-btn-default ez-toc-toggle\" aria-label=\"Toggle Table of Content\"><span class=\"ez-toc-js-icon-con\"><span class=\"\"><span class=\"eztoc-hide\" style=\"display:none;\">Toggle<\/span><span class=\"ez-toc-icon-toggle-span\"><svg style=\"fill: #999;color:#999\" xmlns=\"http:\/\/www.w3.org\/2000\/svg\" class=\"list-377408\" width=\"20px\" height=\"20px\" viewBox=\"0 0 24 24\" fill=\"none\"><path d=\"M6 6H4v2h2V6zm14 0H8v2h12V6zM4 11h2v2H4v-2zm16 0H8v2h12v-2zM4 16h2v2H4v-2zm16 0H8v2h12v-2z\" fill=\"currentColor\"><\/path><\/svg><svg style=\"fill: #999;color:#999\" class=\"arrow-unsorted-368013\" xmlns=\"http:\/\/www.w3.org\/2000\/svg\" width=\"10px\" height=\"10px\" viewBox=\"0 0 24 24\" version=\"1.2\" baseProfile=\"tiny\"><path d=\"M18.2 9.3l-6.2-6.3-6.2 6.3c-.2.2-.3.4-.3.7s.1.5.3.7c.2.2.4.3.7.3h11c.3 0 .5-.1.7-.3.2-.2.3-.5.3-.7s-.1-.5-.3-.7zM5.8 14.7l6.2 6.3 6.2-6.3c.2-.2.3-.5.3-.7s-.1-.5-.3-.7c-.2-.2-.4-.3-.7-.3h-11c-.3 0-.5.1-.7.3-.2.2-.3.5-.3.7s.1.5.3.7z\"\/><\/svg><\/span><\/span><\/span><\/a><\/span><\/div>\n<nav><ul class='ez-toc-list ez-toc-list-level-1 ' ><li class='ez-toc-page-1 ez-toc-heading-level-2'><a class=\"ez-toc-link ez-toc-heading-1\" href=\"https:\/\/raum-blick.de\/magazin\/osterhase-geschenkideen-brunch\/#%C2%AB_Tischinspiration_Deko_Geschenkideen_%C2%BB\" >\u00ab Tischinspiration, Deko, Geschenkideen \u00bb<\/a><\/li><li class='ez-toc-page-1 ez-toc-heading-level-2'><a class=\"ez-toc-link ez-toc-heading-2\" href=\"https:\/\/raum-blick.de\/magazin\/osterhase-geschenkideen-brunch\/#Tischlein_deck_dich_%E2%80%93_funktional_Schoenes_fuer_die_Oster-Tafel\" >Tischlein deck dich \u2013 funktional Sch\u00f6nes f\u00fcr die (Oster-)Tafel!<\/a><ul class='ez-toc-list-level-3' ><li class='ez-toc-heading-level-3'><a class=\"ez-toc-link ez-toc-heading-3\" href=\"https:\/\/raum-blick.de\/magazin\/osterhase-geschenkideen-brunch\/#Teller_Glaeser_fuer_den_oesterlichen_Schlemmerbrunch\" >Teller &amp; Gl\u00e4ser f\u00fcr den \u00f6sterlichen Schlemmerbrunch<\/a><\/li><li class='ez-toc-page-1 ez-toc-heading-level-3'><a class=\"ez-toc-link ez-toc-heading-4\" href=\"https:\/\/raum-blick.de\/magazin\/osterhase-geschenkideen-brunch\/#Da_schmunzelt_der_Osterhase_Praktische_Helfer_die_einfach_zauberhaft_sind\" >Da schmunzelt der Osterhase: Praktische Helfer, die einfach zauberhaft sind<\/a><\/li><\/ul><\/li><li class='ez-toc-page-1 ez-toc-heading-level-2'><a class=\"ez-toc-link ez-toc-heading-5\" href=\"https:\/\/raum-blick.de\/magazin\/osterhase-geschenkideen-brunch\/#Ei_ei_ei_%E2%80%93_wie_schoen_sind_die_denn_lieber_Osterhase\" >Ei, ei, ei \u2013 wie sch\u00f6n sind die denn, lieber Osterhase!<\/a><\/li><li class='ez-toc-page-1 ez-toc-heading-level-2'><a class=\"ez-toc-link ez-toc-heading-6\" href=\"https:\/\/raum-blick.de\/magazin\/osterhase-geschenkideen-brunch\/#Da_hoppelt_er_ja_schon_der_Osterhase\" >Da hoppelt er ja schon, der Osterhase!<\/a><ul class='ez-toc-list-level-3' ><li class='ez-toc-heading-level-3'><a class=\"ez-toc-link ez-toc-heading-7\" href=\"https:\/\/raum-blick.de\/magazin\/osterhase-geschenkideen-brunch\/#Alles_Hase_Fast\" >Alles Hase? Fast!<\/a><\/li><\/ul><\/li><\/ul><\/nav><\/div>\n\n\n\n\n<h3 class=\"wp-block-heading\"><span class=\"ez-toc-section\" id=\"Teller_Glaeser_fuer_den_oesterlichen_Schlemmerbrunch\"><\/span>Teller &amp; Gl\u00e4ser f\u00fcr den \u00f6sterlichen Schlemmerbrunch<span class=\"ez-toc-section-end\"><\/span><\/h3>\n\n\n\n<div class=\"wp-block-columns is-layout-flex wp-container-core-columns-is-layout-9d6595d7 wp-block-columns-is-layout-flex\">\n<div class=\"wp-block-column is-layout-flow wp-block-column-is-layout-flow\">\n<figure class=\"wp-block-image size-full\"><img loading=\"lazy\" decoding=\"async\" width=\"400\" height=\"400\" src=\"https:\/\/www.raum-blick.de\/magazin\/wp-content\/uploads\/2024\/02\/raeder-design-porzellangeschichten-teller-blumenwiese-porzellan_68604TUv0SB6J3HFf0_200x200@2x.jpg\" alt=\"Die Blumenwiese der deutschen Marke  r\u00e4der Design ist einfach eine Augenweide. \" class=\"wp-image-19473\" title=\"\" srcset=\"https:\/\/raum-blick.de\/magazin\/wp-content\/uploads\/2024\/02\/raeder-design-porzellangeschichten-teller-blumenwiese-porzellan_68604TUv0SB6J3HFf0_200x200@2x.jpg 400w, https:\/\/raum-blick.de\/magazin\/wp-content\/uploads\/2024\/02\/raeder-design-porzellangeschichten-teller-blumenwiese-porzellan_68604TUv0SB6J3HFf0_200x200@2x-300x300.jpg 300w, https:\/\/raum-blick.de\/magazin\/wp-content\/uploads\/2024\/02\/raeder-design-porzellangeschichten-teller-blumenwiese-porzellan_68604TUv0SB6J3HFf0_200x200@2x-150x150.jpg 150w\" sizes=\"(max-width: 400px) 100vw, 400px\" \/><figcaption class=\"wp-element-caption\"><em>Ein Teller wie gemacht f\u00fcr Ostern. Die \u201eBlumenwiese\u201c aus der Porzellangeschichten-Serie von <a href=\"https:\/\/www.raum-blick.de\/raeder-design\/\">r\u00e4der Design<\/a>. Mit kleinen Porzellanblumen und Golddetails. <\/em><\/figcaption><\/figure>\n<\/div>\n\n\n\n<div class=\"wp-block-column is-layout-flow wp-block-column-is-layout-flow\">\n<figure class=\"wp-block-image size-full is-resized\"><img loading=\"lazy\" decoding=\"async\" src=\"https:\/\/www.raum-blick.de\/magazin\/wp-content\/uploads\/2024\/02\/raeder-design-porzellangeschichten-teller-voegel-porzellan_68600kRnP4vIwseZj4_200x200@2x.jpg\" alt=\"r\u00e4der Design Porzellangeschichten, da macht der Osterhase Augen!\" class=\"wp-image-19472\" width=\"400\" height=\"400\" title=\"\" srcset=\"https:\/\/raum-blick.de\/magazin\/wp-content\/uploads\/2024\/02\/raeder-design-porzellangeschichten-teller-voegel-porzellan_68600kRnP4vIwseZj4_200x200@2x.jpg 400w, https:\/\/raum-blick.de\/magazin\/wp-content\/uploads\/2024\/02\/raeder-design-porzellangeschichten-teller-voegel-porzellan_68600kRnP4vIwseZj4_200x200@2x-300x300.jpg 300w, https:\/\/raum-blick.de\/magazin\/wp-content\/uploads\/2024\/02\/raeder-design-porzellangeschichten-teller-voegel-porzellan_68600kRnP4vIwseZj4_200x200@2x-150x150.jpg 150w\" sizes=\"(max-width: 400px) 100vw, 400px\" \/><figcaption class=\"wp-element-caption\"><em>Und noch eine r\u00e4der Porzellangeschichte. In diesem Fall der \u201eVogelschwarm&#8220;. So oder so ein Hingucker, auch ohne Essen, und perfekt zum Anrichten. <\/em><\/figcaption><\/figure>\n<\/div>\n<\/div>\n\n\n\n<div class=\"wp-block-media-text alignwide is-stacked-on-mobile\"><figure class=\"wp-block-media-text__media\"><img loading=\"lazy\" decoding=\"async\" width=\"400\" height=\"400\" src=\"https:\/\/www.raum-blick.de\/magazin\/wp-content\/uploads\/2024\/02\/kaehler-hammershoi-teller-draufsicht-692288_52332_200x200@2x.jpg\" alt=\"Mohnbl\u00fcten haben tats\u00e4chlich etwas Berauschendes. Auch wenn sie nur gemalt sind. Da w\u00e4re auch der Osterhase hin und weg. \" class=\"wp-image-19476 size-full\" title=\"\" srcset=\"https:\/\/raum-blick.de\/magazin\/wp-content\/uploads\/2024\/02\/kaehler-hammershoi-teller-draufsicht-692288_52332_200x200@2x.jpg 400w, https:\/\/raum-blick.de\/magazin\/wp-content\/uploads\/2024\/02\/kaehler-hammershoi-teller-draufsicht-692288_52332_200x200@2x-300x300.jpg 300w, https:\/\/raum-blick.de\/magazin\/wp-content\/uploads\/2024\/02\/kaehler-hammershoi-teller-draufsicht-692288_52332_200x200@2x-150x150.jpg 150w\" sizes=\"(max-width: 400px) 100vw, 400px\" \/><\/figure><div class=\"wp-block-media-text__content\">\n<p><em>Auch der handbemalte Hammershoi Poppy Mohnteller von <a href=\"https:\/\/www.raum-blick.de\/kaehler-design\/\">K\u00e4hler Design<\/a> ist ein faszinierendes kleines Kunstwerk.<\/em><\/p>\n\n\n\n<figure class=\"wp-block-image size-full\"><img loading=\"lazy\" decoding=\"async\" width=\"400\" height=\"400\" src=\"https:\/\/www.raum-blick.de\/magazin\/wp-content\/uploads\/2024\/02\/hammershoi-teller-kaehler_52330_200x200@2x.jpg\" alt=\"\" class=\"wp-image-19474\" title=\"\" srcset=\"https:\/\/raum-blick.de\/magazin\/wp-content\/uploads\/2024\/02\/hammershoi-teller-kaehler_52330_200x200@2x.jpg 400w, https:\/\/raum-blick.de\/magazin\/wp-content\/uploads\/2024\/02\/hammershoi-teller-kaehler_52330_200x200@2x-300x300.jpg 300w, https:\/\/raum-blick.de\/magazin\/wp-content\/uploads\/2024\/02\/hammershoi-teller-kaehler_52330_200x200@2x-150x150.jpg 150w\" sizes=\"(max-width: 400px) 100vw, 400px\" \/><\/figure>\n<\/div><\/div>\n\n\n\n<div class=\"wp-block-media-text alignwide has-media-on-the-right is-stacked-on-mobile\"><div class=\"wp-block-media-text__content\">\n<p><em>Die Ripples-Serie von<a href=\"https:\/\/www.raum-blick.de\/ferm-living\/\"> ferm LIVING<\/a> hat reichlich zeitloses Potenzial und dazu noch unterschiedlichste Bestandteile. Neben unterschiedlichen Gl\u00e4sern, wie hier dem 4er-Set,  gibt es auch entz\u00fcckende filigrane mundgeblasene Servierschalen. <\/em><\/p>\n\n\n\n<figure class=\"wp-block-image size-full\"><img loading=\"lazy\" decoding=\"async\" width=\"400\" height=\"400\" src=\"https:\/\/www.raum-blick.de\/magazin\/wp-content\/uploads\/2024\/02\/Ripple-Gl-aser-ferm-Living-Glas7s9IuPVKUkHyh_200x200@2x.jpg\" alt=\"Trinkgl\u00e4ser Ripples von ferm LIVING. Im 4-er Set und in zwei gro\u00dfen und Farben zu haben. Das freut sparsame Osterhasen.\" class=\"wp-image-19435\" title=\"\" srcset=\"https:\/\/raum-blick.de\/magazin\/wp-content\/uploads\/2024\/02\/Ripple-Gl-aser-ferm-Living-Glas7s9IuPVKUkHyh_200x200@2x.jpg 400w, https:\/\/raum-blick.de\/magazin\/wp-content\/uploads\/2024\/02\/Ripple-Gl-aser-ferm-Living-Glas7s9IuPVKUkHyh_200x200@2x-300x300.jpg 300w, https:\/\/raum-blick.de\/magazin\/wp-content\/uploads\/2024\/02\/Ripple-Gl-aser-ferm-Living-Glas7s9IuPVKUkHyh_200x200@2x-150x150.jpg 150w\" sizes=\"(max-width: 400px) 100vw, 400px\" \/><\/figure>\n\n\n\n<figure class=\"wp-block-image size-full\"><img loading=\"lazy\" decoding=\"async\" width=\"400\" height=\"400\" src=\"https:\/\/www.raum-blick.de\/magazin\/wp-content\/uploads\/2024\/02\/jonathan-adler-eden-untersetzer-vierer-set_725050hYUjUdVt9Wxe_200x200@2x.jpg\" alt=\"Wenn sich der Osterhase in den Garten Eden verirrt, dann kommen die glamour\u00f6sen Untersetzer von Jonathan Adler zum Einsatz.\" class=\"wp-image-19471\" title=\"\" srcset=\"https:\/\/raum-blick.de\/magazin\/wp-content\/uploads\/2024\/02\/jonathan-adler-eden-untersetzer-vierer-set_725050hYUjUdVt9Wxe_200x200@2x.jpg 400w, https:\/\/raum-blick.de\/magazin\/wp-content\/uploads\/2024\/02\/jonathan-adler-eden-untersetzer-vierer-set_725050hYUjUdVt9Wxe_200x200@2x-300x300.jpg 300w, https:\/\/raum-blick.de\/magazin\/wp-content\/uploads\/2024\/02\/jonathan-adler-eden-untersetzer-vierer-set_725050hYUjUdVt9Wxe_200x200@2x-150x150.jpg 150w\" sizes=\"(max-width: 400px) 100vw, 400px\" \/><figcaption class=\"wp-element-caption\">Sch\u00f6nes Darunter f\u00fcr die Gl\u00e4ser von <a href=\"https:\/\/www.raum-blick.de\/jonathan-adler\/\">Jonathan Adler<\/a>. \u201eEden\u201c zeigt zwar keinen Hasen, ist aber trotzdem verlockend sch\u00f6n. Glamour\u00f6s und extravagant.<\/figcaption><\/figure>\n<\/div><figure class=\"wp-block-media-text__media\"><img loading=\"lazy\" decoding=\"async\" width=\"400\" height=\"400\" src=\"https:\/\/www.raum-blick.de\/magazin\/wp-content\/uploads\/2024\/02\/ferm-living-ripple-servierschalen-ambiente-champagner_84681zNCYgisVXWUsp_200x200@2x.jpg\" alt=\"Ripples Servierschalen von ferm LIVING. Im 4er-Seit und in zwei Farben erh\u00e4ltlich. \" class=\"wp-image-19482 size-full\" title=\"\" srcset=\"https:\/\/raum-blick.de\/magazin\/wp-content\/uploads\/2024\/02\/ferm-living-ripple-servierschalen-ambiente-champagner_84681zNCYgisVXWUsp_200x200@2x.jpg 400w, https:\/\/raum-blick.de\/magazin\/wp-content\/uploads\/2024\/02\/ferm-living-ripple-servierschalen-ambiente-champagner_84681zNCYgisVXWUsp_200x200@2x-300x300.jpg 300w, https:\/\/raum-blick.de\/magazin\/wp-content\/uploads\/2024\/02\/ferm-living-ripple-servierschalen-ambiente-champagner_84681zNCYgisVXWUsp_200x200@2x-150x150.jpg 150w\" sizes=\"(max-width: 400px) 100vw, 400px\" \/><\/figure><\/div>\n\n\n\n<h3 class=\"wp-block-heading\"><span class=\"ez-toc-section\" id=\"Da_schmunzelt_der_Osterhase_Praktische_Helfer_die_einfach_zauberhaft_sind\"><\/span>Da schmunzelt der Osterhase: Praktische Helfer, die einfach zauberhaft sind<span class=\"ez-toc-section-end\"><\/span><\/h3>\n\n\n\n<div class=\"wp-block-columns is-layout-flex wp-container-core-columns-is-layout-9d6595d7 wp-block-columns-is-layout-flex\">\n<div class=\"wp-block-column is-layout-flow wp-block-column-is-layout-flow\">\n<figure class=\"wp-block-image size-full\"><img loading=\"lazy\" decoding=\"async\" width=\"400\" height=\"400\" src=\"https:\/\/www.raum-blick.de\/magazin\/wp-content\/uploads\/2024\/02\/raeder-design-eiertablett-porzellan_68674jpLC373hlL7eK_200x200@2x.jpg\" alt=\"Eier formsch\u00f6n aufbewahren. r\u00e4der Design zeigt mit diesem Tablett wie&#039;s geht. Hier kann auch der Osterhase noch etwas lernen. \" class=\"wp-image-19478\" title=\"\" srcset=\"https:\/\/raum-blick.de\/magazin\/wp-content\/uploads\/2024\/02\/raeder-design-eiertablett-porzellan_68674jpLC373hlL7eK_200x200@2x.jpg 400w, https:\/\/raum-blick.de\/magazin\/wp-content\/uploads\/2024\/02\/raeder-design-eiertablett-porzellan_68674jpLC373hlL7eK_200x200@2x-300x300.jpg 300w, https:\/\/raum-blick.de\/magazin\/wp-content\/uploads\/2024\/02\/raeder-design-eiertablett-porzellan_68674jpLC373hlL7eK_200x200@2x-150x150.jpg 150w\" sizes=\"(max-width: 400px) 100vw, 400px\" \/><figcaption class=\"wp-element-caption\"><em>\u201eGl\u00fccklich vereint\u201c sind hier beim Osterbrunch nicht nur die Eier, sondern auch all Ihre Liebsten. r\u00e4der Design macht das Wiedersehen mit diesem Eiertablett gleich noch mal so sch\u00f6n. <\/em><\/figcaption><\/figure>\n\n\n\n<figure class=\"wp-block-image size-full\"><img loading=\"lazy\" decoding=\"async\" width=\"400\" height=\"400\" src=\"https:\/\/www.raum-blick.de\/magazin\/wp-content\/uploads\/2024\/02\/Rocket-Eierbecher-Ambiente-Sebastian-Frank5cb5c047ab87d_200x200@2x.jpg\" alt=\"Geht ab wie eine Rakete: der Rocket von Sebastian Frank. Design made in Bavaria. Einfach schlicht-sch\u00f6n. Das w\u00fcrde auch der Osterhase unterschreiben. \" class=\"wp-image-19459\" title=\"\" srcset=\"https:\/\/raum-blick.de\/magazin\/wp-content\/uploads\/2024\/02\/Rocket-Eierbecher-Ambiente-Sebastian-Frank5cb5c047ab87d_200x200@2x.jpg 400w, https:\/\/raum-blick.de\/magazin\/wp-content\/uploads\/2024\/02\/Rocket-Eierbecher-Ambiente-Sebastian-Frank5cb5c047ab87d_200x200@2x-300x300.jpg 300w, https:\/\/raum-blick.de\/magazin\/wp-content\/uploads\/2024\/02\/Rocket-Eierbecher-Ambiente-Sebastian-Frank5cb5c047ab87d_200x200@2x-150x150.jpg 150w\" sizes=\"(max-width: 400px) 100vw, 400px\" \/><figcaption class=\"wp-element-caption\"><em>Mit dem \u201eRocket\u201c Eierbecher aus pulverbeschichtetem Metall hatte der bayrische Designer Sebastian Frank eine z\u00fcndende Idee. Erh\u00e4ltlich in drei Farben und nat\u00fcrlich auch ein supersch\u00f6nes Mitbringsel. Nicht nur zu Ostern. <\/em><\/figcaption><\/figure>\n<\/div>\n\n\n\n<div class=\"wp-block-column is-layout-flow wp-block-column-is-layout-flow\">\n<figure class=\"wp-block-image size-full\"><img loading=\"lazy\" decoding=\"async\" width=\"400\" height=\"400\" src=\"https:\/\/www.raum-blick.de\/magazin\/wp-content\/uploads\/2024\/02\/menu-Bottle-small-Edelstahl-2_13382GwUxTcFMxd52K_200x200@2x.jpg\" alt=\"Salz- und Pfefferm\u00fchlen von Audo. Aus Kunststoff, in Form einer Flasche und mega praktisch. Hier geht nichts daneben. \" class=\"wp-image-19461\" title=\"\" srcset=\"https:\/\/raum-blick.de\/magazin\/wp-content\/uploads\/2024\/02\/menu-Bottle-small-Edelstahl-2_13382GwUxTcFMxd52K_200x200@2x.jpg 400w, https:\/\/raum-blick.de\/magazin\/wp-content\/uploads\/2024\/02\/menu-Bottle-small-Edelstahl-2_13382GwUxTcFMxd52K_200x200@2x-300x300.jpg 300w, https:\/\/raum-blick.de\/magazin\/wp-content\/uploads\/2024\/02\/menu-Bottle-small-Edelstahl-2_13382GwUxTcFMxd52K_200x200@2x-150x150.jpg 150w\" sizes=\"(max-width: 400px) 100vw, 400px\" \/><figcaption class=\"wp-element-caption\">Mega Optik, super Mahlwerk. In der Bottle Small von <a href=\"https:\/\/www.raum-blick.de\/audo\/\">Audo<\/a> k\u00f6nnen Sie nicht nur Salz und Pfeffer mahlen, sondern auch Kr\u00e4uter. Ganz sch\u00f6n praktisch!<\/figcaption><\/figure>\n\n\n\n<figure class=\"wp-block-image size-full is-resized\"><img loading=\"lazy\" decoding=\"async\" src=\"https:\/\/www.raum-blick.de\/magazin\/wp-content\/uploads\/2024\/02\/eva-solo-silhouette-karaffe-offen_73925_200x200@2x.jpg\" alt=\"Das d\u00e4nische Label Eva Solo wei\u00df, wie man schlichtes Design und Funktionalit\u00e4t vereint. Die Silhouette Glaskaraffe ist da ein formsch\u00f6nes Beispiel. \" class=\"wp-image-19468\" width=\"400\" height=\"400\" title=\"\" srcset=\"https:\/\/raum-blick.de\/magazin\/wp-content\/uploads\/2024\/02\/eva-solo-silhouette-karaffe-offen_73925_200x200@2x.jpg 400w, https:\/\/raum-blick.de\/magazin\/wp-content\/uploads\/2024\/02\/eva-solo-silhouette-karaffe-offen_73925_200x200@2x-300x300.jpg 300w, https:\/\/raum-blick.de\/magazin\/wp-content\/uploads\/2024\/02\/eva-solo-silhouette-karaffe-offen_73925_200x200@2x-150x150.jpg 150w\" sizes=\"(max-width: 400px) 100vw, 400px\" \/><figcaption class=\"wp-element-caption\">Schlicht, elegant und mit einem tropffreien Gie\u00dfeinsatz aus Edelstahl. Die  Silhouette Glaskaraffe von Eva Solo passt in fast jede K\u00fchlschrankt\u00fcr und h\u00e4lt Ihr Getr\u00e4nk sch\u00f6n k\u00fchl. <\/figcaption><\/figure>\n<\/div>\n<\/div>\n\n\n\n<div class=\"wp-block-columns is-layout-flex wp-container-core-columns-is-layout-9d6595d7 wp-block-columns-is-layout-flex\">\n<div class=\"wp-block-column is-layout-flow wp-block-column-is-layout-flow\">\n<figure class=\"wp-block-image size-full\"><img loading=\"lazy\" decoding=\"async\" width=\"400\" height=\"400\" src=\"https:\/\/www.raum-blick.de\/magazin\/wp-content\/uploads\/2024\/02\/eva-solo-zucker-milch-set-1_26050_200x200@2x.jpg\" alt=\"100 % tropffrei und dabei wunderbar formsch\u00f6n. Wetten, der Osterhase nascht hier auch mal gerne?\" class=\"wp-image-19481\" title=\"\" srcset=\"https:\/\/raum-blick.de\/magazin\/wp-content\/uploads\/2024\/02\/eva-solo-zucker-milch-set-1_26050_200x200@2x.jpg 400w, https:\/\/raum-blick.de\/magazin\/wp-content\/uploads\/2024\/02\/eva-solo-zucker-milch-set-1_26050_200x200@2x-300x300.jpg 300w, https:\/\/raum-blick.de\/magazin\/wp-content\/uploads\/2024\/02\/eva-solo-zucker-milch-set-1_26050_200x200@2x-150x150.jpg 150w\" sizes=\"(max-width: 400px) 100vw, 400px\" \/><figcaption class=\"wp-element-caption\"><em>Zuckers\u00fc\u00df, dieses Set von Eva Solo. Und: preisgekr\u00f6nt. Kein Wunder, denn die beiden sehen nicht nur gut aus, sie f\u00fchlen sich auch in der Mikrowelle oder dem Geschirrsp\u00fcler wohl. Mit automatischer Dosierung f\u00fcr einen Teel\u00f6ffel Zucker.<\/em> <\/figcaption><\/figure>\n<\/div>\n\n\n\n<div class=\"wp-block-column is-layout-flow wp-block-column-is-layout-flow\">\n<figure class=\"wp-block-image size-full\"><img loading=\"lazy\" decoding=\"async\" width=\"400\" height=\"400\" src=\"https:\/\/www.raum-blick.de\/magazin\/wp-content\/uploads\/2024\/02\/pols-potten-grandpa-schuesseln_95156_200x200@2x.jpg\" alt=\"Sch\u00fcsseln wie zu Opas Zeiten. Pols Potten hat ein H\u00e4ndchen f\u00fcr Nostalgie. So wie der Osterhase. \" class=\"wp-image-19479\" title=\"\" srcset=\"https:\/\/raum-blick.de\/magazin\/wp-content\/uploads\/2024\/02\/pols-potten-grandpa-schuesseln_95156_200x200@2x.jpg 400w, https:\/\/raum-blick.de\/magazin\/wp-content\/uploads\/2024\/02\/pols-potten-grandpa-schuesseln_95156_200x200@2x-300x300.jpg 300w, https:\/\/raum-blick.de\/magazin\/wp-content\/uploads\/2024\/02\/pols-potten-grandpa-schuesseln_95156_200x200@2x-150x150.jpg 150w\" sizes=\"(max-width: 400px) 100vw, 400px\" \/><figcaption class=\"wp-element-caption\">Die zauberhaften Grandpa Sch\u00fcsseln von <a href=\"https:\/\/www.raum-blick.de\/pols-potten\/\">Pols Potten<\/a> verbreiten einen Hauch Nostalgie und mit Ihren wundervollen Farben jede Menge gute Laune. Zu haben im 4er-Set und garantiert ein Blickfang auf dem Tisch. <\/figcaption><\/figure>\n<\/div>\n\n\n\n<div class=\"wp-block-column is-layout-flow wp-block-column-is-layout-flow\">\n<figure class=\"wp-block-image size-full\"><img loading=\"lazy\" decoding=\"async\" width=\"400\" height=\"400\" src=\"https:\/\/www.raum-blick.de\/magazin\/wp-content\/uploads\/2024\/02\/side-by-side-Kaeseschale-Kuh_18071_200x200@2x.jpg\" alt=\"Kuh und K\u00e4se, das passt nat\u00fcrlich perfekt, wie die h\u00fcbsche Schale von side by side beweist. \" class=\"wp-image-19480\" title=\"\" srcset=\"https:\/\/raum-blick.de\/magazin\/wp-content\/uploads\/2024\/02\/side-by-side-Kaeseschale-Kuh_18071_200x200@2x.jpg 400w, https:\/\/raum-blick.de\/magazin\/wp-content\/uploads\/2024\/02\/side-by-side-Kaeseschale-Kuh_18071_200x200@2x-300x300.jpg 300w, https:\/\/raum-blick.de\/magazin\/wp-content\/uploads\/2024\/02\/side-by-side-Kaeseschale-Kuh_18071_200x200@2x-150x150.jpg 150w\" sizes=\"(max-width: 400px) 100vw, 400px\" \/><figcaption class=\"wp-element-caption\">Kein Hase, aber daf\u00fcr eine Schmunzel-Kuh, die bei dieser Schale von side by side K\u00e4se, Dips oder Brotaufstriche pr\u00e4sentiert. Um das Tierwohl brauchen Sie sich hier jedenfalls keine Sorgen zu machen.<\/figcaption><\/figure>\n<\/div>\n<\/div>\n\n\n\n<div class=\"wp-block-media-text alignwide has-media-on-the-right is-stacked-on-mobile\"><div class=\"wp-block-media-text__content\">\n<p><em>Edle Stoffservietten sind an Ostern quasi ein MUSS. Hier von K\u00e4hler aus edler Baumwolle in zartem Ros\u00e9 und passend zum Poppy-Geschirr. Oder aus robustem Leinen mit schmalen Streifen von Audo.<\/em><\/p>\n\n\n\n<figure class=\"wp-block-image size-full\"><img loading=\"lazy\" decoding=\"async\" width=\"400\" height=\"400\" src=\"https:\/\/www.raum-blick.de\/magazin\/wp-content\/uploads\/2024\/02\/kaehler-poppy-stoffservietten-nude_68051mmzrXCOnDzFUe_200x200@2x.jpg\" alt=\"\" class=\"wp-image-19447\" title=\"\" srcset=\"https:\/\/raum-blick.de\/magazin\/wp-content\/uploads\/2024\/02\/kaehler-poppy-stoffservietten-nude_68051mmzrXCOnDzFUe_200x200@2x.jpg 400w, https:\/\/raum-blick.de\/magazin\/wp-content\/uploads\/2024\/02\/kaehler-poppy-stoffservietten-nude_68051mmzrXCOnDzFUe_200x200@2x-300x300.jpg 300w, https:\/\/raum-blick.de\/magazin\/wp-content\/uploads\/2024\/02\/kaehler-poppy-stoffservietten-nude_68051mmzrXCOnDzFUe_200x200@2x-150x150.jpg 150w\" sizes=\"(max-width: 400px) 100vw, 400px\" \/><\/figure>\n\n\n\n<figure class=\"wp-block-image size-full\"><img loading=\"lazy\" decoding=\"async\" width=\"400\" height=\"400\" src=\"https:\/\/www.raum-blick.de\/magazin\/wp-content\/uploads\/2024\/02\/ochre-serviette-menu-design_80540_200x200@2x.jpg\" alt=\"\" class=\"wp-image-19450\" title=\"\" srcset=\"https:\/\/raum-blick.de\/magazin\/wp-content\/uploads\/2024\/02\/ochre-serviette-menu-design_80540_200x200@2x.jpg 400w, https:\/\/raum-blick.de\/magazin\/wp-content\/uploads\/2024\/02\/ochre-serviette-menu-design_80540_200x200@2x-300x300.jpg 300w, https:\/\/raum-blick.de\/magazin\/wp-content\/uploads\/2024\/02\/ochre-serviette-menu-design_80540_200x200@2x-150x150.jpg 150w\" sizes=\"(max-width: 400px) 100vw, 400px\" \/><\/figure>\n\n\n\n<figure class=\"wp-block-image size-full\"><img loading=\"lazy\" decoding=\"async\" width=\"400\" height=\"400\" src=\"https:\/\/www.raum-blick.de\/magazin\/wp-content\/uploads\/2024\/02\/edzard-eierloeffel-2370_200x200@2x.jpg\" alt=\"Einfach wundersch\u00f6n: die Eierl\u00f6ffel von EDZARD. \" class=\"wp-image-19458\" title=\"\" srcset=\"https:\/\/raum-blick.de\/magazin\/wp-content\/uploads\/2024\/02\/edzard-eierloeffel-2370_200x200@2x.jpg 400w, https:\/\/raum-blick.de\/magazin\/wp-content\/uploads\/2024\/02\/edzard-eierloeffel-2370_200x200@2x-300x300.jpg 300w, https:\/\/raum-blick.de\/magazin\/wp-content\/uploads\/2024\/02\/edzard-eierloeffel-2370_200x200@2x-150x150.jpg 150w\" sizes=\"(max-width: 400px) 100vw, 400px\" \/><figcaption class=\"wp-element-caption\">Diese Eierl\u00f6ffel von EDZARD sind einfach perfekt f\u00fcr die Ostertafel. Aus irisierendem Perlmutt, von Hand gearbeitet und geschmacksneutral. Im 2er-Set.<\/figcaption><\/figure>\n<\/div><figure class=\"wp-block-media-text__media\"><img loading=\"lazy\" decoding=\"async\" width=\"400\" height=\"400\" src=\"https:\/\/www.raum-blick.de\/magazin\/wp-content\/uploads\/2024\/02\/menu-byasa-ecru-serviette-schale_80528_200x200@2x.jpg\" alt=\"\" class=\"wp-image-19448 size-full\" title=\"\" srcset=\"https:\/\/raum-blick.de\/magazin\/wp-content\/uploads\/2024\/02\/menu-byasa-ecru-serviette-schale_80528_200x200@2x.jpg 400w, https:\/\/raum-blick.de\/magazin\/wp-content\/uploads\/2024\/02\/menu-byasa-ecru-serviette-schale_80528_200x200@2x-300x300.jpg 300w, https:\/\/raum-blick.de\/magazin\/wp-content\/uploads\/2024\/02\/menu-byasa-ecru-serviette-schale_80528_200x200@2x-150x150.jpg 150w\" sizes=\"(max-width: 400px) 100vw, 400px\" \/><\/figure><\/div>\n\n\n\n<h2 class=\"wp-block-heading\"><span class=\"ez-toc-section\" id=\"Ei_ei_ei_%E2%80%93_wie_schoen_sind_die_denn_lieber_Osterhase\"><\/span>Ei, ei, ei \u2013 wie sch\u00f6n sind die denn, lieber Osterhase!<span class=\"ez-toc-section-end\"><\/span><\/h2>\n\n\n\n<p>Palmk\u00e4tzchen, Tulpen, Narzissen, an Ostern holen wir uns den Fr\u00fchling ins Haus und inszenieren die Bl\u00fcten in formsch\u00f6nen Vasen aus Keramik oder Glas, die gerne auch die charakteristische \u00f6sterliche Eierform haben d\u00fcrfen. Aber egal, ob gro\u00df, klein, schlank oder bauchig, sie  alle bringen frischen Wind in unsere vier W\u00e4nde, sind selbst kleine Kunstwerke und lassen ihr farbenfrohes Innenleben so richtig strahlen. Da d\u00fcrfen es nat\u00fcrlich auch gerne mehrere sein. So eine Familienbrunch-Tafel ist ja meistens doch etwas gr\u00f6\u00dfer. Und wir bl\u00fchen allein schon beim Anblick eines solchen Ensembles auf und haben beste Osterlaune. <\/p>\n\n\n\n<div class=\"wp-block-columns is-layout-flex wp-container-core-columns-is-layout-9d6595d7 wp-block-columns-is-layout-flex\">\n<div class=\"wp-block-column is-layout-flow wp-block-column-is-layout-flow\">\n<figure class=\"wp-block-image size-full\"><img loading=\"lazy\" decoding=\"async\" width=\"548\" height=\"548\" src=\"https:\/\/www.raum-blick.de\/magazin\/wp-content\/uploads\/2024\/02\/raeder-design-ostervasen-set_78015JBp7OYP2vUDw6_274x274@2x.jpg\" alt=\"Die liebt der Osterhase: Vasenset von r\u00e4der Design mit \u00f6sterlichen Motiven in zwei Gr\u00f6\u00dfen.\" class=\"wp-image-19451\" title=\"\" srcset=\"https:\/\/raum-blick.de\/magazin\/wp-content\/uploads\/2024\/02\/raeder-design-ostervasen-set_78015JBp7OYP2vUDw6_274x274@2x.jpg 548w, https:\/\/raum-blick.de\/magazin\/wp-content\/uploads\/2024\/02\/raeder-design-ostervasen-set_78015JBp7OYP2vUDw6_274x274@2x-300x300.jpg 300w, https:\/\/raum-blick.de\/magazin\/wp-content\/uploads\/2024\/02\/raeder-design-ostervasen-set_78015JBp7OYP2vUDw6_274x274@2x-150x150.jpg 150w\" sizes=\"(max-width: 548px) 100vw, 548px\" \/><figcaption class=\"wp-element-caption\"><em>Das Ostervasen-Set von <a href=\"https:\/\/www.raum-blick.de\/raeder-vasen\/\">r\u00e4der Design<\/a> beweist mit seinem erhabenen Dekor viel Liebe zum Detail. Es passt zu jedem Geschirr, ist f\u00fcr kleine und gro\u00dfe Str\u00e4u\u00dfe wie gemacht und: ein sch\u00f6nes Geschenk. <\/em><\/figcaption><\/figure>\n<\/div>\n\n\n\n<div class=\"wp-block-column is-layout-flow wp-block-column-is-layout-flow\">\n<figure class=\"wp-block-image size-full\"><img loading=\"lazy\" decoding=\"async\" width=\"400\" height=\"400\" src=\"https:\/\/www.raum-blick.de\/magazin\/wp-content\/uploads\/2024\/02\/kaehler-design-hammershoi-vase-klar-18-cm_74438SDvnOxMbBxA0L_200x200@2x.jpg\" alt=\"Glas in seiner sch\u00f6nsten Form. Mundgeblasen mit den charakteristischen K\u00e4hler Rillenmuster. \" class=\"wp-image-19452\" title=\"\" srcset=\"https:\/\/raum-blick.de\/magazin\/wp-content\/uploads\/2024\/02\/kaehler-design-hammershoi-vase-klar-18-cm_74438SDvnOxMbBxA0L_200x200@2x.jpg 400w, https:\/\/raum-blick.de\/magazin\/wp-content\/uploads\/2024\/02\/kaehler-design-hammershoi-vase-klar-18-cm_74438SDvnOxMbBxA0L_200x200@2x-300x300.jpg 300w, https:\/\/raum-blick.de\/magazin\/wp-content\/uploads\/2024\/02\/kaehler-design-hammershoi-vase-klar-18-cm_74438SDvnOxMbBxA0L_200x200@2x-150x150.jpg 150w\" sizes=\"(max-width: 400px) 100vw, 400px\" \/><figcaption class=\"wp-element-caption\"><em>Die mundgeblasene Vase aus der bekannten Hammershoi Kollektion von K\u00e4hler Design ist ein sch\u00f6nes Beispiel f\u00fcr die Verbindung von Tradition und Moderne. Mit dem typischen Rillenmuster beweist sie Stil und ist ein sch\u00f6nes Zuhause f\u00fcr Ihre Lieblingsblumen.<\/em><\/figcaption><\/figure>\n<\/div>\n<\/div>\n\n\n\n<div class=\"wp-block-columns is-layout-flex wp-container-core-columns-is-layout-9d6595d7 wp-block-columns-is-layout-flex\">\n<div class=\"wp-block-column is-layout-flow wp-block-column-is-layout-flow\">\n<figure class=\"wp-block-image size-full\"><img loading=\"lazy\" decoding=\"async\" width=\"400\" height=\"400\" src=\"https:\/\/www.raum-blick.de\/magazin\/wp-content\/uploads\/2024\/02\/Lyngby-vase-weiss-matt-25cm-200838_200x200@2x.jpg\" alt=\"Seit 1936 begeistert die Porcel\u00e6n Vase von Lynby die Welt. \" class=\"wp-image-19456\" title=\"\" srcset=\"https:\/\/raum-blick.de\/magazin\/wp-content\/uploads\/2024\/02\/Lyngby-vase-weiss-matt-25cm-200838_200x200@2x.jpg 400w, https:\/\/raum-blick.de\/magazin\/wp-content\/uploads\/2024\/02\/Lyngby-vase-weiss-matt-25cm-200838_200x200@2x-300x300.jpg 300w, https:\/\/raum-blick.de\/magazin\/wp-content\/uploads\/2024\/02\/Lyngby-vase-weiss-matt-25cm-200838_200x200@2x-150x150.jpg 150w\" sizes=\"(max-width: 400px) 100vw, 400px\" \/><figcaption class=\"wp-element-caption\"><em>Klare Linien und zeitlose Eleganz. Klingt fast ein bisschen nach Osterhase. Ist aber von Lyngby und eine Design-Ikone noch dazu: die Porcel\u00e6n Vase. Entworfen 1936 und in sechs H\u00f6hen erh\u00e4ltlich.<\/em><\/figcaption><\/figure>\n<\/div>\n\n\n\n<div class=\"wp-block-column is-layout-flow wp-block-column-is-layout-flow\">\n<figure class=\"wp-block-image size-full\"><img loading=\"lazy\" decoding=\"async\" width=\"400\" height=\"400\" src=\"https:\/\/www.raum-blick.de\/magazin\/wp-content\/uploads\/2024\/02\/kaehler-hammershoi-poppy-vase-13-cm_66603hVIBMycX2kc65_200x200@2x.jpg\" alt=\"K\u00e4hler Design hat die Mohnblume f\u00fcr sich entdeckt und daraus eine ganze Serie geschaffen. Vom Teller bis, wie hier, zur Vase. \" class=\"wp-image-19454\" title=\"\" srcset=\"https:\/\/raum-blick.de\/magazin\/wp-content\/uploads\/2024\/02\/kaehler-hammershoi-poppy-vase-13-cm_66603hVIBMycX2kc65_200x200@2x.jpg 400w, https:\/\/raum-blick.de\/magazin\/wp-content\/uploads\/2024\/02\/kaehler-hammershoi-poppy-vase-13-cm_66603hVIBMycX2kc65_200x200@2x-300x300.jpg 300w, https:\/\/raum-blick.de\/magazin\/wp-content\/uploads\/2024\/02\/kaehler-hammershoi-poppy-vase-13-cm_66603hVIBMycX2kc65_200x200@2x-150x150.jpg 150w\" sizes=\"(max-width: 400px) 100vw, 400px\" \/><figcaption class=\"wp-element-caption\"><em>Da ist sie wieder, die Mohnblume von K\u00e4hler Design. Hier auf einer filigranen, nostalgisch anmutenden Vase. Einfach zauberhaft, finden Sie nicht auch? Und nat\u00fcrlich passt sie wunderbar zum Geschirr und der Serviette weiter oben.<\/em><\/figcaption><\/figure>\n<\/div>\n\n\n\n<div class=\"wp-block-column is-layout-flow wp-block-column-is-layout-flow\">\n<figure class=\"wp-block-image size-full\"><img loading=\"lazy\" decoding=\"async\" width=\"400\" height=\"400\" src=\"https:\/\/www.raum-blick.de\/magazin\/wp-content\/uploads\/2024\/02\/kaehler-omaggio-nuovo-vase-terrakotta_667141XRQY1pDyzp1u_200x200@2x.jpg\" alt=\"Die Omaggio Nuovo Vase von K\u00e4hler Design erinnert ein wenig an ein in \u00d6l gemaltes Stilleben und \u00fcberzeugt mit ihren frischen Farben. \" class=\"wp-image-19453\" title=\"\" srcset=\"https:\/\/raum-blick.de\/magazin\/wp-content\/uploads\/2024\/02\/kaehler-omaggio-nuovo-vase-terrakotta_667141XRQY1pDyzp1u_200x200@2x.jpg 400w, https:\/\/raum-blick.de\/magazin\/wp-content\/uploads\/2024\/02\/kaehler-omaggio-nuovo-vase-terrakotta_667141XRQY1pDyzp1u_200x200@2x-300x300.jpg 300w, https:\/\/raum-blick.de\/magazin\/wp-content\/uploads\/2024\/02\/kaehler-omaggio-nuovo-vase-terrakotta_667141XRQY1pDyzp1u_200x200@2x-150x150.jpg 150w\" sizes=\"(max-width: 400px) 100vw, 400px\" \/><figcaption class=\"wp-element-caption\"><em>Und noch einmal K\u00e4hler Design. Das d\u00e4nische Label hat es uns angetan. Hier die farbenfrohe Omaggio Nuovo Vase mit 14,5 cm die kleinste in der Serie. Aber es gibt nat\u00fcrlich noch andere Farben und zwei weitere H\u00f6hen.<\/em><\/figcaption><\/figure>\n<\/div>\n<\/div>\n\n\n\n<h2 class=\"wp-block-heading\"><span class=\"ez-toc-section\" id=\"Da_hoppelt_er_ja_schon_der_Osterhase\"><\/span>Da hoppelt er ja schon, der Osterhase!<span class=\"ez-toc-section-end\"><\/span><\/h2>\n\n\n\n<p>Wer sich die Zeit bis zum Osterwochenende und dar\u00fcber hinaus vers\u00fc\u00dfen will, f\u00fcr den haben wir hier eine kleine, feine Auswahl an \u201ehasigen\u201c Accessoires und Dekoideen zusammengestellt. Und unter uns gesagt: Wir sind schon total im Hasenfieber. Ohne geht ja auch einfach nicht. Abgesehen davon, dass das hier wohl die sch\u00f6nsten Fellnasen-Imitate sein d\u00fcrften. Sie halten sich zwar dezent im Hintergrund \u2013 das tut der Osterhase ja auch \u2013, aber wenn dann erst mal der Tisch eingedeckt ist und die G\u00e4ste da, dann sind sie es, die die \u00f6sterliche Stimmung perfekt und letztlich unvergessen machen. <\/p>\n\n\n\n<h3 class=\"wp-block-heading\"><span class=\"ez-toc-section\" id=\"Alles_Hase_Fast\"><\/span>Alles Hase? Fast!<span class=\"ez-toc-section-end\"><\/span><\/h3>\n\n\n\n<div class=\"wp-block-columns is-layout-flex wp-container-core-columns-is-layout-9d6595d7 wp-block-columns-is-layout-flex\">\n<div class=\"wp-block-column is-layout-flow wp-block-column-is-layout-flow\">\n<figure class=\"wp-block-image size-full\"><img loading=\"lazy\" decoding=\"async\" width=\"400\" height=\"400\" src=\"https:\/\/www.raum-blick.de\/magazin\/wp-content\/uploads\/2024\/02\/mr-maria-miffy-leuchte-xl_81431D4mhQ77KqGjJf_200x200@2x.jpg\" alt=\"Miffy, der bekannte niederl\u00e4ndische Hoppelhase h\u00e4lt hier ganz still und beeindruckt mit Gr\u00f6\u00dfe. Gut gemacht, Mr. Maria. \" class=\"wp-image-19445\" title=\"\" srcset=\"https:\/\/raum-blick.de\/magazin\/wp-content\/uploads\/2024\/02\/mr-maria-miffy-leuchte-xl_81431D4mhQ77KqGjJf_200x200@2x.jpg 400w, https:\/\/raum-blick.de\/magazin\/wp-content\/uploads\/2024\/02\/mr-maria-miffy-leuchte-xl_81431D4mhQ77KqGjJf_200x200@2x-300x300.jpg 300w, https:\/\/raum-blick.de\/magazin\/wp-content\/uploads\/2024\/02\/mr-maria-miffy-leuchte-xl_81431D4mhQ77KqGjJf_200x200@2x-150x150.jpg 150w\" sizes=\"(max-width: 400px) 100vw, 400px\" \/><figcaption class=\"wp-element-caption\"><em><a href=\"https:\/\/www.raum-blick.de\/mrmaria\/\">Miffy<\/a> XL, der Designklassiker von Mr Maria. Mit 80 cm H\u00f6he ist die niedliche Leuchte ein absolutes Statement \u2013 nicht nur im Kinderzimmer. Sechs verschiedene Helligkeitsstufen zaubern ein warmwei\u00dfes Stimmungslicht. Auch in einer kleineren Ausf\u00fchrung mit 50 cm H\u00f6he erh\u00e4ltlich. <\/em><\/figcaption><\/figure>\n<\/div>\n\n\n\n<div class=\"wp-block-column is-layout-flow wp-block-column-is-layout-flow\">\n<figure class=\"wp-block-image size-full\"><img loading=\"lazy\" decoding=\"async\" width=\"400\" height=\"400\" src=\"https:\/\/www.raum-blick.de\/magazin\/wp-content\/uploads\/2024\/02\/hoptimist-bunny-eiche-dekofigur_8219611ml4hGkbS4JA_200x200@2x.jpg\" alt=\"Bunny von Hoptimist ist einfach immer herrlich positiv. So wie der Osterhase. \" class=\"wp-image-19441\" title=\"\" srcset=\"https:\/\/raum-blick.de\/magazin\/wp-content\/uploads\/2024\/02\/hoptimist-bunny-eiche-dekofigur_8219611ml4hGkbS4JA_200x200@2x.jpg 400w, https:\/\/raum-blick.de\/magazin\/wp-content\/uploads\/2024\/02\/hoptimist-bunny-eiche-dekofigur_8219611ml4hGkbS4JA_200x200@2x-300x300.jpg 300w, https:\/\/raum-blick.de\/magazin\/wp-content\/uploads\/2024\/02\/hoptimist-bunny-eiche-dekofigur_8219611ml4hGkbS4JA_200x200@2x-150x150.jpg 150w\" sizes=\"(max-width: 400px) 100vw, 400px\" \/><figcaption class=\"wp-element-caption\"><em>Auch als Hase ein absoluter Stimmungsmacher: der <a href=\"https:\/\/www.raum-blick.de\/hoptimist\/\">Hoptimist <\/a>Bunny. Einfach sanft anstupsen und schon verspr\u00fcht er mit seinen rhythmischen Bewegungen gute Laune. Auch perfekt f\u00fcrs Osternest. Das Eichenholz ist \u00fcbrigens naturbelassen.  <\/em><\/figcaption><\/figure>\n<\/div>\n<\/div>\n\n\n\n<div class=\"wp-block-columns is-layout-flex wp-container-core-columns-is-layout-9d6595d7 wp-block-columns-is-layout-flex\">\n<div class=\"wp-block-column is-layout-flow wp-block-column-is-layout-flow\">\n<figure class=\"wp-block-image size-full\"><img loading=\"lazy\" decoding=\"async\" width=\"400\" height=\"400\" src=\"https:\/\/www.raum-blick.de\/magazin\/wp-content\/uploads\/2024\/02\/pad-billy-kissenhuelle-rechteckig-freisteller_87374_200x200@2x.jpg\" alt=\"Ob der Osterhase Zeit f\u00fcr ein K\u00fcken hat? Scheint so. Zumindest wenn man der Kissenh\u00fclle von pad glaubt. \" class=\"wp-image-19438\" title=\"\" srcset=\"https:\/\/raum-blick.de\/magazin\/wp-content\/uploads\/2024\/02\/pad-billy-kissenhuelle-rechteckig-freisteller_87374_200x200@2x.jpg 400w, https:\/\/raum-blick.de\/magazin\/wp-content\/uploads\/2024\/02\/pad-billy-kissenhuelle-rechteckig-freisteller_87374_200x200@2x-300x300.jpg 300w, https:\/\/raum-blick.de\/magazin\/wp-content\/uploads\/2024\/02\/pad-billy-kissenhuelle-rechteckig-freisteller_87374_200x200@2x-150x150.jpg 150w\" sizes=\"(max-width: 400px) 100vw, 400px\" \/><figcaption class=\"wp-element-caption\"><em>K\u00fcken und Hase, DIE Oster-Kombi. Die Kissenh\u00fclle von pad bringt den Fr\u00fchling ins Haus und f\u00fchlt sich dabei fast so weich an, wie ein Hasenfell. <\/em><\/figcaption><\/figure>\n<\/div>\n\n\n\n<div class=\"wp-block-column is-layout-flow wp-block-column-is-layout-flow\">\n<figure class=\"wp-block-image size-full\"><img loading=\"lazy\" decoding=\"async\" width=\"400\" height=\"400\" src=\"https:\/\/www.raum-blick.de\/magazin\/wp-content\/uploads\/2024\/02\/Baobab-Feathers-Max-16_97556_200x200@2x.jpg\" alt=\"Die Duftkerzen von Baobab sind legend\u00e4r. Und die Feathers ist ein ganz besonderes Exemplar. Sie bringt mit Ihrem Duft Ying und Yang ins Gleichgewicht.  \" class=\"wp-image-19436\" title=\"\" srcset=\"https:\/\/raum-blick.de\/magazin\/wp-content\/uploads\/2024\/02\/Baobab-Feathers-Max-16_97556_200x200@2x.jpg 400w, https:\/\/raum-blick.de\/magazin\/wp-content\/uploads\/2024\/02\/Baobab-Feathers-Max-16_97556_200x200@2x-300x300.jpg 300w, https:\/\/raum-blick.de\/magazin\/wp-content\/uploads\/2024\/02\/Baobab-Feathers-Max-16_97556_200x200@2x-150x150.jpg 150w\" sizes=\"(max-width: 400px) 100vw, 400px\" \/><figcaption class=\"wp-element-caption\"><em>Federleicht kommt der Fr\u00fchling daher und auch die wundersch\u00f6ne Duftkerze von <a href=\"https:\/\/www.raum-blick.de\/baobab-collection\/\">Baobab Collection.<\/a> Mit ihrem Duft aus schwarzen Rose und Oud-Holz bringt Feathers eine einzigartige Atmosph\u00e4re in Ihr Zuhause. <\/em><\/figcaption><\/figure>\n<\/div>\n\n\n\n<div class=\"wp-block-column is-layout-flow wp-block-column-is-layout-flow\">\n<figure class=\"wp-block-image size-full\"><img loading=\"lazy\" decoding=\"async\" width=\"548\" height=\"548\" src=\"https:\/\/www.raum-blick.de\/magazin\/wp-content\/uploads\/2024\/02\/pad-bunny-kissehuelle_87432_274x274@2x.jpg\" alt=\"pad hat die Hasen f\u00fcr sich entdeckt. Hier mit einem ulkigen Motiv und in wundersch\u00f6nen Farben. It&#039;s showtime, Osterhase!\" class=\"wp-image-19437\" title=\"\" srcset=\"https:\/\/raum-blick.de\/magazin\/wp-content\/uploads\/2024\/02\/pad-bunny-kissehuelle_87432_274x274@2x.jpg 548w, https:\/\/raum-blick.de\/magazin\/wp-content\/uploads\/2024\/02\/pad-bunny-kissehuelle_87432_274x274@2x-300x300.jpg 300w, https:\/\/raum-blick.de\/magazin\/wp-content\/uploads\/2024\/02\/pad-bunny-kissehuelle_87432_274x274@2x-150x150.jpg 150w\" sizes=\"(max-width: 548px) 100vw, 548px\" \/><figcaption class=\"wp-element-caption\"><em>Und zum Abschluss noch eine Hasen-Kissenh\u00fclle von pad. Aus Baumwolle und mit einem Motiv zum Schmunzeln. BUNNY ist einfach herzzerrei\u00dfend niedlich<\/em>, findet bestimmt auch Ihre Katze, wenn Sie eine haben.<\/figcaption><\/figure>\n<\/div>\n<\/div>\n\n\n\n<p>Haben wir Sie angesteckt mit unserem \u201eh\u00e4sischen\u201c Treiben? Wenn ja, dann bestellen Sie gerne gleich, bevor die sch\u00f6nsten St\u00fccke weg sind. Oder st\u00f6bern Sie einfach und lassen sich inspirieren. Schlie\u00dflich ist jedes Zuhause anders und wer wei\u00df besser, was zu Ihnen passt als Sie selbst? Wir freuen uns auf alle F\u00e4lle auf zahlreiche Osterbestellungen und nat\u00fcrlich auch immer \u00fcber Ihr Feedback. Denn erst, wenn Sie zufrieden sind, sind wir es auch. Danke und an dieser Stelle schon mal frohe Ostern.<\/p>\n","protected":false},"excerpt":{"rendered":"<p>\u00ab Tischinspiration, Deko, Geschenkideen \u00bb Das Osterfest r\u00fcckt n\u00e4her und wir pr\u00e4sentieren Ihnen schon mal unsere Highlights f\u00fcr die (vor)\u00f6sterliche Stimmung: zauberhafte Vasen f\u00fcr die Fr\u00fchlingsblumen, wunderh\u00fcbsche Tableware, kleine, feine Dekost\u00fccke f\u00fcr das gewisse Etwas und h\u00fcbsche Kleinigkeiten zum Verschenken. Oder einfach sich selbst g\u00f6nnen. Auch das ist ja an Ostern durchaus legitim. Denn wenn [&hellip;]<\/p>\n","protected":false},"author":4,"featured_media":19444,"comment_status":"closed","ping_status":"open","sticky":false,"template":"","format":"standard","meta":{"_et_pb_use_builder":"","_et_pb_old_content":"","_et_gb_content_width":"","inline_featured_image":false,"footnotes":""},"categories":[7,1],"tags":[2170,2171,2212,711,342,840,2219,2222,18,206,294,2217,119,147,2218,1676,359,410,1317,2158,357,1515,1537,827,1566,2224,558,1386,2223,1778,2214,2216,2213,1517,825,1601,317,2176,2169,1001,985,2221,318,188,2220,1731,2167,2168,2215,444,652,146,613],"class_list":["post-19429","post","type-post","status-publish","format-standard","has-post-thumbnail","hentry","category-accessoires-lifestyle","category-drinnen","tag-baobab","tag-baobab-collection","tag-brunch","tag-dekoideen","tag-dekoration","tag-edzard","tag-eierbecher","tag-eierloeffel","tag-eva-solo","tag-ferm-living","tag-geschenkideen","tag-geschenkideen-zu-ostern","tag-geschirr","tag-glaeser","tag-glasschalen","tag-glasvase","tag-glasvasen","tag-hoptimist","tag-jonathan-adler","tag-jonathan-adler-untersetzer","tag-kaehler","tag-kaehler-design","tag-karaffe","tag-kissenbezug","tag-kissenhuelle","tag-kissenhuellen","tag-lyngby","tag-lyngby-porzellanvasen","tag-miffy","tag-mr-maria","tag-osterbrunch","tag-osterdeko","tag-osterfruehstueck","tag-ostern","tag-pad","tag-pfeffermuehle","tag-pfeffermuehlen","tag-pols-potten","tag-porzellanteller","tag-raeder","tag-raeder-design","tag-rocket","tag-salzmuehlen","tag-schuesseln","tag-sebastian-frank","tag-servietten","tag-side-by-side-2","tag-stoffservietten","tag-tableware","tag-teller","tag-trinkglaeser","tag-vasen","tag-wasserkaraffe"],"_links":{"self":[{"href":"https:\/\/raum-blick.de\/magazin\/wp-json\/wp\/v2\/posts\/19429","targetHints":{"allow":["GET"]}}],"collection":[{"href":"https:\/\/raum-blick.de\/magazin\/wp-json\/wp\/v2\/posts"}],"about":[{"href":"https:\/\/raum-blick.de\/magazin\/wp-json\/wp\/v2\/types\/post"}],"author":[{"embeddable":true,"href":"https:\/\/raum-blick.de\/magazin\/wp-json\/wp\/v2\/users\/4"}],"replies":[{"embeddable":true,"href":"https:\/\/raum-blick.de\/magazin\/wp-json\/wp\/v2\/comments?post=19429"}],"version-history":[{"count":17,"href":"https:\/\/raum-blick.de\/magazin\/wp-json\/wp\/v2\/posts\/19429\/revisions"}],"predecessor-version":[{"id":19496,"href":"https:\/\/raum-blick.de\/magazin\/wp-json\/wp\/v2\/posts\/19429\/revisions\/19496"}],"wp:featuredmedia":[{"embeddable":true,"href":"https:\/\/raum-blick.de\/magazin\/wp-json\/wp\/v2\/media\/19444"}],"wp:attachment":[{"href":"https:\/\/raum-blick.de\/magazin\/wp-json\/wp\/v2\/media?parent=19429"}],"wp:term":[{"taxonomy":"category","embeddable":true,"href":"https:\/\/raum-blick.de\/magazin\/wp-json\/wp\/v2\/categories?post=19429"},{"taxonomy":"post_tag","embeddable":true,"href":"https:\/\/raum-blick.de\/magazin\/wp-json\/wp\/v2\/tags?post=19429"}],"curies":[{"name":"wp","href":"https:\/\/api.w.org\/{rel}","templated":true}]}}