{"id":19358,"date":"2024-03-03T18:48:30","date_gmt":"2024-03-03T17:48:30","guid":{"rendered":"https:\/\/www.raum-blick.de\/magazin\/?p=19358"},"modified":"2024-03-25T18:23:54","modified_gmt":"2024-03-25T17:23:54","slug":"outdoor-moebeltrends-2024","status":"publish","type":"post","link":"https:\/\/raum-blick.de\/magazin\/outdoor-moebeltrends-2024\/","title":{"rendered":"Outdoor-M\u00f6beltrends 2024: Lieblingsst\u00fccke f\u00fcrs pure Gartengl\u00fcck"},"content":{"rendered":"\n<h2 class=\"wp-block-heading\"><span class=\"ez-toc-section\" id=\"%C2%AB_Wohlfuehlen_Feiern_Arbeiten_%E2%80%93_am_liebsten_im_Freien_%C2%BB\"><\/span>\u00ab Wohlf\u00fchlen, Feiern, Arbeiten \u2013 am liebsten im Freien \u00bb<span class=\"ez-toc-section-end\"><\/span><\/h2>\n\n\n\n<p><strong>Fr\u00fchling liegt in der Luft, die Temperaturen steigen und mit den ersten Sonnenstrahlen wollen wir nur noch eines: raus. In den Garten, auf die Terrasse oder den Balkon. Egal wieviel Platz Sie haben, bei uns finden Sie alles, was das Drau\u00dfen sch\u00f6ner, komfortabler und gem\u00fctlicher macht. Eben zum zweiten Wohn-Zimmer, das von K\u00fcche \u00fcber Esszimmer und Entspannungsraum bis zum Home-Office alles sein kann. So, wie Sie es gerade brauchen. Die <a href=\"https:\/\/www.raum-blick.de\/outdoor-moebel\/\">Outdoor-M\u00f6beltrends<\/a> 2024 liefern Ihnen daf\u00fcr jedenfalls jede Menge Inspiration. Also: Feel free!<\/strong><\/p>\n\n\n\n<h2 class=\"wp-block-heading\"><span class=\"ez-toc-section\" id=\"Outdoor-Moebeltrends_2024_Nr_1_modulare_Loungemoebel_fuer_maximale_Flexibilitaet\"><\/span>Outdoor-M\u00f6beltrends 2024, Nr. 1: modulare Loungem\u00f6bel f\u00fcr maximale Flexibilit\u00e4t<span class=\"ez-toc-section-end\"><\/span><\/h2>\n\n\n\n<p>Es gibt Dinge, die funktionieren drau\u00dfen so gut wie drinnen. Denn wenn wir eines nicht m\u00f6gen, dann uns festzulegen. Deshalb sind individuell anpassbare M\u00f6bel auch eine so wundervolle Erfindung. Denn sie bedeuten maximale Flexibilit\u00e4t \u2013 ob kleiner Balkon oder ausladende Terrasse, zwei oder zwanzig G\u00e4ste. Au\u00dferdem lassen sich Module leicht austauschen und im Winter auch ganz einfach einlagern. Also in jeder Hinsicht ausgesprochen praktisch. Und auch optisch punkten die gem\u00fctlichen Lounger in dieser Saison: mit sanften, schwungvollen, organischen Rundungen statt harten Ecken und Kanten.<\/p><div id=\"ez-toc-container\" class=\"ez-toc-v2_0_82_2 counter-hierarchy ez-toc-counter ez-toc-grey ez-toc-container-direction\">\n<div class=\"ez-toc-title-container\">\n<p class=\"ez-toc-title\" style=\"cursor:inherit\">Was hier auf Sie wartet<\/p>\n<span class=\"ez-toc-title-toggle\"><a href=\"#\" class=\"ez-toc-pull-right ez-toc-btn ez-toc-btn-xs ez-toc-btn-default ez-toc-toggle\" aria-label=\"Toggle Table of Content\"><span class=\"ez-toc-js-icon-con\"><span class=\"\"><span class=\"eztoc-hide\" style=\"display:none;\">Toggle<\/span><span class=\"ez-toc-icon-toggle-span\"><svg style=\"fill: #999;color:#999\" xmlns=\"http:\/\/www.w3.org\/2000\/svg\" class=\"list-377408\" width=\"20px\" height=\"20px\" viewBox=\"0 0 24 24\" fill=\"none\"><path d=\"M6 6H4v2h2V6zm14 0H8v2h12V6zM4 11h2v2H4v-2zm16 0H8v2h12v-2zM4 16h2v2H4v-2zm16 0H8v2h12v-2z\" fill=\"currentColor\"><\/path><\/svg><svg style=\"fill: #999;color:#999\" class=\"arrow-unsorted-368013\" xmlns=\"http:\/\/www.w3.org\/2000\/svg\" width=\"10px\" height=\"10px\" viewBox=\"0 0 24 24\" version=\"1.2\" baseProfile=\"tiny\"><path d=\"M18.2 9.3l-6.2-6.3-6.2 6.3c-.2.2-.3.4-.3.7s.1.5.3.7c.2.2.4.3.7.3h11c.3 0 .5-.1.7-.3.2-.2.3-.5.3-.7s-.1-.5-.3-.7zM5.8 14.7l6.2 6.3 6.2-6.3c.2-.2.3-.5.3-.7s-.1-.5-.3-.7c-.2-.2-.4-.3-.7-.3h-11c-.3 0-.5.1-.7.3-.2.2-.3.5-.3.7s.1.5.3.7z\"\/><\/svg><\/span><\/span><\/span><\/a><\/span><\/div>\n<nav><ul class='ez-toc-list ez-toc-list-level-1 ' ><li class='ez-toc-page-1 ez-toc-heading-level-2'><a class=\"ez-toc-link ez-toc-heading-1\" href=\"https:\/\/raum-blick.de\/magazin\/outdoor-moebeltrends-2024\/#%C2%AB_Wohlfuehlen_Feiern_Arbeiten_%E2%80%93_am_liebsten_im_Freien_%C2%BB\" >\u00ab Wohlf\u00fchlen, Feiern, Arbeiten \u2013 am liebsten im Freien \u00bb<\/a><\/li><li class='ez-toc-page-1 ez-toc-heading-level-2'><a class=\"ez-toc-link ez-toc-heading-2\" href=\"https:\/\/raum-blick.de\/magazin\/outdoor-moebeltrends-2024\/#Outdoor-Moebeltrends_2024_Nr_1_modulare_Loungemoebel_fuer_maximale_Flexibilitaet\" >Outdoor-M\u00f6beltrends 2024, Nr. 1: modulare Loungem\u00f6bel f\u00fcr maximale Flexibilit\u00e4t<\/a><\/li><li class='ez-toc-page-1 ez-toc-heading-level-2'><a class=\"ez-toc-link ez-toc-heading-3\" href=\"https:\/\/raum-blick.de\/magazin\/outdoor-moebeltrends-2024\/#Outdoor-Moebeltrends_2024_Nr_2_Stuehle_Tische_in_Gruentoenen_frischem_Weiss_und_elegantem_Schwarz\" >Outdoor-M\u00f6beltrends 2024, Nr. 2: St\u00fchle &amp; Tische in Gr\u00fcnt\u00f6nen, frischem Wei\u00df und elegantem Schwarz<\/a><\/li><li class='ez-toc-page-1 ez-toc-heading-level-2'><a class=\"ez-toc-link ez-toc-heading-4\" href=\"https:\/\/raum-blick.de\/magazin\/outdoor-moebeltrends-2024\/#Outdoor-Moebeltrends_2024_Nr_3_Liegen_Daybeds_fuer_entspanntes_Urlaubsfeeling_daheim\" >Outdoor-M\u00f6beltrends 2024, Nr. 3: Liegen &amp; Daybeds f\u00fcr entspanntes Urlaubsfeeling daheim<\/a><\/li><\/ul><\/nav><\/div>\n\n\n\n\n<div class=\"wp-block-media-text alignwide is-stacked-on-mobile\"><figure class=\"wp-block-media-text__media\"><img loading=\"lazy\" decoding=\"async\" width=\"400\" height=\"400\" src=\"https:\/\/www.raum-blick.de\/magazin\/wp-content\/uploads\/2024\/02\/cane-line-capture-2-sitzer-sofamodul-kombination-ambiente_98730_200x200@2x.jpg\" alt=\"Cane-line Capture 2-Sitzer Modul. Mit sanften Rundungen einer der Outdoor-M\u00f6beltrends 2024.\" class=\"wp-image-19410 size-full\" title=\"\" srcset=\"https:\/\/raum-blick.de\/magazin\/wp-content\/uploads\/2024\/02\/cane-line-capture-2-sitzer-sofamodul-kombination-ambiente_98730_200x200@2x.jpg 400w, https:\/\/raum-blick.de\/magazin\/wp-content\/uploads\/2024\/02\/cane-line-capture-2-sitzer-sofamodul-kombination-ambiente_98730_200x200@2x-300x300.jpg 300w, https:\/\/raum-blick.de\/magazin\/wp-content\/uploads\/2024\/02\/cane-line-capture-2-sitzer-sofamodul-kombination-ambiente_98730_200x200@2x-150x150.jpg 150w\" sizes=\"(max-width: 400px) 100vw, 400px\" \/><\/figure><div class=\"wp-block-media-text__content\">\n<p><em>Allein oder zu zweit, die smarten <a href=\"https:\/\/www.raum-blick.de\/cane-line\/\">Cane-line<\/a> Outdoor-Sofas der Capture-Serie veredeln mit ihrer eleganten Erscheinung jedes Drau\u00dfen. Und dank QuickDry &amp; Airflow-System ist der weiche und witterungsbest\u00e4ndige Stoff auch innerhalb einer Stunde wieder trocken, falls mal ein Regenschauer kommt.<\/em><\/p>\n<\/div><\/div>\n\n\n\n<p> <\/p>\n\n\n\n<div class=\"wp-block-columns is-layout-flex wp-container-core-columns-is-layout-9d6595d7 wp-block-columns-is-layout-flex\">\n<div class=\"wp-block-column is-layout-flow wp-block-column-is-layout-flow\">\n<figure class=\"wp-block-image size-full\"><img loading=\"lazy\" decoding=\"async\" width=\"400\" height=\"400\" src=\"https:\/\/www.raum-blick.de\/magazin\/wp-content\/uploads\/2024\/02\/lounge-sofa-fatboy-paletti_80055_200x200@2x.jpg\" alt=\"Fatboy Paletti garantiert mit seiner Kombinationsfreudigkeit chillige Wohlf\u00fchlmomente.\" class=\"wp-image-19362\" title=\"\" srcset=\"https:\/\/raum-blick.de\/magazin\/wp-content\/uploads\/2024\/02\/lounge-sofa-fatboy-paletti_80055_200x200@2x.jpg 400w, https:\/\/raum-blick.de\/magazin\/wp-content\/uploads\/2024\/02\/lounge-sofa-fatboy-paletti_80055_200x200@2x-300x300.jpg 300w, https:\/\/raum-blick.de\/magazin\/wp-content\/uploads\/2024\/02\/lounge-sofa-fatboy-paletti_80055_200x200@2x-150x150.jpg 150w\" sizes=\"(max-width: 400px) 100vw, 400px\" \/><figcaption class=\"wp-element-caption\"><em>Gro\u00dfe Outdoor-Lounge oder kleine gem\u00fctliche Sitzecke, mit den unterschiedlichen Elementen von <a href=\"https:\/\/www.raum-blick.de\/fatboy-paletti\/\">Fatboy Paletti<\/a> k\u00f6nnen Sie sich Ihre chillige Sitzecke ganz nach Gusto bauen. Und waschbar sind die Bez\u00fcge nat\u00fcrlich auch. <\/em><\/figcaption><\/figure>\n<\/div>\n\n\n\n<div class=\"wp-block-column is-layout-flow wp-block-column-is-layout-flow\">\n<figure class=\"wp-block-image size-full\"><img loading=\"lazy\" decoding=\"async\" width=\"400\" height=\"400\" src=\"https:\/\/www.raum-blick.de\/magazin\/wp-content\/uploads\/2024\/02\/grow-blomus-outdoor-sofa_82432NFOAzPXisx5Vj_200x200@2x.jpg\" alt=\"blomus GROW ist in seiner vielf\u00e4ltigen Modularit\u00e4t ein sch\u00f6ner Vertreter f\u00fcr die Online-M\u00f6beltrends 2024.\" class=\"wp-image-19411\" title=\"\" srcset=\"https:\/\/raum-blick.de\/magazin\/wp-content\/uploads\/2024\/02\/grow-blomus-outdoor-sofa_82432NFOAzPXisx5Vj_200x200@2x.jpg 400w, https:\/\/raum-blick.de\/magazin\/wp-content\/uploads\/2024\/02\/grow-blomus-outdoor-sofa_82432NFOAzPXisx5Vj_200x200@2x-300x300.jpg 300w, https:\/\/raum-blick.de\/magazin\/wp-content\/uploads\/2024\/02\/grow-blomus-outdoor-sofa_82432NFOAzPXisx5Vj_200x200@2x-150x150.jpg 150w\" sizes=\"(max-width: 400px) 100vw, 400px\" \/><figcaption class=\"wp-element-caption\"><em><a href=\"https:\/\/www.raum-blick.de\/blomus\/\">blomus GROW<\/a> ist herrlich komfortabel, wetterfest, pflegeleicht und UV-best\u00e4ndig. Und: Es gibt zig verschiedene Module, mit denen Sie Ihr ganz eigenes Loungesystem kreieren k\u00f6nnen. Das ist Outdoor-Feeling wie wir es lieben!<\/em><\/figcaption><\/figure>\n<\/div>\n<\/div>\n\n\n\n<div class=\"wp-block-media-text alignwide has-media-on-the-right is-stacked-on-mobile\"><div class=\"wp-block-media-text__content\">\n<p><em>Sessel, 2-Sitzer oder 3-Sitzer \u2013 mit der Bellevie-Serie hat Fermob Loungem\u00f6bel geschaffen, die mit sanften Kurven, schlichten Linien und einer modernen Ausstrahlung verf\u00fchren. Und: mit Gute-Laune-Farben punkten. Franz\u00f6sisches Savoir-vivre eben, was will man mehr!<\/em><\/p>\n<\/div><figure class=\"wp-block-media-text__media\"><img loading=\"lazy\" decoding=\"async\" width=\"400\" height=\"400\" src=\"https:\/\/www.raum-blick.de\/magazin\/wp-content\/uploads\/2024\/02\/fermob-bellevie-sitzgruppe-opalgruen_65982_200x200@2x.jpg\" alt=\"Ein Loungesystem \u00e0 la fran\u00e7aise: Fermob wei\u00df, wie das geht. Ein hoch auf die wundervoll elegante Bellvie-Serie!\" class=\"wp-image-19409 size-full\" title=\"\" srcset=\"https:\/\/raum-blick.de\/magazin\/wp-content\/uploads\/2024\/02\/fermob-bellevie-sitzgruppe-opalgruen_65982_200x200@2x.jpg 400w, https:\/\/raum-blick.de\/magazin\/wp-content\/uploads\/2024\/02\/fermob-bellevie-sitzgruppe-opalgruen_65982_200x200@2x-300x300.jpg 300w, https:\/\/raum-blick.de\/magazin\/wp-content\/uploads\/2024\/02\/fermob-bellevie-sitzgruppe-opalgruen_65982_200x200@2x-150x150.jpg 150w\" sizes=\"(max-width: 400px) 100vw, 400px\" \/><\/figure><\/div>\n\n\n\n<h2 class=\"wp-block-heading\"><span class=\"ez-toc-section\" id=\"Outdoor-Moebeltrends_2024_Nr_2_Stuehle_Tische_in_Gruentoenen_frischem_Weiss_und_elegantem_Schwarz\"><\/span>Outdoor-M\u00f6beltrends 2024, Nr. 2: St\u00fchle &amp; Tische in Gr\u00fcnt\u00f6nen, frischem Wei\u00df und elegantem Schwarz<span class=\"ez-toc-section-end\"><\/span><\/h2>\n\n\n\n<p>Wir lieben die Natur, den Duft von frischem Gras, die zarten Knospen im Fr\u00fchling und weil wir uns auch im Gr\u00fcnen zu Hause f\u00fchlen m\u00f6chten, was liegt da n\u00e4her, als auch farblich auf den Gr\u00fcnfaktor zu setzen. Auch wenn wir vielleicht keinen gr\u00fcnen Daumen haben. St\u00fchle und Tische zeigen sich jetzt jedenfalls gerne in der ruhevermittelnden Naturfarbe. Und das in allen Schattierungen. Von dunklem Waldgr\u00fcn bis zu pastelligem Mint. F\u00fcr Frische sorgt ein klares Wei\u00df und f\u00fcr den n\u00f6tigen Kontrast \u2013 wie k\u00f6nnte es anders sein \u2013 ein zeitloses, elegantes Schwarz. <\/p>\n\n\n\n<div class=\"wp-block-columns is-layout-flex wp-container-core-columns-is-layout-9d6595d7 wp-block-columns-is-layout-flex\">\n<div class=\"wp-block-column is-layout-flow wp-block-column-is-layout-flow\">\n<figure class=\"wp-block-image size-full\"><img loading=\"lazy\" decoding=\"async\" width=\"400\" height=\"400\" src=\"https:\/\/www.raum-blick.de\/magazin\/wp-content\/uploads\/2024\/02\/masters-seida-gruen_94709_200x200@2x.jpg\" alt=\"Einer DER Outdoor-M\u00f6beltrends 2024: St\u00fchle in diversen Gr\u00fcnt\u00f6nen. Hier der \u201eMasters&quot; von Kartell. \" class=\"wp-image-19393\" title=\"\" srcset=\"https:\/\/raum-blick.de\/magazin\/wp-content\/uploads\/2024\/02\/masters-seida-gruen_94709_200x200@2x.jpg 400w, https:\/\/raum-blick.de\/magazin\/wp-content\/uploads\/2024\/02\/masters-seida-gruen_94709_200x200@2x-300x300.jpg 300w, https:\/\/raum-blick.de\/magazin\/wp-content\/uploads\/2024\/02\/masters-seida-gruen_94709_200x200@2x-150x150.jpg 150w\" sizes=\"(max-width: 400px) 100vw, 400px\" \/><figcaption class=\"wp-element-caption\">Der \u201eMasters\u201c-Stuhl von Philippe Starck f\u00fcr <a href=\"https:\/\/www.raum-blick.de\/kartell-stuehle\/\">Kartell<\/a> entworfen. Der pr\u00e4mierte Klassiker hier in trendigem Salbeigr\u00fcn.<\/figcaption><\/figure>\n<\/div>\n\n\n\n<div class=\"wp-block-column is-layout-flow wp-block-column-is-layout-flow\">\n<figure class=\"wp-block-image size-full\"><img loading=\"lazy\" decoding=\"async\" width=\"400\" height=\"400\" src=\"https:\/\/www.raum-blick.de\/magazin\/wp-content\/uploads\/2024\/02\/weishaeupl-Forest-Sessel-weiss-2_17300iqU3LZxywnlap_200x200@2x.jpg\" alt=\"FOREST von Fast. Ein raffinierter Gartensessel mit einem charakterlistischen Muster. \" class=\"wp-image-19395\" title=\"\" srcset=\"https:\/\/raum-blick.de\/magazin\/wp-content\/uploads\/2024\/02\/weishaeupl-Forest-Sessel-weiss-2_17300iqU3LZxywnlap_200x200@2x.jpg 400w, https:\/\/raum-blick.de\/magazin\/wp-content\/uploads\/2024\/02\/weishaeupl-Forest-Sessel-weiss-2_17300iqU3LZxywnlap_200x200@2x-300x300.jpg 300w, https:\/\/raum-blick.de\/magazin\/wp-content\/uploads\/2024\/02\/weishaeupl-Forest-Sessel-weiss-2_17300iqU3LZxywnlap_200x200@2x-150x150.jpg 150w\" sizes=\"(max-width: 400px) 100vw, 400px\" \/><figcaption class=\"wp-element-caption\"><em>Dieser stapelbare Aluminium-Stuhl von <a href=\"https:\/\/www.raum-blick.de\/fast-forest-sessel\">fast<\/a> tr\u00e4gt die Natur schon im Namen: FOREST. Er kombiniert au\u00dfergew\u00f6hnliches Design mit hervorragendem Sitzkomfort. <\/em><\/figcaption><\/figure>\n<\/div>\n\n\n\n<div class=\"wp-block-column is-layout-flow wp-block-column-is-layout-flow\">\n<figure class=\"wp-block-image size-full is-resized\"><img loading=\"lazy\" decoding=\"async\" src=\"https:\/\/www.raum-blick.de\/magazin\/wp-content\/uploads\/2024\/02\/qeebo-filicudi-loungesessel-schwarz-raum_97441_200x200@2x-edited.jpg\" alt=\"Qeeboo Filicudi ist ein au\u00dfergew\u00f6hnlicher Loungesessel und geh\u00f6rt mit seinem Kaktusfeigen-Profil und dem eleganten Schwarz zu den Outdoor-M\u00f6beltrends 2024.\" class=\"wp-image-19416\" width=\"256\" height=\"256\" title=\"\" srcset=\"https:\/\/raum-blick.de\/magazin\/wp-content\/uploads\/2024\/02\/qeebo-filicudi-loungesessel-schwarz-raum_97441_200x200@2x-edited.jpg 193w, https:\/\/raum-blick.de\/magazin\/wp-content\/uploads\/2024\/02\/qeebo-filicudi-loungesessel-schwarz-raum_97441_200x200@2x-edited-150x150.jpg 150w\" sizes=\"(max-width: 256px) 100vw, 256px\" \/><figcaption class=\"wp-element-caption\"><em>Der <a href=\"https:\/\/www.raum-blick.de\/qeeboo\/\">Qeeboo<\/a> Filicudi \u2013 ein Loungesessel zum Verlieben! Inspiriert vom Profil der Kaktusfeige zaubert er mediterranes Flair auf Terrasse und Balkon.<\/em><\/figcaption><\/figure>\n<\/div>\n<\/div>\n\n\n\n<div class=\"wp-block-media-text alignwide is-stacked-on-mobile\"><figure class=\"wp-block-media-text__media\"><img loading=\"lazy\" decoding=\"async\" width=\"400\" height=\"400\" src=\"https:\/\/www.raum-blick.de\/magazin\/wp-content\/uploads\/2024\/02\/sunshine-mariposa-oyster-schwarz-cuero_698107hZO0923HuMR1_200x200@2x.jpg\" alt=\"Ausgestattet mit dem Sunbrella Stoff und damit widerstandsf\u00e4hig gegen UV-Licht und Regen: der Cuero Sunshine.\" class=\"wp-image-19397 size-full\" title=\"\" srcset=\"https:\/\/raum-blick.de\/magazin\/wp-content\/uploads\/2024\/02\/sunshine-mariposa-oyster-schwarz-cuero_698107hZO0923HuMR1_200x200@2x.jpg 400w, https:\/\/raum-blick.de\/magazin\/wp-content\/uploads\/2024\/02\/sunshine-mariposa-oyster-schwarz-cuero_698107hZO0923HuMR1_200x200@2x-300x300.jpg 300w, https:\/\/raum-blick.de\/magazin\/wp-content\/uploads\/2024\/02\/sunshine-mariposa-oyster-schwarz-cuero_698107hZO0923HuMR1_200x200@2x-150x150.jpg 150w\" sizes=\"(max-width: 400px) 100vw, 400px\" \/><\/figure><div class=\"wp-block-media-text__content\">\n<p><em>Edel sieht er aus, der wei\u00dfe <a href=\"https:\/\/www.raum-blick.de\/cuero\/\">Cuero<\/a> Sunshine Butterfly Chair. Definitiv ein Must-have und ein Klassiker sowieso.  <\/em><\/p>\n\n\n\n<figure class=\"wp-block-image size-full\"><img loading=\"lazy\" decoding=\"async\" width=\"400\" height=\"400\" src=\"https:\/\/www.raum-blick.de\/magazin\/wp-content\/uploads\/2024\/02\/cane-line-ocean-sessel-stapelbar_78386RI3IDPrfh72Yo_200x200@2x.jpg\" alt=\"Cane-line Ocean Alustuhl mit nat\u00fcrlich-leichter Optik. In Dunkelgr\u00fcn definitiv einer der Outdoor-Mobeltrends 2024.\" class=\"wp-image-19366\" title=\"\" srcset=\"https:\/\/raum-blick.de\/magazin\/wp-content\/uploads\/2024\/02\/cane-line-ocean-sessel-stapelbar_78386RI3IDPrfh72Yo_200x200@2x.jpg 400w, https:\/\/raum-blick.de\/magazin\/wp-content\/uploads\/2024\/02\/cane-line-ocean-sessel-stapelbar_78386RI3IDPrfh72Yo_200x200@2x-300x300.jpg 300w, https:\/\/raum-blick.de\/magazin\/wp-content\/uploads\/2024\/02\/cane-line-ocean-sessel-stapelbar_78386RI3IDPrfh72Yo_200x200@2x-150x150.jpg 150w\" sizes=\"(max-width: 400px) 100vw, 400px\" \/><figcaption class=\"wp-element-caption\"><em>Stapelstuhl Ocean von Cane-line mit angesagter Soft Rope Sitzfl\u00e4che und in trendigem Dunkelgr\u00fcn. Dezent-elegante Optik f\u00fcr maritimes Urlaubsflair. <\/em><\/figcaption><\/figure>\n<\/div><\/div>\n\n\n\n<div class=\"wp-block-columns is-layout-flex wp-container-core-columns-is-layout-9d6595d7 wp-block-columns-is-layout-flex\">\n<div class=\"wp-block-column is-layout-flow wp-block-column-is-layout-flow\">\n<figure class=\"wp-block-image size-full\"><img loading=\"lazy\" decoding=\"async\" width=\"400\" height=\"400\" src=\"https:\/\/www.raum-blick.de\/magazin\/wp-content\/uploads\/2024\/02\/vlaemynck-vanity-details_64891_200x200@2x.jpg\" alt=\"Franz\u00f6sische Outdoor-Expertise par excellence. Die Marke Vlaemnyc wei\u00df einfach, wie&#039;s geht!\" class=\"wp-image-19384\" title=\"\" srcset=\"https:\/\/raum-blick.de\/magazin\/wp-content\/uploads\/2024\/02\/vlaemynck-vanity-details_64891_200x200@2x.jpg 400w, https:\/\/raum-blick.de\/magazin\/wp-content\/uploads\/2024\/02\/vlaemynck-vanity-details_64891_200x200@2x-300x300.jpg 300w, https:\/\/raum-blick.de\/magazin\/wp-content\/uploads\/2024\/02\/vlaemynck-vanity-details_64891_200x200@2x-150x150.jpg 150w\" sizes=\"(max-width: 400px) 100vw, 400px\" \/><figcaption class=\"wp-element-caption\"><em>Formsch\u00f6nes Duo im 50er-Jahre-Style: Vanity Stuhl und Tisch des franz\u00f6sischen Labels <a href=\"https:\/\/www.raum-blick.de\/vlaemynck\/\">Vlaemnyc<\/a>. Einfach schlicht-sch\u00f6n!<\/em><\/figcaption><\/figure>\n<\/div>\n\n\n\n<div class=\"wp-block-column is-layout-flow wp-block-column-is-layout-flow\">\n<figure class=\"wp-block-image size-full\"><img loading=\"lazy\" decoding=\"async\" width=\"400\" height=\"400\" src=\"https:\/\/www.raum-blick.de\/magazin\/wp-content\/uploads\/2024\/02\/fiam-spring-klappstuhl-weiss_51501_200x200@2x.jpg\" alt=\"Ein zeitloser Klassiker, der Klappstuhl Spring von FIAM.\" class=\"wp-image-19387\" title=\"\" srcset=\"https:\/\/raum-blick.de\/magazin\/wp-content\/uploads\/2024\/02\/fiam-spring-klappstuhl-weiss_51501_200x200@2x.jpg 400w, https:\/\/raum-blick.de\/magazin\/wp-content\/uploads\/2024\/02\/fiam-spring-klappstuhl-weiss_51501_200x200@2x-300x300.jpg 300w, https:\/\/raum-blick.de\/magazin\/wp-content\/uploads\/2024\/02\/fiam-spring-klappstuhl-weiss_51501_200x200@2x-150x150.jpg 150w\" sizes=\"(max-width: 400px) 100vw, 400px\" \/><figcaption class=\"wp-element-caption\"><em>Ein Klappstuhl geht immer und \u00fcberall. Und dank des pulverbeschichteten Stahls kann der FIAM Spring auch ganzj\u00e4hrig drau\u00dfen verbringen. Abgesehen davon, dass er easy zu verstauen ist. <\/em><\/figcaption><\/figure>\n<\/div>\n<\/div>\n\n\n\n<div class=\"wp-block-columns is-layout-flex wp-container-core-columns-is-layout-9d6595d7 wp-block-columns-is-layout-flex\">\n<div class=\"wp-block-column is-layout-flow wp-block-column-is-layout-flow\">\n<figure class=\"wp-block-image size-full\"><img loading=\"lazy\" decoding=\"async\" width=\"400\" height=\"400\" src=\"https:\/\/www.raum-blick.de\/magazin\/wp-content\/uploads\/2024\/02\/fermob-cocotte-beistelltisch-2_64156_200x200@2x.jpg\" alt=\"Ob drinnen oder drau\u00dfen, der metallene Beistelltisch von Fermob ist ausgesprochen vielseitig. \" class=\"wp-image-19408\" title=\"\" srcset=\"https:\/\/raum-blick.de\/magazin\/wp-content\/uploads\/2024\/02\/fermob-cocotte-beistelltisch-2_64156_200x200@2x.jpg 400w, https:\/\/raum-blick.de\/magazin\/wp-content\/uploads\/2024\/02\/fermob-cocotte-beistelltisch-2_64156_200x200@2x-300x300.jpg 300w, https:\/\/raum-blick.de\/magazin\/wp-content\/uploads\/2024\/02\/fermob-cocotte-beistelltisch-2_64156_200x200@2x-150x150.jpg 150w\" sizes=\"(max-width: 400px) 100vw, 400px\" \/><figcaption class=\"wp-element-caption\"><em>Es gr\u00fcnt auch bei den Tischen wie hier beim minimalistischen <a href=\"https:\/\/www.raum-blick.de\/fermob-gartenmoebel\/\">Fermob<\/a> Cocotte Beistelltisch, den Sie auch gerne mal als Hocker nutzen k\u00f6nnen. <\/em>Erh\u00e4ltlich in zig verschiedenen Farben. <\/figcaption><\/figure>\n<\/div>\n\n\n\n<div class=\"wp-block-column is-layout-flow wp-block-column-is-layout-flow\">\n<figure class=\"wp-block-image size-full\"><img loading=\"lazy\" decoding=\"async\" width=\"400\" height=\"400\" src=\"https:\/\/www.raum-blick.de\/magazin\/wp-content\/uploads\/2024\/02\/cane-line-sessel-ocean-outdoor_783801Q3K9Z9M7EcLH_200x200@2x.jpg\" alt=\"Gartenm\u00f6bel-Sets geh\u00f6ren zu den Top Outdoor-M\u00f6beltrends 2024.\" class=\"wp-image-19363\" title=\"\" srcset=\"https:\/\/raum-blick.de\/magazin\/wp-content\/uploads\/2024\/02\/cane-line-sessel-ocean-outdoor_783801Q3K9Z9M7EcLH_200x200@2x.jpg 400w, https:\/\/raum-blick.de\/magazin\/wp-content\/uploads\/2024\/02\/cane-line-sessel-ocean-outdoor_783801Q3K9Z9M7EcLH_200x200@2x-300x300.jpg 300w, https:\/\/raum-blick.de\/magazin\/wp-content\/uploads\/2024\/02\/cane-line-sessel-ocean-outdoor_783801Q3K9Z9M7EcLH_200x200@2x-150x150.jpg 150w\" sizes=\"(max-width: 400px) 100vw, 400px\" \/><figcaption class=\"wp-element-caption\"><em>Der Ocean Stuhl von Cane-line tut sich im Sommer gerne mit dem schlichten Pure Tisch zusammen und bildet eine gem\u00fctliche Dining Lounge f\u00fcrs t\u00e4gliche Essen oder die Gartenparty mit Freunden.<\/em><\/figcaption><\/figure>\n<\/div>\n\n\n\n<div class=\"wp-block-column is-layout-flow wp-block-column-is-layout-flow\">\n<figure class=\"wp-block-image size-full\"><img loading=\"lazy\" decoding=\"async\" width=\"400\" height=\"400\" src=\"https:\/\/www.raum-blick.de\/magazin\/wp-content\/uploads\/2024\/02\/fast-zebra-kaffeetisch-garten_77418xraPaciC2XD66_200x200@2x.jpg\" alt=\"Zebra von fast: flie\u00dfende Formen, strenge Linien und sanfte, klare Farben. Da m\u00f6chte man sofort Platz nehmen.\" class=\"wp-image-19383\" title=\"\" srcset=\"https:\/\/raum-blick.de\/magazin\/wp-content\/uploads\/2024\/02\/fast-zebra-kaffeetisch-garten_77418xraPaciC2XD66_200x200@2x.jpg 400w, https:\/\/raum-blick.de\/magazin\/wp-content\/uploads\/2024\/02\/fast-zebra-kaffeetisch-garten_77418xraPaciC2XD66_200x200@2x-300x300.jpg 300w, https:\/\/raum-blick.de\/magazin\/wp-content\/uploads\/2024\/02\/fast-zebra-kaffeetisch-garten_77418xraPaciC2XD66_200x200@2x-150x150.jpg 150w\" sizes=\"(max-width: 400px) 100vw, 400px\" \/><figcaption class=\"wp-element-caption\"><em>Und noch ein charmantes Tisch-Stuhlset f\u00fcr den mitt\u00e4glichen Kaffee oder den Drink am Abend: Zebra von fast. Beides aus wetterbest\u00e4ndigem, robusten Aluminium. <\/em><\/figcaption><\/figure>\n<\/div>\n<\/div>\n\n\n\n<h2 class=\"wp-block-heading\"><span class=\"ez-toc-section\" id=\"Outdoor-Moebeltrends_2024_Nr_3_Liegen_Daybeds_fuer_entspanntes_Urlaubsfeeling_daheim\"><\/span>Outdoor-M\u00f6beltrends 2024, Nr. 3: Liegen &amp; Daybeds f\u00fcr entspanntes Urlaubsfeeling daheim<span class=\"ez-toc-section-end\"><\/span><\/h2>\n\n\n\n<p>Was gibt es Sch\u00f6neres, als den Moment zu genie\u00dfen, den sanften T\u00f6nen der  Natur zu lauschen und sich von der Sonne verw\u00f6hnen zu lassen? Und wo, wenn nicht auf einer komfortablen Liege, stellt sich das Sommer-Relax-Feeling auch ganz schnell ein? Bestimmt haben Sie jetzt schon ein Bild vor Augen und den perfekten Platz f\u00fcr Ihre ganz pers\u00f6nliche Wellness-Oase. Wir h\u00e4tten da schon ein paar passende Kandidaten: kompakt, robust, puristisch und einfach unfassbar bequem. Also nichts wie auf ins Liege-Vergn\u00fcgen!<\/p>\n\n\n\n<div class=\"wp-block-media-text alignwide is-stacked-on-mobile\"><figure class=\"wp-block-media-text__media\"><img loading=\"lazy\" decoding=\"async\" width=\"400\" height=\"400\" src=\"https:\/\/www.raum-blick.de\/magazin\/wp-content\/uploads\/2024\/02\/ethnicraft-liegestuhl-verstellbar-10256-life-style-hinterhof_85761_200x200@2x.jpg\" alt=\"Etnicraft Jack, die Sonnenliege aus nachhaltigem Teakholz ist eines unserer Lieblingsst\u00fccke was die Outdoor-M\u00f6beltrends 2024 angeht.\" class=\"wp-image-19371 size-full\" title=\"\" srcset=\"https:\/\/raum-blick.de\/magazin\/wp-content\/uploads\/2024\/02\/ethnicraft-liegestuhl-verstellbar-10256-life-style-hinterhof_85761_200x200@2x.jpg 400w, https:\/\/raum-blick.de\/magazin\/wp-content\/uploads\/2024\/02\/ethnicraft-liegestuhl-verstellbar-10256-life-style-hinterhof_85761_200x200@2x-300x300.jpg 300w, https:\/\/raum-blick.de\/magazin\/wp-content\/uploads\/2024\/02\/ethnicraft-liegestuhl-verstellbar-10256-life-style-hinterhof_85761_200x200@2x-150x150.jpg 150w\" sizes=\"(max-width: 400px) 100vw, 400px\" \/><\/figure><div class=\"wp-block-media-text__content\">\n<p><em>Jack von<a href=\"https:\/\/www.raum-blick.de\/ethnicraft\/\"> Ethnicraft <\/a>ist aus massivem Teakholz und wahlweise in Natur oder Schwarz zu haben. Die Polsterauflage ist extra zu bestellen \u2013 dick oder d\u00fcnn, so wie Sie es am liebsten m\u00f6gen.<\/em><\/p>\n\n\n\n<figure class=\"wp-block-image size-full\"><img loading=\"lazy\" decoding=\"async\" width=\"400\" height=\"400\" src=\"https:\/\/www.raum-blick.de\/magazin\/wp-content\/uploads\/2024\/02\/ethnicraft-liegestuhl-verstellbar-10256-lifestyle-pool_85762_200x200@2x.jpg\" alt=\"Etnicraft Jack mit d\u00fcnner Polsterauflage in Mokka.\" class=\"wp-image-19370\" title=\"\" srcset=\"https:\/\/raum-blick.de\/magazin\/wp-content\/uploads\/2024\/02\/ethnicraft-liegestuhl-verstellbar-10256-lifestyle-pool_85762_200x200@2x.jpg 400w, https:\/\/raum-blick.de\/magazin\/wp-content\/uploads\/2024\/02\/ethnicraft-liegestuhl-verstellbar-10256-lifestyle-pool_85762_200x200@2x-300x300.jpg 300w, https:\/\/raum-blick.de\/magazin\/wp-content\/uploads\/2024\/02\/ethnicraft-liegestuhl-verstellbar-10256-lifestyle-pool_85762_200x200@2x-150x150.jpg 150w\" sizes=\"(max-width: 400px) 100vw, 400px\" \/><\/figure>\n<\/div><\/div>\n\n\n\n<div class=\"wp-block-columns is-layout-flex wp-container-core-columns-is-layout-9d6595d7 wp-block-columns-is-layout-flex\">\n<div class=\"wp-block-column is-layout-flow wp-block-column-is-layout-flow\">\n<figure class=\"wp-block-image size-full\"><img loading=\"lazy\" decoding=\"async\" width=\"400\" height=\"400\" src=\"https:\/\/www.raum-blick.de\/magazin\/wp-content\/uploads\/2024\/02\/sunrocker-liegestuhl-houe_93028_200x200@2x.jpg\" alt=\"Mit einem Klick lassen sich die Lamellen der HOUE Click Sunrocker Liege tauschen. Ausgesprochen praktisch.\" class=\"wp-image-19375\" title=\"\" srcset=\"https:\/\/raum-blick.de\/magazin\/wp-content\/uploads\/2024\/02\/sunrocker-liegestuhl-houe_93028_200x200@2x.jpg 400w, https:\/\/raum-blick.de\/magazin\/wp-content\/uploads\/2024\/02\/sunrocker-liegestuhl-houe_93028_200x200@2x-300x300.jpg 300w, https:\/\/raum-blick.de\/magazin\/wp-content\/uploads\/2024\/02\/sunrocker-liegestuhl-houe_93028_200x200@2x-150x150.jpg 150w\" sizes=\"(max-width: 400px) 100vw, 400px\" \/><figcaption class=\"wp-element-caption\"><em>Beim Click Sunrocker von <a href=\"https:\/\/www.raum-blick.de\/houe-click\/\">HOUE<\/a> bestimmen Sie, wie Sie sitzen m\u00f6chten. Einfach das Gewicht verlagern. Die Kunsttstoff-Lamellen lassen sich \u00fcbrigens mit einem Klick austauschen, daher der Name, und Sie k\u00f6nnen Ihre individuelle Farbkombination kreieren.<\/em> <\/figcaption><\/figure>\n<\/div>\n\n\n\n<div class=\"wp-block-column is-layout-flow wp-block-column-is-layout-flow\">\n<figure class=\"wp-block-image size-full\"><img loading=\"lazy\" decoding=\"async\" width=\"400\" height=\"400\" src=\"https:\/\/www.raum-blick.de\/magazin\/wp-content\/uploads\/2024\/02\/snooze-liege-emu_91159_200x200@2x.jpg\" alt=\"EMU Snooze tr\u00e4gt die Entspannung schon im Namen. Und ist dabei unglaublich leicht. \" class=\"wp-image-19378\" title=\"\" srcset=\"https:\/\/raum-blick.de\/magazin\/wp-content\/uploads\/2024\/02\/snooze-liege-emu_91159_200x200@2x.jpg 400w, https:\/\/raum-blick.de\/magazin\/wp-content\/uploads\/2024\/02\/snooze-liege-emu_91159_200x200@2x-300x300.jpg 300w, https:\/\/raum-blick.de\/magazin\/wp-content\/uploads\/2024\/02\/snooze-liege-emu_91159_200x200@2x-150x150.jpg 150w\" sizes=\"(max-width: 400px) 100vw, 400px\" \/><figcaption class=\"wp-element-caption\"><em>Ein Gestell aus Stahlrohr und ein Gewebe aus PVC-Garn, das ist das Geheimnis der  leichten, modernen Snooze Sonnenliege von <a href=\"https:\/\/www.raum-blick.de\/emu\/\">EMU<\/a>. Das Kopfteil ist verstellbar \u2013 von ganz flach bis aufrecht \u2013 und dank der Rollen sind Sie immer da, wo die Sonne ist. 9 Farben zur Auswahl.<\/em><\/figcaption><\/figure>\n<\/div>\n\n\n\n<div class=\"wp-block-column is-layout-flow wp-block-column-is-layout-flow\">\n<figure class=\"wp-block-image size-full\"><img loading=\"lazy\" decoding=\"async\" width=\"400\" height=\"400\" src=\"https:\/\/www.raum-blick.de\/magazin\/wp-content\/uploads\/2024\/02\/fiam-amida-liege_65958sQdLp2loObCra_200x200@2x.jpg\" alt=\"Herrlich praktisch und wunderbar leicht: die zusammenklappbare FIAM Amida.\" class=\"wp-image-19377\" title=\"\" srcset=\"https:\/\/raum-blick.de\/magazin\/wp-content\/uploads\/2024\/02\/fiam-amida-liege_65958sQdLp2loObCra_200x200@2x.jpg 400w, https:\/\/raum-blick.de\/magazin\/wp-content\/uploads\/2024\/02\/fiam-amida-liege_65958sQdLp2loObCra_200x200@2x-300x300.jpg 300w, https:\/\/raum-blick.de\/magazin\/wp-content\/uploads\/2024\/02\/fiam-amida-liege_65958sQdLp2loObCra_200x200@2x-150x150.jpg 150w\" sizes=\"(max-width: 400px) 100vw, 400px\" \/><figcaption class=\"wp-element-caption\">Leicht, flexibel, zusammenklappbar, pflegeleicht und ausgesprochen bequem: Amida von <a href=\"https:\/\/www.raum-blick.de\/fiam\/\">FIAM<\/a>. Die R\u00fcckenlehne l\u00e4sst sich stufenlos verstellen, das Kopfpolster ist inklusive und das Kunststoffgewebe flexibel und luftdurchl\u00e4ssig. <\/figcaption><\/figure>\n<\/div>\n<\/div>\n\n\n\n<div class=\"wp-block-media-text alignwide has-media-on-the-right is-stacked-on-mobile\"><div class=\"wp-block-media-text__content\">\n<p class=\"has-text-align-left\"><em>Liegen XXL \u2013 in den anthrazitgrauen Daybeds von Cane-line oder dem oceanblauen STAY von <a href=\"https:\/\/www.raum-blick.de\/blomus-daybed\/\">blomus<\/a>. Sie werden es genie\u00dfen, da sind wir uns sicher.<\/em><\/p>\n\n\n\n<figure class=\"wp-block-image size-full is-resized\"><img loading=\"lazy\" decoding=\"async\" src=\"https:\/\/www.raum-blick.de\/magazin\/wp-content\/uploads\/2024\/02\/cane-line-mega-daybed-links-nutzung-ambiente_89286_200x200@2x.jpg\" alt=\"Cane-line Mega Daybed besticht mit einem modernen, urbanen Look und einer Links- oder Rechtsausrichtung.\" class=\"wp-image-19425\" width=\"353\" height=\"353\" title=\"\" srcset=\"https:\/\/raum-blick.de\/magazin\/wp-content\/uploads\/2024\/02\/cane-line-mega-daybed-links-nutzung-ambiente_89286_200x200@2x.jpg 400w, https:\/\/raum-blick.de\/magazin\/wp-content\/uploads\/2024\/02\/cane-line-mega-daybed-links-nutzung-ambiente_89286_200x200@2x-300x300.jpg 300w, https:\/\/raum-blick.de\/magazin\/wp-content\/uploads\/2024\/02\/cane-line-mega-daybed-links-nutzung-ambiente_89286_200x200@2x-150x150.jpg 150w\" sizes=\"(max-width: 353px) 100vw, 353px\" \/><\/figure>\n\n\n\n<figure class=\"wp-block-image size-full\"><img loading=\"lazy\" decoding=\"async\" width=\"400\" height=\"400\" src=\"https:\/\/www.raum-blick.de\/magazin\/wp-content\/uploads\/2024\/02\/cane-line-white-grey-daybed-large-ambiente_89370_200x200@2x.jpg\" alt=\"Cane-line Ocean Daybed ist mit seiner skulpturalen, runden Form \u00fcberall ein Hingucker. Und dazu noch unfassbar bequem.\" class=\"wp-image-19426\" title=\"\" srcset=\"https:\/\/raum-blick.de\/magazin\/wp-content\/uploads\/2024\/02\/cane-line-white-grey-daybed-large-ambiente_89370_200x200@2x.jpg 400w, https:\/\/raum-blick.de\/magazin\/wp-content\/uploads\/2024\/02\/cane-line-white-grey-daybed-large-ambiente_89370_200x200@2x-300x300.jpg 300w, https:\/\/raum-blick.de\/magazin\/wp-content\/uploads\/2024\/02\/cane-line-white-grey-daybed-large-ambiente_89370_200x200@2x-150x150.jpg 150w\" sizes=\"(max-width: 400px) 100vw, 400px\" \/><\/figure>\n<\/div><figure class=\"wp-block-media-text__media\"><img loading=\"lazy\" decoding=\"async\" width=\"400\" height=\"400\" src=\"https:\/\/www.raum-blick.de\/magazin\/wp-content\/uploads\/2024\/02\/daybed-ocean-blomus_81937wkK2RFXFYvQW6_200x200@2x.jpg\" alt=\"Chilling entspannen, das geht mit dem blomus STAY ganz easy. Das R\u00fcckenteil ist \u00fcbrigens verstellbar.\" class=\"wp-image-19412 size-full\" title=\"\" srcset=\"https:\/\/raum-blick.de\/magazin\/wp-content\/uploads\/2024\/02\/daybed-ocean-blomus_81937wkK2RFXFYvQW6_200x200@2x.jpg 400w, https:\/\/raum-blick.de\/magazin\/wp-content\/uploads\/2024\/02\/daybed-ocean-blomus_81937wkK2RFXFYvQW6_200x200@2x-300x300.jpg 300w, https:\/\/raum-blick.de\/magazin\/wp-content\/uploads\/2024\/02\/daybed-ocean-blomus_81937wkK2RFXFYvQW6_200x200@2x-150x150.jpg 150w\" sizes=\"(max-width: 400px) 100vw, 400px\" \/><\/figure><\/div>\n\n\n\n<p>Und, sind Sie schon auf dem Sprung bzw. dem Klick zu unseren Outdoor-M\u00f6beltrends 2024? Das freut uns nat\u00fcrlich. Doch bevor Sie jetzt gleich im raum-blick Shop st\u00f6bern, vergessen Sie nicht die passenden Accessoires, die Ihren Outdoor-Liebling gleich noch mal so charmant machen: Kissen, Polster, Decken, Outdoor-Teppiche und nicht zu vergessen die Gartenbeleuchtung. All das finden Sie selbstverst\u00e4ndlich auch bei uns. Denn hier gibt es alles Sch\u00f6ne zum Wohnen, aber das wissen Sie ja jetzt. <\/p>\n","protected":false},"excerpt":{"rendered":"<p>\u00ab Wohlf\u00fchlen, Feiern, Arbeiten \u2013 am liebsten im Freien \u00bb Fr\u00fchling liegt in der Luft, die Temperaturen steigen und mit den ersten Sonnenstrahlen wollen wir nur noch eines: raus. In den Garten, auf die Terrasse oder den Balkon. Egal wieviel Platz Sie haben, bei uns finden Sie alles, was das Drau\u00dfen sch\u00f6ner, komfortabler und gem\u00fctlicher [&hellip;]<\/p>\n","protected":false},"author":4,"featured_media":19362,"comment_status":"closed","ping_status":"open","sticky":false,"template":"","format":"standard","meta":{"_et_pb_use_builder":"","_et_pb_old_content":"","_et_gb_content_width":"","inline_featured_image":false,"footnotes":""},"categories":[6],"tags":[1809,2194,2211,790,2209,2210,1680,2088,2203,2204,1797,2207,705,2200,2201,40,1077,621,1347,1066,2208,1186,2205,2206,746,2195,2196,1072,2050,57,1907,2193,37,2191,2192,1951,658,1953,1385,2093,2138,2199,2198,2197,1065,867,2202],"class_list":["post-19358","post","type-post","status-publish","format-standard","has-post-thumbnail","hentry","category-draussen","tag-blomus","tag-blomus-grow","tag-blomus-stay","tag-cane-line","tag-cane-line-mega","tag-cane-line-ocean","tag-day-bed","tag-daybed","tag-emu","tag-emu-snooze","tag-ethnicraft","tag-etnicraft-jack","tag-fast","tag-fast-forest","tag-fast-stuhl","tag-fatboy","tag-fatboypaletti","tag-fermob","tag-fermob-bellevie","tag-fiam","tag-fiam-amida","tag-gemuetliche-terrassenliegen","tag-houe","tag-houe-click","tag-kartell","tag-kartell-masters","tag-kartell-stuhl","tag-liegen","tag-modulare-moebel","tag-outdoor","tag-outdoor-moebel","tag-outdoor-moebeltrends-2024","tag-outdoor-tische","tag-outdoor-trends-2024","tag-outdoor-moebeltrends","tag-outdoorlounge","tag-outdoormoebel","tag-outdoorsofa","tag-outdoorstuhl","tag-outdoortisch","tag-qeeboo","tag-qeeboo-filicudi","tag-qeeboo-loungesessel","tag-qeeboo-stuhl","tag-sonnenliege","tag-sonnenschirm","tag-vlaemnynck"],"_links":{"self":[{"href":"https:\/\/raum-blick.de\/magazin\/wp-json\/wp\/v2\/posts\/19358","targetHints":{"allow":["GET"]}}],"collection":[{"href":"https:\/\/raum-blick.de\/magazin\/wp-json\/wp\/v2\/posts"}],"about":[{"href":"https:\/\/raum-blick.de\/magazin\/wp-json\/wp\/v2\/types\/post"}],"author":[{"embeddable":true,"href":"https:\/\/raum-blick.de\/magazin\/wp-json\/wp\/v2\/users\/4"}],"replies":[{"embeddable":true,"href":"https:\/\/raum-blick.de\/magazin\/wp-json\/wp\/v2\/comments?post=19358"}],"version-history":[{"count":16,"href":"https:\/\/raum-blick.de\/magazin\/wp-json\/wp\/v2\/posts\/19358\/revisions"}],"predecessor-version":[{"id":19495,"href":"https:\/\/raum-blick.de\/magazin\/wp-json\/wp\/v2\/posts\/19358\/revisions\/19495"}],"wp:featuredmedia":[{"embeddable":true,"href":"https:\/\/raum-blick.de\/magazin\/wp-json\/wp\/v2\/media\/19362"}],"wp:attachment":[{"href":"https:\/\/raum-blick.de\/magazin\/wp-json\/wp\/v2\/media?parent=19358"}],"wp:term":[{"taxonomy":"category","embeddable":true,"href":"https:\/\/raum-blick.de\/magazin\/wp-json\/wp\/v2\/categories?post=19358"},{"taxonomy":"post_tag","embeddable":true,"href":"https:\/\/raum-blick.de\/magazin\/wp-json\/wp\/v2\/tags?post=19358"}],"curies":[{"name":"wp","href":"https:\/\/api.w.org\/{rel}","templated":true}]}}