{"id":19215,"date":"2024-01-22T18:47:58","date_gmt":"2024-01-22T17:47:58","guid":{"rendered":"https:\/\/www.raum-blick.de\/magazin\/?p=19215"},"modified":"2024-03-25T18:22:45","modified_gmt":"2024-03-25T17:22:45","slug":"modern-living-trend","status":"publish","type":"post","link":"https:\/\/raum-blick.de\/magazin\/modern-living-trend\/","title":{"rendered":"Der Modern Living-Trend: schlicht, minimalistisch, nat\u00fcrlich"},"content":{"rendered":"\n<h2 class=\"wp-block-heading\"><span class=\"ez-toc-section\" id=\"%C2%AB_Cleanes_Makeover_fuer_ihr_Zuhause_%E2%80%93_ganz_easy_%C2%BB\"><\/span>\u00ab Cleanes Makeover f\u00fcr ihr Zuhause \u2013 ganz easy \u00bb<span class=\"ez-toc-section-end\"><\/span><\/h2>\n\n\n\n<p><strong>So wohl wir uns in unseren vier W\u00e4nden f\u00fchlen, manchmal haben wir einfach den Drang nach Ver\u00e4nderung. Mit den richtigen Key-Pieces und Interior-Highlights k\u00f6nnen Sie mit wenig Aufwand viel bewirken. Und wenn Sie es geradlinig, clean und schlicht m\u00f6gen, mit einem Touch Nat\u00fcrlichkeit, dann ist der Modern Living-Trend genau das Richtige f\u00fcr Sie.<\/strong> <strong>Freuen Sie sich auf minimalistisches Wohnen mit nachhaltiger Harmonie. Auf klare Kanten, geometrische Formen, erdige T\u00f6ne und bewusstes In-Szene-Setzen. Denn weniger ist so viel mehr!<\/strong><\/p>\n\n\n\n<h2 class=\"wp-block-heading\"><span class=\"ez-toc-section\" id=\"Unaufdringlicher_Look_mit_jeder_Menge_Style\"><\/span>Unaufdringlicher Look mit jeder Menge Style<span class=\"ez-toc-section-end\"><\/span><\/h2>\n\n\n\n<p>Modern Living, das ist Minimalismus, Funktionalit\u00e4t und Eleganz, aber auch Naturverbundenheit und  Gem\u00fctlichkeit. Und selbst im Mix mit anderen Einrichtungsstilen kann modernes Design nicht schaden. Im Gegenteil! Das minimalistische Wohnkonzept schafft mit einfachen Mitteln Struktur, sorgt mit multifunktionalen M\u00f6beln f\u00fcr mehr Komfort und dank der nachhaltigen Materialien auch noch f\u00fcr ein gutes Gewissen. Zudem schafft ein Modern Living-Update nicht nur optisch deutlich mehr Raum, Sie werden sich mit diesem Look auch freier und kreativer f\u00fchlen. Probieren Sie&#8217;s aus! Wir zeigen Ihnen, was Sie daf\u00fcr brauchen. <\/p><div id=\"ez-toc-container\" class=\"ez-toc-v2_0_82_2 counter-hierarchy ez-toc-counter ez-toc-grey ez-toc-container-direction\">\n<div class=\"ez-toc-title-container\">\n<p class=\"ez-toc-title\" style=\"cursor:inherit\">Was hier auf Sie wartet<\/p>\n<span class=\"ez-toc-title-toggle\"><a href=\"#\" class=\"ez-toc-pull-right ez-toc-btn ez-toc-btn-xs ez-toc-btn-default ez-toc-toggle\" aria-label=\"Toggle Table of Content\"><span class=\"ez-toc-js-icon-con\"><span class=\"\"><span class=\"eztoc-hide\" style=\"display:none;\">Toggle<\/span><span class=\"ez-toc-icon-toggle-span\"><svg style=\"fill: #999;color:#999\" xmlns=\"http:\/\/www.w3.org\/2000\/svg\" class=\"list-377408\" width=\"20px\" height=\"20px\" viewBox=\"0 0 24 24\" fill=\"none\"><path d=\"M6 6H4v2h2V6zm14 0H8v2h12V6zM4 11h2v2H4v-2zm16 0H8v2h12v-2zM4 16h2v2H4v-2zm16 0H8v2h12v-2z\" fill=\"currentColor\"><\/path><\/svg><svg style=\"fill: #999;color:#999\" class=\"arrow-unsorted-368013\" xmlns=\"http:\/\/www.w3.org\/2000\/svg\" width=\"10px\" height=\"10px\" viewBox=\"0 0 24 24\" version=\"1.2\" baseProfile=\"tiny\"><path d=\"M18.2 9.3l-6.2-6.3-6.2 6.3c-.2.2-.3.4-.3.7s.1.5.3.7c.2.2.4.3.7.3h11c.3 0 .5-.1.7-.3.2-.2.3-.5.3-.7s-.1-.5-.3-.7zM5.8 14.7l6.2 6.3 6.2-6.3c.2-.2.3-.5.3-.7s-.1-.5-.3-.7c-.2-.2-.4-.3-.7-.3h-11c-.3 0-.5.1-.7.3-.2.2-.3.5-.3.7s.1.5.3.7z\"\/><\/svg><\/span><\/span><\/span><\/a><\/span><\/div>\n<nav><ul class='ez-toc-list ez-toc-list-level-1 ' ><li class='ez-toc-page-1 ez-toc-heading-level-2'><a class=\"ez-toc-link ez-toc-heading-1\" href=\"https:\/\/raum-blick.de\/magazin\/modern-living-trend\/#%C2%AB_Cleanes_Makeover_fuer_ihr_Zuhause_%E2%80%93_ganz_easy_%C2%BB\" >\u00ab Cleanes Makeover f\u00fcr ihr Zuhause \u2013 ganz easy \u00bb<\/a><\/li><li class='ez-toc-page-1 ez-toc-heading-level-2'><a class=\"ez-toc-link ez-toc-heading-2\" href=\"https:\/\/raum-blick.de\/magazin\/modern-living-trend\/#Unaufdringlicher_Look_mit_jeder_Menge_Style\" >Unaufdringlicher Look mit jeder Menge Style<\/a><ul class='ez-toc-list-level-3' ><li class='ez-toc-heading-level-3'><a class=\"ez-toc-link ez-toc-heading-3\" href=\"https:\/\/raum-blick.de\/magazin\/modern-living-trend\/#Die_Modern_Living-Trend_Key_Pieces\" >Die Modern Living-Trend Key Pieces<\/a><\/li><\/ul><\/li><\/ul><\/nav><\/div>\n\n\n\n\n<h3 class=\"wp-block-heading\"><span class=\"ez-toc-section\" id=\"Die_Modern_Living-Trend_Key_Pieces\"><\/span>Die Modern Living-Trend Key Pieces<span class=\"ez-toc-section-end\"><\/span><\/h3>\n\n\n\n<p>Es braucht helle, warme Farben, Naturstoffe wie Holz, Rattan oder Marmor, organische Formen und schlichte, hochwertige und bevorzugt nachhaltig hergestellte M\u00f6bel, damit das cosy Modern Living-Makeover gelingt. Aber wenn Sie erst einmal auf den Geschmack gekommen sind, werden Sie der Reduktion treu bleiben, da sind wir uns sicher. Im \u00dcbrigens ist der Modern Living-Trend nicht nur etwas f\u00fcrs Wohn- und Schlafzimmer, auch K\u00fcche, Diele oder Bad \u00fcben sich gerne mal in vornehmer Zur\u00fcckhaltung. Ihrer Ver\u00e4nderungslust sind also keine Grenzen gesetzt. <\/p>\n\n\n\n<h4 class=\"wp-block-heading\">Key Piece 1: wei\u00dfes Sofa<\/h4>\n\n\n\n<p>Dieses schlichten, geradlinigen <a href=\"https:\/\/www.raum-blick.de\/sofa\/\">Sofas<\/a> setzen in Ihren vier W\u00e4nden ein chices Statement und sorgen f\u00fcr modernes Flair. Wem Wei\u00df allerdings zu heikel ist, der kann auch  auf dunkle Grau- oder helle Beiget\u00f6ne zur\u00fcckgreifen. Hauptsache, die Qualit\u00e4t stimmt, die Materialien sind nachhaltig und die Produktionsbedingungen fair. <\/p>\n\n\n\n<div class=\"wp-block-columns is-layout-flex wp-container-core-columns-is-layout-9d6595d7 wp-block-columns-is-layout-flex\">\n<div class=\"wp-block-column is-layout-flow wp-block-column-is-layout-flow\">\n<figure class=\"wp-block-image size-full\"><img loading=\"lazy\" decoding=\"async\" width=\"400\" height=\"400\" src=\"https:\/\/www.raum-blick.de\/magazin\/wp-content\/uploads\/2024\/01\/wendelbo-surface-modul-12_94541_200x200@2x.jpg\" alt=\"Der Modern Living-Trend geht mit einem wei\u00dfen Sofa wie dem Surface von Wendelbo ganz easy.\" class=\"wp-image-19271\" title=\"\" srcset=\"https:\/\/raum-blick.de\/magazin\/wp-content\/uploads\/2024\/01\/wendelbo-surface-modul-12_94541_200x200@2x.jpg 400w, https:\/\/raum-blick.de\/magazin\/wp-content\/uploads\/2024\/01\/wendelbo-surface-modul-12_94541_200x200@2x-300x300.jpg 300w, https:\/\/raum-blick.de\/magazin\/wp-content\/uploads\/2024\/01\/wendelbo-surface-modul-12_94541_200x200@2x-150x150.jpg 150w\" sizes=\"(max-width: 400px) 100vw, 400px\" \/><figcaption class=\"wp-element-caption\"><em>Das modulare Surface Sofa des d\u00e4nischen Herstellers Wendelbo wirkt mit seinen schwarzen, pulverbeschichteten Aluminum-Beinen herrlich filigran. Erh\u00e4ltlich in vier verschiedenen Modulen.<\/em><\/figcaption><\/figure>\n<\/div>\n\n\n\n<div class=\"wp-block-column is-layout-flow wp-block-column-is-layout-flow\">\n<figure class=\"wp-block-image size-full\"><img loading=\"lazy\" decoding=\"async\" width=\"400\" height=\"400\" src=\"https:\/\/www.raum-blick.de\/magazin\/wp-content\/uploads\/2024\/01\/ecksofa-sumo-fatboy-limestone_83821_200x200@2x.jpg\" alt=\"Fatboy Sumo in angesagtem Limestone. Ein extrem chilliger Modern Living-Vertreter\" class=\"wp-image-19269\" title=\"\" srcset=\"https:\/\/raum-blick.de\/magazin\/wp-content\/uploads\/2024\/01\/ecksofa-sumo-fatboy-limestone_83821_200x200@2x.jpg 400w, https:\/\/raum-blick.de\/magazin\/wp-content\/uploads\/2024\/01\/ecksofa-sumo-fatboy-limestone_83821_200x200@2x-300x300.jpg 300w, https:\/\/raum-blick.de\/magazin\/wp-content\/uploads\/2024\/01\/ecksofa-sumo-fatboy-limestone_83821_200x200@2x-150x150.jpg 150w\" sizes=\"(max-width: 400px) 100vw, 400px\" \/><figcaption class=\"wp-element-caption\"><em>Auch Fatboy hat mit <a href=\"https:\/\/www.raum-blick.de\/fatboy\/\">Sumo<\/a> ein wunderbar wandelbares, modularer Sofa geschaffen: rund, loungig und einfach nur cool. Die \u00fcberdimensionalen Kissen sind \u00fcbrigens aus recyceltem Schaumstoff.<\/em><\/figcaption><\/figure>\n<\/div>\n<\/div>\n\n\n\n<div class=\"wp-block-columns is-layout-flex wp-container-core-columns-is-layout-9d6595d7 wp-block-columns-is-layout-flex\">\n<div class=\"wp-block-column is-layout-flow wp-block-column-is-layout-flow\">\n<figure class=\"wp-block-image size-full\"><img loading=\"lazy\" decoding=\"async\" width=\"400\" height=\"400\" src=\"https:\/\/www.raum-blick.de\/magazin\/wp-content\/uploads\/2024\/01\/eiche-whtie-sand-umage-lounge-around-sofa-3-sitzer_86254_200x200@2x.jpg\" alt=\"Ein 3-Sitzer von UMAGE, der \u00fcberall eine gute Figur macht. Ein perfekter Vertreter des Modern Living-Trends.\" class=\"wp-image-19270\" title=\"\" srcset=\"https:\/\/raum-blick.de\/magazin\/wp-content\/uploads\/2024\/01\/eiche-whtie-sand-umage-lounge-around-sofa-3-sitzer_86254_200x200@2x.jpg 400w, https:\/\/raum-blick.de\/magazin\/wp-content\/uploads\/2024\/01\/eiche-whtie-sand-umage-lounge-around-sofa-3-sitzer_86254_200x200@2x-300x300.jpg 300w, https:\/\/raum-blick.de\/magazin\/wp-content\/uploads\/2024\/01\/eiche-whtie-sand-umage-lounge-around-sofa-3-sitzer_86254_200x200@2x-150x150.jpg 150w\" sizes=\"(max-width: 400px) 100vw, 400px\" \/><figcaption class=\"wp-element-caption\"><em><a href=\"https:\/\/www.raum-blick.de\/umage-moebel\/\">UMAGE Lounge Around<\/a> bringt skandinavisches Flair in Ihr Zuhause. Der simpel designte 3-Sitzer mit seinem robusten Gestell und den komfortablen Sitzkissen passt in kleine und gro\u00dfe R\u00e4ume. Und l\u00e4sst sich im Handumdrehen in ein G\u00e4stebett verwandeln.<\/em><\/figcaption><\/figure>\n<\/div>\n\n\n\n<div class=\"wp-block-column is-layout-flow wp-block-column-is-layout-flow\">\n<figure class=\"wp-block-image size-full\"><img loading=\"lazy\" decoding=\"async\" width=\"400\" height=\"400\" src=\"https:\/\/www.raum-blick.de\/magazin\/wp-content\/uploads\/2024\/01\/ethnicraft-mellow-rueckenkissen-sofa-wohnzimmer-tisch_97419ia0Xd2KqZKDdP_200x200@2x.jpg\" alt=\"Ethnicraft Mellow besticht in seiner Schlichtheit und ist dabei doch so durchdacht. Typisch Modern Living-Trend!\" class=\"wp-image-19275\" title=\"\" srcset=\"https:\/\/raum-blick.de\/magazin\/wp-content\/uploads\/2024\/01\/ethnicraft-mellow-rueckenkissen-sofa-wohnzimmer-tisch_97419ia0Xd2KqZKDdP_200x200@2x.jpg 400w, https:\/\/raum-blick.de\/magazin\/wp-content\/uploads\/2024\/01\/ethnicraft-mellow-rueckenkissen-sofa-wohnzimmer-tisch_97419ia0Xd2KqZKDdP_200x200@2x-300x300.jpg 300w, https:\/\/raum-blick.de\/magazin\/wp-content\/uploads\/2024\/01\/ethnicraft-mellow-rueckenkissen-sofa-wohnzimmer-tisch_97419ia0Xd2KqZKDdP_200x200@2x-150x150.jpg 150w\" sizes=\"(max-width: 400px) 100vw, 400px\" \/><figcaption class=\"wp-element-caption\"><em>Ja, wir lieben modular und das zarte Ivory des <a href=\"https:\/\/www.raum-blick.de\/ethnicraft\/\">Etnicraft Mellow<\/a> sowieso. Klare Linien, dezente Naht-Details, praktische Clips zum Verbinden der einzelnen Elemente und ein schmutzabweisender Stoff, machen dieses zeitlose Sofa definitiv zu einem unserer Lieblingsst\u00fccke.<\/em><\/figcaption><\/figure>\n<\/div>\n<\/div>\n\n\n\n<h4 class=\"wp-block-heading\">Key Piece 2: Marmor-Tisch<\/h4>\n\n\n\n<p>Naturverbundenheit ist beim Modern Living-Trend ganz wichtig. Deshalb d\u00fcrfen die Farben gerne erdig, aber auch Schwarz oder Wei\u00df sein und die Materialien clean und doch voller Leben. Also unbedingt rein in die gute Stube mit Leinen, Holz und Marmor. Denn das schafft coole Gem\u00fctlichkeit.<\/p>\n\n\n\n<div class=\"wp-block-columns is-layout-flex wp-container-core-columns-is-layout-9d6595d7 wp-block-columns-is-layout-flex\">\n<div class=\"wp-block-column is-layout-flow wp-block-column-is-layout-flow\">\n<figure class=\"wp-block-image size-full\"><img loading=\"lazy\" decoding=\"async\" width=\"400\" height=\"400\" src=\"https:\/\/www.raum-blick.de\/magazin\/wp-content\/uploads\/2024\/01\/set-beistelltisch-varu-blomus_90357_200x200@2x.jpg\" alt=\"Als nat\u00fcrliches Material ist Marmor perfekt f\u00fcr den Modern Living-Trend und die Bestelltische von blomus gibt&#039;s gleich im Doppelpack. \" class=\"wp-image-19245\" title=\"\" srcset=\"https:\/\/raum-blick.de\/magazin\/wp-content\/uploads\/2024\/01\/set-beistelltisch-varu-blomus_90357_200x200@2x.jpg 400w, https:\/\/raum-blick.de\/magazin\/wp-content\/uploads\/2024\/01\/set-beistelltisch-varu-blomus_90357_200x200@2x-300x300.jpg 300w, https:\/\/raum-blick.de\/magazin\/wp-content\/uploads\/2024\/01\/set-beistelltisch-varu-blomus_90357_200x200@2x-150x150.jpg 150w\" sizes=\"(max-width: 400px) 100vw, 400px\" \/><figcaption class=\"wp-element-caption\"><em>Nat\u00fcrlich sch\u00f6n: die blomus VARU Bestelltische aus Marmor bzw. Travertin. Erh\u00e4ltlich im praktischen 2er-Set. Damit veredeln Sie jeden Raum. <\/em><\/figcaption><\/figure>\n<\/div>\n\n\n\n<div class=\"wp-block-column is-layout-flow wp-block-column-is-layout-flow\">\n<figure class=\"wp-block-image size-full\"><img loading=\"lazy\" decoding=\"async\" width=\"400\" height=\"400\" src=\"https:\/\/www.raum-blick.de\/magazin\/wp-content\/uploads\/2024\/01\/schwarz-circle-beistelltisch-wendelbo_94070_200x200@2x.jpg\" alt=\"Circle von Wendelbo ist ein herrlich eleganter Couchtisch ganz im Stil des Modern Living-Trends.\" class=\"wp-image-19250\" title=\"\" srcset=\"https:\/\/raum-blick.de\/magazin\/wp-content\/uploads\/2024\/01\/schwarz-circle-beistelltisch-wendelbo_94070_200x200@2x.jpg 400w, https:\/\/raum-blick.de\/magazin\/wp-content\/uploads\/2024\/01\/schwarz-circle-beistelltisch-wendelbo_94070_200x200@2x-300x300.jpg 300w, https:\/\/raum-blick.de\/magazin\/wp-content\/uploads\/2024\/01\/schwarz-circle-beistelltisch-wendelbo_94070_200x200@2x-150x150.jpg 150w\" sizes=\"(max-width: 400px) 100vw, 400px\" \/><figcaption class=\"wp-element-caption\"><em>Extravagant und schlicht zugleich: Circle von Wendelbo. Ein Couchtisch, dessen runde Marmorplatte auf dem rechteckigen Gestell fast zu schweben scheint. In zwei Ausf\u00fchrungen. <\/em><\/figcaption><\/figure>\n<\/div>\n<\/div>\n\n\n\n<div class=\"wp-block-columns is-layout-flex wp-container-core-columns-is-layout-9d6595d7 wp-block-columns-is-layout-flex\">\n<div class=\"wp-block-column is-layout-flow wp-block-column-is-layout-flow\">\n<figure class=\"wp-block-image size-full\"><img loading=\"lazy\" decoding=\"async\" width=\"400\" height=\"400\" src=\"https:\/\/www.raum-blick.de\/magazin\/wp-content\/uploads\/2024\/01\/ethnicraft-stone-marmor-beistelltisch-dunkel-lifestyle-zentriert_85432_200x200@2x.jpg\" alt=\"Marmor und Metall, vertr\u00e4gt sich gut, wie man am Ethnicraft Stone Tisch sieht.\" class=\"wp-image-19248\" title=\"\" srcset=\"https:\/\/raum-blick.de\/magazin\/wp-content\/uploads\/2024\/01\/ethnicraft-stone-marmor-beistelltisch-dunkel-lifestyle-zentriert_85432_200x200@2x.jpg 400w, https:\/\/raum-blick.de\/magazin\/wp-content\/uploads\/2024\/01\/ethnicraft-stone-marmor-beistelltisch-dunkel-lifestyle-zentriert_85432_200x200@2x-300x300.jpg 300w, https:\/\/raum-blick.de\/magazin\/wp-content\/uploads\/2024\/01\/ethnicraft-stone-marmor-beistelltisch-dunkel-lifestyle-zentriert_85432_200x200@2x-150x150.jpg 150w\" sizes=\"(max-width: 400px) 100vw, 400px\" \/><figcaption class=\"wp-element-caption\"><em><a href=\"https:\/\/www.raum-blick.de\/ethnicraft-tische\/\">Ethnicraft Stone<\/a> ist ein luxuri\u00f6ser Beistelltisch mit einem praktischen Ablagefach f\u00fcr die liebsten Alltagsgegenst\u00e4nde. Die exzellent verarbeitete Marmorplatte und der Metallrahmen sind einfach f\u00fcreinander geschaffen. <\/em><\/figcaption><\/figure>\n<\/div>\n\n\n\n<div class=\"wp-block-column is-layout-flow wp-block-column-is-layout-flow\">\n<figure class=\"wp-block-image size-full\"><img loading=\"lazy\" decoding=\"async\" width=\"400\" height=\"400\" src=\"https:\/\/www.raum-blick.de\/magazin\/wp-content\/uploads\/2024\/01\/couchtisch-expose-wendelbo_94372_200x200@2x.jpg\" alt=\"Rauchglas und Marmor, was f\u00fcr eine Kombi beim Expose von Wendelbo. \" class=\"wp-image-19278\" title=\"\" srcset=\"https:\/\/raum-blick.de\/magazin\/wp-content\/uploads\/2024\/01\/couchtisch-expose-wendelbo_94372_200x200@2x.jpg 400w, https:\/\/raum-blick.de\/magazin\/wp-content\/uploads\/2024\/01\/couchtisch-expose-wendelbo_94372_200x200@2x-300x300.jpg 300w, https:\/\/raum-blick.de\/magazin\/wp-content\/uploads\/2024\/01\/couchtisch-expose-wendelbo_94372_200x200@2x-150x150.jpg 150w\" sizes=\"(max-width: 400px) 100vw, 400px\" \/><figcaption class=\"wp-element-caption\"><em>Reichlich Stauraum bietet auch der Expose von Wendelbo. Eine Tischplatte aus Rauchglas kombiniert mit einer Bodenplatte aus Marmor verleiht diesem Tisch einen besonders individuellen Charakter. Erh\u00e4ltlich als Couch- oder Beistelltisch.<\/em><\/figcaption><\/figure>\n<\/div>\n<\/div>\n\n\n\n<h4 class=\"wp-block-heading\">Key Piece 3: hohes Regal<\/h4>\n\n\n\n<p>Egal ob aus Metall oder Holz, Hauptsache die H\u00f6he stimmt. Denn so ein hohes Regal macht den Look nicht nur wunderbar clean, es \u00f6ffnet auch den Raum. Den k\u00f6nnen Sie damit sogar teilen. Auch das eine charmante M\u00f6glichkeit, Funktionalit\u00e4t mit Eleganz zu verbinden und klare Strukturen zu schaffen. <\/p>\n\n\n\n<div class=\"wp-block-columns is-layout-flex wp-container-core-columns-is-layout-9d6595d7 wp-block-columns-is-layout-flex\">\n<div class=\"wp-block-column is-layout-flow wp-block-column-is-layout-flow\">\n<figure class=\"wp-block-image size-full\"><img loading=\"lazy\" decoding=\"async\" width=\"400\" height=\"400\" src=\"https:\/\/www.raum-blick.de\/magazin\/wp-content\/uploads\/2024\/01\/studio-regal-ethnicraft-ambiente-tuer_89403_200x200@2x.jpg\" alt=\"Das Ethnicraft Studio Regal ist ein eleganter Blickfang mit verschieden gro\u00dfen F\u00e4chern. Ein sch\u00f6nes Beispiel f\u00fcr den Modern Living-Trend.\" class=\"wp-image-19232\" title=\"\" srcset=\"https:\/\/raum-blick.de\/magazin\/wp-content\/uploads\/2024\/01\/studio-regal-ethnicraft-ambiente-tuer_89403_200x200@2x.jpg 400w, https:\/\/raum-blick.de\/magazin\/wp-content\/uploads\/2024\/01\/studio-regal-ethnicraft-ambiente-tuer_89403_200x200@2x-300x300.jpg 300w, https:\/\/raum-blick.de\/magazin\/wp-content\/uploads\/2024\/01\/studio-regal-ethnicraft-ambiente-tuer_89403_200x200@2x-150x150.jpg 150w\" sizes=\"(max-width: 400px) 100vw, 400px\" \/><figcaption class=\"wp-element-caption\"><em>Ethnicraft Studio verbindet Teakholz mit Metall und bietet reichlich Platz f\u00fcr Vasen, aber auch f\u00fcr B\u00fccher oder Ordner. Dieses Regal zeigt sich nicht nur stilbewusst und elegant, hier ist auch jedes St\u00fcck ein Unikat. <\/em><\/figcaption><\/figure>\n<\/div>\n\n\n\n<div class=\"wp-block-column is-layout-flow wp-block-column-is-layout-flow\">\n<figure class=\"wp-block-image size-full\"><img loading=\"lazy\" decoding=\"async\" width=\"400\" height=\"400\" src=\"https:\/\/www.raum-blick.de\/magazin\/wp-content\/uploads\/2024\/01\/regal-ferm-living-haze_83350_200x200@2x.jpg\" alt=\"Haze von ferm LIVING passt perfekt in den Modern Living-Trend. Ein filigranes, hohes Regal, das gleichzeitig edel und dezent ist. \" class=\"wp-image-19233\" title=\"\" srcset=\"https:\/\/raum-blick.de\/magazin\/wp-content\/uploads\/2024\/01\/regal-ferm-living-haze_83350_200x200@2x.jpg 400w, https:\/\/raum-blick.de\/magazin\/wp-content\/uploads\/2024\/01\/regal-ferm-living-haze_83350_200x200@2x-300x300.jpg 300w, https:\/\/raum-blick.de\/magazin\/wp-content\/uploads\/2024\/01\/regal-ferm-living-haze_83350_200x200@2x-150x150.jpg 150w\" sizes=\"(max-width: 400px) 100vw, 400px\" \/><figcaption class=\"wp-element-caption\"><em>Ein filigranes Metallgestell und B\u00f6den aus geriffeltem Glas. <a href=\"https:\/\/www.raum-blick.de\/ferm-living-moebel\/\">Haze von ferm LIVING<\/a> ist dezent und edel zugleich und macht, wie man sieht, nicht nur im Wohnzimmer eine gute Figur. <\/em><\/figcaption><\/figure>\n<\/div>\n<\/div>\n\n\n\n<div class=\"wp-block-media-text alignwide is-stacked-on-mobile\"><figure class=\"wp-block-media-text__media\"><img loading=\"lazy\" decoding=\"async\" width=\"400\" height=\"400\" src=\"https:\/\/www.raum-blick.de\/magazin\/wp-content\/uploads\/2024\/01\/ethnicraft-m-regal-hoch-teak-14201-ambiente-nah_89330_200x200@2x-1.jpg\" alt=\"\" class=\"wp-image-19286 size-full\" title=\"\" srcset=\"https:\/\/raum-blick.de\/magazin\/wp-content\/uploads\/2024\/01\/ethnicraft-m-regal-hoch-teak-14201-ambiente-nah_89330_200x200@2x-1.jpg 400w, https:\/\/raum-blick.de\/magazin\/wp-content\/uploads\/2024\/01\/ethnicraft-m-regal-hoch-teak-14201-ambiente-nah_89330_200x200@2x-1-300x300.jpg 300w, https:\/\/raum-blick.de\/magazin\/wp-content\/uploads\/2024\/01\/ethnicraft-m-regal-hoch-teak-14201-ambiente-nah_89330_200x200@2x-1-150x150.jpg 150w\" sizes=\"(max-width: 400px) 100vw, 400px\" \/><\/figure><div class=\"wp-block-media-text__content\">\n<figure class=\"wp-block-image size-full\"><img loading=\"lazy\" decoding=\"async\" width=\"400\" height=\"400\" src=\"https:\/\/www.raum-blick.de\/magazin\/wp-content\/uploads\/2024\/01\/ethnicraft-m-regal-ambiente-eiche-schwarz-50781-gross_89327_200x200@2x-1.jpg\" alt=\"Das Ethnicraft M Regal st in zwei Ausf\u00fchrungen erh\u00e4ltlich und inspiert von Piet Mondrian. Auch sch\u00f6n als Raumteiler.\" class=\"wp-image-19285\" title=\"\" srcset=\"https:\/\/raum-blick.de\/magazin\/wp-content\/uploads\/2024\/01\/ethnicraft-m-regal-ambiente-eiche-schwarz-50781-gross_89327_200x200@2x-1.jpg 400w, https:\/\/raum-blick.de\/magazin\/wp-content\/uploads\/2024\/01\/ethnicraft-m-regal-ambiente-eiche-schwarz-50781-gross_89327_200x200@2x-1-300x300.jpg 300w, https:\/\/raum-blick.de\/magazin\/wp-content\/uploads\/2024\/01\/ethnicraft-m-regal-ambiente-eiche-schwarz-50781-gross_89327_200x200@2x-1-150x150.jpg 150w\" sizes=\"(max-width: 400px) 100vw, 400px\" \/><figcaption class=\"wp-element-caption\"><em>Ob aus Team oder schwarzer Eiche, auch das Ethnicraft M Regal bietet reichlich Stauraum und ist inspiriert vom niederl\u00e4ndischen Maler Piet Mondrian.<\/em><\/figcaption><\/figure>\n<\/div><\/div>\n\n\n\n<h4 class=\"wp-block-heading\">Key Piece 4: warmes Holz<\/h4>\n\n\n\n<p>Ruhe, Entspannung, Kraft tanken \u2013 mit dem gem\u00fctlichen Naturstoff wird es so richtig heimelig und harmonisch. Er ist das i-T\u00fcpfelchen an Geborgenheit, die cleane Verbindung zur Natur, die Ihren vier W\u00e4nden Leben einhaucht und bei deren Anblick uns sofort eine warme Wohlf\u00fchlatmosph\u00e4re umf\u00e4ngt. <\/p>\n\n\n\n<div class=\"wp-block-columns is-layout-flex wp-container-core-columns-is-layout-9d6595d7 wp-block-columns-is-layout-flex\">\n<div class=\"wp-block-column is-layout-flow wp-block-column-is-layout-flow\">\n<figure class=\"wp-block-image size-full\"><img loading=\"lazy\" decoding=\"async\" width=\"400\" height=\"400\" src=\"https:\/\/www.raum-blick.de\/magazin\/wp-content\/uploads\/2024\/01\/skagerak-cutter-garderobenleiste_76080_200x200@2x.jpg\" alt=\"Garderobenleiste oder Sitzbank, die Cutter-Serie von Skagerag ist skandinavisches Design pur und tr\u00e4gt dem Modern Living-Trend Rechnung.\" class=\"wp-image-19224\" title=\"\" srcset=\"https:\/\/raum-blick.de\/magazin\/wp-content\/uploads\/2024\/01\/skagerak-cutter-garderobenleiste_76080_200x200@2x.jpg 400w, https:\/\/raum-blick.de\/magazin\/wp-content\/uploads\/2024\/01\/skagerak-cutter-garderobenleiste_76080_200x200@2x-300x300.jpg 300w, https:\/\/raum-blick.de\/magazin\/wp-content\/uploads\/2024\/01\/skagerak-cutter-garderobenleiste_76080_200x200@2x-150x150.jpg 150w\" sizes=\"(max-width: 400px) 100vw, 400px\" \/><figcaption class=\"wp-element-caption\">Die <a href=\"https:\/\/www.raum-blick.de\/skagerak-garderobe\/\">Cutter-Serie von Skagerag<\/a> ist mit ihren klaren, schlichten Linien und der minimalistischen Formgebung ein sch\u00f6nes Beispiel f\u00fcr das klassische skandinavische Design. <\/figcaption><\/figure>\n<\/div>\n\n\n\n<div class=\"wp-block-column is-layout-flow wp-block-column-is-layout-flow\">\n<figure class=\"wp-block-image size-full\"><img loading=\"lazy\" decoding=\"async\" width=\"400\" height=\"400\" src=\"https:\/\/www.raum-blick.de\/magazin\/wp-content\/uploads\/2024\/01\/n2-ethnicraft-loungesessel-ambiente-beistelltisch-eichenholz_89277_200x200@2x.jpg\" alt=\"Ein Loungesessel, wie man ihn sich vorstellt: der N2 von Ethnicraft. Sch\u00f6ner kann man den Modern Living-Trend kaum umsetzen.\" class=\"wp-image-19222\" title=\"\" srcset=\"https:\/\/raum-blick.de\/magazin\/wp-content\/uploads\/2024\/01\/n2-ethnicraft-loungesessel-ambiente-beistelltisch-eichenholz_89277_200x200@2x.jpg 400w, https:\/\/raum-blick.de\/magazin\/wp-content\/uploads\/2024\/01\/n2-ethnicraft-loungesessel-ambiente-beistelltisch-eichenholz_89277_200x200@2x-300x300.jpg 300w, https:\/\/raum-blick.de\/magazin\/wp-content\/uploads\/2024\/01\/n2-ethnicraft-loungesessel-ambiente-beistelltisch-eichenholz_89277_200x200@2x-150x150.jpg 150w\" sizes=\"(max-width: 400px) 100vw, 400px\" \/><figcaption class=\"wp-element-caption\">Der <a href=\"https:\/\/www.raum-blick.de\/ethnicraft-stuehle\/\">N2 Loungesessel von Ethnicraft<\/a> ist aus massivem Eichenholz, hat eine ge\u00f6lte Oberfl\u00e4che und wird mit einem weichen Kissen zur Entspannungsoase. Hier kombiniert mit dem Ethnicraft Geometric Beistelltisch. <\/figcaption><\/figure>\n<\/div>\n<\/div>\n\n\n\n<div class=\"wp-block-columns is-layout-flex wp-container-core-columns-is-layout-9d6595d7 wp-block-columns-is-layout-flex\">\n<div class=\"wp-block-column is-layout-flow wp-block-column-is-layout-flow\">\n<figure class=\"wp-block-image size-full\"><img loading=\"lazy\" decoding=\"async\" width=\"400\" height=\"400\" src=\"https:\/\/www.raum-blick.de\/magazin\/wp-content\/uploads\/2024\/01\/esszimmerstuhl-herman-ferm-living_83408_200x200@2x.jpg\" alt=\"Modern Living-Trend, das ist auch pure Holz-\u00c4sthetik. Das beweist der charmante Eichenstuhl Hermann von ferm LIVING.\" class=\"wp-image-19221\" title=\"\" srcset=\"https:\/\/raum-blick.de\/magazin\/wp-content\/uploads\/2024\/01\/esszimmerstuhl-herman-ferm-living_83408_200x200@2x.jpg 400w, https:\/\/raum-blick.de\/magazin\/wp-content\/uploads\/2024\/01\/esszimmerstuhl-herman-ferm-living_83408_200x200@2x-300x300.jpg 300w, https:\/\/raum-blick.de\/magazin\/wp-content\/uploads\/2024\/01\/esszimmerstuhl-herman-ferm-living_83408_200x200@2x-150x150.jpg 150w\" sizes=\"(max-width: 400px) 100vw, 400px\" \/><figcaption class=\"wp-element-caption\">Der massive Holzstuhl Hermann von ferm LIVING besticht mit seiner \u00c4sthetik und einer ergonomisch angepassten R\u00fcckenlehne. In Schwarz, Rotbraun oder Eiche natur erh\u00e4ltlich.<\/figcaption><\/figure>\n<\/div>\n\n\n\n<div class=\"wp-block-column is-layout-flow wp-block-column-is-layout-flow\">\n<figure class=\"wp-block-image size-full\"><img loading=\"lazy\" decoding=\"async\" width=\"400\" height=\"400\" src=\"https:\/\/www.raum-blick.de\/magazin\/wp-content\/uploads\/2024\/01\/ethnicraft-slice-ausziehbarer-esstisch-ausgezogen_88782_200x200@2x.jpg\" alt=\"Gut wenn ein Tisch so flexibel ist wie Ihre Bed\u00fcrfnisse. Der Slice von Etnicraft ist ausziehbar und ein echtes Statement.\" class=\"wp-image-19231\" title=\"\" srcset=\"https:\/\/raum-blick.de\/magazin\/wp-content\/uploads\/2024\/01\/ethnicraft-slice-ausziehbarer-esstisch-ausgezogen_88782_200x200@2x.jpg 400w, https:\/\/raum-blick.de\/magazin\/wp-content\/uploads\/2024\/01\/ethnicraft-slice-ausziehbarer-esstisch-ausgezogen_88782_200x200@2x-300x300.jpg 300w, https:\/\/raum-blick.de\/magazin\/wp-content\/uploads\/2024\/01\/ethnicraft-slice-ausziehbarer-esstisch-ausgezogen_88782_200x200@2x-150x150.jpg 150w\" sizes=\"(max-width: 400px) 100vw, 400px\" \/><figcaption class=\"wp-element-caption\">Geradlinig, aus massiver Eiche und: ausziehbar. Der Slice von Ethnicraft hat viele Qualit\u00e4ten und so viel Platz, wie Sie brauchen \u2013 f\u00fcr G\u00e4ste und Speisen. <\/figcaption><\/figure>\n<\/div>\n<\/div>\n\n\n\n<h4 class=\"wp-block-heading\">Key Piece 5: chice Akzent-Leuchte<\/h4>\n\n\n\n<p>Nicht nur die M\u00f6bel, sondern auch die kleinen, feinen Accessoires, in diesem Falle die Leuchten, spielen beim Modern Living-Trend eine gro\u00dfe Rolle. Am liebsten sind sie dimmbar, sodass sich die Helligkeit je nach Stimmung anpassen l\u00e4sst und verstr\u00f6men ihr gem\u00fctliches Licht indirekt. Denn auch hier gilt: Weniger ist mehr und der Minimalismus hat sowieso oberste Priorit\u00e4t. <\/p>\n\n\n\n<div class=\"wp-block-columns is-layout-flex wp-container-core-columns-is-layout-9d6595d7 wp-block-columns-is-layout-flex\">\n<div class=\"wp-block-column is-layout-flow wp-block-column-is-layout-flow\">\n<figure class=\"wp-block-image size-full\"><img loading=\"lazy\" decoding=\"async\" width=\"400\" height=\"400\" src=\"https:\/\/www.raum-blick.de\/magazin\/wp-content\/uploads\/2024\/01\/coordinates-S1-pendelleuchte-flos_61963_200x200@2x.jpg\" alt=\"Wie gemacht f\u00fcr den Modern Living-Trend: die dimmbare Flos Coordinates S1.\" class=\"wp-image-19267\" title=\"\" srcset=\"https:\/\/raum-blick.de\/magazin\/wp-content\/uploads\/2024\/01\/coordinates-S1-pendelleuchte-flos_61963_200x200@2x.jpg 400w, https:\/\/raum-blick.de\/magazin\/wp-content\/uploads\/2024\/01\/coordinates-S1-pendelleuchte-flos_61963_200x200@2x-300x300.jpg 300w, https:\/\/raum-blick.de\/magazin\/wp-content\/uploads\/2024\/01\/coordinates-S1-pendelleuchte-flos_61963_200x200@2x-150x150.jpg 150w\" sizes=\"(max-width: 400px) 100vw, 400px\" \/><figcaption class=\"wp-element-caption\"><em>Die dimmbare <a href=\"https:\/\/www.raum-blick.de\/flos\/\">Flos Coordinates S1 <\/a>aus eloxiertem Aluminium ist einfach bildsch\u00f6n. Die Mischung aus vertikalen und horizontalen St\u00e4ben l\u00e4sst sie sehr filigran erscheinen und das diffuse Licht ist unglaublich sch\u00f6n. <\/em><\/figcaption><\/figure>\n<\/div>\n\n\n\n<div class=\"wp-block-column is-layout-flow wp-block-column-is-layout-flow\">\n<figure class=\"wp-block-image size-full\"><img loading=\"lazy\" decoding=\"async\" width=\"400\" height=\"400\" src=\"https:\/\/www.raum-blick.de\/magazin\/wp-content\/uploads\/2024\/01\/esstisch-linear-pendellampe-169-schwarz-muuto_6292106h5N4TuoYMex_200x200@2x.jpg\" alt=\"Skandinavisches Design in seiner schlichtesten Form: die Pendelleuchte Linear von Muuto.\" class=\"wp-image-19263\" title=\"\" srcset=\"https:\/\/raum-blick.de\/magazin\/wp-content\/uploads\/2024\/01\/esstisch-linear-pendellampe-169-schwarz-muuto_6292106h5N4TuoYMex_200x200@2x.jpg 400w, https:\/\/raum-blick.de\/magazin\/wp-content\/uploads\/2024\/01\/esstisch-linear-pendellampe-169-schwarz-muuto_6292106h5N4TuoYMex_200x200@2x-300x300.jpg 300w, https:\/\/raum-blick.de\/magazin\/wp-content\/uploads\/2024\/01\/esstisch-linear-pendellampe-169-schwarz-muuto_6292106h5N4TuoYMex_200x200@2x-150x150.jpg 150w\" sizes=\"(max-width: 400px) 100vw, 400px\" \/><figcaption class=\"wp-element-caption\"><em>Unaufdringlich, \u00e4sthetisch, funktional und skandinavisches Design par excellence: die Muuto Linear Pendelleuchte. \u00dcber dem Esstisch macht sie sich genauso gut wie im Gro\u00dfraumb\u00fcro. Und: Sie l\u00e4sst sich dummen. <\/em><\/figcaption><\/figure>\n<\/div>\n<\/div>\n\n\n\n<div class=\"wp-block-columns is-layout-flex wp-container-core-columns-is-layout-9d6595d7 wp-block-columns-is-layout-flex\">\n<div class=\"wp-block-column is-layout-flow wp-block-column-is-layout-flow\">\n<figure class=\"wp-block-image size-full\"><img loading=\"lazy\" decoding=\"async\" width=\"400\" height=\"400\" src=\"https:\/\/www.raum-blick.de\/magazin\/wp-content\/uploads\/2024\/01\/lumiere-tischleuchte-piccola-weiss-foscarini-schreibtisch_63355_200x200@2x.jpg\" alt=\"Herrlich vielseitige Designikone: die Foscarini Lumiere.\" class=\"wp-image-19255\" title=\"\" srcset=\"https:\/\/raum-blick.de\/magazin\/wp-content\/uploads\/2024\/01\/lumiere-tischleuchte-piccola-weiss-foscarini-schreibtisch_63355_200x200@2x.jpg 400w, https:\/\/raum-blick.de\/magazin\/wp-content\/uploads\/2024\/01\/lumiere-tischleuchte-piccola-weiss-foscarini-schreibtisch_63355_200x200@2x-300x300.jpg 300w, https:\/\/raum-blick.de\/magazin\/wp-content\/uploads\/2024\/01\/lumiere-tischleuchte-piccola-weiss-foscarini-schreibtisch_63355_200x200@2x-150x150.jpg 150w\" sizes=\"(max-width: 400px) 100vw, 400px\" \/><figcaption class=\"wp-element-caption\"><em>Die elegante<a href=\"https:\/\/www.raum-blick.de\/foscarini\/\"> Foscarini Lumiere<\/a> Tischleuchte ist eine Designikone. Das mundgeblasene Glas und der polierte Aluminiumfu\u00df harmonieren seit 1990 perfekt zusammen und zeigen, wie vielf\u00e4ltig italienisches Design sein kann. <\/em><\/figcaption><\/figure>\n<\/div>\n\n\n\n<div class=\"wp-block-column is-layout-flow wp-block-column-is-layout-flow\">\n<figure class=\"wp-block-image size-full\"><img loading=\"lazy\" decoding=\"async\" width=\"400\" height=\"400\" src=\"https:\/\/www.raum-blick.de\/magazin\/wp-content\/uploads\/2024\/01\/gubi-semi-pendelleuchte-weiss-haengeleuchte_61683_200x200@2x.jpg\" alt=\"Sorgt seit 1968 f\u00fcr erhellende Momente: die Semi von Gubi.\" class=\"wp-image-19265\" title=\"\" srcset=\"https:\/\/raum-blick.de\/magazin\/wp-content\/uploads\/2024\/01\/gubi-semi-pendelleuchte-weiss-haengeleuchte_61683_200x200@2x.jpg 400w, https:\/\/raum-blick.de\/magazin\/wp-content\/uploads\/2024\/01\/gubi-semi-pendelleuchte-weiss-haengeleuchte_61683_200x200@2x-300x300.jpg 300w, https:\/\/raum-blick.de\/magazin\/wp-content\/uploads\/2024\/01\/gubi-semi-pendelleuchte-weiss-haengeleuchte_61683_200x200@2x-150x150.jpg 150w\" sizes=\"(max-width: 400px) 100vw, 400px\" \/><figcaption class=\"wp-element-caption\"><em>Und noch ein echter Klassiker: die Semi von Gubi. Sie gibt es schon seit 1968. Zwei Viertelkreise schaffen eine einzigartige Form und ein wundervolles kegelf\u00f6rmiges Licht. Kein Wunder hat die Royal Danish Academy of Fine Arts School of Architecture diese Leuchte im Wettbewerb mit einem 1. Platz bedacht.<\/em><\/figcaption><\/figure>\n<\/div>\n<\/div>\n\n\n\n<h4 class=\"wp-block-heading\">Key Piece 6: Struktur-Teppich<\/h4>\n\n\n\n<p>Wir begeben uns von oben nach unten. Denn so ein Teppich mit einer leichten Struktur in einer neutralen Farbe potenziert den Cosyness-Faktor gleich noch mal deutlich. Und was gibt es Sch\u00f6neres, als einen samtweichen Augenschmeichler direkt unter den nackten F\u00fc\u00dfen zu sp\u00fcren? Das ist Harmonie und Gem\u00fctlichkeit pur! <\/p>\n\n\n\n<div class=\"wp-block-columns is-layout-flex wp-container-core-columns-is-layout-9d6595d7 wp-block-columns-is-layout-flex\">\n<div class=\"wp-block-column is-layout-flow wp-block-column-is-layout-flow\">\n<figure class=\"wp-block-image size-full\"><img loading=\"lazy\" decoding=\"async\" width=\"400\" height=\"400\" src=\"https:\/\/www.raum-blick.de\/magazin\/wp-content\/uploads\/2024\/01\/muuto-relevo-teppich-ambiente-offwhite-close-up_84718_200x200@2x.jpg\" alt=\"Der Relevo von Muuto  ist ein absoluter Hingucker. \" class=\"wp-image-19244\" title=\"\" srcset=\"https:\/\/raum-blick.de\/magazin\/wp-content\/uploads\/2024\/01\/muuto-relevo-teppich-ambiente-offwhite-close-up_84718_200x200@2x.jpg 400w, https:\/\/raum-blick.de\/magazin\/wp-content\/uploads\/2024\/01\/muuto-relevo-teppich-ambiente-offwhite-close-up_84718_200x200@2x-300x300.jpg 300w, https:\/\/raum-blick.de\/magazin\/wp-content\/uploads\/2024\/01\/muuto-relevo-teppich-ambiente-offwhite-close-up_84718_200x200@2x-150x150.jpg 150w\" sizes=\"(max-width: 400px) 100vw, 400px\" \/><figcaption class=\"wp-element-caption\"><em>Aus 100 % getufteter neuseel\u00e4ndischer Wolle, mit einem auff\u00e4lligen grafischen Muster und einem zweifarbigen Effekt: Der Relevo von Muuto ist ein kleines Meisterwerk, das in einer gro\u00dfen und einer kleinen Ausf\u00fchrung zu haben ist.<\/em><\/figcaption><\/figure>\n<\/div>\n\n\n\n<div class=\"wp-block-column is-layout-flow wp-block-column-is-layout-flow\">\n<figure class=\"wp-block-image size-full\"><img loading=\"lazy\" decoding=\"async\" width=\"400\" height=\"400\" src=\"https:\/\/www.raum-blick.de\/magazin\/wp-content\/uploads\/2024\/01\/myfelt-linea-filzkugelteppich-flur_51953_200x200@2x.jpg\" alt=\"Viele, viele kleine Filzkugeln machen Linda von myfelt zu etwas ganz Besonderem. So zeitlos wie der Modern Living-Trend.\" class=\"wp-image-19240\" title=\"\" srcset=\"https:\/\/raum-blick.de\/magazin\/wp-content\/uploads\/2024\/01\/myfelt-linea-filzkugelteppich-flur_51953_200x200@2x.jpg 400w, https:\/\/raum-blick.de\/magazin\/wp-content\/uploads\/2024\/01\/myfelt-linea-filzkugelteppich-flur_51953_200x200@2x-300x300.jpg 300w, https:\/\/raum-blick.de\/magazin\/wp-content\/uploads\/2024\/01\/myfelt-linea-filzkugelteppich-flur_51953_200x200@2x-150x150.jpg 150w\" sizes=\"(max-width: 400px) 100vw, 400px\" \/><figcaption class=\"wp-element-caption\"><em>Lin\u00e9a von myfelt besteht aus unz\u00e4hligen kleinen Filzkugeln. Dieser besondere Teppich ist ein reines Naturprodukt, wird von Hand in Nepal gefertigt und ist GoodWeave zertifiziert. Denn faire Produktionsbedingungen sind ein Muss. <\/em><\/figcaption><\/figure>\n<\/div>\n<\/div>\n\n\n\n<div class=\"wp-block-columns is-layout-flex wp-container-core-columns-is-layout-9d6595d7 wp-block-columns-is-layout-flex\">\n<div class=\"wp-block-column is-layout-flow wp-block-column-is-layout-flow\">\n<figure class=\"wp-block-image size-full\"><img loading=\"lazy\" decoding=\"async\" width=\"400\" height=\"400\" src=\"https:\/\/www.raum-blick.de\/magazin\/wp-content\/uploads\/2024\/01\/fatboy-dot-teppich-modern-creamy-camel-106249_96815_200x200@2x.jpg\" alt=\"Fatboy kann auch Teppich, wie der Dot zeigt. Und wie sch\u00f6n!\" class=\"wp-image-19237\" title=\"\" srcset=\"https:\/\/raum-blick.de\/magazin\/wp-content\/uploads\/2024\/01\/fatboy-dot-teppich-modern-creamy-camel-106249_96815_200x200@2x.jpg 400w, https:\/\/raum-blick.de\/magazin\/wp-content\/uploads\/2024\/01\/fatboy-dot-teppich-modern-creamy-camel-106249_96815_200x200@2x-300x300.jpg 300w, https:\/\/raum-blick.de\/magazin\/wp-content\/uploads\/2024\/01\/fatboy-dot-teppich-modern-creamy-camel-106249_96815_200x200@2x-150x150.jpg 150w\" sizes=\"(max-width: 400px) 100vw, 400px\" \/><figcaption class=\"wp-element-caption\"><em>Supersoft, mit einem raffinierten Hoch-Tief-Muster: Dot von Fatboy. Ein schlichter und doch ausgefallener Teppich, dessen handgeb\u00fcrstete, weiche Kreisformen ihn zu einem echten Blickfang machen. <\/em><\/figcaption><\/figure>\n<\/div>\n\n\n\n<div class=\"wp-block-column is-layout-flow wp-block-column-is-layout-flow\">\n<figure class=\"wp-block-image size-full\"><img loading=\"lazy\" decoding=\"async\" width=\"400\" height=\"400\" src=\"https:\/\/www.raum-blick.de\/magazin\/wp-content\/uploads\/2024\/01\/ethnicraft-nomad-kilim-teppich-lifestyle-hell-modern_86523_200x200@2x.jpg\" alt=\"Handwerkskunst trifft Moderne: der Nomad von Ethnicraft ist ein gewebter Traum f\u00fcr jeden Boden.\" class=\"wp-image-19239\" title=\"\" srcset=\"https:\/\/raum-blick.de\/magazin\/wp-content\/uploads\/2024\/01\/ethnicraft-nomad-kilim-teppich-lifestyle-hell-modern_86523_200x200@2x.jpg 400w, https:\/\/raum-blick.de\/magazin\/wp-content\/uploads\/2024\/01\/ethnicraft-nomad-kilim-teppich-lifestyle-hell-modern_86523_200x200@2x-300x300.jpg 300w, https:\/\/raum-blick.de\/magazin\/wp-content\/uploads\/2024\/01\/ethnicraft-nomad-kilim-teppich-lifestyle-hell-modern_86523_200x200@2x-150x150.jpg 150w\" sizes=\"(max-width: 400px) 100vw, 400px\" \/><figcaption class=\"wp-element-caption\"><em>Ein d\u00fcnn gewebter Kelim-Teppich aus Schafwolle: der Nomad von Etnicraft vereint Moderne und Handwerkskunst und besticht in seiner Einfachheit. Einfach wundersch\u00f6n!<\/em><\/figcaption><\/figure>\n<\/div>\n<\/div>\n\n\n\n<p>Und, haben wir Sie angesteckt mit unserer Liebe zum zeitlosen Minimalismus? Dann holen Sie sich am besten gleich die neue Wohlf\u00fchlatmosph\u00e4re ins Haus und shoppen Ihre raum-blick Lieblingsst\u00fccke. Denn die sind nur einen Klick entfernt. Viel Vergn\u00fcgen beim Anschauen, Aussuchen und Auspacken!<\/p>\n","protected":false},"excerpt":{"rendered":"<p>\u00ab Cleanes Makeover f\u00fcr ihr Zuhause \u2013 ganz easy \u00bb So wohl wir uns in unseren vier W\u00e4nden f\u00fchlen, manchmal haben wir einfach den Drang nach Ver\u00e4nderung. Mit den richtigen Key-Pieces und Interior-Highlights k\u00f6nnen Sie mit wenig Aufwand viel bewirken. Und wenn Sie es geradlinig, clean und schlicht m\u00f6gen, mit einem Touch Nat\u00fcrlichkeit, dann ist [&hellip;]<\/p>\n","protected":false},"author":4,"featured_media":19277,"comment_status":"closed","ping_status":"open","sticky":false,"template":"","format":"standard","meta":{"_et_pb_use_builder":"","_et_pb_old_content":"","_et_gb_content_width":"","inline_featured_image":false,"footnotes":""},"categories":[1],"tags":[615,159,1809,1586,286,1797,2181,2185,40,2184,2180,206,45,1314,2182,81,2183,246,2000,2072,1025,1024,1529,1905,1906,239,1112,1236,19,154,1596,1350,1082,432,910,935,2178],"class_list":["post-19215","post","type-post","status-publish","format-standard","has-post-thumbnail","hentry","category-drinnen","tag-beistelltisch","tag-beistelltische","tag-blomus","tag-couchtisch","tag-couchtische","tag-ethnicraft","tag-ethnicraft-mellow","tag-ethnicraft-nomad","tag-fatboy","tag-fatboy-dot","tag-fatboy-sumo","tag-ferm-living","tag-flos","tag-foscarini","tag-foscarini-lumiere","tag-gubi","tag-gubi-semi","tag-haengeleuchten","tag-loungesofa","tag-marmor","tag-minimalismus","tag-minimalistisch","tag-minimalistisch-einrichten","tag-modern-living","tag-modernes-wohnen","tag-muuto","tag-myfelt","tag-pendelleuchte","tag-skagerak","tag-skagerak-cutter","tag-skandinavisches-design","tag-sofa","tag-teppich","tag-teppiche","tag-tischleuchte","tag-umage","tag-wendelbo"],"_links":{"self":[{"href":"https:\/\/raum-blick.de\/magazin\/wp-json\/wp\/v2\/posts\/19215","targetHints":{"allow":["GET"]}}],"collection":[{"href":"https:\/\/raum-blick.de\/magazin\/wp-json\/wp\/v2\/posts"}],"about":[{"href":"https:\/\/raum-blick.de\/magazin\/wp-json\/wp\/v2\/types\/post"}],"author":[{"embeddable":true,"href":"https:\/\/raum-blick.de\/magazin\/wp-json\/wp\/v2\/users\/4"}],"replies":[{"embeddable":true,"href":"https:\/\/raum-blick.de\/magazin\/wp-json\/wp\/v2\/comments?post=19215"}],"version-history":[{"count":23,"href":"https:\/\/raum-blick.de\/magazin\/wp-json\/wp\/v2\/posts\/19215\/revisions"}],"predecessor-version":[{"id":19497,"href":"https:\/\/raum-blick.de\/magazin\/wp-json\/wp\/v2\/posts\/19215\/revisions\/19497"}],"wp:featuredmedia":[{"embeddable":true,"href":"https:\/\/raum-blick.de\/magazin\/wp-json\/wp\/v2\/media\/19277"}],"wp:attachment":[{"href":"https:\/\/raum-blick.de\/magazin\/wp-json\/wp\/v2\/media?parent=19215"}],"wp:term":[{"taxonomy":"category","embeddable":true,"href":"https:\/\/raum-blick.de\/magazin\/wp-json\/wp\/v2\/categories?post=19215"},{"taxonomy":"post_tag","embeddable":true,"href":"https:\/\/raum-blick.de\/magazin\/wp-json\/wp\/v2\/tags?post=19215"}],"curies":[{"name":"wp","href":"https:\/\/api.w.org\/{rel}","templated":true}]}}