{"id":19142,"date":"2024-01-22T18:43:10","date_gmt":"2024-01-22T17:43:10","guid":{"rendered":"https:\/\/www.raum-blick.de\/magazin\/?p=19142"},"modified":"2024-05-23T10:48:19","modified_gmt":"2024-05-23T08:48:19","slug":"trends-2024-wohnen","status":"publish","type":"post","link":"https:\/\/raum-blick.de\/magazin\/trends-2024-wohnen\/","title":{"rendered":"Trends 2024: kurvig, markant und farbenfroh"},"content":{"rendered":"\n<h2 class=\"wp-block-heading\"><span class=\"ez-toc-section\" id=\"%C2%AB_Neues_Jahr_neue_Styles_%C2%BB\"><\/span>\u00ab Neues Jahr, neue Styles \u00bb<span class=\"ez-toc-section-end\"><\/span><\/h2>\n\n\n\n<p><strong>Jung, frisch und unverbraucht, so sind nicht nur die ersten Wochen des Jahres 2024, sondern auch die Interior-Trends, die uns in den kommenden Monaten erwarten: von XL bis Retro, von Naturt\u00f6nen bis knallbunt, von organischen Rundungen bis zu industriellem Minimalismus. Es wird verspielt, fr\u00f6hlich-schrill und mit \u201eCaf\u00e9core\u201c ziehen die Braun-Nuancen in unser Zuhause ein und sorgen f\u00fcr reichlich L\u00e4ssigkeit vor und gerne auch an den W\u00e4nden. Wir sind jedenfalls ganz im Gl\u00fcck und zeigen Ihnen mit unseren Lieblings-Pieces, wo die Trend-Reise hingeht.<\/strong><\/p>\n\n\n\n<h2 class=\"wp-block-heading\"><span class=\"ez-toc-section\" id=\"Welche_Trends_erwarten_Sie_2024\"><\/span>Welche Trends erwarten Sie 2024?<span class=\"ez-toc-section-end\"><\/span><\/h2>\n\n\n\n<p>Farbe satt. Denn in unseren vier W\u00e4nden leuchtet und schimmert es jetzt, dass es eine wahre Pracht ist. Und der Dopamin-Style schafft vor allem eines: pure Gl\u00fccksgef\u00fchle. M\u00f6bel, Deko-Objekte oder W\u00e4nde, alles zeigt sich in dieser Saison farbenfroh, lebendig und mit Glow. Denn neben Farbe ist Glanz einer DER Trends 2024. Er macht alles gleich noch ein bisschen schicker und verleiht selbst Klassikern einen ikonischen Touch. Das gilt auch f\u00fcr den wiederentdeckten Forever-Material-Liebling Boucl\u00e9. Und auch alles, was die Natur hergibt, ist jetzt ausgesprochen HOT, vor allem dunkle H\u00f6lzer wie Teak, Walnuss, Kirsche oder Mahagoni. Sie machen sich bereit f\u00fcr den Sprung in die Designwelt, raus aus der Boho-Nische. <\/p><div id=\"ez-toc-container\" class=\"ez-toc-v2_0_82_2 counter-hierarchy ez-toc-counter ez-toc-grey ez-toc-container-direction\">\n<div class=\"ez-toc-title-container\">\n<p class=\"ez-toc-title\" style=\"cursor:inherit\">Was hier auf Sie wartet<\/p>\n<span class=\"ez-toc-title-toggle\"><a href=\"#\" class=\"ez-toc-pull-right ez-toc-btn ez-toc-btn-xs ez-toc-btn-default ez-toc-toggle\" aria-label=\"Toggle Table of Content\"><span class=\"ez-toc-js-icon-con\"><span class=\"\"><span class=\"eztoc-hide\" style=\"display:none;\">Toggle<\/span><span class=\"ez-toc-icon-toggle-span\"><svg style=\"fill: #999;color:#999\" xmlns=\"http:\/\/www.w3.org\/2000\/svg\" class=\"list-377408\" width=\"20px\" height=\"20px\" viewBox=\"0 0 24 24\" fill=\"none\"><path d=\"M6 6H4v2h2V6zm14 0H8v2h12V6zM4 11h2v2H4v-2zm16 0H8v2h12v-2zM4 16h2v2H4v-2zm16 0H8v2h12v-2z\" fill=\"currentColor\"><\/path><\/svg><svg style=\"fill: #999;color:#999\" class=\"arrow-unsorted-368013\" xmlns=\"http:\/\/www.w3.org\/2000\/svg\" width=\"10px\" height=\"10px\" viewBox=\"0 0 24 24\" version=\"1.2\" baseProfile=\"tiny\"><path d=\"M18.2 9.3l-6.2-6.3-6.2 6.3c-.2.2-.3.4-.3.7s.1.5.3.7c.2.2.4.3.7.3h11c.3 0 .5-.1.7-.3.2-.2.3-.5.3-.7s-.1-.5-.3-.7zM5.8 14.7l6.2 6.3 6.2-6.3c.2-.2.3-.5.3-.7s-.1-.5-.3-.7c-.2-.2-.4-.3-.7-.3h-11c-.3 0-.5.1-.7.3-.2.2-.3.5-.3.7s.1.5.3.7z\"\/><\/svg><\/span><\/span><\/span><\/a><\/span><\/div>\n<nav><ul class='ez-toc-list ez-toc-list-level-1 ' ><li class='ez-toc-page-1 ez-toc-heading-level-2'><a class=\"ez-toc-link ez-toc-heading-1\" href=\"https:\/\/raum-blick.de\/magazin\/trends-2024-wohnen\/#%C2%AB_Neues_Jahr_neue_Styles_%C2%BB\" >\u00ab Neues Jahr, neue Styles \u00bb<\/a><\/li><li class='ez-toc-page-1 ez-toc-heading-level-2'><a class=\"ez-toc-link ez-toc-heading-2\" href=\"https:\/\/raum-blick.de\/magazin\/trends-2024-wohnen\/#Welche_Trends_erwarten_Sie_2024\" >Welche Trends erwarten Sie 2024?<\/a><ul class='ez-toc-list-level-3' ><li class='ez-toc-heading-level-3'><a class=\"ez-toc-link ez-toc-heading-3\" href=\"https:\/\/raum-blick.de\/magazin\/trends-2024-wohnen\/#Trend_1_Colour_your_home\" >Trend 1: Colour your home!<\/a><\/li><li class='ez-toc-page-1 ez-toc-heading-level-3'><a class=\"ez-toc-link ez-toc-heading-4\" href=\"https:\/\/raum-blick.de\/magazin\/trends-2024-wohnen\/#Trend_2_Let_it_glow\" >Trend 2: Let it glow!<\/a><\/li><li class='ez-toc-page-1 ez-toc-heading-level-3'><a class=\"ez-toc-link ez-toc-heading-5\" href=\"https:\/\/raum-blick.de\/magazin\/trends-2024-wohnen\/#Trend_3_Love_curvy\" >Trend 3: Love curvy!<\/a><\/li><li class='ez-toc-page-1 ez-toc-heading-level-3'><a class=\"ez-toc-link ez-toc-heading-6\" href=\"https:\/\/raum-blick.de\/magazin\/trends-2024-wohnen\/#Trend_4_More_vases\" >Trend 4: More vases!<\/a><\/li><\/ul><\/li><\/ul><\/nav><\/div>\n\n\n\n\n<h3 class=\"wp-block-heading\"><span class=\"ez-toc-section\" id=\"Trend_1_Colour_your_home\"><\/span>Trend 1: Colour your home!<span class=\"ez-toc-section-end\"><\/span><\/h3>\n\n\n\n<p>Bunt, bunter, Seventies. Mit kr\u00e4ftigen Akzenten und geometrischen Mustern in Orange, Pink und Blau melden sich die 70er zur\u00fcck und sorgen im Mix mit Erd-, Gr\u00fcn- und warmen Braunt\u00f6nen f\u00fcr ausgesprochen spannende Gestaltungsm\u00f6glichkeiten. Denn hier trifft Natur auf Gem\u00fctlichkeit. Und von wegen \u201eless is more\u201c, im Gegenteil: Es darf gerne viel von allem sein. Hauptsache auff\u00e4llig und auch ein bisschen verr\u00fcckt.<\/p>\n\n\n\n<div class=\"wp-block-columns is-layout-flex wp-container-core-columns-is-layout-9d6595d7 wp-block-columns-is-layout-flex\">\n<div class=\"wp-block-column is-layout-flow wp-block-column-is-layout-flow\" style=\"flex-basis:100%\">\n<div class=\"wp-block-columns is-layout-flex wp-container-core-columns-is-layout-9d6595d7 wp-block-columns-is-layout-flex\">\n<div class=\"wp-block-column is-layout-flow wp-block-column-is-layout-flow\">\n<figure class=\"wp-block-image size-full\"><img loading=\"lazy\" decoding=\"async\" width=\"400\" height=\"400\" src=\"https:\/\/www.raum-blick.de\/magazin\/wp-content\/uploads\/2024\/01\/pols-potten-tam-tam-hocker-gelb-sessel_97838_200x200@2x.jpg\" alt=\"Trend 2024 Colours: Zig Zag von Pols Potten\" class=\"wp-image-19164\" title=\"\" srcset=\"https:\/\/raum-blick.de\/magazin\/wp-content\/uploads\/2024\/01\/pols-potten-tam-tam-hocker-gelb-sessel_97838_200x200@2x.jpg 400w, https:\/\/raum-blick.de\/magazin\/wp-content\/uploads\/2024\/01\/pols-potten-tam-tam-hocker-gelb-sessel_97838_200x200@2x-300x300.jpg 300w, https:\/\/raum-blick.de\/magazin\/wp-content\/uploads\/2024\/01\/pols-potten-tam-tam-hocker-gelb-sessel_97838_200x200@2x-150x150.jpg 150w\" sizes=\"(max-width: 400px) 100vw, 400px\" \/><figcaption class=\"wp-element-caption\"><em>Hocker und Beistelltisch in einem \u2013 <a href=\"https:\/\/www.raum-blick.de\/pols-potten-zig-zag-hocker\">Zig Zag von Pols Potten <\/a>setzt Akzente in strahlendem Sonnengelb und vielen weiteren leuchtenden Farben. <\/em><\/figcaption><\/figure>\n<\/div>\n\n\n\n<div class=\"wp-block-column is-layout-flow wp-block-column-is-layout-flow\">\n<figure class=\"wp-block-image size-full is-resized\"><img loading=\"lazy\" decoding=\"async\" src=\"https:\/\/www.raum-blick.de\/magazin\/wp-content\/uploads\/2024\/01\/VLUV-LEIV_Sitzball_ambienteh5PQ85xOkeoSJ_200x200@2x.jpg\" alt=\"Farbige Sitzb\u00e4lle von VLUV\" class=\"wp-image-19163\" width=\"400\" height=\"400\" title=\"\" srcset=\"https:\/\/raum-blick.de\/magazin\/wp-content\/uploads\/2024\/01\/VLUV-LEIV_Sitzball_ambienteh5PQ85xOkeoSJ_200x200@2x.jpg 400w, https:\/\/raum-blick.de\/magazin\/wp-content\/uploads\/2024\/01\/VLUV-LEIV_Sitzball_ambienteh5PQ85xOkeoSJ_200x200@2x-300x300.jpg 300w, https:\/\/raum-blick.de\/magazin\/wp-content\/uploads\/2024\/01\/VLUV-LEIV_Sitzball_ambienteh5PQ85xOkeoSJ_200x200@2x-150x150.jpg 150w\" sizes=\"(max-width: 400px) 100vw, 400px\" \/><figcaption class=\"wp-element-caption\"><em><a href=\"https:\/\/www.raum-blick.de\/vluv\/\">VLUV<\/a> wei\u00df, was einen guten Sitzball ausmacht und wie man ihn noch dazu gut aussehen l\u00e4sst. Die ergonomisch perfekte B\u00fcrostuhl-Alternative f\u00fcr einen gesunden R\u00fccken. <\/em><\/figcaption><\/figure>\n<\/div>\n<\/div>\n<\/div>\n<\/div>\n\n\n\n<div class=\"wp-block-columns is-layout-flex wp-container-core-columns-is-layout-9d6595d7 wp-block-columns-is-layout-flex\">\n<div class=\"wp-block-column is-layout-flow wp-block-column-is-layout-flow\">\n<figure class=\"wp-block-image size-full\"><img loading=\"lazy\" decoding=\"async\" width=\"400\" height=\"400\" src=\"https:\/\/www.raum-blick.de\/magazin\/wp-content\/uploads\/2024\/01\/pols-potten-roman-vase-morning-wohnzimmer_95173_200x200@2x.jpg\" alt=\"Trend 2024 Colours: Vasenset von Pls Potten.\" class=\"wp-image-19151\" title=\"\" srcset=\"https:\/\/raum-blick.de\/magazin\/wp-content\/uploads\/2024\/01\/pols-potten-roman-vase-morning-wohnzimmer_95173_200x200@2x.jpg 400w, https:\/\/raum-blick.de\/magazin\/wp-content\/uploads\/2024\/01\/pols-potten-roman-vase-morning-wohnzimmer_95173_200x200@2x-300x300.jpg 300w, https:\/\/raum-blick.de\/magazin\/wp-content\/uploads\/2024\/01\/pols-potten-roman-vase-morning-wohnzimmer_95173_200x200@2x-150x150.jpg 150w\" sizes=\"(max-width: 400px) 100vw, 400px\" \/><figcaption class=\"wp-element-caption\"><em>Ein handgefertigtes <a href=\"https:\/\/www.raum-blick.de\/pols-potten\/\">Vasenset<\/a> inspiriert von den R\u00f6mern und in den Trend-Farben der Saison. Pols Potten hat einfach ein H\u00e4ndchen f\u00fcr die perfekte Balance aus Antike und Moderne.<\/em><\/figcaption><\/figure>\n<\/div>\n\n\n\n<div class=\"wp-block-column is-layout-flow wp-block-column-is-layout-flow\">\n<figure class=\"wp-block-image size-full\"><img loading=\"lazy\" decoding=\"async\" width=\"400\" height=\"400\" src=\"https:\/\/www.raum-blick.de\/magazin\/wp-content\/uploads\/2024\/01\/umage-time-flies-stuhl-chrome-curry-sun-tangerine-summer-shine_86773_200x200@2x.jpg\" alt=\"Farbe f\u00fcrs Esszimmer: Time Flies St\u00fchle von UMAGE\" class=\"wp-image-19156\" title=\"\" srcset=\"https:\/\/raum-blick.de\/magazin\/wp-content\/uploads\/2024\/01\/umage-time-flies-stuhl-chrome-curry-sun-tangerine-summer-shine_86773_200x200@2x.jpg 400w, https:\/\/raum-blick.de\/magazin\/wp-content\/uploads\/2024\/01\/umage-time-flies-stuhl-chrome-curry-sun-tangerine-summer-shine_86773_200x200@2x-300x300.jpg 300w, https:\/\/raum-blick.de\/magazin\/wp-content\/uploads\/2024\/01\/umage-time-flies-stuhl-chrome-curry-sun-tangerine-summer-shine_86773_200x200@2x-150x150.jpg 150w\" sizes=\"(max-width: 400px) 100vw, 400px\" \/><figcaption class=\"wp-element-caption\"><em>Curry, tangerine und summer shine \u2013 die <a href=\"https:\/\/www.raum-blick.de\/umage-moebel\/\">Time Flies St\u00fchle von UMAGE <\/a>bringen Farbe ins Esszimmer und sind dabei skandinavisch-l\u00e4ssig und bequem zugleich.<\/em><\/figcaption><\/figure>\n<\/div>\n<\/div>\n\n\n\n<h3 class=\"wp-block-heading\"><span class=\"ez-toc-section\" id=\"Trend_2_Let_it_glow\"><\/span>Trend 2: Let it glow!<span class=\"ez-toc-section-end\"><\/span><\/h3>\n\n\n\n<p>2024 darf es in Sachen Oberfl\u00e4chen blinken und blitzen. Das gilt f\u00fcr M\u00f6bel genauso wie f\u00fcr Deko-Objekte. Und wo die letzten Jahre noch Gold angesagt war, ist jetzt Chrom der absolute Liebling der Designer, wenn es um den sogenannten \u201eShiny Look&#8220; geht. Sieht nicht nur einfach schick aus, sondern macht auch alles gleich noch ein bisschen lebendiger. Damit ist sind der makellose Charme und der Hightech-Stil der 70er und 80er zur\u00fcck und Metalle, Kupfer und Chrom haben wieder Hochkonjunktur. Einfach cool, dieses Comeback des Industrial Minimalism!<\/p>\n\n\n\n<div class=\"wp-block-columns is-layout-flex wp-container-core-columns-is-layout-9d6595d7 wp-block-columns-is-layout-flex\">\n<div class=\"wp-block-column is-layout-flow wp-block-column-is-layout-flow\">\n<figure class=\"wp-block-image size-full\"><img loading=\"lazy\" decoding=\"async\" width=\"400\" height=\"400\" src=\"https:\/\/www.raum-blick.de\/magazin\/wp-content\/uploads\/2024\/01\/philippi-margeaux-vase-edelstahl_811143SNxXpbJsU2Is_200x200@2x.jpg\" alt=\"Trend 2024 Glow: Vase Margeaux von Philippi\" class=\"wp-image-19180\" title=\"\" srcset=\"https:\/\/raum-blick.de\/magazin\/wp-content\/uploads\/2024\/01\/philippi-margeaux-vase-edelstahl_811143SNxXpbJsU2Is_200x200@2x.jpg 400w, https:\/\/raum-blick.de\/magazin\/wp-content\/uploads\/2024\/01\/philippi-margeaux-vase-edelstahl_811143SNxXpbJsU2Is_200x200@2x-300x300.jpg 300w, https:\/\/raum-blick.de\/magazin\/wp-content\/uploads\/2024\/01\/philippi-margeaux-vase-edelstahl_811143SNxXpbJsU2Is_200x200@2x-150x150.jpg 150w\" sizes=\"(max-width: 400px) 100vw, 400px\" \/><figcaption class=\"wp-element-caption\"><em><a href=\"https:\/\/www.raum-blick.de\/philippi\/\">Philippi Margeaux<\/a> \u2013 diese handgefertigte Vase aus hochglanzpoliertem Edelstahl ist ein gl\u00e4nzender Partner f\u00fcr Schnittblumen und der Fixpunkt jeder Einrichtung. <\/em><\/figcaption><\/figure>\n<\/div>\n\n\n\n<div class=\"wp-block-column is-layout-flow wp-block-column-is-layout-flow\">\n<figure class=\"wp-block-image size-full\"><img loading=\"lazy\" decoding=\"async\" width=\"400\" height=\"400\" src=\"https:\/\/www.raum-blick.de\/magazin\/wp-content\/uploads\/2024\/01\/Fly-ambiente-bild-26ZPa8Zzwo699P_200x200@2x.jpg\" alt=\"Kartell Pendelleuchte FL\/Y\" class=\"wp-image-19152\" title=\"\" srcset=\"https:\/\/raum-blick.de\/magazin\/wp-content\/uploads\/2024\/01\/Fly-ambiente-bild-26ZPa8Zzwo699P_200x200@2x.jpg 400w, https:\/\/raum-blick.de\/magazin\/wp-content\/uploads\/2024\/01\/Fly-ambiente-bild-26ZPa8Zzwo699P_200x200@2x-300x300.jpg 300w, https:\/\/raum-blick.de\/magazin\/wp-content\/uploads\/2024\/01\/Fly-ambiente-bild-26ZPa8Zzwo699P_200x200@2x-150x150.jpg 150w\" sizes=\"(max-width: 400px) 100vw, 400px\" \/><figcaption class=\"wp-element-caption\"><em>Eine Pendelleuchte, die an eine Seifenblase im Sonnenlicht erinnert \u2013 <a href=\"https:\/\/www.raum-blick.de\/kartell-lampen\/\">FL\/Y von Kartell<\/a> ist aufregend, dekorativ und ein wunderbares Beispiel f\u00fcr italienisches Design.<\/em><\/figcaption><\/figure>\n<\/div>\n<\/div>\n\n\n\n<div class=\"wp-block-columns is-layout-flex wp-container-core-columns-is-layout-9d6595d7 wp-block-columns-is-layout-flex\">\n<div class=\"wp-block-column is-layout-flow wp-block-column-is-layout-flow\">\n<figure class=\"wp-block-image size-full\"><img loading=\"lazy\" decoding=\"async\" width=\"400\" height=\"400\" src=\"https:\/\/www.raum-blick.de\/magazin\/wp-content\/uploads\/2024\/01\/Ambiente-Shop-2_200x200@2x.jpg\" alt=\"Trend 2024 Glow: ein strahlender Hoptimist in Chrom\" class=\"wp-image-19153\" title=\"\" srcset=\"https:\/\/raum-blick.de\/magazin\/wp-content\/uploads\/2024\/01\/Ambiente-Shop-2_200x200@2x.jpg 400w, https:\/\/raum-blick.de\/magazin\/wp-content\/uploads\/2024\/01\/Ambiente-Shop-2_200x200@2x-300x300.jpg 300w, https:\/\/raum-blick.de\/magazin\/wp-content\/uploads\/2024\/01\/Ambiente-Shop-2_200x200@2x-150x150.jpg 150w\" sizes=\"(max-width: 400px) 100vw, 400px\" \/><figcaption class=\"wp-element-caption\"><em>Auch die Hoptimist-Tischleuchte zeigt sich jetzt in trendigem Chrom und verspr\u00fcht jede Menge positive Vibes. Die D\u00e4nen wissen einfach, wie das geht!<\/em><\/figcaption><\/figure>\n<\/div>\n\n\n\n<div class=\"wp-block-column is-layout-flow wp-block-column-is-layout-flow\">\n<figure class=\"wp-block-image size-full\"><img loading=\"lazy\" decoding=\"async\" width=\"400\" height=\"400\" src=\"https:\/\/www.raum-blick.de\/magazin\/wp-content\/uploads\/2024\/01\/mueller-huk-tisch-schwarz-ablage_71217_200x200@2x.jpg\" alt=\"Multifunktionelles M\u00f6bel mit Industrial Charme: Hut von M\u00fcller Small Living\" class=\"wp-image-19160\" title=\"\" srcset=\"https:\/\/raum-blick.de\/magazin\/wp-content\/uploads\/2024\/01\/mueller-huk-tisch-schwarz-ablage_71217_200x200@2x.jpg 400w, https:\/\/raum-blick.de\/magazin\/wp-content\/uploads\/2024\/01\/mueller-huk-tisch-schwarz-ablage_71217_200x200@2x-300x300.jpg 300w, https:\/\/raum-blick.de\/magazin\/wp-content\/uploads\/2024\/01\/mueller-huk-tisch-schwarz-ablage_71217_200x200@2x-150x150.jpg 150w\" sizes=\"(max-width: 400px) 100vw, 400px\" \/><figcaption class=\"wp-element-caption\">Zeitungsst\u00e4nder oder Beistelltisch \u2013 <a href=\"https:\/\/www.raum-blick.de\/mueller-small-living\/\">Huk von M\u00fcller Small Living<\/a> ist beides und l\u00e4sst sich dank seiner pulverbeschichteten Aluminiumlegierung sogar Outdoor verwenden. Das ist industrieller Minimalismus pur!<\/figcaption><\/figure>\n<\/div>\n<\/div>\n\n\n\n<h3 class=\"wp-block-heading\"><span class=\"ez-toc-section\" id=\"Trend_3_Love_curvy\"><\/span>Trend 3: Love curvy!<span class=\"ez-toc-section-end\"><\/span><\/h3>\n\n\n\n<p>Im Moment kann es bei Sesseln und Sofas nicht rund genug sein. Kein Wunder, bedeuten lauft Feng-Shui organische Rundungen doch, dass hier die Lebensenergie harmonischer entlangflie\u00dfen kann als an Ecken und Kanten. Dieser Trend macht sich im Interior-Design schon l\u00e4nger breit und er ist gekommen, um zu bleiben. Jetzt greift er auch auf Hocker und Tische \u00fcber und selbst Kissen zeigen sich mehr curvy denn je. Der anfangs so sp\u00f6ttisch bel\u00e4chelte \u201eNackenrollen\u201c-Trend l\u00e4sst eben doch alles im Fluss sein. <\/p>\n\n\n\n<div class=\"wp-block-columns is-layout-flex wp-container-core-columns-is-layout-9d6595d7 wp-block-columns-is-layout-flex\">\n<div class=\"wp-block-column is-layout-flow wp-block-column-is-layout-flow\">\n<figure class=\"wp-block-image size-full\"><img loading=\"lazy\" decoding=\"async\" width=\"400\" height=\"400\" src=\"https:\/\/www.raum-blick.de\/magazin\/wp-content\/uploads\/2024\/01\/montholon-3-seater-bosa-col-04-wendelbo-sofa_94495_200x200@2x.jpg\" alt=\"Trend 2024 curvy: Montholon von Wendelbo ist einfach rundum gelungen\" class=\"wp-image-19173\" title=\"\" srcset=\"https:\/\/raum-blick.de\/magazin\/wp-content\/uploads\/2024\/01\/montholon-3-seater-bosa-col-04-wendelbo-sofa_94495_200x200@2x.jpg 400w, https:\/\/raum-blick.de\/magazin\/wp-content\/uploads\/2024\/01\/montholon-3-seater-bosa-col-04-wendelbo-sofa_94495_200x200@2x-300x300.jpg 300w, https:\/\/raum-blick.de\/magazin\/wp-content\/uploads\/2024\/01\/montholon-3-seater-bosa-col-04-wendelbo-sofa_94495_200x200@2x-150x150.jpg 150w\" sizes=\"(max-width: 400px) 100vw, 400px\" \/><figcaption class=\"wp-element-caption\"><em>Schon der Anblick dieses gem\u00fctlichen Design-Sofas beruhigt und entspannt einen. Und wenn Sie erst draufsitzen, werden sie den Montholon 2,5-Sitzer von Wendelbo gleich noch mehr lieben. <\/em><\/figcaption><\/figure>\n<\/div>\n\n\n\n<div class=\"wp-block-column is-layout-flow wp-block-column-is-layout-flow\">\n<figure class=\"wp-block-image size-full\"><img loading=\"lazy\" decoding=\"async\" width=\"400\" height=\"400\" src=\"https:\/\/www.raum-blick.de\/magazin\/wp-content\/uploads\/2024\/01\/ferm-living-buur-lounge-chair-boucle-wohnzimmer_96163_200x200@2x.jpg\" alt=\"Der Buur Lounge Chair von ferm LIVING bringt Eleganz und Komfort wunderbar in Einklang.\" class=\"wp-image-19172\" title=\"\" srcset=\"https:\/\/raum-blick.de\/magazin\/wp-content\/uploads\/2024\/01\/ferm-living-buur-lounge-chair-boucle-wohnzimmer_96163_200x200@2x.jpg 400w, https:\/\/raum-blick.de\/magazin\/wp-content\/uploads\/2024\/01\/ferm-living-buur-lounge-chair-boucle-wohnzimmer_96163_200x200@2x-300x300.jpg 300w, https:\/\/raum-blick.de\/magazin\/wp-content\/uploads\/2024\/01\/ferm-living-buur-lounge-chair-boucle-wohnzimmer_96163_200x200@2x-150x150.jpg 150w\" sizes=\"(max-width: 400px) 100vw, 400px\" \/><figcaption class=\"wp-element-caption\"><em>Elegant, komfortabel und aus kuschelweichem, angesagtem Boucl\u00e9: der <a href=\"https:\/\/www.raum-blick.de\/ferm-living-moebel\/\">Buur Lounge Chair von ferm LIVING<\/a>. Inspiriert vom Vintage-Stil und mit geschwungenen Armlehnen aus dunkler Eiche wertet er jede Einrichtung auf.<\/em><\/figcaption><\/figure>\n<\/div>\n<\/div>\n\n\n\n<div class=\"wp-block-columns is-layout-flex wp-container-core-columns-is-layout-9d6595d7 wp-block-columns-is-layout-flex\">\n<div class=\"wp-block-column is-layout-flow wp-block-column-is-layout-flow\">\n<figure class=\"wp-block-image size-full\"><img loading=\"lazy\" decoding=\"async\" width=\"400\" height=\"400\" src=\"https:\/\/www.raum-blick.de\/magazin\/wp-content\/uploads\/2024\/01\/metallbude-livia-couchtisch-schwarz-wohnzimmer_96944_200x200@2x.jpg\" alt=\"Trend 2024 curvy: der Livia Couchtisch von Metallbude\" class=\"wp-image-19158\" title=\"\" srcset=\"https:\/\/raum-blick.de\/magazin\/wp-content\/uploads\/2024\/01\/metallbude-livia-couchtisch-schwarz-wohnzimmer_96944_200x200@2x.jpg 400w, https:\/\/raum-blick.de\/magazin\/wp-content\/uploads\/2024\/01\/metallbude-livia-couchtisch-schwarz-wohnzimmer_96944_200x200@2x-300x300.jpg 300w, https:\/\/raum-blick.de\/magazin\/wp-content\/uploads\/2024\/01\/metallbude-livia-couchtisch-schwarz-wohnzimmer_96944_200x200@2x-150x150.jpg 150w\" sizes=\"(max-width: 400px) 100vw, 400px\" \/><figcaption class=\"wp-element-caption\"><em>Schmale Kanten und bogenf\u00f6rmige Beine, die nahtlos mit der Tischplatte verschwei\u00dft sind: Der <a href=\"https:\/\/www.raum-blick.de\/metallbude\/\">Livia Couchtisch von Metallbude<\/a> bringt mit seinen sanften Rundungen einen Hauch Fernost in ihr Wohnzimmer und scheint fast schon zu schweben. <\/em><\/figcaption><\/figure>\n<\/div>\n\n\n\n<div class=\"wp-block-column is-layout-flow wp-block-column-is-layout-flow\">\n<figure class=\"wp-block-image size-full\"><img loading=\"lazy\" decoding=\"async\" width=\"400\" height=\"400\" src=\"https:\/\/www.raum-blick.de\/magazin\/wp-content\/uploads\/2024\/01\/storefactory-stravalla-vase_77165_200x200@2x.jpg\" alt=\"Eine Blumenvase wie sie sch\u00f6ner nicht sein k\u00f6nnte: Str\u00e5valla von Storefactory.\" class=\"wp-image-19190\" title=\"\" srcset=\"https:\/\/raum-blick.de\/magazin\/wp-content\/uploads\/2024\/01\/storefactory-stravalla-vase_77165_200x200@2x.jpg 400w, https:\/\/raum-blick.de\/magazin\/wp-content\/uploads\/2024\/01\/storefactory-stravalla-vase_77165_200x200@2x-300x300.jpg 300w, https:\/\/raum-blick.de\/magazin\/wp-content\/uploads\/2024\/01\/storefactory-stravalla-vase_77165_200x200@2x-150x150.jpg 150w\" sizes=\"(max-width: 400px) 100vw, 400px\" \/><figcaption class=\"wp-element-caption\"><em><a href=\"https:\/\/www.raum-blick.de\/storefactory\/\">Str\u00e5valla von Storefactory<\/a> punktet mit L\u00e4ngsrillen und ihrer markanten Form. Diese handgemachte Vase aus mattierter Keramik ist mit und ohne Blumen ein wundersch\u00f6ner Blickfang in Ihrer Wohnung.<\/em><\/figcaption><\/figure>\n<\/div>\n<\/div>\n\n\n\n<h3 class=\"wp-block-heading\"><span class=\"ez-toc-section\" id=\"Trend_4_More_vases\"><\/span>Trend 4: More vases!<span class=\"ez-toc-section-end\"><\/span><\/h3>\n\n\n\n<p>Vasen, Vasen und noch mal Vasen. F\u00fcr uns derzeit der absolute Liebling. In allen Formen und vor allem Farben. Von zartem Pastell bis auffallend knallig, von schlicht bis skulptural, mit oder ohne Blumen. Dieses Deko-Objekt macht einfach \u00fcberall eine gute Figur: auf dem Coffee Table, dem Nachttisch, dem K\u00fcchentresen oder dem Fenstersims. Wir lieben ihren Minimalismus, ihre Formensprache und ihre Einzigartigkeit. Lassen Sie sich anstecken von diesen kleinen, gro\u00dfen, vielseitigen Lieblingsort-Machern!<\/p>\n\n\n\n<div class=\"wp-block-columns is-layout-flex wp-container-core-columns-is-layout-9d6595d7 wp-block-columns-is-layout-flex\">\n<div class=\"wp-block-column is-layout-flow wp-block-column-is-layout-flow\">\n<figure class=\"wp-block-image size-full\"><img loading=\"lazy\" decoding=\"async\" width=\"400\" height=\"400\" src=\"https:\/\/www.raum-blick.de\/magazin\/wp-content\/uploads\/2024\/01\/jonathan-adler-vase-balloon_62122_200x200@2x.jpg\" alt=\"Trend 2024 Vasen: die extravagante Balloon von Jonathan Adler\" class=\"wp-image-19188\" title=\"\" srcset=\"https:\/\/raum-blick.de\/magazin\/wp-content\/uploads\/2024\/01\/jonathan-adler-vase-balloon_62122_200x200@2x.jpg 400w, https:\/\/raum-blick.de\/magazin\/wp-content\/uploads\/2024\/01\/jonathan-adler-vase-balloon_62122_200x200@2x-300x300.jpg 300w, https:\/\/raum-blick.de\/magazin\/wp-content\/uploads\/2024\/01\/jonathan-adler-vase-balloon_62122_200x200@2x-150x150.jpg 150w\" sizes=\"(max-width: 400px) 100vw, 400px\" \/><figcaption class=\"wp-element-caption\"><em>Jonathan Adler steht f\u00fcr Modern American Glamour und das unterstreicht auch die von der Natur inspirierte Vase <a href=\"https:\/\/www.raum-blick.de\/jonathan-adler\/\">Balloon<\/a>. Es gibt sie in drei verschiedenen Gr\u00f6\u00dfen und jedes St\u00fcck ist ein handgefertigtes Unikat. <\/em><\/figcaption><\/figure>\n<\/div>\n\n\n\n<div class=\"wp-block-column is-layout-flow wp-block-column-is-layout-flow\">\n<figure class=\"wp-block-image size-full\"><img loading=\"lazy\" decoding=\"async\" width=\"400\" height=\"400\" src=\"https:\/\/www.raum-blick.de\/magazin\/wp-content\/uploads\/2024\/01\/vase-mathura-butter-brown-guaxs_80984_200x200@2x.jpg\" alt=\"Wundersch\u00f6n, einzigartig und dazu noch nachhaltig: die Mathura von GUAXS.\" class=\"wp-image-19178\" title=\"\" srcset=\"https:\/\/raum-blick.de\/magazin\/wp-content\/uploads\/2024\/01\/vase-mathura-butter-brown-guaxs_80984_200x200@2x.jpg 400w, https:\/\/raum-blick.de\/magazin\/wp-content\/uploads\/2024\/01\/vase-mathura-butter-brown-guaxs_80984_200x200@2x-300x300.jpg 300w, https:\/\/raum-blick.de\/magazin\/wp-content\/uploads\/2024\/01\/vase-mathura-butter-brown-guaxs_80984_200x200@2x-150x150.jpg 150w\" sizes=\"(max-width: 400px) 100vw, 400px\" \/><figcaption class=\"wp-element-caption\"><em>Die Mathura ist ein Klassiker im Repertoire des deutschen Herstellers <a href=\"https:\/\/www.raum-blick.de\/guaxs\/\">GUAXS<\/a>, der in kleinen Glasmanufakturen fertigen l\u00e4sst. Jede Vase ist mundgeblasen und aufw\u00e4ndig handgeschliffen.  <\/em><\/figcaption><\/figure>\n<\/div>\n<\/div>\n\n\n\n<div class=\"wp-block-columns is-layout-flex wp-container-core-columns-is-layout-9d6595d7 wp-block-columns-is-layout-flex\">\n<div class=\"wp-block-column is-layout-flow wp-block-column-is-layout-flow\">\n<figure class=\"wp-block-image size-full\"><img loading=\"lazy\" decoding=\"async\" width=\"400\" height=\"400\" src=\"https:\/\/www.raum-blick.de\/magazin\/wp-content\/uploads\/2024\/01\/skogsberg-hurricane-mini-vase-coral-blue-blumen_92799_200x200@2x.jpg\" alt=\"Trend 2024 Vasen: die Hurricane von Skogsberg ist eine Reminiszenz an die 70er\" class=\"wp-image-19186\" title=\"\" srcset=\"https:\/\/raum-blick.de\/magazin\/wp-content\/uploads\/2024\/01\/skogsberg-hurricane-mini-vase-coral-blue-blumen_92799_200x200@2x.jpg 400w, https:\/\/raum-blick.de\/magazin\/wp-content\/uploads\/2024\/01\/skogsberg-hurricane-mini-vase-coral-blue-blumen_92799_200x200@2x-300x300.jpg 300w, https:\/\/raum-blick.de\/magazin\/wp-content\/uploads\/2024\/01\/skogsberg-hurricane-mini-vase-coral-blue-blumen_92799_200x200@2x-150x150.jpg 150w\" sizes=\"(max-width: 400px) 100vw, 400px\" \/><figcaption class=\"wp-element-caption\"><em>Die <a href=\"https:\/\/www.raum-blick.de\/skogsberg\/\">Hurricane von Skogsberg <\/a>in coral blue verbreitet herrliches 70er-Retro-Flair in jedem Raum. Und ihre Bubbles tauchen die Umgebung in schimmerndes Licht. Nat\u00fcrlich ist die Vase mundgeblasen. <\/em><\/figcaption><\/figure>\n<\/div>\n\n\n\n<div class=\"wp-block-column is-layout-flow wp-block-column-is-layout-flow\">\n<figure class=\"wp-block-image size-full\"><img loading=\"lazy\" decoding=\"async\" width=\"400\" height=\"400\" src=\"https:\/\/www.raum-blick.de\/magazin\/wp-content\/uploads\/2024\/01\/raeder-freiform-vase-ruhe-ambiente-uebersicht_86084GMUSTEXhSNgxg_200x200@2x.jpg\" alt=\"Freiform von R\u00e4der Design: Vasenset, das mit mattem und gl\u00e4nzendem Porzellan neue Strukturen schafft.\" class=\"wp-image-19177\" title=\"\" srcset=\"https:\/\/raum-blick.de\/magazin\/wp-content\/uploads\/2024\/01\/raeder-freiform-vase-ruhe-ambiente-uebersicht_86084GMUSTEXhSNgxg_200x200@2x.jpg 400w, https:\/\/raum-blick.de\/magazin\/wp-content\/uploads\/2024\/01\/raeder-freiform-vase-ruhe-ambiente-uebersicht_86084GMUSTEXhSNgxg_200x200@2x-300x300.jpg 300w, https:\/\/raum-blick.de\/magazin\/wp-content\/uploads\/2024\/01\/raeder-freiform-vase-ruhe-ambiente-uebersicht_86084GMUSTEXhSNgxg_200x200@2x-150x150.jpg 150w\" sizes=\"(max-width: 400px) 100vw, 400px\" \/><figcaption class=\"wp-element-caption\"><em>Ein Set aus 3 Vasen, gepr\u00e4gt von organischen Formen, das ist <a href=\"https:\/\/www.raum-blick.de\/raeder-design\/\">Freiform von R\u00e4der Design<\/a>. Durch das Spiel aus mattem und gl\u00e4nzendem Porzellan entstehen ganz neue Strukturen. Ein Trio, an dem Sie lange Ihre Freude haben werden.<\/em><\/figcaption><\/figure>\n<\/div>\n<\/div>\n\n\n\n<p>Sie sehen, es gibt viel zu entdecken in diesem neuen, noch jungen Jahr. Dazu geh\u00f6ren auch unsere Aktions- und Rabattaktionen. Denn die sch\u00f6nen Dinge des Lebens d\u00fcrfen ja gerne auch mal ein wenig g\u00fcnstiger zu haben sein. Deshalb: Reinklicken lohnt sich \u2013 so oder so!<\/p>\n","protected":false},"excerpt":{"rendered":"<p>\u00ab Neues Jahr, neue Styles \u00bb Jung, frisch und unverbraucht, so sind nicht nur die ersten Wochen des Jahres 2024, sondern auch die Interior-Trends, die uns in den kommenden Monaten erwarten: von XL bis Retro, von Naturt\u00f6nen bis knallbunt, von organischen Rundungen bis zu industriellem Minimalismus. Es wird verspielt, fr\u00f6hlich-schrill und mit \u201eCaf\u00e9core\u201c ziehen die [&hellip;]<\/p>\n","protected":false},"author":4,"featured_media":19189,"comment_status":"closed","ping_status":"open","sticky":false,"template":"","format":"standard","meta":{"_et_pb_use_builder":"","_et_pb_old_content":"","_et_gb_content_width":"","inline_featured_image":false,"footnotes":""},"categories":[7,1],"tags":[668,1433,2175,1525,1847,206,359,1531,1532,410,788,2174,1317,1322,746,1835,2179,1179,2177,1732,2176,1001,985,1281,1939,1660,2173,935,146,348,2178],"class_list":["post-19142","post","type-post","status-publish","format-standard","has-post-thumbnail","hentry","category-accessoires-lifestyle","category-drinnen","tag-bodenvasen","tag-dekovasen","tag-dopamin-style","tag-esszimmerstuhl","tag-farbige-vasen","tag-ferm-living","tag-glasvasen","tag-guaxs","tag-guaxs-vasen","tag-hoptimist","tag-industrial-style","tag-interior-trends","tag-jonathan-adler","tag-jonathan-adler-vasen","tag-kartell","tag-kartell-fly-pendelleuchte","tag-metallbude","tag-metallmoebel","tag-mueller-small-living","tag-philippi","tag-pols-potten","tag-raeder","tag-raeder-design","tag-sitzball-von-vluv","tag-skogsberg-smart","tag-storefactory","tag-trends-2024","tag-umage","tag-vasen","tag-vluv","tag-wendelbo"],"_links":{"self":[{"href":"https:\/\/raum-blick.de\/magazin\/wp-json\/wp\/v2\/posts\/19142","targetHints":{"allow":["GET"]}}],"collection":[{"href":"https:\/\/raum-blick.de\/magazin\/wp-json\/wp\/v2\/posts"}],"about":[{"href":"https:\/\/raum-blick.de\/magazin\/wp-json\/wp\/v2\/types\/post"}],"author":[{"embeddable":true,"href":"https:\/\/raum-blick.de\/magazin\/wp-json\/wp\/v2\/users\/4"}],"replies":[{"embeddable":true,"href":"https:\/\/raum-blick.de\/magazin\/wp-json\/wp\/v2\/comments?post=19142"}],"version-history":[{"count":34,"href":"https:\/\/raum-blick.de\/magazin\/wp-json\/wp\/v2\/posts\/19142\/revisions"}],"predecessor-version":[{"id":20008,"href":"https:\/\/raum-blick.de\/magazin\/wp-json\/wp\/v2\/posts\/19142\/revisions\/20008"}],"wp:featuredmedia":[{"embeddable":true,"href":"https:\/\/raum-blick.de\/magazin\/wp-json\/wp\/v2\/media\/19189"}],"wp:attachment":[{"href":"https:\/\/raum-blick.de\/magazin\/wp-json\/wp\/v2\/media?parent=19142"}],"wp:term":[{"taxonomy":"category","embeddable":true,"href":"https:\/\/raum-blick.de\/magazin\/wp-json\/wp\/v2\/categories?post=19142"},{"taxonomy":"post_tag","embeddable":true,"href":"https:\/\/raum-blick.de\/magazin\/wp-json\/wp\/v2\/tags?post=19142"}],"curies":[{"name":"wp","href":"https:\/\/api.w.org\/{rel}","templated":true}]}}