{"id":19072,"date":"2024-01-22T18:16:52","date_gmt":"2024-01-22T17:16:52","guid":{"rendered":"https:\/\/www.raum-blick.de\/magazin\/?p=19072"},"modified":"2024-03-25T18:04:59","modified_gmt":"2024-03-25T17:04:59","slug":"tischdeko-weihnachten-festlich","status":"publish","type":"post","link":"https:\/\/raum-blick.de\/magazin\/tischdeko-weihnachten-festlich\/","title":{"rendered":"Tischdeko Weihnachten: 5 festliche Lieblinge"},"content":{"rendered":"\n<h2 class=\"wp-block-heading\"><span class=\"ez-toc-section\" id=\"%C2%AB_So_ist_auch_die_Tafel_stilvoll_geschmueckt_%C2%BB\"><\/span>\u00ab So ist auch die Tafel stilvoll geschm\u00fcckt \u00bb<span class=\"ez-toc-section-end\"><\/span><\/h2>\n\n\n\n<p><strong>Die Frage \u201eWas kommt auf den Tisch?&#8220; ist an Weihnachten nicht nur f\u00fcrs Essen h\u00f6chst relevant, denn mit der entsprechenden Tischdeko schmeckt das Auf-dem-Teller gleich noch mal so gut. Und weil es uns da genauso geht wie Ihnen, haben wir hier unsere 5 liebsten Shop-Deko-Hightlights f\u00fcr den Weihnachtstisch zusammengestellt. Denn ja, es darf opulent sein am Heiligen Abend und in diesem Fall ist mehr einfach mehr. F\u00fcr den edlen \u201eGlamour&#8220; sorgen Gold- und Silberakzente, dazu ein Hauch Nat\u00fcrlichkeit und feurige W\u00e4rme, das sind unsere diesj\u00e4hrigen Zutaten f\u00fcr die stimmungsvolle Festtags-Tischdeko.  <\/strong><\/p>\n\n\n\n<h2 class=\"wp-block-heading\"><span class=\"ez-toc-section\" id=\"Aufgetischt_Was_jetzt_bei_der_Tischdeko_an_Weihnachten_IN_ist\"><\/span>Aufgetischt: Was jetzt bei der Tischdeko an Weihnachten IN ist<span class=\"ez-toc-section-end\"><\/span><\/h2>\n\n\n\n<p>Weihnachten ist Magie, Weihnachten ist Familie, Weihnachten ist Entschleunigung und doch ist kein Weihnachten wie das andere. Jedes folgt seinen eigenen Regeln \u2013 auch bei der Tischdeko. Die wartet in dieser Saison mit ganz viel Gem\u00fctlichkeit und Nostalgie auf. Auf der weihnachtlichen Tafel geht&#8217;s wahlweise klassisch Rot-Gr\u00fcn, verspielt Erdbeerrot-Rosa oder minimalistisch Schwarz-Wei\u00df-Gold zu. Aber egal, ob Sie zu denen geh\u00f6ren, die jedes Jahr alles \u00e4ndern oder zu denen, die es lieber traditionell m\u00f6gen, oft reicht schon ein kleines Detail wie verziertes Geschirr, eine gemusterte Tischdecke oder auch nur neue Gl\u00e4ser, um eine andere, neue Stimmung zu kreieren.<\/p><div id=\"ez-toc-container\" class=\"ez-toc-v2_0_82_2 counter-hierarchy ez-toc-counter ez-toc-grey ez-toc-container-direction\">\n<div class=\"ez-toc-title-container\">\n<p class=\"ez-toc-title\" style=\"cursor:inherit\">Was hier auf Sie wartet<\/p>\n<span class=\"ez-toc-title-toggle\"><a href=\"#\" class=\"ez-toc-pull-right ez-toc-btn ez-toc-btn-xs ez-toc-btn-default ez-toc-toggle\" aria-label=\"Toggle Table of Content\"><span class=\"ez-toc-js-icon-con\"><span class=\"\"><span class=\"eztoc-hide\" style=\"display:none;\">Toggle<\/span><span class=\"ez-toc-icon-toggle-span\"><svg style=\"fill: #999;color:#999\" xmlns=\"http:\/\/www.w3.org\/2000\/svg\" class=\"list-377408\" width=\"20px\" height=\"20px\" viewBox=\"0 0 24 24\" fill=\"none\"><path d=\"M6 6H4v2h2V6zm14 0H8v2h12V6zM4 11h2v2H4v-2zm16 0H8v2h12v-2zM4 16h2v2H4v-2zm16 0H8v2h12v-2z\" fill=\"currentColor\"><\/path><\/svg><svg style=\"fill: #999;color:#999\" class=\"arrow-unsorted-368013\" xmlns=\"http:\/\/www.w3.org\/2000\/svg\" width=\"10px\" height=\"10px\" viewBox=\"0 0 24 24\" version=\"1.2\" baseProfile=\"tiny\"><path d=\"M18.2 9.3l-6.2-6.3-6.2 6.3c-.2.2-.3.4-.3.7s.1.5.3.7c.2.2.4.3.7.3h11c.3 0 .5-.1.7-.3.2-.2.3-.5.3-.7s-.1-.5-.3-.7zM5.8 14.7l6.2 6.3 6.2-6.3c.2-.2.3-.5.3-.7s-.1-.5-.3-.7c-.2-.2-.4-.3-.7-.3h-11c-.3 0-.5.1-.7.3-.2.2-.3.5-.3.7s.1.5.3.7z\"\/><\/svg><\/span><\/span><\/span><\/a><\/span><\/div>\n<nav><ul class='ez-toc-list ez-toc-list-level-1 ' ><li class='ez-toc-page-1 ez-toc-heading-level-2'><a class=\"ez-toc-link ez-toc-heading-1\" href=\"https:\/\/raum-blick.de\/magazin\/tischdeko-weihnachten-festlich\/#%C2%AB_So_ist_auch_die_Tafel_stilvoll_geschmueckt_%C2%BB\" >\u00ab So ist auch die Tafel stilvoll geschm\u00fcckt \u00bb<\/a><\/li><li class='ez-toc-page-1 ez-toc-heading-level-2'><a class=\"ez-toc-link ez-toc-heading-2\" href=\"https:\/\/raum-blick.de\/magazin\/tischdeko-weihnachten-festlich\/#Aufgetischt_Was_jetzt_bei_der_Tischdeko_an_Weihnachten_IN_ist\" >Aufgetischt: Was jetzt bei der Tischdeko an Weihnachten IN ist<\/a><ul class='ez-toc-list-level-3' ><li class='ez-toc-heading-level-3'><a class=\"ez-toc-link ez-toc-heading-3\" href=\"https:\/\/raum-blick.de\/magazin\/tischdeko-weihnachten-festlich\/#1_Tischdeko-Liebling_fuer_Weihnachten_side_by_side_Keksschale\" >1. Tischdeko-Liebling f\u00fcr Weihnachten: side by side Keksschale<\/a><\/li><li class='ez-toc-page-1 ez-toc-heading-level-3'><a class=\"ez-toc-link ez-toc-heading-4\" href=\"https:\/\/raum-blick.de\/magazin\/tischdeko-weihnachten-festlich\/#2_Liebling_fuer_den_Weihnachts-Tisch_SPIN_Tischfeuer_von_hoefats\" >2. Liebling f\u00fcr den Weihnachts-Tisch: SPIN Tischfeuer von h\u00f6fats<\/a><\/li><li class='ez-toc-page-1 ez-toc-heading-level-3'><a class=\"ez-toc-link ez-toc-heading-5\" href=\"https:\/\/raum-blick.de\/magazin\/tischdeko-weihnachten-festlich\/#3_Tischdeko-Liebling_fuer_Weihnachten_ferm_LIVING_Leinenservietten\" >3. Tischdeko-Liebling f\u00fcr Weihnachten: ferm LIVING Leinenservietten<\/a><\/li><li class='ez-toc-page-1 ez-toc-heading-level-3'><a class=\"ez-toc-link ez-toc-heading-6\" href=\"https:\/\/raum-blick.de\/magazin\/tischdeko-weihnachten-festlich\/#4_Liebling_fuer_den_Weihnachts-Tisch_Besteck_BERNADOTTE_von_Georg_Jensen\" >4. Liebling f\u00fcr den Weihnachts-Tisch: Besteck BERNADOTTE von Georg Jensen<\/a><\/li><li class='ez-toc-page-1 ez-toc-heading-level-3'><a class=\"ez-toc-link ez-toc-heading-7\" href=\"https:\/\/raum-blick.de\/magazin\/tischdeko-weihnachten-festlich\/#5_Tischdeko-Liebling_fuer_Weihnachten_Mix_Match_Teller_von_Raeder_Design\" >5. Tischdeko-Liebling f\u00fcr Weihnachten: Mix &amp; Match Teller von R\u00e4der Design<\/a><\/li><\/ul><\/li><\/ul><\/nav><\/div>\n\n\n\n\n<h3 class=\"wp-block-heading\"><span class=\"ez-toc-section\" id=\"1_Tischdeko-Liebling_fuer_Weihnachten_side_by_side_Keksschale\"><\/span>1. <mark>Tischdeko<\/mark>-Liebling f\u00fcr <mark>Weihnachten<\/mark>: <a href=\"https:\/\/www.raum-blick.de\/side-by-side\/\">side by side Keksschale<\/a><span class=\"ez-toc-section-end\"><\/span><\/h3>\n\n\n\n<p>Design mit sozialem Anspruch: gefertigt in Werkst\u00e4tten f\u00fcr Menschen mit Behinderung. Formsch\u00f6n, h\u00fcbsch anzuschauen und einfach praktisch. Der kleine Engel, der \u00fcber eine Nut in das Holzbrettchen eingesteckt wird, bringt  leckere Pl\u00e4tzchen, Pralinen oder andere S\u00fc\u00dfigkeiten \u2013 nicht nur zur Weihnachtszeit. Und den Ausstecher und das passende Rezept f\u00fcr die Sterne bringt er auch gleich mit. F\u00fcr die Porzellanschale hat das im Brettchen \u00fcbrigens extra eine Vertiefung, sodass sie immer an ihrem Platz bleibt. <\/p>\n\n\n\n<figure class=\"wp-block-image aligncenter size-full is-resized\"><img loading=\"lazy\" decoding=\"async\" src=\"https:\/\/www.raum-blick.de\/magazin\/wp-content\/uploads\/2023\/12\/side-by-side-Keksschale-Engel_200x200@2x.jpg\" alt=\"Tischdeko Weihnachten 1: Kekschale von side by side\" class=\"wp-image-19082\" width=\"606\" height=\"606\" title=\"\" srcset=\"https:\/\/raum-blick.de\/magazin\/wp-content\/uploads\/2023\/12\/side-by-side-Keksschale-Engel_200x200@2x.jpg 400w, https:\/\/raum-blick.de\/magazin\/wp-content\/uploads\/2023\/12\/side-by-side-Keksschale-Engel_200x200@2x-300x300.jpg 300w, https:\/\/raum-blick.de\/magazin\/wp-content\/uploads\/2023\/12\/side-by-side-Keksschale-Engel_200x200@2x-150x150.jpg 150w\" sizes=\"(max-width: 606px) 100vw, 606px\" \/><figcaption class=\"wp-element-caption\">Diese Kekssschale ist nur eines von vielen funktionalen Objekten, denen die Designerin Jette Scheib eine neue Dimension verleiht. Porzellan, Spitzahorn, Erle und lackiertes MDF gehen hier eine wunderbare Liaison ein. Und Gutes tun Sie damit auch, denn die h\u00fcbsche Schale kommt aus einer sozialen Werkstatt. <\/figcaption><\/figure>\n\n\n\n<h3 class=\"wp-block-heading\"><span class=\"ez-toc-section\" id=\"2_Liebling_fuer_den_Weihnachts-Tisch_SPIN_Tischfeuer_von_hoefats\"><\/span>2. Liebling f\u00fcr <mark>den Weihnachts-Tisch<\/mark>: <a href=\"https:\/\/www.raum-blick.de\/hoefats\/\">SPIN Tischfeuer von h\u00f6fats<\/a><span class=\"ez-toc-section-end\"><\/span><\/h3>\n\n\n\n<p>Was w\u00e4re Weihnachten ohne den warmen Schein von Kerzen. Dieses Tischfeuer mit dem rotierenden Flammenwirbel verspr\u00fcht all die Gem\u00fctlichkeit und W\u00e4rme, die wir mit dieser magischen Zeit zum Ende des Jahres verbinden. Ein charmanter Hingucker ist es zudem. Und keine Sorge, SPIN brennt sauber, geruchsneutral und rauchfrei. Daf\u00fcr sorgt das 100 % biologische Bioethanol, das Sie am besten gleich mit bestellen. Von innen und au\u00dfen warm wird es einem auch, denn von der ersten Minute an verbreitet SPIN eine angenehme Temperatur, die deutlich \u00fcber die W\u00e4rme herk\u00f6mmlicher Kerzen und Teelichter hinausgeht. Au\u00dferdem steigt die Luftfeuchtigkeit, was den Gem\u00fctlichkeitsfaktor potenziert. <\/p>\n\n\n\n<div class=\"wp-block-media-text alignwide is-stacked-on-mobile\"><figure class=\"wp-block-media-text__media\"><img loading=\"lazy\" decoding=\"async\" width=\"344\" height=\"400\" src=\"https:\/\/www.raum-blick.de\/magazin\/wp-content\/uploads\/2023\/12\/hoefats-spin120-silver2_54387_200x200@2x.jpg\" alt=\"Tischdeko Weihnachten 2: SPIN Tischfeuer von h\u00f6fats\" class=\"wp-image-19088 size-full\" title=\"\" srcset=\"https:\/\/raum-blick.de\/magazin\/wp-content\/uploads\/2023\/12\/hoefats-spin120-silver2_54387_200x200@2x.jpg 344w, https:\/\/raum-blick.de\/magazin\/wp-content\/uploads\/2023\/12\/hoefats-spin120-silver2_54387_200x200@2x-258x300.jpg 258w\" sizes=\"(max-width: 344px) 100vw, 344px\" \/><\/figure><div class=\"wp-block-media-text__content\">\n<figure class=\"wp-block-image aligncenter size-full\"><img loading=\"lazy\" decoding=\"async\" width=\"400\" height=\"400\" src=\"https:\/\/www.raum-blick.de\/magazin\/wp-content\/uploads\/2023\/12\/hoefats-spin-71hPSOePW9Kfbg_200x200@2x.jpg\" alt=\"\" class=\"wp-image-19089\" title=\"\" srcset=\"https:\/\/raum-blick.de\/magazin\/wp-content\/uploads\/2023\/12\/hoefats-spin-71hPSOePW9Kfbg_200x200@2x.jpg 400w, https:\/\/raum-blick.de\/magazin\/wp-content\/uploads\/2023\/12\/hoefats-spin-71hPSOePW9Kfbg_200x200@2x-300x300.jpg 300w, https:\/\/raum-blick.de\/magazin\/wp-content\/uploads\/2023\/12\/hoefats-spin-71hPSOePW9Kfbg_200x200@2x-150x150.jpg 150w\" sizes=\"(max-width: 400px) 100vw, 400px\" \/><figcaption class=\"wp-element-caption\">Das SPIN Tischfeuer schafft wohlige Momente \u2013 drinnen und drau\u00dfen. Der Wohlf\u00fchleffekt eines Lagerfeuers, eingefangen in einem dekorativen Glaszylinder. Ein einmaliges Flammenspiel, das den (Weihnachts-)Abend so richtig heimelig macht.<\/figcaption><\/figure>\n<\/div><\/div>\n\n\n\n<h3 class=\"wp-block-heading\"><span class=\"ez-toc-section\" id=\"3_Tischdeko-Liebling_fuer_Weihnachten_ferm_LIVING_Leinenservietten\"><\/span>3. <mark>Tischdeko<\/mark>-Liebling f\u00fcr <mark>Weihnachten<\/mark>: <a href=\"https:\/\/www.raum-blick.de\/ferm-living-textil\/\">ferm LIVING Leinenservietten<\/a><span class=\"ez-toc-section-end\"><\/span><\/h3>\n\n\n\n<p>Quadratisch, nat\u00fcrlich und einfach sch\u00f6n! Es hat schon was, wenn auf dem Tisch keine profanen Papier-Servietten liegen, sondern haptisch und optisch stilvolle aus gewaschenem Leinen, die  wunderbar mit einer von der Natur inspirierten Tischdeko harmonieren. Die pflegeleichten Servietten von ferm LIVING kommen im praktischen 2er-Set daher, sind bei 40\u00b0 waschbar und f\u00fchlen sich in stylishen Serviettenringen und mit den passenden Tischsets so richtig wohl. Ein Blickfang nicht nur f\u00fcr die Weihnachtstafel!<\/p>\n\n\n\n<div class=\"wp-block-media-text alignwide has-media-on-the-right is-stacked-on-mobile\"><div class=\"wp-block-media-text__content\">\n<figure class=\"wp-block-image size-full\"><img loading=\"lazy\" decoding=\"async\" width=\"400\" height=\"400\" src=\"https:\/\/www.raum-blick.de\/magazin\/wp-content\/uploads\/2023\/12\/ferm-living-flow-serviettenringe-100389501-2_200x200@2x.jpg\" alt=\"\" class=\"wp-image-19093\" title=\"\" srcset=\"https:\/\/raum-blick.de\/magazin\/wp-content\/uploads\/2023\/12\/ferm-living-flow-serviettenringe-100389501-2_200x200@2x.jpg 400w, https:\/\/raum-blick.de\/magazin\/wp-content\/uploads\/2023\/12\/ferm-living-flow-serviettenringe-100389501-2_200x200@2x-300x300.jpg 300w, https:\/\/raum-blick.de\/magazin\/wp-content\/uploads\/2023\/12\/ferm-living-flow-serviettenringe-100389501-2_200x200@2x-150x150.jpg 150w\" sizes=\"(max-width: 400px) 100vw, 400px\" \/><figcaption class=\"wp-element-caption\">Die Leinen-Servietten von ferm LIVING sind schlicht, unaufdringlich und perfekt f\u00fcr jeden gedeckten Tisch. Besonders sch\u00f6n mit den Flow Serviettenringen und in jedem Fall umweltfreundlicher als Papier-Servietten.<\/figcaption><\/figure>\n<\/div><figure class=\"wp-block-media-text__media\"><img loading=\"lazy\" decoding=\"async\" width=\"400\" height=\"400\" src=\"https:\/\/www.raum-blick.de\/magazin\/wp-content\/uploads\/2023\/12\/ferm-living-leinen-servietten-esstisch_60246_200x200@2x.jpg\" alt=\"Tischdeko Weihnachten 3: Leinen-Servietten von ferm LIVING\" class=\"wp-image-19092 size-full\" title=\"\" srcset=\"https:\/\/raum-blick.de\/magazin\/wp-content\/uploads\/2023\/12\/ferm-living-leinen-servietten-esstisch_60246_200x200@2x.jpg 400w, https:\/\/raum-blick.de\/magazin\/wp-content\/uploads\/2023\/12\/ferm-living-leinen-servietten-esstisch_60246_200x200@2x-300x300.jpg 300w, https:\/\/raum-blick.de\/magazin\/wp-content\/uploads\/2023\/12\/ferm-living-leinen-servietten-esstisch_60246_200x200@2x-150x150.jpg 150w\" sizes=\"(max-width: 400px) 100vw, 400px\" \/><\/figure><\/div>\n\n\n\n<h3 class=\"wp-block-heading\"><span class=\"ez-toc-section\" id=\"4_Liebling_fuer_den_Weihnachts-Tisch_Besteck_BERNADOTTE_von_Georg_Jensen\"><\/span>4. Liebling f\u00fcr den <mark>Weihnacht<\/mark>s-Tisch: <a href=\"https:\/\/www.raum-blick.de\/georg-jensen\/\">Besteck BERNADOTTE von Georg Jensen<\/a><span class=\"ez-toc-section-end\"><\/span><\/h3>\n\n\n\n<p>Dieses 24-teilige Besteck-Set ist etwas ganz Besonderes. Nicht nur, dass es ein echter Prinz designt hat, es existiert in dieser Form bereits seit 1939 und hat schon viele Generationen begeistert. Ein Klassiker des d\u00e4nischen Labels Georg Jensen. Lange Rillen, ein abgerundeter Griff und hochglanzpolierter Edelstahl sorgen f\u00fcr Glamour am Tisch und machen jeden Bissen zu einem stilvollen Erlebnis. Ganz so, wie es die Intention seines Sch\u00f6pfers, Prinz Sigvard Bernadotte, gewesen ist, dessen Name in diesem Besteck-Set weiterlebt.  <\/p>\n\n\n\n<div class=\"wp-block-media-text alignwide is-stacked-on-mobile\"><figure class=\"wp-block-media-text__media\"><img loading=\"lazy\" decoding=\"async\" width=\"400\" height=\"400\" src=\"https:\/\/www.raum-blick.de\/magazin\/wp-content\/uploads\/2023\/12\/georg-jensen-bernadotte-dinner-teller-glaeser-weihnachtsdeko_73551_200x200@2x.jpg\" alt=\"Tischdeko Weihnachten 4: Besteck-Set Bernadotte von Georg Jensen\" class=\"wp-image-19096 size-full\" title=\"\" srcset=\"https:\/\/raum-blick.de\/magazin\/wp-content\/uploads\/2023\/12\/georg-jensen-bernadotte-dinner-teller-glaeser-weihnachtsdeko_73551_200x200@2x.jpg 400w, https:\/\/raum-blick.de\/magazin\/wp-content\/uploads\/2023\/12\/georg-jensen-bernadotte-dinner-teller-glaeser-weihnachtsdeko_73551_200x200@2x-300x300.jpg 300w, https:\/\/raum-blick.de\/magazin\/wp-content\/uploads\/2023\/12\/georg-jensen-bernadotte-dinner-teller-glaeser-weihnachtsdeko_73551_200x200@2x-150x150.jpg 150w\" sizes=\"(max-width: 400px) 100vw, 400px\" \/><\/figure><div class=\"wp-block-media-text__content\">\n<figure class=\"wp-block-image size-full is-resized\"><img loading=\"lazy\" decoding=\"async\" src=\"https:\/\/www.raum-blick.de\/magazin\/wp-content\/uploads\/2023\/12\/georg-jensen-bernadotte-24teilig-3609524_200x200@2x.jpg\" alt=\"\" class=\"wp-image-19097\" width=\"353\" height=\"353\" title=\"\" srcset=\"https:\/\/raum-blick.de\/magazin\/wp-content\/uploads\/2023\/12\/georg-jensen-bernadotte-24teilig-3609524_200x200@2x.jpg 400w, https:\/\/raum-blick.de\/magazin\/wp-content\/uploads\/2023\/12\/georg-jensen-bernadotte-24teilig-3609524_200x200@2x-300x300.jpg 300w, https:\/\/raum-blick.de\/magazin\/wp-content\/uploads\/2023\/12\/georg-jensen-bernadotte-24teilig-3609524_200x200@2x-150x150.jpg 150w\" sizes=\"(max-width: 353px) 100vw, 353px\" \/><figcaption class=\"wp-element-caption\">Elegant, edel und funktional. Mit dem Besteck BERNADOTTE hat Prinz Sigvard von Bernadotte einen zeitlosen Klassiker entworfen, der nat\u00fcrlich auch in die Sp\u00fclmaschine kann.<\/figcaption><\/figure>\n<\/div><\/div>\n\n\n\n<h3 class=\"wp-block-heading\"><span class=\"ez-toc-section\" id=\"5_Tischdeko-Liebling_fuer_Weihnachten_Mix_Match_Teller_von_Raeder_Design\"><\/span>5. Tischdeko-Liebling f\u00fcr Weihnachten: <a href=\"https:\/\/www.raum-blick.de\/raeder-design\/\">Mix &amp; Match Teller von R\u00e4der Design<\/a><span class=\"ez-toc-section-end\"><\/span><\/h3>\n\n\n\n<p>Die gr\u00fcnen Ranken haben es uns besonders angetan. Erstens, weil sie mit dieser klassischen Weihnachts-Farbe nat\u00fcrlich wunderbar zu den Festtagen passen und zweitens schon einen kleinen Hauch Fr\u00fchling verspr\u00fchen. Schlie\u00dflich werden die Tage jetzt langsam wieder l\u00e4nger. Und drittens essen wir bei diesem herrlichen Anblick doch gleich noch mal so gerne und sp\u00fclen das feine Porzellan auch gerne von Hand. Wie der Name schon sagt, k\u00f6nnen Sie die diversen Dessins nat\u00fcrlich auch nach Herzenslust miteinander mischen. Daf\u00fcr sind sie gemacht. So haben Sie nicht nur Vielfalt auf dem Teller, sondern auch auf dem Tisch. <\/p>\n\n\n\n<div class=\"wp-block-media-text alignwide has-media-on-the-right is-stacked-on-mobile\"><div class=\"wp-block-media-text__content\">\n<figure class=\"wp-block-image size-full\"><img loading=\"lazy\" decoding=\"async\" width=\"400\" height=\"400\" src=\"https:\/\/www.raum-blick.de\/magazin\/wp-content\/uploads\/2023\/12\/ranken-gr-un-mittel-mix-raeder-design-mix-match-teller_200x200@2x.jpg\" alt=\"\" class=\"wp-image-19102\" title=\"\" srcset=\"https:\/\/raum-blick.de\/magazin\/wp-content\/uploads\/2023\/12\/ranken-gr-un-mittel-mix-raeder-design-mix-match-teller_200x200@2x.jpg 400w, https:\/\/raum-blick.de\/magazin\/wp-content\/uploads\/2023\/12\/ranken-gr-un-mittel-mix-raeder-design-mix-match-teller_200x200@2x-300x300.jpg 300w, https:\/\/raum-blick.de\/magazin\/wp-content\/uploads\/2023\/12\/ranken-gr-un-mittel-mix-raeder-design-mix-match-teller_200x200@2x-150x150.jpg 150w\" sizes=\"(max-width: 400px) 100vw, 400px\" \/><figcaption class=\"wp-element-caption\">F\u00fcr diesen wunderh\u00fcbschen Porzellanteller gab es 2020 den German Design Award. Zurecht, denn er ist einfach unfassbar sch\u00f6n und macht das Essen zum Erlebnis.<\/figcaption><\/figure>\n<\/div><figure class=\"wp-block-media-text__media\"><img loading=\"lazy\" decoding=\"async\" width=\"400\" height=\"400\" src=\"https:\/\/www.raum-blick.de\/magazin\/wp-content\/uploads\/2023\/12\/mix-and-match-raeder-design-ranken-aquarell_200x200@2x.jpg\" alt=\"Tischdeko Weihnachten 5: Mix &amp; Match Teller von R\u00e4der Design\" class=\"wp-image-19101 size-full\" title=\"\" srcset=\"https:\/\/raum-blick.de\/magazin\/wp-content\/uploads\/2023\/12\/mix-and-match-raeder-design-ranken-aquarell_200x200@2x.jpg 400w, https:\/\/raum-blick.de\/magazin\/wp-content\/uploads\/2023\/12\/mix-and-match-raeder-design-ranken-aquarell_200x200@2x-300x300.jpg 300w, https:\/\/raum-blick.de\/magazin\/wp-content\/uploads\/2023\/12\/mix-and-match-raeder-design-ranken-aquarell_200x200@2x-150x150.jpg 150w\" sizes=\"(max-width: 400px) 100vw, 400px\" \/><\/figure><\/div>\n\n\n\n<p>Das sind Sie also, unsere 5 liebsten Tisch-Begleiter. Dabei fiel uns die Auswahl alles andere als leicht, denn nat\u00fcrlich finden Sie in unserem Shop noch viel, viel mehr edle, funktionale und praktische Tischdeko-Ideen und das nicht nur f\u00fcr die Weihnachtszeit. Also gehen Sie ruhig noch mal auf Entdeckungsreise so kurz vor dem Fest. Wir w\u00fcnschen Ihnen jetzt erst einmal entspannte Feiertage!<\/p>\n","protected":false},"excerpt":{"rendered":"<p>\u00ab So ist auch die Tafel stilvoll geschm\u00fcckt \u00bb Die Frage \u201eWas kommt auf den Tisch?&#8220; ist an Weihnachten nicht nur f\u00fcrs Essen h\u00f6chst relevant, denn mit der entsprechenden Tischdeko schmeckt das Auf-dem-Teller gleich noch mal so gut. Und weil es uns da genauso geht wie Ihnen, haben wir hier unsere 5 liebsten Shop-Deko-Hightlights f\u00fcr [&hellip;]<\/p>\n","protected":false},"author":4,"featured_media":19092,"comment_status":"closed","ping_status":"open","sticky":false,"template":"","format":"standard","meta":{"_et_pb_use_builder":"","_et_pb_old_content":"","_et_gb_content_width":"","inline_featured_image":false,"footnotes":""},"categories":[7,1],"tags":[1282,217,206,341,571,986,1733,2169,1001,985,651,2167,2168,444,215,737,1225],"class_list":["post-19072","post","type-post","status-publish","format-standard","has-post-thumbnail","hentry","category-accessoires-lifestyle","category-drinnen","tag-bernadotte-besteckset","tag-besteck","tag-ferm-living","tag-georg-jensen","tag-hoefats","tag-keksschale","tag-leinenservietten","tag-porzellanteller","tag-raeder","tag-raeder-design","tag-serviettenringe","tag-side-by-side-2","tag-stoffservietten","tag-teller","tag-tischdeko","tag-tischdekoration","tag-tischfeuer"],"_links":{"self":[{"href":"https:\/\/raum-blick.de\/magazin\/wp-json\/wp\/v2\/posts\/19072","targetHints":{"allow":["GET"]}}],"collection":[{"href":"https:\/\/raum-blick.de\/magazin\/wp-json\/wp\/v2\/posts"}],"about":[{"href":"https:\/\/raum-blick.de\/magazin\/wp-json\/wp\/v2\/types\/post"}],"author":[{"embeddable":true,"href":"https:\/\/raum-blick.de\/magazin\/wp-json\/wp\/v2\/users\/4"}],"replies":[{"embeddable":true,"href":"https:\/\/raum-blick.de\/magazin\/wp-json\/wp\/v2\/comments?post=19072"}],"version-history":[{"count":23,"href":"https:\/\/raum-blick.de\/magazin\/wp-json\/wp\/v2\/posts\/19072\/revisions"}],"predecessor-version":[{"id":19300,"href":"https:\/\/raum-blick.de\/magazin\/wp-json\/wp\/v2\/posts\/19072\/revisions\/19300"}],"wp:featuredmedia":[{"embeddable":true,"href":"https:\/\/raum-blick.de\/magazin\/wp-json\/wp\/v2\/media\/19092"}],"wp:attachment":[{"href":"https:\/\/raum-blick.de\/magazin\/wp-json\/wp\/v2\/media?parent=19072"}],"wp:term":[{"taxonomy":"category","embeddable":true,"href":"https:\/\/raum-blick.de\/magazin\/wp-json\/wp\/v2\/categories?post=19072"},{"taxonomy":"post_tag","embeddable":true,"href":"https:\/\/raum-blick.de\/magazin\/wp-json\/wp\/v2\/tags?post=19072"}],"curies":[{"name":"wp","href":"https:\/\/api.w.org\/{rel}","templated":true}]}}